{"id":47812,"date":"2025-03-31T01:47:00","date_gmt":"2025-03-31T05:47:00","guid":{"rendered":"https:\/\/richeskarayib.com\/?p=47812"},"modified":"2025-03-31T11:31:17","modified_gmt":"2025-03-31T15:31:17","slug":"caraibe-economie-orange-developpement-culturel-economique-creatif","status":"publish","type":"post","link":"https:\/\/richeskarayib.com\/fr\/caraibe-economie-orange-developpement-culturel-economique-creatif\/","title":{"rendered":"Cara\u00efbe &#8211; \u00c9conomie orange : une nouvelle voie pour le d\u00e9veloppement culturel, \u00e9conomique et cr\u00e9atif"},"content":{"rendered":"\t\t<div data-elementor-type=\"wp-post\" data-elementor-id=\"47812\" class=\"elementor elementor-47812\" data-elementor-post-type=\"post\">\n\t\t\t\t\t\t<section class=\"elementor-section elementor-top-section elementor-element elementor-element-0776f58 elementor-section-boxed elementor-section-height-default elementor-section-height-default\" data-id=\"0776f58\" data-element_type=\"section\">\n\t\t\t\t\t\t<div class=\"elementor-container elementor-column-gap-default\">\n\t\t\t\t\t<div class=\"elementor-column elementor-col-100 elementor-top-column elementor-element elementor-element-1b3db7e\" data-id=\"1b3db7e\" data-element_type=\"column\">\n\t\t\t<div class=\"elementor-widget-wrap elementor-element-populated\">\n\t\t\t\t\t\t<div class=\"elementor-element elementor-element-c3960f6 elementor-widget elementor-widget-text-editor\" data-id=\"c3960f6\" data-element_type=\"widget\" data-widget_type=\"text-editor.default\">\n\t\t\t\t<div class=\"elementor-widget-container\">\n\t\t\t\t\t\t\t\t\t<p>L&#8217;\u00e9conomie orange, fond\u00e9e sur la cr\u00e9ativit\u00e9, l\u2019innovation et les savoirs culturels, s\u2019impose aujourd\u2019hui comme un levier de d\u00e9veloppement strat\u00e9gique dans la Cara\u00efbe.<\/p><p>Mais comment se traduit-elle concr\u00e8tement dans nos territoires ?<\/p>\t\t\t\t\t\t\t\t<\/div>\n\t\t\t\t<\/div>\n\t\t\t\t<div class=\"elementor-element elementor-element-5a6082c elementor-widget elementor-widget-text-editor\" data-id=\"5a6082c\" data-element_type=\"widget\" data-widget_type=\"text-editor.default\">\n\t\t\t\t<div class=\"elementor-widget-container\">\n\t\t\t\t\t\t\t\t\t<p class=\"\" data-start=\"240\" data-end=\"609\">Dans une <strong>r\u00e9gion riche en patrimoines vivants, en expressions artistiques et en dynamiques communautaires,<\/strong> elle ouvre la voie \u00e0 de nouveaux mod\u00e8les \u00e9conomiques durables, port\u00e9s par les talents locaux.<\/p><p class=\"\" data-start=\"611\" data-end=\"1014\">Parmi les d\u00e9clinaisons les plus prometteuses figure le tourisme cr\u00e9atif \u2014 ou tourisme orange \u2014 qui combine <strong>immersion culturelle, valorisation des savoir-faire et participation active des visiteurs<\/strong>. \u00c0 l\u2019heure o\u00f9 les attentes des voyageurs \u00e9voluent, ce type de tourisme propose une alternative plus authentique et plus inclusive, en phase avec les transitions \u00e9cologiques, sociales et num\u00e9riques en cours.<\/p>\t\t\t\t\t\t\t\t<\/div>\n\t\t\t\t<\/div>\n\t\t\t\t\t<\/div>\n\t\t<\/div>\n\t\t\t\t\t<\/div>\n\t\t<\/section>\n\t\t\t\t<section class=\"elementor-section elementor-top-section elementor-element elementor-element-1e52063 elementor-section-boxed elementor-section-height-default elementor-section-height-default\" data-id=\"1e52063\" data-element_type=\"section\">\n\t\t\t\t\t\t<div class=\"elementor-container elementor-column-gap-default\">\n\t\t\t\t\t<div class=\"elementor-column elementor-col-100 elementor-top-column elementor-element elementor-element-2465457\" data-id=\"2465457\" data-element_type=\"column\">\n\t\t\t<div class=\"elementor-widget-wrap elementor-element-populated\">\n\t\t\t\t\t\t<div class=\"elementor-element elementor-element-2745f7f elementor-widget elementor-widget-heading\" data-id=\"2745f7f\" data-element_type=\"widget\" data-widget_type=\"heading.default\">\n\t\t\t\t<div class=\"elementor-widget-container\">\n\t\t\t\t\t<h2 class=\"elementor-heading-title elementor-size-default\">Du tourisme de masse au voyage durable et cr\u00e9atif<\/h2>\t\t\t\t<\/div>\n\t\t\t\t<\/div>\n\t\t\t\t<div class=\"elementor-element elementor-element-61ff885 elementor-widget elementor-widget-text-editor\" data-id=\"61ff885\" data-element_type=\"widget\" data-widget_type=\"text-editor.default\">\n\t\t\t\t<div class=\"elementor-widget-container\">\n\t\t\t\t\t\t\t\t\t<p class=\"\" data-start=\"1027\" data-end=\"1593\">L\u2019\u00e9volution du tourisme est \u00e9troitement li\u00e9e aux transformations \u00e9conomiques mondiales et aux avanc\u00e9es technologiques. D\u00e8s les ann\u00e9es 1950, l\u2019\u00e9largissement de la classe moyenne et l\u2019augmentation du revenu disponible ont entra\u00een\u00e9 une explosion des voyages internationaux \u2014 passant de 25 millions de touristes dans les ann\u00e9es 1950 \u00e0 1,5 milliard en 2019. Mais cette croissance a r\u00e9v\u00e9l\u00e9 une fragilit\u00e9 : le tourisme est extr\u00eamement sensible aux crises \u00e9conomiques. En 2008, par exemple, les premi\u00e8res coupes budg\u00e9taires op\u00e9r\u00e9es par les m\u00e9nages ont concern\u00e9 les vacances.<\/p>\t\t\t\t\t\t\t\t<\/div>\n\t\t\t\t<\/div>\n\t\t\t\t<div class=\"elementor-element elementor-element-5c59911 elementor-widget elementor-widget-text-editor\" data-id=\"5c59911\" data-element_type=\"widget\" data-widget_type=\"text-editor.default\">\n\t\t\t\t<div class=\"elementor-widget-container\">\n\t\t\t\t\t\t\t\t\t<p class=\"\" data-start=\"1595\" data-end=\"2091\">Ce mod\u00e8le de tourisme de masse a progressivement laiss\u00e9 place \u00e0 des formes alternatives, plus responsables et durables, port\u00e9es par un nouveau type de voyageur : le touriste conscient. Ces voyageurs recherchent bien plus que du divertissement : ils aspirent \u00e0 des exp\u00e9riences authentiques, \u00e0 une immersion culturelle et \u00e0 un respect de l\u2019environnement. C\u2019est dans ce contexte qu\u2019ont \u00e9merg\u00e9 l\u2019<a href=\"https:\/\/journals.openedition.org\/etudescaribeennes\/3383?lang=es#:~:text=L&#039;%C3%A9cotourisme%20permet%20de%20prendre,des%20for%C3%AAts%2C%20des%20cultures%20carib%C3%A9ennes.\" target=\"_blank\" rel=\"noopener nofollow\">\u00e9cotourisme<\/a>, le <a href=\"https:\/\/journals.openedition.org\/teoros\/2829?lang=fr\" target=\"_blank\" rel=\"noopener nofollow\">tourisme rural<\/a>, le tourisme communautaire, ou encore les voyages \u00e9ducatifs et religieux.<\/p>\t\t\t\t\t\t\t\t<\/div>\n\t\t\t\t<\/div>\n\t\t\t\t<div class=\"elementor-element elementor-element-2072136 elementor-widget elementor-widget-image\" data-id=\"2072136\" data-element_type=\"widget\" data-widget_type=\"image.default\">\n\t\t\t\t<div class=\"elementor-widget-container\">\n\t\t\t\t\t\t\t\t\t\t\t\t\t\t\t<img fetchpriority=\"high\" decoding=\"async\" width=\"800\" height=\"800\" src=\"https:\/\/richeskarayib.com\/wp-content\/uploads\/2025\/03\/ChatGPT-Image-31-mars-2025-01_32_36.png\" class=\"attachment-large size-large wp-image-47817\" alt=\"\u00e9conomie orange\" srcset=\"https:\/\/richeskarayib.com\/wp-content\/uploads\/2025\/03\/ChatGPT-Image-31-mars-2025-01_32_36.png 1024w, https:\/\/richeskarayib.com\/wp-content\/uploads\/2025\/03\/ChatGPT-Image-31-mars-2025-01_32_36-300x300.png 300w, https:\/\/richeskarayib.com\/wp-content\/uploads\/2025\/03\/ChatGPT-Image-31-mars-2025-01_32_36-150x150.png 150w, https:\/\/richeskarayib.com\/wp-content\/uploads\/2025\/03\/ChatGPT-Image-31-mars-2025-01_32_36-768x768.png 768w\" sizes=\"(max-width: 800px) 100vw, 800px\" \/>\t\t\t\t\t\t\t\t\t\t\t\t\t\t\t<\/div>\n\t\t\t\t<\/div>\n\t\t\t\t<div class=\"elementor-element elementor-element-fe8eb14 elementor-widget elementor-widget-text-editor\" data-id=\"fe8eb14\" data-element_type=\"widget\" data-widget_type=\"text-editor.default\">\n\t\t\t\t<div class=\"elementor-widget-container\">\n\t\t\t\t\t\t\t\t\t<p class=\"\" data-start=\"2093\" data-end=\"2489\"><a href=\"https:\/\/richeskarayib.com\/fr\/chukka-caribbean-adventures-riches-karayib\/\" target=\"_blank\" rel=\"noopener\">Le tourisme durable<\/a> repose sur une approche hybride, combinant les initiatives des gouvernements (top-down) et la participation des communaut\u00e9s locales (bottom-up). Il reconna\u00eet que pour \u00eatre viable, le tourisme doit respecter l\u2019environnement, valoriser les cultures, \u00eatre \u00e9conomiquement rentable et socialement juste \u2014 en incluant l\u2019\u00e9galit\u00e9 de genre et la pr\u00e9servation des savoirs traditionnels.<\/p>\t\t\t\t\t\t\t\t<\/div>\n\t\t\t\t<\/div>\n\t\t\t\t\t<\/div>\n\t\t<\/div>\n\t\t\t\t\t<\/div>\n\t\t<\/section>\n\t\t\t\t<section class=\"elementor-section elementor-top-section elementor-element elementor-element-a8efc3e elementor-section-boxed elementor-section-height-default elementor-section-height-default\" data-id=\"a8efc3e\" data-element_type=\"section\">\n\t\t\t\t\t\t<div class=\"elementor-container elementor-column-gap-default\">\n\t\t\t\t\t<div class=\"elementor-column elementor-col-100 elementor-top-column elementor-element elementor-element-b4ed07d\" data-id=\"b4ed07d\" data-element_type=\"column\">\n\t\t\t<div class=\"elementor-widget-wrap elementor-element-populated\">\n\t\t\t\t\t\t<div class=\"elementor-element elementor-element-cc7abba elementor-widget elementor-widget-heading\" data-id=\"cc7abba\" data-element_type=\"widget\" data-widget_type=\"heading.default\">\n\t\t\t\t<div class=\"elementor-widget-container\">\n\t\t\t\t\t<h2 class=\"elementor-heading-title elementor-size-default\">L\u2019\u00e9mergence de l\u2019\u00e9conomie orange et du tourisme cr\u00e9atif<\/h2>\t\t\t\t<\/div>\n\t\t\t\t<\/div>\n\t\t\t\t<div class=\"elementor-element elementor-element-13c2b0d elementor-widget elementor-widget-text-editor\" data-id=\"13c2b0d\" data-element_type=\"widget\" data-widget_type=\"text-editor.default\">\n\t\t\t\t<div class=\"elementor-widget-container\">\n\t\t\t\t\t\t\t\t\t<p>Le terme \u00ab \u00e9conomie orange \u00bb a \u00e9t\u00e9 popularis\u00e9 en 2011 par l\u2019\u00e9crivain britannique John Hawkins. Aussi appel\u00e9e \u00e9conomie cr\u00e9ative ou culturelle, elle englobe les activit\u00e9s \u00e9conomiques fond\u00e9es sur la cr\u00e9ativit\u00e9 et la propri\u00e9t\u00e9 intellectuelle : arts, musique, cin\u00e9ma, design, technologie, publicit\u00e9, etc. Selon l\u2019<a href=\"https:\/\/richeskarayib.com\/fr\/rapport-special-partie-4-2020-2023-les-tresors-culturels-des-caraibes-patrimoine-immateriel-reconnu-par-lunesco\/\" target=\"_blank\" rel=\"noopener\">UNESCO<\/a>, cette \u00e9conomie repr\u00e9sente 3 % du PIB mondial et plus de 30 millions d\u2019emplois \u00e0 l\u2019\u00e9chelle globale.<\/p>\t\t\t\t\t\t\t\t<\/div>\n\t\t\t\t<\/div>\n\t\t\t\t<div class=\"elementor-element elementor-element-7adc008 elementor-widget elementor-widget-text-editor\" data-id=\"7adc008\" data-element_type=\"widget\" data-widget_type=\"text-editor.default\">\n\t\t\t\t<div class=\"elementor-widget-container\">\n\t\t\t\t\t\t\t\t\t<p>Le tourisme orange se situe \u00e0 la jonction de cette \u00e9conomie cr\u00e9ative et du secteur touristique. Contrairement au tourisme classique, il ne se contente pas de consommer la culture : il invite \u00e0 y plonger. Cela passe par des s\u00e9jours dans les communaut\u00e9s locales, la participation \u00e0 des ateliers d\u2019artisanat, des cours de musique traditionnelle, des le\u00e7ons de cuisine ou encore des initiations \u00e0 la voile. Il ne s\u2019agit plus seulement de voir, mais de faire avec les habitants, d\u2019interagir, de partager. Ce type de tourisme favorise l\u2019engagement, les retours fr\u00e9quents, et m\u00eame parfois des formes d\u2019investissement personnel dans les communaut\u00e9s visit\u00e9es.<\/p>\t\t\t\t\t\t\t\t<\/div>\n\t\t\t\t<\/div>\n\t\t\t\t<div class=\"elementor-element elementor-element-74835ff elementor-widget elementor-widget-image\" data-id=\"74835ff\" data-element_type=\"widget\" data-widget_type=\"image.default\">\n\t\t\t\t<div class=\"elementor-widget-container\">\n\t\t\t\t\t\t\t\t\t\t\t\t\t\t\t<img decoding=\"async\" width=\"800\" height=\"534\" src=\"https:\/\/richeskarayib.com\/wp-content\/uploads\/2025\/03\/ChatGPT-Image-31-mars-2025-01_36_36-1024x683.png\" class=\"attachment-large size-large wp-image-47821\" alt=\"\u00e9conomie orange\" srcset=\"https:\/\/richeskarayib.com\/wp-content\/uploads\/2025\/03\/ChatGPT-Image-31-mars-2025-01_36_36-1024x683.png 1024w, https:\/\/richeskarayib.com\/wp-content\/uploads\/2025\/03\/ChatGPT-Image-31-mars-2025-01_36_36-300x200.png 300w, https:\/\/richeskarayib.com\/wp-content\/uploads\/2025\/03\/ChatGPT-Image-31-mars-2025-01_36_36-768x512.png 768w, https:\/\/richeskarayib.com\/wp-content\/uploads\/2025\/03\/ChatGPT-Image-31-mars-2025-01_36_36-1320x880.png 1320w, https:\/\/richeskarayib.com\/wp-content\/uploads\/2025\/03\/ChatGPT-Image-31-mars-2025-01_36_36.png 1536w\" sizes=\"(max-width: 800px) 100vw, 800px\" \/>\t\t\t\t\t\t\t\t\t\t\t\t\t\t\t<\/div>\n\t\t\t\t<\/div>\n\t\t\t\t<div class=\"elementor-element elementor-element-6567c29 elementor-widget elementor-widget-text-editor\" data-id=\"6567c29\" data-element_type=\"widget\" data-widget_type=\"text-editor.default\">\n\t\t\t\t<div class=\"elementor-widget-container\">\n\t\t\t\t\t\t\t\t\t<p>Le tourisme orange ouvre \u00e9galement la voie \u00e0 la cr\u00e9ation d\u2019emplois indirects \u00e0 travers les technologies num\u00e9riques \u2014 d\u00e9veloppement d\u2019applications, plateformes de r\u00e9servation d\u2019activit\u00e9s, ou outils facilitant les d\u00e9marches administratives, la logistique et l\u2019hospitalit\u00e9. L\u2019objectif : transformer les id\u00e9es cr\u00e9atives en opportunit\u00e9s \u00e9conomiques gr\u00e2ce \u00e0 l\u2019innovation culturelle et digitale.<\/p>\t\t\t\t\t\t\t\t<\/div>\n\t\t\t\t<\/div>\n\t\t\t\t\t<\/div>\n\t\t<\/div>\n\t\t\t\t\t<\/div>\n\t\t<\/section>\n\t\t\t\t<section class=\"elementor-section elementor-top-section elementor-element elementor-element-08d8b7f elementor-section-boxed elementor-section-height-default elementor-section-height-default\" data-id=\"08d8b7f\" data-element_type=\"section\">\n\t\t\t\t\t\t<div class=\"elementor-container elementor-column-gap-default\">\n\t\t\t\t\t<div class=\"elementor-column elementor-col-100 elementor-top-column elementor-element elementor-element-5859f36\" data-id=\"5859f36\" data-element_type=\"column\">\n\t\t\t<div class=\"elementor-widget-wrap elementor-element-populated\">\n\t\t\t\t\t\t<div class=\"elementor-element elementor-element-3028ecc elementor-widget elementor-widget-heading\" data-id=\"3028ecc\" data-element_type=\"widget\" data-widget_type=\"heading.default\">\n\t\t\t\t<div class=\"elementor-widget-container\">\n\t\t\t\t\t<h2 class=\"elementor-heading-title elementor-size-default\">\u00c0 quoi pourrait ressembler le tourisme orange dans la Cara\u00efbe ?<\/h2>\t\t\t\t<\/div>\n\t\t\t\t<\/div>\n\t\t\t\t<div class=\"elementor-element elementor-element-b4bbfbb elementor-widget elementor-widget-text-editor\" data-id=\"b4bbfbb\" data-element_type=\"widget\" data-widget_type=\"text-editor.default\">\n\t\t\t\t<div class=\"elementor-widget-container\">\n\t\t\t\t\t\t\t\t\t<p class=\"\" data-start=\"332\" data-end=\"594\">Le tourisme orange dans la Cara\u00efbe pourrait prendre des formes vari\u00e9es, ancr\u00e9es dans les r\u00e9alit\u00e9s culturelles, les savoir-faire locaux et les aspirations cr\u00e9atives des territoires. Plusieurs pistes concr\u00e8tes peuvent \u00eatre explor\u00e9es pour structurer cette offre :<\/p>\t\t\t\t\t\t\t\t<\/div>\n\t\t\t\t<\/div>\n\t\t\t\t<div class=\"elementor-element elementor-element-9ec25de elementor-widget elementor-widget-text-editor\" data-id=\"9ec25de\" data-element_type=\"widget\" data-widget_type=\"text-editor.default\">\n\t\t\t\t<div class=\"elementor-widget-container\">\n\t\t\t\t\t\t\t\t\t<p class=\"\" data-start=\"596\" data-end=\"1800\">\u2013 <strong data-start=\"598\" data-end=\"622\">Le tourisme agricole<\/strong>, par exemple, permettrait aux visiteurs de participer \u00e0 des exp\u00e9riences immersives dans des exploitations locales, notamment en permaculture ou en hydroponie, en d\u00e9couvrant les techniques agricoles carib\u00e9ennes et en prenant part aux r\u00e9coltes.<br data-start=\"865\" data-end=\"868\" \/>\u2013 <strong data-start=\"870\" data-end=\"913\">Les activit\u00e9s nautiques traditionnelles<\/strong>, telles que des le\u00e7ons de voile ou de navigation artisanale, pourraient m\u00ealer transmission de savoirs, aventure et valorisation des patrimoines maritimes.<br data-start=\"1068\" data-end=\"1071\" \/>\u2013 <strong data-start=\"1073\" data-end=\"1100\">Les ateliers de musique<\/strong> offriraient aux visiteurs l\u2019opportunit\u00e9 d\u2019apprendre \u00e0 fabriquer et jouer des instruments traditionnels (tambours, cordophones, percussions), tout en d\u00e9couvrant les racines culturelles des musiques locales.<br data-start=\"1306\" data-end=\"1309\" \/>\u2013 <strong data-start=\"1311\" data-end=\"1326\" data-is-only-node=\"\">L\u2019artisanat<\/strong>, avec des sessions de cr\u00e9ation de poup\u00e9es, bijoux, poteries ou textiles inspir\u00e9s des traditions locales, renforcerait le lien entre cr\u00e9ativit\u00e9, m\u00e9moire collective et \u00e9conomie solidaire.<br data-start=\"1512\" data-end=\"1515\" \/>\u2013 <strong data-start=\"1517\" data-end=\"1535\">La gastronomie<\/strong>, quant \u00e0 elle, constitue une porte d\u2019entr\u00e9e puissante pour explorer l\u2019identit\u00e9 carib\u00e9enne : des ateliers de cuisine centr\u00e9s sur les produits locaux et les recettes ancestrales pourraient renforcer l\u2019attrait de la destination tout en valorisant les circuits courts.<\/p>\t\t\t\t\t\t\t\t<\/div>\n\t\t\t\t<\/div>\n\t\t\t\t<div class=\"elementor-element elementor-element-a5e7b8e elementor-widget elementor-widget-text-editor\" data-id=\"a5e7b8e\" data-element_type=\"widget\" data-widget_type=\"text-editor.default\">\n\t\t\t\t<div class=\"elementor-widget-container\">\n\t\t\t\t\t\t\t\t\t<p class=\"\" data-start=\"1802\" data-end=\"2104\">\u00c0 ces exp\u00e9riences s\u2019ajoutent les opportunit\u00e9s offertes par le num\u00e9rique. Qu\u2019il s\u2019agisse de faciliter l\u2019acc\u00e8s \u00e0 l\u2019information, de valoriser les offres culturelles ou de fluidifier l\u2019exp\u00e9rience du voyageur, les outils digitaux jouent un r\u00f4le croissant dans la transformation du tourisme carib\u00e9en. Le d\u00e9veloppement d\u2019initiatives locales en ce sens pourrait renforcer l\u2019attractivit\u00e9 des territoires tout en soutenant les \u00e9cosyst\u00e8mes cr\u00e9atifs.<\/p>\t\t\t\t\t\t\t\t<\/div>\n\t\t\t\t<\/div>\n\t\t\t\t<div class=\"elementor-element elementor-element-60b73b0 elementor-widget elementor-widget-text-editor\" data-id=\"60b73b0\" data-element_type=\"widget\" data-widget_type=\"text-editor.default\">\n\t\t\t\t<div class=\"elementor-widget-container\">\n\t\t\t\t\t\t\t\t\t<p class=\"\" data-start=\"2106\" data-end=\"2442\">Enfin, des initiatives structurantes comme la cr\u00e9ation de <strong data-start=\"2164\" data-end=\"2182\">mus\u00e9es vivants<\/strong> ou de <strong data-start=\"2189\" data-end=\"2224\">parcours patrimoniaux immersifs<\/strong> pourraient permettre de revivre des moments cl\u00e9s des cultures carib\u00e9ennes \u2014 carnavals, festivals, concours embl\u00e9matiques \u2014 gr\u00e2ce \u00e0 des installations physiques ou virtuelles, m\u00ealant m\u00e9moire, transmission et innovation.<\/p>\t\t\t\t\t\t\t\t<\/div>\n\t\t\t\t<\/div>\n\t\t\t\t<div class=\"elementor-element elementor-element-3a120e8 elementor-widget elementor-widget-image\" data-id=\"3a120e8\" data-element_type=\"widget\" data-widget_type=\"image.default\">\n\t\t\t\t<div class=\"elementor-widget-container\">\n\t\t\t\t\t\t\t\t\t\t\t\t\t\t\t<img decoding=\"async\" width=\"800\" height=\"534\" src=\"https:\/\/richeskarayib.com\/wp-content\/uploads\/2025\/03\/ChatGPT-Image-31-mars-2025-01_41_39-1024x683.png\" class=\"attachment-large size-large wp-image-47825\" alt=\"\u00e9conomie orange\" srcset=\"https:\/\/richeskarayib.com\/wp-content\/uploads\/2025\/03\/ChatGPT-Image-31-mars-2025-01_41_39-1024x683.png 1024w, https:\/\/richeskarayib.com\/wp-content\/uploads\/2025\/03\/ChatGPT-Image-31-mars-2025-01_41_39-300x200.png 300w, https:\/\/richeskarayib.com\/wp-content\/uploads\/2025\/03\/ChatGPT-Image-31-mars-2025-01_41_39-768x512.png 768w, https:\/\/richeskarayib.com\/wp-content\/uploads\/2025\/03\/ChatGPT-Image-31-mars-2025-01_41_39-1320x880.png 1320w, https:\/\/richeskarayib.com\/wp-content\/uploads\/2025\/03\/ChatGPT-Image-31-mars-2025-01_41_39.png 1536w\" sizes=\"(max-width: 800px) 100vw, 800px\" \/>\t\t\t\t\t\t\t\t\t\t\t\t\t\t\t<\/div>\n\t\t\t\t<\/div>\n\t\t\t\t\t<\/div>\n\t\t<\/div>\n\t\t\t\t\t<\/div>\n\t\t<\/section>\n\t\t\t\t<section class=\"elementor-section elementor-top-section elementor-element elementor-element-8d568e7 elementor-section-boxed elementor-section-height-default elementor-section-height-default\" data-id=\"8d568e7\" data-element_type=\"section\">\n\t\t\t\t\t\t<div class=\"elementor-container elementor-column-gap-default\">\n\t\t\t\t\t<div class=\"elementor-column elementor-col-100 elementor-top-column elementor-element elementor-element-816b9df\" data-id=\"816b9df\" data-element_type=\"column\">\n\t\t\t<div class=\"elementor-widget-wrap elementor-element-populated\">\n\t\t\t\t\t\t<div class=\"elementor-element elementor-element-0fc3d20 elementor-widget elementor-widget-heading\" data-id=\"0fc3d20\" data-element_type=\"widget\" data-widget_type=\"heading.default\">\n\t\t\t\t<div class=\"elementor-widget-container\">\n\t\t\t\t\t<h2 class=\"elementor-heading-title elementor-size-default\">Une voie \u00e0 saisir pour les territoires carib\u00e9ens<\/h2>\t\t\t\t<\/div>\n\t\t\t\t<\/div>\n\t\t\t\t<div class=\"elementor-element elementor-element-6e1eebc elementor-widget elementor-widget-text-editor\" data-id=\"6e1eebc\" data-element_type=\"widget\" data-widget_type=\"text-editor.default\">\n\t\t\t\t<div class=\"elementor-widget-container\">\n\t\t\t\t\t\t\t\t\t<p class=\"\" data-start=\"417\" data-end=\"778\">Le <strong>tourisme orange incarne aujourd\u2019hui une voie d\u2019avenir pour les territoires carib\u00e9ens<\/strong>. \u00c0 la crois\u00e9e de la culture, de la cr\u00e9ativit\u00e9 et de l\u2019innovation, il permet de transformer les ressources immat\u00e9rielles \u2014 savoirs, r\u00e9cits, pratiques locales \u2014 en exp\u00e9riences porteuses de sens pour les visiteurs, et en opportunit\u00e9s \u00e9conomiques durables pour les communaut\u00e9s.<\/p>\t\t\t\t\t\t\t\t<\/div>\n\t\t\t\t<\/div>\n\t\t\t\t<div class=\"elementor-element elementor-element-ead366e elementor-widget elementor-widget-text-editor\" data-id=\"ead366e\" data-element_type=\"widget\" data-widget_type=\"text-editor.default\">\n\t\t\t\t<div class=\"elementor-widget-container\">\n\t\t\t\t\t\t\t\t\t<p class=\"\" data-start=\"780\" data-end=\"1202\">Ancr\u00e9 dans l\u2019\u00e9conomie orange, ce <strong>mod\u00e8le touristique ouvre de nouveaux horizons<\/strong> : il valorise les identit\u00e9s culturelles, stimule la cr\u00e9ation d\u2019emplois dans des secteurs non d\u00e9localisables, et renforce la r\u00e9silience des territoires face aux crises globales. Encore faut-il l\u2019accompagner par des politiques publiques adapt\u00e9es, des infrastructures appropri\u00e9es et un soutien actif aux porteurs de projets culturels et cr\u00e9atifs.<\/p><p class=\"\" data-start=\"1204\" data-end=\"1380\"><strong>En misant sur le tourisme orange, la Cara\u00efbe ne se contente pas d\u2019accueillir le monde : elle l\u2019invite \u00e0 entrer en dialogue avec ses territoires, ses peuples et ses imaginaires.<\/strong><\/p>\t\t\t\t\t\t\t\t<\/div>\n\t\t\t\t<\/div>\n\t\t\t\t\t<\/div>\n\t\t<\/div>\n\t\t\t\t\t<\/div>\n\t\t<\/section>\n\t\t\t\t<\/div>\n\t\t","protected":false},"excerpt":{"rendered":"<p>L&#8217;\u00e9conomie orange, fond\u00e9e sur la cr\u00e9ativit\u00e9, l\u2019innovation et les savoirs culturels, s\u2019impose aujourd\u2019hui comme un levier de d\u00e9veloppement strat\u00e9gique dans la Cara\u00efbe. Mais comment se traduit-elle concr\u00e8tement dans nos territoires ? Dans une r\u00e9gion riche en patrimoines vivants, en expressions artistiques et en dynamiques communautaires, elle ouvre la voie \u00e0 de nouveaux mod\u00e8les \u00e9conomiques durables, [&hellip;]<\/p>\n","protected":false},"author":47,"featured_media":47813,"comment_status":"open","ping_status":"open","sticky":false,"template":"","format":"standard","meta":{"_acf_changed":false,"footnotes":""},"categories":[1732],"tags":[1441,1450,1545,808,1599,1696],"class_list":["post-47812","post","type-post","status-publish","format-standard","has-post-thumbnail","hentry","category-tourisme","tag-anguilla-fr","tag-dominique-fr","tag-guadeloupe-2","tag-martinique-fr","tag-sainte-lucie-fr","tag-trinidad-tobago-fr"],"acf":[],"_links":{"self":[{"href":"https:\/\/richeskarayib.com\/fr\/wp-json\/wp\/v2\/posts\/47812","targetHints":{"allow":["GET"]}}],"collection":[{"href":"https:\/\/richeskarayib.com\/fr\/wp-json\/wp\/v2\/posts"}],"about":[{"href":"https:\/\/richeskarayib.com\/fr\/wp-json\/wp\/v2\/types\/post"}],"author":[{"embeddable":true,"href":"https:\/\/richeskarayib.com\/fr\/wp-json\/wp\/v2\/users\/47"}],"replies":[{"embeddable":true,"href":"https:\/\/richeskarayib.com\/fr\/wp-json\/wp\/v2\/comments?post=47812"}],"version-history":[{"count":0,"href":"https:\/\/richeskarayib.com\/fr\/wp-json\/wp\/v2\/posts\/47812\/revisions"}],"wp:featuredmedia":[{"embeddable":true,"href":"https:\/\/richeskarayib.com\/fr\/wp-json\/wp\/v2\/media\/47813"}],"wp:attachment":[{"href":"https:\/\/richeskarayib.com\/fr\/wp-json\/wp\/v2\/media?parent=47812"}],"wp:term":[{"taxonomy":"category","embeddable":true,"href":"https:\/\/richeskarayib.com\/fr\/wp-json\/wp\/v2\/categories?post=47812"},{"taxonomy":"post_tag","embeddable":true,"href":"https:\/\/richeskarayib.com\/fr\/wp-json\/wp\/v2\/tags?post=47812"}],"curies":[{"name":"wp","href":"https:\/\/api.w.org\/{rel}","templated":true}]}}