{"id":47832,"date":"2025-03-29T02:46:48","date_gmt":"2025-03-29T06:46:48","guid":{"rendered":"https:\/\/richeskarayib.com\/?p=47832"},"modified":"2025-03-31T08:04:57","modified_gmt":"2025-03-31T12:04:57","slug":"st-vincent-grenadines-heritage-garifuna-emancipation-autochtone","status":"publish","type":"post","link":"https:\/\/richeskarayib.com\/fr\/st-vincent-grenadines-heritage-garifuna-emancipation-autochtone\/","title":{"rendered":"St Vincent &#038; Grenadines &#8211; Transmettre l\u2019h\u00e9ritage Garifuna : une feuille de route vers l\u2019\u00e9mancipation autochtone \u00e0 l\u2019horizon 2030"},"content":{"rendered":"\t\t<div data-elementor-type=\"wp-post\" data-elementor-id=\"47832\" class=\"elementor elementor-47832\" data-elementor-post-type=\"post\">\n\t\t\t\t\t\t<section class=\"elementor-section elementor-top-section elementor-element elementor-element-5cfd157 elementor-section-boxed elementor-section-height-default elementor-section-height-default\" data-id=\"5cfd157\" data-element_type=\"section\">\n\t\t\t\t\t\t<div class=\"elementor-container elementor-column-gap-default\">\n\t\t\t\t\t<div class=\"elementor-column elementor-col-100 elementor-top-column elementor-element elementor-element-01fcfc2\" data-id=\"01fcfc2\" data-element_type=\"column\">\n\t\t\t<div class=\"elementor-widget-wrap elementor-element-populated\">\n\t\t\t\t\t\t<div class=\"elementor-element elementor-element-fd39473 elementor-widget elementor-widget-text-editor\" data-id=\"fd39473\" data-element_type=\"widget\" data-widget_type=\"text-editor.default\">\n\t\t\t\t<div class=\"elementor-widget-container\">\n\t\t\t\t\t\t\t\t\t<p>Transmettre l\u2019h\u00e9ritage Garifuna \u00e9tait au c\u0153ur de la <a href=\"https:\/\/www.youtube.com\/watch?v=3268A-Y3ejQ&amp;ab_channel=VC3TV\" target=\"_blank\" rel=\"noopener nofollow\">12e Conf\u00e9rence internationale Garifuna<\/a>, organis\u00e9e au campus global de l\u2019Universit\u00e9 des West Indies \u00e0 Saint-Vincent-et-les-Grenadines. Port\u00e9e par la Garifuna Heritage Foundation en partenariat avec l\u2019universit\u00e9, cette \u00e9dition 2025 a r\u00e9uni des leaders culturels, chercheurs, artistes et militants autour d\u2019un th\u00e8me f\u00e9d\u00e9rateur : <em data-start=\"652\" data-end=\"798\">\u00ab Embrasser notre h\u00e9ritage \u2013 Strat\u00e9gies pour construire le pilier Garifuna d\u2019un plan de d\u00e9veloppement des peuples autochtones \u00e0 l\u2019horizon 2030 \u00bb<\/em>. La conf\u00e9rence fut \u00e0 la fois un temps de m\u00e9moire, de transmission, et un appel clair \u00e0 l\u2019action pour assurer la p\u00e9rennit\u00e9 de l\u2019identit\u00e9 Garifuna au-del\u00e0 des fronti\u00e8res et des g\u00e9n\u00e9rations.<\/p>\t\t\t\t\t\t\t\t<\/div>\n\t\t\t\t<\/div>\n\t\t\t\t\t<\/div>\n\t\t<\/div>\n\t\t\t\t\t<\/div>\n\t\t<\/section>\n\t\t\t\t<section class=\"elementor-section elementor-top-section elementor-element elementor-element-c31afbb elementor-section-boxed elementor-section-height-default elementor-section-height-default\" data-id=\"c31afbb\" data-element_type=\"section\">\n\t\t\t\t\t\t<div class=\"elementor-container elementor-column-gap-default\">\n\t\t\t\t\t<div class=\"elementor-column elementor-col-100 elementor-top-column elementor-element elementor-element-fa4b8ad\" data-id=\"fa4b8ad\" data-element_type=\"column\">\n\t\t\t<div class=\"elementor-widget-wrap elementor-element-populated\">\n\t\t\t\t\t\t<div class=\"elementor-element elementor-element-b4bed36 elementor-widget elementor-widget-heading\" data-id=\"b4bed36\" data-element_type=\"widget\" data-widget_type=\"heading.default\">\n\t\t\t\t<div class=\"elementor-widget-container\">\n\t\t\t\t\t<h2 class=\"elementor-heading-title elementor-size-default\">M\u00e9moire vivante : langue, chants et rituels comme actes de r\u00e9sistance<\/h2>\t\t\t\t<\/div>\n\t\t\t\t<\/div>\n\t\t\t\t<div class=\"elementor-element elementor-element-54b3d3c elementor-widget elementor-widget-text-editor\" data-id=\"54b3d3c\" data-element_type=\"widget\" data-widget_type=\"text-editor.default\">\n\t\t\t\t<div class=\"elementor-widget-container\">\n\t\t\t\t\t\t\t\t\t<p class=\"\" data-start=\"1072\" data-end=\"1376\"><a href=\"https:\/\/www.facebook.com\/watch\/live\/?ref=watch_permalink&amp;v=615707551432605\" target=\"_blank\" rel=\"noopener nofollow\">La conf\u00e9rence<\/a> s\u2019est ouverte sur une note hautement symbolique : la r\u00e9citation du Notre P\u00e8re en <a href=\"https:\/\/ich.unesco.org\/fr\/RL\/la-langue-la-danse-et-la-musique-des-garifuna-00001#:~:text=Les%20Garifuna%20sont%20issus%20de,oblig%C3%A9s%20de%20fuir%20Saint%2DVincent.\" target=\"_blank\" rel=\"noopener nofollow\">Garifuna<\/a> par une d\u00e9l\u00e9gation venue sp\u00e9cialement pour l\u2019occasion. Un moment \u00e0 la fois spirituel et linguistique, qui a donn\u00e9 le ton d\u2019un \u00e9v\u00e9nement centr\u00e9 sur les racines culturelles et la reconqu\u00eate identitaire.<\/p>\n<p class=\"\" data-start=\"1378\" data-end=\"1849\">Une des intervenantes, a ensuite pr\u00e9sent\u00e9 un chant traditionnel \u00e9voquant l\u2019exil \u2014 celui du peuple Garifuna arrach\u00e9 \u00e0 Saint-Vincent, mais aussi l\u2019exil dans sa dimension universelle. \u00ab L\u2019exil est l\u2019exil \u00bb, a-t-elle affirm\u00e9, tra\u00e7ant un parall\u00e8le avec la diaspora juive ou d\u2019autres peuples d\u00e9plac\u00e9s. Chant\u00e9 sur un mode mineur, g\u00e9n\u00e9ralement associ\u00e9 \u00e0 la m\u00e9lancolie, ce morceau fut d\u00e9crit comme un puissant outil de transmission orale, porteur d\u2019\u00e9motion et de m\u00e9moire.<\/p>\n<p class=\"\" data-start=\"1851\" data-end=\"2104\">Ici, la musique ne se limite pas \u00e0 l\u2019art : elle est t\u00e9moignage. Elle incarne une m\u00e9moire vivante, une r\u00e9sistance culturelle, un lien entre les g\u00e9n\u00e9rations. \u00c0 travers ses rythmes, ses mots et ses harmonies, elle transmet un r\u00e9cit de survie et de dignit\u00e9.<\/p>\t\t\t\t\t\t\t\t<\/div>\n\t\t\t\t<\/div>\n\t\t\t\t\t<\/div>\n\t\t<\/div>\n\t\t\t\t\t<\/div>\n\t\t<\/section>\n\t\t\t\t<section class=\"elementor-section elementor-top-section elementor-element elementor-element-1fba3ae elementor-section-boxed elementor-section-height-default elementor-section-height-default\" data-id=\"1fba3ae\" data-element_type=\"section\">\n\t\t\t\t\t\t<div class=\"elementor-container elementor-column-gap-default\">\n\t\t\t\t\t<div class=\"elementor-column elementor-col-100 elementor-top-column elementor-element elementor-element-e9e3135\" data-id=\"e9e3135\" data-element_type=\"column\">\n\t\t\t<div class=\"elementor-widget-wrap elementor-element-populated\">\n\t\t\t\t\t\t<div class=\"elementor-element elementor-element-847bd2e elementor-widget elementor-widget-heading\" data-id=\"847bd2e\" data-element_type=\"widget\" data-widget_type=\"heading.default\">\n\t\t\t\t<div class=\"elementor-widget-container\">\n\t\t\t\t\t<h2 class=\"elementor-heading-title elementor-size-default\">Les intervenants<\/h2>\t\t\t\t<\/div>\n\t\t\t\t<\/div>\n\t\t\t\t<div class=\"elementor-element elementor-element-540b445 elementor-widget elementor-widget-gallery\" data-id=\"540b445\" data-element_type=\"widget\" data-settings=\"{&quot;lazyload&quot;:&quot;yes&quot;,&quot;gallery_layout&quot;:&quot;grid&quot;,&quot;columns&quot;:4,&quot;columns_tablet&quot;:2,&quot;columns_mobile&quot;:1,&quot;gap&quot;:{&quot;unit&quot;:&quot;px&quot;,&quot;size&quot;:10,&quot;sizes&quot;:[]},&quot;gap_tablet&quot;:{&quot;unit&quot;:&quot;px&quot;,&quot;size&quot;:10,&quot;sizes&quot;:[]},&quot;gap_mobile&quot;:{&quot;unit&quot;:&quot;px&quot;,&quot;size&quot;:10,&quot;sizes&quot;:[]},&quot;link_to&quot;:&quot;file&quot;,&quot;aspect_ratio&quot;:&quot;3:2&quot;,&quot;overlay_background&quot;:&quot;yes&quot;,&quot;content_hover_animation&quot;:&quot;fade-in&quot;}\" data-widget_type=\"gallery.default\">\n\t\t\t\t<div class=\"elementor-widget-container\">\n\t\t\t\t\t\t\t<div class=\"elementor-gallery__container\">\n\t\t\t\t\t\t\t<a class=\"e-gallery-item elementor-gallery-item elementor-animated-content\" href=\"https:\/\/richeskarayib.com\/wp-content\/uploads\/2025\/03\/Capture-decran-2025-03-31-022214-1.png\" data-elementor-open-lightbox=\"yes\" data-elementor-lightbox-slideshow=\"540b445\" data-elementor-lightbox-title=\"Capture d\u2019\u00e9cran 2025-03-31 022214\" data-e-action-hash=\"#elementor-action%3Aaction%3Dlightbox%26settings%3DeyJpZCI6NDc4ODEsInVybCI6Imh0dHBzOlwvXC9yaWNoZXNrYXJheWliLmNvbVwvd3AtY29udGVudFwvdXBsb2Fkc1wvMjAyNVwvMDNcL0NhcHR1cmUtZGVjcmFuLTIwMjUtMDMtMzEtMDIyMjE0LTEucG5nIiwic2xpZGVzaG93IjoiNTQwYjQ0NSJ9\">\n\t\t\t\t\t<div class=\"e-gallery-image elementor-gallery-item__image\" data-thumbnail=\"https:\/\/richeskarayib.com\/wp-content\/uploads\/2025\/03\/Capture-decran-2025-03-31-022214-1-300x281.png\" data-width=\"300\" data-height=\"281\" aria-label=\"\" role=\"img\" ><\/div>\n\t\t\t\t\t\t\t\t\t\t\t<div class=\"elementor-gallery-item__overlay\"><\/div>\n\t\t\t\t\t\t\t\t\t\t\t\t\t\t<\/a>\n\t\t\t\t\t\t\t<a class=\"e-gallery-item elementor-gallery-item elementor-animated-content\" href=\"https:\/\/richeskarayib.com\/wp-content\/uploads\/2025\/03\/Capture-decran-2025-03-31-022923-1.png\" data-elementor-open-lightbox=\"yes\" data-elementor-lightbox-slideshow=\"540b445\" data-elementor-lightbox-title=\"Capture d\u2019\u00e9cran 2025-03-31 022923\" data-e-action-hash=\"#elementor-action%3Aaction%3Dlightbox%26settings%3DeyJpZCI6NDc4ODUsInVybCI6Imh0dHBzOlwvXC9yaWNoZXNrYXJheWliLmNvbVwvd3AtY29udGVudFwvdXBsb2Fkc1wvMjAyNVwvMDNcL0NhcHR1cmUtZGVjcmFuLTIwMjUtMDMtMzEtMDIyOTIzLTEucG5nIiwic2xpZGVzaG93IjoiNTQwYjQ0NSJ9\">\n\t\t\t\t\t<div class=\"e-gallery-image elementor-gallery-item__image\" data-thumbnail=\"https:\/\/richeskarayib.com\/wp-content\/uploads\/2025\/03\/Capture-decran-2025-03-31-022923-1-300x262.png\" data-width=\"300\" data-height=\"262\" aria-label=\"\" role=\"img\" ><\/div>\n\t\t\t\t\t\t\t\t\t\t\t<div class=\"elementor-gallery-item__overlay\"><\/div>\n\t\t\t\t\t\t\t\t\t\t\t\t\t\t<\/a>\n\t\t\t\t\t\t\t<a class=\"e-gallery-item elementor-gallery-item elementor-animated-content\" href=\"https:\/\/richeskarayib.com\/wp-content\/uploads\/2025\/03\/Dr.-Resa-Noel-McBarbnet-UWI-Global-Campus-Head-of-Site-1.png\" data-elementor-open-lightbox=\"yes\" data-elementor-lightbox-slideshow=\"540b445\" data-elementor-lightbox-title=\"Dr. Resa Noel-McBarbnet (UWI Global Campus Head of Site)\" data-e-action-hash=\"#elementor-action%3Aaction%3Dlightbox%26settings%3DeyJpZCI6NDc4OTMsInVybCI6Imh0dHBzOlwvXC9yaWNoZXNrYXJheWliLmNvbVwvd3AtY29udGVudFwvdXBsb2Fkc1wvMjAyNVwvMDNcL0RyLi1SZXNhLU5vZWwtTWNCYXJibmV0LVVXSS1HbG9iYWwtQ2FtcHVzLUhlYWQtb2YtU2l0ZS0xLnBuZyIsInNsaWRlc2hvdyI6IjU0MGI0NDUifQ%3D%3D\">\n\t\t\t\t\t<div class=\"e-gallery-image elementor-gallery-item__image\" data-thumbnail=\"https:\/\/richeskarayib.com\/wp-content\/uploads\/2025\/03\/Dr.-Resa-Noel-McBarbnet-UWI-Global-Campus-Head-of-Site-1-273x300.png\" data-width=\"273\" data-height=\"300\" aria-label=\"\" role=\"img\" ><\/div>\n\t\t\t\t\t\t\t\t\t\t\t<div class=\"elementor-gallery-item__overlay\"><\/div>\n\t\t\t\t\t\t\t\t\t\t\t\t\t\t<\/a>\n\t\t\t\t\t\t\t<a class=\"e-gallery-item elementor-gallery-item elementor-animated-content\" href=\"https:\/\/richeskarayib.com\/wp-content\/uploads\/2025\/03\/Federico-Lenzerini-Professor-International-law-expert-university-of-Siena-in-Italy-1.png\" data-elementor-open-lightbox=\"yes\" data-elementor-lightbox-slideshow=\"540b445\" data-elementor-lightbox-title=\"Federico Lenzerini (Professor, International law expert, university of Siena in Italy)\" data-e-action-hash=\"#elementor-action%3Aaction%3Dlightbox%26settings%3DeyJpZCI6NDc4OTcsInVybCI6Imh0dHBzOlwvXC9yaWNoZXNrYXJheWliLmNvbVwvd3AtY29udGVudFwvdXBsb2Fkc1wvMjAyNVwvMDNcL0ZlZGVyaWNvLUxlbnplcmluaS1Qcm9mZXNzb3ItSW50ZXJuYXRpb25hbC1sYXctZXhwZXJ0LXVuaXZlcnNpdHktb2YtU2llbmEtaW4tSXRhbHktMS5wbmciLCJzbGlkZXNob3ciOiI1NDBiNDQ1In0%3D\">\n\t\t\t\t\t<div class=\"e-gallery-image elementor-gallery-item__image\" data-thumbnail=\"https:\/\/richeskarayib.com\/wp-content\/uploads\/2025\/03\/Federico-Lenzerini-Professor-International-law-expert-university-of-Siena-in-Italy-1-300x297.png\" data-width=\"300\" data-height=\"297\" aria-label=\"\" role=\"img\" ><\/div>\n\t\t\t\t\t\t\t\t\t\t\t<div class=\"elementor-gallery-item__overlay\"><\/div>\n\t\t\t\t\t\t\t\t\t\t\t\t\t\t<\/a>\n\t\t\t\t\t\t\t<a class=\"e-gallery-item elementor-gallery-item elementor-animated-content\" href=\"https:\/\/richeskarayib.com\/wp-content\/uploads\/2025\/03\/Hon.-Curtis-King-Minister-of-Educationi-National-Reconciliation-1.png\" data-elementor-open-lightbox=\"yes\" data-elementor-lightbox-slideshow=\"540b445\" data-elementor-lightbox-title=\"Hon. Curtis King (Minister of Educationi &amp; National Reconciliation)\" data-e-action-hash=\"#elementor-action%3Aaction%3Dlightbox%26settings%3DeyJpZCI6NDc5MDEsInVybCI6Imh0dHBzOlwvXC9yaWNoZXNrYXJheWliLmNvbVwvd3AtY29udGVudFwvdXBsb2Fkc1wvMjAyNVwvMDNcL0hvbi4tQ3VydGlzLUtpbmctTWluaXN0ZXItb2YtRWR1Y2F0aW9uaS1OYXRpb25hbC1SZWNvbmNpbGlhdGlvbi0xLnBuZyIsInNsaWRlc2hvdyI6IjU0MGI0NDUifQ%3D%3D\">\n\t\t\t\t\t<div class=\"e-gallery-image elementor-gallery-item__image\" data-thumbnail=\"https:\/\/richeskarayib.com\/wp-content\/uploads\/2025\/03\/Hon.-Curtis-King-Minister-of-Educationi-National-Reconciliation-1-300x236.png\" data-width=\"300\" data-height=\"236\" aria-label=\"\" role=\"img\" ><\/div>\n\t\t\t\t\t\t\t\t\t\t\t<div class=\"elementor-gallery-item__overlay\"><\/div>\n\t\t\t\t\t\t\t\t\t\t\t\t\t\t<\/a>\n\t\t\t\t\t\t\t<a class=\"e-gallery-item elementor-gallery-item elementor-animated-content\" href=\"https:\/\/richeskarayib.com\/wp-content\/uploads\/2025\/03\/Mr.-Asinia-Matthews-Vote-of-Thanks-1.png\" data-elementor-open-lightbox=\"yes\" data-elementor-lightbox-slideshow=\"540b445\" data-elementor-lightbox-title=\"Mr. Asinia Matthews (Vote of Thanks)\" data-e-action-hash=\"#elementor-action%3Aaction%3Dlightbox%26settings%3DeyJpZCI6NDc5MDUsInVybCI6Imh0dHBzOlwvXC9yaWNoZXNrYXJheWliLmNvbVwvd3AtY29udGVudFwvdXBsb2Fkc1wvMjAyNVwvMDNcL01yLi1Bc2luaWEtTWF0dGhld3MtVm90ZS1vZi1UaGFua3MtMS5wbmciLCJzbGlkZXNob3ciOiI1NDBiNDQ1In0%3D\">\n\t\t\t\t\t<div class=\"e-gallery-image elementor-gallery-item__image\" data-thumbnail=\"https:\/\/richeskarayib.com\/wp-content\/uploads\/2025\/03\/Mr.-Asinia-Matthews-Vote-of-Thanks-1-300x270.png\" data-width=\"300\" data-height=\"270\" aria-label=\"\" role=\"img\" ><\/div>\n\t\t\t\t\t\t\t\t\t\t\t<div class=\"elementor-gallery-item__overlay\"><\/div>\n\t\t\t\t\t\t\t\t\t\t\t\t\t\t<\/a>\n\t\t\t\t\t\t\t<a class=\"e-gallery-item elementor-gallery-item elementor-animated-content\" href=\"https:\/\/richeskarayib.com\/wp-content\/uploads\/2025\/03\/Mr.-David-Darkie-Williams-TGHF-President-1.png\" data-elementor-open-lightbox=\"yes\" data-elementor-lightbox-slideshow=\"540b445\" data-elementor-lightbox-title=\"Mr. David Darkie Williams (TGHF President)\" data-e-action-hash=\"#elementor-action%3Aaction%3Dlightbox%26settings%3DeyJpZCI6NDc5MDksInVybCI6Imh0dHBzOlwvXC9yaWNoZXNrYXJheWliLmNvbVwvd3AtY29udGVudFwvdXBsb2Fkc1wvMjAyNVwvMDNcL01yLi1EYXZpZC1EYXJraWUtV2lsbGlhbXMtVEdIRi1QcmVzaWRlbnQtMS5wbmciLCJzbGlkZXNob3ciOiI1NDBiNDQ1In0%3D\">\n\t\t\t\t\t<div class=\"e-gallery-image elementor-gallery-item__image\" data-thumbnail=\"https:\/\/richeskarayib.com\/wp-content\/uploads\/2025\/03\/Mr.-David-Darkie-Williams-TGHF-President-1-300x288.png\" data-width=\"300\" data-height=\"288\" aria-label=\"\" role=\"img\" ><\/div>\n\t\t\t\t\t\t\t\t\t\t\t<div class=\"elementor-gallery-item__overlay\"><\/div>\n\t\t\t\t\t\t\t\t\t\t\t\t\t\t<\/a>\n\t\t\t\t\t\t\t<a class=\"e-gallery-item elementor-gallery-item elementor-animated-content\" href=\"https:\/\/richeskarayib.com\/wp-content\/uploads\/2025\/03\/Ms.-Sheron-Garraway-Marketing-Officer-UWI-Global-Campus-1.png\" data-elementor-open-lightbox=\"yes\" data-elementor-lightbox-slideshow=\"540b445\" data-elementor-lightbox-title=\"Ms. Sheron Garraway (Marketing Officer UWI Global Campus)\" data-e-action-hash=\"#elementor-action%3Aaction%3Dlightbox%26settings%3DeyJpZCI6NDc5MTMsInVybCI6Imh0dHBzOlwvXC9yaWNoZXNrYXJheWliLmNvbVwvd3AtY29udGVudFwvdXBsb2Fkc1wvMjAyNVwvMDNcL01zLi1TaGVyb24tR2FycmF3YXktTWFya2V0aW5nLU9mZmljZXItVVdJLUdsb2JhbC1DYW1wdXMtMS5wbmciLCJzbGlkZXNob3ciOiI1NDBiNDQ1In0%3D\">\n\t\t\t\t\t<div class=\"e-gallery-image elementor-gallery-item__image\" data-thumbnail=\"https:\/\/richeskarayib.com\/wp-content\/uploads\/2025\/03\/Ms.-Sheron-Garraway-Marketing-Officer-UWI-Global-Campus-1-300x247.png\" data-width=\"300\" data-height=\"247\" aria-label=\"\" role=\"img\" ><\/div>\n\t\t\t\t\t\t\t\t\t\t\t<div class=\"elementor-gallery-item__overlay\"><\/div>\n\t\t\t\t\t\t\t\t\t\t\t\t\t\t<\/a>\n\t\t\t\t\t<\/div>\n\t\t\t\t\t<\/div>\n\t\t\t\t<\/div>\n\t\t\t\t<div class=\"elementor-element elementor-element-b84f4fd elementor-widget elementor-widget-image\" data-id=\"b84f4fd\" data-element_type=\"widget\" data-widget_type=\"image.default\">\n\t\t\t\t<div class=\"elementor-widget-container\">\n\t\t\t\t\t\t\t\t\t\t\t\t\t\t\t<img fetchpriority=\"high\" decoding=\"async\" width=\"800\" height=\"305\" src=\"https:\/\/richeskarayib.com\/wp-content\/uploads\/2025\/03\/Capture-decran-2025-03-31-022009-1024x390.png\" class=\"attachment-large size-large wp-image-47841\" alt=\"Garifuna\" srcset=\"https:\/\/richeskarayib.com\/wp-content\/uploads\/2025\/03\/Capture-decran-2025-03-31-022009-1024x390.png 1024w, https:\/\/richeskarayib.com\/wp-content\/uploads\/2025\/03\/Capture-decran-2025-03-31-022009-300x114.png 300w, https:\/\/richeskarayib.com\/wp-content\/uploads\/2025\/03\/Capture-decran-2025-03-31-022009-768x292.png 768w, https:\/\/richeskarayib.com\/wp-content\/uploads\/2025\/03\/Capture-decran-2025-03-31-022009.png 1177w\" sizes=\"(max-width: 800px) 100vw, 800px\" \/>\t\t\t\t\t\t\t\t\t\t\t\t\t\t\t<\/div>\n\t\t\t\t<\/div>\n\t\t\t\t<section class=\"elementor-section elementor-inner-section elementor-element elementor-element-326ee90 elementor-section-boxed elementor-section-height-default elementor-section-height-default\" data-id=\"326ee90\" data-element_type=\"section\">\n\t\t\t\t\t\t<div class=\"elementor-container elementor-column-gap-default\">\n\t\t\t\t\t<div class=\"elementor-column elementor-col-50 elementor-inner-column elementor-element elementor-element-10558b8\" data-id=\"10558b8\" data-element_type=\"column\">\n\t\t\t<div class=\"elementor-widget-wrap elementor-element-populated\">\n\t\t\t\t\t\t<div class=\"elementor-element elementor-element-07bbb00 elementor-widget elementor-widget-image\" data-id=\"07bbb00\" data-element_type=\"widget\" data-widget_type=\"image.default\">\n\t\t\t\t<div class=\"elementor-widget-container\">\n\t\t\t\t\t\t\t\t\t\t\t\t\t\t\t<img decoding=\"async\" width=\"800\" height=\"491\" src=\"https:\/\/richeskarayib.com\/wp-content\/uploads\/2025\/03\/Capture-decran-2025-03-31-023343.png\" class=\"attachment-large size-large wp-image-47853\" alt=\"Garifuna\" srcset=\"https:\/\/richeskarayib.com\/wp-content\/uploads\/2025\/03\/Capture-decran-2025-03-31-023343.png 871w, https:\/\/richeskarayib.com\/wp-content\/uploads\/2025\/03\/Capture-decran-2025-03-31-023343-300x184.png 300w, https:\/\/richeskarayib.com\/wp-content\/uploads\/2025\/03\/Capture-decran-2025-03-31-023343-768x472.png 768w\" sizes=\"(max-width: 800px) 100vw, 800px\" \/>\t\t\t\t\t\t\t\t\t\t\t\t\t\t\t<\/div>\n\t\t\t\t<\/div>\n\t\t\t\t\t<\/div>\n\t\t<\/div>\n\t\t\t\t<div class=\"elementor-column elementor-col-50 elementor-inner-column elementor-element elementor-element-87d174f\" data-id=\"87d174f\" data-element_type=\"column\">\n\t\t\t<div class=\"elementor-widget-wrap elementor-element-populated\">\n\t\t\t\t\t\t<div class=\"elementor-element elementor-element-a138a63 elementor-widget elementor-widget-image\" data-id=\"a138a63\" data-element_type=\"widget\" data-widget_type=\"image.default\">\n\t\t\t\t<div class=\"elementor-widget-container\">\n\t\t\t\t\t\t\t\t\t\t\t\t\t\t\t<img decoding=\"async\" width=\"778\" height=\"484\" src=\"https:\/\/richeskarayib.com\/wp-content\/uploads\/2025\/03\/Capture-decran-2025-03-31-021805.png\" class=\"attachment-large size-large wp-image-47833\" alt=\"Garifuna\" srcset=\"https:\/\/richeskarayib.com\/wp-content\/uploads\/2025\/03\/Capture-decran-2025-03-31-021805.png 778w, https:\/\/richeskarayib.com\/wp-content\/uploads\/2025\/03\/Capture-decran-2025-03-31-021805-300x187.png 300w, https:\/\/richeskarayib.com\/wp-content\/uploads\/2025\/03\/Capture-decran-2025-03-31-021805-768x478.png 768w\" sizes=\"(max-width: 778px) 100vw, 778px\" \/>\t\t\t\t\t\t\t\t\t\t\t\t\t\t\t<\/div>\n\t\t\t\t<\/div>\n\t\t\t\t\t<\/div>\n\t\t<\/div>\n\t\t\t\t\t<\/div>\n\t\t<\/section>\n\t\t\t\t\t<\/div>\n\t\t<\/div>\n\t\t\t\t\t<\/div>\n\t\t<\/section>\n\t\t\t\t<section class=\"elementor-section elementor-top-section elementor-element elementor-element-90ceb05 elementor-section-boxed elementor-section-height-default elementor-section-height-default\" data-id=\"90ceb05\" data-element_type=\"section\">\n\t\t\t\t\t\t<div class=\"elementor-container elementor-column-gap-default\">\n\t\t\t\t\t<div class=\"elementor-column elementor-col-100 elementor-top-column elementor-element elementor-element-ddec635\" data-id=\"ddec635\" data-element_type=\"column\">\n\t\t\t<div class=\"elementor-widget-wrap elementor-element-populated\">\n\t\t\t\t\t\t<div class=\"elementor-element elementor-element-b32fd3f elementor-widget elementor-widget-heading\" data-id=\"b32fd3f\" data-element_type=\"widget\" data-widget_type=\"heading.default\">\n\t\t\t\t<div class=\"elementor-widget-container\">\n\t\t\t\t\t<h2 class=\"elementor-heading-title elementor-size-default\">Construire une strat\u00e9gie de d\u00e9veloppement ancr\u00e9e dans les savoirs autochtones<\/h2>\t\t\t\t<\/div>\n\t\t\t\t<\/div>\n\t\t\t\t<div class=\"elementor-element elementor-element-07eb5ed elementor-widget elementor-widget-text-editor\" data-id=\"07eb5ed\" data-element_type=\"widget\" data-widget_type=\"text-editor.default\">\n\t\t\t\t<div class=\"elementor-widget-container\">\n\t\t\t\t\t\t\t\t\t<p class=\"\" data-start=\"2198\" data-end=\"2495\">Le c\u0153ur de cette rencontre de trois jours r\u00e9sidait dans la construction d\u2019un cadre de d\u00e9veloppement pour 2030, centr\u00e9 sur les r\u00e9alit\u00e9s <a href=\"https:\/\/richeskarayib.com\/fr\/rapport-special-partie-1-2008-2011-les-tresors-culturels-des-caraibes-patrimoine-immateriel-reconnu-par-lunesco\/\" target=\"_blank\" rel=\"noopener\">Garifuna<\/a>. Les discussions ont port\u00e9 sur des strat\u00e9gies concr\u00e8tes : \u00e9ducation, pr\u00e9servation du patrimoine, participation politique, et d\u00e9veloppement communautaire.<\/p>\n<p class=\"\" data-start=\"2497\" data-end=\"2945\">Un consensus fort a \u00e9merg\u00e9 autour de l\u2019importance des savoirs autochtones dans les politiques nationales de d\u00e9veloppement. En premier lieu, la langue a \u00e9t\u00e9 plac\u00e9e au centre des pr\u00e9occupations : au-del\u00e0 d\u2019un outil de communication, elle est per\u00e7ue comme un vecteur d\u2019identit\u00e9, une vision du monde, un h\u00e9ritage ancestral. Toute politique de d\u00e9veloppement v\u00e9ritablement durable doit donc reconna\u00eetre et renforcer les institutions culturelles <a href=\"https:\/\/richeskarayib.com\/fr\/rapport-special-partie-4-2020-2023-les-tresors-culturels-des-caraibes-patrimoine-immateriel-reconnu-par-lunesco\/\" target=\"_blank\" rel=\"noopener\">Garifuna<\/a>.<\/p>\n<p class=\"\" data-start=\"2947\" data-end=\"3291\">Un autre point cl\u00e9 a \u00e9t\u00e9 la transmission interg\u00e9n\u00e9rationnelle. Les a\u00een\u00e9s sont les gardiens de la m\u00e9moire, mais les jeunes sont appel\u00e9s \u00e0 en devenir les relais, en s\u2019appropriant ces savoirs avec les outils contemporains. Il ne s\u2019agit pas simplement de pr\u00e9server un patrimoine, mais de construire un avenir vivant, nourri par la sagesse du pass\u00e9.<\/p>\t\t\t\t\t\t\t\t<\/div>\n\t\t\t\t<\/div>\n\t\t\t\t\t<\/div>\n\t\t<\/div>\n\t\t\t\t\t<\/div>\n\t\t<\/section>\n\t\t\t\t<section class=\"elementor-section elementor-top-section elementor-element elementor-element-012ca3e elementor-section-boxed elementor-section-height-default elementor-section-height-default\" data-id=\"012ca3e\" data-element_type=\"section\">\n\t\t\t\t\t\t<div class=\"elementor-container elementor-column-gap-default\">\n\t\t\t\t\t<div class=\"elementor-column elementor-col-100 elementor-top-column elementor-element elementor-element-a22c84a\" data-id=\"a22c84a\" data-element_type=\"column\">\n\t\t\t<div class=\"elementor-widget-wrap elementor-element-populated\">\n\t\t\t\t\t\t<div class=\"elementor-element elementor-element-6b41879 elementor-widget elementor-widget-heading\" data-id=\"6b41879\" data-element_type=\"widget\" data-widget_type=\"heading.default\">\n\t\t\t\t<div class=\"elementor-widget-container\">\n\t\t\t\t\t<h2 class=\"elementor-heading-title elementor-size-default\">Un cap clair vers 2030<\/h2>\t\t\t\t<\/div>\n\t\t\t\t<\/div>\n\t\t\t\t<div class=\"elementor-element elementor-element-32c54ff elementor-widget elementor-widget-text-editor\" data-id=\"32c54ff\" data-element_type=\"widget\" data-widget_type=\"text-editor.default\">\n\t\t\t\t<div class=\"elementor-widget-container\">\n\t\t\t\t\t\t\t\t\t<p class=\"\" data-start=\"3343\" data-end=\"3774\">\u00c0 l\u2019issue de cette 12e Conf\u00e9rence internationale <a href=\"https:\/\/richeskarayib.com\/fr\/rapport-special-partie-2-2012-2015-les-tresors-culturels-des-caraibes-patrimoine-immateriel-reconnu-par-lunesco\/\" target=\"_blank\" rel=\"noopener\">Garifuna<\/a>, le message est sans ambigu\u00eft\u00e9 : transmettre l\u2019h\u00e9ritage <a href=\"https:\/\/richeskarayib.com\/fr\/unesco-rapport-special-partie-3-2016-2019-les-tresors-culturels-des-caraibes-patrimoine-immateriel-reconnu\/\" target=\"_blank\" rel=\"noopener\">Garifuna<\/a> ne rel\u00e8ve pas du pass\u00e9, mais d\u2019un choix strat\u00e9gique pour l\u2019avenir. Par la langue, la musique, le r\u00e9cit et l\u2019action collective, les participants ont esquiss\u00e9 une feuille de route ambitieuse, o\u00f9 l\u2019identit\u00e9 Garifuna ne se contente pas de survivre, mais s\u2019affirme comme une force vive dans la Cara\u00efbe et au-del\u00e0.<\/p>\n<p class=\"\" data-start=\"3776\" data-end=\"4014\">En regardant vers 2030, la Garifuna Heritage Foundation et ses partenaires entendent traduire ces r\u00e9flexions en projets concrets. L\u2019appel est lanc\u00e9, et la marche continue \u2014 enracin\u00e9e dans la m\u00e9moire, mais r\u00e9solument tourn\u00e9e vers l\u2019avenir.<\/p>\t\t\t\t\t\t\t\t<\/div>\n\t\t\t\t<\/div>\n\t\t\t\t\t<\/div>\n\t\t<\/div>\n\t\t\t\t\t<\/div>\n\t\t<\/section>\n\t\t\t\t<\/div>\n\t\t","protected":false},"excerpt":{"rendered":"<p>Transmettre l\u2019h\u00e9ritage Garifuna \u00e9tait au c\u0153ur de la 12e Conf\u00e9rence internationale Garifuna, organis\u00e9e au campus global de l\u2019Universit\u00e9 des West Indies \u00e0 Saint-Vincent-et-les-Grenadines. Port\u00e9e par la Garifuna Heritage Foundation en partenariat avec l\u2019universit\u00e9, cette \u00e9dition 2025 a r\u00e9uni des leaders culturels, chercheurs, artistes et militants autour d\u2019un th\u00e8me f\u00e9d\u00e9rateur : \u00ab Embrasser notre h\u00e9ritage \u2013 [&hellip;]<\/p>\n","protected":false},"author":47,"featured_media":47837,"comment_status":"open","ping_status":"open","sticky":false,"template":"","format":"standard","meta":{"_acf_changed":false,"footnotes":""},"categories":[1468,840],"tags":[1738],"class_list":["post-47832","post","type-post","status-publish","format-standard","has-post-thumbnail","hentry","category-histoire-patrimoine","category-actus","tag-saint-vincent-grenadines"],"acf":[],"_links":{"self":[{"href":"https:\/\/richeskarayib.com\/fr\/wp-json\/wp\/v2\/posts\/47832","targetHints":{"allow":["GET"]}}],"collection":[{"href":"https:\/\/richeskarayib.com\/fr\/wp-json\/wp\/v2\/posts"}],"about":[{"href":"https:\/\/richeskarayib.com\/fr\/wp-json\/wp\/v2\/types\/post"}],"author":[{"embeddable":true,"href":"https:\/\/richeskarayib.com\/fr\/wp-json\/wp\/v2\/users\/47"}],"replies":[{"embeddable":true,"href":"https:\/\/richeskarayib.com\/fr\/wp-json\/wp\/v2\/comments?post=47832"}],"version-history":[{"count":0,"href":"https:\/\/richeskarayib.com\/fr\/wp-json\/wp\/v2\/posts\/47832\/revisions"}],"wp:featuredmedia":[{"embeddable":true,"href":"https:\/\/richeskarayib.com\/fr\/wp-json\/wp\/v2\/media\/47837"}],"wp:attachment":[{"href":"https:\/\/richeskarayib.com\/fr\/wp-json\/wp\/v2\/media?parent=47832"}],"wp:term":[{"taxonomy":"category","embeddable":true,"href":"https:\/\/richeskarayib.com\/fr\/wp-json\/wp\/v2\/categories?post=47832"},{"taxonomy":"post_tag","embeddable":true,"href":"https:\/\/richeskarayib.com\/fr\/wp-json\/wp\/v2\/tags?post=47832"}],"curies":[{"name":"wp","href":"https:\/\/api.w.org\/{rel}","templated":true}]}}