{"id":47968,"date":"2025-04-01T08:56:39","date_gmt":"2025-04-01T12:56:39","guid":{"rendered":"https:\/\/richeskarayib.com\/?p=47968"},"modified":"2025-04-02T07:44:08","modified_gmt":"2025-04-02T11:44:08","slug":"roseman-robinot-le-grand-livre-de-la-patience","status":"publish","type":"post","link":"https:\/\/richeskarayib.com\/fr\/roseman-robinot-le-grand-livre-de-la-patience\/","title":{"rendered":"Guyane &#8211; Roseman Robinot et \u201cLe Grand Livre de la Patience\u201d : Une \u0152uvre marquante de l\u2019histoire de l\u2019Art Contemporain"},"content":{"rendered":"\t\t<div data-elementor-type=\"wp-post\" data-elementor-id=\"47968\" class=\"elementor elementor-47968\" data-elementor-post-type=\"post\">\n\t\t\t\t\t\t<section class=\"elementor-section elementor-top-section elementor-element elementor-element-0776f58 elementor-section-boxed elementor-section-height-default elementor-section-height-default\" data-id=\"0776f58\" data-element_type=\"section\">\n\t\t\t\t\t\t<div class=\"elementor-container elementor-column-gap-default\">\n\t\t\t\t\t<div class=\"elementor-column elementor-col-100 elementor-top-column elementor-element elementor-element-1b3db7e\" data-id=\"1b3db7e\" data-element_type=\"column\">\n\t\t\t<div class=\"elementor-widget-wrap elementor-element-populated\">\n\t\t\t\t\t\t<div class=\"elementor-element elementor-element-c3960f6 elementor-widget elementor-widget-text-editor\" data-id=\"c3960f6\" data-element_type=\"widget\" data-widget_type=\"text-editor.default\">\n\t\t\t\t<div class=\"elementor-widget-container\">\n\t\t\t\t\t\t\t\t\t<p><span style=\"font-weight: 400;\">L\u2019artiste plasticienne guyanaise <a href=\"https:\/\/www.instagram.com\/rosemanrobinot\/\" target=\"_blank\" rel=\"noopener nofollow\">Roseman Robinot<\/a> occupe une place essentielle dans le paysage artistique contemporain. Avec &#8220;Le Grand Livre&#8221;, \u0153uvre embl\u00e9matique expos\u00e9e au Centre Pompidou dans le cadre de &#8220;<a href=\"https:\/\/www.centrepompidou.fr\/fr\/programme\/agenda\/evenement\/VRo249Y\" target=\"_blank\" rel=\"noopener nofollow\">Paris Noir<\/a>&#8220;, elle interroge l\u2019histoire, l\u2019identit\u00e9 et la spiritualit\u00e9. Cette cr\u00e9ation, r\u00e9alis\u00e9e en 1990, rejoint enfin une collection prestigieuse. Mais qui est cette artiste autodidacte et quel message transmet-elle \u00e0 travers cette \u0153uvre ?<\/span><\/p>\t\t\t\t\t\t\t\t<\/div>\n\t\t\t\t<\/div>\n\t\t\t\t\t<\/div>\n\t\t<\/div>\n\t\t\t\t\t<\/div>\n\t\t<\/section>\n\t\t\t\t<section class=\"elementor-section elementor-top-section elementor-element elementor-element-1e52063 elementor-section-boxed elementor-section-height-default elementor-section-height-default\" data-id=\"1e52063\" data-element_type=\"section\">\n\t\t\t\t\t\t<div class=\"elementor-container elementor-column-gap-default\">\n\t\t\t\t\t<div class=\"elementor-column elementor-col-100 elementor-top-column elementor-element elementor-element-2465457\" data-id=\"2465457\" data-element_type=\"column\">\n\t\t\t<div class=\"elementor-widget-wrap elementor-element-populated\">\n\t\t\t\t\t\t<div class=\"elementor-element elementor-element-2745f7f elementor-widget elementor-widget-heading\" data-id=\"2745f7f\" data-element_type=\"widget\" data-widget_type=\"heading.default\">\n\t\t\t\t<div class=\"elementor-widget-container\">\n\t\t\t\t\t<h2 class=\"elementor-heading-title elementor-size-default\">Roseman Robinot, une artiste autodidacte et visionnaire<\/h2>\t\t\t\t<\/div>\n\t\t\t\t<\/div>\n\t\t\t\t<div class=\"elementor-element elementor-element-61ff885 elementor-widget elementor-widget-text-editor\" data-id=\"61ff885\" data-element_type=\"widget\" data-widget_type=\"text-editor.default\">\n\t\t\t\t<div class=\"elementor-widget-container\">\n\t\t\t\t\t\t\t\t\t<h4><b>Un \u00e9veil artistique \u00e0 New York<\/b><\/h4>\n<p><span style=\"font-weight: 400;\">En 1985, lors d\u2019une exposition \u00e0 New York, Roseman Robinot d\u00e9couvre <\/span><i><span style=\"font-weight: 400;\">La Repasseuse<\/span><\/i><span style=\"font-weight: 400;\"> de Picasso. Cette rencontre bouleversante agit comme un d\u00e9clencheur. Elle raconte : \u00ab Je suis n\u00e9e peintre en voyant cette \u0153uvre depuis le premier \u00e9tage. \u00bb Ce tableau \u00e9voque l\u2019image de sa propre m\u00e8re pench\u00e9e sur un fer \u00e0 repasser, un souvenir marquant de son enfance. Cet instant fondateur marque le d\u00e9but d\u2019une carri\u00e8re o\u00f9 le symbolisme tient une place centrale.<\/span><\/p>\t\t\t\t\t\t\t\t<\/div>\n\t\t\t\t<\/div>\n\t\t\t\t<div class=\"elementor-element elementor-element-5c59911 elementor-widget elementor-widget-text-editor\" data-id=\"5c59911\" data-element_type=\"widget\" data-widget_type=\"text-editor.default\">\n\t\t\t\t<div class=\"elementor-widget-container\">\n\t\t\t\t\t\t\t\t\t<h4><b>Un ancrage profond en Guyane<\/b><\/h4>\n<p><span style=\"font-weight: 400;\">Originaire de <a href=\"https:\/\/richeskarayib.com\/fr\/martinique-tourisme-talents-pour-construire-avenir\/\" target=\"_blank\" rel=\"noopener\">Martinique<\/a> mais qui vit et travaille en <a href=\"https:\/\/richeskarayib.com\/fr\/societe-guyanaise-de-recyclage-preservation\/\" target=\"_blank\" rel=\"noopener\">Guyane<\/a>, Roseman Robinot puise son inspiration dans l\u2019histoire et la diversit\u00e9 culturelle de son territoire. Ses \u0153uvres traduisent une qu\u00eate identitaire o\u00f9 se m\u00ealent r\u00e9alit\u00e9 tangible et dimensions spirituelles. Pour elle, cr\u00e9er ne se limite pas \u00e0 produire une \u0153uvre, mais constitue une exploration int\u00e9rieure menant \u00e0 une compr\u00e9hension plus large du monde.<\/span><\/p>\t\t\t\t\t\t\t\t<\/div>\n\t\t\t\t<\/div>\n\t\t\t\t<section class=\"elementor-section elementor-inner-section elementor-element elementor-element-ad778a9 elementor-section-boxed elementor-section-height-default elementor-section-height-default\" data-id=\"ad778a9\" data-element_type=\"section\">\n\t\t\t\t\t\t<div class=\"elementor-container elementor-column-gap-default\">\n\t\t\t\t\t<div class=\"elementor-column elementor-col-100 elementor-inner-column elementor-element elementor-element-6825f56\" data-id=\"6825f56\" data-element_type=\"column\">\n\t\t\t<div class=\"elementor-widget-wrap elementor-element-populated\">\n\t\t\t\t\t\t<div class=\"elementor-element elementor-element-2e13e07 elementor-widget elementor-widget-image\" data-id=\"2e13e07\" data-element_type=\"widget\" data-widget_type=\"image.default\">\n\t\t\t\t<div class=\"elementor-widget-container\">\n\t\t\t\t\t\t\t\t\t\t\t\t<figure class=\"wp-caption\">\n\t\t\t\t\t\t\t\t\t\t<img fetchpriority=\"high\" decoding=\"async\" width=\"800\" height=\"533\" src=\"https:\/\/richeskarayib.com\/wp-content\/uploads\/2025\/04\/2-1024x682.jpeg\" class=\"attachment-large size-large wp-image-47977\" alt=\"Roseman Robinot\" srcset=\"https:\/\/richeskarayib.com\/wp-content\/uploads\/2025\/04\/2-1024x682.jpeg 1024w, https:\/\/richeskarayib.com\/wp-content\/uploads\/2025\/04\/2-300x200.jpeg 300w, https:\/\/richeskarayib.com\/wp-content\/uploads\/2025\/04\/2-768x512.jpeg 768w, https:\/\/richeskarayib.com\/wp-content\/uploads\/2025\/04\/2.jpeg 1280w\" sizes=\"(max-width: 800px) 100vw, 800px\" \/>\t\t\t\t\t\t\t\t\t\t\t<figcaption class=\"widget-image-caption wp-caption-text\">Roseman Robinot<\/figcaption>\n\t\t\t\t\t\t\t\t\t\t<\/figure>\n\t\t\t\t\t\t\t\t\t<\/div>\n\t\t\t\t<\/div>\n\t\t\t\t\t<\/div>\n\t\t<\/div>\n\t\t\t\t\t<\/div>\n\t\t<\/section>\n\t\t\t\t\t<\/div>\n\t\t<\/div>\n\t\t\t\t\t<\/div>\n\t\t<\/section>\n\t\t\t\t<section class=\"elementor-section elementor-top-section elementor-element elementor-element-a8efc3e elementor-section-boxed elementor-section-height-default elementor-section-height-default\" data-id=\"a8efc3e\" data-element_type=\"section\">\n\t\t\t\t\t\t<div class=\"elementor-container elementor-column-gap-default\">\n\t\t\t\t\t<div class=\"elementor-column elementor-col-100 elementor-top-column elementor-element elementor-element-b4ed07d\" data-id=\"b4ed07d\" data-element_type=\"column\">\n\t\t\t<div class=\"elementor-widget-wrap elementor-element-populated\">\n\t\t\t\t\t\t<div class=\"elementor-element elementor-element-cc7abba elementor-widget elementor-widget-heading\" data-id=\"cc7abba\" data-element_type=\"widget\" data-widget_type=\"heading.default\">\n\t\t\t\t<div class=\"elementor-widget-container\">\n\t\t\t\t\t<h2 class=\"elementor-heading-title elementor-size-default\">\"Le Grand Livre\" : Un dialogue entre m\u00e9moire et espoir<\/h2>\t\t\t\t<\/div>\n\t\t\t\t<\/div>\n\t\t\t\t<div class=\"elementor-element elementor-element-13c2b0d elementor-widget elementor-widget-text-editor\" data-id=\"13c2b0d\" data-element_type=\"widget\" data-widget_type=\"text-editor.default\">\n\t\t\t\t<div class=\"elementor-widget-container\">\n\t\t\t\t\t\t\t\t\t<h4><b>Une composition en diptyque<\/b><\/h4>\n<p><span style=\"font-weight: 400;\">R\u00e9alis\u00e9 en 1990, &#8220;Le Grand Livre&#8221; se distingue par ses dimensions imposantes (1,60 m x 2,20 m) et sa construction en deux parties. La partie sup\u00e9rieure, domin\u00e9e par le corps humain, impose une pr\u00e9sence symbolique forte. En contraste, la partie inf\u00e9rieure, aux teintes ocres, \u00e9voque la nature et les racines profondes du continent am\u00e9ricain. Cette dualit\u00e9 met en lumi\u00e8re l\u2019interaction entre l\u2019homme et son environnement.<\/span><\/p>\t\t\t\t\t\t\t\t<\/div>\n\t\t\t\t<\/div>\n\t\t\t\t<div class=\"elementor-element elementor-element-7adc008 elementor-widget elementor-widget-text-editor\" data-id=\"7adc008\" data-element_type=\"widget\" data-widget_type=\"text-editor.default\">\n\t\t\t\t<div class=\"elementor-widget-container\">\n\t\t\t\t\t\t\t\t\t<h4><b>Un t\u00e9moignage de l\u2019histoire et de la r\u00e9silience<\/b><\/h4>\n<p><span style=\"font-weight: 400;\">L\u2019\u0153uvre convoque les m\u00e9moires enfouies tout en laissant place \u00e0 une lumi\u00e8re porteuse d\u2019espoir. Elle rend hommage aux corps marqu\u00e9s par les violences pass\u00e9es, notamment celles li\u00e9es \u00e0 l\u2019esclavage. Par son abstraction et sa palette chromatique, &#8220;Le Grand Livre&#8221; devient un espace de r\u00e9flexion collective sur l\u2019h\u00e9ritage commun.<\/span><\/p>\t\t\t\t\t\t\t\t<\/div>\n\t\t\t\t<\/div>\n\t\t\t\t<section class=\"elementor-section elementor-inner-section elementor-element elementor-element-79ce03d elementor-section-boxed elementor-section-height-default elementor-section-height-default\" data-id=\"79ce03d\" data-element_type=\"section\">\n\t\t\t\t\t\t<div class=\"elementor-container elementor-column-gap-default\">\n\t\t\t\t\t<div class=\"elementor-column elementor-col-100 elementor-inner-column elementor-element elementor-element-ab1e6ee\" data-id=\"ab1e6ee\" data-element_type=\"column\">\n\t\t\t<div class=\"elementor-widget-wrap elementor-element-populated\">\n\t\t\t\t\t\t<div class=\"elementor-element elementor-element-f8f3cf8 elementor-widget elementor-widget-image\" data-id=\"f8f3cf8\" data-element_type=\"widget\" data-widget_type=\"image.default\">\n\t\t\t\t<div class=\"elementor-widget-container\">\n\t\t\t\t\t\t\t\t\t\t\t\t<figure class=\"wp-caption\">\n\t\t\t\t\t\t\t\t\t\t<img decoding=\"async\" width=\"800\" height=\"600\" src=\"https:\/\/richeskarayib.com\/wp-content\/uploads\/2025\/04\/3-1024x768.jpeg\" class=\"attachment-large size-large wp-image-47973\" alt=\"Paris Noir\" srcset=\"https:\/\/richeskarayib.com\/wp-content\/uploads\/2025\/04\/3-1024x768.jpeg 1024w, https:\/\/richeskarayib.com\/wp-content\/uploads\/2025\/04\/3-300x225.jpeg 300w, https:\/\/richeskarayib.com\/wp-content\/uploads\/2025\/04\/3-768x576.jpeg 768w, https:\/\/richeskarayib.com\/wp-content\/uploads\/2025\/04\/3-1536x1152.jpeg 1536w, https:\/\/richeskarayib.com\/wp-content\/uploads\/2025\/04\/3-1320x990.jpeg 1320w, https:\/\/richeskarayib.com\/wp-content\/uploads\/2025\/04\/3.jpeg 1600w\" sizes=\"(max-width: 800px) 100vw, 800px\" \/>\t\t\t\t\t\t\t\t\t\t\t<figcaption class=\"widget-image-caption wp-caption-text\">Le Grand Livre de la Patience<\/figcaption>\n\t\t\t\t\t\t\t\t\t\t<\/figure>\n\t\t\t\t\t\t\t\t\t<\/div>\n\t\t\t\t<\/div>\n\t\t\t\t\t<\/div>\n\t\t<\/div>\n\t\t\t\t\t<\/div>\n\t\t<\/section>\n\t\t\t\t\t<\/div>\n\t\t<\/div>\n\t\t\t\t\t<\/div>\n\t\t<\/section>\n\t\t\t\t<section class=\"elementor-section elementor-top-section elementor-element elementor-element-08d8b7f elementor-section-boxed elementor-section-height-default elementor-section-height-default\" data-id=\"08d8b7f\" data-element_type=\"section\">\n\t\t\t\t\t\t<div class=\"elementor-container elementor-column-gap-default\">\n\t\t\t\t\t<div class=\"elementor-column elementor-col-100 elementor-top-column elementor-element elementor-element-5859f36\" data-id=\"5859f36\" data-element_type=\"column\">\n\t\t\t<div class=\"elementor-widget-wrap elementor-element-populated\">\n\t\t\t\t\t\t<div class=\"elementor-element elementor-element-3028ecc elementor-widget elementor-widget-heading\" data-id=\"3028ecc\" data-element_type=\"widget\" data-widget_type=\"heading.default\">\n\t\t\t\t<div class=\"elementor-widget-container\">\n\t\t\t\t\t<h2 class=\"elementor-heading-title elementor-size-default\">Un engagement artistique au service de la m\u00e9moire collective<\/h2>\t\t\t\t<\/div>\n\t\t\t\t<\/div>\n\t\t\t\t<div class=\"elementor-element elementor-element-b4bbfbb elementor-widget elementor-widget-text-editor\" data-id=\"b4bbfbb\" data-element_type=\"widget\" data-widget_type=\"text-editor.default\">\n\t\t\t\t<div class=\"elementor-widget-container\">\n\t\t\t\t\t\t\t\t\t<h4><b>Les th\u00e8mes r\u00e9currents dans son travail<\/b><\/h4>\n<p><span style=\"font-weight: 400;\">Roseman Robinot s\u2019inspire du &#8220;bricolage culturel&#8221; observ\u00e9 au Br\u00e9sil, o\u00f9 le r\u00e9emploi d\u2019objets ab\u00eem\u00e9s r\u00e9v\u00e8le des r\u00e9cits oubli\u00e9s. \u00c0 travers ses textiles, gravures et performances, elle explore les empreintes laiss\u00e9es par les corps en mouvement et les traumatismes du pass\u00e9, tout en c\u00e9l\u00e9brant la r\u00e9silience.<\/span><\/p>\t\t\t\t\t\t\t\t<\/div>\n\t\t\t\t<\/div>\n\t\t\t\t<div class=\"elementor-element elementor-element-9ec25de elementor-widget elementor-widget-text-editor\" data-id=\"9ec25de\" data-element_type=\"widget\" data-widget_type=\"text-editor.default\">\n\t\t\t\t<div class=\"elementor-widget-container\">\n\t\t\t\t\t\t\t\t\t<h4><b>Cr\u00e9er comme acte de lib\u00e9ration<\/b><\/h4>\n<p><span style=\"font-weight: 400;\">Pour elle, l\u2019acte de cr\u00e9ation est un exutoire. Son travail lui permet de surmonter ses propres peurs et de s\u2019affranchir d\u2019une certaine r\u00e9serve naturelle. Chaque \u0153uvre devient une voix alternative \u00e0 la parole.<\/span><\/p>\t\t\t\t\t\t\t\t<\/div>\n\t\t\t\t<\/div>\n\t\t\t\t\t<\/div>\n\t\t<\/div>\n\t\t\t\t\t<\/div>\n\t\t<\/section>\n\t\t\t\t<section class=\"elementor-section elementor-top-section elementor-element elementor-element-8d568e7 elementor-section-boxed elementor-section-height-default elementor-section-height-default\" data-id=\"8d568e7\" data-element_type=\"section\">\n\t\t\t\t\t\t<div class=\"elementor-container elementor-column-gap-default\">\n\t\t\t\t\t<div class=\"elementor-column elementor-col-100 elementor-top-column elementor-element elementor-element-816b9df\" data-id=\"816b9df\" data-element_type=\"column\">\n\t\t\t<div class=\"elementor-widget-wrap elementor-element-populated\">\n\t\t\t\t\t\t<div class=\"elementor-element elementor-element-0fc3d20 elementor-widget elementor-widget-heading\" data-id=\"0fc3d20\" data-element_type=\"widget\" data-widget_type=\"heading.default\">\n\t\t\t\t<div class=\"elementor-widget-container\">\n\t\t\t\t\t<h2 class=\"elementor-heading-title elementor-size-default\">Une reconnaissance tardive mais m\u00e9rit\u00e9e<\/h2>\t\t\t\t<\/div>\n\t\t\t\t<\/div>\n\t\t\t\t<div class=\"elementor-element elementor-element-6e1eebc elementor-widget elementor-widget-text-editor\" data-id=\"6e1eebc\" data-element_type=\"widget\" data-widget_type=\"text-editor.default\">\n\t\t\t\t<div class=\"elementor-widget-container\">\n\t\t\t\t\t\t\t\t\t<h4><b>&#8220;Le Grand Livre&#8221; au Centre Pompidou<\/b><\/h4>\n<p><span style=\"font-weight: 400;\">Apr\u00e8s un long parcours, &#8220;Le Grand Livre&#8221; int\u00e8gre le Centre Pompidou sous l\u2019impulsion de la commissaire Alice Knak. Cette exposition, qui met en lumi\u00e8re les circulations artistiques et les luttes anticoloniales, repr\u00e9sente une cons\u00e9cration pour l\u2019artiste.<\/span><\/p>\t\t\t\t\t\t\t\t<\/div>\n\t\t\t\t<\/div>\n\t\t\t\t<div class=\"elementor-element elementor-element-6c429d1 elementor-widget elementor-widget-text-editor\" data-id=\"6c429d1\" data-element_type=\"widget\" data-widget_type=\"text-editor.default\">\n\t\t\t\t<div class=\"elementor-widget-container\">\n\t\t\t\t\t\t\t\t\t<h4><b>Une artiste salu\u00e9e \u00e0 l\u2019international<\/b><\/h4>\n<p><span style=\"font-weight: 400;\">En 2023, Roseman Robinot re\u00e7oit le Prix d\u2019Honneur AWARE pour son apport \u00e0 l\u2019art contemporain. Invit\u00e9e \u00e0 plusieurs \u00e9v\u00e9nements prestigieux, notamment dans le cadre des JO Culturels de Paris 2024, elle poursuit son engagement avec d\u00e9termination.<\/span><\/p>\t\t\t\t\t\t\t\t<\/div>\n\t\t\t\t<\/div>\n\t\t\t\t\t<\/div>\n\t\t<\/div>\n\t\t\t\t\t<\/div>\n\t\t<\/section>\n\t\t\t\t<section class=\"elementor-section elementor-top-section elementor-element elementor-element-71c01f9 elementor-section-boxed elementor-section-height-default elementor-section-height-default\" data-id=\"71c01f9\" data-element_type=\"section\">\n\t\t\t\t\t\t<div class=\"elementor-container elementor-column-gap-default\">\n\t\t\t\t\t<div class=\"elementor-column elementor-col-100 elementor-top-column elementor-element elementor-element-1b310ac\" data-id=\"1b310ac\" data-element_type=\"column\">\n\t\t\t<div class=\"elementor-widget-wrap elementor-element-populated\">\n\t\t\t\t\t\t<div class=\"elementor-element elementor-element-8bdc154 elementor-widget elementor-widget-heading\" data-id=\"8bdc154\" data-element_type=\"widget\" data-widget_type=\"heading.default\">\n\t\t\t\t<div class=\"elementor-widget-container\">\n\t\t\t\t\t<h2 class=\"elementor-heading-title elementor-size-default\">Un legs artistique porteur de sens<\/h2>\t\t\t\t<\/div>\n\t\t\t\t<\/div>\n\t\t\t\t<div class=\"elementor-element elementor-element-b67dd45 elementor-widget elementor-widget-text-editor\" data-id=\"b67dd45\" data-element_type=\"widget\" data-widget_type=\"text-editor.default\">\n\t\t\t\t<div class=\"elementor-widget-container\">\n\t\t\t\t\t\t\t\t\t<h4><b>Un message universel<\/b><\/h4>\n<p><span style=\"font-weight: 400;\">\u00c0 travers ses \u0153uvres, Roseman Robinot incite \u00e0 une r\u00e9flexion sur le rapport entre l\u2019homme, la nature et la m\u00e9moire. Son travail met en valeur les peuples premiers et cr\u00e9e un dialogue entre pass\u00e9 et pr\u00e9sent.<\/span><\/p>\t\t\t\t\t\t\t\t<\/div>\n\t\t\t\t<\/div>\n\t\t\t\t<div class=\"elementor-element elementor-element-9135f5c elementor-widget elementor-widget-text-editor\" data-id=\"9135f5c\" data-element_type=\"widget\" data-widget_type=\"text-editor.default\">\n\t\t\t\t<div class=\"elementor-widget-container\">\n\t\t\t\t\t\t\t\t\t<h4><b>Une source d\u2019inspiration pour les g\u00e9n\u00e9rations futures<\/b><\/h4>\n<p><span style=\"font-weight: 400;\">Son parcours t\u00e9moigne de l\u2019importance de l\u2019authenticit\u00e9 et de la pers\u00e9v\u00e9rance dans la qu\u00eate de reconnaissance. Il rappelle que chacun joue un r\u00f4le dans la transmission et la pr\u00e9servation de la m\u00e9moire collective.<\/span><\/p>\t\t\t\t\t\t\t\t<\/div>\n\t\t\t\t<\/div>\n\t\t\t\t\t<\/div>\n\t\t<\/div>\n\t\t\t\t\t<\/div>\n\t\t<\/section>\n\t\t\t\t<section class=\"elementor-section elementor-top-section elementor-element elementor-element-603d7ee elementor-section-boxed elementor-section-height-default elementor-section-height-default\" data-id=\"603d7ee\" data-element_type=\"section\">\n\t\t\t\t\t\t<div class=\"elementor-container elementor-column-gap-default\">\n\t\t\t\t\t<div class=\"elementor-column elementor-col-100 elementor-top-column elementor-element elementor-element-5055406\" data-id=\"5055406\" data-element_type=\"column\">\n\t\t\t<div class=\"elementor-widget-wrap elementor-element-populated\">\n\t\t\t\t\t\t<div class=\"elementor-element elementor-element-504732d elementor-widget elementor-widget-text-editor\" data-id=\"504732d\" data-element_type=\"widget\" data-widget_type=\"text-editor.default\">\n\t\t\t\t<div class=\"elementor-widget-container\">\n\t\t\t\t\t\t\t\t\t<p><span style=\"font-weight: 400;\">Roseman Robinot est une artiste engag\u00e9e dont l\u2019\u0153uvre d\u00e9passe les fronti\u00e8res culturelles et temporelles. Avec &#8220;Le Grand Livre&#8221;, elle propose une r\u00e9flexion profonde sur l\u2019histoire et l\u2019identit\u00e9 tout en mettant \u00e0 l\u2019honneur la richesse de la Guyane. Pour admirer cette \u0153uvre majeure, rendez-vous au Centre Pompidou jusqu\u2019au 30 juin 2025.<\/span><\/p>\t\t\t\t\t\t\t\t<\/div>\n\t\t\t\t<\/div>\n\t\t\t\t\t<\/div>\n\t\t<\/div>\n\t\t\t\t\t<\/div>\n\t\t<\/section>\n\t\t\t\t<\/div>\n\t\t","protected":false},"excerpt":{"rendered":"<p>L\u2019artiste plasticienne guyanaise Roseman Robinot occupe une place essentielle dans le paysage artistique contemporain. Avec &#8220;Le Grand Livre&#8221;, \u0153uvre embl\u00e9matique expos\u00e9e au Centre Pompidou dans le cadre de &#8220;Paris Noir&#8220;, elle interroge l\u2019histoire, l\u2019identit\u00e9 et la spiritualit\u00e9. Cette cr\u00e9ation, r\u00e9alis\u00e9e en 1990, rejoint enfin une collection prestigieuse. Mais qui est cette artiste autodidacte et quel [&hellip;]<\/p>\n","protected":false},"author":662,"featured_media":48002,"comment_status":"open","ping_status":"open","sticky":false,"template":"","format":"standard","meta":{"_acf_changed":false,"footnotes":""},"categories":[813],"tags":[1544],"class_list":["post-47968","post","type-post","status-publish","format-standard","has-post-thumbnail","hentry","category-arts-visuels","tag-guyane-2"],"acf":[],"_links":{"self":[{"href":"https:\/\/richeskarayib.com\/fr\/wp-json\/wp\/v2\/posts\/47968","targetHints":{"allow":["GET"]}}],"collection":[{"href":"https:\/\/richeskarayib.com\/fr\/wp-json\/wp\/v2\/posts"}],"about":[{"href":"https:\/\/richeskarayib.com\/fr\/wp-json\/wp\/v2\/types\/post"}],"author":[{"embeddable":true,"href":"https:\/\/richeskarayib.com\/fr\/wp-json\/wp\/v2\/users\/662"}],"replies":[{"embeddable":true,"href":"https:\/\/richeskarayib.com\/fr\/wp-json\/wp\/v2\/comments?post=47968"}],"version-history":[{"count":0,"href":"https:\/\/richeskarayib.com\/fr\/wp-json\/wp\/v2\/posts\/47968\/revisions"}],"wp:featuredmedia":[{"embeddable":true,"href":"https:\/\/richeskarayib.com\/fr\/wp-json\/wp\/v2\/media\/48002"}],"wp:attachment":[{"href":"https:\/\/richeskarayib.com\/fr\/wp-json\/wp\/v2\/media?parent=47968"}],"wp:term":[{"taxonomy":"category","embeddable":true,"href":"https:\/\/richeskarayib.com\/fr\/wp-json\/wp\/v2\/categories?post=47968"},{"taxonomy":"post_tag","embeddable":true,"href":"https:\/\/richeskarayib.com\/fr\/wp-json\/wp\/v2\/tags?post=47968"}],"curies":[{"name":"wp","href":"https:\/\/api.w.org\/{rel}","templated":true}]}}