{"id":48032,"date":"2025-04-02T12:59:28","date_gmt":"2025-04-02T16:59:28","guid":{"rendered":"https:\/\/richeskarayib.com\/?p=48032"},"modified":"2025-04-02T12:59:28","modified_gmt":"2025-04-02T16:59:28","slug":"jazz-n-creole-2025-un-rendez-vous-musical","status":"publish","type":"post","link":"https:\/\/richeskarayib.com\/fr\/jazz-n-creole-2025-un-rendez-vous-musical\/","title":{"rendered":"Dominique &#8211; Jazz n Creole 2025 : Un rendez-vous musical et culturel"},"content":{"rendered":"\t\t<div data-elementor-type=\"wp-post\" data-elementor-id=\"48032\" class=\"elementor elementor-48032\" data-elementor-post-type=\"post\">\n\t\t\t\t\t\t<section class=\"elementor-section elementor-top-section elementor-element elementor-element-0776f58 elementor-section-boxed elementor-section-height-default elementor-section-height-default\" data-id=\"0776f58\" data-element_type=\"section\">\n\t\t\t\t\t\t<div class=\"elementor-container elementor-column-gap-default\">\n\t\t\t\t\t<div class=\"elementor-column elementor-col-100 elementor-top-column elementor-element elementor-element-1b3db7e\" data-id=\"1b3db7e\" data-element_type=\"column\">\n\t\t\t<div class=\"elementor-widget-wrap elementor-element-populated\">\n\t\t\t\t\t\t<div class=\"elementor-element elementor-element-c3960f6 elementor-widget elementor-widget-text-editor\" data-id=\"c3960f6\" data-element_type=\"widget\" data-widget_type=\"text-editor.default\">\n\t\t\t\t<div class=\"elementor-widget-container\">\n\t\t\t\t\t\t\t\t\t<p><span style=\"font-weight: 400;\">Le <\/span><a href=\"https:\/\/dominicafestivals.com\/jazz-home\/\" target=\"_blank\" rel=\"noopener nofollow\"><i><span style=\"font-weight: 400;\">Jazz n Creole 2025<\/span><\/i><\/a><span style=\"font-weight: 400;\"> s\u2019annonce comme une exp\u00e9rience inoubliable pour tous les amateurs de musique et de culture. Cet \u00e9v\u00e9nement embl\u00e9matique de la <a href=\"https:\/\/richeskarayib.com\/fr\/caribbean-women-in-leadership-ciwil-femmes\/\" target=\"_blank\" rel=\"noopener\">Dominique<\/a>, qui se tiendra le dimanche 4 mai au magnifique Fort Shirley dans le Parc National des Cabrits \u00e0 Portsmouth, promet une fusion captivante entre jazz, rythmes carib\u00e9ens et immersion culturelle. Avec une programmation m\u00ealant artistes internationaux et talents locaux, ce festival est bien plus qu\u2019un simple concert : c\u2019est une v\u00e9ritable c\u00e9l\u00e9bration de l\u2019identit\u00e9 artistique et culturelle dominicaine.<\/span><\/p>\t\t\t\t\t\t\t\t<\/div>\n\t\t\t\t<\/div>\n\t\t\t\t\t<\/div>\n\t\t<\/div>\n\t\t\t\t\t<\/div>\n\t\t<\/section>\n\t\t\t\t<section class=\"elementor-section elementor-top-section elementor-element elementor-element-1e52063 elementor-section-boxed elementor-section-height-default elementor-section-height-default\" data-id=\"1e52063\" data-element_type=\"section\">\n\t\t\t\t\t\t<div class=\"elementor-container elementor-column-gap-default\">\n\t\t\t\t\t<div class=\"elementor-column elementor-col-100 elementor-top-column elementor-element elementor-element-2465457\" data-id=\"2465457\" data-element_type=\"column\">\n\t\t\t<div class=\"elementor-widget-wrap elementor-element-populated\">\n\t\t\t\t\t\t<div class=\"elementor-element elementor-element-2745f7f elementor-widget elementor-widget-heading\" data-id=\"2745f7f\" data-element_type=\"widget\" data-widget_type=\"heading.default\">\n\t\t\t\t<div class=\"elementor-widget-container\">\n\t\t\t\t\t<h2 class=\"elementor-heading-title elementor-size-default\">Le cadre du Jazz n Creole 2025<\/h2>\t\t\t\t<\/div>\n\t\t\t\t<\/div>\n\t\t\t\t<div class=\"elementor-element elementor-element-61ff885 elementor-widget elementor-widget-text-editor\" data-id=\"61ff885\" data-element_type=\"widget\" data-widget_type=\"text-editor.default\">\n\t\t\t\t<div class=\"elementor-widget-container\">\n\t\t\t\t\t\t\t\t\t<p><span style=\"font-weight: 400;\">Imaginez-vous entour\u00e9 par la beaut\u00e9 naturelle de la Dominique, avec le Fort Shirley comme toile de fond. Nich\u00e9 dans le Parc National des Cabrits, ce site historique offre un m\u00e9lange unique d\u2019histoire coloniale et de paysages tropicaux. Ce cadre idyllique amplifie l\u2019atmosph\u00e8re magique du festival, permettant aux spectateurs de se plonger pleinement dans une exp\u00e9rience culturelle authentique. La vue imprenable sur la mer des Cara\u00efbes ajoute une touche suppl\u00e9mentaire \u00e0 cette ambiance f\u00e9\u00e9rique.<\/span><\/p>\t\t\t\t\t\t\t\t<\/div>\n\t\t\t\t<\/div>\n\t\t\t\t\t<\/div>\n\t\t<\/div>\n\t\t\t\t\t<\/div>\n\t\t<\/section>\n\t\t\t\t<section class=\"elementor-section elementor-top-section elementor-element elementor-element-a8efc3e elementor-section-boxed elementor-section-height-default elementor-section-height-default\" data-id=\"a8efc3e\" data-element_type=\"section\">\n\t\t\t\t\t\t<div class=\"elementor-container elementor-column-gap-default\">\n\t\t\t\t\t<div class=\"elementor-column elementor-col-100 elementor-top-column elementor-element elementor-element-b4ed07d\" data-id=\"b4ed07d\" data-element_type=\"column\">\n\t\t\t<div class=\"elementor-widget-wrap elementor-element-populated\">\n\t\t\t\t\t\t<div class=\"elementor-element elementor-element-cc7abba elementor-widget elementor-widget-heading\" data-id=\"cc7abba\" data-element_type=\"widget\" data-widget_type=\"heading.default\">\n\t\t\t\t<div class=\"elementor-widget-container\">\n\t\t\t\t\t<h2 class=\"elementor-heading-title elementor-size-default\">Les t\u00eates d'affiche internationales et locales<\/h2>\t\t\t\t<\/div>\n\t\t\t\t<\/div>\n\t\t\t\t<div class=\"elementor-element elementor-element-13c2b0d elementor-widget elementor-widget-text-editor\" data-id=\"13c2b0d\" data-element_type=\"widget\" data-widget_type=\"text-editor.default\">\n\t\t\t\t<div class=\"elementor-widget-container\">\n\t\t\t\t\t\t\t\t\t<p><span style=\"font-weight: 400;\">La programmation musicale du <\/span><a href=\"https:\/\/www.facebook.com\/DominicaFests\" target=\"_blank\" rel=\"noopener nofollow\"><i><span style=\"font-weight: 400;\">Jazz n Creole 2025<\/span><\/i><\/a><span style=\"font-weight: 400;\"> est tout simplement exceptionnelle. Parmi les t\u00eates d\u2019affiche internationales figure Etienne Charles, trompettiste renomm\u00e9 originaire de Trinidad et Tobago. Connu pour son style innovant m\u00ealant jazz traditionnel et influences carib\u00e9ennes, Etienne promet une performance m\u00e9morable.<\/span><\/p>\t\t\t\t\t\t\t\t<\/div>\n\t\t\t\t<\/div>\n\t\t\t\t<section class=\"elementor-section elementor-inner-section elementor-element elementor-element-a358bbf elementor-section-boxed elementor-section-height-default elementor-section-height-default\" data-id=\"a358bbf\" data-element_type=\"section\">\n\t\t\t\t\t\t<div class=\"elementor-container elementor-column-gap-default\">\n\t\t\t\t\t<div class=\"elementor-column elementor-col-100 elementor-inner-column elementor-element elementor-element-58e8e9c\" data-id=\"58e8e9c\" data-element_type=\"column\">\n\t\t\t<div class=\"elementor-widget-wrap elementor-element-populated\">\n\t\t\t\t\t\t<div class=\"elementor-element elementor-element-ebbd831 elementor-widget elementor-widget-image\" data-id=\"ebbd831\" data-element_type=\"widget\" data-widget_type=\"image.default\">\n\t\t\t\t<div class=\"elementor-widget-container\">\n\t\t\t\t\t\t\t\t\t\t\t\t<figure class=\"wp-caption\">\n\t\t\t\t\t\t\t\t\t\t<img fetchpriority=\"high\" decoding=\"async\" width=\"800\" height=\"999\" src=\"https:\/\/richeskarayib.com\/wp-content\/uploads\/2025\/04\/485786166_1223971242453324_4958075084931785392_n-1-820x1024.jpg\" class=\"attachment-large size-large wp-image-48037\" alt=\"Jazz n Creole 2025\" srcset=\"https:\/\/richeskarayib.com\/wp-content\/uploads\/2025\/04\/485786166_1223971242453324_4958075084931785392_n-1-820x1024.jpg 820w, https:\/\/richeskarayib.com\/wp-content\/uploads\/2025\/04\/485786166_1223971242453324_4958075084931785392_n-1-240x300.jpg 240w, https:\/\/richeskarayib.com\/wp-content\/uploads\/2025\/04\/485786166_1223971242453324_4958075084931785392_n-1-768x959.jpg 768w, https:\/\/richeskarayib.com\/wp-content\/uploads\/2025\/04\/485786166_1223971242453324_4958075084931785392_n-1-1229x1536.jpg 1229w, https:\/\/richeskarayib.com\/wp-content\/uploads\/2025\/04\/485786166_1223971242453324_4958075084931785392_n-1-1320x1649.jpg 1320w, https:\/\/richeskarayib.com\/wp-content\/uploads\/2025\/04\/485786166_1223971242453324_4958075084931785392_n-1.jpg 1440w\" sizes=\"(max-width: 800px) 100vw, 800px\" \/>\t\t\t\t\t\t\t\t\t\t\t<figcaption class=\"widget-image-caption wp-caption-text\">Etienne Charles<\/figcaption>\n\t\t\t\t\t\t\t\t\t\t<\/figure>\n\t\t\t\t\t\t\t\t\t<\/div>\n\t\t\t\t<\/div>\n\t\t\t\t\t<\/div>\n\t\t<\/div>\n\t\t\t\t\t<\/div>\n\t\t<\/section>\n\t\t\t\t<div class=\"elementor-element elementor-element-7adc008 elementor-widget elementor-widget-text-editor\" data-id=\"7adc008\" data-element_type=\"widget\" data-widget_type=\"text-editor.default\">\n\t\t\t\t<div class=\"elementor-widget-container\">\n\t\t\t\t\t\t\t\t\t<p><span style=\"font-weight: 400;\">Autre star internationale : Etana, chanteuse reggae jama\u00efcaine acclam\u00e9e pour sa voix puissante et ses textes inspirants. Sa pr\u00e9sence ajoute une dimension reggae au festival, enrichissant encore davantage la diversit\u00e9 musicale.<\/span><\/p>\t\t\t\t\t\t\t\t<\/div>\n\t\t\t\t<\/div>\n\t\t\t\t<section class=\"elementor-section elementor-inner-section elementor-element elementor-element-e420e41 elementor-section-boxed elementor-section-height-default elementor-section-height-default\" data-id=\"e420e41\" data-element_type=\"section\">\n\t\t\t\t\t\t<div class=\"elementor-container elementor-column-gap-default\">\n\t\t\t\t\t<div class=\"elementor-column elementor-col-100 elementor-inner-column elementor-element elementor-element-ac94ef4\" data-id=\"ac94ef4\" data-element_type=\"column\">\n\t\t\t<div class=\"elementor-widget-wrap elementor-element-populated\">\n\t\t\t\t\t\t<div class=\"elementor-element elementor-element-1be6cd8 elementor-widget elementor-widget-image\" data-id=\"1be6cd8\" data-element_type=\"widget\" data-widget_type=\"image.default\">\n\t\t\t\t<div class=\"elementor-widget-container\">\n\t\t\t\t\t\t\t\t\t\t\t\t<figure class=\"wp-caption\">\n\t\t\t\t\t\t\t\t\t\t<img decoding=\"async\" width=\"800\" height=\"999\" src=\"https:\/\/richeskarayib.com\/wp-content\/uploads\/2025\/04\/486863721_1223971129120002_6227707083834177657_n-820x1024.jpg\" class=\"attachment-large size-large wp-image-48041\" alt=\"Jazz n Creole 2025\" srcset=\"https:\/\/richeskarayib.com\/wp-content\/uploads\/2025\/04\/486863721_1223971129120002_6227707083834177657_n-820x1024.jpg 820w, https:\/\/richeskarayib.com\/wp-content\/uploads\/2025\/04\/486863721_1223971129120002_6227707083834177657_n-240x300.jpg 240w, https:\/\/richeskarayib.com\/wp-content\/uploads\/2025\/04\/486863721_1223971129120002_6227707083834177657_n-768x959.jpg 768w, https:\/\/richeskarayib.com\/wp-content\/uploads\/2025\/04\/486863721_1223971129120002_6227707083834177657_n-1229x1536.jpg 1229w, https:\/\/richeskarayib.com\/wp-content\/uploads\/2025\/04\/486863721_1223971129120002_6227707083834177657_n-1320x1649.jpg 1320w, https:\/\/richeskarayib.com\/wp-content\/uploads\/2025\/04\/486863721_1223971129120002_6227707083834177657_n.jpg 1440w\" sizes=\"(max-width: 800px) 100vw, 800px\" \/>\t\t\t\t\t\t\t\t\t\t\t<figcaption class=\"widget-image-caption wp-caption-text\">Etana<\/figcaption>\n\t\t\t\t\t\t\t\t\t\t<\/figure>\n\t\t\t\t\t\t\t\t\t<\/div>\n\t\t\t\t<\/div>\n\t\t\t\t\t<\/div>\n\t\t<\/div>\n\t\t\t\t\t<\/div>\n\t\t<\/section>\n\t\t\t\t<div class=\"elementor-element elementor-element-c2c61cd elementor-widget elementor-widget-text-editor\" data-id=\"c2c61cd\" data-element_type=\"widget\" data-widget_type=\"text-editor.default\">\n\t\t\t\t<div class=\"elementor-widget-container\">\n\t\t\t\t\t\t\t\t\t<p><span style=\"font-weight: 400;\">C\u00f4t\u00e9 local, la Dominique est fi\u00e8rement repr\u00e9sent\u00e9e par Marie-Claire Giraud, chanteuse d\u2019op\u00e9ra et de jazz dont le talent a conquis les sc\u00e8nes internationales. \u00c0 ses c\u00f4t\u00e9s, des groupes tels que les Swingin\u2019 Stars, The Signal Band, ColtonT ou encore Abiyah Israel apporteront une \u00a0forte \u00e9nergie gr\u00e2ce \u00e0 leurs styles vari\u00e9s allant du calypso au bouyon.<\/span><\/p>\t\t\t\t\t\t\t\t<\/div>\n\t\t\t\t<\/div>\n\t\t\t\t<section class=\"elementor-section elementor-inner-section elementor-element elementor-element-69713eb elementor-section-boxed elementor-section-height-default elementor-section-height-default\" data-id=\"69713eb\" data-element_type=\"section\">\n\t\t\t\t\t\t<div class=\"elementor-container elementor-column-gap-default\">\n\t\t\t\t\t<div class=\"elementor-column elementor-col-25 elementor-inner-column elementor-element elementor-element-44e8c26\" data-id=\"44e8c26\" data-element_type=\"column\">\n\t\t\t<div class=\"elementor-widget-wrap elementor-element-populated\">\n\t\t\t\t\t\t<div class=\"elementor-element elementor-element-0e37cdb elementor-widget elementor-widget-image\" data-id=\"0e37cdb\" data-element_type=\"widget\" data-widget_type=\"image.default\">\n\t\t\t\t<div class=\"elementor-widget-container\">\n\t\t\t\t\t\t\t\t\t\t\t\t<figure class=\"wp-caption\">\n\t\t\t\t\t\t\t\t\t\t<img decoding=\"async\" width=\"800\" height=\"999\" src=\"https:\/\/richeskarayib.com\/wp-content\/uploads\/2025\/04\/Marie-Claire-Giraud-820x1024.jpg\" class=\"attachment-large size-large wp-image-48045\" alt=\"Jazz n Creole 2025\" srcset=\"https:\/\/richeskarayib.com\/wp-content\/uploads\/2025\/04\/Marie-Claire-Giraud-820x1024.jpg 820w, https:\/\/richeskarayib.com\/wp-content\/uploads\/2025\/04\/Marie-Claire-Giraud-240x300.jpg 240w, https:\/\/richeskarayib.com\/wp-content\/uploads\/2025\/04\/Marie-Claire-Giraud-768x959.jpg 768w, https:\/\/richeskarayib.com\/wp-content\/uploads\/2025\/04\/Marie-Claire-Giraud-1229x1536.jpg 1229w, https:\/\/richeskarayib.com\/wp-content\/uploads\/2025\/04\/Marie-Claire-Giraud-1320x1649.jpg 1320w, https:\/\/richeskarayib.com\/wp-content\/uploads\/2025\/04\/Marie-Claire-Giraud.jpg 1440w\" sizes=\"(max-width: 800px) 100vw, 800px\" \/>\t\t\t\t\t\t\t\t\t\t\t<figcaption class=\"widget-image-caption wp-caption-text\">Marie-Claire Giraud<\/figcaption>\n\t\t\t\t\t\t\t\t\t\t<\/figure>\n\t\t\t\t\t\t\t\t\t<\/div>\n\t\t\t\t<\/div>\n\t\t\t\t\t<\/div>\n\t\t<\/div>\n\t\t\t\t<div class=\"elementor-column elementor-col-25 elementor-inner-column elementor-element elementor-element-b2335a2\" data-id=\"b2335a2\" data-element_type=\"column\">\n\t\t\t<div class=\"elementor-widget-wrap elementor-element-populated\">\n\t\t\t\t\t\t<div class=\"elementor-element elementor-element-5957900 elementor-widget elementor-widget-image\" data-id=\"5957900\" data-element_type=\"widget\" data-widget_type=\"image.default\">\n\t\t\t\t<div class=\"elementor-widget-container\">\n\t\t\t\t\t\t\t\t\t\t\t\t<figure class=\"wp-caption\">\n\t\t\t\t\t\t\t\t\t\t<img loading=\"lazy\" decoding=\"async\" width=\"800\" height=\"999\" src=\"https:\/\/richeskarayib.com\/wp-content\/uploads\/2025\/04\/Swingin-Stars-820x1024.jpg\" class=\"attachment-large size-large wp-image-48049\" alt=\"Jazz n Creole 2025\" srcset=\"https:\/\/richeskarayib.com\/wp-content\/uploads\/2025\/04\/Swingin-Stars-820x1024.jpg 820w, https:\/\/richeskarayib.com\/wp-content\/uploads\/2025\/04\/Swingin-Stars-240x300.jpg 240w, https:\/\/richeskarayib.com\/wp-content\/uploads\/2025\/04\/Swingin-Stars-768x959.jpg 768w, https:\/\/richeskarayib.com\/wp-content\/uploads\/2025\/04\/Swingin-Stars-1229x1536.jpg 1229w, https:\/\/richeskarayib.com\/wp-content\/uploads\/2025\/04\/Swingin-Stars-1320x1649.jpg 1320w, https:\/\/richeskarayib.com\/wp-content\/uploads\/2025\/04\/Swingin-Stars.jpg 1440w\" sizes=\"(max-width: 800px) 100vw, 800px\" \/>\t\t\t\t\t\t\t\t\t\t\t<figcaption class=\"widget-image-caption wp-caption-text\">Swingin\u2019 Stars<\/figcaption>\n\t\t\t\t\t\t\t\t\t\t<\/figure>\n\t\t\t\t\t\t\t\t\t<\/div>\n\t\t\t\t<\/div>\n\t\t\t\t\t<\/div>\n\t\t<\/div>\n\t\t\t\t<div class=\"elementor-column elementor-col-25 elementor-inner-column elementor-element elementor-element-11ae20b\" data-id=\"11ae20b\" data-element_type=\"column\">\n\t\t\t<div class=\"elementor-widget-wrap elementor-element-populated\">\n\t\t\t\t\t\t<div class=\"elementor-element elementor-element-0bf5586 elementor-widget elementor-widget-image\" data-id=\"0bf5586\" data-element_type=\"widget\" data-widget_type=\"image.default\">\n\t\t\t\t<div class=\"elementor-widget-container\">\n\t\t\t\t\t\t\t\t\t\t\t\t<figure class=\"wp-caption\">\n\t\t\t\t\t\t\t\t\t\t<img loading=\"lazy\" decoding=\"async\" width=\"800\" height=\"999\" src=\"https:\/\/richeskarayib.com\/wp-content\/uploads\/2025\/04\/Signal-Band-820x1024.jpg\" class=\"attachment-large size-large wp-image-48053\" alt=\"Jazz n Creole 2025\" srcset=\"https:\/\/richeskarayib.com\/wp-content\/uploads\/2025\/04\/Signal-Band-820x1024.jpg 820w, https:\/\/richeskarayib.com\/wp-content\/uploads\/2025\/04\/Signal-Band-240x300.jpg 240w, https:\/\/richeskarayib.com\/wp-content\/uploads\/2025\/04\/Signal-Band-768x959.jpg 768w, https:\/\/richeskarayib.com\/wp-content\/uploads\/2025\/04\/Signal-Band-1229x1536.jpg 1229w, https:\/\/richeskarayib.com\/wp-content\/uploads\/2025\/04\/Signal-Band-1320x1649.jpg 1320w, https:\/\/richeskarayib.com\/wp-content\/uploads\/2025\/04\/Signal-Band.jpg 1440w\" sizes=\"(max-width: 800px) 100vw, 800px\" \/>\t\t\t\t\t\t\t\t\t\t\t<figcaption class=\"widget-image-caption wp-caption-text\">Signal Band<\/figcaption>\n\t\t\t\t\t\t\t\t\t\t<\/figure>\n\t\t\t\t\t\t\t\t\t<\/div>\n\t\t\t\t<\/div>\n\t\t\t\t\t<\/div>\n\t\t<\/div>\n\t\t\t\t<div class=\"elementor-column elementor-col-25 elementor-inner-column elementor-element elementor-element-02462f0\" data-id=\"02462f0\" data-element_type=\"column\">\n\t\t\t<div class=\"elementor-widget-wrap elementor-element-populated\">\n\t\t\t\t\t\t<div class=\"elementor-element elementor-element-dbc22a7 elementor-widget elementor-widget-image\" data-id=\"dbc22a7\" data-element_type=\"widget\" data-widget_type=\"image.default\">\n\t\t\t\t<div class=\"elementor-widget-container\">\n\t\t\t\t\t\t\t\t\t\t\t\t<figure class=\"wp-caption\">\n\t\t\t\t\t\t\t\t\t\t<img loading=\"lazy\" decoding=\"async\" width=\"800\" height=\"999\" src=\"https:\/\/richeskarayib.com\/wp-content\/uploads\/2025\/04\/ColtonT-820x1024.jpg\" class=\"attachment-large size-large wp-image-48057\" alt=\"Jazz n Creole 2025\" srcset=\"https:\/\/richeskarayib.com\/wp-content\/uploads\/2025\/04\/ColtonT-820x1024.jpg 820w, https:\/\/richeskarayib.com\/wp-content\/uploads\/2025\/04\/ColtonT-240x300.jpg 240w, https:\/\/richeskarayib.com\/wp-content\/uploads\/2025\/04\/ColtonT-768x959.jpg 768w, https:\/\/richeskarayib.com\/wp-content\/uploads\/2025\/04\/ColtonT-1229x1536.jpg 1229w, https:\/\/richeskarayib.com\/wp-content\/uploads\/2025\/04\/ColtonT-1320x1649.jpg 1320w, https:\/\/richeskarayib.com\/wp-content\/uploads\/2025\/04\/ColtonT.jpg 1440w\" sizes=\"(max-width: 800px) 100vw, 800px\" \/>\t\t\t\t\t\t\t\t\t\t\t<figcaption class=\"widget-image-caption wp-caption-text\">ColtonT<\/figcaption>\n\t\t\t\t\t\t\t\t\t\t<\/figure>\n\t\t\t\t\t\t\t\t\t<\/div>\n\t\t\t\t<\/div>\n\t\t\t\t\t<\/div>\n\t\t<\/div>\n\t\t\t\t\t<\/div>\n\t\t<\/section>\n\t\t\t\t\t<\/div>\n\t\t<\/div>\n\t\t\t\t\t<\/div>\n\t\t<\/section>\n\t\t\t\t<section class=\"elementor-section elementor-top-section elementor-element elementor-element-08d8b7f elementor-section-boxed elementor-section-height-default elementor-section-height-default\" data-id=\"08d8b7f\" data-element_type=\"section\">\n\t\t\t\t\t\t<div class=\"elementor-container elementor-column-gap-default\">\n\t\t\t\t\t<div class=\"elementor-column elementor-col-100 elementor-top-column elementor-element elementor-element-5859f36\" data-id=\"5859f36\" data-element_type=\"column\">\n\t\t\t<div class=\"elementor-widget-wrap elementor-element-populated\">\n\t\t\t\t\t\t<div class=\"elementor-element elementor-element-3028ecc elementor-widget elementor-widget-heading\" data-id=\"3028ecc\" data-element_type=\"widget\" data-widget_type=\"heading.default\">\n\t\t\t\t<div class=\"elementor-widget-container\">\n\t\t\t\t\t<h2 class=\"elementor-heading-title elementor-size-default\">Les \u00e9v\u00e9nements en marge du festiva<\/h2>\t\t\t\t<\/div>\n\t\t\t\t<\/div>\n\t\t\t\t<div class=\"elementor-element elementor-element-b4bbfbb elementor-widget elementor-widget-text-editor\" data-id=\"b4bbfbb\" data-element_type=\"widget\" data-widget_type=\"text-editor.default\">\n\t\t\t\t<div class=\"elementor-widget-container\">\n\t\t\t\t\t\t\t\t\t<p><span style=\"font-weight: 400;\">Le <\/span><i><span style=\"font-weight: 400;\">Jazz n Creole 2025<\/span><\/i><span style=\"font-weight: 400;\"> ne se limite pas \u00e0 son \u00e9v\u00e9nement principal. Une s\u00e9rie d\u2019\u00e9v\u00e9nements en marge viendra enrichir l\u2019exp\u00e9rience des festivaliers. Ces activit\u00e9s incluent :<\/span><\/p>\n<ul>\n<li style=\"font-weight: 400;\" aria-level=\"1\"><span style=\"font-weight: 400;\">Des performances jazz intimistes dans des lieux pittoresques \u00e0 travers l\u2019\u00eele.<\/span><\/li>\n<li style=\"font-weight: 400;\" aria-level=\"1\"><span style=\"font-weight: 400;\">Des vitrines culturelles mettant en valeur l\u2019artisanat local, la gastronomie cr\u00e9ole et les traditions dominicaines.<\/span><\/li>\n<li style=\"font-weight: 400;\" aria-level=\"1\"><span style=\"font-weight: 400;\">Des c\u00e9l\u00e9brations pr\u00e9-festival qui permettent aux visiteurs de s\u2019immerger progressivement dans l\u2019ambiance festive.<\/span><\/li>\n<\/ul>\t\t\t\t\t\t\t\t<\/div>\n\t\t\t\t<\/div>\n\t\t\t\t<div class=\"elementor-element elementor-element-7937c61 elementor-widget elementor-widget-text-editor\" data-id=\"7937c61\" data-element_type=\"widget\" data-widget_type=\"text-editor.default\">\n\t\t\t\t<div class=\"elementor-widget-container\">\n\t\t\t\t\t\t\t\t\t<p><span style=\"font-weight: 400;\">Ces \u00e9v\u00e9nements satellites jouent un r\u00f4le cl\u00e9 en cr\u00e9ant un sentiment d\u2019anticipation tout en offrant aux participants un avant-go\u00fbt unique du festival principal.<\/span><\/p>\t\t\t\t\t\t\t\t<\/div>\n\t\t\t\t<\/div>\n\t\t\t\t\t<\/div>\n\t\t<\/div>\n\t\t\t\t\t<\/div>\n\t\t<\/section>\n\t\t\t\t<section class=\"elementor-section elementor-top-section elementor-element elementor-element-8d568e7 elementor-section-boxed elementor-section-height-default elementor-section-height-default\" data-id=\"8d568e7\" data-element_type=\"section\">\n\t\t\t\t\t\t<div class=\"elementor-container elementor-column-gap-default\">\n\t\t\t\t\t<div class=\"elementor-column elementor-col-100 elementor-top-column elementor-element elementor-element-816b9df\" data-id=\"816b9df\" data-element_type=\"column\">\n\t\t\t<div class=\"elementor-widget-wrap elementor-element-populated\">\n\t\t\t\t\t\t<div class=\"elementor-element elementor-element-0fc3d20 elementor-widget elementor-widget-heading\" data-id=\"0fc3d20\" data-element_type=\"widget\" data-widget_type=\"heading.default\">\n\t\t\t\t<div class=\"elementor-widget-container\">\n\t\t\t\t\t<h2 class=\"elementor-heading-title elementor-size-default\">Mode et th\u00e8me : Sunset Creole Chic<\/h2>\t\t\t\t<\/div>\n\t\t\t\t<\/div>\n\t\t\t\t<div class=\"elementor-element elementor-element-6e1eebc elementor-widget elementor-widget-text-editor\" data-id=\"6e1eebc\" data-element_type=\"widget\" data-widget_type=\"text-editor.default\">\n\t\t\t\t<div class=\"elementor-widget-container\">\n\t\t\t\t\t\t\t\t\t<p><span style=\"font-weight: 400;\">Le th\u00e8me vestimentaire du <\/span><span style=\"font-weight: 400;\">Jazz n Creole 2025<\/span> <span style=\"font-weight: 400;\">de cette ann\u00e9e, <\/span><i><span style=\"font-weight: 400;\">Sunset Creole Chic<\/span><\/i><span style=\"font-weight: 400;\">, invite les participants \u00e0 s\u2019inspirer des couleurs des couchers de soleil dominicains : corail profond, or riche, orange chaleureux, rouge \u00e9clatant ou encore jaune lumineux. Ces teintes tropicales sont compl\u00e9t\u00e9es par des nuances comme le p\u00eache ou le magenta.<\/span><\/p>\t\t\t\t\t\t\t\t<\/div>\n\t\t\t\t<\/div>\n\t\t\t\t<div class=\"elementor-element elementor-element-6c429d1 elementor-widget elementor-widget-text-editor\" data-id=\"6c429d1\" data-element_type=\"widget\" data-widget_type=\"text-editor.default\">\n\t\t\t\t<div class=\"elementor-widget-container\">\n\t\t\t\t\t\t\t\t\t<p><span style=\"font-weight: 400;\">Pour \u00eatre parfaitement dans le ton :<\/span><\/p>\n<ul>\n<li style=\"font-weight: 400;\" aria-level=\"1\"><span style=\"font-weight: 400;\">Optez pour des robes fluides aux imprim\u00e9s.<\/span><\/li>\n<li style=\"font-weight: 400;\" aria-level=\"1\"><span style=\"font-weight: 400;\">Privil\u00e9giez les tissus l\u00e9gers comme le lin ou le coton.<\/span><\/li>\n<li style=\"font-weight: 400;\" aria-level=\"1\"><span style=\"font-weight: 400;\">Accessoirisez avec des bijoux artisanaux pour une touche locale authentique.<\/span><\/li>\n<\/ul>\n<p><span style=\"font-weight: 400;\">Ce dress code ajoute une dimension visuelle unique au festival tout en refl\u00e9tant l\u2019esth\u00e9tique tropicale de la Dominique.<\/span><\/p>\t\t\t\t\t\t\t\t<\/div>\n\t\t\t\t<\/div>\n\t\t\t\t\t<\/div>\n\t\t<\/div>\n\t\t\t\t\t<\/div>\n\t\t<\/section>\n\t\t\t\t<section class=\"elementor-section elementor-top-section elementor-element elementor-element-71c01f9 elementor-section-boxed elementor-section-height-default elementor-section-height-default\" data-id=\"71c01f9\" data-element_type=\"section\">\n\t\t\t\t\t\t<div class=\"elementor-container elementor-column-gap-default\">\n\t\t\t\t\t<div class=\"elementor-column elementor-col-100 elementor-top-column elementor-element elementor-element-1b310ac\" data-id=\"1b310ac\" data-element_type=\"column\">\n\t\t\t<div class=\"elementor-widget-wrap elementor-element-populated\">\n\t\t\t\t\t\t<div class=\"elementor-element elementor-element-8bdc154 elementor-widget elementor-widget-heading\" data-id=\"8bdc154\" data-element_type=\"widget\" data-widget_type=\"heading.default\">\n\t\t\t\t<div class=\"elementor-widget-container\">\n\t\t\t\t\t<h2 class=\"elementor-heading-title elementor-size-default\">Pourquoi Jazz \u2018n Creole est une exp\u00e9rience unique ?<\/h2>\t\t\t\t<\/div>\n\t\t\t\t<\/div>\n\t\t\t\t<div class=\"elementor-element elementor-element-b67dd45 elementor-widget elementor-widget-text-editor\" data-id=\"b67dd45\" data-element_type=\"widget\" data-widget_type=\"text-editor.default\">\n\t\t\t\t<div class=\"elementor-widget-container\">\n\t\t\t\t\t\t\t\t\t<p><span style=\"font-weight: 400;\">Le <\/span><i><span style=\"font-weight: 400;\">Jazz n Creole 2025<\/span><\/i><span style=\"font-weight: 400;\"> ne se contente pas d\u2019\u00eatre un festival musical ; il s\u2019agit d\u2019une v\u00e9ritable immersion dans la culture dominicaine. La fusion entre musique jazz, rythmes carib\u00e9ens et art local cr\u00e9e une atmosph\u00e8re dynamique qui s\u00e9duit aussi bien les novices que les passionn\u00e9s.<\/span><\/p>\t\t\t\t\t\t\t\t<\/div>\n\t\t\t\t<\/div>\n\t\t\t\t<div class=\"elementor-element elementor-element-c295ac3 elementor-widget elementor-widget-text-editor\" data-id=\"c295ac3\" data-element_type=\"widget\" data-widget_type=\"text-editor.default\">\n\t\t\t\t<div class=\"elementor-widget-container\">\n\t\t\t\t\t\t\t\t\t<p><span style=\"font-weight: 400;\">En outre,\u00a0 le <\/span><span style=\"font-weight: 400;\">Jazz n Creole 2025<\/span> <span style=\"font-weight: 400;\">joue un r\u00f4le crucial dans la promotion touristique de la Dominique. Il attire des visiteurs du monde entier tout en mettant en lumi\u00e8re la richesse culturelle et naturelle de l\u2019\u00eele. Que vous soyez m\u00e9lomane ou simplement curieux, ce festival offre une exp\u00e9rience in\u00e9gal\u00e9e qui restera grav\u00e9e dans votre m\u00e9moire.<\/span><\/p>\t\t\t\t\t\t\t\t<\/div>\n\t\t\t\t<\/div>\n\t\t\t\t\t<\/div>\n\t\t<\/div>\n\t\t\t\t\t<\/div>\n\t\t<\/section>\n\t\t\t\t<section class=\"elementor-section elementor-top-section elementor-element elementor-element-f9b9add elementor-section-boxed elementor-section-height-default elementor-section-height-default\" data-id=\"f9b9add\" data-element_type=\"section\">\n\t\t\t\t\t\t<div class=\"elementor-container elementor-column-gap-default\">\n\t\t\t\t\t<div class=\"elementor-column elementor-col-100 elementor-top-column elementor-element elementor-element-17f8844\" data-id=\"17f8844\" data-element_type=\"column\">\n\t\t\t<div class=\"elementor-widget-wrap elementor-element-populated\">\n\t\t\t\t\t\t<div class=\"elementor-element elementor-element-2e44a1e elementor-widget elementor-widget-text-editor\" data-id=\"2e44a1e\" data-element_type=\"widget\" data-widget_type=\"text-editor.default\">\n\t\t\t\t<div class=\"elementor-widget-container\">\n\t\t\t\t\t\t\t\t\t<p><span style=\"font-weight: 400;\">Le <\/span><i><span style=\"font-weight: 400;\">Jazz n Creole 2025<\/span><\/i><span style=\"font-weight: 400;\"> est bien plus qu\u2019un simple \u00e9v\u00e9nement musical : c\u2019est une c\u00e9l\u00e9bration vivante de tout ce que la Dominique a \u00e0 offrir. Entre son cadre enchanteur, sa programmation exceptionnelle et son ambiance chaleureuse, ce festival promet d\u2019\u00eatre un moment fort pour tous ceux qui y participeront. Alors, pr\u00e9parez vos tenues <\/span><i><span style=\"font-weight: 400;\">Sunset Creole Chic<\/span><\/i><span style=\"font-weight: 400;\"> cette aventure musicale\u00a0 !<\/span><\/p>\t\t\t\t\t\t\t\t<\/div>\n\t\t\t\t<\/div>\n\t\t\t\t\t<\/div>\n\t\t<\/div>\n\t\t\t\t\t<\/div>\n\t\t<\/section>\n\t\t\t\t<\/div>\n\t\t","protected":false},"excerpt":{"rendered":"<p>Le Jazz n Creole 2025 s\u2019annonce comme une exp\u00e9rience inoubliable pour tous les amateurs de musique et de culture. Cet \u00e9v\u00e9nement embl\u00e9matique de la Dominique, qui se tiendra le dimanche 4 mai au magnifique Fort Shirley dans le Parc National des Cabrits \u00e0 Portsmouth, promet une fusion captivante entre jazz, rythmes carib\u00e9ens et immersion culturelle. [&hellip;]<\/p>\n","protected":false},"author":662,"featured_media":48033,"comment_status":"open","ping_status":"open","sticky":false,"template":"","format":"standard","meta":{"_acf_changed":false,"footnotes":""},"categories":[1498],"tags":[1450],"class_list":["post-48032","post","type-post","status-publish","format-standard","has-post-thumbnail","hentry","category-gestion-devenements","tag-dominique-fr"],"acf":[],"_links":{"self":[{"href":"https:\/\/richeskarayib.com\/fr\/wp-json\/wp\/v2\/posts\/48032","targetHints":{"allow":["GET"]}}],"collection":[{"href":"https:\/\/richeskarayib.com\/fr\/wp-json\/wp\/v2\/posts"}],"about":[{"href":"https:\/\/richeskarayib.com\/fr\/wp-json\/wp\/v2\/types\/post"}],"author":[{"embeddable":true,"href":"https:\/\/richeskarayib.com\/fr\/wp-json\/wp\/v2\/users\/662"}],"replies":[{"embeddable":true,"href":"https:\/\/richeskarayib.com\/fr\/wp-json\/wp\/v2\/comments?post=48032"}],"version-history":[{"count":0,"href":"https:\/\/richeskarayib.com\/fr\/wp-json\/wp\/v2\/posts\/48032\/revisions"}],"wp:featuredmedia":[{"embeddable":true,"href":"https:\/\/richeskarayib.com\/fr\/wp-json\/wp\/v2\/media\/48033"}],"wp:attachment":[{"href":"https:\/\/richeskarayib.com\/fr\/wp-json\/wp\/v2\/media?parent=48032"}],"wp:term":[{"taxonomy":"category","embeddable":true,"href":"https:\/\/richeskarayib.com\/fr\/wp-json\/wp\/v2\/categories?post=48032"},{"taxonomy":"post_tag","embeddable":true,"href":"https:\/\/richeskarayib.com\/fr\/wp-json\/wp\/v2\/tags?post=48032"}],"curies":[{"name":"wp","href":"https:\/\/api.w.org\/{rel}","templated":true}]}}