{"id":48081,"date":"2025-04-03T10:05:29","date_gmt":"2025-04-03T14:05:29","guid":{"rendered":"https:\/\/richeskarayib.com\/?p=48081"},"modified":"2025-04-03T12:20:06","modified_gmt":"2025-04-03T16:20:06","slug":"nevis-ile-qui-rayonne-a-l-international","status":"publish","type":"post","link":"https:\/\/richeskarayib.com\/fr\/nevis-ile-qui-rayonne-a-l-international\/","title":{"rendered":"Saint Christophe et Ni\u00e9v\u00e8s &#8211; Nevis : Une petite \u00eele qui rayonne \u00e0 l\u2019international"},"content":{"rendered":"\t\t<div data-elementor-type=\"wp-post\" data-elementor-id=\"48081\" class=\"elementor elementor-48081\" data-elementor-post-type=\"post\">\n\t\t\t\t\t\t<section class=\"elementor-section elementor-top-section elementor-element elementor-element-0776f58 elementor-section-boxed elementor-section-height-default elementor-section-height-default\" data-id=\"0776f58\" data-element_type=\"section\">\n\t\t\t\t\t\t<div class=\"elementor-container elementor-column-gap-default\">\n\t\t\t\t\t<div class=\"elementor-column elementor-col-100 elementor-top-column elementor-element elementor-element-1b3db7e\" data-id=\"1b3db7e\" data-element_type=\"column\">\n\t\t\t<div class=\"elementor-widget-wrap elementor-element-populated\">\n\t\t\t\t\t\t<div class=\"elementor-element elementor-element-c3960f6 elementor-widget elementor-widget-text-editor\" data-id=\"c3960f6\" data-element_type=\"widget\" data-widget_type=\"text-editor.default\">\n\t\t\t\t<div class=\"elementor-widget-container\">\n\t\t\t\t\t\t\t\t\t<p><span style=\"font-weight: 400;\">Nevis, une petite \u00eele nich\u00e9e dans les <a href=\"https:\/\/richeskarayib.com\/fr\/ecole-numerique-2024-inauguration-article\/\" target=\"_blank\" rel=\"noopener\">Cara\u00efbes<\/a>, est aujourd\u2019hui sous le feu des projecteurs internationaux gr\u00e2ce \u00e0 des articles r\u00e9cents dans des publications prestigieuses. Ce joyau tropical attire non seulement les touristes mais aussi les investisseurs et les amateurs de gastronomie, confirmant son statut d\u2019\u00eele dynamique et pleine d\u2019opportunit\u00e9s.<\/span><\/p>\t\t\t\t\t\t\t\t<\/div>\n\t\t\t\t<\/div>\n\t\t\t\t\t<\/div>\n\t\t<\/div>\n\t\t\t\t\t<\/div>\n\t\t<\/section>\n\t\t\t\t<section class=\"elementor-section elementor-top-section elementor-element elementor-element-1e52063 elementor-section-boxed elementor-section-height-default elementor-section-height-default\" data-id=\"1e52063\" data-element_type=\"section\">\n\t\t\t\t\t\t<div class=\"elementor-container elementor-column-gap-default\">\n\t\t\t\t\t<div class=\"elementor-column elementor-col-100 elementor-top-column elementor-element elementor-element-2465457\" data-id=\"2465457\" data-element_type=\"column\">\n\t\t\t<div class=\"elementor-widget-wrap elementor-element-populated\">\n\t\t\t\t\t\t<div class=\"elementor-element elementor-element-2745f7f elementor-widget elementor-widget-heading\" data-id=\"2745f7f\" data-element_type=\"widget\" data-widget_type=\"heading.default\">\n\t\t\t\t<div class=\"elementor-widget-container\">\n\t\t\t\t\t<h2 class=\"elementor-heading-title elementor-size-default\">Nevis : Une \u00eele en plein essor \u00e9conomique<\/h2>\t\t\t\t<\/div>\n\t\t\t\t<\/div>\n\t\t\t\t<div class=\"elementor-element elementor-element-61ff885 elementor-widget elementor-widget-text-editor\" data-id=\"61ff885\" data-element_type=\"widget\" data-widget_type=\"text-editor.default\">\n\t\t\t\t<div class=\"elementor-widget-container\">\n\t\t\t\t\t\t\t\t\t<p><span style=\"font-weight: 400;\">Le 17 mars 2025, le magazine britannique <\/span><i><span style=\"font-weight: 400;\">Business Matters<\/span><\/i><span style=\"font-weight: 400;\"> a publi\u00e9 un article intitul\u00e9 \u00ab <a href=\"https:\/\/www.sknvibes.com\/news\/newsdetails.cfm\/125605\" target=\"_blank\" rel=\"noopener nofollow\">Nevis is open for business<\/a> \u00bb, mettant en lumi\u00e8re l\u2019\u00e9conomie florissante de cette \u00eele carib\u00e9enne. Selon cette publication, Nevis offre un environnement propice aux affaires gr\u00e2ce \u00e0 ses processus simplifi\u00e9s et ses politiques favorables aux entrepreneurs.<\/span><\/p>\t\t\t\t\t\t\t\t<\/div>\n\t\t\t\t<\/div>\n\t\t\t\t<div class=\"elementor-element elementor-element-cc6f33a elementor-widget elementor-widget-text-editor\" data-id=\"cc6f33a\" data-element_type=\"widget\" data-widget_type=\"text-editor.default\">\n\t\t\t\t<div class=\"elementor-widget-container\">\n\t\t\t\t\t\t\t\t\t<p><span style=\"font-weight: 400;\">Les investisseurs trouvent sur cette \u00eele une multitude d\u2019opportunit\u00e9s dans divers secteurs :<\/span><\/p><ul><li style=\"font-weight: 400;\" aria-level=\"1\"><span style=\"font-weight: 400;\">Le tourisme, avec ses plages immacul\u00e9es et son riche patrimoine culturel.<\/span><\/li><li style=\"font-weight: 400;\" aria-level=\"1\"><span style=\"font-weight: 400;\">L\u2019agriculture, qui mise sur la durabilit\u00e9 et la production locale.<\/span><\/li><li style=\"font-weight: 400;\" aria-level=\"1\"><span style=\"font-weight: 400;\">Les services financiers, b\u00e9n\u00e9ficiant d\u2019un cadre r\u00e9glementaire attractif.<\/span><\/li><li style=\"font-weight: 400;\" aria-level=\"1\"><span style=\"font-weight: 400;\">L\u2019immobilier, avec des projets innovants et respectueux de l\u2019environnement.<\/span><\/li><li style=\"font-weight: 400;\" aria-level=\"1\"><span style=\"font-weight: 400;\">Les \u00e9nergies renouvelables, un secteur cl\u00e9 pour l\u2019avenir de l\u2019\u00eele.<\/span><\/li><\/ul>\t\t\t\t\t\t\t\t<\/div>\n\t\t\t\t<\/div>\n\t\t\t\t<div class=\"elementor-element elementor-element-dd22db6 elementor-widget elementor-widget-text-editor\" data-id=\"dd22db6\" data-element_type=\"widget\" data-widget_type=\"text-editor.default\">\n\t\t\t\t<div class=\"elementor-widget-container\">\n\t\t\t\t\t\t\t\t\t<p><span style=\"font-weight: 400;\">Ces atouts font de Nevis une destination id\u00e9ale pour ceux qui souhaitent combiner affaires et qualit\u00e9 de vie exceptionnelle. Avec une fiscalit\u00e9 avantageuse et une administration efficace, Nevis se positionne comme un mod\u00e8le \u00e9conomique dans les Cara\u00efbes.<\/span><\/p>\t\t\t\t\t\t\t\t<\/div>\n\t\t\t\t<\/div>\n\t\t\t\t\t<\/div>\n\t\t<\/div>\n\t\t\t\t\t<\/div>\n\t\t<\/section>\n\t\t\t\t<section class=\"elementor-section elementor-top-section elementor-element elementor-element-a8efc3e elementor-section-boxed elementor-section-height-default elementor-section-height-default\" data-id=\"a8efc3e\" data-element_type=\"section\">\n\t\t\t\t\t\t<div class=\"elementor-container elementor-column-gap-default\">\n\t\t\t\t\t<div class=\"elementor-column elementor-col-100 elementor-top-column elementor-element elementor-element-b4ed07d\" data-id=\"b4ed07d\" data-element_type=\"column\">\n\t\t\t<div class=\"elementor-widget-wrap elementor-element-populated\">\n\t\t\t\t\t\t<div class=\"elementor-element elementor-element-cc7abba elementor-widget elementor-widget-heading\" data-id=\"cc7abba\" data-element_type=\"widget\" data-widget_type=\"heading.default\">\n\t\t\t\t<div class=\"elementor-widget-container\">\n\t\t\t\t\t<h2 class=\"elementor-heading-title elementor-size-default\">Une sc\u00e8ne culinaire unique en son genre<\/h2>\t\t\t\t<\/div>\n\t\t\t\t<\/div>\n\t\t\t\t<div class=\"elementor-element elementor-element-13c2b0d elementor-widget elementor-widget-text-editor\" data-id=\"13c2b0d\" data-element_type=\"widget\" data-widget_type=\"text-editor.default\">\n\t\t\t\t<div class=\"elementor-widget-container\">\n\t\t\t\t\t\t\t\t\t<p><span style=\"font-weight: 400;\">Deux jours apr\u00e8s cet article \u00e9conomique, le 19 mars 2025, <\/span><i><span style=\"font-weight: 400;\">LA Weekly<\/span><\/i><span style=\"font-weight: 400;\">, le magazine am\u00e9ricain lu par plus de quatre millions de visiteurs mensuels, a mis en avant un autre aspect fascinant de Nevis : sa gastronomie. Intitul\u00e9 \u00ab <a href=\"https:\/\/www.laweekly.com\/nevis-culinary-scene-sets-it-apart-from-other-caribbean-islands\/\" target=\"_blank\" rel=\"noopener nofollow\">Nevis\u2019 culinary scene sets it apart from other Caribbean islands<\/a> \u00bb, cet article met en avant la cr\u00e9ativit\u00e9 et l\u2019authenticit\u00e9 des saveurs locales.<\/span><\/p>\t\t\t\t\t\t\t\t<\/div>\n\t\t\t\t<\/div>\n\t\t\t\t<div class=\"elementor-element elementor-element-584b6e8 elementor-widget elementor-widget-text-editor\" data-id=\"584b6e8\" data-element_type=\"widget\" data-widget_type=\"text-editor.default\">\n\t\t\t\t<div class=\"elementor-widget-container\">\n\t\t\t\t\t\t\t\t\t<p><span style=\"font-weight: 400;\">La cuisine de l\u2019\u00eele\u00a0 se distingue par :<\/span><\/p><ul><li style=\"font-weight: 400;\" aria-level=\"1\"><span style=\"font-weight: 400;\">L\u2019utilisation d\u2019ingr\u00e9dients locaux frais tels que les fruits tropicaux et les \u00e9pices.<\/span><\/li><li style=\"font-weight: 400;\" aria-level=\"1\"><span style=\"font-weight: 400;\">Une fusion unique entre traditions carib\u00e9ennes et influences internationales.<\/span><\/li><li style=\"font-weight: 400;\" aria-level=\"1\"><span style=\"font-weight: 400;\">Des \u00e9tablissements locaux qui innovent tout en respectant leur h\u00e9ritage culinaire.<\/span><\/li><\/ul><p><span style=\"font-weight: 400;\">Pour les amateurs de bonne cuisine, visiter l\u2019\u00eele est une exp\u00e9rience sensorielle inoubliable qui refl\u00e8te parfaitement l\u2019identit\u00e9 culturelle de l\u2019\u00eele. Que vous soyez un fin gourmet ou simplement curieux, la sc\u00e8ne culinaire n\u00e9vicienne saura vous s\u00e9duire par sa diversit\u00e9 et son authenticit\u00e9.<\/span><\/p>\t\t\t\t\t\t\t\t<\/div>\n\t\t\t\t<\/div>\n\t\t\t\t\t<\/div>\n\t\t<\/div>\n\t\t\t\t\t<\/div>\n\t\t<\/section>\n\t\t\t\t<section class=\"elementor-section elementor-top-section elementor-element elementor-element-08d8b7f elementor-section-boxed elementor-section-height-default elementor-section-height-default\" data-id=\"08d8b7f\" data-element_type=\"section\">\n\t\t\t\t\t\t<div class=\"elementor-container elementor-column-gap-default\">\n\t\t\t\t\t<div class=\"elementor-column elementor-col-100 elementor-top-column elementor-element elementor-element-5859f36\" data-id=\"5859f36\" data-element_type=\"column\">\n\t\t\t<div class=\"elementor-widget-wrap elementor-element-populated\">\n\t\t\t\t\t\t<div class=\"elementor-element elementor-element-3028ecc elementor-widget elementor-widget-heading\" data-id=\"3028ecc\" data-element_type=\"widget\" data-widget_type=\"heading.default\">\n\t\t\t\t<div class=\"elementor-widget-container\">\n\t\t\t\t\t<h2 class=\"elementor-heading-title elementor-size-default\">Le potentiel \u00e9nerg\u00e9tique renouvelable de Nevis<\/h2>\t\t\t\t<\/div>\n\t\t\t\t<\/div>\n\t\t\t\t<div class=\"elementor-element elementor-element-b4bbfbb elementor-widget elementor-widget-text-editor\" data-id=\"b4bbfbb\" data-element_type=\"widget\" data-widget_type=\"text-editor.default\">\n\t\t\t\t<div class=\"elementor-widget-container\">\n\t\t\t\t\t\t\t\t\t<p><span style=\"font-weight: 400;\">Le 25 mars 2025, <\/span><i><span style=\"font-weight: 400;\">International Business Times (UK)<\/span><\/i><span style=\"font-weight: 400;\"> a publi\u00e9 un article intitul\u00e9 \u00ab <a href=\"https:\/\/www.ibtimes.co.uk\/nevis-renewable-energy-potential-attracts-major-foreign-interest-1732111\" target=\"_blank\" rel=\"noopener nofollow\">Nevis: Renewable Energy Potential Attracts Major Foreign Interest<\/a> \u00bb. Cette publication met en avant le potentiel \u00e9norme de l\u2019\u00eele en mati\u00e8re d\u2019\u00e9nergies renouvelables. Gr\u00e2ce \u00e0 son gouvernement proactif, l\u2019\u00eele attire d\u00e9j\u00e0 l\u2019attention des investisseurs \u00e9trangers int\u00e9ress\u00e9s par ce secteur prometteur.<\/span><\/p>\t\t\t\t\t\t\t\t<\/div>\n\t\t\t\t<\/div>\n\t\t\t\t<div class=\"elementor-element elementor-element-7937c61 elementor-widget elementor-widget-text-editor\" data-id=\"7937c61\" data-element_type=\"widget\" data-widget_type=\"text-editor.default\">\n\t\t\t\t<div class=\"elementor-widget-container\">\n\t\t\t\t\t\t\t\t\t<p><span style=\"font-weight: 400;\">Parmi les initiatives notables :<\/span><\/p><ul><li style=\"font-weight: 400;\" aria-level=\"1\"><span style=\"font-weight: 400;\">Le d\u00e9veloppement g\u00e9othermique pour produire une \u00e9nergie propre et durable.<\/span><\/li><li style=\"font-weight: 400;\" aria-level=\"1\"><span style=\"font-weight: 400;\">Des projets solaires visant \u00e0 r\u00e9duire la d\u00e9pendance aux \u00e9nergies fossiles.<\/span><\/li><li style=\"font-weight: 400;\" aria-level=\"1\"><span style=\"font-weight: 400;\">Un cadre r\u00e9glementaire favorable pour encourager les investissements \u00e9trangers.<\/span><\/li><\/ul><p><span style=\"font-weight: 400;\">Cependant, malgr\u00e9 ces avanc\u00e9es, des d\u00e9fis subsistent. Le besoin d\u2019infrastructures modernes et d\u2019une main-d\u2019\u0153uvre qualifi\u00e9e reste crucial pour maximiser ce potentiel \u00e9nerg\u00e9tique. Ces efforts montrent que l\u2019\u00eele ne se contente pas d\u2019\u00eatre une \u00eele paradisiaque ; elle aspire \u00e9galement \u00e0 devenir un leader r\u00e9gional en mati\u00e8re d\u2019\u00e9nergie verte.<\/span><\/p>\t\t\t\t\t\t\t\t<\/div>\n\t\t\t\t<\/div>\n\t\t\t\t\t<\/div>\n\t\t<\/div>\n\t\t\t\t\t<\/div>\n\t\t<\/section>\n\t\t\t\t<section class=\"elementor-section elementor-top-section elementor-element elementor-element-8d568e7 elementor-section-boxed elementor-section-height-default elementor-section-height-default\" data-id=\"8d568e7\" data-element_type=\"section\">\n\t\t\t\t\t\t<div class=\"elementor-container elementor-column-gap-default\">\n\t\t\t\t\t<div class=\"elementor-column elementor-col-100 elementor-top-column elementor-element elementor-element-816b9df\" data-id=\"816b9df\" data-element_type=\"column\">\n\t\t\t<div class=\"elementor-widget-wrap elementor-element-populated\">\n\t\t\t\t\t\t<div class=\"elementor-element elementor-element-0fc3d20 elementor-widget elementor-widget-heading\" data-id=\"0fc3d20\" data-element_type=\"widget\" data-widget_type=\"heading.default\">\n\t\t\t\t<div class=\"elementor-widget-container\">\n\t\t\t\t\t<h2 class=\"elementor-heading-title elementor-size-default\">La vision du premier Ministre Mark Brantley<\/h2>\t\t\t\t<\/div>\n\t\t\t\t<\/div>\n\t\t\t\t<div class=\"elementor-element elementor-element-6e1eebc elementor-widget elementor-widget-text-editor\" data-id=\"6e1eebc\" data-element_type=\"widget\" data-widget_type=\"text-editor.default\">\n\t\t\t\t<div class=\"elementor-widget-container\">\n\t\t\t\t\t\t\t\t\t<p><span style=\"font-weight: 400;\">Lors d\u2019une conf\u00e9rence de presse tenue le 31 mars 2025, le Premier Ministre Mark Brantley a exprim\u00e9 sa fiert\u00e9 face \u00e0 la reconnaissance internationale croissante dont b\u00e9n\u00e9ficie son \u00eele. Selon lui, ces publications prestigieuses ne sont qu\u2019un d\u00e9but pour positionner Nevis comme un leader r\u00e9gional en mati\u00e8re d\u2019innovation et d\u2019investissement.<\/span><\/p>\t\t\t\t\t\t\t\t<\/div>\n\t\t\t\t<\/div>\n\t\t\t\t<div class=\"elementor-element elementor-element-6c429d1 elementor-widget elementor-widget-text-editor\" data-id=\"6c429d1\" data-element_type=\"widget\" data-widget_type=\"text-editor.default\">\n\t\t\t\t<div class=\"elementor-widget-container\">\n\t\t\t\t\t\t\t\t\t<p><span style=\"font-weight: 400;\">Il a \u00e9galement soulign\u00e9 :<\/span><\/p><ul><li style=\"font-weight: 400;\" aria-level=\"1\"><span style=\"font-weight: 400;\">L\u2019importance pour les habitants de soutenir cette dynamique positive.<\/span><\/li><li style=\"font-weight: 400;\" aria-level=\"1\"><span style=\"font-weight: 400;\">Les retomb\u00e9es \u00e9conomiques potentielles li\u00e9es \u00e0 cette visibilit\u00e9 mondiale.<\/span><\/li><li style=\"font-weight: 400;\" aria-level=\"1\"><span style=\"font-weight: 400;\">La n\u00e9cessit\u00e9 de prot\u00e9ger les ressources naturelles tout en exploitant les opportunit\u00e9s \u00e9conomiques.<\/span><\/li><\/ul><p><span style=\"font-weight: 400;\">Pour M. Brantley, l\u2019\u00eele est bien plus qu\u2019une destination touristique ; c\u2019est une \u00eele capable d\u2019inspirer le monde entier par son ambition et sa r\u00e9silience.<\/span><\/p>\t\t\t\t\t\t\t\t<\/div>\n\t\t\t\t<\/div>\n\t\t\t\t<section class=\"elementor-section elementor-inner-section elementor-element elementor-element-535b64b elementor-section-boxed elementor-section-height-default elementor-section-height-default\" data-id=\"535b64b\" data-element_type=\"section\">\n\t\t\t\t\t\t<div class=\"elementor-container elementor-column-gap-default\">\n\t\t\t\t\t<div class=\"elementor-column elementor-col-100 elementor-inner-column elementor-element elementor-element-35f764c\" data-id=\"35f764c\" data-element_type=\"column\">\n\t\t\t<div class=\"elementor-widget-wrap elementor-element-populated\">\n\t\t\t\t\t\t<div class=\"elementor-element elementor-element-e2f198f elementor-widget elementor-widget-image\" data-id=\"e2f198f\" data-element_type=\"widget\" data-widget_type=\"image.default\">\n\t\t\t\t<div class=\"elementor-widget-container\">\n\t\t\t\t\t\t\t\t\t\t\t\t<figure class=\"wp-caption\">\n\t\t\t\t\t\t\t\t\t\t<img fetchpriority=\"high\" decoding=\"async\" width=\"800\" height=\"585\" src=\"https:\/\/richeskarayib.com\/wp-content\/uploads\/2025\/04\/The-Honourable-Premier-Mark-Brantley-Minister-of-Foreign-Investment-in-the-Nevis-Island-Administration-1024x749.webp\" class=\"attachment-large size-large wp-image-48086\" alt=\"Nevis\" srcset=\"https:\/\/richeskarayib.com\/wp-content\/uploads\/2025\/04\/The-Honourable-Premier-Mark-Brantley-Minister-of-Foreign-Investment-in-the-Nevis-Island-Administration-1024x749.webp 1024w, https:\/\/richeskarayib.com\/wp-content\/uploads\/2025\/04\/The-Honourable-Premier-Mark-Brantley-Minister-of-Foreign-Investment-in-the-Nevis-Island-Administration-300x219.webp 300w, https:\/\/richeskarayib.com\/wp-content\/uploads\/2025\/04\/The-Honourable-Premier-Mark-Brantley-Minister-of-Foreign-Investment-in-the-Nevis-Island-Administration-768x562.webp 768w, https:\/\/richeskarayib.com\/wp-content\/uploads\/2025\/04\/The-Honourable-Premier-Mark-Brantley-Minister-of-Foreign-Investment-in-the-Nevis-Island-Administration-1320x966.webp 1320w, https:\/\/richeskarayib.com\/wp-content\/uploads\/2025\/04\/The-Honourable-Premier-Mark-Brantley-Minister-of-Foreign-Investment-in-the-Nevis-Island-Administration.webp 1416w\" sizes=\"(max-width: 800px) 100vw, 800px\" \/>\t\t\t\t\t\t\t\t\t\t\t<figcaption class=\"widget-image-caption wp-caption-text\">The Honourable Premier Mark Brantley, Minister of Foreign Investment in the Nevis Island Administration.<\/figcaption>\n\t\t\t\t\t\t\t\t\t\t<\/figure>\n\t\t\t\t\t\t\t\t\t<\/div>\n\t\t\t\t<\/div>\n\t\t\t\t\t<\/div>\n\t\t<\/div>\n\t\t\t\t\t<\/div>\n\t\t<\/section>\n\t\t\t\t\t<\/div>\n\t\t<\/div>\n\t\t\t\t\t<\/div>\n\t\t<\/section>\n\t\t\t\t<section class=\"elementor-section elementor-top-section elementor-element elementor-element-71c01f9 elementor-section-boxed elementor-section-height-default elementor-section-height-default\" data-id=\"71c01f9\" data-element_type=\"section\">\n\t\t\t\t\t\t<div class=\"elementor-container elementor-column-gap-default\">\n\t\t\t\t\t<div class=\"elementor-column elementor-col-100 elementor-top-column elementor-element elementor-element-1b310ac\" data-id=\"1b310ac\" data-element_type=\"column\">\n\t\t\t<div class=\"elementor-widget-wrap elementor-element-populated\">\n\t\t\t\t\t\t<div class=\"elementor-element elementor-element-8bdc154 elementor-widget elementor-widget-heading\" data-id=\"8bdc154\" data-element_type=\"widget\" data-widget_type=\"heading.default\">\n\t\t\t\t<div class=\"elementor-widget-container\">\n\t\t\t\t\t<h2 class=\"elementor-heading-title elementor-size-default\">Nevis : Une destination Touristique \u00e0 part enti\u00e8re<\/h2>\t\t\t\t<\/div>\n\t\t\t\t<\/div>\n\t\t\t\t<div class=\"elementor-element elementor-element-b67dd45 elementor-widget elementor-widget-text-editor\" data-id=\"b67dd45\" data-element_type=\"widget\" data-widget_type=\"text-editor.default\">\n\t\t\t\t<div class=\"elementor-widget-container\">\n\t\t\t\t\t\t\t\t\t<p><span style=\"font-weight: 400;\">Au-del\u00e0 des affaires et des investissements, l\u2019\u00eele s\u00e9duit \u00e9galement par ses attraits touristiques uniques. Ses plages immacul\u00e9es offrent un cadre idyllique pour se d\u00e9tendre tandis que ses montagnes luxuriantes invitent \u00e0 l\u2019exploration. Le tourisme durable est au c\u0153ur du d\u00e9veloppement touristique local, garantissant que la beaut\u00e9 naturelle de l\u2019\u00eele reste pr\u00e9serv\u00e9e pour les g\u00e9n\u00e9rations futures.<\/span><\/p>\t\t\t\t\t\t\t\t<\/div>\n\t\t\t\t<\/div>\n\t\t\t\t\t<\/div>\n\t\t<\/div>\n\t\t\t\t\t<\/div>\n\t\t<\/section>\n\t\t\t\t<section class=\"elementor-section elementor-top-section elementor-element elementor-element-f9b9add elementor-section-boxed elementor-section-height-default elementor-section-height-default\" data-id=\"f9b9add\" data-element_type=\"section\">\n\t\t\t\t\t\t<div class=\"elementor-container elementor-column-gap-default\">\n\t\t\t\t\t<div class=\"elementor-column elementor-col-100 elementor-top-column elementor-element elementor-element-17f8844\" data-id=\"17f8844\" data-element_type=\"column\">\n\t\t\t<div class=\"elementor-widget-wrap elementor-element-populated\">\n\t\t\t\t\t\t<div class=\"elementor-element elementor-element-2e44a1e elementor-widget elementor-widget-text-editor\" data-id=\"2e44a1e\" data-element_type=\"widget\" data-widget_type=\"text-editor.default\">\n\t\t\t\t<div class=\"elementor-widget-container\">\n\t\t\t\t\t\t\t\t\t<p><span style=\"font-weight: 400;\">Nevis s\u2019impose aujourd\u2019hui comme une destination importante gr\u00e2ce \u00e0 sa combinaison unique d\u2019atouts \u00e9conomiques, culturels et environnementaux. Qu\u2019il s\u2019agisse d\u2019investissements lucratifs ou d\u2019exp\u00e9riences culinaires m\u00e9morables, cette petite \u00eele prouve qu\u2019elle peut rivaliser avec les plus grandes destinations mondiales. Avec une vision claire port\u00e9e par ses dirigeants et une reconnaissance internationale croissante, l\u2019avenir semble prometteur pour ce joyau carib\u00e9en.<\/span><\/p>\t\t\t\t\t\t\t\t<\/div>\n\t\t\t\t<\/div>\n\t\t\t\t\t<\/div>\n\t\t<\/div>\n\t\t\t\t\t<\/div>\n\t\t<\/section>\n\t\t\t\t<\/div>\n\t\t","protected":false},"excerpt":{"rendered":"<p>Nevis, une petite \u00eele nich\u00e9e dans les Cara\u00efbes, est aujourd\u2019hui sous le feu des projecteurs internationaux gr\u00e2ce \u00e0 des articles r\u00e9cents dans des publications prestigieuses. Ce joyau tropical attire non seulement les touristes mais aussi les investisseurs et les amateurs de gastronomie, confirmant son statut d\u2019\u00eele dynamique et pleine d\u2019opportunit\u00e9s. Nevis : Une \u00eele en [&hellip;]<\/p>\n","protected":false},"author":662,"featured_media":48082,"comment_status":"open","ping_status":"open","sticky":false,"template":"","format":"standard","meta":{"_acf_changed":false,"footnotes":""},"categories":[840,1732],"tags":[1710],"class_list":["post-48081","post","type-post","status-publish","format-standard","has-post-thumbnail","hentry","category-actus","category-tourisme","tag-saint-christophe-et-nieves"],"acf":[],"_links":{"self":[{"href":"https:\/\/richeskarayib.com\/fr\/wp-json\/wp\/v2\/posts\/48081","targetHints":{"allow":["GET"]}}],"collection":[{"href":"https:\/\/richeskarayib.com\/fr\/wp-json\/wp\/v2\/posts"}],"about":[{"href":"https:\/\/richeskarayib.com\/fr\/wp-json\/wp\/v2\/types\/post"}],"author":[{"embeddable":true,"href":"https:\/\/richeskarayib.com\/fr\/wp-json\/wp\/v2\/users\/662"}],"replies":[{"embeddable":true,"href":"https:\/\/richeskarayib.com\/fr\/wp-json\/wp\/v2\/comments?post=48081"}],"version-history":[{"count":0,"href":"https:\/\/richeskarayib.com\/fr\/wp-json\/wp\/v2\/posts\/48081\/revisions"}],"wp:featuredmedia":[{"embeddable":true,"href":"https:\/\/richeskarayib.com\/fr\/wp-json\/wp\/v2\/media\/48082"}],"wp:attachment":[{"href":"https:\/\/richeskarayib.com\/fr\/wp-json\/wp\/v2\/media?parent=48081"}],"wp:term":[{"taxonomy":"category","embeddable":true,"href":"https:\/\/richeskarayib.com\/fr\/wp-json\/wp\/v2\/categories?post=48081"},{"taxonomy":"post_tag","embeddable":true,"href":"https:\/\/richeskarayib.com\/fr\/wp-json\/wp\/v2\/tags?post=48081"}],"curies":[{"name":"wp","href":"https:\/\/api.w.org\/{rel}","templated":true}]}}