{"id":48128,"date":"2025-04-04T07:00:33","date_gmt":"2025-04-04T11:00:33","guid":{"rendered":"https:\/\/richeskarayib.com\/?p=48128"},"modified":"2025-04-04T07:12:35","modified_gmt":"2025-04-04T11:12:35","slug":"politique-de-tourisme-durable-2025","status":"publish","type":"post","link":"https:\/\/richeskarayib.com\/fr\/politique-de-tourisme-durable-2025\/","title":{"rendered":"Saint Vincent et les Grenadines &#8211; Politique de tourisme durable 2025\u20132035 : Une transformation \u00e9conomique pour l\u2019OECO"},"content":{"rendered":"\t\t<div data-elementor-type=\"wp-post\" data-elementor-id=\"48128\" class=\"elementor elementor-48128\" data-elementor-post-type=\"post\">\n\t\t\t\t\t\t<section class=\"elementor-section elementor-top-section elementor-element elementor-element-0776f58 elementor-section-boxed elementor-section-height-default elementor-section-height-default\" data-id=\"0776f58\" data-element_type=\"section\">\n\t\t\t\t\t\t<div class=\"elementor-container elementor-column-gap-default\">\n\t\t\t\t\t<div class=\"elementor-column elementor-col-100 elementor-top-column elementor-element elementor-element-1b3db7e\" data-id=\"1b3db7e\" data-element_type=\"column\">\n\t\t\t<div class=\"elementor-widget-wrap elementor-element-populated\">\n\t\t\t\t\t\t<div class=\"elementor-element elementor-element-c3960f6 elementor-widget elementor-widget-text-editor\" data-id=\"c3960f6\" data-element_type=\"widget\" data-widget_type=\"text-editor.default\">\n\t\t\t\t<div class=\"elementor-widget-container\">\n\t\t\t\t\t\t\t\t\t<p><span style=\"font-weight: 400;\">La <\/span><a href=\"https:\/\/www.loopnews.com\/content\/oecs-ministers-endorse-2025-2035-new-tourism-policy-designed-to-drive-the-regions-economic-transformation\/\" target=\"_blank\" rel=\"noopener nofollow\"><b>Politique de tourisme durable 2025\u20132035<\/b><\/a><span style=\"font-weight: 400;\"> marque une \u00e9tape d\u00e9cisive dans le d\u00e9veloppement \u00e9conomique des \u00c9tats membres de l\u2019Organisation des \u00c9tats de la Cara\u00efbe Orientale (OECO). Lors de la huiti\u00e8me r\u00e9union du Conseil des ministres du tourisme, tenue le 28 mars 2025 \u00e0 l\u2019h\u00f4tel Beachcombers \u00e0 Saint-Vincent-et-les-Grenadines, les ministres ont officiellement approuv\u00e9 cette politique ambitieuse. Cette initiative s\u2019impose comme un outil structurant \u00e0 long terme pour l\u2019ensemble de la r\u00e9gion.<\/span><\/p>\t\t\t\t\t\t\t\t<\/div>\n\t\t\t\t<\/div>\n\t\t\t\t<div class=\"elementor-element elementor-element-7e834de elementor-widget elementor-widget-text-editor\" data-id=\"7e834de\" data-element_type=\"widget\" data-widget_type=\"text-editor.default\">\n\t\t\t\t<div class=\"elementor-widget-container\">\n\t\t\t\t\t\t\t\t\t<p><span style=\"font-weight: 400;\">Elle vise \u00e0 transformer le secteur touristique en un moteur \u00e9conomique durable, tout en promouvant la conservation environnementale, l\u2019inclusion sociale et la r\u00e9silience face aux d\u00e9fis globaux. Elle remplace la politique commune de tourisme de 2011, en apportant une nouvelle direction strat\u00e9gique mieux adapt\u00e9e aux enjeux contemporains.<\/span><\/p>\t\t\t\t\t\t\t\t<\/div>\n\t\t\t\t<\/div>\n\t\t\t\t\t<\/div>\n\t\t<\/div>\n\t\t\t\t\t<\/div>\n\t\t<\/section>\n\t\t\t\t<section class=\"elementor-section elementor-top-section elementor-element elementor-element-1e52063 elementor-section-boxed elementor-section-height-default elementor-section-height-default\" data-id=\"1e52063\" data-element_type=\"section\">\n\t\t\t\t\t\t<div class=\"elementor-container elementor-column-gap-default\">\n\t\t\t\t\t<div class=\"elementor-column elementor-col-100 elementor-top-column elementor-element elementor-element-2465457\" data-id=\"2465457\" data-element_type=\"column\">\n\t\t\t<div class=\"elementor-widget-wrap elementor-element-populated\">\n\t\t\t\t\t\t<div class=\"elementor-element elementor-element-2745f7f elementor-widget elementor-widget-heading\" data-id=\"2745f7f\" data-element_type=\"widget\" data-widget_type=\"heading.default\">\n\t\t\t\t<div class=\"elementor-widget-container\">\n\t\t\t\t\t<h2 class=\"elementor-heading-title elementor-size-default\">Les piliers strat\u00e9giques de la politique<\/h2>\t\t\t\t<\/div>\n\t\t\t\t<\/div>\n\t\t\t\t<div class=\"elementor-element elementor-element-61ff885 elementor-widget elementor-widget-text-editor\" data-id=\"61ff885\" data-element_type=\"widget\" data-widget_type=\"text-editor.default\">\n\t\t\t\t<div class=\"elementor-widget-container\">\n\t\t\t\t\t\t\t\t\t<h4><b>Vision et mission renouvel\u00e9es<\/b><\/h4>\n<p><span style=\"font-weight: 400;\">La <\/span><b>Politique de tourisme durable 2025\u20132035<\/b><span style=\"font-weight: 400;\"> propose une vision claire : le tourisme ne doit pas seulement g\u00e9n\u00e9rer des revenus, mais devenir un levier de d\u00e9veloppement \u00e9quitable et respectueux de l\u2019environnement. Sa mission est de favoriser une croissance \u00e9quilibr\u00e9e, profitable aux communaut\u00e9s locales, tout en pr\u00e9servant les ressources naturelles et culturelles de la r\u00e9gion.<\/span><\/p>\t\t\t\t\t\t\t\t<\/div>\n\t\t\t\t<\/div>\n\t\t\t\t<div class=\"elementor-element elementor-element-b9cd7a1 elementor-widget elementor-widget-text-editor\" data-id=\"b9cd7a1\" data-element_type=\"widget\" data-widget_type=\"text-editor.default\">\n\t\t\t\t<div class=\"elementor-widget-container\">\n\t\t\t\t\t\t\t\t\t<h4><b>Trois objectifs strat\u00e9giques principaux<\/b><\/h4>\n<p><span style=\"font-weight: 400;\">La politique repose sur trois grands axes :<\/span><\/p>\n<ol>\n<li style=\"font-weight: 400;\" aria-level=\"1\"><span style=\"font-weight: 400;\">La transformation \u00e9conomique r\u00e9gionale par le tourisme.<\/span><\/li>\n<li style=\"font-weight: 400;\" aria-level=\"1\"><span style=\"font-weight: 400;\">La promotion de pratiques durables.<\/span><\/li>\n<li style=\"font-weight: 400;\" aria-level=\"1\"><span style=\"font-weight: 400;\">L\u2019am\u00e9lioration de la r\u00e9silience face aux crises climatiques et \u00e9conomiques.<\/span><\/li>\n<\/ol>\n<p><span style=\"font-weight: 400;\">Ces objectifs sont accompagn\u00e9s de douze sous-objectifs concrets, incluant le d\u00e9veloppement d\u2019infrastructures \u00e9cologiques et le soutien aux initiatives communautaires.<\/span><\/p>\t\t\t\t\t\t\t\t<\/div>\n\t\t\t\t<\/div>\n\t\t\t\t\t<\/div>\n\t\t<\/div>\n\t\t\t\t\t<\/div>\n\t\t<\/section>\n\t\t\t\t<section class=\"elementor-section elementor-top-section elementor-element elementor-element-a8efc3e elementor-section-boxed elementor-section-height-default elementor-section-height-default\" data-id=\"a8efc3e\" data-element_type=\"section\">\n\t\t\t\t\t\t<div class=\"elementor-container elementor-column-gap-default\">\n\t\t\t\t\t<div class=\"elementor-column elementor-col-100 elementor-top-column elementor-element elementor-element-b4ed07d\" data-id=\"b4ed07d\" data-element_type=\"column\">\n\t\t\t<div class=\"elementor-widget-wrap elementor-element-populated\">\n\t\t\t\t\t\t<div class=\"elementor-element elementor-element-cc7abba elementor-widget elementor-widget-heading\" data-id=\"cc7abba\" data-element_type=\"widget\" data-widget_type=\"heading.default\">\n\t\t\t\t<div class=\"elementor-widget-container\">\n\t\t\t\t\t<h2 class=\"elementor-heading-title elementor-size-default\">Objectifs sp\u00e9cifiques et principes directeurs<\/h2>\t\t\t\t<\/div>\n\t\t\t\t<\/div>\n\t\t\t\t<div class=\"elementor-element elementor-element-13c2b0d elementor-widget elementor-widget-text-editor\" data-id=\"13c2b0d\" data-element_type=\"widget\" data-widget_type=\"text-editor.default\">\n\t\t\t\t<div class=\"elementor-widget-container\">\n\t\t\t\t\t\t\t\t\t<p><span style=\"font-weight: 400;\">Les principes directeurs de la <b>Politique de tourisme durable 2025\u20132035 <\/b>incluent une gouvernance responsable, une gestion environnementale rigoureuse, et un engagement fort envers les droits sociaux. Ces principes visent \u00e0 assurer que chaque \u00c9tat membre \u0153uvre dans une dynamique coordonn\u00e9e vers des r\u00e9sultats mesurables.<\/span><\/p>\t\t\t\t\t\t\t\t<\/div>\n\t\t\t\t<\/div>\n\t\t\t\t\t<\/div>\n\t\t<\/div>\n\t\t\t\t\t<\/div>\n\t\t<\/section>\n\t\t\t\t<section class=\"elementor-section elementor-top-section elementor-element elementor-element-08d8b7f elementor-section-boxed elementor-section-height-default elementor-section-height-default\" data-id=\"08d8b7f\" data-element_type=\"section\">\n\t\t\t\t\t\t<div class=\"elementor-container elementor-column-gap-default\">\n\t\t\t\t\t<div class=\"elementor-column elementor-col-100 elementor-top-column elementor-element elementor-element-5859f36\" data-id=\"5859f36\" data-element_type=\"column\">\n\t\t\t<div class=\"elementor-widget-wrap elementor-element-populated\">\n\t\t\t\t\t\t<div class=\"elementor-element elementor-element-3028ecc elementor-widget elementor-widget-heading\" data-id=\"3028ecc\" data-element_type=\"widget\" data-widget_type=\"heading.default\">\n\t\t\t\t<div class=\"elementor-widget-container\">\n\t\t\t\t\t<h2 class=\"elementor-heading-title elementor-size-default\">D\u00e9veloppement th\u00e9matique et directives communes<\/h2>\t\t\t\t<\/div>\n\t\t\t\t<\/div>\n\t\t\t\t<div class=\"elementor-element elementor-element-b4bbfbb elementor-widget elementor-widget-text-editor\" data-id=\"b4bbfbb\" data-element_type=\"widget\" data-widget_type=\"text-editor.default\">\n\t\t\t\t<div class=\"elementor-widget-container\">\n\t\t\t\t\t\t\t\t\t<h4><b>Huit domaines th\u00e9matiques prioritaires<\/b><\/h4>\n<p><span style=\"font-weight: 400;\">La <\/span><b>Politique de <a href=\"https:\/\/richeskarayib.com\/fr\/tourisme-durable-dans-les-caraibes-defis-et-opportunites\/\" target=\"_blank\" rel=\"noopener\">tourisme durable<\/a> 2025\u20132035<\/b><span style=\"font-weight: 400;\"> identifie huit axes prioritaires, parmi lesquels :<\/span><\/p>\n<ul>\n<li style=\"font-weight: 400;\" aria-level=\"1\"><span style=\"font-weight: 400;\">Le marketing touristique cibl\u00e9.<\/span><\/li>\n<li style=\"font-weight: 400;\" aria-level=\"1\"><span style=\"font-weight: 400;\">Le d\u00e9veloppement du tourisme bleu, ax\u00e9 sur les ressources marines.<\/span><\/li>\n<li style=\"font-weight: 400;\" aria-level=\"1\"><span style=\"font-weight: 400;\">La gestion des impacts climatiques.<\/span><\/li>\n<li style=\"font-weight: 400;\" aria-level=\"1\"><span style=\"font-weight: 400;\">L\u2019int\u00e9gration technologique dans le secteur.<\/span><span style=\"font-weight: 400;\"><br \/><br \/><\/span><\/li>\n<\/ul>\n<p><span style=\"font-weight: 400;\">Cette structuration permet une approche transversale, conciliant performance \u00e9conomique et pr\u00e9servation de l\u2019environnement.<\/span><\/p>\t\t\t\t\t\t\t\t<\/div>\n\t\t\t\t<\/div>\n\t\t\t\t<div class=\"elementor-element elementor-element-7937c61 elementor-widget elementor-widget-text-editor\" data-id=\"7937c61\" data-element_type=\"widget\" data-widget_type=\"text-editor.default\">\n\t\t\t\t<div class=\"elementor-widget-container\">\n\t\t\t\t\t\t\t\t\t<h4><b>Directives politiques communes<\/b><\/h4>\n<p><span style=\"font-weight: 400;\">Des directives ont \u00e9t\u00e9 \u00e9tablies pour :<\/span><\/p>\n<ul>\n<li style=\"font-weight: 400;\" aria-level=\"1\"><span style=\"font-weight: 400;\">Encourager l\u2019utilisation d\u2019\u00e9nergies renouvelables.<\/span><\/li>\n<li style=\"font-weight: 400;\" aria-level=\"1\"><span style=\"font-weight: 400;\">Promouvoir la formation continue des professionnels du secteur.<\/span><\/li>\n<li style=\"font-weight: 400;\" aria-level=\"1\"><span style=\"font-weight: 400;\">Prot\u00e9ger les \u00e9cosyst\u00e8mes fragiles.<\/span><\/li>\n<\/ul>\n<p><span style=\"font-weight: 400;\">Elles garantissent que les projets d\u00e9velopp\u00e9s soient en ad\u00e9quation avec les normes \u00e9lev\u00e9es fix\u00e9es par l\u2019OECO.<\/span><\/p>\t\t\t\t\t\t\t\t<\/div>\n\t\t\t\t<\/div>\n\t\t\t\t<section class=\"elementor-section elementor-inner-section elementor-element elementor-element-ce9720e elementor-section-boxed elementor-section-height-default elementor-section-height-default\" data-id=\"ce9720e\" data-element_type=\"section\">\n\t\t\t\t\t\t<div class=\"elementor-container elementor-column-gap-default\">\n\t\t\t\t\t<div class=\"elementor-column elementor-col-100 elementor-inner-column elementor-element elementor-element-3383234\" data-id=\"3383234\" data-element_type=\"column\">\n\t\t\t<div class=\"elementor-widget-wrap elementor-element-populated\">\n\t\t\t\t\t\t<div class=\"elementor-element elementor-element-f6fde3b elementor-widget elementor-widget-image\" data-id=\"f6fde3b\" data-element_type=\"widget\" data-widget_type=\"image.default\">\n\t\t\t\t<div class=\"elementor-widget-container\">\n\t\t\t\t\t\t\t\t\t\t\t\t<figure class=\"wp-caption\">\n\t\t\t\t\t\t\t\t\t\t<img fetchpriority=\"high\" decoding=\"async\" width=\"768\" height=\"432\" src=\"https:\/\/richeskarayib.com\/wp-content\/uploads\/2025\/04\/The-Eighth-Meeting-of-the-OECS-Council-of-Ministers-Tourism-SVG-March-2025.webp\" class=\"attachment-large size-large wp-image-48129\" alt=\"Politique de tourisme durable 2025\" srcset=\"https:\/\/richeskarayib.com\/wp-content\/uploads\/2025\/04\/The-Eighth-Meeting-of-the-OECS-Council-of-Ministers-Tourism-SVG-March-2025.webp 768w, https:\/\/richeskarayib.com\/wp-content\/uploads\/2025\/04\/The-Eighth-Meeting-of-the-OECS-Council-of-Ministers-Tourism-SVG-March-2025-300x169.webp 300w\" sizes=\"(max-width: 768px) 100vw, 768px\" \/>\t\t\t\t\t\t\t\t\t\t\t<figcaption class=\"widget-image-caption wp-caption-text\">Huiti\u00e8me r\u00e9union du Conseil des ministres de l'OECS Tourisme, SVG Mars 2025<\/figcaption>\n\t\t\t\t\t\t\t\t\t\t<\/figure>\n\t\t\t\t\t\t\t\t\t<\/div>\n\t\t\t\t<\/div>\n\t\t\t\t\t<\/div>\n\t\t<\/div>\n\t\t\t\t\t<\/div>\n\t\t<\/section>\n\t\t\t\t\t<\/div>\n\t\t<\/div>\n\t\t\t\t\t<\/div>\n\t\t<\/section>\n\t\t\t\t<section class=\"elementor-section elementor-top-section elementor-element elementor-element-8d568e7 elementor-section-boxed elementor-section-height-default elementor-section-height-default\" data-id=\"8d568e7\" data-element_type=\"section\">\n\t\t\t\t\t\t<div class=\"elementor-container elementor-column-gap-default\">\n\t\t\t\t\t<div class=\"elementor-column elementor-col-100 elementor-top-column elementor-element elementor-element-816b9df\" data-id=\"816b9df\" data-element_type=\"column\">\n\t\t\t<div class=\"elementor-widget-wrap elementor-element-populated\">\n\t\t\t\t\t\t<div class=\"elementor-element elementor-element-0fc3d20 elementor-widget elementor-widget-heading\" data-id=\"0fc3d20\" data-element_type=\"widget\" data-widget_type=\"heading.default\">\n\t\t\t\t<div class=\"elementor-widget-container\">\n\t\t\t\t\t<h2 class=\"elementor-heading-title elementor-size-default\">D\u00e9fis et opportunit\u00e9s dans le secteur du tourisme en 2025<\/h2>\t\t\t\t<\/div>\n\t\t\t\t<\/div>\n\t\t\t\t<div class=\"elementor-element elementor-element-6e1eebc elementor-widget elementor-widget-text-editor\" data-id=\"6e1eebc\" data-element_type=\"widget\" data-widget_type=\"text-editor.default\">\n\t\t\t\t<div class=\"elementor-widget-container\">\n\t\t\t\t\t\t\t\t\t<h4><b>Impacts du changement climatique et \u00e9volution des attentes<\/b><\/h4>\n<p><span style=\"font-weight: 400;\">Le changement climatique fragilise les atouts naturels de la r\u00e9gion, tels que les plages et les r\u00e9cifs coralliens. Par ailleurs, les visiteurs sont de plus en plus attentifs \u00e0 l\u2019impact de leurs s\u00e9jours. La <\/span><b>Politique de tourisme durable 2025\u20132035<\/b><span style=\"font-weight: 400;\"> encourage l\u2019investissement dans des h\u00e9bergements \u00e9cologiques et des exp\u00e9riences ancr\u00e9es dans la culture locale.<\/span><\/p>\t\t\t\t\t\t\t\t<\/div>\n\t\t\t\t<\/div>\n\t\t\t\t<div class=\"elementor-element elementor-element-6c429d1 elementor-widget elementor-widget-text-editor\" data-id=\"6c429d1\" data-element_type=\"widget\" data-widget_type=\"text-editor.default\">\n\t\t\t\t<div class=\"elementor-widget-container\">\n\t\t\t\t\t\t\t\t\t<h4><b>M\u00e9ga navires de croisi\u00e8re : entre opportunit\u00e9 et vigilance<\/b><\/h4>\n<p><span style=\"font-weight: 400;\">Les navires de croisi\u00e8re de grande capacit\u00e9 peuvent g\u00e9n\u00e9rer des retomb\u00e9es \u00e9conomiques importantes, mais pr\u00e9sentent des risques pour l\u2019environnement c\u00f4tier. Le Directeur g\u00e9n\u00e9ral de l\u2019OECO, Dr Didacus Jules, appelle \u00e0 une gestion \u00e9quilibr\u00e9e, reposant sur des ports \u00e9coresponsables et des partenariats durables avec les op\u00e9rateurs maritimes.<\/span><\/p>\t\t\t\t\t\t\t\t<\/div>\n\t\t\t\t<\/div>\n\t\t\t\t\t<\/div>\n\t\t<\/div>\n\t\t\t\t\t<\/div>\n\t\t<\/section>\n\t\t\t\t<section class=\"elementor-section elementor-top-section elementor-element elementor-element-9bbc945 elementor-section-boxed elementor-section-height-default elementor-section-height-default\" data-id=\"9bbc945\" data-element_type=\"section\">\n\t\t\t\t\t\t<div class=\"elementor-container elementor-column-gap-default\">\n\t\t\t\t\t<div class=\"elementor-column elementor-col-100 elementor-top-column elementor-element elementor-element-978dfc4\" data-id=\"978dfc4\" data-element_type=\"column\">\n\t\t\t<div class=\"elementor-widget-wrap elementor-element-populated\">\n\t\t\t\t\t\t<div class=\"elementor-element elementor-element-a4ee112 elementor-widget elementor-widget-heading\" data-id=\"a4ee112\" data-element_type=\"widget\" data-widget_type=\"heading.default\">\n\t\t\t\t<div class=\"elementor-widget-container\">\n\t\t\t\t\t<h2 class=\"elementor-heading-title elementor-size-default\">Collaboration r\u00e9gionale et retomb\u00e9es \u00e9conomiques<\/h2>\t\t\t\t<\/div>\n\t\t\t\t<\/div>\n\t\t\t\t<div class=\"elementor-element elementor-element-ae08d78 elementor-widget elementor-widget-text-editor\" data-id=\"ae08d78\" data-element_type=\"widget\" data-widget_type=\"text-editor.default\">\n\t\t\t\t<div class=\"elementor-widget-container\">\n\t\t\t\t\t\t\t\t\t<h4><b>R\u00f4le actif des \u00c9tats membres<\/b><\/h4>\n<p><span style=\"font-weight: 400;\">La r\u00e9ussite de cette politique repose sur la mobilisation de tous les \u00c9tats membres. Grenade, Saint-Kitts et Nevis, Sainte-Lucie et Saint-Vincent-et-les-Grenadines, notamment, coordonnent leurs efforts pour une mise en \u0153uvre harmonis\u00e9e.<\/span><\/p>\t\t\t\t\t\t\t\t<\/div>\n\t\t\t\t<\/div>\n\t\t\t\t<div class=\"elementor-element elementor-element-b7f48bd elementor-widget elementor-widget-text-editor\" data-id=\"b7f48bd\" data-element_type=\"widget\" data-widget_type=\"text-editor.default\">\n\t\t\t\t<div class=\"elementor-widget-container\">\n\t\t\t\t\t\t\t\t\t<h4><b>Emploi et d\u00e9veloppement local<\/b><\/h4>\n<p><span style=\"font-weight: 400;\">Le tourisme soutient d\u00e9j\u00e0 une part importante de l\u2019emploi r\u00e9gional. La <\/span><b>Politique de tourisme durable 2025\u20132035<\/b><span style=\"font-weight: 400;\"> pourrait accro\u00eetre ces opportunit\u00e9s, en particulier dans les domaines \u00e9mergents comme la gestion environnementale ou les services touristiques sp\u00e9cialis\u00e9s.<\/span><\/p>\t\t\t\t\t\t\t\t<\/div>\n\t\t\t\t<\/div>\n\t\t\t\t\t<\/div>\n\t\t<\/div>\n\t\t\t\t\t<\/div>\n\t\t<\/section>\n\t\t\t\t<section class=\"elementor-section elementor-top-section elementor-element elementor-element-e2b97e8 elementor-section-boxed elementor-section-height-default elementor-section-height-default\" data-id=\"e2b97e8\" data-element_type=\"section\">\n\t\t\t\t\t\t<div class=\"elementor-container elementor-column-gap-default\">\n\t\t\t\t\t<div class=\"elementor-column elementor-col-100 elementor-top-column elementor-element elementor-element-4099b43\" data-id=\"4099b43\" data-element_type=\"column\">\n\t\t\t<div class=\"elementor-widget-wrap elementor-element-populated\">\n\t\t\t\t\t\t<div class=\"elementor-element elementor-element-6bdb8bf elementor-widget elementor-widget-text-editor\" data-id=\"6bdb8bf\" data-element_type=\"widget\" data-widget_type=\"text-editor.default\">\n\t\t\t\t<div class=\"elementor-widget-container\">\n\t\t\t\t\t\t\t\t\t<p><span style=\"font-weight: 400;\">La <\/span><b>Politique de tourisme durable 2025\u20132035<\/b><span style=\"font-weight: 400;\"> va au-del\u00e0 d\u2019un simple cadre r\u00e9glementaire. Elle repr\u00e9sente un engagement collectif pour un mod\u00e8le touristique \u00e9quilibr\u00e9, conciliant d\u00e9veloppement \u00e9conomique, inclusion sociale et respect de l\u2019environnement. Forte de cette vision commune, l\u2019OECO dispose aujourd\u2019hui des outils n\u00e9cessaires pour relever les d\u00e9fis futurs et poser les bases d\u2019un tourisme p\u00e9renne dans la Cara\u00efbe orientale.<\/span><\/p>\t\t\t\t\t\t\t\t<\/div>\n\t\t\t\t<\/div>\n\t\t\t\t\t<\/div>\n\t\t<\/div>\n\t\t\t\t\t<\/div>\n\t\t<\/section>\n\t\t\t\t<\/div>\n\t\t","protected":false},"excerpt":{"rendered":"<p>La Politique de tourisme durable 2025\u20132035 marque une \u00e9tape d\u00e9cisive dans le d\u00e9veloppement \u00e9conomique des \u00c9tats membres de l\u2019Organisation des \u00c9tats de la Cara\u00efbe Orientale (OECO). Lors de la huiti\u00e8me r\u00e9union du Conseil des ministres du tourisme, tenue le 28 mars 2025 \u00e0 l\u2019h\u00f4tel Beachcombers \u00e0 Saint-Vincent-et-les-Grenadines, les ministres ont officiellement approuv\u00e9 cette politique ambitieuse. [&hellip;]<\/p>\n","protected":false},"author":662,"featured_media":48129,"comment_status":"open","ping_status":"open","sticky":false,"template":"","format":"standard","meta":{"_acf_changed":false,"footnotes":""},"categories":[1732,840],"tags":[1744],"class_list":["post-48128","post","type-post","status-publish","format-standard","has-post-thumbnail","hentry","category-tourisme","category-actus","tag-saint-vincent-et-les-grenadines"],"acf":[],"_links":{"self":[{"href":"https:\/\/richeskarayib.com\/fr\/wp-json\/wp\/v2\/posts\/48128","targetHints":{"allow":["GET"]}}],"collection":[{"href":"https:\/\/richeskarayib.com\/fr\/wp-json\/wp\/v2\/posts"}],"about":[{"href":"https:\/\/richeskarayib.com\/fr\/wp-json\/wp\/v2\/types\/post"}],"author":[{"embeddable":true,"href":"https:\/\/richeskarayib.com\/fr\/wp-json\/wp\/v2\/users\/662"}],"replies":[{"embeddable":true,"href":"https:\/\/richeskarayib.com\/fr\/wp-json\/wp\/v2\/comments?post=48128"}],"version-history":[{"count":0,"href":"https:\/\/richeskarayib.com\/fr\/wp-json\/wp\/v2\/posts\/48128\/revisions"}],"wp:featuredmedia":[{"embeddable":true,"href":"https:\/\/richeskarayib.com\/fr\/wp-json\/wp\/v2\/media\/48129"}],"wp:attachment":[{"href":"https:\/\/richeskarayib.com\/fr\/wp-json\/wp\/v2\/media?parent=48128"}],"wp:term":[{"taxonomy":"category","embeddable":true,"href":"https:\/\/richeskarayib.com\/fr\/wp-json\/wp\/v2\/categories?post=48128"},{"taxonomy":"post_tag","embeddable":true,"href":"https:\/\/richeskarayib.com\/fr\/wp-json\/wp\/v2\/tags?post=48128"}],"curies":[{"name":"wp","href":"https:\/\/api.w.org\/{rel}","templated":true}]}}