{"id":48343,"date":"2025-04-05T00:09:36","date_gmt":"2025-04-05T04:09:36","guid":{"rendered":"https:\/\/richeskarayib.com\/?p=48343"},"modified":"2025-04-07T08:03:40","modified_gmt":"2025-04-07T12:03:40","slug":"martinique-retour-au-pays-ale-vire-exil-sinverse-et-sorganise","status":"publish","type":"post","link":"https:\/\/richeskarayib.com\/fr\/martinique-retour-au-pays-ale-vire-exil-sinverse-et-sorganise\/","title":{"rendered":"Martinique \u2013 Retour au pays : Al\u00e9 Vir\u00e9, quand l\u2019exil s\u2019inverse et s\u2019organise"},"content":{"rendered":"\t\t<div data-elementor-type=\"wp-post\" data-elementor-id=\"48343\" class=\"elementor elementor-48343\" data-elementor-post-type=\"post\">\n\t\t\t\t\t\t<section class=\"elementor-section elementor-top-section elementor-element elementor-element-f922384 elementor-section-boxed elementor-section-height-default elementor-section-height-default\" data-id=\"f922384\" data-element_type=\"section\">\n\t\t\t\t\t\t<div class=\"elementor-container elementor-column-gap-default\">\n\t\t\t\t\t<div class=\"elementor-column elementor-col-100 elementor-top-column elementor-element elementor-element-cfc4ed8\" data-id=\"cfc4ed8\" data-element_type=\"column\">\n\t\t\t<div class=\"elementor-widget-wrap elementor-element-populated\">\n\t\t\t\t\t\t<div class=\"elementor-element elementor-element-179fae4 elementor-widget elementor-widget-text-editor\" data-id=\"179fae4\" data-element_type=\"widget\" data-widget_type=\"text-editor.default\">\n\t\t\t\t<div class=\"elementor-widget-container\">\n\t\t\t\t\t\t\t\t\t<p class=\"\" data-start=\"246\" data-end=\"659\"><strong>Retour au pays : <a href=\"https:\/\/www.alevire.com\/\" target=\"_blank\" rel=\"noopener nofollow\">Al\u00e9 Vir\u00e9<\/a>, quand l\u2019exil s\u2019inverse et s\u2019organise.<\/strong> Face \u00e0 l\u2019exode massif de sa jeunesse, la <a href=\"https:\/\/richeskarayib.com\/fr\/club-med-les-boucaniers-une-icone-locale\/\" target=\"_blank\" rel=\"noopener\">Martinique<\/a> doit relever un d\u00e9fi existentiel : comment encourager les enfants du pays \u00e0 revenir, s\u2019installer, et rester durablement sur leur territoire ? Depuis plus de six ans, l\u2019association Al\u00e9 Vir\u00e9 agit sur le terrain pour rendre ce retour possible.<\/p>\n<p data-start=\"246\" data-end=\"659\">En cr\u00e9ole martiniquais, \u201c<strong>Al\u00e9 Vir\u00e9<\/strong>\u201d signifie litt\u00e9ralement \u201cpartir et revenir\u201d \u2014 une expression qui, \u00e0 elle seule, incarne le parcours de nombreux Martiniquais de la diaspora.<\/p>\t\t\t\t\t\t\t\t<\/div>\n\t\t\t\t<\/div>\n\t\t\t\t<div class=\"elementor-element elementor-element-9efd5dd elementor-widget elementor-widget-text-editor\" data-id=\"9efd5dd\" data-element_type=\"widget\" data-widget_type=\"text-editor.default\">\n\t\t\t\t<div class=\"elementor-widget-container\">\n\t\t\t\t\t\t\t\t\t<p class=\"\" data-start=\"246\" data-end=\"659\">R\u00e9cemment, l&#8217;association a organis\u00e9 un ap\u00e9ro networking dans les locaux de la BRED \u00e0 Fort-de-France, son partenaire historique. Ce fut un moment de partage et d\u2019engagement sur un th\u00e8me cl\u00e9: l\u2019\u00e9ducation financi\u00e8re, un levier fondamental pour transformer le r\u00eave du retour en v\u00e9ritable projet de vie.<\/p>\n<p data-start=\"246\" data-end=\"659\">Al\u00e9 Vir\u00e9 a r\u00e9uni des expert\u00b7es de la finance, des acteurs institutionnels et des Martiniquais en transition de vie pour l&#8217;occasion.<\/p>\t\t\t\t\t\t\t\t<\/div>\n\t\t\t\t<\/div>\n\t\t\t\t<div class=\"elementor-element elementor-element-0f49652 elementor-widget elementor-widget-image\" data-id=\"0f49652\" data-element_type=\"widget\" data-widget_type=\"image.default\">\n\t\t\t\t<div class=\"elementor-widget-container\">\n\t\t\t\t\t\t\t\t\t\t\t\t<figure class=\"wp-caption\">\n\t\t\t\t\t\t\t\t\t\t<img fetchpriority=\"high\" decoding=\"async\" width=\"800\" height=\"451\" src=\"https:\/\/richeskarayib.com\/wp-content\/uploads\/2025\/04\/20250403_190018-1024x577.jpg\" class=\"attachment-large size-large wp-image-48344\" alt=\"Al\u00e9 Vir\u00e9\" srcset=\"https:\/\/richeskarayib.com\/wp-content\/uploads\/2025\/04\/20250403_190018-1024x577.jpg 1024w, https:\/\/richeskarayib.com\/wp-content\/uploads\/2025\/04\/20250403_190018-300x169.jpg 300w, https:\/\/richeskarayib.com\/wp-content\/uploads\/2025\/04\/20250403_190018-768x432.jpg 768w, https:\/\/richeskarayib.com\/wp-content\/uploads\/2025\/04\/20250403_190018-1536x865.jpg 1536w, https:\/\/richeskarayib.com\/wp-content\/uploads\/2025\/04\/20250403_190018-1320x743.jpg 1320w, https:\/\/richeskarayib.com\/wp-content\/uploads\/2025\/04\/20250403_190018.jpg 1920w\" sizes=\"(max-width: 800px) 100vw, 800px\" \/>\t\t\t\t\t\t\t\t\t\t\t<figcaption class=\"widget-image-caption wp-caption-text\"><\/figcaption>\n\t\t\t\t\t\t\t\t\t\t<\/figure>\n\t\t\t\t\t\t\t\t\t<\/div>\n\t\t\t\t<\/div>\n\t\t\t\t\t<\/div>\n\t\t<\/div>\n\t\t\t\t\t<\/div>\n\t\t<\/section>\n\t\t\t\t<section class=\"elementor-section elementor-top-section elementor-element elementor-element-5e01675 elementor-section-boxed elementor-section-height-default elementor-section-height-default\" data-id=\"5e01675\" data-element_type=\"section\">\n\t\t\t\t\t\t<div class=\"elementor-container elementor-column-gap-default\">\n\t\t\t\t\t<div class=\"elementor-column elementor-col-100 elementor-top-column elementor-element elementor-element-d8b23c1\" data-id=\"d8b23c1\" data-element_type=\"column\">\n\t\t\t<div class=\"elementor-widget-wrap elementor-element-populated\">\n\t\t\t\t\t\t<div class=\"elementor-element elementor-element-f20b64e elementor-widget elementor-widget-heading\" data-id=\"f20b64e\" data-element_type=\"widget\" data-widget_type=\"heading.default\">\n\t\t\t\t<div class=\"elementor-widget-container\">\n\t\t\t\t\t<h2 class=\"elementor-heading-title elementor-size-default\">Al\u00e9 Vir\u00e9, une r\u00e9ponse concr\u00e8te \u00e0 l\u2019exil et au d\u00e9sir de retour<\/h2>\t\t\t\t<\/div>\n\t\t\t\t<\/div>\n\t\t\t\t<div class=\"elementor-element elementor-element-9bcbfcc elementor-widget elementor-widget-text-editor\" data-id=\"9bcbfcc\" data-element_type=\"widget\" data-widget_type=\"text-editor.default\">\n\t\t\t\t<div class=\"elementor-widget-container\">\n\t\t\t\t\t\t\t\t\t<p class=\"\" data-start=\"1070\" data-end=\"1616\">Fond\u00e9e en 2018, l\u2019association <a href=\"https:\/\/www.facebook.com\/aleviremartinique\" target=\"_blank\" rel=\"noopener nofollow\">Al\u00e9 Vir\u00e9<\/a> est n\u00e9e d\u2019un constat alarmant : la Martinique se vide lentement mais s\u00fbrement. En une quinzaine d\u2019ann\u00e9es, la population a chut\u00e9 de pr\u00e8s de 60 000 habitants. Et parmi ceux qui partent, nombreux sont les jeunes dipl\u00f4m\u00e9s, les forces vives, les comp\u00e9tences d\u2019avenir. Face \u00e0 cette \u00e9rosion silencieuse, <strong>Catherine Conconne<\/strong>, s\u00e9natrice de la Martinique et fondatrice de l\u2019initiative, a voulu initier une dynamique inverse. L\u2019ambition d\u2019Al\u00e9 Vir\u00e9 : faire du retour au pays une r\u00e9alit\u00e9 tangible, accessible et encadr\u00e9e.<\/p>\t\t\t\t\t\t\t\t<\/div>\n\t\t\t\t<\/div>\n\t\t\t\t<div class=\"elementor-element elementor-element-ec7d339 elementor-widget elementor-widget-text-editor\" data-id=\"ec7d339\" data-element_type=\"widget\" data-widget_type=\"text-editor.default\">\n\t\t\t\t<div class=\"elementor-widget-container\">\n\t\t\t\t\t\t\t\t\t<p class=\"\" data-start=\"1618\" data-end=\"2324\">Aujourd\u2019hui pr\u00e9sid\u00e9e par <strong>Anne-Emmanuelle Pique<\/strong>, l\u2019association s\u2019appuie sur un r\u00e9seau solide et une \u00e9quipe engag\u00e9e, dont <strong>St\u00e9phie Salp\u00e9trier<\/strong>, charg\u00e9e de mission et host de la soir\u00e9e. Cette derni\u00e8re a guid\u00e9 les \u00e9changes avec fluidit\u00e9, donnant \u00e0 chacun l\u2019espace de poser ses questions, de partager ses doutes, et d\u2019obtenir des r\u00e9ponses concr\u00e8tes. Depuis sa cr\u00e9ation, Al\u00e9 Vir\u00e9 a d\u00e9j\u00e0 <strong>accompagn\u00e9 plus de 2 000 familles dans leur retour<\/strong>. Gr\u00e2ce \u00e0 une approche humaine, des partenariats solides et une strat\u00e9gie bien pens\u00e9e, Al\u00e9 Vir\u00e9 accompagne concr\u00e8tement les retours, et \u00e9galement gr\u00e2ce \u00e0 une conviction forte : <strong>le r\u00e9seau est une force motrice pour faire avancer les choses, cr\u00e9er des opportunit\u00e9s et briser l\u2019isolement.<\/strong><\/p>\t\t\t\t\t\t\t\t<\/div>\n\t\t\t\t<\/div>\n\t\t\t\t\t<\/div>\n\t\t<\/div>\n\t\t\t\t\t<\/div>\n\t\t<\/section>\n\t\t\t\t<section class=\"elementor-section elementor-top-section elementor-element elementor-element-386149b elementor-section-boxed elementor-section-height-default elementor-section-height-default\" data-id=\"386149b\" data-element_type=\"section\">\n\t\t\t\t\t\t<div class=\"elementor-container elementor-column-gap-default\">\n\t\t\t\t\t<div class=\"elementor-column elementor-col-100 elementor-top-column elementor-element elementor-element-2c93141\" data-id=\"2c93141\" data-element_type=\"column\">\n\t\t\t<div class=\"elementor-widget-wrap elementor-element-populated\">\n\t\t\t\t\t\t<div class=\"elementor-element elementor-element-d414cb8 elementor-widget elementor-widget-heading\" data-id=\"d414cb8\" data-element_type=\"widget\" data-widget_type=\"heading.default\">\n\t\t\t\t<div class=\"elementor-widget-container\">\n\t\t\t\t\t<h2 class=\"elementor-heading-title elementor-size-default\">Un partenariat solide pour un objectif commun<\/h2>\t\t\t\t<\/div>\n\t\t\t\t<\/div>\n\t\t\t\t<div class=\"elementor-element elementor-element-70e86ab elementor-widget elementor-widget-text-editor\" data-id=\"70e86ab\" data-element_type=\"widget\" data-widget_type=\"text-editor.default\">\n\t\t\t\t<div class=\"elementor-widget-container\">\n\t\t\t\t\t\t\t\t\t<p class=\"\" data-start=\"2397\" data-end=\"2774\">La soir\u00e9e a \u00e9galement \u00e9t\u00e9 marqu\u00e9e par la pr\u00e9sence du pr\u00e9fet de la Martinique, <strong>\u00c9tienne Desplanques,<\/strong> dont la venue a soulign\u00e9 l\u2019importance institutionnelle accord\u00e9e \u00e0 la dynamique du retour.<\/p>\n<p class=\"\" data-start=\"2397\" data-end=\"2774\">Si l&#8217;\u00e9v\u00e9nement a mis l\u2019accent sur les finances personnelles, ce n\u2019est pas un hasard. L\u2019une des grandes peurs des candidats au retour est \u00e9conomique. Comment s\u2019installer durablement si l\u2019on ne ma\u00eetrise pas son budget, si l\u2019on ne conna\u00eet pas les bons outils pour \u00e9pargner ou investir ? C\u2019est l\u00e0 qu\u2019interviennent des sp\u00e9cialistes venus partager leur exp\u00e9rience et leurs conseils.<\/p>\t\t\t\t\t\t\t\t<\/div>\n\t\t\t\t<\/div>\n\t\t\t\t<div class=\"elementor-element elementor-element-bbec74a elementor-widget elementor-widget-text-editor\" data-id=\"bbec74a\" data-element_type=\"widget\" data-widget_type=\"text-editor.default\">\n\t\t\t\t<div class=\"elementor-widget-container\">\n\t\t\t\t\t\t\t\t\t<p class=\"\" data-start=\"2776\" data-end=\"3157\"><strong>Cindy Sunkiss,<\/strong> fondatrice de Sodaf\u00e9 et cr\u00e9atrice de la m\u00e9thode <strong>FODAF<\/strong>,, a soulign\u00e9 l\u2019importance d\u2019une organisation financi\u00e8re rigoureuse, m\u00eame avec des ressources modestes. Avec sa m\u00e9thode, elle aide chacun \u00e0 piloter son budget comme on g\u00e9rerait un projet d\u2019entreprise, en posant des objectifs clairs et en retrouvant une forme de libert\u00e9 dans ses choix de vie.<\/p>\n<p class=\"\" data-start=\"3159\" data-end=\"3599\"><strong>S\u00e9verine Marcussy,<\/strong> conseill\u00e8re en gestion de patrimoine et fondatrice du cabinet UNESSY, a quant \u00e0 elle d\u00e9mystifi\u00e9 la construction de patrimoine. Pour elle, ce n\u2019est pas une affaire de fortune mais de discipline. Avec 50 euros par mois et une vision \u00e0 long terme, on peut d\u00e9j\u00e0 b\u00e2tir les fondations d\u2019un avenir plus serein. Elle a insist\u00e9 sur la n\u00e9cessit\u00e9 de d\u00e9passer les croyances limitantes, souvent h\u00e9rit\u00e9es ou entretenues par l\u2019entourage.<\/p>\t\t\t\t\t\t\t\t<\/div>\n\t\t\t\t<\/div>\n\t\t\t\t<div class=\"elementor-element elementor-element-5e21fb7 elementor-widget elementor-widget-text-editor\" data-id=\"5e21fb7\" data-element_type=\"widget\" data-widget_type=\"text-editor.default\">\n\t\t\t\t<div class=\"elementor-widget-container\">\n\t\t\t\t\t\t\t\t\t<p class=\"\" data-start=\"3601\" data-end=\"4079\">Du c\u00f4t\u00e9 institutionnel, <strong>Herv\u00e9 Louis-Jean<\/strong>, de l&#8217;<strong>EDUCFI<\/strong>\u00a0(\u00e9ducation \u00e9conomique, budg\u00e9taire et financi\u00e8re des publics) \u00e0 l\u2019IEDOM, a livr\u00e9 un \u00e9tat des lieux pr\u00e9occupant : la Martinique a connu une hausse de +13 % des dossiers de surendettement en 2023. Il a soulign\u00e9 l\u2019importance de d\u00e9velopper des r\u00e9flexes budg\u00e9taires d\u00e8s le plus jeune \u00e2ge, gr\u00e2ce \u00e0 des supports p\u00e9dagogiques, des jeux et des ateliers organis\u00e9s en milieu scolaire. <strong>Pour lui, l\u2019\u00e9ducation financi\u00e8re est une d\u00e9marche d\u2019\u00e9mancipation citoyenne, plus que jamais n\u00e9cessaire.<\/strong><\/p>\n<p class=\"\" data-start=\"4081\" data-end=\"4812\"><strong>La BRED, partenaire fid\u00e8le d\u2019Al\u00e9 Vir\u00e9,<\/strong> a r\u00e9affirm\u00e9 son r\u00f4le de soutien \u00e0 cette dynamique de retour. Aux c\u00f4t\u00e9s de son directeur St\u00e9phane Timbert, Olivia Audenay, et les \u00e9quipes de la BRED ont contribu\u00e9 activement \u00e0 la r\u00e9ussite de l\u2019\u00e9v\u00e9nement. Leur accueil, chaleureux et professionnel, a permis de cr\u00e9er un espace d\u2019\u00e9change propice aux discussions franches et constructives.<\/p>\t\t\t\t\t\t\t\t<\/div>\n\t\t\t\t<\/div>\n\t\t\t\t<div class=\"elementor-element elementor-element-e534cad elementor-widget elementor-widget-text-editor\" data-id=\"e534cad\" data-element_type=\"widget\" data-widget_type=\"text-editor.default\">\n\t\t\t\t<div class=\"elementor-widget-container\">\n\t\t\t\t\t\t\t\t\t<p class=\"\" data-start=\"4081\" data-end=\"4812\"><strong>St\u00e9phane Timbert<\/strong> a rappel\u00e9 que la BRED, en tant que banque coop\u00e9rative appartenant \u00e0 ses soci\u00e9taires, privil\u00e9gie l\u2019accompagnement humain et s\u2019engage durablement dans le d\u00e9veloppement local. Alors que de nombreuses agences ferment,\u00a0 la BRED pr\u00e9voit l\u2019ouverture d\u2019une nouvelle structure en Nord-Cara\u00efbe, preuve d\u2019une strat\u00e9gie d\u2019investissement \u00e0 contre-courant.<\/p>\t\t\t\t\t\t\t\t<\/div>\n\t\t\t\t<\/div>\n\t\t\t\t\t<\/div>\n\t\t<\/div>\n\t\t\t\t\t<\/div>\n\t\t<\/section>\n\t\t\t\t<section class=\"elementor-section elementor-top-section elementor-element elementor-element-c1e3378 elementor-section-boxed elementor-section-height-default elementor-section-height-default\" data-id=\"c1e3378\" data-element_type=\"section\">\n\t\t\t\t\t\t<div class=\"elementor-container elementor-column-gap-default\">\n\t\t\t\t\t<div class=\"elementor-column elementor-col-100 elementor-top-column elementor-element elementor-element-fbecb64\" data-id=\"fbecb64\" data-element_type=\"column\">\n\t\t\t<div class=\"elementor-widget-wrap elementor-element-populated\">\n\t\t\t\t\t\t<div class=\"elementor-element elementor-element-27e2663 elementor-widget elementor-widget-heading\" data-id=\"27e2663\" data-element_type=\"widget\" data-widget_type=\"heading.default\">\n\t\t\t\t<div class=\"elementor-widget-container\">\n\t\t\t\t\t<h2 class=\"elementor-heading-title elementor-size-default\">Un ancrage possible, \u00e0 condition d\u2019\u00eatre pr\u00e9par\u00e9<\/h2>\t\t\t\t<\/div>\n\t\t\t\t<\/div>\n\t\t\t\t<div class=\"elementor-element elementor-element-85cc1cb elementor-widget elementor-widget-text-editor\" data-id=\"85cc1cb\" data-element_type=\"widget\" data-widget_type=\"text-editor.default\">\n\t\t\t\t<div class=\"elementor-widget-container\">\n\t\t\t\t\t\t\t\t\t<p class=\"\" data-start=\"4876\" data-end=\"5350\">La soir\u00e9e s\u2019est conclue sur une note inspirante avec le t\u00e9moignage de <strong>Shirley Thorel<\/strong>, cheffe d\u2019entreprise pass\u00e9e par le programme HEC Stand Up. Gr\u00e2ce \u00e0 cette formation d\u00e9di\u00e9e aux femmes entrepreneures, elle a structur\u00e9 son projet et gagn\u00e9 en confiance. Son parcours r\u00e9sonne avec celui de nombreuses Martiniquaises en qu\u00eate d\u2019autonomie et de reconnaissance professionnelle, et vient rappeler l&#8217;importance des dispositifs d&#8217;accompagnement dans la r\u00e9ussite d\u2019un retour au pays.<\/p>\n<p class=\"\" data-start=\"5352\" data-end=\"5702\">Au-del\u00e0 des chiffres et des outils, cette soir\u00e9e a surtout permis \u00e0 chacun de se projeter. Car revenir au pays ne se r\u00e9sume pas \u00e0 prendre un billet d\u2019avion. Il s\u2019agit de se reconstruire dans un \u00e9cosyst\u00e8me souvent familier\u2026 mais profond\u00e9ment transform\u00e9. Pour r\u00e9ussir ce retour, il faut des appuis, des rep\u00e8res, et une gestion lucide de ses ressources.<\/p>\t\t\t\t\t\t\t\t<\/div>\n\t\t\t\t<\/div>\n\t\t\t\t\t<\/div>\n\t\t<\/div>\n\t\t\t\t\t<\/div>\n\t\t<\/section>\n\t\t\t\t<section class=\"elementor-section elementor-top-section elementor-element elementor-element-2d90375 elementor-section-boxed elementor-section-height-default elementor-section-height-default\" data-id=\"2d90375\" data-element_type=\"section\">\n\t\t\t\t\t\t<div class=\"elementor-container elementor-column-gap-default\">\n\t\t\t\t\t<div class=\"elementor-column elementor-col-100 elementor-top-column elementor-element elementor-element-6b919c4\" data-id=\"6b919c4\" data-element_type=\"column\">\n\t\t\t<div class=\"elementor-widget-wrap elementor-element-populated\">\n\t\t\t\t\t\t<div class=\"elementor-element elementor-element-59c8ea3 elementor-widget elementor-widget-heading\" data-id=\"59c8ea3\" data-element_type=\"widget\" data-widget_type=\"heading.default\">\n\t\t\t\t<div class=\"elementor-widget-container\">\n\t\t\t\t\t<h2 class=\"elementor-heading-title elementor-size-default\">Revenir, rester, reconstruire<\/h2>\t\t\t\t<\/div>\n\t\t\t\t<\/div>\n\t\t\t\t<div class=\"elementor-element elementor-element-6baa50b elementor-widget elementor-widget-text-editor\" data-id=\"6baa50b\" data-element_type=\"widget\" data-widget_type=\"text-editor.default\">\n\t\t\t\t<div class=\"elementor-widget-container\">\n\t\t\t\t\t\t\t\t\t<p class=\"\" data-start=\"5788\" data-end=\"6090\">En rassemblant institutions, professionnel\u00b7les de la finance, anciens et futurs \u201cvir\u00e9s\u201d, <a href=\"https:\/\/www.instagram.com\/ale.vire\/\" target=\"_blank\" rel=\"noopener nofollow\">Al\u00e9 Vir\u00e9<\/a> a montr\u00e9 qu\u2019une autre voie est possible. Une voie o\u00f9 l\u2019on valorise les parcours hybrides, o\u00f9 l\u2019on outille les retours au lieu de les laisser \u00e0 l\u2019improvisation, o\u00f9 l\u2019on prend au s\u00e9rieux l\u2019envie de rentrer.<\/p>\n<p class=\"\" data-start=\"6092\" data-end=\"6477\">Car l\u2019attractivit\u00e9 d\u2019un territoire ne se d\u00e9cr\u00e8te pas \u2014 elle se construit. Patience, action, transmission. Et c\u2019est pr\u00e9cis\u00e9ment ce que r\u00e9alise Al\u00e9 Vir\u00e9 depuis six ans. \u00c0 l\u2019heure o\u00f9 la Martinique cherche un nouveau souffle, ce type d\u2019initiative appara\u00eet non seulement utile, mais vital. Revenir chez soi ne doit plus \u00eatre un r\u00eave incertain, mais un projet soutenu, structur\u00e9, et partag\u00e9.<\/p>\t\t\t\t\t\t\t\t<\/div>\n\t\t\t\t<\/div>\n\t\t\t\t\t<\/div>\n\t\t<\/div>\n\t\t\t\t\t<\/div>\n\t\t<\/section>\n\t\t\t\t<\/div>\n\t\t","protected":false},"excerpt":{"rendered":"<p>Retour au pays : Al\u00e9 Vir\u00e9, quand l\u2019exil s\u2019inverse et s\u2019organise. Face \u00e0 l\u2019exode massif de sa jeunesse, la Martinique doit relever un d\u00e9fi existentiel : comment encourager les enfants du pays \u00e0 revenir, s\u2019installer, et rester durablement sur leur territoire ? Depuis plus de six ans, l\u2019association Al\u00e9 Vir\u00e9 agit sur le terrain pour [&hellip;]<\/p>\n","protected":false},"author":47,"featured_media":48348,"comment_status":"open","ping_status":"open","sticky":false,"template":"","format":"standard","meta":{"_acf_changed":false,"footnotes":""},"categories":[840],"tags":[808],"class_list":["post-48343","post","type-post","status-publish","format-standard","has-post-thumbnail","hentry","category-actus","tag-martinique-fr"],"acf":[],"_links":{"self":[{"href":"https:\/\/richeskarayib.com\/fr\/wp-json\/wp\/v2\/posts\/48343","targetHints":{"allow":["GET"]}}],"collection":[{"href":"https:\/\/richeskarayib.com\/fr\/wp-json\/wp\/v2\/posts"}],"about":[{"href":"https:\/\/richeskarayib.com\/fr\/wp-json\/wp\/v2\/types\/post"}],"author":[{"embeddable":true,"href":"https:\/\/richeskarayib.com\/fr\/wp-json\/wp\/v2\/users\/47"}],"replies":[{"embeddable":true,"href":"https:\/\/richeskarayib.com\/fr\/wp-json\/wp\/v2\/comments?post=48343"}],"version-history":[{"count":0,"href":"https:\/\/richeskarayib.com\/fr\/wp-json\/wp\/v2\/posts\/48343\/revisions"}],"wp:featuredmedia":[{"embeddable":true,"href":"https:\/\/richeskarayib.com\/fr\/wp-json\/wp\/v2\/media\/48348"}],"wp:attachment":[{"href":"https:\/\/richeskarayib.com\/fr\/wp-json\/wp\/v2\/media?parent=48343"}],"wp:term":[{"taxonomy":"category","embeddable":true,"href":"https:\/\/richeskarayib.com\/fr\/wp-json\/wp\/v2\/categories?post=48343"},{"taxonomy":"post_tag","embeddable":true,"href":"https:\/\/richeskarayib.com\/fr\/wp-json\/wp\/v2\/tags?post=48343"}],"curies":[{"name":"wp","href":"https:\/\/api.w.org\/{rel}","templated":true}]}}