{"id":48418,"date":"2025-04-07T14:42:17","date_gmt":"2025-04-07T18:42:17","guid":{"rendered":"https:\/\/richeskarayib.com\/?p=48418"},"modified":"2025-04-07T14:49:48","modified_gmt":"2025-04-07T18:49:48","slug":"jordan-beal-au-salon-unrepresented-photo","status":"publish","type":"post","link":"https:\/\/richeskarayib.com\/fr\/jordan-beal-au-salon-unrepresented-photo\/","title":{"rendered":"Martinique &#8211; Jordan Beal : Une exploration photographique au salon unRepresented"},"content":{"rendered":"\t\t<div data-elementor-type=\"wp-post\" data-elementor-id=\"48418\" class=\"elementor elementor-48418\" data-elementor-post-type=\"post\">\n\t\t\t\t\t\t<section class=\"elementor-section elementor-top-section elementor-element elementor-element-f922384 elementor-section-boxed elementor-section-height-default elementor-section-height-default\" data-id=\"f922384\" data-element_type=\"section\">\n\t\t\t\t\t\t<div class=\"elementor-container elementor-column-gap-default\">\n\t\t\t\t\t<div class=\"elementor-column elementor-col-100 elementor-top-column elementor-element elementor-element-cfc4ed8\" data-id=\"cfc4ed8\" data-element_type=\"column\">\n\t\t\t<div class=\"elementor-widget-wrap elementor-element-populated\">\n\t\t\t\t\t\t<div class=\"elementor-element elementor-element-179fae4 elementor-widget elementor-widget-text-editor\" data-id=\"179fae4\" data-element_type=\"widget\" data-widget_type=\"text-editor.default\">\n\t\t\t\t<div class=\"elementor-widget-container\">\n\t\t\t\t\t\t\t\t\t<p><span style=\"font-weight: 400;\">Le salon <a href=\"https:\/\/thesteidz.com\/2025\/03\/31\/jordan-beal-laureat-bourse-rubis-mecenat-exposition-paris\/\" target=\"_blank\" rel=\"noopener nofollow\">unRepresented<\/a>, d\u00e9di\u00e9 aux artistes non repr\u00e9sent\u00e9s en galerie, offre cette ann\u00e9e une vitrine exceptionnelle \u00e0 <a href=\"https:\/\/www.instagram.com\/danbeal_\/\" target=\"_blank\" rel=\"noopener nofollow\">Jordan Beal<\/a>, photographe martiniquais dont le travail repousse les limites de la photographie traditionnelle. Premier laur\u00e9at de la bourse de soutien \u00e0 la cr\u00e9ation contemporaine fran\u00e7aise carib\u00e9enne et amazonienne, il expose \u00e0 Paris sa s\u00e9rie \u00ab Corrosion \u00bb, une \u0153uvre qui interroge notre perception de la nature et du territoire. Cet \u00e9v\u00e9nement marque une \u00e9tape importante pour cet artiste \u00e9mergent et pour la reconnaissance des talents issus de la Cara\u00efbe.<\/span><\/p>\t\t\t\t\t\t\t\t<\/div>\n\t\t\t\t<\/div>\n\t\t\t\t\t<\/div>\n\t\t<\/div>\n\t\t\t\t\t<\/div>\n\t\t<\/section>\n\t\t\t\t<section class=\"elementor-section elementor-top-section elementor-element elementor-element-5e01675 elementor-section-boxed elementor-section-height-default elementor-section-height-default\" data-id=\"5e01675\" data-element_type=\"section\">\n\t\t\t\t\t\t<div class=\"elementor-container elementor-column-gap-default\">\n\t\t\t\t\t<div class=\"elementor-column elementor-col-100 elementor-top-column elementor-element elementor-element-d8b23c1\" data-id=\"d8b23c1\" data-element_type=\"column\">\n\t\t\t<div class=\"elementor-widget-wrap elementor-element-populated\">\n\t\t\t\t\t\t<div class=\"elementor-element elementor-element-f20b64e elementor-widget elementor-widget-heading\" data-id=\"f20b64e\" data-element_type=\"widget\" data-widget_type=\"heading.default\">\n\t\t\t\t<div class=\"elementor-widget-container\">\n\t\t\t\t\t<h2 class=\"elementor-heading-title elementor-size-default\">Qui est Jordan Beal ?<\/h2>\t\t\t\t<\/div>\n\t\t\t\t<\/div>\n\t\t\t\t<div class=\"elementor-element elementor-element-9bcbfcc elementor-widget elementor-widget-text-editor\" data-id=\"9bcbfcc\" data-element_type=\"widget\" data-widget_type=\"text-editor.default\">\n\t\t\t\t<div class=\"elementor-widget-container\">\n\t\t\t\t\t\t\t\t\t<p><span style=\"font-weight: 400;\">Jordan Beal, n\u00e9 en 1991 en <a href=\"https:\/\/richeskarayib.com\/fr\/martinique-retour-au-pays-ale-vire-exil-sinverse-et-sorganise\/\">Martinique<\/a>, est un photographe dont l\u2019approche artistique se distingue par son caract\u00e8re exp\u00e9rimental et sa sensibilit\u00e9 unique. D\u00e8s ses d\u00e9buts, il a montr\u00e9 un int\u00e9r\u00eat marqu\u00e9 pour l\u2019exploration des interactions entre l\u2019homme et son environnement naturel.<\/span><\/p>\t\t\t\t\t\t\t\t<\/div>\n\t\t\t\t<\/div>\n\t\t\t\t<div class=\"elementor-element elementor-element-ec7d339 elementor-widget elementor-widget-text-editor\" data-id=\"ec7d339\" data-element_type=\"widget\" data-widget_type=\"text-editor.default\">\n\t\t\t\t<div class=\"elementor-widget-container\">\n\t\t\t\t\t\t\t\t\t<p><span style=\"font-weight: 400;\">En 2022, il pr\u00e9sentait \u00ab Pour faire le portrait d\u2019une fleur \u00bb \u00e0 Tropiques Atrium. Cette exposition monographique mettait en lumi\u00e8re une technique audacieuse : certains tirages photographiques \u00e9taient enfouis sous terre pendant plusieurs semaines. Ce processus symbolique visait \u00e0 restituer \u00e0 la nature ce qu\u2019elle avait inspir\u00e9 \u00e0 l\u2019artiste, cr\u00e9ant ainsi des \u0153uvres marqu\u00e9es par l\u2019empreinte du temps et des \u00e9l\u00e9ments naturels.<\/span><\/p>\t\t\t\t\t\t\t\t<\/div>\n\t\t\t\t<\/div>\n\t\t\t\t<div class=\"elementor-element elementor-element-3a6c9e0 elementor-widget elementor-widget-text-editor\" data-id=\"3a6c9e0\" data-element_type=\"widget\" data-widget_type=\"text-editor.default\">\n\t\t\t\t<div class=\"elementor-widget-container\">\n\t\t\t\t\t\t\t\t\t<p><span style=\"font-weight: 400;\">L\u2019art de Jordan Beal transcende les fronti\u00e8res traditionnelles de la photographie. Ses \u0153uvres interrogent des concepts tels que le territoire, les fronti\u00e8res naturelles et politiques, ou encore les transformations subies par la nature dans un monde en constante \u00e9volution.<\/span><\/p>\t\t\t\t\t\t\t\t<\/div>\n\t\t\t\t<\/div>\n\t\t\t\t\t<\/div>\n\t\t<\/div>\n\t\t\t\t\t<\/div>\n\t\t<\/section>\n\t\t\t\t<section class=\"elementor-section elementor-top-section elementor-element elementor-element-386149b elementor-section-boxed elementor-section-height-default elementor-section-height-default\" data-id=\"386149b\" data-element_type=\"section\">\n\t\t\t\t\t\t<div class=\"elementor-container elementor-column-gap-default\">\n\t\t\t\t\t<div class=\"elementor-column elementor-col-100 elementor-top-column elementor-element elementor-element-2c93141\" data-id=\"2c93141\" data-element_type=\"column\">\n\t\t\t<div class=\"elementor-widget-wrap elementor-element-populated\">\n\t\t\t\t\t\t<div class=\"elementor-element elementor-element-d414cb8 elementor-widget elementor-widget-heading\" data-id=\"d414cb8\" data-element_type=\"widget\" data-widget_type=\"heading.default\">\n\t\t\t\t<div class=\"elementor-widget-container\">\n\t\t\t\t\t<h2 class=\"elementor-heading-title elementor-size-default\">La bourse de soutien \u00e0 la cr\u00e9ation contemporaine fran\u00e7aise carib\u00e9enne et amazonienne<\/h2>\t\t\t\t<\/div>\n\t\t\t\t<\/div>\n\t\t\t\t<div class=\"elementor-element elementor-element-70e86ab elementor-widget elementor-widget-text-editor\" data-id=\"70e86ab\" data-element_type=\"widget\" data-widget_type=\"text-editor.default\">\n\t\t\t\t<div class=\"elementor-widget-container\">\n\t\t\t\t\t\t\t\t\t<p><span style=\"font-weight: 400;\">Cette bourse, initi\u00e9e par Rubis M\u00e9c\u00e9nat, La Station Culturelle (Martinique) et le salon unRepresented, vise \u00e0 promouvoir les artistes \u00e9mergents issus des territoires carib\u00e9ens et amazoniens. Elle r\u00e9pond \u00e0 un besoin crucial : offrir une visibilit\u00e9 accrue et des ressources professionnelles aux cr\u00e9ateurs souvent marginalis\u00e9s sur la sc\u00e8ne artistique internationale.<\/span><\/p>\t\t\t\t\t\t\t\t<\/div>\n\t\t\t\t<\/div>\n\t\t\t\t<div class=\"elementor-element elementor-element-0c10937 elementor-widget elementor-widget-text-editor\" data-id=\"0c10937\" data-element_type=\"widget\" data-widget_type=\"text-editor.default\">\n\t\t\t\t<div class=\"elementor-widget-container\">\n\t\t\t\t\t\t\t\t\t<p><span style=\"font-weight: 400;\">L\u2019objectif principal est double :<\/span><\/p><ul><li style=\"font-weight: 400;\" aria-level=\"1\"><span style=\"font-weight: 400;\">Soutenir la production artistique : Les artistes b\u00e9n\u00e9ficient d\u2019un financement pour r\u00e9aliser leurs projets.<\/span><\/li><li style=\"font-weight: 400;\" aria-level=\"1\"><span style=\"font-weight: 400;\">Accompagner leur d\u00e9veloppement professionnel : Un programme personnalis\u00e9 de rencontres avec des experts du milieu artistique est mis en place.<\/span><\/li><\/ul>\t\t\t\t\t\t\t\t<\/div>\n\t\t\t\t<\/div>\n\t\t\t\t<div class=\"elementor-element elementor-element-573baaa elementor-widget elementor-widget-text-editor\" data-id=\"573baaa\" data-element_type=\"widget\" data-widget_type=\"text-editor.default\">\n\t\t\t\t<div class=\"elementor-widget-container\">\n\t\t\t\t\t\t\t\t\t<p><span style=\"font-weight: 400;\">Pour Jordan Beal, cette bourse a \u00e9t\u00e9 d\u00e9terminante. Elle lui a permis d\u2019exposer sa s\u00e9rie \u00ab Corrosion \u00bb dans un cadre prestigieux tout en renfor\u00e7ant sa pr\u00e9sence sur la sc\u00e8ne artistique europ\u00e9enne. Ce soutien illustre \u00e9galement l\u2019importance de valoriser les talents issus de r\u00e9gions souvent sous-repr\u00e9sent\u00e9es dans le paysage culturel mondial.<\/span><\/p>\t\t\t\t\t\t\t\t<\/div>\n\t\t\t\t<\/div>\n\t\t\t\t\t<\/div>\n\t\t<\/div>\n\t\t\t\t\t<\/div>\n\t\t<\/section>\n\t\t\t\t<section class=\"elementor-section elementor-top-section elementor-element elementor-element-c1e3378 elementor-section-boxed elementor-section-height-default elementor-section-height-default\" data-id=\"c1e3378\" data-element_type=\"section\">\n\t\t\t\t\t\t<div class=\"elementor-container elementor-column-gap-default\">\n\t\t\t\t\t<div class=\"elementor-column elementor-col-100 elementor-top-column elementor-element elementor-element-fbecb64\" data-id=\"fbecb64\" data-element_type=\"column\">\n\t\t\t<div class=\"elementor-widget-wrap elementor-element-populated\">\n\t\t\t\t\t\t<div class=\"elementor-element elementor-element-27e2663 elementor-widget elementor-widget-heading\" data-id=\"27e2663\" data-element_type=\"widget\" data-widget_type=\"heading.default\">\n\t\t\t\t<div class=\"elementor-widget-container\">\n\t\t\t\t\t<h2 class=\"elementor-heading-title elementor-size-default\">La s\u00e9rie \u00ab Corrosion \u00bb : Une \u0153uvre entre abstraction et r\u00e9alit\u00e9<\/h2>\t\t\t\t<\/div>\n\t\t\t\t<\/div>\n\t\t\t\t<div class=\"elementor-element elementor-element-85cc1cb elementor-widget elementor-widget-text-editor\" data-id=\"85cc1cb\" data-element_type=\"widget\" data-widget_type=\"text-editor.default\">\n\t\t\t\t<div class=\"elementor-widget-container\">\n\t\t\t\t\t\t\t\t\t<p><span style=\"font-weight: 400;\">La s\u00e9rie \u00ab Corrosion \u00bb constitue un tournant dans la carri\u00e8re de Jordan Beal. Cette \u0153uvre explore les limites du m\u00e9dium photographique en int\u00e9grant des proc\u00e9d\u00e9s chimiques, des doubles expositions et des d\u00e9coupes artistiques. Ces techniques permettent de transformer l\u2019image initiale en une composition abstraite o\u00f9 se m\u00ealent r\u00e9alit\u00e9 et imaginaire.<\/span><\/p>\t\t\t\t\t\t\t\t<\/div>\n\t\t\t\t<\/div>\n\t\t\t\t<div class=\"elementor-element elementor-element-c7e77f9 elementor-widget elementor-widget-text-editor\" data-id=\"c7e77f9\" data-element_type=\"widget\" data-widget_type=\"text-editor.default\">\n\t\t\t\t<div class=\"elementor-widget-container\">\n\t\t\t\t\t\t\t\t\t<p><span style=\"font-weight: 400;\">Les th\u00e8mes centraux de \u00ab Corrosion \u00bb incluent :<\/span><\/p><ul><li style=\"font-weight: 400;\" aria-level=\"1\"><span style=\"font-weight: 400;\">La relation entre l\u2019homme et son environnement naturel.<\/span><\/li><li style=\"font-weight: 400;\" aria-level=\"1\"><span style=\"font-weight: 400;\">Les transformations chimiques comme m\u00e9taphore du passage du temps.<\/span><\/li><li style=\"font-weight: 400;\" aria-level=\"1\"><span style=\"font-weight: 400;\">Les fronti\u00e8res floues entre abstraction et figuration.<\/span><\/li><\/ul>\t\t\t\t\t\t\t\t<\/div>\n\t\t\t\t<\/div>\n\t\t\t\t<div class=\"elementor-element elementor-element-dcddfc3 elementor-widget elementor-widget-text-editor\" data-id=\"dcddfc3\" data-element_type=\"widget\" data-widget_type=\"text-editor.default\">\n\t\t\t\t<div class=\"elementor-widget-container\">\n\t\t\t\t\t\t\t\t\t<p><span style=\"font-weight: 400;\">\u00c0 travers ces \u0153uvres, Jordan Beal propose une r\u00e9flexion po\u00e9tique sur les notions de territoire et d\u2019identit\u00e9. Les paysages qu\u2019il cr\u00e9e sont empreints d\u2019une beaut\u00e9 \u00e9nigmatique, invitant le spectateur \u00e0 red\u00e9couvrir le monde sous un angle in\u00e9dit.<\/span><\/p>\t\t\t\t\t\t\t\t<\/div>\n\t\t\t\t<\/div>\n\t\t\t\t<section class=\"elementor-section elementor-inner-section elementor-element elementor-element-c260b51 elementor-section-boxed elementor-section-height-default elementor-section-height-default\" data-id=\"c260b51\" data-element_type=\"section\">\n\t\t\t\t\t\t<div class=\"elementor-container elementor-column-gap-default\">\n\t\t\t\t\t<div class=\"elementor-column elementor-col-50 elementor-inner-column elementor-element elementor-element-57bc0ce\" data-id=\"57bc0ce\" data-element_type=\"column\">\n\t\t\t<div class=\"elementor-widget-wrap elementor-element-populated\">\n\t\t\t\t\t\t<div class=\"elementor-element elementor-element-2b9f6d8 elementor-widget elementor-widget-image\" data-id=\"2b9f6d8\" data-element_type=\"widget\" data-widget_type=\"image.default\">\n\t\t\t\t<div class=\"elementor-widget-container\">\n\t\t\t\t\t\t\t\t\t\t\t\t<figure class=\"wp-caption\">\n\t\t\t\t\t\t\t\t\t\t<img fetchpriority=\"high\" decoding=\"async\" width=\"800\" height=\"1005\" src=\"https:\/\/richeskarayib.com\/wp-content\/uploads\/2025\/04\/jordan-beal-exposition-rubis-mecenat-2-1223x1536-1-815x1024.jpg\" class=\"attachment-large size-large wp-image-48423\" alt=\"Jordan Beal\" srcset=\"https:\/\/richeskarayib.com\/wp-content\/uploads\/2025\/04\/jordan-beal-exposition-rubis-mecenat-2-1223x1536-1-815x1024.jpg 815w, https:\/\/richeskarayib.com\/wp-content\/uploads\/2025\/04\/jordan-beal-exposition-rubis-mecenat-2-1223x1536-1-239x300.jpg 239w, https:\/\/richeskarayib.com\/wp-content\/uploads\/2025\/04\/jordan-beal-exposition-rubis-mecenat-2-1223x1536-1-768x965.jpg 768w, https:\/\/richeskarayib.com\/wp-content\/uploads\/2025\/04\/jordan-beal-exposition-rubis-mecenat-2-1223x1536-1.jpg 1223w\" sizes=\"(max-width: 800px) 100vw, 800px\" \/>\t\t\t\t\t\t\t\t\t\t\t<figcaption class=\"widget-image-caption wp-caption-text\">Jordan Beal, Corrosion 07, 2025, tirage jet d\u2019encre sur papier Hahnem\u00fchle Ultra Smooth d\u00e9t\u00e9rior\u00e9 depuis scan de n\u00e9gatif lui-m\u00eame d\u00e9t\u00e9rior\u00e9, 24 \u00d7 30 cm. \u00a9 Jordan Beal.<\/figcaption>\n\t\t\t\t\t\t\t\t\t\t<\/figure>\n\t\t\t\t\t\t\t\t\t<\/div>\n\t\t\t\t<\/div>\n\t\t\t\t\t<\/div>\n\t\t<\/div>\n\t\t\t\t<div class=\"elementor-column elementor-col-50 elementor-inner-column elementor-element elementor-element-f4ae7f4\" data-id=\"f4ae7f4\" data-element_type=\"column\">\n\t\t\t<div class=\"elementor-widget-wrap elementor-element-populated\">\n\t\t\t\t\t\t<div class=\"elementor-element elementor-element-40ae2fc elementor-widget elementor-widget-image\" data-id=\"40ae2fc\" data-element_type=\"widget\" data-widget_type=\"image.default\">\n\t\t\t\t<div class=\"elementor-widget-container\">\n\t\t\t\t\t\t\t\t\t\t\t\t<figure class=\"wp-caption\">\n\t\t\t\t\t\t\t\t\t\t<img decoding=\"async\" width=\"768\" height=\"1024\" src=\"https:\/\/richeskarayib.com\/wp-content\/uploads\/2025\/04\/Jordan-Beal-002-768x1024.jpg\" class=\"attachment-large size-large wp-image-48427\" alt=\"Jordan Beal\" srcset=\"https:\/\/richeskarayib.com\/wp-content\/uploads\/2025\/04\/Jordan-Beal-002-768x1024.jpg 768w, https:\/\/richeskarayib.com\/wp-content\/uploads\/2025\/04\/Jordan-Beal-002-225x300.jpg 225w, https:\/\/richeskarayib.com\/wp-content\/uploads\/2025\/04\/Jordan-Beal-002-1152x1536.jpg 1152w, https:\/\/richeskarayib.com\/wp-content\/uploads\/2025\/04\/Jordan-Beal-002-1320x1760.jpg 1320w, https:\/\/richeskarayib.com\/wp-content\/uploads\/2025\/04\/Jordan-Beal-002.jpg 1440w\" sizes=\"(max-width: 768px) 100vw, 768px\" \/>\t\t\t\t\t\t\t\t\t\t\t<figcaption class=\"widget-image-caption wp-caption-text\">Jordan Beal, Corrosion 06, 2025, tirage jet d\u2019encre sur papier Hahnem\u00fchle Ultra Smooth d\u00e9t\u00e9rior\u00e9 depuis scan de n\u00e9gatif lui-m\u00eame d\u00e9t\u00e9rior\u00e9, 24 \u00d7 30 cm. \u00a9 Jordan Beal.<\/figcaption>\n\t\t\t\t\t\t\t\t\t\t<\/figure>\n\t\t\t\t\t\t\t\t\t<\/div>\n\t\t\t\t<\/div>\n\t\t\t\t\t<\/div>\n\t\t<\/div>\n\t\t\t\t\t<\/div>\n\t\t<\/section>\n\t\t\t\t\t<\/div>\n\t\t<\/div>\n\t\t\t\t\t<\/div>\n\t\t<\/section>\n\t\t\t\t<section class=\"elementor-section elementor-top-section elementor-element elementor-element-2d90375 elementor-section-boxed elementor-section-height-default elementor-section-height-default\" data-id=\"2d90375\" data-element_type=\"section\">\n\t\t\t\t\t\t<div class=\"elementor-container elementor-column-gap-default\">\n\t\t\t\t\t<div class=\"elementor-column elementor-col-100 elementor-top-column elementor-element elementor-element-6b919c4\" data-id=\"6b919c4\" data-element_type=\"column\">\n\t\t\t<div class=\"elementor-widget-wrap elementor-element-populated\">\n\t\t\t\t\t\t<div class=\"elementor-element elementor-element-59c8ea3 elementor-widget elementor-widget-heading\" data-id=\"59c8ea3\" data-element_type=\"widget\" data-widget_type=\"heading.default\">\n\t\t\t\t<div class=\"elementor-widget-container\">\n\t\t\t\t\t<h2 class=\"elementor-heading-title elementor-size-default\">L\u2019exposition au salon unRepresented<\/h2>\t\t\t\t<\/div>\n\t\t\t\t<\/div>\n\t\t\t\t<div class=\"elementor-element elementor-element-6baa50b elementor-widget elementor-widget-text-editor\" data-id=\"6baa50b\" data-element_type=\"widget\" data-widget_type=\"text-editor.default\">\n\t\t\t\t<div class=\"elementor-widget-container\">\n\t\t\t\t\t\t\t\t\t<p><span style=\"font-weight: 400;\">Le salon unRepresented s\u2019est impos\u00e9 comme un espace incontournable pour les artistes non repr\u00e9sent\u00e9s en galerie. D\u00e9di\u00e9 \u00e0 l\u2019exp\u00e9rimentation esth\u00e9tique, cet \u00e9v\u00e9nement mettait en lumi\u00e8re des talents \u00e9mergents tout en offrant une plateforme pour explorer de nouvelles formes d\u2019expression artistique.<\/span><\/p>\t\t\t\t\t\t\t\t<\/div>\n\t\t\t\t<\/div>\n\t\t\t\t<div class=\"elementor-element elementor-element-42235e7 elementor-widget elementor-widget-text-editor\" data-id=\"42235e7\" data-element_type=\"widget\" data-widget_type=\"text-editor.default\">\n\t\t\t\t<div class=\"elementor-widget-container\">\n\t\t\t\t\t\t\t\t\t<p><span style=\"font-weight: 400;\">Cette ann\u00e9e, le salon s\u2019est tenu au Moli\u00e8re, au c\u0153ur de Paris. Parmi les expositions personnelles pr\u00e9sent\u00e9es, celle de Jordan Beal s\u2019est distingu\u00e9e par son audace et son originalit\u00e9. Du 4 au 6 avril 2025, les visiteurs ont pu d\u00e9couvrir la s\u00e9rie \u00ab Corrosion \u00bb, une \u0153uvre qui d\u00e9fiait les conventions photographiques tout en c\u00e9l\u00e9brant la richesse culturelle de la Cara\u00efbe.<\/span><\/p>\t\t\t\t\t\t\t\t<\/div>\n\t\t\t\t<\/div>\n\t\t\t\t<div class=\"elementor-element elementor-element-d73d523 elementor-widget elementor-widget-text-editor\" data-id=\"d73d523\" data-element_type=\"widget\" data-widget_type=\"text-editor.default\">\n\t\t\t\t<div class=\"elementor-widget-container\">\n\t\t\t\t\t\t\t\t\t<p><span style=\"font-weight: 400;\">Pourquoi cette exposition est-elle importante ?<\/span><\/p><ul><li style=\"font-weight: 400;\" aria-level=\"1\"><span style=\"font-weight: 400;\">Elle a offert une visibilit\u00e9 internationale \u00e0 Jordan Beal.<\/span><\/li><li style=\"font-weight: 400;\" aria-level=\"1\"><span style=\"font-weight: 400;\">Elle a mis en avant le dynamisme de la sc\u00e8ne artistique carib\u00e9enne.<\/span><\/li><li style=\"font-weight: 400;\" aria-level=\"1\"><span style=\"font-weight: 400;\">Elle a illustr\u00e9 l\u2019importance des initiatives comme celle du salon unRepresented pour promouvoir des artistes \u00e9mergents.<\/span><\/li><\/ul>\t\t\t\t\t\t\t\t<\/div>\n\t\t\t\t<\/div>\n\t\t\t\t<section class=\"elementor-section elementor-inner-section elementor-element elementor-element-c5428b1 elementor-section-boxed elementor-section-height-default elementor-section-height-default\" data-id=\"c5428b1\" data-element_type=\"section\">\n\t\t\t\t\t\t<div class=\"elementor-container elementor-column-gap-default\">\n\t\t\t\t\t<div class=\"elementor-column elementor-col-33 elementor-inner-column elementor-element elementor-element-659590f\" data-id=\"659590f\" data-element_type=\"column\">\n\t\t\t<div class=\"elementor-widget-wrap elementor-element-populated\">\n\t\t\t\t\t\t<div class=\"elementor-element elementor-element-00e1768 elementor-widget elementor-widget-image\" data-id=\"00e1768\" data-element_type=\"widget\" data-widget_type=\"image.default\">\n\t\t\t\t<div class=\"elementor-widget-container\">\n\t\t\t\t\t\t\t\t\t\t\t\t<figure class=\"wp-caption\">\n\t\t\t\t\t\t\t\t\t\t<img decoding=\"async\" width=\"800\" height=\"640\" src=\"https:\/\/richeskarayib.com\/wp-content\/uploads\/2025\/04\/Jordan-Beal-001-1024x819.jpg\" class=\"attachment-large size-large wp-image-48431\" alt=\"Jordan Beal\" srcset=\"https:\/\/richeskarayib.com\/wp-content\/uploads\/2025\/04\/Jordan-Beal-001-1024x819.jpg 1024w, https:\/\/richeskarayib.com\/wp-content\/uploads\/2025\/04\/Jordan-Beal-001-300x240.jpg 300w, https:\/\/richeskarayib.com\/wp-content\/uploads\/2025\/04\/Jordan-Beal-001-768x614.jpg 768w, https:\/\/richeskarayib.com\/wp-content\/uploads\/2025\/04\/Jordan-Beal-001-1536x1229.jpg 1536w, https:\/\/richeskarayib.com\/wp-content\/uploads\/2025\/04\/Jordan-Beal-001-1320x1056.jpg 1320w, https:\/\/richeskarayib.com\/wp-content\/uploads\/2025\/04\/Jordan-Beal-001.jpg 1920w\" sizes=\"(max-width: 800px) 100vw, 800px\" \/>\t\t\t\t\t\t\t\t\t\t\t<figcaption class=\"widget-image-caption wp-caption-text\">Jordan Beal, Corrosion 05, 2024, tirage pigmentaire sur papier Hahnem\u00fchle Ultra Smooth depuis scan de n\u00e9gatif d\u00e9t\u00e9rior\u00e9, 60 \u00d7 48 cm. \u00a9 Jordan Beal.<\/figcaption>\n\t\t\t\t\t\t\t\t\t\t<\/figure>\n\t\t\t\t\t\t\t\t\t<\/div>\n\t\t\t\t<\/div>\n\t\t\t\t\t<\/div>\n\t\t<\/div>\n\t\t\t\t<div class=\"elementor-column elementor-col-33 elementor-inner-column elementor-element elementor-element-16dd0f1\" data-id=\"16dd0f1\" data-element_type=\"column\">\n\t\t\t<div class=\"elementor-widget-wrap elementor-element-populated\">\n\t\t\t\t\t\t<div class=\"elementor-element elementor-element-998f6a3 elementor-widget elementor-widget-image\" data-id=\"998f6a3\" data-element_type=\"widget\" data-widget_type=\"image.default\">\n\t\t\t\t<div class=\"elementor-widget-container\">\n\t\t\t\t\t\t\t\t\t\t\t\t<figure class=\"wp-caption\">\n\t\t\t\t\t\t\t\t\t\t<img loading=\"lazy\" decoding=\"async\" width=\"800\" height=\"640\" src=\"https:\/\/richeskarayib.com\/wp-content\/uploads\/2025\/04\/jordan-beal-1536x1229-1-1024x819.jpg\" class=\"attachment-large size-large wp-image-48435\" alt=\"Jordan Beal\" srcset=\"https:\/\/richeskarayib.com\/wp-content\/uploads\/2025\/04\/jordan-beal-1536x1229-1-1024x819.jpg 1024w, https:\/\/richeskarayib.com\/wp-content\/uploads\/2025\/04\/jordan-beal-1536x1229-1-300x240.jpg 300w, https:\/\/richeskarayib.com\/wp-content\/uploads\/2025\/04\/jordan-beal-1536x1229-1-768x615.jpg 768w, https:\/\/richeskarayib.com\/wp-content\/uploads\/2025\/04\/jordan-beal-1536x1229-1-1320x1056.jpg 1320w, https:\/\/richeskarayib.com\/wp-content\/uploads\/2025\/04\/jordan-beal-1536x1229-1.jpg 1536w\" sizes=\"(max-width: 800px) 100vw, 800px\" \/>\t\t\t\t\t\t\t\t\t\t\t<figcaption class=\"widget-image-caption wp-caption-text\">Jordan Beal, Corrosion 04, 2023, tirage pigmentaire sur papier Hahnem\u00fchle Ultra Smooth depuis scan de n\u00e9gatif d\u00e9t\u00e9rior\u00e9, 75 \u00d7 60 cm. \u00a9 Jordan Beal.<\/figcaption>\n\t\t\t\t\t\t\t\t\t\t<\/figure>\n\t\t\t\t\t\t\t\t\t<\/div>\n\t\t\t\t<\/div>\n\t\t\t\t\t<\/div>\n\t\t<\/div>\n\t\t\t\t<div class=\"elementor-column elementor-col-33 elementor-inner-column elementor-element elementor-element-ddd56c8\" data-id=\"ddd56c8\" data-element_type=\"column\">\n\t\t\t<div class=\"elementor-widget-wrap elementor-element-populated\">\n\t\t\t\t\t\t<div class=\"elementor-element elementor-element-4629b67 elementor-widget elementor-widget-image\" data-id=\"4629b67\" data-element_type=\"widget\" data-widget_type=\"image.default\">\n\t\t\t\t<div class=\"elementor-widget-container\">\n\t\t\t\t\t\t\t\t\t\t\t\t<figure class=\"wp-caption\">\n\t\t\t\t\t\t\t\t\t\t<img loading=\"lazy\" decoding=\"async\" width=\"800\" height=\"1009\" src=\"https:\/\/richeskarayib.com\/wp-content\/uploads\/2025\/04\/jordan-beal-photo-1218x1536-1-812x1024.jpg\" class=\"attachment-large size-large wp-image-48439\" alt=\"Jordan Beal\" srcset=\"https:\/\/richeskarayib.com\/wp-content\/uploads\/2025\/04\/jordan-beal-photo-1218x1536-1-812x1024.jpg 812w, https:\/\/richeskarayib.com\/wp-content\/uploads\/2025\/04\/jordan-beal-photo-1218x1536-1-238x300.jpg 238w, https:\/\/richeskarayib.com\/wp-content\/uploads\/2025\/04\/jordan-beal-photo-1218x1536-1-768x969.jpg 768w, https:\/\/richeskarayib.com\/wp-content\/uploads\/2025\/04\/jordan-beal-photo-1218x1536-1.jpg 1218w\" sizes=\"(max-width: 800px) 100vw, 800px\" \/>\t\t\t\t\t\t\t\t\t\t\t<figcaption class=\"widget-image-caption wp-caption-text\">Jordan Beal, Corrosion 09, 2024, n\u00e9gatif 4 \u00d7 5 d\u00e9t\u00e9rior\u00e9, 10 \u00d7 12 cm. \u00a9 Jordan Beal.<\/figcaption>\n\t\t\t\t\t\t\t\t\t\t<\/figure>\n\t\t\t\t\t\t\t\t\t<\/div>\n\t\t\t\t<\/div>\n\t\t\t\t\t<\/div>\n\t\t<\/div>\n\t\t\t\t\t<\/div>\n\t\t<\/section>\n\t\t\t\t\t<\/div>\n\t\t<\/div>\n\t\t\t\t\t<\/div>\n\t\t<\/section>\n\t\t\t\t<section class=\"elementor-section elementor-top-section elementor-element elementor-element-20ae11b elementor-section-boxed elementor-section-height-default elementor-section-height-default\" data-id=\"20ae11b\" data-element_type=\"section\">\n\t\t\t\t\t\t<div class=\"elementor-container elementor-column-gap-default\">\n\t\t\t\t\t<div class=\"elementor-column elementor-col-100 elementor-top-column elementor-element elementor-element-c1dddc9\" data-id=\"c1dddc9\" data-element_type=\"column\">\n\t\t\t<div class=\"elementor-widget-wrap elementor-element-populated\">\n\t\t\t\t\t\t<div class=\"elementor-element elementor-element-cd0d55e elementor-widget elementor-widget-heading\" data-id=\"cd0d55e\" data-element_type=\"widget\" data-widget_type=\"heading.default\">\n\t\t\t\t<div class=\"elementor-widget-container\">\n\t\t\t\t\t<h2 class=\"elementor-heading-title elementor-size-default\">Un impact durable sur la sc\u00e8ne artistique carib\u00e9enne<\/h2>\t\t\t\t<\/div>\n\t\t\t\t<\/div>\n\t\t\t\t<div class=\"elementor-element elementor-element-4efa29e elementor-widget elementor-widget-text-editor\" data-id=\"4efa29e\" data-element_type=\"widget\" data-widget_type=\"text-editor.default\">\n\t\t\t\t<div class=\"elementor-widget-container\">\n\t\t\t\t\t\t\t\t\t<p><span style=\"font-weight: 400;\">Jordan Beal incarne une nouvelle g\u00e9n\u00e9ration d\u2019artistes carib\u00e9ens qui repoussent les limites des m\u00e9diums traditionnels tout en explorant des th\u00e8mes universels tels que l\u2019identit\u00e9, le territoire et la nature. Son succ\u00e8s au salon unRepresented t\u00e9moigne du potentiel immense de cette r\u00e9gion souvent sous-estim\u00e9e sur la sc\u00e8ne artistique mondiale.<\/span><\/p>\t\t\t\t\t\t\t\t<\/div>\n\t\t\t\t<\/div>\n\t\t\t\t<div class=\"elementor-element elementor-element-2c6c152 elementor-widget elementor-widget-text-editor\" data-id=\"2c6c152\" data-element_type=\"widget\" data-widget_type=\"text-editor.default\">\n\t\t\t\t<div class=\"elementor-widget-container\">\n\t\t\t\t\t\t\t\t\t<p><span style=\"font-weight: 400;\">Gr\u00e2ce \u00e0 cette bourse et \u00e0 son exposition parisienne, il ouvre la voie \u00e0 d\u2019autres artistes issus des Cara\u00efbes et de l\u2019Amazonie. Il d\u00e9montre que ces territoires ne sont pas seulement riches en biodiversit\u00e9, mais aussi en cr\u00e9ativit\u00e9 culturelle.<\/span><\/p>\t\t\t\t\t\t\t\t<\/div>\n\t\t\t\t<\/div>\n\t\t\t\t\t<\/div>\n\t\t<\/div>\n\t\t\t\t\t<\/div>\n\t\t<\/section>\n\t\t\t\t<\/div>\n\t\t","protected":false},"excerpt":{"rendered":"<p>Le salon unRepresented, d\u00e9di\u00e9 aux artistes non repr\u00e9sent\u00e9s en galerie, offre cette ann\u00e9e une vitrine exceptionnelle \u00e0 Jordan Beal, photographe martiniquais dont le travail repousse les limites de la photographie traditionnelle. Premier laur\u00e9at de la bourse de soutien \u00e0 la cr\u00e9ation contemporaine fran\u00e7aise carib\u00e9enne et amazonienne, il expose \u00e0 Paris sa s\u00e9rie \u00ab Corrosion \u00bb, [&hellip;]<\/p>\n","protected":false},"author":662,"featured_media":48419,"comment_status":"open","ping_status":"open","sticky":false,"template":"","format":"standard","meta":{"_acf_changed":false,"footnotes":""},"categories":[813],"tags":[808],"class_list":["post-48418","post","type-post","status-publish","format-standard","has-post-thumbnail","hentry","category-arts-visuels","tag-martinique-fr"],"acf":[],"_links":{"self":[{"href":"https:\/\/richeskarayib.com\/fr\/wp-json\/wp\/v2\/posts\/48418","targetHints":{"allow":["GET"]}}],"collection":[{"href":"https:\/\/richeskarayib.com\/fr\/wp-json\/wp\/v2\/posts"}],"about":[{"href":"https:\/\/richeskarayib.com\/fr\/wp-json\/wp\/v2\/types\/post"}],"author":[{"embeddable":true,"href":"https:\/\/richeskarayib.com\/fr\/wp-json\/wp\/v2\/users\/662"}],"replies":[{"embeddable":true,"href":"https:\/\/richeskarayib.com\/fr\/wp-json\/wp\/v2\/comments?post=48418"}],"version-history":[{"count":0,"href":"https:\/\/richeskarayib.com\/fr\/wp-json\/wp\/v2\/posts\/48418\/revisions"}],"wp:featuredmedia":[{"embeddable":true,"href":"https:\/\/richeskarayib.com\/fr\/wp-json\/wp\/v2\/media\/48419"}],"wp:attachment":[{"href":"https:\/\/richeskarayib.com\/fr\/wp-json\/wp\/v2\/media?parent=48418"}],"wp:term":[{"taxonomy":"category","embeddable":true,"href":"https:\/\/richeskarayib.com\/fr\/wp-json\/wp\/v2\/categories?post=48418"},{"taxonomy":"post_tag","embeddable":true,"href":"https:\/\/richeskarayib.com\/fr\/wp-json\/wp\/v2\/tags?post=48418"}],"curies":[{"name":"wp","href":"https:\/\/api.w.org\/{rel}","templated":true}]}}