{"id":48497,"date":"2025-04-08T12:44:51","date_gmt":"2025-04-08T16:44:51","guid":{"rendered":"https:\/\/richeskarayib.com\/?p=48497"},"modified":"2025-04-08T12:44:51","modified_gmt":"2025-04-08T16:44:51","slug":"forum-sur-le-commerce-et-les-affaires","status":"publish","type":"post","link":"https:\/\/richeskarayib.com\/fr\/forum-sur-le-commerce-et-les-affaires\/","title":{"rendered":"Saint Christophe et Ni\u00e9v\u00e8s &#8211; Le Forum sur le commerce et les affaires : le secteur priv\u00e9, moteur de la transition verte dans les Cara\u00efbes"},"content":{"rendered":"\t\t<div data-elementor-type=\"wp-post\" data-elementor-id=\"48497\" class=\"elementor elementor-48497\" data-elementor-post-type=\"post\">\n\t\t\t\t\t\t<section class=\"elementor-section elementor-top-section elementor-element elementor-element-f922384 elementor-section-boxed elementor-section-height-default elementor-section-height-default\" data-id=\"f922384\" data-element_type=\"section\">\n\t\t\t\t\t\t<div class=\"elementor-container elementor-column-gap-default\">\n\t\t\t\t\t<div class=\"elementor-column elementor-col-100 elementor-top-column elementor-element elementor-element-cfc4ed8\" data-id=\"cfc4ed8\" data-element_type=\"column\">\n\t\t\t<div class=\"elementor-widget-wrap elementor-element-populated\">\n\t\t\t\t\t\t<div class=\"elementor-element elementor-element-179fae4 elementor-widget elementor-widget-text-editor\" data-id=\"179fae4\" data-element_type=\"widget\" data-widget_type=\"text-editor.default\">\n\t\t\t\t<div class=\"elementor-widget-container\">\n\t\t\t\t\t\t\t\t\t<p><b>Le Forum sur le commerce et les affaires<\/b><span style=\"font-weight: 400;\">, organis\u00e9 \u00e0 <\/span><span style=\"font-weight: 400;\">Saint-Christophe-et-Ni\u00e9v\u00e8s<\/span> <span style=\"font-weight: 400;\">du 17 au 20 mars, a mis en lumi\u00e8re un enjeu crucial : le r\u00f4le indispensable du secteur priv\u00e9 dans la transition verte des Cara\u00efbes. Ce dialogue r\u00e9gional, dirig\u00e9 par Caribbean Export en collaboration avec le <a href=\"https:\/\/www.greenclimate.fund\/event\/gcf-regional-dialogue-caribbean\" target=\"_blank\" rel=\"noopener nofollow\">Fonds vert pour le climat<\/a> (FVC), a rassembl\u00e9 des acteurs majeurs pour explorer comment le commerce peut devenir un moteur de r\u00e9silience climatique et de transformation \u00e9conomique. Alors que la r\u00e9gion fait face aux d\u00e9fis li\u00e9s au changement climatique, <\/span><b>le Forum sur le commerce et les affaires<\/b><span style=\"font-weight: 400;\"> a ouvert une voie vers une \u00e9conomie plus durable et comp\u00e9titive.<\/span><\/p>\t\t\t\t\t\t\t\t<\/div>\n\t\t\t\t<\/div>\n\t\t\t\t\t<\/div>\n\t\t<\/div>\n\t\t\t\t\t<\/div>\n\t\t<\/section>\n\t\t\t\t<section class=\"elementor-section elementor-top-section elementor-element elementor-element-5e01675 elementor-section-boxed elementor-section-height-default elementor-section-height-default\" data-id=\"5e01675\" data-element_type=\"section\">\n\t\t\t\t\t\t<div class=\"elementor-container elementor-column-gap-default\">\n\t\t\t\t\t<div class=\"elementor-column elementor-col-100 elementor-top-column elementor-element elementor-element-d8b23c1\" data-id=\"d8b23c1\" data-element_type=\"column\">\n\t\t\t<div class=\"elementor-widget-wrap elementor-element-populated\">\n\t\t\t\t\t\t<div class=\"elementor-element elementor-element-f20b64e elementor-widget elementor-widget-heading\" data-id=\"f20b64e\" data-element_type=\"widget\" data-widget_type=\"heading.default\">\n\t\t\t\t<div class=\"elementor-widget-container\">\n\t\t\t\t\t<h2 class=\"elementor-heading-title elementor-size-default\">Le commerce des Cara\u00efbes : Opportunit\u00e9s et d\u00e9fis<\/h2>\t\t\t\t<\/div>\n\t\t\t\t<\/div>\n\t\t\t\t<div class=\"elementor-element elementor-element-9bcbfcc elementor-widget elementor-widget-text-editor\" data-id=\"9bcbfcc\" data-element_type=\"widget\" data-widget_type=\"text-editor.default\">\n\t\t\t\t<div class=\"elementor-widget-container\">\n\t\t\t\t\t\t\t\t\t<p><span style=\"font-weight: 400;\">En 2023, la <a href=\"https:\/\/richeskarayib.com\/fr\/agroalimentaria-2025-opportunite-caricom\/\" target=\"_blank\" rel=\"noopener\">CARICOM<\/a> a enregistr\u00e9 40,2 milliards de dollars d\u2019exportations contre 49,6 milliards de dollars d\u2019importations, r\u00e9v\u00e9lant un d\u00e9ficit commercial pr\u00e9occupant. Ces chiffres soulignent la n\u00e9cessit\u00e9 d\u2019une r\u00e9silience \u00e9conomique accrue. Les micro, petites et moyennes entreprises (MPME), qui repr\u00e9sentent entre 70 % et 85 % des \u00e9conomies carib\u00e9ennes, sont au c\u0153ur de cette transformation. Ces entreprises jouent un r\u00f4le cl\u00e9 dans la durabilit\u00e9 \u00e9conomique en exploitant les opportunit\u00e9s offertes par le commerce vert.<\/span><\/p>\t\t\t\t\t\t\t\t<\/div>\n\t\t\t\t<\/div>\n\t\t\t\t<div class=\"elementor-element elementor-element-43b55c1 elementor-widget elementor-widget-text-editor\" data-id=\"43b55c1\" data-element_type=\"widget\" data-widget_type=\"text-editor.default\">\n\t\t\t\t<div class=\"elementor-widget-container\">\n\t\t\t\t\t\t\t\t\t<p><b>Le Forum sur le commerce et les affaires<\/b><span style=\"font-weight: 400;\"> a soulign\u00e9 les secteurs porteurs, notamment :<\/span><\/p><ul><li style=\"font-weight: 400;\" aria-level=\"1\"><span style=\"font-weight: 400;\">L\u2019agriculture durable, avec un objectif ambitieux de r\u00e9duire les importations alimentaires de 25 % d\u2019ici 2030.<\/span><span style=\"font-weight: 400;\"><br \/><\/span><\/li><li style=\"font-weight: 400;\" aria-level=\"1\"><span style=\"font-weight: 400;\">L\u2019\u00e9nergie propre, o\u00f9 les Cara\u00efbes disposent d\u2019un potentiel immense gr\u00e2ce \u00e0 leurs ressources naturelles.<\/span><\/li><li style=\"font-weight: 400;\" aria-level=\"1\">La transformation num\u00e9rique, qui r\u00e9volutionne les cha\u00eenes d\u2019approvisionnement et am\u00e9liore l\u2019efficacit\u00e9 commerciale.<\/li><\/ul>\t\t\t\t\t\t\t\t<\/div>\n\t\t\t\t<\/div>\n\t\t\t\t<section class=\"elementor-section elementor-inner-section elementor-element elementor-element-6d87e09 elementor-section-boxed elementor-section-height-default elementor-section-height-default\" data-id=\"6d87e09\" data-element_type=\"section\">\n\t\t\t\t\t\t<div class=\"elementor-container elementor-column-gap-default\">\n\t\t\t\t\t<div class=\"elementor-column elementor-col-25 elementor-inner-column elementor-element elementor-element-aa25cb8\" data-id=\"aa25cb8\" data-element_type=\"column\">\n\t\t\t<div class=\"elementor-widget-wrap elementor-element-populated\">\n\t\t\t\t\t\t<div class=\"elementor-element elementor-element-4e8ee24 elementor-widget elementor-widget-image\" data-id=\"4e8ee24\" data-element_type=\"widget\" data-widget_type=\"image.default\">\n\t\t\t\t<div class=\"elementor-widget-container\">\n\t\t\t\t\t\t\t\t\t\t\t\t\t\t\t<img fetchpriority=\"high\" decoding=\"async\" width=\"800\" height=\"534\" src=\"https:\/\/richeskarayib.com\/wp-content\/uploads\/2025\/04\/099a5907_54408136097_o-1024x683.jpg\" class=\"attachment-large size-large wp-image-48502\" alt=\"Forum sur le commerce et les affaires\" srcset=\"https:\/\/richeskarayib.com\/wp-content\/uploads\/2025\/04\/099a5907_54408136097_o-1024x683.jpg 1024w, https:\/\/richeskarayib.com\/wp-content\/uploads\/2025\/04\/099a5907_54408136097_o-300x200.jpg 300w, https:\/\/richeskarayib.com\/wp-content\/uploads\/2025\/04\/099a5907_54408136097_o-768x512.jpg 768w, https:\/\/richeskarayib.com\/wp-content\/uploads\/2025\/04\/099a5907_54408136097_o-1536x1024.jpg 1536w, https:\/\/richeskarayib.com\/wp-content\/uploads\/2025\/04\/099a5907_54408136097_o-1320x880.jpg 1320w, https:\/\/richeskarayib.com\/wp-content\/uploads\/2025\/04\/099a5907_54408136097_o.jpg 1920w\" sizes=\"(max-width: 800px) 100vw, 800px\" \/>\t\t\t\t\t\t\t\t\t\t\t\t\t\t\t<\/div>\n\t\t\t\t<\/div>\n\t\t\t\t\t<\/div>\n\t\t<\/div>\n\t\t\t\t<div class=\"elementor-column elementor-col-25 elementor-inner-column elementor-element elementor-element-264e342\" data-id=\"264e342\" data-element_type=\"column\">\n\t\t\t<div class=\"elementor-widget-wrap elementor-element-populated\">\n\t\t\t\t\t\t<div class=\"elementor-element elementor-element-2cd89c1 elementor-widget elementor-widget-image\" data-id=\"2cd89c1\" data-element_type=\"widget\" data-widget_type=\"image.default\">\n\t\t\t\t<div class=\"elementor-widget-container\">\n\t\t\t\t\t\t\t\t\t\t\t\t\t\t\t<img decoding=\"async\" width=\"800\" height=\"534\" src=\"https:\/\/richeskarayib.com\/wp-content\/uploads\/2025\/04\/099a5953_54409004821_o-1024x683.jpg\" class=\"attachment-large size-large wp-image-48506\" alt=\"Forum sur le commerce et les affaires\" srcset=\"https:\/\/richeskarayib.com\/wp-content\/uploads\/2025\/04\/099a5953_54409004821_o-1024x683.jpg 1024w, https:\/\/richeskarayib.com\/wp-content\/uploads\/2025\/04\/099a5953_54409004821_o-300x200.jpg 300w, https:\/\/richeskarayib.com\/wp-content\/uploads\/2025\/04\/099a5953_54409004821_o-768x512.jpg 768w, https:\/\/richeskarayib.com\/wp-content\/uploads\/2025\/04\/099a5953_54409004821_o-1536x1024.jpg 1536w, https:\/\/richeskarayib.com\/wp-content\/uploads\/2025\/04\/099a5953_54409004821_o-1320x880.jpg 1320w, https:\/\/richeskarayib.com\/wp-content\/uploads\/2025\/04\/099a5953_54409004821_o.jpg 1920w\" sizes=\"(max-width: 800px) 100vw, 800px\" \/>\t\t\t\t\t\t\t\t\t\t\t\t\t\t\t<\/div>\n\t\t\t\t<\/div>\n\t\t\t\t\t<\/div>\n\t\t<\/div>\n\t\t\t\t<div class=\"elementor-column elementor-col-25 elementor-inner-column elementor-element elementor-element-27ff9a4\" data-id=\"27ff9a4\" data-element_type=\"column\">\n\t\t\t<div class=\"elementor-widget-wrap elementor-element-populated\">\n\t\t\t\t\t\t<div class=\"elementor-element elementor-element-f679e00 elementor-widget elementor-widget-image\" data-id=\"f679e00\" data-element_type=\"widget\" data-widget_type=\"image.default\">\n\t\t\t\t<div class=\"elementor-widget-container\">\n\t\t\t\t\t\t\t\t\t\t\t\t\t\t\t<img decoding=\"async\" width=\"800\" height=\"534\" src=\"https:\/\/richeskarayib.com\/wp-content\/uploads\/2025\/04\/099a5975_54409186964_o-1024x683.jpg\" class=\"attachment-large size-large wp-image-48510\" alt=\"Forum sur le commerce et les affaires\" srcset=\"https:\/\/richeskarayib.com\/wp-content\/uploads\/2025\/04\/099a5975_54409186964_o-1024x683.jpg 1024w, https:\/\/richeskarayib.com\/wp-content\/uploads\/2025\/04\/099a5975_54409186964_o-300x200.jpg 300w, https:\/\/richeskarayib.com\/wp-content\/uploads\/2025\/04\/099a5975_54409186964_o-768x512.jpg 768w, https:\/\/richeskarayib.com\/wp-content\/uploads\/2025\/04\/099a5975_54409186964_o-1536x1024.jpg 1536w, https:\/\/richeskarayib.com\/wp-content\/uploads\/2025\/04\/099a5975_54409186964_o-1320x880.jpg 1320w, https:\/\/richeskarayib.com\/wp-content\/uploads\/2025\/04\/099a5975_54409186964_o.jpg 1920w\" sizes=\"(max-width: 800px) 100vw, 800px\" \/>\t\t\t\t\t\t\t\t\t\t\t\t\t\t\t<\/div>\n\t\t\t\t<\/div>\n\t\t\t\t\t<\/div>\n\t\t<\/div>\n\t\t\t\t<div class=\"elementor-column elementor-col-25 elementor-inner-column elementor-element elementor-element-75138ff\" data-id=\"75138ff\" data-element_type=\"column\">\n\t\t\t<div class=\"elementor-widget-wrap elementor-element-populated\">\n\t\t\t\t\t\t<div class=\"elementor-element elementor-element-acd2e8c elementor-widget elementor-widget-image\" data-id=\"acd2e8c\" data-element_type=\"widget\" data-widget_type=\"image.default\">\n\t\t\t\t<div class=\"elementor-widget-container\">\n\t\t\t\t\t\t\t\t\t\t\t\t\t\t\t<img loading=\"lazy\" decoding=\"async\" width=\"800\" height=\"534\" src=\"https:\/\/richeskarayib.com\/wp-content\/uploads\/2025\/04\/099a6098_54408136052_o-1024x683.jpg\" class=\"attachment-large size-large wp-image-48514\" alt=\"Forum sur le commerce et les affaires\" srcset=\"https:\/\/richeskarayib.com\/wp-content\/uploads\/2025\/04\/099a6098_54408136052_o-1024x683.jpg 1024w, https:\/\/richeskarayib.com\/wp-content\/uploads\/2025\/04\/099a6098_54408136052_o-300x200.jpg 300w, https:\/\/richeskarayib.com\/wp-content\/uploads\/2025\/04\/099a6098_54408136052_o-768x512.jpg 768w, https:\/\/richeskarayib.com\/wp-content\/uploads\/2025\/04\/099a6098_54408136052_o-1536x1024.jpg 1536w, https:\/\/richeskarayib.com\/wp-content\/uploads\/2025\/04\/099a6098_54408136052_o-1320x880.jpg 1320w, https:\/\/richeskarayib.com\/wp-content\/uploads\/2025\/04\/099a6098_54408136052_o.jpg 1920w\" sizes=\"(max-width: 800px) 100vw, 800px\" \/>\t\t\t\t\t\t\t\t\t\t\t\t\t\t\t<\/div>\n\t\t\t\t<\/div>\n\t\t\t\t\t<\/div>\n\t\t<\/div>\n\t\t\t\t\t<\/div>\n\t\t<\/section>\n\t\t\t\t\t<\/div>\n\t\t<\/div>\n\t\t\t\t\t<\/div>\n\t\t<\/section>\n\t\t\t\t<section class=\"elementor-section elementor-top-section elementor-element elementor-element-386149b elementor-section-boxed elementor-section-height-default elementor-section-height-default\" data-id=\"386149b\" data-element_type=\"section\">\n\t\t\t\t\t\t<div class=\"elementor-container elementor-column-gap-default\">\n\t\t\t\t\t<div class=\"elementor-column elementor-col-100 elementor-top-column elementor-element elementor-element-2c93141\" data-id=\"2c93141\" data-element_type=\"column\">\n\t\t\t<div class=\"elementor-widget-wrap elementor-element-populated\">\n\t\t\t\t\t\t<div class=\"elementor-element elementor-element-d414cb8 elementor-widget elementor-widget-heading\" data-id=\"d414cb8\" data-element_type=\"widget\" data-widget_type=\"heading.default\">\n\t\t\t\t<div class=\"elementor-widget-container\">\n\t\t\t\t\t<h2 class=\"elementor-heading-title elementor-size-default\">Industries durables : Potentiel et obstacles<\/h2>\t\t\t\t<\/div>\n\t\t\t\t<\/div>\n\t\t\t\t<div class=\"elementor-element elementor-element-70e86ab elementor-widget elementor-widget-text-editor\" data-id=\"70e86ab\" data-element_type=\"widget\" data-widget_type=\"text-editor.default\">\n\t\t\t\t<div class=\"elementor-widget-container\">\n\t\t\t\t\t\t\t\t\t<p><span style=\"font-weight: 400;\">Les Cara\u00efbes ont tout pour devenir leaders dans les industries durables telles que :<\/span><\/p><ol><li style=\"font-weight: 400;\" aria-level=\"1\"><span style=\"font-weight: 400;\">L\u2019\u00e9nergie propre, avec une adoption croissante des \u00e9nergies renouvelables.<\/span><span style=\"font-weight: 400;\"><br \/><\/span><\/li><li style=\"font-weight: 400;\" aria-level=\"1\"><span style=\"font-weight: 400;\">L\u2019\u00e9conomie bleue, qui valorise l\u2019exploitation durable des oc\u00e9ans.<\/span><span style=\"font-weight: 400;\"><br \/><\/span><\/li><\/ol><p><span style=\"font-weight: 400;\">Les industries oc\u00e9aniques, essentielles pour une croissance respectueuse de l\u2019environnement.<\/span><\/p>\t\t\t\t\t\t\t\t<\/div>\n\t\t\t\t<\/div>\n\t\t\t\t<div class=\"elementor-element elementor-element-3a99365 elementor-widget elementor-widget-text-editor\" data-id=\"3a99365\" data-element_type=\"widget\" data-widget_type=\"text-editor.default\">\n\t\t\t\t<div class=\"elementor-widget-container\">\n\t\t\t\t\t\t\t\t\t<p><span style=\"font-weight: 400;\">Toutefois, <\/span><b>le Forum sur le commerce et les affaires<\/b><span style=\"font-weight: 400;\"> a mis en \u00e9vidence plusieurs obstacles :<\/span><\/p><ul><li style=\"font-weight: 400;\" aria-level=\"1\"><span style=\"font-weight: 400;\">Des d\u00e9fis logistiques li\u00e9s \u00e0 l\u2019insularit\u00e9.<\/span><span style=\"font-weight: 400;\"><br \/><\/span><\/li><li style=\"font-weight: 400;\" aria-level=\"1\"><span style=\"font-weight: 400;\">Des lacunes r\u00e9glementaires qui ralentissent les investissements.<\/span><\/li><li style=\"font-weight: 400;\" aria-level=\"1\">Des contraintes financi\u00e8res qui limitent l\u2019acc\u00e8s aux technologies modernes.<\/li><\/ul>\t\t\t\t\t\t\t\t<\/div>\n\t\t\t\t<\/div>\n\t\t\t\t<div class=\"elementor-element elementor-element-c2a6197 elementor-widget elementor-widget-text-editor\" data-id=\"c2a6197\" data-element_type=\"widget\" data-widget_type=\"text-editor.default\">\n\t\t\t\t<div class=\"elementor-widget-container\">\n\t\t\t\t\t\t\t\t\t<p><span style=\"font-weight: 400;\">Pour atteindre ses objectifs climatiques, notamment en agriculture durable, la CARICOM doit investir massivement dans des pratiques telles que l\u2019agriculture biologique et intelligente face au climat. Ces efforts n\u00e9cessitent une modernisation urgente des cha\u00eenes d\u2019approvisionnement.<\/span><\/p>\t\t\t\t\t\t\t\t<\/div>\n\t\t\t\t<\/div>\n\t\t\t\t\t<\/div>\n\t\t<\/div>\n\t\t\t\t\t<\/div>\n\t\t<\/section>\n\t\t\t\t<section class=\"elementor-section elementor-top-section elementor-element elementor-element-c1e3378 elementor-section-boxed elementor-section-height-default elementor-section-height-default\" data-id=\"c1e3378\" data-element_type=\"section\">\n\t\t\t\t\t\t<div class=\"elementor-container elementor-column-gap-default\">\n\t\t\t\t\t<div class=\"elementor-column elementor-col-100 elementor-top-column elementor-element elementor-element-fbecb64\" data-id=\"fbecb64\" data-element_type=\"column\">\n\t\t\t<div class=\"elementor-widget-wrap elementor-element-populated\">\n\t\t\t\t\t\t<div class=\"elementor-element elementor-element-27e2663 elementor-widget elementor-widget-heading\" data-id=\"27e2663\" data-element_type=\"widget\" data-widget_type=\"heading.default\">\n\t\t\t\t<div class=\"elementor-widget-container\">\n\t\t\t\t\t<h2 class=\"elementor-heading-title elementor-size-default\">La transformation num\u00e9rique comme catalyseur de l\u2019\u00e9conomie verte<\/h2>\t\t\t\t<\/div>\n\t\t\t\t<\/div>\n\t\t\t\t<div class=\"elementor-element elementor-element-85cc1cb elementor-widget elementor-widget-text-editor\" data-id=\"85cc1cb\" data-element_type=\"widget\" data-widget_type=\"text-editor.default\">\n\t\t\t\t<div class=\"elementor-widget-container\">\n\t\t\t\t\t\t\t\t\t<p><span style=\"font-weight: 400;\">La transformation num\u00e9rique est une pierre angulaire de cette transition \u00e9cologique. Les technologies telles que :<\/span><\/p><ul><li style=\"font-weight: 400;\" aria-level=\"1\"><span style=\"font-weight: 400;\">L\u2019intelligence artificielle (IA),<\/span><span style=\"font-weight: 400;\"><br \/><\/span><\/li><li style=\"font-weight: 400;\" aria-level=\"1\"><span style=\"font-weight: 400;\">La blockchain,<\/span><\/li><li style=\"font-weight: 400;\" aria-level=\"1\"><span style=\"font-weight: 400;\">L\u2019Internet des objets (IoT), <\/span>permettent d\u2019am\u00e9liorer consid\u00e9rablement l\u2019efficacit\u00e9 commerciale tout en renfor\u00e7ant la transparence.<\/li><\/ul><p><b>Le Forum sur le commerce et les affaires<\/b> a illustr\u00e9 comment ces outils peuvent optimiser la gestion des ressources agricoles ou faciliter le suivi des cha\u00eenes d\u2019approvisionnement durables.<\/p>\t\t\t\t\t\t\t\t<\/div>\n\t\t\t\t<\/div>\n\t\t\t\t<section class=\"elementor-section elementor-inner-section elementor-element elementor-element-9b255a1 elementor-section-boxed elementor-section-height-default elementor-section-height-default\" data-id=\"9b255a1\" data-element_type=\"section\">\n\t\t\t\t\t\t<div class=\"elementor-container elementor-column-gap-default\">\n\t\t\t\t\t<div class=\"elementor-column elementor-col-50 elementor-inner-column elementor-element elementor-element-e100951\" data-id=\"e100951\" data-element_type=\"column\">\n\t\t\t<div class=\"elementor-widget-wrap elementor-element-populated\">\n\t\t\t\t\t\t<div class=\"elementor-element elementor-element-69c3dab elementor-widget elementor-widget-image\" data-id=\"69c3dab\" data-element_type=\"widget\" data-widget_type=\"image.default\">\n\t\t\t\t<div class=\"elementor-widget-container\">\n\t\t\t\t\t\t\t\t\t\t\t\t\t\t\t<img loading=\"lazy\" decoding=\"async\" width=\"683\" height=\"1024\" src=\"https:\/\/richeskarayib.com\/wp-content\/uploads\/2025\/04\/099a5613_54408136157_o-683x1024.jpg\" class=\"attachment-large size-large wp-image-48518\" alt=\"Forum sur le commerce et les affaires\" srcset=\"https:\/\/richeskarayib.com\/wp-content\/uploads\/2025\/04\/099a5613_54408136157_o-683x1024.jpg 683w, https:\/\/richeskarayib.com\/wp-content\/uploads\/2025\/04\/099a5613_54408136157_o-200x300.jpg 200w, https:\/\/richeskarayib.com\/wp-content\/uploads\/2025\/04\/099a5613_54408136157_o-768x1152.jpg 768w, https:\/\/richeskarayib.com\/wp-content\/uploads\/2025\/04\/099a5613_54408136157_o-1024x1536.jpg 1024w, https:\/\/richeskarayib.com\/wp-content\/uploads\/2025\/04\/099a5613_54408136157_o.jpg 1280w\" sizes=\"(max-width: 683px) 100vw, 683px\" \/>\t\t\t\t\t\t\t\t\t\t\t\t\t\t\t<\/div>\n\t\t\t\t<\/div>\n\t\t\t\t\t<\/div>\n\t\t<\/div>\n\t\t\t\t<div class=\"elementor-column elementor-col-50 elementor-inner-column elementor-element elementor-element-1d474dc\" data-id=\"1d474dc\" data-element_type=\"column\">\n\t\t\t<div class=\"elementor-widget-wrap elementor-element-populated\">\n\t\t\t\t\t\t<div class=\"elementor-element elementor-element-5dce370 elementor-widget elementor-widget-image\" data-id=\"5dce370\" data-element_type=\"widget\" data-widget_type=\"image.default\">\n\t\t\t\t<div class=\"elementor-widget-container\">\n\t\t\t\t\t\t\t\t\t\t\t\t\t\t\t<img loading=\"lazy\" decoding=\"async\" width=\"683\" height=\"1024\" src=\"https:\/\/richeskarayib.com\/wp-content\/uploads\/2025\/04\/099a5626_54409004846_o-683x1024.jpg\" class=\"attachment-large size-large wp-image-48522\" alt=\"Forum sur le commerce et les affaires\" srcset=\"https:\/\/richeskarayib.com\/wp-content\/uploads\/2025\/04\/099a5626_54409004846_o-683x1024.jpg 683w, https:\/\/richeskarayib.com\/wp-content\/uploads\/2025\/04\/099a5626_54409004846_o-200x300.jpg 200w, https:\/\/richeskarayib.com\/wp-content\/uploads\/2025\/04\/099a5626_54409004846_o-768x1152.jpg 768w, https:\/\/richeskarayib.com\/wp-content\/uploads\/2025\/04\/099a5626_54409004846_o-1024x1536.jpg 1024w, https:\/\/richeskarayib.com\/wp-content\/uploads\/2025\/04\/099a5626_54409004846_o.jpg 1280w\" sizes=\"(max-width: 683px) 100vw, 683px\" \/>\t\t\t\t\t\t\t\t\t\t\t\t\t\t\t<\/div>\n\t\t\t\t<\/div>\n\t\t\t\t\t<\/div>\n\t\t<\/div>\n\t\t\t\t\t<\/div>\n\t\t<\/section>\n\t\t\t\t\t<\/div>\n\t\t<\/div>\n\t\t\t\t\t<\/div>\n\t\t<\/section>\n\t\t\t\t<section class=\"elementor-section elementor-top-section elementor-element elementor-element-2d90375 elementor-section-boxed elementor-section-height-default elementor-section-height-default\" data-id=\"2d90375\" data-element_type=\"section\">\n\t\t\t\t\t\t<div class=\"elementor-container elementor-column-gap-default\">\n\t\t\t\t\t<div class=\"elementor-column elementor-col-100 elementor-top-column elementor-element elementor-element-6b919c4\" data-id=\"6b919c4\" data-element_type=\"column\">\n\t\t\t<div class=\"elementor-widget-wrap elementor-element-populated\">\n\t\t\t\t\t\t<div class=\"elementor-element elementor-element-59c8ea3 elementor-widget elementor-widget-heading\" data-id=\"59c8ea3\" data-element_type=\"widget\" data-widget_type=\"heading.default\">\n\t\t\t\t<div class=\"elementor-widget-container\">\n\t\t\t\t\t<h2 class=\"elementor-heading-title elementor-size-default\">Financement vert : Un levier essentiel pour le secteur priv\u00e9<\/h2>\t\t\t\t<\/div>\n\t\t\t\t<\/div>\n\t\t\t\t<div class=\"elementor-element elementor-element-6baa50b elementor-widget elementor-widget-text-editor\" data-id=\"6baa50b\" data-element_type=\"widget\" data-widget_type=\"text-editor.default\">\n\t\t\t\t<div class=\"elementor-widget-container\">\n\t\t\t\t\t\t\t\t\t<p><span style=\"font-weight: 400;\">Un d\u00e9fi majeur pour les entreprises carib\u00e9ennes est l\u2019acc\u00e8s \u00e0 un financement abordable pour leurs initiatives \u00e9cologiques. Lors de <\/span><b>ce Forum sur le commerce et les affaires<\/b><span style=\"font-weight: 400;\">, plusieurs institutions financi\u00e8res ont pr\u00e9sent\u00e9 leurs solutions innovantes :<\/span><\/p><ol><li style=\"font-weight: 400;\" aria-level=\"1\"><span style=\"font-weight: 400;\">La Republic Bank propose des instruments adapt\u00e9s aux projets verts.<\/span><span style=\"font-weight: 400;\"><br \/><\/span><\/li><li style=\"font-weight: 400;\" aria-level=\"1\"><span style=\"font-weight: 400;\">Le Fonds de d\u00e9veloppement de la CARICOM (CDF) soutient financi\u00e8rement les MPME engag\u00e9es dans la durabilit\u00e9.<\/span><\/li><\/ol>\t\t\t\t\t\t\t\t<\/div>\n\t\t\t\t<\/div>\n\t\t\t\t<div class=\"elementor-element elementor-element-42235e7 elementor-widget elementor-widget-text-editor\" data-id=\"42235e7\" data-element_type=\"widget\" data-widget_type=\"text-editor.default\">\n\t\t\t\t<div class=\"elementor-widget-container\">\n\t\t\t\t\t\t\t\t\t<p><span style=\"font-weight: 400;\">Le Fonds vert pour le climat a \u00e9galement partag\u00e9 des \u00e9tudes de cas inspirantes comme le programme \u201cAccelerating Solar Action\u201d au Ghana. Ces exemples montrent comment un financement concessionnel peut encourager les investissements priv\u00e9s dans la r\u00e9silience climatique.<\/span><\/p>\t\t\t\t\t\t\t\t<\/div>\n\t\t\t\t<\/div>\n\t\t\t\t<section class=\"elementor-section elementor-inner-section elementor-element elementor-element-330956f elementor-section-boxed elementor-section-height-default elementor-section-height-default\" data-id=\"330956f\" data-element_type=\"section\">\n\t\t\t\t\t\t<div class=\"elementor-container elementor-column-gap-default\">\n\t\t\t\t\t<div class=\"elementor-column elementor-col-25 elementor-inner-column elementor-element elementor-element-10353a3\" data-id=\"10353a3\" data-element_type=\"column\">\n\t\t\t<div class=\"elementor-widget-wrap elementor-element-populated\">\n\t\t\t\t\t\t<div class=\"elementor-element elementor-element-68c730b elementor-widget elementor-widget-image\" data-id=\"68c730b\" data-element_type=\"widget\" data-widget_type=\"image.default\">\n\t\t\t\t<div class=\"elementor-widget-container\">\n\t\t\t\t\t\t\t\t\t\t\t\t\t\t\t<img loading=\"lazy\" decoding=\"async\" width=\"800\" height=\"534\" src=\"https:\/\/richeskarayib.com\/wp-content\/uploads\/2025\/04\/099a6225_54409248503_o-1024x683.jpg\" class=\"attachment-large size-large wp-image-48526\" alt=\"Forum sur le commerce et les affaires\" srcset=\"https:\/\/richeskarayib.com\/wp-content\/uploads\/2025\/04\/099a6225_54409248503_o-1024x683.jpg 1024w, https:\/\/richeskarayib.com\/wp-content\/uploads\/2025\/04\/099a6225_54409248503_o-300x200.jpg 300w, https:\/\/richeskarayib.com\/wp-content\/uploads\/2025\/04\/099a6225_54409248503_o-768x512.jpg 768w, https:\/\/richeskarayib.com\/wp-content\/uploads\/2025\/04\/099a6225_54409248503_o-1536x1024.jpg 1536w, https:\/\/richeskarayib.com\/wp-content\/uploads\/2025\/04\/099a6225_54409248503_o-1320x880.jpg 1320w, https:\/\/richeskarayib.com\/wp-content\/uploads\/2025\/04\/099a6225_54409248503_o.jpg 1920w\" sizes=\"(max-width: 800px) 100vw, 800px\" \/>\t\t\t\t\t\t\t\t\t\t\t\t\t\t\t<\/div>\n\t\t\t\t<\/div>\n\t\t\t\t\t<\/div>\n\t\t<\/div>\n\t\t\t\t<div class=\"elementor-column elementor-col-25 elementor-inner-column elementor-element elementor-element-26e5cfe\" data-id=\"26e5cfe\" data-element_type=\"column\">\n\t\t\t<div class=\"elementor-widget-wrap elementor-element-populated\">\n\t\t\t\t\t\t<div class=\"elementor-element elementor-element-fbc945c elementor-widget elementor-widget-image\" data-id=\"fbc945c\" data-element_type=\"widget\" data-widget_type=\"image.default\">\n\t\t\t\t<div class=\"elementor-widget-container\">\n\t\t\t\t\t\t\t\t\t\t\t\t\t\t\t<img loading=\"lazy\" decoding=\"async\" width=\"800\" height=\"534\" src=\"https:\/\/richeskarayib.com\/wp-content\/uploads\/2025\/04\/099a6272_54409005356_o-1024x683.jpg\" class=\"attachment-large size-large wp-image-48530\" alt=\"Forum sur le commerce et les affaires\" srcset=\"https:\/\/richeskarayib.com\/wp-content\/uploads\/2025\/04\/099a6272_54409005356_o-1024x683.jpg 1024w, https:\/\/richeskarayib.com\/wp-content\/uploads\/2025\/04\/099a6272_54409005356_o-300x200.jpg 300w, https:\/\/richeskarayib.com\/wp-content\/uploads\/2025\/04\/099a6272_54409005356_o-768x512.jpg 768w, https:\/\/richeskarayib.com\/wp-content\/uploads\/2025\/04\/099a6272_54409005356_o-1536x1024.jpg 1536w, https:\/\/richeskarayib.com\/wp-content\/uploads\/2025\/04\/099a6272_54409005356_o-1320x880.jpg 1320w, https:\/\/richeskarayib.com\/wp-content\/uploads\/2025\/04\/099a6272_54409005356_o.jpg 1920w\" sizes=\"(max-width: 800px) 100vw, 800px\" \/>\t\t\t\t\t\t\t\t\t\t\t\t\t\t\t<\/div>\n\t\t\t\t<\/div>\n\t\t\t\t\t<\/div>\n\t\t<\/div>\n\t\t\t\t<div class=\"elementor-column elementor-col-25 elementor-inner-column elementor-element elementor-element-06f95a5\" data-id=\"06f95a5\" data-element_type=\"column\">\n\t\t\t<div class=\"elementor-widget-wrap elementor-element-populated\">\n\t\t\t\t\t\t<div class=\"elementor-element elementor-element-cf46adb elementor-widget elementor-widget-image\" data-id=\"cf46adb\" data-element_type=\"widget\" data-widget_type=\"image.default\">\n\t\t\t\t<div class=\"elementor-widget-container\">\n\t\t\t\t\t\t\t\t\t\t\t\t\t\t\t<img loading=\"lazy\" decoding=\"async\" width=\"800\" height=\"534\" src=\"https:\/\/richeskarayib.com\/wp-content\/uploads\/2025\/04\/099a6359_54409248433_o-1024x683.jpg\" class=\"attachment-large size-large wp-image-48534\" alt=\"Forum sur le commerce et les affaires\" srcset=\"https:\/\/richeskarayib.com\/wp-content\/uploads\/2025\/04\/099a6359_54409248433_o-1024x683.jpg 1024w, https:\/\/richeskarayib.com\/wp-content\/uploads\/2025\/04\/099a6359_54409248433_o-300x200.jpg 300w, https:\/\/richeskarayib.com\/wp-content\/uploads\/2025\/04\/099a6359_54409248433_o-768x512.jpg 768w, https:\/\/richeskarayib.com\/wp-content\/uploads\/2025\/04\/099a6359_54409248433_o-1536x1024.jpg 1536w, https:\/\/richeskarayib.com\/wp-content\/uploads\/2025\/04\/099a6359_54409248433_o-1320x880.jpg 1320w, https:\/\/richeskarayib.com\/wp-content\/uploads\/2025\/04\/099a6359_54409248433_o.jpg 1920w\" sizes=\"(max-width: 800px) 100vw, 800px\" \/>\t\t\t\t\t\t\t\t\t\t\t\t\t\t\t<\/div>\n\t\t\t\t<\/div>\n\t\t\t\t\t<\/div>\n\t\t<\/div>\n\t\t\t\t<div class=\"elementor-column elementor-col-25 elementor-inner-column elementor-element elementor-element-5cacc1a\" data-id=\"5cacc1a\" data-element_type=\"column\">\n\t\t\t<div class=\"elementor-widget-wrap elementor-element-populated\">\n\t\t\t\t\t\t<div class=\"elementor-element elementor-element-7054944 elementor-widget elementor-widget-image\" data-id=\"7054944\" data-element_type=\"widget\" data-widget_type=\"image.default\">\n\t\t\t\t<div class=\"elementor-widget-container\">\n\t\t\t\t\t\t\t\t\t\t\t\t\t\t\t<img loading=\"lazy\" decoding=\"async\" width=\"800\" height=\"534\" src=\"https:\/\/richeskarayib.com\/wp-content\/uploads\/2025\/04\/099a6400_54409381625_o-1024x683.jpg\" class=\"attachment-large size-large wp-image-48538\" alt=\"Forum sur le commerce et les affaires\" srcset=\"https:\/\/richeskarayib.com\/wp-content\/uploads\/2025\/04\/099a6400_54409381625_o-1024x683.jpg 1024w, https:\/\/richeskarayib.com\/wp-content\/uploads\/2025\/04\/099a6400_54409381625_o-300x200.jpg 300w, https:\/\/richeskarayib.com\/wp-content\/uploads\/2025\/04\/099a6400_54409381625_o-768x512.jpg 768w, https:\/\/richeskarayib.com\/wp-content\/uploads\/2025\/04\/099a6400_54409381625_o-1536x1024.jpg 1536w, https:\/\/richeskarayib.com\/wp-content\/uploads\/2025\/04\/099a6400_54409381625_o-1320x880.jpg 1320w, https:\/\/richeskarayib.com\/wp-content\/uploads\/2025\/04\/099a6400_54409381625_o.jpg 1920w\" sizes=\"(max-width: 800px) 100vw, 800px\" \/>\t\t\t\t\t\t\t\t\t\t\t\t\t\t\t<\/div>\n\t\t\t\t<\/div>\n\t\t\t\t\t<\/div>\n\t\t<\/div>\n\t\t\t\t\t<\/div>\n\t\t<\/section>\n\t\t\t\t\t<\/div>\n\t\t<\/div>\n\t\t\t\t\t<\/div>\n\t\t<\/section>\n\t\t\t\t<section class=\"elementor-section elementor-top-section elementor-element elementor-element-20ae11b elementor-section-boxed elementor-section-height-default elementor-section-height-default\" data-id=\"20ae11b\" data-element_type=\"section\">\n\t\t\t\t\t\t<div class=\"elementor-container elementor-column-gap-default\">\n\t\t\t\t\t<div class=\"elementor-column elementor-col-100 elementor-top-column elementor-element elementor-element-c1dddc9\" data-id=\"c1dddc9\" data-element_type=\"column\">\n\t\t\t<div class=\"elementor-widget-wrap elementor-element-populated\">\n\t\t\t\t\t\t<div class=\"elementor-element elementor-element-cd0d55e elementor-widget elementor-widget-heading\" data-id=\"cd0d55e\" data-element_type=\"widget\" data-widget_type=\"heading.default\">\n\t\t\t\t<div class=\"elementor-widget-container\">\n\t\t\t\t\t<h2 class=\"elementor-heading-title elementor-size-default\">Collaboration public-priv\u00e9 pour acc\u00e9l\u00e9rer la transition verte<\/h2>\t\t\t\t<\/div>\n\t\t\t\t<\/div>\n\t\t\t\t<div class=\"elementor-element elementor-element-4efa29e elementor-widget elementor-widget-text-editor\" data-id=\"4efa29e\" data-element_type=\"widget\" data-widget_type=\"text-editor.default\">\n\t\t\t\t<div class=\"elementor-widget-container\">\n\t\t\t\t\t\t\t\t\t<p><span style=\"font-weight: 400;\">La collaboration entre gouvernements et entreprises priv\u00e9es est essentielle pour acc\u00e9l\u00e9rer cette transition \u00e9cologique :<\/span><\/p><ol><li style=\"font-weight: 400;\" aria-level=\"1\"><span style=\"font-weight: 400;\">Les gouvernements doivent r\u00e9former leurs politiques afin d\u2019encourager l\u2019investissement dans les industries durables.<\/span><span style=\"font-weight: 400;\"><br \/><\/span><\/li><li style=\"font-weight: 400;\" aria-level=\"1\"><span style=\"font-weight: 400;\">Les institutions financi\u00e8res doivent d\u00e9velopper davantage de solutions adapt\u00e9es aux besoins sp\u00e9cifiques du secteur priv\u00e9.<\/span><span style=\"font-weight: 400;\"><br \/><\/span><\/li><\/ol><p><span style=\"font-weight: 400;\">Les entreprises doivent s\u2019engager activement dans ces initiatives pour rester comp\u00e9titives \u00e0 l\u2019\u00e9chelle mondiale.<\/span><\/p>\t\t\t\t\t\t\t\t<\/div>\n\t\t\t\t<\/div>\n\t\t\t\t<div class=\"elementor-element elementor-element-2c6c152 elementor-widget elementor-widget-text-editor\" data-id=\"2c6c152\" data-element_type=\"widget\" data-widget_type=\"text-editor.default\">\n\t\t\t\t<div class=\"elementor-widget-container\">\n\t\t\t\t\t\t\t\t\t<p><b>Le Forum sur le commerce et les affaires<\/b><span style=\"font-weight: 400;\"> a mis en avant ce partenariat public-priv\u00e9 comme levier cl\u00e9 pour cr\u00e9er un environnement favorable au commerce durable tout en renfor\u00e7ant la r\u00e9silience \u00e9conomique r\u00e9gionale.<\/span><\/p>\t\t\t\t\t\t\t\t<\/div>\n\t\t\t\t<\/div>\n\t\t\t\t\t<\/div>\n\t\t<\/div>\n\t\t\t\t\t<\/div>\n\t\t<\/section>\n\t\t\t\t<section class=\"elementor-section elementor-top-section elementor-element elementor-element-460019f elementor-section-boxed elementor-section-height-default elementor-section-height-default\" data-id=\"460019f\" data-element_type=\"section\">\n\t\t\t\t\t\t<div class=\"elementor-container elementor-column-gap-default\">\n\t\t\t\t\t<div class=\"elementor-column elementor-col-100 elementor-top-column elementor-element elementor-element-5b27cb1\" data-id=\"5b27cb1\" data-element_type=\"column\">\n\t\t\t<div class=\"elementor-widget-wrap elementor-element-populated\">\n\t\t\t\t\t\t<div class=\"elementor-element elementor-element-03a7588 elementor-widget elementor-widget-text-editor\" data-id=\"03a7588\" data-element_type=\"widget\" data-widget_type=\"text-editor.default\">\n\t\t\t\t<div class=\"elementor-widget-container\">\n\t\t\t\t\t\t\t\t\t<p><a href=\"https:\/\/carib-export.com\/fr\/fr\/blog\/the-trade-and-business-forum\/?utm_source=Caribbean+Export+List&amp;utm_campaign=62071c95b6-EMAIL_CAMPAIGN_CEDigest_March&amp;utm_medium=email&amp;utm_term=0_-2843ba46ae-91278085\" target=\"_blank\" rel=\"noopener nofollow\"><b>Le Forum sur le commerce et les affaires<\/b><\/a><span style=\"font-weight: 400;\"> a envoy\u00e9 un message clair : il est temps d\u2019agir. Les Cara\u00efbes disposent d\u2019un potentiel immense pour prosp\u00e9rer dans une \u00e9conomie verte, mais cela n\u00e9cessite une mobilisation collective. Les entreprises doivent adopter des pratiques durables ; les gouvernements doivent fournir un cadre r\u00e9glementaire adapt\u00e9 ; et les institutions financi\u00e8res doivent faciliter l\u2019acc\u00e8s au financement vert. Ensemble, ces acteurs peuvent transformer la r\u00e9gion en leader mondial du commerce durable.<\/span><\/p>\t\t\t\t\t\t\t\t<\/div>\n\t\t\t\t<\/div>\n\t\t\t\t\t<\/div>\n\t\t<\/div>\n\t\t\t\t\t<\/div>\n\t\t<\/section>\n\t\t\t\t<\/div>\n\t\t","protected":false},"excerpt":{"rendered":"<p>Le Forum sur le commerce et les affaires, organis\u00e9 \u00e0 Saint-Christophe-et-Ni\u00e9v\u00e8s du 17 au 20 mars, a mis en lumi\u00e8re un enjeu crucial : le r\u00f4le indispensable du secteur priv\u00e9 dans la transition verte des Cara\u00efbes. Ce dialogue r\u00e9gional, dirig\u00e9 par Caribbean Export en collaboration avec le Fonds vert pour le climat (FVC), a rassembl\u00e9 [&hellip;]<\/p>\n","protected":false},"author":662,"featured_media":48498,"comment_status":"open","ping_status":"open","sticky":false,"template":"","format":"standard","meta":{"_acf_changed":false,"footnotes":""},"categories":[840],"tags":[1710],"class_list":["post-48497","post","type-post","status-publish","format-standard","has-post-thumbnail","hentry","category-actus","tag-saint-christophe-et-nieves"],"acf":[],"_links":{"self":[{"href":"https:\/\/richeskarayib.com\/fr\/wp-json\/wp\/v2\/posts\/48497","targetHints":{"allow":["GET"]}}],"collection":[{"href":"https:\/\/richeskarayib.com\/fr\/wp-json\/wp\/v2\/posts"}],"about":[{"href":"https:\/\/richeskarayib.com\/fr\/wp-json\/wp\/v2\/types\/post"}],"author":[{"embeddable":true,"href":"https:\/\/richeskarayib.com\/fr\/wp-json\/wp\/v2\/users\/662"}],"replies":[{"embeddable":true,"href":"https:\/\/richeskarayib.com\/fr\/wp-json\/wp\/v2\/comments?post=48497"}],"version-history":[{"count":0,"href":"https:\/\/richeskarayib.com\/fr\/wp-json\/wp\/v2\/posts\/48497\/revisions"}],"wp:featuredmedia":[{"embeddable":true,"href":"https:\/\/richeskarayib.com\/fr\/wp-json\/wp\/v2\/media\/48498"}],"wp:attachment":[{"href":"https:\/\/richeskarayib.com\/fr\/wp-json\/wp\/v2\/media?parent=48497"}],"wp:term":[{"taxonomy":"category","embeddable":true,"href":"https:\/\/richeskarayib.com\/fr\/wp-json\/wp\/v2\/categories?post=48497"},{"taxonomy":"post_tag","embeddable":true,"href":"https:\/\/richeskarayib.com\/fr\/wp-json\/wp\/v2\/tags?post=48497"}],"curies":[{"name":"wp","href":"https:\/\/api.w.org\/{rel}","templated":true}]}}