{"id":48674,"date":"2025-04-10T13:42:02","date_gmt":"2025-04-10T17:42:02","guid":{"rendered":"https:\/\/richeskarayib.com\/?p=48674"},"modified":"2025-04-10T13:42:02","modified_gmt":"2025-04-10T17:42:02","slug":"florin-caribeen-nouvelle-monnaie-officielle","status":"publish","type":"post","link":"https:\/\/richeskarayib.com\/fr\/florin-caribeen-nouvelle-monnaie-officielle\/","title":{"rendered":"Florin carib\u00e9en : nouvelle monnaie officielle \u00e0 Sint Maarten et Cura\u00e7ao"},"content":{"rendered":"\t\t<div data-elementor-type=\"wp-post\" data-elementor-id=\"48674\" class=\"elementor elementor-48674\" data-elementor-post-type=\"post\">\n\t\t\t\t\t\t<section class=\"elementor-section elementor-top-section elementor-element elementor-element-889dceb elementor-section-boxed elementor-section-height-default elementor-section-height-default\" data-id=\"889dceb\" data-element_type=\"section\">\n\t\t\t\t\t\t<div class=\"elementor-container elementor-column-gap-default\">\n\t\t\t\t\t<div class=\"elementor-column elementor-col-100 elementor-top-column elementor-element elementor-element-cb266eb\" data-id=\"cb266eb\" data-element_type=\"column\">\n\t\t\t<div class=\"elementor-widget-wrap elementor-element-populated\">\n\t\t\t\t\t\t<div class=\"elementor-element elementor-element-fc48138 elementor-widget elementor-widget-text-editor\" data-id=\"fc48138\" data-element_type=\"widget\" data-widget_type=\"text-editor.default\">\n\t\t\t\t<div class=\"elementor-widget-container\">\n\t\t\t\t\t\t\t\t\t<p><span style=\"font-weight: 400;\">Le <a href=\"https:\/\/la1ere.francetvinfo.fr\/guadeloupe\/saint-martin\/le-florin-caribeen-nouvelle-monnaie-officielle-a-sint-maarten-et-curacao-1577110.html\" target=\"_blank\" rel=\"noopener nofollow\">Florin carib\u00e9en<\/a> est officiellement devenu la monnaie de Sint Maarten, partie n\u00e9erlandaise de l\u2019\u00eele de Saint-Martin, ainsi que de Cura\u00e7ao, \u00e0 partir du 1er avril 2025. Il remplace le Florin des Antilles n\u00e9erlandaises, en circulation depuis 1952, soit 73 ans d\u2019histoire mon\u00e9taire. Ce changement marque un tournant majeur dans le cheminement vers l\u2019ind\u00e9pendance \u00e9conomique et politique de ces deux territoires, devenus pays constitutifs du Royaume des Pays-Bas en 2010.<\/span><\/p>\t\t\t\t\t\t\t\t<\/div>\n\t\t\t\t<\/div>\n\t\t\t\t\t<\/div>\n\t\t<\/div>\n\t\t\t\t\t<\/div>\n\t\t<\/section>\n\t\t\t\t<section class=\"elementor-section elementor-top-section elementor-element elementor-element-a1f25d1 elementor-section-boxed elementor-section-height-default elementor-section-height-default\" data-id=\"a1f25d1\" data-element_type=\"section\">\n\t\t\t\t\t\t<div class=\"elementor-container elementor-column-gap-default\">\n\t\t\t\t\t<div class=\"elementor-column elementor-col-100 elementor-top-column elementor-element elementor-element-9e15345\" data-id=\"9e15345\" data-element_type=\"column\">\n\t\t\t<div class=\"elementor-widget-wrap elementor-element-populated\">\n\t\t\t\t\t\t<div class=\"elementor-element elementor-element-96b9015 elementor-widget elementor-widget-heading\" data-id=\"96b9015\" data-element_type=\"widget\" data-widget_type=\"heading.default\">\n\t\t\t\t<div class=\"elementor-widget-container\">\n\t\t\t\t\t<h2 class=\"elementor-heading-title elementor-size-default\">Un tournant historique : du florin des Antilles n\u00e9erlandaises au Florin carib\u00e9en<\/h2>\t\t\t\t<\/div>\n\t\t\t\t<\/div>\n\t\t\t\t<div class=\"elementor-element elementor-element-8aab9f0 elementor-widget elementor-widget-text-editor\" data-id=\"8aab9f0\" data-element_type=\"widget\" data-widget_type=\"text-editor.default\">\n\t\t\t\t<div class=\"elementor-widget-container\">\n\t\t\t\t\t\t\t\t\t<p><span style=\"font-weight: 400;\">Le <a href=\"https:\/\/www.reddit.com\/r\/Guadeloupe\/comments\/1jvry5p\/le_florin_carib%C3%A9en_nouvelle_monnaie_officielle_%C3%A0\/?rdt=44591\" target=\"_blank\" rel=\"noopener nofollow\">Florin carib\u00e9en<\/a> succ\u00e8de \u00e0 une monnaie h\u00e9rit\u00e9e de l\u2019\u00e9poque coloniale. Introduit en 1952 pour unifier les \u00e9changes \u00e9conomiques dans les anciennes colonies n\u00e9erlandaises des Cara\u00efbes, le Florin des Antilles n\u00e9erlandaises symbolisait jusqu\u2019ici l\u2019ancrage \u00e9conomique \u00e0 La Haye. L\u2019abandon de cette devise au profit d\u2019une monnaie propre traduit une volont\u00e9 affirm\u00e9e de s\u2019\u00e9manciper de l\u2019influence mon\u00e9taire n\u00e9erlandaise.<\/span><\/p>\t\t\t\t\t\t\t\t<\/div>\n\t\t\t\t<\/div>\n\t\t\t\t<div class=\"elementor-element elementor-element-6599367 elementor-widget elementor-widget-text-editor\" data-id=\"6599367\" data-element_type=\"widget\" data-widget_type=\"text-editor.default\">\n\t\t\t\t<div class=\"elementor-widget-container\">\n\t\t\t\t\t\t\t\t\t<p><span style=\"font-weight: 400;\">Ce projet s\u2019inscrit dans la continuit\u00e9 des r\u00e9formes engag\u00e9es depuis le 10 octobre 2010, date \u00e0 laquelle Sint Maarten et Cura\u00e7ao ont acquis le statut d\u2019\u00c9tats autonomes au sein du Royaume des Pays-Bas. Le Florin carib\u00e9en s\u2019impose ainsi comme un outil de souverainet\u00e9 \u00e9conomique, pens\u00e9 pour refl\u00e9ter une identit\u00e9 propre.<\/span><\/p>\t\t\t\t\t\t\t\t<\/div>\n\t\t\t\t<\/div>\n\t\t\t\t\t<\/div>\n\t\t<\/div>\n\t\t\t\t\t<\/div>\n\t\t<\/section>\n\t\t\t\t<section class=\"elementor-section elementor-top-section elementor-element elementor-element-53262f1 elementor-section-boxed elementor-section-height-default elementor-section-height-default\" data-id=\"53262f1\" data-element_type=\"section\">\n\t\t\t\t\t\t<div class=\"elementor-container elementor-column-gap-default\">\n\t\t\t\t\t<div class=\"elementor-column elementor-col-100 elementor-top-column elementor-element elementor-element-eac4faf\" data-id=\"eac4faf\" data-element_type=\"column\">\n\t\t\t<div class=\"elementor-widget-wrap elementor-element-populated\">\n\t\t\t\t\t\t<div class=\"elementor-element elementor-element-05782f7 elementor-widget elementor-widget-heading\" data-id=\"05782f7\" data-element_type=\"widget\" data-widget_type=\"heading.default\">\n\t\t\t\t<div class=\"elementor-widget-container\">\n\t\t\t\t\t<h2 class=\"elementor-heading-title elementor-size-default\">Une c\u00e9r\u00e9monie de lancement marquante\n<\/h2>\t\t\t\t<\/div>\n\t\t\t\t<\/div>\n\t\t\t\t<section class=\"elementor-section elementor-inner-section elementor-element elementor-element-d0180d0 elementor-section-boxed elementor-section-height-default elementor-section-height-default\" data-id=\"d0180d0\" data-element_type=\"section\">\n\t\t\t\t\t\t<div class=\"elementor-container elementor-column-gap-default\">\n\t\t\t\t\t<div class=\"elementor-column elementor-col-100 elementor-inner-column elementor-element elementor-element-745a371\" data-id=\"745a371\" data-element_type=\"column\">\n\t\t\t<div class=\"elementor-widget-wrap elementor-element-populated\">\n\t\t\t\t\t\t<div class=\"elementor-element elementor-element-fd973de elementor-widget elementor-widget-text-editor\" data-id=\"fd973de\" data-element_type=\"widget\" data-widget_type=\"text-editor.default\">\n\t\t\t\t<div class=\"elementor-widget-container\">\n\t\t\t\t\t\t\t\t\t<p><span style=\"font-weight: 400;\">La Banque centrale de Cura\u00e7ao et de Sint Maarten a organis\u00e9 une c\u00e9r\u00e9monie pour officialiser l\u2019arriv\u00e9e du Florin carib\u00e9en. Lors de cet \u00e9v\u00e9nement, la ministre des Finances de Sint Maarten, Marika Gumbs, a proc\u00e9d\u00e9 \u00e0 l\u2019\u00e9change symbolique des premi\u00e8res coupures.<\/span><\/p>\t\t\t\t\t\t\t\t<\/div>\n\t\t\t\t<\/div>\n\t\t\t\t<div class=\"elementor-element elementor-element-2f6b229 elementor-widget elementor-widget-text-editor\" data-id=\"2f6b229\" data-element_type=\"widget\" data-widget_type=\"text-editor.default\">\n\t\t\t\t<div class=\"elementor-widget-container\">\n\t\t\t\t\t\t\t\t\t<p><span style=\"font-weight: 400;\">Richard Den Bosch, pr\u00e9sident de la Banque centrale europ\u00e9enne, a salu\u00e9 cette transition en soulignant que le Florin carib\u00e9en incarne &#8220;un symbole de confiance qui va tracer la voie vers un avenir stable, inclusif et durable&#8221;, tout en saluant le choix &#8220;lucide&#8221; des territoires dans un contexte \u00e9conomique global incertain.<\/span><\/p>\t\t\t\t\t\t\t\t<\/div>\n\t\t\t\t<\/div>\n\t\t\t\t\t<\/div>\n\t\t<\/div>\n\t\t\t\t\t<\/div>\n\t\t<\/section>\n\t\t\t\t\t<\/div>\n\t\t<\/div>\n\t\t\t\t\t<\/div>\n\t\t<\/section>\n\t\t\t\t<section class=\"elementor-section elementor-top-section elementor-element elementor-element-df60a43 elementor-section-boxed elementor-section-height-default elementor-section-height-default\" data-id=\"df60a43\" data-element_type=\"section\">\n\t\t\t\t\t\t<div class=\"elementor-container elementor-column-gap-default\">\n\t\t\t\t\t<div class=\"elementor-column elementor-col-100 elementor-top-column elementor-element elementor-element-2442162\" data-id=\"2442162\" data-element_type=\"column\">\n\t\t\t<div class=\"elementor-widget-wrap elementor-element-populated\">\n\t\t\t\t\t\t<div class=\"elementor-element elementor-element-079efdf elementor-widget elementor-widget-heading\" data-id=\"079efdf\" data-element_type=\"widget\" data-widget_type=\"heading.default\">\n\t\t\t\t<div class=\"elementor-widget-container\">\n\t\t\t\t\t<h2 class=\"elementor-heading-title elementor-size-default\">Une monnaie au design local et \u00e0 la s\u00e9curit\u00e9 renforc\u00e9e<\/h2>\t\t\t\t<\/div>\n\t\t\t\t<\/div>\n\t\t\t\t<div class=\"elementor-element elementor-element-b3b08b2 elementor-widget elementor-widget-text-editor\" data-id=\"b3b08b2\" data-element_type=\"widget\" data-widget_type=\"text-editor.default\">\n\t\t\t\t<div class=\"elementor-widget-container\">\n\t\t\t\t\t\t\t\t\t<p><span style=\"font-weight: 400;\">Le <a href=\"https:\/\/travel2curacao.com\/fr\/our-new-currency-xcg\/\" target=\"_blank\" rel=\"noopener nofollow\">Florin carib\u00e9en<\/a> se distingue par un design pens\u00e9 pour repr\u00e9senter la richesse des deux territoires. La gamme comprend cinq billets (10, 20, 50, 100 et 200 florins) illustrant les fonds marins et paysages embl\u00e9matiques de Sint Maarten et de Cura\u00e7ao. Les sept pi\u00e8ces (de 1 centime \u00e0 5 florins) rappellent quant \u00e0 elles les vagues oc\u00e9aniques, symbole de force et de mouvement.<\/span><\/p>\t\t\t\t\t\t\t\t<\/div>\n\t\t\t\t<\/div>\n\t\t\t\t<div class=\"elementor-element elementor-element-8d83867 elementor-widget elementor-widget-text-editor\" data-id=\"8d83867\" data-element_type=\"widget\" data-widget_type=\"text-editor.default\">\n\t\t\t\t<div class=\"elementor-widget-container\">\n\t\t\t\t\t\t\t\t\t<p><span style=\"font-weight: 400;\">Con\u00e7ue avec des standards internationaux \u00e9lev\u00e9s, cette nouvelle monnaie int\u00e8gre des technologies avanc\u00e9es contre la contrefa\u00e7on. Pour la production, les autorit\u00e9s ont fait appel \u00e0 des prestataires au Canada, en Su\u00e8de et \u00e0 Malte, rompant ainsi avec 230 ans de fabrication confi\u00e9e \u00e0 la Monnaie royale des Pays-Bas.<\/span><\/p>\t\t\t\t\t\t\t\t<\/div>\n\t\t\t\t<\/div>\n\t\t\t\t<section class=\"elementor-section elementor-inner-section elementor-element elementor-element-12426c4 elementor-section-boxed elementor-section-height-default elementor-section-height-default\" data-id=\"12426c4\" data-element_type=\"section\">\n\t\t\t\t\t\t<div class=\"elementor-container elementor-column-gap-default\">\n\t\t\t\t\t<div class=\"elementor-column elementor-col-100 elementor-inner-column elementor-element elementor-element-8f1940a\" data-id=\"8f1940a\" data-element_type=\"column\">\n\t\t\t<div class=\"elementor-widget-wrap elementor-element-populated\">\n\t\t\t\t\t\t<div class=\"elementor-element elementor-element-50b71cd elementor-widget elementor-widget-image\" data-id=\"50b71cd\" data-element_type=\"widget\" data-widget_type=\"image.default\">\n\t\t\t\t<div class=\"elementor-widget-container\">\n\t\t\t\t\t\t\t\t\t\t\t\t<figure class=\"wp-caption\">\n\t\t\t\t\t\t\t\t\t\t<img fetchpriority=\"high\" decoding=\"async\" width=\"800\" height=\"533\" src=\"https:\/\/richeskarayib.com\/wp-content\/uploads\/2025\/04\/Florin-caribeen.webp\" class=\"attachment-large size-large wp-image-48675\" alt=\"Florin carib\u00e9en\" srcset=\"https:\/\/richeskarayib.com\/wp-content\/uploads\/2025\/04\/Florin-caribeen.webp 930w, https:\/\/richeskarayib.com\/wp-content\/uploads\/2025\/04\/Florin-caribeen-300x200.webp 300w, https:\/\/richeskarayib.com\/wp-content\/uploads\/2025\/04\/Florin-caribeen-768x512.webp 768w\" sizes=\"(max-width: 800px) 100vw, 800px\" \/>\t\t\t\t\t\t\t\t\t\t\t<figcaption class=\"widget-image-caption wp-caption-text\">Florin carib\u00e9en<\/figcaption>\n\t\t\t\t\t\t\t\t\t\t<\/figure>\n\t\t\t\t\t\t\t\t\t<\/div>\n\t\t\t\t<\/div>\n\t\t\t\t\t<\/div>\n\t\t<\/div>\n\t\t\t\t\t<\/div>\n\t\t<\/section>\n\t\t\t\t\t<\/div>\n\t\t<\/div>\n\t\t\t\t\t<\/div>\n\t\t<\/section>\n\t\t\t\t<section class=\"elementor-section elementor-top-section elementor-element elementor-element-47fe859 elementor-section-boxed elementor-section-height-default elementor-section-height-default\" data-id=\"47fe859\" data-element_type=\"section\">\n\t\t\t\t\t\t<div class=\"elementor-container elementor-column-gap-default\">\n\t\t\t\t\t<div class=\"elementor-column elementor-col-100 elementor-top-column elementor-element elementor-element-9b5aad9\" data-id=\"9b5aad9\" data-element_type=\"column\">\n\t\t\t<div class=\"elementor-widget-wrap elementor-element-populated\">\n\t\t\t\t\t\t<div class=\"elementor-element elementor-element-a6cb4b5 elementor-widget elementor-widget-heading\" data-id=\"a6cb4b5\" data-element_type=\"widget\" data-widget_type=\"heading.default\">\n\t\t\t\t<div class=\"elementor-widget-container\">\n\t\t\t\t\t<h2 class=\"elementor-heading-title elementor-size-default\">Une phase de transition de trois mois<\/h2>\t\t\t\t<\/div>\n\t\t\t\t<\/div>\n\t\t\t\t<div class=\"elementor-element elementor-element-2195703 elementor-widget elementor-widget-text-editor\" data-id=\"2195703\" data-element_type=\"widget\" data-widget_type=\"text-editor.default\">\n\t\t\t\t<div class=\"elementor-widget-container\">\n\t\t\t\t\t\t\t\t\t<p><span style=\"font-weight: 400;\">Afin d&#8217;assurer une adoption progressive, une p\u00e9riode transitoire est pr\u00e9vue jusqu\u2019au 30 juin 2025. Pendant cette phase, l\u2019ancien florin pourra \u00eatre \u00e9chang\u00e9 contre le Florin carib\u00e9en selon le taux de 1 florin carib\u00e9en = 1,79 dollar am\u00e9ricain, identique \u00e0 celui en vigueur pr\u00e9c\u00e9demment.<\/span><\/p>\t\t\t\t\t\t\t\t<\/div>\n\t\t\t\t<\/div>\n\t\t\t\t<div class=\"elementor-element elementor-element-980f071 elementor-widget elementor-widget-text-editor\" data-id=\"980f071\" data-element_type=\"widget\" data-widget_type=\"text-editor.default\">\n\t\t\t\t<div class=\"elementor-widget-container\">\n\t\t\t\t\t\t\t\t\t<p><span style=\"font-weight: 400;\">Des campagnes d&#8217;information sont en cours pour familiariser la population avec les nouveaux billets et pi\u00e8ces. Cette d\u00e9marche vise \u00e0 garantir une transition fluide, sans perturbation des transactions du quotidien.<\/span><\/p>\t\t\t\t\t\t\t\t<\/div>\n\t\t\t\t<\/div>\n\t\t\t\t\t<\/div>\n\t\t<\/div>\n\t\t\t\t\t<\/div>\n\t\t<\/section>\n\t\t\t\t<section class=\"elementor-section elementor-top-section elementor-element elementor-element-27923a9 elementor-section-boxed elementor-section-height-default elementor-section-height-default\" data-id=\"27923a9\" data-element_type=\"section\">\n\t\t\t\t\t\t<div class=\"elementor-container elementor-column-gap-default\">\n\t\t\t\t\t<div class=\"elementor-column elementor-col-100 elementor-top-column elementor-element elementor-element-a2349ae\" data-id=\"a2349ae\" data-element_type=\"column\">\n\t\t\t<div class=\"elementor-widget-wrap elementor-element-populated\">\n\t\t\t\t\t\t<div class=\"elementor-element elementor-element-31cd008 elementor-widget elementor-widget-heading\" data-id=\"31cd008\" data-element_type=\"widget\" data-widget_type=\"heading.default\">\n\t\t\t\t<div class=\"elementor-widget-container\">\n\t\t\t\t\t<h2 class=\"elementor-heading-title elementor-size-default\">Cons\u00e9quences \u00e9conomiques et positionnement strat\u00e9gique<\/h2>\t\t\t\t<\/div>\n\t\t\t\t<\/div>\n\t\t\t\t<div class=\"elementor-element elementor-element-8c15ddd elementor-widget elementor-widget-text-editor\" data-id=\"8c15ddd\" data-element_type=\"widget\" data-widget_type=\"text-editor.default\">\n\t\t\t\t<div class=\"elementor-widget-container\">\n\t\t\t\t\t\t\t\t\t<p><span style=\"font-weight: 400;\">L\u2019introduction du Florin carib\u00e9en permet \u00e0 <a href=\"https:\/\/richeskarayib.com\/fr\/curacao-tourisme-augmentation-arrivees-2024\/\" target=\"_blank\" rel=\"noopener\">Cura\u00e7ao<\/a> et <a href=\"https:\/\/richeskarayib.com\/fr\/oeco-organisation-etats-caraibe-orientale\/\" target=\"_blank\" rel=\"noopener\">Sint Maarten<\/a> de mieux contr\u00f4ler leur politique mon\u00e9taire, d\u2019ajuster leur strat\u00e9gie en fonction de la r\u00e9alit\u00e9 r\u00e9gionale, et de renforcer leur cr\u00e9dibilit\u00e9 \u00e9conomique aupr\u00e8s des partenaires et des investisseurs.<\/span><\/p>\t\t\t\t\t\t\t\t<\/div>\n\t\t\t\t<\/div>\n\t\t\t\t<div class=\"elementor-element elementor-element-489c9ae elementor-widget elementor-widget-text-editor\" data-id=\"489c9ae\" data-element_type=\"widget\" data-widget_type=\"text-editor.default\">\n\t\t\t\t<div class=\"elementor-widget-container\">\n\t\t\t\t\t\t\t\t\t<p><span style=\"font-weight: 400;\">Politiquement, c\u2019est un signal fort envoy\u00e9 \u00e0 la communaut\u00e9 carib\u00e9enne et internationale : celui d\u2019une volont\u00e9 assum\u00e9e de b\u00e2tir une trajectoire autonome, sans renier les liens historiques avec les Pays-Bas.<\/span><\/p>\t\t\t\t\t\t\t\t<\/div>\n\t\t\t\t<\/div>\n\t\t\t\t\t<\/div>\n\t\t<\/div>\n\t\t\t\t\t<\/div>\n\t\t<\/section>\n\t\t\t\t<section class=\"elementor-section elementor-top-section elementor-element elementor-element-fc7cf90 elementor-section-boxed elementor-section-height-default elementor-section-height-default\" data-id=\"fc7cf90\" data-element_type=\"section\">\n\t\t\t\t\t\t<div class=\"elementor-container elementor-column-gap-default\">\n\t\t\t\t\t<div class=\"elementor-column elementor-col-100 elementor-top-column elementor-element elementor-element-774f2cf\" data-id=\"774f2cf\" data-element_type=\"column\">\n\t\t\t<div class=\"elementor-widget-wrap elementor-element-populated\">\n\t\t\t\t\t\t<div class=\"elementor-element elementor-element-7fa467e elementor-widget elementor-widget-heading\" data-id=\"7fa467e\" data-element_type=\"widget\" data-widget_type=\"heading.default\">\n\t\t\t\t<div class=\"elementor-widget-container\">\n\t\t\t\t\t<h2 class=\"elementor-heading-title elementor-size-default\">Un choix distinct des autres territoires carib\u00e9ens n\u00e9erlandais<\/h2>\t\t\t\t<\/div>\n\t\t\t\t<\/div>\n\t\t\t\t<div class=\"elementor-element elementor-element-ab845f4 elementor-widget elementor-widget-text-editor\" data-id=\"ab845f4\" data-element_type=\"widget\" data-widget_type=\"text-editor.default\">\n\t\t\t\t<div class=\"elementor-widget-container\">\n\t\t\t\t\t\t\t\t\t<p><span style=\"font-weight: 400;\">Alors que Sint Maarten et Cura\u00e7ao introduisent le Florin carib\u00e9en, d\u2019autres territoires n\u00e9erlandais de la r\u00e9gion \u2014 comme Bonaire, Saba ou Saint-Eustache \u2014 ont fait le choix du dollar am\u00e9ricain. Ces choix refl\u00e8tent des orientations \u00e9conomiques diff\u00e9rentes : stabilit\u00e9 garantie pour les uns, autonomie mon\u00e9taire pour les autres.<\/span><\/p><p><span style=\"font-weight: 400;\">Le positionnement de Cura\u00e7ao et Sint Maarten ouvre la voie \u00e0 une r\u00e9flexion r\u00e9gionale sur les enjeux de souverainet\u00e9 financi\u00e8re dans la Cara\u00efbe.<\/span><\/p>\t\t\t\t\t\t\t\t<\/div>\n\t\t\t\t<\/div>\n\t\t\t\t\t<\/div>\n\t\t<\/div>\n\t\t\t\t\t<\/div>\n\t\t<\/section>\n\t\t\t\t<section class=\"elementor-section elementor-top-section elementor-element elementor-element-433b71e elementor-section-boxed elementor-section-height-default elementor-section-height-default\" data-id=\"433b71e\" data-element_type=\"section\">\n\t\t\t\t\t\t<div class=\"elementor-container elementor-column-gap-default\">\n\t\t\t\t\t<div class=\"elementor-column elementor-col-100 elementor-top-column elementor-element elementor-element-a82d954\" data-id=\"a82d954\" data-element_type=\"column\">\n\t\t\t<div class=\"elementor-widget-wrap elementor-element-populated\">\n\t\t\t\t\t\t<div class=\"elementor-element elementor-element-597c89f elementor-widget elementor-widget-text-editor\" data-id=\"597c89f\" data-element_type=\"widget\" data-widget_type=\"text-editor.default\">\n\t\t\t\t<div class=\"elementor-widget-container\">\n\t\t\t\t\t\t\t\t\t<p><span style=\"font-weight: 400;\">Le Florin carib\u00e9en est bien plus qu\u2019un outil de paiement. Il est le reflet d\u2019une ambition : celle de deux territoires qui affirment leur singularit\u00e9 dans l\u2019espace carib\u00e9en et leur capacit\u00e9 \u00e0 choisir leur avenir mon\u00e9taire.<\/span><\/p><p><span style=\"font-weight: 400;\">Son introduction constitue une \u00e9tape importante dans le processus d\u2019autonomisation engag\u00e9 depuis 2010. Les mois \u00e0 venir seront d\u00e9terminants pour mesurer l\u2019impact r\u00e9el de cette r\u00e9forme sur les \u00e9conomies locales, mais une chose est certaine : cette nouvelle monnaie marque un tournant durable dans l\u2019histoire contemporaine de Cura\u00e7ao et de Sint Maarten.<\/span><\/p>\t\t\t\t\t\t\t\t<\/div>\n\t\t\t\t<\/div>\n\t\t\t\t\t<\/div>\n\t\t<\/div>\n\t\t\t\t\t<\/div>\n\t\t<\/section>\n\t\t\t\t<\/div>\n\t\t","protected":false},"excerpt":{"rendered":"<p>Le Florin carib\u00e9en est officiellement devenu la monnaie de Sint Maarten, partie n\u00e9erlandaise de l\u2019\u00eele de Saint-Martin, ainsi que de Cura\u00e7ao, \u00e0 partir du 1er avril 2025. Il remplace le Florin des Antilles n\u00e9erlandaises, en circulation depuis 1952, soit 73 ans d\u2019histoire mon\u00e9taire. Ce changement marque un tournant majeur dans le cheminement vers l\u2019ind\u00e9pendance \u00e9conomique [&hellip;]<\/p>\n","protected":false},"author":662,"featured_media":48675,"comment_status":"open","ping_status":"open","sticky":false,"template":"","format":"standard","meta":{"_acf_changed":false,"footnotes":""},"categories":[840],"tags":[1650,1443],"class_list":["post-48674","post","type-post","status-publish","format-standard","has-post-thumbnail","hentry","category-actus","tag-curacao","tag-sint-maarten"],"acf":[],"_links":{"self":[{"href":"https:\/\/richeskarayib.com\/fr\/wp-json\/wp\/v2\/posts\/48674","targetHints":{"allow":["GET"]}}],"collection":[{"href":"https:\/\/richeskarayib.com\/fr\/wp-json\/wp\/v2\/posts"}],"about":[{"href":"https:\/\/richeskarayib.com\/fr\/wp-json\/wp\/v2\/types\/post"}],"author":[{"embeddable":true,"href":"https:\/\/richeskarayib.com\/fr\/wp-json\/wp\/v2\/users\/662"}],"replies":[{"embeddable":true,"href":"https:\/\/richeskarayib.com\/fr\/wp-json\/wp\/v2\/comments?post=48674"}],"version-history":[{"count":0,"href":"https:\/\/richeskarayib.com\/fr\/wp-json\/wp\/v2\/posts\/48674\/revisions"}],"wp:featuredmedia":[{"embeddable":true,"href":"https:\/\/richeskarayib.com\/fr\/wp-json\/wp\/v2\/media\/48675"}],"wp:attachment":[{"href":"https:\/\/richeskarayib.com\/fr\/wp-json\/wp\/v2\/media?parent=48674"}],"wp:term":[{"taxonomy":"category","embeddable":true,"href":"https:\/\/richeskarayib.com\/fr\/wp-json\/wp\/v2\/categories?post=48674"},{"taxonomy":"post_tag","embeddable":true,"href":"https:\/\/richeskarayib.com\/fr\/wp-json\/wp\/v2\/tags?post=48674"}],"curies":[{"name":"wp","href":"https:\/\/api.w.org\/{rel}","templated":true}]}}