{"id":48734,"date":"2025-04-12T14:11:53","date_gmt":"2025-04-12T18:11:53","guid":{"rendered":"https:\/\/richeskarayib.com\/?p=48734"},"modified":"2025-04-14T08:25:20","modified_gmt":"2025-04-14T12:25:20","slug":"caraibe-maghic-2-transition-energetique-maritime-farwind-energy","status":"publish","type":"post","link":"https:\/\/richeskarayib.com\/fr\/caraibe-maghic-2-transition-energetique-maritime-farwind-energy\/","title":{"rendered":"Cara\u00efbe \u2013 MAGHIC 2 propulse la transition \u00e9nerg\u00e9tique maritime avec FARWIND Energy"},"content":{"rendered":"\t\t<div data-elementor-type=\"wp-post\" data-elementor-id=\"48734\" class=\"elementor elementor-48734\" data-elementor-post-type=\"post\">\n\t\t\t\t\t\t<section class=\"elementor-section elementor-top-section elementor-element elementor-element-934a1ee elementor-section-boxed elementor-section-height-default elementor-section-height-default\" data-id=\"934a1ee\" data-element_type=\"section\">\n\t\t\t\t\t\t<div class=\"elementor-container elementor-column-gap-default\">\n\t\t\t\t\t<div class=\"elementor-column elementor-col-100 elementor-top-column elementor-element elementor-element-2e5f7ef\" data-id=\"2e5f7ef\" data-element_type=\"column\">\n\t\t\t<div class=\"elementor-widget-wrap elementor-element-populated\">\n\t\t\t\t\t\t<div class=\"elementor-element elementor-element-94db56f elementor-widget elementor-widget-text-editor\" data-id=\"94db56f\" data-element_type=\"widget\" data-widget_type=\"text-editor.default\">\n\t\t\t\t<div class=\"elementor-widget-container\">\n\t\t\t\t\t\t\t\t\t<p class=\"\" data-start=\"279\" data-end=\"497\"><strong data-start=\"279\" data-end=\"497\">Le projet <a href=\"https:\/\/guadeloupe-portcaraibes.com\/projet-maghic-2\/\" target=\"_blank\" rel=\"noopener nofollow\">MAGHIC 2<\/a>, lanc\u00e9 en mars \u00e0 Pointe-\u00e0-Pitre avec le soutien du programme <a href=\"https:\/\/interreg-caraibes.eu\/\" target=\"_blank\" rel=\"noopener nofollow\">INTERREG Cara\u00efbes<\/a>, marque une \u00e9tape d\u00e9cisive dans le d\u00e9veloppement d\u2019une fili\u00e8re maritime d\u00e9carbon\u00e9e adapt\u00e9e aux r\u00e9alit\u00e9s carib\u00e9ennes.<\/strong><\/p><p class=\"\" data-start=\"499\" data-end=\"965\">Alors que les enjeux climatiques exigent des mutations profondes, la Cara\u00efbe affirme sa volont\u00e9 de devenir un territoire pilote en mati\u00e8re de transport maritime durable. C\u2019est dans ce contexte que <strong data-start=\"696\" data-end=\"714\">FARWIND Energy<\/strong>, jeune pousse engag\u00e9e dans la d\u00e9carbonation du transport maritime, coordonne le projet <strong data-start=\"802\" data-end=\"814\">MAGHIC 2<\/strong>, avec pour objectif de structurer une v\u00e9ritable fili\u00e8re industrielle et scientifique autour de la propulsion v\u00e9lique et de l\u2019hydrog\u00e8ne dans la r\u00e9gion.<\/p><p class=\"\" data-start=\"967\" data-end=\"1157\">Financ\u00e9 \u00e0 hauteur de <strong data-start=\"988\" data-end=\"1027\">2,2 millions d\u2019euros de fonds FEDER<\/strong> via INTERREG Cara\u00efbes, MAGHIC 2 incarne une alliance entre innovation technologique, recherche acad\u00e9mique, et ambition r\u00e9gionale.<\/p>\t\t\t\t\t\t\t\t<\/div>\n\t\t\t\t<\/div>\n\t\t\t\t<div class=\"elementor-element elementor-element-f4245e0 elementor-widget elementor-widget-image\" data-id=\"f4245e0\" data-element_type=\"widget\" data-widget_type=\"image.default\">\n\t\t\t\t<div class=\"elementor-widget-container\">\n\t\t\t\t\t\t\t\t\t\t\t\t\t\t\t<img fetchpriority=\"high\" decoding=\"async\" width=\"442\" height=\"442\" src=\"https:\/\/richeskarayib.com\/wp-content\/uploads\/2025\/04\/th.jpeg\" class=\"attachment-large size-large wp-image-48743\" alt=\"\" srcset=\"https:\/\/richeskarayib.com\/wp-content\/uploads\/2025\/04\/th.jpeg 442w, https:\/\/richeskarayib.com\/wp-content\/uploads\/2025\/04\/th-300x300.jpeg 300w, https:\/\/richeskarayib.com\/wp-content\/uploads\/2025\/04\/th-150x150.jpeg 150w\" sizes=\"(max-width: 442px) 100vw, 442px\" \/>\t\t\t\t\t\t\t\t\t\t\t\t\t\t\t<\/div>\n\t\t\t\t<\/div>\n\t\t\t\t\t<\/div>\n\t\t<\/div>\n\t\t\t\t\t<\/div>\n\t\t<\/section>\n\t\t\t\t<section class=\"elementor-section elementor-top-section elementor-element elementor-element-9d33050 elementor-section-boxed elementor-section-height-default elementor-section-height-default\" data-id=\"9d33050\" data-element_type=\"section\">\n\t\t\t\t\t\t<div class=\"elementor-container elementor-column-gap-default\">\n\t\t\t\t\t<div class=\"elementor-column elementor-col-100 elementor-top-column elementor-element elementor-element-c0167d2\" data-id=\"c0167d2\" data-element_type=\"column\">\n\t\t\t<div class=\"elementor-widget-wrap elementor-element-populated\">\n\t\t\t\t\t\t<div class=\"elementor-element elementor-element-4c9ce43 elementor-widget elementor-widget-heading\" data-id=\"4c9ce43\" data-element_type=\"widget\" data-widget_type=\"heading.default\">\n\t\t\t\t<div class=\"elementor-widget-container\">\n\t\t\t\t\t<h2 class=\"elementor-heading-title elementor-size-default\">Une propulsion maritime innovante test\u00e9e en conditions r\u00e9elles<\/h2>\t\t\t\t<\/div>\n\t\t\t\t<\/div>\n\t\t\t\t<div class=\"elementor-element elementor-element-056d260 elementor-widget elementor-widget-text-editor\" data-id=\"056d260\" data-element_type=\"widget\" data-widget_type=\"text-editor.default\">\n\t\t\t\t<div class=\"elementor-widget-container\">\n\t\t\t\t\t\t\t\t\t<p class=\"\" data-start=\"1232\" data-end=\"1640\">Au c\u0153ur du projet MAGHIC 2, la voile rotor d\u00e9velopp\u00e9e par <a href=\"https:\/\/farwind-energy.com\/fr\/\" target=\"_blank\" rel=\"noopener nofollow\">FARWIND Energy<\/a> promet une r\u00e9duction significative des \u00e9missions de CO\u2082, pouvant aller jusqu\u2019\u00e0 <strong data-start=\"1375\" data-end=\"1405\">40 % de carburant en moins<\/strong> pour les navires. Cette technologie, \u00e9prouv\u00e9e dans des environnements maritimes s\u00e9v\u00e8res, ouvre des perspectives concr\u00e8tes pour un transport maritime plus responsable, en phase avec les objectifs climatiques europ\u00e9ens et ceux de l\u2019OMI.<\/p><p class=\"\" data-start=\"1642\" data-end=\"1939\">Mais MAGHIC 2 va plus loin : le projet explore \u00e9galement <strong data-start=\"1699\" data-end=\"1751\">des solutions innovantes de stockage d\u2019hydrog\u00e8ne<\/strong>, \u00e0 terre comme en mer, capables de contenir entre 10 et 100 tonnes, avec un impact foncier r\u00e9duit. Une r\u00e9ponse aux d\u00e9fis logistiques et \u00e9nerg\u00e9tiques sp\u00e9cifiques \u00e0 la g\u00e9ographie insulaire.<\/p>\t\t\t\t\t\t\t\t<\/div>\n\t\t\t\t<\/div>\n\t\t\t\t\t<\/div>\n\t\t<\/div>\n\t\t\t\t\t<\/div>\n\t\t<\/section>\n\t\t\t\t<section class=\"elementor-section elementor-top-section elementor-element elementor-element-580d6d8 elementor-section-boxed elementor-section-height-default elementor-section-height-default\" data-id=\"580d6d8\" data-element_type=\"section\">\n\t\t\t\t\t\t<div class=\"elementor-container elementor-column-gap-default\">\n\t\t\t\t\t<div class=\"elementor-column elementor-col-100 elementor-top-column elementor-element elementor-element-3a04187\" data-id=\"3a04187\" data-element_type=\"column\">\n\t\t\t<div class=\"elementor-widget-wrap elementor-element-populated\">\n\t\t\t\t\t\t<div class=\"elementor-element elementor-element-9345ebe elementor-widget elementor-widget-heading\" data-id=\"9345ebe\" data-element_type=\"widget\" data-widget_type=\"heading.default\">\n\t\t\t\t<div class=\"elementor-widget-container\">\n\t\t\t\t\t<h2 class=\"elementor-heading-title elementor-size-default\">Un r\u00e9seau carib\u00e9en de recherche et d\u2019industrie pour accompagner la transition<\/h2>\t\t\t\t<\/div>\n\t\t\t\t<\/div>\n\t\t\t\t<div class=\"elementor-element elementor-element-1d32776 elementor-widget elementor-widget-text-editor\" data-id=\"1d32776\" data-element_type=\"widget\" data-widget_type=\"text-editor.default\">\n\t\t\t\t<div class=\"elementor-widget-container\">\n\t\t\t\t\t\t\t\t\t<p class=\"\" data-start=\"2029\" data-end=\"2237\">L\u2019une des forces du projet r\u00e9side dans sa capacit\u00e9 \u00e0 cr\u00e9er une dynamique r\u00e9gionale autour des comp\u00e9tences et des savoirs. FARWIND Energy f\u00e9d\u00e8re ainsi un <strong data-start=\"2182\" data-end=\"2219\">r\u00e9seau d\u2019institutions acad\u00e9miques<\/strong> de premier plan :<\/p><ul data-start=\"2239\" data-end=\"2432\"><li class=\"\" data-start=\"2239\" data-end=\"2285\"><p class=\"\" data-start=\"2241\" data-end=\"2285\"><strong data-start=\"2241\" data-end=\"2285\">Caribbean Maritime University (Jama\u00efque)<\/strong><\/p><\/li><li class=\"\" data-start=\"2286\" data-end=\"2323\"><p class=\"\" data-start=\"2288\" data-end=\"2323\"><strong data-start=\"2288\" data-end=\"2323\">Universit\u00e9 de Trinit\u00e9-et-Tobago<\/strong><\/p><\/li><li class=\"\" data-start=\"2324\" data-end=\"2383\"><p class=\"\" data-start=\"2326\" data-end=\"2383\"><strong data-start=\"2326\" data-end=\"2383\">Centro Nacional de Investigaciones Cientificas (Cuba)<\/strong><\/p><\/li><li class=\"\" data-start=\"2384\" data-end=\"2432\"><p class=\"\" data-start=\"2386\" data-end=\"2432\"><strong data-start=\"2386\" data-end=\"2432\">Universidad Autonoma de Campeche (Mexique)<\/strong><\/p><\/li><\/ul>\t\t\t\t\t\t\t\t<\/div>\n\t\t\t\t<\/div>\n\t\t\t\t<div class=\"elementor-element elementor-element-8f1dd80 elementor-widget elementor-widget-text-editor\" data-id=\"8f1dd80\" data-element_type=\"widget\" data-widget_type=\"text-editor.default\">\n\t\t\t\t<div class=\"elementor-widget-container\">\n\t\t\t\t\t\t\t\t\t<p class=\"\" data-start=\"2434\" data-end=\"2615\">Ces \u00e9tablissements concentreront leurs travaux sur la tenue en service des mat\u00e9riaux et l\u2019adaptation des solutions aux conditions climatiques et maritimes sp\u00e9cifiques de la Cara\u00efbe.<\/p><p class=\"\" data-start=\"2617\" data-end=\"2935\">C\u00f4t\u00e9 industriel, la <strong data-start=\"2637\" data-end=\"2693\">SARA (Soci\u00e9t\u00e9 Anonyme de la Raffinerie des Antilles)<\/strong> s\u2019associe au projet pour favoriser le transfert technologique et renforcer les comp\u00e9tences locales. L\u2019ambition est claire : <strong data-start=\"2818\" data-end=\"2855\">structurer un \u00e9cosyst\u00e8me r\u00e9gional<\/strong> p\u00e9renne autour de la propulsion maritime d\u00e9carbon\u00e9e et de la fili\u00e8re hydrog\u00e8ne.<\/p>\t\t\t\t\t\t\t\t<\/div>\n\t\t\t\t<\/div>\n\t\t\t\t<section class=\"elementor-section elementor-inner-section elementor-element elementor-element-c45f632 elementor-section-boxed elementor-section-height-default elementor-section-height-default\" data-id=\"c45f632\" data-element_type=\"section\">\n\t\t\t\t\t\t<div class=\"elementor-container elementor-column-gap-default\">\n\t\t\t\t\t<div class=\"elementor-column elementor-col-50 elementor-inner-column elementor-element elementor-element-bf51d6d\" data-id=\"bf51d6d\" data-element_type=\"column\">\n\t\t\t<div class=\"elementor-widget-wrap elementor-element-populated\">\n\t\t\t\t\t\t<div class=\"elementor-element elementor-element-094d689 elementor-widget elementor-widget-image\" data-id=\"094d689\" data-element_type=\"widget\" data-widget_type=\"image.default\">\n\t\t\t\t<div class=\"elementor-widget-container\">\n\t\t\t\t\t\t\t\t\t\t\t\t\t\t\t<img decoding=\"async\" width=\"262\" height=\"262\" src=\"https:\/\/richeskarayib.com\/wp-content\/uploads\/2025\/04\/OIP.jpeg\" class=\"attachment-large size-large wp-image-48747\" alt=\"MAGHIC 2\" srcset=\"https:\/\/richeskarayib.com\/wp-content\/uploads\/2025\/04\/OIP.jpeg 262w, https:\/\/richeskarayib.com\/wp-content\/uploads\/2025\/04\/OIP-150x150.jpeg 150w\" sizes=\"(max-width: 262px) 100vw, 262px\" \/>\t\t\t\t\t\t\t\t\t\t\t\t\t\t\t<\/div>\n\t\t\t\t<\/div>\n\t\t\t\t\t<\/div>\n\t\t<\/div>\n\t\t\t\t<div class=\"elementor-column elementor-col-50 elementor-inner-column elementor-element elementor-element-5420b50\" data-id=\"5420b50\" data-element_type=\"column\">\n\t\t\t<div class=\"elementor-widget-wrap elementor-element-populated\">\n\t\t\t\t\t\t<div class=\"elementor-element elementor-element-9bb0eb1 elementor-widget elementor-widget-image\" data-id=\"9bb0eb1\" data-element_type=\"widget\" data-widget_type=\"image.default\">\n\t\t\t\t<div class=\"elementor-widget-container\">\n\t\t\t\t\t\t\t\t\t\t\t\t\t\t\t<img decoding=\"async\" width=\"266\" height=\"266\" src=\"https:\/\/richeskarayib.com\/wp-content\/uploads\/2025\/04\/th-1.jpeg\" class=\"attachment-large size-large wp-image-48735\" alt=\"MAGHIC 2\" srcset=\"https:\/\/richeskarayib.com\/wp-content\/uploads\/2025\/04\/th-1.jpeg 266w, https:\/\/richeskarayib.com\/wp-content\/uploads\/2025\/04\/th-1-150x150.jpeg 150w\" sizes=\"(max-width: 266px) 100vw, 266px\" \/>\t\t\t\t\t\t\t\t\t\t\t\t\t\t\t<\/div>\n\t\t\t\t<\/div>\n\t\t\t\t\t<\/div>\n\t\t<\/div>\n\t\t\t\t\t<\/div>\n\t\t<\/section>\n\t\t\t\t\t<\/div>\n\t\t<\/div>\n\t\t\t\t\t<\/div>\n\t\t<\/section>\n\t\t\t\t<section class=\"elementor-section elementor-top-section elementor-element elementor-element-ebc6db7 elementor-section-boxed elementor-section-height-default elementor-section-height-default\" data-id=\"ebc6db7\" data-element_type=\"section\">\n\t\t\t\t\t\t<div class=\"elementor-container elementor-column-gap-default\">\n\t\t\t\t\t<div class=\"elementor-column elementor-col-100 elementor-top-column elementor-element elementor-element-1e26ef7\" data-id=\"1e26ef7\" data-element_type=\"column\">\n\t\t\t<div class=\"elementor-widget-wrap elementor-element-populated\">\n\t\t\t\t\t\t<div class=\"elementor-element elementor-element-efd00c3 elementor-widget elementor-widget-heading\" data-id=\"efd00c3\" data-element_type=\"widget\" data-widget_type=\"heading.default\">\n\t\t\t\t<div class=\"elementor-widget-container\">\n\t\t\t\t\t<h2 class=\"elementor-heading-title elementor-size-default\">Une vision strat\u00e9gique pour la souverainet\u00e9 \u00e9nerg\u00e9tique carib\u00e9enne<\/h2>\t\t\t\t<\/div>\n\t\t\t\t<\/div>\n\t\t\t\t<div class=\"elementor-element elementor-element-5d47195 elementor-widget elementor-widget-text-editor\" data-id=\"5d47195\" data-element_type=\"widget\" data-widget_type=\"text-editor.default\">\n\t\t\t\t<div class=\"elementor-widget-container\">\n\t\t\t\t\t\t\t\t\t<p class=\"\" data-start=\"3014\" data-end=\"3363\">En consolidant un socle de comp\u00e9tences r\u00e9gionales et en misant sur des technologies adapt\u00e9es, <strong data-start=\"3108\" data-end=\"3198\">MAGHIC 2 place la <a href=\"https:\/\/richeskarayib.com\/reinventing-caribbean-culture-challenges-blog\/\" target=\"_blank\" rel=\"noopener\">Cara\u00efbe<\/a> sur la voie d\u2019une transition \u00e9nerg\u00e9tique maritime ambitieuse<\/strong> et coh\u00e9rente. Le projet participe \u00e0 la construction d\u2019une <strong data-start=\"3257\" data-end=\"3285\">souverainet\u00e9 \u00e9nerg\u00e9tique<\/strong> au service de la comp\u00e9titivit\u00e9 et de la r\u00e9silience des territoires carib\u00e9ens.<\/p><p class=\"\" data-start=\"3365\" data-end=\"3610\">\u00ab Ce projet illustre une approche int\u00e9gr\u00e9e combinant innovation, industrialisation et coop\u00e9ration scientifique, et repr\u00e9sente une avanc\u00e9e majeure pour un transport maritime plus durable \u00bb, souligne <strong data-start=\"3563\" data-end=\"3580\">Arnaud Poitou<\/strong>, pr\u00e9sident de FARWIND Energy.<\/p><p class=\"\" data-start=\"3612\" data-end=\"3871\">Lanc\u00e9 en Guadeloupe, <strong data-start=\"3633\" data-end=\"3707\">MAGHIC 2 fait \u00e9merger une <a href=\"https:\/\/richeskarayib.com\/ocean-governance-in-the-greater-caribbean-post\/\" target=\"_blank\" rel=\"noopener\">Cara\u00efbe<\/a> plus intelligente et plus audacieuse<\/strong>, capable d\u2019inventer ses propres r\u00e9ponses aux d\u00e9fis \u00e9nerg\u00e9tiques mondiaux tout en valorisant ses ressources naturelles, son savoir-faire et sa position strat\u00e9gique.<\/p>\t\t\t\t\t\t\t\t<\/div>\n\t\t\t\t<\/div>\n\t\t\t\t\t<\/div>\n\t\t<\/div>\n\t\t\t\t\t<\/div>\n\t\t<\/section>\n\t\t\t\t<\/div>\n\t\t","protected":false},"excerpt":{"rendered":"<p>Le projet MAGHIC 2, lanc\u00e9 en mars \u00e0 Pointe-\u00e0-Pitre avec le soutien du programme INTERREG Cara\u00efbes, marque une \u00e9tape d\u00e9cisive dans le d\u00e9veloppement d\u2019une fili\u00e8re maritime d\u00e9carbon\u00e9e adapt\u00e9e aux r\u00e9alit\u00e9s carib\u00e9ennes. Alors que les enjeux climatiques exigent des mutations profondes, la Cara\u00efbe affirme sa volont\u00e9 de devenir un territoire pilote en mati\u00e8re de transport maritime [&hellip;]<\/p>\n","protected":false},"author":47,"featured_media":48824,"comment_status":"open","ping_status":"open","sticky":false,"template":"","format":"standard","meta":{"_acf_changed":false,"footnotes":""},"categories":[840,1723],"tags":[1573,1545,1566,1696],"class_list":["post-48734","post","type-post","status-publish","format-standard","has-post-thumbnail","hentry","category-actus","category-maritime-fr","tag-cuba-fr","tag-guadeloupe-2","tag-mexique-fr","tag-trinidad-tobago-fr"],"acf":[],"_links":{"self":[{"href":"https:\/\/richeskarayib.com\/fr\/wp-json\/wp\/v2\/posts\/48734","targetHints":{"allow":["GET"]}}],"collection":[{"href":"https:\/\/richeskarayib.com\/fr\/wp-json\/wp\/v2\/posts"}],"about":[{"href":"https:\/\/richeskarayib.com\/fr\/wp-json\/wp\/v2\/types\/post"}],"author":[{"embeddable":true,"href":"https:\/\/richeskarayib.com\/fr\/wp-json\/wp\/v2\/users\/47"}],"replies":[{"embeddable":true,"href":"https:\/\/richeskarayib.com\/fr\/wp-json\/wp\/v2\/comments?post=48734"}],"version-history":[{"count":0,"href":"https:\/\/richeskarayib.com\/fr\/wp-json\/wp\/v2\/posts\/48734\/revisions"}],"wp:featuredmedia":[{"embeddable":true,"href":"https:\/\/richeskarayib.com\/fr\/wp-json\/wp\/v2\/media\/48824"}],"wp:attachment":[{"href":"https:\/\/richeskarayib.com\/fr\/wp-json\/wp\/v2\/media?parent=48734"}],"wp:term":[{"taxonomy":"category","embeddable":true,"href":"https:\/\/richeskarayib.com\/fr\/wp-json\/wp\/v2\/categories?post=48734"},{"taxonomy":"post_tag","embeddable":true,"href":"https:\/\/richeskarayib.com\/fr\/wp-json\/wp\/v2\/tags?post=48734"}],"curies":[{"name":"wp","href":"https:\/\/api.w.org\/{rel}","templated":true}]}}