{"id":48752,"date":"2025-04-12T15:01:47","date_gmt":"2025-04-12T19:01:47","guid":{"rendered":"https:\/\/richeskarayib.com\/?p=48752"},"modified":"2025-05-08T09:27:44","modified_gmt":"2025-05-08T13:27:44","slug":"suriname-protection-tortues-marines-gouvernance-regionale-oceans","status":"publish","type":"post","link":"https:\/\/richeskarayib.com\/fr\/suriname-protection-tortues-marines-gouvernance-regionale-oceans\/","title":{"rendered":"Suriname \u2013 Renforcer la protection des tortues marines gr\u00e2ce \u00e0 une gouvernance r\u00e9gionale des oc\u00e9ans"},"content":{"rendered":"\t\t<div data-elementor-type=\"wp-post\" data-elementor-id=\"48752\" class=\"elementor elementor-48752\" data-elementor-post-type=\"post\">\n\t\t\t\t\t\t<section class=\"elementor-section elementor-top-section elementor-element elementor-element-934a1ee elementor-section-boxed elementor-section-height-default elementor-section-height-default\" data-id=\"934a1ee\" data-element_type=\"section\">\n\t\t\t\t\t\t<div class=\"elementor-container elementor-column-gap-default\">\n\t\t\t\t\t<div class=\"elementor-column elementor-col-100 elementor-top-column elementor-element elementor-element-2e5f7ef\" data-id=\"2e5f7ef\" data-element_type=\"column\">\n\t\t\t<div class=\"elementor-widget-wrap elementor-element-populated\">\n\t\t\t\t\t\t<div class=\"elementor-element elementor-element-94db56f elementor-widget elementor-widget-text-editor\" data-id=\"94db56f\" data-element_type=\"widget\" data-widget_type=\"text-editor.default\">\n\t\t\t\t<div class=\"elementor-widget-container\">\n\t\t\t\t\t\t\t\t\t<p class=\"\" data-start=\"279\" data-end=\"497\"><strong data-start=\"3236\" data-end=\"3339\">Renforcer la protection des tortues marines gr\u00e2ce \u00e0 une gouvernance r\u00e9gionale des oc\u00e9ans<\/strong> a \u00e9t\u00e9 l\u2019un des enjeux majeurs de la r\u00e9union annuelle 2025 du r\u00e9seau <a href=\"https:\/\/www.widecast.org\/\" target=\"_blank\" rel=\"noopener nofollow\">WIDECAST<\/a>, qui s\u2019est tenue \u00e0 <a href=\"https:\/\/richeskarayib.com\/fr\/forum-sur-le-commerce-et-les-affaires\/\" target=\"_blank\" rel=\"noopener\">Saint-Kitts-et-Nevis<\/a>. \u00c0 cette occasion, des experts marins et des acteurs de la conservation issus de la Grande Cara\u00efbe, d\u2019Australie et des Pays-Bas ont uni leurs voix pour approfondir la coop\u00e9ration r\u00e9gionale autour de la protection des tortues marines, avec un r\u00f4le central jou\u00e9 par le Suriname et les Guyanes.<\/p>\t\t\t\t\t\t\t\t<\/div>\n\t\t\t\t<\/div>\n\t\t\t\t<div class=\"elementor-element elementor-element-f4245e0 elementor-widget elementor-widget-image\" data-id=\"f4245e0\" data-element_type=\"widget\" data-widget_type=\"image.default\">\n\t\t\t\t<div class=\"elementor-widget-container\">\n\t\t\t\t\t\t\t\t\t\t\t\t\t\t\t<img fetchpriority=\"high\" decoding=\"async\" width=\"800\" height=\"370\" src=\"https:\/\/richeskarayib.com\/wp-content\/uploads\/2025\/04\/1743105385295.jpeg\" class=\"attachment-large size-large wp-image-48758\" alt=\"tortues marines\" srcset=\"https:\/\/richeskarayib.com\/wp-content\/uploads\/2025\/04\/1743105385295.jpeg 800w, https:\/\/richeskarayib.com\/wp-content\/uploads\/2025\/04\/1743105385295-300x139.jpeg 300w, https:\/\/richeskarayib.com\/wp-content\/uploads\/2025\/04\/1743105385295-768x355.jpeg 768w\" sizes=\"(max-width: 800px) 100vw, 800px\" \/>\t\t\t\t\t\t\t\t\t\t\t\t\t\t\t<\/div>\n\t\t\t\t<\/div>\n\t\t\t\t\t<\/div>\n\t\t<\/div>\n\t\t\t\t\t<\/div>\n\t\t<\/section>\n\t\t\t\t<section class=\"elementor-section elementor-top-section elementor-element elementor-element-9d33050 elementor-section-boxed elementor-section-height-default elementor-section-height-default\" data-id=\"9d33050\" data-element_type=\"section\">\n\t\t\t\t\t\t<div class=\"elementor-container elementor-column-gap-default\">\n\t\t\t\t\t<div class=\"elementor-column elementor-col-100 elementor-top-column elementor-element elementor-element-c0167d2\" data-id=\"c0167d2\" data-element_type=\"column\">\n\t\t\t<div class=\"elementor-widget-wrap elementor-element-populated\">\n\t\t\t\t\t\t<div class=\"elementor-element elementor-element-4c9ce43 elementor-widget elementor-widget-heading\" data-id=\"4c9ce43\" data-element_type=\"widget\" data-widget_type=\"heading.default\">\n\t\t\t\t<div class=\"elementor-widget-container\">\n\t\t\t\t\t<h2 class=\"elementor-heading-title elementor-size-default\">Un engagement partag\u00e9 pour les tortues marines de la Cara\u00efbe<\/h2>\t\t\t\t<\/div>\n\t\t\t\t<\/div>\n\t\t\t\t<div class=\"elementor-element elementor-element-056d260 elementor-widget elementor-widget-text-editor\" data-id=\"056d260\" data-element_type=\"widget\" data-widget_type=\"text-editor.default\">\n\t\t\t\t<div class=\"elementor-widget-container\">\n\t\t\t\t\t\t\t\t\t<p class=\"\" data-start=\"3821\" data-end=\"4239\">Organis\u00e9e en mars au St. Kitts Marriott Resort, l\u2019AGM 2025 de WIDECAST a r\u00e9uni plus de 80 participants engag\u00e9s dans la conservation marine. L\u2019\u00e9v\u00e9nement a permis de faire le point sur les actions nationales, de partager des donn\u00e9es scientifiques et d\u2019avancer collectivement sur des projets phares comme le <em data-start=\"4135\" data-end=\"4167\">Blue Corridors for Sea Turtles<\/em>, centr\u00e9 sur la pr\u00e9servation des routes migratoires des tortues marines et le plan d&#8217;action r\u00e9gional (PAR) pour la tortue luth de l&#8217;Atlantique Nord-Ouest (NWA) pour les Cara\u00efbes \u00e9largies, ax\u00e9 sur la protection de la tortue luth dans cette r\u00e9gion.<\/p><p class=\"\" data-start=\"4241\" data-end=\"4539\">Les ateliers ont abord\u00e9 des th\u00e8mes fondamentaux : lutte contre le commerce ill\u00e9gal, autopsie des tortues marines, sant\u00e9 marine, et usage de la plateforme EarthRanger pour le suivi des esp\u00e8ces. Ces \u00e9changes ont illustr\u00e9 le r\u00f4le clef de WIDECAST comme r\u00e9seau reliant actions locales et strat\u00e9gies r\u00e9gionales.<\/p>\t\t\t\t\t\t\t\t<\/div>\n\t\t\t\t<\/div>\n\t\t\t\t\t<\/div>\n\t\t<\/div>\n\t\t\t\t\t<\/div>\n\t\t<\/section>\n\t\t\t\t<section class=\"elementor-section elementor-top-section elementor-element elementor-element-580d6d8 elementor-section-boxed elementor-section-height-default elementor-section-height-default\" data-id=\"580d6d8\" data-element_type=\"section\">\n\t\t\t\t\t\t<div class=\"elementor-container elementor-column-gap-default\">\n\t\t\t\t\t<div class=\"elementor-column elementor-col-100 elementor-top-column elementor-element elementor-element-3a04187\" data-id=\"3a04187\" data-element_type=\"column\">\n\t\t\t<div class=\"elementor-widget-wrap elementor-element-populated\">\n\t\t\t\t\t\t<div class=\"elementor-element elementor-element-9345ebe elementor-widget elementor-widget-heading\" data-id=\"9345ebe\" data-element_type=\"widget\" data-widget_type=\"heading.default\">\n\t\t\t\t<div class=\"elementor-widget-container\">\n\t\t\t\t\t<h2 class=\"elementor-heading-title elementor-size-default\">Le Suriname et les Guyanes en action<\/h2>\t\t\t\t<\/div>\n\t\t\t\t<\/div>\n\t\t\t\t<div class=\"elementor-element elementor-element-fc708ab elementor-widget elementor-widget-image\" data-id=\"fc708ab\" data-element_type=\"widget\" data-widget_type=\"image.default\">\n\t\t\t\t<div class=\"elementor-widget-container\">\n\t\t\t\t\t\t\t\t\t\t\t\t\t\t\t<img decoding=\"async\" width=\"800\" height=\"935\" src=\"https:\/\/richeskarayib.com\/wp-content\/uploads\/2025\/04\/1306068-Guyana_-_Suriname.HD_-876x1024.jpg\" class=\"attachment-large size-large wp-image-50813\" alt=\"sea turtle\" srcset=\"https:\/\/richeskarayib.com\/wp-content\/uploads\/2025\/04\/1306068-Guyana_-_Suriname.HD_-876x1024.jpg 876w, https:\/\/richeskarayib.com\/wp-content\/uploads\/2025\/04\/1306068-Guyana_-_Suriname.HD_-257x300.jpg 257w, https:\/\/richeskarayib.com\/wp-content\/uploads\/2025\/04\/1306068-Guyana_-_Suriname.HD_-768x898.jpg 768w, https:\/\/richeskarayib.com\/wp-content\/uploads\/2025\/04\/1306068-Guyana_-_Suriname.HD_.jpg 1183w\" sizes=\"(max-width: 800px) 100vw, 800px\" \/>\t\t\t\t\t\t\t\t\t\t\t\t\t\t\t<\/div>\n\t\t\t\t<\/div>\n\t\t\t\t<div class=\"elementor-element elementor-element-1d32776 elementor-widget elementor-widget-text-editor\" data-id=\"1d32776\" data-element_type=\"widget\" data-widget_type=\"text-editor.default\">\n\t\t\t\t<div class=\"elementor-widget-container\">\n\t\t\t\t\t\t\t\t\t<p class=\"\" data-start=\"4588\" data-end=\"4874\">En tant que coordinateur des oc\u00e9ans pour le WWF-Guianes et coordinateur national r\u00e9f\u00e9rent de WIDECAST au Suriname, l&#8217;orateur a pr\u00e9sent\u00e9 un expos\u00e9 intitul\u00e9 \u00ab Transformer la gouvernance r\u00e9gionale des oc\u00e9ans en luttant contre la p\u00eache INN et en prot\u00e9geant les tortues marines dans les Guyanes \u00bb.<\/p><p class=\"\" data-start=\"4588\" data-end=\"4874\">Sa pr\u00e9sentation a mis en lumi\u00e8re l&#8217;un des principaux d\u00e9fis du d\u00e9clin de la tortue luth, \u00e0 savoir la p\u00eache illicite, non d\u00e9clar\u00e9e et non r\u00e9glement\u00e9e (INN), ainsi que les efforts entrepris pour y rem\u00e9dier, notamment :<\/p><ul data-start=\"5043\" data-end=\"5385\"><li class=\"\" data-start=\"5043\" data-end=\"5102\"><p class=\"\" data-start=\"5045\" data-end=\"5102\">Le renforcement des cadres de gouvernance de la p\u00eache ;<\/p><\/li><li class=\"\" data-start=\"5103\" data-end=\"5178\"><p class=\"\" data-start=\"5105\" data-end=\"5178\">La surveillance renforc\u00e9e et le partage d\u2019informations sur le terrain ;<\/p><\/li><li class=\"\" data-start=\"5179\" data-end=\"5246\"><p class=\"\" data-start=\"5181\" data-end=\"5246\">La protection des plages de ponte et des couloirs migratoires ;<\/p><\/li><li class=\"\" data-start=\"5247\" data-end=\"5302\"><p class=\"\" data-start=\"5249\" data-end=\"5302\">L\u2019adaptation aux impacts du changement climatique ;<\/p><\/li><li class=\"\" data-start=\"5303\" data-end=\"5385\"><p class=\"\" data-start=\"5305\" data-end=\"5385\">L\u2019actualisation du Plan de R\u00e9cup\u00e9ration des Tortues Marines du Suriname (STRAP).<\/p><\/li><\/ul><p class=\"\" data-start=\"5387\" data-end=\"5527\">Les Guyanes se positionnent ainsi comme des territoires moteurs pour une gouvernance des oc\u00e9ans durable et concert\u00e9e \u00e0 l\u2019\u00e9chelle carib\u00e9enne.<\/p>\t\t\t\t\t\t\t\t<\/div>\n\t\t\t\t<\/div>\n\t\t\t\t<div class=\"elementor-element elementor-element-6b7f26f elementor-widget elementor-widget-image\" data-id=\"6b7f26f\" data-element_type=\"widget\" data-widget_type=\"image.default\">\n\t\t\t\t<div class=\"elementor-widget-container\">\n\t\t\t\t\t\t\t\t\t\t\t\t\t\t\t<img decoding=\"async\" width=\"800\" height=\"600\" src=\"https:\/\/richeskarayib.com\/wp-content\/uploads\/2025\/04\/1743105432005.jpeg\" class=\"attachment-large size-large wp-image-48754\" alt=\"tortues marines\" srcset=\"https:\/\/richeskarayib.com\/wp-content\/uploads\/2025\/04\/1743105432005.jpeg 800w, https:\/\/richeskarayib.com\/wp-content\/uploads\/2025\/04\/1743105432005-300x225.jpeg 300w, https:\/\/richeskarayib.com\/wp-content\/uploads\/2025\/04\/1743105432005-768x576.jpeg 768w\" sizes=\"(max-width: 800px) 100vw, 800px\" \/>\t\t\t\t\t\t\t\t\t\t\t\t\t\t\t<\/div>\n\t\t\t\t<\/div>\n\t\t\t\t\t<\/div>\n\t\t<\/div>\n\t\t\t\t\t<\/div>\n\t\t<\/section>\n\t\t\t\t<section class=\"elementor-section elementor-top-section elementor-element elementor-element-ebc6db7 elementor-section-boxed elementor-section-height-default elementor-section-height-default\" data-id=\"ebc6db7\" data-element_type=\"section\">\n\t\t\t\t\t\t<div class=\"elementor-container elementor-column-gap-default\">\n\t\t\t\t\t<div class=\"elementor-column elementor-col-100 elementor-top-column elementor-element elementor-element-1e26ef7\" data-id=\"1e26ef7\" data-element_type=\"column\">\n\t\t\t<div class=\"elementor-widget-wrap elementor-element-populated\">\n\t\t\t\t\t\t<div class=\"elementor-element elementor-element-efd00c3 elementor-widget elementor-widget-heading\" data-id=\"efd00c3\" data-element_type=\"widget\" data-widget_type=\"heading.default\">\n\t\t\t\t<div class=\"elementor-widget-container\">\n\t\t\t\t\t<h2 class=\"elementor-heading-title elementor-size-default\">Une action locale pour un impact r\u00e9gional<\/h2>\t\t\t\t<\/div>\n\t\t\t\t<\/div>\n\t\t\t\t<div class=\"elementor-element elementor-element-5d47195 elementor-widget elementor-widget-text-editor\" data-id=\"5d47195\" data-element_type=\"widget\" data-widget_type=\"text-editor.default\">\n\t\t\t\t<div class=\"elementor-widget-container\">\n\t\t\t\t\t\t\t\t\t<p class=\"\" data-start=\"5581\" data-end=\"5820\">L\u2019intervention du Suriname a soulign\u00e9 combien les menaces pesant sur la biodiversit\u00e9 marine d\u00e9passent les fronti\u00e8res. La conservation des tortues marines, esp\u00e8ce migratoire par excellence, appelle des r\u00e9ponses coordonn\u00e9es et transversales.<\/p><p class=\"\" data-start=\"5822\" data-end=\"6139\">Cette dynamique est illustr\u00e9e par le plan d&#8217;action r\u00e9gional (PAR) pour l&#8217;Atlantique du Nord-Ouest (NWA) pour les Cara\u00efbes \u00e9largies et le projet Corridors bleus, ainsi que par les engagements pris collectivement. Dans un contexte de pression croissante sur les \u00e9cosyst\u00e8mes marins, le futur de la conservation passera par une coop\u00e9ration renforc\u00e9e, des d\u00e9cisions fond\u00e9es sur la science et un v\u00e9ritable sens du bien commun.<\/p>\t\t\t\t\t\t\t\t<\/div>\n\t\t\t\t<\/div>\n\t\t\t\t\t<\/div>\n\t\t<\/div>\n\t\t\t\t\t<\/div>\n\t\t<\/section>\n\t\t\t\t<\/div>\n\t\t","protected":false},"excerpt":{"rendered":"<p>Renforcer la protection des tortues marines gr\u00e2ce \u00e0 une gouvernance r\u00e9gionale des oc\u00e9ans a \u00e9t\u00e9 l\u2019un des enjeux majeurs de la r\u00e9union annuelle 2025 du r\u00e9seau WIDECAST, qui s\u2019est tenue \u00e0 Saint-Kitts-et-Nevis. \u00c0 cette occasion, des experts marins et des acteurs de la conservation issus de la Grande Cara\u00efbe, d\u2019Australie et des Pays-Bas ont uni [&hellip;]<\/p>\n","protected":false},"author":47,"featured_media":48766,"comment_status":"open","ping_status":"open","sticky":false,"template":"","format":"standard","meta":{"_acf_changed":false,"footnotes":""},"categories":[1723],"tags":[1653,1544,1635],"class_list":["post-48752","post","type-post","status-publish","format-standard","has-post-thumbnail","hentry","category-maritime-fr","tag-guyana-2","tag-guyane-2","tag-suriname-2"],"acf":[],"_links":{"self":[{"href":"https:\/\/richeskarayib.com\/fr\/wp-json\/wp\/v2\/posts\/48752","targetHints":{"allow":["GET"]}}],"collection":[{"href":"https:\/\/richeskarayib.com\/fr\/wp-json\/wp\/v2\/posts"}],"about":[{"href":"https:\/\/richeskarayib.com\/fr\/wp-json\/wp\/v2\/types\/post"}],"author":[{"embeddable":true,"href":"https:\/\/richeskarayib.com\/fr\/wp-json\/wp\/v2\/users\/47"}],"replies":[{"embeddable":true,"href":"https:\/\/richeskarayib.com\/fr\/wp-json\/wp\/v2\/comments?post=48752"}],"version-history":[{"count":0,"href":"https:\/\/richeskarayib.com\/fr\/wp-json\/wp\/v2\/posts\/48752\/revisions"}],"wp:featuredmedia":[{"embeddable":true,"href":"https:\/\/richeskarayib.com\/fr\/wp-json\/wp\/v2\/media\/48766"}],"wp:attachment":[{"href":"https:\/\/richeskarayib.com\/fr\/wp-json\/wp\/v2\/media?parent=48752"}],"wp:term":[{"taxonomy":"category","embeddable":true,"href":"https:\/\/richeskarayib.com\/fr\/wp-json\/wp\/v2\/categories?post=48752"},{"taxonomy":"post_tag","embeddable":true,"href":"https:\/\/richeskarayib.com\/fr\/wp-json\/wp\/v2\/tags?post=48752"}],"curies":[{"name":"wp","href":"https:\/\/api.w.org\/{rel}","templated":true}]}}