{"id":48886,"date":"2025-04-15T08:17:45","date_gmt":"2025-04-15T12:17:45","guid":{"rendered":"https:\/\/richeskarayib.com\/?p=48886"},"modified":"2025-05-05T06:12:06","modified_gmt":"2025-05-05T10:12:06","slug":"accord-bilateral-de-services-aeriens","status":"publish","type":"post","link":"https:\/\/richeskarayib.com\/fr\/accord-bilateral-de-services-aeriens\/","title":{"rendered":"Accord Bilat\u00e9ral de Services A\u00e9riens entre Trinidad\u00a0&#038;\u00a0Tobago et le Nig\u00e9ria : Un Nouveau Pont entre l\u2019Afrique et la Cara\u00efbe"},"content":{"rendered":"\t\t<div data-elementor-type=\"wp-post\" data-elementor-id=\"48886\" class=\"elementor elementor-48886\" data-elementor-post-type=\"post\">\n\t\t\t\t\t\t<section class=\"elementor-section elementor-top-section elementor-element elementor-element-9be5ad7 elementor-section-boxed elementor-section-height-default elementor-section-height-default\" data-id=\"9be5ad7\" data-element_type=\"section\">\n\t\t\t\t\t\t<div class=\"elementor-container elementor-column-gap-default\">\n\t\t\t\t\t<div class=\"elementor-column elementor-col-100 elementor-top-column elementor-element elementor-element-76aecaa\" data-id=\"76aecaa\" data-element_type=\"column\">\n\t\t\t<div class=\"elementor-widget-wrap elementor-element-populated\">\n\t\t\t\t\t\t<div class=\"elementor-element elementor-element-fc48138 elementor-widget elementor-widget-text-editor\" data-id=\"fc48138\" data-element_type=\"widget\" data-widget_type=\"text-editor.default\">\n\t\t\t\t<div class=\"elementor-widget-container\">\n\t\t\t\t\t\t\t\t\t<p><span style=\"font-weight: 400;\">L\u2019<a href=\"https:\/\/www.loopnews.com\/content\/tt-nigeria-sign-bilateral-air-services-agreement\/\" target=\"_blank\" rel=\"noopener nofollow\">Accord Bilat\u00e9ral de Services A\u00e9riens entre Trinit\u00e9-et-Tobago et le Nig\u00e9ria<\/a> marque une \u00e9tape historique dans les relations entre ces deux nations, ouvrant la voie \u00e0 des vols directs et \u00e0 une coop\u00e9ration renforc\u00e9e entre l\u2019Afrique de l\u2019Ouest et la Cara\u00efbe. Ce partenariat, fruit de plus de vingt ans de discussions, promet de transformer la connectivit\u00e9, le commerce, le tourisme et les \u00e9changes culturels entre les deux r\u00e9gions.<\/span><\/p>\t\t\t\t\t\t\t\t<\/div>\n\t\t\t\t<\/div>\n\t\t\t\t\t<\/div>\n\t\t<\/div>\n\t\t\t\t\t<\/div>\n\t\t<\/section>\n\t\t\t\t<section class=\"elementor-section elementor-top-section elementor-element elementor-element-889dceb elementor-section-boxed elementor-section-height-default elementor-section-height-default\" data-id=\"889dceb\" data-element_type=\"section\">\n\t\t\t\t\t\t<div class=\"elementor-container elementor-column-gap-default\">\n\t\t\t\t\t<div class=\"elementor-column elementor-col-100 elementor-top-column elementor-element elementor-element-cb266eb\" data-id=\"cb266eb\" data-element_type=\"column\">\n\t\t\t<div class=\"elementor-widget-wrap elementor-element-populated\">\n\t\t\t\t\t\t<div class=\"elementor-element elementor-element-8edf822 elementor-widget elementor-widget-heading\" data-id=\"8edf822\" data-element_type=\"widget\" data-widget_type=\"heading.default\">\n\t\t\t\t<div class=\"elementor-widget-container\">\n\t\t\t\t\t<h2 class=\"elementor-heading-title elementor-size-default\">Gen\u00e8se de l\u2019Accord : deux d\u00e9cennies de n\u00e9gociations<\/h2>\t\t\t\t<\/div>\n\t\t\t\t<\/div>\n\t\t\t\t<div class=\"elementor-element elementor-element-6d1f975 elementor-widget elementor-widget-text-editor\" data-id=\"6d1f975\" data-element_type=\"widget\" data-widget_type=\"text-editor.default\">\n\t\t\t\t<div class=\"elementor-widget-container\">\n\t\t\t\t\t\t\t\t\t<h3><b>Les premiers pas diplomatiques<\/b><\/h3><p><b><br \/><\/b><span style=\"font-weight: 400;\">L\u2019<a href=\"https:\/\/www.thecable.ng\/nigeria-trinidad-and-tobago-sign-direct-flight-agreement\/\" target=\"_blank\" rel=\"noopener nofollow\">Accord Bilat\u00e9ral de Services A\u00e9riens entre Trinit\u00e9-et-Tobago<\/a> et le Nig\u00e9ria ne date pas d\u2019hier. D\u00e8s la fin des ann\u00e9es 1990, sous la pr\u00e9sidence d\u2019Olusegun Obasanjo, les deux pays ont entam\u00e9 des discussions pour \u00e9tablir un lien direct entre leurs peuples et leurs \u00e9conomies. Pendant plus de vingt ans, diplomates, techniciens et responsables politiques ont travaill\u00e9 dans l\u2019ombre pour poser les bases d\u2019une coop\u00e9ration a\u00e9rienne durable.<\/span><\/p>\t\t\t\t\t\t\t\t<\/div>\n\t\t\t\t<\/div>\n\t\t\t\t<div class=\"elementor-element elementor-element-761bcdb elementor-widget elementor-widget-text-editor\" data-id=\"761bcdb\" data-element_type=\"widget\" data-widget_type=\"text-editor.default\">\n\t\t\t\t<div class=\"elementor-widget-container\">\n\t\t\t\t\t\t\t\t\t<h3><b>Un accord attendu depuis 22 Ans<\/b><\/h3><p><b><br \/><\/b><span style=\"font-weight: 400;\">Ce n\u2019est que le 14 avril 2025, lors d\u2019une c\u00e9r\u00e9monie officielle au salon VIP de l\u2019a\u00e9roport international de Piarco, que le ministre des Travaux et des Transports de Trinit\u00e9-et-Tobago, Rohan Sinanan, et son homologue nig\u00e9rian de l\u2019Aviation et du D\u00e9veloppement a\u00e9rospatial, Festus Keyamo, ont sign\u00e9 l&#8217;accord tant attendu. Cet \u00e9v\u00e9nement met fin \u00e0 22 ans d\u2019attente et concr\u00e9tise une vision commune de rapprochement.<\/span><\/p>\t\t\t\t\t\t\t\t<\/div>\n\t\t\t\t<\/div>\n\t\t\t\t<section class=\"elementor-section elementor-inner-section elementor-element elementor-element-af6e50d elementor-section-boxed elementor-section-height-default elementor-section-height-default\" data-id=\"af6e50d\" data-element_type=\"section\">\n\t\t\t\t\t\t<div class=\"elementor-container elementor-column-gap-default\">\n\t\t\t\t\t<div class=\"elementor-column elementor-col-100 elementor-inner-column elementor-element elementor-element-26c50b5\" data-id=\"26c50b5\" data-element_type=\"column\">\n\t\t\t<div class=\"elementor-widget-wrap elementor-element-populated\">\n\t\t\t\t\t\t<div class=\"elementor-element elementor-element-fd47632 elementor-widget elementor-widget-image\" data-id=\"fd47632\" data-element_type=\"widget\" data-widget_type=\"image.default\">\n\t\t\t\t<div class=\"elementor-widget-container\">\n\t\t\t\t\t\t\t\t\t\t\t\t\t\t\t<img fetchpriority=\"high\" decoding=\"async\" width=\"715\" height=\"399\" src=\"https:\/\/richeskarayib.com\/wp-content\/uploads\/2025\/04\/Nigeria-Trinidad-and-Tobago-Sign-Historic-Bilateral-Air-Services-Agreement.jpg\" class=\"attachment-large size-large wp-image-48891\" alt=\"Accord Bilat\u00e9ral de Services A\u00e9riens\" srcset=\"https:\/\/richeskarayib.com\/wp-content\/uploads\/2025\/04\/Nigeria-Trinidad-and-Tobago-Sign-Historic-Bilateral-Air-Services-Agreement.jpg 715w, https:\/\/richeskarayib.com\/wp-content\/uploads\/2025\/04\/Nigeria-Trinidad-and-Tobago-Sign-Historic-Bilateral-Air-Services-Agreement-300x167.jpg 300w\" sizes=\"(max-width: 715px) 100vw, 715px\" \/>\t\t\t\t\t\t\t\t\t\t\t\t\t\t\t<\/div>\n\t\t\t\t<\/div>\n\t\t\t\t\t<\/div>\n\t\t<\/div>\n\t\t\t\t\t<\/div>\n\t\t<\/section>\n\t\t\t\t\t<\/div>\n\t\t<\/div>\n\t\t\t\t\t<\/div>\n\t\t<\/section>\n\t\t\t\t<section class=\"elementor-section elementor-top-section elementor-element elementor-element-a1f25d1 elementor-section-boxed elementor-section-height-default elementor-section-height-default\" data-id=\"a1f25d1\" data-element_type=\"section\">\n\t\t\t\t\t\t<div class=\"elementor-container elementor-column-gap-default\">\n\t\t\t\t\t<div class=\"elementor-column elementor-col-100 elementor-top-column elementor-element elementor-element-9e15345\" data-id=\"9e15345\" data-element_type=\"column\">\n\t\t\t<div class=\"elementor-widget-wrap elementor-element-populated\">\n\t\t\t\t\t\t<div class=\"elementor-element elementor-element-96b9015 elementor-widget elementor-widget-heading\" data-id=\"96b9015\" data-element_type=\"widget\" data-widget_type=\"heading.default\">\n\t\t\t\t<div class=\"elementor-widget-container\">\n\t\t\t\t\t<h2 class=\"elementor-heading-title elementor-size-default\">Les d\u00e9tails de l\u2019accord bilat\u00e9ral de services a\u00e9riens<\/h2>\t\t\t\t<\/div>\n\t\t\t\t<\/div>\n\t\t\t\t<div class=\"elementor-element elementor-element-8aab9f0 elementor-widget elementor-widget-text-editor\" data-id=\"8aab9f0\" data-element_type=\"widget\" data-widget_type=\"text-editor.default\">\n\t\t\t\t<div class=\"elementor-widget-container\">\n\t\t\t\t\t\t\t\t\t<h3><b>Droits et avantages pour les compagnies a\u00e9riennes<\/b><\/h3><p><b><br \/><\/b>L<b>\u2019<\/b><span style=\"font-weight: 400;\"><a href=\"https:\/\/www.arise.tv\/nigeria-trinidad-and-tobago-sign-historic-bilateral-air-services-agreement\/\" target=\"_blank\" rel=\"noopener nofollow\">Accord Bilat\u00e9ral de Services A\u00e9riens entre Trinit\u00e9-et-Tobago et le Nig\u00e9ria<\/a> donne aux compagnies d\u00e9sign\u00e9es de chaque pays le droit d\u2019op\u00e9rer des vols passagers et fret entre les deux territoires. Elles pourront \u00e9tablir des partenariats commerciaux, acc\u00e9der aux infrastructures a\u00e9roportuaires de l\u2019autre \u00c9tat, et proposer des liaisons r\u00e9guli\u00e8res ou saisonni\u00e8res selon la demande.<\/span><\/p>\t\t\t\t\t\t\t\t<\/div>\n\t\t\t\t<\/div>\n\t\t\t\t<div class=\"elementor-element elementor-element-f44b1dd elementor-widget elementor-widget-text-editor\" data-id=\"f44b1dd\" data-element_type=\"widget\" data-widget_type=\"text-editor.default\">\n\t\t\t\t<div class=\"elementor-widget-container\">\n\t\t\t\t\t\t\t\t\t<h3><b>Facilitation des vols directs et du fret<\/b><\/h3><p><b><br \/><\/b><span style=\"font-weight: 400;\">Gr\u00e2ce \u00e0 cette nouvelle entente, il sera d\u00e9sormais possible de voyager directement entre Port of Spain et Lagos, sans escale dans des hubs europ\u00e9ens ou nord-am\u00e9ricains. Cette simplification logistique r\u00e9duit consid\u00e9rablement la dur\u00e9e et la complexit\u00e9 des d\u00e9placements, tout en favorisant le transport de marchandises entre les deux r\u00e9gions.<\/span><\/p>\t\t\t\t\t\t\t\t<\/div>\n\t\t\t\t<\/div>\n\t\t\t\t<section class=\"elementor-section elementor-inner-section elementor-element elementor-element-dfc4873 elementor-section-boxed elementor-section-height-default elementor-section-height-default\" data-id=\"dfc4873\" data-element_type=\"section\">\n\t\t\t\t\t\t<div class=\"elementor-container elementor-column-gap-default\">\n\t\t\t\t\t<div class=\"elementor-column elementor-col-50 elementor-inner-column elementor-element elementor-element-85dd919\" data-id=\"85dd919\" data-element_type=\"column\">\n\t\t\t<div class=\"elementor-widget-wrap elementor-element-populated\">\n\t\t\t\t\t\t<div class=\"elementor-element elementor-element-e3fbaf8 elementor-widget elementor-widget-video\" data-id=\"e3fbaf8\" data-element_type=\"widget\" data-settings=\"{&quot;youtube_url&quot;:&quot;https:\\\/\\\/www.youtube.com\\\/watch?v=VxFy75WW5ik&amp;ab_channel=TTNewsday&quot;,&quot;video_type&quot;:&quot;youtube&quot;,&quot;controls&quot;:&quot;yes&quot;}\" data-widget_type=\"video.default\">\n\t\t\t\t<div class=\"elementor-widget-container\">\n\t\t\t\t\t\t\t<div class=\"elementor-wrapper elementor-open-inline\">\n\t\t\t<div class=\"elementor-video\"><\/div>\t\t<\/div>\n\t\t\t\t\t\t<\/div>\n\t\t\t\t<\/div>\n\t\t\t\t\t<\/div>\n\t\t<\/div>\n\t\t\t\t<div class=\"elementor-column elementor-col-50 elementor-inner-column elementor-element elementor-element-4311595\" data-id=\"4311595\" data-element_type=\"column\">\n\t\t\t<div class=\"elementor-widget-wrap elementor-element-populated\">\n\t\t\t\t\t\t<div class=\"elementor-element elementor-element-c6b0b09 elementor-widget elementor-widget-video\" data-id=\"c6b0b09\" data-element_type=\"widget\" data-settings=\"{&quot;youtube_url&quot;:&quot;https:\\\/\\\/www.youtube.com\\\/watch?v=RFmFTG_R5Ws&amp;ab_channel=TTTLiveOnline&quot;,&quot;video_type&quot;:&quot;youtube&quot;,&quot;controls&quot;:&quot;yes&quot;}\" data-widget_type=\"video.default\">\n\t\t\t\t<div class=\"elementor-widget-container\">\n\t\t\t\t\t\t\t<div class=\"elementor-wrapper elementor-open-inline\">\n\t\t\t<div class=\"elementor-video\"><\/div>\t\t<\/div>\n\t\t\t\t\t\t<\/div>\n\t\t\t\t<\/div>\n\t\t\t\t\t<\/div>\n\t\t<\/div>\n\t\t\t\t\t<\/div>\n\t\t<\/section>\n\t\t\t\t\t<\/div>\n\t\t<\/div>\n\t\t\t\t\t<\/div>\n\t\t<\/section>\n\t\t\t\t<section class=\"elementor-section elementor-top-section elementor-element elementor-element-53262f1 elementor-section-boxed elementor-section-height-default elementor-section-height-default\" data-id=\"53262f1\" data-element_type=\"section\">\n\t\t\t\t\t\t<div class=\"elementor-container elementor-column-gap-default\">\n\t\t\t\t\t<div class=\"elementor-column elementor-col-100 elementor-top-column elementor-element elementor-element-eac4faf\" data-id=\"eac4faf\" data-element_type=\"column\">\n\t\t\t<div class=\"elementor-widget-wrap elementor-element-populated\">\n\t\t\t\t\t\t<div class=\"elementor-element elementor-element-05782f7 elementor-widget elementor-widget-heading\" data-id=\"05782f7\" data-element_type=\"widget\" data-widget_type=\"heading.default\">\n\t\t\t\t<div class=\"elementor-widget-container\">\n\t\t\t\t\t<h2 class=\"elementor-heading-title elementor-size-default\">Impacts \u00e9conomiques et touristiques\n<\/h2>\t\t\t\t<\/div>\n\t\t\t\t<\/div>\n\t\t\t\t<div class=\"elementor-element elementor-element-1ca55a8 elementor-widget elementor-widget-text-editor\" data-id=\"1ca55a8\" data-element_type=\"widget\" data-widget_type=\"text-editor.default\">\n\t\t\t\t<div class=\"elementor-widget-container\">\n\t\t\t\t\t\t\t\t\t<h3><b>Stimulation du commerce et des investissements<\/b><\/h3><p><b><br \/><\/b><span style=\"font-weight: 400;\">L<\/span><b>\u2019<\/b><span style=\"font-weight: 400;\"><a href=\"https:\/\/www.vanguardngr.com\/2025\/04\/nigeria-trinidad-and-tobago-finalise-air-deal-to-enhance-connectivity\/\" target=\"_blank\" rel=\"noopener nofollow\">Accord Bilat\u00e9ral de Services A\u00e9riens entre Trinit\u00e9-et-Tobago et le Nig\u00e9ria<\/a> ouvre de nouvelles perspectives pour les entrepreneurs, investisseurs et exportateurs. Les \u00e9changes commerciaux, notamment dans les domaines de l\u2019\u00e9nergie, de l\u2019agroalimentaire et des services, devraient s\u2019intensifier gr\u00e2ce \u00e0 la r\u00e9duction des co\u00fbts et des d\u00e9lais de transport. Les entreprises pourront explorer de nouveaux march\u00e9s et cr\u00e9er des synergies strat\u00e9giques.<\/span><\/p>\t\t\t\t\t\t\t\t<\/div>\n\t\t\t\t<\/div>\n\t\t\t\t<div class=\"elementor-element elementor-element-86aad54 elementor-widget elementor-widget-text-editor\" data-id=\"86aad54\" data-element_type=\"widget\" data-widget_type=\"text-editor.default\">\n\t\t\t\t<div class=\"elementor-widget-container\">\n\t\t\t\t\t\t\t\t\t<h3><b>Dynamisation du tourisme entre les deux r\u00e9gions<\/b><\/h3><p><b><br \/><\/b><span style=\"font-weight: 400;\">Les retomb\u00e9es touristiques seront \u00e9galement notables. Les voyageurs nig\u00e9rians auront un acc\u00e8s direct aux tr\u00e9sors naturels et culturels de la <a href=\"https:\/\/richeskarayib.com\/fr\/rhum-fest-2025-distilleries-antillaises\/\" target=\"_blank\" rel=\"noopener\">Cara\u00efbe<\/a>, tandis que les citoyens de <a href=\"https:\/\/richeskarayib.com\/fr\/musique-calypso-riches-karayib-article-blog\/\" target=\"_blank\" rel=\"noopener\">Trinit\u00e9-et-Tobago<\/a> d\u00e9couvriront plus facilement l\u2019Afrique de l\u2019Ouest. Festivals, \u00e9v\u00e9nements sportifs et collaborations artistiques verront leur port\u00e9e s\u2019\u00e9largir.<\/span><\/p>\t\t\t\t\t\t\t\t<\/div>\n\t\t\t\t<\/div>\n\t\t\t\t\t<\/div>\n\t\t<\/div>\n\t\t\t\t\t<\/div>\n\t\t<\/section>\n\t\t\t\t<section class=\"elementor-section elementor-top-section elementor-element elementor-element-2768b41 elementor-section-boxed elementor-section-height-default elementor-section-height-default\" data-id=\"2768b41\" data-element_type=\"section\">\n\t\t\t\t\t\t<div class=\"elementor-container elementor-column-gap-default\">\n\t\t\t\t\t<div class=\"elementor-column elementor-col-100 elementor-top-column elementor-element elementor-element-9e68023\" data-id=\"9e68023\" data-element_type=\"column\">\n\t\t\t<div class=\"elementor-widget-wrap elementor-element-populated\">\n\t\t\t\t\t\t<div class=\"elementor-element elementor-element-4609abf elementor-widget elementor-widget-heading\" data-id=\"4609abf\" data-element_type=\"widget\" data-widget_type=\"heading.default\">\n\t\t\t\t<div class=\"elementor-widget-container\">\n\t\t\t\t\t<h2 class=\"elementor-heading-title elementor-size-default\">Renforcement des liens culturels et diplomatiques<\/h2>\t\t\t\t<\/div>\n\t\t\t\t<\/div>\n\t\t\t\t<div class=\"elementor-element elementor-element-23f4c1f elementor-widget elementor-widget-text-editor\" data-id=\"23f4c1f\" data-element_type=\"widget\" data-widget_type=\"text-editor.default\">\n\t\t\t\t<div class=\"elementor-widget-container\">\n\t\t\t\t\t\t\t\t\t<h3><b>\u00c9changes culturels et \u00e9ducatifs<\/b><\/h3><p><b><br \/><\/b><span style=\"font-weight: 400;\"> Outre les aspects \u00e9conomiques, l\u2019Accord Bilat\u00e9ral de Services A\u00e9riens entre Trinit\u00e9-et-Tobago et le Nig\u00e9ria favorise les \u00e9changes culturels et \u00e9ducatifs. Des programmes d\u2019\u00e9change universitaire, des initiatives artistiques et scientifiques pourront \u00e9merger, cr\u00e9ant des ponts entre les jeunes g\u00e9n\u00e9rations.<\/span><\/p>\t\t\t\t\t\t\t\t<\/div>\n\t\t\t\t<\/div>\n\t\t\t\t<div class=\"elementor-element elementor-element-1d2fe3a elementor-widget elementor-widget-text-editor\" data-id=\"1d2fe3a\" data-element_type=\"widget\" data-widget_type=\"text-editor.default\">\n\t\t\t\t<div class=\"elementor-widget-container\">\n\t\t\t\t\t\t\t\t\t<h3><b>Un mod\u00e8le de coop\u00e9ration Sud-Sud<\/b><\/h3><p><b><br \/><\/b><span style=\"font-weight: 400;\">Ce partenariat s\u2019inscrit dans une logique de coop\u00e9ration Sud-Sud, o\u00f9 les pays du Sud global unissent leurs efforts pour relever ensemble les d\u00e9fis du XXIe si\u00e8cle. L\u2019initiative pourrait inspirer d\u2019autres nations africaines et carib\u00e9ennes \u00e0 suivre cette voie d\u2019int\u00e9gration renforc\u00e9e.<\/span><\/p>\t\t\t\t\t\t\t\t<\/div>\n\t\t\t\t<\/div>\n\t\t\t\t\t<\/div>\n\t\t<\/div>\n\t\t\t\t\t<\/div>\n\t\t<\/section>\n\t\t\t\t<section class=\"elementor-section elementor-top-section elementor-element elementor-element-51060b5 elementor-section-boxed elementor-section-height-default elementor-section-height-default\" data-id=\"51060b5\" data-element_type=\"section\">\n\t\t\t\t\t\t<div class=\"elementor-container elementor-column-gap-default\">\n\t\t\t\t\t<div class=\"elementor-column elementor-col-100 elementor-top-column elementor-element elementor-element-429a89e\" data-id=\"429a89e\" data-element_type=\"column\">\n\t\t\t<div class=\"elementor-widget-wrap elementor-element-populated\">\n\t\t\t\t\t\t<div class=\"elementor-element elementor-element-318f8e4 elementor-widget elementor-widget-heading\" data-id=\"318f8e4\" data-element_type=\"widget\" data-widget_type=\"heading.default\">\n\t\t\t\t<div class=\"elementor-widget-container\">\n\t\t\t\t\t<h2 class=\"elementor-heading-title elementor-size-default\">Perspectives d\u2019avenir et d\u00e9fis \u00e0 relever<\/h2>\t\t\t\t<\/div>\n\t\t\t\t<\/div>\n\t\t\t\t<div class=\"elementor-element elementor-element-d5d2d14 elementor-widget elementor-widget-text-editor\" data-id=\"d5d2d14\" data-element_type=\"widget\" data-widget_type=\"text-editor.default\">\n\t\t\t\t<div class=\"elementor-widget-container\">\n\t\t\t\t\t\t\t\t\t<h3><b>Opportunit\u00e9s pour les Transporteurs A\u00e9riens<\/b><\/h3><p><b><br \/><\/b><span style=\"font-weight: 400;\">Le trait\u00e9 offre des opportunit\u00e9s uniques aux transporteurs des deux pays. Ils pourront d\u00e9velopper de nouvelles routes, proposer des services adapt\u00e9s \u00e0 une client\u00e8le vari\u00e9e \u2014 hommes d\u2019affaires, touristes ou membres de la diaspora \u2014 et renforcer leur pr\u00e9sence r\u00e9gionale.<\/span><\/p>\t\t\t\t\t\t\t\t<\/div>\n\t\t\t\t<\/div>\n\t\t\t\t<div class=\"elementor-element elementor-element-68a7963 elementor-widget elementor-widget-text-editor\" data-id=\"68a7963\" data-element_type=\"widget\" data-widget_type=\"text-editor.default\">\n\t\t\t\t<div class=\"elementor-widget-container\">\n\t\t\t\t\t\t\t\t\t<h3><b>Enjeux logistiques et r\u00e9glementaires<\/b><\/h3><p><b><br \/><\/b><span style=\"font-weight: 400;\">La r\u00e9ussite de l\u2019Accord Bilat\u00e9ral de Services A\u00e9riens entre Trinit\u00e9-et-Tobago et le Nig\u00e9ria d\u00e9pendra toutefois de la capacit\u00e9 des autorit\u00e9s \u00e0 relever plusieurs d\u00e9fis : modernisation des infrastructures, harmonisation des normes de s\u00e9curit\u00e9, formation du personnel, et coordination entre agences de r\u00e9gulation. La coop\u00e9ration institutionnelle sera cruciale pour garantir la viabilit\u00e9 du projet.<\/span><\/p>\t\t\t\t\t\t\t\t<\/div>\n\t\t\t\t<\/div>\n\t\t\t\t\t<\/div>\n\t\t<\/div>\n\t\t\t\t\t<\/div>\n\t\t<\/section>\n\t\t\t\t<section class=\"elementor-section elementor-top-section elementor-element elementor-element-03f19ae elementor-section-boxed elementor-section-height-default elementor-section-height-default\" data-id=\"03f19ae\" data-element_type=\"section\">\n\t\t\t\t\t\t<div class=\"elementor-container elementor-column-gap-default\">\n\t\t\t\t\t<div class=\"elementor-column elementor-col-100 elementor-top-column elementor-element elementor-element-0373550\" data-id=\"0373550\" data-element_type=\"column\">\n\t\t\t<div class=\"elementor-widget-wrap elementor-element-populated\">\n\t\t\t\t\t\t<div class=\"elementor-element elementor-element-cf51552 elementor-widget elementor-widget-text-editor\" data-id=\"cf51552\" data-element_type=\"widget\" data-widget_type=\"text-editor.default\">\n\t\t\t\t<div class=\"elementor-widget-container\">\n\t\t\t\t\t\t\t\t\t<p><span style=\"font-weight: 400;\">L\u2019Accord Bilat\u00e9ral de Services A\u00e9riens entre Trinit\u00e9-et-Tobago et le Nig\u00e9ria symbolise plus qu\u2019un simple document administratif : il incarne une volont\u00e9 commune de b\u00e2tir des ponts durables entre l\u2019Afrique et la Cara\u00efbe. Ce nouvel axe a\u00e9rien promet une \u00e8re de prosp\u00e9rit\u00e9 partag\u00e9e, d\u2019\u00e9changes culturels intenses et de mobilit\u00e9s facilit\u00e9es. Que vous soyez entrepreneur, \u00e9tudiant, touriste ou simple curieux, cette passerelle unique vous invite \u00e0 forger des liens durables entre deux mondes riches de diversit\u00e9.<\/span><\/p>\t\t\t\t\t\t\t\t<\/div>\n\t\t\t\t<\/div>\n\t\t\t\t\t<\/div>\n\t\t<\/div>\n\t\t\t\t\t<\/div>\n\t\t<\/section>\n\t\t\t\t<\/div>\n\t\t","protected":false},"excerpt":{"rendered":"<p>L\u2019Accord Bilat\u00e9ral de Services A\u00e9riens entre Trinit\u00e9-et-Tobago et le Nig\u00e9ria marque une \u00e9tape historique dans les relations entre ces deux nations, ouvrant la voie \u00e0 des vols directs et \u00e0 une coop\u00e9ration renforc\u00e9e entre l\u2019Afrique de l\u2019Ouest et la Cara\u00efbe. Ce partenariat, fruit de plus de vingt ans de discussions, promet de transformer la connectivit\u00e9, [&hellip;]<\/p>\n","protected":false},"author":662,"featured_media":48887,"comment_status":"open","ping_status":"open","sticky":false,"template":"","format":"standard","meta":{"_acf_changed":false,"footnotes":""},"categories":[840],"tags":[1656],"class_list":["post-48886","post","type-post","status-publish","format-standard","has-post-thumbnail","hentry","category-actus","tag-trinite-et-tobago-2"],"acf":[],"_links":{"self":[{"href":"https:\/\/richeskarayib.com\/fr\/wp-json\/wp\/v2\/posts\/48886","targetHints":{"allow":["GET"]}}],"collection":[{"href":"https:\/\/richeskarayib.com\/fr\/wp-json\/wp\/v2\/posts"}],"about":[{"href":"https:\/\/richeskarayib.com\/fr\/wp-json\/wp\/v2\/types\/post"}],"author":[{"embeddable":true,"href":"https:\/\/richeskarayib.com\/fr\/wp-json\/wp\/v2\/users\/662"}],"replies":[{"embeddable":true,"href":"https:\/\/richeskarayib.com\/fr\/wp-json\/wp\/v2\/comments?post=48886"}],"version-history":[{"count":0,"href":"https:\/\/richeskarayib.com\/fr\/wp-json\/wp\/v2\/posts\/48886\/revisions"}],"wp:featuredmedia":[{"embeddable":true,"href":"https:\/\/richeskarayib.com\/fr\/wp-json\/wp\/v2\/media\/48887"}],"wp:attachment":[{"href":"https:\/\/richeskarayib.com\/fr\/wp-json\/wp\/v2\/media?parent=48886"}],"wp:term":[{"taxonomy":"category","embeddable":true,"href":"https:\/\/richeskarayib.com\/fr\/wp-json\/wp\/v2\/categories?post=48886"},{"taxonomy":"post_tag","embeddable":true,"href":"https:\/\/richeskarayib.com\/fr\/wp-json\/wp\/v2\/tags?post=48886"}],"curies":[{"name":"wp","href":"https:\/\/api.w.org\/{rel}","templated":true}]}}