{"id":48950,"date":"2025-04-16T09:15:06","date_gmt":"2025-04-16T13:15:06","guid":{"rendered":"https:\/\/richeskarayib.com\/?p=48950"},"modified":"2025-04-22T10:33:12","modified_gmt":"2025-04-22T14:33:12","slug":"le-carnaval-en-jamaique-un-moteur-economique","status":"publish","type":"post","link":"https:\/\/richeskarayib.com\/fr\/le-carnaval-en-jamaique-un-moteur-economique\/","title":{"rendered":"Le carnaval en Jama\u00efque : Un moteur \u00e9conomique de 95,4 milliards de dollars en 2024"},"content":{"rendered":"\t\t<div data-elementor-type=\"wp-post\" data-elementor-id=\"48950\" class=\"elementor elementor-48950\" data-elementor-post-type=\"post\">\n\t\t\t\t\t\t<section class=\"elementor-section elementor-top-section elementor-element elementor-element-9be5ad7 elementor-section-boxed elementor-section-height-default elementor-section-height-default\" data-id=\"9be5ad7\" data-element_type=\"section\">\n\t\t\t\t\t\t<div class=\"elementor-container elementor-column-gap-default\">\n\t\t\t\t\t<div class=\"elementor-column elementor-col-100 elementor-top-column elementor-element elementor-element-76aecaa\" data-id=\"76aecaa\" data-element_type=\"column\">\n\t\t\t<div class=\"elementor-widget-wrap elementor-element-populated\">\n\t\t\t\t\t\t<div class=\"elementor-element elementor-element-fc48138 elementor-widget elementor-widget-text-editor\" data-id=\"fc48138\" data-element_type=\"widget\" data-widget_type=\"text-editor.default\">\n\t\t\t\t<div class=\"elementor-widget-container\">\n\t\t\t\t\t\t\t\t\t<p>\u00c0 l\u2019approche du carnaval en Jama\u00efque 2025, attendu du 23 au 29 avril, il convient de revenir sur l\u2019impact \u00e9conomique de l\u2019\u00e9dition pr\u00e9c\u00e9dente, dont les r\u00e9sultats ont confirm\u00e9 le poids croissant de l\u2019\u00e9v\u00e9nement dans l\u2019\u00e9conomie nationale.<\/p><p><span style=\"font-weight: 400;\"><a href=\"https:\/\/www.loopnews.com\/content\/carnival-in-jamaica-generates-over-95-billion-in-economic-output\/\" target=\"_blank\" rel=\"noopener nofollow\">Le carnaval en Jama\u00efque<\/a> &#8211; ces mots r\u00e9sonnent comme un appel \u00e0 la f\u00eate, mais ils symbolisent bien plus qu\u2019une parade de costumes flamboyants et de musiques enivrantes. Cet \u00e9v\u00e9nement puise ses racines dans l\u2019histoire et l\u2019identit\u00e9 jama\u00efcaine, fusionnant h\u00e9ritage africain, expression cr\u00e9ative locale et une \u00e9nergie festive unique. Chaque ann\u00e9e, il rassemble des milliers de participants venus de toute l\u2019\u00eele et d\u2019ailleurs, dans une ambiance o\u00f9 la joie de vivre r\u00e8gne en ma\u00eetre.<\/span><\/p>\t\t\t\t\t\t\t\t<\/div>\n\t\t\t\t<\/div>\n\t\t\t\t\t<\/div>\n\t\t<\/div>\n\t\t\t\t\t<\/div>\n\t\t<\/section>\n\t\t\t\t<section class=\"elementor-section elementor-top-section elementor-element elementor-element-889dceb elementor-section-boxed elementor-section-height-default elementor-section-height-default\" data-id=\"889dceb\" data-element_type=\"section\">\n\t\t\t\t\t\t<div class=\"elementor-container elementor-column-gap-default\">\n\t\t\t\t\t<div class=\"elementor-column elementor-col-100 elementor-top-column elementor-element elementor-element-cb266eb\" data-id=\"cb266eb\" data-element_type=\"column\">\n\t\t\t<div class=\"elementor-widget-wrap elementor-element-populated\">\n\t\t\t\t\t\t<div class=\"elementor-element elementor-element-8edf822 elementor-widget elementor-widget-heading\" data-id=\"8edf822\" data-element_type=\"widget\" data-widget_type=\"heading.default\">\n\t\t\t\t<div class=\"elementor-widget-container\">\n\t\t\t\t\t<h2 class=\"elementor-heading-title elementor-size-default\">Un pilier \u00e9conomique strat\u00e9gique\n<\/h2>\t\t\t\t<\/div>\n\t\t\t\t<\/div>\n\t\t\t\t<div class=\"elementor-element elementor-element-6d1f975 elementor-widget elementor-widget-text-editor\" data-id=\"6d1f975\" data-element_type=\"widget\" data-widget_type=\"text-editor.default\">\n\t\t\t\t<div class=\"elementor-widget-container\">\n\t\t\t\t\t\t\t\t\t<h3><strong>Un impact qui d\u00e9passe les attentes<\/strong><\/h3><p><span style=\"font-weight: 400;\">Au-del\u00e0 de son \u00e9clat festif, le carnaval en <a href=\"https:\/\/richeskarayib.com\/fr\/chef-odean-smith-caraibe-et-cuisine-casher\/\" target=\"_blank\" rel=\"noopener\">Jama\u00efque<\/a> s\u2019impose comme un levier \u00e9conomique majeur pour le pays. En 2024, selon une \u00e9tude du Centre de leadership et de gouvernance de l\u2019Universit\u00e9 West Indies, l\u2019\u00e9v\u00e9nement a g\u00e9n\u00e9r\u00e9 un impact \u00e9conomique total de 95,4 milliards de dollars jama\u00efcains. Ce chiffre place le carnaval parmi les initiatives les plus rentables de l\u2019\u00e9conomie jama\u00efcaine.<\/span><\/p>\t\t\t\t\t\t\t\t<\/div>\n\t\t\t\t<\/div>\n\t\t\t\t<div class=\"elementor-element elementor-element-761bcdb elementor-widget elementor-widget-text-editor\" data-id=\"761bcdb\" data-element_type=\"widget\" data-widget_type=\"text-editor.default\">\n\t\t\t\t<div class=\"elementor-widget-container\">\n\t\t\t\t\t\t\t\t\t<h3><strong>Des retomb\u00e9es financi\u00e8res exceptionnelles<\/strong><\/h3><p><span style=\"font-weight: 400;\">Le ministre du Tourisme, Edmund Bartlett, a r\u00e9v\u00e9l\u00e9 que l\u2019impact direct de l\u2019\u00e9dition 2024 s\u2019\u00e9levait \u00e0 4,42 milliards de dollars, soit une hausse de 44,2 % par rapport \u00e0 2019. Gr\u00e2ce \u00e0 l\u2019effet multiplicateur, chaque dollar investi a rapport\u00e9 130 dollars. Une rentabilit\u00e9 qui rivalise avec les secteurs \u00e9conomiques les plus performants du pays.<\/span><\/p>\t\t\t\t\t\t\t\t<\/div>\n\t\t\t\t<\/div>\n\t\t\t\t<section class=\"elementor-section elementor-inner-section elementor-element elementor-element-1a9f106 elementor-section-boxed elementor-section-height-default elementor-section-height-default\" data-id=\"1a9f106\" data-element_type=\"section\">\n\t\t\t\t\t\t<div class=\"elementor-container elementor-column-gap-default\">\n\t\t\t\t\t<div class=\"elementor-column elementor-col-50 elementor-inner-column elementor-element elementor-element-4b67b34\" data-id=\"4b67b34\" data-element_type=\"column\">\n\t\t\t<div class=\"elementor-widget-wrap elementor-element-populated\">\n\t\t\t\t\t\t<div class=\"elementor-element elementor-element-2264e28 elementor-widget elementor-widget-image\" data-id=\"2264e28\" data-element_type=\"widget\" data-widget_type=\"image.default\">\n\t\t\t\t<div class=\"elementor-widget-container\">\n\t\t\t\t\t\t\t\t\t\t\t\t\t\t\t<img fetchpriority=\"high\" decoding=\"async\" width=\"460\" height=\"345\" src=\"https:\/\/richeskarayib.com\/wp-content\/uploads\/2025\/04\/Tourism-Minister-Edmund-Bartlett.jpg\" class=\"attachment-large size-large wp-image-48955\" alt=\"carnaval en Jama\u00efque\" srcset=\"https:\/\/richeskarayib.com\/wp-content\/uploads\/2025\/04\/Tourism-Minister-Edmund-Bartlett.jpg 460w, https:\/\/richeskarayib.com\/wp-content\/uploads\/2025\/04\/Tourism-Minister-Edmund-Bartlett-300x225.jpg 300w\" sizes=\"(max-width: 460px) 100vw, 460px\" \/>\t\t\t\t\t\t\t\t\t\t\t\t\t\t\t<\/div>\n\t\t\t\t<\/div>\n\t\t\t\t\t<\/div>\n\t\t<\/div>\n\t\t\t\t<div class=\"elementor-column elementor-col-50 elementor-inner-column elementor-element elementor-element-695ef90\" data-id=\"695ef90\" data-element_type=\"column\">\n\t\t\t<div class=\"elementor-widget-wrap elementor-element-populated\">\n\t\t\t\t\t\t<div class=\"elementor-element elementor-element-896a247 elementor-widget elementor-widget-image\" data-id=\"896a247\" data-element_type=\"widget\" data-widget_type=\"image.default\">\n\t\t\t\t<div class=\"elementor-widget-container\">\n\t\t\t\t\t\t\t\t\t\t\t\t\t\t\t<img decoding=\"async\" width=\"800\" height=\"400\" src=\"https:\/\/richeskarayib.com\/wp-content\/uploads\/2025\/04\/WhatsApp-Image-2025-04-15-at-6.08.10-PM-1280x640-1-1024x512.webp\" class=\"attachment-large size-large wp-image-48959\" alt=\"\" srcset=\"https:\/\/richeskarayib.com\/wp-content\/uploads\/2025\/04\/WhatsApp-Image-2025-04-15-at-6.08.10-PM-1280x640-1-1024x512.webp 1024w, https:\/\/richeskarayib.com\/wp-content\/uploads\/2025\/04\/WhatsApp-Image-2025-04-15-at-6.08.10-PM-1280x640-1-300x150.webp 300w, https:\/\/richeskarayib.com\/wp-content\/uploads\/2025\/04\/WhatsApp-Image-2025-04-15-at-6.08.10-PM-1280x640-1-768x384.webp 768w, https:\/\/richeskarayib.com\/wp-content\/uploads\/2025\/04\/WhatsApp-Image-2025-04-15-at-6.08.10-PM-1280x640-1.webp 1280w\" sizes=\"(max-width: 800px) 100vw, 800px\" \/>\t\t\t\t\t\t\t\t\t\t\t\t\t\t\t<\/div>\n\t\t\t\t<\/div>\n\t\t\t\t\t<\/div>\n\t\t<\/div>\n\t\t\t\t\t<\/div>\n\t\t<\/section>\n\t\t\t\t\t<\/div>\n\t\t<\/div>\n\t\t\t\t\t<\/div>\n\t\t<\/section>\n\t\t\t\t<section class=\"elementor-section elementor-top-section elementor-element elementor-element-a1f25d1 elementor-section-boxed elementor-section-height-default elementor-section-height-default\" data-id=\"a1f25d1\" data-element_type=\"section\">\n\t\t\t\t\t\t<div class=\"elementor-container elementor-column-gap-default\">\n\t\t\t\t\t<div class=\"elementor-column elementor-col-100 elementor-top-column elementor-element elementor-element-9e15345\" data-id=\"9e15345\" data-element_type=\"column\">\n\t\t\t<div class=\"elementor-widget-wrap elementor-element-populated\">\n\t\t\t\t\t\t<div class=\"elementor-element elementor-element-96b9015 elementor-widget elementor-widget-heading\" data-id=\"96b9015\" data-element_type=\"widget\" data-widget_type=\"heading.default\">\n\t\t\t\t<div class=\"elementor-widget-container\">\n\t\t\t\t\t<h2 class=\"elementor-heading-title elementor-size-default\">Une dynamique d\u2019investissement public-priv\u00e9<\/h2>\t\t\t\t<\/div>\n\t\t\t\t<\/div>\n\t\t\t\t<div class=\"elementor-element elementor-element-8aab9f0 elementor-widget elementor-widget-text-editor\" data-id=\"8aab9f0\" data-element_type=\"widget\" data-widget_type=\"text-editor.default\">\n\t\t\t\t<div class=\"elementor-widget-container\">\n\t\t\t\t\t\t\t\t\t<p><span style=\"font-weight: 400;\">Le succ\u00e8s du <a href=\"https:\/\/jamaica-gleaner.com\/article\/news\/20250415\/jamaica-carnival-2024-generated-954b-and-benefited-more-115000-people\" target=\"_blank\" rel=\"noopener nofollow\">carnaval en Jama\u00efque<\/a> repose sur une \u00e9troite collaboration entre l\u2019\u00c9tat et le secteur priv\u00e9. En 2024, les groupes de carnaval ont investi 727 millions de dollars, dont 331,4 millions ont \u00e9t\u00e9 d\u00e9di\u00e9s \u00e0 la cr\u00e9ation de costumes. Cette cha\u00eene de valeur soutient un \u00e9cosyst\u00e8me local d\u2019artisans, couturi\u00e8res, designers et prestataires. De son c\u00f4t\u00e9, l\u2019\u00c9tat a renforc\u00e9 sa strat\u00e9gie de promotion et d\u2019organisation, reconnaissant le carnaval comme un vecteur de rayonnement international.<\/span><\/p>\t\t\t\t\t\t\t\t<\/div>\n\t\t\t\t<\/div>\n\t\t\t\t\t<\/div>\n\t\t<\/div>\n\t\t\t\t\t<\/div>\n\t\t<\/section>\n\t\t\t\t<section class=\"elementor-section elementor-top-section elementor-element elementor-element-53262f1 elementor-section-boxed elementor-section-height-default elementor-section-height-default\" data-id=\"53262f1\" data-element_type=\"section\">\n\t\t\t\t\t\t<div class=\"elementor-container elementor-column-gap-default\">\n\t\t\t\t\t<div class=\"elementor-column elementor-col-100 elementor-top-column elementor-element elementor-element-eac4faf\" data-id=\"eac4faf\" data-element_type=\"column\">\n\t\t\t<div class=\"elementor-widget-wrap elementor-element-populated\">\n\t\t\t\t\t\t<div class=\"elementor-element elementor-element-05782f7 elementor-widget elementor-widget-heading\" data-id=\"05782f7\" data-element_type=\"widget\" data-widget_type=\"heading.default\">\n\t\t\t\t<div class=\"elementor-widget-container\">\n\t\t\t\t\t<h2 class=\"elementor-heading-title elementor-size-default\">Un levier massif pour l\u2019emploi\n<\/h2>\t\t\t\t<\/div>\n\t\t\t\t<\/div>\n\t\t\t\t<div class=\"elementor-element elementor-element-1ca55a8 elementor-widget elementor-widget-text-editor\" data-id=\"1ca55a8\" data-element_type=\"widget\" data-widget_type=\"text-editor.default\">\n\t\t\t\t<div class=\"elementor-widget-container\">\n\t\t\t\t\t\t\t\t\t<h3><strong>Plus de 115 000 emplois g\u00e9n\u00e9r\u00e9s<\/strong><\/h3><p><span style=\"font-weight: 400;\">L\u2019impact social du carnaval en Jama\u00efque est tout aussi impressionnant. En 2024, environ 115 247 emplois \u00e9quivalents temps plein ont \u00e9t\u00e9 soutenus gr\u00e2ce \u00e0 l\u2019\u00e9v\u00e9nement. De l\u2019\u00e9v\u00e9nementiel \u00e0 l\u2019h\u00f4tellerie, en passant par le commerce, la restauration ou les industries cr\u00e9atives, le carnaval en Jama\u00efque agit comme un catalyseur de croissance inclusive.<\/span><\/p>\t\t\t\t\t\t\t\t<\/div>\n\t\t\t\t<\/div>\n\t\t\t\t<div class=\"elementor-element elementor-element-86aad54 elementor-widget elementor-widget-text-editor\" data-id=\"86aad54\" data-element_type=\"widget\" data-widget_type=\"text-editor.default\">\n\t\t\t\t<div class=\"elementor-widget-container\">\n\t\t\t\t\t\t\t\t\t<h3><strong>Des retomb\u00e9es dans l\u2019\u00e9conomie informelle<\/strong><\/h3><p><span style=\"font-weight: 400;\">Les b\u00e9n\u00e9fices du carnaval en Jama\u00efque se font \u00e9galement sentir dans les secteurs informels et les petites entreprises : salons de beaut\u00e9, centres de remise en forme, transporteurs, restaurateurs et commer\u00e7ants voient leur activit\u00e9 cro\u00eetre de fa\u00e7on significative pendant cette p\u00e9riode. Au total, ce sont 19,14 milliards de dollars de revenus qui ont \u00e9t\u00e9 g\u00e9n\u00e9r\u00e9s pour les travailleurs et entrepreneurs jama\u00efcains.<\/span><\/p>\t\t\t\t\t\t\t\t<\/div>\n\t\t\t\t<\/div>\n\t\t\t\t\t<\/div>\n\t\t<\/div>\n\t\t\t\t\t<\/div>\n\t\t<\/section>\n\t\t\t\t<section class=\"elementor-section elementor-top-section elementor-element elementor-element-2768b41 elementor-section-boxed elementor-section-height-default elementor-section-height-default\" data-id=\"2768b41\" data-element_type=\"section\">\n\t\t\t\t\t\t<div class=\"elementor-container elementor-column-gap-default\">\n\t\t\t\t\t<div class=\"elementor-column elementor-col-100 elementor-top-column elementor-element elementor-element-9e68023\" data-id=\"9e68023\" data-element_type=\"column\">\n\t\t\t<div class=\"elementor-widget-wrap elementor-element-populated\">\n\t\t\t\t\t\t<div class=\"elementor-element elementor-element-4609abf elementor-widget elementor-widget-heading\" data-id=\"4609abf\" data-element_type=\"widget\" data-widget_type=\"heading.default\">\n\t\t\t\t<div class=\"elementor-widget-container\">\n\t\t\t\t\t<h2 class=\"elementor-heading-title elementor-size-default\">Un attrait touristique en plein essor<\/h2>\t\t\t\t<\/div>\n\t\t\t\t<\/div>\n\t\t\t\t<div class=\"elementor-element elementor-element-23f4c1f elementor-widget elementor-widget-text-editor\" data-id=\"23f4c1f\" data-element_type=\"widget\" data-widget_type=\"text-editor.default\">\n\t\t\t\t<div class=\"elementor-widget-container\">\n\t\t\t\t\t\t\t\t\t<h3><strong>Des visiteurs internationaux s\u00e9duits<\/strong><\/h3><p><span style=\"font-weight: 400;\">En 2024, 5 400 touristes internationaux ont voyag\u00e9 sp\u00e9cifiquement pour le carnaval, d\u00e9pensant chacun en moyenne 3 209 dollars am\u00e9ricains, soit 12,5 millions inject\u00e9s dans l\u2019\u00e9conomie locale. Fait notable : plus de 54 % de ces visiteurs participaient pour la premi\u00e8re fois, signe d\u2019un fort potentiel de fid\u00e9lisation et d\u2019expansion.<\/span><\/p>\t\t\t\t\t\t\t\t<\/div>\n\t\t\t\t<\/div>\n\t\t\t\t<div class=\"elementor-element elementor-element-1d2fe3a elementor-widget elementor-widget-text-editor\" data-id=\"1d2fe3a\" data-element_type=\"widget\" data-widget_type=\"text-editor.default\">\n\t\t\t\t<div class=\"elementor-widget-container\">\n\t\t\t\t\t\t\t\t\t<h4><strong>Une mobilisation massive de la population locale<\/strong><\/h4><p><span style=\"font-weight: 400;\">Les Jama\u00efcains participent, eux aussi, en grand nombre : 7 400 d\u2019entre eux ont investi en moyenne 252 900 dollars chacun dans les costumes, la remise en forme, les soins esth\u00e9tiques et les divertissements. Au total, les d\u00e9penses locales ont atteint 1,73 milliard de dollars, preuve que l\u2019\u00e9v\u00e9nement stimule largement la consommation int\u00e9rieure.<\/span><\/p>\t\t\t\t\t\t\t\t<\/div>\n\t\t\t\t<\/div>\n\t\t\t\t\t<\/div>\n\t\t<\/div>\n\t\t\t\t\t<\/div>\n\t\t<\/section>\n\t\t\t\t<section class=\"elementor-section elementor-top-section elementor-element elementor-element-51060b5 elementor-section-boxed elementor-section-height-default elementor-section-height-default\" data-id=\"51060b5\" data-element_type=\"section\">\n\t\t\t\t\t\t<div class=\"elementor-container elementor-column-gap-default\">\n\t\t\t\t\t<div class=\"elementor-column elementor-col-100 elementor-top-column elementor-element elementor-element-429a89e\" data-id=\"429a89e\" data-element_type=\"column\">\n\t\t\t<div class=\"elementor-widget-wrap elementor-element-populated\">\n\t\t\t\t\t\t<div class=\"elementor-element elementor-element-318f8e4 elementor-widget elementor-widget-heading\" data-id=\"318f8e4\" data-element_type=\"widget\" data-widget_type=\"heading.default\">\n\t\t\t\t<div class=\"elementor-widget-container\">\n\t\t\t\t\t<h2 class=\"elementor-heading-title elementor-size-default\">Maintenir le cap face aux d\u00e9fis<\/h2>\t\t\t\t<\/div>\n\t\t\t\t<\/div>\n\t\t\t\t<div class=\"elementor-element elementor-element-d5d2d14 elementor-widget elementor-widget-text-editor\" data-id=\"d5d2d14\" data-element_type=\"widget\" data-widget_type=\"text-editor.default\">\n\t\t\t\t<div class=\"elementor-widget-container\">\n\t\t\t\t\t\t\t\t\t<h3><strong>Un retour sur investissement \u00e0 pr\u00e9server<\/strong><\/h3>\n<p><span style=\"font-weight: 400;\">Entre 2019 et 2024, le retour sur investissement du carnaval est pass\u00e9 de 198 dollars \u00e0 130 dollars pour chaque dollar investi, en raison notamment de la hausse des co\u00fbts et de l\u2019inflation. N\u00e9anmoins, la moyenne sur la p\u00e9riode reste tr\u00e8s \u00e9lev\u00e9e (159,09 dollars), t\u00e9moignant de la solidit\u00e9 du mod\u00e8le \u00e9conomique. Le d\u00e9fi des prochaines ann\u00e9es sera de maintenir cette performance tout en int\u00e9grant davantage d\u2019innovation.<\/span><\/p>\t\t\t\t\t\t\t\t<\/div>\n\t\t\t\t<\/div>\n\t\t\t\t<div class=\"elementor-element elementor-element-f2b0d35 elementor-widget elementor-widget-text-editor\" data-id=\"f2b0d35\" data-element_type=\"widget\" data-widget_type=\"text-editor.default\">\n\t\t\t\t<div class=\"elementor-widget-container\">\n\t\t\t\t\t\t\t\t\t<h3><strong>Vers un mod\u00e8le durable et inclusif<\/strong><\/h3><p><span style=\"font-weight: 400;\">Le gouvernement mise sur une strat\u00e9gie \u00e0 long terme : promotion renforc\u00e9e, implication accrue des communaut\u00e9s locales, innovation dans l\u2019offre des groupes de carnaval et adoption de pratiques durables. L\u2019objectif : faire du carnaval en Jama\u00efque un exemple de r\u00e9ussite culturelle et \u00e9conomique, tout en respectant les principes du d\u00e9veloppement durable.<\/span><\/p>\t\t\t\t\t\t\t\t<\/div>\n\t\t\t\t<\/div>\n\t\t\t\t\t<\/div>\n\t\t<\/div>\n\t\t\t\t\t<\/div>\n\t\t<\/section>\n\t\t\t\t<section class=\"elementor-section elementor-top-section elementor-element elementor-element-03f19ae elementor-section-boxed elementor-section-height-default elementor-section-height-default\" data-id=\"03f19ae\" data-element_type=\"section\">\n\t\t\t\t\t\t<div class=\"elementor-container elementor-column-gap-default\">\n\t\t\t\t\t<div class=\"elementor-column elementor-col-100 elementor-top-column elementor-element elementor-element-0373550\" data-id=\"0373550\" data-element_type=\"column\">\n\t\t\t<div class=\"elementor-widget-wrap elementor-element-populated\">\n\t\t\t\t\t\t<div class=\"elementor-element elementor-element-cf51552 elementor-widget elementor-widget-text-editor\" data-id=\"cf51552\" data-element_type=\"widget\" data-widget_type=\"text-editor.default\">\n\t\t\t\t<div class=\"elementor-widget-container\">\n\t\t\t\t\t\t\t\t\t<p><span style=\"font-weight: 400;\">Le carnaval en Jama\u00efque n\u2019est pas seulement une f\u00eate. C\u2019est un \u00e9v\u00e9nement structurant, capable de g\u00e9n\u00e9rer 95,4 milliards de dollars et de soutenir plus de 115 000 emplois en une seule \u00e9dition. Il illustre la force de la culture jama\u00efcaine lorsqu\u2019elle devient moteur de d\u00e9veloppement. En conjuguant tradition, innovation et engagement collectif, le carnaval continue de faire briller la Jama\u00efque sur la sc\u00e8ne internationale.<\/span><\/p><p>L\u2019\u00e9dition 2025 confirmera-t-elle cette trajectoire alliant performance \u00e9conomique, rayonnement culturel et engagement durable ?<\/p>\t\t\t\t\t\t\t\t<\/div>\n\t\t\t\t<\/div>\n\t\t\t\t\t<\/div>\n\t\t<\/div>\n\t\t\t\t\t<\/div>\n\t\t<\/section>\n\t\t\t\t<\/div>\n\t\t","protected":false},"excerpt":{"rendered":"<p>\u00c0 l\u2019approche du carnaval en Jama\u00efque 2025, attendu du 23 au 29 avril, il convient de revenir sur l\u2019impact \u00e9conomique de l\u2019\u00e9dition pr\u00e9c\u00e9dente, dont les r\u00e9sultats ont confirm\u00e9 le poids croissant de l\u2019\u00e9v\u00e9nement dans l\u2019\u00e9conomie nationale. Le carnaval en Jama\u00efque &#8211; ces mots r\u00e9sonnent comme un appel \u00e0 la f\u00eate, mais ils symbolisent bien plus [&hellip;]<\/p>\n","protected":false},"author":662,"featured_media":48951,"comment_status":"open","ping_status":"open","sticky":false,"template":"","format":"standard","meta":{"_acf_changed":false,"footnotes":""},"categories":[840,1498,1732],"tags":[1693],"class_list":["post-48950","post","type-post","status-publish","format-standard","has-post-thumbnail","hentry","category-actus","category-gestion-devenements","category-tourisme","tag-jamaique-2"],"acf":[],"_links":{"self":[{"href":"https:\/\/richeskarayib.com\/fr\/wp-json\/wp\/v2\/posts\/48950","targetHints":{"allow":["GET"]}}],"collection":[{"href":"https:\/\/richeskarayib.com\/fr\/wp-json\/wp\/v2\/posts"}],"about":[{"href":"https:\/\/richeskarayib.com\/fr\/wp-json\/wp\/v2\/types\/post"}],"author":[{"embeddable":true,"href":"https:\/\/richeskarayib.com\/fr\/wp-json\/wp\/v2\/users\/662"}],"replies":[{"embeddable":true,"href":"https:\/\/richeskarayib.com\/fr\/wp-json\/wp\/v2\/comments?post=48950"}],"version-history":[{"count":0,"href":"https:\/\/richeskarayib.com\/fr\/wp-json\/wp\/v2\/posts\/48950\/revisions"}],"wp:featuredmedia":[{"embeddable":true,"href":"https:\/\/richeskarayib.com\/fr\/wp-json\/wp\/v2\/media\/48951"}],"wp:attachment":[{"href":"https:\/\/richeskarayib.com\/fr\/wp-json\/wp\/v2\/media?parent=48950"}],"wp:term":[{"taxonomy":"category","embeddable":true,"href":"https:\/\/richeskarayib.com\/fr\/wp-json\/wp\/v2\/categories?post=48950"},{"taxonomy":"post_tag","embeddable":true,"href":"https:\/\/richeskarayib.com\/fr\/wp-json\/wp\/v2\/tags?post=48950"}],"curies":[{"name":"wp","href":"https:\/\/api.w.org\/{rel}","templated":true}]}}