{"id":49130,"date":"2025-04-18T07:50:37","date_gmt":"2025-04-18T11:50:37","guid":{"rendered":"https:\/\/richeskarayib.com\/?p=49130"},"modified":"2025-04-18T13:41:19","modified_gmt":"2025-04-18T17:41:19","slug":"seminaire-fonds-de-cooperation-regionale","status":"publish","type":"post","link":"https:\/\/richeskarayib.com\/fr\/seminaire-fonds-de-cooperation-regionale\/","title":{"rendered":"Martinique &#8211; S\u00e9minaire Fonds de Coop\u00e9ration R\u00e9gionale : La Cara\u00efbe, un espace d\u2019opportunit\u00e9s malgr\u00e9 les d\u00e9fis"},"content":{"rendered":"\t\t<div data-elementor-type=\"wp-post\" data-elementor-id=\"49130\" class=\"elementor elementor-49130\" data-elementor-post-type=\"post\">\n\t\t\t\t\t\t<section class=\"elementor-section elementor-top-section elementor-element elementor-element-7d71f82 elementor-section-boxed elementor-section-height-default elementor-section-height-default\" data-id=\"7d71f82\" data-element_type=\"section\">\n\t\t\t\t\t\t<div class=\"elementor-container elementor-column-gap-default\">\n\t\t\t\t\t<div class=\"elementor-column elementor-col-100 elementor-top-column elementor-element elementor-element-c153284\" data-id=\"c153284\" data-element_type=\"column\">\n\t\t\t<div class=\"elementor-widget-wrap elementor-element-populated\">\n\t\t\t\t\t\t<div class=\"elementor-element elementor-element-4f6c6de elementor-widget elementor-widget-text-editor\" data-id=\"4f6c6de\" data-element_type=\"widget\" data-widget_type=\"text-editor.default\">\n\t\t\t\t<div class=\"elementor-widget-container\">\n\t\t\t\t\t\t\t\t\t<p><span style=\"font-weight: 400;\">Le <\/span><b>S\u00e9minaire Fonds de Coop\u00e9ration R\u00e9gionale<\/b><span style=\"font-weight: 400;\"> s\u2019est tenu le mercredi 16 avril 2025 \u00e0 <a href=\"https:\/\/richeskarayib.com\/fr\/martinique-53eme-festival-culturel-de-fort-de-france\/\" target=\"_blank\" rel=\"noopener\">Fort-de-France<\/a>, dans la salle F\u00e9lix \u00c9bou\u00e9 de la pr\u00e9fecture. Portant sur le th\u00e8me \u00ab\u202fPorteurs de projets et diplomatie\u202f\u00bb, cet \u00e9v\u00e9nement dont le host \u00e9tait Marie-Marthe Bredas a r\u00e9uni un panel de diplomates, de repr\u00e9sentants institutionnels, de chercheurs et d\u2019acteurs de terrain pour discuter d\u2019un enjeu majeur : comment intensifier la coop\u00e9ration entre la Martinique et les pays de la Cara\u00efbe, dans un contexte parfois complexe, mais riche en opportunit\u00e9s\u202f?<\/span><\/p>\t\t\t\t\t\t\t\t<\/div>\n\t\t\t\t<\/div>\n\t\t\t\t\t<\/div>\n\t\t<\/div>\n\t\t\t\t\t<\/div>\n\t\t<\/section>\n\t\t\t\t<section class=\"elementor-section elementor-top-section elementor-element elementor-element-7d4f952 elementor-section-boxed elementor-section-height-default elementor-section-height-default\" data-id=\"7d4f952\" data-element_type=\"section\">\n\t\t\t\t\t\t<div class=\"elementor-container elementor-column-gap-default\">\n\t\t\t\t\t<div class=\"elementor-column elementor-col-100 elementor-top-column elementor-element elementor-element-f3833fa\" data-id=\"f3833fa\" data-element_type=\"column\">\n\t\t\t<div class=\"elementor-widget-wrap elementor-element-populated\">\n\t\t\t\t\t\t<div class=\"elementor-element elementor-element-7072b3d elementor-widget elementor-widget-heading\" data-id=\"7072b3d\" data-element_type=\"widget\" data-widget_type=\"heading.default\">\n\t\t\t\t<div class=\"elementor-widget-container\">\n\t\t\t\t\t<h2 class=\"elementor-heading-title elementor-size-default\">Un rendez-vous strat\u00e9gique pour les porteurs de projets<\/h2>\t\t\t\t<\/div>\n\t\t\t\t<\/div>\n\t\t\t\t<div class=\"elementor-element elementor-element-6cd393f elementor-widget elementor-widget-text-editor\" data-id=\"6cd393f\" data-element_type=\"widget\" data-widget_type=\"text-editor.default\">\n\t\t\t\t<div class=\"elementor-widget-container\">\n\t\t\t\t\t\t\t\t\t<h3><b>Un th\u00e8me centr\u00e9 sur la diplomatie active et la coop\u00e9ration<\/b><\/h3><p><b><br \/><\/b><span style=\"font-weight: 400;\">Cette matin\u00e9e d\u2019\u00e9changes a mis en lumi\u00e8re le r\u00f4le essentiel de la diplomatie dans l\u2019accompagnement des initiatives locales vers l\u2019international. Le mot-cl\u00e9 de ce <\/span><b>S\u00e9minaire Fonds de Coop\u00e9ration R\u00e9gionale<\/b><span style=\"font-weight: 400;\"> \u00e9tait clair : la <a href=\"https:\/\/richeskarayib.com\/fr\/accord-bilateral-de-services-aeriens\/\" target=\"_blank\" rel=\"noopener\">Cara\u00efbe<\/a>. Tous les regards \u00e9taient tourn\u00e9s vers cette r\u00e9gion \u00e0 la fois proche g\u00e9ographiquement et culturellement, mais encore trop peu investie par les porteurs de projets martiniquais.<\/span><\/p>\t\t\t\t\t\t\t\t<\/div>\n\t\t\t\t<\/div>\n\t\t\t\t<div class=\"elementor-element elementor-element-cd10464 elementor-widget elementor-widget-text-editor\" data-id=\"cd10464\" data-element_type=\"widget\" data-widget_type=\"text-editor.default\">\n\t\t\t\t<div class=\"elementor-widget-container\">\n\t\t\t\t\t\t\t\t\t<h3><b>Une organisation solide port\u00e9e par les institutions locales et nationales<\/b><\/h3><p><b><br \/><\/b><span style=\"font-weight: 400;\"> Organis\u00e9 conjointement par la pr\u00e9fecture, la <a href=\"https:\/\/lannuaire.service-public.fr\/martinique\/martinique\/acd5a636-5679-4419-9aa7-fe9dd02ae32f\" target=\"_blank\" rel=\"noopener nofollow\">Collectivit\u00e9 Territoriale de Martinique<\/a> (CTM), le Secr\u00e9tariat G\u00e9n\u00e9ral pour les Affaires R\u00e9gionales (SGAR) et les partenaires du dispositif FCR, le <\/span><b>S\u00e9minaire Fonds de Coop\u00e9ration R\u00e9gionale<\/b><span style=\"font-weight: 400;\"> a d\u00e9but\u00e9 d\u00e8s 8h45 par un accueil chaleureux, suivi des mots d\u2019ouverture du pr\u00e9fet ou de son repr\u00e9sentant, et d\u2019un repr\u00e9sentant de la CTM. L\u2019objectif\u202f? Donner une impulsion concr\u00e8te \u00e0 la coop\u00e9ration r\u00e9gionale dans la Cara\u00efbe.<\/span><\/p>\t\t\t\t\t\t\t\t<\/div>\n\t\t\t\t<\/div>\n\t\t\t\t\t<\/div>\n\t\t<\/div>\n\t\t\t\t\t<\/div>\n\t\t<\/section>\n\t\t\t\t<section class=\"elementor-section elementor-top-section elementor-element elementor-element-16ba7e0 elementor-section-boxed elementor-section-height-default elementor-section-height-default\" data-id=\"16ba7e0\" data-element_type=\"section\">\n\t\t\t\t\t\t<div class=\"elementor-container elementor-column-gap-default\">\n\t\t\t\t\t<div class=\"elementor-column elementor-col-100 elementor-top-column elementor-element elementor-element-f6fb52b\" data-id=\"f6fb52b\" data-element_type=\"column\">\n\t\t\t<div class=\"elementor-widget-wrap elementor-element-populated\">\n\t\t\t\t\t\t<div class=\"elementor-element elementor-element-0ce05bd elementor-widget elementor-widget-heading\" data-id=\"0ce05bd\" data-element_type=\"widget\" data-widget_type=\"heading.default\">\n\t\t\t\t<div class=\"elementor-widget-container\">\n\t\t\t\t\t<h2 class=\"elementor-heading-title elementor-size-default\">Une diversit\u00e9 d\u2019intervenants pour \u00e9clairer les enjeux carib\u00e9ens<\/h2>\t\t\t\t<\/div>\n\t\t\t\t<\/div>\n\t\t\t\t<div class=\"elementor-element elementor-element-f5427b4 elementor-widget elementor-widget-text-editor\" data-id=\"f5427b4\" data-element_type=\"widget\" data-widget_type=\"text-editor.default\">\n\t\t\t\t<div class=\"elementor-widget-container\">\n\t\t\t\t\t\t\t\t\t<h3><b>Les voix de la diplomatie et du terrain<\/b><\/h3><p><b><br \/><\/b><span style=\"font-weight: 400;\"> Parmi les intervenants de marque, on retrouvait M. Bernard Regnauld-Fabre, conseiller diplomatique aupr\u00e8s du <a href=\"https:\/\/www.instagram.com\/prefet972\/\" target=\"_blank\" rel=\"noopener nofollow\">pr\u00e9fet<\/a>, Mme Christiane Bourgeois, COCAC \u00e0 l\u2019ambassade de France \u00e0 Sainte-Lucie, Mme Allison Joseph, consule g\u00e9n\u00e9rale de Sainte-Lucie pour les Antilles et la Guyane, ou encore M. Mark Frampton, consul honoraire de la Dominique pour la Martinique. Chacun a partag\u00e9 son exp\u00e9rience concr\u00e8te de la coop\u00e9ration avec la Cara\u00efbe, insistant sur les subtilit\u00e9s protocolaires, les r\u00e9seaux \u00e0 mobiliser, mais aussi les occasions \u00e0 saisir.<\/span><\/p>\t\t\t\t\t\t\t\t<\/div>\n\t\t\t\t<\/div>\n\t\t\t\t<section class=\"elementor-section elementor-inner-section elementor-element elementor-element-609735e elementor-section-boxed elementor-section-height-default elementor-section-height-default\" data-id=\"609735e\" data-element_type=\"section\">\n\t\t\t\t\t\t<div class=\"elementor-container elementor-column-gap-default\">\n\t\t\t\t\t<div class=\"elementor-column elementor-col-33 elementor-inner-column elementor-element elementor-element-7850128\" data-id=\"7850128\" data-element_type=\"column\">\n\t\t\t<div class=\"elementor-widget-wrap elementor-element-populated\">\n\t\t\t\t\t\t<div class=\"elementor-element elementor-element-69b50b6 elementor-widget elementor-widget-image\" data-id=\"69b50b6\" data-element_type=\"widget\" data-widget_type=\"image.default\">\n\t\t\t\t<div class=\"elementor-widget-container\">\n\t\t\t\t\t\t\t\t\t\t\t\t<figure class=\"wp-caption\">\n\t\t\t\t\t\t\t\t\t\t<img fetchpriority=\"high\" decoding=\"async\" width=\"800\" height=\"450\" src=\"https:\/\/richeskarayib.com\/wp-content\/uploads\/2025\/04\/Christiane-Bourgeois-1024x576.jpeg\" class=\"attachment-large size-large wp-image-49195\" alt=\"S\u00e9minaire Fonds de Coop\u00e9ration R\u00e9gionale\" srcset=\"https:\/\/richeskarayib.com\/wp-content\/uploads\/2025\/04\/Christiane-Bourgeois-1024x576.jpeg 1024w, https:\/\/richeskarayib.com\/wp-content\/uploads\/2025\/04\/Christiane-Bourgeois-300x169.jpeg 300w, https:\/\/richeskarayib.com\/wp-content\/uploads\/2025\/04\/Christiane-Bourgeois-768x432.jpeg 768w, https:\/\/richeskarayib.com\/wp-content\/uploads\/2025\/04\/Christiane-Bourgeois.jpeg 1280w\" sizes=\"(max-width: 800px) 100vw, 800px\" \/>\t\t\t\t\t\t\t\t\t\t\t<figcaption class=\"widget-image-caption wp-caption-text\">Christiane Bourgeois<\/figcaption>\n\t\t\t\t\t\t\t\t\t\t<\/figure>\n\t\t\t\t\t\t\t\t\t<\/div>\n\t\t\t\t<\/div>\n\t\t\t\t\t<\/div>\n\t\t<\/div>\n\t\t\t\t<div class=\"elementor-column elementor-col-33 elementor-inner-column elementor-element elementor-element-bfb3589\" data-id=\"bfb3589\" data-element_type=\"column\">\n\t\t\t<div class=\"elementor-widget-wrap elementor-element-populated\">\n\t\t\t\t\t\t<div class=\"elementor-element elementor-element-ef9b570 elementor-widget elementor-widget-image\" data-id=\"ef9b570\" data-element_type=\"widget\" data-widget_type=\"image.default\">\n\t\t\t\t<div class=\"elementor-widget-container\">\n\t\t\t\t\t\t\t\t\t\t\t\t<figure class=\"wp-caption\">\n\t\t\t\t\t\t\t\t\t\t<img decoding=\"async\" width=\"800\" height=\"450\" src=\"https:\/\/richeskarayib.com\/wp-content\/uploads\/2025\/04\/Mme-Allison-Joseph-1024x576.jpeg\" class=\"attachment-large size-large wp-image-49199\" alt=\"S\u00e9minaire Fonds de Coop\u00e9ration R\u00e9gionale\" srcset=\"https:\/\/richeskarayib.com\/wp-content\/uploads\/2025\/04\/Mme-Allison-Joseph-1024x576.jpeg 1024w, https:\/\/richeskarayib.com\/wp-content\/uploads\/2025\/04\/Mme-Allison-Joseph-300x169.jpeg 300w, https:\/\/richeskarayib.com\/wp-content\/uploads\/2025\/04\/Mme-Allison-Joseph-768x432.jpeg 768w, https:\/\/richeskarayib.com\/wp-content\/uploads\/2025\/04\/Mme-Allison-Joseph.jpeg 1280w\" sizes=\"(max-width: 800px) 100vw, 800px\" \/>\t\t\t\t\t\t\t\t\t\t\t<figcaption class=\"widget-image-caption wp-caption-text\">Allison Joseph<\/figcaption>\n\t\t\t\t\t\t\t\t\t\t<\/figure>\n\t\t\t\t\t\t\t\t\t<\/div>\n\t\t\t\t<\/div>\n\t\t\t\t\t<\/div>\n\t\t<\/div>\n\t\t\t\t<div class=\"elementor-column elementor-col-33 elementor-inner-column elementor-element elementor-element-3019b3c\" data-id=\"3019b3c\" data-element_type=\"column\">\n\t\t\t<div class=\"elementor-widget-wrap elementor-element-populated\">\n\t\t\t\t\t\t<div class=\"elementor-element elementor-element-43d7f91 elementor-widget elementor-widget-image\" data-id=\"43d7f91\" data-element_type=\"widget\" data-widget_type=\"image.default\">\n\t\t\t\t<div class=\"elementor-widget-container\">\n\t\t\t\t\t\t\t\t\t\t\t\t<figure class=\"wp-caption\">\n\t\t\t\t\t\t\t\t\t\t<img decoding=\"async\" width=\"800\" height=\"450\" src=\"https:\/\/richeskarayib.com\/wp-content\/uploads\/2025\/04\/Mark-Frampton-1024x576.jpeg\" class=\"attachment-large size-large wp-image-49203\" alt=\"S\u00e9minaire Fonds de Coop\u00e9ration R\u00e9gionale\" srcset=\"https:\/\/richeskarayib.com\/wp-content\/uploads\/2025\/04\/Mark-Frampton-1024x576.jpeg 1024w, https:\/\/richeskarayib.com\/wp-content\/uploads\/2025\/04\/Mark-Frampton-300x169.jpeg 300w, https:\/\/richeskarayib.com\/wp-content\/uploads\/2025\/04\/Mark-Frampton-768x432.jpeg 768w, https:\/\/richeskarayib.com\/wp-content\/uploads\/2025\/04\/Mark-Frampton.jpeg 1280w\" sizes=\"(max-width: 800px) 100vw, 800px\" \/>\t\t\t\t\t\t\t\t\t\t\t<figcaption class=\"widget-image-caption wp-caption-text\">Mark Frampton<\/figcaption>\n\t\t\t\t\t\t\t\t\t\t<\/figure>\n\t\t\t\t\t\t\t\t\t<\/div>\n\t\t\t\t<\/div>\n\t\t\t\t\t<\/div>\n\t\t<\/div>\n\t\t\t\t\t<\/div>\n\t\t<\/section>\n\t\t\t\t<div class=\"elementor-element elementor-element-c67d643 elementor-widget elementor-widget-text-editor\" data-id=\"c67d643\" data-element_type=\"widget\" data-widget_type=\"text-editor.default\">\n\t\t\t\t<div class=\"elementor-widget-container\">\n\t\t\t\t\t\t\t\t\t<h3><b>Une compl\u00e9mentarit\u00e9 entre expertise acad\u00e9mique, action publique et repr\u00e9sentations consulaires<\/b><\/h3><p><b><br \/><\/b><span style=\"font-weight: 400;\"> Justin Daniel, politologue et professeur de science politique, a quant \u00e0 lui propos\u00e9 une mise en perspective g\u00e9opolitique, pr\u00e9cisant les jeux d\u2019influence en cours dans la zone, les tensions persistantes, mais aussi les logiques de solidarit\u00e9 r\u00e9gionales. L\u2019analyse lucide, mais engag\u00e9e, a permis de rappeler que la Cara\u00efbe est un espace strat\u00e9gique pour la Martinique, \u00e0 la fois en termes de diplomatie, de d\u00e9veloppement \u00e9conomique et d\u2019identit\u00e9 culturelle.<\/span><\/p>\t\t\t\t\t\t\t\t<\/div>\n\t\t\t\t<\/div>\n\t\t\t\t<section class=\"elementor-section elementor-inner-section elementor-element elementor-element-0447ec1 elementor-section-boxed elementor-section-height-default elementor-section-height-default\" data-id=\"0447ec1\" data-element_type=\"section\">\n\t\t\t\t\t\t<div class=\"elementor-container elementor-column-gap-default\">\n\t\t\t\t\t<div class=\"elementor-column elementor-col-100 elementor-inner-column elementor-element elementor-element-ed89fa7\" data-id=\"ed89fa7\" data-element_type=\"column\">\n\t\t\t<div class=\"elementor-widget-wrap elementor-element-populated\">\n\t\t\t\t\t\t<div class=\"elementor-element elementor-element-f64ef4b elementor-widget elementor-widget-image\" data-id=\"f64ef4b\" data-element_type=\"widget\" data-widget_type=\"image.default\">\n\t\t\t\t<div class=\"elementor-widget-container\">\n\t\t\t\t\t\t\t\t\t\t\t\t<figure class=\"wp-caption\">\n\t\t\t\t\t\t\t\t\t\t<img loading=\"lazy\" decoding=\"async\" width=\"800\" height=\"450\" src=\"https:\/\/richeskarayib.com\/wp-content\/uploads\/2025\/04\/Justin-Daniel-1024x576.jpeg\" class=\"attachment-large size-large wp-image-49190\" alt=\"S\u00e9minaire Fonds de Coop\u00e9ration R\u00e9gionale\" srcset=\"https:\/\/richeskarayib.com\/wp-content\/uploads\/2025\/04\/Justin-Daniel-1024x576.jpeg 1024w, https:\/\/richeskarayib.com\/wp-content\/uploads\/2025\/04\/Justin-Daniel-300x169.jpeg 300w, https:\/\/richeskarayib.com\/wp-content\/uploads\/2025\/04\/Justin-Daniel-768x432.jpeg 768w, https:\/\/richeskarayib.com\/wp-content\/uploads\/2025\/04\/Justin-Daniel.jpeg 1280w\" sizes=\"(max-width: 800px) 100vw, 800px\" \/>\t\t\t\t\t\t\t\t\t\t\t<figcaption class=\"widget-image-caption wp-caption-text\">Justin Daniel<\/figcaption>\n\t\t\t\t\t\t\t\t\t\t<\/figure>\n\t\t\t\t\t\t\t\t\t<\/div>\n\t\t\t\t<\/div>\n\t\t\t\t\t<\/div>\n\t\t<\/div>\n\t\t\t\t\t<\/div>\n\t\t<\/section>\n\t\t\t\t\t<\/div>\n\t\t<\/div>\n\t\t\t\t\t<\/div>\n\t\t<\/section>\n\t\t\t\t<section class=\"elementor-section elementor-top-section elementor-element elementor-element-7c727fe elementor-section-boxed elementor-section-height-default elementor-section-height-default\" data-id=\"7c727fe\" data-element_type=\"section\">\n\t\t\t\t\t\t<div class=\"elementor-container elementor-column-gap-default\">\n\t\t\t\t\t<div class=\"elementor-column elementor-col-100 elementor-top-column elementor-element elementor-element-2675508\" data-id=\"2675508\" data-element_type=\"column\">\n\t\t\t<div class=\"elementor-widget-wrap elementor-element-populated\">\n\t\t\t\t\t\t<div class=\"elementor-element elementor-element-86f7f71 elementor-widget elementor-widget-heading\" data-id=\"86f7f71\" data-element_type=\"widget\" data-widget_type=\"heading.default\">\n\t\t\t\t<div class=\"elementor-widget-container\">\n\t\t\t\t\t<h2 class=\"elementor-heading-title elementor-size-default\">Coop\u00e9rer avec la Cara\u00efbe : des r\u00e9alit\u00e9s complexes mais porteuses<\/h2>\t\t\t\t<\/div>\n\t\t\t\t<\/div>\n\t\t\t\t<div class=\"elementor-element elementor-element-1931a91 elementor-widget elementor-widget-text-editor\" data-id=\"1931a91\" data-element_type=\"widget\" data-widget_type=\"text-editor.default\">\n\t\t\t\t<div class=\"elementor-widget-container\">\n\t\t\t\t\t\t\t\t\t<h3><b>Des obstacles identifi\u00e9s avec lucidit\u00e9<\/b><\/h3><p><b><br \/><\/b><span style=\"font-weight: 400;\"> Oui, la coop\u00e9ration avec la Cara\u00efbe n\u2019est pas toujours simple. Les intervenants du <\/span><b>S\u00e9minaire Fonds de Coop\u00e9ration R\u00e9gionale<\/b><span style=\"font-weight: 400;\"> ont soulign\u00e9 les freins administratifs, la m\u00e9connaissance des dispositifs, la diversit\u00e9 des syst\u00e8mes politiques, les barri\u00e8res linguistiques ou encore les difficult\u00e9s \u00e0 mobiliser les fonds. Mais tous s\u2019accordent : ces d\u00e9fis sont surmontables avec une meilleure coordination des acteurs locaux et une volont\u00e9 politique affirm\u00e9e.<\/span><\/p>\t\t\t\t\t\t\t\t<\/div>\n\t\t\t\t<\/div>\n\t\t\t\t<div class=\"elementor-element elementor-element-50262f6 elementor-widget elementor-widget-text-editor\" data-id=\"50262f6\" data-element_type=\"widget\" data-widget_type=\"text-editor.default\">\n\t\t\t\t<div class=\"elementor-widget-container\">\n\t\t\t\t\t\t\t\t\t<h3><b>Mais une volont\u00e9 commune de renforcer les liens<\/b><\/h3><p><b><br \/><\/b><span style=\"font-weight: 400;\"> Malgr\u00e9 ces d\u00e9fis, une conviction forte est ressortie\u202f: il est int\u00e9ressant de travailler avec la Cara\u00efbe. Tous les intervenants, sans exception, ont r\u00e9affirm\u00e9 leur attachement \u00e0 cet espace r\u00e9gional. Pour eux, la Cara\u00efbe n\u2019est pas seulement un voisinage strat\u00e9gique, c\u2019est une communaut\u00e9 de destins, et surtout un champ d\u2019action privil\u00e9gi\u00e9 pour la diplomatie martiniquaise. Le <\/span><b>S\u00e9minaire Fonds de Coop\u00e9ration R\u00e9gionale<\/b><span style=\"font-weight: 400;\"> a contribu\u00e9 \u00e0 faire \u00e9merger cette prise de conscience collective.<\/span><\/p>\t\t\t\t\t\t\t\t<\/div>\n\t\t\t\t<\/div>\n\t\t\t\t\t<\/div>\n\t\t<\/div>\n\t\t\t\t\t<\/div>\n\t\t<\/section>\n\t\t\t\t<section class=\"elementor-section elementor-top-section elementor-element elementor-element-1a0b771 elementor-section-boxed elementor-section-height-default elementor-section-height-default\" data-id=\"1a0b771\" data-element_type=\"section\">\n\t\t\t\t\t\t<div class=\"elementor-container elementor-column-gap-default\">\n\t\t\t\t\t<div class=\"elementor-column elementor-col-100 elementor-top-column elementor-element elementor-element-345f4b7\" data-id=\"345f4b7\" data-element_type=\"column\">\n\t\t\t<div class=\"elementor-widget-wrap elementor-element-populated\">\n\t\t\t\t\t\t<div class=\"elementor-element elementor-element-d6a712a elementor-widget elementor-widget-heading\" data-id=\"d6a712a\" data-element_type=\"widget\" data-widget_type=\"heading.default\">\n\t\t\t\t<div class=\"elementor-widget-container\">\n\t\t\t\t\t<h2 class=\"elementor-heading-title elementor-size-default\">Pourquoi la Martinique doit s\u2019ancrer davantage dans son environnement r\u00e9gional ?<\/h2>\t\t\t\t<\/div>\n\t\t\t\t<\/div>\n\t\t\t\t<div class=\"elementor-element elementor-element-f9582c3 elementor-widget elementor-widget-text-editor\" data-id=\"f9582c3\" data-element_type=\"widget\" data-widget_type=\"text-editor.default\">\n\t\t\t\t<div class=\"elementor-widget-container\">\n\t\t\t\t\t\t\t\t\t<h3><b>L\u2019adh\u00e9sion aux organisations r\u00e9gionales comme levier<\/b><\/h3><p><b><br \/><\/b><span style=\"font-weight: 400;\"> Mme Patricia Telle, \u00e9lue de la CTM et pr\u00e9sidente de la commission Coop\u00e9ration r\u00e9gionale, a rappel\u00e9 l\u2019importance de l\u2019int\u00e9gration r\u00e9gionale \u00e0 travers l\u2019adh\u00e9sion de la Martinique \u00e0 des organisations comme l\u2019OECO (Organisation des \u00c9tats de la Cara\u00efbe Orientale) ou l\u2019AEC (Association des \u00c9tats de la Cara\u00efbe). Ces structures sont des plateformes qui permettent aux porteurs de projets martiniquais de s\u2019exprimer, d\u2019innover et de collaborer. Le <\/span><b>S\u00e9minaire Fonds de Coop\u00e9ration R\u00e9gionale<\/b><span style=\"font-weight: 400;\"> a renforc\u00e9 l\u2019id\u00e9e que ces adh\u00e9sions doivent \u00eatre valoris\u00e9es et mieux exploit\u00e9es.<\/span><\/p><p>Sandra Drouault a \u00e9galement pr\u00e9sent\u00e9 des actions de la CTM pour une meilleure connaissance et favoriser les \u00e9changes avec les autres territoire de la Cara\u00efbe.<\/p>\t\t\t\t\t\t\t\t<\/div>\n\t\t\t\t<\/div>\n\t\t\t\t<section class=\"elementor-section elementor-inner-section elementor-element elementor-element-71be633 elementor-section-boxed elementor-section-height-default elementor-section-height-default\" data-id=\"71be633\" data-element_type=\"section\">\n\t\t\t\t\t\t<div class=\"elementor-container elementor-column-gap-default\">\n\t\t\t\t\t<div class=\"elementor-column elementor-col-50 elementor-inner-column elementor-element elementor-element-27bacb2\" data-id=\"27bacb2\" data-element_type=\"column\">\n\t\t\t<div class=\"elementor-widget-wrap elementor-element-populated\">\n\t\t\t\t\t\t<div class=\"elementor-element elementor-element-fae99fe elementor-widget elementor-widget-image\" data-id=\"fae99fe\" data-element_type=\"widget\" data-widget_type=\"image.default\">\n\t\t\t\t<div class=\"elementor-widget-container\">\n\t\t\t\t\t\t\t\t\t\t\t\t<figure class=\"wp-caption\">\n\t\t\t\t\t\t\t\t\t\t<img loading=\"lazy\" decoding=\"async\" width=\"800\" height=\"450\" src=\"https:\/\/richeskarayib.com\/wp-content\/uploads\/2025\/04\/Mme-Patricia-Telle-1024x576.jpeg\" class=\"attachment-large size-large wp-image-49207\" alt=\"S\u00e9minaire Fonds de Coop\u00e9ration R\u00e9gionale\" srcset=\"https:\/\/richeskarayib.com\/wp-content\/uploads\/2025\/04\/Mme-Patricia-Telle-1024x576.jpeg 1024w, https:\/\/richeskarayib.com\/wp-content\/uploads\/2025\/04\/Mme-Patricia-Telle-300x169.jpeg 300w, https:\/\/richeskarayib.com\/wp-content\/uploads\/2025\/04\/Mme-Patricia-Telle-768x432.jpeg 768w, https:\/\/richeskarayib.com\/wp-content\/uploads\/2025\/04\/Mme-Patricia-Telle.jpeg 1280w\" sizes=\"(max-width: 800px) 100vw, 800px\" \/>\t\t\t\t\t\t\t\t\t\t\t<figcaption class=\"widget-image-caption wp-caption-text\">Patricia Telle<\/figcaption>\n\t\t\t\t\t\t\t\t\t\t<\/figure>\n\t\t\t\t\t\t\t\t\t<\/div>\n\t\t\t\t<\/div>\n\t\t\t\t\t<\/div>\n\t\t<\/div>\n\t\t\t\t<div class=\"elementor-column elementor-col-50 elementor-inner-column elementor-element elementor-element-7da51e8\" data-id=\"7da51e8\" data-element_type=\"column\">\n\t\t\t<div class=\"elementor-widget-wrap elementor-element-populated\">\n\t\t\t\t\t\t<div class=\"elementor-element elementor-element-c627241 elementor-widget elementor-widget-image\" data-id=\"c627241\" data-element_type=\"widget\" data-widget_type=\"image.default\">\n\t\t\t\t<div class=\"elementor-widget-container\">\n\t\t\t\t\t\t\t\t\t\t\t\t<figure class=\"wp-caption\">\n\t\t\t\t\t\t\t\t\t\t<img loading=\"lazy\" decoding=\"async\" width=\"800\" height=\"450\" src=\"https:\/\/richeskarayib.com\/wp-content\/uploads\/2025\/04\/Sandra-Drouault-1024x576.jpeg\" class=\"attachment-large size-large wp-image-49211\" alt=\"S\u00e9minaire Fonds de Coop\u00e9ration R\u00e9gionale\" srcset=\"https:\/\/richeskarayib.com\/wp-content\/uploads\/2025\/04\/Sandra-Drouault-1024x576.jpeg 1024w, https:\/\/richeskarayib.com\/wp-content\/uploads\/2025\/04\/Sandra-Drouault-300x169.jpeg 300w, https:\/\/richeskarayib.com\/wp-content\/uploads\/2025\/04\/Sandra-Drouault-768x432.jpeg 768w, https:\/\/richeskarayib.com\/wp-content\/uploads\/2025\/04\/Sandra-Drouault.jpeg 1280w\" sizes=\"(max-width: 800px) 100vw, 800px\" \/>\t\t\t\t\t\t\t\t\t\t\t<figcaption class=\"widget-image-caption wp-caption-text\">Sandra Drouault<\/figcaption>\n\t\t\t\t\t\t\t\t\t\t<\/figure>\n\t\t\t\t\t\t\t\t\t<\/div>\n\t\t\t\t<\/div>\n\t\t\t\t\t<\/div>\n\t\t<\/div>\n\t\t\t\t\t<\/div>\n\t\t<\/section>\n\t\t\t\t<div class=\"elementor-element elementor-element-03403c3 elementor-widget elementor-widget-text-editor\" data-id=\"03403c3\" data-element_type=\"widget\" data-widget_type=\"text-editor.default\">\n\t\t\t\t<div class=\"elementor-widget-container\">\n\t\t\t\t\t\t\t\t\t<h3><b>Un r\u00f4le moteur pour les porteurs de projets<\/b><\/h3><p><b><br \/><\/b><span style=\"font-weight: 400;\"> En ce sens, le <\/span><b>S\u00e9minaire Fonds de Coop\u00e9ration R\u00e9gionale<\/b><span style=\"font-weight: 400;\">, soutenu notamment par l\u2019AFD (Agence Fran\u00e7aise de D\u00e9veloppement) et la pr\u00e9fecture, appara\u00eet comme un outil central. Il permet de financer des projets de coop\u00e9ration concrets avec les pays voisins. La Cara\u00efbe n\u2019attend que l\u2019engagement de ceux qui veulent transformer des id\u00e9es en actions.<\/span><\/p>\t\t\t\t\t\t\t\t<\/div>\n\t\t\t\t<\/div>\n\t\t\t\t\t<\/div>\n\t\t<\/div>\n\t\t\t\t\t<\/div>\n\t\t<\/section>\n\t\t\t\t<section class=\"elementor-section elementor-top-section elementor-element elementor-element-ffe6f05 elementor-section-boxed elementor-section-height-default elementor-section-height-default\" data-id=\"ffe6f05\" data-element_type=\"section\">\n\t\t\t\t\t\t<div class=\"elementor-container elementor-column-gap-default\">\n\t\t\t\t\t<div class=\"elementor-column elementor-col-100 elementor-top-column elementor-element elementor-element-50cfaf8\" data-id=\"50cfaf8\" data-element_type=\"column\">\n\t\t\t<div class=\"elementor-widget-wrap elementor-element-populated\">\n\t\t\t\t\t\t<div class=\"elementor-element elementor-element-fe79ec9 elementor-widget elementor-widget-text-editor\" data-id=\"fe79ec9\" data-element_type=\"widget\" data-widget_type=\"text-editor.default\">\n\t\t\t\t<div class=\"elementor-widget-container\">\n\t\t\t\t\t\t\t\t\t<p><span style=\"font-weight: 400;\">La Cara\u00efbe n\u2019est pas un horizon lointain. C\u2019est ici, tout pr\u00e8s. Et c\u2019est maintenant qu\u2019il faut agir. Le <\/span><b>S\u00e9minaire Fonds de Coop\u00e9ration R\u00e9gionale<\/b><span style=\"font-weight: 400;\">, en rassemblant des experts de haut niveau et des porteurs d\u2019exp\u00e9rience, a rappel\u00e9 que malgr\u00e9 les contraintes, travailler avec la Cara\u00efbe reste non seulement possible, mais profond\u00e9ment strat\u00e9gique. Il revient d\u00e9sormais aux acteurs martiniquais de poursuivre sur cette dynamique pour donner vie \u00e0 une diplomatie territoriale audacieuse, moderne et ancr\u00e9e dans son bassin naturel. FCR est l&#8217;un des dispositifs mis en place pour favoriser les \u00e9changes entre les territoires de la Cara\u00efbe.<\/span><\/p>\t\t\t\t\t\t\t\t<\/div>\n\t\t\t\t<\/div>\n\t\t\t\t<section class=\"elementor-section elementor-inner-section elementor-element elementor-element-d8807e3 elementor-section-boxed elementor-section-height-default elementor-section-height-default\" data-id=\"d8807e3\" data-element_type=\"section\">\n\t\t\t\t\t\t<div class=\"elementor-container elementor-column-gap-default\">\n\t\t\t\t\t<div class=\"elementor-column elementor-col-25 elementor-inner-column elementor-element elementor-element-0ac14a2\" data-id=\"0ac14a2\" data-element_type=\"column\">\n\t\t\t<div class=\"elementor-widget-wrap elementor-element-populated\">\n\t\t\t\t\t\t<div class=\"elementor-element elementor-element-0219302 elementor-widget elementor-widget-image\" data-id=\"0219302\" data-element_type=\"widget\" data-widget_type=\"image.default\">\n\t\t\t\t<div class=\"elementor-widget-container\">\n\t\t\t\t\t\t\t\t\t\t\t\t\t\t\t<img loading=\"lazy\" decoding=\"async\" width=\"800\" height=\"450\" src=\"https:\/\/richeskarayib.com\/wp-content\/uploads\/2025\/04\/WhatsApp-Image-2025-04-18-at-19.46.37-1024x576.jpeg\" class=\"attachment-large size-large wp-image-49174\" alt=\"S\u00e9minaire Fonds de Coop\u00e9ration R\u00e9gionale\" srcset=\"https:\/\/richeskarayib.com\/wp-content\/uploads\/2025\/04\/WhatsApp-Image-2025-04-18-at-19.46.37-1024x576.jpeg 1024w, https:\/\/richeskarayib.com\/wp-content\/uploads\/2025\/04\/WhatsApp-Image-2025-04-18-at-19.46.37-300x169.jpeg 300w, https:\/\/richeskarayib.com\/wp-content\/uploads\/2025\/04\/WhatsApp-Image-2025-04-18-at-19.46.37-768x432.jpeg 768w, https:\/\/richeskarayib.com\/wp-content\/uploads\/2025\/04\/WhatsApp-Image-2025-04-18-at-19.46.37.jpeg 1280w\" sizes=\"(max-width: 800px) 100vw, 800px\" \/>\t\t\t\t\t\t\t\t\t\t\t\t\t\t\t<\/div>\n\t\t\t\t<\/div>\n\t\t\t\t\t<\/div>\n\t\t<\/div>\n\t\t\t\t<div class=\"elementor-column elementor-col-25 elementor-inner-column elementor-element elementor-element-1ee35cc\" data-id=\"1ee35cc\" data-element_type=\"column\">\n\t\t\t<div class=\"elementor-widget-wrap elementor-element-populated\">\n\t\t\t\t\t\t<div class=\"elementor-element elementor-element-52b8732 elementor-widget elementor-widget-image\" data-id=\"52b8732\" data-element_type=\"widget\" data-widget_type=\"image.default\">\n\t\t\t\t<div class=\"elementor-widget-container\">\n\t\t\t\t\t\t\t\t\t\t\t\t\t\t\t<img loading=\"lazy\" decoding=\"async\" width=\"800\" height=\"450\" src=\"https:\/\/richeskarayib.com\/wp-content\/uploads\/2025\/04\/WhatsApp-Image-2025-04-18-at-19.47.13-1024x576.jpeg\" class=\"attachment-large size-large wp-image-49178\" alt=\"S\u00e9minaire Fonds de Coop\u00e9ration R\u00e9gionale\" srcset=\"https:\/\/richeskarayib.com\/wp-content\/uploads\/2025\/04\/WhatsApp-Image-2025-04-18-at-19.47.13-1024x576.jpeg 1024w, https:\/\/richeskarayib.com\/wp-content\/uploads\/2025\/04\/WhatsApp-Image-2025-04-18-at-19.47.13-300x169.jpeg 300w, https:\/\/richeskarayib.com\/wp-content\/uploads\/2025\/04\/WhatsApp-Image-2025-04-18-at-19.47.13-768x432.jpeg 768w, https:\/\/richeskarayib.com\/wp-content\/uploads\/2025\/04\/WhatsApp-Image-2025-04-18-at-19.47.13.jpeg 1280w\" sizes=\"(max-width: 800px) 100vw, 800px\" \/>\t\t\t\t\t\t\t\t\t\t\t\t\t\t\t<\/div>\n\t\t\t\t<\/div>\n\t\t\t\t\t<\/div>\n\t\t<\/div>\n\t\t\t\t<div class=\"elementor-column elementor-col-25 elementor-inner-column elementor-element elementor-element-9ebdaac\" data-id=\"9ebdaac\" data-element_type=\"column\">\n\t\t\t<div class=\"elementor-widget-wrap elementor-element-populated\">\n\t\t\t\t\t\t<div class=\"elementor-element elementor-element-60b9656 elementor-widget elementor-widget-image\" data-id=\"60b9656\" data-element_type=\"widget\" data-widget_type=\"image.default\">\n\t\t\t\t<div class=\"elementor-widget-container\">\n\t\t\t\t\t\t\t\t\t\t\t\t\t\t\t<img loading=\"lazy\" decoding=\"async\" width=\"800\" height=\"450\" src=\"https:\/\/richeskarayib.com\/wp-content\/uploads\/2025\/04\/WhatsApp-Image-2025-04-18-at-19.47.25-1024x576.jpeg\" class=\"attachment-large size-large wp-image-49182\" alt=\"S\u00e9minaire Fonds de Coop\u00e9ration R\u00e9gionale\" srcset=\"https:\/\/richeskarayib.com\/wp-content\/uploads\/2025\/04\/WhatsApp-Image-2025-04-18-at-19.47.25-1024x576.jpeg 1024w, https:\/\/richeskarayib.com\/wp-content\/uploads\/2025\/04\/WhatsApp-Image-2025-04-18-at-19.47.25-300x169.jpeg 300w, https:\/\/richeskarayib.com\/wp-content\/uploads\/2025\/04\/WhatsApp-Image-2025-04-18-at-19.47.25-768x432.jpeg 768w, https:\/\/richeskarayib.com\/wp-content\/uploads\/2025\/04\/WhatsApp-Image-2025-04-18-at-19.47.25.jpeg 1280w\" sizes=\"(max-width: 800px) 100vw, 800px\" \/>\t\t\t\t\t\t\t\t\t\t\t\t\t\t\t<\/div>\n\t\t\t\t<\/div>\n\t\t\t\t\t<\/div>\n\t\t<\/div>\n\t\t\t\t<div class=\"elementor-column elementor-col-25 elementor-inner-column elementor-element elementor-element-91b07c3\" data-id=\"91b07c3\" data-element_type=\"column\">\n\t\t\t<div class=\"elementor-widget-wrap elementor-element-populated\">\n\t\t\t\t\t\t<div class=\"elementor-element elementor-element-11e35c7 elementor-widget elementor-widget-image\" data-id=\"11e35c7\" data-element_type=\"widget\" data-widget_type=\"image.default\">\n\t\t\t\t<div class=\"elementor-widget-container\">\n\t\t\t\t\t\t\t\t\t\t\t\t\t\t\t<img loading=\"lazy\" decoding=\"async\" width=\"800\" height=\"450\" src=\"https:\/\/richeskarayib.com\/wp-content\/uploads\/2025\/04\/WhatsApp-Image-2025-04-18-at-19.47.36-1024x576.jpeg\" class=\"attachment-large size-large wp-image-49186\" alt=\"S\u00e9minaire Fonds de Coop\u00e9ration R\u00e9gionale\" srcset=\"https:\/\/richeskarayib.com\/wp-content\/uploads\/2025\/04\/WhatsApp-Image-2025-04-18-at-19.47.36-1024x576.jpeg 1024w, https:\/\/richeskarayib.com\/wp-content\/uploads\/2025\/04\/WhatsApp-Image-2025-04-18-at-19.47.36-300x169.jpeg 300w, https:\/\/richeskarayib.com\/wp-content\/uploads\/2025\/04\/WhatsApp-Image-2025-04-18-at-19.47.36-768x432.jpeg 768w, https:\/\/richeskarayib.com\/wp-content\/uploads\/2025\/04\/WhatsApp-Image-2025-04-18-at-19.47.36.jpeg 1280w\" sizes=\"(max-width: 800px) 100vw, 800px\" \/>\t\t\t\t\t\t\t\t\t\t\t\t\t\t\t<\/div>\n\t\t\t\t<\/div>\n\t\t\t\t\t<\/div>\n\t\t<\/div>\n\t\t\t\t\t<\/div>\n\t\t<\/section>\n\t\t\t\t\t<\/div>\n\t\t<\/div>\n\t\t\t\t\t<\/div>\n\t\t<\/section>\n\t\t\t\t<\/div>\n\t\t","protected":false},"excerpt":{"rendered":"<p>Le S\u00e9minaire Fonds de Coop\u00e9ration R\u00e9gionale s\u2019est tenu le mercredi 16 avril 2025 \u00e0 Fort-de-France, dans la salle F\u00e9lix \u00c9bou\u00e9 de la pr\u00e9fecture. Portant sur le th\u00e8me \u00ab\u202fPorteurs de projets et diplomatie\u202f\u00bb, cet \u00e9v\u00e9nement a r\u00e9uni un panel de diplomates, de repr\u00e9sentants institutionnels, de chercheurs et d\u2019acteurs de terrain pour discuter d\u2019un enjeu majeur : [&hellip;]<\/p>\n","protected":false},"author":662,"featured_media":49170,"comment_status":"open","ping_status":"open","sticky":false,"template":"","format":"standard","meta":{"_acf_changed":false,"footnotes":""},"categories":[840],"tags":[808],"class_list":["post-49130","post","type-post","status-publish","format-standard","has-post-thumbnail","hentry","category-actus","tag-martinique-fr"],"acf":[],"_links":{"self":[{"href":"https:\/\/richeskarayib.com\/fr\/wp-json\/wp\/v2\/posts\/49130","targetHints":{"allow":["GET"]}}],"collection":[{"href":"https:\/\/richeskarayib.com\/fr\/wp-json\/wp\/v2\/posts"}],"about":[{"href":"https:\/\/richeskarayib.com\/fr\/wp-json\/wp\/v2\/types\/post"}],"author":[{"embeddable":true,"href":"https:\/\/richeskarayib.com\/fr\/wp-json\/wp\/v2\/users\/662"}],"replies":[{"embeddable":true,"href":"https:\/\/richeskarayib.com\/fr\/wp-json\/wp\/v2\/comments?post=49130"}],"version-history":[{"count":0,"href":"https:\/\/richeskarayib.com\/fr\/wp-json\/wp\/v2\/posts\/49130\/revisions"}],"wp:featuredmedia":[{"embeddable":true,"href":"https:\/\/richeskarayib.com\/fr\/wp-json\/wp\/v2\/media\/49170"}],"wp:attachment":[{"href":"https:\/\/richeskarayib.com\/fr\/wp-json\/wp\/v2\/media?parent=49130"}],"wp:term":[{"taxonomy":"category","embeddable":true,"href":"https:\/\/richeskarayib.com\/fr\/wp-json\/wp\/v2\/categories?post=49130"},{"taxonomy":"post_tag","embeddable":true,"href":"https:\/\/richeskarayib.com\/fr\/wp-json\/wp\/v2\/tags?post=49130"}],"curies":[{"name":"wp","href":"https:\/\/api.w.org\/{rel}","templated":true}]}}