{"id":49441,"date":"2025-04-25T05:08:40","date_gmt":"2025-04-25T09:08:40","guid":{"rendered":"https:\/\/richeskarayib.com\/?p=49441"},"modified":"2025-04-28T05:15:19","modified_gmt":"2025-04-28T09:15:19","slug":"vghn-premier-ambassadeur-jeunesse-blog-rk","status":"publish","type":"post","link":"https:\/\/richeskarayib.com\/fr\/vghn-premier-ambassadeur-jeunesse-blog-rk\/","title":{"rendered":"Grenade &#8211; V\u2019ghn : Premier Ambassadeur Jeunesse de la Propri\u00e9t\u00e9 Intellectuelle de la Cara\u00efbe \u2013 Un Tournant pour la Cr\u00e9ativit\u00e9 Grenadienne"},"content":{"rendered":"\t\t<div data-elementor-type=\"wp-post\" data-elementor-id=\"49441\" class=\"elementor elementor-49441\" data-elementor-post-type=\"post\">\n\t\t\t\t\t\t<section class=\"elementor-section elementor-top-section elementor-element elementor-element-7d71f82 elementor-section-boxed elementor-section-height-default elementor-section-height-default\" data-id=\"7d71f82\" data-element_type=\"section\">\n\t\t\t\t\t\t<div class=\"elementor-container elementor-column-gap-default\">\n\t\t\t\t\t<div class=\"elementor-column elementor-col-100 elementor-top-column elementor-element elementor-element-c153284\" data-id=\"c153284\" data-element_type=\"column\">\n\t\t\t<div class=\"elementor-widget-wrap elementor-element-populated\">\n\t\t\t\t\t\t<div class=\"elementor-element elementor-element-4f6c6de elementor-widget elementor-widget-text-editor\" data-id=\"4f6c6de\" data-element_type=\"widget\" data-widget_type=\"text-editor.default\">\n\t\t\t\t<div class=\"elementor-widget-container\">\n\t\t\t\t\t\t\t\t\t<p><span style=\"font-weight: 400;\"><a href=\"https:\/\/www.loopnews.com\/content\/grenadian-artist-vghn-named-caribbeans-first-wipo-ip-youth-ambassador\/\" target=\"_blank\" rel=\"noopener nofollow\">V\u2019ghn<\/a>, artiste grenadien, vient d\u2019entrer dans l\u2019histoire en devenant le premier Ambassadeur Jeunesse de la Propri\u00e9t\u00e9 Intellectuelle (PI) de la <a href=\"https:\/\/richeskarayib.com\/fr\/fondation-de-la-mer-engagement-protection\/\" target=\"_blank\" rel=\"noopener\">Cara\u00efbe<\/a> d\u00e9sign\u00e9 par l\u2019Organisation Mondiale de la Propri\u00e9t\u00e9 Intellectuelle (OMPI). Cette nomination, annonc\u00e9e en avril 2025, marque un tournant pour la reconnaissance de la cr\u00e9ativit\u00e9 carib\u00e9enne sur la sc\u00e8ne mondiale et place la Grenade au centre des d\u00e9bats sur la protection des \u0153uvres culturelles et la valorisation des talents locaux.<\/span><\/p>\t\t\t\t\t\t\t\t<\/div>\n\t\t\t\t<\/div>\n\t\t\t\t\t<\/div>\n\t\t<\/div>\n\t\t\t\t\t<\/div>\n\t\t<\/section>\n\t\t\t\t<section class=\"elementor-section elementor-top-section elementor-element elementor-element-7d4f952 elementor-section-boxed elementor-section-height-default elementor-section-height-default\" data-id=\"7d4f952\" data-element_type=\"section\">\n\t\t\t\t\t\t<div class=\"elementor-container elementor-column-gap-default\">\n\t\t\t\t\t<div class=\"elementor-column elementor-col-100 elementor-top-column elementor-element elementor-element-f3833fa\" data-id=\"f3833fa\" data-element_type=\"column\">\n\t\t\t<div class=\"elementor-widget-wrap elementor-element-populated\">\n\t\t\t\t\t\t<div class=\"elementor-element elementor-element-7072b3d elementor-widget elementor-widget-heading\" data-id=\"7072b3d\" data-element_type=\"widget\" data-widget_type=\"heading.default\">\n\t\t\t\t<div class=\"elementor-widget-container\">\n\t\t\t\t\t<h2 class=\"elementor-heading-title elementor-size-default\">Qui est V\u2019ghn ?<\/h2>\t\t\t\t<\/div>\n\t\t\t\t<\/div>\n\t\t\t\t<div class=\"elementor-element elementor-element-6cd393f elementor-widget elementor-widget-text-editor\" data-id=\"6cd393f\" data-element_type=\"widget\" data-widget_type=\"text-editor.default\">\n\t\t\t\t<div class=\"elementor-widget-container\">\n\t\t\t\t\t\t\t\t\t<h3><b>Un parcours forg\u00e9 par la passion et l\u2019excellence<\/b><\/h3><p><span style=\"font-weight: 400;\">Jevaughn John, alias <a href=\"https:\/\/www.wipo.int\/web\/wipo-magazine\/articles\/vghn-grenadas-prince-of-soca-music-and-wipos-newest-ip-youth-ambassador-73031\" target=\"_blank\" rel=\"noopener nofollow\">V\u2019ghn<\/a>, est bien plus qu\u2019un simple chanteur de <a href=\"https:\/\/richeskarayib.com\/fr\/antigua-barbuda-festivals-commission-calypso\/\" target=\"_blank\" rel=\"noopener\">Soca<\/a>. N\u00e9 \u00e0 la Grenade, il a grandi au rythme des guitares de son p\u00e8re et des r\u00e9p\u00e9titions de la Spices Dance Company \u00e0 Gouyave. D\u00e8s l\u2019\u00e2ge de 11 ans, il compose et se produit, d\u2019abord en duo puis en solo.<\/span><\/p>\t\t\t\t\t\t\t\t<\/div>\n\t\t\t\t<\/div>\n\t\t\t\t<div class=\"elementor-element elementor-element-b5084a5 elementor-widget elementor-widget-text-editor\" data-id=\"b5084a5\" data-element_type=\"widget\" data-widget_type=\"text-editor.default\">\n\t\t\t\t<div class=\"elementor-widget-container\">\n\t\t\t\t\t\t\t\t\t<p><span style=\"font-weight: 400;\">\u00c0 16 ans, il se distingue lors du National Soca Monarch de 2013. Mais c\u2019est en 2019 qu\u2019il explose sur la sc\u00e8ne internationale en d\u00e9crochant la troisi\u00e8me place \u00e0 l\u2019International Soca Monarch de Trinit\u00e9-et-Tobago, une premi\u00e8re pour un Grenadien. Son titre <\/span><b>\u00ab Trouble in the Morning \u00bb<\/b><span style=\"font-weight: 400;\"> devient alors un hymne du Groovy Soca.<\/span><\/p>\t\t\t\t\t\t\t\t<\/div>\n\t\t\t\t<\/div>\n\t\t\t\t<div class=\"elementor-element elementor-element-beb6a9e elementor-widget elementor-widget-text-editor\" data-id=\"beb6a9e\" data-element_type=\"widget\" data-widget_type=\"text-editor.default\">\n\t\t\t\t<div class=\"elementor-widget-container\">\n\t\t\t\t\t\t\t\t\t<h3><b>Un ambassadeur culturel et une voix de la jeunesse<\/b><\/h3><p><span style=\"font-weight: 400;\">En plus d\u2019\u00eatre un artiste accompli, V\u2019ghn est reconnu comme ambassadeur culturel de la Grenade, de Carriacou et de Petite Martinique. Il cumule pr\u00e8s de 100 000 auditeurs sur Spotify et a r\u00e9cemment sign\u00e9 un accord avec Virgin Records, tout en gardant la ma\u00eetrise de ses \u0153uvres. Sa trajectoire inspire toute une g\u00e9n\u00e9ration de cr\u00e9ateurs carib\u00e9ens, m\u00ealant authenticit\u00e9, innovation et gestion avis\u00e9e de ses droits.<\/span><\/p>\t\t\t\t\t\t\t\t<\/div>\n\t\t\t\t<\/div>\n\t\t\t\t<section class=\"elementor-section elementor-inner-section elementor-element elementor-element-a329c0d elementor-section-boxed elementor-section-height-default elementor-section-height-default\" data-id=\"a329c0d\" data-element_type=\"section\">\n\t\t\t\t\t\t<div class=\"elementor-container elementor-column-gap-default\">\n\t\t\t\t\t<div class=\"elementor-column elementor-col-50 elementor-inner-column elementor-element elementor-element-ddc1798\" data-id=\"ddc1798\" data-element_type=\"column\">\n\t\t\t<div class=\"elementor-widget-wrap elementor-element-populated\">\n\t\t\t\t\t\t<div class=\"elementor-element elementor-element-29b5274 elementor-widget elementor-widget-video\" data-id=\"29b5274\" data-element_type=\"widget\" data-settings=\"{&quot;youtube_url&quot;:&quot;https:\\\/\\\/www.youtube.com\\\/watch?v=K15FeehKSKM&amp;ab_channel=V%27ghn&quot;,&quot;video_type&quot;:&quot;youtube&quot;,&quot;controls&quot;:&quot;yes&quot;}\" data-widget_type=\"video.default\">\n\t\t\t\t<div class=\"elementor-widget-container\">\n\t\t\t\t\t\t\t<div class=\"elementor-wrapper elementor-open-inline\">\n\t\t\t<div class=\"elementor-video\"><\/div>\t\t<\/div>\n\t\t\t\t\t\t<\/div>\n\t\t\t\t<\/div>\n\t\t\t\t\t<\/div>\n\t\t<\/div>\n\t\t\t\t<div class=\"elementor-column elementor-col-50 elementor-inner-column elementor-element elementor-element-55950d5\" data-id=\"55950d5\" data-element_type=\"column\">\n\t\t\t<div class=\"elementor-widget-wrap elementor-element-populated\">\n\t\t\t\t\t\t<div class=\"elementor-element elementor-element-68f80da elementor-widget elementor-widget-video\" data-id=\"68f80da\" data-element_type=\"widget\" data-settings=\"{&quot;youtube_url&quot;:&quot;https:\\\/\\\/www.youtube.com\\\/watch?v=oiXM4D86xbc&amp;ab_channel=VoiceTheArtiste&quot;,&quot;video_type&quot;:&quot;youtube&quot;,&quot;controls&quot;:&quot;yes&quot;}\" data-widget_type=\"video.default\">\n\t\t\t\t<div class=\"elementor-widget-container\">\n\t\t\t\t\t\t\t<div class=\"elementor-wrapper elementor-open-inline\">\n\t\t\t<div class=\"elementor-video\"><\/div>\t\t<\/div>\n\t\t\t\t\t\t<\/div>\n\t\t\t\t<\/div>\n\t\t\t\t\t<\/div>\n\t\t<\/div>\n\t\t\t\t\t<\/div>\n\t\t<\/section>\n\t\t\t\t\t<\/div>\n\t\t<\/div>\n\t\t\t\t\t<\/div>\n\t\t<\/section>\n\t\t\t\t<section class=\"elementor-section elementor-top-section elementor-element elementor-element-16ba7e0 elementor-section-boxed elementor-section-height-default elementor-section-height-default\" data-id=\"16ba7e0\" data-element_type=\"section\">\n\t\t\t\t\t\t<div class=\"elementor-container elementor-column-gap-default\">\n\t\t\t\t\t<div class=\"elementor-column elementor-col-100 elementor-top-column elementor-element elementor-element-f6fb52b\" data-id=\"f6fb52b\" data-element_type=\"column\">\n\t\t\t<div class=\"elementor-widget-wrap elementor-element-populated\">\n\t\t\t\t\t\t<div class=\"elementor-element elementor-element-0ce05bd elementor-widget elementor-widget-heading\" data-id=\"0ce05bd\" data-element_type=\"widget\" data-widget_type=\"heading.default\">\n\t\t\t\t<div class=\"elementor-widget-container\">\n\t\t\t\t\t<h2 class=\"elementor-heading-title elementor-size-default\">Une d\u00e9signation historique par l\u2019OMPI<\/h2>\t\t\t\t<\/div>\n\t\t\t\t<\/div>\n\t\t\t\t<div class=\"elementor-element elementor-element-f5427b4 elementor-widget elementor-widget-text-editor\" data-id=\"f5427b4\" data-element_type=\"widget\" data-widget_type=\"text-editor.default\">\n\t\t\t\t<div class=\"elementor-widget-container\">\n\t\t\t\t\t\t\t\t\t<h4><b>Les coulisses d\u2019une nomination in\u00e9dite<\/b><\/h4><p><span style=\"font-weight: 400;\">La d\u00e9signation de <a href=\"https:\/\/www.instagram.com\/vghnofficial\/\" target=\"_blank\" rel=\"noopener nofollow\">V\u2019ghn<\/a> comme Ambassadeur Jeunesse PI de l\u2019OMPI r\u00e9sulte d\u2019un processus entam\u00e9 en 2024, lorsque la Grenade fut mise \u00e0 l\u2019honneur lors des Assembl\u00e9es de l\u2019OMPI \u00e0 Gen\u00e8ve. Malgr\u00e9 l\u2019annulation de sa prestation \u00e0 cause de l\u2019ouragan Beryl, le soutien du CAIPO (Corporate Affairs and Intellectual Property Office) et du GOCA (Grenada Office of Creative Affairs) n\u2019a jamais faibli. En avril 2025, l\u2019OMPI officialise sa nomination, faisant de lui le 16e ambassadeur jeunesse PI au monde, et le tout premier de la Cara\u00efbe.<\/span><\/p>\t\t\t\t\t\t\t\t<\/div>\n\t\t\t\t<\/div>\n\t\t\t\t<div class=\"elementor-element elementor-element-016486b elementor-widget elementor-widget-text-editor\" data-id=\"016486b\" data-element_type=\"widget\" data-widget_type=\"text-editor.default\">\n\t\t\t\t<div class=\"elementor-widget-container\">\n\t\t\t\t\t\t\t\t\t<h4><b>Un r\u00f4le \u00e0 la port\u00e9e internationale<\/b><\/h4><p><span style=\"font-weight: 400;\">En tant qu\u2019Ambassadeur Jeunesse PI, V\u2019ghn a pour mission de promouvoir la connaissance de la propri\u00e9t\u00e9 intellectuelle aupr\u00e8s des jeunes, d\u2019encourager l\u2019entrepreneuriat cr\u00e9atif et de d\u00e9fendre la protection des patrimoines culturels. Il participera notamment \u00e0 des \u00e9v\u00e9nements internationaux, comme sa performance pr\u00e9vue au si\u00e8ge de l\u2019OMPI \u00e0 Gen\u00e8ve en juillet 2025, lors du 50e anniversaire de l\u2019ind\u00e9pendance de la Grenade.<\/span><\/p>\t\t\t\t\t\t\t\t<\/div>\n\t\t\t\t<\/div>\n\t\t\t\t\t<\/div>\n\t\t<\/div>\n\t\t\t\t\t<\/div>\n\t\t<\/section>\n\t\t\t\t<section class=\"elementor-section elementor-top-section elementor-element elementor-element-7c727fe elementor-section-boxed elementor-section-height-default elementor-section-height-default\" data-id=\"7c727fe\" data-element_type=\"section\">\n\t\t\t\t\t\t<div class=\"elementor-container elementor-column-gap-default\">\n\t\t\t\t\t<div class=\"elementor-column elementor-col-100 elementor-top-column elementor-element elementor-element-2675508\" data-id=\"2675508\" data-element_type=\"column\">\n\t\t\t<div class=\"elementor-widget-wrap elementor-element-populated\">\n\t\t\t\t\t\t<div class=\"elementor-element elementor-element-86f7f71 elementor-widget elementor-widget-heading\" data-id=\"86f7f71\" data-element_type=\"widget\" data-widget_type=\"heading.default\">\n\t\t\t\t<div class=\"elementor-widget-container\">\n\t\t\t\t\t<h2 class=\"elementor-heading-title elementor-size-default\">La propri\u00e9t\u00e9 intellectuelle : un pilier pour l\u2019industrie cr\u00e9ative<\/h2>\t\t\t\t<\/div>\n\t\t\t\t<\/div>\n\t\t\t\t<div class=\"elementor-element elementor-element-1931a91 elementor-widget elementor-widget-text-editor\" data-id=\"1931a91\" data-element_type=\"widget\" data-widget_type=\"text-editor.default\">\n\t\t\t\t<div class=\"elementor-widget-container\">\n\t\t\t\t\t\t\t\t\t<h3><b>Un enjeu fondamental pour les artistes carib\u00e9ens<\/b><\/h3><p><span style=\"font-weight: 400;\">La propri\u00e9t\u00e9 intellectuelle regroupe l\u2019ensemble des droits permettant de prot\u00e9ger les cr\u00e9ations de l\u2019esprit : \u0153uvres musicales, textes, marques, inventions, etc. Pour les artistes de la Cara\u00efbe, la PI est la cl\u00e9 qui permet de transformer la cr\u00e9ativit\u00e9 en valeur \u00e9conomique et sociale. Elle garantit la reconnaissance des auteurs, la r\u00e9mun\u00e9ration de leur travail et la transmission d\u2019un h\u00e9ritage culturel aux g\u00e9n\u00e9rations futures.<\/span><\/p>\t\t\t\t\t\t\t\t<\/div>\n\t\t\t\t<\/div>\n\t\t\t\t<div class=\"elementor-element elementor-element-68fcf44 elementor-widget elementor-widget-text-editor\" data-id=\"68fcf44\" data-element_type=\"widget\" data-widget_type=\"text-editor.default\">\n\t\t\t\t<div class=\"elementor-widget-container\">\n\t\t\t\t\t\t\t\t\t<h3><b>Droits d\u2019auteur, marques et mod\u00e8les : des outils essentiels<\/b><\/h3><p><span style=\"font-weight: 400;\">\u00c0 la <a href=\"https:\/\/richeskarayib.com\/fr\/croissance-du-tourisme-en-26-mois-grenade-rk\/\" target=\"_blank\" rel=\"noopener\">Grenade<\/a>, la l\u00e9gislation sur la propri\u00e9t\u00e9 intellectuelle s\u2019est modernis\u00e9e ces derni\u00e8res ann\u00e9es. La loi sur les marques de 2012 a simplifi\u00e9 les d\u00e9marches et encourag\u00e9 les d\u00e9p\u00f4ts, tandis que la loi sur les brevets de 2011 vise \u00e0 prot\u00e9ger l\u2019originalit\u00e9 et l\u2019innovation, m\u00eame si certaines proc\u00e9dures restent \u00e0 am\u00e9liorer. La Grenade participe aussi \u00e0 des conventions internationales comme le Trait\u00e9 de coop\u00e9ration en mati\u00e8re de brevets (PCT), facilitant la reconnaissance des droits \u00e0 l\u2019\u00e9tranger.<\/span><\/p>\t\t\t\t\t\t\t\t<\/div>\n\t\t\t\t<\/div>\n\t\t\t\t\t<\/div>\n\t\t<\/div>\n\t\t\t\t\t<\/div>\n\t\t<\/section>\n\t\t\t\t<section class=\"elementor-section elementor-top-section elementor-element elementor-element-1a0b771 elementor-section-boxed elementor-section-height-default elementor-section-height-default\" data-id=\"1a0b771\" data-element_type=\"section\">\n\t\t\t\t\t\t<div class=\"elementor-container elementor-column-gap-default\">\n\t\t\t\t\t<div class=\"elementor-column elementor-col-100 elementor-top-column elementor-element elementor-element-345f4b7\" data-id=\"345f4b7\" data-element_type=\"column\">\n\t\t\t<div class=\"elementor-widget-wrap elementor-element-populated\">\n\t\t\t\t\t\t<div class=\"elementor-element elementor-element-d6a712a elementor-widget elementor-widget-heading\" data-id=\"d6a712a\" data-element_type=\"widget\" data-widget_type=\"heading.default\">\n\t\t\t\t<div class=\"elementor-widget-container\">\n\t\t\t\t\t<h2 class=\"elementor-heading-title elementor-size-default\">V\u2019ghn : un ambassadeur proactif de la PI<\/h2>\t\t\t\t<\/div>\n\t\t\t\t<\/div>\n\t\t\t\t<div class=\"elementor-element elementor-element-f9582c3 elementor-widget elementor-widget-text-editor\" data-id=\"f9582c3\" data-element_type=\"widget\" data-widget_type=\"text-editor.default\">\n\t\t\t\t<div class=\"elementor-widget-container\">\n\t\t\t\t\t\t\t\t\t<h3><b>Un engagement concret aupr\u00e8s de la jeunesse<\/b><\/h3><p><span style=\"font-weight: 400;\">Pour V\u2019ghn, la propri\u00e9t\u00e9 intellectuelle n\u2019est pas qu\u2019une formalit\u00e9 administrative : c\u2019est un levier d\u2019\u00e9mancipation et de p\u00e9rennit\u00e9. \u201cOn ne peut pas rester \u00e9ternellement sur sc\u00e8ne, mais la musique, elle, vivra toujours\u201d, affirme-t-il. Il insiste sur l\u2019importance de prot\u00e9ger ses \u0153uvres pour assurer un revenu durable et garantir un avenir \u00e0 ses descendants.<\/span><\/p>\t\t\t\t\t\t\t\t<\/div>\n\t\t\t\t<\/div>\n\t\t\t\t<div class=\"elementor-element elementor-element-f6734df elementor-widget elementor-widget-text-editor\" data-id=\"f6734df\" data-element_type=\"widget\" data-widget_type=\"text-editor.default\">\n\t\t\t\t<div class=\"elementor-widget-container\">\n\t\t\t\t\t\t\t\t\t<h3><b>Une gestion strat\u00e9gique de ses droits<\/b><\/h3><p><span style=\"font-weight: 400;\">Avant de signer avec Virgin Records, V\u2019ghn a men\u00e9 une v\u00e9ritable enqu\u00eate sur la propri\u00e9t\u00e9 intellectuelle. Il a choisi un contrat de dix titres afin de conserver la ma\u00eetrise de ses enregistrements et de rester ind\u00e9pendant. Pour lui, la PI ne se limite pas au droit d\u2019auteur : les marques, l\u2019image et la gestion de la carri\u00e8re sont tout aussi essentiels. Il collabore \u00e9galement avec des entreprises pour diversifier ses sources de revenus et veille \u00e0 \u00eatre toujours cr\u00e9dit\u00e9 pour ses compositions, y compris lorsqu\u2019il \u00e9crit pour d\u2019autres artistes comme Nadia Batson ou Konshens.<\/span><\/p>\t\t\t\t\t\t\t\t<\/div>\n\t\t\t\t<\/div>\n\t\t\t\t<div class=\"elementor-element elementor-element-932f9fe elementor-widget elementor-widget-text-editor\" data-id=\"932f9fe\" data-element_type=\"widget\" data-widget_type=\"text-editor.default\">\n\t\t\t\t<div class=\"elementor-widget-container\">\n\t\t\t\t\t\t\t\t\t<h3><b>Un mod\u00e8le r\u00e9gional inspirant<\/b><\/h3><p><span style=\"font-weight: 400;\">En tant que membre de l\u2019Eastern Caribbean Collective Organization for Music Rights (ECCO), V\u2019ghn b\u00e9n\u00e9ficie d\u2019un accompagnement pour la gestion de ses droits dans la r\u00e9gion. Son parcours prouve qu\u2019une bonne connaissance de la PI permet de se prot\u00e9ger dans un secteur parfois impitoyable, o\u00f9 la reconnaissance et la r\u00e9mun\u00e9ration ne sont jamais garanties d\u2019avance.<\/span><\/p>\t\t\t\t\t\t\t\t<\/div>\n\t\t\t\t<\/div>\n\t\t\t\t<section class=\"elementor-section elementor-inner-section elementor-element elementor-element-aff7763 elementor-section-boxed elementor-section-height-default elementor-section-height-default\" data-id=\"aff7763\" data-element_type=\"section\">\n\t\t\t\t\t\t<div class=\"elementor-container elementor-column-gap-default\">\n\t\t\t\t\t<div class=\"elementor-column elementor-col-50 elementor-inner-column elementor-element elementor-element-f21f3f6\" data-id=\"f21f3f6\" data-element_type=\"column\">\n\t\t\t<div class=\"elementor-widget-wrap elementor-element-populated\">\n\t\t\t\t\t\t<div class=\"elementor-element elementor-element-2d6a262 elementor-widget elementor-widget-image\" data-id=\"2d6a262\" data-element_type=\"widget\" data-widget_type=\"image.default\">\n\t\t\t\t<div class=\"elementor-widget-container\">\n\t\t\t\t\t\t\t\t\t\t\t\t\t\t\t<img fetchpriority=\"high\" decoding=\"async\" width=\"800\" height=\"450\" src=\"https:\/\/richeskarayib.com\/wp-content\/uploads\/2025\/04\/492126234_1015999877388425_3209680726107963683_n-1-1024x576.jpg\" class=\"attachment-large size-large wp-image-49450\" alt=\"V\u2019ghn\" srcset=\"https:\/\/richeskarayib.com\/wp-content\/uploads\/2025\/04\/492126234_1015999877388425_3209680726107963683_n-1-1024x576.jpg 1024w, https:\/\/richeskarayib.com\/wp-content\/uploads\/2025\/04\/492126234_1015999877388425_3209680726107963683_n-1-300x169.jpg 300w, https:\/\/richeskarayib.com\/wp-content\/uploads\/2025\/04\/492126234_1015999877388425_3209680726107963683_n-1-768x432.jpg 768w, https:\/\/richeskarayib.com\/wp-content\/uploads\/2025\/04\/492126234_1015999877388425_3209680726107963683_n-1-1536x864.jpg 1536w, https:\/\/richeskarayib.com\/wp-content\/uploads\/2025\/04\/492126234_1015999877388425_3209680726107963683_n-1-1320x743.jpg 1320w, https:\/\/richeskarayib.com\/wp-content\/uploads\/2025\/04\/492126234_1015999877388425_3209680726107963683_n-1.jpg 1600w\" sizes=\"(max-width: 800px) 100vw, 800px\" \/>\t\t\t\t\t\t\t\t\t\t\t\t\t\t\t<\/div>\n\t\t\t\t<\/div>\n\t\t\t\t\t<\/div>\n\t\t<\/div>\n\t\t\t\t<div class=\"elementor-column elementor-col-50 elementor-inner-column elementor-element elementor-element-3993abe\" data-id=\"3993abe\" data-element_type=\"column\">\n\t\t\t<div class=\"elementor-widget-wrap elementor-element-populated\">\n\t\t\t\t\t\t<div class=\"elementor-element elementor-element-6e06b86 elementor-widget elementor-widget-image\" data-id=\"6e06b86\" data-element_type=\"widget\" data-widget_type=\"image.default\">\n\t\t\t\t<div class=\"elementor-widget-container\">\n\t\t\t\t\t\t\t\t\t\t\t\t\t\t\t<img decoding=\"async\" width=\"800\" height=\"450\" src=\"https:\/\/richeskarayib.com\/wp-content\/uploads\/2025\/04\/VGhn_concert-73031.webp\" class=\"attachment-large size-large wp-image-49454\" alt=\"V\u2019ghn\" srcset=\"https:\/\/richeskarayib.com\/wp-content\/uploads\/2025\/04\/VGhn_concert-73031.webp 960w, https:\/\/richeskarayib.com\/wp-content\/uploads\/2025\/04\/VGhn_concert-73031-300x169.webp 300w, https:\/\/richeskarayib.com\/wp-content\/uploads\/2025\/04\/VGhn_concert-73031-768x432.webp 768w\" sizes=\"(max-width: 800px) 100vw, 800px\" \/>\t\t\t\t\t\t\t\t\t\t\t\t\t\t\t<\/div>\n\t\t\t\t<\/div>\n\t\t\t\t\t<\/div>\n\t\t<\/div>\n\t\t\t\t\t<\/div>\n\t\t<\/section>\n\t\t\t\t\t<\/div>\n\t\t<\/div>\n\t\t\t\t\t<\/div>\n\t\t<\/section>\n\t\t\t\t<section class=\"elementor-section elementor-top-section elementor-element elementor-element-75226b9 elementor-section-boxed elementor-section-height-default elementor-section-height-default\" data-id=\"75226b9\" data-element_type=\"section\">\n\t\t\t\t\t\t<div class=\"elementor-container elementor-column-gap-default\">\n\t\t\t\t\t<div class=\"elementor-column elementor-col-100 elementor-top-column elementor-element elementor-element-992e41e\" data-id=\"992e41e\" data-element_type=\"column\">\n\t\t\t<div class=\"elementor-widget-wrap elementor-element-populated\">\n\t\t\t\t\t\t<div class=\"elementor-element elementor-element-b7fae28 elementor-widget elementor-widget-heading\" data-id=\"b7fae28\" data-element_type=\"widget\" data-widget_type=\"heading.default\">\n\t\t\t\t<div class=\"elementor-widget-container\">\n\t\t\t\t\t<h2 class=\"elementor-heading-title elementor-size-default\">La Grenade renforce son cadre juridique<\/h2>\t\t\t\t<\/div>\n\t\t\t\t<\/div>\n\t\t\t\t<div class=\"elementor-element elementor-element-0431e8e elementor-widget elementor-widget-text-editor\" data-id=\"0431e8e\" data-element_type=\"widget\" data-widget_type=\"text-editor.default\">\n\t\t\t\t<div class=\"elementor-widget-container\">\n\t\t\t\t\t\t\t\t\t<h3><b>Des r\u00e9formes encourageantes<\/b><\/h3><p><span style=\"font-weight: 400;\">La Grenade a r\u00e9cemment renforc\u00e9 son arsenal juridique en mati\u00e8re de propri\u00e9t\u00e9 intellectuelle. L\u2019adoption du syst\u00e8me IPAS (Industrial Property Administration System) promet de simplifier les d\u00e9marches, d\u2019am\u00e9liorer la collaboration et de stimuler l\u2019innovation locale. Ces r\u00e9formes visent \u00e0 prot\u00e9ger non seulement les \u0153uvres musicales, mais aussi les savoirs traditionnels et les innovations artisanales, v\u00e9ritables tr\u00e9sors du patrimoine grenadien.<\/span><\/p>\t\t\t\t\t\t\t\t<\/div>\n\t\t\t\t<\/div>\n\t\t\t\t<div class=\"elementor-element elementor-element-c7e87f3 elementor-widget elementor-widget-text-editor\" data-id=\"c7e87f3\" data-element_type=\"widget\" data-widget_type=\"text-editor.default\">\n\t\t\t\t<div class=\"elementor-widget-container\">\n\t\t\t\t\t\t\t\t\t<h3><b>Une valeur ajout\u00e9e pour l\u2019\u00e9conomie locale<\/b><\/h3><p><span style=\"font-weight: 400;\">La propri\u00e9t\u00e9 intellectuelle est d\u00e9sormais reconnue comme un moteur de croissance \u00e9conomique. Elle favorise la diversification, attire les investisseurs et valorise les talents locaux. Pour les artistes, elle offre la possibilit\u00e9 de conqu\u00e9rir de nouveaux march\u00e9s tout en pr\u00e9servant leur identit\u00e9 et leur h\u00e9ritage. Comme le souligne Robert Branch, du CAIPO : \u201cLa PI est la monnaie du futur, et cette nomination amplifie le pouvoir de poss\u00e9der et de prot\u00e9ger nos expressions culturelles\u201d.<\/span><\/p>\t\t\t\t\t\t\t\t<\/div>\n\t\t\t\t<\/div>\n\t\t\t\t\t<\/div>\n\t\t<\/div>\n\t\t\t\t\t<\/div>\n\t\t<\/section>\n\t\t\t\t<section class=\"elementor-section elementor-top-section elementor-element elementor-element-a968fb2 elementor-section-boxed elementor-section-height-default elementor-section-height-default\" data-id=\"a968fb2\" data-element_type=\"section\">\n\t\t\t\t\t\t<div class=\"elementor-container elementor-column-gap-default\">\n\t\t\t\t\t<div class=\"elementor-column elementor-col-100 elementor-top-column elementor-element elementor-element-701a308\" data-id=\"701a308\" data-element_type=\"column\">\n\t\t\t<div class=\"elementor-widget-wrap elementor-element-populated\">\n\t\t\t\t\t\t<div class=\"elementor-element elementor-element-89466e3 elementor-widget elementor-widget-text-editor\" data-id=\"89466e3\" data-element_type=\"widget\" data-widget_type=\"text-editor.default\">\n\t\t\t\t<div class=\"elementor-widget-container\">\n\t\t\t\t\t\t\t\t\t<p><span style=\"font-weight: 400;\">L\u2019ascension de V\u2019ghn au rang d\u2019Ambassadeur Jeunesse PI de l\u2019OMPI symbolise l\u2019\u00e9mergence d\u2019une nouvelle g\u00e9n\u00e9ration de cr\u00e9ateurs carib\u00e9ens, conscients de la valeur de leur patrimoine et r\u00e9solus \u00e0 le d\u00e9fendre. Sa trajectoire inspire autant les novices que les experts, prouvant que la propri\u00e9t\u00e9 intellectuelle est un outil d\u2019autonomie, de reconnaissance et de transmission. La Grenade, forte de ses r\u00e9formes et de ses talents, s\u2019affirme comme un p\u00f4le d\u2019innovation culturelle pr\u00eat \u00e0 rayonner bien au-del\u00e0 de la Cara\u00efbe.<\/span><\/p>\t\t\t\t\t\t\t\t<\/div>\n\t\t\t\t<\/div>\n\t\t\t\t\t<\/div>\n\t\t<\/div>\n\t\t\t\t\t<\/div>\n\t\t<\/section>\n\t\t\t\t<\/div>\n\t\t","protected":false},"excerpt":{"rendered":"<p>V\u2019ghn, artiste grenadien, vient d\u2019entrer dans l\u2019histoire en devenant le premier Ambassadeur Jeunesse de la Propri\u00e9t\u00e9 Intellectuelle (PI) de la Cara\u00efbe d\u00e9sign\u00e9 par l\u2019Organisation Mondiale de la Propri\u00e9t\u00e9 Intellectuelle (OMPI). Cette nomination, annonc\u00e9e en avril 2025, marque un tournant pour la reconnaissance de la cr\u00e9ativit\u00e9 carib\u00e9enne sur la sc\u00e8ne mondiale et place la Grenade au [&hellip;]<\/p>\n","protected":false},"author":662,"featured_media":49920,"comment_status":"open","ping_status":"open","sticky":false,"template":"","format":"standard","meta":{"_acf_changed":false,"footnotes":""},"categories":[840,835],"tags":[1643],"class_list":["post-49441","post","type-post","status-publish","format-standard","has-post-thumbnail","hentry","category-actus","category-musique-fr","tag-grenade"],"acf":[],"_links":{"self":[{"href":"https:\/\/richeskarayib.com\/fr\/wp-json\/wp\/v2\/posts\/49441","targetHints":{"allow":["GET"]}}],"collection":[{"href":"https:\/\/richeskarayib.com\/fr\/wp-json\/wp\/v2\/posts"}],"about":[{"href":"https:\/\/richeskarayib.com\/fr\/wp-json\/wp\/v2\/types\/post"}],"author":[{"embeddable":true,"href":"https:\/\/richeskarayib.com\/fr\/wp-json\/wp\/v2\/users\/662"}],"replies":[{"embeddable":true,"href":"https:\/\/richeskarayib.com\/fr\/wp-json\/wp\/v2\/comments?post=49441"}],"version-history":[{"count":0,"href":"https:\/\/richeskarayib.com\/fr\/wp-json\/wp\/v2\/posts\/49441\/revisions"}],"wp:featuredmedia":[{"embeddable":true,"href":"https:\/\/richeskarayib.com\/fr\/wp-json\/wp\/v2\/media\/49920"}],"wp:attachment":[{"href":"https:\/\/richeskarayib.com\/fr\/wp-json\/wp\/v2\/media?parent=49441"}],"wp:term":[{"taxonomy":"category","embeddable":true,"href":"https:\/\/richeskarayib.com\/fr\/wp-json\/wp\/v2\/categories?post=49441"},{"taxonomy":"post_tag","embeddable":true,"href":"https:\/\/richeskarayib.com\/fr\/wp-json\/wp\/v2\/tags?post=49441"}],"curies":[{"name":"wp","href":"https:\/\/api.w.org\/{rel}","templated":true}]}}