{"id":49462,"date":"2025-04-25T09:44:09","date_gmt":"2025-04-25T13:44:09","guid":{"rendered":"https:\/\/richeskarayib.com\/?p=49462"},"modified":"2025-04-25T09:51:28","modified_gmt":"2025-04-25T13:51:28","slug":"resilience-climatique-ecologie-durabilite","status":"publish","type":"post","link":"https:\/\/richeskarayib.com\/fr\/resilience-climatique-ecologie-durabilite\/","title":{"rendered":"Chiffres-cl\u00e9s de la Cara\u00efbe : R\u00e9silience climatique, \u00c9cologie et Durabilit\u00e9 avec Rich\u00e8s Karayib"},"content":{"rendered":"\t\t<div data-elementor-type=\"wp-post\" data-elementor-id=\"49462\" class=\"elementor elementor-49462\" data-elementor-post-type=\"post\">\n\t\t\t\t\t\t<section class=\"elementor-section elementor-top-section elementor-element elementor-element-7d4f952 elementor-section-boxed elementor-section-height-default elementor-section-height-default\" data-id=\"7d4f952\" data-element_type=\"section\">\n\t\t\t\t\t\t<div class=\"elementor-container elementor-column-gap-default\">\n\t\t\t\t\t<div class=\"elementor-column elementor-col-100 elementor-top-column elementor-element elementor-element-f3833fa\" data-id=\"f3833fa\" data-element_type=\"column\">\n\t\t\t<div class=\"elementor-widget-wrap elementor-element-populated\">\n\t\t\t\t\t\t<div class=\"elementor-element elementor-element-7072b3d elementor-widget elementor-widget-heading\" data-id=\"7072b3d\" data-element_type=\"widget\" data-widget_type=\"heading.default\">\n\t\t\t\t<div class=\"elementor-widget-container\">\n\t\t\t\t\t<h2 class=\"elementor-heading-title elementor-size-default\">R\u00e9silience climatique : un d\u00e9fi insulaire<\/h2>\t\t\t\t<\/div>\n\t\t\t\t<\/div>\n\t\t\t\t<div class=\"elementor-element elementor-element-6cd393f elementor-widget elementor-widget-text-editor\" data-id=\"6cd393f\" data-element_type=\"widget\" data-widget_type=\"text-editor.default\">\n\t\t\t\t<div class=\"elementor-widget-container\">\n\t\t\t\t\t\t\t\t\t<p><span style=\"font-weight: 400;\">La <\/span><a href=\"https:\/\/oecs.int\/fr\/programme-de-resilience-des-communautes-de-la-caraibe-orientale#:~:text=Le%20programme%20de%20r%C3%A9silience%20de,aux%20effets%20du%20changement%20climatique.\" target=\"_blank\" rel=\"noopener nofollow\"><b>r\u00e9silience climatique<\/b><\/a><span style=\"font-weight: 400;\"> de la <a href=\"https:\/\/richeskarayib.com\/fr\/fondation-de-la-mer-engagement-protection\/\" target=\"_blank\" rel=\"noopener\">Cara\u00efbe<\/a> est un concept qui va bien au-del\u00e0 des simples discussions sur l\u2019environnement. Pour cette r\u00e9gion du monde, souvent per\u00e7ue comme un paradis touristique, la r\u00e9alit\u00e9 est bien plus complexe. En d\u00e9pit d\u2019une contribution marginale aux \u00e9missions mondiales de gaz \u00e0 effet de serre, les pays carib\u00e9ens sont confront\u00e9s \u00e0 des impacts climatiques d\u00e9vastateurs.\u00a0<\/span><\/p>\t\t\t\t\t\t\t\t<\/div>\n\t\t\t\t<\/div>\n\t\t\t\t<div class=\"elementor-element elementor-element-b5084a5 elementor-widget elementor-widget-text-editor\" data-id=\"b5084a5\" data-element_type=\"widget\" data-widget_type=\"text-editor.default\">\n\t\t\t\t<div class=\"elementor-widget-container\">\n\t\t\t\t\t\t\t\t\t<p><span style=\"font-weight: 400;\">Alors que la Cara\u00efbe ne repr\u00e9sente qu\u2019une infime partie des \u00e9missions mondiales de CO\u2082, elle est en premi\u00e8re ligne face aux cons\u00e9quences du r\u00e9chauffement climatique. Ces r\u00e9alit\u00e9s g\u00e9ographiques et \u00e9conomiques rendent la lutte pour la durabilit\u00e9 dans cette r\u00e9gion \u00e0 la fois urgente et d\u00e9cisive.<\/span><\/p>\t\t\t\t\t\t\t\t<\/div>\n\t\t\t\t<\/div>\n\t\t\t\t\t<\/div>\n\t\t<\/div>\n\t\t\t\t\t<\/div>\n\t\t<\/section>\n\t\t\t\t<section class=\"elementor-section elementor-top-section elementor-element elementor-element-16ba7e0 elementor-section-boxed elementor-section-height-default elementor-section-height-default\" data-id=\"16ba7e0\" data-element_type=\"section\">\n\t\t\t\t\t\t<div class=\"elementor-container elementor-column-gap-default\">\n\t\t\t\t\t<div class=\"elementor-column elementor-col-100 elementor-top-column elementor-element elementor-element-f6fb52b\" data-id=\"f6fb52b\" data-element_type=\"column\">\n\t\t\t<div class=\"elementor-widget-wrap elementor-element-populated\">\n\t\t\t\t\t\t<div class=\"elementor-element elementor-element-0ce05bd elementor-widget elementor-widget-heading\" data-id=\"0ce05bd\" data-element_type=\"widget\" data-widget_type=\"heading.default\">\n\t\t\t\t<div class=\"elementor-widget-container\">\n\t\t\t\t\t<h2 class=\"elementor-heading-title elementor-size-default\">Moins de 1 % des \u00e9missions mondiales, mais un impact disproportionn\u00e9<\/h2>\t\t\t\t<\/div>\n\t\t\t\t<\/div>\n\t\t\t\t<div class=\"elementor-element elementor-element-f5427b4 elementor-widget elementor-widget-text-editor\" data-id=\"f5427b4\" data-element_type=\"widget\" data-widget_type=\"text-editor.default\">\n\t\t\t\t<div class=\"elementor-widget-container\">\n\t\t\t\t\t\t\t\t\t<p><span style=\"font-weight: 400;\">Moins de 1 % \u2013 c\u2019est la part des \u00e9missions mondiales de CO\u2082 imputable \u00e0 toute la Cara\u00efbe, selon les estimations du FMI (0,3 %), de l\u2019OCDE (0,23 %) et de BNP Paribas (economic-research.bnpparibas.com). D\u2019autres sources comme la CEPAL indiquent que l\u2019ensemble de l\u2019Am\u00e9rique latine et des Cara\u00efbes repr\u00e9sente moins de 10 %, et selon Richmond Vale Academy, la Cara\u00efbe produit m\u00eame moins de 0,1 % du total mondial. Un paradoxe insulaire : pollueur minime, la r\u00e9gion subit pourtant de plein fouet les d\u00e9r\u00e8glements climatiques.<\/span><\/p>\t\t\t\t\t\t\t\t<\/div>\n\t\t\t\t<\/div>\n\t\t\t\t<div class=\"elementor-element elementor-element-016486b elementor-widget elementor-widget-text-editor\" data-id=\"016486b\" data-element_type=\"widget\" data-widget_type=\"text-editor.default\">\n\t\t\t\t<div class=\"elementor-widget-container\">\n\t\t\t\t\t\t\t\t\t<p><span style=\"font-weight: 400;\">Les \u00eeles carib\u00e9ennes sont particuli\u00e8rement vuln\u00e9rables aux ph\u00e9nom\u00e8nes climatiques extr\u00eames : des ouragans de plus en plus puissants, des vagues de chaleur, des s\u00e9cheresses prolong\u00e9es et des mont\u00e9es des eaux affectant de nombreuses \u00eeles. Ces chocs environnementaux testent les limites de la <\/span><a href=\"https:\/\/secondsoufflecaraibes.com\/index.php\/changement-et-resilience-climatique\/\" target=\"_blank\" rel=\"noopener nofollow\"><b>r\u00e9silience climatique<\/b><\/a><span style=\"font-weight: 400;\"> des nations insulaires.<\/span><\/p>\t\t\t\t\t\t\t\t<\/div>\n\t\t\t\t<\/div>\n\t\t\t\t<div class=\"elementor-element elementor-element-0b6e95b elementor-widget elementor-widget-text-editor\" data-id=\"0b6e95b\" data-element_type=\"widget\" data-widget_type=\"text-editor.default\">\n\t\t\t\t<div class=\"elementor-widget-container\">\n\t\t\t\t\t\t\t\t\t<p><span style=\"font-weight: 400;\">Selon le Programme de D\u00e9veloppement des Nations Unies (PNUD), les petites \u00eeles en d\u00e9veloppement comme celles des Cara\u00efbes risquent de perdre jusqu&#8217;\u00e0 10 % de leur PIB annuel \u00e0 cause des catastrophes naturelles li\u00e9es au climat.<\/span><\/p>\t\t\t\t\t\t\t\t<\/div>\n\t\t\t\t<\/div>\n\t\t\t\t<section class=\"elementor-section elementor-inner-section elementor-element elementor-element-d1f827d elementor-section-boxed elementor-section-height-default elementor-section-height-default\" data-id=\"d1f827d\" data-element_type=\"section\">\n\t\t\t\t\t\t<div class=\"elementor-container elementor-column-gap-default\">\n\t\t\t\t\t<div class=\"elementor-column elementor-col-100 elementor-inner-column elementor-element elementor-element-6760e1e\" data-id=\"6760e1e\" data-element_type=\"column\">\n\t\t\t<div class=\"elementor-widget-wrap elementor-element-populated\">\n\t\t\t\t\t\t<div class=\"elementor-element elementor-element-7c8f37a elementor-widget elementor-widget-image\" data-id=\"7c8f37a\" data-element_type=\"widget\" data-widget_type=\"image.default\">\n\t\t\t\t<div class=\"elementor-widget-container\">\n\t\t\t\t\t\t\t\t\t\t\t\t\t\t\t<img fetchpriority=\"high\" decoding=\"async\" width=\"800\" height=\"534\" src=\"https:\/\/richeskarayib.com\/wp-content\/uploads\/2025\/04\/ChatGPT-Image-25-avr.-2025-16_26_46-1024x683.png\" class=\"attachment-large size-large wp-image-49468\" alt=\"R\u00e9silience climatique\" srcset=\"https:\/\/richeskarayib.com\/wp-content\/uploads\/2025\/04\/ChatGPT-Image-25-avr.-2025-16_26_46-1024x683.png 1024w, https:\/\/richeskarayib.com\/wp-content\/uploads\/2025\/04\/ChatGPT-Image-25-avr.-2025-16_26_46-300x200.png 300w, https:\/\/richeskarayib.com\/wp-content\/uploads\/2025\/04\/ChatGPT-Image-25-avr.-2025-16_26_46-768x512.png 768w, https:\/\/richeskarayib.com\/wp-content\/uploads\/2025\/04\/ChatGPT-Image-25-avr.-2025-16_26_46-1320x880.png 1320w, https:\/\/richeskarayib.com\/wp-content\/uploads\/2025\/04\/ChatGPT-Image-25-avr.-2025-16_26_46.png 1536w\" sizes=\"(max-width: 800px) 100vw, 800px\" \/>\t\t\t\t\t\t\t\t\t\t\t\t\t\t\t<\/div>\n\t\t\t\t<\/div>\n\t\t\t\t\t<\/div>\n\t\t<\/div>\n\t\t\t\t\t<\/div>\n\t\t<\/section>\n\t\t\t\t\t<\/div>\n\t\t<\/div>\n\t\t\t\t\t<\/div>\n\t\t<\/section>\n\t\t\t\t<section class=\"elementor-section elementor-top-section elementor-element elementor-element-7c727fe elementor-section-boxed elementor-section-height-default elementor-section-height-default\" data-id=\"7c727fe\" data-element_type=\"section\">\n\t\t\t\t\t\t<div class=\"elementor-container elementor-column-gap-default\">\n\t\t\t\t\t<div class=\"elementor-column elementor-col-100 elementor-top-column elementor-element elementor-element-2675508\" data-id=\"2675508\" data-element_type=\"column\">\n\t\t\t<div class=\"elementor-widget-wrap elementor-element-populated\">\n\t\t\t\t\t\t<div class=\"elementor-element elementor-element-86f7f71 elementor-widget elementor-widget-heading\" data-id=\"86f7f71\" data-element_type=\"widget\" data-widget_type=\"heading.default\">\n\t\t\t\t<div class=\"elementor-widget-container\">\n\t\t\t\t\t<h2 class=\"elementor-heading-title elementor-size-default\">Une crise \u00e9conomique exacerb\u00e9e par le changement climatique<\/h2>\t\t\t\t<\/div>\n\t\t\t\t<\/div>\n\t\t\t\t<div class=\"elementor-element elementor-element-1931a91 elementor-widget elementor-widget-text-editor\" data-id=\"1931a91\" data-element_type=\"widget\" data-widget_type=\"text-editor.default\">\n\t\t\t\t<div class=\"elementor-widget-container\">\n\t\t\t\t\t\t\t\t\t<p><span style=\"font-weight: 400;\">6 fois \u2013 l\u2019impact \u00e9conomique du <a href=\"https:\/\/richeskarayib.com\/fr\/fondation-de-la-mer-engagement-protection\/\" target=\"_blank\" rel=\"noopener\">changement climatique<\/a> sur les \u00e9conomies carib\u00e9ennes est estim\u00e9 jusqu\u2019\u00e0 six fois plus lourd que la moyenne mondiale (BNP Paribas, FMI, Banque mondiale). Chaque dollar perdu ou d\u00e9pens\u00e9 \u00e0 cause du climat p\u00e8se six fois plus qu\u2019ailleurs \u2013 un fardeau colossal pour des pays souvent endett\u00e9s et d\u00e9pendants d\u2019agriculture ou de tourisme. C\u2019est une mise \u00e0 l\u2019\u00e9preuve continue de leur <\/span><b>r\u00e9silience climatique<\/b><span style=\"font-weight: 400;\">.<\/span><\/p>\t\t\t\t\t\t\t\t<\/div>\n\t\t\t\t<\/div>\n\t\t\t\t<div class=\"elementor-element elementor-element-68fcf44 elementor-widget elementor-widget-text-editor\" data-id=\"68fcf44\" data-element_type=\"widget\" data-widget_type=\"text-editor.default\">\n\t\t\t\t<div class=\"elementor-widget-container\">\n\t\t\t\t\t\t\t\t\t<p><span style=\"font-weight: 400;\">Un exemple marquant : l\u2019ouragan Maria en 2017 a caus\u00e9 des d\u00e9g\u00e2ts \u00e9quivalents \u00e0 <\/span><b>226 % du PIB<\/b><span style=\"font-weight: 400;\"> annuel de la <a href=\"https:\/\/richeskarayib.com\/fr\/centrale-geothermique-de-la-dominique-article\/\" target=\"_blank\" rel=\"noopener\">Dominique<\/a>, selon la Banque mondiale, le PDNA et le Programme ACP-UE NDRR (esg.wharton.upenn.edu). En quelques heures, plus de deux ann\u00e9es de richesse nationale ont \u00e9t\u00e9 an\u00e9anties. Ce chiffre choc illustre \u00e0 quel point un seul cyclone peut renverser l\u2019\u00e9conomie d\u2019un petit \u00c9tat insulaire, r\u00e9duisant \u00e0 n\u00e9ant des ann\u00e9es d\u2019efforts pour renforcer la <\/span><b>r\u00e9silience climatique<\/b><span style=\"font-weight: 400;\">.<\/span><\/p>\t\t\t\t\t\t\t\t<\/div>\n\t\t\t\t<\/div>\n\t\t\t\t\t<\/div>\n\t\t<\/div>\n\t\t\t\t\t<\/div>\n\t\t<\/section>\n\t\t\t\t<section class=\"elementor-section elementor-top-section elementor-element elementor-element-1a0b771 elementor-section-boxed elementor-section-height-default elementor-section-height-default\" data-id=\"1a0b771\" data-element_type=\"section\">\n\t\t\t\t\t\t<div class=\"elementor-container elementor-column-gap-default\">\n\t\t\t\t\t<div class=\"elementor-column elementor-col-100 elementor-top-column elementor-element elementor-element-345f4b7\" data-id=\"345f4b7\" data-element_type=\"column\">\n\t\t\t<div class=\"elementor-widget-wrap elementor-element-populated\">\n\t\t\t\t\t\t<div class=\"elementor-element elementor-element-d6a712a elementor-widget elementor-widget-heading\" data-id=\"d6a712a\" data-element_type=\"widget\" data-widget_type=\"heading.default\">\n\t\t\t\t<div class=\"elementor-widget-container\">\n\t\t\t\t\t<h2 class=\"elementor-heading-title elementor-size-default\">Transition \u00e9nerg\u00e9tique : des efforts, mais des d\u00e9fis \u00e0 surmonter<\/h2>\t\t\t\t<\/div>\n\t\t\t\t<\/div>\n\t\t\t\t<div class=\"elementor-element elementor-element-f9582c3 elementor-widget elementor-widget-text-editor\" data-id=\"f9582c3\" data-element_type=\"widget\" data-widget_type=\"text-editor.default\">\n\t\t\t\t<div class=\"elementor-widget-container\">\n\t\t\t\t\t\t\t\t\t<p><span style=\"font-weight: 400;\">Face aux menaces environnementales et \u00e9conomiques, la <\/span><b>r\u00e9silience climatique<\/b><span style=\"font-weight: 400;\"> passe aussi par une transition \u00e9nerg\u00e9tique ambitieuse. Le Belize est en t\u00eate : <\/span><b>48 %<\/b><span style=\"font-weight: 400;\"> de son \u00e9lectricit\u00e9 provient d\u00e9j\u00e0 de sources renouvelables, selon l\u2019Atlantic Council. C\u2019est un record r\u00e9gional. Pourtant, la majorit\u00e9 des pays carib\u00e9ens peinent \u00e0 suivre ce rythme.<\/span><\/p>\t\t\t\t\t\t\t\t<\/div>\n\t\t\t\t<\/div>\n\t\t\t\t<div class=\"elementor-element elementor-element-f6734df elementor-widget elementor-widget-text-editor\" data-id=\"f6734df\" data-element_type=\"widget\" data-widget_type=\"text-editor.default\">\n\t\t\t\t<div class=\"elementor-widget-container\">\n\t\t\t\t\t\t\t\t\t<p><span style=\"font-weight: 400;\">L\u2019Alliance des \u00c9tats de la Cara\u00efbe s\u2019est fix\u00e9e comme objectif collectif d\u2019atteindre 48 % d\u2019\u00e9lectricit\u00e9 produite \u00e0 partir d\u2019\u00e9nergies renouvelables d\u2019ici 2027. Bien que dot\u00e9e d\u2019un fort potentiel solaire et \u00e9olien, la r\u00e9gion progresse lentement et de mani\u00e8re in\u00e9gale. Acc\u00e9l\u00e9rer cette transition est indispensable pour renforcer la <\/span><b>r\u00e9silience climatique<\/b><span style=\"font-weight: 400;\"> face \u00e0 la d\u00e9pendance \u00e9nerg\u00e9tique et \u00e0 la volatilit\u00e9 des march\u00e9s fossiles.<\/span><\/p>\t\t\t\t\t\t\t\t<\/div>\n\t\t\t\t<\/div>\n\t\t\t\t<section class=\"elementor-section elementor-inner-section elementor-element elementor-element-178a399 elementor-section-boxed elementor-section-height-default elementor-section-height-default\" data-id=\"178a399\" data-element_type=\"section\">\n\t\t\t\t\t\t<div class=\"elementor-container elementor-column-gap-default\">\n\t\t\t\t\t<div class=\"elementor-column elementor-col-100 elementor-inner-column elementor-element elementor-element-03fff06\" data-id=\"03fff06\" data-element_type=\"column\">\n\t\t\t<div class=\"elementor-widget-wrap elementor-element-populated\">\n\t\t\t\t\t\t<div class=\"elementor-element elementor-element-5c31432 elementor-widget elementor-widget-image\" data-id=\"5c31432\" data-element_type=\"widget\" data-widget_type=\"image.default\">\n\t\t\t\t<div class=\"elementor-widget-container\">\n\t\t\t\t\t\t\t\t\t\t\t\t\t\t\t<img decoding=\"async\" width=\"800\" height=\"534\" src=\"https:\/\/richeskarayib.com\/wp-content\/uploads\/2025\/04\/febbd36f-36ae-473a-83bf-a6ffe256ce58-1024x683.png\" class=\"attachment-large size-large wp-image-49472\" alt=\"r\u00e9silience climatique\" srcset=\"https:\/\/richeskarayib.com\/wp-content\/uploads\/2025\/04\/febbd36f-36ae-473a-83bf-a6ffe256ce58-1024x683.png 1024w, https:\/\/richeskarayib.com\/wp-content\/uploads\/2025\/04\/febbd36f-36ae-473a-83bf-a6ffe256ce58-300x200.png 300w, https:\/\/richeskarayib.com\/wp-content\/uploads\/2025\/04\/febbd36f-36ae-473a-83bf-a6ffe256ce58-768x512.png 768w, https:\/\/richeskarayib.com\/wp-content\/uploads\/2025\/04\/febbd36f-36ae-473a-83bf-a6ffe256ce58-1320x880.png 1320w, https:\/\/richeskarayib.com\/wp-content\/uploads\/2025\/04\/febbd36f-36ae-473a-83bf-a6ffe256ce58.png 1536w\" sizes=\"(max-width: 800px) 100vw, 800px\" \/>\t\t\t\t\t\t\t\t\t\t\t\t\t\t\t<\/div>\n\t\t\t\t<\/div>\n\t\t\t\t\t<\/div>\n\t\t<\/div>\n\t\t\t\t\t<\/div>\n\t\t<\/section>\n\t\t\t\t\t<\/div>\n\t\t<\/div>\n\t\t\t\t\t<\/div>\n\t\t<\/section>\n\t\t\t\t<section class=\"elementor-section elementor-top-section elementor-element elementor-element-75226b9 elementor-section-boxed elementor-section-height-default elementor-section-height-default\" data-id=\"75226b9\" data-element_type=\"section\">\n\t\t\t\t\t\t<div class=\"elementor-container elementor-column-gap-default\">\n\t\t\t\t\t<div class=\"elementor-column elementor-col-100 elementor-top-column elementor-element elementor-element-992e41e\" data-id=\"992e41e\" data-element_type=\"column\">\n\t\t\t<div class=\"elementor-widget-wrap elementor-element-populated\">\n\t\t\t\t\t\t<div class=\"elementor-element elementor-element-b7fae28 elementor-widget elementor-widget-heading\" data-id=\"b7fae28\" data-element_type=\"widget\" data-widget_type=\"heading.default\">\n\t\t\t\t<div class=\"elementor-widget-container\">\n\t\t\t\t\t<h2 class=\"elementor-heading-title elementor-size-default\">Un pas d\u00e9cisif contre les plastiques \u00e0 usage unique<\/h2>\t\t\t\t<\/div>\n\t\t\t\t<\/div>\n\t\t\t\t<div class=\"elementor-element elementor-element-0431e8e elementor-widget elementor-widget-text-editor\" data-id=\"0431e8e\" data-element_type=\"widget\" data-widget_type=\"text-editor.default\">\n\t\t\t\t<div class=\"elementor-widget-container\">\n\t\t\t\t\t\t\t\t\t<p><span style=\"font-weight: 400;\">En mati\u00e8re de gestion des d\u00e9chets, plus de <\/span><b>14 pays<\/b><span style=\"font-weight: 400;\"> de la Cara\u00efbe (soit plus du tiers de la r\u00e9gion) ont interdit les sacs plastiques \u00e0 usage unique et les contenants en polystyr\u00e8ne depuis 2019, selon une \u00e9tude publi\u00e9e sur ResearchGate. Parmi eux : Saint-Kitts-et-Nevis, la Barbade et Antigua-et-Barbuda.<\/span><\/p>\t\t\t\t\t\t\t\t<\/div>\n\t\t\t\t<\/div>\n\t\t\t\t<div class=\"elementor-element elementor-element-c7e87f3 elementor-widget elementor-widget-text-editor\" data-id=\"c7e87f3\" data-element_type=\"widget\" data-widget_type=\"text-editor.default\">\n\t\t\t\t<div class=\"elementor-widget-container\">\n\t\t\t\t\t\t\t\t\t<p><span style=\"font-weight: 400;\">Ces actions r\u00e9glementaires, cruciales pour les \u00e9cosyst\u00e8mes marins dont d\u00e9pendent le tourisme, la p\u00eache et la protection c\u00f4ti\u00e8re, participent elles aussi \u00e0 renforcer la <\/span><b>r\u00e9silience climatique<\/b><span style=\"font-weight: 400;\">. Toutefois, la r\u00e9gion reste confront\u00e9e \u00e0 des volumes croissants de d\u00e9chets plastiques, dont une grande part provient de l\u2019ext\u00e9rieur.<\/span><\/p>\t\t\t\t\t\t\t\t<\/div>\n\t\t\t\t<\/div>\n\t\t\t\t\t<\/div>\n\t\t<\/div>\n\t\t\t\t\t<\/div>\n\t\t<\/section>\n\t\t\t\t<section class=\"elementor-section elementor-top-section elementor-element elementor-element-68af3bb elementor-section-boxed elementor-section-height-default elementor-section-height-default\" data-id=\"68af3bb\" data-element_type=\"section\">\n\t\t\t\t\t\t<div class=\"elementor-container elementor-column-gap-default\">\n\t\t\t\t\t<div class=\"elementor-column elementor-col-100 elementor-top-column elementor-element elementor-element-5dd556b\" data-id=\"5dd556b\" data-element_type=\"column\">\n\t\t\t<div class=\"elementor-widget-wrap elementor-element-populated\">\n\t\t\t\t\t\t<div class=\"elementor-element elementor-element-b557600 elementor-widget elementor-widget-heading\" data-id=\"b557600\" data-element_type=\"widget\" data-widget_type=\"heading.default\">\n\t\t\t\t<div class=\"elementor-widget-container\">\n\t\t\t\t\t<h2 class=\"elementor-heading-title elementor-size-default\">Le r\u00f4le des jeunes et des initiatives locales<\/h2>\t\t\t\t<\/div>\n\t\t\t\t<\/div>\n\t\t\t\t<div class=\"elementor-element elementor-element-a4b55e0 elementor-widget elementor-widget-text-editor\" data-id=\"a4b55e0\" data-element_type=\"widget\" data-widget_type=\"text-editor.default\">\n\t\t\t\t<div class=\"elementor-widget-container\">\n\t\t\t\t\t\t\t\t\t<p><span style=\"font-weight: 400;\">La <\/span><b>r\u00e9silience climatique<\/b><span style=\"font-weight: 400;\"> en Cara\u00efbe prend aussi racine dans les actions citoyennes. Les jeunes g\u00e9n\u00e9rations m\u00e8nent des initiatives locales pour une consommation responsable, la pr\u00e9servation de la biodiversit\u00e9 ou encore la reforestation. Dans plusieurs \u00eeles, des startups \u00e9cologiques \u00e9mergent pour accompagner la transition verte.<\/span><\/p>\t\t\t\t\t\t\t\t<\/div>\n\t\t\t\t<\/div>\n\t\t\t\t<div class=\"elementor-element elementor-element-43080b8 elementor-widget elementor-widget-text-editor\" data-id=\"43080b8\" data-element_type=\"widget\" data-widget_type=\"text-editor.default\">\n\t\t\t\t<div class=\"elementor-widget-container\">\n\t\t\t\t\t\t\t\t\t<p><span style=\"font-weight: 400;\">Ces mouvements communautaires montrent que la <\/span><b>r\u00e9silience climatique<\/b><span style=\"font-weight: 400;\"> ne d\u00e9pend pas seulement des gouvernements ou des bailleurs internationaux, mais aussi de la cr\u00e9ativit\u00e9 et de la d\u00e9termination locale.<\/span><\/p>\t\t\t\t\t\t\t\t<\/div>\n\t\t\t\t<\/div>\n\t\t\t\t<section class=\"elementor-section elementor-inner-section elementor-element elementor-element-7492399 elementor-section-boxed elementor-section-height-default elementor-section-height-default\" data-id=\"7492399\" data-element_type=\"section\">\n\t\t\t\t\t\t<div class=\"elementor-container elementor-column-gap-default\">\n\t\t\t\t\t<div class=\"elementor-column elementor-col-100 elementor-inner-column elementor-element elementor-element-b32c738\" data-id=\"b32c738\" data-element_type=\"column\">\n\t\t\t<div class=\"elementor-widget-wrap elementor-element-populated\">\n\t\t\t\t\t\t<div class=\"elementor-element elementor-element-51bf9c0 elementor-widget elementor-widget-image\" data-id=\"51bf9c0\" data-element_type=\"widget\" data-widget_type=\"image.default\">\n\t\t\t\t<div class=\"elementor-widget-container\">\n\t\t\t\t\t\t\t\t\t\t\t\t\t\t\t<img decoding=\"async\" width=\"683\" height=\"1024\" src=\"https:\/\/richeskarayib.com\/wp-content\/uploads\/2025\/04\/pexels-shvetsa-5029853-683x1024.jpg\" class=\"attachment-large size-large wp-image-49476\" alt=\"r\u00e9silience climatique\" srcset=\"https:\/\/richeskarayib.com\/wp-content\/uploads\/2025\/04\/pexels-shvetsa-5029853-683x1024.jpg 683w, https:\/\/richeskarayib.com\/wp-content\/uploads\/2025\/04\/pexels-shvetsa-5029853-200x300.jpg 200w, https:\/\/richeskarayib.com\/wp-content\/uploads\/2025\/04\/pexels-shvetsa-5029853-768x1152.jpg 768w, https:\/\/richeskarayib.com\/wp-content\/uploads\/2025\/04\/pexels-shvetsa-5029853-1024x1536.jpg 1024w, https:\/\/richeskarayib.com\/wp-content\/uploads\/2025\/04\/pexels-shvetsa-5029853.jpg 1280w\" sizes=\"(max-width: 683px) 100vw, 683px\" \/>\t\t\t\t\t\t\t\t\t\t\t\t\t\t\t<\/div>\n\t\t\t\t<\/div>\n\t\t\t\t\t<\/div>\n\t\t<\/div>\n\t\t\t\t\t<\/div>\n\t\t<\/section>\n\t\t\t\t\t<\/div>\n\t\t<\/div>\n\t\t\t\t\t<\/div>\n\t\t<\/section>\n\t\t\t\t<section class=\"elementor-section elementor-top-section elementor-element elementor-element-a968fb2 elementor-section-boxed elementor-section-height-default elementor-section-height-default\" data-id=\"a968fb2\" data-element_type=\"section\">\n\t\t\t\t\t\t<div class=\"elementor-container elementor-column-gap-default\">\n\t\t\t\t\t<div class=\"elementor-column elementor-col-100 elementor-top-column elementor-element elementor-element-701a308\" data-id=\"701a308\" data-element_type=\"column\">\n\t\t\t<div class=\"elementor-widget-wrap elementor-element-populated\">\n\t\t\t\t\t\t<div class=\"elementor-element elementor-element-89466e3 elementor-widget elementor-widget-text-editor\" data-id=\"89466e3\" data-element_type=\"widget\" data-widget_type=\"text-editor.default\">\n\t\t\t\t<div class=\"elementor-widget-container\">\n\t\t\t\t\t\t\t\t\t<p><span style=\"font-weight: 400;\">Face \u00e0 des d\u00e9fis colossaux, la <\/span><b>r\u00e9silience climatique<\/b><span style=\"font-weight: 400;\"> de la Cara\u00efbe se traduit par une volont\u00e9 d\u2019agir, m\u00eame quand les ressources semblent limit\u00e9es. Si la r\u00e9gion ne porte qu\u2019une faible part de la responsabilit\u00e9 des \u00e9missions mondiales de CO\u2082, elle supporte des co\u00fbts \u00e9conomiques et humains disproportionn\u00e9s.<\/span><\/p>\t\t\t\t\t\t\t\t<\/div>\n\t\t\t\t<\/div>\n\t\t\t\t<div class=\"elementor-element elementor-element-f93181b elementor-widget elementor-widget-text-editor\" data-id=\"f93181b\" data-element_type=\"widget\" data-widget_type=\"text-editor.default\">\n\t\t\t\t<div class=\"elementor-widget-container\">\n\t\t\t\t\t\t\t\t\t<p><span style=\"font-weight: 400;\">Les initiatives locales, les efforts de transition \u00e9nerg\u00e9tique et la lutte contre la pollution sont autant de signes encourageants. Cependant, la route vers une <\/span><b>r\u00e9silience climatique<\/b><span style=\"font-weight: 400;\"> durable reste longue. Il est crucial que la communaut\u00e9 internationale soutienne les efforts de la Cara\u00efbe, en reconnaissant la singularit\u00e9 des d\u00e9fis qu\u2019elle affronte.<\/span><\/p>\t\t\t\t\t\t\t\t<\/div>\n\t\t\t\t<\/div>\n\t\t\t\t\t<\/div>\n\t\t<\/div>\n\t\t\t\t\t<\/div>\n\t\t<\/section>\n\t\t\t\t<\/div>\n\t\t","protected":false},"excerpt":{"rendered":"<p>R\u00e9silience climatique : un d\u00e9fi insulaire La r\u00e9silience climatique de la Cara\u00efbe est un concept qui va bien au-del\u00e0 des simples discussions sur l\u2019environnement. Pour cette r\u00e9gion du monde, souvent per\u00e7ue comme un paradis touristique, la r\u00e9alit\u00e9 est bien plus complexe. En d\u00e9pit d\u2019une contribution marginale aux \u00e9missions mondiales de gaz \u00e0 effet de serre, [&hellip;]<\/p>\n","protected":false},"author":662,"featured_media":49463,"comment_status":"open","ping_status":"open","sticky":false,"template":"","format":"standard","meta":{"_acf_changed":false,"footnotes":""},"categories":[840,1732],"tags":[1441,1598,1545,808,1675,1676],"class_list":["post-49462","post","type-post","status-publish","format-standard","has-post-thumbnail","hentry","category-actus","category-tourisme","tag-anguilla-fr","tag-barbade-fr","tag-guadeloupe-2","tag-martinique-fr","tag-sainte-lucie-2","tag-trinidad-et-tobago-2"],"acf":[],"_links":{"self":[{"href":"https:\/\/richeskarayib.com\/fr\/wp-json\/wp\/v2\/posts\/49462","targetHints":{"allow":["GET"]}}],"collection":[{"href":"https:\/\/richeskarayib.com\/fr\/wp-json\/wp\/v2\/posts"}],"about":[{"href":"https:\/\/richeskarayib.com\/fr\/wp-json\/wp\/v2\/types\/post"}],"author":[{"embeddable":true,"href":"https:\/\/richeskarayib.com\/fr\/wp-json\/wp\/v2\/users\/662"}],"replies":[{"embeddable":true,"href":"https:\/\/richeskarayib.com\/fr\/wp-json\/wp\/v2\/comments?post=49462"}],"version-history":[{"count":0,"href":"https:\/\/richeskarayib.com\/fr\/wp-json\/wp\/v2\/posts\/49462\/revisions"}],"wp:featuredmedia":[{"embeddable":true,"href":"https:\/\/richeskarayib.com\/fr\/wp-json\/wp\/v2\/media\/49463"}],"wp:attachment":[{"href":"https:\/\/richeskarayib.com\/fr\/wp-json\/wp\/v2\/media?parent=49462"}],"wp:term":[{"taxonomy":"category","embeddable":true,"href":"https:\/\/richeskarayib.com\/fr\/wp-json\/wp\/v2\/categories?post=49462"},{"taxonomy":"post_tag","embeddable":true,"href":"https:\/\/richeskarayib.com\/fr\/wp-json\/wp\/v2\/tags?post=49462"}],"curies":[{"name":"wp","href":"https:\/\/api.w.org\/{rel}","templated":true}]}}