{"id":49733,"date":"2025-05-20T15:40:58","date_gmt":"2025-05-20T19:40:58","guid":{"rendered":"https:\/\/richeskarayib.com\/?p=49733"},"modified":"2025-05-21T14:10:33","modified_gmt":"2025-05-21T18:10:33","slug":"saint-vincent-et-les-grenadines-une-ile","status":"publish","type":"post","link":"https:\/\/richeskarayib.com\/fr\/saint-vincent-et-les-grenadines-une-ile\/","title":{"rendered":"[SEATRADE 2025] Saint-Vincent-et-les-Grenadines \u2013 Une \u00eele, une histoire, un futur responsable"},"content":{"rendered":"\t\t<div data-elementor-type=\"wp-post\" data-elementor-id=\"49733\" class=\"elementor elementor-49733\" data-elementor-post-type=\"post\">\n\t\t\t\t\t\t<section class=\"elementor-section elementor-top-section elementor-element elementor-element-7d4f952 elementor-section-boxed elementor-section-height-default elementor-section-height-default\" data-id=\"7d4f952\" data-element_type=\"section\">\n\t\t\t\t\t\t<div class=\"elementor-container elementor-column-gap-default\">\n\t\t\t\t\t<div class=\"elementor-column elementor-col-100 elementor-top-column elementor-element elementor-element-f3833fa\" data-id=\"f3833fa\" data-element_type=\"column\">\n\t\t\t<div class=\"elementor-widget-wrap elementor-element-populated\">\n\t\t\t\t\t\t<div class=\"elementor-element elementor-element-7072b3d elementor-widget elementor-widget-heading\" data-id=\"7072b3d\" data-element_type=\"widget\" data-widget_type=\"heading.default\">\n\t\t\t\t<div class=\"elementor-widget-container\">\n\t\t\t\t\t<h2 class=\"elementor-heading-title elementor-size-default\">Saint-Vincent-et-les-Grenadines affirme son engagement pour l\u2019innovation et l\u2019authenticit\u00e9<\/h2>\t\t\t\t<\/div>\n\t\t\t\t<\/div>\n\t\t\t\t<div class=\"elementor-element elementor-element-6cd393f elementor-widget elementor-widget-text-editor\" data-id=\"6cd393f\" data-element_type=\"widget\" data-widget_type=\"text-editor.default\">\n\t\t\t\t<div class=\"elementor-widget-container\">\n\t\t\t\t\t\t\t\t\t<p>Du 8 au 11 avril 2025, <a href=\"https:\/\/www.tripadvisor.fr\/Tourism-g147379-St_Vincent_and_the_Grenadines-Vacations.html\" target=\"_blank\" rel=\"noopener nofollow\"><strong data-start=\"619\" data-end=\"654\">Saint-Vincent-et-les-Grenadines<\/strong><\/a> figurait parmi les territoires carib\u00e9ens pr\u00e9sents au <a href=\"https:\/\/www.seatradecruiseevents.com\/global\/en\/home.html\" target=\"_blank\" rel=\"noopener nofollow\"><strong data-start=\"708\" data-end=\"734\">Seatrade Cruise Global<\/strong><\/a> de Miami, le plus grand salon mondial d\u00e9di\u00e9 \u00e0 l\u2019industrie de la croisi\u00e8re.<br data-start=\"809\" data-end=\"812\" \/>\u00c0 travers les t\u00e9moignages du <strong>Comit\u00e9\u00a0du Tourisme<\/strong>, de l\u2019<strong data-start=\"872\" data-end=\"894\">Autorit\u00e9 Portuaire<\/strong> et de l\u2019<strong data-start=\"903\" data-end=\"941\">Association des Chauffeurs de Taxi<\/strong>, le pays a affich\u00e9 ses ambitions : affirmer son identit\u00e9, renforcer ses infrastructures, et se positionner comme une destination authentique, durable et r\u00e9solument tourn\u00e9e vers l\u2019avenir dans l\u2019univers de la croisi\u00e8re carib\u00e9enne.<\/p>\t\t\t\t\t\t\t\t<\/div>\n\t\t\t\t<\/div>\n\t\t\t\t\t<\/div>\n\t\t<\/div>\n\t\t\t\t\t<\/div>\n\t\t<\/section>\n\t\t\t\t<section class=\"elementor-section elementor-top-section elementor-element elementor-element-16ba7e0 elementor-section-boxed elementor-section-height-default elementor-section-height-default\" data-id=\"16ba7e0\" data-element_type=\"section\">\n\t\t\t\t\t\t<div class=\"elementor-container elementor-column-gap-default\">\n\t\t\t\t\t<div class=\"elementor-column elementor-col-100 elementor-top-column elementor-element elementor-element-f6fb52b\" data-id=\"f6fb52b\" data-element_type=\"column\">\n\t\t\t<div class=\"elementor-widget-wrap elementor-element-populated\">\n\t\t\t\t\t\t<div class=\"elementor-element elementor-element-0ce05bd elementor-widget elementor-widget-heading\" data-id=\"0ce05bd\" data-element_type=\"widget\" data-widget_type=\"heading.default\">\n\t\t\t\t<div class=\"elementor-widget-container\">\n\t\t\t\t\t<h2 class=\"elementor-heading-title elementor-size-default\">D\u00e9velopper un tourisme authentique et diversifi\u00e9 \u2013 La vision du Comit\u00e9 du Tourisme<\/h2>\t\t\t\t<\/div>\n\t\t\t\t<\/div>\n\t\t\t\t<div class=\"elementor-element elementor-element-f5427b4 elementor-widget elementor-widget-text-editor\" data-id=\"f5427b4\" data-element_type=\"widget\" data-widget_type=\"text-editor.default\">\n\t\t\t\t<div class=\"elementor-widget-container\">\n\t\t\t\t\t\t\t\t\t<p class=\"\" data-start=\"1266\" data-end=\"1600\">Pour <strong data-start=\"1271\" data-end=\"1287\">Annette Mark<\/strong>, directrice g\u00e9n\u00e9rale du Comit\u00e9 du Tourisme de <a href=\"https:\/\/richeskarayib.com\/fr\/escoot-rentals-mobilite-ecologique-svg\/\" target=\"_blank\" rel=\"noopener\">Saint-Vincent-et-les-Grenadines<\/a>, le Seatrade est \u00ab <strong data-start=\"1387\" data-end=\"1469\">un rendez-vous essentiel, riche en rencontres et en opportunit\u00e9s pour l\u2019avenir<\/strong> \u00bb.<br data-start=\"1472\" data-end=\"1475\" \/>Elle insiste sur l&#8217;importance des prochaines saisons (2026\u20132028) pour consolider l&#8217;image du pays sur la sc\u00e8ne internationale.<\/p><p class=\"\" data-start=\"1602\" data-end=\"1659\">L\u2019\u00eele b\u00e9n\u00e9ficie aujourd\u2019hui d&#8217;un v\u00e9ritable \u00e9lan gr\u00e2ce \u00e0 :<\/p><ul><li data-start=\"1662\" data-end=\"1716\"><strong data-start=\"1662\" data-end=\"1713\">L\u2019ouverture de l\u2019a\u00e9roport international en 2017<\/strong>,<\/li><li class=\"\" data-start=\"1717\" data-end=\"1828\"><p class=\"\" data-start=\"1719\" data-end=\"1828\"><strong data-start=\"1719\" data-end=\"1767\">L\u2019implantation de grandes marques h\u00f4teli\u00e8res<\/strong> comme <strong data-start=\"1774\" data-end=\"1785\">Sandals<\/strong>, <strong data-start=\"1787\" data-end=\"1808\">Mandarin Oriental<\/strong>, et <strong data-start=\"1813\" data-end=\"1827\">Soho House<\/strong>.<\/p><\/li><\/ul><p class=\"\" data-start=\"1830\" data-end=\"1917\">Ces investissements transforment l\u2019accueil touristique, notamment sur l\u2019\u00eele principale.<\/p><p class=\"\" data-start=\"1919\" data-end=\"2198\">Cependant, la situation g\u00e9ographique de Saint-Vincent repr\u00e9sente un d\u00e9fi pour les croisi\u00e8res classiques de 7 jours au d\u00e9part de Miami.<br data-start=\"2053\" data-end=\"2056\" \/>\u00ab <strong data-start=\"2058\" data-end=\"2172\">Nous devons cr\u00e9er la demande pour encourager les compagnies \u00e0 prolonger leurs itin\u00e9raires et venir plus au sud<\/strong> \u00bb, explique Annette Mark.<\/p>\t\t\t\t\t\t\t\t<\/div>\n\t\t\t\t<\/div>\n\t\t\t\t<div class=\"elementor-element elementor-element-ca38c8c elementor-widget elementor-widget-image\" data-id=\"ca38c8c\" data-element_type=\"widget\" data-widget_type=\"image.default\">\n\t\t\t\t<div class=\"elementor-widget-container\">\n\t\t\t\t\t\t\t\t\t\t\t\t<figure class=\"wp-caption\">\n\t\t\t\t\t\t\t\t\t\t<img fetchpriority=\"high\" decoding=\"async\" width=\"528\" height=\"648\" src=\"https:\/\/richeskarayib.com\/wp-content\/uploads\/2025\/05\/2025-05-20_21h22_06.png\" class=\"attachment-large size-large wp-image-51982\" alt=\"Saint-Vincent-et-les-Grenadines\" srcset=\"https:\/\/richeskarayib.com\/wp-content\/uploads\/2025\/05\/2025-05-20_21h22_06.png 528w, https:\/\/richeskarayib.com\/wp-content\/uploads\/2025\/05\/2025-05-20_21h22_06-244x300.png 244w\" sizes=\"(max-width: 528px) 100vw, 528px\" \/>\t\t\t\t\t\t\t\t\t\t\t<figcaption class=\"widget-image-caption wp-caption-text\">Annette Mark<\/figcaption>\n\t\t\t\t\t\t\t\t\t\t<\/figure>\n\t\t\t\t\t\t\t\t\t<\/div>\n\t\t\t\t<\/div>\n\t\t\t\t<div class=\"elementor-element elementor-element-5283c56 elementor-widget elementor-widget-text-editor\" data-id=\"5283c56\" data-element_type=\"widget\" data-widget_type=\"text-editor.default\">\n\t\t\t\t<div class=\"elementor-widget-container\">\n\t\t\t\t\t\t\t\t\t<h2 data-start=\"2200\" data-end=\"2234\">Ce qui rend Saint-Vincent et les Grenadines unique ?<\/h2><ul data-start=\"2235\" data-end=\"2439\"><li class=\"\" data-start=\"2235\" data-end=\"2323\"><p class=\"\" data-start=\"2237\" data-end=\"2323\">Une <strong data-start=\"2241\" data-end=\"2272\">biodiversit\u00e9 exceptionnelle<\/strong> entre plages de sable noir, cascades et volcans,<\/p><\/li><li class=\"\" data-start=\"2324\" data-end=\"2378\"><p class=\"\" data-start=\"2326\" data-end=\"2378\">Des <strong data-start=\"2330\" data-end=\"2377\">\u00eeles coralliennes aux plages de sable blanc<\/strong>,<\/p><\/li><li class=\"\" data-start=\"2379\" data-end=\"2439\"><p class=\"\" data-start=\"2381\" data-end=\"2439\">Une <strong data-start=\"2385\" data-end=\"2411\">authenticit\u00e9 pr\u00e9serv\u00e9e<\/strong>, loin du tourisme de masse.<\/p><\/li><\/ul><p class=\"\" data-start=\"2441\" data-end=\"2619\">\ud83c\udfaf <strong data-start=\"2444\" data-end=\"2490\">Annette Mark souhaite que<\/strong><strong data-start=\"2512\" data-end=\"2618\"> Saint-Vincent-et-les-Grenadines continue \u00e0 se positionner comme une destination boutique, authentique et inoubliable<\/strong>.<\/p>\t\t\t\t\t\t\t\t<\/div>\n\t\t\t\t<\/div>\n\t\t\t\t<div class=\"elementor-element elementor-element-26700d5 elementor-widget elementor-widget-image\" data-id=\"26700d5\" data-element_type=\"widget\" data-widget_type=\"image.default\">\n\t\t\t\t<div class=\"elementor-widget-container\">\n\t\t\t\t\t\t\t\t\t\t\t\t\t\t\t<img decoding=\"async\" width=\"800\" height=\"600\" src=\"https:\/\/richeskarayib.com\/wp-content\/uploads\/2025\/05\/st-vincent-and-the-grenadines-1-1024x768.jpg\" class=\"attachment-large size-large wp-image-51994\" alt=\"Saint-Vincent-et-les-Grenadines\" srcset=\"https:\/\/richeskarayib.com\/wp-content\/uploads\/2025\/05\/st-vincent-and-the-grenadines-1-1024x768.jpg 1024w, https:\/\/richeskarayib.com\/wp-content\/uploads\/2025\/05\/st-vincent-and-the-grenadines-1-300x225.jpg 300w, https:\/\/richeskarayib.com\/wp-content\/uploads\/2025\/05\/st-vincent-and-the-grenadines-1-768x576.jpg 768w, https:\/\/richeskarayib.com\/wp-content\/uploads\/2025\/05\/st-vincent-and-the-grenadines-1.jpg 1200w\" sizes=\"(max-width: 800px) 100vw, 800px\" \/>\t\t\t\t\t\t\t\t\t\t\t\t\t\t\t<\/div>\n\t\t\t\t<\/div>\n\t\t\t\t<section class=\"elementor-section elementor-inner-section elementor-element elementor-element-81f3b2d elementor-section-boxed elementor-section-height-default elementor-section-height-default\" data-id=\"81f3b2d\" data-element_type=\"section\">\n\t\t\t\t\t\t<div class=\"elementor-container elementor-column-gap-default\">\n\t\t\t\t\t<div class=\"elementor-column elementor-col-100 elementor-inner-column elementor-element elementor-element-02a254f\" data-id=\"02a254f\" data-element_type=\"column\">\n\t\t\t<div class=\"elementor-widget-wrap elementor-element-populated\">\n\t\t\t\t\t\t<div class=\"elementor-element elementor-element-de9f48f elementor-widget elementor-widget-image\" data-id=\"de9f48f\" data-element_type=\"widget\" data-widget_type=\"image.default\">\n\t\t\t\t<div class=\"elementor-widget-container\">\n\t\t\t\t\t\t\t\t\t\t\t\t\t\t\t<img decoding=\"async\" width=\"800\" height=\"450\" src=\"https:\/\/richeskarayib.com\/wp-content\/uploads\/2025\/05\/une-des-5-iles-desertes-1024x576.jpg\" class=\"attachment-large size-large wp-image-52002\" alt=\"Antrobus\" srcset=\"https:\/\/richeskarayib.com\/wp-content\/uploads\/2025\/05\/une-des-5-iles-desertes-1024x576.jpg 1024w, https:\/\/richeskarayib.com\/wp-content\/uploads\/2025\/05\/une-des-5-iles-desertes-300x169.jpg 300w, https:\/\/richeskarayib.com\/wp-content\/uploads\/2025\/05\/une-des-5-iles-desertes-768x432.jpg 768w, https:\/\/richeskarayib.com\/wp-content\/uploads\/2025\/05\/une-des-5-iles-desertes.jpg 1200w\" sizes=\"(max-width: 800px) 100vw, 800px\" \/>\t\t\t\t\t\t\t\t\t\t\t\t\t\t\t<\/div>\n\t\t\t\t<\/div>\n\t\t\t\t\t<\/div>\n\t\t<\/div>\n\t\t\t\t\t<\/div>\n\t\t<\/section>\n\t\t\t\t<div class=\"elementor-element elementor-element-f15131f elementor-widget elementor-widget-image\" data-id=\"f15131f\" data-element_type=\"widget\" data-widget_type=\"image.default\">\n\t\t\t\t<div class=\"elementor-widget-container\">\n\t\t\t\t\t\t\t\t\t\t\t\t\t\t\t<img loading=\"lazy\" decoding=\"async\" width=\"800\" height=\"534\" src=\"https:\/\/richeskarayib.com\/wp-content\/uploads\/2025\/05\/caribbean-paradise-1024x683.jpg\" class=\"attachment-large size-large wp-image-52006\" alt=\"Saint-Vincent-et-les-Grenadines\" srcset=\"https:\/\/richeskarayib.com\/wp-content\/uploads\/2025\/05\/caribbean-paradise-1024x683.jpg 1024w, https:\/\/richeskarayib.com\/wp-content\/uploads\/2025\/05\/caribbean-paradise-300x200.jpg 300w, https:\/\/richeskarayib.com\/wp-content\/uploads\/2025\/05\/caribbean-paradise-768x512.jpg 768w, https:\/\/richeskarayib.com\/wp-content\/uploads\/2025\/05\/caribbean-paradise.jpg 1200w\" sizes=\"(max-width: 800px) 100vw, 800px\" \/>\t\t\t\t\t\t\t\t\t\t\t\t\t\t\t<\/div>\n\t\t\t\t<\/div>\n\t\t\t\t\t<\/div>\n\t\t<\/div>\n\t\t\t\t\t<\/div>\n\t\t<\/section>\n\t\t\t\t<section class=\"elementor-section elementor-top-section elementor-element elementor-element-7c727fe elementor-section-boxed elementor-section-height-default elementor-section-height-default\" data-id=\"7c727fe\" data-element_type=\"section\">\n\t\t\t\t\t\t<div class=\"elementor-container elementor-column-gap-default\">\n\t\t\t\t\t<div class=\"elementor-column elementor-col-100 elementor-top-column elementor-element elementor-element-2675508\" data-id=\"2675508\" data-element_type=\"column\">\n\t\t\t<div class=\"elementor-widget-wrap elementor-element-populated\">\n\t\t\t\t\t\t<div class=\"elementor-element elementor-element-86f7f71 elementor-widget elementor-widget-heading\" data-id=\"86f7f71\" data-element_type=\"widget\" data-widget_type=\"heading.default\">\n\t\t\t\t<div class=\"elementor-widget-container\">\n\t\t\t\t\t<h2 class=\"elementor-heading-title elementor-size-default\">Miser sur des infrastructures durables \u2013 La strat\u00e9gie de l\u2019Autorit\u00e9 Portuaire<\/h2>\t\t\t\t<\/div>\n\t\t\t\t<\/div>\n\t\t\t\t<div class=\"elementor-element elementor-element-209dbcb elementor-widget elementor-widget-image\" data-id=\"209dbcb\" data-element_type=\"widget\" data-widget_type=\"image.default\">\n\t\t\t\t<div class=\"elementor-widget-container\">\n\t\t\t\t\t\t\t\t\t\t\t\t<figure class=\"wp-caption\">\n\t\t\t\t\t\t\t\t\t\t<img loading=\"lazy\" decoding=\"async\" width=\"524\" height=\"667\" src=\"https:\/\/richeskarayib.com\/wp-content\/uploads\/2025\/05\/2025-05-20_21h23_24.png\" class=\"attachment-large size-large wp-image-51986\" alt=\"Saint-Vincent-et-les-Grenadines\" srcset=\"https:\/\/richeskarayib.com\/wp-content\/uploads\/2025\/05\/2025-05-20_21h23_24.png 524w, https:\/\/richeskarayib.com\/wp-content\/uploads\/2025\/05\/2025-05-20_21h23_24-236x300.png 236w\" sizes=\"(max-width: 524px) 100vw, 524px\" \/>\t\t\t\t\t\t\t\t\t\t\t<figcaption class=\"widget-image-caption wp-caption-text\">Carl James<\/figcaption>\n\t\t\t\t\t\t\t\t\t\t<\/figure>\n\t\t\t\t\t\t\t\t\t<\/div>\n\t\t\t\t<\/div>\n\t\t\t\t<div class=\"elementor-element elementor-element-1931a91 elementor-widget elementor-widget-text-editor\" data-id=\"1931a91\" data-element_type=\"widget\" data-widget_type=\"text-editor.default\">\n\t\t\t\t<div class=\"elementor-widget-container\">\n\t\t\t\t\t\t\t\t\t<p class=\"\" data-start=\"2708\" data-end=\"2933\">Pour <strong data-start=\"2713\" data-end=\"2727\">Carl James<\/strong>, directeur g\u00e9n\u00e9ral de l\u2019Autorit\u00e9 Portuaire de Saint-Vincent-et-les-Grenadines, le Seatrade est l\u2019occasion de \u00ab <strong data-start=\"2839\" data-end=\"2930\">renforcer les liens avec les compagnies de croisi\u00e8re et d\u2019am\u00e9liorer l\u2019exp\u00e9rience client<\/strong> \u00bb.<\/p><p class=\"\" data-start=\"2935\" data-end=\"2978\">Deux axes strat\u00e9giques guident son action :<\/p><ol data-start=\"2979\" data-end=\"3130\"><li class=\"\" data-start=\"2979\" data-end=\"3067\"><p class=\"\" data-start=\"2982\" data-end=\"3067\"><strong data-start=\"2982\" data-end=\"3008\">Diversifier les offres<\/strong> pour inviter les passagers \u00e0 explorer au-del\u00e0 de la ville.<\/p><\/li><li class=\"\" data-start=\"3068\" data-end=\"3130\"><p class=\"\" data-start=\"3071\" data-end=\"3130\"><strong data-start=\"3071\" data-end=\"3098\">Renforcer la durabilit\u00e9<\/strong> des infrastructures portuaires.<\/p><\/li><\/ol><p class=\"\" data-start=\"3132\" data-end=\"3159\">Parmi les projets majeurs :<\/p><ul data-start=\"3160\" data-end=\"3393\"><li class=\"\" data-start=\"3160\" data-end=\"3234\"><p class=\"\" data-start=\"3162\" data-end=\"3234\"><strong data-start=\"3162\" data-end=\"3189\">Un nouveau port de fret<\/strong>, dont l\u2019ach\u00e8vement est pr\u00e9vu en ao\u00fbt 2025,<\/p><\/li><li class=\"\" data-start=\"3235\" data-end=\"3393\"><p class=\"\" data-start=\"3237\" data-end=\"3393\"><strong data-start=\"3237\" data-end=\"3275\">La transformation de l\u2019ancien port<\/strong> en un v\u00e9ritable espace de vie : marina, commerces, h\u00f4tellerie, espaces culturels, et terminal de croisi\u00e8re modernis\u00e9.<\/p><\/li><\/ul>\t\t\t\t\t\t\t\t<\/div>\n\t\t\t\t<\/div>\n\t\t\t\t<div class=\"elementor-element elementor-element-68fcf44 elementor-widget elementor-widget-text-editor\" data-id=\"68fcf44\" data-element_type=\"widget\" data-widget_type=\"text-editor.default\">\n\t\t\t\t<div class=\"elementor-widget-container\">\n\t\t\t\t\t\t\t\t\t<p class=\"\" data-start=\"3395\" data-end=\"3727\">Carl James insiste aussi sur la <strong data-start=\"3427\" data-end=\"3466\">valorisation du <a href=\"https:\/\/richeskarayib.com\/fr\/garifunas-du-honduras-la-mer-pour-heritage\/\" target=\"_blank\" rel=\"noopener\">patrimoine Garifuna<\/a><\/strong>, avec des projets visant \u00e0 faire d\u00e9couvrir leur culture, leur architecture traditionnelle et leur cuisine aux visiteurs.<br data-start=\"3587\" data-end=\"3590\" \/>\u00ab <strong data-start=\"3592\" data-end=\"3710\">Ce qui nous distingue, c\u2019est notre histoire vivante, celle des Garifunas, et nous devons la partager avec le monde<\/strong> \u00bb, affirme-t-il.<\/p><p class=\"\" data-start=\"3729\" data-end=\"3910\">\ud83c\udfaf <strong data-start=\"3732\" data-end=\"3776\">Si Carl James a pour ambition<\/strong> de construire <strong data-start=\"3794\" data-end=\"3909\">un port \u00e9co-responsable, aliment\u00e9 par la g\u00e9othermie, capable d\u2019offrir de l\u2019\u00e9lectricit\u00e9 verte aux navires \u00e0 quai<\/strong>.<\/p>\t\t\t\t\t\t\t\t<\/div>\n\t\t\t\t<\/div>\n\t\t\t\t<section class=\"elementor-section elementor-inner-section elementor-element elementor-element-e03b7cf elementor-section-boxed elementor-section-height-default elementor-section-height-default\" data-id=\"e03b7cf\" data-element_type=\"section\">\n\t\t\t\t\t\t<div class=\"elementor-container elementor-column-gap-default\">\n\t\t\t\t\t<div class=\"elementor-column elementor-col-50 elementor-inner-column elementor-element elementor-element-23adac0\" data-id=\"23adac0\" data-element_type=\"column\">\n\t\t\t<div class=\"elementor-widget-wrap elementor-element-populated\">\n\t\t\t\t\t\t<div class=\"elementor-element elementor-element-67916d3 elementor-widget elementor-widget-image\" data-id=\"67916d3\" data-element_type=\"widget\" data-widget_type=\"image.default\">\n\t\t\t\t<div class=\"elementor-widget-container\">\n\t\t\t\t\t\t\t\t\t\t\t\t\t\t\t<img loading=\"lazy\" decoding=\"async\" width=\"800\" height=\"800\" src=\"https:\/\/richeskarayib.com\/wp-content\/uploads\/2025\/05\/hanging-out-in-batcaves-1024x1024.jpg\" class=\"attachment-large size-large wp-image-52010\" alt=\"Saint-Vincent-et-les-Grenadines\" srcset=\"https:\/\/richeskarayib.com\/wp-content\/uploads\/2025\/05\/hanging-out-in-batcaves-1024x1024.jpg 1024w, https:\/\/richeskarayib.com\/wp-content\/uploads\/2025\/05\/hanging-out-in-batcaves-300x300.jpg 300w, https:\/\/richeskarayib.com\/wp-content\/uploads\/2025\/05\/hanging-out-in-batcaves-150x150.jpg 150w, https:\/\/richeskarayib.com\/wp-content\/uploads\/2025\/05\/hanging-out-in-batcaves-768x768.jpg 768w, https:\/\/richeskarayib.com\/wp-content\/uploads\/2025\/05\/hanging-out-in-batcaves.jpg 1152w\" sizes=\"(max-width: 800px) 100vw, 800px\" \/>\t\t\t\t\t\t\t\t\t\t\t\t\t\t\t<\/div>\n\t\t\t\t<\/div>\n\t\t\t\t<div class=\"elementor-element elementor-element-8dc2abb elementor-widget elementor-widget-image\" data-id=\"8dc2abb\" data-element_type=\"widget\" data-widget_type=\"image.default\">\n\t\t\t\t<div class=\"elementor-widget-container\">\n\t\t\t\t\t\t\t\t\t\t\t\t\t\t\t<img loading=\"lazy\" decoding=\"async\" width=\"800\" height=\"534\" src=\"https:\/\/richeskarayib.com\/wp-content\/uploads\/2025\/05\/salt-pond-1024x684.jpg\" class=\"attachment-large size-large wp-image-52018\" alt=\"Saint-Vincent-et-les-Grenadines\" srcset=\"https:\/\/richeskarayib.com\/wp-content\/uploads\/2025\/05\/salt-pond-1024x684.jpg 1024w, https:\/\/richeskarayib.com\/wp-content\/uploads\/2025\/05\/salt-pond-300x200.jpg 300w, https:\/\/richeskarayib.com\/wp-content\/uploads\/2025\/05\/salt-pond-768x513.jpg 768w, https:\/\/richeskarayib.com\/wp-content\/uploads\/2025\/05\/salt-pond.jpg 1200w\" sizes=\"(max-width: 800px) 100vw, 800px\" \/>\t\t\t\t\t\t\t\t\t\t\t\t\t\t\t<\/div>\n\t\t\t\t<\/div>\n\t\t\t\t\t<\/div>\n\t\t<\/div>\n\t\t\t\t<div class=\"elementor-column elementor-col-50 elementor-inner-column elementor-element elementor-element-a6b4535\" data-id=\"a6b4535\" data-element_type=\"column\">\n\t\t\t<div class=\"elementor-widget-wrap elementor-element-populated\">\n\t\t\t\t\t\t<div class=\"elementor-element elementor-element-01a1de8 elementor-widget elementor-widget-image\" data-id=\"01a1de8\" data-element_type=\"widget\" data-widget_type=\"image.default\">\n\t\t\t\t<div class=\"elementor-widget-container\">\n\t\t\t\t\t\t\t\t\t\t\t\t\t\t\t<img loading=\"lazy\" decoding=\"async\" width=\"800\" height=\"800\" src=\"https:\/\/richeskarayib.com\/wp-content\/uploads\/2025\/05\/kiss-me-waterfall-1024x1024.jpg\" class=\"attachment-large size-large wp-image-52014\" alt=\"Saint-Vincent-et-les-Grenadines\" srcset=\"https:\/\/richeskarayib.com\/wp-content\/uploads\/2025\/05\/kiss-me-waterfall-1024x1024.jpg 1024w, https:\/\/richeskarayib.com\/wp-content\/uploads\/2025\/05\/kiss-me-waterfall-300x300.jpg 300w, https:\/\/richeskarayib.com\/wp-content\/uploads\/2025\/05\/kiss-me-waterfall-150x150.jpg 150w, https:\/\/richeskarayib.com\/wp-content\/uploads\/2025\/05\/kiss-me-waterfall-768x768.jpg 768w, https:\/\/richeskarayib.com\/wp-content\/uploads\/2025\/05\/kiss-me-waterfall.jpg 1080w\" sizes=\"(max-width: 800px) 100vw, 800px\" \/>\t\t\t\t\t\t\t\t\t\t\t\t\t\t\t<\/div>\n\t\t\t\t<\/div>\n\t\t\t\t<div class=\"elementor-element elementor-element-6936ecf elementor-widget elementor-widget-image\" data-id=\"6936ecf\" data-element_type=\"widget\" data-widget_type=\"image.default\">\n\t\t\t\t<div class=\"elementor-widget-container\">\n\t\t\t\t\t\t\t\t\t\t\t\t\t\t\t<img loading=\"lazy\" decoding=\"async\" width=\"800\" height=\"500\" src=\"https:\/\/richeskarayib.com\/wp-content\/uploads\/2025\/05\/st-vincent-and-the-grenadines-2-1024x640.jpg\" class=\"attachment-large size-large wp-image-52022\" alt=\"Saint-Vincent-et-les-Grenadines\" srcset=\"https:\/\/richeskarayib.com\/wp-content\/uploads\/2025\/05\/st-vincent-and-the-grenadines-2-1024x640.jpg 1024w, https:\/\/richeskarayib.com\/wp-content\/uploads\/2025\/05\/st-vincent-and-the-grenadines-2-300x188.jpg 300w, https:\/\/richeskarayib.com\/wp-content\/uploads\/2025\/05\/st-vincent-and-the-grenadines-2-768x480.jpg 768w, https:\/\/richeskarayib.com\/wp-content\/uploads\/2025\/05\/st-vincent-and-the-grenadines-2.jpg 1200w\" sizes=\"(max-width: 800px) 100vw, 800px\" \/>\t\t\t\t\t\t\t\t\t\t\t\t\t\t\t<\/div>\n\t\t\t\t<\/div>\n\t\t\t\t\t<\/div>\n\t\t<\/div>\n\t\t\t\t\t<\/div>\n\t\t<\/section>\n\t\t\t\t\t<\/div>\n\t\t<\/div>\n\t\t\t\t\t<\/div>\n\t\t<\/section>\n\t\t\t\t<section class=\"elementor-section elementor-top-section elementor-element elementor-element-1a0b771 elementor-section-boxed elementor-section-height-default elementor-section-height-default\" data-id=\"1a0b771\" data-element_type=\"section\">\n\t\t\t\t\t\t<div class=\"elementor-container elementor-column-gap-default\">\n\t\t\t\t\t<div class=\"elementor-column elementor-col-100 elementor-top-column elementor-element elementor-element-345f4b7\" data-id=\"345f4b7\" data-element_type=\"column\">\n\t\t\t<div class=\"elementor-widget-wrap elementor-element-populated\">\n\t\t\t\t\t\t<div class=\"elementor-element elementor-element-d6a712a elementor-widget elementor-widget-heading\" data-id=\"d6a712a\" data-element_type=\"widget\" data-widget_type=\"heading.default\">\n\t\t\t\t<div class=\"elementor-widget-container\">\n\t\t\t\t\t<h2 class=\"elementor-heading-title elementor-size-default\">Offrir une hospitalit\u00e9 chaleureuse \u2013 L'engagement de l\u2019Association des Chauffeurs de Taxi<\/h2>\t\t\t\t<\/div>\n\t\t\t\t<\/div>\n\t\t\t\t<div class=\"elementor-element elementor-element-a0e6953 elementor-widget elementor-widget-image\" data-id=\"a0e6953\" data-element_type=\"widget\" data-widget_type=\"image.default\">\n\t\t\t\t<div class=\"elementor-widget-container\">\n\t\t\t\t\t\t\t\t\t\t\t\t<figure class=\"wp-caption\">\n\t\t\t\t\t\t\t\t\t\t<img loading=\"lazy\" decoding=\"async\" width=\"526\" height=\"693\" src=\"https:\/\/richeskarayib.com\/wp-content\/uploads\/2025\/05\/2025-05-20_21h25_00.png\" class=\"attachment-large size-large wp-image-51990\" alt=\"Saint-Vincent-et-les-Grenadines\" srcset=\"https:\/\/richeskarayib.com\/wp-content\/uploads\/2025\/05\/2025-05-20_21h25_00.png 526w, https:\/\/richeskarayib.com\/wp-content\/uploads\/2025\/05\/2025-05-20_21h25_00-228x300.png 228w\" sizes=\"(max-width: 526px) 100vw, 526px\" \/>\t\t\t\t\t\t\t\t\t\t\t<figcaption class=\"widget-image-caption wp-caption-text\">Nigel Antrobus<\/figcaption>\n\t\t\t\t\t\t\t\t\t\t<\/figure>\n\t\t\t\t\t\t\t\t\t<\/div>\n\t\t\t\t<\/div>\n\t\t\t\t<div class=\"elementor-element elementor-element-f9582c3 elementor-widget elementor-widget-text-editor\" data-id=\"f9582c3\" data-element_type=\"widget\" data-widget_type=\"text-editor.default\">\n\t\t\t\t<div class=\"elementor-widget-container\">\n\t\t\t\t\t\t\t\t\t<p class=\"\" data-start=\"4011\" data-end=\"4158\">Membre de l\u2019<strong data-start=\"4023\" data-end=\"4055\">SVG Taxi Drivers Association<\/strong>, <strong data-start=\"4057\" data-end=\"4075\">Nigel Antrobus<\/strong> d\u00e9fend une autre facette cl\u00e9 de l&#8217;exp\u00e9rience touristique : l&#8217;accueil personnalis\u00e9.<\/p><p class=\"\" data-start=\"4160\" data-end=\"4471\">Depuis plus de <strong data-start=\"4175\" data-end=\"4185\">40 ans<\/strong>, l&#8217;association \u0153uvre pour garantir aux visiteurs <strong data-start=\"4235\" data-end=\"4276\">s\u00e9curit\u00e9, confort et immersion locale<\/strong>.<br data-start=\"4277\" data-end=\"4280\" \/>\u00ab <strong data-start=\"4282\" data-end=\"4453\">Avec nous, les touristes d\u00e9couvrent des lieux que les grands bus ne peuvent pas atteindre, vivent des exp\u00e9riences authentiques et tissent un lien humain avec notre \u00eele<\/strong> \u00bb, explique-t-il.<\/p><p class=\"\" data-start=\"4473\" data-end=\"4642\">La coop\u00e9ration entre chauffeurs, minist\u00e8res et op\u00e9rateurs touristiques permet aujourd&#8217;hui de mieux \u00e9quilibrer le flux entre excursions organis\u00e9es et d\u00e9couvertes priv\u00e9es.<\/p>\t\t\t\t\t\t\t\t<\/div>\n\t\t\t\t<\/div>\n\t\t\t\t<div class=\"elementor-element elementor-element-f6734df elementor-widget elementor-widget-text-editor\" data-id=\"f6734df\" data-element_type=\"widget\" data-widget_type=\"text-editor.default\">\n\t\t\t\t<div class=\"elementor-widget-container\">\n\t\t\t\t\t\t\t\t\t<p class=\"\" data-start=\"4644\" data-end=\"4838\">Au-del\u00e0 du transport, l&#8217;Association assure <strong data-start=\"4687\" data-end=\"4718\">un haut niveau de fiabilit\u00e9<\/strong> :<br data-start=\"4720\" data-end=\"4723\" \/>\u00ab <strong data-start=\"4725\" data-end=\"4836\">Si un visiteur oublie un objet, il est garanti de le r\u00e9cup\u00e9rer rapidement. C\u2019est une question de confiance.<\/strong> \u00bb<\/p><p class=\"\" data-start=\"4840\" data-end=\"5028\">\ud83c\udfaf <strong data-start=\"4843\" data-end=\"4891\">Si Nigel Antrobus <\/strong>souhaite <strong data-start=\"4909\" data-end=\"5027\">renforcer encore davantage la coop\u00e9ration entre les acteurs pour offrir une hospitalit\u00e9 in\u00e9gal\u00e9e \u00e0 chaque visiteur<\/strong>.<\/p>\t\t\t\t\t\t\t\t<\/div>\n\t\t\t\t<\/div>\n\t\t\t\t\t<\/div>\n\t\t<\/div>\n\t\t\t\t\t<\/div>\n\t\t<\/section>\n\t\t\t\t<section class=\"elementor-section elementor-top-section elementor-element elementor-element-edf9227 elementor-section-boxed elementor-section-height-default elementor-section-height-default\" data-id=\"edf9227\" data-element_type=\"section\">\n\t\t\t\t\t\t<div class=\"elementor-container elementor-column-gap-default\">\n\t\t\t\t\t<div class=\"elementor-column elementor-col-100 elementor-top-column elementor-element elementor-element-e40dc52\" data-id=\"e40dc52\" data-element_type=\"column\">\n\t\t\t<div class=\"elementor-widget-wrap elementor-element-populated\">\n\t\t\t\t\t\t<div class=\"elementor-element elementor-element-9f558d2 elementor-widget elementor-widget-heading\" data-id=\"9f558d2\" data-element_type=\"widget\" data-widget_type=\"heading.default\">\n\t\t\t\t<div class=\"elementor-widget-container\">\n\t\t\t\t\t<h2 class=\"elementor-heading-title elementor-size-default\">Saint-Vincent-et-les-Grenadines, une destination boutique \u00e0 l\u2019authenticit\u00e9 affirm\u00e9e<\/h2>\t\t\t\t<\/div>\n\t\t\t\t<\/div>\n\t\t\t\t<div class=\"elementor-element elementor-element-aef34d2 elementor-widget elementor-widget-text-editor\" data-id=\"aef34d2\" data-element_type=\"widget\" data-widget_type=\"text-editor.default\">\n\t\t\t\t<div class=\"elementor-widget-container\">\n\t\t\t\t\t\t\t\t\t<p class=\"\" data-start=\"5136\" data-end=\"5579\">Au Seatrade Cruise Global 2025, <strong data-start=\"5168\" data-end=\"5203\">Saint-Vincent-et-les-Grenadines<\/strong> a montr\u00e9 que l&#8217;authenticit\u00e9, la durabilit\u00e9 et la valorisation du patrimoine sont des leviers puissants pour construire l&#8217;avenir de la croisi\u00e8re carib\u00e9enne.<br data-start=\"5359\" data-end=\"5362\" \/>\u00c0 travers des projets d&#8217;infrastructures, une strat\u00e9gie culturelle forte et l\u2019engagement de ses professionnels du tourisme, le pays trace son chemin, fid\u00e8le \u00e0 son identit\u00e9 tout en s\u2019ouvrant \u00e0 de nouvelles opportunit\u00e9s.<\/p><p class=\"\" data-start=\"5581\" data-end=\"5753\"><strong data-start=\"5581\" data-end=\"5753\">Plus qu\u2019une destination, Saint-Vincent-et-les-Grenadines offre une exp\u00e9rience vivante o\u00f9 nature, histoire et hospitalit\u00e9 se conjuguent pour cr\u00e9er des souvenirs uniques.<\/strong><\/p>\t\t\t\t\t\t\t\t<\/div>\n\t\t\t\t<\/div>\n\t\t\t\t<div class=\"elementor-element elementor-element-62afaff elementor-widget elementor-widget-image\" data-id=\"62afaff\" data-element_type=\"widget\" data-widget_type=\"image.default\">\n\t\t\t\t<div class=\"elementor-widget-container\">\n\t\t\t\t\t\t\t\t\t\t\t\t\t\t\t<img loading=\"lazy\" decoding=\"async\" width=\"800\" height=\"800\" src=\"https:\/\/richeskarayib.com\/wp-content\/uploads\/2025\/05\/port-kingstown-young-1024x1024.jpg\" class=\"attachment-large size-large wp-image-52026\" alt=\"Saint-Vincent-et-les-Grenadines\" srcset=\"https:\/\/richeskarayib.com\/wp-content\/uploads\/2025\/05\/port-kingstown-young-1024x1024.jpg 1024w, https:\/\/richeskarayib.com\/wp-content\/uploads\/2025\/05\/port-kingstown-young-300x300.jpg 300w, https:\/\/richeskarayib.com\/wp-content\/uploads\/2025\/05\/port-kingstown-young-150x150.jpg 150w, https:\/\/richeskarayib.com\/wp-content\/uploads\/2025\/05\/port-kingstown-young-768x768.jpg 768w, https:\/\/richeskarayib.com\/wp-content\/uploads\/2025\/05\/port-kingstown-young.jpg 1073w\" sizes=\"(max-width: 800px) 100vw, 800px\" \/>\t\t\t\t\t\t\t\t\t\t\t\t\t\t\t<\/div>\n\t\t\t\t<\/div>\n\t\t\t\t<section class=\"elementor-section elementor-inner-section elementor-element elementor-element-77d464d elementor-section-boxed elementor-section-height-default elementor-section-height-default\" data-id=\"77d464d\" data-element_type=\"section\">\n\t\t\t\t\t\t<div class=\"elementor-container elementor-column-gap-default\">\n\t\t\t\t\t<div class=\"elementor-column elementor-col-50 elementor-inner-column elementor-element elementor-element-e8c90c1\" data-id=\"e8c90c1\" data-element_type=\"column\">\n\t\t\t<div class=\"elementor-widget-wrap elementor-element-populated\">\n\t\t\t\t\t\t<div class=\"elementor-element elementor-element-d85b8ef elementor-widget elementor-widget-html\" data-id=\"d85b8ef\" data-element_type=\"widget\" data-widget_type=\"html.default\">\n\t\t\t\t<div class=\"elementor-widget-container\">\n\t\t\t\t\t<blockquote class=\"instagram-media\" data-instgrm-permalink=\"https:\/\/www.instagram.com\/reel\/DJ47TnmSB8y\/?utm_source=ig_embed&amp;utm_campaign=loading\" data-instgrm-version=\"14\" style=\" background:#FFF; border:0; border-radius:3px; box-shadow:0 0 1px 0 rgba(0,0,0,0.5),0 1px 10px 0 rgba(0,0,0,0.15); margin: 1px; max-width:540px; min-width:326px; padding:0; width:99.375%; width:-webkit-calc(100% - 2px); width:calc(100% - 2px);\"><div style=\"padding:16px;\"> <a href=\"https:\/\/www.instagram.com\/reel\/DJ47TnmSB8y\/?utm_source=ig_embed&amp;utm_campaign=loading\" style=\" background:#FFFFFF; line-height:0; padding:0 0; text-align:center; text-decoration:none; width:100%;\" target=\"_blank\" rel=\"nofollow noopener\"> <div style=\" display: flex; flex-direction: row; align-items: center;\"> <div style=\"background-color: #F4F4F4; border-radius: 50%; flex-grow: 0; height: 40px; margin-right: 14px; width: 40px;\"><\/div> <div style=\"display: flex; flex-direction: column; flex-grow: 1; justify-content: center;\"> <div style=\" background-color: #F4F4F4; border-radius: 4px; flex-grow: 0; height: 14px; margin-bottom: 6px; width: 100px;\"><\/div> <div style=\" background-color: #F4F4F4; border-radius: 4px; flex-grow: 0; height: 14px; width: 60px;\"><\/div><\/div><\/div><div style=\"padding: 19% 0;\"><\/div> <div style=\"display:block; height:50px; margin:0 auto 12px; width:50px;\"><svg width=\"50px\" height=\"50px\" viewBox=\"0 0 60 60\" version=\"1.1\" xmlns=\"https:\/\/www.w3.org\/2000\/svg\" xmlns:xlink=\"https:\/\/www.w3.org\/1999\/xlink\"><g stroke=\"none\" stroke-width=\"1\" fill=\"none\" fill-rule=\"evenodd\"><g transform=\"translate(-511.000000, -20.000000)\" fill=\"#000000\"><g><path d=\"M556.869,30.41 C554.814,30.41 553.148,32.076 553.148,34.131 C553.148,36.186 554.814,37.852 556.869,37.852 C558.924,37.852 560.59,36.186 560.59,34.131 C560.59,32.076 558.924,30.41 556.869,30.41 M541,60.657 C535.114,60.657 530.342,55.887 530.342,50 C530.342,44.114 535.114,39.342 541,39.342 C546.887,39.342 551.658,44.114 551.658,50 C551.658,55.887 546.887,60.657 541,60.657 M541,33.886 C532.1,33.886 524.886,41.1 524.886,50 C524.886,58.899 532.1,66.113 541,66.113 C549.9,66.113 557.115,58.899 557.115,50 C557.115,41.1 549.9,33.886 541,33.886 M565.378,62.101 C565.244,65.022 564.756,66.606 564.346,67.663 C563.803,69.06 563.154,70.057 562.106,71.106 C561.058,72.155 560.06,72.803 558.662,73.347 C557.607,73.757 556.021,74.244 553.102,74.378 C549.944,74.521 548.997,74.552 541,74.552 C533.003,74.552 532.056,74.521 528.898,74.378 C525.979,74.244 524.393,73.757 523.338,73.347 C521.94,72.803 520.942,72.155 519.894,71.106 C518.846,70.057 518.197,69.06 517.654,67.663 C517.244,66.606 516.755,65.022 516.623,62.101 C516.479,58.943 516.448,57.996 516.448,50 C516.448,42.003 516.479,41.056 516.623,37.899 C516.755,34.978 517.244,33.391 517.654,32.338 C518.197,30.938 518.846,29.942 519.894,28.894 C520.942,27.846 521.94,27.196 523.338,26.654 C524.393,26.244 525.979,25.756 528.898,25.623 C532.057,25.479 533.004,25.448 541,25.448 C548.997,25.448 549.943,25.479 553.102,25.623 C556.021,25.756 557.607,26.244 558.662,26.654 C560.06,27.196 561.058,27.846 562.106,28.894 C563.154,29.942 563.803,30.938 564.346,32.338 C564.756,33.391 565.244,34.978 565.378,37.899 C565.522,41.056 565.552,42.003 565.552,50 C565.552,57.996 565.522,58.943 565.378,62.101 M570.82,37.631 C570.674,34.438 570.167,32.258 569.425,30.349 C568.659,28.377 567.633,26.702 565.965,25.035 C564.297,23.368 562.623,22.342 560.652,21.575 C558.743,20.834 556.562,20.326 553.369,20.18 C550.169,20.033 549.148,20 541,20 C532.853,20 531.831,20.033 528.631,20.18 C525.438,20.326 523.257,20.834 521.349,21.575 C519.376,22.342 517.703,23.368 516.035,25.035 C514.368,26.702 513.342,28.377 512.574,30.349 C511.834,32.258 511.326,34.438 511.181,37.631 C511.035,40.831 511,41.851 511,50 C511,58.147 511.035,59.17 511.181,62.369 C511.326,65.562 511.834,67.743 512.574,69.651 C513.342,71.625 514.368,73.296 516.035,74.965 C517.703,76.634 519.376,77.658 521.349,78.425 C523.257,79.167 525.438,79.673 528.631,79.82 C531.831,79.965 532.853,80.001 541,80.001 C549.148,80.001 550.169,79.965 553.369,79.82 C556.562,79.673 558.743,79.167 560.652,78.425 C562.623,77.658 564.297,76.634 565.965,74.965 C567.633,73.296 568.659,71.625 569.425,69.651 C570.167,67.743 570.674,65.562 570.82,62.369 C570.966,59.17 571,58.147 571,50 C571,41.851 570.966,40.831 570.82,37.631\"><\/path><\/g><\/g><\/g><\/svg><\/div><div style=\"padding-top: 8px;\"> <div style=\" color:#3897f0; font-family:Arial,sans-serif; font-size:14px; font-style:normal; font-weight:550; line-height:18px;\">Voir cette publication sur Instagram<\/div><\/div><div style=\"padding: 12.5% 0;\"><\/div> <div style=\"display: flex; flex-direction: row; margin-bottom: 14px; align-items: center;\"><div> <div style=\"background-color: #F4F4F4; border-radius: 50%; height: 12.5px; width: 12.5px; transform: translateX(0px) translateY(7px);\"><\/div> <div style=\"background-color: #F4F4F4; height: 12.5px; transform: rotate(-45deg) translateX(3px) translateY(1px); width: 12.5px; flex-grow: 0; margin-right: 14px; margin-left: 2px;\"><\/div> <div style=\"background-color: #F4F4F4; border-radius: 50%; height: 12.5px; width: 12.5px; transform: translateX(9px) translateY(-18px);\"><\/div><\/div><div style=\"margin-left: 8px;\"> <div style=\" background-color: #F4F4F4; border-radius: 50%; flex-grow: 0; height: 20px; width: 20px;\"><\/div> <div style=\" width: 0; height: 0; border-top: 2px solid transparent; border-left: 6px solid #f4f4f4; border-bottom: 2px solid transparent; transform: translateX(16px) translateY(-4px) rotate(30deg)\"><\/div><\/div><div style=\"margin-left: auto;\"> <div style=\" width: 0px; border-top: 8px solid #F4F4F4; border-right: 8px solid transparent; transform: translateY(16px);\"><\/div> <div style=\" background-color: #F4F4F4; flex-grow: 0; height: 12px; width: 16px; transform: translateY(-4px);\"><\/div> <div style=\" width: 0; height: 0; border-top: 8px solid #F4F4F4; border-left: 8px solid transparent; transform: translateY(-4px) translateX(8px);\"><\/div><\/div><\/div> <div style=\"display: flex; flex-direction: column; flex-grow: 1; justify-content: center; margin-bottom: 24px;\"> <div style=\" background-color: #F4F4F4; border-radius: 4px; flex-grow: 0; height: 14px; margin-bottom: 6px; width: 224px;\"><\/div> <div style=\" background-color: #F4F4F4; border-radius: 4px; flex-grow: 0; height: 14px; width: 144px;\"><\/div><\/div><\/a><p style=\" color:#c9c8cd; font-family:Arial,sans-serif; font-size:14px; line-height:17px; margin-bottom:0; margin-top:8px; overflow:hidden; padding:8px 0 7px; text-align:center; text-overflow:ellipsis; white-space:nowrap;\"><a href=\"https:\/\/www.instagram.com\/reel\/DJ47TnmSB8y\/?utm_source=ig_embed&amp;utm_campaign=loading\" style=\" color:#c9c8cd; font-family:Arial,sans-serif; font-size:14px; font-style:normal; font-weight:normal; line-height:17px; text-decoration:none;\" target=\"_blank\" rel=\"nofollow noopener\">Une publication partag\u00e9e par Rich\u00e8s Karayib (@richeskarayib)<\/a><\/p><\/div><\/blockquote>\r\n<script async src=\"\/\/www.instagram.com\/embed.js\"><\/script>\t\t\t\t<\/div>\n\t\t\t\t<\/div>\n\t\t\t\t\t<\/div>\n\t\t<\/div>\n\t\t\t\t<div class=\"elementor-column elementor-col-50 elementor-inner-column elementor-element elementor-element-16b28a4\" data-id=\"16b28a4\" data-element_type=\"column\">\n\t\t\t<div class=\"elementor-widget-wrap elementor-element-populated\">\n\t\t\t\t\t\t<div class=\"elementor-element elementor-element-37aba55 elementor-widget elementor-widget-image\" data-id=\"37aba55\" data-element_type=\"widget\" data-widget_type=\"image.default\">\n\t\t\t\t<div class=\"elementor-widget-container\">\n\t\t\t\t\t\t\t\t\t\t\t\t\t\t\t<img loading=\"lazy\" decoding=\"async\" width=\"576\" height=\"1024\" src=\"https:\/\/richeskarayib.com\/wp-content\/uploads\/2025\/05\/Antoine-Nabajoth-Video-mobile-576x1024.png-1.webp\" class=\"attachment-large size-large wp-image-51827\" alt=\"Alain Jos\u00e9phine\" srcset=\"https:\/\/richeskarayib.com\/wp-content\/uploads\/2025\/05\/Antoine-Nabajoth-Video-mobile-576x1024.png-1.webp 576w, https:\/\/richeskarayib.com\/wp-content\/uploads\/2025\/05\/Antoine-Nabajoth-Video-mobile-576x1024.png-1-169x300.webp 169w\" sizes=\"(max-width: 576px) 100vw, 576px\" \/>\t\t\t\t\t\t\t\t\t\t\t\t\t\t\t<\/div>\n\t\t\t\t<\/div>\n\t\t\t\t\t<\/div>\n\t\t<\/div>\n\t\t\t\t\t<\/div>\n\t\t<\/section>\n\t\t\t\t\t<\/div>\n\t\t<\/div>\n\t\t\t\t\t<\/div>\n\t\t<\/section>\n\t\t\t\t<\/div>\n\t\t","protected":false},"excerpt":{"rendered":"<p>Saint-Vincent-et-les-Grenadines affirme son engagement pour l\u2019innovation et l\u2019authenticit\u00e9 Du 8 au 11 avril 2025, Saint-Vincent-et-les-Grenadines figurait parmi les territoires carib\u00e9ens pr\u00e9sents au Seatrade Cruise Global de Miami, le plus grand salon mondial d\u00e9di\u00e9 \u00e0 l\u2019industrie de la croisi\u00e8re.\u00c0 travers les t\u00e9moignages du Comit\u00e9\u00a0du Tourisme, de l\u2019Autorit\u00e9 Portuaire et de l\u2019Association des Chauffeurs de Taxi, le [&hellip;]<\/p>\n","protected":false},"author":47,"featured_media":52033,"comment_status":"open","ping_status":"open","sticky":false,"template":"","format":"standard","meta":{"_acf_changed":false,"footnotes":""},"categories":[840,1723,1755],"tags":[1744],"class_list":["post-49733","post","type-post","status-publish","format-standard","has-post-thumbnail","hentry","category-actus","category-maritime-fr","category-seatrade","tag-saint-vincent-et-les-grenadines"],"acf":[],"_links":{"self":[{"href":"https:\/\/richeskarayib.com\/fr\/wp-json\/wp\/v2\/posts\/49733","targetHints":{"allow":["GET"]}}],"collection":[{"href":"https:\/\/richeskarayib.com\/fr\/wp-json\/wp\/v2\/posts"}],"about":[{"href":"https:\/\/richeskarayib.com\/fr\/wp-json\/wp\/v2\/types\/post"}],"author":[{"embeddable":true,"href":"https:\/\/richeskarayib.com\/fr\/wp-json\/wp\/v2\/users\/47"}],"replies":[{"embeddable":true,"href":"https:\/\/richeskarayib.com\/fr\/wp-json\/wp\/v2\/comments?post=49733"}],"version-history":[{"count":0,"href":"https:\/\/richeskarayib.com\/fr\/wp-json\/wp\/v2\/posts\/49733\/revisions"}],"wp:featuredmedia":[{"embeddable":true,"href":"https:\/\/richeskarayib.com\/fr\/wp-json\/wp\/v2\/media\/52033"}],"wp:attachment":[{"href":"https:\/\/richeskarayib.com\/fr\/wp-json\/wp\/v2\/media?parent=49733"}],"wp:term":[{"taxonomy":"category","embeddable":true,"href":"https:\/\/richeskarayib.com\/fr\/wp-json\/wp\/v2\/categories?post=49733"},{"taxonomy":"post_tag","embeddable":true,"href":"https:\/\/richeskarayib.com\/fr\/wp-json\/wp\/v2\/tags?post=49733"}],"curies":[{"name":"wp","href":"https:\/\/api.w.org\/{rel}","templated":true}]}}