{"id":50147,"date":"2025-04-30T11:11:42","date_gmt":"2025-04-30T15:11:42","guid":{"rendered":"https:\/\/richeskarayib.com\/?p=50147"},"modified":"2025-04-30T11:11:42","modified_gmt":"2025-04-30T15:11:42","slug":"air-canada-augmente-vols-toronto-et-grenade","status":"publish","type":"post","link":"https:\/\/richeskarayib.com\/fr\/air-canada-augmente-vols-toronto-et-grenade\/","title":{"rendered":"Grenade &#8211; Renforcement de la desserte estivale : Air Canada augmente la fr\u00e9quence des vols entre Toronto et Grenade"},"content":{"rendered":"\t\t<div data-elementor-type=\"wp-post\" data-elementor-id=\"50147\" class=\"elementor elementor-50147\" data-elementor-post-type=\"post\">\n\t\t\t\t\t\t<section class=\"elementor-section elementor-top-section elementor-element elementor-element-7d4f952 elementor-section-boxed elementor-section-height-default elementor-section-height-default\" data-id=\"7d4f952\" data-element_type=\"section\">\n\t\t\t\t\t\t<div class=\"elementor-container elementor-column-gap-default\">\n\t\t\t\t\t<div class=\"elementor-column elementor-col-100 elementor-top-column elementor-element elementor-element-f3833fa\" data-id=\"f3833fa\" data-element_type=\"column\">\n\t\t\t<div class=\"elementor-widget-wrap elementor-element-populated\">\n\t\t\t\t\t\t<div class=\"elementor-element elementor-element-6cd393f elementor-widget elementor-widget-text-editor\" data-id=\"6cd393f\" data-element_type=\"widget\" data-widget_type=\"text-editor.default\">\n\t\t\t\t<div class=\"elementor-widget-container\">\n\t\t\t\t\t\t\t\t\t<p><span style=\"font-weight: 400;\"><a href=\"https:\/\/www.aircanada.com\/home\/ca\/fr\/aco\/flights\" target=\"_blank\" rel=\"noopener nofollow\">Air Canada<\/a> marque une nouvelle \u00e9tape dans sa strat\u00e9gie de d\u00e9veloppement international en ajoutant un deuxi\u00e8me vol hebdomadaire entre Toronto et Grenade. D\u00e8s le 2 juin 2025, la compagnie proposera une liaison suppl\u00e9mentaire chaque lundi, en compl\u00e9ment du vol d\u00e9j\u00e0 assur\u00e9 le dimanche. Cette initiative, qui s\u2019\u00e9tendra jusqu\u2019au 31 ao\u00fbt, vise \u00e0 r\u00e9pondre \u00e0 la demande croissante des voyageurs canadiens, tout en soutenant l\u2019\u00e9conomie touristique de Grenade lors de la p\u00e9riode cl\u00e9 du Spicemas.<\/span><\/p>\t\t\t\t\t\t\t\t<\/div>\n\t\t\t\t<\/div>\n\t\t\t\t\t<\/div>\n\t\t<\/div>\n\t\t\t\t\t<\/div>\n\t\t<\/section>\n\t\t\t\t<section class=\"elementor-section elementor-top-section elementor-element elementor-element-16ba7e0 elementor-section-boxed elementor-section-height-default elementor-section-height-default\" data-id=\"16ba7e0\" data-element_type=\"section\">\n\t\t\t\t\t\t<div class=\"elementor-container elementor-column-gap-default\">\n\t\t\t\t\t<div class=\"elementor-column elementor-col-100 elementor-top-column elementor-element elementor-element-f6fb52b\" data-id=\"f6fb52b\" data-element_type=\"column\">\n\t\t\t<div class=\"elementor-widget-wrap elementor-element-populated\">\n\t\t\t\t\t\t<div class=\"elementor-element elementor-element-0ce05bd elementor-widget elementor-widget-heading\" data-id=\"0ce05bd\" data-element_type=\"widget\" data-widget_type=\"heading.default\">\n\t\t\t\t<div class=\"elementor-widget-container\">\n\t\t\t\t\t<h2 class=\"elementor-heading-title elementor-size-default\">Nouvelle organisation des vols Air Canada vers Grenade<\/h2>\t\t\t\t<\/div>\n\t\t\t\t<\/div>\n\t\t\t\t<div class=\"elementor-element elementor-element-f5427b4 elementor-widget elementor-widget-text-editor\" data-id=\"f5427b4\" data-element_type=\"widget\" data-widget_type=\"text-editor.default\">\n\t\t\t\t<div class=\"elementor-widget-container\">\n\t\t\t\t\t\t\t\t\t<p><span style=\"font-weight: 400;\">L\u2019expansion du service <a href=\"https:\/\/www.loopnews.com\/content\/air-canada-adds-second-weekly-flight-between-toronto-and-grenada\/\" target=\"_blank\" rel=\"noopener nofollow\">Air Canada entre Toronto et Grenade<\/a> se traduit par une flexibilit\u00e9 accrue pour les voyageurs. Le vol du lundi partira de Toronto \u00e0 9h15 pour arriver \u00e0 Grenade \u00e0 14h35, tandis que le retour s\u2019effectuera \u00e0 15h35 de Grenade pour une arriv\u00e9e \u00e0 Toronto \u00e0 21h25.\u00a0<\/span><\/p>\t\t\t\t\t\t\t\t<\/div>\n\t\t\t\t<\/div>\n\t\t\t\t<div class=\"elementor-element elementor-element-8623485 elementor-widget elementor-widget-text-editor\" data-id=\"8623485\" data-element_type=\"widget\" data-widget_type=\"text-editor.default\">\n\t\t\t\t<div class=\"elementor-widget-container\">\n\t\t\t\t\t\t\t\t\t<p><span style=\"font-weight: 400;\">Cette organisation, pens\u00e9e pour optimiser le confort des passagers, permet de maximiser le temps pass\u00e9 sur l\u2019\u00eele sans perte de temps inutile en transit. Air Canada s\u2019impose ainsi comme un acteur cl\u00e9 du renforcement de la connectivit\u00e9 entre le Canada et Grenade.<\/span><\/p>\t\t\t\t\t\t\t\t<\/div>\n\t\t\t\t<\/div>\n\t\t\t\t<section class=\"elementor-section elementor-inner-section elementor-element elementor-element-979781f elementor-section-boxed elementor-section-height-default elementor-section-height-default\" data-id=\"979781f\" data-element_type=\"section\">\n\t\t\t\t\t\t<div class=\"elementor-container elementor-column-gap-default\">\n\t\t\t\t\t<div class=\"elementor-column elementor-col-100 elementor-inner-column elementor-element elementor-element-24a1c47\" data-id=\"24a1c47\" data-element_type=\"column\">\n\t\t\t<div class=\"elementor-widget-wrap elementor-element-populated\">\n\t\t\t\t\t\t<div class=\"elementor-element elementor-element-657d8bd elementor-widget elementor-widget-image\" data-id=\"657d8bd\" data-element_type=\"widget\" data-widget_type=\"image.default\">\n\t\t\t\t<div class=\"elementor-widget-container\">\n\t\t\t\t\t\t\t\t\t\t\t\t\t\t\t<img fetchpriority=\"high\" decoding=\"async\" width=\"612\" height=\"407\" src=\"https:\/\/richeskarayib.com\/wp-content\/uploads\/2025\/04\/istockphoto-air_canada_23b90284bb01ff1c3de91d1904aeb9ed.webp\" class=\"attachment-large size-large wp-image-50152\" alt=\"Air Canada\" srcset=\"https:\/\/richeskarayib.com\/wp-content\/uploads\/2025\/04\/istockphoto-air_canada_23b90284bb01ff1c3de91d1904aeb9ed.webp 612w, https:\/\/richeskarayib.com\/wp-content\/uploads\/2025\/04\/istockphoto-air_canada_23b90284bb01ff1c3de91d1904aeb9ed-300x200.webp 300w\" sizes=\"(max-width: 612px) 100vw, 612px\" \/>\t\t\t\t\t\t\t\t\t\t\t\t\t\t\t<\/div>\n\t\t\t\t<\/div>\n\t\t\t\t\t<\/div>\n\t\t<\/div>\n\t\t\t\t\t<\/div>\n\t\t<\/section>\n\t\t\t\t\t<\/div>\n\t\t<\/div>\n\t\t\t\t\t<\/div>\n\t\t<\/section>\n\t\t\t\t<section class=\"elementor-section elementor-top-section elementor-element elementor-element-7c727fe elementor-section-boxed elementor-section-height-default elementor-section-height-default\" data-id=\"7c727fe\" data-element_type=\"section\">\n\t\t\t\t\t\t<div class=\"elementor-container elementor-column-gap-default\">\n\t\t\t\t\t<div class=\"elementor-column elementor-col-100 elementor-top-column elementor-element elementor-element-2675508\" data-id=\"2675508\" data-element_type=\"column\">\n\t\t\t<div class=\"elementor-widget-wrap elementor-element-populated\">\n\t\t\t\t\t\t<div class=\"elementor-element elementor-element-86f7f71 elementor-widget elementor-widget-heading\" data-id=\"86f7f71\" data-element_type=\"widget\" data-widget_type=\"heading.default\">\n\t\t\t\t<div class=\"elementor-widget-container\">\n\t\t\t\t\t<h2 class=\"elementor-heading-title elementor-size-default\">Pourquoi Air Canada cible-t-elle le march\u00e9 canadien ?<\/h2>\t\t\t\t<\/div>\n\t\t\t\t<\/div>\n\t\t\t\t<div class=\"elementor-element elementor-element-1931a91 elementor-widget elementor-widget-text-editor\" data-id=\"1931a91\" data-element_type=\"widget\" data-widget_type=\"text-editor.default\">\n\t\t\t\t<div class=\"elementor-widget-container\">\n\t\t\t\t\t\t\t\t\t<p><span style=\"font-weight: 400;\">Le choix d\u2019<a href=\"https:\/\/nowgrenada.com\/2025\/04\/air-canada-introduces-2nd-weekly-service-for-summer-travel\/#:~:text=The%20Grenada%20Tourism%20Authority%20(GTA,weekly%20flight%20starting%202%20June.\" target=\"_blank\" rel=\"noopener nofollow\">Air Canada<\/a> d\u2019augmenter la fr\u00e9quence de ses vols vers Grenade n\u2019est pas anodin. Le Canada demeure l\u2019un des march\u00e9s \u00e9metteurs les plus importants pour la destination, selon Petra Roach, directrice g\u00e9n\u00e9rale de la Grenada Tourism Authority. Face \u00e0 une demande potentiellement en baisse depuis les \u00c9tats-Unis et \u00e0 une incertitude \u00e9conomique internationale, il s\u2019av\u00e8re strat\u00e9gique de consolider les liens avec des march\u00e9s jug\u00e9s stables et dynamiques.<\/span><\/p>\t\t\t\t\t\t\t\t<\/div>\n\t\t\t\t<\/div>\n\t\t\t\t<div class=\"elementor-element elementor-element-e13b6f6 elementor-widget elementor-widget-text-editor\" data-id=\"e13b6f6\" data-element_type=\"widget\" data-widget_type=\"text-editor.default\">\n\t\t\t\t<div class=\"elementor-widget-container\">\n\t\t\t\t\t\t\t\t\t<p><span style=\"font-weight: 400;\">Les voyageurs canadiens, encourag\u00e9s par un taux de change favorable et un int\u00e9r\u00eat marqu\u00e9 pour des destinations authentiques, t\u00e9moignent d\u2019un fort enthousiasme pour la saison estivale. Leur tendance \u00e0 prolonger leur s\u00e9jour et \u00e0 s\u2019impliquer dans la vie locale g\u00e9n\u00e8re un impact \u00e9conomique positif sur l\u2019ensemble de la cha\u00eene touristique de Grenade. Air Canada, en ajoutant un deuxi\u00e8me vol hebdomadaire entre Toronto et Grenade, r\u00e9pond ainsi \u00e0 une dynamique de march\u00e9 porteuse et \u00e0 la volont\u00e9 de soutenir la croissance durable du secteur.<\/span><\/p>\t\t\t\t\t\t\t\t<\/div>\n\t\t\t\t<\/div>\n\t\t\t\t\t<\/div>\n\t\t<\/div>\n\t\t\t\t\t<\/div>\n\t\t<\/section>\n\t\t\t\t<section class=\"elementor-section elementor-top-section elementor-element elementor-element-1a0b771 elementor-section-boxed elementor-section-height-default elementor-section-height-default\" data-id=\"1a0b771\" data-element_type=\"section\">\n\t\t\t\t\t\t<div class=\"elementor-container elementor-column-gap-default\">\n\t\t\t\t\t<div class=\"elementor-column elementor-col-100 elementor-top-column elementor-element elementor-element-345f4b7\" data-id=\"345f4b7\" data-element_type=\"column\">\n\t\t\t<div class=\"elementor-widget-wrap elementor-element-populated\">\n\t\t\t\t\t\t<div class=\"elementor-element elementor-element-d6a712a elementor-widget elementor-widget-heading\" data-id=\"d6a712a\" data-element_type=\"widget\" data-widget_type=\"heading.default\">\n\t\t\t\t<div class=\"elementor-widget-container\">\n\t\t\t\t\t<h2 class=\"elementor-heading-title elementor-size-default\">Le Spicemas 2025 : une saison phare pour le tourisme \u00e0 Grenade<\/h2>\t\t\t\t<\/div>\n\t\t\t\t<\/div>\n\t\t\t\t<div class=\"elementor-element elementor-element-f9582c3 elementor-widget elementor-widget-text-editor\" data-id=\"f9582c3\" data-element_type=\"widget\" data-widget_type=\"text-editor.default\">\n\t\t\t\t<div class=\"elementor-widget-container\">\n\t\t\t\t\t\t\t\t\t<p><span style=\"font-weight: 400;\">Le calendrier des vols <a href=\"https:\/\/www.travelandtourworld.com\/news\/article\/grenada-and-toronto-poised-for-summer-tourism-surge-with-air-canadas-expanded-flight-offerings\/\" target=\"_blank\" rel=\"noopener nofollow\">Air Canada<\/a> a \u00e9t\u00e9 soigneusement pens\u00e9 pour co\u00efncider avec la p\u00e9riode du <a href=\"https:\/\/spicemasgrenada.com\/\" target=\"_blank\" rel=\"noopener nofollow\">Spicemas<\/a>, \u00e9v\u00e9nement culturel majeur \u00e0 <a href=\"https:\/\/richeskarayib.com\/fr\/vghn-premier-ambassadeur-jeunesse-blog-rk\/\" target=\"_blank\" rel=\"noopener\">Grenade<\/a>. En 2025, le Spicemas se d\u00e9roulera du 1er au 12 ao\u00fbt, avec les temps forts les 11 et 12 ao\u00fbt, dates de Carnival Monday et Tuesday. Cette p\u00e9riode attire chaque ann\u00e9e un public vari\u00e9, venu appr\u00e9cier les traditions locales, les d\u00e9fil\u00e9s de costumes et la richesse musicale de l\u2019\u00eele.<\/span><\/p>\t\t\t\t\t\t\t\t<\/div>\n\t\t\t\t<\/div>\n\t\t\t\t<section class=\"elementor-section elementor-inner-section elementor-element elementor-element-5670eaf elementor-section-boxed elementor-section-height-default elementor-section-height-default\" data-id=\"5670eaf\" data-element_type=\"section\">\n\t\t\t\t\t\t<div class=\"elementor-container elementor-column-gap-default\">\n\t\t\t\t\t<div class=\"elementor-column elementor-col-100 elementor-inner-column elementor-element elementor-element-452ad93\" data-id=\"452ad93\" data-element_type=\"column\">\n\t\t\t<div class=\"elementor-widget-wrap elementor-element-populated\">\n\t\t\t\t\t\t<div class=\"elementor-element elementor-element-9b913ef elementor-widget elementor-widget-image\" data-id=\"9b913ef\" data-element_type=\"widget\" data-widget_type=\"image.default\">\n\t\t\t\t<div class=\"elementor-widget-container\">\n\t\t\t\t\t\t\t\t\t\t\t\t<figure class=\"wp-caption\">\n\t\t\t\t\t\t\t\t\t\t<img decoding=\"async\" width=\"800\" height=\"352\" src=\"https:\/\/richeskarayib.com\/wp-content\/uploads\/2025\/04\/Spicemas-Corporation-1024x450.jpg\" class=\"attachment-large size-large wp-image-50156\" alt=\"Air Canada\" srcset=\"https:\/\/richeskarayib.com\/wp-content\/uploads\/2025\/04\/Spicemas-Corporation-1024x450.jpg 1024w, https:\/\/richeskarayib.com\/wp-content\/uploads\/2025\/04\/Spicemas-Corporation-300x132.jpg 300w, https:\/\/richeskarayib.com\/wp-content\/uploads\/2025\/04\/Spicemas-Corporation-768x338.jpg 768w, https:\/\/richeskarayib.com\/wp-content\/uploads\/2025\/04\/Spicemas-Corporation.jpg 1280w\" sizes=\"(max-width: 800px) 100vw, 800px\" \/>\t\t\t\t\t\t\t\t\t\t\t<figcaption class=\"widget-image-caption wp-caption-text\">\u00a9\ufe0fSpicemas Corporation<\/figcaption>\n\t\t\t\t\t\t\t\t\t\t<\/figure>\n\t\t\t\t\t\t\t\t\t<\/div>\n\t\t\t\t<\/div>\n\t\t\t\t\t<\/div>\n\t\t<\/div>\n\t\t\t\t\t<\/div>\n\t\t<\/section>\n\t\t\t\t<div class=\"elementor-element elementor-element-a51d8a7 elementor-widget elementor-widget-text-editor\" data-id=\"a51d8a7\" data-element_type=\"widget\" data-widget_type=\"text-editor.default\">\n\t\t\t\t<div class=\"elementor-widget-container\">\n\t\t\t\t\t\t\t\t\t<p><span style=\"font-weight: 400;\">Gr\u00e2ce \u00e0 l\u2019ajout d\u2019un vol le lundi, Air Canada permet aux voyageurs canadiens d\u2019organiser leur s\u00e9jour autour de ces dates cl\u00e9s, sans contrainte de calendrier. Ce choix strat\u00e9gique favorise la participation \u00e0 l\u2019ensemble des festivit\u00e9s et optimise l\u2019exp\u00e9rience touristique, tout en soutenant l\u2019\u00e9conomie locale \u00e0 un moment crucial de l\u2019ann\u00e9e.<\/span><\/p>\t\t\t\t\t\t\t\t<\/div>\n\t\t\t\t<\/div>\n\t\t\t\t<div class=\"elementor-element elementor-element-5c2f2f5 elementor-widget elementor-widget-image\" data-id=\"5c2f2f5\" data-element_type=\"widget\" data-widget_type=\"image.default\">\n\t\t\t\t<div class=\"elementor-widget-container\">\n\t\t\t\t\t\t\t\t\t\t\t\t<figure class=\"wp-caption\">\n\t\t\t\t\t\t\t\t\t\t<img decoding=\"async\" width=\"720\" height=\"720\" src=\"https:\/\/richeskarayib.com\/wp-content\/uploads\/2025\/04\/305928192_472137961625497_8687410838358569179_n.jpg\" class=\"attachment-large size-large wp-image-50160\" alt=\"Air Canada\" srcset=\"https:\/\/richeskarayib.com\/wp-content\/uploads\/2025\/04\/305928192_472137961625497_8687410838358569179_n.jpg 720w, https:\/\/richeskarayib.com\/wp-content\/uploads\/2025\/04\/305928192_472137961625497_8687410838358569179_n-300x300.jpg 300w, https:\/\/richeskarayib.com\/wp-content\/uploads\/2025\/04\/305928192_472137961625497_8687410838358569179_n-150x150.jpg 150w\" sizes=\"(max-width: 720px) 100vw, 720px\" \/>\t\t\t\t\t\t\t\t\t\t\t<figcaption class=\"widget-image-caption wp-caption-text\">\u00a9\ufe0fSpicemas Corporation<\/figcaption>\n\t\t\t\t\t\t\t\t\t\t<\/figure>\n\t\t\t\t\t\t\t\t\t<\/div>\n\t\t\t\t<\/div>\n\t\t\t\t\t<\/div>\n\t\t<\/div>\n\t\t\t\t\t<\/div>\n\t\t<\/section>\n\t\t\t\t<section class=\"elementor-section elementor-top-section elementor-element elementor-element-72e5ee0 elementor-section-boxed elementor-section-height-default elementor-section-height-default\" data-id=\"72e5ee0\" data-element_type=\"section\">\n\t\t\t\t\t\t<div class=\"elementor-container elementor-column-gap-default\">\n\t\t\t\t\t<div class=\"elementor-column elementor-col-100 elementor-top-column elementor-element elementor-element-637bc9e\" data-id=\"637bc9e\" data-element_type=\"column\">\n\t\t\t<div class=\"elementor-widget-wrap elementor-element-populated\">\n\t\t\t\t\t\t<div class=\"elementor-element elementor-element-296fce9 elementor-widget elementor-widget-heading\" data-id=\"296fce9\" data-element_type=\"widget\" data-widget_type=\"heading.default\">\n\t\t\t\t<div class=\"elementor-widget-container\">\n\t\t\t\t\t<h2 class=\"elementor-heading-title elementor-size-default\">Les b\u00e9n\u00e9fices pour les voyageurs canadiens<\/h2>\t\t\t\t<\/div>\n\t\t\t\t<\/div>\n\t\t\t\t<div class=\"elementor-element elementor-element-d6f74e2 elementor-widget elementor-widget-text-editor\" data-id=\"d6f74e2\" data-element_type=\"widget\" data-widget_type=\"text-editor.default\">\n\t\t\t\t<div class=\"elementor-widget-container\">\n\t\t\t\t\t\t\t\t\t<p><span style=\"font-weight: 400;\">L\u2019augmentation de la fr\u00e9quence des vols par Air Canada offre de multiples avantages aux voyageurs. D\u2019une part, la flexibilit\u00e9 accrue facilite la planification des s\u00e9jours, qu\u2019il s\u2019agisse de vacances en famille, de s\u00e9jours prolong\u00e9s ou de courts s\u00e9jours autour du Spicemas. D\u2019autre part, les offres sp\u00e9ciales propos\u00e9es par les h\u00f4tels grenadiens, comme Sandals Grenada qui accorde jusqu\u2019\u00e0 1 300 dollars canadiens de r\u00e9duction sur certains forfaits, rendent la destination encore plus attractive.<\/span><\/p>\t\t\t\t\t\t\t\t<\/div>\n\t\t\t\t<\/div>\n\t\t\t\t<div class=\"elementor-element elementor-element-d7293eb elementor-widget elementor-widget-text-editor\" data-id=\"d7293eb\" data-element_type=\"widget\" data-widget_type=\"text-editor.default\">\n\t\t\t\t<div class=\"elementor-widget-container\">\n\t\t\t\t\t\t\t\t\t<p><span style=\"font-weight: 400;\">Air Canada, en adaptant son offre, r\u00e9pond ainsi aux attentes d\u2019une client\u00e8le en qu\u00eate d\u2019authenticit\u00e9, de confort et de d\u00e9couvertes culturelles. Les Canadiens b\u00e9n\u00e9ficient d\u2019un acc\u00e8s simplifi\u00e9 \u00e0 Grenade, avec des horaires pratiques et des tarifs comp\u00e9titifs, tout en profitant d\u2019une immersion totale dans la culture locale.<\/span><\/p>\t\t\t\t\t\t\t\t<\/div>\n\t\t\t\t<\/div>\n\t\t\t\t<section class=\"elementor-section elementor-inner-section elementor-element elementor-element-430f379 elementor-section-boxed elementor-section-height-default elementor-section-height-default\" data-id=\"430f379\" data-element_type=\"section\">\n\t\t\t\t\t\t<div class=\"elementor-container elementor-column-gap-default\">\n\t\t\t\t\t<div class=\"elementor-column elementor-col-25 elementor-inner-column elementor-element elementor-element-69d4a61\" data-id=\"69d4a61\" data-element_type=\"column\">\n\t\t\t<div class=\"elementor-widget-wrap elementor-element-populated\">\n\t\t\t\t\t\t<div class=\"elementor-element elementor-element-4475ce9 elementor-widget elementor-widget-image\" data-id=\"4475ce9\" data-element_type=\"widget\" data-widget_type=\"image.default\">\n\t\t\t\t<div class=\"elementor-widget-container\">\n\t\t\t\t\t\t\t\t\t\t\t\t<figure class=\"wp-caption\">\n\t\t\t\t\t\t\t\t\t\t<img loading=\"lazy\" decoding=\"async\" width=\"800\" height=\"534\" src=\"https:\/\/richeskarayib.com\/wp-content\/uploads\/2025\/04\/pexels-g-isle-px-210751289-11846401-1024x683.jpg\" class=\"attachment-large size-large wp-image-50164\" alt=\"Air Canada\" srcset=\"https:\/\/richeskarayib.com\/wp-content\/uploads\/2025\/04\/pexels-g-isle-px-210751289-11846401-1024x683.jpg 1024w, https:\/\/richeskarayib.com\/wp-content\/uploads\/2025\/04\/pexels-g-isle-px-210751289-11846401-300x200.jpg 300w, https:\/\/richeskarayib.com\/wp-content\/uploads\/2025\/04\/pexels-g-isle-px-210751289-11846401-768x512.jpg 768w, https:\/\/richeskarayib.com\/wp-content\/uploads\/2025\/04\/pexels-g-isle-px-210751289-11846401-1536x1024.jpg 1536w, https:\/\/richeskarayib.com\/wp-content\/uploads\/2025\/04\/pexels-g-isle-px-210751289-11846401-1320x880.jpg 1320w, https:\/\/richeskarayib.com\/wp-content\/uploads\/2025\/04\/pexels-g-isle-px-210751289-11846401.jpg 1920w\" sizes=\"(max-width: 800px) 100vw, 800px\" \/>\t\t\t\t\t\t\t\t\t\t\t<figcaption class=\"widget-image-caption wp-caption-text\">Grenade<\/figcaption>\n\t\t\t\t\t\t\t\t\t\t<\/figure>\n\t\t\t\t\t\t\t\t\t<\/div>\n\t\t\t\t<\/div>\n\t\t\t\t\t<\/div>\n\t\t<\/div>\n\t\t\t\t<div class=\"elementor-column elementor-col-25 elementor-inner-column elementor-element elementor-element-40cff45\" data-id=\"40cff45\" data-element_type=\"column\">\n\t\t\t<div class=\"elementor-widget-wrap elementor-element-populated\">\n\t\t\t\t\t\t<div class=\"elementor-element elementor-element-d2d0406 elementor-widget elementor-widget-image\" data-id=\"d2d0406\" data-element_type=\"widget\" data-widget_type=\"image.default\">\n\t\t\t\t<div class=\"elementor-widget-container\">\n\t\t\t\t\t\t\t\t\t\t\t\t<figure class=\"wp-caption\">\n\t\t\t\t\t\t\t\t\t\t<img loading=\"lazy\" decoding=\"async\" width=\"800\" height=\"534\" src=\"https:\/\/richeskarayib.com\/wp-content\/uploads\/2025\/04\/pexels-g-isle-px-210751289-11820065-1024x683.jpg\" class=\"attachment-large size-large wp-image-50168\" alt=\"Air Canada\" srcset=\"https:\/\/richeskarayib.com\/wp-content\/uploads\/2025\/04\/pexels-g-isle-px-210751289-11820065-1024x683.jpg 1024w, https:\/\/richeskarayib.com\/wp-content\/uploads\/2025\/04\/pexels-g-isle-px-210751289-11820065-300x200.jpg 300w, https:\/\/richeskarayib.com\/wp-content\/uploads\/2025\/04\/pexels-g-isle-px-210751289-11820065-768x512.jpg 768w, https:\/\/richeskarayib.com\/wp-content\/uploads\/2025\/04\/pexels-g-isle-px-210751289-11820065-1536x1024.jpg 1536w, https:\/\/richeskarayib.com\/wp-content\/uploads\/2025\/04\/pexels-g-isle-px-210751289-11820065-1320x880.jpg 1320w, https:\/\/richeskarayib.com\/wp-content\/uploads\/2025\/04\/pexels-g-isle-px-210751289-11820065.jpg 1920w\" sizes=\"(max-width: 800px) 100vw, 800px\" \/>\t\t\t\t\t\t\t\t\t\t\t<figcaption class=\"widget-image-caption wp-caption-text\">Grenade<\/figcaption>\n\t\t\t\t\t\t\t\t\t\t<\/figure>\n\t\t\t\t\t\t\t\t\t<\/div>\n\t\t\t\t<\/div>\n\t\t\t\t\t<\/div>\n\t\t<\/div>\n\t\t\t\t<div class=\"elementor-column elementor-col-25 elementor-inner-column elementor-element elementor-element-27e5235\" data-id=\"27e5235\" data-element_type=\"column\">\n\t\t\t<div class=\"elementor-widget-wrap elementor-element-populated\">\n\t\t\t\t\t\t<div class=\"elementor-element elementor-element-4763dfe elementor-widget elementor-widget-image\" data-id=\"4763dfe\" data-element_type=\"widget\" data-widget_type=\"image.default\">\n\t\t\t\t<div class=\"elementor-widget-container\">\n\t\t\t\t\t\t\t\t\t\t\t\t<figure class=\"wp-caption\">\n\t\t\t\t\t\t\t\t\t\t<img loading=\"lazy\" decoding=\"async\" width=\"800\" height=\"534\" src=\"https:\/\/richeskarayib.com\/wp-content\/uploads\/2025\/04\/pexels-g-isle-px-210751289-11846400-1024x683.jpg\" class=\"attachment-large size-large wp-image-50172\" alt=\"Air Canada\" srcset=\"https:\/\/richeskarayib.com\/wp-content\/uploads\/2025\/04\/pexels-g-isle-px-210751289-11846400-1024x683.jpg 1024w, https:\/\/richeskarayib.com\/wp-content\/uploads\/2025\/04\/pexels-g-isle-px-210751289-11846400-300x200.jpg 300w, https:\/\/richeskarayib.com\/wp-content\/uploads\/2025\/04\/pexels-g-isle-px-210751289-11846400-768x512.jpg 768w, https:\/\/richeskarayib.com\/wp-content\/uploads\/2025\/04\/pexels-g-isle-px-210751289-11846400-1536x1024.jpg 1536w, https:\/\/richeskarayib.com\/wp-content\/uploads\/2025\/04\/pexels-g-isle-px-210751289-11846400-1320x880.jpg 1320w, https:\/\/richeskarayib.com\/wp-content\/uploads\/2025\/04\/pexels-g-isle-px-210751289-11846400.jpg 1920w\" sizes=\"(max-width: 800px) 100vw, 800px\" \/>\t\t\t\t\t\t\t\t\t\t\t<figcaption class=\"widget-image-caption wp-caption-text\">Grenade<\/figcaption>\n\t\t\t\t\t\t\t\t\t\t<\/figure>\n\t\t\t\t\t\t\t\t\t<\/div>\n\t\t\t\t<\/div>\n\t\t\t\t\t<\/div>\n\t\t<\/div>\n\t\t\t\t<div class=\"elementor-column elementor-col-25 elementor-inner-column elementor-element elementor-element-5757cb3\" data-id=\"5757cb3\" data-element_type=\"column\">\n\t\t\t<div class=\"elementor-widget-wrap elementor-element-populated\">\n\t\t\t\t\t\t<div class=\"elementor-element elementor-element-d441704 elementor-widget elementor-widget-image\" data-id=\"d441704\" data-element_type=\"widget\" data-widget_type=\"image.default\">\n\t\t\t\t<div class=\"elementor-widget-container\">\n\t\t\t\t\t\t\t\t\t\t\t\t<figure class=\"wp-caption\">\n\t\t\t\t\t\t\t\t\t\t<img loading=\"lazy\" decoding=\"async\" width=\"800\" height=\"500\" src=\"https:\/\/richeskarayib.com\/wp-content\/uploads\/2025\/04\/pexels-kenrick-baksh-1757630-4156554-1024x640.jpg\" class=\"attachment-large size-large wp-image-50176\" alt=\"\" srcset=\"https:\/\/richeskarayib.com\/wp-content\/uploads\/2025\/04\/pexels-kenrick-baksh-1757630-4156554-1024x640.jpg 1024w, https:\/\/richeskarayib.com\/wp-content\/uploads\/2025\/04\/pexels-kenrick-baksh-1757630-4156554-300x188.jpg 300w, https:\/\/richeskarayib.com\/wp-content\/uploads\/2025\/04\/pexels-kenrick-baksh-1757630-4156554-768x480.jpg 768w, https:\/\/richeskarayib.com\/wp-content\/uploads\/2025\/04\/pexels-kenrick-baksh-1757630-4156554-1536x960.jpg 1536w, https:\/\/richeskarayib.com\/wp-content\/uploads\/2025\/04\/pexels-kenrick-baksh-1757630-4156554-1320x825.jpg 1320w, https:\/\/richeskarayib.com\/wp-content\/uploads\/2025\/04\/pexels-kenrick-baksh-1757630-4156554.jpg 1920w\" sizes=\"(max-width: 800px) 100vw, 800px\" \/>\t\t\t\t\t\t\t\t\t\t\t<figcaption class=\"widget-image-caption wp-caption-text\">Grenade<\/figcaption>\n\t\t\t\t\t\t\t\t\t\t<\/figure>\n\t\t\t\t\t\t\t\t\t<\/div>\n\t\t\t\t<\/div>\n\t\t\t\t\t<\/div>\n\t\t<\/div>\n\t\t\t\t\t<\/div>\n\t\t<\/section>\n\t\t\t\t\t<\/div>\n\t\t<\/div>\n\t\t\t\t\t<\/div>\n\t\t<\/section>\n\t\t\t\t<section class=\"elementor-section elementor-top-section elementor-element elementor-element-9169ffe elementor-section-boxed elementor-section-height-default elementor-section-height-default\" data-id=\"9169ffe\" data-element_type=\"section\">\n\t\t\t\t\t\t<div class=\"elementor-container elementor-column-gap-default\">\n\t\t\t\t\t<div class=\"elementor-column elementor-col-100 elementor-top-column elementor-element elementor-element-60a5081\" data-id=\"60a5081\" data-element_type=\"column\">\n\t\t\t<div class=\"elementor-widget-wrap elementor-element-populated\">\n\t\t\t\t\t\t<div class=\"elementor-element elementor-element-f431355 elementor-widget elementor-widget-heading\" data-id=\"f431355\" data-element_type=\"widget\" data-widget_type=\"heading.default\">\n\t\t\t\t<div class=\"elementor-widget-container\">\n\t\t\t\t\t<h2 class=\"elementor-heading-title elementor-size-default\">Retomb\u00e9es \u00e9conomiques et perspectives pour Grenade\n<\/h2>\t\t\t\t<\/div>\n\t\t\t\t<\/div>\n\t\t\t\t<div class=\"elementor-element elementor-element-2340e8e elementor-widget elementor-widget-text-editor\" data-id=\"2340e8e\" data-element_type=\"widget\" data-widget_type=\"text-editor.default\">\n\t\t\t\t<div class=\"elementor-widget-container\">\n\t\t\t\t\t\t\t\t\t<p><span style=\"font-weight: 400;\">L\u2019ajout d\u2019un deuxi\u00e8me vol hebdomadaire par Air Canada s\u2019inscrit dans une d\u00e9marche de diversification et de r\u00e9silience \u00e9conomique pour <a href=\"https:\/\/richeskarayib.com\/fr\/croissance-du-tourisme-en-26-mois-grenade-rk\/\" target=\"_blank\" rel=\"noopener\">Grenade<\/a>. En attirant un plus grand nombre de visiteurs canadiens, l\u2019\u00eele r\u00e9duit sa d\u00e9pendance \u00e0 d\u2019autres march\u00e9s et renforce la stabilit\u00e9 de son secteur touristique. Selon la Grenada Tourism Authority, cette strat\u00e9gie vise \u00e0 garantir la p\u00e9rennit\u00e9 du tourisme local et \u00e0 cr\u00e9er des opportunit\u00e9s \u00e9conomiques pour la population.<\/span><\/p>\t\t\t\t\t\t\t\t<\/div>\n\t\t\t\t<\/div>\n\t\t\t\t<div class=\"elementor-element elementor-element-0ecdd14 elementor-widget elementor-widget-text-editor\" data-id=\"0ecdd14\" data-element_type=\"widget\" data-widget_type=\"text-editor.default\">\n\t\t\t\t<div class=\"elementor-widget-container\">\n\t\t\t\t\t\t\t\t\t<p><span style=\"font-weight: 400;\">Air Canada, en multipliant les liaisons, contribue \u00e9galement \u00e0 renforcer les liens entre le Canada et Grenade, favorisant les \u00e9changes culturels et \u00e9conomiques. Cette d\u00e9marche s\u2019inscrit dans une vision \u00e0 long terme, o\u00f9 la durabilit\u00e9 et la qualit\u00e9 de l\u2019offre touristique priment sur la simple augmentation du nombre de visiteurs.<\/span><\/p>\t\t\t\t\t\t\t\t<\/div>\n\t\t\t\t<\/div>\n\t\t\t\t\t<\/div>\n\t\t<\/div>\n\t\t\t\t\t<\/div>\n\t\t<\/section>\n\t\t\t\t<section class=\"elementor-section elementor-top-section elementor-element elementor-element-4485f87 elementor-section-boxed elementor-section-height-default elementor-section-height-default\" data-id=\"4485f87\" data-element_type=\"section\">\n\t\t\t\t\t\t<div class=\"elementor-container elementor-column-gap-default\">\n\t\t\t\t\t<div class=\"elementor-column elementor-col-100 elementor-top-column elementor-element elementor-element-04512ac\" data-id=\"04512ac\" data-element_type=\"column\">\n\t\t\t<div class=\"elementor-widget-wrap elementor-element-populated\">\n\t\t\t\t\t\t<div class=\"elementor-element elementor-element-71d6f2e elementor-widget elementor-widget-text-editor\" data-id=\"71d6f2e\" data-element_type=\"widget\" data-widget_type=\"text-editor.default\">\n\t\t\t\t<div class=\"elementor-widget-container\">\n\t\t\t\t\t\t\t\t\t<p><span style=\"font-weight: 400;\">Air Canada, en ajoutant un deuxi\u00e8me vol hebdomadaire entre Toronto et Grenade, illustre sa volont\u00e9 de soutenir le d\u00e9veloppement touristique de l\u2019\u00eele tout en r\u00e9pondant aux attentes des voyageurs canadiens. Cette initiative, pens\u00e9e pour la saison estivale et le Spicemas 2025, offre une flexibilit\u00e9 in\u00e9dite, des avantages \u00e9conomiques et une exp\u00e9rience enrichissante pour tous. Grenade, gr\u00e2ce \u00e0 l\u2019engagement d\u2019Air Canada, s\u2019affirme comme une destination de choix pour les Canadiens \u00e0 la recherche d\u2019authenticit\u00e9 et de d\u00e9paysement.<\/span><\/p>\t\t\t\t\t\t\t\t<\/div>\n\t\t\t\t<\/div>\n\t\t\t\t\t<\/div>\n\t\t<\/div>\n\t\t\t\t\t<\/div>\n\t\t<\/section>\n\t\t\t\t<\/div>\n\t\t","protected":false},"excerpt":{"rendered":"<p>Air Canada marque une nouvelle \u00e9tape dans sa strat\u00e9gie de d\u00e9veloppement international en ajoutant un deuxi\u00e8me vol hebdomadaire entre Toronto et Grenade. D\u00e8s le 2 juin 2025, la compagnie proposera une liaison suppl\u00e9mentaire chaque lundi, en compl\u00e9ment du vol d\u00e9j\u00e0 assur\u00e9 le dimanche. Cette initiative, qui s\u2019\u00e9tendra jusqu\u2019au 31 ao\u00fbt, vise \u00e0 r\u00e9pondre \u00e0 la [&hellip;]<\/p>\n","protected":false},"author":662,"featured_media":50148,"comment_status":"open","ping_status":"open","sticky":false,"template":"","format":"standard","meta":{"_acf_changed":false,"footnotes":""},"categories":[840,1732],"tags":[1643],"class_list":["post-50147","post","type-post","status-publish","format-standard","has-post-thumbnail","hentry","category-actus","category-tourisme","tag-grenade"],"acf":[],"_links":{"self":[{"href":"https:\/\/richeskarayib.com\/fr\/wp-json\/wp\/v2\/posts\/50147","targetHints":{"allow":["GET"]}}],"collection":[{"href":"https:\/\/richeskarayib.com\/fr\/wp-json\/wp\/v2\/posts"}],"about":[{"href":"https:\/\/richeskarayib.com\/fr\/wp-json\/wp\/v2\/types\/post"}],"author":[{"embeddable":true,"href":"https:\/\/richeskarayib.com\/fr\/wp-json\/wp\/v2\/users\/662"}],"replies":[{"embeddable":true,"href":"https:\/\/richeskarayib.com\/fr\/wp-json\/wp\/v2\/comments?post=50147"}],"version-history":[{"count":0,"href":"https:\/\/richeskarayib.com\/fr\/wp-json\/wp\/v2\/posts\/50147\/revisions"}],"wp:featuredmedia":[{"embeddable":true,"href":"https:\/\/richeskarayib.com\/fr\/wp-json\/wp\/v2\/media\/50148"}],"wp:attachment":[{"href":"https:\/\/richeskarayib.com\/fr\/wp-json\/wp\/v2\/media?parent=50147"}],"wp:term":[{"taxonomy":"category","embeddable":true,"href":"https:\/\/richeskarayib.com\/fr\/wp-json\/wp\/v2\/categories?post=50147"},{"taxonomy":"post_tag","embeddable":true,"href":"https:\/\/richeskarayib.com\/fr\/wp-json\/wp\/v2\/tags?post=50147"}],"curies":[{"name":"wp","href":"https:\/\/api.w.org\/{rel}","templated":true}]}}