{"id":50390,"date":"2025-05-02T08:14:22","date_gmt":"2025-05-02T12:14:22","guid":{"rendered":"https:\/\/richeskarayib.com\/?p=50390"},"modified":"2025-05-02T08:14:22","modified_gmt":"2025-05-02T12:14:22","slug":"air-transat-liaison-quebec-et-fort-de-france","status":"publish","type":"post","link":"https:\/\/richeskarayib.com\/fr\/air-transat-liaison-quebec-et-fort-de-france\/","title":{"rendered":"Martinique &#8211; Air Transat : Une nouvelle liaison directe entre Qu\u00e9bec et Fort-de-France"},"content":{"rendered":"\t\t<div data-elementor-type=\"wp-post\" data-elementor-id=\"50390\" class=\"elementor elementor-50390\" data-elementor-post-type=\"post\">\n\t\t\t\t\t\t<section class=\"elementor-section elementor-top-section elementor-element elementor-element-9367f03 elementor-section-boxed elementor-section-height-default elementor-section-height-default\" data-id=\"9367f03\" data-element_type=\"section\">\n\t\t\t\t\t\t<div class=\"elementor-container elementor-column-gap-default\">\n\t\t\t\t\t<div class=\"elementor-column elementor-col-100 elementor-top-column elementor-element elementor-element-77e2e75\" data-id=\"77e2e75\" data-element_type=\"column\">\n\t\t\t<div class=\"elementor-widget-wrap elementor-element-populated\">\n\t\t\t\t\t\t<div class=\"elementor-element elementor-element-7638d24 elementor-widget elementor-widget-text-editor\" data-id=\"7638d24\" data-element_type=\"widget\" data-widget_type=\"text-editor.default\">\n\t\t\t\t<div class=\"elementor-widget-container\">\n\t\t\t\t\t\t\t\t\t<p><span style=\"font-weight: 400;\"><a href=\"https:\/\/www.transat.com\/fr-CA\/corporatif\/medias\/communiques-de-presse\/124612\" target=\"_blank\" rel=\"noopener nofollow\">Air Transat<\/a> marque une \u00e9tape significative dans le secteur du transport a\u00e9rien en lan\u00e7ant une liaison directe entre Qu\u00e9bec et <a href=\"https:\/\/richeskarayib.com\/fr\/martinique-53eme-festival-culturel-de-fort-de-france\/\" target=\"_blank\" rel=\"noopener\">Fort-de-France<\/a>. Cette initiative, annonc\u00e9e le 1er mai 2025, vient r\u00e9pondre \u00e0 une demande croissante de mobilit\u00e9 entre le Canada et la Martinique, consolidant la position d\u2019Air Transat comme acteur central du voyage loisirs au d\u00e9part du Qu\u00e9bec.<\/span><\/p>\t\t\t\t\t\t\t\t<\/div>\n\t\t\t\t<\/div>\n\t\t\t\t\t<\/div>\n\t\t<\/div>\n\t\t\t\t\t<\/div>\n\t\t<\/section>\n\t\t\t\t<section class=\"elementor-section elementor-top-section elementor-element elementor-element-de593f4 elementor-section-boxed elementor-section-height-default elementor-section-height-default\" data-id=\"de593f4\" data-element_type=\"section\">\n\t\t\t\t\t\t<div class=\"elementor-container elementor-column-gap-default\">\n\t\t\t\t\t<div class=\"elementor-column elementor-col-100 elementor-top-column elementor-element elementor-element-4a9ca1c\" data-id=\"4a9ca1c\" data-element_type=\"column\">\n\t\t\t<div class=\"elementor-widget-wrap elementor-element-populated\">\n\t\t\t\t\t\t<div class=\"elementor-element elementor-element-bac1c62 elementor-widget elementor-widget-heading\" data-id=\"bac1c62\" data-element_type=\"widget\" data-widget_type=\"heading.default\">\n\t\t\t\t<div class=\"elementor-widget-container\">\n\t\t\t\t\t<h2 class=\"elementor-heading-title elementor-size-default\">Contexte de l\u2019annonce et importance strat\u00e9gique<\/h2>\t\t\t\t<\/div>\n\t\t\t\t<\/div>\n\t\t\t\t<div class=\"elementor-element elementor-element-f354be2 elementor-widget elementor-widget-text-editor\" data-id=\"f354be2\" data-element_type=\"widget\" data-widget_type=\"text-editor.default\">\n\t\t\t\t<div class=\"elementor-widget-container\">\n\t\t\t\t\t\t\t\t\t<p><span style=\"font-weight: 400;\">La cr\u00e9ation de cette ligne directe n\u2019est pas anodine. Elle s\u2019inscrit dans une strat\u00e9gie de d\u00e9veloppement ambitieuse, visant \u00e0 renforcer la pr\u00e9sence de la compagnie sur le march\u00e9 qu\u00e9b\u00e9cois tout en offrant une alternative directe aux voyageurs d\u00e9sireux de rejoindre la <a href=\"https:\/\/richeskarayib.com\/fr\/aci-airport-day-qualite-innovation-samac\/\" target=\"_blank\" rel=\"noopener\">Martinique<\/a> sans passer par Montr\u00e9al. Selon S\u00e9bastien Ponce, chef de la direction des revenus chez Transat, cette liaison permet d\u2019optimiser l\u2019utilisation des appareils et d\u2019accro\u00eetre la productivit\u00e9 du r\u00e9seau, tout en r\u00e9pondant \u00e0 une demande en forte croissance.<\/span><\/p>\t\t\t\t\t\t\t\t<\/div>\n\t\t\t\t<\/div>\n\t\t\t\t\t<\/div>\n\t\t<\/div>\n\t\t\t\t\t<\/div>\n\t\t<\/section>\n\t\t\t\t<section class=\"elementor-section elementor-top-section elementor-element elementor-element-eb0b680 elementor-section-boxed elementor-section-height-default elementor-section-height-default\" data-id=\"eb0b680\" data-element_type=\"section\">\n\t\t\t\t\t\t<div class=\"elementor-container elementor-column-gap-default\">\n\t\t\t\t\t<div class=\"elementor-column elementor-col-100 elementor-top-column elementor-element elementor-element-1b29e7f\" data-id=\"1b29e7f\" data-element_type=\"column\">\n\t\t\t<div class=\"elementor-widget-wrap elementor-element-populated\">\n\t\t\t\t\t\t<div class=\"elementor-element elementor-element-31aa178 elementor-widget elementor-widget-heading\" data-id=\"31aa178\" data-element_type=\"widget\" data-widget_type=\"heading.default\">\n\t\t\t\t<div class=\"elementor-widget-container\">\n\t\t\t\t\t<h2 class=\"elementor-heading-title elementor-size-default\">Un pont a\u00e9rien renforc\u00e9 entre le Qu\u00e9bec et la Martinique<\/h2>\t\t\t\t<\/div>\n\t\t\t\t<\/div>\n\t\t\t\t<div class=\"elementor-element elementor-element-7b4b54a elementor-widget elementor-widget-text-editor\" data-id=\"7b4b54a\" data-element_type=\"widget\" data-widget_type=\"text-editor.default\">\n\t\t\t\t<div class=\"elementor-widget-container\">\n\t\t\t\t\t\t\t\t\t<h3><b>L\u2019expansion du r\u00e9seau d\u2019Air Transat<\/b><\/h3><p><span style=\"font-weight: 400;\">En inaugurant cette nouvelle route, <a href=\"https:\/\/rci.fm\/martinique\/infos\/Economie\/Air-Transat-propose-de-relier-Fort-de-France-et-Quebec\" target=\"_blank\" rel=\"noopener nofollow\">Air Transat<\/a> \u00e9largit son offre d\u00e9j\u00e0 existante entre Montr\u00e9al et <a href=\"https:\/\/richeskarayib.com\/fr\/science-innovations-cosmetiques-kadalys\/\" target=\"_blank\" rel=\"noopener\">Fort-de-France<\/a>. La compagnie propose d\u00e9sormais un vol hebdomadaire, op\u00e9r\u00e9 le dimanche, reliant l\u2019a\u00e9roport international Jean-Lesage de Qu\u00e9bec (YQB) \u00e0 l\u2019a\u00e9roport international Martinique Aim\u00e9 C\u00e9saire (FDF). Cette liaison sera effective du 14 d\u00e9cembre 2025 au 26 avril 2026, p\u00e9riode durant laquelle la demande touristique est traditionnellement forte.<\/span><\/p>\t\t\t\t\t\t\t\t<\/div>\n\t\t\t\t<\/div>\n\t\t\t\t<div class=\"elementor-element elementor-element-06c50e9 elementor-widget elementor-widget-text-editor\" data-id=\"06c50e9\" data-element_type=\"widget\" data-widget_type=\"text-editor.default\">\n\t\t\t\t<div class=\"elementor-widget-container\">\n\t\t\t\t\t\t\t\t\t<h3><b>Les enjeux pour la r\u00e9gion de Qu\u00e9bec<\/b><\/h3><p><span style=\"font-weight: 400;\">Pour la r\u00e9gion de Qu\u00e9bec, l\u2019arriv\u00e9e d\u2019Air Transat sur cette ligne repr\u00e9sente une avanc\u00e9e majeure. St\u00e9phane Poirier, pr\u00e9sident et chef de la direction de YQB, souligne que Fort-de-France devient la premi\u00e8re destination desservie dans les Petites Antilles au d\u00e9part de Qu\u00e9bec. Cela illustre la volont\u00e9 de d\u00e9velopper l\u2019offre de vols directs, au b\u00e9n\u00e9fice des voyageurs de toute la province, et de positionner Qu\u00e9bec comme une plateforme a\u00e9roportuaire de premier plan.<\/span><\/p>\t\t\t\t\t\t\t\t<\/div>\n\t\t\t\t<\/div>\n\t\t\t\t\t<\/div>\n\t\t<\/div>\n\t\t\t\t\t<\/div>\n\t\t<\/section>\n\t\t\t\t<section class=\"elementor-section elementor-top-section elementor-element elementor-element-b0b552a elementor-section-boxed elementor-section-height-default elementor-section-height-default\" data-id=\"b0b552a\" data-element_type=\"section\">\n\t\t\t\t\t\t<div class=\"elementor-container elementor-column-gap-default\">\n\t\t\t\t\t<div class=\"elementor-column elementor-col-100 elementor-top-column elementor-element elementor-element-e4efc96\" data-id=\"e4efc96\" data-element_type=\"column\">\n\t\t\t<div class=\"elementor-widget-wrap elementor-element-populated\">\n\t\t\t\t\t\t<div class=\"elementor-element elementor-element-462fa02 elementor-widget elementor-widget-heading\" data-id=\"462fa02\" data-element_type=\"widget\" data-widget_type=\"heading.default\">\n\t\t\t\t<div class=\"elementor-widget-container\">\n\t\t\t\t\t<h2 class=\"elementor-heading-title elementor-size-default\">Les atouts de la nouvelle ligne : confort, modernit\u00e9 et efficacit\u00e9<\/h2>\t\t\t\t<\/div>\n\t\t\t\t<\/div>\n\t\t\t\t<div class=\"elementor-element elementor-element-b9fec23 elementor-widget elementor-widget-text-editor\" data-id=\"b9fec23\" data-element_type=\"widget\" data-widget_type=\"text-editor.default\">\n\t\t\t\t<div class=\"elementor-widget-container\">\n\t\t\t\t\t\t\t\t\t<h3><b>L\u2019A321LR : Un avion adapt\u00e9 aux liaisons transatlantiques<\/b><\/h3><p><span style=\"font-weight: 400;\"><a href=\"https:\/\/www.lesoleil.com\/affaires\/2025\/05\/01\/air-transat-reliera-sans-escale-quebec-a-la-martinique-C3FRYHCJZRDMVGADOSPBS7QNRM\/\" target=\"_blank\" rel=\"noopener nofollow\">Air Transat<\/a> a choisi l\u2019Airbus A321LR pour assurer cette liaison. Cet appareil, reconnu pour son efficacit\u00e9 \u00e9nerg\u00e9tique et son autonomie, est parfaitement adapt\u00e9 aux vols transatlantiques. Il offre une cabine ergonomique et un syst\u00e8me de divertissement moderne, garantissant un voyage agr\u00e9able et reposant. L\u2019utilisation de l\u2019A321LR permet \u00e9galement \u00e0 la compagnie d\u2019optimiser sa flotte tout en limitant son impact environnemental.<\/span><\/p>\t\t\t\t\t\t\t\t<\/div>\n\t\t\t\t<\/div>\n\t\t\t\t<section class=\"elementor-section elementor-inner-section elementor-element elementor-element-c9b4717 elementor-section-boxed elementor-section-height-default elementor-section-height-default\" data-id=\"c9b4717\" data-element_type=\"section\">\n\t\t\t\t\t\t<div class=\"elementor-container elementor-column-gap-default\">\n\t\t\t\t\t<div class=\"elementor-column elementor-col-50 elementor-inner-column elementor-element elementor-element-7319dad\" data-id=\"7319dad\" data-element_type=\"column\">\n\t\t\t<div class=\"elementor-widget-wrap elementor-element-populated\">\n\t\t\t\t\t\t<div class=\"elementor-element elementor-element-f1a1e15 elementor-widget elementor-widget-image\" data-id=\"f1a1e15\" data-element_type=\"widget\" data-widget_type=\"image.default\">\n\t\t\t\t<div class=\"elementor-widget-container\">\n\t\t\t\t\t\t\t\t\t\t\t\t<figure class=\"wp-caption\">\n\t\t\t\t\t\t\t\t\t\t<img fetchpriority=\"high\" decoding=\"async\" width=\"800\" height=\"533\" src=\"https:\/\/richeskarayib.com\/wp-content\/uploads\/2025\/05\/60628362_2232019783540776_5049654077097508864_n.jpg\" class=\"attachment-large size-large wp-image-50399\" alt=\"Air Transat\" srcset=\"https:\/\/richeskarayib.com\/wp-content\/uploads\/2025\/05\/60628362_2232019783540776_5049654077097508864_n.jpg 960w, https:\/\/richeskarayib.com\/wp-content\/uploads\/2025\/05\/60628362_2232019783540776_5049654077097508864_n-300x200.jpg 300w, https:\/\/richeskarayib.com\/wp-content\/uploads\/2025\/05\/60628362_2232019783540776_5049654077097508864_n-768x512.jpg 768w\" sizes=\"(max-width: 800px) 100vw, 800px\" \/>\t\t\t\t\t\t\t\t\t\t\t<figcaption class=\"widget-image-caption wp-caption-text\">Airbus A321LR \u00a9Robert Karam<\/figcaption>\n\t\t\t\t\t\t\t\t\t\t<\/figure>\n\t\t\t\t\t\t\t\t\t<\/div>\n\t\t\t\t<\/div>\n\t\t\t\t\t<\/div>\n\t\t<\/div>\n\t\t\t\t<div class=\"elementor-column elementor-col-50 elementor-inner-column elementor-element elementor-element-329fd0e\" data-id=\"329fd0e\" data-element_type=\"column\">\n\t\t\t<div class=\"elementor-widget-wrap elementor-element-populated\">\n\t\t\t\t\t\t<div class=\"elementor-element elementor-element-3af8e8a elementor-widget elementor-widget-image\" data-id=\"3af8e8a\" data-element_type=\"widget\" data-widget_type=\"image.default\">\n\t\t\t\t<div class=\"elementor-widget-container\">\n\t\t\t\t\t\t\t\t\t\t\t\t<figure class=\"wp-caption\">\n\t\t\t\t\t\t\t\t\t\t<img decoding=\"async\" width=\"800\" height=\"524\" src=\"https:\/\/richeskarayib.com\/wp-content\/uploads\/2025\/05\/Un-avion-Airbus-A321LR-dAir-Transat.-Air-Transat-1024x671.avif\" class=\"attachment-large size-large wp-image-50403\" alt=\"Air Transat\" srcset=\"https:\/\/richeskarayib.com\/wp-content\/uploads\/2025\/05\/Un-avion-Airbus-A321LR-dAir-Transat.-Air-Transat-1024x671.avif 1024w, https:\/\/richeskarayib.com\/wp-content\/uploads\/2025\/05\/Un-avion-Airbus-A321LR-dAir-Transat.-Air-Transat-300x197.avif 300w, https:\/\/richeskarayib.com\/wp-content\/uploads\/2025\/05\/Un-avion-Airbus-A321LR-dAir-Transat.-Air-Transat-768x504.avif 768w, https:\/\/richeskarayib.com\/wp-content\/uploads\/2025\/05\/Un-avion-Airbus-A321LR-dAir-Transat.-Air-Transat-1536x1007.avif 1536w, https:\/\/richeskarayib.com\/wp-content\/uploads\/2025\/05\/Un-avion-Airbus-A321LR-dAir-Transat.-Air-Transat-1320x865.avif 1320w, https:\/\/richeskarayib.com\/wp-content\/uploads\/2025\/05\/Un-avion-Airbus-A321LR-dAir-Transat.-Air-Transat.avif 1600w\" sizes=\"(max-width: 800px) 100vw, 800px\" \/>\t\t\t\t\t\t\t\t\t\t\t<figcaption class=\"widget-image-caption wp-caption-text\">Airbus A321LR \u00a9Air Transat<\/figcaption>\n\t\t\t\t\t\t\t\t\t\t<\/figure>\n\t\t\t\t\t\t\t\t\t<\/div>\n\t\t\t\t<\/div>\n\t\t\t\t\t<\/div>\n\t\t<\/div>\n\t\t\t\t\t<\/div>\n\t\t<\/section>\n\t\t\t\t<div class=\"elementor-element elementor-element-3d0ad6e elementor-widget elementor-widget-text-editor\" data-id=\"3d0ad6e\" data-element_type=\"widget\" data-widget_type=\"text-editor.default\">\n\t\t\t\t<div class=\"elementor-widget-container\">\n\t\t\t\t\t\t\t\t\t<h3><b>Les services \u00e0 bord : Exp\u00e9rience premium et divertissement<\/b><\/h3><p><span style=\"font-weight: 400;\">\u00c0 bord, la compagnie propose une exp\u00e9rience de vol enrichie gr\u00e2ce \u00e0 ses si\u00e8ges \u201cClasse Club\u201d, qui offrent un niveau de confort sup\u00e9rieur et des services personnalis\u00e9s. Les passagers b\u00e9n\u00e9ficient d\u2019un syst\u00e8me de divertissement de derni\u00e8re g\u00e9n\u00e9ration, avec une s\u00e9lection de films, s\u00e9ries et jeux adapt\u00e9s \u00e0 tous les \u00e2ges. Cette attention port\u00e9e au confort et \u00e0 la qualit\u00e9 du service fait partie de l\u2019ADN d\u2019Air Transat, r\u00e9guli\u00e8rement r\u00e9compens\u00e9e pour l\u2019excellence de son service \u00e0 la client\u00e8le.<\/span><\/p>\t\t\t\t\t\t\t\t<\/div>\n\t\t\t\t<\/div>\n\t\t\t\t<section class=\"elementor-section elementor-inner-section elementor-element elementor-element-1c54107 elementor-section-boxed elementor-section-height-default elementor-section-height-default\" data-id=\"1c54107\" data-element_type=\"section\">\n\t\t\t\t\t\t<div class=\"elementor-container elementor-column-gap-default\">\n\t\t\t\t\t<div class=\"elementor-column elementor-col-100 elementor-inner-column elementor-element elementor-element-92c2945\" data-id=\"92c2945\" data-element_type=\"column\">\n\t\t\t<div class=\"elementor-widget-wrap elementor-element-populated\">\n\t\t\t\t\t\t<div class=\"elementor-element elementor-element-98aba0b elementor-widget elementor-widget-image\" data-id=\"98aba0b\" data-element_type=\"widget\" data-widget_type=\"image.default\">\n\t\t\t\t<div class=\"elementor-widget-container\">\n\t\t\t\t\t\t\t\t\t\t\t\t<figure class=\"wp-caption\">\n\t\t\t\t\t\t\t\t\t\t<img decoding=\"async\" width=\"800\" height=\"598\" src=\"https:\/\/richeskarayib.com\/wp-content\/uploads\/2025\/05\/60630222_894074720932892_4379995807235964928_n.jpg\" class=\"attachment-large size-large wp-image-50407\" alt=\"Air Transat\" srcset=\"https:\/\/richeskarayib.com\/wp-content\/uploads\/2025\/05\/60630222_894074720932892_4379995807235964928_n.jpg 960w, https:\/\/richeskarayib.com\/wp-content\/uploads\/2025\/05\/60630222_894074720932892_4379995807235964928_n-300x224.jpg 300w, https:\/\/richeskarayib.com\/wp-content\/uploads\/2025\/05\/60630222_894074720932892_4379995807235964928_n-768x574.jpg 768w\" sizes=\"(max-width: 800px) 100vw, 800px\" \/>\t\t\t\t\t\t\t\t\t\t\t<figcaption class=\"widget-image-caption wp-caption-text\">Airbus A321LR \u00a9Air Transat<\/figcaption>\n\t\t\t\t\t\t\t\t\t\t<\/figure>\n\t\t\t\t\t\t\t\t\t<\/div>\n\t\t\t\t<\/div>\n\t\t\t\t\t<\/div>\n\t\t<\/div>\n\t\t\t\t\t<\/div>\n\t\t<\/section>\n\t\t\t\t\t<\/div>\n\t\t<\/div>\n\t\t\t\t\t<\/div>\n\t\t<\/section>\n\t\t\t\t<section class=\"elementor-section elementor-top-section elementor-element elementor-element-0b0bfec elementor-section-boxed elementor-section-height-default elementor-section-height-default\" data-id=\"0b0bfec\" data-element_type=\"section\">\n\t\t\t\t\t\t<div class=\"elementor-container elementor-column-gap-default\">\n\t\t\t\t\t<div class=\"elementor-column elementor-col-100 elementor-top-column elementor-element elementor-element-4e0813f\" data-id=\"4e0813f\" data-element_type=\"column\">\n\t\t\t<div class=\"elementor-widget-wrap elementor-element-populated\">\n\t\t\t\t\t\t<div class=\"elementor-element elementor-element-64f5044 elementor-widget elementor-widget-heading\" data-id=\"64f5044\" data-element_type=\"widget\" data-widget_type=\"heading.default\">\n\t\t\t\t<div class=\"elementor-widget-container\">\n\t\t\t\t\t<h2 class=\"elementor-heading-title elementor-size-default\">Cons\u00e9quences pour le tourisme et l\u2019\u00e9conomie locale<\/h2>\t\t\t\t<\/div>\n\t\t\t\t<\/div>\n\t\t\t\t<div class=\"elementor-element elementor-element-cd004bc elementor-widget elementor-widget-text-editor\" data-id=\"cd004bc\" data-element_type=\"widget\" data-widget_type=\"text-editor.default\">\n\t\t\t\t<div class=\"elementor-widget-container\">\n\t\t\t\t\t\t\t\t\t<h3><b>Impact sur le tourisme martiniquais<\/b><\/h3><p><span style=\"font-weight: 400;\">L\u2019ouverture de cette ligne directe par Air Transat devrait dynamiser le secteur touristique en Martinique. En facilitant l\u2019acc\u00e8s \u00e0 l\u2019\u00eele pour les voyageurs qu\u00e9b\u00e9cois, la compagnie contribue \u00e0 renforcer les \u00e9changes culturels et \u00e9conomiques entre les deux territoires. Les professionnels du tourisme martiniquais anticipent une hausse de la fr\u00e9quentation, notamment pendant la haute saison hivernale, p\u00e9riode o\u00f9 la Martinique attire de nombreux visiteurs en qu\u00eate de soleil.<\/span><\/p>\t\t\t\t\t\t\t\t<\/div>\n\t\t\t\t<\/div>\n\t\t\t\t<div class=\"elementor-element elementor-element-4b08197 elementor-widget elementor-widget-text-editor\" data-id=\"4b08197\" data-element_type=\"widget\" data-widget_type=\"text-editor.default\">\n\t\t\t\t<div class=\"elementor-widget-container\">\n\t\t\t\t\t\t\t\t\t<h3><b>Opportunit\u00e9s pour les voyageurs qu\u00e9b\u00e9cois<\/b><\/h3><p><span style=\"font-weight: 400;\">Pour les habitants du Qu\u00e9bec, cette nouvelle liaison repr\u00e9sente une opportunit\u00e9 unique de rejoindre la Martinique sans escale, en profitant d\u2019un vol direct et confortable. Que ce soit pour des vacances en famille, un s\u00e9jour baln\u00e9aire ou une d\u00e9couverte du patrimoine martiniquais, Air Transat facilite l\u2019acc\u00e8s \u00e0 une destination pris\u00e9e des Canadiens, tout en offrant des tarifs comp\u00e9titifs et une exp\u00e9rience de voyage de qualit\u00e9.<\/span><\/p>\t\t\t\t\t\t\t\t<\/div>\n\t\t\t\t<\/div>\n\t\t\t\t<section class=\"elementor-section elementor-inner-section elementor-element elementor-element-8d65bcc elementor-section-boxed elementor-section-height-default elementor-section-height-default\" data-id=\"8d65bcc\" data-element_type=\"section\">\n\t\t\t\t\t\t<div class=\"elementor-container elementor-column-gap-default\">\n\t\t\t\t\t<div class=\"elementor-column elementor-col-33 elementor-inner-column elementor-element elementor-element-e02dec0\" data-id=\"e02dec0\" data-element_type=\"column\">\n\t\t\t<div class=\"elementor-widget-wrap elementor-element-populated\">\n\t\t\t\t\t\t<div class=\"elementor-element elementor-element-572df41 elementor-widget elementor-widget-image\" data-id=\"572df41\" data-element_type=\"widget\" data-widget_type=\"image.default\">\n\t\t\t\t<div class=\"elementor-widget-container\">\n\t\t\t\t\t\t\t\t\t\t\t\t\t\t\t<img loading=\"lazy\" decoding=\"async\" width=\"683\" height=\"1024\" src=\"https:\/\/richeskarayib.com\/wp-content\/uploads\/2025\/05\/pexels-eli-fransen-2149235223-30491776-683x1024.jpg\" class=\"attachment-large size-large wp-image-50415\" alt=\"Air Transat\" srcset=\"https:\/\/richeskarayib.com\/wp-content\/uploads\/2025\/05\/pexels-eli-fransen-2149235223-30491776-683x1024.jpg 683w, https:\/\/richeskarayib.com\/wp-content\/uploads\/2025\/05\/pexels-eli-fransen-2149235223-30491776-200x300.jpg 200w, https:\/\/richeskarayib.com\/wp-content\/uploads\/2025\/05\/pexels-eli-fransen-2149235223-30491776-768x1152.jpg 768w, https:\/\/richeskarayib.com\/wp-content\/uploads\/2025\/05\/pexels-eli-fransen-2149235223-30491776-1024x1536.jpg 1024w, https:\/\/richeskarayib.com\/wp-content\/uploads\/2025\/05\/pexels-eli-fransen-2149235223-30491776.jpg 1280w\" sizes=\"(max-width: 683px) 100vw, 683px\" \/>\t\t\t\t\t\t\t\t\t\t\t\t\t\t\t<\/div>\n\t\t\t\t<\/div>\n\t\t\t\t\t<\/div>\n\t\t<\/div>\n\t\t\t\t<div class=\"elementor-column elementor-col-33 elementor-inner-column elementor-element elementor-element-8229521\" data-id=\"8229521\" data-element_type=\"column\">\n\t\t\t<div class=\"elementor-widget-wrap elementor-element-populated\">\n\t\t\t\t\t\t<div class=\"elementor-element elementor-element-11317e0 elementor-widget elementor-widget-image\" data-id=\"11317e0\" data-element_type=\"widget\" data-widget_type=\"image.default\">\n\t\t\t\t<div class=\"elementor-widget-container\">\n\t\t\t\t\t\t\t\t\t\t\t\t\t\t\t<img loading=\"lazy\" decoding=\"async\" width=\"683\" height=\"1024\" src=\"https:\/\/richeskarayib.com\/wp-content\/uploads\/2025\/05\/pexels-eli-fransen-2149235223-30491755-683x1024.jpg\" class=\"attachment-large size-large wp-image-50419\" alt=\"Air Transat\" srcset=\"https:\/\/richeskarayib.com\/wp-content\/uploads\/2025\/05\/pexels-eli-fransen-2149235223-30491755-683x1024.jpg 683w, https:\/\/richeskarayib.com\/wp-content\/uploads\/2025\/05\/pexels-eli-fransen-2149235223-30491755-200x300.jpg 200w, https:\/\/richeskarayib.com\/wp-content\/uploads\/2025\/05\/pexels-eli-fransen-2149235223-30491755-768x1152.jpg 768w, https:\/\/richeskarayib.com\/wp-content\/uploads\/2025\/05\/pexels-eli-fransen-2149235223-30491755-1024x1536.jpg 1024w, https:\/\/richeskarayib.com\/wp-content\/uploads\/2025\/05\/pexels-eli-fransen-2149235223-30491755.jpg 1280w\" sizes=\"(max-width: 683px) 100vw, 683px\" \/>\t\t\t\t\t\t\t\t\t\t\t\t\t\t\t<\/div>\n\t\t\t\t<\/div>\n\t\t\t\t\t<\/div>\n\t\t<\/div>\n\t\t\t\t<div class=\"elementor-column elementor-col-33 elementor-inner-column elementor-element elementor-element-33771e0\" data-id=\"33771e0\" data-element_type=\"column\">\n\t\t\t<div class=\"elementor-widget-wrap elementor-element-populated\">\n\t\t\t\t\t\t<div class=\"elementor-element elementor-element-cc5d121 elementor-widget elementor-widget-image\" data-id=\"cc5d121\" data-element_type=\"widget\" data-widget_type=\"image.default\">\n\t\t\t\t<div class=\"elementor-widget-container\">\n\t\t\t\t\t\t\t\t\t\t\t\t\t\t\t<img loading=\"lazy\" decoding=\"async\" width=\"683\" height=\"1024\" src=\"https:\/\/richeskarayib.com\/wp-content\/uploads\/2025\/05\/pexels-eli-fransen-2149235223-30521877-683x1024.jpg\" class=\"attachment-large size-large wp-image-50423\" alt=\"Air Transat\" srcset=\"https:\/\/richeskarayib.com\/wp-content\/uploads\/2025\/05\/pexels-eli-fransen-2149235223-30521877-683x1024.jpg 683w, https:\/\/richeskarayib.com\/wp-content\/uploads\/2025\/05\/pexels-eli-fransen-2149235223-30521877-200x300.jpg 200w, https:\/\/richeskarayib.com\/wp-content\/uploads\/2025\/05\/pexels-eli-fransen-2149235223-30521877-768x1152.jpg 768w, https:\/\/richeskarayib.com\/wp-content\/uploads\/2025\/05\/pexels-eli-fransen-2149235223-30521877-1024x1536.jpg 1024w, https:\/\/richeskarayib.com\/wp-content\/uploads\/2025\/05\/pexels-eli-fransen-2149235223-30521877.jpg 1280w\" sizes=\"(max-width: 683px) 100vw, 683px\" \/>\t\t\t\t\t\t\t\t\t\t\t\t\t\t\t<\/div>\n\t\t\t\t<\/div>\n\t\t\t\t\t<\/div>\n\t\t<\/div>\n\t\t\t\t\t<\/div>\n\t\t<\/section>\n\t\t\t\t\t<\/div>\n\t\t<\/div>\n\t\t\t\t\t<\/div>\n\t\t<\/section>\n\t\t\t\t<section class=\"elementor-section elementor-top-section elementor-element elementor-element-de07349 elementor-section-boxed elementor-section-height-default elementor-section-height-default\" data-id=\"de07349\" data-element_type=\"section\">\n\t\t\t\t\t\t<div class=\"elementor-container elementor-column-gap-default\">\n\t\t\t\t\t<div class=\"elementor-column elementor-col-100 elementor-top-column elementor-element elementor-element-c4350d8\" data-id=\"c4350d8\" data-element_type=\"column\">\n\t\t\t<div class=\"elementor-widget-wrap elementor-element-populated\">\n\t\t\t\t\t\t<div class=\"elementor-element elementor-element-3544ac6 elementor-widget elementor-widget-heading\" data-id=\"3544ac6\" data-element_type=\"widget\" data-widget_type=\"heading.default\">\n\t\t\t\t<div class=\"elementor-widget-container\">\n\t\t\t\t\t<h2 class=\"elementor-heading-title elementor-size-default\">Air Transat : un acteur majeur du transport a\u00e9rien de loisirs<\/h2>\t\t\t\t<\/div>\n\t\t\t\t<\/div>\n\t\t\t\t<div class=\"elementor-element elementor-element-320fb6c elementor-widget elementor-widget-text-editor\" data-id=\"320fb6c\" data-element_type=\"widget\" data-widget_type=\"text-editor.default\">\n\t\t\t\t<div class=\"elementor-widget-container\">\n\t\t\t\t\t\t\t\t\t<h3><b>Historique et distinctions de la compagnie<\/b><\/h3><p><span style=\"font-weight: 400;\">Fond\u00e9e \u00e0 Montr\u00e9al il y a 37 ans, Air Transat s\u2019est impos\u00e9e comme une r\u00e9f\u00e9rence du voyage loisirs. En 2024, elle a \u00e9t\u00e9 \u00e9lue \u201cMeilleure compagnie a\u00e9rienne loisirs au monde\u201d lors des World Airline Awards de Skytrax, une distinction qui t\u00e9moigne de la confiance et de la satisfaction de sa client\u00e8le. Avec un r\u00e9seau couvrant l\u2019Europe, les Cara\u00efbes, l\u2019Am\u00e9rique du Sud, l\u2019Afrique du Nord et la c\u00f4te est am\u00e9ricaine, Air Transat offre un vaste choix de destinations internationales.<\/span><\/p>\t\t\t\t\t\t\t\t<\/div>\n\t\t\t\t<\/div>\n\t\t\t\t<div class=\"elementor-element elementor-element-23c7fe0 elementor-widget elementor-widget-text-editor\" data-id=\"23c7fe0\" data-element_type=\"widget\" data-widget_type=\"text-editor.default\">\n\t\t\t\t<div class=\"elementor-widget-container\">\n\t\t\t\t\t\t\t\t\t<h3><b>L\u2019engagement envers la qualit\u00e9 et l\u2019innovation<\/b><\/h3><p><span style=\"font-weight: 400;\">Air Transat mise sur l\u2019innovation et la modernit\u00e9 pour se d\u00e9marquer. Sa flotte est compos\u00e9e d\u2019appareils r\u00e9cents, parmi les plus \u00e9co\u00e9nerg\u00e9tiques de leur cat\u00e9gorie. L\u2019entreprise emploie 5\u2009000 personnes partageant la m\u00eame raison d\u2019\u00eatre : r\u00e9duire les distances et rapprocher les peuples. Son engagement envers la qualit\u00e9 du service et la satisfaction des passagers est au c\u0153ur de sa strat\u00e9gie de d\u00e9veloppement<\/span><span style=\"font-weight: 400;\">.<\/span><\/p>\t\t\t\t\t\t\t\t<\/div>\n\t\t\t\t<\/div>\n\t\t\t\t<section class=\"elementor-section elementor-inner-section elementor-element elementor-element-b98502a elementor-section-boxed elementor-section-height-default elementor-section-height-default\" data-id=\"b98502a\" data-element_type=\"section\">\n\t\t\t\t\t\t<div class=\"elementor-container elementor-column-gap-default\">\n\t\t\t\t\t<div class=\"elementor-column elementor-col-100 elementor-inner-column elementor-element elementor-element-d84f0b0\" data-id=\"d84f0b0\" data-element_type=\"column\">\n\t\t\t<div class=\"elementor-widget-wrap elementor-element-populated\">\n\t\t\t\t\t\t<div class=\"elementor-element elementor-element-06f573e elementor-widget elementor-widget-image\" data-id=\"06f573e\" data-element_type=\"widget\" data-widget_type=\"image.default\">\n\t\t\t\t<div class=\"elementor-widget-container\">\n\t\t\t\t\t\t\t\t\t\t\t\t\t\t\t<img loading=\"lazy\" decoding=\"async\" width=\"800\" height=\"420\" src=\"https:\/\/richeskarayib.com\/wp-content\/uploads\/2025\/05\/shutterstock_2407855449-1-1024x538.jpg\" class=\"attachment-large size-large wp-image-50411\" alt=\"Air Transat\" srcset=\"https:\/\/richeskarayib.com\/wp-content\/uploads\/2025\/05\/shutterstock_2407855449-1-1024x538.jpg 1024w, https:\/\/richeskarayib.com\/wp-content\/uploads\/2025\/05\/shutterstock_2407855449-1-300x158.jpg 300w, https:\/\/richeskarayib.com\/wp-content\/uploads\/2025\/05\/shutterstock_2407855449-1-768x403.jpg 768w, https:\/\/richeskarayib.com\/wp-content\/uploads\/2025\/05\/shutterstock_2407855449-1.jpg 1200w\" sizes=\"(max-width: 800px) 100vw, 800px\" \/>\t\t\t\t\t\t\t\t\t\t\t\t\t\t\t<\/div>\n\t\t\t\t<\/div>\n\t\t\t\t\t<\/div>\n\t\t<\/div>\n\t\t\t\t\t<\/div>\n\t\t<\/section>\n\t\t\t\t\t<\/div>\n\t\t<\/div>\n\t\t\t\t\t<\/div>\n\t\t<\/section>\n\t\t\t\t<section class=\"elementor-section elementor-top-section elementor-element elementor-element-20294ae elementor-section-boxed elementor-section-height-default elementor-section-height-default\" data-id=\"20294ae\" data-element_type=\"section\">\n\t\t\t\t\t\t<div class=\"elementor-container elementor-column-gap-default\">\n\t\t\t\t\t<div class=\"elementor-column elementor-col-100 elementor-top-column elementor-element elementor-element-216671a\" data-id=\"216671a\" data-element_type=\"column\">\n\t\t\t<div class=\"elementor-widget-wrap elementor-element-populated\">\n\t\t\t\t\t\t<div class=\"elementor-element elementor-element-679ace4 elementor-widget elementor-widget-heading\" data-id=\"679ace4\" data-element_type=\"widget\" data-widget_type=\"heading.default\">\n\t\t\t\t<div class=\"elementor-widget-container\">\n\t\t\t\t\t<h2 class=\"elementor-heading-title elementor-size-default\">R\u00e9server son Vol Qu\u00e9bec\u2013Fort-de-France<\/h2>\t\t\t\t<\/div>\n\t\t\t\t<\/div>\n\t\t\t\t<div class=\"elementor-element elementor-element-5b238ff elementor-widget elementor-widget-text-editor\" data-id=\"5b238ff\" data-element_type=\"widget\" data-widget_type=\"text-editor.default\">\n\t\t\t\t<div class=\"elementor-widget-container\">\n\t\t\t\t\t\t\t\t\t<p><span style=\"font-weight: 400;\">Les vols entre Qu\u00e9bec et Fort-de-France sont propos\u00e9s une fois par semaine, chaque dimanche, du 14 d\u00e9cembre 2025 au 26 avril 2026. Cette fr\u00e9quence hebdomadaire r\u00e9pond \u00e0 la demande saisonni\u00e8re, notamment pendant la p\u00e9riode hivernale, o\u00f9 de nombreux Qu\u00e9b\u00e9cois souhaitent profiter du climat tropical de la Martinique.<\/span><\/p>\t\t\t\t\t\t\t\t<\/div>\n\t\t\t\t<\/div>\n\t\t\t\t\t<\/div>\n\t\t<\/div>\n\t\t\t\t\t<\/div>\n\t\t<\/section>\n\t\t\t\t<section class=\"elementor-section elementor-top-section elementor-element elementor-element-e54bdc4 elementor-section-boxed elementor-section-height-default elementor-section-height-default\" data-id=\"e54bdc4\" data-element_type=\"section\">\n\t\t\t\t\t\t<div class=\"elementor-container elementor-column-gap-default\">\n\t\t\t\t\t<div class=\"elementor-column elementor-col-100 elementor-top-column elementor-element elementor-element-1252d91\" data-id=\"1252d91\" data-element_type=\"column\">\n\t\t\t<div class=\"elementor-widget-wrap elementor-element-populated\">\n\t\t\t\t\t\t<div class=\"elementor-element elementor-element-83133fa elementor-widget elementor-widget-text-editor\" data-id=\"83133fa\" data-element_type=\"widget\" data-widget_type=\"text-editor.default\">\n\t\t\t\t<div class=\"elementor-widget-container\">\n\t\t\t\t\t\t\t\t\t<p><span style=\"font-weight: 400;\">L\u2019ouverture de la liaison directe entre Qu\u00e9bec et Fort-de-France marque une avanc\u00e9e majeure dans le secteur du transport a\u00e9rien de loisirs. Gr\u00e2ce \u00e0 cette initiative, les voyageurs qu\u00e9b\u00e9cois b\u00e9n\u00e9ficient d\u2019un acc\u00e8s facilit\u00e9 \u00e0 la Martinique, tandis que l\u2019\u00eele antillaise voit son attractivit\u00e9 renforc\u00e9e. Air Transat confirme ainsi son r\u00f4le de leader sur le march\u00e9 canadien, alliant innovation, confort et service de qualit\u00e9.\u00a0<\/span><\/p>\t\t\t\t\t\t\t\t<\/div>\n\t\t\t\t<\/div>\n\t\t\t\t<div class=\"elementor-element elementor-element-6bc58fb elementor-widget elementor-widget-text-editor\" data-id=\"6bc58fb\" data-element_type=\"widget\" data-widget_type=\"text-editor.default\">\n\t\t\t\t<div class=\"elementor-widget-container\">\n\t\t\t\t\t\t\t\t\t<p><span style=\"font-weight: 400;\">Cette nouvelle route, op\u00e9r\u00e9e par des appareils modernes et efficaces, illustre la capacit\u00e9 de la compagnie \u00e0 anticiper les besoins des voyageurs et \u00e0 r\u00e9pondre aux enjeux du secteur touristique.<\/span><\/p>\t\t\t\t\t\t\t\t<\/div>\n\t\t\t\t<\/div>\n\t\t\t\t\t<\/div>\n\t\t<\/div>\n\t\t\t\t\t<\/div>\n\t\t<\/section>\n\t\t\t\t<\/div>\n\t\t","protected":false},"excerpt":{"rendered":"<p>Air Transat marque une \u00e9tape significative dans le secteur du transport a\u00e9rien en lan\u00e7ant une liaison directe entre Qu\u00e9bec et Fort-de-France. Cette initiative, annonc\u00e9e le 1er mai 2025, vient r\u00e9pondre \u00e0 une demande croissante de mobilit\u00e9 entre le Canada et la Martinique, consolidant la position d\u2019Air Transat comme acteur central du voyage loisirs au d\u00e9part [&hellip;]<\/p>\n","protected":false},"author":662,"featured_media":50395,"comment_status":"open","ping_status":"open","sticky":false,"template":"","format":"standard","meta":{"_acf_changed":false,"footnotes":""},"categories":[840,1732],"tags":[808],"class_list":["post-50390","post","type-post","status-publish","format-standard","has-post-thumbnail","hentry","category-actus","category-tourisme","tag-martinique-fr"],"acf":[],"_links":{"self":[{"href":"https:\/\/richeskarayib.com\/fr\/wp-json\/wp\/v2\/posts\/50390","targetHints":{"allow":["GET"]}}],"collection":[{"href":"https:\/\/richeskarayib.com\/fr\/wp-json\/wp\/v2\/posts"}],"about":[{"href":"https:\/\/richeskarayib.com\/fr\/wp-json\/wp\/v2\/types\/post"}],"author":[{"embeddable":true,"href":"https:\/\/richeskarayib.com\/fr\/wp-json\/wp\/v2\/users\/662"}],"replies":[{"embeddable":true,"href":"https:\/\/richeskarayib.com\/fr\/wp-json\/wp\/v2\/comments?post=50390"}],"version-history":[{"count":0,"href":"https:\/\/richeskarayib.com\/fr\/wp-json\/wp\/v2\/posts\/50390\/revisions"}],"wp:featuredmedia":[{"embeddable":true,"href":"https:\/\/richeskarayib.com\/fr\/wp-json\/wp\/v2\/media\/50395"}],"wp:attachment":[{"href":"https:\/\/richeskarayib.com\/fr\/wp-json\/wp\/v2\/media?parent=50390"}],"wp:term":[{"taxonomy":"category","embeddable":true,"href":"https:\/\/richeskarayib.com\/fr\/wp-json\/wp\/v2\/categories?post=50390"},{"taxonomy":"post_tag","embeddable":true,"href":"https:\/\/richeskarayib.com\/fr\/wp-json\/wp\/v2\/tags?post=50390"}],"curies":[{"name":"wp","href":"https:\/\/api.w.org\/{rel}","templated":true}]}}