{"id":50595,"date":"2025-05-05T10:18:13","date_gmt":"2025-05-05T14:18:13","guid":{"rendered":"https:\/\/richeskarayib.com\/?p=50595"},"modified":"2025-05-07T07:07:28","modified_gmt":"2025-05-07T11:07:28","slug":"enfin-libre-desirada-hommage-a-maryse-conde","status":"publish","type":"post","link":"https:\/\/richeskarayib.com\/fr\/enfin-libre-desirada-hommage-a-maryse-conde\/","title":{"rendered":"Guadeloupe &#8211; &#8220;Enfin libre, D\u00e9sirada&#8221; : la m\u00e9moire en sc\u00e8ne, un hommage vivant \u00e0 Maryse Cond\u00e9"},"content":{"rendered":"\t\t<div data-elementor-type=\"wp-post\" data-elementor-id=\"50595\" class=\"elementor elementor-50595\" data-elementor-post-type=\"post\">\n\t\t\t\t\t\t<section class=\"elementor-section elementor-top-section elementor-element elementor-element-7d4f952 elementor-section-boxed elementor-section-height-default elementor-section-height-default\" data-id=\"7d4f952\" data-element_type=\"section\">\n\t\t\t\t\t\t<div class=\"elementor-container elementor-column-gap-default\">\n\t\t\t\t\t<div class=\"elementor-column elementor-col-100 elementor-top-column elementor-element elementor-element-f3833fa\" data-id=\"f3833fa\" data-element_type=\"column\">\n\t\t\t<div class=\"elementor-widget-wrap elementor-element-populated\">\n\t\t\t\t\t\t<div class=\"elementor-element elementor-element-6cd393f elementor-widget elementor-widget-text-editor\" data-id=\"6cd393f\" data-element_type=\"widget\" data-widget_type=\"text-editor.default\">\n\t\t\t\t<div class=\"elementor-widget-container\">\n\t\t\t\t\t\t\t\t\t<p><a href=\"https:\/\/outremers360.com\/bassin-atlantique-appli\/la-comedienne-guadeloupeenne-nathalie-coualy-en-representation-unique-avec-enfin-libre-desirada-la-piece-theatrale-adaptee-par-maryse-conde-a-champigny-sur-marne-le-10-mai-2025\" target=\"_blank\" rel=\"noopener nofollow\"><b>&#8220;Enfin libre, D\u00e9sirada&#8221;<\/b><\/a><span style=\"font-weight: 400;\"> est l\u2019unique adaptation th\u00e9\u00e2trale autoris\u00e9e par Maryse Cond\u00e9 d\u2019un de ses romans, <\/span><i><span style=\"font-weight: 400;\">D\u00e9sirada<\/span><\/i><span style=\"font-weight: 400;\">, publi\u00e9 chez Robert Laffont. Port\u00e9e par l\u2019association guadeloup\u00e9enne <a href=\"https:\/\/www.wahecreation.com\/\" target=\"_blank\" rel=\"noopener nofollow\">Wah\u00e9 Cr\u00e9ation<\/a>, cette \u0153uvre bouleversante est une travers\u00e9e des silences et des transmissions familiales, au croisement de la litt\u00e9rature, du th\u00e9\u00e2tre et de la musique.<\/span><\/p>\t\t\t\t\t\t\t\t<\/div>\n\t\t\t\t<\/div>\n\t\t\t\t\t<\/div>\n\t\t<\/div>\n\t\t\t\t\t<\/div>\n\t\t<\/section>\n\t\t\t\t<section class=\"elementor-section elementor-top-section elementor-element elementor-element-16ba7e0 elementor-section-boxed elementor-section-height-default elementor-section-height-default\" data-id=\"16ba7e0\" data-element_type=\"section\">\n\t\t\t\t\t\t<div class=\"elementor-container elementor-column-gap-default\">\n\t\t\t\t\t<div class=\"elementor-column elementor-col-100 elementor-top-column elementor-element elementor-element-f6fb52b\" data-id=\"f6fb52b\" data-element_type=\"column\">\n\t\t\t<div class=\"elementor-widget-wrap elementor-element-populated\">\n\t\t\t\t\t\t<div class=\"elementor-element elementor-element-0ce05bd elementor-widget elementor-widget-heading\" data-id=\"0ce05bd\" data-element_type=\"widget\" data-widget_type=\"heading.default\">\n\t\t\t\t<div class=\"elementor-widget-container\">\n\t\t\t\t\t<h2 class=\"elementor-heading-title elementor-size-default\">Une parole de femmes pour dire l\u2019histoire<\/h2>\t\t\t\t<\/div>\n\t\t\t\t<\/div>\n\t\t\t\t<div class=\"elementor-element elementor-element-f5427b4 elementor-widget elementor-widget-text-editor\" data-id=\"f5427b4\" data-element_type=\"widget\" data-widget_type=\"text-editor.default\">\n\t\t\t\t<div class=\"elementor-widget-container\">\n\t\t\t\t\t\t\t\t\t<p><span style=\"font-weight: 400;\"><b>&#8220;Enfin libre, D\u00e9sirada&#8221; <\/b>est mis en sc\u00e8ne par <\/span><a href=\"https:\/\/www.nathalycoualy.com\/\" target=\"_blank\" rel=\"noopener nofollow\"><b>Nathaly Coualy<\/b><\/a><span style=\"font-weight: 400;\"> et <\/span><a href=\"https:\/\/www.facebook.com\/FernandoDeAzevedoDirector\/?locale=fr_FR\" target=\"_blank\" rel=\"noopener nofollow\"><b>Fernando de Azevedo<\/b><\/a><span style=\"font-weight: 400;\">, met en sc\u00e8ne Marie-No\u00eblle, exil\u00e9e \u00e0 Boston, qui cherche \u00e0 comprendre son pass\u00e9 en interrogeant sa m\u00e8re Reynalda et sa grand-m\u00e8re Nina. Pourquoi ce silence autour de sa naissance ? Quelle v\u00e9rit\u00e9 se cache derri\u00e8re l\u2019abandon, l\u2019indiff\u00e9rence, la violence ? <\/span><i><span style=\"font-weight: 400;\">Enfin libre<\/span><\/i><span style=\"font-weight: 400;\"> est le r\u00e9cit d\u2019une qu\u00eate identitaire \u00e0 travers trois g\u00e9n\u00e9rations de femmes bless\u00e9es, mais farouchement vivantes.<\/span><\/p>\t\t\t\t\t\t\t\t<\/div>\n\t\t\t\t<\/div>\n\t\t\t\t<div class=\"elementor-element elementor-element-016486b elementor-widget elementor-widget-text-editor\" data-id=\"016486b\" data-element_type=\"widget\" data-widget_type=\"text-editor.default\">\n\t\t\t\t<div class=\"elementor-widget-container\">\n\t\t\t\t\t\t\t\t\t<p><span style=\"font-weight: 400;\"><b>&#8220;Enfin libre, D\u00e9sirada&#8221;<\/b> sera jou\u00e9 notamment <\/span><b>le 10 mai 2025 \u00e0 Champigny-sur-Marne<\/b><span style=\"font-weight: 400;\">, \u00e0 l\u2019occasion de la Journ\u00e9e nationale des m\u00e9moires de l\u2019esclavage, avec le <\/span><b>soutien de la Fondation pour la M\u00e9moire de l\u2019Esclavage et de l\u2019Agence Fran\u00e7aise de D\u00e9veloppement<\/b><span style=\"font-weight: 400;\">.<\/span><\/p>\t\t\t\t\t\t\t\t<\/div>\n\t\t\t\t<\/div>\n\t\t\t\t\t<\/div>\n\t\t<\/div>\n\t\t\t\t\t<\/div>\n\t\t<\/section>\n\t\t\t\t<section class=\"elementor-section elementor-top-section elementor-element elementor-element-7c727fe elementor-section-boxed elementor-section-height-default elementor-section-height-default\" data-id=\"7c727fe\" data-element_type=\"section\">\n\t\t\t\t\t\t<div class=\"elementor-container elementor-column-gap-default\">\n\t\t\t\t\t<div class=\"elementor-column elementor-col-100 elementor-top-column elementor-element elementor-element-2675508\" data-id=\"2675508\" data-element_type=\"column\">\n\t\t\t<div class=\"elementor-widget-wrap elementor-element-populated\">\n\t\t\t\t\t\t<div class=\"elementor-element elementor-element-86f7f71 elementor-widget elementor-widget-heading\" data-id=\"86f7f71\" data-element_type=\"widget\" data-widget_type=\"heading.default\">\n\t\t\t\t<div class=\"elementor-widget-container\">\n\t\t\t\t\t<h2 class=\"elementor-heading-title elementor-size-default\">Une mise en sc\u00e8ne \u00e0 c\u0153ur ouvert<\/h2>\t\t\t\t<\/div>\n\t\t\t\t<\/div>\n\t\t\t\t<div class=\"elementor-element elementor-element-1931a91 elementor-widget elementor-widget-text-editor\" data-id=\"1931a91\" data-element_type=\"widget\" data-widget_type=\"text-editor.default\">\n\t\t\t\t<div class=\"elementor-widget-container\">\n\t\t\t\t\t\t\t\t\t<p><span style=\"font-weight: 400;\">Avec une sc\u00e9nographie volontairement minimaliste \u2014 une chaise, un fauteuil, le Chapman Stick de <\/span><b>David Blam\u00e8ble<\/b><span style=\"font-weight: 400;\">, la pi\u00e8ce mise sur l\u2019intensit\u00e9 du jeu, la proximit\u00e9 avec le public et la force du texte. Musique, slam, silences, confidences et rythmes se succ\u00e8dent dans une atmosph\u00e8re intimiste et sans artifices.<\/span><\/p>\t\t\t\t\t\t\t\t<\/div>\n\t\t\t\t<\/div>\n\t\t\t\t<div class=\"elementor-element elementor-element-f91d134 elementor-widget elementor-widget-text-editor\" data-id=\"f91d134\" data-element_type=\"widget\" data-widget_type=\"text-editor.default\">\n\t\t\t\t<div class=\"elementor-widget-container\">\n\t\t\t\t\t\t\t\t\t<p><span style=\"font-weight: 400;\"><b>&#8220;Enfin libre, D\u00e9sirada&#8221;<\/b> m\u00eale th\u00e9\u00e2tre et musique pour <\/span><b>incarner la voix des femmes<\/b><span style=\"font-weight: 400;\"> dans leur complexit\u00e9, entre blessures et espoirs. <\/span><i><span style=\"font-weight: 400;\">Enfin libre<\/span><\/i><span style=\"font-weight: 400;\"> n\u2019est pas seulement une adaptation, c\u2019est une r\u00e9invention sc\u00e9nique nourrie de la relation forte entre Nathaly Coualy et l\u2019univers de Maryse Cond\u00e9.<\/span><\/p>\t\t\t\t\t\t\t\t<\/div>\n\t\t\t\t<\/div>\n\t\t\t\t\t<\/div>\n\t\t<\/div>\n\t\t\t\t\t<\/div>\n\t\t<\/section>\n\t\t\t\t<section class=\"elementor-section elementor-top-section elementor-element elementor-element-1a0b771 elementor-section-boxed elementor-section-height-default elementor-section-height-default\" data-id=\"1a0b771\" data-element_type=\"section\">\n\t\t\t\t\t\t<div class=\"elementor-container elementor-column-gap-default\">\n\t\t\t\t\t<div class=\"elementor-column elementor-col-100 elementor-top-column elementor-element elementor-element-345f4b7\" data-id=\"345f4b7\" data-element_type=\"column\">\n\t\t\t<div class=\"elementor-widget-wrap elementor-element-populated\">\n\t\t\t\t\t\t<div class=\"elementor-element elementor-element-d6a712a elementor-widget elementor-widget-heading\" data-id=\"d6a712a\" data-element_type=\"widget\" data-widget_type=\"heading.default\">\n\t\t\t\t<div class=\"elementor-widget-container\">\n\t\t\t\t\t<h2 class=\"elementor-heading-title elementor-size-default\">Maryse Cond\u00e9 (1934\u20132024) : l\u2019empreinte d\u2019une Guadeloup\u00e9enne ind\u00e9pendante<\/h2>\t\t\t\t<\/div>\n\t\t\t\t<\/div>\n\t\t\t\t<div class=\"elementor-element elementor-element-f9582c3 elementor-widget elementor-widget-text-editor\" data-id=\"f9582c3\" data-element_type=\"widget\" data-widget_type=\"text-editor.default\">\n\t\t\t\t<div class=\"elementor-widget-container\">\n\t\t\t\t\t\t\t\t\t<p><span style=\"font-weight: 400;\"><a href=\"https:\/\/memoire-esclavage.org\/biographies\/maryse-conde\" target=\"_blank\" rel=\"noopener nofollow\">Maryse Cond\u00e9<\/a>, n\u00e9e <\/span>Maryse Liliane Appoline Boucolon<span style=\"font-weight: 400;\"> \u00e0 Pointe-\u00e0-Pitre en 1934, est l\u2019une des plus grandes figures de la litt\u00e9rature carib\u00e9enne et mondiale. Journaliste, professeure et romanci\u00e8re, elle a notamment enseign\u00e9 \u00e0 l\u2019Universit\u00e9 Columbia et cofond\u00e9 le Centre des \u00e9tudes francophones. Ses \u0153uvres (<\/span><i><span style=\"font-weight: 400;\">S\u00e9gou<\/span><\/i><span style=\"font-weight: 400;\">, <\/span><i><span style=\"font-weight: 400;\">Moi, Tituba sorci\u00e8re&#8230;<\/span><\/i><span style=\"font-weight: 400;\">, <\/span><i><span style=\"font-weight: 400;\">La Vie sc\u00e9l\u00e9rate<\/span><\/i><span style=\"font-weight: 400;\">, etc.) explorent l\u2019histoire coloniale, la condition noire, les m\u00e9moires diasporiques.<\/span><\/p>\t\t\t\t\t\t\t\t<\/div>\n\t\t\t\t<\/div>\n\t\t\t\t<div class=\"elementor-element elementor-element-1fc737a elementor-widget elementor-widget-text-editor\" data-id=\"1fc737a\" data-element_type=\"widget\" data-widget_type=\"text-editor.default\">\n\t\t\t\t<div class=\"elementor-widget-container\">\n\t\t\t\t\t\t\t\t\t<p><span style=\"font-weight: 400;\">Laur\u00e9ate de nombreux prix, dont le <\/span><b>Nobel alternatif de litt\u00e9rature<\/b><span style=\"font-weight: 400;\"> en 2018, elle a marqu\u00e9 de son empreinte la m\u00e9moire de l\u2019esclavage, notamment comme premi\u00e8re pr\u00e9sidente du <\/span><b>Comit\u00e9 pour la M\u00e9moire de l\u2019Esclavage<\/b><span style=\"font-weight: 400;\">. Elle s\u2019est \u00e9teinte le <\/span><b>2 avril 2024 \u00e0 Gordes<\/b><span style=\"font-weight: 400;\">. Un <\/span><b>hommage national<\/b><span style=\"font-weight: 400;\"> lui a \u00e9t\u00e9 rendu le 15 avril 2024 \u00e0 la BnF.<\/span><\/p>\t\t\t\t\t\t\t\t<\/div>\n\t\t\t\t<\/div>\n\t\t\t\t<div class=\"elementor-element elementor-element-fa7617c elementor-widget elementor-widget-text-editor\" data-id=\"fa7617c\" data-element_type=\"widget\" data-widget_type=\"text-editor.default\">\n\t\t\t\t<div class=\"elementor-widget-container\">\n\t\t\t\t\t\t\t\t\t<p><span style=\"font-weight: 400;\">\u00ab Je mourrai guadeloup\u00e9enne. Une Guadeloup\u00e9enne ind\u00e9pendantiste. \u00bb \u2014 <\/span><i><span style=\"font-weight: 400;\">Maryse Cond\u00e9<\/span><\/i><\/p>\t\t\t\t\t\t\t\t<\/div>\n\t\t\t\t<\/div>\n\t\t\t\t<section class=\"elementor-section elementor-inner-section elementor-element elementor-element-ec96131 elementor-section-boxed elementor-section-height-default elementor-section-height-default\" data-id=\"ec96131\" data-element_type=\"section\">\n\t\t\t\t\t\t<div class=\"elementor-container elementor-column-gap-default\">\n\t\t\t\t\t<div class=\"elementor-column elementor-col-100 elementor-inner-column elementor-element elementor-element-b583a1b\" data-id=\"b583a1b\" data-element_type=\"column\">\n\t\t\t<div class=\"elementor-widget-wrap elementor-element-populated\">\n\t\t\t\t\t\t<div class=\"elementor-element elementor-element-511a6ee elementor-widget elementor-widget-image\" data-id=\"511a6ee\" data-element_type=\"widget\" data-widget_type=\"image.default\">\n\t\t\t\t<div class=\"elementor-widget-container\">\n\t\t\t\t\t\t\t\t\t\t\t\t<figure class=\"wp-caption\">\n\t\t\t\t\t\t\t\t\t\t<img fetchpriority=\"high\" decoding=\"async\" width=\"640\" height=\"427\" src=\"https:\/\/richeskarayib.com\/wp-content\/uploads\/2025\/05\/Maryse-Conde-1.jpg\" class=\"attachment-large size-large wp-image-50600\" alt=\"Enfin libre\" srcset=\"https:\/\/richeskarayib.com\/wp-content\/uploads\/2025\/05\/Maryse-Conde-1.jpg 640w, https:\/\/richeskarayib.com\/wp-content\/uploads\/2025\/05\/Maryse-Conde-1-300x200.jpg 300w\" sizes=\"(max-width: 640px) 100vw, 640px\" \/>\t\t\t\t\t\t\t\t\t\t\t<figcaption class=\"widget-image-caption wp-caption-text\">\u00a9Maryse Cond\u00e9<\/figcaption>\n\t\t\t\t\t\t\t\t\t\t<\/figure>\n\t\t\t\t\t\t\t\t\t<\/div>\n\t\t\t\t<\/div>\n\t\t\t\t\t<\/div>\n\t\t<\/div>\n\t\t\t\t\t<\/div>\n\t\t<\/section>\n\t\t\t\t\t<\/div>\n\t\t<\/div>\n\t\t\t\t\t<\/div>\n\t\t<\/section>\n\t\t\t\t<section class=\"elementor-section elementor-top-section elementor-element elementor-element-8d316ed elementor-section-boxed elementor-section-height-default elementor-section-height-default\" data-id=\"8d316ed\" data-element_type=\"section\">\n\t\t\t\t\t\t<div class=\"elementor-container elementor-column-gap-default\">\n\t\t\t\t\t<div class=\"elementor-column elementor-col-100 elementor-top-column elementor-element elementor-element-24699a4\" data-id=\"24699a4\" data-element_type=\"column\">\n\t\t\t<div class=\"elementor-widget-wrap elementor-element-populated\">\n\t\t\t\t\t\t<div class=\"elementor-element elementor-element-efda88a elementor-widget elementor-widget-heading\" data-id=\"efda88a\" data-element_type=\"widget\" data-widget_type=\"heading.default\">\n\t\t\t\t<div class=\"elementor-widget-container\">\n\t\t\t\t\t<h2 class=\"elementor-heading-title elementor-size-default\">Wah\u00e9 Cr\u00e9ation : une voix artistique pour les Outre-mer<\/h2>\t\t\t\t<\/div>\n\t\t\t\t<\/div>\n\t\t\t\t<div class=\"elementor-element elementor-element-eed17cf elementor-widget elementor-widget-text-editor\" data-id=\"eed17cf\" data-element_type=\"widget\" data-widget_type=\"text-editor.default\">\n\t\t\t\t<div class=\"elementor-widget-container\">\n\t\t\t\t\t\t\t\t\t<p><span style=\"font-weight: 400;\">Bas\u00e9e \u00e0 <\/span><b>Saint-Fran\u00e7ois en <a href=\"https:\/\/richeskarayib.com\/fr\/nouveaux-regards-film-festival-2025-8-edition\/\" target=\"_blank\" rel=\"noopener\">Guadeloupe<\/a><\/b><span style=\"font-weight: 400;\">, l\u2019association <\/span><b>Wah\u00e9 Cr\u00e9ation<\/b><span style=\"font-weight: 400;\">, fond\u00e9e et dirig\u00e9e artistiquement par <\/span><b>Nathaly Coualy<\/b><span style=\"font-weight: 400;\">, \u0153uvre \u00e0 <\/span><b>la d\u00e9mocratisation de l\u2019acc\u00e8s \u00e0 la culture<\/b><span style=\"font-weight: 400;\">, la valorisation de la diversit\u00e9 artistique et la transmission des patrimoines culturels ultramarins. \u00ab Wah\u00e9 \u00bb signifie <\/span><i><span style=\"font-weight: 400;\">extase<\/span><\/i><span style=\"font-weight: 400;\"> en sanskrit, symbole de la vie \u00e9lev\u00e9e par la cr\u00e9ation.<\/span><\/p>\t\t\t\t\t\t\t\t<\/div>\n\t\t\t\t<\/div>\n\t\t\t\t<div class=\"elementor-element elementor-element-382c62d elementor-widget elementor-widget-text-editor\" data-id=\"382c62d\" data-element_type=\"widget\" data-widget_type=\"text-editor.default\">\n\t\t\t\t<div class=\"elementor-widget-container\">\n\t\t\t\t\t\t\t\t\t<p><span style=\"font-weight: 400;\">L\u2019association accompagne des projets m\u00ealant th\u00e9\u00e2tre, musique, mieux-\u00eatre et expression personnelle. Elle organise <\/span><b>ateliers, masterclasses et formations<\/b><span style=\"font-weight: 400;\"> anim\u00e9es par des professionnels du spectacle vivant et des disciplines de transformation personnelle (yoga, m\u00e9ditation, musicoth\u00e9rapie\u2026).<\/span><\/p>\t\t\t\t\t\t\t\t<\/div>\n\t\t\t\t<\/div>\n\t\t\t\t<div class=\"elementor-element elementor-element-4d797ae elementor-widget elementor-widget-text-editor\" data-id=\"4d797ae\" data-element_type=\"widget\" data-widget_type=\"text-editor.default\">\n\t\t\t\t<div class=\"elementor-widget-container\">\n\t\t\t\t\t\t\t\t\t<p><span style=\"font-weight: 400;\">Avec <\/span><i><span style=\"font-weight: 400;\">Enfin libre, D\u00e9sirada<\/span><\/i><span style=\"font-weight: 400;\">, Wah\u00e9 Cr\u00e9ation concr\u00e9tise sa mission : <\/span><b>donner \u00e0 entendre les voix des marges, de l\u2019intime et du collectif<\/b><span style=\"font-weight: 400;\">, dans un langage artistique ancr\u00e9 dans la r\u00e9alit\u00e9 antillaise et ouverte au monde.<\/span><\/p>\t\t\t\t\t\t\t\t<\/div>\n\t\t\t\t<\/div>\n\t\t\t\t<section class=\"elementor-section elementor-inner-section elementor-element elementor-element-c489c25 elementor-section-boxed elementor-section-height-default elementor-section-height-default\" data-id=\"c489c25\" data-element_type=\"section\">\n\t\t\t\t\t\t<div class=\"elementor-container elementor-column-gap-default\">\n\t\t\t\t\t<div class=\"elementor-column elementor-col-100 elementor-inner-column elementor-element elementor-element-798c938\" data-id=\"798c938\" data-element_type=\"column\">\n\t\t\t<div class=\"elementor-widget-wrap elementor-element-populated\">\n\t\t\t\t\t\t<div class=\"elementor-element elementor-element-dcee1d9 elementor-widget elementor-widget-image\" data-id=\"dcee1d9\" data-element_type=\"widget\" data-widget_type=\"image.default\">\n\t\t\t\t<div class=\"elementor-widget-container\">\n\t\t\t\t\t\t\t\t\t\t\t\t<figure class=\"wp-caption\">\n\t\t\t\t\t\t\t\t\t\t<img decoding=\"async\" width=\"800\" height=\"800\" src=\"https:\/\/richeskarayib.com\/wp-content\/uploads\/2025\/05\/Nathaly-Coualy-et-Maryse-Counde-1024x1024.jpg\" class=\"attachment-large size-large wp-image-50604\" alt=\"Enfin libre\" srcset=\"https:\/\/richeskarayib.com\/wp-content\/uploads\/2025\/05\/Nathaly-Coualy-et-Maryse-Counde-1024x1024.jpg 1024w, https:\/\/richeskarayib.com\/wp-content\/uploads\/2025\/05\/Nathaly-Coualy-et-Maryse-Counde-300x300.jpg 300w, https:\/\/richeskarayib.com\/wp-content\/uploads\/2025\/05\/Nathaly-Coualy-et-Maryse-Counde-150x150.jpg 150w, https:\/\/richeskarayib.com\/wp-content\/uploads\/2025\/05\/Nathaly-Coualy-et-Maryse-Counde-768x768.jpg 768w, https:\/\/richeskarayib.com\/wp-content\/uploads\/2025\/05\/Nathaly-Coualy-et-Maryse-Counde-1320x1319.jpg 1320w, https:\/\/richeskarayib.com\/wp-content\/uploads\/2025\/05\/Nathaly-Coualy-et-Maryse-Counde.jpg 1537w\" sizes=\"(max-width: 800px) 100vw, 800px\" \/>\t\t\t\t\t\t\t\t\t\t\t<figcaption class=\"widget-image-caption wp-caption-text\">Nathaly Coualy et Maryse Cound\u00e9.\n\n\u00a9Nathaly Coualy<\/figcaption>\n\t\t\t\t\t\t\t\t\t\t<\/figure>\n\t\t\t\t\t\t\t\t\t<\/div>\n\t\t\t\t<\/div>\n\t\t\t\t\t<\/div>\n\t\t<\/div>\n\t\t\t\t\t<\/div>\n\t\t<\/section>\n\t\t\t\t\t<\/div>\n\t\t<\/div>\n\t\t\t\t\t<\/div>\n\t\t<\/section>\n\t\t\t\t<section class=\"elementor-section elementor-top-section elementor-element elementor-element-6904e1e elementor-section-boxed elementor-section-height-default elementor-section-height-default\" data-id=\"6904e1e\" data-element_type=\"section\">\n\t\t\t\t\t\t<div class=\"elementor-container elementor-column-gap-default\">\n\t\t\t\t\t<div class=\"elementor-column elementor-col-100 elementor-top-column elementor-element elementor-element-7bf759f\" data-id=\"7bf759f\" data-element_type=\"column\">\n\t\t\t<div class=\"elementor-widget-wrap elementor-element-populated\">\n\t\t\t\t\t\t<div class=\"elementor-element elementor-element-5f8f11f elementor-widget elementor-widget-heading\" data-id=\"5f8f11f\" data-element_type=\"widget\" data-widget_type=\"heading.default\">\n\t\t\t\t<div class=\"elementor-widget-container\">\n\t\t\t\t\t<h2 class=\"elementor-heading-title elementor-size-default\">Une \u00e9quipe artistique pluridisciplinaire<\/h2>\t\t\t\t<\/div>\n\t\t\t\t<\/div>\n\t\t\t\t<div class=\"elementor-element elementor-element-e44f6f1 elementor-widget elementor-widget-text-editor\" data-id=\"e44f6f1\" data-element_type=\"widget\" data-widget_type=\"text-editor.default\">\n\t\t\t\t<div class=\"elementor-widget-container\">\n\t\t\t\t\t\t\t\t\t<h3><b>Nathaly Coualy<\/b><\/h3><p><span style=\"font-weight: 400;\">Com\u00e9dienne, autrice, metteuse en sc\u00e8ne et fondatrice de Wah\u00e9 Cr\u00e9ation, elle a initi\u00e9 l\u2019adaptation th\u00e9\u00e2trale de <\/span><i><span style=\"font-weight: 400;\">D\u00e9sirada<\/span><\/i><span style=\"font-weight: 400;\"> apr\u00e8s une premi\u00e8re version jou\u00e9e au Festival Off d\u2019Avignon 2022. Elle interpr\u00e8te ici les trois g\u00e9n\u00e9rations de femmes avec force, humour et intensit\u00e9. Form\u00e9e au th\u00e9\u00e2tre classique comme \u00e0 l\u2019Actors Studio, elle m\u00eale art dramatique et conscience corporelle.<\/span><\/p>\t\t\t\t\t\t\t\t<\/div>\n\t\t\t\t<\/div>\n\t\t\t\t<section class=\"elementor-section elementor-inner-section elementor-element elementor-element-25496a0 elementor-section-boxed elementor-section-height-default elementor-section-height-default\" data-id=\"25496a0\" data-element_type=\"section\">\n\t\t\t\t\t\t<div class=\"elementor-container elementor-column-gap-default\">\n\t\t\t\t\t<div class=\"elementor-column elementor-col-100 elementor-inner-column elementor-element elementor-element-353bcfe\" data-id=\"353bcfe\" data-element_type=\"column\">\n\t\t\t<div class=\"elementor-widget-wrap elementor-element-populated\">\n\t\t\t\t\t\t<div class=\"elementor-element elementor-element-30fef7c elementor-widget elementor-widget-image\" data-id=\"30fef7c\" data-element_type=\"widget\" data-widget_type=\"image.default\">\n\t\t\t\t<div class=\"elementor-widget-container\">\n\t\t\t\t\t\t\t\t\t\t\t\t<figure class=\"wp-caption\">\n\t\t\t\t\t\t\t\t\t\t<img decoding=\"async\" width=\"800\" height=\"798\" src=\"https:\/\/richeskarayib.com\/wp-content\/uploads\/2025\/05\/Nathaly-Coualy-2.jpg\" class=\"attachment-large size-large wp-image-50608\" alt=\"Enfin libre\" srcset=\"https:\/\/richeskarayib.com\/wp-content\/uploads\/2025\/05\/Nathaly-Coualy-2.jpg 960w, https:\/\/richeskarayib.com\/wp-content\/uploads\/2025\/05\/Nathaly-Coualy-2-300x300.jpg 300w, https:\/\/richeskarayib.com\/wp-content\/uploads\/2025\/05\/Nathaly-Coualy-2-150x150.jpg 150w, https:\/\/richeskarayib.com\/wp-content\/uploads\/2025\/05\/Nathaly-Coualy-2-768x766.jpg 768w\" sizes=\"(max-width: 800px) 100vw, 800px\" \/>\t\t\t\t\t\t\t\t\t\t\t<figcaption class=\"widget-image-caption wp-caption-text\">\u00a9Nathaly Coualy<\/figcaption>\n\t\t\t\t\t\t\t\t\t\t<\/figure>\n\t\t\t\t\t\t\t\t\t<\/div>\n\t\t\t\t<\/div>\n\t\t\t\t\t<\/div>\n\t\t<\/div>\n\t\t\t\t\t<\/div>\n\t\t<\/section>\n\t\t\t\t<div class=\"elementor-element elementor-element-eb89b44 elementor-widget elementor-widget-text-editor\" data-id=\"eb89b44\" data-element_type=\"widget\" data-widget_type=\"text-editor.default\">\n\t\t\t\t<div class=\"elementor-widget-container\">\n\t\t\t\t\t\t\t\t\t<h3><b>David Blam\u00e8ble<\/b><\/h3><p><span style=\"font-weight: 400;\">Musicien martiniquais autodidacte, il joue du <\/span><b>Chapman Stick<\/b><span style=\"font-weight: 400;\">, instrument rare qui fusionne basse, guitare et percussions. Blam\u00e8ble a accompagn\u00e9 de grands noms comme Jacob Desvarieux ou D\u00e9d\u00e9 Saint-Prix, et d\u00e9veloppe une approche carib\u00e9enne originale de son instrument. Son travail musical donne \u00e0 la pi\u00e8ce une signature sonore unique.<\/span><\/p>\t\t\t\t\t\t\t\t<\/div>\n\t\t\t\t<\/div>\n\t\t\t\t<div class=\"elementor-element elementor-element-18adc33 elementor-widget elementor-widget-image\" data-id=\"18adc33\" data-element_type=\"widget\" data-widget_type=\"image.default\">\n\t\t\t\t<div class=\"elementor-widget-container\">\n\t\t\t\t\t\t\t\t\t\t\t\t<figure class=\"wp-caption\">\n\t\t\t\t\t\t\t\t\t\t<img loading=\"lazy\" decoding=\"async\" width=\"800\" height=\"929\" src=\"https:\/\/richeskarayib.com\/wp-content\/uploads\/2025\/05\/David-Blameble-882x1024.jpg\" class=\"attachment-large size-large wp-image-50612\" alt=\"Enfin libre\" srcset=\"https:\/\/richeskarayib.com\/wp-content\/uploads\/2025\/05\/David-Blameble-882x1024.jpg 882w, https:\/\/richeskarayib.com\/wp-content\/uploads\/2025\/05\/David-Blameble-258x300.jpg 258w, https:\/\/richeskarayib.com\/wp-content\/uploads\/2025\/05\/David-Blameble-768x892.jpg 768w, https:\/\/richeskarayib.com\/wp-content\/uploads\/2025\/05\/David-Blameble-1322x1536.jpg 1322w, https:\/\/richeskarayib.com\/wp-content\/uploads\/2025\/05\/David-Blameble-1320x1533.jpg 1320w, https:\/\/richeskarayib.com\/wp-content\/uploads\/2025\/05\/David-Blameble.jpg 1653w\" sizes=\"(max-width: 800px) 100vw, 800px\" \/>\t\t\t\t\t\t\t\t\t\t\t<figcaption class=\"widget-image-caption wp-caption-text\">\u00a9David Blam\u00e8ble<\/figcaption>\n\t\t\t\t\t\t\t\t\t\t<\/figure>\n\t\t\t\t\t\t\t\t\t<\/div>\n\t\t\t\t<\/div>\n\t\t\t\t\t<\/div>\n\t\t<\/div>\n\t\t\t\t\t<\/div>\n\t\t<\/section>\n\t\t\t\t<section class=\"elementor-section elementor-top-section elementor-element elementor-element-ce5f380 elementor-section-boxed elementor-section-height-default elementor-section-height-default\" data-id=\"ce5f380\" data-element_type=\"section\">\n\t\t\t\t\t\t<div class=\"elementor-container elementor-column-gap-default\">\n\t\t\t\t\t<div class=\"elementor-column elementor-col-100 elementor-top-column elementor-element elementor-element-32ada0d\" data-id=\"32ada0d\" data-element_type=\"column\">\n\t\t\t<div class=\"elementor-widget-wrap elementor-element-populated\">\n\t\t\t\t\t\t<div class=\"elementor-element elementor-element-6683586 elementor-widget elementor-widget-heading\" data-id=\"6683586\" data-element_type=\"widget\" data-widget_type=\"heading.default\">\n\t\t\t\t<div class=\"elementor-widget-container\">\n\t\t\t\t\t<h2 class=\"elementor-heading-title elementor-size-default\">Tourn\u00e9e 2025\u20132026<\/h2>\t\t\t\t<\/div>\n\t\t\t\t<\/div>\n\t\t\t\t<div class=\"elementor-element elementor-element-9bb2b4a elementor-widget elementor-widget-text-editor\" data-id=\"9bb2b4a\" data-element_type=\"widget\" data-widget_type=\"text-editor.default\">\n\t\t\t\t<div class=\"elementor-widget-container\">\n\t\t\t\t\t\t\t\t\t<ul>\n<li style=\"font-weight: 400;\" aria-level=\"1\"><b>10 mai 2025<\/b><span style=\"font-weight: 400;\"> \u2013 Champigny-sur-Marne, salle G\u00e9rard-Philipe<\/span><span style=\"font-weight: 400;\"><br \/><\/span><\/li>\n<li style=\"font-weight: 400;\" aria-level=\"1\"><b>6 novembre 2025<\/b><span style=\"font-weight: 400;\"> \u2013 Maubeuge, Le Man\u00e8ge<\/span><\/li>\n<li style=\"font-weight: 400;\" aria-level=\"1\"><span style=\"font-weight: 400;\"><b>6 d\u00e9cembre 2025<\/b> \u2013 Chaville, L\u2019Atrium<br \/><\/span><\/li>\n<\/ul>\t\t\t\t\t\t\t\t<\/div>\n\t\t\t\t<\/div>\n\t\t\t\t<div class=\"elementor-element elementor-element-35ba6da elementor-widget elementor-widget-text-editor\" data-id=\"35ba6da\" data-element_type=\"widget\" data-widget_type=\"text-editor.default\">\n\t\t\t\t<div class=\"elementor-widget-container\">\n\t\t\t\t\t\t\t\t\t<h3><strong>Information et r\u00e9servation<\/strong><\/h3>\n<ul>\n<li><strong>Num\u00e9ro de t\u00e9l\u00e9phone<\/strong> : 01 45 16 40 00.<\/li>\n<li><strong>Tarifs :<\/strong> de 6\u20ac a 14 \u20ac<\/li>\n<li><strong>Lien de reservation :<\/strong> <a href=\"https:\/\/champigny94.notre-billetterie.fr\/billets?kld=2425&amp;fbclid=IwY2xjawJPzpJleHRuA2FlbQIxMAABHQRX0YMuriMWLr5GI5A2MIkfiu4QvzjrRPSKlUoysXaoVRnVeo4EyasWxw_aem_XxO_qlyti62rh3jNJMze9Q\" target=\"_blank\" rel=\"noopener nofollow\">Billetterie en ligne<\/a><\/li>\n<\/ul>\t\t\t\t\t\t\t\t<\/div>\n\t\t\t\t<\/div>\n\t\t\t\t<section class=\"elementor-section elementor-inner-section elementor-element elementor-element-f4d8a3f elementor-section-boxed elementor-section-height-default elementor-section-height-default\" data-id=\"f4d8a3f\" data-element_type=\"section\">\n\t\t\t\t\t\t<div class=\"elementor-container elementor-column-gap-default\">\n\t\t\t\t\t<div class=\"elementor-column elementor-col-100 elementor-inner-column elementor-element elementor-element-dd480ab\" data-id=\"dd480ab\" data-element_type=\"column\">\n\t\t\t<div class=\"elementor-widget-wrap elementor-element-populated\">\n\t\t\t\t\t\t<div class=\"elementor-element elementor-element-bf633db elementor-widget elementor-widget-image\" data-id=\"bf633db\" data-element_type=\"widget\" data-widget_type=\"image.default\">\n\t\t\t\t<div class=\"elementor-widget-container\">\n\t\t\t\t\t\t\t\t\t\t\t\t\t\t\t<img loading=\"lazy\" decoding=\"async\" width=\"452\" height=\"640\" src=\"https:\/\/richeskarayib.com\/wp-content\/uploads\/2025\/05\/Enfin-libre-Desirada-Champigny-sur-Marne-visuel.jpeg\" class=\"attachment-large size-large wp-image-50616\" alt=\"Enfin libre\" srcset=\"https:\/\/richeskarayib.com\/wp-content\/uploads\/2025\/05\/Enfin-libre-Desirada-Champigny-sur-Marne-visuel.jpeg 452w, https:\/\/richeskarayib.com\/wp-content\/uploads\/2025\/05\/Enfin-libre-Desirada-Champigny-sur-Marne-visuel-212x300.jpeg 212w\" sizes=\"(max-width: 452px) 100vw, 452px\" \/>\t\t\t\t\t\t\t\t\t\t\t\t\t\t\t<\/div>\n\t\t\t\t<\/div>\n\t\t\t\t\t<\/div>\n\t\t<\/div>\n\t\t\t\t\t<\/div>\n\t\t<\/section>\n\t\t\t\t\t<\/div>\n\t\t<\/div>\n\t\t\t\t\t<\/div>\n\t\t<\/section>\n\t\t\t\t<section class=\"elementor-section elementor-top-section elementor-element elementor-element-0e85e56 elementor-section-boxed elementor-section-height-default elementor-section-height-default\" data-id=\"0e85e56\" data-element_type=\"section\">\n\t\t\t\t\t\t<div class=\"elementor-container elementor-column-gap-default\">\n\t\t\t\t\t<div class=\"elementor-column elementor-col-100 elementor-top-column elementor-element elementor-element-ba6878d\" data-id=\"ba6878d\" data-element_type=\"column\">\n\t\t\t<div class=\"elementor-widget-wrap elementor-element-populated\">\n\t\t\t\t\t\t<div class=\"elementor-element elementor-element-5e57fab elementor-widget elementor-widget-heading\" data-id=\"5e57fab\" data-element_type=\"widget\" data-widget_type=\"heading.default\">\n\t\t\t\t<div class=\"elementor-widget-container\">\n\t\t\t\t\t<h2 class=\"elementor-heading-title elementor-size-default\">Une \u0153uvre forte \u00e0 transmettre<\/h2>\t\t\t\t<\/div>\n\t\t\t\t<\/div>\n\t\t\t\t<div class=\"elementor-element elementor-element-1469ed6 elementor-widget elementor-widget-text-editor\" data-id=\"1469ed6\" data-element_type=\"widget\" data-widget_type=\"text-editor.default\">\n\t\t\t\t<div class=\"elementor-widget-container\">\n\t\t\t\t\t\t\t\t\t<p><i><span style=\"font-weight: 400;\">Enfin libre, D\u00e9sirada<\/span><\/i><span style=\"font-weight: 400;\"> est plus qu\u2019un hommage : c\u2019est <\/span><b>une \u0153uvre n\u00e9cessaire<\/b><span style=\"font-weight: 400;\"> qui prolonge la voix de Maryse Cond\u00e9 sur sc\u00e8ne. Elle questionne les silences familiaux, les blessures coloniales, la construction de soi. Elle parle aux femmes, aux hommes, aux jeunes, aux a\u00een\u00e9s, \u00e0 tous ceux qui portent en eux une libert\u00e9 \u00e0 conqu\u00e9rir.<\/span><\/p>\t\t\t\t\t\t\t\t<\/div>\n\t\t\t\t<\/div>\n\t\t\t\t\t<\/div>\n\t\t<\/div>\n\t\t\t\t\t<\/div>\n\t\t<\/section>\n\t\t\t\t<\/div>\n\t\t","protected":false},"excerpt":{"rendered":"<p>&#8220;Enfin libre, D\u00e9sirada&#8221; est l\u2019unique adaptation th\u00e9\u00e2trale autoris\u00e9e par Maryse Cond\u00e9 d\u2019un de ses romans, D\u00e9sirada, publi\u00e9 chez Robert Laffont. Port\u00e9e par l\u2019association guadeloup\u00e9enne Wah\u00e9 Cr\u00e9ation, cette \u0153uvre bouleversante est une travers\u00e9e des silences et des transmissions familiales, au croisement de la litt\u00e9rature, du th\u00e9\u00e2tre et de la musique. Une parole de femmes pour dire [&hellip;]<\/p>\n","protected":false},"author":662,"featured_media":50628,"comment_status":"open","ping_status":"open","sticky":false,"template":"","format":"standard","meta":{"_acf_changed":false,"footnotes":""},"categories":[840,1498,1468],"tags":[1545],"class_list":["post-50595","post","type-post","status-publish","format-standard","has-post-thumbnail","hentry","category-actus","category-gestion-devenements","category-histoire-patrimoine","tag-guadeloupe-2"],"acf":[],"_links":{"self":[{"href":"https:\/\/richeskarayib.com\/fr\/wp-json\/wp\/v2\/posts\/50595","targetHints":{"allow":["GET"]}}],"collection":[{"href":"https:\/\/richeskarayib.com\/fr\/wp-json\/wp\/v2\/posts"}],"about":[{"href":"https:\/\/richeskarayib.com\/fr\/wp-json\/wp\/v2\/types\/post"}],"author":[{"embeddable":true,"href":"https:\/\/richeskarayib.com\/fr\/wp-json\/wp\/v2\/users\/662"}],"replies":[{"embeddable":true,"href":"https:\/\/richeskarayib.com\/fr\/wp-json\/wp\/v2\/comments?post=50595"}],"version-history":[{"count":0,"href":"https:\/\/richeskarayib.com\/fr\/wp-json\/wp\/v2\/posts\/50595\/revisions"}],"wp:featuredmedia":[{"embeddable":true,"href":"https:\/\/richeskarayib.com\/fr\/wp-json\/wp\/v2\/media\/50628"}],"wp:attachment":[{"href":"https:\/\/richeskarayib.com\/fr\/wp-json\/wp\/v2\/media?parent=50595"}],"wp:term":[{"taxonomy":"category","embeddable":true,"href":"https:\/\/richeskarayib.com\/fr\/wp-json\/wp\/v2\/categories?post=50595"},{"taxonomy":"post_tag","embeddable":true,"href":"https:\/\/richeskarayib.com\/fr\/wp-json\/wp\/v2\/tags?post=50595"}],"curies":[{"name":"wp","href":"https:\/\/api.w.org\/{rel}","templated":true}]}}