{"id":50655,"date":"2025-05-06T07:37:26","date_gmt":"2025-05-06T11:37:26","guid":{"rendered":"https:\/\/richeskarayib.com\/?p=50655"},"modified":"2025-05-06T08:22:53","modified_gmt":"2025-05-06T12:22:53","slug":"philip-j-pierre-discussions-oeco-etats-unis","status":"publish","type":"post","link":"https:\/\/richeskarayib.com\/fr\/philip-j-pierre-discussions-oeco-etats-unis\/","title":{"rendered":"Sainte Lucie &#8211; Philip J Pierre m\u00e8ne des discussions diplomatiques d\u00e9cisives entre l\u2019OECO et les \u00c9tats-Unis"},"content":{"rendered":"\t\t<div data-elementor-type=\"wp-post\" data-elementor-id=\"50655\" class=\"elementor elementor-50655\" data-elementor-post-type=\"post\">\n\t\t\t\t\t\t<section class=\"elementor-section elementor-top-section elementor-element elementor-element-7d4f952 elementor-section-boxed elementor-section-height-default elementor-section-height-default\" data-id=\"7d4f952\" data-element_type=\"section\">\n\t\t\t\t\t\t<div class=\"elementor-container elementor-column-gap-default\">\n\t\t\t\t\t<div class=\"elementor-column elementor-col-100 elementor-top-column elementor-element elementor-element-f3833fa\" data-id=\"f3833fa\" data-element_type=\"column\">\n\t\t\t<div class=\"elementor-widget-wrap elementor-element-populated\">\n\t\t\t\t\t\t<div class=\"elementor-element elementor-element-6cd393f elementor-widget elementor-widget-text-editor\" data-id=\"6cd393f\" data-element_type=\"widget\" data-widget_type=\"text-editor.default\">\n\t\t\t\t<div class=\"elementor-widget-container\">\n\t\t\t\t\t\t\t\t\t<p><span style=\"font-weight: 400;\"><a href=\"https:\/\/dominicanewsonline.com\/news\/homepage\/homepage-carousel\/oecs-leaders-engage-u-s-officials-in-washington-for-key-discussions\/?utm_source=chatgpt.com\" target=\"_blank\" rel=\"noopener nofollow\">Philip J Pierre<\/a>, Premier ministre de <a href=\"https:\/\/richeskarayib.com\/fr\/la-ressource-wellness-center-sante-patrimoine\/\" target=\"_blank\" rel=\"noopener\">Sainte Lucie<\/a>, conduit la d\u00e9l\u00e9gation de l\u2019Organisation des \u00c9tats de la Cara\u00efbe orientale (OECO) \u00e0 Washington, D.C., pour une s\u00e9rie de discussions strat\u00e9giques avec le D\u00e9partement d\u2019\u00c9tat am\u00e9ricain. Cette rencontre marque une \u00e9tape importante dans la relation entre l\u2019<a href=\"https:\/\/richeskarayib.com\/fr\/politique-de-tourisme-durable-2025\/\" target=\"_blank\" rel=\"noopener\">OECO<\/a>, les <a href=\"https:\/\/richeskarayib.com\/fr\/bahamas-en-2025-une-evasion-inoubliable-post\/\" target=\"_blank\" rel=\"noopener\">Bahamas<\/a> et les \u00c9tats-Unis. L\u2019objectif est de renforcer la coop\u00e9ration sur des enjeux majeurs : \u00e9conomie, migration, s\u00e9curit\u00e9, diaspora et sant\u00e9 publique, tout en assurant une repr\u00e9sentation \u00e9quitable des petites \u00e9conomies insulaires dans les d\u00e9cisions internationales.<\/span><\/p>\t\t\t\t\t\t\t\t<\/div>\n\t\t\t\t<\/div>\n\t\t\t\t\t<\/div>\n\t\t<\/div>\n\t\t\t\t\t<\/div>\n\t\t<\/section>\n\t\t\t\t<section class=\"elementor-section elementor-top-section elementor-element elementor-element-16ba7e0 elementor-section-boxed elementor-section-height-default elementor-section-height-default\" data-id=\"16ba7e0\" data-element_type=\"section\">\n\t\t\t\t\t\t<div class=\"elementor-container elementor-column-gap-default\">\n\t\t\t\t\t<div class=\"elementor-column elementor-col-100 elementor-top-column elementor-element elementor-element-f6fb52b\" data-id=\"f6fb52b\" data-element_type=\"column\">\n\t\t\t<div class=\"elementor-widget-wrap elementor-element-populated\">\n\t\t\t\t\t\t<div class=\"elementor-element elementor-element-0ce05bd elementor-widget elementor-widget-heading\" data-id=\"0ce05bd\" data-element_type=\"widget\" data-widget_type=\"heading.default\">\n\t\t\t\t<div class=\"elementor-widget-container\">\n\t\t\t\t\t<h2 class=\"elementor-heading-title elementor-size-default\">Une d\u00e9l\u00e9gation carib\u00e9enne solidaire \u00e0 Washington<\/h2>\t\t\t\t<\/div>\n\t\t\t\t<\/div>\n\t\t\t\t<div class=\"elementor-element elementor-element-f5427b4 elementor-widget elementor-widget-text-editor\" data-id=\"f5427b4\" data-element_type=\"widget\" data-widget_type=\"text-editor.default\">\n\t\t\t\t<div class=\"elementor-widget-container\">\n\t\t\t\t\t\t\t\t\t<h3><strong>Une repr\u00e9sentation politique \u00e9largie<\/strong><\/h3><p><span style=\"font-weight: 400;\">La d\u00e9l\u00e9gation, conduite par <a href=\"https:\/\/www.caribbeannationalweekly.com\/news\/oecs-and-bahamas-leaders-to-meet-us-secretary-of-state-marco-rubio-in-washington\/?utm_source=chatgpt.com\" target=\"_blank\" rel=\"noopener nofollow\">Philip J Pierre<\/a>, regroupe plusieurs chefs de gouvernement des \u00c9tats membres de l\u2019OECO. Les Bahamas, bien que non membres de l\u2019organisation, participent \u00e9galement, preuve de l\u2019ampleur r\u00e9gionale de l\u2019initiative. Parmi les figures pr\u00e9sentes : Dr Ralph Gonsalves (Saint-Vincent-et-les-Grenadines), Dr Ellis Webster (Anguilla), et Phillip Davis (Bahamas). Montserrat, la Martinique et la Guadeloupe \u00e9taient excus\u00e9es.<\/span><\/p>\t\t\t\t\t\t\t\t<\/div>\n\t\t\t\t<\/div>\n\t\t\t\t<div class=\"elementor-element elementor-element-016486b elementor-widget elementor-widget-text-editor\" data-id=\"016486b\" data-element_type=\"widget\" data-widget_type=\"text-editor.default\">\n\t\t\t\t<div class=\"elementor-widget-container\">\n\t\t\t\t\t\t\t\t\t<h3><strong>Objectifs diplomatiques clairement d\u00e9finis<\/strong><\/h3><p><span style=\"font-weight: 400;\">\u00c0 travers cette mission, Philip J Pierre entend consolider les liens avec Washington tout en d\u00e9fendant les priorit\u00e9s r\u00e9gionales. En sa qualit\u00e9 de pr\u00e9sident de l\u2019Autorit\u00e9 de l\u2019OECO, il met en avant l\u2019int\u00e9r\u00eat commun de ces \u00c9tats, souvent marginalis\u00e9s dans les grandes n\u00e9gociations internationales.<\/span><\/p>\t\t\t\t\t\t\t\t<\/div>\n\t\t\t\t<\/div>\n\t\t\t\t<section class=\"elementor-section elementor-inner-section elementor-element elementor-element-862c274 elementor-section-boxed elementor-section-height-default elementor-section-height-default\" data-id=\"862c274\" data-element_type=\"section\">\n\t\t\t\t\t\t<div class=\"elementor-container elementor-column-gap-default\">\n\t\t\t\t\t<div class=\"elementor-column elementor-col-25 elementor-inner-column elementor-element elementor-element-752d197\" data-id=\"752d197\" data-element_type=\"column\">\n\t\t\t<div class=\"elementor-widget-wrap elementor-element-populated\">\n\t\t\t\t\t\t<div class=\"elementor-element elementor-element-daedbff elementor-widget elementor-widget-image\" data-id=\"daedbff\" data-element_type=\"widget\" data-widget_type=\"image.default\">\n\t\t\t\t<div class=\"elementor-widget-container\">\n\t\t\t\t\t\t\t\t\t\t\t\t<figure class=\"wp-caption\">\n\t\t\t\t\t\t\t\t\t\t<img fetchpriority=\"high\" decoding=\"async\" width=\"800\" height=\"805\" src=\"https:\/\/richeskarayib.com\/wp-content\/uploads\/2025\/05\/Philip-J-Pierre.jpg\" class=\"attachment-large size-large wp-image-50660\" alt=\"Philip J Pierre\" srcset=\"https:\/\/richeskarayib.com\/wp-content\/uploads\/2025\/05\/Philip-J-Pierre.jpg 954w, https:\/\/richeskarayib.com\/wp-content\/uploads\/2025\/05\/Philip-J-Pierre-298x300.jpg 298w, https:\/\/richeskarayib.com\/wp-content\/uploads\/2025\/05\/Philip-J-Pierre-150x150.jpg 150w, https:\/\/richeskarayib.com\/wp-content\/uploads\/2025\/05\/Philip-J-Pierre-768x773.jpg 768w\" sizes=\"(max-width: 800px) 100vw, 800px\" \/>\t\t\t\t\t\t\t\t\t\t\t<figcaption class=\"widget-image-caption wp-caption-text\">\u00a9Philip J Pierre<\/figcaption>\n\t\t\t\t\t\t\t\t\t\t<\/figure>\n\t\t\t\t\t\t\t\t\t<\/div>\n\t\t\t\t<\/div>\n\t\t\t\t\t<\/div>\n\t\t<\/div>\n\t\t\t\t<div class=\"elementor-column elementor-col-25 elementor-inner-column elementor-element elementor-element-1aca945\" data-id=\"1aca945\" data-element_type=\"column\">\n\t\t\t<div class=\"elementor-widget-wrap elementor-element-populated\">\n\t\t\t\t\t\t<div class=\"elementor-element elementor-element-10c02e9 elementor-widget elementor-widget-image\" data-id=\"10c02e9\" data-element_type=\"widget\" data-widget_type=\"image.default\">\n\t\t\t\t<div class=\"elementor-widget-container\">\n\t\t\t\t\t\t\t\t\t\t\t\t<figure class=\"wp-caption\">\n\t\t\t\t\t\t\t\t\t\t<img decoding=\"async\" width=\"754\" height=\"754\" src=\"https:\/\/richeskarayib.com\/wp-content\/uploads\/2025\/05\/Dr.-Ellis-Lorenzo-Webster.jpg\" class=\"attachment-large size-large wp-image-50668\" alt=\"Philip J Pierre\" srcset=\"https:\/\/richeskarayib.com\/wp-content\/uploads\/2025\/05\/Dr.-Ellis-Lorenzo-Webster.jpg 754w, https:\/\/richeskarayib.com\/wp-content\/uploads\/2025\/05\/Dr.-Ellis-Lorenzo-Webster-300x300.jpg 300w, https:\/\/richeskarayib.com\/wp-content\/uploads\/2025\/05\/Dr.-Ellis-Lorenzo-Webster-150x150.jpg 150w\" sizes=\"(max-width: 754px) 100vw, 754px\" \/>\t\t\t\t\t\t\t\t\t\t\t<figcaption class=\"widget-image-caption wp-caption-text\">\u00a9Ellis Lorenzo Webster<\/figcaption>\n\t\t\t\t\t\t\t\t\t\t<\/figure>\n\t\t\t\t\t\t\t\t\t<\/div>\n\t\t\t\t<\/div>\n\t\t\t\t\t<\/div>\n\t\t<\/div>\n\t\t\t\t<div class=\"elementor-column elementor-col-25 elementor-inner-column elementor-element elementor-element-1b9203a\" data-id=\"1b9203a\" data-element_type=\"column\">\n\t\t\t<div class=\"elementor-widget-wrap elementor-element-populated\">\n\t\t\t\t\t\t<div class=\"elementor-element elementor-element-aa5350f elementor-widget elementor-widget-image\" data-id=\"aa5350f\" data-element_type=\"widget\" data-widget_type=\"image.default\">\n\t\t\t\t<div class=\"elementor-widget-container\">\n\t\t\t\t\t\t\t\t\t\t\t\t<figure class=\"wp-caption\">\n\t\t\t\t\t\t\t\t\t\t<img decoding=\"async\" width=\"800\" height=\"932\" src=\"https:\/\/richeskarayib.com\/wp-content\/uploads\/2025\/05\/Philip-Brave-Davis-2-879x1024.jpg\" class=\"attachment-large size-large wp-image-50672\" alt=\"Philip J Pierre\" srcset=\"https:\/\/richeskarayib.com\/wp-content\/uploads\/2025\/05\/Philip-Brave-Davis-2-879x1024.jpg 879w, https:\/\/richeskarayib.com\/wp-content\/uploads\/2025\/05\/Philip-Brave-Davis-2-258x300.jpg 258w, https:\/\/richeskarayib.com\/wp-content\/uploads\/2025\/05\/Philip-Brave-Davis-2-768x895.jpg 768w, https:\/\/richeskarayib.com\/wp-content\/uploads\/2025\/05\/Philip-Brave-Davis-2.jpg 940w\" sizes=\"(max-width: 800px) 100vw, 800px\" \/>\t\t\t\t\t\t\t\t\t\t\t<figcaption class=\"widget-image-caption wp-caption-text\">\u00a9Philip Brave Davis<\/figcaption>\n\t\t\t\t\t\t\t\t\t\t<\/figure>\n\t\t\t\t\t\t\t\t\t<\/div>\n\t\t\t\t<\/div>\n\t\t\t\t\t<\/div>\n\t\t<\/div>\n\t\t\t\t<div class=\"elementor-column elementor-col-25 elementor-inner-column elementor-element elementor-element-db9d887\" data-id=\"db9d887\" data-element_type=\"column\">\n\t\t\t<div class=\"elementor-widget-wrap elementor-element-populated\">\n\t\t\t\t\t\t<div class=\"elementor-element elementor-element-3d9ce20 elementor-widget elementor-widget-image\" data-id=\"3d9ce20\" data-element_type=\"widget\" data-widget_type=\"image.default\">\n\t\t\t\t<div class=\"elementor-widget-container\">\n\t\t\t\t\t\t\t\t\t\t\t\t<figure class=\"wp-caption\">\n\t\t\t\t\t\t\t\t\t\t<img loading=\"lazy\" decoding=\"async\" width=\"709\" height=\"861\" src=\"https:\/\/richeskarayib.com\/wp-content\/uploads\/2025\/05\/Ralph-Gonsalves.jpg\" class=\"attachment-large size-large wp-image-50664\" alt=\"Philip J Pierre\" srcset=\"https:\/\/richeskarayib.com\/wp-content\/uploads\/2025\/05\/Ralph-Gonsalves.jpg 709w, https:\/\/richeskarayib.com\/wp-content\/uploads\/2025\/05\/Ralph-Gonsalves-247x300.jpg 247w\" sizes=\"(max-width: 709px) 100vw, 709px\" \/>\t\t\t\t\t\t\t\t\t\t\t<figcaption class=\"widget-image-caption wp-caption-text\">\u00a9Ralph Gonsalves<\/figcaption>\n\t\t\t\t\t\t\t\t\t\t<\/figure>\n\t\t\t\t\t\t\t\t\t<\/div>\n\t\t\t\t<\/div>\n\t\t\t\t\t<\/div>\n\t\t<\/div>\n\t\t\t\t\t<\/div>\n\t\t<\/section>\n\t\t\t\t\t<\/div>\n\t\t<\/div>\n\t\t\t\t\t<\/div>\n\t\t<\/section>\n\t\t\t\t<section class=\"elementor-section elementor-top-section elementor-element elementor-element-7c727fe elementor-section-boxed elementor-section-height-default elementor-section-height-default\" data-id=\"7c727fe\" data-element_type=\"section\">\n\t\t\t\t\t\t<div class=\"elementor-container elementor-column-gap-default\">\n\t\t\t\t\t<div class=\"elementor-column elementor-col-100 elementor-top-column elementor-element elementor-element-2675508\" data-id=\"2675508\" data-element_type=\"column\">\n\t\t\t<div class=\"elementor-widget-wrap elementor-element-populated\">\n\t\t\t\t\t\t<div class=\"elementor-element elementor-element-86f7f71 elementor-widget elementor-widget-heading\" data-id=\"86f7f71\" data-element_type=\"widget\" data-widget_type=\"heading.default\">\n\t\t\t\t<div class=\"elementor-widget-container\">\n\t\t\t\t\t<h2 class=\"elementor-heading-title elementor-size-default\">Des axes de coop\u00e9ration aux enjeux vitaux<\/h2>\t\t\t\t<\/div>\n\t\t\t\t<\/div>\n\t\t\t\t<div class=\"elementor-element elementor-element-1931a91 elementor-widget elementor-widget-text-editor\" data-id=\"1931a91\" data-element_type=\"widget\" data-widget_type=\"text-editor.default\">\n\t\t\t\t<div class=\"elementor-widget-container\">\n\t\t\t\t\t\t\t\t\t<h3><strong>Relancer les partenariats \u00e9conomiques<\/strong><\/h3><p><span style=\"font-weight: 400;\">La coop\u00e9ration \u00e9conomique figure en t\u00eate de l\u2019agenda. Les \u00c9tats de la Cara\u00efbe orientale souhaitent acc\u00e9der \u00e0 de nouveaux march\u00e9s, encourager l\u2019investissement et diversifier leurs \u00e9conomies. Pour les \u00c9tats-Unis, la stabilit\u00e9 de la r\u00e9gion repr\u00e9sente aussi un enjeu strat\u00e9gique.<\/span><\/p>\t\t\t\t\t\t\t\t<\/div>\n\t\t\t\t<\/div>\n\t\t\t\t<div class=\"elementor-element elementor-element-f91d134 elementor-widget elementor-widget-text-editor\" data-id=\"f91d134\" data-element_type=\"widget\" data-widget_type=\"text-editor.default\">\n\t\t\t\t<div class=\"elementor-widget-container\">\n\t\t\t\t\t\t\t\t\t<h3><strong>Migration et droits humains<\/strong><\/h3><p><span style=\"font-weight: 400;\">Les discussions portent \u00e9galement sur les questions migratoires, notamment la r\u00e9gularisation, la lutte contre les trafics et la protection des migrants. La diaspora carib\u00e9enne aux \u00c9tats-Unis est un vecteur essentiel de d\u00e9veloppement, sujet sur lequel Philip J Pierre insiste avec force.<\/span><\/p>\t\t\t\t\t\t\t\t<\/div>\n\t\t\t\t<\/div>\n\t\t\t\t<div class=\"elementor-element elementor-element-137e358 elementor-widget elementor-widget-text-editor\" data-id=\"137e358\" data-element_type=\"widget\" data-widget_type=\"text-editor.default\">\n\t\t\t\t<div class=\"elementor-widget-container\">\n\t\t\t\t\t\t\t\t\t<h3><strong>Renforcer la s\u00e9curit\u00e9 r\u00e9gionale<\/strong><\/h3><p><span style=\"font-weight: 400;\">Face aux trafics transfrontaliers et aux menaces criminelles, l\u2019OECO demande un appui renforc\u00e9 en mati\u00e8re de surveillance et de pr\u00e9vention. Philip J Pierre souligne toutefois l&#8217;importance de pr\u00e9server la souverainet\u00e9 des \u00c9tats de la r\u00e9gion tout en collaborant efficacement.<\/span><\/p>\t\t\t\t\t\t\t\t<\/div>\n\t\t\t\t<\/div>\n\t\t\t\t\t<\/div>\n\t\t<\/div>\n\t\t\t\t\t<\/div>\n\t\t<\/section>\n\t\t\t\t<section class=\"elementor-section elementor-top-section elementor-element elementor-element-1a0b771 elementor-section-boxed elementor-section-height-default elementor-section-height-default\" data-id=\"1a0b771\" data-element_type=\"section\">\n\t\t\t\t\t\t<div class=\"elementor-container elementor-column-gap-default\">\n\t\t\t\t\t<div class=\"elementor-column elementor-col-100 elementor-top-column elementor-element elementor-element-345f4b7\" data-id=\"345f4b7\" data-element_type=\"column\">\n\t\t\t<div class=\"elementor-widget-wrap elementor-element-populated\">\n\t\t\t\t\t\t<div class=\"elementor-element elementor-element-d6a712a elementor-widget elementor-widget-heading\" data-id=\"d6a712a\" data-element_type=\"widget\" data-widget_type=\"heading.default\">\n\t\t\t\t<div class=\"elementor-widget-container\">\n\t\t\t\t\t<h2 class=\"elementor-heading-title elementor-size-default\">Le r\u00f4le structurant de la diaspora<\/h2>\t\t\t\t<\/div>\n\t\t\t\t<\/div>\n\t\t\t\t<div class=\"elementor-element elementor-element-f9582c3 elementor-widget elementor-widget-text-editor\" data-id=\"f9582c3\" data-element_type=\"widget\" data-widget_type=\"text-editor.default\">\n\t\t\t\t<div class=\"elementor-widget-container\">\n\t\t\t\t\t\t\t\t\t<p><span style=\"font-weight: 400;\">La diaspora carib\u00e9enne contribue significativement au d\u00e9veloppement de ses pays d\u2019origine par les transferts de fonds, les initiatives \u00e9conomiques et la transmission culturelle. Les membres de l\u2019OECO, guid\u00e9s par Philip J Pierre, souhaitent renforcer les canaux de dialogue et de coop\u00e9ration avec cette communaut\u00e9 dispers\u00e9e.<\/span><\/p>\t\t\t\t\t\t\t\t<\/div>\n\t\t\t\t<\/div>\n\t\t\t\t\t<\/div>\n\t\t<\/div>\n\t\t\t\t\t<\/div>\n\t\t<\/section>\n\t\t\t\t<section class=\"elementor-section elementor-top-section elementor-element elementor-element-8d316ed elementor-section-boxed elementor-section-height-default elementor-section-height-default\" data-id=\"8d316ed\" data-element_type=\"section\">\n\t\t\t\t\t\t<div class=\"elementor-container elementor-column-gap-default\">\n\t\t\t\t\t<div class=\"elementor-column elementor-col-100 elementor-top-column elementor-element elementor-element-24699a4\" data-id=\"24699a4\" data-element_type=\"column\">\n\t\t\t<div class=\"elementor-widget-wrap elementor-element-populated\">\n\t\t\t\t\t\t<div class=\"elementor-element elementor-element-efda88a elementor-widget elementor-widget-heading\" data-id=\"efda88a\" data-element_type=\"widget\" data-widget_type=\"heading.default\">\n\t\t\t\t<div class=\"elementor-widget-container\">\n\t\t\t\t\t<h2 class=\"elementor-heading-title elementor-size-default\">Le programme m\u00e9dical cubain au c\u0153ur des tensions diplomatiques<\/h2>\t\t\t\t<\/div>\n\t\t\t\t<\/div>\n\t\t\t\t<div class=\"elementor-element elementor-element-eed17cf elementor-widget elementor-widget-text-editor\" data-id=\"eed17cf\" data-element_type=\"widget\" data-widget_type=\"text-editor.default\">\n\t\t\t\t<div class=\"elementor-widget-container\">\n\t\t\t\t\t\t\t\t\t<h3><strong>Un soutien sanitaire vital pour la Cara\u00efbe<\/strong><\/h3><p><span style=\"font-weight: 400;\">Dans de nombreux \u00c9tats, le programme m\u00e9dical cubain compense le manque de professionnels de sant\u00e9, notamment dans les zones isol\u00e9es ou en p\u00e9riode de crise. Philip J Pierre rappelle que l\u2019aide cubaine a \u00e9t\u00e9 d\u00e9terminante lors de la pand\u00e9mie de COVID-19 et de catastrophes naturelles.<\/span><\/p>\t\t\t\t\t\t\t\t<\/div>\n\t\t\t\t<\/div>\n\t\t\t\t<div class=\"elementor-element elementor-element-382c62d elementor-widget elementor-widget-text-editor\" data-id=\"382c62d\" data-element_type=\"widget\" data-widget_type=\"text-editor.default\">\n\t\t\t\t<div class=\"elementor-widget-container\">\n\t\t\t\t\t\t\t\t\t<h3><strong>Position am\u00e9ricaine et r\u00e9actions r\u00e9gionales<\/strong><\/h3><p><span style=\"font-weight: 400;\">Les \u00c9tats-Unis, par l\u2019interm\u00e9diaire de responsables comme Marco Rubio, d\u00e9noncent ce programme et envisagent des sanctions. Pourtant, plusieurs gouvernements carib\u00e9ens, dont ceux soutenus par Philip J Pierre, d\u00e9fendent ce partenariat indispensable pour leur population.<\/span><\/p>\t\t\t\t\t\t\t\t<\/div>\n\t\t\t\t<\/div>\n\t\t\t\t<section class=\"elementor-section elementor-inner-section elementor-element elementor-element-6e0259a elementor-section-boxed elementor-section-height-default elementor-section-height-default\" data-id=\"6e0259a\" data-element_type=\"section\">\n\t\t\t\t\t\t<div class=\"elementor-container elementor-column-gap-default\">\n\t\t\t\t\t<div class=\"elementor-column elementor-col-100 elementor-inner-column elementor-element elementor-element-9ceaf59\" data-id=\"9ceaf59\" data-element_type=\"column\">\n\t\t\t<div class=\"elementor-widget-wrap elementor-element-populated\">\n\t\t\t\t\t\t<div class=\"elementor-element elementor-element-5a1fd2e elementor-widget elementor-widget-image\" data-id=\"5a1fd2e\" data-element_type=\"widget\" data-widget_type=\"image.default\">\n\t\t\t\t<div class=\"elementor-widget-container\">\n\t\t\t\t\t\t\t\t\t\t\t\t<figure class=\"wp-caption\">\n\t\t\t\t\t\t\t\t\t\t<img loading=\"lazy\" decoding=\"async\" width=\"640\" height=\"360\" src=\"https:\/\/richeskarayib.com\/wp-content\/uploads\/2025\/05\/Marco-Rubio-US-State-Department.jpg\" class=\"attachment-large size-large wp-image-50676\" alt=\"Philip J Pierre\" srcset=\"https:\/\/richeskarayib.com\/wp-content\/uploads\/2025\/05\/Marco-Rubio-US-State-Department.jpg 640w, https:\/\/richeskarayib.com\/wp-content\/uploads\/2025\/05\/Marco-Rubio-US-State-Department-300x169.jpg 300w\" sizes=\"(max-width: 640px) 100vw, 640px\" \/>\t\t\t\t\t\t\t\t\t\t\t<figcaption class=\"widget-image-caption wp-caption-text\">Marco Rubio\n\u00a9US State Department<\/figcaption>\n\t\t\t\t\t\t\t\t\t\t<\/figure>\n\t\t\t\t\t\t\t\t\t<\/div>\n\t\t\t\t<\/div>\n\t\t\t\t\t<\/div>\n\t\t<\/div>\n\t\t\t\t\t<\/div>\n\t\t<\/section>\n\t\t\t\t<div class=\"elementor-element elementor-element-4d797ae elementor-widget elementor-widget-text-editor\" data-id=\"4d797ae\" data-element_type=\"widget\" data-widget_type=\"text-editor.default\">\n\t\t\t\t<div class=\"elementor-widget-container\">\n\t\t\t\t\t\t\t\t\t<h3><strong>Un \u00e9quilibre d\u00e9licat \u00e0 maintenir<\/strong><\/h3><p><span style=\"font-weight: 400;\">Maintenir un dialogue constructif avec les \u00c9tats-Unis<\/span><span style=\"font-weight: 400;\"><br \/><\/span><span style=\"font-weight: 400;\"> Pour les membres de l\u2019OECO, les \u00c9tats-Unis restent un partenaire cl\u00e9. Philip J Pierre cherche \u00e0 pr\u00e9server cette relation tout en affirmant les sp\u00e9cificit\u00e9s et les besoins de la Cara\u00efbe dans un contexte g\u00e9opolitique complexe.<\/span><\/p>\t\t\t\t\t\t\t\t<\/div>\n\t\t\t\t<\/div>\n\t\t\t\t\t<\/div>\n\t\t<\/div>\n\t\t\t\t\t<\/div>\n\t\t<\/section>\n\t\t\t\t<section class=\"elementor-section elementor-top-section elementor-element elementor-element-6904e1e elementor-section-boxed elementor-section-height-default elementor-section-height-default\" data-id=\"6904e1e\" data-element_type=\"section\">\n\t\t\t\t\t\t<div class=\"elementor-container elementor-column-gap-default\">\n\t\t\t\t\t<div class=\"elementor-column elementor-col-100 elementor-top-column elementor-element elementor-element-7bf759f\" data-id=\"7bf759f\" data-element_type=\"column\">\n\t\t\t<div class=\"elementor-widget-wrap elementor-element-populated\">\n\t\t\t\t\t\t<div class=\"elementor-element elementor-element-5f8f11f elementor-widget elementor-widget-heading\" data-id=\"5f8f11f\" data-element_type=\"widget\" data-widget_type=\"heading.default\">\n\t\t\t\t<div class=\"elementor-widget-container\">\n\t\t\t\t\t<h2 class=\"elementor-heading-title elementor-size-default\">La vuln\u00e9rabilit\u00e9 des petites \u00e9conomies insulaires<\/h2>\t\t\t\t<\/div>\n\t\t\t\t<\/div>\n\t\t\t\t<div class=\"elementor-element elementor-element-e44f6f1 elementor-widget elementor-widget-text-editor\" data-id=\"e44f6f1\" data-element_type=\"widget\" data-widget_type=\"text-editor.default\">\n\t\t\t\t<div class=\"elementor-widget-container\">\n\t\t\t\t\t\t\t\t\t<p><span style=\"font-weight: 400;\">Les \u00c9tats de l\u2019OECO subissent des multiples pressions : catastrophes naturelles, d\u00e9pendance \u00e0 quelques secteurs, migration et difficult\u00e9s d\u2019acc\u00e8s aux financements. \u00c0 Washington, Philip J Pierre plaide pour une approche diff\u00e9renci\u00e9e tenant compte de cette fragilit\u00e9 structurelle.<\/span><\/p>\t\t\t\t\t\t\t\t<\/div>\n\t\t\t\t<\/div>\n\t\t\t\t\t<\/div>\n\t\t<\/div>\n\t\t\t\t\t<\/div>\n\t\t<\/section>\n\t\t\t\t<section class=\"elementor-section elementor-top-section elementor-element elementor-element-e168783 elementor-section-boxed elementor-section-height-default elementor-section-height-default\" data-id=\"e168783\" data-element_type=\"section\">\n\t\t\t\t\t\t<div class=\"elementor-container elementor-column-gap-default\">\n\t\t\t\t\t<div class=\"elementor-column elementor-col-100 elementor-top-column elementor-element elementor-element-ab3c736\" data-id=\"ab3c736\" data-element_type=\"column\">\n\t\t\t<div class=\"elementor-widget-wrap elementor-element-populated\">\n\t\t\t\t\t\t<div class=\"elementor-element elementor-element-32aeefc elementor-widget elementor-widget-heading\" data-id=\"32aeefc\" data-element_type=\"widget\" data-widget_type=\"heading.default\">\n\t\t\t\t<div class=\"elementor-widget-container\">\n\t\t\t\t\t<h2 class=\"elementor-heading-title elementor-size-default\">Des attentes fortes pour l\u2019avenir<\/h2>\t\t\t\t<\/div>\n\t\t\t\t<\/div>\n\t\t\t\t<div class=\"elementor-element elementor-element-9aca57e elementor-widget elementor-widget-text-editor\" data-id=\"9aca57e\" data-element_type=\"widget\" data-widget_type=\"text-editor.default\">\n\t\t\t\t<div class=\"elementor-widget-container\">\n\t\t\t\t\t\t\t\t\t<h3><strong>Une diplomatie r\u00e9gionale renforc\u00e9e<\/strong><\/h3><p><span style=\"font-weight: 400;\">Les retomb\u00e9es attendues de ces entretiens vont bien au-del\u00e0 des d\u00e9clarations. Philip J Pierre esp\u00e8re obtenir des engagements clairs sur le soutien \u00e9conomique, la coop\u00e9ration s\u00e9curitaire, la reconnaissance des diasporas et la continuit\u00e9 des accords sanitaires.<\/span><\/p>\t\t\t\t\t\t\t\t<\/div>\n\t\t\t\t<\/div>\n\t\t\t\t<div class=\"elementor-element elementor-element-96034ff elementor-widget elementor-widget-text-editor\" data-id=\"96034ff\" data-element_type=\"widget\" data-widget_type=\"text-editor.default\">\n\t\t\t\t<div class=\"elementor-widget-container\">\n\t\t\t\t\t\t\t\t\t<h3><strong>Un leadership r\u00e9gional assum\u00e9<\/strong><\/h3><p><span style=\"font-weight: 400;\">Avec cette mission, <a href=\"https:\/\/www.nevispages.com\/prime-minister-drew-to-meet-u-s-secretary-of-state-marco-rubio-alongside-other-caribbean-leaders\/?utm_source=chatgpt.com\" target=\"_blank\" rel=\"noopener nofollow\">Philip J Pierre<\/a> d\u00e9montre la capacit\u00e9 de l\u2019OECO \u00e0 faire entendre une voix unie dans les grandes instances diplomatiques. Cette d\u00e9marche illustre une volont\u00e9 affirm\u00e9e de d\u00e9fendre les int\u00e9r\u00eats collectifs des petites nations de la Cara\u00efbe, sans renier leurs sp\u00e9cificit\u00e9s.<\/span><\/p>\t\t\t\t\t\t\t\t<\/div>\n\t\t\t\t<\/div>\n\t\t\t\t\t<\/div>\n\t\t<\/div>\n\t\t\t\t\t<\/div>\n\t\t<\/section>\n\t\t\t\t<section class=\"elementor-section elementor-top-section elementor-element elementor-element-bbddaf1 elementor-section-boxed elementor-section-height-default elementor-section-height-default\" data-id=\"bbddaf1\" data-element_type=\"section\">\n\t\t\t\t\t\t<div class=\"elementor-container elementor-column-gap-default\">\n\t\t\t\t\t<div class=\"elementor-column elementor-col-100 elementor-top-column elementor-element elementor-element-e980b58\" data-id=\"e980b58\" data-element_type=\"column\">\n\t\t\t<div class=\"elementor-widget-wrap elementor-element-populated\">\n\t\t\t\t\t\t<div class=\"elementor-element elementor-element-5cceb40 elementor-widget elementor-widget-text-editor\" data-id=\"5cceb40\" data-element_type=\"widget\" data-widget_type=\"text-editor.default\">\n\t\t\t\t<div class=\"elementor-widget-container\">\n\t\t\t\t\t\t\t\t\t<p><span style=\"font-weight: 400;\">En dirigeant cette d\u00e9l\u00e9gation \u00e0 Washington, Philip J Pierre confirme son r\u00f4le central dans la diplomatie r\u00e9gionale. Ce dialogue entre l\u2019OECO, les Bahamas et les \u00c9tats-Unis met en lumi\u00e8re des enjeux cruciaux pour l\u2019avenir de la Cara\u00efbe : \u00e9conomie, migration, s\u00e9curit\u00e9, sant\u00e9 et coop\u00e9ration internationale. La posture de Philip J Pierre, \u00e0 la fois ferme et ouverte, marque une \u00e9tape importante vers une plus grande reconnaissance des r\u00e9alit\u00e9s carib\u00e9ennes dans les politiques globales.<\/span><\/p>\t\t\t\t\t\t\t\t<\/div>\n\t\t\t\t<\/div>\n\t\t\t\t\t<\/div>\n\t\t<\/div>\n\t\t\t\t\t<\/div>\n\t\t<\/section>\n\t\t\t\t<\/div>\n\t\t","protected":false},"excerpt":{"rendered":"<p>Philip J Pierre, Premier ministre de Sainte Lucie, conduit la d\u00e9l\u00e9gation de l\u2019Organisation des \u00c9tats de la Cara\u00efbe orientale (OECO) \u00e0 Washington, D.C., pour une s\u00e9rie de discussions strat\u00e9giques avec le D\u00e9partement d\u2019\u00c9tat am\u00e9ricain. Cette rencontre marque une \u00e9tape importante dans la relation entre l\u2019OECO, les Bahamas et les \u00c9tats-Unis. L\u2019objectif est de renforcer la [&hellip;]<\/p>\n","protected":false},"author":662,"featured_media":50656,"comment_status":"open","ping_status":"open","sticky":false,"template":"","format":"standard","meta":{"_acf_changed":false,"footnotes":""},"categories":[840],"tags":[1441,1574,1545,808,1697,1744,1599],"class_list":["post-50655","post","type-post","status-publish","format-standard","has-post-thumbnail","hentry","category-actus","tag-anguilla-fr","tag-bahamas-fr","tag-guadeloupe-2","tag-martinique-fr","tag-montserrat","tag-saint-vincent-et-les-grenadines","tag-sainte-lucie-fr"],"acf":[],"_links":{"self":[{"href":"https:\/\/richeskarayib.com\/fr\/wp-json\/wp\/v2\/posts\/50655","targetHints":{"allow":["GET"]}}],"collection":[{"href":"https:\/\/richeskarayib.com\/fr\/wp-json\/wp\/v2\/posts"}],"about":[{"href":"https:\/\/richeskarayib.com\/fr\/wp-json\/wp\/v2\/types\/post"}],"author":[{"embeddable":true,"href":"https:\/\/richeskarayib.com\/fr\/wp-json\/wp\/v2\/users\/662"}],"replies":[{"embeddable":true,"href":"https:\/\/richeskarayib.com\/fr\/wp-json\/wp\/v2\/comments?post=50655"}],"version-history":[{"count":0,"href":"https:\/\/richeskarayib.com\/fr\/wp-json\/wp\/v2\/posts\/50655\/revisions"}],"wp:featuredmedia":[{"embeddable":true,"href":"https:\/\/richeskarayib.com\/fr\/wp-json\/wp\/v2\/media\/50656"}],"wp:attachment":[{"href":"https:\/\/richeskarayib.com\/fr\/wp-json\/wp\/v2\/media?parent=50655"}],"wp:term":[{"taxonomy":"category","embeddable":true,"href":"https:\/\/richeskarayib.com\/fr\/wp-json\/wp\/v2\/categories?post=50655"},{"taxonomy":"post_tag","embeddable":true,"href":"https:\/\/richeskarayib.com\/fr\/wp-json\/wp\/v2\/tags?post=50655"}],"curies":[{"name":"wp","href":"https:\/\/api.w.org\/{rel}","templated":true}]}}