{"id":50755,"date":"2025-05-07T08:54:24","date_gmt":"2025-05-07T12:54:24","guid":{"rendered":"https:\/\/richeskarayib.com\/?p=50755"},"modified":"2025-05-07T08:54:24","modified_gmt":"2025-05-07T12:54:24","slug":"chum-martinique-sainte-lucie-regle-dette","status":"publish","type":"post","link":"https:\/\/richeskarayib.com\/fr\/chum-martinique-sainte-lucie-regle-dette\/","title":{"rendered":"Sainte Lucie : CHUM Martinique : Sainte Lucie r\u00e8gle une dette m\u00e9dicale vieille de vingt ans"},"content":{"rendered":"\t\t<div data-elementor-type=\"wp-post\" data-elementor-id=\"50755\" class=\"elementor elementor-50755\" data-elementor-post-type=\"post\">\n\t\t\t\t\t\t<section class=\"elementor-section elementor-top-section elementor-element elementor-element-7d4f952 elementor-section-boxed elementor-section-height-default elementor-section-height-default\" data-id=\"7d4f952\" data-element_type=\"section\">\n\t\t\t\t\t\t<div class=\"elementor-container elementor-column-gap-default\">\n\t\t\t\t\t<div class=\"elementor-column elementor-col-100 elementor-top-column elementor-element elementor-element-f3833fa\" data-id=\"f3833fa\" data-element_type=\"column\">\n\t\t\t<div class=\"elementor-widget-wrap elementor-element-populated\">\n\t\t\t\t\t\t<div class=\"elementor-element elementor-element-6cd393f elementor-widget elementor-widget-text-editor\" data-id=\"6cd393f\" data-element_type=\"widget\" data-widget_type=\"text-editor.default\">\n\t\t\t\t<div class=\"elementor-widget-container\">\n\t\t\t\t\t\t\t\t\t<p><a href=\"https:\/\/www.chu-martinique.fr\/\" target=\"_blank\" rel=\"noopener nofollow\"><b>CHUM Martinique<\/b><\/a><span style=\"font-weight: 400;\"> a r\u00e9cemment re\u00e7u un paiement de plus de trois millions de dollars de la part du gouvernement de <a href=\"https:\/\/richeskarayib.com\/fr\/heartfall-oeuvre-cinematographique-elijah\/\" target=\"_blank\" rel=\"noopener\">Sainte Lucie<\/a>, mettant ainsi un terme \u00e0 une dette hospitali\u00e8re accumul\u00e9e depuis plus de deux d\u00e9cennies. Ce r\u00e8glement n\u2019est pas seulement un acte financier, mais un choix politique fort, qui red\u00e9finit les relations entre ces deux territoires insulaires. Il s\u2019agit d\u2019un geste d\u00e9terminant pour la sant\u00e9 publique, la diplomatie r\u00e9gionale et la confiance entre les institutions.<\/span><\/p>\t\t\t\t\t\t\t\t<\/div>\n\t\t\t\t<\/div>\n\t\t\t\t\t<\/div>\n\t\t<\/div>\n\t\t\t\t\t<\/div>\n\t\t<\/section>\n\t\t\t\t<section class=\"elementor-section elementor-top-section elementor-element elementor-element-16ba7e0 elementor-section-boxed elementor-section-height-default elementor-section-height-default\" data-id=\"16ba7e0\" data-element_type=\"section\">\n\t\t\t\t\t\t<div class=\"elementor-container elementor-column-gap-default\">\n\t\t\t\t\t<div class=\"elementor-column elementor-col-100 elementor-top-column elementor-element elementor-element-f6fb52b\" data-id=\"f6fb52b\" data-element_type=\"column\">\n\t\t\t<div class=\"elementor-widget-wrap elementor-element-populated\">\n\t\t\t\t\t\t<div class=\"elementor-element elementor-element-0ce05bd elementor-widget elementor-widget-heading\" data-id=\"0ce05bd\" data-element_type=\"widget\" data-widget_type=\"heading.default\">\n\t\t\t\t<div class=\"elementor-widget-container\">\n\t\t\t\t\t<h2 class=\"elementor-heading-title elementor-size-default\">Une dette ancienne aux cons\u00e9quences lourdes<\/h2>\t\t\t\t<\/div>\n\t\t\t\t<\/div>\n\t\t\t\t<div class=\"elementor-element elementor-element-f5427b4 elementor-widget elementor-widget-text-editor\" data-id=\"f5427b4\" data-element_type=\"widget\" data-widget_type=\"text-editor.default\">\n\t\t\t\t<div class=\"elementor-widget-container\">\n\t\t\t\t\t\t\t\t\t<p><span style=\"font-weight: 400;\">Pendant de nombreuses ann\u00e9es, Sainte Lucie a envoy\u00e9 ses citoyens les plus gravement malades vers la <a href=\"https:\/\/richeskarayib.com\/fr\/martinique-buste-pierre-aliker-residence-martinique\/\" target=\"_blank\" rel=\"noopener\">Martinique<\/a>, faute d\u2019\u00e9quipements adapt\u00e9s et de sp\u00e9cialit\u00e9s m\u00e9dicales disponibles localement. Le <\/span><b>CHUM Martinique<\/b><span style=\"font-weight: 400;\">, \u00e9tablissement hospitalier de r\u00e9f\u00e9rence dans la Cara\u00efbe, a accueilli ces patients dans le cadre d\u2019accords bilat\u00e9raux de coop\u00e9ration sanitaire. Cependant, le non-paiement des frais cumul\u00e9s a fini par g\u00e9n\u00e9rer une dette de plus de trois millions de dollars EC, mena\u00e7ant la viabilit\u00e9 de cette collaboration essentielle.<\/span><\/p>\t\t\t\t\t\t\t\t<\/div>\n\t\t\t\t<\/div>\n\t\t\t\t<div class=\"elementor-element elementor-element-4e49176 elementor-widget elementor-widget-text-editor\" data-id=\"4e49176\" data-element_type=\"widget\" data-widget_type=\"text-editor.default\">\n\t\t\t\t<div class=\"elementor-widget-container\">\n\t\t\t\t\t\t\t\t\t<p><span style=\"font-weight: 400;\">Ce passif financier a mis \u00e0 mal la confiance entre les deux parties. Du c\u00f4t\u00e9 martiniquais, les retards r\u00e9currents dans les paiements ont suscit\u00e9 des inqui\u00e9tudes sur la continuit\u00e9 des services rendus. \u00c0 Sainte Lucie, la population s\u2019inqui\u00e9tait de perdre un acc\u00e8s vital \u00e0 des soins m\u00e9dicaux avanc\u00e9s. Le r\u00e8glement de cette dette marque donc un tournant.<\/span><\/p>\t\t\t\t\t\t\t\t<\/div>\n\t\t\t\t<\/div>\n\t\t\t\t\t<\/div>\n\t\t<\/div>\n\t\t\t\t\t<\/div>\n\t\t<\/section>\n\t\t\t\t<section class=\"elementor-section elementor-top-section elementor-element elementor-element-7c727fe elementor-section-boxed elementor-section-height-default elementor-section-height-default\" data-id=\"7c727fe\" data-element_type=\"section\">\n\t\t\t\t\t\t<div class=\"elementor-container elementor-column-gap-default\">\n\t\t\t\t\t<div class=\"elementor-column elementor-col-100 elementor-top-column elementor-element elementor-element-2675508\" data-id=\"2675508\" data-element_type=\"column\">\n\t\t\t<div class=\"elementor-widget-wrap elementor-element-populated\">\n\t\t\t\t\t\t<div class=\"elementor-element elementor-element-86f7f71 elementor-widget elementor-widget-heading\" data-id=\"86f7f71\" data-element_type=\"widget\" data-widget_type=\"heading.default\">\n\t\t\t\t<div class=\"elementor-widget-container\">\n\t\t\t\t\t<h2 class=\"elementor-heading-title elementor-size-default\">Un accord obtenu gr\u00e2ce \u00e0 la diplomatie sanitaire<\/h2>\t\t\t\t<\/div>\n\t\t\t\t<\/div>\n\t\t\t\t<div class=\"elementor-element elementor-element-1931a91 elementor-widget elementor-widget-text-editor\" data-id=\"1931a91\" data-element_type=\"widget\" data-widget_type=\"text-editor.default\">\n\t\t\t\t<div class=\"elementor-widget-container\">\n\t\t\t\t\t\t\t\t\t<p><span style=\"font-weight: 400;\">Ce d\u00e9blocage est le fruit d\u2019un travail diplomatique men\u00e9 avec rigueur. Le Premier ministre de Sainte Lucie, Philip J. Pierre, a conduit une d\u00e9l\u00e9gation \u00e0 Fort-de-France pour rencontrer les responsables du <\/span><b>CHUM Martinique<\/b><span style=\"font-weight: 400;\"> et des autorit\u00e9s r\u00e9gionales. Cette mission, articul\u00e9e autour de la sant\u00e9, mais aussi de la s\u00e9curit\u00e9 et du d\u00e9veloppement bilat\u00e9ral, a permis de poser les bases d\u2019un nouvel accord de coop\u00e9ration.<\/span><\/p>\t\t\t\t\t\t\t\t<\/div>\n\t\t\t\t<\/div>\n\t\t\t\t<div class=\"elementor-element elementor-element-91d2bd7 elementor-widget elementor-widget-text-editor\" data-id=\"91d2bd7\" data-element_type=\"widget\" data-widget_type=\"text-editor.default\">\n\t\t\t\t<div class=\"elementor-widget-container\">\n\t\t\t\t\t\t\t\t\t<p><span style=\"font-weight: 400;\">Ce geste est d\u2019autant plus symbolique qu\u2019il intervient \u00e0 un moment o\u00f9 la pression sur les syst\u00e8mes de sant\u00e9 de la Cara\u00efbe reste \u00e9lev\u00e9e, notamment apr\u00e8s les crises sanitaires r\u00e9centes. Sainte Lucie envoie ainsi un message clair : elle respecte ses engagements et veut b\u00e2tir un partenariat durable avec ses voisins.<\/span><\/p>\t\t\t\t\t\t\t\t<\/div>\n\t\t\t\t<\/div>\n\t\t\t\t<section class=\"elementor-section elementor-inner-section elementor-element elementor-element-ca4e15d elementor-section-boxed elementor-section-height-default elementor-section-height-default\" data-id=\"ca4e15d\" data-element_type=\"section\">\n\t\t\t\t\t\t<div class=\"elementor-container elementor-column-gap-default\">\n\t\t\t\t\t<div class=\"elementor-column elementor-col-100 elementor-inner-column elementor-element elementor-element-5e9f199\" data-id=\"5e9f199\" data-element_type=\"column\">\n\t\t\t<div class=\"elementor-widget-wrap elementor-element-populated\">\n\t\t\t\t\t\t<div class=\"elementor-element elementor-element-be4ef1e elementor-widget elementor-widget-image\" data-id=\"be4ef1e\" data-element_type=\"widget\" data-widget_type=\"image.default\">\n\t\t\t\t<div class=\"elementor-widget-container\">\n\t\t\t\t\t\t\t\t\t\t\t\t<figure class=\"wp-caption\">\n\t\t\t\t\t\t\t\t\t\t<img fetchpriority=\"high\" decoding=\"async\" width=\"800\" height=\"801\" src=\"https:\/\/richeskarayib.com\/wp-content\/uploads\/2025\/05\/Philip-J.-Pierre.jpg\" class=\"attachment-large size-large wp-image-50760\" alt=\"CHUM Martinique\" srcset=\"https:\/\/richeskarayib.com\/wp-content\/uploads\/2025\/05\/Philip-J.-Pierre.jpg 959w, https:\/\/richeskarayib.com\/wp-content\/uploads\/2025\/05\/Philip-J.-Pierre-300x300.jpg 300w, https:\/\/richeskarayib.com\/wp-content\/uploads\/2025\/05\/Philip-J.-Pierre-150x150.jpg 150w, https:\/\/richeskarayib.com\/wp-content\/uploads\/2025\/05\/Philip-J.-Pierre-768x769.jpg 768w\" sizes=\"(max-width: 800px) 100vw, 800px\" \/>\t\t\t\t\t\t\t\t\t\t\t<figcaption class=\"widget-image-caption wp-caption-text\">Philip J. Pierre<\/figcaption>\n\t\t\t\t\t\t\t\t\t\t<\/figure>\n\t\t\t\t\t\t\t\t\t<\/div>\n\t\t\t\t<\/div>\n\t\t\t\t\t<\/div>\n\t\t<\/div>\n\t\t\t\t\t<\/div>\n\t\t<\/section>\n\t\t\t\t\t<\/div>\n\t\t<\/div>\n\t\t\t\t\t<\/div>\n\t\t<\/section>\n\t\t\t\t<section class=\"elementor-section elementor-top-section elementor-element elementor-element-1a0b771 elementor-section-boxed elementor-section-height-default elementor-section-height-default\" data-id=\"1a0b771\" data-element_type=\"section\">\n\t\t\t\t\t\t<div class=\"elementor-container elementor-column-gap-default\">\n\t\t\t\t\t<div class=\"elementor-column elementor-col-100 elementor-top-column elementor-element elementor-element-345f4b7\" data-id=\"345f4b7\" data-element_type=\"column\">\n\t\t\t<div class=\"elementor-widget-wrap elementor-element-populated\">\n\t\t\t\t\t\t<div class=\"elementor-element elementor-element-d6a712a elementor-widget elementor-widget-heading\" data-id=\"d6a712a\" data-element_type=\"widget\" data-widget_type=\"heading.default\">\n\t\t\t\t<div class=\"elementor-widget-container\">\n\t\t\t\t\t<h2 class=\"elementor-heading-title elementor-size-default\">Le r\u00f4le strat\u00e9gique du CHUM pour les petites \u00eeles voisines<\/h2>\t\t\t\t<\/div>\n\t\t\t\t<\/div>\n\t\t\t\t<div class=\"elementor-element elementor-element-f9582c3 elementor-widget elementor-widget-text-editor\" data-id=\"f9582c3\" data-element_type=\"widget\" data-widget_type=\"text-editor.default\">\n\t\t\t\t<div class=\"elementor-widget-container\">\n\t\t\t\t\t\t\t\t\t<p><span style=\"font-weight: 400;\">Le <\/span><b>CHUM Martinique<\/b><span style=\"font-weight: 400;\"> constitue une infrastructure m\u00e9dicale incontournable dans la r\u00e9gion. Il est souvent le seul \u00e9tablissement capable de traiter certaines pathologies complexes, de r\u00e9aliser des interventions chirurgicales sp\u00e9cialis\u00e9es, ou de proposer des traitements lourds, comme en oncologie ou en cardiologie interventionnelle. Sainte Lucie, comme d\u2019autres petites <a href=\"https:\/\/richeskarayib.com\/fr\/les-plages-des-caraibes-classement-mondial\/\" target=\"_blank\" rel=\"noopener\">\u00eeles des Cara\u00efbes<\/a> orientales, ne dispose pas de ce niveau de technicit\u00e9.<\/span><\/p>\t\t\t\t\t\t\t\t<\/div>\n\t\t\t\t<\/div>\n\t\t\t\t<div class=\"elementor-element elementor-element-79e8e1a elementor-widget elementor-widget-text-editor\" data-id=\"79e8e1a\" data-element_type=\"widget\" data-widget_type=\"text-editor.default\">\n\t\t\t\t<div class=\"elementor-widget-container\">\n\t\t\t\t\t\t\t\t\t<p><span style=\"font-weight: 400;\">Gr\u00e2ce \u00e0 ce r\u00e8glement, les patients saint-luciens pourront continuer \u00e0 b\u00e9n\u00e9ficier d\u2019un acc\u00e8s rapide et encadr\u00e9 \u00e0 ces soins, notamment en cas d\u2019urgences vitales o\u00f9 le facteur temps est d\u00e9cisif. L\u2019administration hospitali\u00e8re martiniquaise pourra, de son c\u00f4t\u00e9, planifier sereinement les capacit\u00e9s d\u2019accueil et les besoins logistiques pour les patients \u00e9trangers.<\/span><\/p>\t\t\t\t\t\t\t\t<\/div>\n\t\t\t\t<\/div>\n\t\t\t\t<section class=\"elementor-section elementor-inner-section elementor-element elementor-element-00ad796 elementor-section-boxed elementor-section-height-default elementor-section-height-default\" data-id=\"00ad796\" data-element_type=\"section\">\n\t\t\t\t\t\t<div class=\"elementor-container elementor-column-gap-default\">\n\t\t\t\t\t<div class=\"elementor-column elementor-col-100 elementor-inner-column elementor-element elementor-element-5b56ad0\" data-id=\"5b56ad0\" data-element_type=\"column\">\n\t\t\t<div class=\"elementor-widget-wrap elementor-element-populated\">\n\t\t\t\t\t\t<div class=\"elementor-element elementor-element-75d90b7 elementor-widget elementor-widget-image\" data-id=\"75d90b7\" data-element_type=\"widget\" data-widget_type=\"image.default\">\n\t\t\t\t<div class=\"elementor-widget-container\">\n\t\t\t\t\t\t\t\t\t\t\t\t<figure class=\"wp-caption\">\n\t\t\t\t\t\t\t\t\t\t<img decoding=\"async\" width=\"800\" height=\"608\" src=\"https:\/\/richeskarayib.com\/wp-content\/uploads\/2025\/05\/CHUM-PZQ-COMPDOC.jpg\" class=\"attachment-large size-large wp-image-50764\" alt=\"CHUM Martinique\" srcset=\"https:\/\/richeskarayib.com\/wp-content\/uploads\/2025\/05\/CHUM-PZQ-COMPDOC.jpg 1011w, https:\/\/richeskarayib.com\/wp-content\/uploads\/2025\/05\/CHUM-PZQ-COMPDOC-300x228.jpg 300w, https:\/\/richeskarayib.com\/wp-content\/uploads\/2025\/05\/CHUM-PZQ-COMPDOC-768x583.jpg 768w\" sizes=\"(max-width: 800px) 100vw, 800px\" \/>\t\t\t\t\t\t\t\t\t\t\t<figcaption class=\"widget-image-caption wp-caption-text\">CHUM Martinique<\/figcaption>\n\t\t\t\t\t\t\t\t\t\t<\/figure>\n\t\t\t\t\t\t\t\t\t<\/div>\n\t\t\t\t<\/div>\n\t\t\t\t\t<\/div>\n\t\t<\/div>\n\t\t\t\t\t<\/div>\n\t\t<\/section>\n\t\t\t\t\t<\/div>\n\t\t<\/div>\n\t\t\t\t\t<\/div>\n\t\t<\/section>\n\t\t\t\t<section class=\"elementor-section elementor-top-section elementor-element elementor-element-8d316ed elementor-section-boxed elementor-section-height-default elementor-section-height-default\" data-id=\"8d316ed\" data-element_type=\"section\">\n\t\t\t\t\t\t<div class=\"elementor-container elementor-column-gap-default\">\n\t\t\t\t\t<div class=\"elementor-column elementor-col-100 elementor-top-column elementor-element elementor-element-24699a4\" data-id=\"24699a4\" data-element_type=\"column\">\n\t\t\t<div class=\"elementor-widget-wrap elementor-element-populated\">\n\t\t\t\t\t\t<div class=\"elementor-element elementor-element-efda88a elementor-widget elementor-widget-heading\" data-id=\"efda88a\" data-element_type=\"widget\" data-widget_type=\"heading.default\">\n\t\t\t\t<div class=\"elementor-widget-container\">\n\t\t\t\t\t<h2 class=\"elementor-heading-title elementor-size-default\">Des r\u00e9percussions positives sur la sant\u00e9 publique locale<\/h2>\t\t\t\t<\/div>\n\t\t\t\t<\/div>\n\t\t\t\t<div class=\"elementor-element elementor-element-eed17cf elementor-widget elementor-widget-text-editor\" data-id=\"eed17cf\" data-element_type=\"widget\" data-widget_type=\"text-editor.default\">\n\t\t\t\t<div class=\"elementor-widget-container\">\n\t\t\t\t\t\t\t\t\t<p><span style=\"font-weight: 400;\">Au-del\u00e0 du simple paiement, le r\u00e9tablissement de cette coop\u00e9ration va permettre \u00e0 Sainte Lucie d\u2019all\u00e9ger la pression sur son propre syst\u00e8me de sant\u00e9. Les h\u00f4pitaux locaux, souvent sous-dot\u00e9s en ressources humaines et mat\u00e9rielles, pourront concentrer leurs efforts sur les soins courants et les pathologies g\u00e9rables sur place. Les cas les plus lourds pourront \u00eatre orient\u00e9s vers le <\/span><b>CHUM Martinique<\/b><span style=\"font-weight: 400;\"> sans blocages administratifs ou incertitudes juridiques.<\/span><\/p>\t\t\t\t\t\t\t\t<\/div>\n\t\t\t\t<\/div>\n\t\t\t\t<div class=\"elementor-element elementor-element-382c62d elementor-widget elementor-widget-text-editor\" data-id=\"382c62d\" data-element_type=\"widget\" data-widget_type=\"text-editor.default\">\n\t\t\t\t<div class=\"elementor-widget-container\">\n\t\t\t\t\t\t\t\t\t<p><span style=\"font-weight: 400;\">Cette fluidit\u00e9 est capitale pour les professionnels de sant\u00e9, qui doivent pouvoir agir vite et dans un cadre clair. Elle l\u2019est tout autant pour les patients et leurs familles, qui retrouveront un niveau de s\u00e9r\u00e9nit\u00e9 dans les parcours de soins.<\/span><\/p>\t\t\t\t\t\t\t\t<\/div>\n\t\t\t\t<\/div>\n\t\t\t\t\t<\/div>\n\t\t<\/div>\n\t\t\t\t\t<\/div>\n\t\t<\/section>\n\t\t\t\t<section class=\"elementor-section elementor-top-section elementor-element elementor-element-6904e1e elementor-section-boxed elementor-section-height-default elementor-section-height-default\" data-id=\"6904e1e\" data-element_type=\"section\">\n\t\t\t\t\t\t<div class=\"elementor-container elementor-column-gap-default\">\n\t\t\t\t\t<div class=\"elementor-column elementor-col-100 elementor-top-column elementor-element elementor-element-7bf759f\" data-id=\"7bf759f\" data-element_type=\"column\">\n\t\t\t<div class=\"elementor-widget-wrap elementor-element-populated\">\n\t\t\t\t\t\t<div class=\"elementor-element elementor-element-5f8f11f elementor-widget elementor-widget-heading\" data-id=\"5f8f11f\" data-element_type=\"widget\" data-widget_type=\"heading.default\">\n\t\t\t\t<div class=\"elementor-widget-container\">\n\t\t\t\t\t<h2 class=\"elementor-heading-title elementor-size-default\">Une coop\u00e9ration \u00e9largie au-del\u00e0 du champ m\u00e9dical<\/h2>\t\t\t\t<\/div>\n\t\t\t\t<\/div>\n\t\t\t\t<div class=\"elementor-element elementor-element-e44f6f1 elementor-widget elementor-widget-text-editor\" data-id=\"e44f6f1\" data-element_type=\"widget\" data-widget_type=\"text-editor.default\">\n\t\t\t\t<div class=\"elementor-widget-container\">\n\t\t\t\t\t\t\t\t\t<p><span style=\"font-weight: 400;\">La visite officielle du chef du gouvernement saint-lucien a permis d\u2019aborder d\u2019autres aspects cruciaux des relations bilat\u00e9rales. La s\u00e9curit\u00e9 maritime, la lutte contre les trafics transfrontaliers (stup\u00e9fiants, armes, migration ill\u00e9gale) et la protection des zones maritimes communes ont \u00e9galement \u00e9t\u00e9 \u00e9voqu\u00e9es. Une volont\u00e9 conjointe a \u00e9merg\u00e9 pour renforcer les \u00e9changes d\u2019informations, la coordination des forces de s\u00e9curit\u00e9, ainsi que la coop\u00e9ration judiciaire.<\/span><\/p>\t\t\t\t\t\t\t\t<\/div>\n\t\t\t\t<\/div>\n\t\t\t\t<div class=\"elementor-element elementor-element-028b3f2 elementor-widget elementor-widget-text-editor\" data-id=\"028b3f2\" data-element_type=\"widget\" data-widget_type=\"text-editor.default\">\n\t\t\t\t<div class=\"elementor-widget-container\">\n\t\t\t\t\t\t\t\t\t<p><span style=\"font-weight: 400;\">Dans cette perspective, le <\/span><b>CHUM Martinique<\/b><span style=\"font-weight: 400;\"> devient aussi un symbole de stabilit\u00e9 et de solidarit\u00e9 r\u00e9gionale. Il repr\u00e9sente un pilier institutionnel autour duquel peuvent se greffer d\u2019autres formes de collaboration, allant de la formation des personnels de sant\u00e9 jusqu\u2019aux \u00e9changes d\u2019expertise administrative.<\/span><\/p>\t\t\t\t\t\t\t\t<\/div>\n\t\t\t\t<\/div>\n\t\t\t\t<section class=\"elementor-section elementor-inner-section elementor-element elementor-element-1e9b688 elementor-section-boxed elementor-section-height-default elementor-section-height-default\" data-id=\"1e9b688\" data-element_type=\"section\">\n\t\t\t\t\t\t<div class=\"elementor-container elementor-column-gap-default\">\n\t\t\t\t\t<div class=\"elementor-column elementor-col-100 elementor-inner-column elementor-element elementor-element-dd7e348\" data-id=\"dd7e348\" data-element_type=\"column\">\n\t\t\t<div class=\"elementor-widget-wrap elementor-element-populated\">\n\t\t\t\t\t\t<div class=\"elementor-element elementor-element-6a7efdc elementor-widget elementor-widget-image\" data-id=\"6a7efdc\" data-element_type=\"widget\" data-widget_type=\"image.default\">\n\t\t\t\t<div class=\"elementor-widget-container\">\n\t\t\t\t\t\t\t\t\t\t\t\t<figure class=\"wp-caption\">\n\t\t\t\t\t\t\t\t\t\t<img decoding=\"async\" width=\"800\" height=\"600\" src=\"https:\/\/richeskarayib.com\/wp-content\/uploads\/2025\/05\/DJI_20231128100609_0020_D-scaled-1-1024x768.webp\" class=\"attachment-large size-large wp-image-50768\" alt=\"CHUM Martinique\" srcset=\"https:\/\/richeskarayib.com\/wp-content\/uploads\/2025\/05\/DJI_20231128100609_0020_D-scaled-1-1024x768.webp 1024w, https:\/\/richeskarayib.com\/wp-content\/uploads\/2025\/05\/DJI_20231128100609_0020_D-scaled-1-300x225.webp 300w, https:\/\/richeskarayib.com\/wp-content\/uploads\/2025\/05\/DJI_20231128100609_0020_D-scaled-1-768x576.webp 768w, https:\/\/richeskarayib.com\/wp-content\/uploads\/2025\/05\/DJI_20231128100609_0020_D-scaled-1-1536x1152.webp 1536w, https:\/\/richeskarayib.com\/wp-content\/uploads\/2025\/05\/DJI_20231128100609_0020_D-scaled-1-1320x990.webp 1320w, https:\/\/richeskarayib.com\/wp-content\/uploads\/2025\/05\/DJI_20231128100609_0020_D-scaled-1.webp 1920w\" sizes=\"(max-width: 800px) 100vw, 800px\" \/>\t\t\t\t\t\t\t\t\t\t\t<figcaption class=\"widget-image-caption wp-caption-text\">CHUM Martinique<\/figcaption>\n\t\t\t\t\t\t\t\t\t\t<\/figure>\n\t\t\t\t\t\t\t\t\t<\/div>\n\t\t\t\t<\/div>\n\t\t\t\t\t<\/div>\n\t\t<\/div>\n\t\t\t\t\t<\/div>\n\t\t<\/section>\n\t\t\t\t\t<\/div>\n\t\t<\/div>\n\t\t\t\t\t<\/div>\n\t\t<\/section>\n\t\t\t\t<section class=\"elementor-section elementor-top-section elementor-element elementor-element-e168783 elementor-section-boxed elementor-section-height-default elementor-section-height-default\" data-id=\"e168783\" data-element_type=\"section\">\n\t\t\t\t\t\t<div class=\"elementor-container elementor-column-gap-default\">\n\t\t\t\t\t<div class=\"elementor-column elementor-col-100 elementor-top-column elementor-element elementor-element-ab3c736\" data-id=\"ab3c736\" data-element_type=\"column\">\n\t\t\t<div class=\"elementor-widget-wrap elementor-element-populated\">\n\t\t\t\t\t\t<div class=\"elementor-element elementor-element-32aeefc elementor-widget elementor-widget-heading\" data-id=\"32aeefc\" data-element_type=\"widget\" data-widget_type=\"heading.default\">\n\t\t\t\t<div class=\"elementor-widget-container\">\n\t\t\t\t\t<h2 class=\"elementor-heading-title elementor-size-default\">Des perspectives d\u2019avenir : formation, \u00e9quipement et modernisation<\/h2>\t\t\t\t<\/div>\n\t\t\t\t<\/div>\n\t\t\t\t<div class=\"elementor-element elementor-element-9aca57e elementor-widget elementor-widget-text-editor\" data-id=\"9aca57e\" data-element_type=\"widget\" data-widget_type=\"text-editor.default\">\n\t\t\t\t<div class=\"elementor-widget-container\">\n\t\t\t\t\t\t\t\t\t<p><span style=\"font-weight: 400;\">Le partenariat entre Sainte Lucie et le <\/span><a href=\"https:\/\/etablissements.fhf.fr\/annuaire\/structure\/structure2640\" target=\"_blank\" rel=\"noopener nofollow\"><b>CHUM Martinique<\/b><\/a><span style=\"font-weight: 400;\"> ne se limite plus \u00e0 la prise en charge de patients. Il inclut d\u00e9sormais des volets de dons d\u2019\u00e9quipements m\u00e9dicaux, de formations crois\u00e9es entre personnels soignants, et de mise en place de protocoles de coop\u00e9ration technique. Ces efforts visent \u00e0 renforcer les capacit\u00e9s des h\u00f4pitaux saint-luciens \u00e0 moyen terme, afin de les rendre plus autonomes sur certaines sp\u00e9cialit\u00e9s.<\/span><\/p>\t\t\t\t\t\t\t\t<\/div>\n\t\t\t\t<\/div>\n\t\t\t\t<div class=\"elementor-element elementor-element-e514caf elementor-widget elementor-widget-text-editor\" data-id=\"e514caf\" data-element_type=\"widget\" data-widget_type=\"text-editor.default\">\n\t\t\t\t<div class=\"elementor-widget-container\">\n\t\t\t\t\t\t\t\t\t<p><span style=\"font-weight: 400;\">La Martinique, de son c\u00f4t\u00e9, renforce son r\u00f4le de p\u00f4le r\u00e9gional d\u2019expertise m\u00e9dicale, tout en d\u00e9veloppant une diplomatie sanitaire constructive avec ses voisins anglophones. Ce mod\u00e8le de coop\u00e9ration pourrait \u00eatre reproduit avec d\u2019autres territoires carib\u00e9ens, \u00e0 condition que la transparence et la responsabilit\u00e9 financi\u00e8re soient au rendez-vous.<\/span><\/p>\t\t\t\t\t\t\t\t<\/div>\n\t\t\t\t<\/div>\n\t\t\t\t\t<\/div>\n\t\t<\/div>\n\t\t\t\t\t<\/div>\n\t\t<\/section>\n\t\t\t\t<section class=\"elementor-section elementor-top-section elementor-element elementor-element-6982f67 elementor-section-boxed elementor-section-height-default elementor-section-height-default\" data-id=\"6982f67\" data-element_type=\"section\">\n\t\t\t\t\t\t<div class=\"elementor-container elementor-column-gap-default\">\n\t\t\t\t\t<div class=\"elementor-column elementor-col-100 elementor-top-column elementor-element elementor-element-3c5e796\" data-id=\"3c5e796\" data-element_type=\"column\">\n\t\t\t<div class=\"elementor-widget-wrap elementor-element-populated\">\n\t\t\t\t\t\t<div class=\"elementor-element elementor-element-174885e elementor-widget elementor-widget-text-editor\" data-id=\"174885e\" data-element_type=\"widget\" data-widget_type=\"text-editor.default\">\n\t\t\t\t<div class=\"elementor-widget-container\">\n\t\t\t\t\t\t\t\t\t<p><span style=\"font-weight: 400;\">Le r\u00e8glement de la dette par Sainte Lucie envers le <\/span><b>CHUM Martinique<\/b><span style=\"font-weight: 400;\"> d\u00e9passe largement le cadre d\u2019un simple remboursement. Il s\u2019agit d\u2019un acte politique, sanitaire et diplomatique fort, qui restaure la confiance entre deux territoires historiquement li\u00e9s. En assurant la continuit\u00e9 des soins pour ses citoyens et en posant les bases d\u2019un partenariat \u00e9largi, Sainte Lucie fait un pas vers une coop\u00e9ration r\u00e9gionale plus int\u00e9gr\u00e9e, plus responsable et plus \u00e9quitable.<\/span><\/p>\t\t\t\t\t\t\t\t<\/div>\n\t\t\t\t<\/div>\n\t\t\t\t<section class=\"elementor-section elementor-inner-section elementor-element elementor-element-4986275 elementor-section-boxed elementor-section-height-default elementor-section-height-default\" data-id=\"4986275\" data-element_type=\"section\">\n\t\t\t\t\t\t<div class=\"elementor-container elementor-column-gap-default\">\n\t\t\t\t\t<div class=\"elementor-column elementor-col-100 elementor-inner-column elementor-element elementor-element-61d1b52\" data-id=\"61d1b52\" data-element_type=\"column\">\n\t\t\t<div class=\"elementor-widget-wrap elementor-element-populated\">\n\t\t\t\t\t\t<div class=\"elementor-element elementor-element-fcd3013 elementor-widget elementor-widget-video\" data-id=\"fcd3013\" data-element_type=\"widget\" data-settings=\"{&quot;youtube_url&quot;:&quot;https:\\\/\\\/www.youtube.com\\\/watch?v=Hzxtka7QCWA&amp;ab_channel=OfficeofthePrimeMinister-SaintLucia&quot;,&quot;video_type&quot;:&quot;youtube&quot;,&quot;controls&quot;:&quot;yes&quot;}\" data-widget_type=\"video.default\">\n\t\t\t\t<div class=\"elementor-widget-container\">\n\t\t\t\t\t\t\t<div class=\"elementor-wrapper elementor-open-inline\">\n\t\t\t<div class=\"elementor-video\"><\/div>\t\t<\/div>\n\t\t\t\t\t\t<\/div>\n\t\t\t\t<\/div>\n\t\t\t\t\t<\/div>\n\t\t<\/div>\n\t\t\t\t\t<\/div>\n\t\t<\/section>\n\t\t\t\t\t<\/div>\n\t\t<\/div>\n\t\t\t\t\t<\/div>\n\t\t<\/section>\n\t\t\t\t<\/div>\n\t\t","protected":false},"excerpt":{"rendered":"<p>CHUM Martinique a r\u00e9cemment re\u00e7u un paiement de plus de trois millions de dollars de la part du gouvernement de Sainte Lucie, mettant ainsi un terme \u00e0 une dette hospitali\u00e8re accumul\u00e9e depuis plus de deux d\u00e9cennies. Ce r\u00e8glement n\u2019est pas seulement un acte financier, mais un choix politique fort, qui red\u00e9finit les relations entre ces [&hellip;]<\/p>\n","protected":false},"author":662,"featured_media":50756,"comment_status":"open","ping_status":"open","sticky":false,"template":"","format":"standard","meta":{"_acf_changed":false,"footnotes":""},"categories":[840],"tags":[808,1675],"class_list":["post-50755","post","type-post","status-publish","format-standard","has-post-thumbnail","hentry","category-actus","tag-martinique-fr","tag-sainte-lucie-2"],"acf":[],"_links":{"self":[{"href":"https:\/\/richeskarayib.com\/fr\/wp-json\/wp\/v2\/posts\/50755","targetHints":{"allow":["GET"]}}],"collection":[{"href":"https:\/\/richeskarayib.com\/fr\/wp-json\/wp\/v2\/posts"}],"about":[{"href":"https:\/\/richeskarayib.com\/fr\/wp-json\/wp\/v2\/types\/post"}],"author":[{"embeddable":true,"href":"https:\/\/richeskarayib.com\/fr\/wp-json\/wp\/v2\/users\/662"}],"replies":[{"embeddable":true,"href":"https:\/\/richeskarayib.com\/fr\/wp-json\/wp\/v2\/comments?post=50755"}],"version-history":[{"count":0,"href":"https:\/\/richeskarayib.com\/fr\/wp-json\/wp\/v2\/posts\/50755\/revisions"}],"wp:featuredmedia":[{"embeddable":true,"href":"https:\/\/richeskarayib.com\/fr\/wp-json\/wp\/v2\/media\/50756"}],"wp:attachment":[{"href":"https:\/\/richeskarayib.com\/fr\/wp-json\/wp\/v2\/media?parent=50755"}],"wp:term":[{"taxonomy":"category","embeddable":true,"href":"https:\/\/richeskarayib.com\/fr\/wp-json\/wp\/v2\/categories?post=50755"},{"taxonomy":"post_tag","embeddable":true,"href":"https:\/\/richeskarayib.com\/fr\/wp-json\/wp\/v2\/tags?post=50755"}],"curies":[{"name":"wp","href":"https:\/\/api.w.org\/{rel}","templated":true}]}}