{"id":51033,"date":"2025-05-10T15:19:49","date_gmt":"2025-05-10T19:19:49","guid":{"rendered":"https:\/\/richeskarayib.com\/?p=51033"},"modified":"2025-05-12T04:32:17","modified_gmt":"2025-05-12T08:32:17","slug":"une-nouvelle-ligne-aerienne-quebec-martinique-canada","status":"publish","type":"post","link":"https:\/\/richeskarayib.com\/fr\/une-nouvelle-ligne-aerienne-quebec-martinique-canada\/","title":{"rendered":"Une nouvelle ligne a\u00e9rienne directe entre Qu\u00e9bec et Fort-de-France : un pont strat\u00e9gique pour le tourisme et l&#8217;\u00e9conomie"},"content":{"rendered":"\t\t<div data-elementor-type=\"wp-post\" data-elementor-id=\"51033\" class=\"elementor elementor-51033\" data-elementor-post-type=\"post\">\n\t\t\t\t\t\t<section class=\"elementor-section elementor-top-section elementor-element elementor-element-7f68ce2 elementor-section-boxed elementor-section-height-default elementor-section-height-default\" data-id=\"7f68ce2\" data-element_type=\"section\">\n\t\t\t\t\t\t<div class=\"elementor-container elementor-column-gap-default\">\n\t\t\t\t\t<div class=\"elementor-column elementor-col-100 elementor-top-column elementor-element elementor-element-f14e61c\" data-id=\"f14e61c\" data-element_type=\"column\">\n\t\t\t<div class=\"elementor-widget-wrap elementor-element-populated\">\n\t\t\t\t\t\t<div class=\"elementor-element elementor-element-b127a15 elementor-widget elementor-widget-text-editor\" data-id=\"b127a15\" data-element_type=\"widget\" data-widget_type=\"text-editor.default\">\n\t\t\t\t<div class=\"elementor-widget-container\">\n\t\t\t\t\t\t\t\t\t<p>La <a href=\"https:\/\/richeskarayib.com\/fr\/eruption-de-la-montagne-pelee-123-ans-apres\/\" target=\"_blank\" rel=\"noopener\">Martinique<\/a> franchit une \u00e9tape majeure dans sa strat\u00e9gie de diversification touristique avec l&#8217;annonce d&#8217;une liaison directe entre Qu\u00e9bec City et Fort-de-France, op\u00e9r\u00e9e par <a href=\"https:\/\/richeskarayib.com\/fr\/air-canada-augmente-vols-toronto-et-grenade\/\" target=\"_blank\" rel=\"noopener\">Air Canada<\/a> \u00e0 partir du 7 d\u00e9cembre 2025. Cette nouvelle desserte s&#8217;ajoute aux lignes existantes au d\u00e9part de Montr\u00e9al et Toronto, consolidant les liens entre la Cara\u00efbe fran\u00e7aise et la province francophone du Canada.<\/p>\t\t\t\t\t\t\t\t<\/div>\n\t\t\t\t<\/div>\n\t\t\t\t\t<\/div>\n\t\t<\/div>\n\t\t\t\t\t<\/div>\n\t\t<\/section>\n\t\t\t\t<section class=\"elementor-section elementor-top-section elementor-element elementor-element-b72590d elementor-section-boxed elementor-section-height-default elementor-section-height-default\" data-id=\"b72590d\" data-element_type=\"section\">\n\t\t\t\t\t\t<div class=\"elementor-container elementor-column-gap-default\">\n\t\t\t\t\t<div class=\"elementor-column elementor-col-100 elementor-top-column elementor-element elementor-element-525f1ff\" data-id=\"525f1ff\" data-element_type=\"column\">\n\t\t\t<div class=\"elementor-widget-wrap elementor-element-populated\">\n\t\t\t\t\t\t<div class=\"elementor-element elementor-element-045bd83 elementor-widget elementor-widget-heading\" data-id=\"045bd83\" data-element_type=\"widget\" data-widget_type=\"heading.default\">\n\t\t\t\t<div class=\"elementor-widget-container\">\n\t\t\t\t\t<h2 class=\"elementor-heading-title elementor-size-default\">Un pas strat\u00e9gique vers la diversification des march\u00e9s<\/h2>\t\t\t\t<\/div>\n\t\t\t\t<\/div>\n\t\t\t\t<div class=\"elementor-element elementor-element-cb1ffab elementor-widget elementor-widget-text-editor\" data-id=\"cb1ffab\" data-element_type=\"widget\" data-widget_type=\"text-editor.default\">\n\t\t\t\t<div class=\"elementor-widget-container\">\n\t\t\t\t\t\t\t\t\t<p data-pm-slice=\"1 1 []\">Pour <a href=\"https:\/\/www.linkedin.com\/in\/b%C3%A9n%C3%A9dicte-di-geronimo-6852209b\/?originalSubdomain=mq\" target=\"_blank\" rel=\"noopener nofollow\">B\u00e9n\u00e9dicte Di G\u00e9ronimo<\/a>, pr\u00e9sidente du Comit\u00e9 Martiniquais du Tourisme (CMT), cette nouvelle liaison directe incarne une avanc\u00e9e majeure dans la vision port\u00e9e par le CMT : \u00ab Notre ambition est claire : r\u00e9duire notre d\u00e9pendance au march\u00e9 hexagonal et nous ouvrir durablement \u00e0 de nouveaux bassins \u00e9metteurs. Le Canada, notamment la province du Qu\u00e9bec, est un partenaire naturel avec lequel nous partageons une langue, des affinit\u00e9s culturelles, et une grande compl\u00e9mentarit\u00e9. \u00bb<\/p><p data-pm-slice=\"1 1 []\">Elle souligne l\u2019enjeu structurel de cette strat\u00e9gie : \u00ab Il ne s\u2019agit pas d\u2019op\u00e9rations ponctuelles, mais bien de b\u00e2tir des relations durables avec les compagnies a\u00e9riennes, les agences, les m\u00e9dias et les voyageurs. Cette ligne avec Qu\u00e9bec, c\u2019est le fruit d\u2019un dialogue engag\u00e9 depuis plusieurs ann\u00e9es, et le d\u00e9but d\u2019un nouveau cycle. \u00bbpour convaincre les compagnies. C&#8217;est \u00e9galement une saisie d&#8217;opportunit\u00e9s \u00bb, souligne B\u00e9n\u00e9dicte Di G\u00e9ronimo \u2013 \u00e0 l&#8217;origine de cette initiative avec la SAMAC, l&#8217;op\u00e9rateur de l&#8217;a\u00e9roport Aim\u00e9 C\u00e9saire.<\/p>\t\t\t\t\t\t\t\t<\/div>\n\t\t\t\t<\/div>\n\t\t\t\t<div class=\"elementor-element elementor-element-23a1d5c elementor-widget elementor-widget-image\" data-id=\"23a1d5c\" data-element_type=\"widget\" data-widget_type=\"image.default\">\n\t\t\t\t<div class=\"elementor-widget-container\">\n\t\t\t\t\t\t\t\t\t\t\t\t<figure class=\"wp-caption\">\n\t\t\t\t\t\t\t\t\t\t<img fetchpriority=\"high\" decoding=\"async\" width=\"800\" height=\"752\" src=\"https:\/\/richeskarayib.com\/wp-content\/uploads\/2025\/05\/WhatsApp-Image-2025-05-10-a-13.56.40_9d0d75e2-1024x963.jpg\" class=\"attachment-large size-large wp-image-51038\" alt=\"Martinique\" srcset=\"https:\/\/richeskarayib.com\/wp-content\/uploads\/2025\/05\/WhatsApp-Image-2025-05-10-a-13.56.40_9d0d75e2-1024x963.jpg 1024w, https:\/\/richeskarayib.com\/wp-content\/uploads\/2025\/05\/WhatsApp-Image-2025-05-10-a-13.56.40_9d0d75e2-300x282.jpg 300w, https:\/\/richeskarayib.com\/wp-content\/uploads\/2025\/05\/WhatsApp-Image-2025-05-10-a-13.56.40_9d0d75e2-768x722.jpg 768w, https:\/\/richeskarayib.com\/wp-content\/uploads\/2025\/05\/WhatsApp-Image-2025-05-10-a-13.56.40_9d0d75e2-1536x1444.jpg 1536w, https:\/\/richeskarayib.com\/wp-content\/uploads\/2025\/05\/WhatsApp-Image-2025-05-10-a-13.56.40_9d0d75e2-1320x1241.jpg 1320w, https:\/\/richeskarayib.com\/wp-content\/uploads\/2025\/05\/WhatsApp-Image-2025-05-10-a-13.56.40_9d0d75e2.jpg 1599w\" sizes=\"(max-width: 800px) 100vw, 800px\" \/>\t\t\t\t\t\t\t\t\t\t\t<figcaption class=\"widget-image-caption wp-caption-text\">B\u00e9n\u00e9dicte Di G\u00e9ronimo<\/figcaption>\n\t\t\t\t\t\t\t\t\t\t<\/figure>\n\t\t\t\t\t\t\t\t\t<\/div>\n\t\t\t\t<\/div>\n\t\t\t\t<div class=\"elementor-element elementor-element-1d547db elementor-widget elementor-widget-text-editor\" data-id=\"1d547db\" data-element_type=\"widget\" data-widget_type=\"text-editor.default\">\n\t\t\t\t<div class=\"elementor-widget-container\">\n\t\t\t\t\t\t\t\t\t<p>\u00ab Cette ouverture de ligne est un excellent signal. Cela montre que le d\u00e9veloppement du tourisme en Martinique est sur la bonne voie, avec des choix assum\u00e9s de diversification de march\u00e9. \u00bb Elle rappelle que l\u2019enjeu est aussi de p\u00e9renniser ces dessertes : \u00ab Il nous faut continuer \u00e0 \u0153uvrer, pour que nos diff\u00e9rents projets finissent par na\u00eetre et s\u2019inscrivent dans la dur\u00e9e. \u00bb<\/p><p>Cette ligne r\u00e9pond \u00e0 un objectif clair : diversifier les flux touristiques au-del\u00e0 du march\u00e9 hexagonal, qui repr\u00e9sente encore 68 % des touristes de s\u00e9jour. Le Canada, en forte croissance (+44 % entre 2019 et 2023), a d\u00e9montr\u00e9 son potentiel, notamment gr\u00e2ce \u00e0 une client\u00e8le active, francophone et int\u00e9ress\u00e9e par des s\u00e9jours longs.<\/p>\t\t\t\t\t\t\t\t<\/div>\n\t\t\t\t<\/div>\n\t\t\t\t\t<\/div>\n\t\t<\/div>\n\t\t\t\t\t<\/div>\n\t\t<\/section>\n\t\t\t\t<section class=\"elementor-section elementor-top-section elementor-element elementor-element-9df4738 elementor-section-boxed elementor-section-height-default elementor-section-height-default\" data-id=\"9df4738\" data-element_type=\"section\">\n\t\t\t\t\t\t<div class=\"elementor-container elementor-column-gap-default\">\n\t\t\t\t\t<div class=\"elementor-column elementor-col-100 elementor-top-column elementor-element elementor-element-85eeb23\" data-id=\"85eeb23\" data-element_type=\"column\">\n\t\t\t<div class=\"elementor-widget-wrap elementor-element-populated\">\n\t\t\t\t\t\t<div class=\"elementor-element elementor-element-8a2c012 elementor-widget elementor-widget-heading\" data-id=\"8a2c012\" data-element_type=\"widget\" data-widget_type=\"heading.default\">\n\t\t\t\t<div class=\"elementor-widget-container\">\n\t\t\t\t\t<h2 class=\"elementor-heading-title elementor-size-default\">Des moyens pour assurer la p\u00e9rennit\u00e9\n<\/h2>\t\t\t\t<\/div>\n\t\t\t\t<\/div>\n\t\t\t\t<div class=\"elementor-element elementor-element-57b236b elementor-widget elementor-widget-text-editor\" data-id=\"57b236b\" data-element_type=\"widget\" data-widget_type=\"text-editor.default\">\n\t\t\t\t<div class=\"elementor-widget-container\">\n\t\t\t\t\t\t\t\t\t<p data-pm-slice=\"1 1 []\">Sur la p\u00e9riode de d\u00e9cembre 2025 \u00e0 avril 2026, le vol hebdomadaire du dimanche entre Qu\u00e9bec et Fort-de-France sera op\u00e9r\u00e9 en Boeing 737 de 169 places, avec une business class haut de gamme. Au total, plus de 7 000 si\u00e8ges seront propos\u00e9s.<\/p><p>Pour soutenir le lancement, la SAMAC a mis en place un accompagnement logistique et financier : r\u00e9duction de redevances a\u00e9roportuaires pendant 24 mois, actions marketing locales, et facilitation des parcours passagers.<\/p>\t\t\t\t\t\t\t\t<\/div>\n\t\t\t\t<\/div>\n\t\t\t\t<div class=\"elementor-element elementor-element-14a2779 elementor-widget elementor-widget-image\" data-id=\"14a2779\" data-element_type=\"widget\" data-widget_type=\"image.default\">\n\t\t\t\t<div class=\"elementor-widget-container\">\n\t\t\t\t\t\t\t\t\t\t\t\t<figure class=\"wp-caption\">\n\t\t\t\t\t\t\t\t\t\t<img decoding=\"async\" width=\"800\" height=\"800\" src=\"https:\/\/richeskarayib.com\/wp-content\/uploads\/2025\/05\/WhatsApp-Image-2025-05-10-a-14.57.08_a55f1251-1024x1024.jpg\" class=\"attachment-large size-large wp-image-51050\" alt=\"Martinique\" srcset=\"https:\/\/richeskarayib.com\/wp-content\/uploads\/2025\/05\/WhatsApp-Image-2025-05-10-a-14.57.08_a55f1251-1024x1024.jpg 1024w, https:\/\/richeskarayib.com\/wp-content\/uploads\/2025\/05\/WhatsApp-Image-2025-05-10-a-14.57.08_a55f1251-300x300.jpg 300w, https:\/\/richeskarayib.com\/wp-content\/uploads\/2025\/05\/WhatsApp-Image-2025-05-10-a-14.57.08_a55f1251-150x150.jpg 150w, https:\/\/richeskarayib.com\/wp-content\/uploads\/2025\/05\/WhatsApp-Image-2025-05-10-a-14.57.08_a55f1251-768x767.jpg 768w, https:\/\/richeskarayib.com\/wp-content\/uploads\/2025\/05\/WhatsApp-Image-2025-05-10-a-14.57.08_a55f1251-1320x1319.jpg 1320w, https:\/\/richeskarayib.com\/wp-content\/uploads\/2025\/05\/WhatsApp-Image-2025-05-10-a-14.57.08_a55f1251.jpg 1333w\" sizes=\"(max-width: 800px) 100vw, 800px\" \/>\t\t\t\t\t\t\t\t\t\t\t<figcaption class=\"widget-image-caption wp-caption-text\">Nathalie S\u00e9bastien<\/figcaption>\n\t\t\t\t\t\t\t\t\t\t<\/figure>\n\t\t\t\t\t\t\t\t\t<\/div>\n\t\t\t\t<\/div>\n\t\t\t\t<div class=\"elementor-element elementor-element-60f6414 elementor-widget elementor-widget-text-editor\" data-id=\"60f6414\" data-element_type=\"widget\" data-widget_type=\"text-editor.default\">\n\t\t\t\t<div class=\"elementor-widget-container\">\n\t\t\t\t\t\t\t\t\t<p data-pm-slice=\"1 1 []\"><a href=\"https:\/\/www.linkedin.com\/in\/nathalie-sebastien-74b19464\/?trk=public_post_reshare-text&amp;originalSubdomain=mq\" target=\"_blank\" rel=\"noopener nofollow\">Nathalie S\u00e9bastien<\/a>, pr\u00e9sidente du Directoire de la SAMAC, pr\u00e9cise : \u00ab L\u2019a\u00e9roport Aim\u00e9 C\u00e9saire est dimensionn\u00e9 pour accueillir jusqu\u2019\u00e0 3 millions de passagers. Tout a \u00e9t\u00e9 pens\u00e9 pour que cette nouvelle ligne s\u2019int\u00e8gre parfaitement, en optimisant les ressources logistiques, humaines et technologiques. \u00bb Elle ajoute : \u00ab Nous allons accompagner la p\u00e9rennit\u00e9 de la ligne \u00e0 travers deux leviers : un soutien marketing pour d\u00e9velopper le flux au d\u00e9part de la Martinique, et un accompagnement financier pour encourager Air Canada. \u00bb<\/p>\t\t\t\t\t\t\t\t<\/div>\n\t\t\t\t<\/div>\n\t\t\t\t\t<\/div>\n\t\t<\/div>\n\t\t\t\t\t<\/div>\n\t\t<\/section>\n\t\t\t\t<section class=\"elementor-section elementor-top-section elementor-element elementor-element-6510679 elementor-section-boxed elementor-section-height-default elementor-section-height-default\" data-id=\"6510679\" data-element_type=\"section\">\n\t\t\t\t\t\t<div class=\"elementor-container elementor-column-gap-default\">\n\t\t\t\t\t<div class=\"elementor-column elementor-col-100 elementor-top-column elementor-element elementor-element-ce95d14\" data-id=\"ce95d14\" data-element_type=\"column\">\n\t\t\t<div class=\"elementor-widget-wrap elementor-element-populated\">\n\t\t\t\t\t\t<div class=\"elementor-element elementor-element-1039337 elementor-widget elementor-widget-heading\" data-id=\"1039337\" data-element_type=\"widget\" data-widget_type=\"heading.default\">\n\t\t\t\t<div class=\"elementor-widget-container\">\n\t\t\t\t\t<h2 class=\"elementor-heading-title elementor-size-default\">Un vrai travail d'\u00e9quipe<\/h2>\t\t\t\t<\/div>\n\t\t\t\t<\/div>\n\t\t\t\t<div class=\"elementor-element elementor-element-48edb12 elementor-widget elementor-widget-text-editor\" data-id=\"48edb12\" data-element_type=\"widget\" data-widget_type=\"text-editor.default\">\n\t\t\t\t<div class=\"elementor-widget-container\">\n\t\t\t\t\t\t\t\t\t<p data-pm-slice=\"1 1 []\">Pour Val\u00e9rie C\u00e9sarine, directrice commerciale et marketing de la SAMAC : \u00ab Ce travail de fourmi permet d&#8217;apporter de bonnes nouvelles en termes de connectivit\u00e9. C&#8217;est un succ\u00e8s collectif qui refl\u00e8te l&#8217;engagement de tout un territoire. \u00bb<\/p>\t\t\t\t\t\t\t\t<\/div>\n\t\t\t\t<\/div>\n\t\t\t\t<div class=\"elementor-element elementor-element-0ebf9a7 elementor-widget elementor-widget-image\" data-id=\"0ebf9a7\" data-element_type=\"widget\" data-widget_type=\"image.default\">\n\t\t\t\t<div class=\"elementor-widget-container\">\n\t\t\t\t\t\t\t\t\t\t\t\t<figure class=\"wp-caption\">\n\t\t\t\t\t\t\t\t\t\t<img decoding=\"async\" width=\"800\" height=\"549\" src=\"https:\/\/richeskarayib.com\/wp-content\/uploads\/2025\/05\/WhatsApp-Image-2025-05-10-a-14.34.11_e52c5458-1024x703.jpg\" class=\"attachment-large size-large wp-image-51042\" alt=\"Martinique\" srcset=\"https:\/\/richeskarayib.com\/wp-content\/uploads\/2025\/05\/WhatsApp-Image-2025-05-10-a-14.34.11_e52c5458-1024x703.jpg 1024w, https:\/\/richeskarayib.com\/wp-content\/uploads\/2025\/05\/WhatsApp-Image-2025-05-10-a-14.34.11_e52c5458-300x206.jpg 300w, https:\/\/richeskarayib.com\/wp-content\/uploads\/2025\/05\/WhatsApp-Image-2025-05-10-a-14.34.11_e52c5458-768x528.jpg 768w, https:\/\/richeskarayib.com\/wp-content\/uploads\/2025\/05\/WhatsApp-Image-2025-05-10-a-14.34.11_e52c5458-1536x1055.jpg 1536w, https:\/\/richeskarayib.com\/wp-content\/uploads\/2025\/05\/WhatsApp-Image-2025-05-10-a-14.34.11_e52c5458-1320x907.jpg 1320w, https:\/\/richeskarayib.com\/wp-content\/uploads\/2025\/05\/WhatsApp-Image-2025-05-10-a-14.34.11_e52c5458.jpg 1600w\" sizes=\"(max-width: 800px) 100vw, 800px\" \/>\t\t\t\t\t\t\t\t\t\t\t<figcaption class=\"widget-image-caption wp-caption-text\">Val\u00e9rie C\u00e9sarine<\/figcaption>\n\t\t\t\t\t\t\t\t\t\t<\/figure>\n\t\t\t\t\t\t\t\t\t<\/div>\n\t\t\t\t<\/div>\n\t\t\t\t<div class=\"elementor-element elementor-element-88a237c elementor-widget elementor-widget-text-editor\" data-id=\"88a237c\" data-element_type=\"widget\" data-widget_type=\"text-editor.default\">\n\t\t\t\t<div class=\"elementor-widget-container\">\n\t\t\t\t\t\t\t\t\t<p data-pm-slice=\"1 1 []\">Cette r\u00e9ussite repose sur une mobilisation conjointe. \u00ab <strong>Tous les services de la SAMAC ont \u00e9t\u00e9 sollicit\u00e9s pour accueillir ce vol<\/strong> dans les meilleures conditions: du service D\u00e9veloppement a\u00e9ronautique, qui a pilot\u00e9 le projet avec Air Canada, aux \u00e9quipes d\u2019exploitation qui pr\u00e9parent les installations pour les nouveaux cr\u00e9neaux horaires, ou encore le service informatique pour l\u2019int\u00e9gration des syst\u00e8mes de traitement passagers, les services juridiques et comptables pour ajuster les contrats et modalit\u00e9s de redevances, sans oublier la conformit\u00e9 a\u00e9roportuaire, essentielle pour garantir s\u00e9curit\u00e9 et fluidit\u00e9 des op\u00e9rations \u00bb, insiste<strong> Val\u00e9rie C\u00e9sarine.<\/strong><\/p>\t\t\t\t\t\t\t\t<\/div>\n\t\t\t\t<\/div>\n\t\t\t\t\t<\/div>\n\t\t<\/div>\n\t\t\t\t\t<\/div>\n\t\t<\/section>\n\t\t\t\t<section class=\"elementor-section elementor-top-section elementor-element elementor-element-88b8968 elementor-section-boxed elementor-section-height-default elementor-section-height-default\" data-id=\"88b8968\" data-element_type=\"section\">\n\t\t\t\t\t\t<div class=\"elementor-container elementor-column-gap-default\">\n\t\t\t\t\t<div class=\"elementor-column elementor-col-100 elementor-top-column elementor-element elementor-element-6461af8\" data-id=\"6461af8\" data-element_type=\"column\">\n\t\t\t<div class=\"elementor-widget-wrap elementor-element-populated\">\n\t\t\t\t\t\t<div class=\"elementor-element elementor-element-a8f1f88 elementor-widget elementor-widget-heading\" data-id=\"a8f1f88\" data-element_type=\"widget\" data-widget_type=\"heading.default\">\n\t\t\t\t<div class=\"elementor-widget-container\">\n\t\t\t\t\t<h2 class=\"elementor-heading-title elementor-size-default\">Un positionnement clair sur la gastronomie et la nature\n<\/h2>\t\t\t\t<\/div>\n\t\t\t\t<\/div>\n\t\t\t\t<div class=\"elementor-element elementor-element-0efc2d8 elementor-widget elementor-widget-text-editor\" data-id=\"0efc2d8\" data-element_type=\"widget\" data-widget_type=\"text-editor.default\">\n\t\t\t\t<div class=\"elementor-widget-container\">\n\t\t\t\t\t\t\t\t\t<p data-pm-slice=\"1 1 []\">Le CMT a fait le choix de deux piliers pour construire une identit\u00e9 forte aupr\u00e8s du public canadien : la gastronomie et la biodiversit\u00e9. \u00ab Il est important d\u2019\u00eatre lisible sur un territoire \u00e9metteur.<\/p><p data-pm-slice=\"1 1 []\">La lisibilit\u00e9 cr\u00e9e des liens quasi indestructibles \u00bb, d\u00e9fend <a href=\"https:\/\/www.linkedin.com\/in\/bruno-brival-4b879117\/?originalSubdomain=mq\" target=\"_blank\" rel=\"noopener nofollow\">Bruno Brival<\/a>, directeur g\u00e9n\u00e9ral du CMT. Cette strat\u00e9gie se traduit notamment par le festival Martinique Gourmande, ainsi que par des campagnes et salons cibl\u00e9s.<\/p>\t\t\t\t\t\t\t\t<\/div>\n\t\t\t\t<\/div>\n\t\t\t\t<div class=\"elementor-element elementor-element-e5e22be elementor-widget elementor-widget-image\" data-id=\"e5e22be\" data-element_type=\"widget\" data-widget_type=\"image.default\">\n\t\t\t\t<div class=\"elementor-widget-container\">\n\t\t\t\t\t\t\t\t\t\t\t\t<figure class=\"wp-caption\">\n\t\t\t\t\t\t\t\t\t\t<img loading=\"lazy\" decoding=\"async\" width=\"800\" height=\"582\" src=\"https:\/\/richeskarayib.com\/wp-content\/uploads\/2025\/05\/WhatsApp-Image-2025-05-10-a-14.42.07_b48ab0ea-1024x745.jpg\" class=\"attachment-large size-large wp-image-51046\" alt=\"Martinique\" srcset=\"https:\/\/richeskarayib.com\/wp-content\/uploads\/2025\/05\/WhatsApp-Image-2025-05-10-a-14.42.07_b48ab0ea-1024x745.jpg 1024w, https:\/\/richeskarayib.com\/wp-content\/uploads\/2025\/05\/WhatsApp-Image-2025-05-10-a-14.42.07_b48ab0ea-300x218.jpg 300w, https:\/\/richeskarayib.com\/wp-content\/uploads\/2025\/05\/WhatsApp-Image-2025-05-10-a-14.42.07_b48ab0ea-768x558.jpg 768w, https:\/\/richeskarayib.com\/wp-content\/uploads\/2025\/05\/WhatsApp-Image-2025-05-10-a-14.42.07_b48ab0ea.jpg 1264w\" sizes=\"(max-width: 800px) 100vw, 800px\" \/>\t\t\t\t\t\t\t\t\t\t\t<figcaption class=\"widget-image-caption wp-caption-text\">Bruno Brival<\/figcaption>\n\t\t\t\t\t\t\t\t\t\t<\/figure>\n\t\t\t\t\t\t\t\t\t<\/div>\n\t\t\t\t<\/div>\n\t\t\t\t\t<\/div>\n\t\t<\/div>\n\t\t\t\t\t<\/div>\n\t\t<\/section>\n\t\t\t\t<section class=\"elementor-section elementor-top-section elementor-element elementor-element-a0a0d48 elementor-section-boxed elementor-section-height-default elementor-section-height-default\" data-id=\"a0a0d48\" data-element_type=\"section\">\n\t\t\t\t\t\t<div class=\"elementor-container elementor-column-gap-default\">\n\t\t\t\t\t<div class=\"elementor-column elementor-col-100 elementor-top-column elementor-element elementor-element-6c995f8\" data-id=\"6c995f8\" data-element_type=\"column\">\n\t\t\t<div class=\"elementor-widget-wrap elementor-element-populated\">\n\t\t\t\t\t\t<div class=\"elementor-element elementor-element-f45f0a7 elementor-widget elementor-widget-heading\" data-id=\"f45f0a7\" data-element_type=\"widget\" data-widget_type=\"heading.default\">\n\t\t\t\t<div class=\"elementor-widget-container\">\n\t\t\t\t\t<h2 class=\"elementor-heading-title elementor-size-default\">Une strat\u00e9gie marketing ambitieuse port\u00e9e par le CMT\n<\/h2>\t\t\t\t<\/div>\n\t\t\t\t<\/div>\n\t\t\t\t<div class=\"elementor-element elementor-element-c12208b elementor-widget elementor-widget-text-editor\" data-id=\"c12208b\" data-element_type=\"widget\" data-widget_type=\"text-editor.default\">\n\t\t\t\t<div class=\"elementor-widget-container\">\n\t\t\t\t\t\t\t\t\t<p data-pm-slice=\"1 1 []\"><a href=\"https:\/\/www.linkedin.com\/in\/gaetan-paderna-85933a\/?originalSubdomain=mq\" target=\"_blank\" rel=\"noopener nofollow\">Ga\u00ebtan Paderna<\/a>, directeur marketing du CMT, rench\u00e9rit : \u00ab Nous avons d\u00e9j\u00e0 mobilis\u00e9 les h\u00f4teliers, les loueurs, les acteurs d&#8217;activit\u00e9s pour construire une offre comp\u00e9titive et lisible. \u00bb<\/p>\t\t\t\t\t\t\t\t<\/div>\n\t\t\t\t<\/div>\n\t\t\t\t<div class=\"elementor-element elementor-element-b106a4f elementor-widget elementor-widget-image\" data-id=\"b106a4f\" data-element_type=\"widget\" data-widget_type=\"image.default\">\n\t\t\t\t<div class=\"elementor-widget-container\">\n\t\t\t\t\t\t\t\t\t\t\t\t<figure class=\"wp-caption\">\n\t\t\t\t\t\t\t\t\t\t<img loading=\"lazy\" decoding=\"async\" width=\"800\" height=\"712\" src=\"https:\/\/richeskarayib.com\/wp-content\/uploads\/2025\/05\/WhatsApp-Image-2025-05-10-a-15.04.58_49a5a180-1024x911.jpg\" class=\"attachment-large size-large wp-image-51054\" alt=\"Martinique\" srcset=\"https:\/\/richeskarayib.com\/wp-content\/uploads\/2025\/05\/WhatsApp-Image-2025-05-10-a-15.04.58_49a5a180-1024x911.jpg 1024w, https:\/\/richeskarayib.com\/wp-content\/uploads\/2025\/05\/WhatsApp-Image-2025-05-10-a-15.04.58_49a5a180-300x267.jpg 300w, https:\/\/richeskarayib.com\/wp-content\/uploads\/2025\/05\/WhatsApp-Image-2025-05-10-a-15.04.58_49a5a180-768x683.jpg 768w, https:\/\/richeskarayib.com\/wp-content\/uploads\/2025\/05\/WhatsApp-Image-2025-05-10-a-15.04.58_49a5a180-1536x1366.jpg 1536w, https:\/\/richeskarayib.com\/wp-content\/uploads\/2025\/05\/WhatsApp-Image-2025-05-10-a-15.04.58_49a5a180-1320x1174.jpg 1320w, https:\/\/richeskarayib.com\/wp-content\/uploads\/2025\/05\/WhatsApp-Image-2025-05-10-a-15.04.58_49a5a180.jpg 1600w\" sizes=\"(max-width: 800px) 100vw, 800px\" \/>\t\t\t\t\t\t\t\t\t\t\t<figcaption class=\"widget-image-caption wp-caption-text\">Ga\u00ebtan Paderna<\/figcaption>\n\t\t\t\t\t\t\t\t\t\t<\/figure>\n\t\t\t\t\t\t\t\t\t<\/div>\n\t\t\t\t<\/div>\n\t\t\t\t<div class=\"elementor-element elementor-element-a3dbd1e elementor-widget elementor-widget-text-editor\" data-id=\"a3dbd1e\" data-element_type=\"widget\" data-widget_type=\"text-editor.default\">\n\t\t\t\t<div class=\"elementor-widget-container\">\n\t\t\t\t\t\t\t\t\t<p data-pm-slice=\"1 1 []\">Il pr\u00e9cise : \u00ab Notre strat\u00e9gie repose sur deux leviers compl\u00e9mentaires. D&#8217;une part, des campagnes grand public cibl\u00e9es dans la province du Qu\u00e9bec, \u00e0 travers de l&#8217;affichage, du digital, des partenariats m\u00e9dias et des \u00e9v\u00e9nements comme le festival Martinique Gourmande. D&#8217;autre part, un travail de fond avec les professionnels du voyage : agents, tour-op\u00e9rateurs, et distributeurs que nous formons, accompagnons et faisons venir en Martinique pour des voyages de familiarisation. Cela permet d\u2019ancrer durablement la Martinique dans les options de voyage des Canadiens. \u00bb<\/p>\t\t\t\t\t\t\t\t<\/div>\n\t\t\t\t<\/div>\n\t\t\t\t\t<\/div>\n\t\t<\/div>\n\t\t\t\t\t<\/div>\n\t\t<\/section>\n\t\t\t\t<section class=\"elementor-section elementor-top-section elementor-element elementor-element-71c7d14 elementor-section-boxed elementor-section-height-default elementor-section-height-default\" data-id=\"71c7d14\" data-element_type=\"section\">\n\t\t\t\t\t\t<div class=\"elementor-container elementor-column-gap-default\">\n\t\t\t\t\t<div class=\"elementor-column elementor-col-100 elementor-top-column elementor-element elementor-element-8b1cccb\" data-id=\"8b1cccb\" data-element_type=\"column\">\n\t\t\t<div class=\"elementor-widget-wrap elementor-element-populated\">\n\t\t\t\t\t\t<div class=\"elementor-element elementor-element-8dcba4e elementor-widget elementor-widget-heading\" data-id=\"8dcba4e\" data-element_type=\"widget\" data-widget_type=\"heading.default\">\n\t\t\t\t<div class=\"elementor-widget-container\">\n\t\t\t\t\t<h2 class=\"elementor-heading-title elementor-size-default\">Air Canada croit au potentiel martiniquais<\/h2>\t\t\t\t<\/div>\n\t\t\t\t<\/div>\n\t\t\t\t<div class=\"elementor-element elementor-element-ab295b5 elementor-widget elementor-widget-text-editor\" data-id=\"ab295b5\" data-element_type=\"widget\" data-widget_type=\"text-editor.default\">\n\t\t\t\t<div class=\"elementor-widget-container\">\n\t\t\t\t\t\t\t\t\t<p data-pm-slice=\"1 1 []\">Air Canada s\u2019affirme comme un partenaire cl\u00e9 du d\u00e9veloppement a\u00e9rien de la Martinique. <strong>Alexandre Lef\u00e8vre<\/strong>, vice-pr\u00e9sident Planification du r\u00e9seau Am\u00e9rique du Nord, souligne l\u2019importance de cette ouverture : \u00ab L\u2019ouverture de cette ligne est un vrai pari, mais le march\u00e9 de Qu\u00e9bec pr\u00e9sente des affinit\u00e9s naturelles avec la Martinique. Nous voulons offrir une destination francophone, chaleureuse, et authentique. \u00bb<\/p><p>Il rappelle que cette nouvelle route s\u2019inscrit dans une dynamique plus large de croissance du trafic vers la Martinique : \u00ab Avec les lignes au d\u00e9part de Montr\u00e9al, Toronto et d\u00e9sormais Qu\u00e9bec, notre engagement s\u2019amplifie. Nous avons enregistr\u00e9 des taux de remplissage \u00e9lev\u00e9s et nous constatons un r\u00e9el engouement pour la destination. \u00bb<\/p>\t\t\t\t\t\t\t\t<\/div>\n\t\t\t\t<\/div>\n\t\t\t\t<div class=\"elementor-element elementor-element-ad2d55b elementor-widget elementor-widget-image\" data-id=\"ad2d55b\" data-element_type=\"widget\" data-widget_type=\"image.default\">\n\t\t\t\t<div class=\"elementor-widget-container\">\n\t\t\t\t\t\t\t\t\t\t\t\t\t\t\t<img loading=\"lazy\" decoding=\"async\" width=\"800\" height=\"380\" src=\"https:\/\/richeskarayib.com\/wp-content\/uploads\/2025\/05\/WhatsApp-Image-2025-05-10-a-15.08.25_32aa0d44-1024x486.jpg\" class=\"attachment-large size-large wp-image-51058\" alt=\"Martinique\" srcset=\"https:\/\/richeskarayib.com\/wp-content\/uploads\/2025\/05\/WhatsApp-Image-2025-05-10-a-15.08.25_32aa0d44-1024x486.jpg 1024w, https:\/\/richeskarayib.com\/wp-content\/uploads\/2025\/05\/WhatsApp-Image-2025-05-10-a-15.08.25_32aa0d44-300x142.jpg 300w, https:\/\/richeskarayib.com\/wp-content\/uploads\/2025\/05\/WhatsApp-Image-2025-05-10-a-15.08.25_32aa0d44-768x364.jpg 768w, https:\/\/richeskarayib.com\/wp-content\/uploads\/2025\/05\/WhatsApp-Image-2025-05-10-a-15.08.25_32aa0d44-1536x729.jpg 1536w, https:\/\/richeskarayib.com\/wp-content\/uploads\/2025\/05\/WhatsApp-Image-2025-05-10-a-15.08.25_32aa0d44-1320x626.jpg 1320w, https:\/\/richeskarayib.com\/wp-content\/uploads\/2025\/05\/WhatsApp-Image-2025-05-10-a-15.08.25_32aa0d44.jpg 1600w\" sizes=\"(max-width: 800px) 100vw, 800px\" \/>\t\t\t\t\t\t\t\t\t\t\t\t\t\t\t<\/div>\n\t\t\t\t<\/div>\n\t\t\t\t<div class=\"elementor-element elementor-element-1d2bfec elementor-widget elementor-widget-text-editor\" data-id=\"1d2bfec\" data-element_type=\"widget\" data-widget_type=\"text-editor.default\">\n\t\t\t\t<div class=\"elementor-widget-container\">\n\t\t\t\t\t\t\t\t\t<p data-pm-slice=\"1 1 []\">Ce vol direct depuis Qu\u00e9bec est aussi une r\u00e9ponse \u00e0 une demande logistique forte : \u00ab Beaucoup de voyageurs de la r\u00e9gion de Qu\u00e9bec devaient auparavant parcourir plusieurs heures jusqu\u2019\u00e0 Montr\u00e9al. D\u00e9sormais, ils b\u00e9n\u00e9ficieront d\u2019un vol sans escale, le dimanche, dans des conditions optimales avec notre Boeing 737 \u00e9quip\u00e9 d\u2019une classe affaires de haut niveau. \u00bb<\/p><p>Air Canada envisage \u00e9galement de soutenir cette route par des partenariats commerciaux avec les voyagistes, les h\u00f4teliers et Air Canada Vacances. \u00ab Rien ne garantit qu\u2019une route perdure, c\u2019est pourquoi il faut mobiliser toute la cha\u00eene. Mais nous croyons au potentiel de la Martinique, et nous sommes pr\u00eats \u00e0 travailler main dans la main avec ses acteurs. \u00bb<\/p>\t\t\t\t\t\t\t\t<\/div>\n\t\t\t\t<\/div>\n\t\t\t\t\t<\/div>\n\t\t<\/div>\n\t\t\t\t\t<\/div>\n\t\t<\/section>\n\t\t\t\t<section class=\"elementor-section elementor-top-section elementor-element elementor-element-1d8c281 elementor-section-boxed elementor-section-height-default elementor-section-height-default\" data-id=\"1d8c281\" data-element_type=\"section\">\n\t\t\t\t\t\t<div class=\"elementor-container elementor-column-gap-default\">\n\t\t\t\t\t<div class=\"elementor-column elementor-col-100 elementor-top-column elementor-element elementor-element-adea53e\" data-id=\"adea53e\" data-element_type=\"column\">\n\t\t\t<div class=\"elementor-widget-wrap elementor-element-populated\">\n\t\t\t\t\t\t<div class=\"elementor-element elementor-element-7972e39 elementor-widget elementor-widget-heading\" data-id=\"7972e39\" data-element_type=\"widget\" data-widget_type=\"heading.default\">\n\t\t\t\t<div class=\"elementor-widget-container\">\n\t\t\t\t\t<h2 class=\"elementor-heading-title elementor-size-default\">Une client\u00e8le \u00e0 forte contribution<\/h2>\t\t\t\t<\/div>\n\t\t\t\t<\/div>\n\t\t\t\t<div class=\"elementor-element elementor-element-086487b elementor-widget elementor-widget-text-editor\" data-id=\"086487b\" data-element_type=\"widget\" data-widget_type=\"text-editor.default\">\n\t\t\t\t<div class=\"elementor-widget-container\">\n\t\t\t\t\t\t\t\t\t<p data-pm-slice=\"1 1 []\">Les chiffres parlent d&#8217;eux-m\u00eames : 35 325 touristes canadiens en 2023.<\/p><p data-pm-slice=\"1 1 []\">Leur profil ?<\/p><p data-pm-slice=\"1 1 []\">&#8211; 64 % ont entre 25 et 54 ans,<\/p><p data-pm-slice=\"1 1 []\">&#8211; 56 % sont cadres ou employ\u00e9s,<\/p><p data-pm-slice=\"1 1 []\">&#8211; 17 % retrait\u00e9s.\u00a0<\/p><p data-pm-slice=\"1 1 []\">En moyenne, ils restent 11 jours sur le territoire, parfois davantage lorsqu&#8217;ils t\u00e9l\u00e9travaillent, et d\u00e9pensent environ 1 110 \u20ac par personne.<\/p>\t\t\t\t\t\t\t\t<\/div>\n\t\t\t\t<\/div>\n\t\t\t\t\t<\/div>\n\t\t<\/div>\n\t\t\t\t\t<\/div>\n\t\t<\/section>\n\t\t\t\t<section class=\"elementor-section elementor-top-section elementor-element elementor-element-3971b54 elementor-section-boxed elementor-section-height-default elementor-section-height-default\" data-id=\"3971b54\" data-element_type=\"section\">\n\t\t\t\t\t\t<div class=\"elementor-container elementor-column-gap-default\">\n\t\t\t\t\t<div class=\"elementor-column elementor-col-100 elementor-top-column elementor-element elementor-element-95ae147\" data-id=\"95ae147\" data-element_type=\"column\">\n\t\t\t<div class=\"elementor-widget-wrap elementor-element-populated\">\n\t\t\t\t\t\t<div class=\"elementor-element elementor-element-470941d elementor-widget elementor-widget-heading\" data-id=\"470941d\" data-element_type=\"widget\" data-widget_type=\"heading.default\">\n\t\t\t\t<div class=\"elementor-widget-container\">\n\t\t\t\t\t<h2 class=\"elementor-heading-title elementor-size-default\">Vers une r\u00e9ussite durable et partag\u00e9e<\/h2>\t\t\t\t<\/div>\n\t\t\t\t<\/div>\n\t\t\t\t<div class=\"elementor-element elementor-element-9bed409 elementor-widget elementor-widget-text-editor\" data-id=\"9bed409\" data-element_type=\"widget\" data-widget_type=\"text-editor.default\">\n\t\t\t\t<div class=\"elementor-widget-container\">\n\t\t\t\t\t\t\t\t\t<p data-pm-slice=\"1 1 []\">Cette nouvelle desserte marque une avanc\u00e9e significative pour la Martinique. Elle conforte sa position sur le march\u00e9 canadien, valorise ses atouts identitaires, et illustre la force d&#8217;une coop\u00e9ration strat\u00e9gique entre institutionnels, op\u00e9rateurs a\u00e9riens et socio-professionnels. Reste d\u00e9sormais \u00e0 faire de cette ligne une r\u00e9ussite durable.<\/p>\t\t\t\t\t\t\t\t<\/div>\n\t\t\t\t<\/div>\n\t\t\t\t<div class=\"elementor-element elementor-element-2996dd4 elementor-widget elementor-widget-image\" data-id=\"2996dd4\" data-element_type=\"widget\" data-widget_type=\"image.default\">\n\t\t\t\t<div class=\"elementor-widget-container\">\n\t\t\t\t\t\t\t\t\t\t\t\t\t\t\t<img loading=\"lazy\" decoding=\"async\" width=\"800\" height=\"478\" src=\"https:\/\/richeskarayib.com\/wp-content\/uploads\/2025\/05\/WhatsApp-Image-2025-05-10-a-15.15.51_770b7616-1024x612.jpg\" class=\"attachment-large size-large wp-image-51062\" alt=\"Martinique\" srcset=\"https:\/\/richeskarayib.com\/wp-content\/uploads\/2025\/05\/WhatsApp-Image-2025-05-10-a-15.15.51_770b7616-1024x612.jpg 1024w, https:\/\/richeskarayib.com\/wp-content\/uploads\/2025\/05\/WhatsApp-Image-2025-05-10-a-15.15.51_770b7616-300x179.jpg 300w, https:\/\/richeskarayib.com\/wp-content\/uploads\/2025\/05\/WhatsApp-Image-2025-05-10-a-15.15.51_770b7616-768x459.jpg 768w, https:\/\/richeskarayib.com\/wp-content\/uploads\/2025\/05\/WhatsApp-Image-2025-05-10-a-15.15.51_770b7616-1536x918.jpg 1536w, https:\/\/richeskarayib.com\/wp-content\/uploads\/2025\/05\/WhatsApp-Image-2025-05-10-a-15.15.51_770b7616-1320x789.jpg 1320w, https:\/\/richeskarayib.com\/wp-content\/uploads\/2025\/05\/WhatsApp-Image-2025-05-10-a-15.15.51_770b7616.jpg 1599w\" sizes=\"(max-width: 800px) 100vw, 800px\" \/>\t\t\t\t\t\t\t\t\t\t\t\t\t\t\t<\/div>\n\t\t\t\t<\/div>\n\t\t\t\t<div class=\"elementor-element elementor-element-0730a9d elementor-widget elementor-widget-image\" data-id=\"0730a9d\" data-element_type=\"widget\" data-widget_type=\"image.default\">\n\t\t\t\t<div class=\"elementor-widget-container\">\n\t\t\t\t\t\t\t\t\t\t\t\t\t\t\t<img loading=\"lazy\" decoding=\"async\" width=\"800\" height=\"450\" src=\"https:\/\/richeskarayib.com\/wp-content\/uploads\/2025\/05\/WhatsApp-Image-2025-05-10-a-15.15.51_1bc269cc-1024x576.jpg\" class=\"attachment-large size-large wp-image-51066\" alt=\"Martinique\" srcset=\"https:\/\/richeskarayib.com\/wp-content\/uploads\/2025\/05\/WhatsApp-Image-2025-05-10-a-15.15.51_1bc269cc-1024x576.jpg 1024w, https:\/\/richeskarayib.com\/wp-content\/uploads\/2025\/05\/WhatsApp-Image-2025-05-10-a-15.15.51_1bc269cc-300x169.jpg 300w, https:\/\/richeskarayib.com\/wp-content\/uploads\/2025\/05\/WhatsApp-Image-2025-05-10-a-15.15.51_1bc269cc-768x432.jpg 768w, https:\/\/richeskarayib.com\/wp-content\/uploads\/2025\/05\/WhatsApp-Image-2025-05-10-a-15.15.51_1bc269cc-1536x864.jpg 1536w, https:\/\/richeskarayib.com\/wp-content\/uploads\/2025\/05\/WhatsApp-Image-2025-05-10-a-15.15.51_1bc269cc-1320x743.jpg 1320w, https:\/\/richeskarayib.com\/wp-content\/uploads\/2025\/05\/WhatsApp-Image-2025-05-10-a-15.15.51_1bc269cc.jpg 1600w\" sizes=\"(max-width: 800px) 100vw, 800px\" \/>\t\t\t\t\t\t\t\t\t\t\t\t\t\t\t<\/div>\n\t\t\t\t<\/div>\n\t\t\t\t<div class=\"elementor-element elementor-element-b4e03f7 elementor-widget elementor-widget-image\" data-id=\"b4e03f7\" data-element_type=\"widget\" data-widget_type=\"image.default\">\n\t\t\t\t<div class=\"elementor-widget-container\">\n\t\t\t\t\t\t\t\t\t\t\t\t\t\t\t<img loading=\"lazy\" decoding=\"async\" width=\"800\" height=\"450\" src=\"https:\/\/richeskarayib.com\/wp-content\/uploads\/2025\/05\/WhatsApp-Image-2025-05-10-a-15.16.35_c2c4a706-1024x576.jpg\" class=\"attachment-large size-large wp-image-51078\" alt=\"Martinique\" srcset=\"https:\/\/richeskarayib.com\/wp-content\/uploads\/2025\/05\/WhatsApp-Image-2025-05-10-a-15.16.35_c2c4a706-1024x576.jpg 1024w, https:\/\/richeskarayib.com\/wp-content\/uploads\/2025\/05\/WhatsApp-Image-2025-05-10-a-15.16.35_c2c4a706-300x169.jpg 300w, https:\/\/richeskarayib.com\/wp-content\/uploads\/2025\/05\/WhatsApp-Image-2025-05-10-a-15.16.35_c2c4a706-768x432.jpg 768w, https:\/\/richeskarayib.com\/wp-content\/uploads\/2025\/05\/WhatsApp-Image-2025-05-10-a-15.16.35_c2c4a706-1536x864.jpg 1536w, https:\/\/richeskarayib.com\/wp-content\/uploads\/2025\/05\/WhatsApp-Image-2025-05-10-a-15.16.35_c2c4a706-1320x743.jpg 1320w, https:\/\/richeskarayib.com\/wp-content\/uploads\/2025\/05\/WhatsApp-Image-2025-05-10-a-15.16.35_c2c4a706.jpg 1600w\" sizes=\"(max-width: 800px) 100vw, 800px\" \/>\t\t\t\t\t\t\t\t\t\t\t\t\t\t\t<\/div>\n\t\t\t\t<\/div>\n\t\t\t\t<div class=\"elementor-element elementor-element-1176124 elementor-widget elementor-widget-image\" data-id=\"1176124\" data-element_type=\"widget\" data-widget_type=\"image.default\">\n\t\t\t\t<div class=\"elementor-widget-container\">\n\t\t\t\t\t\t\t\t\t\t\t\t\t\t\t<img loading=\"lazy\" decoding=\"async\" width=\"800\" height=\"450\" src=\"https:\/\/richeskarayib.com\/wp-content\/uploads\/2025\/05\/WhatsApp-Image-2025-05-10-a-15.15.50_ec5de499-1024x576.jpg\" class=\"attachment-large size-large wp-image-51070\" alt=\"Martinique\" srcset=\"https:\/\/richeskarayib.com\/wp-content\/uploads\/2025\/05\/WhatsApp-Image-2025-05-10-a-15.15.50_ec5de499-1024x576.jpg 1024w, https:\/\/richeskarayib.com\/wp-content\/uploads\/2025\/05\/WhatsApp-Image-2025-05-10-a-15.15.50_ec5de499-300x169.jpg 300w, https:\/\/richeskarayib.com\/wp-content\/uploads\/2025\/05\/WhatsApp-Image-2025-05-10-a-15.15.50_ec5de499-768x432.jpg 768w, https:\/\/richeskarayib.com\/wp-content\/uploads\/2025\/05\/WhatsApp-Image-2025-05-10-a-15.15.50_ec5de499-1536x864.jpg 1536w, https:\/\/richeskarayib.com\/wp-content\/uploads\/2025\/05\/WhatsApp-Image-2025-05-10-a-15.15.50_ec5de499-1320x743.jpg 1320w, https:\/\/richeskarayib.com\/wp-content\/uploads\/2025\/05\/WhatsApp-Image-2025-05-10-a-15.15.50_ec5de499.jpg 1600w\" sizes=\"(max-width: 800px) 100vw, 800px\" \/>\t\t\t\t\t\t\t\t\t\t\t\t\t\t\t<\/div>\n\t\t\t\t<\/div>\n\t\t\t\t<div class=\"elementor-element elementor-element-4d697ab elementor-widget elementor-widget-image\" data-id=\"4d697ab\" data-element_type=\"widget\" data-widget_type=\"image.default\">\n\t\t\t\t<div class=\"elementor-widget-container\">\n\t\t\t\t\t\t\t\t\t\t\t\t\t\t\t<img loading=\"lazy\" decoding=\"async\" width=\"576\" height=\"1024\" src=\"https:\/\/richeskarayib.com\/wp-content\/uploads\/2025\/05\/WhatsApp-Image-2025-05-10-a-15.15.50_9b9db376-576x1024.jpg\" class=\"attachment-large size-large wp-image-51074\" alt=\"Martinique\" srcset=\"https:\/\/richeskarayib.com\/wp-content\/uploads\/2025\/05\/WhatsApp-Image-2025-05-10-a-15.15.50_9b9db376-576x1024.jpg 576w, https:\/\/richeskarayib.com\/wp-content\/uploads\/2025\/05\/WhatsApp-Image-2025-05-10-a-15.15.50_9b9db376-169x300.jpg 169w, https:\/\/richeskarayib.com\/wp-content\/uploads\/2025\/05\/WhatsApp-Image-2025-05-10-a-15.15.50_9b9db376-768x1365.jpg 768w, https:\/\/richeskarayib.com\/wp-content\/uploads\/2025\/05\/WhatsApp-Image-2025-05-10-a-15.15.50_9b9db376-864x1536.jpg 864w, https:\/\/richeskarayib.com\/wp-content\/uploads\/2025\/05\/WhatsApp-Image-2025-05-10-a-15.15.50_9b9db376.jpg 900w\" sizes=\"(max-width: 576px) 100vw, 576px\" \/>\t\t\t\t\t\t\t\t\t\t\t\t\t\t\t<\/div>\n\t\t\t\t<\/div>\n\t\t\t\t\t<\/div>\n\t\t<\/div>\n\t\t\t\t\t<\/div>\n\t\t<\/section>\n\t\t\t\t<\/div>\n\t\t","protected":false},"excerpt":{"rendered":"<p>La Martinique franchit une \u00e9tape majeure dans sa strat\u00e9gie de diversification touristique avec l&#8217;annonce d&#8217;une liaison directe entre Qu\u00e9bec City et Fort-de-France, op\u00e9r\u00e9e par Air Canada \u00e0 partir du 7 d\u00e9cembre 2025. Cette nouvelle desserte s&#8217;ajoute aux lignes existantes au d\u00e9part de Montr\u00e9al et Toronto, consolidant les liens entre la Cara\u00efbe fran\u00e7aise et la province [&hellip;]<\/p>\n","protected":false},"author":47,"featured_media":51034,"comment_status":"open","ping_status":"open","sticky":false,"template":"","format":"standard","meta":{"_acf_changed":false,"footnotes":""},"categories":[1765,840],"tags":[1771,808],"class_list":["post-51033","post","type-post","status-publish","format-standard","has-post-thumbnail","hentry","category-aerien","category-actus","tag-canada","tag-martinique-fr"],"acf":[],"_links":{"self":[{"href":"https:\/\/richeskarayib.com\/fr\/wp-json\/wp\/v2\/posts\/51033","targetHints":{"allow":["GET"]}}],"collection":[{"href":"https:\/\/richeskarayib.com\/fr\/wp-json\/wp\/v2\/posts"}],"about":[{"href":"https:\/\/richeskarayib.com\/fr\/wp-json\/wp\/v2\/types\/post"}],"author":[{"embeddable":true,"href":"https:\/\/richeskarayib.com\/fr\/wp-json\/wp\/v2\/users\/47"}],"replies":[{"embeddable":true,"href":"https:\/\/richeskarayib.com\/fr\/wp-json\/wp\/v2\/comments?post=51033"}],"version-history":[{"count":0,"href":"https:\/\/richeskarayib.com\/fr\/wp-json\/wp\/v2\/posts\/51033\/revisions"}],"wp:featuredmedia":[{"embeddable":true,"href":"https:\/\/richeskarayib.com\/fr\/wp-json\/wp\/v2\/media\/51034"}],"wp:attachment":[{"href":"https:\/\/richeskarayib.com\/fr\/wp-json\/wp\/v2\/media?parent=51033"}],"wp:term":[{"taxonomy":"category","embeddable":true,"href":"https:\/\/richeskarayib.com\/fr\/wp-json\/wp\/v2\/categories?post=51033"},{"taxonomy":"post_tag","embeddable":true,"href":"https:\/\/richeskarayib.com\/fr\/wp-json\/wp\/v2\/tags?post=51033"}],"curies":[{"name":"wp","href":"https:\/\/api.w.org\/{rel}","templated":true}]}}