{"id":51274,"date":"2025-05-12T08:05:53","date_gmt":"2025-05-12T12:05:53","guid":{"rendered":"https:\/\/richeskarayib.com\/?p=51274"},"modified":"2025-05-12T08:05:53","modified_gmt":"2025-05-12T12:05:53","slug":"trinidad-and-tobago-film-festival-2025","status":"publish","type":"post","link":"https:\/\/richeskarayib.com\/fr\/trinidad-and-tobago-film-festival-2025\/","title":{"rendered":"Trinidad &amp; Tobago Film Festival : Un retour attendu pour le cin\u00e9ma Carib\u00e9en"},"content":{"rendered":"\t\t<div data-elementor-type=\"wp-post\" data-elementor-id=\"51274\" class=\"elementor elementor-51274\" data-elementor-post-type=\"post\">\n\t\t\t\t\t\t<section class=\"elementor-section elementor-top-section elementor-element elementor-element-79e034d elementor-section-boxed elementor-section-height-default elementor-section-height-default\" data-id=\"79e034d\" data-element_type=\"section\">\n\t\t\t\t\t\t<div class=\"elementor-container elementor-column-gap-default\">\n\t\t\t\t\t<div class=\"elementor-column elementor-col-100 elementor-top-column elementor-element elementor-element-7fb8d92\" data-id=\"7fb8d92\" data-element_type=\"column\">\n\t\t\t<div class=\"elementor-widget-wrap elementor-element-populated\">\n\t\t\t\t\t\t<div class=\"elementor-element elementor-element-42609a0 elementor-widget elementor-widget-text-editor\" data-id=\"42609a0\" data-element_type=\"widget\" data-widget_type=\"text-editor.default\">\n\t\t\t\t<div class=\"elementor-widget-container\">\n\t\t\t\t\t\t\t\t\t<p><span style=\"font-weight: 400;\">Le <a href=\"https:\/\/ttfilmfestival.com\/\" target=\"_blank\" rel=\"noopener nofollow\">Trinidad and Tobago Film Festival<\/a> fait son grand retour en 2025, suscitant un engouement sans pr\u00e9c\u00e9dent parmi les cin\u00e9astes et amateurs de cin\u00e9ma de la <a href=\"https:\/\/richeskarayib.com\/fr\/fondation-de-la-mer-engagement-protection\/\" target=\"_blank\" rel=\"noopener\">Cara\u00efbe<\/a>. Ce festival, reconnu comme l\u2019une des plateformes les plus influentes pour le cin\u00e9ma r\u00e9gional, attire chaque ann\u00e9e des talents issus de toute la Cara\u00efbe, offrant une sc\u00e8ne unique \u00e0 la diversit\u00e9 culturelle et linguistique de la r\u00e9gion.<\/span><\/p>\t\t\t\t\t\t\t\t<\/div>\n\t\t\t\t<\/div>\n\t\t\t\t\t<\/div>\n\t\t<\/div>\n\t\t\t\t\t<\/div>\n\t\t<\/section>\n\t\t\t\t<section class=\"elementor-section elementor-top-section elementor-element elementor-element-fe364cd elementor-section-boxed elementor-section-height-default elementor-section-height-default\" data-id=\"fe364cd\" data-element_type=\"section\">\n\t\t\t\t\t\t<div class=\"elementor-container elementor-column-gap-default\">\n\t\t\t\t\t<div class=\"elementor-column elementor-col-100 elementor-top-column elementor-element elementor-element-ccde7ee\" data-id=\"ccde7ee\" data-element_type=\"column\">\n\t\t\t<div class=\"elementor-widget-wrap elementor-element-populated\">\n\t\t\t\t\t\t<div class=\"elementor-element elementor-element-ec16222 elementor-widget elementor-widget-heading\" data-id=\"ec16222\" data-element_type=\"widget\" data-widget_type=\"heading.default\">\n\t\t\t\t<div class=\"elementor-widget-container\">\n\t\t\t\t\t<h2 class=\"elementor-heading-title elementor-size-default\">Gen\u00e8se et Mission du Trinidad and Tobago Film Festival<\/h2>\t\t\t\t<\/div>\n\t\t\t\t<\/div>\n\t\t\t\t<div class=\"elementor-element elementor-element-eb7292b elementor-widget elementor-widget-text-editor\" data-id=\"eb7292b\" data-element_type=\"widget\" data-widget_type=\"text-editor.default\">\n\t\t\t\t<div class=\"elementor-widget-container\">\n\t\t\t\t\t\t\t\t\t<h3><strong>Les origines et l\u2019\u00e9volution depuis 2005<\/strong><\/h3><p><span style=\"font-weight: 400;\">Fond\u00e9 en 2005 par l\u2019historien du cin\u00e9ma et producteur Dr. Bruce Paddington, le Trinidad and Tobago Film Festival s\u2019est donn\u00e9 pour mission de promouvoir le cin\u00e9ma carib\u00e9en et de mettre en lumi\u00e8re les voix et les r\u00e9cits locaux. Depuis pr\u00e8s de deux d\u00e9cennies, il a permis \u00e0 de nombreux r\u00e9alisateurs de Trinidad et Tobago, de Jama\u00efque, de Ha\u00efti, des Bahamas et d\u2019autres pays de la r\u00e9gion d\u2019acc\u00e9der \u00e0 une reconnaissance internationale. <\/span><\/p>\t\t\t\t\t\t\t\t<\/div>\n\t\t\t\t<\/div>\n\t\t\t\t<div class=\"elementor-element elementor-element-52626e3 elementor-widget elementor-widget-text-editor\" data-id=\"52626e3\" data-element_type=\"widget\" data-widget_type=\"text-editor.default\">\n\t\t\t\t<div class=\"elementor-widget-container\">\n\t\t\t\t\t\t\t\t\t<p><span style=\"font-weight: 400;\">Parmi les figures marquantes pass\u00e9es par le festival, on retrouve Storm Saulter et Gabrielle Blackwood (Jama\u00efque), Kareem Mortimer et Maria Govan (Bahamas), Bruno Mourral (Ha\u00efti), Vashti Anderson, Ian Harnarine et Damian Marcano (Trinidad et Tobago).<\/span><\/p>\t\t\t\t\t\t\t\t<\/div>\n\t\t\t\t<\/div>\n\t\t\t\t<div class=\"elementor-element elementor-element-9728c65 elementor-widget elementor-widget-text-editor\" data-id=\"9728c65\" data-element_type=\"widget\" data-widget_type=\"text-editor.default\">\n\t\t\t\t<div class=\"elementor-widget-container\">\n\t\t\t\t\t\t\t\t\t<h3><strong>Un tremplin pour les cin\u00e9astes carib\u00e9ens<\/strong><\/h3><p><span style=\"font-weight: 400;\">Le Trinidad and Tobago Film Festival a jou\u00e9 un r\u00f4le cl\u00e9 dans l\u2019essor du cin\u00e9ma carib\u00e9en. Il a permis \u00e0 des talents \u00e9mergents de se faire conna\u00eetre et \u00e0 des \u0153uvres originales d\u2019\u00eatre projet\u00e9es devant un public \u00e9largi. Gr\u00e2ce \u00e0 cette plateforme, la Cara\u00efbe s\u2019affirme aujourd\u2019hui comme un espace de cr\u00e9ation cin\u00e9matographique riche et vari\u00e9, o\u00f9 chaque pays apporte sa propre sensibilit\u00e9 et ses histoires uniques.<\/span><\/p>\t\t\t\t\t\t\t\t<\/div>\n\t\t\t\t<\/div>\n\t\t\t\t<section class=\"elementor-section elementor-inner-section elementor-element elementor-element-f102594 elementor-section-boxed elementor-section-height-default elementor-section-height-default\" data-id=\"f102594\" data-element_type=\"section\">\n\t\t\t\t\t\t<div class=\"elementor-container elementor-column-gap-default\">\n\t\t\t\t\t<div class=\"elementor-column elementor-col-100 elementor-inner-column elementor-element elementor-element-3be83b7\" data-id=\"3be83b7\" data-element_type=\"column\">\n\t\t\t<div class=\"elementor-widget-wrap elementor-element-populated\">\n\t\t\t\t\t\t<div class=\"elementor-element elementor-element-5182a1b elementor-widget elementor-widget-image\" data-id=\"5182a1b\" data-element_type=\"widget\" data-widget_type=\"image.default\">\n\t\t\t\t<div class=\"elementor-widget-container\">\n\t\t\t\t\t\t\t\t\t\t\t\t<figure class=\"wp-caption\">\n\t\t\t\t\t\t\t\t\t\t<img fetchpriority=\"high\" decoding=\"async\" width=\"800\" height=\"800\" src=\"https:\/\/richeskarayib.com\/wp-content\/uploads\/2025\/05\/464789602_122208246938031391_837792737417549917_n-1024x1024.jpg\" class=\"attachment-large size-large wp-image-51279\" alt=\"Trinidad and Tobago Film Festival\" srcset=\"https:\/\/richeskarayib.com\/wp-content\/uploads\/2025\/05\/464789602_122208246938031391_837792737417549917_n-1024x1024.jpg 1024w, https:\/\/richeskarayib.com\/wp-content\/uploads\/2025\/05\/464789602_122208246938031391_837792737417549917_n-300x300.jpg 300w, https:\/\/richeskarayib.com\/wp-content\/uploads\/2025\/05\/464789602_122208246938031391_837792737417549917_n-150x150.jpg 150w, https:\/\/richeskarayib.com\/wp-content\/uploads\/2025\/05\/464789602_122208246938031391_837792737417549917_n-768x768.jpg 768w, https:\/\/richeskarayib.com\/wp-content\/uploads\/2025\/05\/464789602_122208246938031391_837792737417549917_n.jpg 1080w\" sizes=\"(max-width: 800px) 100vw, 800px\" \/>\t\t\t\t\t\t\t\t\t\t\t<figcaption class=\"widget-image-caption wp-caption-text\">\u00a9Trinidad+Tobago Film Festival - TTFF<\/figcaption>\n\t\t\t\t\t\t\t\t\t\t<\/figure>\n\t\t\t\t\t\t\t\t\t<\/div>\n\t\t\t\t<\/div>\n\t\t\t\t\t<\/div>\n\t\t<\/div>\n\t\t\t\t\t<\/div>\n\t\t<\/section>\n\t\t\t\t\t<\/div>\n\t\t<\/div>\n\t\t\t\t\t<\/div>\n\t\t<\/section>\n\t\t\t\t<section class=\"elementor-section elementor-top-section elementor-element elementor-element-584b05a elementor-section-boxed elementor-section-height-default elementor-section-height-default\" data-id=\"584b05a\" data-element_type=\"section\">\n\t\t\t\t\t\t<div class=\"elementor-container elementor-column-gap-default\">\n\t\t\t\t\t<div class=\"elementor-column elementor-col-100 elementor-top-column elementor-element elementor-element-74ec060\" data-id=\"74ec060\" data-element_type=\"column\">\n\t\t\t<div class=\"elementor-widget-wrap elementor-element-populated\">\n\t\t\t\t\t\t<div class=\"elementor-element elementor-element-2ad8900 elementor-widget elementor-widget-heading\" data-id=\"2ad8900\" data-element_type=\"widget\" data-widget_type=\"heading.default\">\n\t\t\t\t<div class=\"elementor-widget-container\">\n\t\t\t\t\t<h2 class=\"elementor-heading-title elementor-size-default\">Une nouvelle direction et une identit\u00e9 affirm\u00e9e<\/h2>\t\t\t\t<\/div>\n\t\t\t\t<\/div>\n\t\t\t\t<div class=\"elementor-element elementor-element-68cf3a6 elementor-widget elementor-widget-text-editor\" data-id=\"68cf3a6\" data-element_type=\"widget\" data-widget_type=\"text-editor.default\">\n\t\t\t\t<div class=\"elementor-widget-container\">\n\t\t\t\t\t\t\t\t\t<h3><strong>Mariel Brown : une r\u00e9alisatrice \u00e0 la t\u00eate du renouveau<\/strong><\/h3><p><span style=\"font-weight: 400;\">La nouvelle directrice du Trinidad and Tobago Film Festival, Mariel Brown, elle-m\u00eame r\u00e9alisatrice prim\u00e9e, insuffle une \u00e9nergie nouvelle \u00e0 l\u2019\u00e9v\u00e9nement. Son objectif est clair : renforcer l\u2019identit\u00e9 carib\u00e9enne du festival et offrir une visibilit\u00e9 accrue aux \u0153uvres issues de l\u2019ensemble de la r\u00e9gion. Elle souligne l\u2019enthousiasme palpable autour du retour du festival, tant du c\u00f4t\u00e9 des r\u00e9alisateurs que du public et des partenaires.<\/span><\/p>\t\t\t\t\t\t\t\t<\/div>\n\t\t\t\t<\/div>\n\t\t\t\t<div class=\"elementor-element elementor-element-02edef3 elementor-widget elementor-widget-text-editor\" data-id=\"02edef3\" data-element_type=\"widget\" data-widget_type=\"text-editor.default\">\n\t\t\t\t<div class=\"elementor-widget-container\">\n\t\t\t\t\t\t\t\t\t<p><i><span style=\"font-weight: 400;\">\u00ab Il y a une v\u00e9ritable excitation autour du festival cette ann\u00e9e \u00bb, confie Mariel Brown. \u00ab Les soutiens affluent, et les soumissions ont augment\u00e9 de 40 % par rapport \u00e0 la derni\u00e8re \u00e9dition en 2023. Nous sommes sur la bonne voie pour atteindre plus de 340 soumissions, preuve que la narration carib\u00e9enne conna\u00eet un essor remarquable. \u00bb<\/span><\/i><\/p>\t\t\t\t\t\t\t\t<\/div>\n\t\t\t\t<\/div>\n\t\t\t\t<section class=\"elementor-section elementor-inner-section elementor-element elementor-element-7636e72 elementor-section-boxed elementor-section-height-default elementor-section-height-default\" data-id=\"7636e72\" data-element_type=\"section\">\n\t\t\t\t\t\t<div class=\"elementor-container elementor-column-gap-default\">\n\t\t\t\t\t<div class=\"elementor-column elementor-col-100 elementor-inner-column elementor-element elementor-element-a1b8ff2\" data-id=\"a1b8ff2\" data-element_type=\"column\">\n\t\t\t<div class=\"elementor-widget-wrap elementor-element-populated\">\n\t\t\t\t\t\t<div class=\"elementor-element elementor-element-d6ca18e elementor-widget elementor-widget-image\" data-id=\"d6ca18e\" data-element_type=\"widget\" data-widget_type=\"image.default\">\n\t\t\t\t<div class=\"elementor-widget-container\">\n\t\t\t\t\t\t\t\t\t\t\t\t<figure class=\"wp-caption\">\n\t\t\t\t\t\t\t\t\t\t<img decoding=\"async\" width=\"568\" height=\"379\" src=\"https:\/\/richeskarayib.com\/wp-content\/uploads\/2025\/05\/Design-sans-titre-2-1.png\" class=\"attachment-large size-large wp-image-51283\" alt=\"Trinidad and Tobago Film Festival\" srcset=\"https:\/\/richeskarayib.com\/wp-content\/uploads\/2025\/05\/Design-sans-titre-2-1.png 568w, https:\/\/richeskarayib.com\/wp-content\/uploads\/2025\/05\/Design-sans-titre-2-1-300x200.png 300w\" sizes=\"(max-width: 568px) 100vw, 568px\" \/>\t\t\t\t\t\t\t\t\t\t\t<figcaption class=\"widget-image-caption wp-caption-text\">Mariel Brown<\/figcaption>\n\t\t\t\t\t\t\t\t\t\t<\/figure>\n\t\t\t\t\t\t\t\t\t<\/div>\n\t\t\t\t<\/div>\n\t\t\t\t\t<\/div>\n\t\t<\/div>\n\t\t\t\t\t<\/div>\n\t\t<\/section>\n\t\t\t\t<div class=\"elementor-element elementor-element-67dda9f elementor-widget elementor-widget-text-editor\" data-id=\"67dda9f\" data-element_type=\"widget\" data-widget_type=\"text-editor.default\">\n\t\t\t\t<div class=\"elementor-widget-container\">\n\t\t\t\t\t\t\t\t\t<h3><strong>Une \u00e9quipe de programmation tourn\u00e9e vers la diversit\u00e9 r\u00e9gionale<\/strong><\/h3><p><span style=\"font-weight: 400;\">Sous la gestion de SAVANT Ltd, le Trinidad and Tobago Film Festival affirme sa volont\u00e9 de repr\u00e9senter toute la Cara\u00efbe, en mettant en avant des films issus des territoires anglophones, hispanophones, n\u00e9erlandophones et francophones. Cette ouverture refl\u00e8te la richesse culturelle de la r\u00e9gion et permet \u00e0 des \u0153uvres souvent m\u00e9connues d\u2019acc\u00e9der \u00e0 une audience internationale.<\/span><\/p>\t\t\t\t\t\t\t\t<\/div>\n\t\t\t\t<\/div>\n\t\t\t\t\t<\/div>\n\t\t<\/div>\n\t\t\t\t\t<\/div>\n\t\t<\/section>\n\t\t\t\t<section class=\"elementor-section elementor-top-section elementor-element elementor-element-96c9e49 elementor-section-boxed elementor-section-height-default elementor-section-height-default\" data-id=\"96c9e49\" data-element_type=\"section\">\n\t\t\t\t\t\t<div class=\"elementor-container elementor-column-gap-default\">\n\t\t\t\t\t<div class=\"elementor-column elementor-col-100 elementor-top-column elementor-element elementor-element-ad353d0\" data-id=\"ad353d0\" data-element_type=\"column\">\n\t\t\t<div class=\"elementor-widget-wrap elementor-element-populated\">\n\t\t\t\t\t\t<div class=\"elementor-element elementor-element-ebacdfa elementor-widget elementor-widget-heading\" data-id=\"ebacdfa\" data-element_type=\"widget\" data-widget_type=\"heading.default\">\n\t\t\t\t<div class=\"elementor-widget-container\">\n\t\t\t\t\t<h2 class=\"elementor-heading-title elementor-size-default\">L\u2019importance de la repr\u00e9sentation Carib\u00e9enne \u00e0 l\u2019\u00e9cran<\/h2>\t\t\t\t<\/div>\n\t\t\t\t<\/div>\n\t\t\t\t<div class=\"elementor-element elementor-element-a0dd21c elementor-widget elementor-widget-text-editor\" data-id=\"a0dd21c\" data-element_type=\"widget\" data-widget_type=\"text-editor.default\">\n\t\t\t\t<div class=\"elementor-widget-container\">\n\t\t\t\t\t\t\t\t\t<h3><strong>Mettre en avant les voix locales<\/strong><\/h3><p><span style=\"font-weight: 400;\">Pour Mariel Brown et son \u00e9quipe, il est essentiel que les publics carib\u00e9ens puissent se reconna\u00eetre \u00e0 l\u2019\u00e9cran. Trop souvent, les spectateurs de la r\u00e9gion consomment des productions \u00e9trang\u00e8res sans y retrouver leurs r\u00e9alit\u00e9s, leurs langues, leurs musiques ou leurs modes de vie. Le Trinidad and Tobago Film Festival s\u2019engage \u00e0 changer cette donne en valorisant les histoires authentiques, racont\u00e9es par et pour les habitants de la Cara\u00efbe.<\/span><\/p>\t\t\t\t\t\t\t\t<\/div>\n\t\t\t\t<\/div>\n\t\t\t\t<div class=\"elementor-element elementor-element-cbe27b0 elementor-widget elementor-widget-text-editor\" data-id=\"cbe27b0\" data-element_type=\"widget\" data-widget_type=\"text-editor.default\">\n\t\t\t\t<div class=\"elementor-widget-container\">\n\t\t\t\t\t\t\t\t\t<p><i><span style=\"font-weight: 400;\">\u00ab Il y a quelque chose de profond\u00e9ment fort dans le fait de se voir et de s\u2019entendre \u00e0 l\u2019\u00e9cran, dans sa propre langue, avec sa propre musique, sa propre culture \u00bb, explique Brown. \u00ab C\u2019est ce que le Trinidad and Tobago Film Festival a toujours d\u00e9fendu : raconter nos histoires \u00e0 notre communaut\u00e9, pour notre communaut\u00e9. \u00bb<\/span><\/i><\/p>\t\t\t\t\t\t\t\t<\/div>\n\t\t\t\t<\/div>\n\t\t\t\t<div class=\"elementor-element elementor-element-05e7f8d elementor-widget elementor-widget-text-editor\" data-id=\"05e7f8d\" data-element_type=\"widget\" data-widget_type=\"text-editor.default\">\n\t\t\t\t<div class=\"elementor-widget-container\">\n\t\t\t\t\t\t\t\t\t<h3><strong>L\u2019impact sur les publics et les cr\u00e9ateurs<\/strong><\/h3><p><span style=\"font-weight: 400;\">La visibilit\u00e9 offerte par le Trinidad and Tobago Film Festival permet non seulement de renforcer l\u2019estime de soi des publics carib\u00e9ens, mais aussi d\u2019encourager la cr\u00e9ation locale. Les jeunes r\u00e9alisateurs trouvent dans le festival une source d\u2019inspiration et une opportunit\u00e9 de se lancer dans le cin\u00e9ma, sachant que leurs histoires peuvent toucher un large public.<\/span><\/p>\t\t\t\t\t\t\t\t<\/div>\n\t\t\t\t<\/div>\n\t\t\t\t<section class=\"elementor-section elementor-inner-section elementor-element elementor-element-13fa90c elementor-section-boxed elementor-section-height-default elementor-section-height-default\" data-id=\"13fa90c\" data-element_type=\"section\">\n\t\t\t\t\t\t<div class=\"elementor-container elementor-column-gap-default\">\n\t\t\t\t\t<div class=\"elementor-column elementor-col-33 elementor-inner-column elementor-element elementor-element-93f077d\" data-id=\"93f077d\" data-element_type=\"column\">\n\t\t\t<div class=\"elementor-widget-wrap elementor-element-populated\">\n\t\t\t\t\t\t<div class=\"elementor-element elementor-element-72c67fb elementor-widget elementor-widget-image\" data-id=\"72c67fb\" data-element_type=\"widget\" data-widget_type=\"image.default\">\n\t\t\t\t<div class=\"elementor-widget-container\">\n\t\t\t\t\t\t\t\t\t\t\t\t<figure class=\"wp-caption\">\n\t\t\t\t\t\t\t\t\t\t<img decoding=\"async\" width=\"800\" height=\"600\" src=\"https:\/\/richeskarayib.com\/wp-content\/uploads\/2025\/05\/IMG_7924-1024x768.jpg\" class=\"attachment-large size-large wp-image-51287\" alt=\"\" srcset=\"https:\/\/richeskarayib.com\/wp-content\/uploads\/2025\/05\/IMG_7924-1024x768.jpg 1024w, https:\/\/richeskarayib.com\/wp-content\/uploads\/2025\/05\/IMG_7924-300x225.jpg 300w, https:\/\/richeskarayib.com\/wp-content\/uploads\/2025\/05\/IMG_7924-768x576.jpg 768w, https:\/\/richeskarayib.com\/wp-content\/uploads\/2025\/05\/IMG_7924-1320x990.jpg 1320w, https:\/\/richeskarayib.com\/wp-content\/uploads\/2025\/05\/IMG_7924.jpg 1440w\" sizes=\"(max-width: 800px) 100vw, 800px\" \/>\t\t\t\t\t\t\t\t\t\t\t<figcaption class=\"widget-image-caption wp-caption-text\">\u00a9Trinidad+Tobago Film Festival - TTFF<\/figcaption>\n\t\t\t\t\t\t\t\t\t\t<\/figure>\n\t\t\t\t\t\t\t\t\t<\/div>\n\t\t\t\t<\/div>\n\t\t\t\t\t<\/div>\n\t\t<\/div>\n\t\t\t\t<div class=\"elementor-column elementor-col-33 elementor-inner-column elementor-element elementor-element-4ece07c\" data-id=\"4ece07c\" data-element_type=\"column\">\n\t\t\t<div class=\"elementor-widget-wrap elementor-element-populated\">\n\t\t\t\t\t\t<div class=\"elementor-element elementor-element-309b1e2 elementor-widget elementor-widget-image\" data-id=\"309b1e2\" data-element_type=\"widget\" data-widget_type=\"image.default\">\n\t\t\t\t<div class=\"elementor-widget-container\">\n\t\t\t\t\t\t\t\t\t\t\t\t<figure class=\"wp-caption\">\n\t\t\t\t\t\t\t\t\t\t<img loading=\"lazy\" decoding=\"async\" width=\"800\" height=\"600\" src=\"https:\/\/richeskarayib.com\/wp-content\/uploads\/2025\/05\/IMG_8024-1024x768.jpg\" class=\"attachment-large size-large wp-image-51291\" alt=\"Trinidad and Tobago Film Festival\" srcset=\"https:\/\/richeskarayib.com\/wp-content\/uploads\/2025\/05\/IMG_8024-1024x768.jpg 1024w, https:\/\/richeskarayib.com\/wp-content\/uploads\/2025\/05\/IMG_8024-300x225.jpg 300w, https:\/\/richeskarayib.com\/wp-content\/uploads\/2025\/05\/IMG_8024-768x576.jpg 768w, https:\/\/richeskarayib.com\/wp-content\/uploads\/2025\/05\/IMG_8024-1320x990.jpg 1320w, https:\/\/richeskarayib.com\/wp-content\/uploads\/2025\/05\/IMG_8024.jpg 1440w\" sizes=\"(max-width: 800px) 100vw, 800px\" \/>\t\t\t\t\t\t\t\t\t\t\t<figcaption class=\"widget-image-caption wp-caption-text\">\u00a9Trinidad+Tobago Film Festival - TTFF<\/figcaption>\n\t\t\t\t\t\t\t\t\t\t<\/figure>\n\t\t\t\t\t\t\t\t\t<\/div>\n\t\t\t\t<\/div>\n\t\t\t\t\t<\/div>\n\t\t<\/div>\n\t\t\t\t<div class=\"elementor-column elementor-col-33 elementor-inner-column elementor-element elementor-element-e571a09\" data-id=\"e571a09\" data-element_type=\"column\">\n\t\t\t<div class=\"elementor-widget-wrap elementor-element-populated\">\n\t\t\t\t\t\t<div class=\"elementor-element elementor-element-5f8a13d elementor-widget elementor-widget-image\" data-id=\"5f8a13d\" data-element_type=\"widget\" data-widget_type=\"image.default\">\n\t\t\t\t<div class=\"elementor-widget-container\">\n\t\t\t\t\t\t\t\t\t\t\t\t<figure class=\"wp-caption\">\n\t\t\t\t\t\t\t\t\t\t<img loading=\"lazy\" decoding=\"async\" width=\"800\" height=\"600\" src=\"https:\/\/richeskarayib.com\/wp-content\/uploads\/2025\/05\/IMG_7926-1024x768.jpg\" class=\"attachment-large size-large wp-image-51295\" alt=\"Trinidad and Tobago Film Festival\" srcset=\"https:\/\/richeskarayib.com\/wp-content\/uploads\/2025\/05\/IMG_7926-1024x768.jpg 1024w, https:\/\/richeskarayib.com\/wp-content\/uploads\/2025\/05\/IMG_7926-300x225.jpg 300w, https:\/\/richeskarayib.com\/wp-content\/uploads\/2025\/05\/IMG_7926-768x576.jpg 768w, https:\/\/richeskarayib.com\/wp-content\/uploads\/2025\/05\/IMG_7926-1320x990.jpg 1320w, https:\/\/richeskarayib.com\/wp-content\/uploads\/2025\/05\/IMG_7926.jpg 1440w\" sizes=\"(max-width: 800px) 100vw, 800px\" \/>\t\t\t\t\t\t\t\t\t\t\t<figcaption class=\"widget-image-caption wp-caption-text\">\u00a9Trinidad+Tobago Film Festival - TTFF<\/figcaption>\n\t\t\t\t\t\t\t\t\t\t<\/figure>\n\t\t\t\t\t\t\t\t\t<\/div>\n\t\t\t\t<\/div>\n\t\t\t\t\t<\/div>\n\t\t<\/div>\n\t\t\t\t\t<\/div>\n\t\t<\/section>\n\t\t\t\t\t<\/div>\n\t\t<\/div>\n\t\t\t\t\t<\/div>\n\t\t<\/section>\n\t\t\t\t<section class=\"elementor-section elementor-top-section elementor-element elementor-element-9d0a72f elementor-section-boxed elementor-section-height-default elementor-section-height-default\" data-id=\"9d0a72f\" data-element_type=\"section\">\n\t\t\t\t\t\t<div class=\"elementor-container elementor-column-gap-default\">\n\t\t\t\t\t<div class=\"elementor-column elementor-col-100 elementor-top-column elementor-element elementor-element-5622a45\" data-id=\"5622a45\" data-element_type=\"column\">\n\t\t\t<div class=\"elementor-widget-wrap elementor-element-populated\">\n\t\t\t\t\t\t<div class=\"elementor-element elementor-element-e4e3205 elementor-widget elementor-widget-heading\" data-id=\"e4e3205\" data-element_type=\"widget\" data-widget_type=\"heading.default\">\n\t\t\t\t<div class=\"elementor-widget-container\">\n\t\t\t\t\t<h2 class=\"elementor-heading-title elementor-size-default\">Le Trinidad and Tobago Film Festival 2025 : chiffres, dates et nouveaut\u00e9s<\/h2>\t\t\t\t<\/div>\n\t\t\t\t<\/div>\n\t\t\t\t<div class=\"elementor-element elementor-element-e6a92ea elementor-widget elementor-widget-text-editor\" data-id=\"e6a92ea\" data-element_type=\"widget\" data-widget_type=\"text-editor.default\">\n\t\t\t\t<div class=\"elementor-widget-container\">\n\t\t\t\t\t\t\t\t\t<h3><strong>Une \u00e9dition marqu\u00e9e par une hausse des soumissions<\/strong><\/h3><p><span style=\"font-weight: 400;\">Pour cette 19e \u00e9dition, le Trinidad and Tobago Film Festival enregistre une hausse remarquable des soumissions, avec une augmentation de 40 % par rapport \u00e0 la derni\u00e8re \u00e9dition. Plus de 340 films sont attendus, t\u00e9moignant de la vitalit\u00e9 du cin\u00e9ma carib\u00e9en et de l\u2019int\u00e9r\u00eat croissant pour cette plateforme unique.<\/span><\/p>\t\t\t\t\t\t\t\t<\/div>\n\t\t\t\t<\/div>\n\t\t\t\t<div class=\"elementor-element elementor-element-b2d54da elementor-widget elementor-widget-text-editor\" data-id=\"b2d54da\" data-element_type=\"widget\" data-widget_type=\"text-editor.default\">\n\t\t\t\t<div class=\"elementor-widget-container\">\n\t\t\t\t\t\t\t\t\t<h3><strong>Les temps forts du festival \u00e0 Port of Spain<\/strong><\/h3><p><span style=\"font-weight: 400;\">Le festival se tiendra du 24 au 30 septembre 2025 dans le quartier anim\u00e9 de Woodbrook, \u00e0 Port of Spain, capitale de Trinidad et Tobago. Au programme : la projection de 80 films, chacun diffus\u00e9 au moins deux fois pour permettre au plus grand nombre de spectateurs de les d\u00e9couvrir et d\u2019offrir une visibilit\u00e9 maximale aux r\u00e9alisateurs. Cette organisation favorise l\u2019\u00e9change entre le public et les cr\u00e9ateurs, tout en contribuant \u00e0 la reconnaissance des \u0153uvres pr\u00e9sent\u00e9es.<\/span><\/p>\t\t\t\t\t\t\t\t<\/div>\n\t\t\t\t<\/div>\n\t\t\t\t<div class=\"elementor-element elementor-element-6a96981 elementor-widget elementor-widget-text-editor\" data-id=\"6a96981\" data-element_type=\"widget\" data-widget_type=\"text-editor.default\">\n\t\t\t\t<div class=\"elementor-widget-container\">\n\t\t\t\t\t\t\t\t\t<h3><strong>Un comit\u00e9 consultatif prestigieux<\/strong><\/h3><p><span style=\"font-weight: 400;\">Le Trinidad and Tobago Film Festival s\u2019appuie cette ann\u00e9e sur un comit\u00e9 consultatif compos\u00e9 de personnalit\u00e9s reconnues du monde du cin\u00e9ma, du design et de l\u2019industrie culturelle. Parmi eux :<\/span><\/p>\t\t\t\t\t\t\t\t<\/div>\n\t\t\t\t<\/div>\n\t\t\t\t<div class=\"elementor-element elementor-element-2d8d37f elementor-widget elementor-widget-text-editor\" data-id=\"2d8d37f\" data-element_type=\"widget\" data-widget_type=\"text-editor.default\">\n\t\t\t\t<div class=\"elementor-widget-container\">\n\t\t\t\t\t\t\t\t\t<ul><li style=\"font-weight: 400;\" aria-level=\"1\"><span style=\"font-weight: 400;\">Melanie Archer, designer et commissaire d\u2019exposition (Trinidad et Tobago)<\/span><\/li><li style=\"font-weight: 400;\" aria-level=\"1\"><span style=\"font-weight: 400;\">Leslie Fields-Cruz, directrice ex\u00e9cutive de Black Public Media (\u00c9tats-Unis)<\/span><\/li><li style=\"font-weight: 400;\" aria-level=\"1\"><span style=\"font-weight: 400;\">Kareem J. Mortimer, producteur ex\u00e9cutif et r\u00e9alisateur (Bahamas\/\u00c9tats-Unis)<\/span><\/li><li style=\"font-weight: 400;\" aria-level=\"1\"><span style=\"font-weight: 400;\">Renee Robinson, experte de l\u2019industrie cin\u00e9matographique (Jama\u00efque)<\/span><\/li><li style=\"font-weight: 400;\" aria-level=\"1\"><span style=\"font-weight: 400;\">Donna N. Thomas, consultante en affaires (Trinidad et Tobago)<\/span><\/li><\/ul><p><span style=\"font-weight: 400;\">Leur expertise contribue \u00e0 orienter le festival vers de nouveaux horizons, tout en consolidant ses liens avec les institutions et associations culturelles de la r\u00e9gion.<\/span><\/p>\t\t\t\t\t\t\t\t<\/div>\n\t\t\t\t<\/div>\n\t\t\t\t<section class=\"elementor-section elementor-inner-section elementor-element elementor-element-53d1040 elementor-section-boxed elementor-section-height-default elementor-section-height-default\" data-id=\"53d1040\" data-element_type=\"section\">\n\t\t\t\t\t\t<div class=\"elementor-container elementor-column-gap-default\">\n\t\t\t\t\t<div class=\"elementor-column elementor-col-50 elementor-inner-column elementor-element elementor-element-ed0cfa5\" data-id=\"ed0cfa5\" data-element_type=\"column\">\n\t\t\t<div class=\"elementor-widget-wrap elementor-element-populated\">\n\t\t\t\t\t\t<div class=\"elementor-element elementor-element-ba3e868 elementor-widget elementor-widget-image\" data-id=\"ba3e868\" data-element_type=\"widget\" data-widget_type=\"image.default\">\n\t\t\t\t<div class=\"elementor-widget-container\">\n\t\t\t\t\t\t\t\t\t\t\t\t<figure class=\"wp-caption\">\n\t\t\t\t\t\t\t\t\t\t<img loading=\"lazy\" decoding=\"async\" width=\"800\" height=\"532\" src=\"https:\/\/richeskarayib.com\/wp-content\/uploads\/2025\/05\/IMG_7951-1024x681.jpg\" class=\"attachment-large size-large wp-image-51299\" alt=\"Trinidad and Tobago Film Festival\" srcset=\"https:\/\/richeskarayib.com\/wp-content\/uploads\/2025\/05\/IMG_7951-1024x681.jpg 1024w, https:\/\/richeskarayib.com\/wp-content\/uploads\/2025\/05\/IMG_7951-300x200.jpg 300w, https:\/\/richeskarayib.com\/wp-content\/uploads\/2025\/05\/IMG_7951-768x511.jpg 768w, https:\/\/richeskarayib.com\/wp-content\/uploads\/2025\/05\/IMG_7951-1536x1022.jpg 1536w, https:\/\/richeskarayib.com\/wp-content\/uploads\/2025\/05\/IMG_7951-1320x878.jpg 1320w, https:\/\/richeskarayib.com\/wp-content\/uploads\/2025\/05\/IMG_7951.jpg 1623w\" sizes=\"(max-width: 800px) 100vw, 800px\" \/>\t\t\t\t\t\t\t\t\t\t\t<figcaption class=\"widget-image-caption wp-caption-text\">\u00a9Trinidad+Tobago Film Festival - TTFF<\/figcaption>\n\t\t\t\t\t\t\t\t\t\t<\/figure>\n\t\t\t\t\t\t\t\t\t<\/div>\n\t\t\t\t<\/div>\n\t\t\t\t\t<\/div>\n\t\t<\/div>\n\t\t\t\t<div class=\"elementor-column elementor-col-50 elementor-inner-column elementor-element elementor-element-bf8b0fb\" data-id=\"bf8b0fb\" data-element_type=\"column\">\n\t\t\t<div class=\"elementor-widget-wrap elementor-element-populated\">\n\t\t\t\t\t\t<div class=\"elementor-element elementor-element-c6a82a9 elementor-widget elementor-widget-image\" data-id=\"c6a82a9\" data-element_type=\"widget\" data-widget_type=\"image.default\">\n\t\t\t\t<div class=\"elementor-widget-container\">\n\t\t\t\t\t\t\t\t\t\t\t\t<figure class=\"wp-caption\">\n\t\t\t\t\t\t\t\t\t\t<img loading=\"lazy\" decoding=\"async\" width=\"800\" height=\"450\" src=\"https:\/\/richeskarayib.com\/wp-content\/uploads\/2025\/05\/IMG_7936-1024x576.jpg\" class=\"attachment-large size-large wp-image-51303\" alt=\"Trinidad and Tobago Film Festival\" srcset=\"https:\/\/richeskarayib.com\/wp-content\/uploads\/2025\/05\/IMG_7936-1024x576.jpg 1024w, https:\/\/richeskarayib.com\/wp-content\/uploads\/2025\/05\/IMG_7936-300x169.jpg 300w, https:\/\/richeskarayib.com\/wp-content\/uploads\/2025\/05\/IMG_7936-768x432.jpg 768w, https:\/\/richeskarayib.com\/wp-content\/uploads\/2025\/05\/IMG_7936-1536x864.jpg 1536w, https:\/\/richeskarayib.com\/wp-content\/uploads\/2025\/05\/IMG_7936-1320x743.jpg 1320w, https:\/\/richeskarayib.com\/wp-content\/uploads\/2025\/05\/IMG_7936.jpg 1920w\" sizes=\"(max-width: 800px) 100vw, 800px\" \/>\t\t\t\t\t\t\t\t\t\t\t<figcaption class=\"widget-image-caption wp-caption-text\">\u00a9Trinidad+Tobago Film Festival - TTFF<\/figcaption>\n\t\t\t\t\t\t\t\t\t\t<\/figure>\n\t\t\t\t\t\t\t\t\t<\/div>\n\t\t\t\t<\/div>\n\t\t\t\t\t<\/div>\n\t\t<\/div>\n\t\t\t\t\t<\/div>\n\t\t<\/section>\n\t\t\t\t\t<\/div>\n\t\t<\/div>\n\t\t\t\t\t<\/div>\n\t\t<\/section>\n\t\t\t\t<section class=\"elementor-section elementor-top-section elementor-element elementor-element-be30566 elementor-section-boxed elementor-section-height-default elementor-section-height-default\" data-id=\"be30566\" data-element_type=\"section\">\n\t\t\t\t\t\t<div class=\"elementor-container elementor-column-gap-default\">\n\t\t\t\t\t<div class=\"elementor-column elementor-col-100 elementor-top-column elementor-element elementor-element-e9abfbb\" data-id=\"e9abfbb\" data-element_type=\"column\">\n\t\t\t<div class=\"elementor-widget-wrap elementor-element-populated\">\n\t\t\t\t\t\t<div class=\"elementor-element elementor-element-96f4982 elementor-widget elementor-widget-heading\" data-id=\"96f4982\" data-element_type=\"widget\" data-widget_type=\"heading.default\">\n\t\t\t\t<div class=\"elementor-widget-container\">\n\t\t\t\t\t<h2 class=\"elementor-heading-title elementor-size-default\">Les modalit\u00e9s de soumission<\/h2>\t\t\t\t<\/div>\n\t\t\t\t<\/div>\n\t\t\t\t<div class=\"elementor-element elementor-element-120bf99 elementor-widget elementor-widget-text-editor\" data-id=\"120bf99\" data-element_type=\"widget\" data-widget_type=\"text-editor.default\">\n\t\t\t\t<div class=\"elementor-widget-container\">\n\t\t\t\t\t\t\t\t\t<p><span style=\"font-weight: 400;\">Les r\u00e9alisateurs souhaitant pr\u00e9senter leur \u0153uvre au Trinidad and Tobago Film Festival peuvent soumettre leur film via la plateforme <a href=\"https:\/\/filmfreeway.com\/trinidadtobagofilmfestival\" target=\"_blank\" rel=\"noopener nofollow\">FilmFreeway<\/a> jusqu\u2019au 12 mai 2025. Cette d\u00e9marche est ouverte \u00e0 tous les cin\u00e9astes de la Cara\u00efbe, quelle que soit leur exp\u00e9rience, \u00e0 condition que leur film mette en avant une identit\u00e9 r\u00e9gionale forte.<\/span><\/p>\t\t\t\t\t\t\t\t<\/div>\n\t\t\t\t<\/div>\n\t\t\t\t\t<\/div>\n\t\t<\/div>\n\t\t\t\t\t<\/div>\n\t\t<\/section>\n\t\t\t\t<section class=\"elementor-section elementor-top-section elementor-element elementor-element-2996c6c elementor-section-boxed elementor-section-height-default elementor-section-height-default\" data-id=\"2996c6c\" data-element_type=\"section\">\n\t\t\t\t\t\t<div class=\"elementor-container elementor-column-gap-default\">\n\t\t\t\t\t<div class=\"elementor-column elementor-col-100 elementor-top-column elementor-element elementor-element-49ec7a8\" data-id=\"49ec7a8\" data-element_type=\"column\">\n\t\t\t<div class=\"elementor-widget-wrap elementor-element-populated\">\n\t\t\t\t\t\t<div class=\"elementor-element elementor-element-b7ce774 elementor-widget elementor-widget-text-editor\" data-id=\"b7ce774\" data-element_type=\"widget\" data-widget_type=\"text-editor.default\">\n\t\t\t\t<div class=\"elementor-widget-container\">\n\t\t\t\t\t\t\t\t\t<p class=\"\" data-start=\"4418\" data-end=\"4657\"><span style=\"font-weight: 400;\">Le Trinidad and Tobago Film Festival offre une sc\u00e8ne unique \u00e0 la cr\u00e9ativit\u00e9 et \u00e0 la diversit\u00e9 de la r\u00e9gion. Gr\u00e2ce \u00e0 une direction renouvel\u00e9e, une programmation audacieuse et un engagement fort en faveur de la repr\u00e9sentation locale, il contribue \u00e0 faire rayonner les voix et les talents de la Cara\u00efbe sur la sc\u00e8ne internationale. Que vous soyez cin\u00e9aste confirm\u00e9 ou passionn\u00e9 de cin\u00e9ma, le Trinidad and Tobago Film Festival vous invite \u00e0 c\u00e9l\u00e9brer la richesse et la pluralit\u00e9 du septi\u00e8me art carib\u00e9en.<\/span><\/p>\t\t\t\t\t\t\t\t<\/div>\n\t\t\t\t<\/div>\n\t\t\t\t\t<\/div>\n\t\t<\/div>\n\t\t\t\t\t<\/div>\n\t\t<\/section>\n\t\t\t\t<\/div>\n\t\t","protected":false},"excerpt":{"rendered":"<p>Le Trinidad and Tobago Film Festival fait son grand retour en 2025, suscitant un engouement sans pr\u00e9c\u00e9dent parmi les cin\u00e9astes et amateurs de cin\u00e9ma de la Cara\u00efbe. Ce festival, reconnu comme l\u2019une des plateformes les plus influentes pour le cin\u00e9ma r\u00e9gional, attire chaque ann\u00e9e des talents issus de toute la Cara\u00efbe, offrant une sc\u00e8ne unique [&hellip;]<\/p>\n","protected":false},"author":662,"featured_media":51275,"comment_status":"open","ping_status":"open","sticky":false,"template":"","format":"standard","meta":{"_acf_changed":false,"footnotes":""},"categories":[1504,1498],"tags":[1696],"class_list":["post-51274","post","type-post","status-publish","format-standard","has-post-thumbnail","hentry","category-film-et-video","category-gestion-devenements","tag-trinidad-tobago-fr"],"acf":[],"_links":{"self":[{"href":"https:\/\/richeskarayib.com\/fr\/wp-json\/wp\/v2\/posts\/51274","targetHints":{"allow":["GET"]}}],"collection":[{"href":"https:\/\/richeskarayib.com\/fr\/wp-json\/wp\/v2\/posts"}],"about":[{"href":"https:\/\/richeskarayib.com\/fr\/wp-json\/wp\/v2\/types\/post"}],"author":[{"embeddable":true,"href":"https:\/\/richeskarayib.com\/fr\/wp-json\/wp\/v2\/users\/662"}],"replies":[{"embeddable":true,"href":"https:\/\/richeskarayib.com\/fr\/wp-json\/wp\/v2\/comments?post=51274"}],"version-history":[{"count":0,"href":"https:\/\/richeskarayib.com\/fr\/wp-json\/wp\/v2\/posts\/51274\/revisions"}],"wp:featuredmedia":[{"embeddable":true,"href":"https:\/\/richeskarayib.com\/fr\/wp-json\/wp\/v2\/media\/51275"}],"wp:attachment":[{"href":"https:\/\/richeskarayib.com\/fr\/wp-json\/wp\/v2\/media?parent=51274"}],"wp:term":[{"taxonomy":"category","embeddable":true,"href":"https:\/\/richeskarayib.com\/fr\/wp-json\/wp\/v2\/categories?post=51274"},{"taxonomy":"post_tag","embeddable":true,"href":"https:\/\/richeskarayib.com\/fr\/wp-json\/wp\/v2\/tags?post=51274"}],"curies":[{"name":"wp","href":"https:\/\/api.w.org\/{rel}","templated":true}]}}