{"id":51386,"date":"2025-05-12T23:54:34","date_gmt":"2025-05-13T03:54:34","guid":{"rendered":"https:\/\/richeskarayib.com\/?p=51386"},"modified":"2025-05-13T23:37:50","modified_gmt":"2025-05-14T03:37:50","slug":"martinique-portiques-hub-antilles-2025","status":"publish","type":"post","link":"https:\/\/richeskarayib.com\/fr\/martinique-portiques-hub-antilles-2025\/","title":{"rendered":"Martinique \u2013 Deux portiques nouvelle g\u00e9n\u00e9ration pour propulser le Grand Port Maritime dans une nouvelle \u00e8re"},"content":{"rendered":"\t\t<div data-elementor-type=\"wp-post\" data-elementor-id=\"51386\" class=\"elementor elementor-51386\" data-elementor-post-type=\"post\">\n\t\t\t\t\t\t<section class=\"elementor-section elementor-top-section elementor-element elementor-element-3d9e6e3 elementor-section-boxed elementor-section-height-default elementor-section-height-default\" data-id=\"3d9e6e3\" data-element_type=\"section\">\n\t\t\t\t\t\t<div class=\"elementor-container elementor-column-gap-default\">\n\t\t\t\t\t<div class=\"elementor-column elementor-col-100 elementor-top-column elementor-element elementor-element-2222762\" data-id=\"2222762\" data-element_type=\"column\">\n\t\t\t<div class=\"elementor-widget-wrap elementor-element-populated\">\n\t\t\t\t\t\t<div class=\"elementor-element elementor-element-3dd706f elementor-widget elementor-widget-text-editor\" data-id=\"3dd706f\" data-element_type=\"widget\" data-widget_type=\"text-editor.default\">\n\t\t\t\t<div class=\"elementor-widget-container\">\n\t\t\t\t\t\t\t\t\t<p data-pm-slice=\"1 1 []\">Le 12 mai 2025, sur le quai de la Pointe des Grives, le Grand <a href=\"https:\/\/www.martinique.port.fr\/\" target=\"_blank\" rel=\"noopener nofollow\">Port Maritime de la Martinique<\/a> a pr\u00e9sent\u00e9 deux portiques nouvelle g\u00e9n\u00e9ration. Ces \u00e9quipements marquent une avanc\u00e9e strat\u00e9gique pour le territoire, au c\u0153ur du projet <a href=\"https:\/\/www.ecologie.gouv.fr\/presse\/accord-mise-place-du-grand-projet-hub-antilles\" target=\"_blank\" rel=\"noopener nofollow\">Hub Antilles<\/a>, soutenu par l\u2019\u00c9tat, les collectivit\u00e9s et des partenaires priv\u00e9s.<\/p>\t\t\t\t\t\t\t\t<\/div>\n\t\t\t\t<\/div>\n\t\t\t\t\t<\/div>\n\t\t<\/div>\n\t\t\t\t\t<\/div>\n\t\t<\/section>\n\t\t\t\t<section class=\"elementor-section elementor-top-section elementor-element elementor-element-fd54572 elementor-section-boxed elementor-section-height-default elementor-section-height-default\" data-id=\"fd54572\" data-element_type=\"section\">\n\t\t\t\t\t\t<div class=\"elementor-container elementor-column-gap-default\">\n\t\t\t\t\t<div class=\"elementor-column elementor-col-100 elementor-top-column elementor-element elementor-element-4d3dc11\" data-id=\"4d3dc11\" data-element_type=\"column\">\n\t\t\t<div class=\"elementor-widget-wrap elementor-element-populated\">\n\t\t\t\t\t\t<div class=\"elementor-element elementor-element-3439f84 elementor-widget elementor-widget-heading\" data-id=\"3439f84\" data-element_type=\"widget\" data-widget_type=\"heading.default\">\n\t\t\t\t<div class=\"elementor-widget-container\">\n\t\t\t\t\t<h2 class=\"elementor-heading-title elementor-size-default\">Une avanc\u00e9e structurante pour le terminal de la Pointe des Grives<\/h2>\t\t\t\t<\/div>\n\t\t\t\t<\/div>\n\t\t\t\t<div class=\"elementor-element elementor-element-82b2a9d elementor-widget elementor-widget-text-editor\" data-id=\"82b2a9d\" data-element_type=\"widget\" data-widget_type=\"text-editor.default\">\n\t\t\t\t<div class=\"elementor-widget-container\">\n\t\t\t\t\t\t\t\t\t<p data-pm-slice=\"1 1 []\">\u00ab Ce n\u2019est qu\u2019une brique du projet plus global, le projet <a href=\"https:\/\/richeskarayib.com\/fr\/port-de-martinique-commerce-culture-article\/\" target=\"_blank\" rel=\"noopener\">Hub Antilles<\/a> \u00bb, affirme <strong>Bruno Menc\u00e9<\/strong>, Pr\u00e9sident du Directoire du Grand Port Maritime. L\u2019arriv\u00e9e de ces deux portiques marque une \u00e9tape essentielle d\u2019un programme de modernisation de grande ampleur, visant \u00e0 faire de la Martinique une plateforme logistique performante dans la Cara\u00efbe.<\/p>\t\t\t\t\t\t\t\t<\/div>\n\t\t\t\t<\/div>\n\t\t\t\t<div class=\"elementor-element elementor-element-3f7cb59 elementor-widget elementor-widget-image\" data-id=\"3f7cb59\" data-element_type=\"widget\" data-widget_type=\"image.default\">\n\t\t\t\t<div class=\"elementor-widget-container\">\n\t\t\t\t\t\t\t\t\t\t\t\t<figure class=\"wp-caption\">\n\t\t\t\t\t\t\t\t\t\t<img fetchpriority=\"high\" decoding=\"async\" width=\"800\" height=\"450\" src=\"https:\/\/richeskarayib.com\/wp-content\/uploads\/2025\/05\/WhatsApp-Image-2025-05-12-a-23.03.06_45cdfc28-1024x576.jpg\" class=\"attachment-large size-large wp-image-51391\" alt=\"Hub Antilles\" srcset=\"https:\/\/richeskarayib.com\/wp-content\/uploads\/2025\/05\/WhatsApp-Image-2025-05-12-a-23.03.06_45cdfc28-1024x576.jpg 1024w, https:\/\/richeskarayib.com\/wp-content\/uploads\/2025\/05\/WhatsApp-Image-2025-05-12-a-23.03.06_45cdfc28-300x169.jpg 300w, https:\/\/richeskarayib.com\/wp-content\/uploads\/2025\/05\/WhatsApp-Image-2025-05-12-a-23.03.06_45cdfc28-768x432.jpg 768w, https:\/\/richeskarayib.com\/wp-content\/uploads\/2025\/05\/WhatsApp-Image-2025-05-12-a-23.03.06_45cdfc28-1536x864.jpg 1536w, https:\/\/richeskarayib.com\/wp-content\/uploads\/2025\/05\/WhatsApp-Image-2025-05-12-a-23.03.06_45cdfc28-1320x743.jpg 1320w, https:\/\/richeskarayib.com\/wp-content\/uploads\/2025\/05\/WhatsApp-Image-2025-05-12-a-23.03.06_45cdfc28.jpg 1600w\" sizes=\"(max-width: 800px) 100vw, 800px\" \/>\t\t\t\t\t\t\t\t\t\t\t<figcaption class=\"widget-image-caption wp-caption-text\">Bruno Menc\u00e9<\/figcaption>\n\t\t\t\t\t\t\t\t\t\t<\/figure>\n\t\t\t\t\t\t\t\t\t<\/div>\n\t\t\t\t<\/div>\n\t\t\t\t<div class=\"elementor-element elementor-element-5ad0be8 elementor-widget elementor-widget-text-editor\" data-id=\"5ad0be8\" data-element_type=\"widget\" data-widget_type=\"text-editor.default\">\n\t\t\t\t<div class=\"elementor-widget-container\">\n\t\t\t\t\t\t\t\t\t<p data-pm-slice=\"1 1 []\">Con\u00e7us par un groupement franco-chinois, fabriqu\u00e9s en Chine, ces \u00e9quipements du projet <span style=\"font-weight: 400;\">Hub Antilles est <\/span>de type <em>low profile<\/em> \u2014 rares dans le monde \u2014 ont n\u00e9cessit\u00e9 60 jours de mer pour atteindre <a href=\"https:\/\/richeskarayib.com\/fr\/une-nouvelle-ligne-aerienne-quebec-martinique-canada\/\" target=\"_blank\" rel=\"noopener\">Fort-de-France<\/a>. Chacun p\u00e8se 1 600 tonnes et repr\u00e9sente un investissement total de 35 millions d\u2019euros. Leur mise en service est pr\u00e9vue entre fin juillet et septembre 2025.<\/p><p>\u00ab Nous allons passer de 180 000 EVP \u00e0 300 000, en ajoutant du transbordement \u00e0 nos op\u00e9rations. Ces portiques vont am\u00e9liorer d\u2019au moins 30 % notre performance \u00bb, pr\u00e9cise-t-il. Cette progression r\u00e9pond aux besoins d\u2019accueillir des navires de plus grande taille, jusqu&#8217;\u00e0 7 900 EVP, en pr\u00e9vision d\u2019une croissance du trafic r\u00e9gional.<\/p>\t\t\t\t\t\t\t\t<\/div>\n\t\t\t\t<\/div>\n\t\t\t\t<div class=\"elementor-element elementor-element-1fb8da0 elementor-widget elementor-widget-image\" data-id=\"1fb8da0\" data-element_type=\"widget\" data-widget_type=\"image.default\">\n\t\t\t\t<div class=\"elementor-widget-container\">\n\t\t\t\t\t\t\t\t\t\t\t\t\t\t\t<img decoding=\"async\" width=\"800\" height=\"450\" src=\"https:\/\/richeskarayib.com\/wp-content\/uploads\/2025\/05\/WhatsApp-Image-2025-05-12-a-23.39.29_f51a6a0f-1024x576.jpg\" class=\"attachment-large size-large wp-image-51443\" alt=\"Hub Antilles\" srcset=\"https:\/\/richeskarayib.com\/wp-content\/uploads\/2025\/05\/WhatsApp-Image-2025-05-12-a-23.39.29_f51a6a0f-1024x576.jpg 1024w, https:\/\/richeskarayib.com\/wp-content\/uploads\/2025\/05\/WhatsApp-Image-2025-05-12-a-23.39.29_f51a6a0f-300x169.jpg 300w, https:\/\/richeskarayib.com\/wp-content\/uploads\/2025\/05\/WhatsApp-Image-2025-05-12-a-23.39.29_f51a6a0f-768x432.jpg 768w, https:\/\/richeskarayib.com\/wp-content\/uploads\/2025\/05\/WhatsApp-Image-2025-05-12-a-23.39.29_f51a6a0f-1536x864.jpg 1536w, https:\/\/richeskarayib.com\/wp-content\/uploads\/2025\/05\/WhatsApp-Image-2025-05-12-a-23.39.29_f51a6a0f-1320x743.jpg 1320w, https:\/\/richeskarayib.com\/wp-content\/uploads\/2025\/05\/WhatsApp-Image-2025-05-12-a-23.39.29_f51a6a0f.jpg 1600w\" sizes=\"(max-width: 800px) 100vw, 800px\" \/>\t\t\t\t\t\t\t\t\t\t\t\t\t\t\t<\/div>\n\t\t\t\t<\/div>\n\t\t\t\t\t<\/div>\n\t\t<\/div>\n\t\t\t\t\t<\/div>\n\t\t<\/section>\n\t\t\t\t<section class=\"elementor-section elementor-top-section elementor-element elementor-element-65d7757 elementor-section-boxed elementor-section-height-default elementor-section-height-default\" data-id=\"65d7757\" data-element_type=\"section\">\n\t\t\t\t\t\t<div class=\"elementor-container elementor-column-gap-default\">\n\t\t\t\t\t<div class=\"elementor-column elementor-col-100 elementor-top-column elementor-element elementor-element-61a3813\" data-id=\"61a3813\" data-element_type=\"column\">\n\t\t\t<div class=\"elementor-widget-wrap elementor-element-populated\">\n\t\t\t\t\t\t<div class=\"elementor-element elementor-element-0649e00 elementor-widget elementor-widget-heading\" data-id=\"0649e00\" data-element_type=\"widget\" data-widget_type=\"heading.default\">\n\t\t\t\t<div class=\"elementor-widget-container\">\n\t\t\t\t\t<h2 class=\"elementor-heading-title elementor-size-default\">D\u00e9veloppement \u00e9conomique, coop\u00e9ration r\u00e9gionale et souverainet\u00e9 logistique<\/h2>\t\t\t\t<\/div>\n\t\t\t\t<\/div>\n\t\t\t\t<div class=\"elementor-element elementor-element-e9dcbf1 elementor-widget elementor-widget-text-editor\" data-id=\"e9dcbf1\" data-element_type=\"widget\" data-widget_type=\"text-editor.default\">\n\t\t\t\t<div class=\"elementor-widget-container\">\n\t\t\t\t\t\t\t\t\t<p data-pm-slice=\"1 1 []\">Bruno Menc\u00e9 a d\u00e9taill\u00e9 l\u2019ambition du Hub Antilles : \u00ab Ce n\u2019est pas que du transbordement. Il faut cr\u00e9er de la valeur, capter des flux depuis l\u2019Am\u00e9rique du Sud, transformer localement, et r\u00e9exporter. \u00bb Une zone logistique en arri\u00e8re-port est pr\u00e9vue pour d\u00e9velopper ces activit\u00e9s de transformation.<\/p><p data-pm-slice=\"1 1 []\">L\u2019objectif\u00a0 du <span style=\"font-weight: 400;\">Hub Antilles <\/span>est clair : offrir aux entreprises locales de nouveaux d\u00e9bouch\u00e9s \u00e9conomiques en facilitant l\u2019approvisionnement, la transformation industrielle et la r\u00e9exportation dans la zone Cara\u00efbe. Ce levier logistique doit permettre de structurer une nouvelle cha\u00eene de valeur, plus int\u00e9gr\u00e9e, plus comp\u00e9titive, et moins d\u00e9pendante des circuits traditionnels passant par l\u2019Europe.<\/p>\t\t\t\t\t\t\t\t<\/div>\n\t\t\t\t<\/div>\n\t\t\t\t<div class=\"elementor-element elementor-element-88d2a19 elementor-widget elementor-widget-image\" data-id=\"88d2a19\" data-element_type=\"widget\" data-widget_type=\"image.default\">\n\t\t\t\t<div class=\"elementor-widget-container\">\n\t\t\t\t\t\t\t\t\t\t\t\t\t\t\t<img decoding=\"async\" width=\"800\" height=\"450\" src=\"https:\/\/richeskarayib.com\/wp-content\/uploads\/2025\/05\/WhatsApp-Image-2025-05-12-a-23.08.28_f6a3a6b7-1024x576.jpg\" class=\"attachment-large size-large wp-image-51395\" alt=\"Hub Antilles\" srcset=\"https:\/\/richeskarayib.com\/wp-content\/uploads\/2025\/05\/WhatsApp-Image-2025-05-12-a-23.08.28_f6a3a6b7-1024x576.jpg 1024w, https:\/\/richeskarayib.com\/wp-content\/uploads\/2025\/05\/WhatsApp-Image-2025-05-12-a-23.08.28_f6a3a6b7-300x169.jpg 300w, https:\/\/richeskarayib.com\/wp-content\/uploads\/2025\/05\/WhatsApp-Image-2025-05-12-a-23.08.28_f6a3a6b7-768x432.jpg 768w, https:\/\/richeskarayib.com\/wp-content\/uploads\/2025\/05\/WhatsApp-Image-2025-05-12-a-23.08.28_f6a3a6b7-1536x864.jpg 1536w, https:\/\/richeskarayib.com\/wp-content\/uploads\/2025\/05\/WhatsApp-Image-2025-05-12-a-23.08.28_f6a3a6b7-1320x743.jpg 1320w, https:\/\/richeskarayib.com\/wp-content\/uploads\/2025\/05\/WhatsApp-Image-2025-05-12-a-23.08.28_f6a3a6b7.jpg 1600w\" sizes=\"(max-width: 800px) 100vw, 800px\" \/>\t\t\t\t\t\t\t\t\t\t\t\t\t\t\t<\/div>\n\t\t\t\t<\/div>\n\t\t\t\t<div class=\"elementor-element elementor-element-317d24e elementor-widget elementor-widget-text-editor\" data-id=\"317d24e\" data-element_type=\"widget\" data-widget_type=\"text-editor.default\">\n\t\t\t\t<div class=\"elementor-widget-container\">\n\t\t\t\t\t\t\t\t\t<p data-pm-slice=\"1 1 []\">Il a \u00e9galement annonc\u00e9 sa pr\u00e9sence au congr\u00e8s annuel des ports de la Cara\u00efbe, \u00e0 Cura\u00e7ao, o\u00f9 le projet sera pr\u00e9sent\u00e9 pour renforcer la visibilit\u00e9 de la Martinique dans la r\u00e9gion. Le port entend ainsi offrir une alternative aux hubs satur\u00e9s comme Kingston ou Cartagena.<\/p>\t\t\t\t\t\t\t\t<\/div>\n\t\t\t\t<\/div>\n\t\t\t\t\t<\/div>\n\t\t<\/div>\n\t\t\t\t\t<\/div>\n\t\t<\/section>\n\t\t\t\t<section class=\"elementor-section elementor-top-section elementor-element elementor-element-8cfce14 elementor-section-boxed elementor-section-height-default elementor-section-height-default\" data-id=\"8cfce14\" data-element_type=\"section\">\n\t\t\t\t\t\t<div class=\"elementor-container elementor-column-gap-default\">\n\t\t\t\t\t<div class=\"elementor-column elementor-col-100 elementor-top-column elementor-element elementor-element-32289a9\" data-id=\"32289a9\" data-element_type=\"column\">\n\t\t\t<div class=\"elementor-widget-wrap elementor-element-populated\">\n\t\t\t\t\t\t<div class=\"elementor-element elementor-element-76b9bb9 elementor-widget elementor-widget-heading\" data-id=\"76b9bb9\" data-element_type=\"widget\" data-widget_type=\"heading.default\">\n\t\t\t\t<div class=\"elementor-widget-container\">\n\t\t\t\t\t<h2 class=\"elementor-heading-title elementor-size-default\">Coordonner, s\u00e9curiser, adapter : les cl\u00e9s de la mise en service<\/h2>\t\t\t\t<\/div>\n\t\t\t\t<\/div>\n\t\t\t\t<div class=\"elementor-element elementor-element-6e55365 elementor-widget elementor-widget-text-editor\" data-id=\"6e55365\" data-element_type=\"widget\" data-widget_type=\"text-editor.default\">\n\t\t\t\t<div class=\"elementor-widget-container\">\n\t\t\t\t\t\t\t\t\t<p data-pm-slice=\"1 1 []\">Pour <strong>Ivanh Aling\u00e9ry<\/strong>, directeur des op\u00e9rations du port, l\u2019arriv\u00e9e des portiques est l\u2019aboutissement d\u2019un chantier long de plus de deux ans : \u00ab C\u2019est une grosse \u00e9tape. Ces \u00e9quipements, command\u00e9s il y a plus de deux ans, sont enfin l\u00e0. Maintenant, il faut transformer l\u2019essai. \u00bb<\/p>\t\t\t\t\t\t\t\t<\/div>\n\t\t\t\t<\/div>\n\t\t\t\t<div class=\"elementor-element elementor-element-025d659 elementor-widget elementor-widget-image\" data-id=\"025d659\" data-element_type=\"widget\" data-widget_type=\"image.default\">\n\t\t\t\t<div class=\"elementor-widget-container\">\n\t\t\t\t\t\t\t\t\t\t\t\t<figure class=\"wp-caption\">\n\t\t\t\t\t\t\t\t\t\t<img loading=\"lazy\" decoding=\"async\" width=\"800\" height=\"450\" src=\"https:\/\/richeskarayib.com\/wp-content\/uploads\/2025\/05\/WhatsApp-Image-2025-05-12-a-23.13.30_a4fc0f1b-1024x576.jpg\" class=\"attachment-large size-large wp-image-51399\" alt=\"Hub Antilles\" srcset=\"https:\/\/richeskarayib.com\/wp-content\/uploads\/2025\/05\/WhatsApp-Image-2025-05-12-a-23.13.30_a4fc0f1b-1024x576.jpg 1024w, https:\/\/richeskarayib.com\/wp-content\/uploads\/2025\/05\/WhatsApp-Image-2025-05-12-a-23.13.30_a4fc0f1b-300x169.jpg 300w, https:\/\/richeskarayib.com\/wp-content\/uploads\/2025\/05\/WhatsApp-Image-2025-05-12-a-23.13.30_a4fc0f1b-768x432.jpg 768w, https:\/\/richeskarayib.com\/wp-content\/uploads\/2025\/05\/WhatsApp-Image-2025-05-12-a-23.13.30_a4fc0f1b-1536x864.jpg 1536w, https:\/\/richeskarayib.com\/wp-content\/uploads\/2025\/05\/WhatsApp-Image-2025-05-12-a-23.13.30_a4fc0f1b-1320x743.jpg 1320w, https:\/\/richeskarayib.com\/wp-content\/uploads\/2025\/05\/WhatsApp-Image-2025-05-12-a-23.13.30_a4fc0f1b.jpg 1600w\" sizes=\"(max-width: 800px) 100vw, 800px\" \/>\t\t\t\t\t\t\t\t\t\t\t<figcaption class=\"widget-image-caption wp-caption-text\">Yvanh Aling\u00e9ry<\/figcaption>\n\t\t\t\t\t\t\t\t\t\t<\/figure>\n\t\t\t\t\t\t\t\t\t<\/div>\n\t\t\t\t<\/div>\n\t\t\t\t<div class=\"elementor-element elementor-element-7889637 elementor-widget elementor-widget-text-editor\" data-id=\"7889637\" data-element_type=\"widget\" data-widget_type=\"text-editor.default\">\n\t\t\t\t<div class=\"elementor-widget-container\">\n\t\t\t\t\t\t\t\t\t<p data-pm-slice=\"1 1 []\">Le d\u00e9chargement des portiques depuis le navire constitue une op\u00e9ration d\u00e9licate. \u00ab Chaque portique fait 1 600 tonnes. Il faut les transf\u00e9rer sur le quai en toute s\u00e9curit\u00e9, gr\u00e2ce \u00e0 des capteurs install\u00e9s pour surveiller la structure pendant la man\u0153uvre. \u00bb<\/p><p>La suite ? Des mois de r\u00e9glages fins et d\u2019adaptation. \u00ab Il faut compter un \u00e0 deux ans pour une utilisation optimale. C\u2019est ce qu\u2019on appelle une p\u00e9riode de d\u00e9verminage, o\u00f9 l\u2019on affine les param\u00e8tres pour les adapter \u00e0 nos navires et cadences. \u00bb<\/p><p>Malgr\u00e9 les d\u00e9fis techniques, Aling\u00e9ry souligne l\u2019engagement collectif : \u00ab Les \u00e9quipes ont su relever chaque d\u00e9fi jusqu\u2019\u00e0 pr\u00e9sent. C\u2019est une r\u00e9ussite partag\u00e9e. \u00bb<\/p>\t\t\t\t\t\t\t\t<\/div>\n\t\t\t\t<\/div>\n\t\t\t\t\t<\/div>\n\t\t<\/div>\n\t\t\t\t\t<\/div>\n\t\t<\/section>\n\t\t\t\t<section class=\"elementor-section elementor-top-section elementor-element elementor-element-9b0ed27 elementor-section-boxed elementor-section-height-default elementor-section-height-default\" data-id=\"9b0ed27\" data-element_type=\"section\">\n\t\t\t\t\t\t<div class=\"elementor-container elementor-column-gap-default\">\n\t\t\t\t\t<div class=\"elementor-column elementor-col-100 elementor-top-column elementor-element elementor-element-7f8f4cf\" data-id=\"7f8f4cf\" data-element_type=\"column\">\n\t\t\t<div class=\"elementor-widget-wrap elementor-element-populated\">\n\t\t\t\t\t\t<div class=\"elementor-element elementor-element-5365b36 elementor-widget elementor-widget-heading\" data-id=\"5365b36\" data-element_type=\"widget\" data-widget_type=\"heading.default\">\n\t\t\t\t<div class=\"elementor-widget-container\">\n\t\t\t\t\t<h2 class=\"elementor-heading-title elementor-size-default\">Interventions crois\u00e9es : vision institutionnelle, m\u00e9moire du port et ambition \u00e9cologique<\/h2>\t\t\t\t<\/div>\n\t\t\t\t<\/div>\n\t\t\t\t<div class=\"elementor-element elementor-element-e1ca559 elementor-widget elementor-widget-text-editor\" data-id=\"e1ca559\" data-element_type=\"widget\" data-widget_type=\"text-editor.default\">\n\t\t\t\t<div class=\"elementor-widget-container\">\n\t\t\t\t\t\t\t\t\t<p data-pm-slice=\"1 1 []\"><strong>Frantz Thodiard<\/strong>, vice-pr\u00e9sident du Conseil de surveillance et ancien directeur du port, a retrac\u00e9 l\u2019histoire des g\u00e9n\u00e9rations de portiques : \u00ab On en est \u00e0 la quatri\u00e8me, ce sont les ports qui s\u2019adaptent aux navires, pas l\u2019inverse. Le projet est m\u00fbr, accompagn\u00e9 par l\u2019\u00c9tat, la CTM, l\u2019AFD, et les fonds europ\u00e9ens. \u00bb Il insiste sur la cr\u00e9ation de valeur et d\u2019emplois : \u00ab Al\u00e9, vir\u00e9 \u00e9 r\u00e9t\u00e9. C\u2019est cr\u00e9er de l\u2019emploi local, des entreprises, autour du transport maritime, du num\u00e9rique, de l\u2019environnement. \u00bb<\/p>\t\t\t\t\t\t\t\t<\/div>\n\t\t\t\t<\/div>\n\t\t\t\t<div class=\"elementor-element elementor-element-bf93c4e elementor-widget elementor-widget-image\" data-id=\"bf93c4e\" data-element_type=\"widget\" data-widget_type=\"image.default\">\n\t\t\t\t<div class=\"elementor-widget-container\">\n\t\t\t\t\t\t\t\t\t\t\t\t<figure class=\"wp-caption\">\n\t\t\t\t\t\t\t\t\t\t<img loading=\"lazy\" decoding=\"async\" width=\"800\" height=\"450\" src=\"https:\/\/richeskarayib.com\/wp-content\/uploads\/2025\/05\/WhatsApp-Image-2025-05-12-a-23.19.05_d8bb29a9-1024x576.jpg\" class=\"attachment-large size-large wp-image-51403\" alt=\"Hub Antilles\" srcset=\"https:\/\/richeskarayib.com\/wp-content\/uploads\/2025\/05\/WhatsApp-Image-2025-05-12-a-23.19.05_d8bb29a9-1024x576.jpg 1024w, https:\/\/richeskarayib.com\/wp-content\/uploads\/2025\/05\/WhatsApp-Image-2025-05-12-a-23.19.05_d8bb29a9-300x169.jpg 300w, https:\/\/richeskarayib.com\/wp-content\/uploads\/2025\/05\/WhatsApp-Image-2025-05-12-a-23.19.05_d8bb29a9-768x432.jpg 768w, https:\/\/richeskarayib.com\/wp-content\/uploads\/2025\/05\/WhatsApp-Image-2025-05-12-a-23.19.05_d8bb29a9-1536x864.jpg 1536w, https:\/\/richeskarayib.com\/wp-content\/uploads\/2025\/05\/WhatsApp-Image-2025-05-12-a-23.19.05_d8bb29a9-1320x743.jpg 1320w, https:\/\/richeskarayib.com\/wp-content\/uploads\/2025\/05\/WhatsApp-Image-2025-05-12-a-23.19.05_d8bb29a9.jpg 1600w\" sizes=\"(max-width: 800px) 100vw, 800px\" \/>\t\t\t\t\t\t\t\t\t\t\t<figcaption class=\"widget-image-caption wp-caption-text\">Frantz Thodiard<\/figcaption>\n\t\t\t\t\t\t\t\t\t\t<\/figure>\n\t\t\t\t\t\t\t\t\t<\/div>\n\t\t\t\t<\/div>\n\t\t\t\t<div class=\"elementor-element elementor-element-99f9526 elementor-widget elementor-widget-text-editor\" data-id=\"99f9526\" data-element_type=\"widget\" data-widget_type=\"text-editor.default\">\n\t\t\t\t<div class=\"elementor-widget-container\">\n\t\t\t\t\t\t\t\t\t<p data-pm-slice=\"1 1 []\"><strong>Jean-Claude Florentiny<\/strong>, au nom du Conseil de d\u00e9veloppement, a salu\u00e9 un renouvellement rare et structurant : \u00ab Ce n\u2019est pas banal. L\u2019attractivit\u00e9 passe aussi par la capacit\u00e9 \u00e0 attirer d\u2019autres compagnies maritimes. C\u2019est un outil commun, et il faut en \u00eatre fier. \u00bb<\/p>\t\t\t\t\t\t\t\t<\/div>\n\t\t\t\t<\/div>\n\t\t\t\t<div class=\"elementor-element elementor-element-fa48cba elementor-widget elementor-widget-image\" data-id=\"fa48cba\" data-element_type=\"widget\" data-widget_type=\"image.default\">\n\t\t\t\t<div class=\"elementor-widget-container\">\n\t\t\t\t\t\t\t\t\t\t\t\t<figure class=\"wp-caption\">\n\t\t\t\t\t\t\t\t\t\t<img loading=\"lazy\" decoding=\"async\" width=\"800\" height=\"450\" src=\"https:\/\/richeskarayib.com\/wp-content\/uploads\/2025\/05\/WhatsApp-Image-2025-05-12-a-23.19.48_4f462359-1024x576.jpg\" class=\"attachment-large size-large wp-image-51407\" alt=\"Hub Antilles\" srcset=\"https:\/\/richeskarayib.com\/wp-content\/uploads\/2025\/05\/WhatsApp-Image-2025-05-12-a-23.19.48_4f462359-1024x576.jpg 1024w, https:\/\/richeskarayib.com\/wp-content\/uploads\/2025\/05\/WhatsApp-Image-2025-05-12-a-23.19.48_4f462359-300x169.jpg 300w, https:\/\/richeskarayib.com\/wp-content\/uploads\/2025\/05\/WhatsApp-Image-2025-05-12-a-23.19.48_4f462359-768x432.jpg 768w, https:\/\/richeskarayib.com\/wp-content\/uploads\/2025\/05\/WhatsApp-Image-2025-05-12-a-23.19.48_4f462359-1536x864.jpg 1536w, https:\/\/richeskarayib.com\/wp-content\/uploads\/2025\/05\/WhatsApp-Image-2025-05-12-a-23.19.48_4f462359-1320x743.jpg 1320w, https:\/\/richeskarayib.com\/wp-content\/uploads\/2025\/05\/WhatsApp-Image-2025-05-12-a-23.19.48_4f462359.jpg 1600w\" sizes=\"(max-width: 800px) 100vw, 800px\" \/>\t\t\t\t\t\t\t\t\t\t\t<figcaption class=\"widget-image-caption wp-caption-text\">Jean-Claude Florentiny<\/figcaption>\n\t\t\t\t\t\t\t\t\t\t<\/figure>\n\t\t\t\t\t\t\t\t\t<\/div>\n\t\t\t\t<\/div>\n\t\t\t\t<div class=\"elementor-element elementor-element-4f2f97e elementor-widget elementor-widget-text-editor\" data-id=\"4f2f97e\" data-element_type=\"widget\" data-widget_type=\"text-editor.default\">\n\t\t\t\t<div class=\"elementor-widget-container\">\n\t\t\t\t\t\t\t\t\t<p data-pm-slice=\"1 1 []\"><strong>Philippe Rech<\/strong>, repr\u00e9sentant CMA CGM, a quant \u00e0 lui valoris\u00e9 la qualit\u00e9 de la collaboration : \u00ab Une v\u00e9ritable \u00e9coute, une rigueur professionnelle. C\u2019est un plaisir de travailler avec des professionnels. \u00bb Il a \u00e9galement annonc\u00e9 l\u2019arriv\u00e9e de six cavaliers hybrides, et le d\u00e9ploiement d\u2019un nouveau parc reefer aliment\u00e9 en photovolta\u00efque pour un investissement d\u2019environ 30 millions d\u2019euros.<\/p>\t\t\t\t\t\t\t\t<\/div>\n\t\t\t\t<\/div>\n\t\t\t\t<div class=\"elementor-element elementor-element-12eaaf1 elementor-widget elementor-widget-image\" data-id=\"12eaaf1\" data-element_type=\"widget\" data-widget_type=\"image.default\">\n\t\t\t\t<div class=\"elementor-widget-container\">\n\t\t\t\t\t\t\t\t\t\t\t\t<figure class=\"wp-caption\">\n\t\t\t\t\t\t\t\t\t\t<img loading=\"lazy\" decoding=\"async\" width=\"800\" height=\"450\" src=\"https:\/\/richeskarayib.com\/wp-content\/uploads\/2025\/05\/WhatsApp-Image-2025-05-12-a-23.21.16_42ce8cb3-1024x576.jpg\" class=\"attachment-large size-large wp-image-51411\" alt=\"Hub Antilles\" srcset=\"https:\/\/richeskarayib.com\/wp-content\/uploads\/2025\/05\/WhatsApp-Image-2025-05-12-a-23.21.16_42ce8cb3-1024x576.jpg 1024w, https:\/\/richeskarayib.com\/wp-content\/uploads\/2025\/05\/WhatsApp-Image-2025-05-12-a-23.21.16_42ce8cb3-300x169.jpg 300w, https:\/\/richeskarayib.com\/wp-content\/uploads\/2025\/05\/WhatsApp-Image-2025-05-12-a-23.21.16_42ce8cb3-768x432.jpg 768w, https:\/\/richeskarayib.com\/wp-content\/uploads\/2025\/05\/WhatsApp-Image-2025-05-12-a-23.21.16_42ce8cb3-1536x864.jpg 1536w, https:\/\/richeskarayib.com\/wp-content\/uploads\/2025\/05\/WhatsApp-Image-2025-05-12-a-23.21.16_42ce8cb3-1320x743.jpg 1320w, https:\/\/richeskarayib.com\/wp-content\/uploads\/2025\/05\/WhatsApp-Image-2025-05-12-a-23.21.16_42ce8cb3.jpg 1600w\" sizes=\"(max-width: 800px) 100vw, 800px\" \/>\t\t\t\t\t\t\t\t\t\t\t<figcaption class=\"widget-image-caption wp-caption-text\">Philippe Rech<\/figcaption>\n\t\t\t\t\t\t\t\t\t\t<\/figure>\n\t\t\t\t\t\t\t\t\t<\/div>\n\t\t\t\t<\/div>\n\t\t\t\t<div class=\"elementor-element elementor-element-271af09 elementor-widget elementor-widget-text-editor\" data-id=\"271af09\" data-element_type=\"widget\" data-widget_type=\"text-editor.default\">\n\t\t\t\t<div class=\"elementor-widget-container\">\n\t\t\t\t\t\t\t\t\t<p data-pm-slice=\"1 1 []\"><strong>Maurice Claude<\/strong>, ancien salari\u00e9 du port, a livr\u00e9 un t\u00e9moignage charg\u00e9 de m\u00e9moire et de transmission. \u00ab Ce que vous voyez, on l\u2019a b\u00e2ti de nos mains. Il n\u2019y avait rien au d\u00e9part. Ce terminal est le fruit de nos sacrifices \u00bb, a-t-il rappel\u00e9 avec \u00e9motion. Fort de ses 38 ans de carri\u00e8re, il a insist\u00e9 sur l\u2019importance de ne jamais perdre de vue la dimension humaine de ces r\u00e9alisations : \u00ab Un homme sans m\u00e9moire est un homme sans vie. Un peuple sans m\u00e9moire est un peuple sans avenir. \u00bb<\/p>\t\t\t\t\t\t\t\t<\/div>\n\t\t\t\t<\/div>\n\t\t\t\t<div class=\"elementor-element elementor-element-7a4db1a elementor-widget elementor-widget-image\" data-id=\"7a4db1a\" data-element_type=\"widget\" data-widget_type=\"image.default\">\n\t\t\t\t<div class=\"elementor-widget-container\">\n\t\t\t\t\t\t\t\t\t\t\t\t<figure class=\"wp-caption\">\n\t\t\t\t\t\t\t\t\t\t<img loading=\"lazy\" decoding=\"async\" width=\"800\" height=\"450\" src=\"https:\/\/richeskarayib.com\/wp-content\/uploads\/2025\/05\/WhatsApp-Image-2025-05-12-a-23.24.51_b906cfe6-1024x576.jpg\" class=\"attachment-large size-large wp-image-51415\" alt=\"Hub Antilles\" srcset=\"https:\/\/richeskarayib.com\/wp-content\/uploads\/2025\/05\/WhatsApp-Image-2025-05-12-a-23.24.51_b906cfe6-1024x576.jpg 1024w, https:\/\/richeskarayib.com\/wp-content\/uploads\/2025\/05\/WhatsApp-Image-2025-05-12-a-23.24.51_b906cfe6-300x169.jpg 300w, https:\/\/richeskarayib.com\/wp-content\/uploads\/2025\/05\/WhatsApp-Image-2025-05-12-a-23.24.51_b906cfe6-768x432.jpg 768w, https:\/\/richeskarayib.com\/wp-content\/uploads\/2025\/05\/WhatsApp-Image-2025-05-12-a-23.24.51_b906cfe6-1536x864.jpg 1536w, https:\/\/richeskarayib.com\/wp-content\/uploads\/2025\/05\/WhatsApp-Image-2025-05-12-a-23.24.51_b906cfe6-1320x743.jpg 1320w, https:\/\/richeskarayib.com\/wp-content\/uploads\/2025\/05\/WhatsApp-Image-2025-05-12-a-23.24.51_b906cfe6.jpg 1600w\" sizes=\"(max-width: 800px) 100vw, 800px\" \/>\t\t\t\t\t\t\t\t\t\t\t<figcaption class=\"widget-image-caption wp-caption-text\">Claude Maurice<\/figcaption>\n\t\t\t\t\t\t\t\t\t\t<\/figure>\n\t\t\t\t\t\t\t\t\t<\/div>\n\t\t\t\t<\/div>\n\t\t\t\t<div class=\"elementor-element elementor-element-a896100 elementor-widget elementor-widget-text-editor\" data-id=\"a896100\" data-element_type=\"widget\" data-widget_type=\"text-editor.default\">\n\t\t\t\t<div class=\"elementor-widget-container\">\n\t\t\t\t\t\t\t\t\t<p data-pm-slice=\"1 1 []\"><strong>Deux salari\u00e9s actuels<\/strong> ont \u00e9galement pris la parole lors de l\u2019\u00e9v\u00e9nement. Le premier, impressionn\u00e9, a d\u00e9clar\u00e9 : \u00ab Ce n\u2019est pas tous les jours qu\u2019on voit \u00e7a. On a l\u2019habitude de voir des portiques sur rail, mais pos\u00e9s sur un bateau comme \u00e7a, c\u2019est impressionnant. \u00bb<\/p><p>Le second a partag\u00e9 un regard plus tourn\u00e9 vers la transmission : \u00ab J\u2019ai assist\u00e9 \u00e0 l\u2019arriv\u00e9e du P4, du P5, du P6\u2026 Aujourd\u2019hui, le P7 et le P8. J\u2019esp\u00e8re que les jeunes qui viennent d\u2019arriver, et ceux qui arriveront, pourront continuer le travail que nous avons commenc\u00e9. \u00bb<\/p>\t\t\t\t\t\t\t\t<\/div>\n\t\t\t\t<\/div>\n\t\t\t\t<section class=\"elementor-section elementor-inner-section elementor-element elementor-element-3bedd95 elementor-section-boxed elementor-section-height-default elementor-section-height-default\" data-id=\"3bedd95\" data-element_type=\"section\">\n\t\t\t\t\t\t<div class=\"elementor-container elementor-column-gap-default\">\n\t\t\t\t\t<div class=\"elementor-column elementor-col-50 elementor-inner-column elementor-element elementor-element-4bfd207\" data-id=\"4bfd207\" data-element_type=\"column\">\n\t\t\t<div class=\"elementor-widget-wrap elementor-element-populated\">\n\t\t\t\t\t\t<div class=\"elementor-element elementor-element-88da6a4 elementor-widget elementor-widget-image\" data-id=\"88da6a4\" data-element_type=\"widget\" data-widget_type=\"image.default\">\n\t\t\t\t<div class=\"elementor-widget-container\">\n\t\t\t\t\t\t\t\t\t\t\t\t<figure class=\"wp-caption\">\n\t\t\t\t\t\t\t\t\t\t<img loading=\"lazy\" decoding=\"async\" width=\"576\" height=\"1024\" src=\"https:\/\/richeskarayib.com\/wp-content\/uploads\/2025\/05\/WhatsApp-Image-2025-05-12-a-23.32.17_7d1b9d0d-576x1024.jpg\" class=\"attachment-large size-large wp-image-51419\" alt=\"Hub Antilles\" srcset=\"https:\/\/richeskarayib.com\/wp-content\/uploads\/2025\/05\/WhatsApp-Image-2025-05-12-a-23.32.17_7d1b9d0d-576x1024.jpg 576w, https:\/\/richeskarayib.com\/wp-content\/uploads\/2025\/05\/WhatsApp-Image-2025-05-12-a-23.32.17_7d1b9d0d-169x300.jpg 169w, https:\/\/richeskarayib.com\/wp-content\/uploads\/2025\/05\/WhatsApp-Image-2025-05-12-a-23.32.17_7d1b9d0d-768x1365.jpg 768w, https:\/\/richeskarayib.com\/wp-content\/uploads\/2025\/05\/WhatsApp-Image-2025-05-12-a-23.32.17_7d1b9d0d-864x1536.jpg 864w, https:\/\/richeskarayib.com\/wp-content\/uploads\/2025\/05\/WhatsApp-Image-2025-05-12-a-23.32.17_7d1b9d0d.jpg 900w\" sizes=\"(max-width: 576px) 100vw, 576px\" \/>\t\t\t\t\t\t\t\t\t\t\t<figcaption class=\"widget-image-caption wp-caption-text\">Kevin Modestin<\/figcaption>\n\t\t\t\t\t\t\t\t\t\t<\/figure>\n\t\t\t\t\t\t\t\t\t<\/div>\n\t\t\t\t<\/div>\n\t\t\t\t\t<\/div>\n\t\t<\/div>\n\t\t\t\t<div class=\"elementor-column elementor-col-50 elementor-inner-column elementor-element elementor-element-4028ad6\" data-id=\"4028ad6\" data-element_type=\"column\">\n\t\t\t<div class=\"elementor-widget-wrap elementor-element-populated\">\n\t\t\t\t\t\t<div class=\"elementor-element elementor-element-2121bc8 elementor-widget elementor-widget-image\" data-id=\"2121bc8\" data-element_type=\"widget\" data-widget_type=\"image.default\">\n\t\t\t\t<div class=\"elementor-widget-container\">\n\t\t\t\t\t\t\t\t\t\t\t\t<figure class=\"wp-caption\">\n\t\t\t\t\t\t\t\t\t\t<img loading=\"lazy\" decoding=\"async\" width=\"576\" height=\"1024\" src=\"https:\/\/richeskarayib.com\/wp-content\/uploads\/2025\/05\/WhatsApp-Image-2025-05-12-a-23.32.35_20ed7f19-576x1024.jpg\" class=\"attachment-large size-large wp-image-51423\" alt=\"Hub Antilles\" srcset=\"https:\/\/richeskarayib.com\/wp-content\/uploads\/2025\/05\/WhatsApp-Image-2025-05-12-a-23.32.35_20ed7f19-576x1024.jpg 576w, https:\/\/richeskarayib.com\/wp-content\/uploads\/2025\/05\/WhatsApp-Image-2025-05-12-a-23.32.35_20ed7f19-169x300.jpg 169w, https:\/\/richeskarayib.com\/wp-content\/uploads\/2025\/05\/WhatsApp-Image-2025-05-12-a-23.32.35_20ed7f19-768x1365.jpg 768w, https:\/\/richeskarayib.com\/wp-content\/uploads\/2025\/05\/WhatsApp-Image-2025-05-12-a-23.32.35_20ed7f19-864x1536.jpg 864w, https:\/\/richeskarayib.com\/wp-content\/uploads\/2025\/05\/WhatsApp-Image-2025-05-12-a-23.32.35_20ed7f19.jpg 900w\" sizes=\"(max-width: 576px) 100vw, 576px\" \/>\t\t\t\t\t\t\t\t\t\t\t<figcaption class=\"widget-image-caption wp-caption-text\">Michel Jouan<\/figcaption>\n\t\t\t\t\t\t\t\t\t\t<\/figure>\n\t\t\t\t\t\t\t\t\t<\/div>\n\t\t\t\t<\/div>\n\t\t\t\t\t<\/div>\n\t\t<\/div>\n\t\t\t\t\t<\/div>\n\t\t<\/section>\n\t\t\t\t\t<\/div>\n\t\t<\/div>\n\t\t\t\t\t<\/div>\n\t\t<\/section>\n\t\t\t\t<section class=\"elementor-section elementor-top-section elementor-element elementor-element-37ecc2e elementor-section-boxed elementor-section-height-default elementor-section-height-default\" data-id=\"37ecc2e\" data-element_type=\"section\">\n\t\t\t\t\t\t<div class=\"elementor-container elementor-column-gap-default\">\n\t\t\t\t\t<div class=\"elementor-column elementor-col-100 elementor-top-column elementor-element elementor-element-1bf1004\" data-id=\"1bf1004\" data-element_type=\"column\">\n\t\t\t<div class=\"elementor-widget-wrap elementor-element-populated\">\n\t\t\t\t\t\t<div class=\"elementor-element elementor-element-7730d5a elementor-widget elementor-widget-heading\" data-id=\"7730d5a\" data-element_type=\"widget\" data-widget_type=\"heading.default\">\n\t\t\t\t<div class=\"elementor-widget-container\">\n\t\t\t\t\t<h2 class=\"elementor-heading-title elementor-size-default\">Un outil d\u2019avenir pour le territoire<\/h2>\t\t\t\t<\/div>\n\t\t\t\t<\/div>\n\t\t\t\t<div class=\"elementor-element elementor-element-b0dba7b elementor-widget elementor-widget-text-editor\" data-id=\"b0dba7b\" data-element_type=\"widget\" data-widget_type=\"text-editor.default\">\n\t\t\t\t<div class=\"elementor-widget-container\">\n\t\t\t\t\t\t\t\t\t<p data-pm-slice=\"1 1 []\">Ce projet est labellis\u00e9 <strong>&#8220;La Mer en Commun&#8221;<\/strong> dans le cadre de l\u2019Ann\u00e9e de la Mer 2025. Il s\u2019agit autant d\u2019un investissement technique que d\u2019un engagement structurant : la Martinique affirme sa volont\u00e9 de jouer un r\u00f4le moteur dans les \u00e9changes r\u00e9gionaux.<\/p><p>La transformation du port est en marche, et c\u2019est tout un \u00e9cosyst\u00e8me qui est appel\u00e9 \u00e0 s\u2019en emparer : entreprises, industriels, importateurs, \u00e9lus. \u00ab Il faut que les acteurs \u00e9conomiques s\u2019en emparent \u00bb, insiste Bruno Menc\u00e9. \u00ab Ces portiques sont une cl\u00e9. \u00c0 nous tous de construire la suite. \u00bb<\/p>\t\t\t\t\t\t\t\t<\/div>\n\t\t\t\t<\/div>\n\t\t\t\t<div class=\"elementor-element elementor-element-6142fbf elementor-widget elementor-widget-image\" data-id=\"6142fbf\" data-element_type=\"widget\" data-widget_type=\"image.default\">\n\t\t\t\t<div class=\"elementor-widget-container\">\n\t\t\t\t\t\t\t\t\t\t\t\t\t\t\t<img loading=\"lazy\" decoding=\"async\" width=\"800\" height=\"450\" src=\"https:\/\/richeskarayib.com\/wp-content\/uploads\/2025\/05\/WhatsApp-Image-2025-05-12-a-23.41.17_d9887196-1024x576.jpg\" class=\"attachment-large size-large wp-image-51447\" alt=\"Hub Antilles\" srcset=\"https:\/\/richeskarayib.com\/wp-content\/uploads\/2025\/05\/WhatsApp-Image-2025-05-12-a-23.41.17_d9887196-1024x576.jpg 1024w, https:\/\/richeskarayib.com\/wp-content\/uploads\/2025\/05\/WhatsApp-Image-2025-05-12-a-23.41.17_d9887196-300x169.jpg 300w, https:\/\/richeskarayib.com\/wp-content\/uploads\/2025\/05\/WhatsApp-Image-2025-05-12-a-23.41.17_d9887196-768x432.jpg 768w, https:\/\/richeskarayib.com\/wp-content\/uploads\/2025\/05\/WhatsApp-Image-2025-05-12-a-23.41.17_d9887196-1536x864.jpg 1536w, https:\/\/richeskarayib.com\/wp-content\/uploads\/2025\/05\/WhatsApp-Image-2025-05-12-a-23.41.17_d9887196-1320x743.jpg 1320w, https:\/\/richeskarayib.com\/wp-content\/uploads\/2025\/05\/WhatsApp-Image-2025-05-12-a-23.41.17_d9887196.jpg 1600w\" sizes=\"(max-width: 800px) 100vw, 800px\" \/>\t\t\t\t\t\t\t\t\t\t\t\t\t\t\t<\/div>\n\t\t\t\t<\/div>\n\t\t\t\t<div class=\"elementor-element elementor-element-442024d elementor-widget elementor-widget-image\" data-id=\"442024d\" data-element_type=\"widget\" data-widget_type=\"image.default\">\n\t\t\t\t<div class=\"elementor-widget-container\">\n\t\t\t\t\t\t\t\t\t\t\t\t\t\t\t<img loading=\"lazy\" decoding=\"async\" width=\"800\" height=\"450\" src=\"https:\/\/richeskarayib.com\/wp-content\/uploads\/2025\/05\/WhatsApp-Image-2025-05-12-a-23.37.24_25a9d9d6-1024x576.jpg\" class=\"attachment-large size-large wp-image-51427\" alt=\"Hub Antilles\" srcset=\"https:\/\/richeskarayib.com\/wp-content\/uploads\/2025\/05\/WhatsApp-Image-2025-05-12-a-23.37.24_25a9d9d6-1024x576.jpg 1024w, https:\/\/richeskarayib.com\/wp-content\/uploads\/2025\/05\/WhatsApp-Image-2025-05-12-a-23.37.24_25a9d9d6-300x169.jpg 300w, https:\/\/richeskarayib.com\/wp-content\/uploads\/2025\/05\/WhatsApp-Image-2025-05-12-a-23.37.24_25a9d9d6-768x432.jpg 768w, https:\/\/richeskarayib.com\/wp-content\/uploads\/2025\/05\/WhatsApp-Image-2025-05-12-a-23.37.24_25a9d9d6-1536x864.jpg 1536w, https:\/\/richeskarayib.com\/wp-content\/uploads\/2025\/05\/WhatsApp-Image-2025-05-12-a-23.37.24_25a9d9d6-1320x743.jpg 1320w, https:\/\/richeskarayib.com\/wp-content\/uploads\/2025\/05\/WhatsApp-Image-2025-05-12-a-23.37.24_25a9d9d6.jpg 1600w\" sizes=\"(max-width: 800px) 100vw, 800px\" \/>\t\t\t\t\t\t\t\t\t\t\t\t\t\t\t<\/div>\n\t\t\t\t<\/div>\n\t\t\t\t<div class=\"elementor-element elementor-element-09ee7af elementor-widget elementor-widget-image\" data-id=\"09ee7af\" data-element_type=\"widget\" data-widget_type=\"image.default\">\n\t\t\t\t<div class=\"elementor-widget-container\">\n\t\t\t\t\t\t\t\t\t\t\t\t\t\t\t<img loading=\"lazy\" decoding=\"async\" width=\"800\" height=\"450\" src=\"https:\/\/richeskarayib.com\/wp-content\/uploads\/2025\/05\/WhatsApp-Image-2025-05-12-a-23.37.50_4eae5d81-1024x576.jpg\" class=\"attachment-large size-large wp-image-51431\" alt=\"Hub Antilles\" srcset=\"https:\/\/richeskarayib.com\/wp-content\/uploads\/2025\/05\/WhatsApp-Image-2025-05-12-a-23.37.50_4eae5d81-1024x576.jpg 1024w, https:\/\/richeskarayib.com\/wp-content\/uploads\/2025\/05\/WhatsApp-Image-2025-05-12-a-23.37.50_4eae5d81-300x169.jpg 300w, https:\/\/richeskarayib.com\/wp-content\/uploads\/2025\/05\/WhatsApp-Image-2025-05-12-a-23.37.50_4eae5d81-768x432.jpg 768w, https:\/\/richeskarayib.com\/wp-content\/uploads\/2025\/05\/WhatsApp-Image-2025-05-12-a-23.37.50_4eae5d81-1536x864.jpg 1536w, https:\/\/richeskarayib.com\/wp-content\/uploads\/2025\/05\/WhatsApp-Image-2025-05-12-a-23.37.50_4eae5d81-1320x743.jpg 1320w, https:\/\/richeskarayib.com\/wp-content\/uploads\/2025\/05\/WhatsApp-Image-2025-05-12-a-23.37.50_4eae5d81.jpg 1600w\" sizes=\"(max-width: 800px) 100vw, 800px\" \/>\t\t\t\t\t\t\t\t\t\t\t\t\t\t\t<\/div>\n\t\t\t\t<\/div>\n\t\t\t\t<div class=\"elementor-element elementor-element-80cf16b elementor-widget elementor-widget-image\" data-id=\"80cf16b\" data-element_type=\"widget\" data-widget_type=\"image.default\">\n\t\t\t\t<div class=\"elementor-widget-container\">\n\t\t\t\t\t\t\t\t\t\t\t\t\t\t\t<img loading=\"lazy\" decoding=\"async\" width=\"800\" height=\"450\" src=\"https:\/\/richeskarayib.com\/wp-content\/uploads\/2025\/05\/WhatsApp-Image-2025-05-12-a-23.38.09_2ef4abd8-1024x576.jpg\" class=\"attachment-large size-large wp-image-51435\" alt=\"Hub Antilles\" srcset=\"https:\/\/richeskarayib.com\/wp-content\/uploads\/2025\/05\/WhatsApp-Image-2025-05-12-a-23.38.09_2ef4abd8-1024x576.jpg 1024w, https:\/\/richeskarayib.com\/wp-content\/uploads\/2025\/05\/WhatsApp-Image-2025-05-12-a-23.38.09_2ef4abd8-300x169.jpg 300w, https:\/\/richeskarayib.com\/wp-content\/uploads\/2025\/05\/WhatsApp-Image-2025-05-12-a-23.38.09_2ef4abd8-768x432.jpg 768w, https:\/\/richeskarayib.com\/wp-content\/uploads\/2025\/05\/WhatsApp-Image-2025-05-12-a-23.38.09_2ef4abd8-1536x864.jpg 1536w, https:\/\/richeskarayib.com\/wp-content\/uploads\/2025\/05\/WhatsApp-Image-2025-05-12-a-23.38.09_2ef4abd8-1320x743.jpg 1320w, https:\/\/richeskarayib.com\/wp-content\/uploads\/2025\/05\/WhatsApp-Image-2025-05-12-a-23.38.09_2ef4abd8.jpg 1600w\" sizes=\"(max-width: 800px) 100vw, 800px\" \/>\t\t\t\t\t\t\t\t\t\t\t\t\t\t\t<\/div>\n\t\t\t\t<\/div>\n\t\t\t\t<div class=\"elementor-element elementor-element-9592845 elementor-widget elementor-widget-image\" data-id=\"9592845\" data-element_type=\"widget\" data-widget_type=\"image.default\">\n\t\t\t\t<div class=\"elementor-widget-container\">\n\t\t\t\t\t\t\t\t\t\t\t\t\t\t\t<img loading=\"lazy\" decoding=\"async\" width=\"800\" height=\"450\" src=\"https:\/\/richeskarayib.com\/wp-content\/uploads\/2025\/05\/WhatsApp-Image-2025-05-12-a-23.38.51_aada3e50-1024x576.jpg\" class=\"attachment-large size-large wp-image-51439\" alt=\"Hub Antilles\" srcset=\"https:\/\/richeskarayib.com\/wp-content\/uploads\/2025\/05\/WhatsApp-Image-2025-05-12-a-23.38.51_aada3e50-1024x576.jpg 1024w, https:\/\/richeskarayib.com\/wp-content\/uploads\/2025\/05\/WhatsApp-Image-2025-05-12-a-23.38.51_aada3e50-300x169.jpg 300w, https:\/\/richeskarayib.com\/wp-content\/uploads\/2025\/05\/WhatsApp-Image-2025-05-12-a-23.38.51_aada3e50-768x432.jpg 768w, https:\/\/richeskarayib.com\/wp-content\/uploads\/2025\/05\/WhatsApp-Image-2025-05-12-a-23.38.51_aada3e50-1536x864.jpg 1536w, https:\/\/richeskarayib.com\/wp-content\/uploads\/2025\/05\/WhatsApp-Image-2025-05-12-a-23.38.51_aada3e50-1320x743.jpg 1320w, https:\/\/richeskarayib.com\/wp-content\/uploads\/2025\/05\/WhatsApp-Image-2025-05-12-a-23.38.51_aada3e50.jpg 1600w\" sizes=\"(max-width: 800px) 100vw, 800px\" \/>\t\t\t\t\t\t\t\t\t\t\t\t\t\t\t<\/div>\n\t\t\t\t<\/div>\n\t\t\t\t<div class=\"elementor-element elementor-element-05786d6 elementor-widget elementor-widget-image\" data-id=\"05786d6\" data-element_type=\"widget\" data-widget_type=\"image.default\">\n\t\t\t\t<div class=\"elementor-widget-container\">\n\t\t\t\t\t\t\t\t\t\t\t\t\t\t\t<img loading=\"lazy\" decoding=\"async\" width=\"800\" height=\"450\" src=\"https:\/\/richeskarayib.com\/wp-content\/uploads\/2025\/05\/WhatsApp-Image-2025-05-12-a-23.41.56_02dd0237-1024x576.jpg\" class=\"attachment-large size-large wp-image-51451\" alt=\"Hub Antilles\" srcset=\"https:\/\/richeskarayib.com\/wp-content\/uploads\/2025\/05\/WhatsApp-Image-2025-05-12-a-23.41.56_02dd0237-1024x576.jpg 1024w, https:\/\/richeskarayib.com\/wp-content\/uploads\/2025\/05\/WhatsApp-Image-2025-05-12-a-23.41.56_02dd0237-300x169.jpg 300w, https:\/\/richeskarayib.com\/wp-content\/uploads\/2025\/05\/WhatsApp-Image-2025-05-12-a-23.41.56_02dd0237-768x432.jpg 768w, https:\/\/richeskarayib.com\/wp-content\/uploads\/2025\/05\/WhatsApp-Image-2025-05-12-a-23.41.56_02dd0237-1536x864.jpg 1536w, https:\/\/richeskarayib.com\/wp-content\/uploads\/2025\/05\/WhatsApp-Image-2025-05-12-a-23.41.56_02dd0237-1320x743.jpg 1320w, https:\/\/richeskarayib.com\/wp-content\/uploads\/2025\/05\/WhatsApp-Image-2025-05-12-a-23.41.56_02dd0237.jpg 1600w\" sizes=\"(max-width: 800px) 100vw, 800px\" \/>\t\t\t\t\t\t\t\t\t\t\t\t\t\t\t<\/div>\n\t\t\t\t<\/div>\n\t\t\t\t\t<\/div>\n\t\t<\/div>\n\t\t\t\t\t<\/div>\n\t\t<\/section>\n\t\t\t\t<\/div>\n\t\t","protected":false},"excerpt":{"rendered":"<p>Le 12 mai 2025, sur le quai de la Pointe des Grives, le Grand Port Maritime de la Martinique a pr\u00e9sent\u00e9 deux portiques nouvelle g\u00e9n\u00e9ration. Ces \u00e9quipements marquent une avanc\u00e9e strat\u00e9gique pour le territoire, au c\u0153ur du projet Hub Antilles, soutenu par l\u2019\u00c9tat, les collectivit\u00e9s et des partenaires priv\u00e9s. Une avanc\u00e9e structurante pour le terminal [&hellip;]<\/p>\n","protected":false},"author":47,"featured_media":51387,"comment_status":"open","ping_status":"open","sticky":false,"template":"","format":"standard","meta":{"_acf_changed":false,"footnotes":""},"categories":[840,1723],"tags":[808],"class_list":["post-51386","post","type-post","status-publish","format-standard","has-post-thumbnail","hentry","category-actus","category-maritime-fr","tag-martinique-fr"],"acf":[],"_links":{"self":[{"href":"https:\/\/richeskarayib.com\/fr\/wp-json\/wp\/v2\/posts\/51386","targetHints":{"allow":["GET"]}}],"collection":[{"href":"https:\/\/richeskarayib.com\/fr\/wp-json\/wp\/v2\/posts"}],"about":[{"href":"https:\/\/richeskarayib.com\/fr\/wp-json\/wp\/v2\/types\/post"}],"author":[{"embeddable":true,"href":"https:\/\/richeskarayib.com\/fr\/wp-json\/wp\/v2\/users\/47"}],"replies":[{"embeddable":true,"href":"https:\/\/richeskarayib.com\/fr\/wp-json\/wp\/v2\/comments?post=51386"}],"version-history":[{"count":0,"href":"https:\/\/richeskarayib.com\/fr\/wp-json\/wp\/v2\/posts\/51386\/revisions"}],"wp:featuredmedia":[{"embeddable":true,"href":"https:\/\/richeskarayib.com\/fr\/wp-json\/wp\/v2\/media\/51387"}],"wp:attachment":[{"href":"https:\/\/richeskarayib.com\/fr\/wp-json\/wp\/v2\/media?parent=51386"}],"wp:term":[{"taxonomy":"category","embeddable":true,"href":"https:\/\/richeskarayib.com\/fr\/wp-json\/wp\/v2\/categories?post=51386"},{"taxonomy":"post_tag","embeddable":true,"href":"https:\/\/richeskarayib.com\/fr\/wp-json\/wp\/v2\/tags?post=51386"}],"curies":[{"name":"wp","href":"https:\/\/api.w.org\/{rel}","templated":true}]}}