{"id":51619,"date":"2025-05-15T14:11:31","date_gmt":"2025-05-15T18:11:31","guid":{"rendered":"https:\/\/richeskarayib.com\/?p=51619"},"modified":"2025-05-15T14:20:46","modified_gmt":"2025-05-15T18:20:46","slug":"joe-dwet-file-recompense-aux-flammes-2025","status":"publish","type":"post","link":"https:\/\/richeskarayib.com\/fr\/joe-dwet-file-recompense-aux-flammes-2025\/","title":{"rendered":"Ha\u00efti &#8211; Le chanteur franco-ha\u00eftien Jo\u00e9 Dw\u00e8t Fil\u00e9 r\u00e9compens\u00e9 aux Flammes 2025"},"content":{"rendered":"\t\t<div data-elementor-type=\"wp-post\" data-elementor-id=\"51619\" class=\"elementor elementor-51619\" data-elementor-post-type=\"post\">\n\t\t\t\t\t\t<section class=\"elementor-section elementor-top-section elementor-element elementor-element-7d4f952 elementor-section-boxed elementor-section-height-default elementor-section-height-default\" data-id=\"7d4f952\" data-element_type=\"section\">\n\t\t\t\t\t\t<div class=\"elementor-container elementor-column-gap-default\">\n\t\t\t\t\t<div class=\"elementor-column elementor-col-100 elementor-top-column elementor-element elementor-element-f3833fa\" data-id=\"f3833fa\" data-element_type=\"column\">\n\t\t\t<div class=\"elementor-widget-wrap elementor-element-populated\">\n\t\t\t\t\t\t<div class=\"elementor-element elementor-element-6cd393f elementor-widget elementor-widget-text-editor\" data-id=\"6cd393f\" data-element_type=\"widget\" data-widget_type=\"text-editor.default\">\n\t\t\t\t<div class=\"elementor-widget-container\">\n\t\t\t\t\t\t\t\t\t<p><span style=\"font-weight: 400;\">Le chanteur franco-ha\u00eftien <a href=\"https:\/\/rci.fm\/deuxiles\/infos\/Societe\/Flammes-2025-Joe-Dwet-File-recoit-le-prix-de-la-musique-caribeenne-de-lannee\" target=\"_blank\" rel=\"noopener nofollow\">Jo\u00e9 Dw\u00e8t Fil\u00e9<\/a> vient de marquer l\u2019histoire de la musique carib\u00e9enne en remportant la Flamme du morceau carib\u00e9en ou d\u2019inspiration carib\u00e9enne lors de la troisi\u00e8me \u00e9dition des Flammes, le 13 mai 2025 \u00e0 la Seine Musicale de Paris, gr\u00e2ce \u00e0 son titre \u00ab 4 Kamp\u00e9 \u00bb. Cette victoire, qui intervient en plein mois de c\u00e9l\u00e9bration de l\u2019h\u00e9ritage culturel ha\u00eftien, r\u00e9sonne comme une reconnaissance \u00e9clatante du talent de l\u2019artiste et de la richesse des sonorit\u00e9s issues de la Cara\u00efbe.<\/span><\/p>\t\t\t\t\t\t\t\t<\/div>\n\t\t\t\t<\/div>\n\t\t\t\t\t<\/div>\n\t\t<\/div>\n\t\t\t\t\t<\/div>\n\t\t<\/section>\n\t\t\t\t<section class=\"elementor-section elementor-top-section elementor-element elementor-element-16ba7e0 elementor-section-boxed elementor-section-height-default elementor-section-height-default\" data-id=\"16ba7e0\" data-element_type=\"section\">\n\t\t\t\t\t\t<div class=\"elementor-container elementor-column-gap-default\">\n\t\t\t\t\t<div class=\"elementor-column elementor-col-100 elementor-top-column elementor-element elementor-element-f6fb52b\" data-id=\"f6fb52b\" data-element_type=\"column\">\n\t\t\t<div class=\"elementor-widget-wrap elementor-element-populated\">\n\t\t\t\t\t\t<div class=\"elementor-element elementor-element-0ce05bd elementor-widget elementor-widget-heading\" data-id=\"0ce05bd\" data-element_type=\"widget\" data-widget_type=\"heading.default\">\n\t\t\t\t<div class=\"elementor-widget-container\">\n\t\t\t\t\t<h2 class=\"elementor-heading-title elementor-size-default\">Les Flammes : une c\u00e9r\u00e9monie qui valorise la diversit\u00e9 musicale<\/h2>\t\t\t\t<\/div>\n\t\t\t\t<\/div>\n\t\t\t\t<div class=\"elementor-element elementor-element-f5427b4 elementor-widget elementor-widget-text-editor\" data-id=\"f5427b4\" data-element_type=\"widget\" data-widget_type=\"text-editor.default\">\n\t\t\t\t<div class=\"elementor-widget-container\">\n\t\t\t\t\t\t\t\t\t<h3><strong>Origines et mission de la c\u00e9r\u00e9monie<\/strong><\/h3><p><span style=\"font-weight: 400;\">Cr\u00e9\u00e9e en 2023, la c\u00e9r\u00e9monie des Flammes s\u2019est rapidement impos\u00e9e comme un rendez-vous majeur pour les musiques urbaines, afro, carib\u00e9ennes et diasporiques en France<\/span><span style=\"font-weight: 400;\">. Contrairement \u00e0 d\u2019autres c\u00e9r\u00e9monies parfois critiqu\u00e9es pour leur manque de diversit\u00e9, Les Flammes mettent un point d\u2019honneur \u00e0 c\u00e9l\u00e9brer la pluralit\u00e9 des cultures et \u00e0 offrir une visibilit\u00e9 accrue \u00e0 des artistes issus d\u2019horizons vari\u00e9s. Cette initiative inclusive permet de mettre en lumi\u00e8re des talents qui font vibrer la sc\u00e8ne francophone et internationale.<\/span><\/p>\t\t\t\t\t\t\t\t<\/div>\n\t\t\t\t<\/div>\n\t\t\t\t<div class=\"elementor-element elementor-element-0f1d427 elementor-widget elementor-widget-text-editor\" data-id=\"0f1d427\" data-element_type=\"widget\" data-widget_type=\"text-editor.default\">\n\t\t\t\t<div class=\"elementor-widget-container\">\n\t\t\t\t\t\t\t\t\t<h3><strong>Place de la musique carib\u00e9enne dans l\u2019\u00e9v\u00e9nement<\/strong><\/h3>\n<p><span style=\"font-weight: 400;\">La <a href=\"https:\/\/richeskarayib.com\/fr\/shaka-pow-parcours-entre-musique-et-medecine\/\" target=\"_blank\" rel=\"noopener\">musique carib\u00e9enne<\/a> occupe une place de choix dans la programmation des Flammes. \u00c0 travers des cat\u00e9gories d\u00e9di\u00e9es, la c\u00e9r\u00e9monie rend hommage \u00e0 la cr\u00e9ativit\u00e9, \u00e0 l\u2019originalit\u00e9 et \u00e0 l\u2019influence mondiale des sons venus des Antilles et de la Cara\u00efbe. Cette ann\u00e9e, la comp\u00e9tition pour la Flamme du morceau carib\u00e9en ou d\u2019inspiration carib\u00e9enne a \u00e9t\u00e9 particuli\u00e8rement relev\u00e9e, mettant en avant la diversit\u00e9 et la vitalit\u00e9 de ce courant musical.<\/span><\/p>\t\t\t\t\t\t\t\t<\/div>\n\t\t\t\t<\/div>\n\t\t\t\t<section class=\"elementor-section elementor-inner-section elementor-element elementor-element-b36733b elementor-section-boxed elementor-section-height-default elementor-section-height-default\" data-id=\"b36733b\" data-element_type=\"section\">\n\t\t\t\t\t\t<div class=\"elementor-container elementor-column-gap-default\">\n\t\t\t\t\t<div class=\"elementor-column elementor-col-50 elementor-inner-column elementor-element elementor-element-5f77cb5\" data-id=\"5f77cb5\" data-element_type=\"column\">\n\t\t\t<div class=\"elementor-widget-wrap elementor-element-populated\">\n\t\t\t\t\t\t<div class=\"elementor-element elementor-element-d5d7117 elementor-widget elementor-widget-image\" data-id=\"d5d7117\" data-element_type=\"widget\" data-widget_type=\"image.default\">\n\t\t\t\t<div class=\"elementor-widget-container\">\n\t\t\t\t\t\t\t\t\t\t\t\t<figure class=\"wp-caption\">\n\t\t\t\t\t\t\t\t\t\t<img fetchpriority=\"high\" decoding=\"async\" width=\"800\" height=\"1000\" src=\"https:\/\/richeskarayib.com\/wp-content\/uploads\/2025\/05\/497315100_18500341216054001_3998692391043187813_n-819x1024.jpg\" class=\"attachment-large size-large wp-image-51624\" alt=\"Jo\u00e9 Dw\u00e8t Fil\u00e9\" srcset=\"https:\/\/richeskarayib.com\/wp-content\/uploads\/2025\/05\/497315100_18500341216054001_3998692391043187813_n-819x1024.jpg 819w, https:\/\/richeskarayib.com\/wp-content\/uploads\/2025\/05\/497315100_18500341216054001_3998692391043187813_n-240x300.jpg 240w, https:\/\/richeskarayib.com\/wp-content\/uploads\/2025\/05\/497315100_18500341216054001_3998692391043187813_n-768x960.jpg 768w, https:\/\/richeskarayib.com\/wp-content\/uploads\/2025\/05\/497315100_18500341216054001_3998692391043187813_n-1229x1536.jpg 1229w, https:\/\/richeskarayib.com\/wp-content\/uploads\/2025\/05\/497315100_18500341216054001_3998692391043187813_n-1320x1650.jpg 1320w, https:\/\/richeskarayib.com\/wp-content\/uploads\/2025\/05\/497315100_18500341216054001_3998692391043187813_n.jpg 1440w\" sizes=\"(max-width: 800px) 100vw, 800px\" \/>\t\t\t\t\t\t\t\t\t\t\t<figcaption class=\"widget-image-caption wp-caption-text\">Jo\u00e9 Dw\u00e8t Fil\u00e9<\/figcaption>\n\t\t\t\t\t\t\t\t\t\t<\/figure>\n\t\t\t\t\t\t\t\t\t<\/div>\n\t\t\t\t<\/div>\n\t\t\t\t\t<\/div>\n\t\t<\/div>\n\t\t\t\t<div class=\"elementor-column elementor-col-50 elementor-inner-column elementor-element elementor-element-ade34d3\" data-id=\"ade34d3\" data-element_type=\"column\">\n\t\t\t<div class=\"elementor-widget-wrap elementor-element-populated\">\n\t\t\t\t\t\t<div class=\"elementor-element elementor-element-b8e26f5 elementor-widget elementor-widget-image\" data-id=\"b8e26f5\" data-element_type=\"widget\" data-widget_type=\"image.default\">\n\t\t\t\t<div class=\"elementor-widget-container\">\n\t\t\t\t\t\t\t\t\t\t\t\t<figure class=\"wp-caption\">\n\t\t\t\t\t\t\t\t\t\t<img decoding=\"async\" width=\"800\" height=\"1000\" src=\"https:\/\/richeskarayib.com\/wp-content\/uploads\/2025\/05\/497357606_18500341237054001_9061654328489198849_n-819x1024.jpg\" class=\"attachment-large size-large wp-image-51628\" alt=\"Jo\u00e9 Dw\u00e8t Fil\u00e9\" srcset=\"https:\/\/richeskarayib.com\/wp-content\/uploads\/2025\/05\/497357606_18500341237054001_9061654328489198849_n-819x1024.jpg 819w, https:\/\/richeskarayib.com\/wp-content\/uploads\/2025\/05\/497357606_18500341237054001_9061654328489198849_n-240x300.jpg 240w, https:\/\/richeskarayib.com\/wp-content\/uploads\/2025\/05\/497357606_18500341237054001_9061654328489198849_n-768x960.jpg 768w, https:\/\/richeskarayib.com\/wp-content\/uploads\/2025\/05\/497357606_18500341237054001_9061654328489198849_n-1229x1536.jpg 1229w, https:\/\/richeskarayib.com\/wp-content\/uploads\/2025\/05\/497357606_18500341237054001_9061654328489198849_n-1320x1650.jpg 1320w, https:\/\/richeskarayib.com\/wp-content\/uploads\/2025\/05\/497357606_18500341237054001_9061654328489198849_n.jpg 1440w\" sizes=\"(max-width: 800px) 100vw, 800px\" \/>\t\t\t\t\t\t\t\t\t\t\t<figcaption class=\"widget-image-caption wp-caption-text\">Jo\u00e9 Dw\u00e8t Fil\u00e9<\/figcaption>\n\t\t\t\t\t\t\t\t\t\t<\/figure>\n\t\t\t\t\t\t\t\t\t<\/div>\n\t\t\t\t<\/div>\n\t\t\t\t\t<\/div>\n\t\t<\/div>\n\t\t\t\t\t<\/div>\n\t\t<\/section>\n\t\t\t\t\t<\/div>\n\t\t<\/div>\n\t\t\t\t\t<\/div>\n\t\t<\/section>\n\t\t\t\t<section class=\"elementor-section elementor-top-section elementor-element elementor-element-7c727fe elementor-section-boxed elementor-section-height-default elementor-section-height-default\" data-id=\"7c727fe\" data-element_type=\"section\">\n\t\t\t\t\t\t<div class=\"elementor-container elementor-column-gap-default\">\n\t\t\t\t\t<div class=\"elementor-column elementor-col-100 elementor-top-column elementor-element elementor-element-2675508\" data-id=\"2675508\" data-element_type=\"column\">\n\t\t\t<div class=\"elementor-widget-wrap elementor-element-populated\">\n\t\t\t\t\t\t<div class=\"elementor-element elementor-element-86f7f71 elementor-widget elementor-widget-heading\" data-id=\"86f7f71\" data-element_type=\"widget\" data-widget_type=\"heading.default\">\n\t\t\t\t<div class=\"elementor-widget-container\">\n\t\t\t\t\t<h2 class=\"elementor-heading-title elementor-size-default\">\u00ab 4 Kamp\u00e9 \u00bb : un hommage \u00e0 Ha\u00efti et \u00e0 la Cara\u00efbe<\/h2>\t\t\t\t<\/div>\n\t\t\t\t<\/div>\n\t\t\t\t<div class=\"elementor-element elementor-element-1931a91 elementor-widget elementor-widget-text-editor\" data-id=\"1931a91\" data-element_type=\"widget\" data-widget_type=\"text-editor.default\">\n\t\t\t\t<div class=\"elementor-widget-container\">\n\t\t\t\t\t\t\t\t\t<h3><strong>Gen\u00e8se et succ\u00e8s du titre<\/strong><\/h3>\n<p><span style=\"font-weight: 400;\">\u00ab 4 Kamp\u00e9 \u00bb n\u2019est pas qu\u2019un simple tube : c\u2019est un cri du c\u0153ur, un hymne \u00e0 la r\u00e9silience et \u00e0 la fiert\u00e9 d\u2019Ha\u00efti. <a href=\"https:\/\/www.juno7.ht\/joe-dwet-file-remporte-la-flamme-des-musiques-caribee\/\" target=\"_blank\" rel=\"noopener nofollow\">Jo\u00e9 Dw\u00e8t Fil\u00e9<\/a>, avec ce morceau certifi\u00e9 disque de diamant, a su toucher le public par son authenticit\u00e9 et son \u00e9nergie communicative<\/span><span style=\"font-weight: 400;\">. Le titre, qui cumule plus de 50 millions de streams, s\u2019impose comme une r\u00e9f\u00e9rence incontournable de la sc\u00e8ne carib\u00e9enne et urbaine.<\/span><\/p>\t\t\t\t\t\t\t\t<\/div>\n\t\t\t\t<\/div>\n\t\t\t\t<div class=\"elementor-element elementor-element-b81b2b6 elementor-widget elementor-widget-text-editor\" data-id=\"b81b2b6\" data-element_type=\"widget\" data-widget_type=\"text-editor.default\">\n\t\t\t\t<div class=\"elementor-widget-container\">\n\t\t\t\t\t\t\t\t\t<h3><strong>Les influences du kompa et de la culture ha\u00eftienne<\/strong><\/h3><p><span style=\"font-weight: 400;\">Impossible d\u2019\u00e9voquer \u00ab 4 Kamp\u00e9 \u00bb sans parler du kompa, ce style musical embl\u00e9matique d\u2019Ha\u00efti qui a travers\u00e9 les fronti\u00e8res et influenc\u00e9 de nombreux genres carib\u00e9ens<\/span><span style=\"font-weight: 400;\">. Le morceau de Jo\u00e9 Dw\u00e8t Fil\u00e9 rend un hommage appuy\u00e9 \u00e0 cette tradition, tout en y injectant une modernit\u00e9 et une sensibilit\u00e9 personnelle. Les rythmes, les m\u00e9lodies et les paroles refl\u00e8tent l\u2019attachement profond de l\u2019artiste \u00e0 ses racines, faisant de \u00ab 4 Kamp\u00e9 \u00bb un v\u00e9ritable pont entre pass\u00e9 et pr\u00e9sent, entre Ha\u00efti et le reste du monde.<\/span><\/p>\t\t\t\t\t\t\t\t<\/div>\n\t\t\t\t<\/div>\n\t\t\t\t<section class=\"elementor-section elementor-inner-section elementor-element elementor-element-89ddcae elementor-section-boxed elementor-section-height-default elementor-section-height-default\" data-id=\"89ddcae\" data-element_type=\"section\">\n\t\t\t\t\t\t<div class=\"elementor-container elementor-column-gap-default\">\n\t\t\t\t\t<div class=\"elementor-column elementor-col-100 elementor-inner-column elementor-element elementor-element-453bee8\" data-id=\"453bee8\" data-element_type=\"column\">\n\t\t\t<div class=\"elementor-widget-wrap elementor-element-populated\">\n\t\t\t\t\t\t<div class=\"elementor-element elementor-element-4627d97 elementor-widget elementor-widget-video\" data-id=\"4627d97\" data-element_type=\"widget\" data-settings=\"{&quot;youtube_url&quot;:&quot;https:\\\/\\\/www.youtube.com\\\/watch?v=Srvt_6up-0o&amp;ab_channel=Jo%C3%A9Dw%C3%A8tFil%C3%A9&quot;,&quot;video_type&quot;:&quot;youtube&quot;,&quot;controls&quot;:&quot;yes&quot;}\" data-widget_type=\"video.default\">\n\t\t\t\t<div class=\"elementor-widget-container\">\n\t\t\t\t\t\t\t<div class=\"elementor-wrapper elementor-open-inline\">\n\t\t\t<div class=\"elementor-video\"><\/div>\t\t<\/div>\n\t\t\t\t\t\t<\/div>\n\t\t\t\t<\/div>\n\t\t\t\t\t<\/div>\n\t\t<\/div>\n\t\t\t\t\t<\/div>\n\t\t<\/section>\n\t\t\t\t\t<\/div>\n\t\t<\/div>\n\t\t\t\t\t<\/div>\n\t\t<\/section>\n\t\t\t\t<section class=\"elementor-section elementor-top-section elementor-element elementor-element-1a0b771 elementor-section-boxed elementor-section-height-default elementor-section-height-default\" data-id=\"1a0b771\" data-element_type=\"section\">\n\t\t\t\t\t\t<div class=\"elementor-container elementor-column-gap-default\">\n\t\t\t\t\t<div class=\"elementor-column elementor-col-100 elementor-top-column elementor-element elementor-element-345f4b7\" data-id=\"345f4b7\" data-element_type=\"column\">\n\t\t\t<div class=\"elementor-widget-wrap elementor-element-populated\">\n\t\t\t\t\t\t<div class=\"elementor-element elementor-element-d6a712a elementor-widget elementor-widget-heading\" data-id=\"d6a712a\" data-element_type=\"widget\" data-widget_type=\"heading.default\">\n\t\t\t\t<div class=\"elementor-widget-container\">\n\t\t\t\t\t<h2 class=\"elementor-heading-title elementor-size-default\">Une victoire face \u00e0 une concurrence de haut niveau<\/h2>\t\t\t\t<\/div>\n\t\t\t\t<\/div>\n\t\t\t\t<div class=\"elementor-element elementor-element-f9582c3 elementor-widget elementor-widget-text-editor\" data-id=\"f9582c3\" data-element_type=\"widget\" data-widget_type=\"text-editor.default\">\n\t\t\t\t<div class=\"elementor-widget-container\">\n\t\t\t\t\t\t\t\t\t<h3><strong>Les autres artistes nomm\u00e9s dans la cat\u00e9gorie<\/strong><\/h3>\n<p><span style=\"font-weight: 400;\">La comp\u00e9tition pour la Flamme du morceau carib\u00e9en ou d\u2019inspiration carib\u00e9enne \u00e9tait particuli\u00e8rement serr\u00e9e cette ann\u00e9e. Face \u00e0 <a href=\"https:\/\/www.chokarella.com\/2025\/05\/14\/entre-triomphe-et-controverse-joe-dwet-file-soffre-une-flamme-pour-4-kampe\/\" target=\"_blank\" rel=\"noopener nofollow\">Jo\u00e9 Dw\u00e8t Fil\u00e9<\/a>, on retrouvait des artistes de renom tels que Maureen &amp; Bamby avec \u00ab Chic \u00bb et Meryl &amp; DJ Tutuss pour \u00ab Dembow Martinica \u00bb. Chacun de ces morceaux portait une identit\u00e9 forte et une volont\u00e9 de faire rayonner la culture carib\u00e9enne.<\/span><\/p>\t\t\t\t\t\t\t\t<\/div>\n\t\t\t\t<\/div>\n\t\t\t\t<div class=\"elementor-element elementor-element-3a09cc5 elementor-widget elementor-widget-text-editor\" data-id=\"3a09cc5\" data-element_type=\"widget\" data-widget_type=\"text-editor.default\">\n\t\t\t\t<div class=\"elementor-widget-container\">\n\t\t\t\t\t\t\t\t\t<h3><strong>Les crit\u00e8res de distinction du morceau<\/strong><\/h3>\n<p><span style=\"font-weight: 400;\">Si \u00ab 4 Kamp\u00e9 \u00bb a su s\u2019imposer, c\u2019est gr\u00e2ce \u00e0 la force de son message, \u00e0 la qualit\u00e9 de sa production et \u00e0 l\u2019\u00e9motion qu\u2019il transmet. Le jury et le public ont \u00e9t\u00e9 s\u00e9duits par l\u2019authenticit\u00e9 du morceau, son enracinement dans la tradition ha\u00eftienne et sa capacit\u00e9 \u00e0 f\u00e9d\u00e9rer une communaut\u00e9 autour de valeurs de fiert\u00e9 et de solidarit\u00e9. Jo\u00e9 Dw\u00e8t Fil\u00e9 a ainsi d\u00e9montr\u00e9 que la musique carib\u00e9enne a toute sa place sur la sc\u00e8ne internationale, port\u00e9e par des artistes engag\u00e9s et talentueux.<\/span><\/p>\t\t\t\t\t\t\t\t<\/div>\n\t\t\t\t<\/div>\n\t\t\t\t\t<\/div>\n\t\t<\/div>\n\t\t\t\t\t<\/div>\n\t\t<\/section>\n\t\t\t\t<section class=\"elementor-section elementor-top-section elementor-element elementor-element-ea97b3e elementor-section-boxed elementor-section-height-default elementor-section-height-default\" data-id=\"ea97b3e\" data-element_type=\"section\">\n\t\t\t\t\t\t<div class=\"elementor-container elementor-column-gap-default\">\n\t\t\t\t\t<div class=\"elementor-column elementor-col-100 elementor-top-column elementor-element elementor-element-37044fd\" data-id=\"37044fd\" data-element_type=\"column\">\n\t\t\t<div class=\"elementor-widget-wrap elementor-element-populated\">\n\t\t\t\t\t\t<div class=\"elementor-element elementor-element-8a09dca elementor-widget elementor-widget-heading\" data-id=\"8a09dca\" data-element_type=\"widget\" data-widget_type=\"heading.default\">\n\t\t\t\t<div class=\"elementor-widget-container\">\n\t\t\t\t\t<h2 class=\"elementor-heading-title elementor-size-default\">Jo\u00e9 Dw\u00e8t Fil\u00e9 : un ambassadeur de la culture carib\u00e9enne<\/h2>\t\t\t\t<\/div>\n\t\t\t\t<\/div>\n\t\t\t\t<div class=\"elementor-element elementor-element-47dd91f elementor-widget elementor-widget-text-editor\" data-id=\"47dd91f\" data-element_type=\"widget\" data-widget_type=\"text-editor.default\">\n\t\t\t\t<div class=\"elementor-widget-container\">\n\t\t\t\t\t\t\t\t\t<h3><strong>Son parcours, ses nominations et sa reconnaissance internationale<\/strong><\/h3>\n<p><span style=\"font-weight: 400;\">Jo\u00e9 Dw\u00e8t Fil\u00e9 n\u2019en est pas \u00e0 son premier coup d\u2019\u00e9clat. Cette ann\u00e9e, il figurait dans quatre cat\u00e9gories diff\u00e9rentes aux Flammes, dont deux pour \u00ab 4 Kamp\u00e9 \u00bb. Il \u00e9tait \u00e9galement en lice pour la Flamme du morceau de l\u2019ann\u00e9e, la Flamme de l\u2019artiste masculin de l\u2019ann\u00e9e, ainsi que celle du morceau R&amp;B pour \u00ab Merci \u00e0 mon ex. \u00bb, preuve de sa polyvalence et de son influence croissante. Par ailleurs, l\u2019artiste est r\u00e9guli\u00e8rement nomm\u00e9 dans d\u2019autres initiatives prestigieuses, telles que les BET Awards et les Caribbean Music Awards, o\u00f9 il continue de porter haut les couleurs de la Cara\u00efbe.<\/span><\/p>\t\t\t\t\t\t\t\t<\/div>\n\t\t\t\t<\/div>\n\t\t\t\t<div class=\"elementor-element elementor-element-f648c59 elementor-widget elementor-widget-text-editor\" data-id=\"f648c59\" data-element_type=\"widget\" data-widget_type=\"text-editor.default\">\n\t\t\t\t<div class=\"elementor-widget-container\">\n\t\t\t\t\t\t\t\t\t<h3><strong>L\u2019impact de sa victoire sur la visibilit\u00e9 de la musique carib\u00e9enne<\/strong><\/h3>\n<p><span style=\"font-weight: 400;\">La cons\u00e9cration de Jo\u00e9 Dw\u00e8t Fil\u00e9 aux <a href=\"https:\/\/lesflammesawards.com\/\" target=\"_blank\" rel=\"noopener nofollow\">Flammes 2025<\/a> d\u00e9passe le cadre d\u2019une simple r\u00e9compense individuelle. Elle met en lumi\u00e8re la richesse, la diversit\u00e9 et la vitalit\u00e9 de la musique carib\u00e9enne dans le paysage musical contemporain. Gr\u00e2ce \u00e0 des artistes comme lui, les rythmes, les voix et les histoires de la Cara\u00efbe gagnent en visibilit\u00e9 et en reconnaissance, inspirant une nouvelle g\u00e9n\u00e9ration \u00e0 embrasser et \u00e0 c\u00e9l\u00e9brer leur h\u00e9ritage culturel.<\/span><\/p>\t\t\t\t\t\t\t\t<\/div>\n\t\t\t\t<\/div>\n\t\t\t\t<section class=\"elementor-section elementor-inner-section elementor-element elementor-element-e5948b3 elementor-section-boxed elementor-section-height-default elementor-section-height-default\" data-id=\"e5948b3\" data-element_type=\"section\">\n\t\t\t\t\t\t<div class=\"elementor-container elementor-column-gap-default\">\n\t\t\t\t\t<div class=\"elementor-column elementor-col-50 elementor-inner-column elementor-element elementor-element-e31a8e9\" data-id=\"e31a8e9\" data-element_type=\"column\">\n\t\t\t<div class=\"elementor-widget-wrap elementor-element-populated\">\n\t\t\t\t\t\t<div class=\"elementor-element elementor-element-1dd0377 elementor-widget elementor-widget-image\" data-id=\"1dd0377\" data-element_type=\"widget\" data-widget_type=\"image.default\">\n\t\t\t\t<div class=\"elementor-widget-container\">\n\t\t\t\t\t\t\t\t\t\t\t\t\t\t\t<img decoding=\"async\" width=\"800\" height=\"1000\" src=\"https:\/\/richeskarayib.com\/wp-content\/uploads\/2025\/05\/491439304_18495483976054001_9102354681159759975_n-819x1024.jpg\" class=\"attachment-large size-large wp-image-51632\" alt=\"Jo\u00e9 Dw\u00e8t Fil\u00e9\" srcset=\"https:\/\/richeskarayib.com\/wp-content\/uploads\/2025\/05\/491439304_18495483976054001_9102354681159759975_n-819x1024.jpg 819w, https:\/\/richeskarayib.com\/wp-content\/uploads\/2025\/05\/491439304_18495483976054001_9102354681159759975_n-240x300.jpg 240w, https:\/\/richeskarayib.com\/wp-content\/uploads\/2025\/05\/491439304_18495483976054001_9102354681159759975_n-768x960.jpg 768w, https:\/\/richeskarayib.com\/wp-content\/uploads\/2025\/05\/491439304_18495483976054001_9102354681159759975_n-1229x1536.jpg 1229w, https:\/\/richeskarayib.com\/wp-content\/uploads\/2025\/05\/491439304_18495483976054001_9102354681159759975_n-1320x1650.jpg 1320w, https:\/\/richeskarayib.com\/wp-content\/uploads\/2025\/05\/491439304_18495483976054001_9102354681159759975_n.jpg 1440w\" sizes=\"(max-width: 800px) 100vw, 800px\" \/>\t\t\t\t\t\t\t\t\t\t\t\t\t\t\t<\/div>\n\t\t\t\t<\/div>\n\t\t\t\t\t<\/div>\n\t\t<\/div>\n\t\t\t\t<div class=\"elementor-column elementor-col-50 elementor-inner-column elementor-element elementor-element-930d972\" data-id=\"930d972\" data-element_type=\"column\">\n\t\t\t<div class=\"elementor-widget-wrap elementor-element-populated\">\n\t\t\t\t\t\t<div class=\"elementor-element elementor-element-2d8afcb elementor-widget elementor-widget-image\" data-id=\"2d8afcb\" data-element_type=\"widget\" data-widget_type=\"image.default\">\n\t\t\t\t<div class=\"elementor-widget-container\">\n\t\t\t\t\t\t\t\t\t\t\t\t\t\t\t<img loading=\"lazy\" decoding=\"async\" width=\"480\" height=\"600\" src=\"https:\/\/richeskarayib.com\/wp-content\/uploads\/2025\/05\/491439708_18495814999054001_8511384030890264212_n.jpg\" class=\"attachment-large size-large wp-image-51636\" alt=\"Jo\u00e9 Dw\u00e8t Fil\u00e9\" srcset=\"https:\/\/richeskarayib.com\/wp-content\/uploads\/2025\/05\/491439708_18495814999054001_8511384030890264212_n.jpg 480w, https:\/\/richeskarayib.com\/wp-content\/uploads\/2025\/05\/491439708_18495814999054001_8511384030890264212_n-240x300.jpg 240w\" sizes=\"(max-width: 480px) 100vw, 480px\" \/>\t\t\t\t\t\t\t\t\t\t\t\t\t\t\t<\/div>\n\t\t\t\t<\/div>\n\t\t\t\t\t<\/div>\n\t\t<\/div>\n\t\t\t\t\t<\/div>\n\t\t<\/section>\n\t\t\t\t\t<\/div>\n\t\t<\/div>\n\t\t\t\t\t<\/div>\n\t\t<\/section>\n\t\t\t\t<section class=\"elementor-section elementor-top-section elementor-element elementor-element-e238f35 elementor-section-boxed elementor-section-height-default elementor-section-height-default\" data-id=\"e238f35\" data-element_type=\"section\">\n\t\t\t\t\t\t<div class=\"elementor-container elementor-column-gap-default\">\n\t\t\t\t\t<div class=\"elementor-column elementor-col-100 elementor-top-column elementor-element elementor-element-fdc91aa\" data-id=\"fdc91aa\" data-element_type=\"column\">\n\t\t\t<div class=\"elementor-widget-wrap elementor-element-populated\">\n\t\t\t\t\t\t<div class=\"elementor-element elementor-element-53d2134 elementor-widget elementor-widget-text-editor\" data-id=\"53d2134\" data-element_type=\"widget\" data-widget_type=\"text-editor.default\">\n\t\t\t\t<div class=\"elementor-widget-container\">\n\t\t\t\t\t\t\t\t\t<p><span style=\"font-weight: 400;\">La victoire de Jo\u00e9 Dw\u00e8t Fil\u00e9 avec \u00ab 4 Kamp\u00e9 \u00bb lors des Flammes 2025 r\u00e9sonne comme un signal fort pour la musique carib\u00e9enne et pour tous ceux qui, \u00e0 travers le monde, portent fi\u00e8rement leur identit\u00e9 et leur culture. En rendant hommage \u00e0 Ha\u00efti et \u00e0 la Cara\u00efbe, l\u2019artiste rappelle que la musique est un vecteur puissant de transmission, de partage et de fiert\u00e9 collective. <\/span><\/p>\t\t\t\t\t\t\t\t<\/div>\n\t\t\t\t<\/div>\n\t\t\t\t<div class=\"elementor-element elementor-element-d3d16bc elementor-widget elementor-widget-text-editor\" data-id=\"d3d16bc\" data-element_type=\"widget\" data-widget_type=\"text-editor.default\">\n\t\t\t\t<div class=\"elementor-widget-container\">\n\t\t\t\t\t\t\t\t\t<p><span style=\"font-weight: 400;\">Son parcours inspire, son message rassemble, et sa r\u00e9ussite ouvre la voie \u00e0 une reconnaissance toujours plus grande des talents venus des Antilles et de la Cara\u00efbe.<\/span><span style=\"font-weight: 400;\"><br \/><\/span><span style=\"font-weight: 400;\">Avec \u00ab 4 Kamp\u00e9 \u00bb, Jo\u00e9 Dw\u00e8t Fil\u00e9 prouve que la musique carib\u00e9enne a de beaux jours devant elle, port\u00e9e par des artistes passionn\u00e9s, cr\u00e9atifs et profond\u00e9ment attach\u00e9s \u00e0 leurs racines.<\/span><\/p>\t\t\t\t\t\t\t\t<\/div>\n\t\t\t\t<\/div>\n\t\t\t\t\t<\/div>\n\t\t<\/div>\n\t\t\t\t\t<\/div>\n\t\t<\/section>\n\t\t\t\t<\/div>\n\t\t","protected":false},"excerpt":{"rendered":"<p>Le chanteur franco-ha\u00eftien Jo\u00e9 Dw\u00e8t Fil\u00e9 vient de marquer l\u2019histoire de la musique carib\u00e9enne en remportant la Flamme du morceau carib\u00e9en ou d\u2019inspiration carib\u00e9enne lors de la troisi\u00e8me \u00e9dition des Flammes, le 13 mai 2025 \u00e0 la Seine Musicale de Paris, gr\u00e2ce \u00e0 son titre \u00ab 4 Kamp\u00e9 \u00bb. Cette victoire, qui intervient en plein [&hellip;]<\/p>\n","protected":false},"author":662,"featured_media":51620,"comment_status":"open","ping_status":"open","sticky":false,"template":"","format":"standard","meta":{"_acf_changed":false,"footnotes":""},"categories":[840,835],"tags":[814],"class_list":["post-51619","post","type-post","status-publish","format-standard","has-post-thumbnail","hentry","category-actus","category-musique-fr","tag-haiti-fr"],"acf":[],"_links":{"self":[{"href":"https:\/\/richeskarayib.com\/fr\/wp-json\/wp\/v2\/posts\/51619","targetHints":{"allow":["GET"]}}],"collection":[{"href":"https:\/\/richeskarayib.com\/fr\/wp-json\/wp\/v2\/posts"}],"about":[{"href":"https:\/\/richeskarayib.com\/fr\/wp-json\/wp\/v2\/types\/post"}],"author":[{"embeddable":true,"href":"https:\/\/richeskarayib.com\/fr\/wp-json\/wp\/v2\/users\/662"}],"replies":[{"embeddable":true,"href":"https:\/\/richeskarayib.com\/fr\/wp-json\/wp\/v2\/comments?post=51619"}],"version-history":[{"count":0,"href":"https:\/\/richeskarayib.com\/fr\/wp-json\/wp\/v2\/posts\/51619\/revisions"}],"wp:featuredmedia":[{"embeddable":true,"href":"https:\/\/richeskarayib.com\/fr\/wp-json\/wp\/v2\/media\/51620"}],"wp:attachment":[{"href":"https:\/\/richeskarayib.com\/fr\/wp-json\/wp\/v2\/media?parent=51619"}],"wp:term":[{"taxonomy":"category","embeddable":true,"href":"https:\/\/richeskarayib.com\/fr\/wp-json\/wp\/v2\/categories?post=51619"},{"taxonomy":"post_tag","embeddable":true,"href":"https:\/\/richeskarayib.com\/fr\/wp-json\/wp\/v2\/tags?post=51619"}],"curies":[{"name":"wp","href":"https:\/\/api.w.org\/{rel}","templated":true}]}}