{"id":51662,"date":"2025-05-16T10:44:14","date_gmt":"2025-05-16T14:44:14","guid":{"rendered":"https:\/\/richeskarayib.com\/?p=51662"},"modified":"2025-05-16T12:14:37","modified_gmt":"2025-05-16T16:14:37","slug":"le-tourisme-dans-la-caraibe-chiffres-cles","status":"publish","type":"post","link":"https:\/\/richeskarayib.com\/fr\/le-tourisme-dans-la-caraibe-chiffres-cles\/","title":{"rendered":"Le tourisme dans la Cara\u00efbe : chiffres cl\u00e9s, dynamiques r\u00e9gionales et d\u00e9fis persistants"},"content":{"rendered":"\t\t<div data-elementor-type=\"wp-post\" data-elementor-id=\"51662\" class=\"elementor elementor-51662\" data-elementor-post-type=\"post\">\n\t\t\t\t\t\t<section class=\"elementor-section elementor-top-section elementor-element elementor-element-089e307 elementor-section-boxed elementor-section-height-default elementor-section-height-default\" data-id=\"089e307\" data-element_type=\"section\">\n\t\t\t\t\t\t<div class=\"elementor-container elementor-column-gap-default\">\n\t\t\t\t\t<div class=\"elementor-column elementor-col-100 elementor-top-column elementor-element elementor-element-3fd4f44\" data-id=\"3fd4f44\" data-element_type=\"column\">\n\t\t\t<div class=\"elementor-widget-wrap elementor-element-populated\">\n\t\t\t\t\t\t<div class=\"elementor-element elementor-element-5554619 elementor-widget elementor-widget-text-editor\" data-id=\"5554619\" data-element_type=\"widget\" data-widget_type=\"text-editor.default\">\n\t\t\t\t<div class=\"elementor-widget-container\">\n\t\t\t\t\t\t\t\t\t<p><span style=\"font-weight: 400;\">Le <\/span><a href=\"https:\/\/journals.openedition.org\/ideas\/4239\" target=\"_blank\" rel=\"noopener nofollow\"><b>tourisme dans la Cara\u00efbe<\/b><\/a><span style=\"font-weight: 400;\"> n\u2019est pas seulement une source majeure de revenus, il constitue l\u2019un des piliers \u00e9conomiques les plus scrut\u00e9s de la r\u00e9gion. Moteur essentiel de croissance pour nombre d\u2019\u00eeles post-Covid, il illustre \u00e0 la fois les opportunit\u00e9s li\u00e9es \u00e0 la demande internationale et les limites d\u2019un mod\u00e8le centr\u00e9 sur la d\u00e9pendance ext\u00e9rieure. \u00c0 travers une lecture chiffr\u00e9e et sourc\u00e9e, voici un \u00e9tat des lieux du <\/span><b>tourisme dans la Cara\u00efbe<\/b><span style=\"font-weight: 400;\"> contemporaine, entre croissance spectaculaire, in\u00e9galit\u00e9s territoriales et enjeux d\u2019int\u00e9gration r\u00e9gionale.<\/span><\/p>\t\t\t\t\t\t\t\t<\/div>\n\t\t\t\t<\/div>\n\t\t\t\t\t<\/div>\n\t\t<\/div>\n\t\t\t\t\t<\/div>\n\t\t<\/section>\n\t\t\t\t<section class=\"elementor-section elementor-top-section elementor-element elementor-element-5705cb3 elementor-section-boxed elementor-section-height-default elementor-section-height-default\" data-id=\"5705cb3\" data-element_type=\"section\">\n\t\t\t\t\t\t<div class=\"elementor-container elementor-column-gap-default\">\n\t\t\t\t\t<div class=\"elementor-column elementor-col-100 elementor-top-column elementor-element elementor-element-bcb75ea\" data-id=\"bcb75ea\" data-element_type=\"column\">\n\t\t\t<div class=\"elementor-widget-wrap elementor-element-populated\">\n\t\t\t\t\t\t<div class=\"elementor-element elementor-element-be341c9 elementor-widget elementor-widget-heading\" data-id=\"be341c9\" data-element_type=\"widget\" data-widget_type=\"heading.default\">\n\t\t\t\t<div class=\"elementor-widget-container\">\n\t\t\t\t\t<h2 class=\"elementor-heading-title elementor-size-default\">Une fr\u00e9quentation record de 32,2 millions de visiteurs en 2023<\/h2>\t\t\t\t<\/div>\n\t\t\t\t<\/div>\n\t\t\t\t<div class=\"elementor-element elementor-element-322f733 elementor-widget elementor-widget-text-editor\" data-id=\"322f733\" data-element_type=\"widget\" data-widget_type=\"text-editor.default\">\n\t\t\t\t<div class=\"elementor-widget-container\">\n\t\t\t\t\t\t\t\t\t<p><span style=\"font-weight: 400;\">Avec <\/span><b>32,2 millions de touristes<\/b><span style=\"font-weight: 400;\"> en 2023, le <\/span><b>tourisme dans la <a href=\"https:\/\/richeskarayib.com\/fr\/les-plages-des-caraibes-classement-mondial\/\" target=\"_blank\" rel=\"noopener\">Cara\u00efbe<\/a><\/b><span style=\"font-weight: 400;\"> a franchi un nouveau seuil, d\u00e9passant de 0,8 % son niveau record de 2019. Cette performance repose principalement sur le retour de la client\u00e8le nord-am\u00e9ricaine, la plus importante pour la r\u00e9gion. Le redressement du secteur s\u2019est accompagn\u00e9 d\u2019une am\u00e9lioration de la connectivit\u00e9 a\u00e9rienne et d\u2019un retour \u00e0 la normale des conditions sanitaires.<\/span><\/p><p><span style=\"font-weight: 400;\">Pourtant, cette reprise cache des disparit\u00e9s. Le <\/span><a href=\"https:\/\/www.sejour-caraibes.fr\/caraibes-top-10-iles-caraibes-plus-touristiques-partie-1\/\" target=\"_blank\" rel=\"noopener nofollow\"><b>tourisme dans la Cara\u00efbe<\/b><\/a><span style=\"font-weight: 400;\"> reste marqu\u00e9 par une concentration sur quelques destinations et repose sur une \u00e9conomie de services expos\u00e9e aux crises ext\u00e9rieures. Peu d\u2019\u00eeles disposent aujourd\u2019hui d\u2019une strat\u00e9gie de diversification r\u00e9ellement aboutie.<\/span><\/p>\t\t\t\t\t\t\t\t<\/div>\n\t\t\t\t<\/div>\n\t\t\t\t<section class=\"elementor-section elementor-inner-section elementor-element elementor-element-1d78eb8 elementor-section-boxed elementor-section-height-default elementor-section-height-default\" data-id=\"1d78eb8\" data-element_type=\"section\">\n\t\t\t\t\t\t<div class=\"elementor-container elementor-column-gap-default\">\n\t\t\t\t\t<div class=\"elementor-column elementor-col-100 elementor-inner-column elementor-element elementor-element-6ef5c85\" data-id=\"6ef5c85\" data-element_type=\"column\">\n\t\t\t<div class=\"elementor-widget-wrap elementor-element-populated\">\n\t\t\t\t\t\t<div class=\"elementor-element elementor-element-fc14024 elementor-widget elementor-widget-image\" data-id=\"fc14024\" data-element_type=\"widget\" data-widget_type=\"image.default\">\n\t\t\t\t<div class=\"elementor-widget-container\">\n\t\t\t\t\t\t\t\t\t\t\t\t\t\t\t<img fetchpriority=\"high\" decoding=\"async\" width=\"800\" height=\"800\" src=\"https:\/\/richeskarayib.com\/wp-content\/uploads\/2025\/05\/ChatGPT-Image-16-mai-2025-17_18_10.png\" class=\"attachment-large size-large wp-image-51667\" alt=\"tourisme dans la Cara\u00efbe\" srcset=\"https:\/\/richeskarayib.com\/wp-content\/uploads\/2025\/05\/ChatGPT-Image-16-mai-2025-17_18_10.png 1024w, https:\/\/richeskarayib.com\/wp-content\/uploads\/2025\/05\/ChatGPT-Image-16-mai-2025-17_18_10-300x300.png 300w, https:\/\/richeskarayib.com\/wp-content\/uploads\/2025\/05\/ChatGPT-Image-16-mai-2025-17_18_10-150x150.png 150w, https:\/\/richeskarayib.com\/wp-content\/uploads\/2025\/05\/ChatGPT-Image-16-mai-2025-17_18_10-768x768.png 768w\" sizes=\"(max-width: 800px) 100vw, 800px\" \/>\t\t\t\t\t\t\t\t\t\t\t\t\t\t\t<\/div>\n\t\t\t\t<\/div>\n\t\t\t\t\t<\/div>\n\t\t<\/div>\n\t\t\t\t\t<\/div>\n\t\t<\/section>\n\t\t\t\t\t<\/div>\n\t\t<\/div>\n\t\t\t\t\t<\/div>\n\t\t<\/section>\n\t\t\t\t<section class=\"elementor-section elementor-top-section elementor-element elementor-element-b122fdd elementor-section-boxed elementor-section-height-default elementor-section-height-default\" data-id=\"b122fdd\" data-element_type=\"section\">\n\t\t\t\t\t\t<div class=\"elementor-container elementor-column-gap-default\">\n\t\t\t\t\t<div class=\"elementor-column elementor-col-100 elementor-top-column elementor-element elementor-element-e4cdbb0\" data-id=\"e4cdbb0\" data-element_type=\"column\">\n\t\t\t<div class=\"elementor-widget-wrap elementor-element-populated\">\n\t\t\t\t\t\t<div class=\"elementor-element elementor-element-9c6f7d9 elementor-widget elementor-widget-heading\" data-id=\"9c6f7d9\" data-element_type=\"widget\" data-widget_type=\"heading.default\">\n\t\t\t\t<div class=\"elementor-widget-container\">\n\t\t\t\t\t<h2 class=\"elementor-heading-title elementor-size-default\">Croisi\u00e8res : 31,1 millions de passagers, mais un impact in\u00e9gal<\/h2>\t\t\t\t<\/div>\n\t\t\t\t<\/div>\n\t\t\t\t<div class=\"elementor-element elementor-element-9f88d7c elementor-widget elementor-widget-text-editor\" data-id=\"9f88d7c\" data-element_type=\"widget\" data-widget_type=\"text-editor.default\">\n\t\t\t\t<div class=\"elementor-widget-container\">\n\t\t\t\t\t\t\t\t\t<p><span style=\"font-weight: 400;\">Le secteur des croisi\u00e8res a lui aussi connu un rebond sans pr\u00e9c\u00e9dent. <\/span><b>31,1 millions de croisi\u00e9ristes<\/b><span style=\"font-weight: 400;\"> ont fait escale dans les <a href=\"https:\/\/richeskarayib.com\/fr\/aci-airport-day-technologie-experience-post\/\" target=\"_blank\" rel=\"noopener\">ports carib\u00e9ens<\/a> en 2023. Ces flux contribuent \u00e0 revitaliser les \u00e9conomies locales, \u00e0 condition que les escales g\u00e9n\u00e8rent de r\u00e9elles retomb\u00e9es \u00e9conomiques.<\/span><\/p><p><span style=\"font-weight: 400;\">Mais cet essor soul\u00e8ve des questions de soutenabilit\u00e9. L\u2019impact environnemental de la croisi\u00e8re sur les <a href=\"https:\/\/richeskarayib.com\/fr\/fondation-de-la-mer-engagement-protection\/\" target=\"_blank\" rel=\"noopener\">\u00e9cosyst\u00e8mes marins<\/a> est consid\u00e9rable. Le <\/span><b>tourisme dans la Cara\u00efbe<\/b><span style=\"font-weight: 400;\"> ne pourra cro\u00eetre ind\u00e9finiment sans adapter ses infrastructures portuaires, ni sans politiques r\u00e9gionales communes de r\u00e9gulation.<\/span><\/p>\t\t\t\t\t\t\t\t<\/div>\n\t\t\t\t<\/div>\n\t\t\t\t<section class=\"elementor-section elementor-inner-section elementor-element elementor-element-048f63d elementor-section-boxed elementor-section-height-default elementor-section-height-default\" data-id=\"048f63d\" data-element_type=\"section\">\n\t\t\t\t\t\t<div class=\"elementor-container elementor-column-gap-default\">\n\t\t\t\t\t<div class=\"elementor-column elementor-col-100 elementor-inner-column elementor-element elementor-element-41cfb81\" data-id=\"41cfb81\" data-element_type=\"column\">\n\t\t\t<div class=\"elementor-widget-wrap elementor-element-populated\">\n\t\t\t\t\t\t<div class=\"elementor-element elementor-element-2031beb elementor-widget elementor-widget-image\" data-id=\"2031beb\" data-element_type=\"widget\" data-widget_type=\"image.default\">\n\t\t\t\t<div class=\"elementor-widget-container\">\n\t\t\t\t\t\t\t\t\t\t\t\t\t\t\t<img decoding=\"async\" width=\"800\" height=\"600\" src=\"https:\/\/richeskarayib.com\/wp-content\/uploads\/2025\/05\/480923925_1139228654659564_910330437370318400_n-1024x768.jpg\" class=\"attachment-large size-large wp-image-51671\" alt=\"tourisme dans la Cara\u00efbe\" srcset=\"https:\/\/richeskarayib.com\/wp-content\/uploads\/2025\/05\/480923925_1139228654659564_910330437370318400_n-1024x768.jpg 1024w, https:\/\/richeskarayib.com\/wp-content\/uploads\/2025\/05\/480923925_1139228654659564_910330437370318400_n-300x225.jpg 300w, https:\/\/richeskarayib.com\/wp-content\/uploads\/2025\/05\/480923925_1139228654659564_910330437370318400_n-768x576.jpg 768w, https:\/\/richeskarayib.com\/wp-content\/uploads\/2025\/05\/480923925_1139228654659564_910330437370318400_n-1320x990.jpg 1320w, https:\/\/richeskarayib.com\/wp-content\/uploads\/2025\/05\/480923925_1139228654659564_910330437370318400_n.jpg 1440w\" sizes=\"(max-width: 800px) 100vw, 800px\" \/>\t\t\t\t\t\t\t\t\t\t\t\t\t\t\t<\/div>\n\t\t\t\t<\/div>\n\t\t\t\t\t<\/div>\n\t\t<\/div>\n\t\t\t\t\t<\/div>\n\t\t<\/section>\n\t\t\t\t\t<\/div>\n\t\t<\/div>\n\t\t\t\t\t<\/div>\n\t\t<\/section>\n\t\t\t\t<section class=\"elementor-section elementor-top-section elementor-element elementor-element-fc7d43c elementor-section-boxed elementor-section-height-default elementor-section-height-default\" data-id=\"fc7d43c\" data-element_type=\"section\">\n\t\t\t\t\t\t<div class=\"elementor-container elementor-column-gap-default\">\n\t\t\t\t\t<div class=\"elementor-column elementor-col-100 elementor-top-column elementor-element elementor-element-cf6f60a\" data-id=\"cf6f60a\" data-element_type=\"column\">\n\t\t\t<div class=\"elementor-widget-wrap elementor-element-populated\">\n\t\t\t\t\t\t<div class=\"elementor-element elementor-element-92ec8ce elementor-widget elementor-widget-heading\" data-id=\"92ec8ce\" data-element_type=\"widget\" data-widget_type=\"heading.default\">\n\t\t\t\t<div class=\"elementor-widget-container\">\n\t\t\t\t\t<h2 class=\"elementor-heading-title elementor-size-default\">La R\u00e9publique dominicaine : leader incontest\u00e9 du tourisme r\u00e9gional<\/h2>\t\t\t\t<\/div>\n\t\t\t\t<\/div>\n\t\t\t\t<div class=\"elementor-element elementor-element-aa65f16 elementor-widget elementor-widget-text-editor\" data-id=\"aa65f16\" data-element_type=\"widget\" data-widget_type=\"text-editor.default\">\n\t\t\t\t<div class=\"elementor-widget-container\">\n\t\t\t\t\t\t\t\t\t<p><span style=\"font-weight: 400;\">La <\/span><b>R\u00e9publique dominicaine<\/b><span style=\"font-weight: 400;\"> attire \u00e0 elle seule <\/span><b>un quart des visiteurs<\/b><span style=\"font-weight: 400;\"> du march\u00e9 touristique carib\u00e9en. Avec ses plages, son offre h\u00f4teli\u00e8re massive et une accessibilit\u00e9 a\u00e9rienne bien d\u00e9velopp\u00e9e, elle s\u2019impose comme un mod\u00e8le de croissance rapide dans le secteur.<\/span><\/p><p><span style=\"font-weight: 400;\">Ce leadership met en \u00e9vidence les \u00e9carts croissants au sein du <\/span><b>tourisme dans la Cara\u00efbe<\/b><span style=\"font-weight: 400;\">. Alors que certains territoires peinent \u00e0 capter des parts de march\u00e9 faute d\u2019infrastructures ou d\u2019attractivit\u00e9 suffisante, d&#8217;autres, comme la R\u00e9publique dominicaine, s\u2019imposent gr\u00e2ce \u00e0 une strat\u00e9gie offensive et des investissements constants.<\/span><\/p>\t\t\t\t\t\t\t\t<\/div>\n\t\t\t\t<\/div>\n\t\t\t\t<section class=\"elementor-section elementor-inner-section elementor-element elementor-element-49b4174 elementor-section-boxed elementor-section-height-default elementor-section-height-default\" data-id=\"49b4174\" data-element_type=\"section\">\n\t\t\t\t\t\t<div class=\"elementor-container elementor-column-gap-default\">\n\t\t\t\t\t<div class=\"elementor-column elementor-col-33 elementor-inner-column elementor-element elementor-element-552453c\" data-id=\"552453c\" data-element_type=\"column\">\n\t\t\t<div class=\"elementor-widget-wrap elementor-element-populated\">\n\t\t\t\t\t\t<div class=\"elementor-element elementor-element-7d07c2d elementor-widget elementor-widget-image\" data-id=\"7d07c2d\" data-element_type=\"widget\" data-widget_type=\"image.default\">\n\t\t\t\t<div class=\"elementor-widget-container\">\n\t\t\t\t\t\t\t\t\t\t\t\t\t\t\t<img decoding=\"async\" width=\"800\" height=\"534\" src=\"https:\/\/richeskarayib.com\/wp-content\/uploads\/2025\/05\/pexels-leorossatti-2598683-1024x683.jpg\" class=\"attachment-large size-large wp-image-51675\" alt=\"tourisme dans la Cara\u00efbe\" srcset=\"https:\/\/richeskarayib.com\/wp-content\/uploads\/2025\/05\/pexels-leorossatti-2598683-1024x683.jpg 1024w, https:\/\/richeskarayib.com\/wp-content\/uploads\/2025\/05\/pexels-leorossatti-2598683-300x200.jpg 300w, https:\/\/richeskarayib.com\/wp-content\/uploads\/2025\/05\/pexels-leorossatti-2598683-768x512.jpg 768w, https:\/\/richeskarayib.com\/wp-content\/uploads\/2025\/05\/pexels-leorossatti-2598683-1536x1024.jpg 1536w, https:\/\/richeskarayib.com\/wp-content\/uploads\/2025\/05\/pexels-leorossatti-2598683-1320x880.jpg 1320w, https:\/\/richeskarayib.com\/wp-content\/uploads\/2025\/05\/pexels-leorossatti-2598683.jpg 1920w\" sizes=\"(max-width: 800px) 100vw, 800px\" \/>\t\t\t\t\t\t\t\t\t\t\t\t\t\t\t<\/div>\n\t\t\t\t<\/div>\n\t\t\t\t\t<\/div>\n\t\t<\/div>\n\t\t\t\t<div class=\"elementor-column elementor-col-33 elementor-inner-column elementor-element elementor-element-94dd8f1\" data-id=\"94dd8f1\" data-element_type=\"column\">\n\t\t\t<div class=\"elementor-widget-wrap elementor-element-populated\">\n\t\t\t\t\t\t<div class=\"elementor-element elementor-element-1242315 elementor-widget elementor-widget-image\" data-id=\"1242315\" data-element_type=\"widget\" data-widget_type=\"image.default\">\n\t\t\t\t<div class=\"elementor-widget-container\">\n\t\t\t\t\t\t\t\t\t\t\t\t\t\t\t<img loading=\"lazy\" decoding=\"async\" width=\"800\" height=\"534\" src=\"https:\/\/richeskarayib.com\/wp-content\/uploads\/2025\/05\/pexels-leorossatti-2646066-1024x683.jpg\" class=\"attachment-large size-large wp-image-51679\" alt=\"tourisme dans la Cara\u00efbe\" srcset=\"https:\/\/richeskarayib.com\/wp-content\/uploads\/2025\/05\/pexels-leorossatti-2646066-1024x683.jpg 1024w, https:\/\/richeskarayib.com\/wp-content\/uploads\/2025\/05\/pexels-leorossatti-2646066-300x200.jpg 300w, https:\/\/richeskarayib.com\/wp-content\/uploads\/2025\/05\/pexels-leorossatti-2646066-768x512.jpg 768w, https:\/\/richeskarayib.com\/wp-content\/uploads\/2025\/05\/pexels-leorossatti-2646066-1536x1024.jpg 1536w, https:\/\/richeskarayib.com\/wp-content\/uploads\/2025\/05\/pexels-leorossatti-2646066-1320x880.jpg 1320w, https:\/\/richeskarayib.com\/wp-content\/uploads\/2025\/05\/pexels-leorossatti-2646066.jpg 1920w\" sizes=\"(max-width: 800px) 100vw, 800px\" \/>\t\t\t\t\t\t\t\t\t\t\t\t\t\t\t<\/div>\n\t\t\t\t<\/div>\n\t\t\t\t\t<\/div>\n\t\t<\/div>\n\t\t\t\t<div class=\"elementor-column elementor-col-33 elementor-inner-column elementor-element elementor-element-fb2e429\" data-id=\"fb2e429\" data-element_type=\"column\">\n\t\t\t<div class=\"elementor-widget-wrap elementor-element-populated\">\n\t\t\t\t\t\t<div class=\"elementor-element elementor-element-0426f9b elementor-widget elementor-widget-image\" data-id=\"0426f9b\" data-element_type=\"widget\" data-widget_type=\"image.default\">\n\t\t\t\t<div class=\"elementor-widget-container\">\n\t\t\t\t\t\t\t\t\t\t\t\t\t\t\t<img loading=\"lazy\" decoding=\"async\" width=\"800\" height=\"599\" src=\"https:\/\/richeskarayib.com\/wp-content\/uploads\/2025\/05\/pexels-marc-coenen-298185-3675435-1024x767.jpg\" class=\"attachment-large size-large wp-image-51683\" alt=\"tourisme dans la Cara\u00efbe\" srcset=\"https:\/\/richeskarayib.com\/wp-content\/uploads\/2025\/05\/pexels-marc-coenen-298185-3675435-1024x767.jpg 1024w, https:\/\/richeskarayib.com\/wp-content\/uploads\/2025\/05\/pexels-marc-coenen-298185-3675435-300x225.jpg 300w, https:\/\/richeskarayib.com\/wp-content\/uploads\/2025\/05\/pexels-marc-coenen-298185-3675435-768x576.jpg 768w, https:\/\/richeskarayib.com\/wp-content\/uploads\/2025\/05\/pexels-marc-coenen-298185-3675435-1536x1151.jpg 1536w, https:\/\/richeskarayib.com\/wp-content\/uploads\/2025\/05\/pexels-marc-coenen-298185-3675435-1320x989.jpg 1320w, https:\/\/richeskarayib.com\/wp-content\/uploads\/2025\/05\/pexels-marc-coenen-298185-3675435.jpg 1920w\" sizes=\"(max-width: 800px) 100vw, 800px\" \/>\t\t\t\t\t\t\t\t\t\t\t\t\t\t\t<\/div>\n\t\t\t\t<\/div>\n\t\t\t\t\t<\/div>\n\t\t<\/div>\n\t\t\t\t\t<\/div>\n\t\t<\/section>\n\t\t\t\t\t<\/div>\n\t\t<\/div>\n\t\t\t\t\t<\/div>\n\t\t<\/section>\n\t\t\t\t<section class=\"elementor-section elementor-top-section elementor-element elementor-element-833fd23 elementor-section-boxed elementor-section-height-default elementor-section-height-default\" data-id=\"833fd23\" data-element_type=\"section\">\n\t\t\t\t\t\t<div class=\"elementor-container elementor-column-gap-default\">\n\t\t\t\t\t<div class=\"elementor-column elementor-col-100 elementor-top-column elementor-element elementor-element-3b26ce3\" data-id=\"3b26ce3\" data-element_type=\"column\">\n\t\t\t<div class=\"elementor-widget-wrap elementor-element-populated\">\n\t\t\t\t\t\t<div class=\"elementor-element elementor-element-1969334 elementor-widget elementor-widget-heading\" data-id=\"1969334\" data-element_type=\"widget\" data-widget_type=\"heading.default\">\n\t\t\t\t<div class=\"elementor-widget-container\">\n\t\t\t\t\t<h2 class=\"elementor-heading-title elementor-size-default\">Jama\u00efque : une ambition \u00e0 5 millions de touristes d\u2019ici 2025<\/h2>\t\t\t\t<\/div>\n\t\t\t\t<\/div>\n\t\t\t\t<div class=\"elementor-element elementor-element-35b60a2 elementor-widget elementor-widget-text-editor\" data-id=\"35b60a2\" data-element_type=\"widget\" data-widget_type=\"text-editor.default\">\n\t\t\t\t<div class=\"elementor-widget-container\">\n\t\t\t\t\t\t\t\t\t<p><span style=\"font-weight: 400;\">La <\/span><b>Jama\u00efque<\/b><span style=\"font-weight: 400;\"> a attir\u00e9 <\/span><b>2,9 millions de visiteurs<\/b><span style=\"font-weight: 400;\"> en 2023 et vise <\/span><b>5 millions<\/b><span style=\"font-weight: 400;\"> \u00e0 l\u2019horizon 2025. Le gouvernement mise sur de nouveaux march\u00e9s, une mont\u00e9e en gamme et la valorisation de son identit\u00e9 culturelle forte pour atteindre cet objectif.<\/span><\/p><p><span style=\"font-weight: 400;\">Cette volont\u00e9 de monter en puissance refl\u00e8te une \u00e9volution plus large du <\/span><b>tourisme dans la Cara\u00efbe<\/b><span style=\"font-weight: 400;\">, o\u00f9 plusieurs \u00c9tats cherchent \u00e0 d\u00e9passer le mod\u00e8le baln\u00e9aire classique pour d\u00e9velopper un tourisme plus diversifi\u00e9, culturel et durable.<\/span><\/p>\t\t\t\t\t\t\t\t<\/div>\n\t\t\t\t<\/div>\n\t\t\t\t\t<\/div>\n\t\t<\/div>\n\t\t\t\t\t<\/div>\n\t\t<\/section>\n\t\t\t\t<section class=\"elementor-section elementor-top-section elementor-element elementor-element-50e9af4 elementor-section-boxed elementor-section-height-default elementor-section-height-default\" data-id=\"50e9af4\" data-element_type=\"section\">\n\t\t\t\t\t\t<div class=\"elementor-container elementor-column-gap-default\">\n\t\t\t\t\t<div class=\"elementor-column elementor-col-100 elementor-top-column elementor-element elementor-element-f0dbbcc\" data-id=\"f0dbbcc\" data-element_type=\"column\">\n\t\t\t<div class=\"elementor-widget-wrap elementor-element-populated\">\n\t\t\t\t\t\t<div class=\"elementor-element elementor-element-6103378 elementor-widget elementor-widget-heading\" data-id=\"6103378\" data-element_type=\"widget\" data-widget_type=\"heading.default\">\n\t\t\t\t<div class=\"elementor-widget-container\">\n\t\t\t\t\t<h2 class=\"elementor-heading-title elementor-size-default\">Mobilit\u00e9 r\u00e9gionale : le grand point faible du tourisme intra-Cara\u00efbe<\/h2>\t\t\t\t<\/div>\n\t\t\t\t<\/div>\n\t\t\t\t<div class=\"elementor-element elementor-element-42c38da elementor-widget elementor-widget-text-editor\" data-id=\"42c38da\" data-element_type=\"widget\" data-widget_type=\"text-editor.default\">\n\t\t\t\t<div class=\"elementor-widget-container\">\n\t\t\t\t\t\t\t\t\t<p><span style=\"font-weight: 400;\">Malgr\u00e9 les chiffres globaux encourageants, le <\/span><b>tourisme dans la Cara\u00efbe<\/b><span style=\"font-weight: 400;\"> reste paradoxalement peu int\u00e9gr\u00e9. En 2023, seuls <\/span><b>1,6 million de touristes intra-r\u00e9gionaux<\/b><span style=\"font-weight: 400;\"> ont \u00e9t\u00e9 enregistr\u00e9s, soit <\/span><b>3,6 %<\/b><span style=\"font-weight: 400;\"> du total. Le co\u00fbt des liaisons a\u00e9riennes, les faibles fr\u00e9quences et les obstacles r\u00e9glementaires dissuadent les voyages entre \u00eeles voisines.<\/span><\/p><p><span style=\"font-weight: 400;\">Ce d\u00e9ficit de mobilit\u00e9 entrave la construction d\u2019un march\u00e9 touristique r\u00e9gional coh\u00e9rent. Pour que le <\/span><b>tourisme dans la Cara\u00efbe<\/b><span style=\"font-weight: 400;\"> atteigne son plein potentiel, il est imp\u00e9ratif de favoriser les \u00e9changes entre populations locales, en soutenant des projets de compagnies a\u00e9riennes r\u00e9gionales, d\u2019accords bilat\u00e9raux, ou d\u2019interop\u00e9rabilit\u00e9 douani\u00e8re.<\/span><\/p>\t\t\t\t\t\t\t\t<\/div>\n\t\t\t\t<\/div>\n\t\t\t\t\t<\/div>\n\t\t<\/div>\n\t\t\t\t\t<\/div>\n\t\t<\/section>\n\t\t\t\t<section class=\"elementor-section elementor-top-section elementor-element elementor-element-498af52 elementor-section-boxed elementor-section-height-default elementor-section-height-default\" data-id=\"498af52\" data-element_type=\"section\">\n\t\t\t\t\t\t<div class=\"elementor-container elementor-column-gap-default\">\n\t\t\t\t\t<div class=\"elementor-column elementor-col-100 elementor-top-column elementor-element elementor-element-9fb37e9\" data-id=\"9fb37e9\" data-element_type=\"column\">\n\t\t\t<div class=\"elementor-widget-wrap elementor-element-populated\">\n\t\t\t\t\t\t<div class=\"elementor-element elementor-element-145b998 elementor-widget elementor-widget-heading\" data-id=\"145b998\" data-element_type=\"widget\" data-widget_type=\"heading.default\">\n\t\t\t\t<div class=\"elementor-widget-container\">\n\t\t\t\t\t<h2 class=\"elementor-heading-title elementor-size-default\">Un secteur cl\u00e9, mais fragile, \u00e0 repenser pour l\u2019avenir<\/h2>\t\t\t\t<\/div>\n\t\t\t\t<\/div>\n\t\t\t\t<div class=\"elementor-element elementor-element-d6f2e4b elementor-widget elementor-widget-text-editor\" data-id=\"d6f2e4b\" data-element_type=\"widget\" data-widget_type=\"text-editor.default\">\n\t\t\t\t<div class=\"elementor-widget-container\">\n\t\t\t\t\t\t\t\t\t<p><span style=\"font-weight: 400;\">Le <\/span><b>tourisme dans la Cara\u00efbe<\/b><span style=\"font-weight: 400;\"> demeure un levier de d\u00e9veloppement incontournable, mais il reste confront\u00e9 \u00e0 des d\u00e9fis de taille. Concentration des flux, faible redistribution, pressions environnementales, vuln\u00e9rabilit\u00e9 aux chocs mondiaux : les fragilit\u00e9s sont multiples.<\/span><\/p><p><span style=\"font-weight: 400;\">Pour \u00e9voluer vers un mod\u00e8le plus r\u00e9silient, les acteurs publics et priv\u00e9s devront conjuguer innovation, r\u00e9gulation et coop\u00e9ration. Cela suppose aussi d\u2019associer davantage les populations locales \u00e0 la gouvernance du secteur, afin que le <\/span><b>tourisme dans la Cara\u00efbe<\/b><span style=\"font-weight: 400;\"> ne soit pas seulement une source de revenus, mais un vecteur d\u2019\u00e9mancipation \u00e9conomique et sociale.<\/span><\/p>\t\t\t\t\t\t\t\t<\/div>\n\t\t\t\t<\/div>\n\t\t\t\t\t<\/div>\n\t\t<\/div>\n\t\t\t\t\t<\/div>\n\t\t<\/section>\n\t\t\t\t<section class=\"elementor-section elementor-top-section elementor-element elementor-element-e1468c7 elementor-section-boxed elementor-section-height-default elementor-section-height-default\" data-id=\"e1468c7\" data-element_type=\"section\">\n\t\t\t\t\t\t<div class=\"elementor-container elementor-column-gap-default\">\n\t\t\t\t\t<div class=\"elementor-column elementor-col-100 elementor-top-column elementor-element elementor-element-37154b7\" data-id=\"37154b7\" data-element_type=\"column\">\n\t\t\t<div class=\"elementor-widget-wrap elementor-element-populated\">\n\t\t\t\t\t\t<div class=\"elementor-element elementor-element-4d66d6c elementor-widget elementor-widget-text-editor\" data-id=\"4d66d6c\" data-element_type=\"widget\" data-widget_type=\"text-editor.default\">\n\t\t\t\t<div class=\"elementor-widget-container\">\n\t\t\t\t\t\t\t\t\t<p><span style=\"font-weight: 400;\">L\u2019avenir du <\/span><b>tourisme dans la Cara\u00efbe<\/b><span style=\"font-weight: 400;\"> d\u00e9pendra de la capacit\u00e9 des territoires \u00e0 mutualiser leurs forces, \u00e0 mieux r\u00e9partir les b\u00e9n\u00e9fices du secteur, et \u00e0 s\u2019adapter aux nouvelles exigences des voyageurs. Alors que le tourisme mondial se transforme, la Cara\u00efbe ne peut rester \u00e0 la remorque d\u2019un mod\u00e8le h\u00e9rit\u00e9.<\/span><\/p><p><span style=\"font-weight: 400;\">Investir dans les infrastructures durables, renforcer l\u2019interconnexion r\u00e9gionale, et repenser l\u2019offre touristique \u00e0 l\u2019aune des enjeux climatiques et sociaux sont les conditions n\u00e9cessaires pour faire du <\/span><b>tourisme dans la Cara\u00efbe<\/b><span style=\"font-weight: 400;\"> un v\u00e9ritable moteur de d\u00e9veloppement \u00e9quitable.<\/span><\/p>\t\t\t\t\t\t\t\t<\/div>\n\t\t\t\t<\/div>\n\t\t\t\t\t<\/div>\n\t\t<\/div>\n\t\t\t\t\t<\/div>\n\t\t<\/section>\n\t\t\t\t<\/div>\n\t\t","protected":false},"excerpt":{"rendered":"<p>Le tourisme dans la Cara\u00efbe n\u2019est pas seulement une source majeure de revenus, il constitue l\u2019un des piliers \u00e9conomiques les plus scrut\u00e9s de la r\u00e9gion. Moteur essentiel de croissance pour nombre d\u2019\u00eeles post-Covid, il illustre \u00e0 la fois les opportunit\u00e9s li\u00e9es \u00e0 la demande internationale et les limites d\u2019un mod\u00e8le centr\u00e9 sur la d\u00e9pendance ext\u00e9rieure. [&hellip;]<\/p>\n","protected":false},"author":662,"featured_media":51690,"comment_status":"open","ping_status":"open","sticky":false,"template":"","format":"standard","meta":{"_acf_changed":false,"footnotes":""},"categories":[840,1732],"tags":[1441,1598,1716,1545,1660,808,1482,1599,1656],"class_list":["post-51662","post","type-post","status-publish","format-standard","has-post-thumbnail","hentry","category-actus","category-tourisme","tag-anguilla-fr","tag-barbade-fr","tag-dominique-fr-2","tag-guadeloupe-2","tag-jamaica-fr","tag-martinique-fr","tag-republique-dominicaine","tag-sainte-lucie-fr","tag-trinite-et-tobago-2"],"acf":[],"_links":{"self":[{"href":"https:\/\/richeskarayib.com\/fr\/wp-json\/wp\/v2\/posts\/51662","targetHints":{"allow":["GET"]}}],"collection":[{"href":"https:\/\/richeskarayib.com\/fr\/wp-json\/wp\/v2\/posts"}],"about":[{"href":"https:\/\/richeskarayib.com\/fr\/wp-json\/wp\/v2\/types\/post"}],"author":[{"embeddable":true,"href":"https:\/\/richeskarayib.com\/fr\/wp-json\/wp\/v2\/users\/662"}],"replies":[{"embeddable":true,"href":"https:\/\/richeskarayib.com\/fr\/wp-json\/wp\/v2\/comments?post=51662"}],"version-history":[{"count":0,"href":"https:\/\/richeskarayib.com\/fr\/wp-json\/wp\/v2\/posts\/51662\/revisions"}],"wp:featuredmedia":[{"embeddable":true,"href":"https:\/\/richeskarayib.com\/fr\/wp-json\/wp\/v2\/media\/51690"}],"wp:attachment":[{"href":"https:\/\/richeskarayib.com\/fr\/wp-json\/wp\/v2\/media?parent=51662"}],"wp:term":[{"taxonomy":"category","embeddable":true,"href":"https:\/\/richeskarayib.com\/fr\/wp-json\/wp\/v2\/categories?post=51662"},{"taxonomy":"post_tag","embeddable":true,"href":"https:\/\/richeskarayib.com\/fr\/wp-json\/wp\/v2\/tags?post=51662"}],"curies":[{"name":"wp","href":"https:\/\/api.w.org\/{rel}","templated":true}]}}