{"id":51796,"date":"2025-05-19T09:20:37","date_gmt":"2025-05-19T13:20:37","guid":{"rendered":"https:\/\/richeskarayib.com\/?p=51796"},"modified":"2025-05-19T09:20:37","modified_gmt":"2025-05-19T13:20:37","slug":"chanter-sainte-lucie-fete-de-la-musique-2025","status":"publish","type":"post","link":"https:\/\/richeskarayib.com\/fr\/chanter-sainte-lucie-fete-de-la-musique-2025\/","title":{"rendered":"F\u00eate de la musique 2025 : Et si tu chantais \u00e0 Sainte-Lucie ?"},"content":{"rendered":"\t\t<div data-elementor-type=\"wp-post\" data-elementor-id=\"51796\" class=\"elementor elementor-51796\" data-elementor-post-type=\"post\">\n\t\t\t\t\t\t<section class=\"elementor-section elementor-top-section elementor-element elementor-element-7d4f952 elementor-section-boxed elementor-section-height-default elementor-section-height-default\" data-id=\"7d4f952\" data-element_type=\"section\">\n\t\t\t\t\t\t<div class=\"elementor-container elementor-column-gap-default\">\n\t\t\t\t\t<div class=\"elementor-column elementor-col-100 elementor-top-column elementor-element elementor-element-f3833fa\" data-id=\"f3833fa\" data-element_type=\"column\">\n\t\t\t<div class=\"elementor-widget-wrap elementor-element-populated\">\n\t\t\t\t\t\t<div class=\"elementor-element elementor-element-6cd393f elementor-widget elementor-widget-text-editor\" data-id=\"6cd393f\" data-element_type=\"widget\" data-widget_type=\"text-editor.default\">\n\t\t\t\t<div class=\"elementor-widget-container\">\n\t\t\t\t\t\t\t\t\t<p>\u00ab Et si tu chantais \u00e0 Sainte-Lucie pour la<a href=\"https:\/\/www.stlucia.org\/fr\/experiences\/festivals-events\/\" target=\"_blank\" rel=\"noopener nofollow\"> f\u00eate de la musique 2025<\/a> ? \u00bb d\u00e9signe un projet culturel in\u00e9dit, imagin\u00e9 pour renforcer la coop\u00e9ration artistique dans la <a href=\"https:\/\/richeskarayib.com\/fr\/le-tourisme-dans-la-caraibe-chiffres-cles\/\" target=\"_blank\" rel=\"noopener\">Cara\u00efbe<\/a>. Ce slogan, devenu le nom officiel du programme, invite les jeunes talents martiniquais \u00e0 vivre une aventure musicale r\u00e9gionale, \u00e0 travers un tremplin in\u00e9dit entre Schoelcher et Castries. Imagine : toi, jeune chanteur ou chanteuse, guitare en main, embarquant sur le <a href=\"https:\/\/www.instagram.com\/caporosso972\/\" target=\"_blank\" rel=\"noopener nofollow\">Capo Rosso<\/a> pour faire vibrer la sc\u00e8ne de Sainte-Lucie lors du plus grand \u00e9v\u00e9nement musical de l\u2019ann\u00e9e.<\/p>\t\t\t\t\t\t\t\t<\/div>\n\t\t\t\t<\/div>\n\t\t\t\t\t<\/div>\n\t\t<\/div>\n\t\t\t\t\t<\/div>\n\t\t<\/section>\n\t\t\t\t<section class=\"elementor-section elementor-top-section elementor-element elementor-element-16ba7e0 elementor-section-boxed elementor-section-height-default elementor-section-height-default\" data-id=\"16ba7e0\" data-element_type=\"section\">\n\t\t\t\t\t\t<div class=\"elementor-container elementor-column-gap-default\">\n\t\t\t\t\t<div class=\"elementor-column elementor-col-100 elementor-top-column elementor-element elementor-element-f6fb52b\" data-id=\"f6fb52b\" data-element_type=\"column\">\n\t\t\t<div class=\"elementor-widget-wrap elementor-element-populated\">\n\t\t\t\t\t\t<div class=\"elementor-element elementor-element-0ce05bd elementor-widget elementor-widget-heading\" data-id=\"0ce05bd\" data-element_type=\"widget\" data-widget_type=\"heading.default\">\n\t\t\t\t<div class=\"elementor-widget-container\">\n\t\t\t\t\t<h2 class=\"elementor-heading-title elementor-size-default\">Une dynamique carib\u00e9enne port\u00e9e par la f\u00eate de la musique 2025<\/h2>\t\t\t\t<\/div>\n\t\t\t\t<\/div>\n\t\t\t\t<div class=\"elementor-element elementor-element-2917823 elementor-widget elementor-widget-text-editor\" data-id=\"2917823\" data-element_type=\"widget\" data-widget_type=\"text-editor.default\">\n\t\t\t\t<div class=\"elementor-widget-container\">\n\t\t\t\t\t\t\t\t\t<h3><b>Un projet pilote de coop\u00e9ration<\/b><\/h3>\n<p>\u00ab Et si tu chantais \u00e0 Sainte-Lucie pour la <a href=\"https:\/\/web.facebook.com\/france.saintelucie\/posts\/appel-%C3%A0-candidature-f%C3%AAte-de-la-musique-2025\/1099378245565213\/?_rdc=1&amp;_rdr#\" target=\"_blank\" rel=\"noopener nofollow\">f\u00eate de la musique 2025<\/a> ? \u00bb est bien plus qu\u2019une simple invitation. C\u2019est un projet structurant entre la <a href=\"https:\/\/richeskarayib.com\/fr\/martinique-alain-josephine-reveler-la-profondeur-par-couleur\/\" target=\"_blank\" rel=\"noopener\">Martinique<\/a> et<a href=\"https:\/\/richeskarayib.com\/fr\/sainte-lucie-revivez-le-jazz-and-arts-festival-2025\/\" target=\"_blank\" rel=\"noopener\"> Sainte-Lucie<\/a>, pens\u00e9 pour renforcer la circulation des talents et l\u2019ancrage culturel r\u00e9gional. La f\u00eate de la musique 2025 y devient un cadre strat\u00e9gique pour d\u00e9velopper des \u00e9changes artistiques durables, en ciblant particuli\u00e8rement les jeunes artistes solos de 18 \u00e0 28 ans.<\/p>\t\t\t\t\t\t\t\t<\/div>\n\t\t\t\t<\/div>\n\t\t\t\t<div class=\"elementor-element elementor-element-4e9c934 elementor-widget elementor-widget-text-editor\" data-id=\"4e9c934\" data-element_type=\"widget\" data-widget_type=\"text-editor.default\">\n\t\t\t\t<div class=\"elementor-widget-container\">\n\t\t\t\t\t\t\t\t\t<h3><b>Un tremplin musical pour r\u00e9v\u00e9ler la jeunesse<\/b><\/h3>\n<p>Ce projet propose aux artistes martiniquais de participer \u00e0 un processus en trois \u00e9tapes :<\/p>\n<ul>\n<li aria-level=\"1\"><b>Phase 1<\/b> : appel \u00e0 candidatures jusqu\u2019au 22 mai 2025. Envoi de deux vid\u00e9os chant\u00e9es (composition ou reprise, en fran\u00e7ais ou cr\u00e9ole) \u00e0 <span \n                data-original-string='J6X2RVJdA1eCKSTe4CAL8g==66dljBpecAmcGHXqM3DagjucA=='\n                class='apbct-email-encoder'\n                title='This contact has been encoded by Anti-Spam by CleanTalk. Click to decode. To finish the decoding make sure that JavaScript is enabled in your browser.'>co<span class=\"apbct-blur\">*<\/span>@<span class=\"apbct-blur\">***<\/span>lu.org<\/span>.<\/li>\n<li aria-level=\"1\"><b>Phase 2<\/b> : s\u00e9lection en live le 28 mai \u00e0 20h30 \u00e0 l\u2019ArObase (Schoelcher), lors du <b>Ka F\u00e8 Show<\/b>, une sc\u00e8ne ouverte embl\u00e9matique.<\/li>\n<li aria-level=\"1\"><b>Phase 3<\/b> : repr\u00e9sentation du ou de la laur\u00e9at\u00b7e \u00e0 Castries le 21 juin, pour la <b>f\u00eate de la musique 2025<\/b>, dans les jardins de l\u2019Alliance Fran\u00e7aise de Sainte-Lucie.<\/li>\n<\/ul>\t\t\t\t\t\t\t\t<\/div>\n\t\t\t\t<\/div>\n\t\t\t\t<section class=\"elementor-section elementor-inner-section elementor-element elementor-element-67aed15 elementor-section-boxed elementor-section-height-default elementor-section-height-default\" data-id=\"67aed15\" data-element_type=\"section\">\n\t\t\t\t\t\t<div class=\"elementor-container elementor-column-gap-default\">\n\t\t\t\t\t<div class=\"elementor-column elementor-col-100 elementor-inner-column elementor-element elementor-element-7a1c020\" data-id=\"7a1c020\" data-element_type=\"column\">\n\t\t\t<div class=\"elementor-widget-wrap elementor-element-populated\">\n\t\t\t\t\t\t<div class=\"elementor-element elementor-element-0ea0f99 elementor-widget elementor-widget-image\" data-id=\"0ea0f99\" data-element_type=\"widget\" data-widget_type=\"image.default\">\n\t\t\t\t<div class=\"elementor-widget-container\">\n\t\t\t\t\t\t\t\t\t\t\t\t\t\t\t<img fetchpriority=\"high\" decoding=\"async\" width=\"791\" height=\"1024\" src=\"https:\/\/richeskarayib.com\/wp-content\/uploads\/2025\/05\/Dossier-de-presse-Tremplin-FDLM-2025_page-0007-791x1024.jpg\" class=\"attachment-large size-large wp-image-51801\" alt=\"f\u00eate de la musique 2025\" srcset=\"https:\/\/richeskarayib.com\/wp-content\/uploads\/2025\/05\/Dossier-de-presse-Tremplin-FDLM-2025_page-0007-791x1024.jpg 791w, https:\/\/richeskarayib.com\/wp-content\/uploads\/2025\/05\/Dossier-de-presse-Tremplin-FDLM-2025_page-0007-232x300.jpg 232w, https:\/\/richeskarayib.com\/wp-content\/uploads\/2025\/05\/Dossier-de-presse-Tremplin-FDLM-2025_page-0007-768x994.jpg 768w, https:\/\/richeskarayib.com\/wp-content\/uploads\/2025\/05\/Dossier-de-presse-Tremplin-FDLM-2025_page-0007-1187x1536.jpg 1187w, https:\/\/richeskarayib.com\/wp-content\/uploads\/2025\/05\/Dossier-de-presse-Tremplin-FDLM-2025_page-0007.jpg 1275w\" sizes=\"(max-width: 791px) 100vw, 791px\" \/>\t\t\t\t\t\t\t\t\t\t\t\t\t\t\t<\/div>\n\t\t\t\t<\/div>\n\t\t\t\t\t<\/div>\n\t\t<\/div>\n\t\t\t\t\t<\/div>\n\t\t<\/section>\n\t\t\t\t\t<\/div>\n\t\t<\/div>\n\t\t\t\t\t<\/div>\n\t\t<\/section>\n\t\t\t\t<section class=\"elementor-section elementor-top-section elementor-element elementor-element-7c727fe elementor-section-boxed elementor-section-height-default elementor-section-height-default\" data-id=\"7c727fe\" data-element_type=\"section\">\n\t\t\t\t\t\t<div class=\"elementor-container elementor-column-gap-default\">\n\t\t\t\t\t<div class=\"elementor-column elementor-col-100 elementor-top-column elementor-element elementor-element-2675508\" data-id=\"2675508\" data-element_type=\"column\">\n\t\t\t<div class=\"elementor-widget-wrap elementor-element-populated\">\n\t\t\t\t\t\t<div class=\"elementor-element elementor-element-86f7f71 elementor-widget elementor-widget-heading\" data-id=\"86f7f71\" data-element_type=\"widget\" data-widget_type=\"heading.default\">\n\t\t\t\t<div class=\"elementor-widget-container\">\n\t\t\t\t\t<h2 class=\"elementor-heading-title elementor-size-default\">Une sc\u00e8ne, un jury, une visibilit\u00e9 r\u00e9gionale\n<\/h2>\t\t\t\t<\/div>\n\t\t\t\t<\/div>\n\t\t\t\t<div class=\"elementor-element elementor-element-1931a91 elementor-widget elementor-widget-text-editor\" data-id=\"1931a91\" data-element_type=\"widget\" data-widget_type=\"text-editor.default\">\n\t\t\t\t<div class=\"elementor-widget-container\">\n\t\t\t\t\t\t\t\t\t<h3><b>Le jury de la s\u00e9lection<\/b><\/h3>\n<p>Le 28 mai \u00e0 l\u2019ArObase, les cinq artistes finalistes seront \u00e9valu\u00e9s par un jury de professionnels reconnu :<\/p>\n<ul>\n<li aria-level=\"1\">\u2605 Christiane BOURGEOIS<\/li>\n<li aria-level=\"1\">\u2605 Victor O<\/li>\n<li aria-level=\"1\">\u2605 James Germain<\/li>\n<li aria-level=\"1\">\u2605 Oph\u00e9lie COHEN<\/li>\n<li aria-level=\"1\">\u2605 Jean-Michel CABIT<\/li>\n<li aria-level=\"1\">\u2605 Agn\u00e8s BRETEL<\/li>\n<\/ul>\t\t\t\t\t\t\t\t<\/div>\n\t\t\t\t<\/div>\n\t\t\t\t<div class=\"elementor-element elementor-element-69ca2f0 elementor-widget elementor-widget-text-editor\" data-id=\"69ca2f0\" data-element_type=\"widget\" data-widget_type=\"text-editor.default\">\n\t\t\t\t<div class=\"elementor-widget-container\">\n\t\t\t\t\t\t\t\t\t<h3><b>Une exp\u00e9rience artistique et humaine<\/b><\/h3>\n<p>Le ou la laur\u00e9at\u00b7e b\u00e9n\u00e9ficiera :<\/p>\n<ul>\n<li aria-level=\"1\">\u2605 d\u2019un transport aller-retour en bateau (Capo Rosso),<\/li>\n<li aria-level=\"1\">\u2605 d\u2019un s\u00e9jour du 20 au 22 juin au <b>Bel Jou Hotel<\/b>,<\/li>\n<li aria-level=\"1\">\u2605 de repas inclus,<\/li>\n<li aria-level=\"1\">\u2605 d\u2019un concert public \u00e0 l\u2019Alliance Fran\u00e7aise de Sainte-Lucie lors de la <b>f\u00eate de la musique 2025<\/b>,<\/li>\n<li aria-level=\"1\">\u2605 d\u2019une visibilit\u00e9 m\u00e9diatique (presse, r\u00e9seaux sociaux),<\/li>\n<li aria-level=\"1\">\u2605 de rencontres avec des artistes et publics locaux.<\/li>\n<\/ul>\t\t\t\t\t\t\t\t<\/div>\n\t\t\t\t<\/div>\n\t\t\t\t<section class=\"elementor-section elementor-inner-section elementor-element elementor-element-0e513b4 elementor-section-boxed elementor-section-height-default elementor-section-height-default\" data-id=\"0e513b4\" data-element_type=\"section\">\n\t\t\t\t\t\t<div class=\"elementor-container elementor-column-gap-default\">\n\t\t\t\t\t<div class=\"elementor-column elementor-col-100 elementor-inner-column elementor-element elementor-element-029d3fe\" data-id=\"029d3fe\" data-element_type=\"column\">\n\t\t\t<div class=\"elementor-widget-wrap elementor-element-populated\">\n\t\t\t\t\t\t<div class=\"elementor-element elementor-element-12da32b elementor-widget elementor-widget-image\" data-id=\"12da32b\" data-element_type=\"widget\" data-widget_type=\"image.default\">\n\t\t\t\t<div class=\"elementor-widget-container\">\n\t\t\t\t\t\t\t\t\t\t\t\t\t\t\t<img decoding=\"async\" width=\"791\" height=\"1024\" src=\"https:\/\/richeskarayib.com\/wp-content\/uploads\/2025\/05\/Dossier-de-presse-Tremplin-FDLM-2025_page-0005-791x1024.jpg\" class=\"attachment-large size-large wp-image-51805\" alt=\"f\u00eate de la musique 2025\" srcset=\"https:\/\/richeskarayib.com\/wp-content\/uploads\/2025\/05\/Dossier-de-presse-Tremplin-FDLM-2025_page-0005-791x1024.jpg 791w, https:\/\/richeskarayib.com\/wp-content\/uploads\/2025\/05\/Dossier-de-presse-Tremplin-FDLM-2025_page-0005-232x300.jpg 232w, https:\/\/richeskarayib.com\/wp-content\/uploads\/2025\/05\/Dossier-de-presse-Tremplin-FDLM-2025_page-0005-768x994.jpg 768w, https:\/\/richeskarayib.com\/wp-content\/uploads\/2025\/05\/Dossier-de-presse-Tremplin-FDLM-2025_page-0005-1187x1536.jpg 1187w, https:\/\/richeskarayib.com\/wp-content\/uploads\/2025\/05\/Dossier-de-presse-Tremplin-FDLM-2025_page-0005.jpg 1275w\" sizes=\"(max-width: 791px) 100vw, 791px\" \/>\t\t\t\t\t\t\t\t\t\t\t\t\t\t\t<\/div>\n\t\t\t\t<\/div>\n\t\t\t\t\t<\/div>\n\t\t<\/div>\n\t\t\t\t\t<\/div>\n\t\t<\/section>\n\t\t\t\t\t<\/div>\n\t\t<\/div>\n\t\t\t\t\t<\/div>\n\t\t<\/section>\n\t\t\t\t<section class=\"elementor-section elementor-top-section elementor-element elementor-element-1a0b771 elementor-section-boxed elementor-section-height-default elementor-section-height-default\" data-id=\"1a0b771\" data-element_type=\"section\">\n\t\t\t\t\t\t<div class=\"elementor-container elementor-column-gap-default\">\n\t\t\t\t\t<div class=\"elementor-column elementor-col-100 elementor-top-column elementor-element elementor-element-345f4b7\" data-id=\"345f4b7\" data-element_type=\"column\">\n\t\t\t<div class=\"elementor-widget-wrap elementor-element-populated\">\n\t\t\t\t\t\t<div class=\"elementor-element elementor-element-d6a712a elementor-widget elementor-widget-heading\" data-id=\"d6a712a\" data-element_type=\"widget\" data-widget_type=\"heading.default\">\n\t\t\t\t<div class=\"elementor-widget-container\">\n\t\t\t\t\t<h2 class=\"elementor-heading-title elementor-size-default\">Des organisateurs ancr\u00e9s dans la Cara\u00efbe<\/h2>\t\t\t\t<\/div>\n\t\t\t\t<\/div>\n\t\t\t\t<div class=\"elementor-element elementor-element-f9582c3 elementor-widget elementor-widget-text-editor\" data-id=\"f9582c3\" data-element_type=\"widget\" data-widget_type=\"text-editor.default\">\n\t\t\t\t<div class=\"elementor-widget-container\">\n\t\t\t\t\t\t\t\t\t<h3><b>SIREZ, r\u00e9v\u00e9latrices de talents<\/b><\/h3>\n<p>Fond\u00e9e en 2020 \u00e0 Fort-de-France, l\u2019association Les SIREZ valorise les expressions artistiques \u00e9mergentes \u00e0 travers des projets collaboratifs entre musiciens amateurs et professionnels. Apr\u00e8s le succ\u00e8s du tremplin MizikLab, elles portent ce nouveau projet avec la volont\u00e9 de faire rayonner la culture martiniquaise dans la r\u00e9gion.<\/p>\t\t\t\t\t\t\t\t<\/div>\n\t\t\t\t<\/div>\n\t\t\t\t<div class=\"elementor-element elementor-element-b09dce7 elementor-widget elementor-widget-text-editor\" data-id=\"b09dce7\" data-element_type=\"widget\" data-widget_type=\"text-editor.default\">\n\t\t\t\t<div class=\"elementor-widget-container\">\n\t\t\t\t\t\t\t\t\t<h3><b>L\u2019Alliance Fran\u00e7aise de Sainte-Lucie, un pont entre les \u00eeles<\/b><\/h3>\n<p>Implant\u00e9e \u00e0 Castries depuis 1953, l\u2019Alliance Fran\u00e7aise de Sainte-Lucie est un acteur incontournable de la francophonie carib\u00e9enne. Elle initie r\u00e9guli\u00e8rement des projets de coop\u00e9ration culturelle entre la France et les \u00eeles de la Cara\u00efbe, \u00e0 travers des \u00e9v\u00e9nements, des formations linguistiques et des certifications.<\/p>\t\t\t\t\t\t\t\t<\/div>\n\t\t\t\t<\/div>\n\t\t\t\t<section class=\"elementor-section elementor-inner-section elementor-element elementor-element-d81b3d3 elementor-section-boxed elementor-section-height-default elementor-section-height-default\" data-id=\"d81b3d3\" data-element_type=\"section\">\n\t\t\t\t\t\t<div class=\"elementor-container elementor-column-gap-default\">\n\t\t\t\t\t<div class=\"elementor-column elementor-col-100 elementor-inner-column elementor-element elementor-element-bb04e61\" data-id=\"bb04e61\" data-element_type=\"column\">\n\t\t\t<div class=\"elementor-widget-wrap elementor-element-populated\">\n\t\t\t\t\t\t<div class=\"elementor-element elementor-element-b21d438 elementor-widget elementor-widget-image\" data-id=\"b21d438\" data-element_type=\"widget\" data-widget_type=\"image.default\">\n\t\t\t\t<div class=\"elementor-widget-container\">\n\t\t\t\t\t\t\t\t\t\t\t\t\t\t\t<img decoding=\"async\" width=\"791\" height=\"1024\" src=\"https:\/\/richeskarayib.com\/wp-content\/uploads\/2025\/05\/Dossier-de-presse-Tremplin-FDLM-2025_page-0008-791x1024.jpg\" class=\"attachment-large size-large wp-image-51813\" alt=\"f\u00eate de la musique 2025\" srcset=\"https:\/\/richeskarayib.com\/wp-content\/uploads\/2025\/05\/Dossier-de-presse-Tremplin-FDLM-2025_page-0008-791x1024.jpg 791w, https:\/\/richeskarayib.com\/wp-content\/uploads\/2025\/05\/Dossier-de-presse-Tremplin-FDLM-2025_page-0008-232x300.jpg 232w, https:\/\/richeskarayib.com\/wp-content\/uploads\/2025\/05\/Dossier-de-presse-Tremplin-FDLM-2025_page-0008-768x994.jpg 768w, https:\/\/richeskarayib.com\/wp-content\/uploads\/2025\/05\/Dossier-de-presse-Tremplin-FDLM-2025_page-0008-1187x1536.jpg 1187w, https:\/\/richeskarayib.com\/wp-content\/uploads\/2025\/05\/Dossier-de-presse-Tremplin-FDLM-2025_page-0008.jpg 1275w\" sizes=\"(max-width: 791px) 100vw, 791px\" \/>\t\t\t\t\t\t\t\t\t\t\t\t\t\t\t<\/div>\n\t\t\t\t<\/div>\n\t\t\t\t\t<\/div>\n\t\t<\/div>\n\t\t\t\t\t<\/div>\n\t\t<\/section>\n\t\t\t\t\t<\/div>\n\t\t<\/div>\n\t\t\t\t\t<\/div>\n\t\t<\/section>\n\t\t\t\t<section class=\"elementor-section elementor-top-section elementor-element elementor-element-3f379db elementor-section-boxed elementor-section-height-default elementor-section-height-default\" data-id=\"3f379db\" data-element_type=\"section\">\n\t\t\t\t\t\t<div class=\"elementor-container elementor-column-gap-default\">\n\t\t\t\t\t<div class=\"elementor-column elementor-col-100 elementor-top-column elementor-element elementor-element-d544ce3\" data-id=\"d544ce3\" data-element_type=\"column\">\n\t\t\t<div class=\"elementor-widget-wrap elementor-element-populated\">\n\t\t\t\t\t\t<div class=\"elementor-element elementor-element-2f73799 elementor-widget elementor-widget-heading\" data-id=\"2f73799\" data-element_type=\"widget\" data-widget_type=\"heading.default\">\n\t\t\t\t<div class=\"elementor-widget-container\">\n\t\t\t\t\t<h2 class=\"elementor-heading-title elementor-size-default\">Des organisateurs ancr\u00e9s dans la Cara\u00efbe<\/h2>\t\t\t\t<\/div>\n\t\t\t\t<\/div>\n\t\t\t\t<div class=\"elementor-element elementor-element-81ef07d elementor-widget elementor-widget-text-editor\" data-id=\"81ef07d\" data-element_type=\"widget\" data-widget_type=\"text-editor.default\">\n\t\t\t\t<div class=\"elementor-widget-container\">\n\t\t\t\t\t\t\t\t\t<h3><b>Une vision \u00e0 long terme<\/b><\/h3>\n<p>\u00ab Et si tu chantais \u00e0 Sainte-Lucie pour la f\u00eate de la musique 2025 ? \u00bb s\u2019inscrit dans une d\u00e9marche durable. Ce tremplin aspire \u00e0 multiplier les r\u00e9sidences, les coproductions r\u00e9gionales, les collaborations entre artistes des \u00eeles, tout en ancrant la f\u00eate de la musique dans un projet culturel coh\u00e9rent \u00e0 l\u2019\u00e9chelle carib\u00e9enne.<\/p>\t\t\t\t\t\t\t\t<\/div>\n\t\t\t\t<\/div>\n\t\t\t\t<div class=\"elementor-element elementor-element-83b7ed1 elementor-widget elementor-widget-text-editor\" data-id=\"83b7ed1\" data-element_type=\"widget\" data-widget_type=\"text-editor.default\">\n\t\t\t\t<div class=\"elementor-widget-container\">\n\t\t\t\t\t\t\t\t\t<h3><b>Un tremplin pour la jeunesse<\/b><\/h3>\n<p>Au-del\u00e0 de la sc\u00e8ne, ce projet constitue une exp\u00e9rience de formation et de structuration pour les jeunes artistes. Se produire \u00e0 Sainte-Lucie dans un contexte professionnel, partager la sc\u00e8ne avec des musiciens d\u2019autres territoires, \u00e9changer sur des parcours, c\u2019est aussi apprendre \u00e0 construire sa carri\u00e8re tout en renfor\u00e7ant une identit\u00e9 artistique carib\u00e9enne.<\/p>\t\t\t\t\t\t\t\t<\/div>\n\t\t\t\t<\/div>\n\t\t\t\t\t<\/div>\n\t\t<\/div>\n\t\t\t\t\t<\/div>\n\t\t<\/section>\n\t\t\t\t<section class=\"elementor-section elementor-top-section elementor-element elementor-element-24e0232 elementor-section-boxed elementor-section-height-default elementor-section-height-default\" data-id=\"24e0232\" data-element_type=\"section\">\n\t\t\t\t\t\t<div class=\"elementor-container elementor-column-gap-default\">\n\t\t\t\t\t<div class=\"elementor-column elementor-col-100 elementor-top-column elementor-element elementor-element-6710869\" data-id=\"6710869\" data-element_type=\"column\">\n\t\t\t<div class=\"elementor-widget-wrap elementor-element-populated\">\n\t\t\t\t\t\t<div class=\"elementor-element elementor-element-fd39547 elementor-widget elementor-widget-text-editor\" data-id=\"fd39547\" data-element_type=\"widget\" data-widget_type=\"text-editor.default\">\n\t\t\t\t<div class=\"elementor-widget-container\">\n\t\t\t\t\t\t\t\t\t<p>\u00ab Et si tu chantais \u00e0 Sainte-Lucie pour la f\u00eate de la musique 2025 ? \u00bb est une initiative pionni\u00e8re. Elle relie des institutions, des territoires et des jeunesses par la musique, tout en ouvrant un champ d\u2019expression in\u00e9dit aux artistes martiniquais. \u00c0 l\u2019heure o\u00f9 la Cara\u00efbe repense sa coop\u00e9ration, cette f\u00eate de la musique 2025 devient un catalyseur d\u2019audace, de cr\u00e9ativit\u00e9 et de liens durables.<\/p>\t\t\t\t\t\t\t\t<\/div>\n\t\t\t\t<\/div>\n\t\t\t\t\t<\/div>\n\t\t<\/div>\n\t\t\t\t\t<\/div>\n\t\t<\/section>\n\t\t\t\t<\/div>\n\t\t","protected":false},"excerpt":{"rendered":"<p>\u00ab Et si tu chantais \u00e0 Sainte-Lucie pour la f\u00eate de la musique 2025 ? \u00bb d\u00e9signe un projet culturel in\u00e9dit, imagin\u00e9 pour renforcer la coop\u00e9ration artistique dans la Cara\u00efbe. Ce slogan, devenu le nom officiel du programme, invite les jeunes talents martiniquais \u00e0 vivre une aventure musicale r\u00e9gionale, \u00e0 travers un tremplin in\u00e9dit entre [&hellip;]<\/p>\n","protected":false},"author":662,"featured_media":51797,"comment_status":"open","ping_status":"open","sticky":false,"template":"","format":"standard","meta":{"_acf_changed":false,"footnotes":""},"categories":[840,1498],"tags":[808,1675],"class_list":["post-51796","post","type-post","status-publish","format-standard","has-post-thumbnail","hentry","category-actus","category-gestion-devenements","tag-martinique-fr","tag-sainte-lucie-2"],"acf":[],"_links":{"self":[{"href":"https:\/\/richeskarayib.com\/fr\/wp-json\/wp\/v2\/posts\/51796","targetHints":{"allow":["GET"]}}],"collection":[{"href":"https:\/\/richeskarayib.com\/fr\/wp-json\/wp\/v2\/posts"}],"about":[{"href":"https:\/\/richeskarayib.com\/fr\/wp-json\/wp\/v2\/types\/post"}],"author":[{"embeddable":true,"href":"https:\/\/richeskarayib.com\/fr\/wp-json\/wp\/v2\/users\/662"}],"replies":[{"embeddable":true,"href":"https:\/\/richeskarayib.com\/fr\/wp-json\/wp\/v2\/comments?post=51796"}],"version-history":[{"count":0,"href":"https:\/\/richeskarayib.com\/fr\/wp-json\/wp\/v2\/posts\/51796\/revisions"}],"wp:featuredmedia":[{"embeddable":true,"href":"https:\/\/richeskarayib.com\/fr\/wp-json\/wp\/v2\/media\/51797"}],"wp:attachment":[{"href":"https:\/\/richeskarayib.com\/fr\/wp-json\/wp\/v2\/media?parent=51796"}],"wp:term":[{"taxonomy":"category","embeddable":true,"href":"https:\/\/richeskarayib.com\/fr\/wp-json\/wp\/v2\/categories?post=51796"},{"taxonomy":"post_tag","embeddable":true,"href":"https:\/\/richeskarayib.com\/fr\/wp-json\/wp\/v2\/tags?post=51796"}],"curies":[{"name":"wp","href":"https:\/\/api.w.org\/{rel}","templated":true}]}}