{"id":51856,"date":"2025-05-20T04:09:24","date_gmt":"2025-05-20T08:09:24","guid":{"rendered":"https:\/\/richeskarayib.com\/?p=51856"},"modified":"2025-05-20T04:09:24","modified_gmt":"2025-05-20T08:09:24","slug":"nevis-mango-festival-2025-trois-jours","status":"publish","type":"post","link":"https:\/\/richeskarayib.com\/fr\/nevis-mango-festival-2025-trois-jours\/","title":{"rendered":"St Kitts and Nevis\u00a0&#8211; Nevis Mango Festival 2025 : Trois jours pour croquer la mangue sous toutes ses formes"},"content":{"rendered":"\t\t<div data-elementor-type=\"wp-post\" data-elementor-id=\"51856\" class=\"elementor elementor-51856\" data-elementor-post-type=\"post\">\n\t\t\t\t\t\t<section class=\"elementor-section elementor-top-section elementor-element elementor-element-7d4f952 elementor-section-boxed elementor-section-height-default elementor-section-height-default\" data-id=\"7d4f952\" data-element_type=\"section\">\n\t\t\t\t\t\t<div class=\"elementor-container elementor-column-gap-default\">\n\t\t\t\t\t<div class=\"elementor-column elementor-col-100 elementor-top-column elementor-element elementor-element-f3833fa\" data-id=\"f3833fa\" data-element_type=\"column\">\n\t\t\t<div class=\"elementor-widget-wrap elementor-element-populated\">\n\t\t\t\t\t\t<div class=\"elementor-element elementor-element-6cd393f elementor-widget elementor-widget-text-editor\" data-id=\"6cd393f\" data-element_type=\"widget\" data-widget_type=\"text-editor.default\">\n\t\t\t\t<div class=\"elementor-widget-container\">\n\t\t\t\t\t\t\t\t\t<p><span style=\"font-weight: 400;\">Le <a href=\"https:\/\/www.nevismangofest.com\/\" target=\"_blank\" rel=\"noopener nofollow\">Nevis Mango Festival 2025<\/a> s\u2019annonce comme l\u2019\u00e9v\u00e9nement phare de l\u2019\u00e9t\u00e9 pour tous les passionn\u00e9s de gastronomie et de d\u00e9couvertes exotiques. Du 4 au 6 juillet 2025, l\u2019\u00eele de Nevis, situ\u00e9e dans la f\u00e9d\u00e9ration de<a href=\"https:\/\/richeskarayib.com\/fr\/saint-kitts-croissance-durable-et-tourisme\/\" target=\"_blank\" rel=\"noopener\"> Saint-Kitts-et-Nevis<\/a>, vibrera au rythme de la mangue, ce fruit embl\u00e9matique c\u00e9l\u00e9br\u00e9 lors de ce festival unique en son genre.<\/span><\/p>\t\t\t\t\t\t\t\t<\/div>\n\t\t\t\t<\/div>\n\t\t\t\t<div class=\"elementor-element elementor-element-8cc5d0c elementor-widget elementor-widget-text-editor\" data-id=\"8cc5d0c\" data-element_type=\"widget\" data-widget_type=\"text-editor.default\">\n\t\t\t\t<div class=\"elementor-widget-container\">\n\t\t\t\t\t\t\t\t\t<p><span style=\"font-weight: 400;\">Depuis onze ans, le <a href=\"https:\/\/wicnews.com\/saint-kitts-nevis\/nevis-mango-festival-2025-dates-revealed-chef-bryant-terry-announced-as-headline-chef?utm_source=chatgpt.com\" target=\"_blank\" rel=\"noopener nofollow\">Nevis Mango Festival<\/a> attire aussi bien les locaux que les visiteurs venus du monde entier, s\u00e9duits par la richesse des saveurs et l\u2019ambiance chaleureuse qui r\u00e8gne sur l\u2019\u00eele. Ce rendez-vous est devenu un incontournable pour tous ceux qui souhaitent explorer la diversit\u00e9 culinaire de Nevis tout en profitant de son hospitalit\u00e9 l\u00e9gendaire.<\/span><\/p>\t\t\t\t\t\t\t\t<\/div>\n\t\t\t\t<\/div>\n\t\t\t\t\t<\/div>\n\t\t<\/div>\n\t\t\t\t\t<\/div>\n\t\t<\/section>\n\t\t\t\t<section class=\"elementor-section elementor-top-section elementor-element elementor-element-16ba7e0 elementor-section-boxed elementor-section-height-default elementor-section-height-default\" data-id=\"16ba7e0\" data-element_type=\"section\">\n\t\t\t\t\t\t<div class=\"elementor-container elementor-column-gap-default\">\n\t\t\t\t\t<div class=\"elementor-column elementor-col-100 elementor-top-column elementor-element elementor-element-f6fb52b\" data-id=\"f6fb52b\" data-element_type=\"column\">\n\t\t\t<div class=\"elementor-widget-wrap elementor-element-populated\">\n\t\t\t\t\t\t<div class=\"elementor-element elementor-element-0ce05bd elementor-widget elementor-widget-heading\" data-id=\"0ce05bd\" data-element_type=\"widget\" data-widget_type=\"heading.default\">\n\t\t\t\t<div class=\"elementor-widget-container\">\n\t\t\t\t\t<h2 class=\"elementor-heading-title elementor-size-default\">La Mangue de Nevis : Un Tr\u00e9sor Local \u00e0 l\u2019Honneur<\/h2>\t\t\t\t<\/div>\n\t\t\t\t<\/div>\n\t\t\t\t<div class=\"elementor-element elementor-element-2917823 elementor-widget elementor-widget-text-editor\" data-id=\"2917823\" data-element_type=\"widget\" data-widget_type=\"text-editor.default\">\n\t\t\t\t<div class=\"elementor-widget-container\">\n\t\t\t\t\t\t\t\t\t<p><span style=\"font-weight: 400;\">Impossible d\u2019\u00e9voquer le Nevis Mango Festival 2025 sans s\u2019attarder sur la star incontest\u00e9e de l\u2019\u00e9v\u00e9nement : la mangue. L\u2019\u00eele recense plus de 44 vari\u00e9t\u00e9s diff\u00e9rentes, chacune poss\u00e9dant ses propres caract\u00e9ristiques, ar\u00f4mes et textures. Cette diversit\u00e9 exceptionnelle fait de Nevis un v\u00e9ritable paradis pour les amateurs de ce fruit sucr\u00e9 et juteux.<\/span><\/p>\t\t\t\t\t\t\t\t<\/div>\n\t\t\t\t<\/div>\n\t\t\t\t<div class=\"elementor-element elementor-element-4e9c934 elementor-widget elementor-widget-text-editor\" data-id=\"4e9c934\" data-element_type=\"widget\" data-widget_type=\"text-editor.default\">\n\t\t\t\t<div class=\"elementor-widget-container\">\n\t\t\t\t\t\t\t\t\t<p><span style=\"font-weight: 400;\">Au-del\u00e0 de son aspect gustatif, la mangue occupe une place centrale dans la culture locale. Elle est \u00e0 la fois symbole de convivialit\u00e9, ingr\u00e9dient phare de la cuisine traditionnelle et source d\u2019inspiration pour les chefs les plus cr\u00e9atifs. Lors du festival, la mangue se d\u00e9cline sous toutes les formes : plats sal\u00e9s, desserts raffin\u00e9s, cocktails rafra\u00eechissants, chutneys \u00e9pic\u00e9s ou encore sorbets onctueux.<\/span><\/p>\t\t\t\t\t\t\t\t<\/div>\n\t\t\t\t<\/div>\n\t\t\t\t<div class=\"elementor-element elementor-element-81a172b elementor-widget elementor-widget-text-editor\" data-id=\"81a172b\" data-element_type=\"widget\" data-widget_type=\"text-editor.default\">\n\t\t\t\t<div class=\"elementor-widget-container\">\n\t\t\t\t\t\t\t\t\t<p><span style=\"font-weight: 400;\">La mise en avant de la mangue lors du Nevis Mango Festival 2025 permet \u00e9galement de valoriser le savoir-faire des agriculteurs locaux et de promouvoir une agriculture durable, respectueuse de l\u2019environnement et des traditions.<\/span><\/p>\t\t\t\t\t\t\t\t<\/div>\n\t\t\t\t<\/div>\n\t\t\t\t<section class=\"elementor-section elementor-inner-section elementor-element elementor-element-41c0749 elementor-section-boxed elementor-section-height-default elementor-section-height-default\" data-id=\"41c0749\" data-element_type=\"section\">\n\t\t\t\t\t\t<div class=\"elementor-container elementor-column-gap-default\">\n\t\t\t\t\t<div class=\"elementor-column elementor-col-50 elementor-inner-column elementor-element elementor-element-07ab411\" data-id=\"07ab411\" data-element_type=\"column\">\n\t\t\t<div class=\"elementor-widget-wrap elementor-element-populated\">\n\t\t\t\t\t\t<div class=\"elementor-element elementor-element-6100f5b elementor-widget elementor-widget-image\" data-id=\"6100f5b\" data-element_type=\"widget\" data-widget_type=\"image.default\">\n\t\t\t\t<div class=\"elementor-widget-container\">\n\t\t\t\t\t\t\t\t\t\t\t\t<figure class=\"wp-caption\">\n\t\t\t\t\t\t\t\t\t\t<img fetchpriority=\"high\" decoding=\"async\" width=\"512\" height=\"640\" src=\"https:\/\/richeskarayib.com\/wp-content\/uploads\/2025\/05\/489386562_1026512266244842_58287420159827400_n.jpg\" class=\"attachment-large size-large wp-image-51861\" alt=\"Nevis Mango Festival 2025\" srcset=\"https:\/\/richeskarayib.com\/wp-content\/uploads\/2025\/05\/489386562_1026512266244842_58287420159827400_n.jpg 512w, https:\/\/richeskarayib.com\/wp-content\/uploads\/2025\/05\/489386562_1026512266244842_58287420159827400_n-240x300.jpg 240w\" sizes=\"(max-width: 512px) 100vw, 512px\" \/>\t\t\t\t\t\t\t\t\t\t\t<figcaption class=\"widget-image-caption wp-caption-text\">\u00a9 Nevis Mango Festival 2025<\/figcaption>\n\t\t\t\t\t\t\t\t\t\t<\/figure>\n\t\t\t\t\t\t\t\t\t<\/div>\n\t\t\t\t<\/div>\n\t\t\t\t\t<\/div>\n\t\t<\/div>\n\t\t\t\t<div class=\"elementor-column elementor-col-50 elementor-inner-column elementor-element elementor-element-aa922dc\" data-id=\"aa922dc\" data-element_type=\"column\">\n\t\t\t<div class=\"elementor-widget-wrap elementor-element-populated\">\n\t\t\t\t\t\t<div class=\"elementor-element elementor-element-59f84ff elementor-widget elementor-widget-image\" data-id=\"59f84ff\" data-element_type=\"widget\" data-widget_type=\"image.default\">\n\t\t\t\t<div class=\"elementor-widget-container\">\n\t\t\t\t\t\t\t\t\t\t\t\t<figure class=\"wp-caption\">\n\t\t\t\t\t\t\t\t\t\t<img decoding=\"async\" width=\"800\" height=\"1000\" src=\"https:\/\/richeskarayib.com\/wp-content\/uploads\/2025\/05\/484562703_1010896891139713_5883711153698892860_n-819x1024.jpg\" class=\"attachment-large size-large wp-image-51865\" alt=\"Nevis Mango Festival 2025\" srcset=\"https:\/\/richeskarayib.com\/wp-content\/uploads\/2025\/05\/484562703_1010896891139713_5883711153698892860_n-819x1024.jpg 819w, https:\/\/richeskarayib.com\/wp-content\/uploads\/2025\/05\/484562703_1010896891139713_5883711153698892860_n-240x300.jpg 240w, https:\/\/richeskarayib.com\/wp-content\/uploads\/2025\/05\/484562703_1010896891139713_5883711153698892860_n-768x960.jpg 768w, https:\/\/richeskarayib.com\/wp-content\/uploads\/2025\/05\/484562703_1010896891139713_5883711153698892860_n.jpg 1080w\" sizes=\"(max-width: 800px) 100vw, 800px\" \/>\t\t\t\t\t\t\t\t\t\t\t<figcaption class=\"widget-image-caption wp-caption-text\">\u00a9 Nevis Mango Festival 2025<\/figcaption>\n\t\t\t\t\t\t\t\t\t\t<\/figure>\n\t\t\t\t\t\t\t\t\t<\/div>\n\t\t\t\t<\/div>\n\t\t\t\t\t<\/div>\n\t\t<\/div>\n\t\t\t\t\t<\/div>\n\t\t<\/section>\n\t\t\t\t\t<\/div>\n\t\t<\/div>\n\t\t\t\t\t<\/div>\n\t\t<\/section>\n\t\t\t\t<section class=\"elementor-section elementor-top-section elementor-element elementor-element-7c727fe elementor-section-boxed elementor-section-height-default elementor-section-height-default\" data-id=\"7c727fe\" data-element_type=\"section\">\n\t\t\t\t\t\t<div class=\"elementor-container elementor-column-gap-default\">\n\t\t\t\t\t<div class=\"elementor-column elementor-col-100 elementor-top-column elementor-element elementor-element-2675508\" data-id=\"2675508\" data-element_type=\"column\">\n\t\t\t<div class=\"elementor-widget-wrap elementor-element-populated\">\n\t\t\t\t\t\t<div class=\"elementor-element elementor-element-86f7f71 elementor-widget elementor-widget-heading\" data-id=\"86f7f71\" data-element_type=\"widget\" data-widget_type=\"heading.default\">\n\t\t\t\t<div class=\"elementor-widget-container\">\n\t\t\t\t\t<h2 class=\"elementor-heading-title elementor-size-default\">Chef Bryant Terry : L\u2019Invit\u00e9 d\u2019Honneur de l\u2019\u00c9dition 2025<\/h2>\t\t\t\t<\/div>\n\t\t\t\t<\/div>\n\t\t\t\t<div class=\"elementor-element elementor-element-1931a91 elementor-widget elementor-widget-text-editor\" data-id=\"1931a91\" data-element_type=\"widget\" data-widget_type=\"text-editor.default\">\n\t\t\t\t<div class=\"elementor-widget-container\">\n\t\t\t\t\t\t\t\t\t<p><span style=\"font-weight: 400;\">L\u2019annonce de la participation du <a href=\"https:\/\/www.bryant-terry.com\/\" target=\"_blank\" rel=\"noopener nofollow\">chef Bryant Terry<\/a> en tant que Headline Chef du <a href=\"https:\/\/web.facebook.com\/nevismangofest\/?_rdc=1&amp;_rdr#\" target=\"_blank\" rel=\"noopener nofollow\">Nevis Mango Festival 2025<\/a> a suscit\u00e9 un v\u00e9ritable engouement. Laur\u00e9at du prestigieux James Beard Award, auteur \u00e0 succ\u00e8s et \u00e9diteur, Bryant Terry est reconnu pour son engagement en faveur d\u2019une cuisine saine, durable et inclusive.<\/span><\/p>\t\t\t\t\t\t\t\t<\/div>\n\t\t\t\t<\/div>\n\t\t\t\t<div class=\"elementor-element elementor-element-69ca2f0 elementor-widget elementor-widget-text-editor\" data-id=\"69ca2f0\" data-element_type=\"widget\" data-widget_type=\"text-editor.default\">\n\t\t\t\t<div class=\"elementor-widget-container\">\n\t\t\t\t\t\t\t\t\t<p><span style=\"font-weight: 400;\">Son approche novatrice met en lumi\u00e8re la richesse des produits locaux tout en c\u00e9l\u00e9brant la diversit\u00e9 des cultures culinaires. \u00c0 travers ses ouvrages et ses interventions, il encourage une alimentation consciente, respectueuse de l\u2019environnement et accessible \u00e0 tous. Sa pr\u00e9sence au Nevis Mango Festival 2025 promet des moments d\u2019exception, o\u00f9 la mangue sera sublim\u00e9e par son talent et sa cr\u00e9ativit\u00e9.<\/span><\/p>\t\t\t\t\t\t\t\t<\/div>\n\t\t\t\t<\/div>\n\t\t\t\t<div class=\"elementor-element elementor-element-73e4803 elementor-widget elementor-widget-text-editor\" data-id=\"73e4803\" data-element_type=\"widget\" data-widget_type=\"text-editor.default\">\n\t\t\t\t<div class=\"elementor-widget-container\">\n\t\t\t\t\t\t\t\t\t<p><span style=\"font-weight: 400;\">Bryant Terry partagera non seulement ses recettes et astuces lors d\u2019ateliers interactifs, mais il apportera aussi sa vision unique de la gastronomie, ax\u00e9e sur le partage, la transmission et l\u2019innovation.<\/span><\/p>\t\t\t\t\t\t\t\t<\/div>\n\t\t\t\t<\/div>\n\t\t\t\t<section class=\"elementor-section elementor-inner-section elementor-element elementor-element-dbbb82d elementor-section-boxed elementor-section-height-default elementor-section-height-default\" data-id=\"dbbb82d\" data-element_type=\"section\">\n\t\t\t\t\t\t<div class=\"elementor-container elementor-column-gap-default\">\n\t\t\t\t\t<div class=\"elementor-column elementor-col-100 elementor-inner-column elementor-element elementor-element-718372f\" data-id=\"718372f\" data-element_type=\"column\">\n\t\t\t<div class=\"elementor-widget-wrap elementor-element-populated\">\n\t\t\t\t\t\t<div class=\"elementor-element elementor-element-a1b2f4d elementor-widget elementor-widget-image\" data-id=\"a1b2f4d\" data-element_type=\"widget\" data-widget_type=\"image.default\">\n\t\t\t\t<div class=\"elementor-widget-container\">\n\t\t\t\t\t\t\t\t\t\t\t\t<figure class=\"wp-caption\">\n\t\t\t\t\t\t\t\t\t\t<img decoding=\"async\" width=\"800\" height=\"1000\" src=\"https:\/\/richeskarayib.com\/wp-content\/uploads\/2025\/05\/Nevis-Mango-Festival-819x1024.jpg\" class=\"attachment-large size-large wp-image-51869\" alt=\"Nevis Mango Festival 2025\" srcset=\"https:\/\/richeskarayib.com\/wp-content\/uploads\/2025\/05\/Nevis-Mango-Festival-819x1024.jpg 819w, https:\/\/richeskarayib.com\/wp-content\/uploads\/2025\/05\/Nevis-Mango-Festival-240x300.jpg 240w, https:\/\/richeskarayib.com\/wp-content\/uploads\/2025\/05\/Nevis-Mango-Festival-768x960.jpg 768w, https:\/\/richeskarayib.com\/wp-content\/uploads\/2025\/05\/Nevis-Mango-Festival.jpg 1080w\" sizes=\"(max-width: 800px) 100vw, 800px\" \/>\t\t\t\t\t\t\t\t\t\t\t<figcaption class=\"widget-image-caption wp-caption-text\">\u00a9 Nevis Mango Festival 2025<\/figcaption>\n\t\t\t\t\t\t\t\t\t\t<\/figure>\n\t\t\t\t\t\t\t\t\t<\/div>\n\t\t\t\t<\/div>\n\t\t\t\t\t<\/div>\n\t\t<\/div>\n\t\t\t\t\t<\/div>\n\t\t<\/section>\n\t\t\t\t\t<\/div>\n\t\t<\/div>\n\t\t\t\t\t<\/div>\n\t\t<\/section>\n\t\t\t\t<section class=\"elementor-section elementor-top-section elementor-element elementor-element-1a0b771 elementor-section-boxed elementor-section-height-default elementor-section-height-default\" data-id=\"1a0b771\" data-element_type=\"section\">\n\t\t\t\t\t\t<div class=\"elementor-container elementor-column-gap-default\">\n\t\t\t\t\t<div class=\"elementor-column elementor-col-100 elementor-top-column elementor-element elementor-element-345f4b7\" data-id=\"345f4b7\" data-element_type=\"column\">\n\t\t\t<div class=\"elementor-widget-wrap elementor-element-populated\">\n\t\t\t\t\t\t<div class=\"elementor-element elementor-element-d6a712a elementor-widget elementor-widget-heading\" data-id=\"d6a712a\" data-element_type=\"widget\" data-widget_type=\"heading.default\">\n\t\t\t\t<div class=\"elementor-widget-container\">\n\t\t\t\t\t<h2 class=\"elementor-heading-title elementor-size-default\">Programme du Festival : Trois Jours de Saveurs et de Cr\u00e9ativit\u00e9<\/h2>\t\t\t\t<\/div>\n\t\t\t\t<\/div>\n\t\t\t\t<div class=\"elementor-element elementor-element-f9582c3 elementor-widget elementor-widget-text-editor\" data-id=\"f9582c3\" data-element_type=\"widget\" data-widget_type=\"text-editor.default\">\n\t\t\t\t<div class=\"elementor-widget-container\">\n\t\t\t\t\t\t\t\t\t<h3><strong>Vendredi 4 juillet : Lancement Officiel et Masterclass<\/strong><\/h3>\n<p><span style=\"font-weight: 400;\">Le coup d\u2019envoi du Nevis Mango Festival 2025 sera donn\u00e9 le vendredi 4 juillet avec une c\u00e9r\u00e9monie d\u2019ouverture festive, suivie d\u2019une masterclass anim\u00e9e par le chef Bryant Terry. Ce moment privil\u00e9gi\u00e9 permettra aux participants de d\u00e9couvrir les secrets d\u2019une cuisine inventive, o\u00f9 la mangue se d\u00e9cline en plats aussi surprenants que savoureux.<\/span><\/p>\t\t\t\t\t\t\t\t<\/div>\n\t\t\t\t<\/div>\n\t\t\t\t<div class=\"elementor-element elementor-element-b09dce7 elementor-widget elementor-widget-text-editor\" data-id=\"b09dce7\" data-element_type=\"widget\" data-widget_type=\"text-editor.default\">\n\t\t\t\t<div class=\"elementor-widget-container\">\n\t\t\t\t\t\t\t\t\t<h3><strong>Samedi 5 juillet : Supper Club Exclusif<\/strong><\/h3>\n<p><span style=\"font-weight: 400;\">Le samedi, place \u00e0 un d\u00eener d\u2019exception lors du Supper Club, organis\u00e9 dans le cadre enchanteur du Golden Rock Inn. Ce repas convivial, pr\u00e9par\u00e9 par le chef invit\u00e9, sera l\u2019occasion de d\u00e9guster des cr\u00e9ations originales mettant \u00e0 l\u2019honneur les diff\u00e9rentes vari\u00e9t\u00e9s de mangues de Nevis. Un moment de partage et de d\u00e9couverte, id\u00e9al pour \u00e9changer avec d\u2019autres passionn\u00e9s de gastronomie.<\/span><\/p>\t\t\t\t\t\t\t\t<\/div>\n\t\t\t\t<\/div>\n\t\t\t\t<div class=\"elementor-element elementor-element-a6cb8c8 elementor-widget elementor-widget-text-editor\" data-id=\"a6cb8c8\" data-element_type=\"widget\" data-widget_type=\"text-editor.default\">\n\t\t\t\t<div class=\"elementor-widget-container\">\n\t\t\t\t\t\t\t\t\t<h3><strong>Dimanche 6 juillet : Concours et C\u00e9l\u00e9bration \u00ab For the Love of Mangoes \u00bb<\/strong><\/h3>\n<p><span style=\"font-weight: 400;\">Le dimanche, le festival atteindra son apog\u00e9e avec le concours culinaire \u00ab For the Love of Mangoes \u00bb. Les participants, amateurs comme professionnels, rivaliseront d\u2019ing\u00e9niosit\u00e9 pour s\u00e9duire le jury, pr\u00e9sid\u00e9 par Bryant Terry. Ce concours mettra en avant la cr\u00e9ativit\u00e9 et la technicit\u00e9 des cuisiniers, tout en c\u00e9l\u00e9brant la mangue sous toutes ses formes.<\/span><\/p>\t\t\t\t\t\t\t\t<\/div>\n\t\t\t\t<\/div>\n\t\t\t\t<div class=\"elementor-element elementor-element-590d334 elementor-widget elementor-widget-text-editor\" data-id=\"590d334\" data-element_type=\"widget\" data-widget_type=\"text-editor.default\">\n\t\t\t\t<div class=\"elementor-widget-container\">\n\t\t\t\t\t\t\t\t\t<p><span style=\"font-weight: 400;\">Au programme \u00e9galement : d\u00e9gustations, animations pour petits et grands, s\u00e9ances de d\u00e9dicaces et rencontres avec les producteurs locaux. Le Nevis Mango Festival 2025 promet ainsi une exp\u00e9rience immersive et gourmande, o\u00f9 chaque instant sera plac\u00e9 sous le signe du plaisir et de la d\u00e9couverte.<\/span><\/p>\t\t\t\t\t\t\t\t<\/div>\n\t\t\t\t<\/div>\n\t\t\t\t<section class=\"elementor-section elementor-inner-section elementor-element elementor-element-a74da41 elementor-section-boxed elementor-section-height-default elementor-section-height-default\" data-id=\"a74da41\" data-element_type=\"section\">\n\t\t\t\t\t\t<div class=\"elementor-container elementor-column-gap-default\">\n\t\t\t\t\t<div class=\"elementor-column elementor-col-33 elementor-inner-column elementor-element elementor-element-b5df262\" data-id=\"b5df262\" data-element_type=\"column\">\n\t\t\t<div class=\"elementor-widget-wrap elementor-element-populated\">\n\t\t\t\t\t\t<div class=\"elementor-element elementor-element-1683891 elementor-widget elementor-widget-image\" data-id=\"1683891\" data-element_type=\"widget\" data-widget_type=\"image.default\">\n\t\t\t\t<div class=\"elementor-widget-container\">\n\t\t\t\t\t\t\t\t\t\t\t\t<figure class=\"wp-caption\">\n\t\t\t\t\t\t\t\t\t\t<img loading=\"lazy\" decoding=\"async\" width=\"800\" height=\"1000\" src=\"https:\/\/richeskarayib.com\/wp-content\/uploads\/2025\/05\/484325500_1008956841333718_4967086132923091021_n-819x1024.jpg\" class=\"attachment-large size-large wp-image-51873\" alt=\"Nevis Mango Festival 2025\" srcset=\"https:\/\/richeskarayib.com\/wp-content\/uploads\/2025\/05\/484325500_1008956841333718_4967086132923091021_n-819x1024.jpg 819w, https:\/\/richeskarayib.com\/wp-content\/uploads\/2025\/05\/484325500_1008956841333718_4967086132923091021_n-240x300.jpg 240w, https:\/\/richeskarayib.com\/wp-content\/uploads\/2025\/05\/484325500_1008956841333718_4967086132923091021_n-768x960.jpg 768w, https:\/\/richeskarayib.com\/wp-content\/uploads\/2025\/05\/484325500_1008956841333718_4967086132923091021_n.jpg 1080w\" sizes=\"(max-width: 800px) 100vw, 800px\" \/>\t\t\t\t\t\t\t\t\t\t\t<figcaption class=\"widget-image-caption wp-caption-text\">\u00a9 Nevis Mango Festival 2025<\/figcaption>\n\t\t\t\t\t\t\t\t\t\t<\/figure>\n\t\t\t\t\t\t\t\t\t<\/div>\n\t\t\t\t<\/div>\n\t\t\t\t\t<\/div>\n\t\t<\/div>\n\t\t\t\t<div class=\"elementor-column elementor-col-33 elementor-inner-column elementor-element elementor-element-d47cd6d\" data-id=\"d47cd6d\" data-element_type=\"column\">\n\t\t\t<div class=\"elementor-widget-wrap elementor-element-populated\">\n\t\t\t\t\t\t<div class=\"elementor-element elementor-element-8798411 elementor-widget elementor-widget-image\" data-id=\"8798411\" data-element_type=\"widget\" data-widget_type=\"image.default\">\n\t\t\t\t<div class=\"elementor-widget-container\">\n\t\t\t\t\t\t\t\t\t\t\t\t<figure class=\"wp-caption\">\n\t\t\t\t\t\t\t\t\t\t<img loading=\"lazy\" decoding=\"async\" width=\"512\" height=\"640\" src=\"https:\/\/richeskarayib.com\/wp-content\/uploads\/2025\/05\/485160611_1012301130999289_445260705809992978_n.jpg\" class=\"attachment-large size-large wp-image-51877\" alt=\"Nevis Mango Festival 2025\" srcset=\"https:\/\/richeskarayib.com\/wp-content\/uploads\/2025\/05\/485160611_1012301130999289_445260705809992978_n.jpg 512w, https:\/\/richeskarayib.com\/wp-content\/uploads\/2025\/05\/485160611_1012301130999289_445260705809992978_n-240x300.jpg 240w\" sizes=\"(max-width: 512px) 100vw, 512px\" \/>\t\t\t\t\t\t\t\t\t\t\t<figcaption class=\"widget-image-caption wp-caption-text\">\u00a9 Nevis Mango Festival 2025<\/figcaption>\n\t\t\t\t\t\t\t\t\t\t<\/figure>\n\t\t\t\t\t\t\t\t\t<\/div>\n\t\t\t\t<\/div>\n\t\t\t\t\t<\/div>\n\t\t<\/div>\n\t\t\t\t<div class=\"elementor-column elementor-col-33 elementor-inner-column elementor-element elementor-element-3551650\" data-id=\"3551650\" data-element_type=\"column\">\n\t\t\t<div class=\"elementor-widget-wrap elementor-element-populated\">\n\t\t\t\t\t\t<div class=\"elementor-element elementor-element-f262b1f elementor-widget elementor-widget-image\" data-id=\"f262b1f\" data-element_type=\"widget\" data-widget_type=\"image.default\">\n\t\t\t\t<div class=\"elementor-widget-container\">\n\t\t\t\t\t\t\t\t\t\t\t\t<figure class=\"wp-caption\">\n\t\t\t\t\t\t\t\t\t\t<img loading=\"lazy\" decoding=\"async\" width=\"512\" height=\"640\" src=\"https:\/\/richeskarayib.com\/wp-content\/uploads\/2025\/05\/487407472_1019826600246742_1863927239441890063_n.jpg\" class=\"attachment-large size-large wp-image-51881\" alt=\"Nevis Mango Festival 2025\" srcset=\"https:\/\/richeskarayib.com\/wp-content\/uploads\/2025\/05\/487407472_1019826600246742_1863927239441890063_n.jpg 512w, https:\/\/richeskarayib.com\/wp-content\/uploads\/2025\/05\/487407472_1019826600246742_1863927239441890063_n-240x300.jpg 240w\" sizes=\"(max-width: 512px) 100vw, 512px\" \/>\t\t\t\t\t\t\t\t\t\t\t<figcaption class=\"widget-image-caption wp-caption-text\">\u00a9 Nevis Mango Festival 2025<\/figcaption>\n\t\t\t\t\t\t\t\t\t\t<\/figure>\n\t\t\t\t\t\t\t\t\t<\/div>\n\t\t\t\t<\/div>\n\t\t\t\t\t<\/div>\n\t\t<\/div>\n\t\t\t\t\t<\/div>\n\t\t<\/section>\n\t\t\t\t\t<\/div>\n\t\t<\/div>\n\t\t\t\t\t<\/div>\n\t\t<\/section>\n\t\t\t\t<section class=\"elementor-section elementor-top-section elementor-element elementor-element-3f379db elementor-section-boxed elementor-section-height-default elementor-section-height-default\" data-id=\"3f379db\" data-element_type=\"section\">\n\t\t\t\t\t\t<div class=\"elementor-container elementor-column-gap-default\">\n\t\t\t\t\t<div class=\"elementor-column elementor-col-100 elementor-top-column elementor-element elementor-element-d544ce3\" data-id=\"d544ce3\" data-element_type=\"column\">\n\t\t\t<div class=\"elementor-widget-wrap elementor-element-populated\">\n\t\t\t\t\t\t<div class=\"elementor-element elementor-element-2f73799 elementor-widget elementor-widget-heading\" data-id=\"2f73799\" data-element_type=\"widget\" data-widget_type=\"heading.default\">\n\t\t\t\t<div class=\"elementor-widget-container\">\n\t\t\t\t\t<h2 class=\"elementor-heading-title elementor-size-default\">Au-del\u00e0 de la D\u00e9gustation : Exp\u00e9riences et D\u00e9couvertes<\/h2>\t\t\t\t<\/div>\n\t\t\t\t<\/div>\n\t\t\t\t<div class=\"elementor-element elementor-element-81ef07d elementor-widget elementor-widget-text-editor\" data-id=\"81ef07d\" data-element_type=\"widget\" data-widget_type=\"text-editor.default\">\n\t\t\t\t<div class=\"elementor-widget-container\">\n\t\t\t\t\t\t\t\t\t<p><span style=\"font-weight: 400;\">Le Nevis Mango Festival 2025 ne se limite pas \u00e0 la d\u00e9gustation de mangues. C\u2019est une v\u00e9ritable immersion dans la culture et le terroir de l\u2019\u00eele qui attend les visiteurs. Ateliers de cuisine, concours de mixologie, chasse \u00e0 la mangue pour les enfants, march\u00e9s artisanaux et spectacles musicaux rythmeront ces trois jours de f\u00eate.<\/span><\/p>\t\t\t\t\t\t\t\t<\/div>\n\t\t\t\t<\/div>\n\t\t\t\t<div class=\"elementor-element elementor-element-a339360 elementor-widget elementor-widget-text-editor\" data-id=\"a339360\" data-element_type=\"widget\" data-widget_type=\"text-editor.default\">\n\t\t\t\t<div class=\"elementor-widget-container\">\n\t\t\t\t\t\t\t\t\t<p><span style=\"font-weight: 400;\">Les plus curieux pourront participer \u00e0 des visites guid\u00e9es des vergers, rencontrer les agriculteurs et en apprendre davantage sur les techniques de culture respectueuses de l\u2019environnement. Des stands proposeront \u00e9galement des produits d\u00e9riv\u00e9s, souvenirs et sp\u00e9cialit\u00e9s locales \u00e0 base de mangue, parfaits pour prolonger l\u2019exp\u00e9rience une fois de retour chez soi.<\/span><\/p>\t\t\t\t\t\t\t\t<\/div>\n\t\t\t\t<\/div>\n\t\t\t\t<div class=\"elementor-element elementor-element-55e51cf elementor-widget elementor-widget-text-editor\" data-id=\"55e51cf\" data-element_type=\"widget\" data-widget_type=\"text-editor.default\">\n\t\t\t\t<div class=\"elementor-widget-container\">\n\t\t\t\t\t\t\t\t\t<p><span style=\"font-weight: 400;\">Cette dimension \u00e9ducative et interactive fait du Nevis Mango Festival 2025 un \u00e9v\u00e9nement accessible \u00e0 tous, o\u00f9 chacun peut trouver son bonheur, quel que soit son \u00e2ge ou son niveau de connaissance en gastronomie.<\/span><\/p>\t\t\t\t\t\t\t\t<\/div>\n\t\t\t\t<\/div>\n\t\t\t\t<section class=\"elementor-section elementor-inner-section elementor-element elementor-element-7d876a4 elementor-section-boxed elementor-section-height-default elementor-section-height-default\" data-id=\"7d876a4\" data-element_type=\"section\">\n\t\t\t\t\t\t<div class=\"elementor-container elementor-column-gap-default\">\n\t\t\t\t\t<div class=\"elementor-column elementor-col-33 elementor-inner-column elementor-element elementor-element-6763531\" data-id=\"6763531\" data-element_type=\"column\">\n\t\t\t<div class=\"elementor-widget-wrap elementor-element-populated\">\n\t\t\t\t\t\t<div class=\"elementor-element elementor-element-4636aeb elementor-widget elementor-widget-image\" data-id=\"4636aeb\" data-element_type=\"widget\" data-widget_type=\"image.default\">\n\t\t\t\t<div class=\"elementor-widget-container\">\n\t\t\t\t\t\t\t\t\t\t\t\t<figure class=\"wp-caption\">\n\t\t\t\t\t\t\t\t\t\t<img loading=\"lazy\" decoding=\"async\" width=\"512\" height=\"640\" src=\"https:\/\/richeskarayib.com\/wp-content\/uploads\/2025\/05\/492148929_1034134712149264_2307822758948825880_n.jpg\" class=\"attachment-large size-large wp-image-51885\" alt=\"Nevis Mango Festival 2025\" srcset=\"https:\/\/richeskarayib.com\/wp-content\/uploads\/2025\/05\/492148929_1034134712149264_2307822758948825880_n.jpg 512w, https:\/\/richeskarayib.com\/wp-content\/uploads\/2025\/05\/492148929_1034134712149264_2307822758948825880_n-240x300.jpg 240w\" sizes=\"(max-width: 512px) 100vw, 512px\" \/>\t\t\t\t\t\t\t\t\t\t\t<figcaption class=\"widget-image-caption wp-caption-text\">\u00a9 Nevis Mango Festival 2025<\/figcaption>\n\t\t\t\t\t\t\t\t\t\t<\/figure>\n\t\t\t\t\t\t\t\t\t<\/div>\n\t\t\t\t<\/div>\n\t\t\t\t\t<\/div>\n\t\t<\/div>\n\t\t\t\t<div class=\"elementor-column elementor-col-33 elementor-inner-column elementor-element elementor-element-3553762\" data-id=\"3553762\" data-element_type=\"column\">\n\t\t\t<div class=\"elementor-widget-wrap elementor-element-populated\">\n\t\t\t\t\t\t<div class=\"elementor-element elementor-element-9eac05d elementor-widget elementor-widget-image\" data-id=\"9eac05d\" data-element_type=\"widget\" data-widget_type=\"image.default\">\n\t\t\t\t<div class=\"elementor-widget-container\">\n\t\t\t\t\t\t\t\t\t\t\t\t<figure class=\"wp-caption\">\n\t\t\t\t\t\t\t\t\t\t<img loading=\"lazy\" decoding=\"async\" width=\"512\" height=\"640\" src=\"https:\/\/richeskarayib.com\/wp-content\/uploads\/2025\/05\/493288750_1039550364941032_4104549806309321920_n.jpg\" class=\"attachment-large size-large wp-image-51889\" alt=\"Nevis Mango Festival 2025\" srcset=\"https:\/\/richeskarayib.com\/wp-content\/uploads\/2025\/05\/493288750_1039550364941032_4104549806309321920_n.jpg 512w, https:\/\/richeskarayib.com\/wp-content\/uploads\/2025\/05\/493288750_1039550364941032_4104549806309321920_n-240x300.jpg 240w\" sizes=\"(max-width: 512px) 100vw, 512px\" \/>\t\t\t\t\t\t\t\t\t\t\t<figcaption class=\"widget-image-caption wp-caption-text\">\u00a9 Nevis Mango Festival 2025<\/figcaption>\n\t\t\t\t\t\t\t\t\t\t<\/figure>\n\t\t\t\t\t\t\t\t\t<\/div>\n\t\t\t\t<\/div>\n\t\t\t\t\t<\/div>\n\t\t<\/div>\n\t\t\t\t<div class=\"elementor-column elementor-col-33 elementor-inner-column elementor-element elementor-element-770a13b\" data-id=\"770a13b\" data-element_type=\"column\">\n\t\t\t<div class=\"elementor-widget-wrap elementor-element-populated\">\n\t\t\t\t\t\t<div class=\"elementor-element elementor-element-a6da5a9 elementor-widget elementor-widget-image\" data-id=\"a6da5a9\" data-element_type=\"widget\" data-widget_type=\"image.default\">\n\t\t\t\t<div class=\"elementor-widget-container\">\n\t\t\t\t\t\t\t\t\t\t\t\t<figure class=\"wp-caption\">\n\t\t\t\t\t\t\t\t\t\t<img loading=\"lazy\" decoding=\"async\" width=\"800\" height=\"1000\" src=\"https:\/\/richeskarayib.com\/wp-content\/uploads\/2025\/05\/Nevis-Mango-Festival-1-819x1024.jpg\" class=\"attachment-large size-large wp-image-51893\" alt=\"Nevis Mango Festival 2025\" srcset=\"https:\/\/richeskarayib.com\/wp-content\/uploads\/2025\/05\/Nevis-Mango-Festival-1-819x1024.jpg 819w, https:\/\/richeskarayib.com\/wp-content\/uploads\/2025\/05\/Nevis-Mango-Festival-1-240x300.jpg 240w, https:\/\/richeskarayib.com\/wp-content\/uploads\/2025\/05\/Nevis-Mango-Festival-1-768x960.jpg 768w, https:\/\/richeskarayib.com\/wp-content\/uploads\/2025\/05\/Nevis-Mango-Festival-1.jpg 1080w\" sizes=\"(max-width: 800px) 100vw, 800px\" \/>\t\t\t\t\t\t\t\t\t\t\t<figcaption class=\"widget-image-caption wp-caption-text\">\u00a9 Nevis Mango Festival 2025<\/figcaption>\n\t\t\t\t\t\t\t\t\t\t<\/figure>\n\t\t\t\t\t\t\t\t\t<\/div>\n\t\t\t\t<\/div>\n\t\t\t\t\t<\/div>\n\t\t<\/div>\n\t\t\t\t\t<\/div>\n\t\t<\/section>\n\t\t\t\t\t<\/div>\n\t\t<\/div>\n\t\t\t\t\t<\/div>\n\t\t<\/section>\n\t\t\t\t<section class=\"elementor-section elementor-top-section elementor-element elementor-element-a7e5b43 elementor-section-boxed elementor-section-height-default elementor-section-height-default\" data-id=\"a7e5b43\" data-element_type=\"section\">\n\t\t\t\t\t\t<div class=\"elementor-container elementor-column-gap-default\">\n\t\t\t\t\t<div class=\"elementor-column elementor-col-100 elementor-top-column elementor-element elementor-element-8dc54cb\" data-id=\"8dc54cb\" data-element_type=\"column\">\n\t\t\t<div class=\"elementor-widget-wrap elementor-element-populated\">\n\t\t\t\t\t\t<div class=\"elementor-element elementor-element-a141625 elementor-widget elementor-widget-text-editor\" data-id=\"a141625\" data-element_type=\"widget\" data-widget_type=\"text-editor.default\">\n\t\t\t\t<div class=\"elementor-widget-container\">\n\t\t\t\t\t\t\t\t\t<p><span style=\"font-weight: 400;\">Le Nevis Mango Festival 2025 est bien plus qu\u2019un simple \u00e9v\u00e9nement gastronomique : c\u2019est une c\u00e9l\u00e9bration de la diversit\u00e9, de la cr\u00e9ativit\u00e9 et du partage. Entre la d\u00e9couverte des 44 vari\u00e9t\u00e9s de mangues, les masterclass inspirantes du chef Bryant Terry, les concours et animations pour tous, chaque visiteur repart avec des souvenirs inoubliables et l\u2019envie de revenir l\u2019ann\u00e9e suivante.<\/span><\/p>\t\t\t\t\t\t\t\t<\/div>\n\t\t\t\t<\/div>\n\t\t\t\t<div class=\"elementor-element elementor-element-3673db2 elementor-widget elementor-widget-text-editor\" data-id=\"3673db2\" data-element_type=\"widget\" data-widget_type=\"text-editor.default\">\n\t\t\t\t<div class=\"elementor-widget-container\">\n\t\t\t\t\t\t\t\t\t<p><span style=\"font-weight: 400;\">Que vous soyez un fin gourmet, un curieux en qu\u00eate de nouvelles saveurs ou simplement un amoureux de la mangue, ce festival est fait pour vous. Pr\u00e9parez-vous \u00e0 vivre une exp\u00e9rience sensorielle unique, au c\u0153ur d\u2019une \u00eele authentique et accueillante. Le Nevis Mango Festival 2025 vous attend pour une aventure gourmande sans pareille.<\/span><\/p>\t\t\t\t\t\t\t\t<\/div>\n\t\t\t\t<\/div>\n\t\t\t\t\t<\/div>\n\t\t<\/div>\n\t\t\t\t\t<\/div>\n\t\t<\/section>\n\t\t\t\t<\/div>\n\t\t","protected":false},"excerpt":{"rendered":"<p>Le Nevis Mango Festival 2025 s\u2019annonce comme l\u2019\u00e9v\u00e9nement phare de l\u2019\u00e9t\u00e9 pour tous les passionn\u00e9s de gastronomie et de d\u00e9couvertes exotiques. Du 4 au 6 juillet 2025, l\u2019\u00eele de Nevis, situ\u00e9e dans la f\u00e9d\u00e9ration de Saint-Kitts-et-Nevis, vibrera au rythme de la mangue, ce fruit embl\u00e9matique c\u00e9l\u00e9br\u00e9 lors de ce festival unique en son genre. Depuis [&hellip;]<\/p>\n","protected":false},"author":662,"featured_media":51857,"comment_status":"open","ping_status":"open","sticky":false,"template":"","format":"standard","meta":{"_acf_changed":false,"footnotes":""},"categories":[1485],"tags":[1680],"class_list":["post-51856","post","type-post","status-publish","format-standard","has-post-thumbnail","hentry","category-art-culinaire","tag-saint-kitts-et-nevis"],"acf":[],"_links":{"self":[{"href":"https:\/\/richeskarayib.com\/fr\/wp-json\/wp\/v2\/posts\/51856","targetHints":{"allow":["GET"]}}],"collection":[{"href":"https:\/\/richeskarayib.com\/fr\/wp-json\/wp\/v2\/posts"}],"about":[{"href":"https:\/\/richeskarayib.com\/fr\/wp-json\/wp\/v2\/types\/post"}],"author":[{"embeddable":true,"href":"https:\/\/richeskarayib.com\/fr\/wp-json\/wp\/v2\/users\/662"}],"replies":[{"embeddable":true,"href":"https:\/\/richeskarayib.com\/fr\/wp-json\/wp\/v2\/comments?post=51856"}],"version-history":[{"count":0,"href":"https:\/\/richeskarayib.com\/fr\/wp-json\/wp\/v2\/posts\/51856\/revisions"}],"wp:featuredmedia":[{"embeddable":true,"href":"https:\/\/richeskarayib.com\/fr\/wp-json\/wp\/v2\/media\/51857"}],"wp:attachment":[{"href":"https:\/\/richeskarayib.com\/fr\/wp-json\/wp\/v2\/media?parent=51856"}],"wp:term":[{"taxonomy":"category","embeddable":true,"href":"https:\/\/richeskarayib.com\/fr\/wp-json\/wp\/v2\/categories?post=51856"},{"taxonomy":"post_tag","embeddable":true,"href":"https:\/\/richeskarayib.com\/fr\/wp-json\/wp\/v2\/tags?post=51856"}],"curies":[{"name":"wp","href":"https:\/\/api.w.org\/{rel}","templated":true}]}}