{"id":51902,"date":"2025-05-20T08:39:45","date_gmt":"2025-05-20T12:39:45","guid":{"rendered":"https:\/\/richeskarayib.com\/?p=51902"},"modified":"2025-05-20T08:39:45","modified_gmt":"2025-05-20T12:39:45","slug":"garifunas-du-honduras-la-mer-pour-heritage","status":"publish","type":"post","link":"https:\/\/richeskarayib.com\/fr\/garifunas-du-honduras-la-mer-pour-heritage\/","title":{"rendered":"Garifunas du Honduras : la mer pour h\u00e9ritage"},"content":{"rendered":"\t\t<div data-elementor-type=\"wp-post\" data-elementor-id=\"51902\" class=\"elementor elementor-51902\" data-elementor-post-type=\"post\">\n\t\t\t\t\t\t<section class=\"elementor-section elementor-top-section elementor-element elementor-element-7d4f952 elementor-section-boxed elementor-section-height-default elementor-section-height-default\" data-id=\"7d4f952\" data-element_type=\"section\">\n\t\t\t\t\t\t<div class=\"elementor-container elementor-column-gap-default\">\n\t\t\t\t\t<div class=\"elementor-column elementor-col-100 elementor-top-column elementor-element elementor-element-f3833fa\" data-id=\"f3833fa\" data-element_type=\"column\">\n\t\t\t<div class=\"elementor-widget-wrap elementor-element-populated\">\n\t\t\t\t\t\t<div class=\"elementor-element elementor-element-6cd393f elementor-widget elementor-widget-text-editor\" data-id=\"6cd393f\" data-element_type=\"widget\" data-widget_type=\"text-editor.default\">\n\t\t\t\t<div class=\"elementor-widget-container\">\n\t\t\t\t\t\t\t\t\t<p><span style=\"font-weight: 400;\">Les<a href=\"https:\/\/communaute.geo.fr\/photo\/192571-pecheur-garifunas\" target=\"_blank\" rel=\"noopener nofollow\"> p\u00eacheurs Garifunas du Honduras<\/a> incarnent une m\u00e9moire vivante des <a href=\"https:\/\/richeskarayib.com\/fr\/les-plages-des-caraibes-classement-mondial\/\" target=\"_blank\" rel=\"noopener\">Cara\u00efbes<\/a> noires, \u00e0 la crois\u00e9e de l\u2019histoire, de la tradition maritime et des luttes contemporaines pour la survie culturelle. Bien plus qu\u2019une activit\u00e9 \u00e9conomique, la p\u00eache artisanale constitue pour cette communaut\u00e9 afro-indig\u00e8ne un fondement identitaire. H\u00e9ritiers d\u2019un m\u00e9tissage unique entre Africains \u00e9vad\u00e9s et populations autochtones cara\u00efbes, les Garifunas ont su d\u00e9velopper et pr\u00e9server un savoir-faire maritime qui relie intimement les gestes du quotidien \u00e0 une vision du monde fa\u00e7onn\u00e9e par l\u2019oc\u00e9an.<\/span><\/p>\t\t\t\t\t\t\t\t<\/div>\n\t\t\t\t<\/div>\n\t\t\t\t\t<\/div>\n\t\t<\/div>\n\t\t\t\t\t<\/div>\n\t\t<\/section>\n\t\t\t\t<section class=\"elementor-section elementor-top-section elementor-element elementor-element-16ba7e0 elementor-section-boxed elementor-section-height-default elementor-section-height-default\" data-id=\"16ba7e0\" data-element_type=\"section\">\n\t\t\t\t\t\t<div class=\"elementor-container elementor-column-gap-default\">\n\t\t\t\t\t<div class=\"elementor-column elementor-col-100 elementor-top-column elementor-element elementor-element-f6fb52b\" data-id=\"f6fb52b\" data-element_type=\"column\">\n\t\t\t<div class=\"elementor-widget-wrap elementor-element-populated\">\n\t\t\t\t\t\t<div class=\"elementor-element elementor-element-0ce05bd elementor-widget elementor-widget-heading\" data-id=\"0ce05bd\" data-element_type=\"widget\" data-widget_type=\"heading.default\">\n\t\t\t\t<div class=\"elementor-widget-container\">\n\t\t\t\t\t<h2 class=\"elementor-heading-title elementor-size-default\">Une histoire n\u00e9e de l\u2019exil et de la r\u00e9sistance<\/h2>\t\t\t\t<\/div>\n\t\t\t\t<\/div>\n\t\t\t\t<div class=\"elementor-element elementor-element-2917823 elementor-widget elementor-widget-text-editor\" data-id=\"2917823\" data-element_type=\"widget\" data-widget_type=\"text-editor.default\">\n\t\t\t\t<div class=\"elementor-widget-container\">\n\t\t\t\t\t\t\t\t\t<p><span style=\"font-weight: 400;\">Les p\u00eacheurs Garifunas du Honduras ne sont pas n\u00e9s sur les c\u00f4tes d\u2019Am\u00e9rique centrale. Leur histoire prend racine au XVIIe si\u00e8cle, sur l\u2019\u00eele antillaise de Saint-Vincent, o\u00f9 des esclaves africains naufrag\u00e9s \u2014 parfois \u00e9vad\u00e9s \u2014 trouvent refuge aupr\u00e8s des populations indig\u00e8nes Kalinagos et Arawaks. Ce m\u00e9lange, unique dans l\u2019histoire coloniale carib\u00e9enne, donne naissance \u00e0 une nouvelle communaut\u00e9 : les Garifunas.<\/span><\/p>\t\t\t\t\t\t\t\t<\/div>\n\t\t\t\t<\/div>\n\t\t\t\t<div class=\"elementor-element elementor-element-4e9c934 elementor-widget elementor-widget-text-editor\" data-id=\"4e9c934\" data-element_type=\"widget\" data-widget_type=\"text-editor.default\">\n\t\t\t\t<div class=\"elementor-widget-container\">\n\t\t\t\t\t\t\t\t\t<p><span style=\"font-weight: 400;\">Mais cette autonomie relative prend fin avec l\u2019arriv\u00e9e des Britanniques. En 1797, accus\u00e9s de soutenir les Fran\u00e7ais, les Garifunas sont captur\u00e9s, d\u00e9port\u00e9s en masse sur l\u2019\u00eele de Roatan, au large du Honduras. De l\u00e0, ils s\u2019installent progressivement sur les c\u00f4tes cara\u00efbes du Honduras, du Belize, du Guatemala et du Nicaragua. C\u2019est sur ce littoral qu\u2019\u00e9mergera leur rapport particulier \u00e0 la mer, \u00e0 travers la p\u00eache artisanale.<\/span><\/p>\t\t\t\t\t\t\t\t<\/div>\n\t\t\t\t<\/div>\n\t\t\t\t<section class=\"elementor-section elementor-inner-section elementor-element elementor-element-364d508 elementor-section-boxed elementor-section-height-default elementor-section-height-default\" data-id=\"364d508\" data-element_type=\"section\">\n\t\t\t\t\t\t<div class=\"elementor-container elementor-column-gap-default\">\n\t\t\t\t\t<div class=\"elementor-column elementor-col-50 elementor-inner-column elementor-element elementor-element-4b51444\" data-id=\"4b51444\" data-element_type=\"column\">\n\t\t\t<div class=\"elementor-widget-wrap elementor-element-populated\">\n\t\t\t\t\t\t<div class=\"elementor-element elementor-element-6d9cebb elementor-widget elementor-widget-image\" data-id=\"6d9cebb\" data-element_type=\"widget\" data-widget_type=\"image.default\">\n\t\t\t\t<div class=\"elementor-widget-container\">\n\t\t\t\t\t\t\t\t\t\t\t\t<figure class=\"wp-caption\">\n\t\t\t\t\t\t\t\t\t\t<img fetchpriority=\"high\" decoding=\"async\" width=\"690\" height=\"460\" src=\"https:\/\/richeskarayib.com\/wp-content\/uploads\/2025\/05\/Pecheurs-Garifuna-en-mer.-samaritanpurse.org_.jpg\" class=\"attachment-large size-large wp-image-51915\" alt=\"Garifunas du Honduras\" srcset=\"https:\/\/richeskarayib.com\/wp-content\/uploads\/2025\/05\/Pecheurs-Garifuna-en-mer.-samaritanpurse.org_.jpg 690w, https:\/\/richeskarayib.com\/wp-content\/uploads\/2025\/05\/Pecheurs-Garifuna-en-mer.-samaritanpurse.org_-300x200.jpg 300w\" sizes=\"(max-width: 690px) 100vw, 690px\" \/>\t\t\t\t\t\t\t\t\t\t\t<figcaption class=\"widget-image-caption wp-caption-text\">\u00a9samaritanpurse.org<\/figcaption>\n\t\t\t\t\t\t\t\t\t\t<\/figure>\n\t\t\t\t\t\t\t\t\t<\/div>\n\t\t\t\t<\/div>\n\t\t\t\t\t<\/div>\n\t\t<\/div>\n\t\t\t\t<div class=\"elementor-column elementor-col-50 elementor-inner-column elementor-element elementor-element-5dea0f7\" data-id=\"5dea0f7\" data-element_type=\"column\">\n\t\t\t<div class=\"elementor-widget-wrap elementor-element-populated\">\n\t\t\t\t\t\t<div class=\"elementor-element elementor-element-ef3b160 elementor-widget elementor-widget-image\" data-id=\"ef3b160\" data-element_type=\"widget\" data-widget_type=\"image.default\">\n\t\t\t\t<div class=\"elementor-widget-container\">\n\t\t\t\t\t\t\t\t\t\t\t\t<figure class=\"wp-caption\">\n\t\t\t\t\t\t\t\t\t\t<img decoding=\"async\" width=\"690\" height=\"460\" src=\"https:\/\/richeskarayib.com\/wp-content\/uploads\/2025\/05\/Pecheurs-Garifuna-en-mer.-samaritanpurse.jpg\" class=\"attachment-large size-large wp-image-51911\" alt=\"Garifunas du Honduras\" srcset=\"https:\/\/richeskarayib.com\/wp-content\/uploads\/2025\/05\/Pecheurs-Garifuna-en-mer.-samaritanpurse.jpg 690w, https:\/\/richeskarayib.com\/wp-content\/uploads\/2025\/05\/Pecheurs-Garifuna-en-mer.-samaritanpurse-300x200.jpg 300w\" sizes=\"(max-width: 690px) 100vw, 690px\" \/>\t\t\t\t\t\t\t\t\t\t\t<figcaption class=\"widget-image-caption wp-caption-text\">\u00a9samaritanpurse.org<\/figcaption>\n\t\t\t\t\t\t\t\t\t\t<\/figure>\n\t\t\t\t\t\t\t\t\t<\/div>\n\t\t\t\t<\/div>\n\t\t\t\t\t<\/div>\n\t\t<\/div>\n\t\t\t\t\t<\/div>\n\t\t<\/section>\n\t\t\t\t\t<\/div>\n\t\t<\/div>\n\t\t\t\t\t<\/div>\n\t\t<\/section>\n\t\t\t\t<section class=\"elementor-section elementor-top-section elementor-element elementor-element-7c727fe elementor-section-boxed elementor-section-height-default elementor-section-height-default\" data-id=\"7c727fe\" data-element_type=\"section\">\n\t\t\t\t\t\t<div class=\"elementor-container elementor-column-gap-default\">\n\t\t\t\t\t<div class=\"elementor-column elementor-col-100 elementor-top-column elementor-element elementor-element-2675508\" data-id=\"2675508\" data-element_type=\"column\">\n\t\t\t<div class=\"elementor-widget-wrap elementor-element-populated\">\n\t\t\t\t\t\t<div class=\"elementor-element elementor-element-86f7f71 elementor-widget elementor-widget-heading\" data-id=\"86f7f71\" data-element_type=\"widget\" data-widget_type=\"heading.default\">\n\t\t\t\t<div class=\"elementor-widget-container\">\n\t\t\t\t\t<h2 class=\"elementor-heading-title elementor-size-default\">Une p\u00eache enracin\u00e9e dans les traditions<\/h2>\t\t\t\t<\/div>\n\t\t\t\t<\/div>\n\t\t\t\t<div class=\"elementor-element elementor-element-1931a91 elementor-widget elementor-widget-text-editor\" data-id=\"1931a91\" data-element_type=\"widget\" data-widget_type=\"text-editor.default\">\n\t\t\t\t<div class=\"elementor-widget-container\">\n\t\t\t\t\t\t\t\t\t<p><span style=\"font-weight: 400;\">Aujourd\u2019hui encore, <\/span><b>les p\u00eacheurs Garifunas du Honduras<\/b><span style=\"font-weight: 400;\"> perp\u00e9tuent des techniques transmises oralement depuis des g\u00e9n\u00e9rations. Loin des logiques industrielles, leur pratique repose sur des embarcations l\u00e9g\u00e8res, souvent en bois, mues par la rame ou de petits moteurs, ainsi que sur l\u2019usage de filets, de lignes ou de nasses. Le respect du cycle de reproduction des esp\u00e8ces, la connaissance fine des courants et des fonds marins, ainsi que la capacit\u00e9 \u00e0 lire les signes du ciel, font partie int\u00e9grante de leur expertise.<\/span><\/p>\t\t\t\t\t\t\t\t<\/div>\n\t\t\t\t<\/div>\n\t\t\t\t<div class=\"elementor-element elementor-element-69ca2f0 elementor-widget elementor-widget-text-editor\" data-id=\"69ca2f0\" data-element_type=\"widget\" data-widget_type=\"text-editor.default\">\n\t\t\t\t<div class=\"elementor-widget-container\">\n\t\t\t\t\t\t\t\t\t<p><span style=\"font-weight: 400;\">La p\u00eache n\u2019est pas seulement une question de subsistance. C\u2019est un acte profond\u00e9ment culturel, \u00e9troitement li\u00e9 \u00e0 la cuisine, \u00e0 la musique et \u00e0 la spiritualit\u00e9. Des plats traditionnels comme la <\/span><i><span style=\"font-weight: 400;\">Machuca<\/span><\/i><span style=\"font-weight: 400;\"> (pur\u00e9e de banane plantain accompagn\u00e9e de poisson dans un bouillon de lait de coco) racontent la mer autant qu\u2019ils nourrissent les corps. La transmission de ces recettes, le partage des repas, les chants ex\u00e9cut\u00e9s lors des retours de p\u00eache participent d\u2019un v\u00e9ritable rituel communautaire.<\/span><\/p>\t\t\t\t\t\t\t\t<\/div>\n\t\t\t\t<\/div>\n\t\t\t\t<section class=\"elementor-section elementor-inner-section elementor-element elementor-element-0bb4005 elementor-section-boxed elementor-section-height-default elementor-section-height-default\" data-id=\"0bb4005\" data-element_type=\"section\">\n\t\t\t\t\t\t<div class=\"elementor-container elementor-column-gap-default\">\n\t\t\t\t\t<div class=\"elementor-column elementor-col-50 elementor-inner-column elementor-element elementor-element-716dee7\" data-id=\"716dee7\" data-element_type=\"column\">\n\t\t\t<div class=\"elementor-widget-wrap elementor-element-populated\">\n\t\t\t\t\t\t<div class=\"elementor-element elementor-element-e17bb8f elementor-widget elementor-widget-image\" data-id=\"e17bb8f\" data-element_type=\"widget\" data-widget_type=\"image.default\">\n\t\t\t\t<div class=\"elementor-widget-container\">\n\t\t\t\t\t\t\t\t\t\t\t\t\t\t\t<img decoding=\"async\" width=\"800\" height=\"513\" src=\"https:\/\/richeskarayib.com\/wp-content\/uploads\/2025\/05\/Canoes-de-peche-traditionnels-Modifie-1024x657.jpg\" class=\"attachment-large size-large wp-image-51919\" alt=\"Garifunas du Honduras\" srcset=\"https:\/\/richeskarayib.com\/wp-content\/uploads\/2025\/05\/Canoes-de-peche-traditionnels-Modifie-1024x657.jpg 1024w, https:\/\/richeskarayib.com\/wp-content\/uploads\/2025\/05\/Canoes-de-peche-traditionnels-Modifie-300x192.jpg 300w, https:\/\/richeskarayib.com\/wp-content\/uploads\/2025\/05\/Canoes-de-peche-traditionnels-Modifie-768x493.jpg 768w, https:\/\/richeskarayib.com\/wp-content\/uploads\/2025\/05\/Canoes-de-peche-traditionnels-Modifie.jpg 1300w\" sizes=\"(max-width: 800px) 100vw, 800px\" \/>\t\t\t\t\t\t\t\t\t\t\t\t\t\t\t<\/div>\n\t\t\t\t<\/div>\n\t\t\t\t\t<\/div>\n\t\t<\/div>\n\t\t\t\t<div class=\"elementor-column elementor-col-50 elementor-inner-column elementor-element elementor-element-9fcc9d3\" data-id=\"9fcc9d3\" data-element_type=\"column\">\n\t\t\t<div class=\"elementor-widget-wrap elementor-element-populated\">\n\t\t\t\t\t\t<div class=\"elementor-element elementor-element-9b15d0b elementor-widget elementor-widget-image\" data-id=\"9b15d0b\" data-element_type=\"widget\" data-widget_type=\"image.default\">\n\t\t\t\t<div class=\"elementor-widget-container\">\n\t\t\t\t\t\t\t\t\t\t\t\t\t\t\t<img loading=\"lazy\" decoding=\"async\" width=\"700\" height=\"467\" src=\"https:\/\/richeskarayib.com\/wp-content\/uploads\/2025\/05\/Pecheurs-Garifuna-en-mer.-samaritanpurse2.jpg\" class=\"attachment-large size-large wp-image-51927\" alt=\"Garifunas du Honduras\" srcset=\"https:\/\/richeskarayib.com\/wp-content\/uploads\/2025\/05\/Pecheurs-Garifuna-en-mer.-samaritanpurse2.jpg 700w, https:\/\/richeskarayib.com\/wp-content\/uploads\/2025\/05\/Pecheurs-Garifuna-en-mer.-samaritanpurse2-300x200.jpg 300w\" sizes=\"(max-width: 700px) 100vw, 700px\" \/>\t\t\t\t\t\t\t\t\t\t\t\t\t\t\t<\/div>\n\t\t\t\t<\/div>\n\t\t\t\t\t<\/div>\n\t\t<\/div>\n\t\t\t\t\t<\/div>\n\t\t<\/section>\n\t\t\t\t\t<\/div>\n\t\t<\/div>\n\t\t\t\t\t<\/div>\n\t\t<\/section>\n\t\t\t\t<section class=\"elementor-section elementor-top-section elementor-element elementor-element-1a0b771 elementor-section-boxed elementor-section-height-default elementor-section-height-default\" data-id=\"1a0b771\" data-element_type=\"section\">\n\t\t\t\t\t\t<div class=\"elementor-container elementor-column-gap-default\">\n\t\t\t\t\t<div class=\"elementor-column elementor-col-100 elementor-top-column elementor-element elementor-element-345f4b7\" data-id=\"345f4b7\" data-element_type=\"column\">\n\t\t\t<div class=\"elementor-widget-wrap elementor-element-populated\">\n\t\t\t\t\t\t<div class=\"elementor-element elementor-element-d6a712a elementor-widget elementor-widget-heading\" data-id=\"d6a712a\" data-element_type=\"widget\" data-widget_type=\"heading.default\">\n\t\t\t\t<div class=\"elementor-widget-container\">\n\t\t\t\t\t<h2 class=\"elementor-heading-title elementor-size-default\">Un r\u00f4le central des femmes dans l\u2019\u00e9conomie maritime<\/h2>\t\t\t\t<\/div>\n\t\t\t\t<\/div>\n\t\t\t\t<div class=\"elementor-element elementor-element-f9582c3 elementor-widget elementor-widget-text-editor\" data-id=\"f9582c3\" data-element_type=\"widget\" data-widget_type=\"text-editor.default\">\n\t\t\t\t<div class=\"elementor-widget-container\">\n\t\t\t\t\t\t\t\t\t<p><span style=\"font-weight: 400;\">Si la figure du p\u00eacheur est souvent masculine, <\/span><b>les p\u00eacheurs Garifunas du Honduras<\/b><span style=\"font-weight: 400;\"> forment en r\u00e9alit\u00e9 un \u00e9cosyst\u00e8me dans lequel les femmes jouent un r\u00f4le central. Elles assurent la pr\u00e9paration, la transformation et parfois m\u00eame la vente du poisson. Elles maintiennent vivantes les pratiques culinaires et organisent les r\u00e9seaux de solidarit\u00e9 qui font vivre les villages. Dans certaines communaut\u00e9s, elles participent aussi aux activit\u00e9s de p\u00eache c\u00f4ti\u00e8re, notamment pour les coquillages.<\/span><\/p>\t\t\t\t\t\t\t\t<\/div>\n\t\t\t\t<\/div>\n\t\t\t\t<div class=\"elementor-element elementor-element-b09dce7 elementor-widget elementor-widget-text-editor\" data-id=\"b09dce7\" data-element_type=\"widget\" data-widget_type=\"text-editor.default\">\n\t\t\t\t<div class=\"elementor-widget-container\">\n\t\t\t\t\t\t\t\t\t<p><span style=\"font-weight: 400;\">Le mod\u00e8le social garifuna repose sur une compl\u00e9mentarit\u00e9 entre les sexes, structur\u00e9e autour de la famille \u00e9largie et de la communaut\u00e9. Ce tissu social fort constitue un rempart contre les pressions ext\u00e9rieures, mais il est aujourd\u2019hui fragilis\u00e9.<\/span><\/p>\t\t\t\t\t\t\t\t<\/div>\n\t\t\t\t<\/div>\n\t\t\t\t<section class=\"elementor-section elementor-inner-section elementor-element elementor-element-4d31aba elementor-section-boxed elementor-section-height-default elementor-section-height-default\" data-id=\"4d31aba\" data-element_type=\"section\">\n\t\t\t\t\t\t<div class=\"elementor-container elementor-column-gap-default\">\n\t\t\t\t\t<div class=\"elementor-column elementor-col-100 elementor-inner-column elementor-element elementor-element-1a173c7\" data-id=\"1a173c7\" data-element_type=\"column\">\n\t\t\t<div class=\"elementor-widget-wrap elementor-element-populated\">\n\t\t\t\t\t\t<div class=\"elementor-element elementor-element-5b6ba38 elementor-widget elementor-widget-image\" data-id=\"5b6ba38\" data-element_type=\"widget\" data-widget_type=\"image.default\">\n\t\t\t\t<div class=\"elementor-widget-container\">\n\t\t\t\t\t\t\t\t\t\t\t\t\t\t\t<img loading=\"lazy\" decoding=\"async\" width=\"800\" height=\"534\" src=\"https:\/\/richeskarayib.com\/wp-content\/uploads\/2025\/05\/Femme-Garifuna-avec-sa-prise-Modifie-1024x684.jpg\" class=\"attachment-large size-large wp-image-51931\" alt=\"Garifunas du Honduras\" srcset=\"https:\/\/richeskarayib.com\/wp-content\/uploads\/2025\/05\/Femme-Garifuna-avec-sa-prise-Modifie-1024x684.jpg 1024w, https:\/\/richeskarayib.com\/wp-content\/uploads\/2025\/05\/Femme-Garifuna-avec-sa-prise-Modifie-300x200.jpg 300w, https:\/\/richeskarayib.com\/wp-content\/uploads\/2025\/05\/Femme-Garifuna-avec-sa-prise-Modifie-768x513.jpg 768w, https:\/\/richeskarayib.com\/wp-content\/uploads\/2025\/05\/Femme-Garifuna-avec-sa-prise-Modifie.jpg 1300w\" sizes=\"(max-width: 800px) 100vw, 800px\" \/>\t\t\t\t\t\t\t\t\t\t\t\t\t\t\t<\/div>\n\t\t\t\t<\/div>\n\t\t\t\t\t<\/div>\n\t\t<\/div>\n\t\t\t\t\t<\/div>\n\t\t<\/section>\n\t\t\t\t\t<\/div>\n\t\t<\/div>\n\t\t\t\t\t<\/div>\n\t\t<\/section>\n\t\t\t\t<section class=\"elementor-section elementor-top-section elementor-element elementor-element-3f379db elementor-section-boxed elementor-section-height-default elementor-section-height-default\" data-id=\"3f379db\" data-element_type=\"section\">\n\t\t\t\t\t\t<div class=\"elementor-container elementor-column-gap-default\">\n\t\t\t\t\t<div class=\"elementor-column elementor-col-100 elementor-top-column elementor-element elementor-element-d544ce3\" data-id=\"d544ce3\" data-element_type=\"column\">\n\t\t\t<div class=\"elementor-widget-wrap elementor-element-populated\">\n\t\t\t\t\t\t<div class=\"elementor-element elementor-element-2f73799 elementor-widget elementor-widget-heading\" data-id=\"2f73799\" data-element_type=\"widget\" data-widget_type=\"heading.default\">\n\t\t\t\t<div class=\"elementor-widget-container\">\n\t\t\t\t\t<h2 class=\"elementor-heading-title elementor-size-default\">Pressions fonci\u00e8res et bouleversements \u00e9cologiques\n<\/h2>\t\t\t\t<\/div>\n\t\t\t\t<\/div>\n\t\t\t\t<div class=\"elementor-element elementor-element-81ef07d elementor-widget elementor-widget-text-editor\" data-id=\"81ef07d\" data-element_type=\"widget\" data-widget_type=\"text-editor.default\">\n\t\t\t\t<div class=\"elementor-widget-container\">\n\t\t\t\t\t\t\t\t\t<p><span style=\"font-weight: 400;\">Depuis les ann\u00e9es 1990, <\/span><b>les p\u00eacheurs Garifunas du Honduras<\/b><span style=\"font-weight: 400;\"> voient leur mode de vie menac\u00e9 par l\u2019expansion de projets agro-industriels, touristiques et parfois extractifs sur leurs terres c\u00f4ti\u00e8res. Le d\u00e9veloppement de plantations de palmiers \u00e0 huile, de complexes h\u00f4teliers ou de marinas empi\u00e8te sur les zones de p\u00eache traditionnelles, parfois sans consultation pr\u00e9alable des communaut\u00e9s locales.<\/span><\/p>\t\t\t\t\t\t\t\t<\/div>\n\t\t\t\t<\/div>\n\t\t\t\t<div class=\"elementor-element elementor-element-a339360 elementor-widget elementor-widget-text-editor\" data-id=\"a339360\" data-element_type=\"widget\" data-widget_type=\"text-editor.default\">\n\t\t\t\t<div class=\"elementor-widget-container\">\n\t\t\t\t\t\t\t\t\t<p><span style=\"font-weight: 400;\">Les expropriations, souvent contest\u00e9es par les habitants, soul\u00e8vent des inqui\u00e9tudes l\u00e9gitimes quant au respect des droits fonciers reconnus aux Garifunas. Ce ph\u00e9nom\u00e8ne entra\u00eene une rar\u00e9faction des ressources marines accessibles, une pression accrue sur les \u00e9cosyst\u00e8mes et une marginalisation \u00e9conomique progressive des p\u00eacheurs.<\/span><\/p>\t\t\t\t\t\t\t\t<\/div>\n\t\t\t\t<\/div>\n\t\t\t\t<div class=\"elementor-element elementor-element-55e51cf elementor-widget elementor-widget-text-editor\" data-id=\"55e51cf\" data-element_type=\"widget\" data-widget_type=\"text-editor.default\">\n\t\t\t\t<div class=\"elementor-widget-container\">\n\t\t\t\t\t\t\t\t\t<p><span style=\"font-weight: 400;\">\u00c0 cela s\u2019ajoutent les effets du changement climatique. L\u2019\u00e9rosion du littoral, la hausse des temp\u00e9ratures marines et la perturbation des saisons de reproduction affectent directement l\u2019abondance et la diversit\u00e9 des esp\u00e8ces p\u00each\u00e9es. <\/span><b>Les p\u00eacheurs Garifunas du Honduras<\/b><span style=\"font-weight: 400;\"> doivent d\u00e9sormais naviguer dans un environnement de plus en plus incertain.<\/span><\/p>\t\t\t\t\t\t\t\t<\/div>\n\t\t\t\t<\/div>\n\t\t\t\t\t<\/div>\n\t\t<\/div>\n\t\t\t\t\t<\/div>\n\t\t<\/section>\n\t\t\t\t<section class=\"elementor-section elementor-top-section elementor-element elementor-element-904c4ad elementor-section-boxed elementor-section-height-default elementor-section-height-default\" data-id=\"904c4ad\" data-element_type=\"section\">\n\t\t\t\t\t\t<div class=\"elementor-container elementor-column-gap-default\">\n\t\t\t\t\t<div class=\"elementor-column elementor-col-100 elementor-top-column elementor-element elementor-element-fd46d01\" data-id=\"fd46d01\" data-element_type=\"column\">\n\t\t\t<div class=\"elementor-widget-wrap elementor-element-populated\">\n\t\t\t\t\t\t<div class=\"elementor-element elementor-element-e640111 elementor-widget elementor-widget-heading\" data-id=\"e640111\" data-element_type=\"widget\" data-widget_type=\"heading.default\">\n\t\t\t\t<div class=\"elementor-widget-container\">\n\t\t\t\t\t<h2 class=\"elementor-heading-title elementor-size-default\">Une mobilisation communautaire et juridique<\/h2>\t\t\t\t<\/div>\n\t\t\t\t<\/div>\n\t\t\t\t<div class=\"elementor-element elementor-element-590d9e8 elementor-widget elementor-widget-text-editor\" data-id=\"590d9e8\" data-element_type=\"widget\" data-widget_type=\"text-editor.default\">\n\t\t\t\t<div class=\"elementor-widget-container\">\n\t\t\t\t\t\t\t\t\t<p><span style=\"font-weight: 400;\">Face \u00e0 ces d\u00e9fis, les communaut\u00e9s ne restent pas passives. L\u2019Organisation fraternelle noire hondurienne (OFRANEH), pilier du mouvement garifuna, \u0153uvre depuis plus de 40 ans \u00e0 la d\u00e9fense des droits culturels et territoriaux des Garifunas. Elle soutient <\/span><b>les p\u00eacheurs Garifunas du Honduras<\/b><span style=\"font-weight: 400;\"> en menant des campagnes de sensibilisation, en engageant des recours juridiques au niveau national et international, et en accompagnant des projets de souverainet\u00e9 alimentaire.<\/span><\/p>\t\t\t\t\t\t\t\t<\/div>\n\t\t\t\t<\/div>\n\t\t\t\t<div class=\"elementor-element elementor-element-afc5c42 elementor-widget elementor-widget-text-editor\" data-id=\"afc5c42\" data-element_type=\"widget\" data-widget_type=\"text-editor.default\">\n\t\t\t\t<div class=\"elementor-widget-container\">\n\t\t\t\t\t\t\t\t\t<p><span style=\"font-weight: 400;\">Parmi les cas embl\u00e9matiques figure celui de la communaut\u00e9 de Triunfo de la Cruz, qui a obtenu gain de cause devant la Cour interam\u00e9ricaine des droits humains. L\u2019OFRANEH milite \u00e9galement pour des pratiques de p\u00eache durable, respectueuses de la biodiversit\u00e9 et adapt\u00e9es au contexte \u00e9cologique local.<\/span><\/p>\t\t\t\t\t\t\t\t<\/div>\n\t\t\t\t<\/div>\n\t\t\t\t\t<\/div>\n\t\t<\/div>\n\t\t\t\t\t<\/div>\n\t\t<\/section>\n\t\t\t\t<section class=\"elementor-section elementor-top-section elementor-element elementor-element-22eb08a elementor-section-boxed elementor-section-height-default elementor-section-height-default\" data-id=\"22eb08a\" data-element_type=\"section\">\n\t\t\t\t\t\t<div class=\"elementor-container elementor-column-gap-default\">\n\t\t\t\t\t<div class=\"elementor-column elementor-col-100 elementor-top-column elementor-element elementor-element-1c87810\" data-id=\"1c87810\" data-element_type=\"column\">\n\t\t\t<div class=\"elementor-widget-wrap elementor-element-populated\">\n\t\t\t\t\t\t<div class=\"elementor-element elementor-element-41e8e2f elementor-widget elementor-widget-heading\" data-id=\"41e8e2f\" data-element_type=\"widget\" data-widget_type=\"heading.default\">\n\t\t\t\t<div class=\"elementor-widget-container\">\n\t\t\t\t\t<h2 class=\"elementor-heading-title elementor-size-default\">Une mobilisation communautaire et juridique<\/h2>\t\t\t\t<\/div>\n\t\t\t\t<\/div>\n\t\t\t\t<div class=\"elementor-element elementor-element-4508be3 elementor-widget elementor-widget-text-editor\" data-id=\"4508be3\" data-element_type=\"widget\" data-widget_type=\"text-editor.default\">\n\t\t\t\t<div class=\"elementor-widget-container\">\n\t\t\t\t\t\t\t\t\t<p><span style=\"font-weight: 400;\">Face \u00e0 ces d\u00e9fis, les communaut\u00e9s ne restent pas passives. L\u2019<a href=\"https:\/\/www.escr-net.org\/fr\/members\/organizacion-fraternal-negra-hondurena-ofraneh-2\/\" target=\"_blank\" rel=\"noopener nofollow\">Organisation fraternelle noire hondurienne<\/a> (OFRANEH), pilier du mouvement garifuna, \u0153uvre depuis plus de 40 ans \u00e0 la d\u00e9fense des droits culturels et territoriaux des Garifunas. Elle soutient <\/span><b>les p\u00eacheurs Garifunas du Honduras<\/b><span style=\"font-weight: 400;\"> en menant des campagnes de sensibilisation, en engageant des recours juridiques au niveau national et international, et en accompagnant des projets de souverainet\u00e9 alimentaire.<\/span><\/p>\t\t\t\t\t\t\t\t<\/div>\n\t\t\t\t<\/div>\n\t\t\t\t<div class=\"elementor-element elementor-element-e0db65c elementor-widget elementor-widget-text-editor\" data-id=\"e0db65c\" data-element_type=\"widget\" data-widget_type=\"text-editor.default\">\n\t\t\t\t<div class=\"elementor-widget-container\">\n\t\t\t\t\t\t\t\t\t<p><span style=\"font-weight: 400;\">Parmi les cas embl\u00e9matiques figure celui de la communaut\u00e9 de Triunfo de la Cruz, qui a obtenu gain de cause devant la Cour interam\u00e9ricaine des droits humains. L\u2019OFRANEH milite \u00e9galement pour des pratiques de p\u00eache durable, respectueuses de la biodiversit\u00e9 et adapt\u00e9es au contexte \u00e9cologique local.<\/span><\/p>\t\t\t\t\t\t\t\t<\/div>\n\t\t\t\t<\/div>\n\t\t\t\t\t<\/div>\n\t\t<\/div>\n\t\t\t\t\t<\/div>\n\t\t<\/section>\n\t\t\t\t<section class=\"elementor-section elementor-top-section elementor-element elementor-element-6b194b9 elementor-section-boxed elementor-section-height-default elementor-section-height-default\" data-id=\"6b194b9\" data-element_type=\"section\">\n\t\t\t\t\t\t<div class=\"elementor-container elementor-column-gap-default\">\n\t\t\t\t\t<div class=\"elementor-column elementor-col-100 elementor-top-column elementor-element elementor-element-19dbc26\" data-id=\"19dbc26\" data-element_type=\"column\">\n\t\t\t<div class=\"elementor-widget-wrap elementor-element-populated\">\n\t\t\t\t\t\t<div class=\"elementor-element elementor-element-9c58cfd elementor-widget elementor-widget-heading\" data-id=\"9c58cfd\" data-element_type=\"widget\" data-widget_type=\"heading.default\">\n\t\t\t\t<div class=\"elementor-widget-container\">\n\t\t\t\t\t<h2 class=\"elementor-heading-title elementor-size-default\">Un patrimoine vivant menac\u00e9 mais r\u00e9silient\n<\/h2>\t\t\t\t<\/div>\n\t\t\t\t<\/div>\n\t\t\t\t<div class=\"elementor-element elementor-element-64b1c5c elementor-widget elementor-widget-text-editor\" data-id=\"64b1c5c\" data-element_type=\"widget\" data-widget_type=\"text-editor.default\">\n\t\t\t\t<div class=\"elementor-widget-container\">\n\t\t\t\t\t\t\t\t\t<p><span style=\"font-weight: 400;\">Au-del\u00e0 des aspects mat\u00e9riels, <\/span><b>les p\u00eacheurs <a href=\"https:\/\/richeskarayib.com\/fr\/st-vincent-grenadines-heritage-garifuna-emancipation-autochtone\/\" target=\"_blank\" rel=\"noopener\">Garifunas<\/a> du Honduras<\/b><span style=\"font-weight: 400;\"> sont les gardiens d\u2019un patrimoine immat\u00e9riel d\u2019une richesse exceptionnelle. Leur langue, leur musique rythm\u00e9e par les tambours et le <\/span><i><span style=\"font-weight: 400;\">punta<\/span><\/i><span style=\"font-weight: 400;\">, leurs danses et leurs croyances li\u00e9es \u00e0 la mer composent un univers symbolique puissant. La p\u00eache est \u00e0 la fois un acte quotidien et une m\u00e9taphore de la relation au monde.<\/span><\/p>\t\t\t\t\t\t\t\t<\/div>\n\t\t\t\t<\/div>\n\t\t\t\t<div class=\"elementor-element elementor-element-2bfd67a elementor-widget elementor-widget-text-editor\" data-id=\"2bfd67a\" data-element_type=\"widget\" data-widget_type=\"text-editor.default\">\n\t\t\t\t<div class=\"elementor-widget-container\">\n\t\t\t\t\t\t\t\t\t<p><span style=\"font-weight: 400;\">Chaque d\u00e9part en mer, chaque filet lanc\u00e9 dans l\u2019eau est aussi un acte de r\u00e9sistance culturelle. Les r\u00e9cits de mer, les chants de travail, les pri\u00e8res adress\u00e9es aux anc\u00eatres avant la p\u00eache t\u00e9moignent d\u2019un rapport sacr\u00e9 \u00e0 l\u2019environnement.<\/span><\/p>\t\t\t\t\t\t\t\t<\/div>\n\t\t\t\t<\/div>\n\t\t\t\t<div class=\"elementor-element elementor-element-be6eef2 elementor-widget elementor-widget-image\" data-id=\"be6eef2\" data-element_type=\"widget\" data-widget_type=\"image.default\">\n\t\t\t\t<div class=\"elementor-widget-container\">\n\t\t\t\t\t\t\t\t\t\t\t\t\t\t\t<img loading=\"lazy\" decoding=\"async\" width=\"800\" height=\"598\" src=\"https:\/\/richeskarayib.com\/wp-content\/uploads\/2025\/05\/Peche-traditionnelle-a-La-Ceiba-1024x766.png\" class=\"attachment-large size-large wp-image-51907\" alt=\"Garifunas du Honduras\" srcset=\"https:\/\/richeskarayib.com\/wp-content\/uploads\/2025\/05\/Peche-traditionnelle-a-La-Ceiba-1024x766.png 1024w, https:\/\/richeskarayib.com\/wp-content\/uploads\/2025\/05\/Peche-traditionnelle-a-La-Ceiba-300x225.png 300w, https:\/\/richeskarayib.com\/wp-content\/uploads\/2025\/05\/Peche-traditionnelle-a-La-Ceiba-768x575.png 768w, https:\/\/richeskarayib.com\/wp-content\/uploads\/2025\/05\/Peche-traditionnelle-a-La-Ceiba.png 1280w\" sizes=\"(max-width: 800px) 100vw, 800px\" \/>\t\t\t\t\t\t\t\t\t\t\t\t\t\t\t<\/div>\n\t\t\t\t<\/div>\n\t\t\t\t\t<\/div>\n\t\t<\/div>\n\t\t\t\t\t<\/div>\n\t\t<\/section>\n\t\t\t\t<section class=\"elementor-section elementor-top-section elementor-element elementor-element-7b41256 elementor-section-boxed elementor-section-height-default elementor-section-height-default\" data-id=\"7b41256\" data-element_type=\"section\">\n\t\t\t\t\t\t<div class=\"elementor-container elementor-column-gap-default\">\n\t\t\t\t\t<div class=\"elementor-column elementor-col-100 elementor-top-column elementor-element elementor-element-1fcfd0b\" data-id=\"1fcfd0b\" data-element_type=\"column\">\n\t\t\t<div class=\"elementor-widget-wrap elementor-element-populated\">\n\t\t\t\t\t\t<div class=\"elementor-element elementor-element-bf9bb7b elementor-widget elementor-widget-text-editor\" data-id=\"bf9bb7b\" data-element_type=\"widget\" data-widget_type=\"text-editor.default\">\n\t\t\t\t<div class=\"elementor-widget-container\">\n\t\t\t\t\t\t\t\t\t<p><b>Les p\u00eacheurs Garifunas du Honduras<\/b><span style=\"font-weight: 400;\"> ne sont pas seulement des acteurs \u00e9conomiques dans les zones c\u00f4ti\u00e8res. Ils incarnent un \u00e9quilibre entre tradition et r\u00e9silience, entre savoir-faire ancestral et enjeux contemporains. Leur pr\u00e9sence sur les rivages du Honduras rappelle que la mer n\u2019est pas qu\u2019un espace de ressources, mais aussi un lieu de m\u00e9moire, de transmission et de lutte. D\u00e9fendre leur mode de vie, c\u2019est aussi pr\u00e9server une autre mani\u00e8re d\u2019habiter le monde, plus respectueuse des \u00e9quilibres naturels et humains.<\/span><\/p>\t\t\t\t\t\t\t\t<\/div>\n\t\t\t\t<\/div>\n\t\t\t\t\t<\/div>\n\t\t<\/div>\n\t\t\t\t\t<\/div>\n\t\t<\/section>\n\t\t\t\t<\/div>\n\t\t","protected":false},"excerpt":{"rendered":"<p>Les p\u00eacheurs Garifunas du Honduras incarnent une m\u00e9moire vivante des Cara\u00efbes noires, \u00e0 la crois\u00e9e de l\u2019histoire, de la tradition maritime et des luttes contemporaines pour la survie culturelle. Bien plus qu\u2019une activit\u00e9 \u00e9conomique, la p\u00eache artisanale constitue pour cette communaut\u00e9 afro-indig\u00e8ne un fondement identitaire. H\u00e9ritiers d\u2019un m\u00e9tissage unique entre Africains \u00e9vad\u00e9s et populations autochtones [&hellip;]<\/p>\n","protected":false},"author":662,"featured_media":51903,"comment_status":"open","ping_status":"open","sticky":false,"template":"","format":"standard","meta":{"_acf_changed":false,"footnotes":""},"categories":[1468,1723],"tags":[1569,1568,1779,1567],"class_list":["post-51902","post","type-post","status-publish","format-standard","has-post-thumbnail","hentry","category-histoire-patrimoine","category-maritime-fr","tag-belize-fr","tag-guatemala-fr","tag-honduras","tag-nicaragua-fr"],"acf":[],"_links":{"self":[{"href":"https:\/\/richeskarayib.com\/fr\/wp-json\/wp\/v2\/posts\/51902","targetHints":{"allow":["GET"]}}],"collection":[{"href":"https:\/\/richeskarayib.com\/fr\/wp-json\/wp\/v2\/posts"}],"about":[{"href":"https:\/\/richeskarayib.com\/fr\/wp-json\/wp\/v2\/types\/post"}],"author":[{"embeddable":true,"href":"https:\/\/richeskarayib.com\/fr\/wp-json\/wp\/v2\/users\/662"}],"replies":[{"embeddable":true,"href":"https:\/\/richeskarayib.com\/fr\/wp-json\/wp\/v2\/comments?post=51902"}],"version-history":[{"count":0,"href":"https:\/\/richeskarayib.com\/fr\/wp-json\/wp\/v2\/posts\/51902\/revisions"}],"wp:featuredmedia":[{"embeddable":true,"href":"https:\/\/richeskarayib.com\/fr\/wp-json\/wp\/v2\/media\/51903"}],"wp:attachment":[{"href":"https:\/\/richeskarayib.com\/fr\/wp-json\/wp\/v2\/media?parent=51902"}],"wp:term":[{"taxonomy":"category","embeddable":true,"href":"https:\/\/richeskarayib.com\/fr\/wp-json\/wp\/v2\/categories?post=51902"},{"taxonomy":"post_tag","embeddable":true,"href":"https:\/\/richeskarayib.com\/fr\/wp-json\/wp\/v2\/tags?post=51902"}],"curies":[{"name":"wp","href":"https:\/\/api.w.org\/{rel}","templated":true}]}}