{"id":52122,"date":"2025-05-22T12:29:07","date_gmt":"2025-05-22T16:29:07","guid":{"rendered":"https:\/\/richeskarayib.com\/?p=52122"},"modified":"2025-05-22T12:29:07","modified_gmt":"2025-05-22T16:29:07","slug":"22-mai-1848-martinique-177-ans-memoire","status":"publish","type":"post","link":"https:\/\/richeskarayib.com\/fr\/22-mai-1848-martinique-177-ans-memoire\/","title":{"rendered":"Martinique &#8211; 22 mai 1848 : l&#8217;\u00eele brise ses cha\u00eenes, 177 ans de m\u00e9moire vivante"},"content":{"rendered":"\t\t<div data-elementor-type=\"wp-post\" data-elementor-id=\"52122\" class=\"elementor elementor-52122\" data-elementor-post-type=\"post\">\n\t\t\t\t\t\t<section class=\"elementor-section elementor-top-section elementor-element elementor-element-7d4f952 elementor-section-boxed elementor-section-height-default elementor-section-height-default\" data-id=\"7d4f952\" data-element_type=\"section\">\n\t\t\t\t\t\t<div class=\"elementor-container elementor-column-gap-default\">\n\t\t\t\t\t<div class=\"elementor-column elementor-col-100 elementor-top-column elementor-element elementor-element-f3833fa\" data-id=\"f3833fa\" data-element_type=\"column\">\n\t\t\t<div class=\"elementor-widget-wrap elementor-element-populated\">\n\t\t\t\t\t\t<div class=\"elementor-element elementor-element-6cd393f elementor-widget elementor-widget-text-editor\" data-id=\"6cd393f\" data-element_type=\"widget\" data-widget_type=\"text-editor.default\">\n\t\t\t\t<div class=\"elementor-widget-container\">\n\t\t\t\t\t\t\t\t\t<p><span style=\"font-weight: 400;\">Le <\/span><a href=\"https:\/\/la1ere.franceinfo.fr\/martinique\/22-mai-1848-la-martinique-celebre-l-abolition-de-l-esclavage-177-ans-apres-1588797.html\" target=\"_blank\" rel=\"noopener nofollow\"><b>22 mai 1848<\/b><\/a><span style=\"font-weight: 400;\">, la <a href=\"https:\/\/richeskarayib.com\/fr\/les-ruines-du-chateau-dubuc-tresor\/\" target=\"_blank\" rel=\"noopener\">Martinique<\/a> entre dans l\u2019histoire non pas comme simple r\u00e9ceptrice d\u2019un d\u00e9cret parisien, mais comme territoire ayant conquis sa libert\u00e9 par la mobilisation de son peuple. Ce jour-l\u00e0, il y a <\/span><b>177 ans<\/b><span style=\"font-weight: 400;\">, les esclaves de l\u2019\u00eele pr\u00e9cipitent eux-m\u00eames l\u2019abolition de l\u2019esclavage, avant m\u00eame l\u2019arriv\u00e9e du d\u00e9cret officiel venu de France. En Martinique, l\u2019\u00e9mancipation fut impos\u00e9e par la base, et non octroy\u00e9e par le sommet.<\/span><\/p>\t\t\t\t\t\t\t\t<\/div>\n\t\t\t\t<\/div>\n\t\t\t\t\t<\/div>\n\t\t<\/div>\n\t\t\t\t\t<\/div>\n\t\t<\/section>\n\t\t\t\t<section class=\"elementor-section elementor-top-section elementor-element elementor-element-16ba7e0 elementor-section-boxed elementor-section-height-default elementor-section-height-default\" data-id=\"16ba7e0\" data-element_type=\"section\">\n\t\t\t\t\t\t<div class=\"elementor-container elementor-column-gap-default\">\n\t\t\t\t\t<div class=\"elementor-column elementor-col-100 elementor-top-column elementor-element elementor-element-f6fb52b\" data-id=\"f6fb52b\" data-element_type=\"column\">\n\t\t\t<div class=\"elementor-widget-wrap elementor-element-populated\">\n\t\t\t\t\t\t<div class=\"elementor-element elementor-element-0ce05bd elementor-widget elementor-widget-heading\" data-id=\"0ce05bd\" data-element_type=\"widget\" data-widget_type=\"heading.default\">\n\t\t\t\t<div class=\"elementor-widget-container\">\n\t\t\t\t\t<h2 class=\"elementor-heading-title elementor-size-default\">Une soci\u00e9t\u00e9 fa\u00e7onn\u00e9e par l\u2019exploitation<\/h2>\t\t\t\t<\/div>\n\t\t\t\t<\/div>\n\t\t\t\t<div class=\"elementor-element elementor-element-2917823 elementor-widget elementor-widget-text-editor\" data-id=\"2917823\" data-element_type=\"widget\" data-widget_type=\"text-editor.default\">\n\t\t\t\t<div class=\"elementor-widget-container\">\n\t\t\t\t\t\t\t\t\t<p><span style=\"font-weight: 400;\">Depuis le XVIIe si\u00e8cle, la <a href=\"https:\/\/richeskarayib.com\/fr\/martinique-portiques-hub-antilles-2025\/\" target=\"_blank\" rel=\"noopener\">Martinique<\/a> repose sur une \u00e9conomie de plantation, aliment\u00e9e par la traite n\u00e9gri\u00e8re transatlantique. L\u2019introduction du <\/span><b>Code Noir<\/b><span style=\"font-weight: 400;\"> en 1685 codifie l\u2019asservissement : les esclaves sont trait\u00e9s comme du b\u00e9tail humain, sans droits, soumis \u00e0 des ch\u00e2timents r\u00e9guliers, surveill\u00e9s jusque dans leurs expressions culturelles.<\/span><\/p>\n<p><span style=\"font-weight: 400;\">Le <\/span><b>22 mai 1848<\/b><span style=\"font-weight: 400;\"> s\u2019inscrit comme un moment de rupture dans ce syst\u00e8me, mais il est aussi l\u2019aboutissement d\u2019une longue r\u00e9sistance, souvent silencieuse, faite de marronnage, de maintien des langues africaines, de spiritualit\u00e9s cr\u00e9oles clandestines, et d\u2019une soif de dignit\u00e9 jamais \u00e9teinte.<\/span><\/p>\t\t\t\t\t\t\t\t<\/div>\n\t\t\t\t<\/div>\n\t\t\t\t<section class=\"elementor-section elementor-inner-section elementor-element elementor-element-590a1f0 elementor-section-boxed elementor-section-height-default elementor-section-height-default\" data-id=\"590a1f0\" data-element_type=\"section\">\n\t\t\t\t\t\t<div class=\"elementor-container elementor-column-gap-default\">\n\t\t\t\t\t<div class=\"elementor-column elementor-col-100 elementor-inner-column elementor-element elementor-element-970507f\" data-id=\"970507f\" data-element_type=\"column\">\n\t\t\t<div class=\"elementor-widget-wrap elementor-element-populated\">\n\t\t\t\t\t\t<div class=\"elementor-element elementor-element-06c48f2 elementor-widget elementor-widget-image\" data-id=\"06c48f2\" data-element_type=\"widget\" data-widget_type=\"image.default\">\n\t\t\t\t<div class=\"elementor-widget-container\">\n\t\t\t\t\t\t\t\t\t\t\t\t\t\t\t<img fetchpriority=\"high\" decoding=\"async\" width=\"800\" height=\"800\" src=\"https:\/\/richeskarayib.com\/wp-content\/uploads\/2025\/05\/ChatGPT-Image-22-mai-2025-18_29_46.png\" class=\"attachment-large size-large wp-image-52135\" alt=\"22 mai 1848\" srcset=\"https:\/\/richeskarayib.com\/wp-content\/uploads\/2025\/05\/ChatGPT-Image-22-mai-2025-18_29_46.png 1024w, https:\/\/richeskarayib.com\/wp-content\/uploads\/2025\/05\/ChatGPT-Image-22-mai-2025-18_29_46-300x300.png 300w, https:\/\/richeskarayib.com\/wp-content\/uploads\/2025\/05\/ChatGPT-Image-22-mai-2025-18_29_46-150x150.png 150w, https:\/\/richeskarayib.com\/wp-content\/uploads\/2025\/05\/ChatGPT-Image-22-mai-2025-18_29_46-768x768.png 768w\" sizes=\"(max-width: 800px) 100vw, 800px\" \/>\t\t\t\t\t\t\t\t\t\t\t\t\t\t\t<\/div>\n\t\t\t\t<\/div>\n\t\t\t\t\t<\/div>\n\t\t<\/div>\n\t\t\t\t\t<\/div>\n\t\t<\/section>\n\t\t\t\t\t<\/div>\n\t\t<\/div>\n\t\t\t\t\t<\/div>\n\t\t<\/section>\n\t\t\t\t<section class=\"elementor-section elementor-top-section elementor-element elementor-element-7c727fe elementor-section-boxed elementor-section-height-default elementor-section-height-default\" data-id=\"7c727fe\" data-element_type=\"section\">\n\t\t\t\t\t\t<div class=\"elementor-container elementor-column-gap-default\">\n\t\t\t\t\t<div class=\"elementor-column elementor-col-100 elementor-top-column elementor-element elementor-element-2675508\" data-id=\"2675508\" data-element_type=\"column\">\n\t\t\t<div class=\"elementor-widget-wrap elementor-element-populated\">\n\t\t\t\t\t\t<div class=\"elementor-element elementor-element-86f7f71 elementor-widget elementor-widget-heading\" data-id=\"86f7f71\" data-element_type=\"widget\" data-widget_type=\"heading.default\">\n\t\t\t\t<div class=\"elementor-widget-container\">\n\t\t\t\t\t<h2 class=\"elementor-heading-title elementor-size-default\">Un climat explosif \u00e0 la veille du 22 mai 1848<\/h2>\t\t\t\t<\/div>\n\t\t\t\t<\/div>\n\t\t\t\t<div class=\"elementor-element elementor-element-1931a91 elementor-widget elementor-widget-text-editor\" data-id=\"1931a91\" data-element_type=\"widget\" data-widget_type=\"text-editor.default\">\n\t\t\t\t<div class=\"elementor-widget-container\">\n\t\t\t\t\t\t\t\t\t<p><span style=\"font-weight: 400;\">\u00c0 Paris, la R\u00e9volution de f\u00e9vrier 1848 abolit la Monarchie de Juillet et proclame la Seconde R\u00e9publique. Port\u00e9 par un souffle r\u00e9formateur, Victor Sch\u0153lcher parvient \u00e0 faire adopter le d\u00e9cret d\u2019abolition de l\u2019esclavage, sign\u00e9 le 27 avril. Ce texte pr\u00e9voit une application dans chaque colonie sous deux mois.<\/span><\/p>\n<p><span style=\"font-weight: 400;\">Mais en Martinique, les tensions sont \u00e0 leur comble. Le climat est marqu\u00e9 par des r\u00e9pressions violentes, notamment pendant la Semaine Sainte, et les esclaves ont d\u00e9j\u00e0 entendu parler des bouleversements en m\u00e9tropole. L\u2019annonce officielle tarde. Le terrain est donc propice \u00e0 une explosion.<\/span><\/p>\t\t\t\t\t\t\t\t<\/div>\n\t\t\t\t<\/div>\n\t\t\t\t<div class=\"elementor-element elementor-element-69ca2f0 elementor-widget elementor-widget-text-editor\" data-id=\"69ca2f0\" data-element_type=\"widget\" data-widget_type=\"text-editor.default\">\n\t\t\t\t<div class=\"elementor-widget-container\">\n\t\t\t\t\t\t\t\t\t<p><span style=\"font-weight: 400;\">Le <\/span><a href=\"https:\/\/www.nofi.media\/2025\/05\/22-mai-1848\/95239\" target=\"_blank\" rel=\"noopener nofollow\"><b>22 mai 1848<\/b><\/a><span style=\"font-weight: 400;\">, \u00e0 Saint-Pierre, un incident sert de d\u00e9tonateur : l\u2019arrestation de l\u2019esclave Romain, pour avoir jou\u00e9 du tambour sans permission. Ce geste, hautement symbolique, cristallise les humiliations accumul\u00e9es.<\/span><\/p>\t\t\t\t\t\t\t\t<\/div>\n\t\t\t\t<\/div>\n\t\t\t\t<section class=\"elementor-section elementor-inner-section elementor-element elementor-element-d46e11f elementor-section-boxed elementor-section-height-default elementor-section-height-default\" data-id=\"d46e11f\" data-element_type=\"section\">\n\t\t\t\t\t\t<div class=\"elementor-container elementor-column-gap-default\">\n\t\t\t\t\t<div class=\"elementor-column elementor-col-100 elementor-inner-column elementor-element elementor-element-4ffe7fc\" data-id=\"4ffe7fc\" data-element_type=\"column\">\n\t\t\t<div class=\"elementor-widget-wrap elementor-element-populated\">\n\t\t\t\t\t\t<div class=\"elementor-element elementor-element-f635230 elementor-widget elementor-widget-image\" data-id=\"f635230\" data-element_type=\"widget\" data-widget_type=\"image.default\">\n\t\t\t\t<div class=\"elementor-widget-container\">\n\t\t\t\t\t\t\t\t\t\t\t\t<figure class=\"wp-caption\">\n\t\t\t\t\t\t\t\t\t\t<img decoding=\"async\" width=\"768\" height=\"1024\" src=\"https:\/\/richeskarayib.com\/wp-content\/uploads\/2025\/05\/Esclave_Romain_Abolition_de_lesclavage_Savane_des_esclaves.jpg\" class=\"attachment-large size-large wp-image-52127\" alt=\"22 mai 1848\" srcset=\"https:\/\/richeskarayib.com\/wp-content\/uploads\/2025\/05\/Esclave_Romain_Abolition_de_lesclavage_Savane_des_esclaves.jpg 768w, https:\/\/richeskarayib.com\/wp-content\/uploads\/2025\/05\/Esclave_Romain_Abolition_de_lesclavage_Savane_des_esclaves-225x300.jpg 225w\" sizes=\"(max-width: 768px) 100vw, 768px\" \/>\t\t\t\t\t\t\t\t\t\t\t<figcaption class=\"widget-image-caption wp-caption-text\">ROMAIN.\n\u00a9pnr-Martinique<\/figcaption>\n\t\t\t\t\t\t\t\t\t\t<\/figure>\n\t\t\t\t\t\t\t\t\t<\/div>\n\t\t\t\t<\/div>\n\t\t\t\t\t<\/div>\n\t\t<\/div>\n\t\t\t\t\t<\/div>\n\t\t<\/section>\n\t\t\t\t\t<\/div>\n\t\t<\/div>\n\t\t\t\t\t<\/div>\n\t\t<\/section>\n\t\t\t\t<section class=\"elementor-section elementor-top-section elementor-element elementor-element-1a0b771 elementor-section-boxed elementor-section-height-default elementor-section-height-default\" data-id=\"1a0b771\" data-element_type=\"section\">\n\t\t\t\t\t\t<div class=\"elementor-container elementor-column-gap-default\">\n\t\t\t\t\t<div class=\"elementor-column elementor-col-100 elementor-top-column elementor-element elementor-element-345f4b7\" data-id=\"345f4b7\" data-element_type=\"column\">\n\t\t\t<div class=\"elementor-widget-wrap elementor-element-populated\">\n\t\t\t\t\t\t<div class=\"elementor-element elementor-element-d6a712a elementor-widget elementor-widget-heading\" data-id=\"d6a712a\" data-element_type=\"widget\" data-widget_type=\"heading.default\">\n\t\t\t\t<div class=\"elementor-widget-container\">\n\t\t\t\t\t<h2 class=\"elementor-heading-title elementor-size-default\">Une insurrection sans retour<\/h2>\t\t\t\t<\/div>\n\t\t\t\t<\/div>\n\t\t\t\t<div class=\"elementor-element elementor-element-f9582c3 elementor-widget elementor-widget-text-editor\" data-id=\"f9582c3\" data-element_type=\"widget\" data-widget_type=\"text-editor.default\">\n\t\t\t\t<div class=\"elementor-widget-container\">\n\t\t\t\t\t\t\t\t\t<p><span style=\"font-weight: 400;\">Le <\/span><b>22 mai 1848<\/b><span style=\"font-weight: 400;\">, les esclaves de Saint-Pierre se soul\u00e8vent. Ce qui commence comme une manifestation se transforme en r\u00e9volte g\u00e9n\u00e9ralis\u00e9e. Des habitations sont incendi\u00e9es, des ateliers vid\u00e9s, et des ma\u00eetres chass\u00e9s. Face \u00e0 la mont\u00e9e de la col\u00e8re, le gouverneur Rostoland comprend qu\u2019il ne pourra pas r\u00e9tablir l\u2019ordre sans effusion de sang.<\/span><\/p>\n<p><span style=\"font-weight: 400;\">Le <\/span><b>23 mai<\/b><span style=\"font-weight: 400;\">, il proclame l\u2019abolition imm\u00e9diate de l\u2019esclavage en Martinique, anticipant l\u2019arriv\u00e9e du d\u00e9cret parisien, qui ne sera officiellement re\u00e7u que le 4 juin. Ainsi, le <\/span><b>22 mai 1848<\/b><span style=\"font-weight: 400;\"> reste la date fondatrice d\u2019une libert\u00e9 conquise localement, par la force des esclaves eux-m\u00eames.<\/span><\/p>\t\t\t\t\t\t\t\t<\/div>\n\t\t\t\t<\/div>\n\t\t\t\t<section class=\"elementor-section elementor-inner-section elementor-element elementor-element-083de9e elementor-section-boxed elementor-section-height-default elementor-section-height-default\" data-id=\"083de9e\" data-element_type=\"section\">\n\t\t\t\t\t\t<div class=\"elementor-container elementor-column-gap-default\">\n\t\t\t\t\t<div class=\"elementor-column elementor-col-100 elementor-inner-column elementor-element elementor-element-9c6de92\" data-id=\"9c6de92\" data-element_type=\"column\">\n\t\t\t<div class=\"elementor-widget-wrap elementor-element-populated\">\n\t\t\t\t\t\t<div class=\"elementor-element elementor-element-5ab8729 elementor-widget elementor-widget-image\" data-id=\"5ab8729\" data-element_type=\"widget\" data-widget_type=\"image.default\">\n\t\t\t\t<div class=\"elementor-widget-container\">\n\t\t\t\t\t\t\t\t\t\t\t\t\t\t\t<img decoding=\"async\" width=\"800\" height=\"534\" src=\"https:\/\/richeskarayib.com\/wp-content\/uploads\/2025\/05\/ChatGPT-Image-22-mai-2025-18_32_45-1024x683.png\" class=\"attachment-large size-large wp-image-52139\" alt=\"22 mai 1848\" srcset=\"https:\/\/richeskarayib.com\/wp-content\/uploads\/2025\/05\/ChatGPT-Image-22-mai-2025-18_32_45-1024x683.png 1024w, https:\/\/richeskarayib.com\/wp-content\/uploads\/2025\/05\/ChatGPT-Image-22-mai-2025-18_32_45-300x200.png 300w, https:\/\/richeskarayib.com\/wp-content\/uploads\/2025\/05\/ChatGPT-Image-22-mai-2025-18_32_45-768x512.png 768w, https:\/\/richeskarayib.com\/wp-content\/uploads\/2025\/05\/ChatGPT-Image-22-mai-2025-18_32_45-1320x880.png 1320w, https:\/\/richeskarayib.com\/wp-content\/uploads\/2025\/05\/ChatGPT-Image-22-mai-2025-18_32_45.png 1536w\" sizes=\"(max-width: 800px) 100vw, 800px\" \/>\t\t\t\t\t\t\t\t\t\t\t\t\t\t\t<\/div>\n\t\t\t\t<\/div>\n\t\t\t\t\t<\/div>\n\t\t<\/div>\n\t\t\t\t\t<\/div>\n\t\t<\/section>\n\t\t\t\t\t<\/div>\n\t\t<\/div>\n\t\t\t\t\t<\/div>\n\t\t<\/section>\n\t\t\t\t<section class=\"elementor-section elementor-top-section elementor-element elementor-element-3f379db elementor-section-boxed elementor-section-height-default elementor-section-height-default\" data-id=\"3f379db\" data-element_type=\"section\">\n\t\t\t\t\t\t<div class=\"elementor-container elementor-column-gap-default\">\n\t\t\t\t\t<div class=\"elementor-column elementor-col-100 elementor-top-column elementor-element elementor-element-d544ce3\" data-id=\"d544ce3\" data-element_type=\"column\">\n\t\t\t<div class=\"elementor-widget-wrap elementor-element-populated\">\n\t\t\t\t\t\t<div class=\"elementor-element elementor-element-2f73799 elementor-widget elementor-widget-heading\" data-id=\"2f73799\" data-element_type=\"widget\" data-widget_type=\"heading.default\">\n\t\t\t\t<div class=\"elementor-widget-container\">\n\t\t\t\t\t<h2 class=\"elementor-heading-title elementor-size-default\">Une libert\u00e9 juridique mais des in\u00e9galit\u00e9s persistantes<\/h2>\t\t\t\t<\/div>\n\t\t\t\t<\/div>\n\t\t\t\t<div class=\"elementor-element elementor-element-81ef07d elementor-widget elementor-widget-text-editor\" data-id=\"81ef07d\" data-element_type=\"widget\" data-widget_type=\"text-editor.default\">\n\t\t\t\t<div class=\"elementor-widget-container\">\n\t\t\t\t\t\t\t\t\t<p><span style=\"font-weight: 400;\">Pr\u00e8s de <\/span><b>60 000 esclaves<\/b><span style=\"font-weight: 400;\"> deviennent libres du jour au lendemain. En th\u00e9orie, ils acc\u00e8dent \u00e0 la citoyennet\u00e9 fran\u00e7aise. Ils peuvent se marier l\u00e9galement, se d\u00e9placer, voter. En pratique, la libert\u00e9 reste incompl\u00e8te. Sans terres, sans ressources, beaucoup continuent \u00e0 travailler dans des conditions proches de celles de l\u2019esclavage.<\/span><\/p>\n<p><span style=\"font-weight: 400;\">Le syst\u00e8me s\u2019adapte : contrats d\u2019engagement, d\u00e9pendance \u00e9conomique, domination raciale d\u00e9guis\u00e9e. La soci\u00e9t\u00e9 martiniquaise reste profond\u00e9ment marqu\u00e9e par des in\u00e9galit\u00e9s structurelles que la simple abolition du <\/span><b>22 mai 1848<\/b><span style=\"font-weight: 400;\"> ne suffit pas \u00e0 effacer.<\/span><\/p>\t\t\t\t\t\t\t\t<\/div>\n\t\t\t\t<\/div>\n\t\t\t\t\t<\/div>\n\t\t<\/div>\n\t\t\t\t\t<\/div>\n\t\t<\/section>\n\t\t\t\t<section class=\"elementor-section elementor-top-section elementor-element elementor-element-904c4ad elementor-section-boxed elementor-section-height-default elementor-section-height-default\" data-id=\"904c4ad\" data-element_type=\"section\">\n\t\t\t\t\t\t<div class=\"elementor-container elementor-column-gap-default\">\n\t\t\t\t\t<div class=\"elementor-column elementor-col-100 elementor-top-column elementor-element elementor-element-fd46d01\" data-id=\"fd46d01\" data-element_type=\"column\">\n\t\t\t<div class=\"elementor-widget-wrap elementor-element-populated\">\n\t\t\t\t\t\t<div class=\"elementor-element elementor-element-e640111 elementor-widget elementor-widget-heading\" data-id=\"e640111\" data-element_type=\"widget\" data-widget_type=\"heading.default\">\n\t\t\t\t<div class=\"elementor-widget-container\">\n\t\t\t\t\t<h2 class=\"elementor-heading-title elementor-size-default\">Le r\u00f4le de Sch\u0153lcher en d\u00e9bat<\/h2>\t\t\t\t<\/div>\n\t\t\t\t<\/div>\n\t\t\t\t<div class=\"elementor-element elementor-element-590d9e8 elementor-widget elementor-widget-text-editor\" data-id=\"590d9e8\" data-element_type=\"widget\" data-widget_type=\"text-editor.default\">\n\t\t\t\t<div class=\"elementor-widget-container\">\n\t\t\t\t\t\t\t\t\t<p><span style=\"font-weight: 400;\">Victor Sch\u0153lcher reste une figure centrale dans l\u2019abolition, en particulier dans la r\u00e9daction du d\u00e9cret du 27 avril. Mais le <\/span><b>22 mai 1848<\/b><span style=\"font-weight: 400;\">, les esclaves n\u2019ont pas attendu son texte pour agir. Cette autonomie des opprim\u00e9s est aujourd\u2019hui r\u00e9affirm\u00e9e par une historiographie plus critique, qui souligne l\u2019aspect auto-\u00e9mancipateur de la date.<\/span><\/p>\n<p><span style=\"font-weight: 400;\">La m\u00e9moire de Sch\u0153lcher est d\u2019ailleurs contest\u00e9e. En 2020, des statues \u00e0 son effigie sont renvers\u00e9es en Martinique, dans un geste qui traduit un rejet de l\u2019histoire \u00e9crite uniquement depuis la m\u00e9tropole. Le <\/span><b>22 mai 1848<\/b><span style=\"font-weight: 400;\"> repr\u00e9sente, pour une partie de la population, une reconqu\u00eate du r\u00e9cit historique par ceux qui l\u2019ont v\u00e9cu.<\/span><\/p>\t\t\t\t\t\t\t\t<\/div>\n\t\t\t\t<\/div>\n\t\t\t\t<section class=\"elementor-section elementor-inner-section elementor-element elementor-element-bb5ca83 elementor-section-boxed elementor-section-height-default elementor-section-height-default\" data-id=\"bb5ca83\" data-element_type=\"section\">\n\t\t\t\t\t\t<div class=\"elementor-container elementor-column-gap-default\">\n\t\t\t\t\t<div class=\"elementor-column elementor-col-100 elementor-inner-column elementor-element elementor-element-e509458\" data-id=\"e509458\" data-element_type=\"column\">\n\t\t\t<div class=\"elementor-widget-wrap elementor-element-populated\">\n\t\t\t\t\t\t<div class=\"elementor-element elementor-element-f0140fa elementor-widget elementor-widget-image\" data-id=\"f0140fa\" data-element_type=\"widget\" data-widget_type=\"image.default\">\n\t\t\t\t<div class=\"elementor-widget-container\">\n\t\t\t\t\t\t\t\t\t\t\t\t<figure class=\"wp-caption\">\n\t\t\t\t\t\t\t\t\t\t<img loading=\"lazy\" decoding=\"async\" width=\"800\" height=\"981\" src=\"https:\/\/richeskarayib.com\/wp-content\/uploads\/2025\/05\/Victor_Schoelcher_1885-835x1024.jpg\" class=\"attachment-large size-large wp-image-52131\" alt=\"22 mai 1848\" srcset=\"https:\/\/richeskarayib.com\/wp-content\/uploads\/2025\/05\/Victor_Schoelcher_1885-835x1024.jpg 835w, https:\/\/richeskarayib.com\/wp-content\/uploads\/2025\/05\/Victor_Schoelcher_1885-245x300.jpg 245w, https:\/\/richeskarayib.com\/wp-content\/uploads\/2025\/05\/Victor_Schoelcher_1885-768x941.jpg 768w, https:\/\/richeskarayib.com\/wp-content\/uploads\/2025\/05\/Victor_Schoelcher_1885.jpg 1200w\" sizes=\"(max-width: 800px) 100vw, 800px\" \/>\t\t\t\t\t\t\t\t\t\t\t<figcaption class=\"widget-image-caption wp-caption-text\">Victor Sch\u0153lcher<\/figcaption>\n\t\t\t\t\t\t\t\t\t\t<\/figure>\n\t\t\t\t\t\t\t\t\t<\/div>\n\t\t\t\t<\/div>\n\t\t\t\t\t<\/div>\n\t\t<\/div>\n\t\t\t\t\t<\/div>\n\t\t<\/section>\n\t\t\t\t\t<\/div>\n\t\t<\/div>\n\t\t\t\t\t<\/div>\n\t\t<\/section>\n\t\t\t\t<section class=\"elementor-section elementor-top-section elementor-element elementor-element-40743af elementor-section-boxed elementor-section-height-default elementor-section-height-default\" data-id=\"40743af\" data-element_type=\"section\">\n\t\t\t\t\t\t<div class=\"elementor-container elementor-column-gap-default\">\n\t\t\t\t\t<div class=\"elementor-column elementor-col-100 elementor-top-column elementor-element elementor-element-817f2c0\" data-id=\"817f2c0\" data-element_type=\"column\">\n\t\t\t<div class=\"elementor-widget-wrap elementor-element-populated\">\n\t\t\t\t\t\t<div class=\"elementor-element elementor-element-397ee5f elementor-widget elementor-widget-heading\" data-id=\"397ee5f\" data-element_type=\"widget\" data-widget_type=\"heading.default\">\n\t\t\t\t<div class=\"elementor-widget-container\">\n\t\t\t\t\t<h2 class=\"elementor-heading-title elementor-size-default\">Le poids du 22 mai 1848 dans la Martinique contemporaine<\/h2>\t\t\t\t<\/div>\n\t\t\t\t<\/div>\n\t\t\t\t<div class=\"elementor-element elementor-element-b0fdae1 elementor-widget elementor-widget-text-editor\" data-id=\"b0fdae1\" data-element_type=\"widget\" data-widget_type=\"text-editor.default\">\n\t\t\t\t<div class=\"elementor-widget-container\">\n\t\t\t\t\t\t\t\t\t<p><span style=\"font-weight: 400;\">Depuis 1983, le <\/span><b>22 mai<\/b><span style=\"font-weight: 400;\"> est jour f\u00e9ri\u00e9 en Martinique. Des marches aux flambeaux, des conf\u00e9rences, des hommages sont organis\u00e9s chaque ann\u00e9e. Ces comm\u00e9morations ont \u00e9volu\u00e9 : de simples rappels historiques, elles sont devenues des moments de revendication m\u00e9morielle et politique.<\/span><\/p>\n<p><span style=\"font-weight: 400;\">Le <\/span><b>22 mai 1848<\/b><span style=\"font-weight: 400;\">, 177 ans plus tard, continue d\u2019interroger l\u2019histoire coloniale fran\u00e7aise, les r\u00e9parations non vers\u00e9es, les s\u00e9quelles toujours visibles dans les rapports sociaux, \u00e9conomiques et symboliques. Ce n\u2019est pas une simple date, mais un point d\u2019ancrage pour penser les continuit\u00e9s d\u2019un pass\u00e9 toujours actif.<\/span><\/p>\t\t\t\t\t\t\t\t<\/div>\n\t\t\t\t<\/div>\n\t\t\t\t\t<\/div>\n\t\t<\/div>\n\t\t\t\t\t<\/div>\n\t\t<\/section>\n\t\t\t\t<section class=\"elementor-section elementor-top-section elementor-element elementor-element-ef1b640 elementor-section-boxed elementor-section-height-default elementor-section-height-default\" data-id=\"ef1b640\" data-element_type=\"section\">\n\t\t\t\t\t\t<div class=\"elementor-container elementor-column-gap-default\">\n\t\t\t\t\t<div class=\"elementor-column elementor-col-100 elementor-top-column elementor-element elementor-element-24e6eb2\" data-id=\"24e6eb2\" data-element_type=\"column\">\n\t\t\t<div class=\"elementor-widget-wrap elementor-element-populated\">\n\t\t\t\t\t\t<div class=\"elementor-element elementor-element-9997aaa elementor-widget elementor-widget-heading\" data-id=\"9997aaa\" data-element_type=\"widget\" data-widget_type=\"heading.default\">\n\t\t\t\t<div class=\"elementor-widget-container\">\n\t\t\t\t\t<h2 class=\"elementor-heading-title elementor-size-default\">Un devoir de transmission\n<\/h2>\t\t\t\t<\/div>\n\t\t\t\t<\/div>\n\t\t\t\t<div class=\"elementor-element elementor-element-8254687 elementor-widget elementor-widget-text-editor\" data-id=\"8254687\" data-element_type=\"widget\" data-widget_type=\"text-editor.default\">\n\t\t\t\t<div class=\"elementor-widget-container\">\n\t\t\t\t\t\t\t\t\t<p><span style=\"font-weight: 400;\">Aujourd\u2019hui, biblioth\u00e8ques, enseignants, artistes et chercheurs participent \u00e0 faire vivre cette m\u00e9moire. Le travail de figures comme l\u2019historienne <\/span><b>Myriam Cottias<\/b><span style=\"font-weight: 400;\"> permet de sortir du mythe pour restituer la complexit\u00e9 des \u00e9v\u00e9nements. Des documents, des t\u00e9moignages, des r\u00e9cits oraux enrichissent une m\u00e9moire longtemps \u00e9crite depuis un point de vue ext\u00e9rieur.<\/span><\/p>\n<p><span style=\"font-weight: 400;\">Le <\/span><b>22 mai 1848<\/b><span style=\"font-weight: 400;\"> devient ainsi un support de transmission pour les jeunes g\u00e9n\u00e9rations, non seulement pour comprendre l\u2019histoire, mais pour interroger les m\u00e9canismes d\u2019injustice toujours \u00e0 l\u2019\u0153uvre. Il constitue un socle pour repenser les notions de libert\u00e9, de dignit\u00e9 et d\u2019\u00e9galit\u00e9 r\u00e9elle.<\/span><\/p>\t\t\t\t\t\t\t\t<\/div>\n\t\t\t\t<\/div>\n\t\t\t\t\t<\/div>\n\t\t<\/div>\n\t\t\t\t\t<\/div>\n\t\t<\/section>\n\t\t\t\t<\/div>\n\t\t","protected":false},"excerpt":{"rendered":"<p>Le 22 mai 1848, la Martinique entre dans l\u2019histoire non pas comme simple r\u00e9ceptrice d\u2019un d\u00e9cret parisien, mais comme territoire ayant conquis sa libert\u00e9 par la mobilisation de son peuple. Ce jour-l\u00e0, il y a 177 ans, les esclaves de l\u2019\u00eele pr\u00e9cipitent eux-m\u00eames l\u2019abolition de l\u2019esclavage, avant m\u00eame l\u2019arriv\u00e9e du d\u00e9cret officiel venu de France. [&hellip;]<\/p>\n","protected":false},"author":662,"featured_media":52123,"comment_status":"open","ping_status":"open","sticky":false,"template":"","format":"standard","meta":{"_acf_changed":false,"footnotes":""},"categories":[1468],"tags":[808],"class_list":["post-52122","post","type-post","status-publish","format-standard","has-post-thumbnail","hentry","category-histoire-patrimoine","tag-martinique-fr"],"acf":[],"_links":{"self":[{"href":"https:\/\/richeskarayib.com\/fr\/wp-json\/wp\/v2\/posts\/52122","targetHints":{"allow":["GET"]}}],"collection":[{"href":"https:\/\/richeskarayib.com\/fr\/wp-json\/wp\/v2\/posts"}],"about":[{"href":"https:\/\/richeskarayib.com\/fr\/wp-json\/wp\/v2\/types\/post"}],"author":[{"embeddable":true,"href":"https:\/\/richeskarayib.com\/fr\/wp-json\/wp\/v2\/users\/662"}],"replies":[{"embeddable":true,"href":"https:\/\/richeskarayib.com\/fr\/wp-json\/wp\/v2\/comments?post=52122"}],"version-history":[{"count":0,"href":"https:\/\/richeskarayib.com\/fr\/wp-json\/wp\/v2\/posts\/52122\/revisions"}],"wp:featuredmedia":[{"embeddable":true,"href":"https:\/\/richeskarayib.com\/fr\/wp-json\/wp\/v2\/media\/52123"}],"wp:attachment":[{"href":"https:\/\/richeskarayib.com\/fr\/wp-json\/wp\/v2\/media?parent=52122"}],"wp:term":[{"taxonomy":"category","embeddable":true,"href":"https:\/\/richeskarayib.com\/fr\/wp-json\/wp\/v2\/categories?post=52122"},{"taxonomy":"post_tag","embeddable":true,"href":"https:\/\/richeskarayib.com\/fr\/wp-json\/wp\/v2\/tags?post=52122"}],"curies":[{"name":"wp","href":"https:\/\/api.w.org\/{rel}","templated":true}]}}