{"id":52332,"date":"2025-05-24T11:53:11","date_gmt":"2025-05-24T15:53:11","guid":{"rendered":"https:\/\/richeskarayib.com\/?p=52332"},"modified":"2025-05-28T01:43:04","modified_gmt":"2025-05-28T05:43:04","slug":"cooperation-caraibe-lamentin-santiago-de-cuba-30-ans-culturels-et-solidaires","status":"publish","type":"post","link":"https:\/\/richeskarayib.com\/fr\/cooperation-caraibe-lamentin-santiago-de-cuba-30-ans-culturels-et-solidaires\/","title":{"rendered":"MARTINIQUE\/CUBA &#8211; Coop\u00e9ration Cara\u00efbe : Le Lamentin et Santiago de Cuba, vers 30 ans d&#8217;\u00e9changes culturels et solidaires"},"content":{"rendered":"\t\t<div data-elementor-type=\"wp-post\" data-elementor-id=\"52332\" class=\"elementor elementor-52332\" data-elementor-post-type=\"post\">\n\t\t\t\t\t\t<section class=\"elementor-section elementor-top-section elementor-element elementor-element-9717646 elementor-section-boxed elementor-section-height-default elementor-section-height-default\" data-id=\"9717646\" data-element_type=\"section\">\n\t\t\t\t\t\t<div class=\"elementor-container elementor-column-gap-default\">\n\t\t\t\t\t<div class=\"elementor-column elementor-col-100 elementor-top-column elementor-element elementor-element-a995728\" data-id=\"a995728\" data-element_type=\"column\">\n\t\t\t<div class=\"elementor-widget-wrap elementor-element-populated\">\n\t\t\t\t\t\t<div class=\"elementor-element elementor-element-f5c2792 elementor-widget elementor-widget-text-editor\" data-id=\"f5c2792\" data-element_type=\"widget\" data-widget_type=\"text-editor.default\">\n\t\t\t\t<div class=\"elementor-widget-container\">\n\t\t\t\t\t\t\t\t\t<p data-pm-slice=\"1 1 []\">Depuis pr\u00e8s de trente ans, la coop\u00e9ration entre <a href=\"https:\/\/www.mairie-lelamentin.fr\/\" target=\"_blank\" rel=\"noopener nofollow\">Le Lamentin<\/a> et <a href=\"https:\/\/www.cubavoyage.org\/santiago-de-cuba\" target=\"_blank\" rel=\"noopener nofollow\">Santiago de Cuba<\/a> incarne un engagement durable entre deux territoires qui partagent bien plus qu\u2019un simple partenariat. Ce lien structurant, forg\u00e9 \u00e0 travers des projets concrets dans les domaines de la culture, de la sant\u00e9, de l\u2019\u00e9ducation ou encore du d\u00e9veloppement durable, s\u2019est affirm\u00e9 comme un v\u00e9ritable levier de proximit\u00e9 carib\u00e9enne.<\/p><p data-pm-slice=\"1 1 []\">\u00c0 l\u2019approche du <a href=\"https:\/\/www.festivaldelcaribe.net\/\" target=\"_blank\" rel=\"noopener nofollow\">Festival del Caribe 2025<\/a>, les deux villes r\u00e9affirment leur ambition commune, dans la perspective de c\u00e9l\u00e9brer trois d\u00e9cennies de collaboration en 2026.<\/p>\t\t\t\t\t\t\t\t<\/div>\n\t\t\t\t<\/div>\n\t\t\t\t<div class=\"elementor-element elementor-element-269997e elementor-widget elementor-widget-image\" data-id=\"269997e\" data-element_type=\"widget\" data-widget_type=\"image.default\">\n\t\t\t\t<div class=\"elementor-widget-container\">\n\t\t\t\t\t\t\t\t\t\t\t\t\t\t\t<img fetchpriority=\"high\" decoding=\"async\" width=\"800\" height=\"370\" src=\"https:\/\/richeskarayib.com\/wp-content\/uploads\/2025\/05\/20250523_184111-1024x473.jpg\" class=\"attachment-large size-large wp-image-52333\" alt=\"Cuba\" srcset=\"https:\/\/richeskarayib.com\/wp-content\/uploads\/2025\/05\/20250523_184111-1024x473.jpg 1024w, https:\/\/richeskarayib.com\/wp-content\/uploads\/2025\/05\/20250523_184111-300x139.jpg 300w, https:\/\/richeskarayib.com\/wp-content\/uploads\/2025\/05\/20250523_184111-768x355.jpg 768w, https:\/\/richeskarayib.com\/wp-content\/uploads\/2025\/05\/20250523_184111-1536x710.jpg 1536w, https:\/\/richeskarayib.com\/wp-content\/uploads\/2025\/05\/20250523_184111-1320x610.jpg 1320w, https:\/\/richeskarayib.com\/wp-content\/uploads\/2025\/05\/20250523_184111.jpg 1920w\" sizes=\"(max-width: 800px) 100vw, 800px\" \/>\t\t\t\t\t\t\t\t\t\t\t\t\t\t\t<\/div>\n\t\t\t\t<\/div>\n\t\t\t\t\t<\/div>\n\t\t<\/div>\n\t\t\t\t\t<\/div>\n\t\t<\/section>\n\t\t\t\t<section class=\"elementor-section elementor-top-section elementor-element elementor-element-d49ba55 elementor-section-boxed elementor-section-height-default elementor-section-height-default\" data-id=\"d49ba55\" data-element_type=\"section\">\n\t\t\t\t\t\t<div class=\"elementor-container elementor-column-gap-default\">\n\t\t\t\t\t<div class=\"elementor-column elementor-col-100 elementor-top-column elementor-element elementor-element-8ddd760\" data-id=\"8ddd760\" data-element_type=\"column\">\n\t\t\t<div class=\"elementor-widget-wrap elementor-element-populated\">\n\t\t\t\t\t\t<div class=\"elementor-element elementor-element-425f8b2 elementor-widget elementor-widget-heading\" data-id=\"425f8b2\" data-element_type=\"widget\" data-widget_type=\"heading.default\">\n\t\t\t\t<div class=\"elementor-widget-container\">\n\t\t\t\t\t<h2 class=\"elementor-heading-title elementor-size-default\">Deux temps forts pour mobiliser les forces vives du territoire<\/h2>\t\t\t\t<\/div>\n\t\t\t\t<\/div>\n\t\t\t\t<div class=\"elementor-element elementor-element-5f5f0cf elementor-widget elementor-widget-text-editor\" data-id=\"5f5f0cf\" data-element_type=\"widget\" data-widget_type=\"text-editor.default\">\n\t\t\t\t<div class=\"elementor-widget-container\">\n\t\t\t\t\t\t\t\t\t<p data-pm-slice=\"1 1 []\">Les 21 et 23 mai, deux rencontres ont rythm\u00e9 la visite officielle des repr\u00e9sentantes de Santiago de Cuba en <a href=\"https:\/\/richeskarayib.com\/fr\/22-mai-1848-martinique-177-ans-memoire\/\" target=\"_blank\" rel=\"noopener\">Martinique<\/a>. Le premier rendez-vous, organis\u00e9 par la mairie du Lamentin, a rassembl\u00e9 autour de David Zobda, Odexa Fuentes Medina et Ena\u00ef Diamela Palacios Acosta, les principaux organismes culturels et touristiques du territoire : Tropiques Atrium, Direction des Affaires Culturelles, Comit\u00e9 Martiniquais du Tourisme, offices de tourisme communautaires, agences de voyages, compagnie a\u00e9rienne SAMAC, Pr\u00e9fecture, Universit\u00e9 des Antilles, CCIM, comit\u00e9s d\u2019\u0153uvres sociales, clubs services et l\u2019association Martinique-Cuba. Le d\u00e9put\u00e9 Jean-Philippe Nilor \u00e9tait \u00e9galement pr\u00e9sent. Il s\u2019agissait de pr\u00e9senter le Festival del Caribe 2025 et d\u2019amorcer un dialogue institutionnel renforc\u00e9 entre les deux territoires.<\/p>\t\t\t\t\t\t\t\t<\/div>\n\t\t\t\t<\/div>\n\t\t\t\t<div class=\"elementor-element elementor-element-e5e399d elementor-widget elementor-widget-image\" data-id=\"e5e399d\" data-element_type=\"widget\" data-widget_type=\"image.default\">\n\t\t\t\t<div class=\"elementor-widget-container\">\n\t\t\t\t\t\t\t\t\t\t\t\t\t\t\t<img decoding=\"async\" width=\"800\" height=\"370\" src=\"https:\/\/richeskarayib.com\/wp-content\/uploads\/2025\/05\/20250523_181844-1024x473.jpg\" class=\"attachment-large size-large wp-image-52357\" alt=\"Cuba\" srcset=\"https:\/\/richeskarayib.com\/wp-content\/uploads\/2025\/05\/20250523_181844-1024x473.jpg 1024w, https:\/\/richeskarayib.com\/wp-content\/uploads\/2025\/05\/20250523_181844-300x139.jpg 300w, https:\/\/richeskarayib.com\/wp-content\/uploads\/2025\/05\/20250523_181844-768x355.jpg 768w, https:\/\/richeskarayib.com\/wp-content\/uploads\/2025\/05\/20250523_181844-1536x710.jpg 1536w, https:\/\/richeskarayib.com\/wp-content\/uploads\/2025\/05\/20250523_181844-1320x610.jpg 1320w, https:\/\/richeskarayib.com\/wp-content\/uploads\/2025\/05\/20250523_181844.jpg 1920w\" sizes=\"(max-width: 800px) 100vw, 800px\" \/>\t\t\t\t\t\t\t\t\t\t\t\t\t\t\t<\/div>\n\t\t\t\t<\/div>\n\t\t\t\t<div class=\"elementor-element elementor-element-7c506f4 elementor-widget elementor-widget-text-editor\" data-id=\"7c506f4\" data-element_type=\"widget\" data-widget_type=\"text-editor.default\">\n\t\t\t\t<div class=\"elementor-widget-container\">\n\t\t\t\t\t\t\t\t\t<p>Le 23 mai, une seconde r\u00e9union s\u2019est tenue, cette fois avec les associations culturelles du Lamentin. Ce temps d\u2019\u00e9change plus op\u00e9rationnel a permis d\u2019identifier les pistes de contribution au festival et de valider l\u2019int\u00e9r\u00eat de nombreuses structures locales. Parmi les participantes, on retrouvait notamment Jeunesse en Fleurs \u2013 Ballet Kadan&#8217;s Kr\u00e9ol, Afrique Cara\u00efbe Fraternit\u00e9, GOPIO Martinique, AMESU et Gommier &amp; Tradition. Toutes ont exprim\u00e9 leur volont\u00e9 de participer activement \u00e0 l\u2019\u00e9v\u00e9nement, \u00e0 travers des interventions artistiques, p\u00e9dagogiques, patrimoniales ou gastronomiques.<\/p>\t\t\t\t\t\t\t\t<\/div>\n\t\t\t\t<\/div>\n\t\t\t\t<div class=\"elementor-element elementor-element-656fcbf elementor-widget elementor-widget-image\" data-id=\"656fcbf\" data-element_type=\"widget\" data-widget_type=\"image.default\">\n\t\t\t\t<div class=\"elementor-widget-container\">\n\t\t\t\t\t\t\t\t\t\t\t\t\t\t\t<img decoding=\"async\" width=\"800\" height=\"370\" src=\"https:\/\/richeskarayib.com\/wp-content\/uploads\/2025\/05\/WhatsApp-Image-2025-05-24-a-11.34.59_0fa57a0c-1024x473.jpg\" class=\"attachment-large size-large wp-image-52365\" alt=\"Cuba\" srcset=\"https:\/\/richeskarayib.com\/wp-content\/uploads\/2025\/05\/WhatsApp-Image-2025-05-24-a-11.34.59_0fa57a0c-1024x473.jpg 1024w, https:\/\/richeskarayib.com\/wp-content\/uploads\/2025\/05\/WhatsApp-Image-2025-05-24-a-11.34.59_0fa57a0c-300x139.jpg 300w, https:\/\/richeskarayib.com\/wp-content\/uploads\/2025\/05\/WhatsApp-Image-2025-05-24-a-11.34.59_0fa57a0c-768x355.jpg 768w, https:\/\/richeskarayib.com\/wp-content\/uploads\/2025\/05\/WhatsApp-Image-2025-05-24-a-11.34.59_0fa57a0c.jpg 1280w\" sizes=\"(max-width: 800px) 100vw, 800px\" \/>\t\t\t\t\t\t\t\t\t\t\t\t\t\t\t<\/div>\n\t\t\t\t<\/div>\n\t\t\t\t<div class=\"elementor-element elementor-element-904c9c1 elementor-widget elementor-widget-text-editor\" data-id=\"904c9c1\" data-element_type=\"widget\" data-widget_type=\"text-editor.default\">\n\t\t\t\t<div class=\"elementor-widget-container\">\n\t\t\t\t\t\t\t\t\t<p><strong>M. Georges-Louis Lebon<\/strong>, troisi\u00e8me adjoint au maire du Lamentin en charge des affaires culturelles et pr\u00e9sident de l\u2019Office de la culture, a introduit la rencontre en rappelant les fondements de l\u2019engagement municipal : \u00ab Le sport, la culture, les associations sont le c\u0153ur du projet de la Ville du Lamentin. \u00bb Il a aussi soulign\u00e9 le r\u00f4le structurant de la m\u00e9diath\u00e8que, de l\u2019Office de la culture, et la richesse d\u2019un tissu de plus de 60 associations culturelles, dont pr\u00e8s de 40 sont particuli\u00e8rement actives.<\/p>\t\t\t\t\t\t\t\t<\/div>\n\t\t\t\t<\/div>\n\t\t\t\t<div class=\"elementor-element elementor-element-d739db6 elementor-widget elementor-widget-image\" data-id=\"d739db6\" data-element_type=\"widget\" data-widget_type=\"image.default\">\n\t\t\t\t<div class=\"elementor-widget-container\">\n\t\t\t\t\t\t\t\t\t\t\t\t\t\t\t<img loading=\"lazy\" decoding=\"async\" width=\"800\" height=\"370\" src=\"https:\/\/richeskarayib.com\/wp-content\/uploads\/2025\/05\/WhatsApp-Image-2025-05-24-a-11.36.23_1e5823fa-1024x473.jpg\" class=\"attachment-large size-large wp-image-52381\" alt=\"Cuba\" srcset=\"https:\/\/richeskarayib.com\/wp-content\/uploads\/2025\/05\/WhatsApp-Image-2025-05-24-a-11.36.23_1e5823fa-1024x473.jpg 1024w, https:\/\/richeskarayib.com\/wp-content\/uploads\/2025\/05\/WhatsApp-Image-2025-05-24-a-11.36.23_1e5823fa-300x139.jpg 300w, https:\/\/richeskarayib.com\/wp-content\/uploads\/2025\/05\/WhatsApp-Image-2025-05-24-a-11.36.23_1e5823fa-768x355.jpg 768w, https:\/\/richeskarayib.com\/wp-content\/uploads\/2025\/05\/WhatsApp-Image-2025-05-24-a-11.36.23_1e5823fa.jpg 1280w\" sizes=\"(max-width: 800px) 100vw, 800px\" \/>\t\t\t\t\t\t\t\t\t\t\t\t\t\t\t<\/div>\n\t\t\t\t<\/div>\n\t\t\t\t<div class=\"elementor-element elementor-element-1362cb2 elementor-widget elementor-widget-image\" data-id=\"1362cb2\" data-element_type=\"widget\" data-widget_type=\"image.default\">\n\t\t\t\t<div class=\"elementor-widget-container\">\n\t\t\t\t\t\t\t\t\t\t\t\t\t\t\t<img loading=\"lazy\" decoding=\"async\" width=\"800\" height=\"370\" src=\"https:\/\/richeskarayib.com\/wp-content\/uploads\/2025\/05\/WhatsApp-Image-2025-05-24-a-11.37.17_1ce1525d-1024x473.jpg\" class=\"attachment-large size-large wp-image-52389\" alt=\"Cuba\" srcset=\"https:\/\/richeskarayib.com\/wp-content\/uploads\/2025\/05\/WhatsApp-Image-2025-05-24-a-11.37.17_1ce1525d-1024x473.jpg 1024w, https:\/\/richeskarayib.com\/wp-content\/uploads\/2025\/05\/WhatsApp-Image-2025-05-24-a-11.37.17_1ce1525d-300x139.jpg 300w, https:\/\/richeskarayib.com\/wp-content\/uploads\/2025\/05\/WhatsApp-Image-2025-05-24-a-11.37.17_1ce1525d-768x355.jpg 768w, https:\/\/richeskarayib.com\/wp-content\/uploads\/2025\/05\/WhatsApp-Image-2025-05-24-a-11.37.17_1ce1525d.jpg 1280w\" sizes=\"(max-width: 800px) 100vw, 800px\" \/>\t\t\t\t\t\t\t\t\t\t\t\t\t\t\t<\/div>\n\t\t\t\t<\/div>\n\t\t\t\t\t<\/div>\n\t\t<\/div>\n\t\t\t\t\t<\/div>\n\t\t<\/section>\n\t\t\t\t<section class=\"elementor-section elementor-top-section elementor-element elementor-element-3edfd58 elementor-section-boxed elementor-section-height-default elementor-section-height-default\" data-id=\"3edfd58\" data-element_type=\"section\">\n\t\t\t\t\t\t<div class=\"elementor-container elementor-column-gap-default\">\n\t\t\t\t\t<div class=\"elementor-column elementor-col-100 elementor-top-column elementor-element elementor-element-6035fb3\" data-id=\"6035fb3\" data-element_type=\"column\">\n\t\t\t<div class=\"elementor-widget-wrap elementor-element-populated\">\n\t\t\t\t\t\t<div class=\"elementor-element elementor-element-6bff946 elementor-widget elementor-widget-heading\" data-id=\"6bff946\" data-element_type=\"widget\" data-widget_type=\"heading.default\">\n\t\t\t\t<div class=\"elementor-widget-container\">\n\t\t\t\t\t<h2 class=\"elementor-heading-title elementor-size-default\">Une coop\u00e9ration concr\u00e8te et ambitieuse<\/h2>\t\t\t\t<\/div>\n\t\t\t\t<\/div>\n\t\t\t\t<div class=\"elementor-element elementor-element-45252e9 elementor-widget elementor-widget-text-editor\" data-id=\"45252e9\" data-element_type=\"widget\" data-widget_type=\"text-editor.default\">\n\t\t\t\t<div class=\"elementor-widget-container\">\n\t\t\t\t\t\t\t\t\t<p data-pm-slice=\"1 1 []\">Le partenariat entre Le Lamentin et Santiago de Cuba d\u00e9passe largement le cadre symbolique d&#8217;un jumelage traditionnel. Initi\u00e9e autour de probl\u00e9matiques communes comme la gestion de l&#8217;eau, cette coop\u00e9ration a rapidement \u00e9volu\u00e9 pour englober des domaines essentiels tels que la sant\u00e9, le sport, l&#8217;environnement, la gestion des risques majeurs, et d\u00e9sormais le d\u00e9veloppement \u00e9conomique et la recherche scientifique.<\/p><p><strong>David Zobda<\/strong>, maire du Lamentin, souligne cette dynamique : \u00ab Ce n&#8217;est pas simplement un \u00e9change culturel ponctuel. Nous travaillons ensemble sur des projets concrets, avec des objectifs pr\u00e9cis, r\u00e9pondant aux besoins r\u00e9els de nos populations respectives. \u00bb<\/p><p data-pm-slice=\"1 1 []\">Il ajoute : \u00ab Nous voulons que cette coop\u00e9ration soit aussi un levier \u00e9conomique. Nous devons poser les vraies questions : comment d\u00e9velopper le fret, fluidifier les flux bancaires, harmoniser nos normes ? \u00bb<\/p>\t\t\t\t\t\t\t\t<\/div>\n\t\t\t\t<\/div>\n\t\t\t\t<div class=\"elementor-element elementor-element-ba433b2 elementor-widget elementor-widget-image\" data-id=\"ba433b2\" data-element_type=\"widget\" data-widget_type=\"image.default\">\n\t\t\t\t<div class=\"elementor-widget-container\">\n\t\t\t\t\t\t\t\t\t\t\t\t<figure class=\"wp-caption\">\n\t\t\t\t\t\t\t\t\t\t<img loading=\"lazy\" decoding=\"async\" width=\"800\" height=\"370\" src=\"https:\/\/richeskarayib.com\/wp-content\/uploads\/2025\/05\/20250523_191038-1024x473.jpg\" class=\"attachment-large size-large wp-image-52337\" alt=\"Cuba\" srcset=\"https:\/\/richeskarayib.com\/wp-content\/uploads\/2025\/05\/20250523_191038-1024x473.jpg 1024w, https:\/\/richeskarayib.com\/wp-content\/uploads\/2025\/05\/20250523_191038-300x139.jpg 300w, https:\/\/richeskarayib.com\/wp-content\/uploads\/2025\/05\/20250523_191038-768x355.jpg 768w, https:\/\/richeskarayib.com\/wp-content\/uploads\/2025\/05\/20250523_191038-1536x710.jpg 1536w, https:\/\/richeskarayib.com\/wp-content\/uploads\/2025\/05\/20250523_191038-1320x610.jpg 1320w, https:\/\/richeskarayib.com\/wp-content\/uploads\/2025\/05\/20250523_191038.jpg 1920w\" sizes=\"(max-width: 800px) 100vw, 800px\" \/>\t\t\t\t\t\t\t\t\t\t\t<figcaption class=\"widget-image-caption wp-caption-text\">David Zobda<\/figcaption>\n\t\t\t\t\t\t\t\t\t\t<\/figure>\n\t\t\t\t\t\t\t\t\t<\/div>\n\t\t\t\t<\/div>\n\t\t\t\t<div class=\"elementor-element elementor-element-39e6158 elementor-widget elementor-widget-text-editor\" data-id=\"39e6158\" data-element_type=\"widget\" data-widget_type=\"text-editor.default\">\n\t\t\t\t<div class=\"elementor-widget-container\">\n\t\t\t\t\t\t\t\t\t<p data-pm-slice=\"1 1 []\"><strong>Diamela Palacios Acosta<\/strong>, secr\u00e9taire de l\u2019Assembl\u00e9e municipale de Santiago de Cuba, compl\u00e8te cette vision en rappelant la solidit\u00e9 du lien entre les deux villes : \u00ab Entre Le Lamentin et Santiago, il y a plus que de la solidarit\u00e9 ; c\u2019est une v\u00e9ritable fraternit\u00e9. Malgr\u00e9 les difficult\u00e9s dues \u00e0 l\u2019embargo am\u00e9ricain, notre coop\u00e9ration reste constante et efficace depuis pr\u00e8s de 30 ans. \u00bb<\/p>\t\t\t\t\t\t\t\t<\/div>\n\t\t\t\t<\/div>\n\t\t\t\t<div class=\"elementor-element elementor-element-fbfe1af elementor-widget elementor-widget-image\" data-id=\"fbfe1af\" data-element_type=\"widget\" data-widget_type=\"image.default\">\n\t\t\t\t<div class=\"elementor-widget-container\">\n\t\t\t\t\t\t\t\t\t\t\t\t<figure class=\"wp-caption\">\n\t\t\t\t\t\t\t\t\t\t<img loading=\"lazy\" decoding=\"async\" width=\"800\" height=\"370\" src=\"https:\/\/richeskarayib.com\/wp-content\/uploads\/2025\/05\/20250523_190024-1024x473.jpg\" class=\"attachment-large size-large wp-image-52341\" alt=\"Cuba\" srcset=\"https:\/\/richeskarayib.com\/wp-content\/uploads\/2025\/05\/20250523_190024-1024x473.jpg 1024w, https:\/\/richeskarayib.com\/wp-content\/uploads\/2025\/05\/20250523_190024-300x139.jpg 300w, https:\/\/richeskarayib.com\/wp-content\/uploads\/2025\/05\/20250523_190024-768x355.jpg 768w, https:\/\/richeskarayib.com\/wp-content\/uploads\/2025\/05\/20250523_190024-1536x710.jpg 1536w, https:\/\/richeskarayib.com\/wp-content\/uploads\/2025\/05\/20250523_190024-1320x610.jpg 1320w, https:\/\/richeskarayib.com\/wp-content\/uploads\/2025\/05\/20250523_190024.jpg 1920w\" sizes=\"(max-width: 800px) 100vw, 800px\" \/>\t\t\t\t\t\t\t\t\t\t\t<figcaption class=\"widget-image-caption wp-caption-text\">Diamela Palacios Acosta<\/figcaption>\n\t\t\t\t\t\t\t\t\t\t<\/figure>\n\t\t\t\t\t\t\t\t\t<\/div>\n\t\t\t\t<\/div>\n\t\t\t\t<div class=\"elementor-element elementor-element-757d0f1 elementor-widget elementor-widget-text-editor\" data-id=\"757d0f1\" data-element_type=\"widget\" data-widget_type=\"text-editor.default\">\n\t\t\t\t<div class=\"elementor-widget-container\">\n\t\t\t\t\t\t\t\t\t<p data-pm-slice=\"1 1 []\"><strong>Odexa Fuentes Medina<\/strong>, quant \u00e0 elle, a soulign\u00e9 la volont\u00e9 de Santiago de Cuba de promouvoir une diversit\u00e9 d\u2019expressions artistiques et culturelles au sein du festival : \u00ab Nous sommes le fruit du m\u00e9lange des cultures : africaine, espagnole, fran\u00e7aise, arabe, asiatique\u2026 Le Festival del Caribe est l\u2019espace o\u00f9 cette diversit\u00e9 s\u2019exprime pleinement. \u00bb entre les deux villes : \u00ab Martinique et Santiago de Cuba ont su maintenir une fraternit\u00e9 constante, m\u00eame dans les p\u00e9riodes les plus difficiles. Cette relation va bien au-del\u00e0 des \u00e9changes culturels. \u00bb<\/p>\t\t\t\t\t\t\t\t<\/div>\n\t\t\t\t<\/div>\n\t\t\t\t<div class=\"elementor-element elementor-element-1465150 elementor-widget elementor-widget-image\" data-id=\"1465150\" data-element_type=\"widget\" data-widget_type=\"image.default\">\n\t\t\t\t<div class=\"elementor-widget-container\">\n\t\t\t\t\t\t\t\t\t\t\t\t<figure class=\"wp-caption\">\n\t\t\t\t\t\t\t\t\t\t<img loading=\"lazy\" decoding=\"async\" width=\"800\" height=\"588\" src=\"https:\/\/richeskarayib.com\/wp-content\/uploads\/2025\/05\/WhatsApp-Image-2025-05-24-a-11.51.41_2b59d82c-1024x753.jpg\" class=\"attachment-large size-large wp-image-52397\" alt=\"Cuba\" srcset=\"https:\/\/richeskarayib.com\/wp-content\/uploads\/2025\/05\/WhatsApp-Image-2025-05-24-a-11.51.41_2b59d82c-1024x753.jpg 1024w, https:\/\/richeskarayib.com\/wp-content\/uploads\/2025\/05\/WhatsApp-Image-2025-05-24-a-11.51.41_2b59d82c-300x221.jpg 300w, https:\/\/richeskarayib.com\/wp-content\/uploads\/2025\/05\/WhatsApp-Image-2025-05-24-a-11.51.41_2b59d82c-768x565.jpg 768w, https:\/\/richeskarayib.com\/wp-content\/uploads\/2025\/05\/WhatsApp-Image-2025-05-24-a-11.51.41_2b59d82c.jpg 1180w\" sizes=\"(max-width: 800px) 100vw, 800px\" \/>\t\t\t\t\t\t\t\t\t\t\t<figcaption class=\"widget-image-caption wp-caption-text\">Odexa Fuentes Medina<\/figcaption>\n\t\t\t\t\t\t\t\t\t\t<\/figure>\n\t\t\t\t\t\t\t\t\t<\/div>\n\t\t\t\t<\/div>\n\t\t\t\t\t<\/div>\n\t\t<\/div>\n\t\t\t\t\t<\/div>\n\t\t<\/section>\n\t\t\t\t<section class=\"elementor-section elementor-top-section elementor-element elementor-element-e734fd3 elementor-section-boxed elementor-section-height-default elementor-section-height-default\" data-id=\"e734fd3\" data-element_type=\"section\">\n\t\t\t\t\t\t<div class=\"elementor-container elementor-column-gap-default\">\n\t\t\t\t\t<div class=\"elementor-column elementor-col-100 elementor-top-column elementor-element elementor-element-e2dfd81\" data-id=\"e2dfd81\" data-element_type=\"column\">\n\t\t\t<div class=\"elementor-widget-wrap elementor-element-populated\">\n\t\t\t\t\t\t<div class=\"elementor-element elementor-element-ea0e09d elementor-widget elementor-widget-heading\" data-id=\"ea0e09d\" data-element_type=\"widget\" data-widget_type=\"heading.default\">\n\t\t\t\t<div class=\"elementor-widget-container\">\n\t\t\t\t\t<h2 class=\"elementor-heading-title elementor-size-default\">Le Festival del Caribe 2025 : rendez-vous incontournable<\/h2>\t\t\t\t<\/div>\n\t\t\t\t<\/div>\n\t\t\t\t<div class=\"elementor-element elementor-element-ce10938 elementor-widget elementor-widget-text-editor\" data-id=\"ce10938\" data-element_type=\"widget\" data-widget_type=\"text-editor.default\">\n\t\t\t\t<div class=\"elementor-widget-container\">\n\t\t\t\t\t\t\t\t\t<p data-pm-slice=\"1 1 []\">Le Festival del Caribe, ou Fiesta del Fuego, est l\u2019un des rendez-vous les plus embl\u00e9matiques du calendrier culturel carib\u00e9en. Organis\u00e9e chaque ann\u00e9e \u00e0 Santiago de Cuba, cette manifestation accueille pendant une semaine des d\u00e9l\u00e9gations artistiques, des chercheurs, des acteurs culturels et des citoyens issus de l\u2019ensemble du bassin carib\u00e9en. L\u2019\u00e9dition 2025 (3 au 9 juillet) mettra <a href=\"https:\/\/richeskarayib.com\/fr\/caribbean-business-hub-fete-10-ans-a-la-haye\/\" target=\"_blank\" rel=\"noopener\">Cura\u00e7ao<\/a> \u00e0 l\u2019honneur, dans une atmosph\u00e8re marqu\u00e9e par les musiques de rue, les danses traditionnelles, les arts populaires et les rituels collectifs comme la c\u00e9l\u00e8bre &#8220;Serpiente&#8221;.<\/p>\t\t\t\t\t\t\t\t<\/div>\n\t\t\t\t<\/div>\n\t\t\t\t<div class=\"elementor-element elementor-element-7216ff7 elementor-widget elementor-widget-image\" data-id=\"7216ff7\" data-element_type=\"widget\" data-widget_type=\"image.default\">\n\t\t\t\t<div class=\"elementor-widget-container\">\n\t\t\t\t\t\t\t\t\t\t\t\t\t\t\t<img loading=\"lazy\" decoding=\"async\" width=\"738\" height=\"922\" src=\"https:\/\/richeskarayib.com\/wp-content\/uploads\/2025\/05\/500255372_18046564355400000_6414525882456524772_n.jpg\" class=\"attachment-large size-large wp-image-52349\" alt=\"Cuba\" srcset=\"https:\/\/richeskarayib.com\/wp-content\/uploads\/2025\/05\/500255372_18046564355400000_6414525882456524772_n.jpg 738w, https:\/\/richeskarayib.com\/wp-content\/uploads\/2025\/05\/500255372_18046564355400000_6414525882456524772_n-240x300.jpg 240w\" sizes=\"(max-width: 738px) 100vw, 738px\" \/>\t\t\t\t\t\t\t\t\t\t\t\t\t\t\t<\/div>\n\t\t\t\t<\/div>\n\t\t\t\t<div class=\"elementor-element elementor-element-5feebe3 elementor-widget elementor-widget-text-editor\" data-id=\"5feebe3\" data-element_type=\"widget\" data-widget_type=\"text-editor.default\">\n\t\t\t\t<div class=\"elementor-widget-container\">\n\t\t\t\t\t\t\t\t\t<p>\u00c0 travers ce festival, c\u2019est une vision inclusive de la culture carib\u00e9enne qui est propos\u00e9e, au croisement de l\u2019h\u00e9ritage africain, europ\u00e9en, asiatique et am\u00e9rindien. Diamela Palacios insiste sur cette ouverture : \u00ab Le festival refl\u00e8te la richesse de notre diversit\u00e9. M\u00eame s\u2019il s\u2019ancre dans la Cara\u00efbe, il est ouvert au monde. \u00bb<\/p><p>Parall\u00e8lement \u00e0 la programmation artistique, Santiago de Cuba c\u00e9l\u00e9brera \u00e9galement en 2025 le 510e anniversaire de sa fondation ainsi que des moments cl\u00e9s de son histoire politique et sociale, comme les 72 ans de l\u2019assaut du Quartier Moncada. Ces \u00e9l\u00e9ments conf\u00e8rent \u00e0 l\u2019\u00e9v\u00e9nement une profondeur qui d\u00e9passe le seul registre culturel.<\/p>\t\t\t\t\t\t\t\t<\/div>\n\t\t\t\t<\/div>\n\t\t\t\t\t<\/div>\n\t\t<\/div>\n\t\t\t\t\t<\/div>\n\t\t<\/section>\n\t\t\t\t<section class=\"elementor-section elementor-top-section elementor-element elementor-element-f93be98 elementor-section-boxed elementor-section-height-default elementor-section-height-default\" data-id=\"f93be98\" data-element_type=\"section\">\n\t\t\t\t\t\t<div class=\"elementor-container elementor-column-gap-default\">\n\t\t\t\t\t<div class=\"elementor-column elementor-col-100 elementor-top-column elementor-element elementor-element-599e340\" data-id=\"599e340\" data-element_type=\"column\">\n\t\t\t<div class=\"elementor-widget-wrap elementor-element-populated\">\n\t\t\t\t\t\t<div class=\"elementor-element elementor-element-b9d149f elementor-widget elementor-widget-heading\" data-id=\"b9d149f\" data-element_type=\"widget\" data-widget_type=\"heading.default\">\n\t\t\t\t<div class=\"elementor-widget-container\">\n\t\t\t\t\t<h2 class=\"elementor-heading-title elementor-size-default\">En 2026 : cap sur les 30 ans de coop\u00e9ration Lamentin \u2013 Santiago<\/h2>\t\t\t\t<\/div>\n\t\t\t\t<\/div>\n\t\t\t\t<div class=\"elementor-element elementor-element-9e9952f elementor-widget elementor-widget-text-editor\" data-id=\"9e9952f\" data-element_type=\"widget\" data-widget_type=\"text-editor.default\">\n\t\t\t\t<div class=\"elementor-widget-container\">\n\t\t\t\t\t\t\t\t\t<p data-pm-slice=\"1 1 []\">L\u2019ann\u00e9e 2026 marquera une \u00e9tape symbolique dans l\u2019histoire des deux villes. Santiago de Cuba a d\u2019ores et d\u00e9j\u00e0 propos\u00e9 de placer cette \u00e9dition du Festival sous le signe des trente ans de coop\u00e9ration. Une invitation forte, qui appelle une mobilisation large du tissu associatif, \u00e9ducatif et \u00e9conomique martiniquais.<\/p><p data-pm-slice=\"1 1 []\">L\u2019id\u00e9e ? B\u00e2tir une d\u00e9l\u00e9gation plurielle, repr\u00e9sentative de la diversit\u00e9 et des ambitions du territoire.<\/p>\t\t\t\t\t\t\t\t<\/div>\n\t\t\t\t<\/div>\n\t\t\t\t<div class=\"elementor-element elementor-element-3355bbc elementor-widget elementor-widget-image\" data-id=\"3355bbc\" data-element_type=\"widget\" data-widget_type=\"image.default\">\n\t\t\t\t<div class=\"elementor-widget-container\">\n\t\t\t\t\t\t\t\t\t\t\t\t\t\t\t<img loading=\"lazy\" decoding=\"async\" width=\"800\" height=\"370\" src=\"https:\/\/richeskarayib.com\/wp-content\/uploads\/2025\/05\/20250523_181846-1-1024x473.jpg\" class=\"attachment-large size-large wp-image-52361\" alt=\"Cuba\" srcset=\"https:\/\/richeskarayib.com\/wp-content\/uploads\/2025\/05\/20250523_181846-1-1024x473.jpg 1024w, https:\/\/richeskarayib.com\/wp-content\/uploads\/2025\/05\/20250523_181846-1-300x139.jpg 300w, https:\/\/richeskarayib.com\/wp-content\/uploads\/2025\/05\/20250523_181846-1-768x355.jpg 768w, https:\/\/richeskarayib.com\/wp-content\/uploads\/2025\/05\/20250523_181846-1-1536x710.jpg 1536w, https:\/\/richeskarayib.com\/wp-content\/uploads\/2025\/05\/20250523_181846-1-1320x610.jpg 1320w, https:\/\/richeskarayib.com\/wp-content\/uploads\/2025\/05\/20250523_181846-1.jpg 1920w\" sizes=\"(max-width: 800px) 100vw, 800px\" \/>\t\t\t\t\t\t\t\t\t\t\t\t\t\t\t<\/div>\n\t\t\t\t<\/div>\n\t\t\t\t<div class=\"elementor-element elementor-element-ff14c4a elementor-widget elementor-widget-text-editor\" data-id=\"ff14c4a\" data-element_type=\"widget\" data-widget_type=\"text-editor.default\">\n\t\t\t\t<div class=\"elementor-widget-container\">\n\t\t\t\t\t\t\t\t\t<p data-pm-slice=\"1 1 []\">Le maire du Lamentin appelle \u00e0 anticiper cette \u00e9ch\u00e9ance : \u00ab Nous devons nous organiser d\u00e8s maintenant pour que 2026 ne soit pas seulement un souvenir, mais une v\u00e9ritable vitrine de notre capacit\u00e9 \u00e0 agir collectivement dans la Cara\u00efbe. \u00bb<\/p>\t\t\t\t\t\t\t\t<\/div>\n\t\t\t\t<\/div>\n\t\t\t\t<div class=\"elementor-element elementor-element-59ebfdf elementor-widget elementor-widget-image\" data-id=\"59ebfdf\" data-element_type=\"widget\" data-widget_type=\"image.default\">\n\t\t\t\t<div class=\"elementor-widget-container\">\n\t\t\t\t\t\t\t\t\t\t\t\t\t\t\t<img loading=\"lazy\" decoding=\"async\" width=\"800\" height=\"370\" src=\"https:\/\/richeskarayib.com\/wp-content\/uploads\/2025\/05\/WhatsApp-Image-2025-05-24-a-11.37.36_dc621684-1024x473.jpg\" class=\"attachment-large size-large wp-image-52393\" alt=\"Cuba\" srcset=\"https:\/\/richeskarayib.com\/wp-content\/uploads\/2025\/05\/WhatsApp-Image-2025-05-24-a-11.37.36_dc621684-1024x473.jpg 1024w, https:\/\/richeskarayib.com\/wp-content\/uploads\/2025\/05\/WhatsApp-Image-2025-05-24-a-11.37.36_dc621684-300x139.jpg 300w, https:\/\/richeskarayib.com\/wp-content\/uploads\/2025\/05\/WhatsApp-Image-2025-05-24-a-11.37.36_dc621684-768x355.jpg 768w, https:\/\/richeskarayib.com\/wp-content\/uploads\/2025\/05\/WhatsApp-Image-2025-05-24-a-11.37.36_dc621684.jpg 1280w\" sizes=\"(max-width: 800px) 100vw, 800px\" \/>\t\t\t\t\t\t\t\t\t\t\t\t\t\t\t<\/div>\n\t\t\t\t<\/div>\n\t\t\t\t<div class=\"elementor-element elementor-element-e190edd elementor-widget elementor-widget-image\" data-id=\"e190edd\" data-element_type=\"widget\" data-widget_type=\"image.default\">\n\t\t\t\t<div class=\"elementor-widget-container\">\n\t\t\t\t\t\t\t\t\t\t\t\t\t\t\t<img loading=\"lazy\" decoding=\"async\" width=\"800\" height=\"370\" src=\"https:\/\/richeskarayib.com\/wp-content\/uploads\/2025\/05\/WhatsApp-Image-2025-05-24-a-11.36.05_77ed2f5e-1024x473.jpg\" class=\"attachment-large size-large wp-image-52377\" alt=\"Cuba\" srcset=\"https:\/\/richeskarayib.com\/wp-content\/uploads\/2025\/05\/WhatsApp-Image-2025-05-24-a-11.36.05_77ed2f5e-1024x473.jpg 1024w, https:\/\/richeskarayib.com\/wp-content\/uploads\/2025\/05\/WhatsApp-Image-2025-05-24-a-11.36.05_77ed2f5e-300x139.jpg 300w, https:\/\/richeskarayib.com\/wp-content\/uploads\/2025\/05\/WhatsApp-Image-2025-05-24-a-11.36.05_77ed2f5e-768x355.jpg 768w, https:\/\/richeskarayib.com\/wp-content\/uploads\/2025\/05\/WhatsApp-Image-2025-05-24-a-11.36.05_77ed2f5e.jpg 1280w\" sizes=\"(max-width: 800px) 100vw, 800px\" \/>\t\t\t\t\t\t\t\t\t\t\t\t\t\t\t<\/div>\n\t\t\t\t<\/div>\n\t\t\t\t<div class=\"elementor-element elementor-element-9faddc6 elementor-widget elementor-widget-text-editor\" data-id=\"9faddc6\" data-element_type=\"widget\" data-widget_type=\"text-editor.default\">\n\t\t\t\t<div class=\"elementor-widget-container\">\n\t\t\t\t\t\t\t\t\t<p data-pm-slice=\"1 1 []\">Cette dynamique s\u2019appuie sur la volont\u00e9 partag\u00e9e de construire un espace carib\u00e9en plus int\u00e9gr\u00e9, o\u00f9 la culture, l\u2019\u00e9ducation et l\u2019\u00e9conomie dialoguent. La mairie du Lamentin a annonc\u00e9 la mise en place d\u2019un accompagnement pour aider les associations \u00e0 structurer leur projet, identifier les financements et assurer leur logistique.<\/p>\t\t\t\t\t\t\t\t<\/div>\n\t\t\t\t<\/div>\n\t\t\t\t<div class=\"elementor-element elementor-element-b9723d9 elementor-widget elementor-widget-image\" data-id=\"b9723d9\" data-element_type=\"widget\" data-widget_type=\"image.default\">\n\t\t\t\t<div class=\"elementor-widget-container\">\n\t\t\t\t\t\t\t\t\t\t\t\t\t\t\t<img loading=\"lazy\" decoding=\"async\" width=\"800\" height=\"370\" src=\"https:\/\/richeskarayib.com\/wp-content\/uploads\/2025\/05\/WhatsApp-Image-2025-05-24-a-11.35.48_7c6aa912-1024x473.jpg\" class=\"attachment-large size-large wp-image-52373\" alt=\"Cuba\" srcset=\"https:\/\/richeskarayib.com\/wp-content\/uploads\/2025\/05\/WhatsApp-Image-2025-05-24-a-11.35.48_7c6aa912-1024x473.jpg 1024w, https:\/\/richeskarayib.com\/wp-content\/uploads\/2025\/05\/WhatsApp-Image-2025-05-24-a-11.35.48_7c6aa912-300x139.jpg 300w, https:\/\/richeskarayib.com\/wp-content\/uploads\/2025\/05\/WhatsApp-Image-2025-05-24-a-11.35.48_7c6aa912-768x355.jpg 768w, https:\/\/richeskarayib.com\/wp-content\/uploads\/2025\/05\/WhatsApp-Image-2025-05-24-a-11.35.48_7c6aa912.jpg 1280w\" sizes=\"(max-width: 800px) 100vw, 800px\" \/>\t\t\t\t\t\t\t\t\t\t\t\t\t\t\t<\/div>\n\t\t\t\t<\/div>\n\t\t\t\t<div class=\"elementor-element elementor-element-b072a9f elementor-widget elementor-widget-image\" data-id=\"b072a9f\" data-element_type=\"widget\" data-widget_type=\"image.default\">\n\t\t\t\t<div class=\"elementor-widget-container\">\n\t\t\t\t\t\t\t\t\t\t\t\t\t\t\t<img loading=\"lazy\" decoding=\"async\" width=\"800\" height=\"370\" src=\"https:\/\/richeskarayib.com\/wp-content\/uploads\/2025\/05\/20250523_190037-1024x473.jpg\" class=\"attachment-large size-large wp-image-52353\" alt=\"Cuba\" srcset=\"https:\/\/richeskarayib.com\/wp-content\/uploads\/2025\/05\/20250523_190037-1024x473.jpg 1024w, https:\/\/richeskarayib.com\/wp-content\/uploads\/2025\/05\/20250523_190037-300x139.jpg 300w, https:\/\/richeskarayib.com\/wp-content\/uploads\/2025\/05\/20250523_190037-768x355.jpg 768w, https:\/\/richeskarayib.com\/wp-content\/uploads\/2025\/05\/20250523_190037-1536x710.jpg 1536w, https:\/\/richeskarayib.com\/wp-content\/uploads\/2025\/05\/20250523_190037-1320x610.jpg 1320w, https:\/\/richeskarayib.com\/wp-content\/uploads\/2025\/05\/20250523_190037.jpg 1920w\" sizes=\"(max-width: 800px) 100vw, 800px\" \/>\t\t\t\t\t\t\t\t\t\t\t\t\t\t\t<\/div>\n\t\t\t\t<\/div>\n\t\t\t\t\t<\/div>\n\t\t<\/div>\n\t\t\t\t\t<\/div>\n\t\t<\/section>\n\t\t\t\t<section class=\"elementor-section elementor-top-section elementor-element elementor-element-23378e6 elementor-section-boxed elementor-section-height-default elementor-section-height-default\" data-id=\"23378e6\" data-element_type=\"section\">\n\t\t\t\t\t\t<div class=\"elementor-container elementor-column-gap-default\">\n\t\t\t\t\t<div class=\"elementor-column elementor-col-100 elementor-top-column elementor-element elementor-element-398e97e\" data-id=\"398e97e\" data-element_type=\"column\">\n\t\t\t<div class=\"elementor-widget-wrap elementor-element-populated\">\n\t\t\t\t\t\t<div class=\"elementor-element elementor-element-63e526f elementor-widget elementor-widget-heading\" data-id=\"63e526f\" data-element_type=\"widget\" data-widget_type=\"heading.default\">\n\t\t\t\t<div class=\"elementor-widget-container\">\n\t\t\t\t\t<h2 class=\"elementor-heading-title elementor-size-default\">Construire une Cara\u00efbe qui agit et rayonne<\/h2>\t\t\t\t<\/div>\n\t\t\t\t<\/div>\n\t\t\t\t<div class=\"elementor-element elementor-element-e1bd017 elementor-widget elementor-widget-text-editor\" data-id=\"e1bd017\" data-element_type=\"widget\" data-widget_type=\"text-editor.default\">\n\t\t\t\t<div class=\"elementor-widget-container\">\n\t\t\t\t\t\t\t\t\t<p data-pm-slice=\"1 1 []\">\u00c0 travers cette coop\u00e9ration active et multiforme, Le Lamentin et Santiago de Cuba montrent qu\u2019un autre mod\u00e8le d\u2019\u00e9change est possible dans la Cara\u00efbe : un mod\u00e8le bas\u00e9 sur la confiance, la constance et une vision commune. Alors que 2025 marquera une \u00e9tape importante avec la pr\u00e9sence attendue de nombreuses d\u00e9l\u00e9gations martiniquaises au Festival del Caribe, 2026 s\u2019annonce d\u00e9j\u00e0 comme un point d\u2019orgue.<\/p><p><strong>Vous \u00eates une association, un acteur culturel, \u00e9conomique ou \u00e9ducatif ? C\u2019est le moment de rejoindre la dynamique.<\/strong><\/p>\t\t\t\t\t\t\t\t<\/div>\n\t\t\t\t<\/div>\n\t\t\t\t<section class=\"elementor-section elementor-inner-section elementor-element elementor-element-004f392 elementor-section-boxed elementor-section-height-default elementor-section-height-default\" data-id=\"004f392\" data-element_type=\"section\">\n\t\t\t\t\t\t<div class=\"elementor-container elementor-column-gap-default\">\n\t\t\t\t\t<div class=\"elementor-column elementor-col-50 elementor-inner-column elementor-element elementor-element-23c128b\" data-id=\"23c128b\" data-element_type=\"column\">\n\t\t\t<div class=\"elementor-widget-wrap elementor-element-populated\">\n\t\t\t\t\t\t<div class=\"elementor-element elementor-element-3c7cc1e elementor-widget elementor-widget-html\" data-id=\"3c7cc1e\" data-element_type=\"widget\" data-widget_type=\"html.default\">\n\t\t\t\t<div class=\"elementor-widget-container\">\n\t\t\t\t\t<blockquote class=\"instagram-media\" data-instgrm-permalink=\"https:\/\/www.instagram.com\/reel\/DKH5Gy_tU_U\/?utm_source=ig_embed&amp;utm_campaign=loading\" data-instgrm-version=\"14\" style=\" background:#FFF; border:0; border-radius:3px; box-shadow:0 0 1px 0 rgba(0,0,0,0.5),0 1px 10px 0 rgba(0,0,0,0.15); margin: 1px; max-width:540px; min-width:326px; padding:0; width:99.375%; width:-webkit-calc(100% - 2px); width:calc(100% - 2px);\"><div style=\"padding:16px;\"> <a href=\"https:\/\/www.instagram.com\/reel\/DKH5Gy_tU_U\/?utm_source=ig_embed&amp;utm_campaign=loading\" style=\" background:#FFFFFF; line-height:0; padding:0 0; text-align:center; text-decoration:none; width:100%;\" target=\"_blank\" rel=\"nofollow noopener\"> <div style=\" display: flex; flex-direction: row; align-items: center;\"> <div style=\"background-color: #F4F4F4; border-radius: 50%; flex-grow: 0; height: 40px; margin-right: 14px; width: 40px;\"><\/div> <div style=\"display: flex; flex-direction: column; flex-grow: 1; justify-content: center;\"> <div style=\" background-color: #F4F4F4; border-radius: 4px; flex-grow: 0; height: 14px; margin-bottom: 6px; width: 100px;\"><\/div> <div style=\" background-color: #F4F4F4; border-radius: 4px; flex-grow: 0; height: 14px; width: 60px;\"><\/div><\/div><\/div><div style=\"padding: 19% 0;\"><\/div> <div style=\"display:block; height:50px; margin:0 auto 12px; width:50px;\"><svg width=\"50px\" height=\"50px\" viewBox=\"0 0 60 60\" version=\"1.1\" xmlns=\"https:\/\/www.w3.org\/2000\/svg\" xmlns:xlink=\"https:\/\/www.w3.org\/1999\/xlink\"><g stroke=\"none\" stroke-width=\"1\" fill=\"none\" fill-rule=\"evenodd\"><g transform=\"translate(-511.000000, -20.000000)\" fill=\"#000000\"><g><path d=\"M556.869,30.41 C554.814,30.41 553.148,32.076 553.148,34.131 C553.148,36.186 554.814,37.852 556.869,37.852 C558.924,37.852 560.59,36.186 560.59,34.131 C560.59,32.076 558.924,30.41 556.869,30.41 M541,60.657 C535.114,60.657 530.342,55.887 530.342,50 C530.342,44.114 535.114,39.342 541,39.342 C546.887,39.342 551.658,44.114 551.658,50 C551.658,55.887 546.887,60.657 541,60.657 M541,33.886 C532.1,33.886 524.886,41.1 524.886,50 C524.886,58.899 532.1,66.113 541,66.113 C549.9,66.113 557.115,58.899 557.115,50 C557.115,41.1 549.9,33.886 541,33.886 M565.378,62.101 C565.244,65.022 564.756,66.606 564.346,67.663 C563.803,69.06 563.154,70.057 562.106,71.106 C561.058,72.155 560.06,72.803 558.662,73.347 C557.607,73.757 556.021,74.244 553.102,74.378 C549.944,74.521 548.997,74.552 541,74.552 C533.003,74.552 532.056,74.521 528.898,74.378 C525.979,74.244 524.393,73.757 523.338,73.347 C521.94,72.803 520.942,72.155 519.894,71.106 C518.846,70.057 518.197,69.06 517.654,67.663 C517.244,66.606 516.755,65.022 516.623,62.101 C516.479,58.943 516.448,57.996 516.448,50 C516.448,42.003 516.479,41.056 516.623,37.899 C516.755,34.978 517.244,33.391 517.654,32.338 C518.197,30.938 518.846,29.942 519.894,28.894 C520.942,27.846 521.94,27.196 523.338,26.654 C524.393,26.244 525.979,25.756 528.898,25.623 C532.057,25.479 533.004,25.448 541,25.448 C548.997,25.448 549.943,25.479 553.102,25.623 C556.021,25.756 557.607,26.244 558.662,26.654 C560.06,27.196 561.058,27.846 562.106,28.894 C563.154,29.942 563.803,30.938 564.346,32.338 C564.756,33.391 565.244,34.978 565.378,37.899 C565.522,41.056 565.552,42.003 565.552,50 C565.552,57.996 565.522,58.943 565.378,62.101 M570.82,37.631 C570.674,34.438 570.167,32.258 569.425,30.349 C568.659,28.377 567.633,26.702 565.965,25.035 C564.297,23.368 562.623,22.342 560.652,21.575 C558.743,20.834 556.562,20.326 553.369,20.18 C550.169,20.033 549.148,20 541,20 C532.853,20 531.831,20.033 528.631,20.18 C525.438,20.326 523.257,20.834 521.349,21.575 C519.376,22.342 517.703,23.368 516.035,25.035 C514.368,26.702 513.342,28.377 512.574,30.349 C511.834,32.258 511.326,34.438 511.181,37.631 C511.035,40.831 511,41.851 511,50 C511,58.147 511.035,59.17 511.181,62.369 C511.326,65.562 511.834,67.743 512.574,69.651 C513.342,71.625 514.368,73.296 516.035,74.965 C517.703,76.634 519.376,77.658 521.349,78.425 C523.257,79.167 525.438,79.673 528.631,79.82 C531.831,79.965 532.853,80.001 541,80.001 C549.148,80.001 550.169,79.965 553.369,79.82 C556.562,79.673 558.743,79.167 560.652,78.425 C562.623,77.658 564.297,76.634 565.965,74.965 C567.633,73.296 568.659,71.625 569.425,69.651 C570.167,67.743 570.674,65.562 570.82,62.369 C570.966,59.17 571,58.147 571,50 C571,41.851 570.966,40.831 570.82,37.631\"><\/path><\/g><\/g><\/g><\/svg><\/div><div style=\"padding-top: 8px;\"> <div style=\" color:#3897f0; font-family:Arial,sans-serif; font-size:14px; font-style:normal; font-weight:550; line-height:18px;\">Voir cette publication sur Instagram<\/div><\/div><div style=\"padding: 12.5% 0;\"><\/div> <div style=\"display: flex; flex-direction: row; margin-bottom: 14px; align-items: center;\"><div> <div style=\"background-color: #F4F4F4; border-radius: 50%; height: 12.5px; width: 12.5px; transform: translateX(0px) translateY(7px);\"><\/div> <div style=\"background-color: #F4F4F4; height: 12.5px; transform: rotate(-45deg) translateX(3px) translateY(1px); width: 12.5px; flex-grow: 0; margin-right: 14px; margin-left: 2px;\"><\/div> <div style=\"background-color: #F4F4F4; border-radius: 50%; height: 12.5px; width: 12.5px; transform: translateX(9px) translateY(-18px);\"><\/div><\/div><div style=\"margin-left: 8px;\"> <div style=\" background-color: #F4F4F4; border-radius: 50%; flex-grow: 0; height: 20px; width: 20px;\"><\/div> <div style=\" width: 0; height: 0; border-top: 2px solid transparent; border-left: 6px solid #f4f4f4; border-bottom: 2px solid transparent; transform: translateX(16px) translateY(-4px) rotate(30deg)\"><\/div><\/div><div style=\"margin-left: auto;\"> <div style=\" width: 0px; border-top: 8px solid #F4F4F4; border-right: 8px solid transparent; transform: translateY(16px);\"><\/div> <div style=\" background-color: #F4F4F4; flex-grow: 0; height: 12px; width: 16px; transform: translateY(-4px);\"><\/div> <div style=\" width: 0; height: 0; border-top: 8px solid #F4F4F4; border-left: 8px solid transparent; transform: translateY(-4px) translateX(8px);\"><\/div><\/div><\/div> <div style=\"display: flex; flex-direction: column; flex-grow: 1; justify-content: center; margin-bottom: 24px;\"> <div style=\" background-color: #F4F4F4; border-radius: 4px; flex-grow: 0; height: 14px; margin-bottom: 6px; width: 224px;\"><\/div> <div style=\" background-color: #F4F4F4; border-radius: 4px; flex-grow: 0; height: 14px; width: 144px;\"><\/div><\/div><\/a><p style=\" color:#c9c8cd; font-family:Arial,sans-serif; font-size:14px; line-height:17px; margin-bottom:0; margin-top:8px; overflow:hidden; padding:8px 0 7px; text-align:center; text-overflow:ellipsis; white-space:nowrap;\"><a href=\"https:\/\/www.instagram.com\/reel\/DKH5Gy_tU_U\/?utm_source=ig_embed&amp;utm_campaign=loading\" style=\" color:#c9c8cd; font-family:Arial,sans-serif; font-size:14px; font-style:normal; font-weight:normal; line-height:17px; text-decoration:none;\" target=\"_blank\" rel=\"nofollow noopener\">Une publication partag\u00e9e par Rich\u00e8s Karayib (@richeskarayib)<\/a><\/p><\/div><\/blockquote>\r\n<script async src=\"\/\/www.instagram.com\/embed.js\"><\/script>\t\t\t\t<\/div>\n\t\t\t\t<\/div>\n\t\t\t\t\t<\/div>\n\t\t<\/div>\n\t\t\t\t<div class=\"elementor-column elementor-col-50 elementor-inner-column elementor-element elementor-element-adcbf9d\" data-id=\"adcbf9d\" data-element_type=\"column\">\n\t\t\t<div class=\"elementor-widget-wrap elementor-element-populated\">\n\t\t\t\t\t\t<div class=\"elementor-element elementor-element-e5e4cca elementor-widget elementor-widget-image\" data-id=\"e5e4cca\" data-element_type=\"widget\" data-widget_type=\"image.default\">\n\t\t\t\t<div class=\"elementor-widget-container\">\n\t\t\t\t\t\t\t\t\t\t\t\t\t\t\t<img loading=\"lazy\" decoding=\"async\" width=\"576\" height=\"1024\" src=\"https:\/\/richeskarayib.com\/wp-content\/uploads\/2025\/05\/Antoine-Nabajoth-Video-mobile-576x1024.png-4.webp\" class=\"attachment-large size-large wp-image-52789\" alt=\"Sainte-Lucie\" srcset=\"https:\/\/richeskarayib.com\/wp-content\/uploads\/2025\/05\/Antoine-Nabajoth-Video-mobile-576x1024.png-4.webp 576w, https:\/\/richeskarayib.com\/wp-content\/uploads\/2025\/05\/Antoine-Nabajoth-Video-mobile-576x1024.png-4-169x300.webp 169w\" sizes=\"(max-width: 576px) 100vw, 576px\" \/>\t\t\t\t\t\t\t\t\t\t\t\t\t\t\t<\/div>\n\t\t\t\t<\/div>\n\t\t\t\t\t<\/div>\n\t\t<\/div>\n\t\t\t\t\t<\/div>\n\t\t<\/section>\n\t\t\t\t\t<\/div>\n\t\t<\/div>\n\t\t\t\t\t<\/div>\n\t\t<\/section>\n\t\t\t\t<\/div>\n\t\t","protected":false},"excerpt":{"rendered":"<p>Depuis pr\u00e8s de trente ans, la coop\u00e9ration entre Le Lamentin et Santiago de Cuba incarne un engagement durable entre deux territoires qui partagent bien plus qu\u2019un simple partenariat. Ce lien structurant, forg\u00e9 \u00e0 travers des projets concrets dans les domaines de la culture, de la sant\u00e9, de l\u2019\u00e9ducation ou encore du d\u00e9veloppement durable, s\u2019est affirm\u00e9 [&hellip;]<\/p>\n","protected":false},"author":47,"featured_media":52605,"comment_status":"open","ping_status":"open","sticky":false,"template":"","format":"standard","meta":{"_acf_changed":false,"footnotes":""},"categories":[1785,840],"tags":[1573,1786,808,1787],"class_list":["post-52332","post","type-post","status-publish","format-standard","has-post-thumbnail","hentry","category-cooperation","category-actus","tag-cuba-fr","tag-lamentin","tag-martinique-fr","tag-santiago-de-cuba"],"acf":[],"_links":{"self":[{"href":"https:\/\/richeskarayib.com\/fr\/wp-json\/wp\/v2\/posts\/52332","targetHints":{"allow":["GET"]}}],"collection":[{"href":"https:\/\/richeskarayib.com\/fr\/wp-json\/wp\/v2\/posts"}],"about":[{"href":"https:\/\/richeskarayib.com\/fr\/wp-json\/wp\/v2\/types\/post"}],"author":[{"embeddable":true,"href":"https:\/\/richeskarayib.com\/fr\/wp-json\/wp\/v2\/users\/47"}],"replies":[{"embeddable":true,"href":"https:\/\/richeskarayib.com\/fr\/wp-json\/wp\/v2\/comments?post=52332"}],"version-history":[{"count":0,"href":"https:\/\/richeskarayib.com\/fr\/wp-json\/wp\/v2\/posts\/52332\/revisions"}],"wp:featuredmedia":[{"embeddable":true,"href":"https:\/\/richeskarayib.com\/fr\/wp-json\/wp\/v2\/media\/52605"}],"wp:attachment":[{"href":"https:\/\/richeskarayib.com\/fr\/wp-json\/wp\/v2\/media?parent=52332"}],"wp:term":[{"taxonomy":"category","embeddable":true,"href":"https:\/\/richeskarayib.com\/fr\/wp-json\/wp\/v2\/categories?post=52332"},{"taxonomy":"post_tag","embeddable":true,"href":"https:\/\/richeskarayib.com\/fr\/wp-json\/wp\/v2\/tags?post=52332"}],"curies":[{"name":"wp","href":"https:\/\/api.w.org\/{rel}","templated":true}]}}