{"id":52751,"date":"2025-05-27T16:22:32","date_gmt":"2025-05-27T20:22:32","guid":{"rendered":"https:\/\/richeskarayib.com\/?p=52751"},"modified":"2025-05-27T16:23:16","modified_gmt":"2025-05-27T20:23:16","slug":"abolition-de-l-esclavage-en-guadeloupe","status":"publish","type":"post","link":"https:\/\/richeskarayib.com\/fr\/abolition-de-l-esclavage-en-guadeloupe\/","title":{"rendered":"Guadeloupe &#8211; 27 mai 1848 &#8211; Abolition de l\u2019esclavage : m\u00e9moire d\u2019une conqu\u00eate et luttes toujours vivantes"},"content":{"rendered":"\t\t<div data-elementor-type=\"wp-post\" data-elementor-id=\"52751\" class=\"elementor elementor-52751\" data-elementor-post-type=\"post\">\n\t\t\t\t\t\t<section class=\"elementor-section elementor-top-section elementor-element elementor-element-7d4f952 elementor-section-boxed elementor-section-height-default elementor-section-height-default\" data-id=\"7d4f952\" data-element_type=\"section\">\n\t\t\t\t\t\t<div class=\"elementor-container elementor-column-gap-default\">\n\t\t\t\t\t<div class=\"elementor-column elementor-col-100 elementor-top-column elementor-element elementor-element-f3833fa\" data-id=\"f3833fa\" data-element_type=\"column\">\n\t\t\t<div class=\"elementor-widget-wrap elementor-element-populated\">\n\t\t\t\t\t\t<div class=\"elementor-element elementor-element-6cd393f elementor-widget elementor-widget-text-editor\" data-id=\"6cd393f\" data-element_type=\"widget\" data-widget_type=\"text-editor.default\">\n\t\t\t\t<div class=\"elementor-widget-container\">\n\t\t\t\t\t\t\t\t\t<p><a href=\"https:\/\/www.guadeloupe.franceantilles.fr\/actualite\/culture\/27-mai-1848-le-jour-ou-la-guadeloupe-retrouva-sa-liberte-1037411.php\" target=\"_blank\" rel=\"noopener nofollow\"><span style=\"font-weight: 400;\">L\u2019<\/span><b>abolition de l\u2019esclavage en Guadeloupe<\/b><\/a><span style=\"font-weight: 400;\">, proclam\u00e9e le <\/span><b>27 mai 1848<\/b><span style=\"font-weight: 400;\">, r\u00e9sonne chaque ann\u00e9e comme un rappel br\u00fblant d\u2019une libert\u00e9 conquise au prix du sang et de la r\u00e9sistance. Cette date majeure marque un basculement dans l\u2019histoire antillaise : celle de la fin d\u2019un syst\u00e8me fond\u00e9 sur la traite, la d\u00e9shumanisation et l\u2019oppression de pr\u00e8s de <\/span><b>87 000 femmes, hommes et enfants<\/b><span style=\"font-weight: 400;\">.<\/span><\/p>\t\t\t\t\t\t\t\t<\/div>\n\t\t\t\t<\/div>\n\t\t\t\t<div class=\"elementor-element elementor-element-ce05530 elementor-widget elementor-widget-text-editor\" data-id=\"ce05530\" data-element_type=\"widget\" data-widget_type=\"text-editor.default\">\n\t\t\t\t<div class=\"elementor-widget-container\">\n\t\t\t\t\t\t\t\t\t<p><span style=\"font-weight: 400;\">Ce moment n\u2019est pas un simple jalon administratif ; il incarne l\u2019aboutissement de si\u00e8cles de luttes men\u00e9es par les asservis, les marrons, les insurg\u00e9s, et toutes celles et ceux qui refus\u00e8rent de vivre \u00e0 genoux. Comprendre l\u2019<\/span><b>abolition de l\u2019esclavage en <a href=\"https:\/\/richeskarayib.com\/fr\/enfin-libre-desirada-hommage-a-maryse-conde\/\" target=\"_blank\" rel=\"noopener\">Guadeloupe<\/a><\/b><span style=\"font-weight: 400;\">, c\u2019est aussi reconna\u00eetre que cette libert\u00e9 n\u2019a jamais \u00e9t\u00e9 octroy\u00e9e, mais arrach\u00e9e.<\/span><\/p>\t\t\t\t\t\t\t\t<\/div>\n\t\t\t\t<\/div>\n\t\t\t\t\t<\/div>\n\t\t<\/div>\n\t\t\t\t\t<\/div>\n\t\t<\/section>\n\t\t\t\t<section class=\"elementor-section elementor-top-section elementor-element elementor-element-16ba7e0 elementor-section-boxed elementor-section-height-default elementor-section-height-default\" data-id=\"16ba7e0\" data-element_type=\"section\">\n\t\t\t\t\t\t<div class=\"elementor-container elementor-column-gap-default\">\n\t\t\t\t\t<div class=\"elementor-column elementor-col-100 elementor-top-column elementor-element elementor-element-f6fb52b\" data-id=\"f6fb52b\" data-element_type=\"column\">\n\t\t\t<div class=\"elementor-widget-wrap elementor-element-populated\">\n\t\t\t\t\t\t<div class=\"elementor-element elementor-element-0ce05bd elementor-widget elementor-widget-heading\" data-id=\"0ce05bd\" data-element_type=\"widget\" data-widget_type=\"heading.default\">\n\t\t\t\t<div class=\"elementor-widget-container\">\n\t\t\t\t\t<h2 class=\"elementor-heading-title elementor-size-default\">Deux si\u00e8cles de servitude : les fondements d\u2019un syst\u00e8me colonial<\/h2>\t\t\t\t<\/div>\n\t\t\t\t<\/div>\n\t\t\t\t<div class=\"elementor-element elementor-element-f5427b4 elementor-widget elementor-widget-text-editor\" data-id=\"f5427b4\" data-element_type=\"widget\" data-widget_type=\"text-editor.default\">\n\t\t\t\t<div class=\"elementor-widget-container\">\n\t\t\t\t\t\t\t\t\t<h3><b>La plantation, pilier \u00e9conomique de la colonie<\/b><\/h3>\n<p><span style=\"font-weight: 400;\">D\u00e8s sa colonisation par la France en <\/span><b>1635<\/b><span style=\"font-weight: 400;\">, la Guadeloupe devient une colonie de plantation enti\u00e8rement d\u00e9pendante de la <\/span><b>traite atlantique<\/b><span style=\"font-weight: 400;\">. La production de <\/span><b>canne \u00e0 sucre<\/b><span style=\"font-weight: 400;\">, qui explose au XVIIe si\u00e8cle, transforme l\u2019archipel en centre n\u00e9vralgique du commerce colonial, fond\u00e9 sur l\u2019exploitation d\u2019une <\/span><b>main-d\u2019\u0153uvre esclave africaine<\/b><span style=\"font-weight: 400;\">.<\/span><\/p>\t\t\t\t\t\t\t\t<\/div>\n\t\t\t\t<\/div>\n\t\t\t\t<div class=\"elementor-element elementor-element-b3d00e6 elementor-widget elementor-widget-text-editor\" data-id=\"b3d00e6\" data-element_type=\"widget\" data-widget_type=\"text-editor.default\">\n\t\t\t\t<div class=\"elementor-widget-container\">\n\t\t\t\t\t\t\t\t\t<p><span style=\"font-weight: 400;\">Dans les cales des navires n\u00e9griers, des milliers d\u2019hommes et de femmes sont arrach\u00e9s \u00e0 leurs terres, encha\u00een\u00e9s, entass\u00e9s. Beaucoup pr\u00e9f\u00e8rent se jeter \u00e0 la mer plut\u00f4t que de subir leur sort. \u00c0 terre, les plantations deviennent des lieux de terreur : <\/span><b>travail forc\u00e9, violences sexuelles, mutilations, privations<\/b><span style=\"font-weight: 400;\">. L\u2019historienne <\/span><b>Marie-H\u00e9l\u00e8ne L\u00e9otin<\/b><span style=\"font-weight: 400;\"> rappelle que les esclaves vivaient dans une violence quotidienne o\u00f9 &#8220;la mort semblait parfois une d\u00e9livrance&#8221;.<\/span><\/p>\t\t\t\t\t\t\t\t<\/div>\n\t\t\t\t<\/div>\n\t\t\t\t<section class=\"elementor-section elementor-inner-section elementor-element elementor-element-d1c2547 elementor-section-boxed elementor-section-height-default elementor-section-height-default\" data-id=\"d1c2547\" data-element_type=\"section\">\n\t\t\t\t\t\t<div class=\"elementor-container elementor-column-gap-default\">\n\t\t\t\t\t<div class=\"elementor-column elementor-col-100 elementor-inner-column elementor-element elementor-element-d73da2e\" data-id=\"d73da2e\" data-element_type=\"column\">\n\t\t\t<div class=\"elementor-widget-wrap elementor-element-populated\">\n\t\t\t\t\t\t<div class=\"elementor-element elementor-element-633994e elementor-widget elementor-widget-image\" data-id=\"633994e\" data-element_type=\"widget\" data-widget_type=\"image.default\">\n\t\t\t\t<div class=\"elementor-widget-container\">\n\t\t\t\t\t\t\t\t\t\t\t\t\t\t\t<img fetchpriority=\"high\" decoding=\"async\" width=\"800\" height=\"534\" src=\"https:\/\/richeskarayib.com\/wp-content\/uploads\/2025\/05\/b32e7495-208b-4d39-a1b5-da903e843d1a-1024x683.png\" class=\"attachment-large size-large wp-image-52756\" alt=\"esclavage en Guadeloupe\" srcset=\"https:\/\/richeskarayib.com\/wp-content\/uploads\/2025\/05\/b32e7495-208b-4d39-a1b5-da903e843d1a-1024x683.png 1024w, https:\/\/richeskarayib.com\/wp-content\/uploads\/2025\/05\/b32e7495-208b-4d39-a1b5-da903e843d1a-300x200.png 300w, https:\/\/richeskarayib.com\/wp-content\/uploads\/2025\/05\/b32e7495-208b-4d39-a1b5-da903e843d1a-768x512.png 768w, https:\/\/richeskarayib.com\/wp-content\/uploads\/2025\/05\/b32e7495-208b-4d39-a1b5-da903e843d1a-1320x880.png 1320w, https:\/\/richeskarayib.com\/wp-content\/uploads\/2025\/05\/b32e7495-208b-4d39-a1b5-da903e843d1a.png 1536w\" sizes=\"(max-width: 800px) 100vw, 800px\" \/>\t\t\t\t\t\t\t\t\t\t\t\t\t\t\t<\/div>\n\t\t\t\t<\/div>\n\t\t\t\t\t<\/div>\n\t\t<\/div>\n\t\t\t\t\t<\/div>\n\t\t<\/section>\n\t\t\t\t\t<\/div>\n\t\t<\/div>\n\t\t\t\t\t<\/div>\n\t\t<\/section>\n\t\t\t\t<section class=\"elementor-section elementor-top-section elementor-element elementor-element-7c727fe elementor-section-boxed elementor-section-height-default elementor-section-height-default\" data-id=\"7c727fe\" data-element_type=\"section\">\n\t\t\t\t\t\t<div class=\"elementor-container elementor-column-gap-default\">\n\t\t\t\t\t<div class=\"elementor-column elementor-col-100 elementor-top-column elementor-element elementor-element-2675508\" data-id=\"2675508\" data-element_type=\"column\">\n\t\t\t<div class=\"elementor-widget-wrap elementor-element-populated\">\n\t\t\t\t\t\t<div class=\"elementor-element elementor-element-86f7f71 elementor-widget elementor-widget-heading\" data-id=\"86f7f71\" data-element_type=\"widget\" data-widget_type=\"heading.default\">\n\t\t\t\t<div class=\"elementor-widget-container\">\n\t\t\t\t\t<h2 class=\"elementor-heading-title elementor-size-default\">R\u00e9sistances h\u00e9ro\u00efques : Delgr\u00e8s, Ignace, Solitude<\/h2>\t\t\t\t<\/div>\n\t\t\t\t<\/div>\n\t\t\t\t<div class=\"elementor-element elementor-element-1931a91 elementor-widget elementor-widget-text-editor\" data-id=\"1931a91\" data-element_type=\"widget\" data-widget_type=\"text-editor.default\">\n\t\t\t\t<div class=\"elementor-widget-container\">\n\t\t\t\t\t\t\t\t\t<h3><b>Louis Delgr\u00e8s et l\u2019ultimatum de 1802<\/b><\/h3>\n<p><span style=\"font-weight: 400;\">Face \u00e0 la tentative de r\u00e9tablissement de l\u2019esclavage par <\/span><b>Napol\u00e9on Bonaparte<\/b><span style=\"font-weight: 400;\"> en 1802, <\/span><b>Louis Delgr\u00e8s<\/b><span style=\"font-weight: 400;\">, officier libre de couleur, organise la r\u00e9sistance. Le 10 mai, il r\u00e9dige son appel devenu l\u00e9gendaire : <\/span><i><span style=\"font-weight: 400;\">&#8220;Vivre libre ou mourir&#8221;<\/span><\/i><span style=\"font-weight: 400;\">.<\/span><\/p>\n<p><span style=\"font-weight: 400;\">Le 28 mai 1802, encercl\u00e9 avec ses compagnons au <\/span><b>Matouba<\/b><span style=\"font-weight: 400;\">, Delgr\u00e8s refuse la capitulation et fait sauter la poudri\u00e8re. Son sacrifice devient l\u2019un des actes les plus embl\u00e9matiques de la lutte pour la libert\u00e9, inscrit dans la m\u00e9moire collective guadeloup\u00e9enne.<\/span><\/p>\t\t\t\t\t\t\t\t<\/div>\n\t\t\t\t<\/div>\n\t\t\t\t<section class=\"elementor-section elementor-inner-section elementor-element elementor-element-014668e elementor-section-boxed elementor-section-height-default elementor-section-height-default\" data-id=\"014668e\" data-element_type=\"section\">\n\t\t\t\t\t\t<div class=\"elementor-container elementor-column-gap-default\">\n\t\t\t\t\t<div class=\"elementor-column elementor-col-100 elementor-inner-column elementor-element elementor-element-d512ebd\" data-id=\"d512ebd\" data-element_type=\"column\">\n\t\t\t<div class=\"elementor-widget-wrap elementor-element-populated\">\n\t\t\t\t\t\t<div class=\"elementor-element elementor-element-4d7bcf3 elementor-widget elementor-widget-image\" data-id=\"4d7bcf3\" data-element_type=\"widget\" data-widget_type=\"image.default\">\n\t\t\t\t<div class=\"elementor-widget-container\">\n\t\t\t\t\t\t\t\t\t\t\t\t\t\t\t<img decoding=\"async\" width=\"800\" height=\"531\" src=\"https:\/\/richeskarayib.com\/wp-content\/uploads\/2025\/05\/LOUIS-DELGRES-1024x680.jpg\" class=\"attachment-large size-large wp-image-52760\" alt=\"esclavage en Guadeloupe\" srcset=\"https:\/\/richeskarayib.com\/wp-content\/uploads\/2025\/05\/LOUIS-DELGRES-1024x680.jpg 1024w, https:\/\/richeskarayib.com\/wp-content\/uploads\/2025\/05\/LOUIS-DELGRES-300x199.jpg 300w, https:\/\/richeskarayib.com\/wp-content\/uploads\/2025\/05\/LOUIS-DELGRES-768x510.jpg 768w, https:\/\/richeskarayib.com\/wp-content\/uploads\/2025\/05\/LOUIS-DELGRES-1320x877.jpg 1320w, https:\/\/richeskarayib.com\/wp-content\/uploads\/2025\/05\/LOUIS-DELGRES.jpg 1536w\" sizes=\"(max-width: 800px) 100vw, 800px\" \/>\t\t\t\t\t\t\t\t\t\t\t\t\t\t\t<\/div>\n\t\t\t\t<\/div>\n\t\t\t\t\t<\/div>\n\t\t<\/div>\n\t\t\t\t\t<\/div>\n\t\t<\/section>\n\t\t\t\t<div class=\"elementor-element elementor-element-a44df7c elementor-widget elementor-widget-text-editor\" data-id=\"a44df7c\" data-element_type=\"widget\" data-widget_type=\"text-editor.default\">\n\t\t\t\t<div class=\"elementor-widget-container\">\n\t\t\t\t\t\t\t\t\t<h3><b>Joseph Ignace et l\u2019affrontement de Baimbridge<\/b><\/h3>\n<p><span style=\"font-weight: 400;\">Quelques jours plus t\u00f4t, <\/span><b>Joseph Ignace<\/b><span style=\"font-weight: 400;\">, autre officier insurg\u00e9, tombe les armes \u00e0 la main \u00e0 <\/span><b>Baimbridge<\/b><span style=\"font-weight: 400;\">, dans une tentative d\u00e9sesp\u00e9r\u00e9e de repousser les troupes fran\u00e7aises venues r\u00e9tablir l\u2019esclavage. Sa bravoure marque durablement les esprits.<\/span><\/p>\t\t\t\t\t\t\t\t<\/div>\n\t\t\t\t<\/div>\n\t\t\t\t<div class=\"elementor-element elementor-element-a8d26ca elementor-widget elementor-widget-image\" data-id=\"a8d26ca\" data-element_type=\"widget\" data-widget_type=\"image.default\">\n\t\t\t\t<div class=\"elementor-widget-container\">\n\t\t\t\t\t\t\t\t\t\t\t\t\t\t\t<img decoding=\"async\" width=\"696\" height=\"695\" src=\"https:\/\/richeskarayib.com\/wp-content\/uploads\/2025\/05\/Joseph-Ignace.webp\" class=\"attachment-large size-large wp-image-52764\" alt=\"esclavage en Guadeloupe\" srcset=\"https:\/\/richeskarayib.com\/wp-content\/uploads\/2025\/05\/Joseph-Ignace.webp 696w, https:\/\/richeskarayib.com\/wp-content\/uploads\/2025\/05\/Joseph-Ignace-300x300.webp 300w, https:\/\/richeskarayib.com\/wp-content\/uploads\/2025\/05\/Joseph-Ignace-150x150.webp 150w\" sizes=\"(max-width: 696px) 100vw, 696px\" \/>\t\t\t\t\t\t\t\t\t\t\t\t\t\t\t<\/div>\n\t\t\t\t<\/div>\n\t\t\t\t<div class=\"elementor-element elementor-element-48dfdbb elementor-widget elementor-widget-text-editor\" data-id=\"48dfdbb\" data-element_type=\"widget\" data-widget_type=\"text-editor.default\">\n\t\t\t\t<div class=\"elementor-widget-container\">\n\t\t\t\t\t\t\t\t\t<h3><b>Solitude : symbole de l\u2019insoumission<\/b><\/h3>\n<p><span style=\"font-weight: 400;\">Parmi ces visages de la r\u00e9sistance, <\/span><b>Solitude<\/b><span style=\"font-weight: 400;\">, combattante d\u2019origine africaine, figure \u00e9galement dans cette \u00e9pop\u00e9e tragique. Captur\u00e9e alors enceinte, elle est ex\u00e9cut\u00e9e en novembre 1802, le lendemain de son accouchement. Son destin incarne la lutte des femmes esclavis\u00e9es, souvent invisibilis\u00e9es, mais tout aussi d\u00e9terminantes.<\/span><\/p>\t\t\t\t\t\t\t\t<\/div>\n\t\t\t\t<\/div>\n\t\t\t\t\t<\/div>\n\t\t<\/div>\n\t\t\t\t\t<\/div>\n\t\t<\/section>\n\t\t\t\t<section class=\"elementor-section elementor-top-section elementor-element elementor-element-1a0b771 elementor-section-boxed elementor-section-height-default elementor-section-height-default\" data-id=\"1a0b771\" data-element_type=\"section\">\n\t\t\t\t\t\t<div class=\"elementor-container elementor-column-gap-default\">\n\t\t\t\t\t<div class=\"elementor-column elementor-col-100 elementor-top-column elementor-element elementor-element-345f4b7\" data-id=\"345f4b7\" data-element_type=\"column\">\n\t\t\t<div class=\"elementor-widget-wrap elementor-element-populated\">\n\t\t\t\t\t\t<div class=\"elementor-element elementor-element-d6a712a elementor-widget elementor-widget-heading\" data-id=\"d6a712a\" data-element_type=\"widget\" data-widget_type=\"heading.default\">\n\t\t\t\t<div class=\"elementor-widget-container\">\n\t\t\t\t\t<h2 class=\"elementor-heading-title elementor-size-default\">27 mai 1848 : un basculement historique sous tension<\/h2>\t\t\t\t<\/div>\n\t\t\t\t<\/div>\n\t\t\t\t<div class=\"elementor-element elementor-element-f9582c3 elementor-widget elementor-widget-text-editor\" data-id=\"f9582c3\" data-element_type=\"widget\" data-widget_type=\"text-editor.default\">\n\t\t\t\t<div class=\"elementor-widget-container\">\n\t\t\t\t\t\t\t\t\t<p><span style=\"font-weight: 400;\">Le <\/span><b>d\u00e9cret d\u2019abolition<\/b><span style=\"font-weight: 400;\"> est sign\u00e9 \u00e0 Paris le <\/span><b>27 avril 1848<\/b><span style=\"font-weight: 400;\"> par le gouvernement provisoire de la Deuxi\u00e8me R\u00e9publique, sous l\u2019impulsion de <\/span><b>Victor Sch\u0153lcher<\/b><span style=\"font-weight: 400;\"> et de la commission d\u2019\u00e9mancipation. Ce texte pr\u00e9voit l\u2019abolition imm\u00e9diate dans toutes les colonies fran\u00e7aises, mais son application prend du temps.<\/span><\/p>\t\t\t\t\t\t\t\t<\/div>\n\t\t\t\t<\/div>\n\t\t\t\t<div class=\"elementor-element elementor-element-551c3ec elementor-widget elementor-widget-text-editor\" data-id=\"551c3ec\" data-element_type=\"widget\" data-widget_type=\"text-editor.default\">\n\t\t\t\t<div class=\"elementor-widget-container\">\n\t\t\t\t\t\t\t\t\t<p><span style=\"font-weight: 400;\">En <\/span><a href=\"https:\/\/richeskarayib.com\/fr\/22-mai-1848-martinique-177-ans-memoire\/\" target=\"_blank\" rel=\"noopener\"><b>Martinique<\/b><\/a><span style=\"font-weight: 400;\">, une insurrection \u00e9clate le <\/span><b>22 mai<\/b><span style=\"font-weight: 400;\">, entra\u00eenant l\u2019abolition anticip\u00e9e. Craignant la contagion en Guadeloupe, le gouverneur <\/span><b>Jean-Fran\u00e7ois Layrle<\/b><span style=\"font-weight: 400;\"> proclame l\u2019<\/span><a href=\"https:\/\/memoire-esclavage.org\/commemoration-de-labolition-de-lesclavage-en-guadeloupe\" target=\"_blank\" rel=\"noopener nofollow\"><b>abolition de l\u2019esclavage en Guadeloupe<\/b><\/a><span style=\"font-weight: 400;\"> le <\/span><b>27 mai 1848<\/b><span style=\"font-weight: 400;\">, sans attendre l\u2019arriv\u00e9e officielle du d\u00e9cret. Sa d\u00e9cision, dict\u00e9e par les circonstances plus que par une volont\u00e9 humaniste, \u00e9teint une poudri\u00e8re sociale pr\u00eate \u00e0 s\u2019embraser.<\/span><\/p>\n<p><span style=\"font-weight: 400;\">Ce jour-l\u00e0, <\/span><b>environ 87 000 personnes<\/b><span style=\"font-weight: 400;\"> retrouvent leur libert\u00e9. L\u2019<\/span><b>abolition de l\u2019esclavage en Guadeloupe<\/b><span style=\"font-weight: 400;\"> devient alors r\u00e9alit\u00e9, fruit \u00e0 la fois de la pression populaire, du contexte g\u00e9opolitique et des r\u00e9sistances s\u00e9culaires.<\/span><\/p>\t\t\t\t\t\t\t\t<\/div>\n\t\t\t\t<\/div>\n\t\t\t\t<section class=\"elementor-section elementor-inner-section elementor-element elementor-element-afc88dd elementor-section-boxed elementor-section-height-default elementor-section-height-default\" data-id=\"afc88dd\" data-element_type=\"section\">\n\t\t\t\t\t\t<div class=\"elementor-container elementor-column-gap-default\">\n\t\t\t\t\t<div class=\"elementor-column elementor-col-50 elementor-inner-column elementor-element elementor-element-66fcd85\" data-id=\"66fcd85\" data-element_type=\"column\">\n\t\t\t<div class=\"elementor-widget-wrap elementor-element-populated\">\n\t\t\t\t\t\t<div class=\"elementor-element elementor-element-85d7b71 elementor-widget elementor-widget-image\" data-id=\"85d7b71\" data-element_type=\"widget\" data-widget_type=\"image.default\">\n\t\t\t\t<div class=\"elementor-widget-container\">\n\t\t\t\t\t\t\t\t\t\t\t\t\t\t\t<img loading=\"lazy\" decoding=\"async\" width=\"730\" height=\"571\" src=\"https:\/\/richeskarayib.com\/wp-content\/uploads\/2025\/05\/2025-05-27_21h51_54.png\" class=\"attachment-large size-large wp-image-52768\" alt=\"esclavage en Guadeloupe\" srcset=\"https:\/\/richeskarayib.com\/wp-content\/uploads\/2025\/05\/2025-05-27_21h51_54.png 730w, https:\/\/richeskarayib.com\/wp-content\/uploads\/2025\/05\/2025-05-27_21h51_54-300x235.png 300w\" sizes=\"(max-width: 730px) 100vw, 730px\" \/>\t\t\t\t\t\t\t\t\t\t\t\t\t\t\t<\/div>\n\t\t\t\t<\/div>\n\t\t\t\t\t<\/div>\n\t\t<\/div>\n\t\t\t\t<div class=\"elementor-column elementor-col-50 elementor-inner-column elementor-element elementor-element-d1ce585\" data-id=\"d1ce585\" data-element_type=\"column\">\n\t\t\t<div class=\"elementor-widget-wrap elementor-element-populated\">\n\t\t\t\t\t\t<div class=\"elementor-element elementor-element-5e51331 elementor-widget elementor-widget-image\" data-id=\"5e51331\" data-element_type=\"widget\" data-widget_type=\"image.default\">\n\t\t\t\t<div class=\"elementor-widget-container\">\n\t\t\t\t\t\t\t\t\t\t\t\t\t\t\t<img loading=\"lazy\" decoding=\"async\" width=\"528\" height=\"668\" src=\"https:\/\/richeskarayib.com\/wp-content\/uploads\/2025\/05\/2025-05-27_21h52_47.png\" class=\"attachment-large size-large wp-image-52772\" alt=\"esclavage en Guadeloupe\" srcset=\"https:\/\/richeskarayib.com\/wp-content\/uploads\/2025\/05\/2025-05-27_21h52_47.png 528w, https:\/\/richeskarayib.com\/wp-content\/uploads\/2025\/05\/2025-05-27_21h52_47-237x300.png 237w\" sizes=\"(max-width: 528px) 100vw, 528px\" \/>\t\t\t\t\t\t\t\t\t\t\t\t\t\t\t<\/div>\n\t\t\t\t<\/div>\n\t\t\t\t\t<\/div>\n\t\t<\/div>\n\t\t\t\t\t<\/div>\n\t\t<\/section>\n\t\t\t\t\t<\/div>\n\t\t<\/div>\n\t\t\t\t\t<\/div>\n\t\t<\/section>\n\t\t\t\t<section class=\"elementor-section elementor-top-section elementor-element elementor-element-75226b9 elementor-section-boxed elementor-section-height-default elementor-section-height-default\" data-id=\"75226b9\" data-element_type=\"section\">\n\t\t\t\t\t\t<div class=\"elementor-container elementor-column-gap-default\">\n\t\t\t\t\t<div class=\"elementor-column elementor-col-100 elementor-top-column elementor-element elementor-element-992e41e\" data-id=\"992e41e\" data-element_type=\"column\">\n\t\t\t<div class=\"elementor-widget-wrap elementor-element-populated\">\n\t\t\t\t\t\t<div class=\"elementor-element elementor-element-b7fae28 elementor-widget elementor-widget-heading\" data-id=\"b7fae28\" data-element_type=\"widget\" data-widget_type=\"heading.default\">\n\t\t\t\t<div class=\"elementor-widget-container\">\n\t\t\t\t\t<h2 class=\"elementor-heading-title elementor-size-default\">Une m\u00e9moire toujours vive : c\u00e9r\u00e9monies et enjeux actuels<\/h2>\t\t\t\t<\/div>\n\t\t\t\t<\/div>\n\t\t\t\t<div class=\"elementor-element elementor-element-0431e8e elementor-widget elementor-widget-text-editor\" data-id=\"0431e8e\" data-element_type=\"widget\" data-widget_type=\"text-editor.default\">\n\t\t\t\t<div class=\"elementor-widget-container\">\n\t\t\t\t\t\t\t\t\t<h3><b>Le calendrier m\u00e9moriel guadeloup\u00e9en<\/b><\/h3>\n<p><span style=\"font-weight: 400;\">Depuis <\/span><b>1983<\/b><span style=\"font-weight: 400;\">, le <\/span><b>27 mai est jour f\u00e9ri\u00e9<\/b><span style=\"font-weight: 400;\"> en Guadeloupe. \u00c0 <\/span><b>Basse-Terre<\/b><span style=\"font-weight: 400;\">, une c\u00e9r\u00e9monie officielle se tient au <\/span><b>Fort Delgr\u00e8s<\/b><span style=\"font-weight: 400;\">, lieu symbolique, avec des prises de parole, concerts, lectures et prestations artistiques.<\/span><\/p>\n<p><span style=\"font-weight: 400;\">\u00c0 <\/span><b>Pointe-\u00e0-Pitre<\/b><span style=\"font-weight: 400;\">, une messe est c\u00e9l\u00e9br\u00e9e en l\u2019\u00e9glise Saint-Pierre-et-Saint-Paul, souvent pr\u00e9sid\u00e9e par <\/span><b>l\u2019\u00e9v\u00eaque Philippe Guiougou<\/b><span style=\"font-weight: 400;\">, en m\u00e9moire des victimes de l\u2019esclavage. Ce moment solennel prolonge la m\u00e9moire de l\u2019<\/span><a href=\"https:\/\/outremermemory.com\/27-mai-1848\/\" target=\"_blank\" rel=\"noopener nofollow\"><b>abolition de l\u2019esclavage en Guadeloupe<\/b><\/a><span style=\"font-weight: 400;\"> dans un cadre spirituel.<\/span><\/p>\t\t\t\t\t\t\t\t<\/div>\n\t\t\t\t<\/div>\n\t\t\t\t<div class=\"elementor-element elementor-element-25958f9 elementor-widget elementor-widget-text-editor\" data-id=\"25958f9\" data-element_type=\"widget\" data-widget_type=\"text-editor.default\">\n\t\t\t\t<div class=\"elementor-widget-container\">\n\t\t\t\t\t\t\t\t\t<h3><b>Le M\u00e9morial ACTe : transmission et r\u00e9flexion<\/b><\/h3>\n<p><span style=\"font-weight: 400;\">\u00c0 quelques pas du port n\u00e9grier historique de Pointe-\u00e0-Pitre, le <\/span><b>M\u00e9morial ACTe<\/b><span style=\"font-weight: 400;\"> s\u2019impose comme le c\u0153ur battant de cette m\u00e9moire. Son architecture noire et racinaire symbolise la souffrance mais aussi la r\u00e9silience. Le <\/span><b>10 mai 2025<\/b><span style=\"font-weight: 400;\">, dans le cadre de la <\/span><b>Journ\u00e9e nationale des m\u00e9moires de la traite<\/b><span style=\"font-weight: 400;\">, une c\u00e9r\u00e9monie s\u2019y est tenue, t\u00e9moignant de l\u2019imbrication entre m\u00e9moire locale et histoire globale. L\u2019<\/span><b>abolition de l\u2019esclavage en Guadeloupe<\/b><span style=\"font-weight: 400;\"> y occupe une place centrale dans les expositions permanentes et les parcours sensoriels.<\/span><\/p>\t\t\t\t\t\t\t\t<\/div>\n\t\t\t\t<\/div>\n\t\t\t\t<div class=\"elementor-element elementor-element-bb82175 elementor-widget elementor-widget-text-editor\" data-id=\"bb82175\" data-element_type=\"widget\" data-widget_type=\"text-editor.default\">\n\t\t\t\t<div class=\"elementor-widget-container\">\n\t\t\t\t\t\t\t\t\t<h3><b>Le LKP et la lutte contre les h\u00e9ritages coloniaux<\/b><\/h3>\n<p><span style=\"font-weight: 400;\">Le collectif <\/span><b>Liyannaj Kont Pwofitasyon (LKP)<\/b><span style=\"font-weight: 400;\"> organise chaque ann\u00e9e son <\/span><b>\u201cmach\u00e9 pou sonj\u00e9 \/ mach\u00e9 pou lit\u00e9\u201d<\/b><span style=\"font-weight: 400;\">. Cette marche, \u00e0 la fois comm\u00e9morative et revendicative, rappelle que les effets de l\u2019esclavage ne sont pas cantonn\u00e9s au pass\u00e9 : <\/span><b>in\u00e9galit\u00e9s \u00e9conomiques, acc\u00e8s \u00e0 la terre, discriminations<\/b><span style=\"font-weight: 400;\"> restent des combats actuels li\u00e9s aux h\u00e9ritages de l\u2019<\/span><b>abolition de l\u2019esclavage en Guadeloupe<\/b><span style=\"font-weight: 400;\">.<\/span><\/p>\t\t\t\t\t\t\t\t<\/div>\n\t\t\t\t<\/div>\n\t\t\t\t<section class=\"elementor-section elementor-inner-section elementor-element elementor-element-9dc114d elementor-section-boxed elementor-section-height-default elementor-section-height-default\" data-id=\"9dc114d\" data-element_type=\"section\">\n\t\t\t\t\t\t<div class=\"elementor-container elementor-column-gap-default\">\n\t\t\t\t\t<div class=\"elementor-column elementor-col-50 elementor-inner-column elementor-element elementor-element-3f2bc41\" data-id=\"3f2bc41\" data-element_type=\"column\">\n\t\t\t<div class=\"elementor-widget-wrap elementor-element-populated\">\n\t\t\t\t\t\t<div class=\"elementor-element elementor-element-d9d5e00 elementor-widget elementor-widget-image\" data-id=\"d9d5e00\" data-element_type=\"widget\" data-widget_type=\"image.default\">\n\t\t\t\t<div class=\"elementor-widget-container\">\n\t\t\t\t\t\t\t\t\t\t\t\t\t\t\t<img loading=\"lazy\" decoding=\"async\" width=\"800\" height=\"450\" src=\"https:\/\/richeskarayib.com\/wp-content\/uploads\/2025\/05\/20180314-101605-largejpg.jpg\" class=\"attachment-large size-large wp-image-52776\" alt=\"esclavage en Guadeloupe\" srcset=\"https:\/\/richeskarayib.com\/wp-content\/uploads\/2025\/05\/20180314-101605-largejpg.jpg 1000w, https:\/\/richeskarayib.com\/wp-content\/uploads\/2025\/05\/20180314-101605-largejpg-300x169.jpg 300w, https:\/\/richeskarayib.com\/wp-content\/uploads\/2025\/05\/20180314-101605-largejpg-768x432.jpg 768w\" sizes=\"(max-width: 800px) 100vw, 800px\" \/>\t\t\t\t\t\t\t\t\t\t\t\t\t\t\t<\/div>\n\t\t\t\t<\/div>\n\t\t\t\t\t<\/div>\n\t\t<\/div>\n\t\t\t\t<div class=\"elementor-column elementor-col-50 elementor-inner-column elementor-element elementor-element-30e2a95\" data-id=\"30e2a95\" data-element_type=\"column\">\n\t\t\t<div class=\"elementor-widget-wrap elementor-element-populated\">\n\t\t\t\t\t\t<div class=\"elementor-element elementor-element-2cd88df elementor-widget elementor-widget-image\" data-id=\"2cd88df\" data-element_type=\"widget\" data-widget_type=\"image.default\">\n\t\t\t\t<div class=\"elementor-widget-container\">\n\t\t\t\t\t\t\t\t\t\t\t\t\t\t\t<img loading=\"lazy\" decoding=\"async\" width=\"800\" height=\"600\" src=\"https:\/\/richeskarayib.com\/wp-content\/uploads\/2025\/05\/n-hesitez-pas-a-emprunter.jpg\" class=\"attachment-large size-large wp-image-52780\" alt=\"esclavage en Guadeloupe\" srcset=\"https:\/\/richeskarayib.com\/wp-content\/uploads\/2025\/05\/n-hesitez-pas-a-emprunter.jpg 1000w, https:\/\/richeskarayib.com\/wp-content\/uploads\/2025\/05\/n-hesitez-pas-a-emprunter-300x225.jpg 300w, https:\/\/richeskarayib.com\/wp-content\/uploads\/2025\/05\/n-hesitez-pas-a-emprunter-768x576.jpg 768w\" sizes=\"(max-width: 800px) 100vw, 800px\" \/>\t\t\t\t\t\t\t\t\t\t\t\t\t\t\t<\/div>\n\t\t\t\t<\/div>\n\t\t\t\t\t<\/div>\n\t\t<\/div>\n\t\t\t\t\t<\/div>\n\t\t<\/section>\n\t\t\t\t\t<\/div>\n\t\t<\/div>\n\t\t\t\t\t<\/div>\n\t\t<\/section>\n\t\t\t\t<section class=\"elementor-section elementor-top-section elementor-element elementor-element-68af3bb elementor-section-boxed elementor-section-height-default elementor-section-height-default\" data-id=\"68af3bb\" data-element_type=\"section\">\n\t\t\t\t\t\t<div class=\"elementor-container elementor-column-gap-default\">\n\t\t\t\t\t<div class=\"elementor-column elementor-col-100 elementor-top-column elementor-element elementor-element-5dd556b\" data-id=\"5dd556b\" data-element_type=\"column\">\n\t\t\t<div class=\"elementor-widget-wrap elementor-element-populated\">\n\t\t\t\t\t\t<div class=\"elementor-element elementor-element-b557600 elementor-widget elementor-widget-heading\" data-id=\"b557600\" data-element_type=\"widget\" data-widget_type=\"heading.default\">\n\t\t\t\t<div class=\"elementor-widget-container\">\n\t\t\t\t\t<h2 class=\"elementor-heading-title elementor-size-default\">M\u00e9moire critique : au-del\u00e0 du mythe Sch\u0153lcher<\/h2>\t\t\t\t<\/div>\n\t\t\t\t<\/div>\n\t\t\t\t<div class=\"elementor-element elementor-element-a4b55e0 elementor-widget elementor-widget-text-editor\" data-id=\"a4b55e0\" data-element_type=\"widget\" data-widget_type=\"text-editor.default\">\n\t\t\t\t<div class=\"elementor-widget-container\">\n\t\t\t\t\t\t\t\t\t<p><span style=\"font-weight: 400;\">Longtemps, l\u2019abolition fut racont\u00e9e \u00e0 travers le seul prisme de <\/span><b>Sch\u0153lcher<\/b><span style=\"font-weight: 400;\">, souvent glorifi\u00e9. Mais les historiens et historiennes contemporains insistent sur la n\u00e9cessit\u00e9 de r\u00e9\u00e9quilibrer la m\u00e9moire. Comme le sugg\u00e9rait <\/span><b>Aim\u00e9 C\u00e9saire<\/b><span style=\"font-weight: 400;\">, \u00e9voquer Sch\u0153lcher n\u2019a de sens que si l\u2019on reconna\u00eet aussi le r\u00f4le d\u00e9terminant des esclaves eux-m\u00eames : sans leur r\u00e9sistance, aucun d\u00e9cret n\u2019aurait eu de port\u00e9e. Cette approche critique nourrit une meilleure compr\u00e9hension de l\u2019<\/span><b>abolition de l\u2019esclavage en Guadeloupe<\/b><span style=\"font-weight: 400;\">.<\/span><\/p>\t\t\t\t\t\t\t\t<\/div>\n\t\t\t\t<\/div>\n\t\t\t\t<div class=\"elementor-element elementor-element-43080b8 elementor-widget elementor-widget-text-editor\" data-id=\"43080b8\" data-element_type=\"widget\" data-widget_type=\"text-editor.default\">\n\t\t\t\t<div class=\"elementor-widget-container\">\n\t\t\t\t\t\t\t\t\t<p><span style=\"font-weight: 400;\">La pol\u00e9mique r\u00e9cente autour des <\/span><b>statues de Sch\u0153lcher<\/b><span style=\"font-weight: 400;\"> vandalis\u00e9es rappelle que cette m\u00e9moire reste <\/span><b>vivante, contest\u00e9e, discut\u00e9e<\/b><span style=\"font-weight: 400;\"> \u2014 et c\u2019est l\u00e0 toute sa force. Elle interroge le pr\u00e9sent, autant qu\u2019elle \u00e9claire le pass\u00e9.<\/span><\/p>\t\t\t\t\t\t\t\t<\/div>\n\t\t\t\t<\/div>\n\t\t\t\t\t<\/div>\n\t\t<\/div>\n\t\t\t\t\t<\/div>\n\t\t<\/section>\n\t\t\t\t<section class=\"elementor-section elementor-top-section elementor-element elementor-element-1f96475 elementor-section-boxed elementor-section-height-default elementor-section-height-default\" data-id=\"1f96475\" data-element_type=\"section\">\n\t\t\t\t\t\t<div class=\"elementor-container elementor-column-gap-default\">\n\t\t\t\t\t<div class=\"elementor-column elementor-col-100 elementor-top-column elementor-element elementor-element-3b5f97e\" data-id=\"3b5f97e\" data-element_type=\"column\">\n\t\t\t<div class=\"elementor-widget-wrap elementor-element-populated\">\n\t\t\t\t\t\t<div class=\"elementor-element elementor-element-8b0510a elementor-widget elementor-widget-text-editor\" data-id=\"8b0510a\" data-element_type=\"widget\" data-widget_type=\"text-editor.default\">\n\t\t\t\t<div class=\"elementor-widget-container\">\n\t\t\t\t\t\t\t\t\t<p><span style=\"font-weight: 400;\">L\u2019<\/span><b>abolition de l\u2019esclavage en Guadeloupe<\/b><span style=\"font-weight: 400;\"> est bien plus qu\u2019un \u00e9v\u00e9nement historique. Elle est une <\/span><b>m\u00e9moire active<\/b><span style=\"font-weight: 400;\">, un rappel de ce que signifie conqu\u00e9rir sa dignit\u00e9. Chaque 27 mai, aux sons des tambours du <\/span><b>\u201ckout tanbou\u201d<\/b><span style=\"font-weight: 400;\">, la Guadeloupe honore ses h\u00e9ros : <\/span><b>Delgr\u00e8s, Ignace, Solitude<\/b><span style=\"font-weight: 400;\">.<\/span><\/p>\n<p><span style=\"font-weight: 400;\">Mais elle interroge aussi ses d\u00e9fis contemporains. Car un peuple qui conna\u00eet son pass\u00e9 est mieux arm\u00e9 pour <\/span><b>transformer son avenir<\/b><span style=\"font-weight: 400;\">. C\u2019est l\u00e0, au-del\u00e0 de la comm\u00e9moration, que r\u00e9side la v\u00e9ritable puissance de cette date : <\/span><b>dans l\u2019engagement \u00e0 ne jamais oublier \u2014 et \u00e0 continuer le combat pour la justice.<\/b><\/p>\t\t\t\t\t\t\t\t<\/div>\n\t\t\t\t<\/div>\n\t\t\t\t\t<\/div>\n\t\t<\/div>\n\t\t\t\t\t<\/div>\n\t\t<\/section>\n\t\t\t\t<\/div>\n\t\t","protected":false},"excerpt":{"rendered":"<p>L\u2019abolition de l\u2019esclavage en Guadeloupe, proclam\u00e9e le 27 mai 1848, r\u00e9sonne chaque ann\u00e9e comme un rappel br\u00fblant d\u2019une libert\u00e9 conquise au prix du sang et de la r\u00e9sistance. Cette date majeure marque un basculement dans l\u2019histoire antillaise : celle de la fin d\u2019un syst\u00e8me fond\u00e9 sur la traite, la d\u00e9shumanisation et l\u2019oppression de pr\u00e8s de [&hellip;]<\/p>\n","protected":false},"author":662,"featured_media":52752,"comment_status":"open","ping_status":"open","sticky":false,"template":"","format":"standard","meta":{"_acf_changed":false,"footnotes":""},"categories":[1468],"tags":[1545],"class_list":["post-52751","post","type-post","status-publish","format-standard","has-post-thumbnail","hentry","category-histoire-patrimoine","tag-guadeloupe-2"],"acf":[],"_links":{"self":[{"href":"https:\/\/richeskarayib.com\/fr\/wp-json\/wp\/v2\/posts\/52751","targetHints":{"allow":["GET"]}}],"collection":[{"href":"https:\/\/richeskarayib.com\/fr\/wp-json\/wp\/v2\/posts"}],"about":[{"href":"https:\/\/richeskarayib.com\/fr\/wp-json\/wp\/v2\/types\/post"}],"author":[{"embeddable":true,"href":"https:\/\/richeskarayib.com\/fr\/wp-json\/wp\/v2\/users\/662"}],"replies":[{"embeddable":true,"href":"https:\/\/richeskarayib.com\/fr\/wp-json\/wp\/v2\/comments?post=52751"}],"version-history":[{"count":0,"href":"https:\/\/richeskarayib.com\/fr\/wp-json\/wp\/v2\/posts\/52751\/revisions"}],"wp:featuredmedia":[{"embeddable":true,"href":"https:\/\/richeskarayib.com\/fr\/wp-json\/wp\/v2\/media\/52752"}],"wp:attachment":[{"href":"https:\/\/richeskarayib.com\/fr\/wp-json\/wp\/v2\/media?parent=52751"}],"wp:term":[{"taxonomy":"category","embeddable":true,"href":"https:\/\/richeskarayib.com\/fr\/wp-json\/wp\/v2\/categories?post=52751"},{"taxonomy":"post_tag","embeddable":true,"href":"https:\/\/richeskarayib.com\/fr\/wp-json\/wp\/v2\/tags?post=52751"}],"curies":[{"name":"wp","href":"https:\/\/api.w.org\/{rel}","templated":true}]}}