{"id":52839,"date":"2025-05-28T10:53:29","date_gmt":"2025-05-28T14:53:29","guid":{"rendered":"https:\/\/richeskarayib.com\/?p=52839"},"modified":"2025-05-29T03:36:40","modified_gmt":"2025-05-29T07:36:40","slug":"veve-vodou-haiti-ouvrage-fondamental","status":"publish","type":"post","link":"https:\/\/richeskarayib.com\/fr\/veve-vodou-haiti-ouvrage-fondamental\/","title":{"rendered":"Ha\u00efti &#8211; &#8220;V\u00e8v\u00e8 Vodou Ha\u00efti&#8221; : un ouvrage fondamental sur les symboles sacr\u00e9s de la spiritualit\u00e9 ha\u00eftienne"},"content":{"rendered":"\t\t<div data-elementor-type=\"wp-post\" data-elementor-id=\"52839\" class=\"elementor elementor-52839\" data-elementor-post-type=\"post\">\n\t\t\t\t\t\t<section class=\"elementor-section elementor-top-section elementor-element elementor-element-7d4f952 elementor-section-boxed elementor-section-height-default elementor-section-height-default\" data-id=\"7d4f952\" data-element_type=\"section\">\n\t\t\t\t\t\t<div class=\"elementor-container elementor-column-gap-default\">\n\t\t\t\t\t<div class=\"elementor-column elementor-col-100 elementor-top-column elementor-element elementor-element-f3833fa\" data-id=\"f3833fa\" data-element_type=\"column\">\n\t\t\t<div class=\"elementor-widget-wrap elementor-element-populated\">\n\t\t\t\t\t\t<div class=\"elementor-element elementor-element-6cd393f elementor-widget elementor-widget-text-editor\" data-id=\"6cd393f\" data-element_type=\"widget\" data-widget_type=\"text-editor.default\">\n\t\t\t\t<div class=\"elementor-widget-container\">\n\t\t\t\t\t\t\t\t\t<p><span style=\"font-weight: 400;\">Le livre <\/span><a href=\"https:\/\/fondaskreyol.org\/article\/livre-roxane-ledan-veve-vodou-haiti-presente-au-public-montrealais-4-novembre-2023?utm_source=chatgpt.com\" target=\"_blank\" rel=\"noopener nofollow\"><i><span style=\"font-weight: 400;\">V\u00e8v\u00e8 Vodou Ha\u00efti<\/span><\/i><\/a><span style=\"font-weight: 400;\"> de <a href=\"https:\/\/cjf.qc.ca\/revue-relations\/publication\/article\/roxane-ledan-dite-taino-l\/?srsltid=AfmBOorjb44JtZsj-Pc1Ob4iagc5iCqXwCHCpQKy0iPrkphcQoRx85AB\" target=\"_blank\" rel=\"noopener nofollow\">Roxane Ledan<\/a> \u2013 Taino-L constitue une contribution essentielle \u00e0 la documentation et \u00e0 la compr\u00e9hension du<a href=\"https:\/\/richeskarayib.com\/fr\/la-tradition-du-conte-creole-en-haiti-post\/\" target=\"_blank\" rel=\"noopener\"> vodou ha\u00eftien<\/a>. Fruit de plus de vingt ann\u00e9es de recherches, cette publication met en lumi\u00e8re l\u2019univers des v\u00e8v\u00e8, ces dessins sacr\u00e9s trac\u00e9s au sol lors des rituels vodou, r\u00e9v\u00e9lant leur profondeur spirituelle et leur valeur artistique.<\/span><\/p>\t\t\t\t\t\t\t\t<\/div>\n\t\t\t\t<\/div>\n\t\t\t\t\t<\/div>\n\t\t<\/div>\n\t\t\t\t\t<\/div>\n\t\t<\/section>\n\t\t\t\t<section class=\"elementor-section elementor-top-section elementor-element elementor-element-16ba7e0 elementor-section-boxed elementor-section-height-default elementor-section-height-default\" data-id=\"16ba7e0\" data-element_type=\"section\">\n\t\t\t\t\t\t<div class=\"elementor-container elementor-column-gap-default\">\n\t\t\t\t\t<div class=\"elementor-column elementor-col-100 elementor-top-column elementor-element elementor-element-f6fb52b\" data-id=\"f6fb52b\" data-element_type=\"column\">\n\t\t\t<div class=\"elementor-widget-wrap elementor-element-populated\">\n\t\t\t\t\t\t<div class=\"elementor-element elementor-element-0ce05bd elementor-widget elementor-widget-heading\" data-id=\"0ce05bd\" data-element_type=\"widget\" data-widget_type=\"heading.default\">\n\t\t\t\t<div class=\"elementor-widget-container\">\n\t\t\t\t\t<h2 class=\"elementor-heading-title elementor-size-default\">Une \u0153uvre n\u00e9e d\u2019un long travail de terrain<\/h2>\t\t\t\t<\/div>\n\t\t\t\t<\/div>\n\t\t\t\t<div class=\"elementor-element elementor-element-f5427b4 elementor-widget elementor-widget-text-editor\" data-id=\"f5427b4\" data-element_type=\"widget\" data-widget_type=\"text-editor.default\">\n\t\t\t\t<div class=\"elementor-widget-container\">\n\t\t\t\t\t\t\t\t\t<p><span style=\"font-weight: 400;\">Publi\u00e9 en ao\u00fbt 2023 par AYITI B\u00c8L, V\u00e8v\u00e8 Vodou Ha\u00efti a \u00e9t\u00e9 pr\u00e9sent\u00e9 au public ha\u00eftien au Cap-Ha\u00eftien, puis \u00e0 l\u2019Hostellerie du Roy Christophe. Ce projet, port\u00e9 avec rigueur par Roxane Ledan, documente les v\u00e8v\u00e8 \u00e0 travers 81 photographies in\u00e9dites, dont 38 sont issues des travaux du chercheur Milo Rigaud. L\u2019ouvrage comprend 104 pages d\u2019analyses visuelles et symboliques, soutenues par un regard photographique aiguis\u00e9.<\/span><\/p>\t\t\t\t\t\t\t\t<\/div>\n\t\t\t\t<\/div>\n\t\t\t\t<div class=\"elementor-element elementor-element-b3d00e6 elementor-widget elementor-widget-text-editor\" data-id=\"b3d00e6\" data-element_type=\"widget\" data-widget_type=\"text-editor.default\">\n\t\t\t\t<div class=\"elementor-widget-container\">\n\t\t\t\t\t\t\t\t\t<p><span style=\"font-weight: 400;\">Chaque image reproduit avec pr\u00e9cision les traits \u00e9ph\u00e9m\u00e8res r\u00e9alis\u00e9s au sol avec de la farine de ma\u00efs, de la cendre ou du marc de caf\u00e9. Ces repr\u00e9sentations sont li\u00e9es \u00e0 des lwa \u2013 les divinit\u00e9s du panth\u00e9on vodou \u2013 et constituent un langage rituel codifi\u00e9, transmis de g\u00e9n\u00e9ration en g\u00e9n\u00e9ration.<\/span><\/p>\t\t\t\t\t\t\t\t<\/div>\n\t\t\t\t<\/div>\n\t\t\t\t<section class=\"elementor-section elementor-inner-section elementor-element elementor-element-c6f39f8 elementor-section-boxed elementor-section-height-default elementor-section-height-default\" data-id=\"c6f39f8\" data-element_type=\"section\">\n\t\t\t\t\t\t<div class=\"elementor-container elementor-column-gap-default\">\n\t\t\t\t\t<div class=\"elementor-column elementor-col-100 elementor-inner-column elementor-element elementor-element-59fe278\" data-id=\"59fe278\" data-element_type=\"column\">\n\t\t\t<div class=\"elementor-widget-wrap elementor-element-populated\">\n\t\t\t\t\t\t<div class=\"elementor-element elementor-element-b4c48e7 elementor-widget elementor-widget-image\" data-id=\"b4c48e7\" data-element_type=\"widget\" data-widget_type=\"image.default\">\n\t\t\t\t<div class=\"elementor-widget-container\">\n\t\t\t\t\t\t\t\t\t\t\t\t\t\t\t<img fetchpriority=\"high\" decoding=\"async\" width=\"800\" height=\"600\" src=\"https:\/\/richeskarayib.com\/wp-content\/uploads\/2025\/05\/Cover-du-livre-1024x768.jpg\" class=\"attachment-large size-large wp-image-52844\" alt=\"V\u00e8v\u00e8 Vodou Ha\u00efti\" srcset=\"https:\/\/richeskarayib.com\/wp-content\/uploads\/2025\/05\/Cover-du-livre-1024x768.jpg 1024w, https:\/\/richeskarayib.com\/wp-content\/uploads\/2025\/05\/Cover-du-livre-300x225.jpg 300w, https:\/\/richeskarayib.com\/wp-content\/uploads\/2025\/05\/Cover-du-livre-768x576.jpg 768w, https:\/\/richeskarayib.com\/wp-content\/uploads\/2025\/05\/Cover-du-livre-1536x1152.jpg 1536w, https:\/\/richeskarayib.com\/wp-content\/uploads\/2025\/05\/Cover-du-livre-1320x990.jpg 1320w, https:\/\/richeskarayib.com\/wp-content\/uploads\/2025\/05\/Cover-du-livre.jpg 2048w\" sizes=\"(max-width: 800px) 100vw, 800px\" \/>\t\t\t\t\t\t\t\t\t\t\t\t\t\t\t<\/div>\n\t\t\t\t<\/div>\n\t\t\t\t\t<\/div>\n\t\t<\/div>\n\t\t\t\t\t<\/div>\n\t\t<\/section>\n\t\t\t\t\t<\/div>\n\t\t<\/div>\n\t\t\t\t\t<\/div>\n\t\t<\/section>\n\t\t\t\t<section class=\"elementor-section elementor-top-section elementor-element elementor-element-7c727fe elementor-section-boxed elementor-section-height-default elementor-section-height-default\" data-id=\"7c727fe\" data-element_type=\"section\">\n\t\t\t\t\t\t<div class=\"elementor-container elementor-column-gap-default\">\n\t\t\t\t\t<div class=\"elementor-column elementor-col-100 elementor-top-column elementor-element elementor-element-2675508\" data-id=\"2675508\" data-element_type=\"column\">\n\t\t\t<div class=\"elementor-widget-wrap elementor-element-populated\">\n\t\t\t\t\t\t<div class=\"elementor-element elementor-element-86f7f71 elementor-widget elementor-widget-heading\" data-id=\"86f7f71\" data-element_type=\"widget\" data-widget_type=\"heading.default\">\n\t\t\t\t<div class=\"elementor-widget-container\">\n\t\t\t\t\t<h2 class=\"elementor-heading-title elementor-size-default\">Le parcours d\u2019une artiste engag\u00e9e<\/h2>\t\t\t\t<\/div>\n\t\t\t\t<\/div>\n\t\t\t\t<div class=\"elementor-element elementor-element-1931a91 elementor-widget elementor-widget-text-editor\" data-id=\"1931a91\" data-element_type=\"widget\" data-widget_type=\"text-editor.default\">\n\t\t\t\t<div class=\"elementor-widget-container\">\n\t\t\t\t\t\t\t\t\t<p><span style=\"font-weight: 400;\">N\u00e9e aux Cayes, Roxane Ledan \u2013 \u00e9galement connue sous le nom de Taino-L \u2013 revendique une identit\u00e9 carib\u00e9enne forte, en r\u00e9f\u00e9rence aux peuples autochtones. Photographe, documentariste et militante pour les droits humains, elle a \u00e9t\u00e9 form\u00e9e au Centre d&#8217;\u00e9tudes photographiques de Port-au-Prince avant de se perfectionner au Nikon School de Fort Lauderdale. Elle poursuit aujourd\u2019hui des \u00e9tudes sup\u00e9rieures \u00e0 l\u2019Universit\u00e9 Concordia de Montr\u00e9al.<\/span><\/p>\t\t\t\t\t\t\t\t<\/div>\n\t\t\t\t<\/div>\n\t\t\t\t<div class=\"elementor-element elementor-element-cff4167 elementor-widget elementor-widget-text-editor\" data-id=\"cff4167\" data-element_type=\"widget\" data-widget_type=\"text-editor.default\">\n\t\t\t\t<div class=\"elementor-widget-container\">\n\t\t\t\t\t\t\t\t\t<p><span style=\"font-weight: 400;\">Ce parcours transnational alimente une r\u00e9flexion artistique enracin\u00e9e dans la culture ha\u00eftienne et ouverte aux dialogues internationaux. En t\u00e9moigne sa participation \u00e0 des expositions aux \u00c9tats-Unis, au Canada, et en France, notamment lors du Salon du livre ha\u00eftien de Paris.<\/span><\/p>\t\t\t\t\t\t\t\t<\/div>\n\t\t\t\t<\/div>\n\t\t\t\t<section class=\"elementor-section elementor-inner-section elementor-element elementor-element-39d80fc elementor-section-boxed elementor-section-height-default elementor-section-height-default\" data-id=\"39d80fc\" data-element_type=\"section\">\n\t\t\t\t\t\t<div class=\"elementor-container elementor-column-gap-default\">\n\t\t\t\t\t<div class=\"elementor-column elementor-col-50 elementor-inner-column elementor-element elementor-element-6ab2287\" data-id=\"6ab2287\" data-element_type=\"column\">\n\t\t\t<div class=\"elementor-widget-wrap elementor-element-populated\">\n\t\t\t\t\t\t<div class=\"elementor-element elementor-element-af9e2fe elementor-widget elementor-widget-image\" data-id=\"af9e2fe\" data-element_type=\"widget\" data-widget_type=\"image.default\">\n\t\t\t\t<div class=\"elementor-widget-container\">\n\t\t\t\t\t\t\t\t\t\t\t\t<figure class=\"wp-caption\">\n\t\t\t\t\t\t\t\t\t\t<img decoding=\"async\" width=\"800\" height=\"450\" src=\"https:\/\/richeskarayib.com\/wp-content\/uploads\/2025\/05\/Ambassade-dHaiti-au-Canada-1-1024x576.jpg\" class=\"attachment-large size-large wp-image-52848\" alt=\"V\u00e8v\u00e8 Vodou Ha\u00efti\" srcset=\"https:\/\/richeskarayib.com\/wp-content\/uploads\/2025\/05\/Ambassade-dHaiti-au-Canada-1-1024x576.jpg 1024w, https:\/\/richeskarayib.com\/wp-content\/uploads\/2025\/05\/Ambassade-dHaiti-au-Canada-1-300x169.jpg 300w, https:\/\/richeskarayib.com\/wp-content\/uploads\/2025\/05\/Ambassade-dHaiti-au-Canada-1-768x432.jpg 768w, https:\/\/richeskarayib.com\/wp-content\/uploads\/2025\/05\/Ambassade-dHaiti-au-Canada-1.jpg 1280w\" sizes=\"(max-width: 800px) 100vw, 800px\" \/>\t\t\t\t\t\t\t\t\t\t\t<figcaption class=\"widget-image-caption wp-caption-text\">\u00a9Ambassade d'Ha\u00efti au Canada<\/figcaption>\n\t\t\t\t\t\t\t\t\t\t<\/figure>\n\t\t\t\t\t\t\t\t\t<\/div>\n\t\t\t\t<\/div>\n\t\t\t\t\t<\/div>\n\t\t<\/div>\n\t\t\t\t<div class=\"elementor-column elementor-col-50 elementor-inner-column elementor-element elementor-element-17dcf73\" data-id=\"17dcf73\" data-element_type=\"column\">\n\t\t\t<div class=\"elementor-widget-wrap elementor-element-populated\">\n\t\t\t\t\t\t<div class=\"elementor-element elementor-element-6fadecc elementor-widget elementor-widget-image\" data-id=\"6fadecc\" data-element_type=\"widget\" data-widget_type=\"image.default\">\n\t\t\t\t<div class=\"elementor-widget-container\">\n\t\t\t\t\t\t\t\t\t\t\t\t<figure class=\"wp-caption\">\n\t\t\t\t\t\t\t\t\t\t<img decoding=\"async\" width=\"800\" height=\"450\" src=\"https:\/\/richeskarayib.com\/wp-content\/uploads\/2025\/05\/Ambassade-dHaiti-au-Canada-1024x576.jpg\" class=\"attachment-large size-large wp-image-52852\" alt=\"V\u00e8v\u00e8 Vodou Ha\u00efti\" srcset=\"https:\/\/richeskarayib.com\/wp-content\/uploads\/2025\/05\/Ambassade-dHaiti-au-Canada-1024x576.jpg 1024w, https:\/\/richeskarayib.com\/wp-content\/uploads\/2025\/05\/Ambassade-dHaiti-au-Canada-300x169.jpg 300w, https:\/\/richeskarayib.com\/wp-content\/uploads\/2025\/05\/Ambassade-dHaiti-au-Canada-768x432.jpg 768w, https:\/\/richeskarayib.com\/wp-content\/uploads\/2025\/05\/Ambassade-dHaiti-au-Canada.jpg 1280w\" sizes=\"(max-width: 800px) 100vw, 800px\" \/>\t\t\t\t\t\t\t\t\t\t\t<figcaption class=\"widget-image-caption wp-caption-text\">\u00a9Ambassade d'Ha\u00efti au Canada<\/figcaption>\n\t\t\t\t\t\t\t\t\t\t<\/figure>\n\t\t\t\t\t\t\t\t\t<\/div>\n\t\t\t\t<\/div>\n\t\t\t\t\t<\/div>\n\t\t<\/div>\n\t\t\t\t\t<\/div>\n\t\t<\/section>\n\t\t\t\t\t<\/div>\n\t\t<\/div>\n\t\t\t\t\t<\/div>\n\t\t<\/section>\n\t\t\t\t<section class=\"elementor-section elementor-top-section elementor-element elementor-element-1a0b771 elementor-section-boxed elementor-section-height-default elementor-section-height-default\" data-id=\"1a0b771\" data-element_type=\"section\">\n\t\t\t\t\t\t<div class=\"elementor-container elementor-column-gap-default\">\n\t\t\t\t\t<div class=\"elementor-column elementor-col-100 elementor-top-column elementor-element elementor-element-345f4b7\" data-id=\"345f4b7\" data-element_type=\"column\">\n\t\t\t<div class=\"elementor-widget-wrap elementor-element-populated\">\n\t\t\t\t\t\t<div class=\"elementor-element elementor-element-d6a712a elementor-widget elementor-widget-heading\" data-id=\"d6a712a\" data-element_type=\"widget\" data-widget_type=\"heading.default\">\n\t\t\t\t<div class=\"elementor-widget-container\">\n\t\t\t\t\t<h2 class=\"elementor-heading-title elementor-size-default\">La port\u00e9e documentaire de V\u00e8v\u00e8 Vodou Ha\u00efti<\/h2>\t\t\t\t<\/div>\n\t\t\t\t<\/div>\n\t\t\t\t<div class=\"elementor-element elementor-element-f9582c3 elementor-widget elementor-widget-text-editor\" data-id=\"f9582c3\" data-element_type=\"widget\" data-widget_type=\"text-editor.default\">\n\t\t\t\t<div class=\"elementor-widget-container\">\n\t\t\t\t\t\t\t\t\t<p><span style=\"font-weight: 400;\">\u00c0 travers V\u00e8v\u00e8 Vodou Ha\u00efti, l\u2019artiste propose bien plus qu\u2019un recueil photographique : elle interroge le sens, l\u2019histoire et les usages des v\u00e8v\u00e8. Ce livre devient ainsi un outil de transmission culturelle, une archive visuelle rare qui inscrit le vodou ha\u00eftien dans une perspective historique et esth\u00e9tique.<\/span><\/p>\t\t\t\t\t\t\t\t<\/div>\n\t\t\t\t<\/div>\n\t\t\t\t<div class=\"elementor-element elementor-element-f5bb3d8 elementor-widget elementor-widget-text-editor\" data-id=\"f5bb3d8\" data-element_type=\"widget\" data-widget_type=\"text-editor.default\">\n\t\t\t\t<div class=\"elementor-widget-container\">\n\t\t\t\t\t\t\t\t\t<p><span style=\"font-weight: 400;\">En y int\u00e9grant les dessins relev\u00e9s par Milo Rigaud, auteur de V\u00e9v\u00e8, diagramme rituel du voudoo, Roxane Ledan rend hommage \u00e0 l\u2019un des pionniers de l\u2019anthropologie religieuse en Ha\u00efti. Ce dialogue entre g\u00e9n\u00e9rations donne de la densit\u00e9 au projet et l\u00e9gitime sa dimension acad\u00e9mique.<\/span><\/p>\t\t\t\t\t\t\t\t<\/div>\n\t\t\t\t<\/div>\n\t\t\t\t<section class=\"elementor-section elementor-inner-section elementor-element elementor-element-fefc004 elementor-section-boxed elementor-section-height-default elementor-section-height-default\" data-id=\"fefc004\" data-element_type=\"section\">\n\t\t\t\t\t\t<div class=\"elementor-container elementor-column-gap-default\">\n\t\t\t\t\t<div class=\"elementor-column elementor-col-100 elementor-inner-column elementor-element elementor-element-2fe506f\" data-id=\"2fe506f\" data-element_type=\"column\">\n\t\t\t<div class=\"elementor-widget-wrap elementor-element-populated\">\n\t\t\t\t\t\t<div class=\"elementor-element elementor-element-c97e08f elementor-widget elementor-widget-image\" data-id=\"c97e08f\" data-element_type=\"widget\" data-widget_type=\"image.default\">\n\t\t\t\t<div class=\"elementor-widget-container\">\n\t\t\t\t\t\t\t\t\t\t\t\t<figure class=\"wp-caption\">\n\t\t\t\t\t\t\t\t\t\t<img loading=\"lazy\" decoding=\"async\" width=\"800\" height=\"534\" src=\"https:\/\/richeskarayib.com\/wp-content\/uploads\/2025\/05\/juno7-1024x683.webp\" class=\"attachment-large size-large wp-image-52856\" alt=\"\" srcset=\"https:\/\/richeskarayib.com\/wp-content\/uploads\/2025\/05\/juno7-1024x683.webp 1024w, https:\/\/richeskarayib.com\/wp-content\/uploads\/2025\/05\/juno7-300x200.webp 300w, https:\/\/richeskarayib.com\/wp-content\/uploads\/2025\/05\/juno7-768x512.webp 768w, https:\/\/richeskarayib.com\/wp-content\/uploads\/2025\/05\/juno7.webp 1080w\" sizes=\"(max-width: 800px) 100vw, 800px\" \/>\t\t\t\t\t\t\t\t\t\t\t<figcaption class=\"widget-image-caption wp-caption-text\">\u00a9juno7<\/figcaption>\n\t\t\t\t\t\t\t\t\t\t<\/figure>\n\t\t\t\t\t\t\t\t\t<\/div>\n\t\t\t\t<\/div>\n\t\t\t\t\t<\/div>\n\t\t<\/div>\n\t\t\t\t\t<\/div>\n\t\t<\/section>\n\t\t\t\t\t<\/div>\n\t\t<\/div>\n\t\t\t\t\t<\/div>\n\t\t<\/section>\n\t\t\t\t<section class=\"elementor-section elementor-top-section elementor-element elementor-element-75226b9 elementor-section-boxed elementor-section-height-default elementor-section-height-default\" data-id=\"75226b9\" data-element_type=\"section\">\n\t\t\t\t\t\t<div class=\"elementor-container elementor-column-gap-default\">\n\t\t\t\t\t<div class=\"elementor-column elementor-col-100 elementor-top-column elementor-element elementor-element-992e41e\" data-id=\"992e41e\" data-element_type=\"column\">\n\t\t\t<div class=\"elementor-widget-wrap elementor-element-populated\">\n\t\t\t\t\t\t<div class=\"elementor-element elementor-element-b7fae28 elementor-widget elementor-widget-heading\" data-id=\"b7fae28\" data-element_type=\"widget\" data-widget_type=\"heading.default\">\n\t\t\t\t<div class=\"elementor-widget-container\">\n\t\t\t\t\t<h2 class=\"elementor-heading-title elementor-size-default\">Une hi\u00e9rarchie symbolique ma\u00eetris\u00e9e<\/h2>\t\t\t\t<\/div>\n\t\t\t\t<\/div>\n\t\t\t\t<div class=\"elementor-element elementor-element-0431e8e elementor-widget elementor-widget-text-editor\" data-id=\"0431e8e\" data-element_type=\"widget\" data-widget_type=\"text-editor.default\">\n\t\t\t\t<div class=\"elementor-widget-container\">\n\t\t\t\t\t\t\t\t\t<p><span style=\"font-weight: 400;\">Dans certaines r\u00e9gions d\u2019Ha\u00efti comme l\u2019Artibonite, seuls les initi\u00e9s ayant atteint un grade \u00e9lev\u00e9, parfois sup\u00e9rieur \u00e0 celui de ougan ou de manbo, sont autoris\u00e9s \u00e0 tracer les v\u00e8v\u00e8. Cette ma\u00eetrise rituelle souligne la place centrale de ces symboles dans la cosmologie vodou. V\u00e8v\u00e8 Vodou Ha\u00efti illustre avec justesse cette codification spirituelle, en montrant la pr\u00e9cision des gestes et la profondeur du sens que chaque ligne v\u00e9hicule.<\/span><\/p>\t\t\t\t\t\t\t\t<\/div>\n\t\t\t\t<\/div>\n\t\t\t\t<div class=\"elementor-element elementor-element-bbc6357 elementor-widget elementor-widget-text-editor\" data-id=\"bbc6357\" data-element_type=\"widget\" data-widget_type=\"text-editor.default\">\n\t\t\t\t<div class=\"elementor-widget-container\">\n\t\t\t\t\t\t\t\t\t<p><span style=\"font-weight: 400;\">Roxane Ledan r\u00e9ussit \u00e0 capturer la fugacit\u00e9 de ces cr\u00e9ations \u2013 qui disparaissent apr\u00e8s la c\u00e9r\u00e9monie \u2013 et \u00e0 les p\u00e9renniser sous une forme \u00e9ditoriale de haute qualit\u00e9. La nettet\u00e9 des prises de vue, la composition soign\u00e9e et l\u2019organisation th\u00e9matique des pages contribuent \u00e0 faire de ce livre une \u0153uvre de r\u00e9f\u00e9rence.<\/span><\/p>\t\t\t\t\t\t\t\t<\/div>\n\t\t\t\t<\/div>\n\t\t\t\t<section class=\"elementor-section elementor-inner-section elementor-element elementor-element-7abb019 elementor-section-boxed elementor-section-height-default elementor-section-height-default\" data-id=\"7abb019\" data-element_type=\"section\">\n\t\t\t\t\t\t<div class=\"elementor-container elementor-column-gap-default\">\n\t\t\t\t\t<div class=\"elementor-column elementor-col-100 elementor-inner-column elementor-element elementor-element-5205bdd\" data-id=\"5205bdd\" data-element_type=\"column\">\n\t\t\t<div class=\"elementor-widget-wrap elementor-element-populated\">\n\t\t\t\t\t\t<div class=\"elementor-element elementor-element-5ba233e elementor-widget elementor-widget-image\" data-id=\"5ba233e\" data-element_type=\"widget\" data-widget_type=\"image.default\">\n\t\t\t\t<div class=\"elementor-widget-container\">\n\t\t\t\t\t\t\t\t\t\t\t\t<figure class=\"wp-caption\">\n\t\t\t\t\t\t\t\t\t\t<img loading=\"lazy\" decoding=\"async\" width=\"800\" height=\"600\" src=\"https:\/\/richeskarayib.com\/wp-content\/uploads\/2025\/05\/Garry-Assad-1-1024x768.jpg\" class=\"attachment-large size-large wp-image-52860\" alt=\"\" srcset=\"https:\/\/richeskarayib.com\/wp-content\/uploads\/2025\/05\/Garry-Assad-1-1024x768.jpg 1024w, https:\/\/richeskarayib.com\/wp-content\/uploads\/2025\/05\/Garry-Assad-1-300x225.jpg 300w, https:\/\/richeskarayib.com\/wp-content\/uploads\/2025\/05\/Garry-Assad-1-768x576.jpg 768w, https:\/\/richeskarayib.com\/wp-content\/uploads\/2025\/05\/Garry-Assad-1-1536x1152.jpg 1536w, https:\/\/richeskarayib.com\/wp-content\/uploads\/2025\/05\/Garry-Assad-1-1320x990.jpg 1320w, https:\/\/richeskarayib.com\/wp-content\/uploads\/2025\/05\/Garry-Assad-1.jpg 2048w\" sizes=\"(max-width: 800px) 100vw, 800px\" \/>\t\t\t\t\t\t\t\t\t\t\t<figcaption class=\"widget-image-caption wp-caption-text\">\u00a9Garry Assad<\/figcaption>\n\t\t\t\t\t\t\t\t\t\t<\/figure>\n\t\t\t\t\t\t\t\t\t<\/div>\n\t\t\t\t<\/div>\n\t\t\t\t\t<\/div>\n\t\t<\/div>\n\t\t\t\t\t<\/div>\n\t\t<\/section>\n\t\t\t\t\t<\/div>\n\t\t<\/div>\n\t\t\t\t\t<\/div>\n\t\t<\/section>\n\t\t\t\t<section class=\"elementor-section elementor-top-section elementor-element elementor-element-68af3bb elementor-section-boxed elementor-section-height-default elementor-section-height-default\" data-id=\"68af3bb\" data-element_type=\"section\">\n\t\t\t\t\t\t<div class=\"elementor-container elementor-column-gap-default\">\n\t\t\t\t\t<div class=\"elementor-column elementor-col-100 elementor-top-column elementor-element elementor-element-5dd556b\" data-id=\"5dd556b\" data-element_type=\"column\">\n\t\t\t<div class=\"elementor-widget-wrap elementor-element-populated\">\n\t\t\t\t\t\t<div class=\"elementor-element elementor-element-b557600 elementor-widget elementor-widget-heading\" data-id=\"b557600\" data-element_type=\"widget\" data-widget_type=\"heading.default\">\n\t\t\t\t<div class=\"elementor-widget-container\">\n\t\t\t\t\t<h2 class=\"elementor-heading-title elementor-size-default\">De l\u2019intime au collectif : l\u2019impact culturel de l\u2019ouvrage<\/h2>\t\t\t\t<\/div>\n\t\t\t\t<\/div>\n\t\t\t\t<div class=\"elementor-element elementor-element-a4b55e0 elementor-widget elementor-widget-text-editor\" data-id=\"a4b55e0\" data-element_type=\"widget\" data-widget_type=\"text-editor.default\">\n\t\t\t\t<div class=\"elementor-widget-container\">\n\t\t\t\t\t\t\t\t\t<p><span style=\"font-weight: 400;\">Loin de toute folklorisation, <a href=\"https:\/\/www.madinin-art.net\/le-livre-veve-vodou-haiti-de-roxane-ledan-taino-l\/\" target=\"_blank\" rel=\"noopener nofollow\">V\u00e8v\u00e8 Vodou Ha\u00efti<\/a> revendique une approche rigoureuse qui restitue la dignit\u00e9 d\u2019une tradition souvent caricatur\u00e9e. \u00c0 travers son regard, Roxane Ledan d\u00e9construit les id\u00e9es re\u00e7ues sur le vodou et invite \u00e0 le consid\u00e9rer comme un syst\u00e8me philosophique, religieux et artistique \u00e0 part enti\u00e8re.<\/span><\/p>\n<p><span style=\"font-weight: 400;\">Depuis la parution de V\u00e8v\u00e8 Vodou Ha\u00efti, l\u2019artiste a \u00e9t\u00e9 sollicit\u00e9e pour exposer aux \u00c9tats-Unis, notamment en Louisiane, dans le cadre d\u2019une exposition d\u00e9di\u00e9e aux liens culturels entre Ha\u00efti et la Nouvelle-Orl\u00e9ans. Ce rayonnement international s\u2019accompagne d\u2019une volont\u00e9 claire : faire reconna\u00eetre les cr\u00e9ations vodou comme patrimoine immat\u00e9riel d\u2019une importance majeure.<\/span><\/p>\t\t\t\t\t\t\t\t<\/div>\n\t\t\t\t<\/div>\n\t\t\t\t\t<\/div>\n\t\t<\/div>\n\t\t\t\t\t<\/div>\n\t\t<\/section>\n\t\t\t\t<section class=\"elementor-section elementor-top-section elementor-element elementor-element-9b22c49 elementor-section-boxed elementor-section-height-default elementor-section-height-default\" data-id=\"9b22c49\" data-element_type=\"section\">\n\t\t\t\t\t\t<div class=\"elementor-container elementor-column-gap-default\">\n\t\t\t\t\t<div class=\"elementor-column elementor-col-100 elementor-top-column elementor-element elementor-element-7121c8b\" data-id=\"7121c8b\" data-element_type=\"column\">\n\t\t\t<div class=\"elementor-widget-wrap elementor-element-populated\">\n\t\t\t\t\t\t<div class=\"elementor-element elementor-element-64e7411 elementor-widget elementor-widget-heading\" data-id=\"64e7411\" data-element_type=\"widget\" data-widget_type=\"heading.default\">\n\t\t\t\t<div class=\"elementor-widget-container\">\n\t\t\t\t\t<h2 class=\"elementor-heading-title elementor-size-default\">Le vodou comme syst\u00e8me visuel et th\u00e9ologique<\/h2>\t\t\t\t<\/div>\n\t\t\t\t<\/div>\n\t\t\t\t<div class=\"elementor-element elementor-element-5224caa elementor-widget elementor-widget-text-editor\" data-id=\"5224caa\" data-element_type=\"widget\" data-widget_type=\"text-editor.default\">\n\t\t\t\t<div class=\"elementor-widget-container\">\n\t\t\t\t\t\t\t\t\t<p><span style=\"font-weight: 400;\">Ce que montre V\u00e8v\u00e8 Vodou <a href=\"https:\/\/richeskarayib.com\/fr\/mycompiledthoughts-l-ame-haitienne-et-le-rb\/\" target=\"_blank\" rel=\"noopener\">Ha\u00efti<\/a>, c\u2019est que les v\u00e8v\u00e8 ne sont pas des \u00e9l\u00e9ments d\u00e9coratifs, mais des porteurs de sens th\u00e9ologique. Chaque figure correspond \u00e0 une divinit\u00e9, \u00e0 une pri\u00e8re, \u00e0 une interaction entre le monde des humains et celui des esprits. Le potomitan \u2013 pilier central dans un hounfor (temple vodou) \u2013 devient ainsi l\u2019axe autour duquel gravitent les symboles.<\/span><\/p>\n<p><span style=\"font-weight: 400;\">En capturant ces moments de spiritualit\u00e9 en action, Roxane Ledan r\u00e9v\u00e8le la complexit\u00e9 d\u2019une cosmogonie o\u00f9 le visible et l\u2019invisible cohabitent. Les v\u00e8v\u00e8 sont les vecteurs de cette cohabitation, des portails symboliques qui traversent les plans spirituels. V\u00e8v\u00e8 Vodou Ha\u00efti redonne \u00e0 ces figures leur force sacr\u00e9e.<\/span><\/p>\t\t\t\t\t\t\t\t<\/div>\n\t\t\t\t<\/div>\n\t\t\t\t\t<\/div>\n\t\t<\/div>\n\t\t\t\t\t<\/div>\n\t\t<\/section>\n\t\t\t\t<section class=\"elementor-section elementor-top-section elementor-element elementor-element-cb4b072 elementor-section-boxed elementor-section-height-default elementor-section-height-default\" data-id=\"cb4b072\" data-element_type=\"section\">\n\t\t\t\t\t\t<div class=\"elementor-container elementor-column-gap-default\">\n\t\t\t\t\t<div class=\"elementor-column elementor-col-100 elementor-top-column elementor-element elementor-element-d230ce0\" data-id=\"d230ce0\" data-element_type=\"column\">\n\t\t\t<div class=\"elementor-widget-wrap elementor-element-populated\">\n\t\t\t\t\t\t<div class=\"elementor-element elementor-element-afb0396 elementor-widget elementor-widget-heading\" data-id=\"afb0396\" data-element_type=\"widget\" data-widget_type=\"heading.default\">\n\t\t\t\t<div class=\"elementor-widget-container\">\n\t\t\t\t\t<h2 class=\"elementor-heading-title elementor-size-default\">Un projet au service de la transmission<\/h2>\t\t\t\t<\/div>\n\t\t\t\t<\/div>\n\t\t\t\t<div class=\"elementor-element elementor-element-19a46ec elementor-widget elementor-widget-text-editor\" data-id=\"19a46ec\" data-element_type=\"widget\" data-widget_type=\"text-editor.default\">\n\t\t\t\t<div class=\"elementor-widget-container\">\n\t\t\t\t\t\t\t\t\t<p><span style=\"font-weight: 400;\">Par son approche m\u00e9thodique et son engagement artistique, V\u00e8v\u00e8 Vodou Ha\u00efti participe \u00e0 la sauvegarde d\u2019un savoir fragile, souvent transmis oralement. L\u2019ouvrage constitue aussi un plaidoyer silencieux pour une meilleure reconnaissance des religions afro-descendantes et pour la pr\u00e9servation des pratiques culturelles menac\u00e9es.<\/span><\/p>\n<p><span style=\"font-weight: 400;\">Comme l\u2019a exprim\u00e9 le linguiste Robert Berrou\u00ebt-Oriol, le livre est une \u201ctravers\u00e9e picturale exceptionnelle\u201d, \u00e0 la fois rigoureuse et inspir\u00e9e. Cette reconnaissance intellectuelle valide l\u2019importance de ce travail pour les milieux acad\u00e9miques comme pour les cercles artistiques.<\/span><\/p>\t\t\t\t\t\t\t\t<\/div>\n\t\t\t\t<\/div>\n\t\t\t\t\t<\/div>\n\t\t<\/div>\n\t\t\t\t\t<\/div>\n\t\t<\/section>\n\t\t\t\t<section class=\"elementor-section elementor-top-section elementor-element elementor-element-78a168f elementor-section-boxed elementor-section-height-default elementor-section-height-default\" data-id=\"78a168f\" data-element_type=\"section\">\n\t\t\t\t\t\t<div class=\"elementor-container elementor-column-gap-default\">\n\t\t\t\t\t<div class=\"elementor-column elementor-col-100 elementor-top-column elementor-element elementor-element-48793ec\" data-id=\"48793ec\" data-element_type=\"column\">\n\t\t\t<div class=\"elementor-widget-wrap elementor-element-populated\">\n\t\t\t\t\t\t<div class=\"elementor-element elementor-element-3c721a1 elementor-widget elementor-widget-heading\" data-id=\"3c721a1\" data-element_type=\"widget\" data-widget_type=\"heading.default\">\n\t\t\t\t<div class=\"elementor-widget-container\">\n\t\t\t\t\t<h2 class=\"elementor-heading-title elementor-size-default\">Une r\u00e9f\u00e9rence contemporaine sur le vodou ha\u00eftien<\/h2>\t\t\t\t<\/div>\n\t\t\t\t<\/div>\n\t\t\t\t<div class=\"elementor-element elementor-element-e7a1f52 elementor-widget elementor-widget-text-editor\" data-id=\"e7a1f52\" data-element_type=\"widget\" data-widget_type=\"text-editor.default\">\n\t\t\t\t<div class=\"elementor-widget-container\">\n\t\t\t\t\t\t\t\t\t<p><span style=\"font-weight: 400;\">Avec V\u00e8v\u00e8 Vodou Ha\u00efti, Roxane Ledan pose un jalon important dans l\u2019histoire de l\u2019iconographie religieuse carib\u00e9enne. \u00c0 travers la photographie, elle documente, interpr\u00e8te et transmet une m\u00e9moire vivante, ancr\u00e9e dans le quotidien des communaut\u00e9s et port\u00e9e par un sens \u00e9lev\u00e9 du sacr\u00e9.<\/span><\/p>\n<p><span style=\"font-weight: 400;\">Loin d\u2019une d\u00e9marche ethnographique fig\u00e9e, ce livre allie justesse documentaire et finesse esth\u00e9tique. Il contribue \u00e0 renouveler le regard sur le vodou, non pas comme reliquat du pass\u00e9, mais comme culture active, inventive et pleine de sens.<\/span><\/p>\t\t\t\t\t\t\t\t<\/div>\n\t\t\t\t<\/div>\n\t\t\t\t<section class=\"elementor-section elementor-inner-section elementor-element elementor-element-fb65590 elementor-section-boxed elementor-section-height-default elementor-section-height-default\" data-id=\"fb65590\" data-element_type=\"section\">\n\t\t\t\t\t\t<div class=\"elementor-container elementor-column-gap-default\">\n\t\t\t\t\t<div class=\"elementor-column elementor-col-100 elementor-inner-column elementor-element elementor-element-a7cff98\" data-id=\"a7cff98\" data-element_type=\"column\">\n\t\t\t<div class=\"elementor-widget-wrap elementor-element-populated\">\n\t\t\t\t\t\t<div class=\"elementor-element elementor-element-c24bc33 elementor-widget elementor-widget-image\" data-id=\"c24bc33\" data-element_type=\"widget\" data-widget_type=\"image.default\">\n\t\t\t\t<div class=\"elementor-widget-container\">\n\t\t\t\t\t\t\t\t\t\t\t\t<figure class=\"wp-caption\">\n\t\t\t\t\t\t\t\t\t\t<img loading=\"lazy\" decoding=\"async\" width=\"800\" height=\"443\" src=\"https:\/\/richeskarayib.com\/wp-content\/uploads\/2025\/05\/rezonodwes.com_-1024x567.webp\" class=\"attachment-large size-large wp-image-52864\" alt=\"V\u00e8v\u00e8 Vodou Ha\u00efti\" srcset=\"https:\/\/richeskarayib.com\/wp-content\/uploads\/2025\/05\/rezonodwes.com_-1024x567.webp 1024w, https:\/\/richeskarayib.com\/wp-content\/uploads\/2025\/05\/rezonodwes.com_-300x166.webp 300w, https:\/\/richeskarayib.com\/wp-content\/uploads\/2025\/05\/rezonodwes.com_-768x425.webp 768w, https:\/\/richeskarayib.com\/wp-content\/uploads\/2025\/05\/rezonodwes.com_.webp 1265w\" sizes=\"(max-width: 800px) 100vw, 800px\" \/>\t\t\t\t\t\t\t\t\t\t\t<figcaption class=\"widget-image-caption wp-caption-text\">\u00a9rezonodwes.com<\/figcaption>\n\t\t\t\t\t\t\t\t\t\t<\/figure>\n\t\t\t\t\t\t\t\t\t<\/div>\n\t\t\t\t<\/div>\n\t\t\t\t\t<\/div>\n\t\t<\/div>\n\t\t\t\t\t<\/div>\n\t\t<\/section>\n\t\t\t\t\t<\/div>\n\t\t<\/div>\n\t\t\t\t\t<\/div>\n\t\t<\/section>\n\t\t\t\t<\/div>\n\t\t","protected":false},"excerpt":{"rendered":"<p>Le livre V\u00e8v\u00e8 Vodou Ha\u00efti de Roxane Ledan \u2013 Taino-L constitue une contribution essentielle \u00e0 la documentation et \u00e0 la compr\u00e9hension du vodou ha\u00eftien. Fruit de plus de vingt ann\u00e9es de recherches, cette publication met en lumi\u00e8re l\u2019univers des v\u00e8v\u00e8, ces dessins sacr\u00e9s trac\u00e9s au sol lors des rituels vodou, r\u00e9v\u00e9lant leur profondeur spirituelle et [&hellip;]<\/p>\n","protected":false},"author":662,"featured_media":52840,"comment_status":"open","ping_status":"open","sticky":false,"template":"","format":"standard","meta":{"_acf_changed":false,"footnotes":""},"categories":[1468],"tags":[814],"class_list":["post-52839","post","type-post","status-publish","format-standard","has-post-thumbnail","hentry","category-histoire-patrimoine","tag-haiti-fr"],"acf":[],"_links":{"self":[{"href":"https:\/\/richeskarayib.com\/fr\/wp-json\/wp\/v2\/posts\/52839","targetHints":{"allow":["GET"]}}],"collection":[{"href":"https:\/\/richeskarayib.com\/fr\/wp-json\/wp\/v2\/posts"}],"about":[{"href":"https:\/\/richeskarayib.com\/fr\/wp-json\/wp\/v2\/types\/post"}],"author":[{"embeddable":true,"href":"https:\/\/richeskarayib.com\/fr\/wp-json\/wp\/v2\/users\/662"}],"replies":[{"embeddable":true,"href":"https:\/\/richeskarayib.com\/fr\/wp-json\/wp\/v2\/comments?post=52839"}],"version-history":[{"count":0,"href":"https:\/\/richeskarayib.com\/fr\/wp-json\/wp\/v2\/posts\/52839\/revisions"}],"wp:featuredmedia":[{"embeddable":true,"href":"https:\/\/richeskarayib.com\/fr\/wp-json\/wp\/v2\/media\/52840"}],"wp:attachment":[{"href":"https:\/\/richeskarayib.com\/fr\/wp-json\/wp\/v2\/media?parent=52839"}],"wp:term":[{"taxonomy":"category","embeddable":true,"href":"https:\/\/richeskarayib.com\/fr\/wp-json\/wp\/v2\/categories?post=52839"},{"taxonomy":"post_tag","embeddable":true,"href":"https:\/\/richeskarayib.com\/fr\/wp-json\/wp\/v2\/tags?post=52839"}],"curies":[{"name":"wp","href":"https:\/\/api.w.org\/{rel}","templated":true}]}}