{"id":52914,"date":"2025-05-29T06:17:20","date_gmt":"2025-05-29T10:17:20","guid":{"rendered":"https:\/\/richeskarayib.com\/?p=52914"},"modified":"2025-05-29T06:17:20","modified_gmt":"2025-05-29T10:17:20","slug":"miss-guyane-2025-decouverte-9-pretendantes","status":"publish","type":"post","link":"https:\/\/richeskarayib.com\/fr\/miss-guyane-2025-decouverte-9-pretendantes\/","title":{"rendered":"Guyane &#8211; Miss Guyane 2025 : Une aventure humaine \u00e0 la d\u00e9couverte des 9 pr\u00e9tendantes"},"content":{"rendered":"\t\t<div data-elementor-type=\"wp-post\" data-elementor-id=\"52914\" class=\"elementor elementor-52914\" data-elementor-post-type=\"post\">\n\t\t\t\t\t\t<section class=\"elementor-section elementor-top-section elementor-element elementor-element-16ba7e0 elementor-section-boxed elementor-section-height-default elementor-section-height-default\" data-id=\"16ba7e0\" data-element_type=\"section\">\n\t\t\t\t\t\t<div class=\"elementor-container elementor-column-gap-default\">\n\t\t\t\t\t<div class=\"elementor-column elementor-col-100 elementor-top-column elementor-element elementor-element-f6fb52b\" data-id=\"f6fb52b\" data-element_type=\"column\">\n\t\t\t<div class=\"elementor-widget-wrap elementor-element-populated\">\n\t\t\t\t\t\t<div class=\"elementor-element elementor-element-f5427b4 elementor-widget elementor-widget-text-editor\" data-id=\"f5427b4\" data-element_type=\"widget\" data-widget_type=\"text-editor.default\">\n\t\t\t\t<div class=\"elementor-widget-container\">\n\t\t\t\t\t\t\t\t\t<p><span style=\"font-weight: 400;\"><a href=\"https:\/\/web.facebook.com\/MissGuyane.organisation\" target=\"_blank\" rel=\"noopener nofollow\">Miss Guyane 2025<\/a>, un \u00e9v\u00e9nement qui suscite d\u00e9j\u00e0 l\u2019enthousiasme et la curiosit\u00e9 en Guyane. Ce mardi 27 mai, au Mercure Royal Amazonie, le comit\u00e9 Miss <a href=\"https:\/\/richeskarayib.com\/fr\/auxence-contout-memoire-culture-guyanaise\/\" target=\"_blank\" rel=\"noopener\">Guyane<\/a> a r\u00e9v\u00e9l\u00e9 les neuf jeunes femmes qui r\u00eavent de succ\u00e9der \u00e0 Jade Fansonna et de repr\u00e9senter la Guyane lors du prestigieux concours Miss France 2026<\/span><span style=\"font-weight: 400;\">. Cette nouvelle \u00e9dition s\u2019annonce riche en \u00e9motions, en diversit\u00e9 et en ambitions, \u00e0 l\u2019image du territoire guyanais.<\/span><\/p>\t\t\t\t\t\t\t\t<\/div>\n\t\t\t\t<\/div>\n\t\t\t\t\t<\/div>\n\t\t<\/div>\n\t\t\t\t\t<\/div>\n\t\t<\/section>\n\t\t\t\t<section class=\"elementor-section elementor-top-section elementor-element elementor-element-7c727fe elementor-section-boxed elementor-section-height-default elementor-section-height-default\" data-id=\"7c727fe\" data-element_type=\"section\">\n\t\t\t\t\t\t<div class=\"elementor-container elementor-column-gap-default\">\n\t\t\t\t\t<div class=\"elementor-column elementor-col-100 elementor-top-column elementor-element elementor-element-2675508\" data-id=\"2675508\" data-element_type=\"column\">\n\t\t\t<div class=\"elementor-widget-wrap elementor-element-populated\">\n\t\t\t\t\t\t<div class=\"elementor-element elementor-element-86f7f71 elementor-widget elementor-widget-heading\" data-id=\"86f7f71\" data-element_type=\"widget\" data-widget_type=\"heading.default\">\n\t\t\t\t<div class=\"elementor-widget-container\">\n\t\t\t\t\t<h2 class=\"elementor-heading-title elementor-size-default\">Pr\u00e9sentation officielle des candidates<\/h2>\t\t\t\t<\/div>\n\t\t\t\t<\/div>\n\t\t\t\t<div class=\"elementor-element elementor-element-1931a91 elementor-widget elementor-widget-text-editor\" data-id=\"1931a91\" data-element_type=\"widget\" data-widget_type=\"text-editor.default\">\n\t\t\t\t<div class=\"elementor-widget-container\">\n\t\t\t\t\t\t\t\t\t<h3><strong>Les origines et parcours des participantes<\/strong><\/h3><p><span style=\"font-weight: 400;\"><a href=\"https:\/\/la1ere.franceinfo.fr\/guyane\/miss-guyane-2025-les-9-pretendantes-devoilees-1590762.html\" target=\"_blank\" rel=\"noopener nofollow\">Miss Guyane 2025<\/a>, c\u2019est avant tout une mosa\u00efque de parcours et de personnalit\u00e9s. \u00c2g\u00e9es de 20 \u00e0 32 ans, les candidates viennent de diff\u00e9rents horizons, chacune avec son histoire, ses r\u00eaves et ses valeurs. Certaines poursuivent des \u00e9tudes sup\u00e9rieures, d\u2019autres sont d\u00e9j\u00e0 engag\u00e9es dans la vie professionnelle. On retrouve parmi elles des \u00e9tudiantes, des professionnelles de la sant\u00e9, des passionn\u00e9es de sport ou encore des jeunes femmes investies dans la vie associative.<\/span><\/p>\t\t\t\t\t\t\t\t<\/div>\n\t\t\t\t<\/div>\n\t\t\t\t<div class=\"elementor-element elementor-element-54b6dc2 elementor-widget elementor-widget-text-editor\" data-id=\"54b6dc2\" data-element_type=\"widget\" data-widget_type=\"text-editor.default\">\n\t\t\t\t<div class=\"elementor-widget-container\">\n\t\t\t\t\t\t\t\t\t<h3><strong>Les communes repr\u00e9sent\u00e9es<\/strong><\/h3><p><span style=\"font-weight: 400;\">La diversit\u00e9 g\u00e9ographique est \u00e9galement au rendez-vous : Cayenne, Macouria, Matoury, R\u00e9mire-Montjoly et Saint-Laurent-du-Maroni sont fi\u00e8rement repr\u00e9sent\u00e9es. Cette pluralit\u00e9 refl\u00e8te l\u2019identit\u00e9 plurielle de la Guyane et offre \u00e0 chaque commune une ambassadrice potentielle lors de Miss France 2026.<\/span><\/p>\t\t\t\t\t\t\t\t<\/div>\n\t\t\t\t<\/div>\n\t\t\t\t<section class=\"elementor-section elementor-inner-section elementor-element elementor-element-4460219 elementor-section-boxed elementor-section-height-default elementor-section-height-default\" data-id=\"4460219\" data-element_type=\"section\">\n\t\t\t\t\t\t<div class=\"elementor-container elementor-column-gap-default\">\n\t\t\t\t\t<div class=\"elementor-column elementor-col-50 elementor-inner-column elementor-element elementor-element-04db4cf\" data-id=\"04db4cf\" data-element_type=\"column\">\n\t\t\t<div class=\"elementor-widget-wrap elementor-element-populated\">\n\t\t\t\t\t\t<div class=\"elementor-element elementor-element-85f5ff0 elementor-widget elementor-widget-image\" data-id=\"85f5ff0\" data-element_type=\"widget\" data-widget_type=\"image.default\">\n\t\t\t\t<div class=\"elementor-widget-container\">\n\t\t\t\t\t\t\t\t\t\t\t\t\t\t\t<img fetchpriority=\"high\" decoding=\"async\" width=\"800\" height=\"1000\" src=\"https:\/\/richeskarayib.com\/wp-content\/uploads\/2025\/05\/499580833_1133335938839852_9081479316170281458_n-819x1024.jpg\" class=\"attachment-large size-large wp-image-52955\" alt=\"Miss Guyane 2025\" srcset=\"https:\/\/richeskarayib.com\/wp-content\/uploads\/2025\/05\/499580833_1133335938839852_9081479316170281458_n-819x1024.jpg 819w, https:\/\/richeskarayib.com\/wp-content\/uploads\/2025\/05\/499580833_1133335938839852_9081479316170281458_n-240x300.jpg 240w, https:\/\/richeskarayib.com\/wp-content\/uploads\/2025\/05\/499580833_1133335938839852_9081479316170281458_n-768x960.jpg 768w, https:\/\/richeskarayib.com\/wp-content\/uploads\/2025\/05\/499580833_1133335938839852_9081479316170281458_n-1229x1536.jpg 1229w, https:\/\/richeskarayib.com\/wp-content\/uploads\/2025\/05\/499580833_1133335938839852_9081479316170281458_n-1320x1650.jpg 1320w, https:\/\/richeskarayib.com\/wp-content\/uploads\/2025\/05\/499580833_1133335938839852_9081479316170281458_n.jpg 1536w\" sizes=\"(max-width: 800px) 100vw, 800px\" \/>\t\t\t\t\t\t\t\t\t\t\t\t\t\t\t<\/div>\n\t\t\t\t<\/div>\n\t\t\t\t\t<\/div>\n\t\t<\/div>\n\t\t\t\t<div class=\"elementor-column elementor-col-50 elementor-inner-column elementor-element elementor-element-64baaca\" data-id=\"64baaca\" data-element_type=\"column\">\n\t\t\t<div class=\"elementor-widget-wrap elementor-element-populated\">\n\t\t\t\t\t\t<div class=\"elementor-element elementor-element-b6b560e elementor-widget elementor-widget-image\" data-id=\"b6b560e\" data-element_type=\"widget\" data-widget_type=\"image.default\">\n\t\t\t\t<div class=\"elementor-widget-container\">\n\t\t\t\t\t\t\t\t\t\t\t\t\t\t\t<img decoding=\"async\" width=\"800\" height=\"1000\" src=\"https:\/\/richeskarayib.com\/wp-content\/uploads\/2025\/05\/500149308_1133335905506522_8243044402868394355_n-819x1024.jpg\" class=\"attachment-large size-large wp-image-52959\" alt=\"Miss Guyane 2025\" srcset=\"https:\/\/richeskarayib.com\/wp-content\/uploads\/2025\/05\/500149308_1133335905506522_8243044402868394355_n-819x1024.jpg 819w, https:\/\/richeskarayib.com\/wp-content\/uploads\/2025\/05\/500149308_1133335905506522_8243044402868394355_n-240x300.jpg 240w, https:\/\/richeskarayib.com\/wp-content\/uploads\/2025\/05\/500149308_1133335905506522_8243044402868394355_n-768x960.jpg 768w, https:\/\/richeskarayib.com\/wp-content\/uploads\/2025\/05\/500149308_1133335905506522_8243044402868394355_n-1229x1536.jpg 1229w, https:\/\/richeskarayib.com\/wp-content\/uploads\/2025\/05\/500149308_1133335905506522_8243044402868394355_n-1320x1650.jpg 1320w, https:\/\/richeskarayib.com\/wp-content\/uploads\/2025\/05\/500149308_1133335905506522_8243044402868394355_n.jpg 1536w\" sizes=\"(max-width: 800px) 100vw, 800px\" \/>\t\t\t\t\t\t\t\t\t\t\t\t\t\t\t<\/div>\n\t\t\t\t<\/div>\n\t\t\t\t\t<\/div>\n\t\t<\/div>\n\t\t\t\t\t<\/div>\n\t\t<\/section>\n\t\t\t\t\t<\/div>\n\t\t<\/div>\n\t\t\t\t\t<\/div>\n\t\t<\/section>\n\t\t\t\t<section class=\"elementor-section elementor-top-section elementor-element elementor-element-75226b9 elementor-section-boxed elementor-section-height-default elementor-section-height-default\" data-id=\"75226b9\" data-element_type=\"section\">\n\t\t\t\t\t\t<div class=\"elementor-container elementor-column-gap-default\">\n\t\t\t\t\t<div class=\"elementor-column elementor-col-100 elementor-top-column elementor-element elementor-element-992e41e\" data-id=\"992e41e\" data-element_type=\"column\">\n\t\t\t<div class=\"elementor-widget-wrap elementor-element-populated\">\n\t\t\t\t\t\t<div class=\"elementor-element elementor-element-b7fae28 elementor-widget elementor-widget-heading\" data-id=\"b7fae28\" data-element_type=\"widget\" data-widget_type=\"heading.default\">\n\t\t\t\t<div class=\"elementor-widget-container\">\n\t\t\t\t\t<h2 class=\"elementor-heading-title elementor-size-default\">Le parcours de pr\u00e9paration des candidates<\/h2>\t\t\t\t<\/div>\n\t\t\t\t<\/div>\n\t\t\t\t<div class=\"elementor-element elementor-element-0431e8e elementor-widget elementor-widget-text-editor\" data-id=\"0431e8e\" data-element_type=\"widget\" data-widget_type=\"text-editor.default\">\n\t\t\t\t<div class=\"elementor-widget-container\">\n\t\t\t\t\t\t\t\t\t<h3><strong>Les \u00e9tapes cl\u00e9s avant l\u2019\u00e9lection<\/strong><\/h3><p><span style=\"font-weight: 400;\"><a href=\"https:\/\/la1ere.franceinfo.fr\/people\/miss\" target=\"_blank\" rel=\"noopener nofollow\">Miss Guyane 2025<\/a>, c\u2019est le d\u00e9but d\u2019un v\u00e9ritable marathon pour les candidates. Les semaines \u00e0 venir seront rythm\u00e9es par des interviews, des cours de catwalk, des s\u00e9ances de coaching et de nombreuses r\u00e9p\u00e9titions. L\u2019objectif : se pr\u00e9parer au mieux pour l\u2019\u00e9lection r\u00e9gionale, pr\u00e9vue le samedi 12 juillet prochain au PROGT de Matoury.<\/span><\/p>\t\t\t\t\t\t\t\t<\/div>\n\t\t\t\t<\/div>\n\t\t\t\t<div class=\"elementor-element elementor-element-bbc6357 elementor-widget elementor-widget-text-editor\" data-id=\"bbc6357\" data-element_type=\"widget\" data-widget_type=\"text-editor.default\">\n\t\t\t\t<div class=\"elementor-widget-container\">\n\t\t\t\t\t\t\t\t\t<h3><strong>Les valeurs port\u00e9es par le concours<\/strong><\/h3><p><span style=\"font-weight: 400;\">Au-del\u00e0 de la beaut\u00e9, le concours met en avant des valeurs essentielles : confiance en soi, solidarit\u00e9, respect et d\u00e9passement de soi. Chaque candidate est encourag\u00e9e \u00e0 d\u00e9fendre des causes qui lui tiennent \u00e0 c\u0153ur, \u00e0 s\u2019engager pour la jeunesse, l\u2019\u00e9ducation ou la culture guyanaise, et \u00e0 porter haut les couleurs de la Guyane.<\/span><\/p>\t\t\t\t\t\t\t\t<\/div>\n\t\t\t\t<\/div>\n\t\t\t\t\t<\/div>\n\t\t<\/div>\n\t\t\t\t\t<\/div>\n\t\t<\/section>\n\t\t\t\t<section class=\"elementor-section elementor-top-section elementor-element elementor-element-68af3bb elementor-section-boxed elementor-section-height-default elementor-section-height-default\" data-id=\"68af3bb\" data-element_type=\"section\">\n\t\t\t\t\t\t<div class=\"elementor-container elementor-column-gap-default\">\n\t\t\t\t\t<div class=\"elementor-column elementor-col-100 elementor-top-column elementor-element elementor-element-5dd556b\" data-id=\"5dd556b\" data-element_type=\"column\">\n\t\t\t<div class=\"elementor-widget-wrap elementor-element-populated\">\n\t\t\t\t\t\t<div class=\"elementor-element elementor-element-b557600 elementor-widget elementor-widget-heading\" data-id=\"b557600\" data-element_type=\"widget\" data-widget_type=\"heading.default\">\n\t\t\t\t<div class=\"elementor-widget-container\">\n\t\t\t\t\t<h2 class=\"elementor-heading-title elementor-size-default\">Portraits des neuf candidates<\/h2>\t\t\t\t<\/div>\n\t\t\t\t<\/div>\n\t\t\t\t<div class=\"elementor-element elementor-element-a4b55e0 elementor-widget elementor-widget-text-editor\" data-id=\"a4b55e0\" data-element_type=\"widget\" data-widget_type=\"text-editor.default\">\n\t\t\t\t<div class=\"elementor-widget-container\">\n\t\t\t\t\t\t\t\t\t<p><span style=\"font-weight: 400;\">Miss Guyane 2025, c\u2019est une galerie de portraits o\u00f9 chacune apporte sa touche unique. Parmi elles :<\/span><\/p><ul><li style=\"font-weight: 400;\" aria-level=\"1\"><span style=\"font-weight: 400;\">Lizandra Flambeau, 23 ans, 1m75, de R\u00e9mire-Montjoly, dipl\u00f4m\u00e9e d\u2019\u00c9tat en psychomotricit\u00e9, reconnue pour son empathie et sa bienveillance.<\/span><\/li><li style=\"font-weight: 400;\" aria-level=\"1\"><span style=\"font-weight: 400;\">Amandine Beaubrun, 31 ans, 1m75, originaire de Saint-Laurent-du-Maroni, dont le parcours mature inspire le respect.<\/span><\/li><li style=\"font-weight: 400;\" aria-level=\"1\"><span style=\"font-weight: 400;\">Lauriane Callender, 32 ans, 1m76, de R\u00e9mire-Montjoly, la plus exp\u00e9riment\u00e9e du groupe, symbolise la d\u00e9termination et la pers\u00e9v\u00e9rance.<\/span><\/li><li style=\"font-weight: 400;\" aria-level=\"1\"><span style=\"font-weight: 400;\">Noa Audibert, 20 ans, 1m73, \u00e9galement de R\u00e9mire-Montjoly, incarne la jeunesse et l\u2019audace.<\/span><\/li><li style=\"font-weight: 400;\" aria-level=\"1\"><span style=\"font-weight: 400;\">Mercy Baeta, 20 ans, 1m81, de Matoury, impressionne par sa prestance et son engagement.<\/span><\/li><\/ul>\t\t\t\t\t\t\t\t<\/div>\n\t\t\t\t<\/div>\n\t\t\t\t<section class=\"elementor-section elementor-inner-section elementor-element elementor-element-317f77c elementor-section-boxed elementor-section-height-default elementor-section-height-default\" data-id=\"317f77c\" data-element_type=\"section\">\n\t\t\t\t\t\t<div class=\"elementor-container elementor-column-gap-default\">\n\t\t\t\t\t<div class=\"elementor-column elementor-col-20 elementor-inner-column elementor-element elementor-element-5b1aa7f\" data-id=\"5b1aa7f\" data-element_type=\"column\">\n\t\t\t<div class=\"elementor-widget-wrap elementor-element-populated\">\n\t\t\t\t\t\t<div class=\"elementor-element elementor-element-6a5c0c0 elementor-widget elementor-widget-image\" data-id=\"6a5c0c0\" data-element_type=\"widget\" data-widget_type=\"image.default\">\n\t\t\t\t<div class=\"elementor-widget-container\">\n\t\t\t\t\t\t\t\t\t\t\t\t<figure class=\"wp-caption\">\n\t\t\t\t\t\t\t\t\t\t<img decoding=\"async\" width=\"450\" height=\"800\" src=\"https:\/\/richeskarayib.com\/wp-content\/uploads\/2025\/05\/Candidate-1-Lizandra-Flambeau-23-ans-1m75-de-Remire-Montjoly.webp\" class=\"attachment-large size-large wp-image-52919\" alt=\"Miss Guyane 2025\" srcset=\"https:\/\/richeskarayib.com\/wp-content\/uploads\/2025\/05\/Candidate-1-Lizandra-Flambeau-23-ans-1m75-de-Remire-Montjoly.webp 450w, https:\/\/richeskarayib.com\/wp-content\/uploads\/2025\/05\/Candidate-1-Lizandra-Flambeau-23-ans-1m75-de-Remire-Montjoly-169x300.webp 169w\" sizes=\"(max-width: 450px) 100vw, 450px\" \/>\t\t\t\t\t\t\t\t\t\t\t<figcaption class=\"widget-image-caption wp-caption-text\">Candidate 1 Lizandra Flambeau, 23 ans, 1m75 de R\u00e9mire-Montjoly<\/figcaption>\n\t\t\t\t\t\t\t\t\t\t<\/figure>\n\t\t\t\t\t\t\t\t\t<\/div>\n\t\t\t\t<\/div>\n\t\t\t\t\t<\/div>\n\t\t<\/div>\n\t\t\t\t<div class=\"elementor-column elementor-col-20 elementor-inner-column elementor-element elementor-element-e5f5829\" data-id=\"e5f5829\" data-element_type=\"column\">\n\t\t\t<div class=\"elementor-widget-wrap elementor-element-populated\">\n\t\t\t\t\t\t<div class=\"elementor-element elementor-element-9253c67 elementor-widget elementor-widget-image\" data-id=\"9253c67\" data-element_type=\"widget\" data-widget_type=\"image.default\">\n\t\t\t\t<div class=\"elementor-widget-container\">\n\t\t\t\t\t\t\t\t\t\t\t\t<figure class=\"wp-caption\">\n\t\t\t\t\t\t\t\t\t\t<img loading=\"lazy\" decoding=\"async\" width=\"450\" height=\"800\" src=\"https:\/\/richeskarayib.com\/wp-content\/uploads\/2025\/05\/Candidate-2-Amandine-Beaubrun-31-ans-1m75-de-Saint-Laurent-du-Maroni.webp\" class=\"attachment-large size-large wp-image-52923\" alt=\"Miss Guyane 2025\" srcset=\"https:\/\/richeskarayib.com\/wp-content\/uploads\/2025\/05\/Candidate-2-Amandine-Beaubrun-31-ans-1m75-de-Saint-Laurent-du-Maroni.webp 450w, https:\/\/richeskarayib.com\/wp-content\/uploads\/2025\/05\/Candidate-2-Amandine-Beaubrun-31-ans-1m75-de-Saint-Laurent-du-Maroni-169x300.webp 169w\" sizes=\"(max-width: 450px) 100vw, 450px\" \/>\t\t\t\t\t\t\t\t\t\t\t<figcaption class=\"widget-image-caption wp-caption-text\">Candidate 2 Amandine Beaubrun, 31 ans, 1m75 de Saint-Laurent-du-Maroni<\/figcaption>\n\t\t\t\t\t\t\t\t\t\t<\/figure>\n\t\t\t\t\t\t\t\t\t<\/div>\n\t\t\t\t<\/div>\n\t\t\t\t\t<\/div>\n\t\t<\/div>\n\t\t\t\t<div class=\"elementor-column elementor-col-20 elementor-inner-column elementor-element elementor-element-6f6d5ca\" data-id=\"6f6d5ca\" data-element_type=\"column\">\n\t\t\t<div class=\"elementor-widget-wrap elementor-element-populated\">\n\t\t\t\t\t\t<div class=\"elementor-element elementor-element-4bbf3c1 elementor-widget elementor-widget-image\" data-id=\"4bbf3c1\" data-element_type=\"widget\" data-widget_type=\"image.default\">\n\t\t\t\t<div class=\"elementor-widget-container\">\n\t\t\t\t\t\t\t\t\t\t\t\t<figure class=\"wp-caption\">\n\t\t\t\t\t\t\t\t\t\t<img loading=\"lazy\" decoding=\"async\" width=\"450\" height=\"800\" src=\"https:\/\/richeskarayib.com\/wp-content\/uploads\/2025\/05\/Candidate-3-Lauriane-Callender-32-ans-1m76-Remire-Montjoly.webp\" class=\"attachment-large size-large wp-image-52927\" alt=\"Miss Guyane 2025\" srcset=\"https:\/\/richeskarayib.com\/wp-content\/uploads\/2025\/05\/Candidate-3-Lauriane-Callender-32-ans-1m76-Remire-Montjoly.webp 450w, https:\/\/richeskarayib.com\/wp-content\/uploads\/2025\/05\/Candidate-3-Lauriane-Callender-32-ans-1m76-Remire-Montjoly-169x300.webp 169w\" sizes=\"(max-width: 450px) 100vw, 450px\" \/>\t\t\t\t\t\t\t\t\t\t\t<figcaption class=\"widget-image-caption wp-caption-text\">Candidate 3 Lauriane Callender, 32 ans, 1m76, R\u00e9mire-Montjoly<\/figcaption>\n\t\t\t\t\t\t\t\t\t\t<\/figure>\n\t\t\t\t\t\t\t\t\t<\/div>\n\t\t\t\t<\/div>\n\t\t\t\t\t<\/div>\n\t\t<\/div>\n\t\t\t\t<div class=\"elementor-column elementor-col-20 elementor-inner-column elementor-element elementor-element-383b7a1\" data-id=\"383b7a1\" data-element_type=\"column\">\n\t\t\t<div class=\"elementor-widget-wrap elementor-element-populated\">\n\t\t\t\t\t\t<div class=\"elementor-element elementor-element-f66855b elementor-widget elementor-widget-image\" data-id=\"f66855b\" data-element_type=\"widget\" data-widget_type=\"image.default\">\n\t\t\t\t<div class=\"elementor-widget-container\">\n\t\t\t\t\t\t\t\t\t\t\t\t<figure class=\"wp-caption\">\n\t\t\t\t\t\t\t\t\t\t<img loading=\"lazy\" decoding=\"async\" width=\"450\" height=\"800\" src=\"https:\/\/richeskarayib.com\/wp-content\/uploads\/2025\/05\/Candidate-4-Noa-Audibert-20-ans-1m73-Remire-Montjoly.webp\" class=\"attachment-large size-large wp-image-52931\" alt=\"Miss Guyane 2025\" srcset=\"https:\/\/richeskarayib.com\/wp-content\/uploads\/2025\/05\/Candidate-4-Noa-Audibert-20-ans-1m73-Remire-Montjoly.webp 450w, https:\/\/richeskarayib.com\/wp-content\/uploads\/2025\/05\/Candidate-4-Noa-Audibert-20-ans-1m73-Remire-Montjoly-169x300.webp 169w\" sizes=\"(max-width: 450px) 100vw, 450px\" \/>\t\t\t\t\t\t\t\t\t\t\t<figcaption class=\"widget-image-caption wp-caption-text\">Candidate 4 Noa Audibert, 20 ans, 1m73, R\u00e9mire-Montjoly<\/figcaption>\n\t\t\t\t\t\t\t\t\t\t<\/figure>\n\t\t\t\t\t\t\t\t\t<\/div>\n\t\t\t\t<\/div>\n\t\t\t\t\t<\/div>\n\t\t<\/div>\n\t\t\t\t<div class=\"elementor-column elementor-col-20 elementor-inner-column elementor-element elementor-element-0e171fc\" data-id=\"0e171fc\" data-element_type=\"column\">\n\t\t\t<div class=\"elementor-widget-wrap elementor-element-populated\">\n\t\t\t\t\t\t<div class=\"elementor-element elementor-element-091e4dd elementor-widget elementor-widget-image\" data-id=\"091e4dd\" data-element_type=\"widget\" data-widget_type=\"image.default\">\n\t\t\t\t<div class=\"elementor-widget-container\">\n\t\t\t\t\t\t\t\t\t\t\t\t<figure class=\"wp-caption\">\n\t\t\t\t\t\t\t\t\t\t<img loading=\"lazy\" decoding=\"async\" width=\"450\" height=\"800\" src=\"https:\/\/richeskarayib.com\/wp-content\/uploads\/2025\/05\/Candidature-5-Mercy-Baeta-20-ans-1m81-Matoury.webp\" class=\"attachment-large size-large wp-image-52935\" alt=\"Miss Guyane 2025\" srcset=\"https:\/\/richeskarayib.com\/wp-content\/uploads\/2025\/05\/Candidature-5-Mercy-Baeta-20-ans-1m81-Matoury.webp 450w, https:\/\/richeskarayib.com\/wp-content\/uploads\/2025\/05\/Candidature-5-Mercy-Baeta-20-ans-1m81-Matoury-169x300.webp 169w\" sizes=\"(max-width: 450px) 100vw, 450px\" \/>\t\t\t\t\t\t\t\t\t\t\t<figcaption class=\"widget-image-caption wp-caption-text\">Candidature 5 Mercy Baeta, 20 ans, 1m81, Matoury<\/figcaption>\n\t\t\t\t\t\t\t\t\t\t<\/figure>\n\t\t\t\t\t\t\t\t\t<\/div>\n\t\t\t\t<\/div>\n\t\t\t\t\t<\/div>\n\t\t<\/div>\n\t\t\t\t\t<\/div>\n\t\t<\/section>\n\t\t\t\t<div class=\"elementor-element elementor-element-5072117 elementor-widget elementor-widget-text-editor\" data-id=\"5072117\" data-element_type=\"widget\" data-widget_type=\"text-editor.default\">\n\t\t\t\t<div class=\"elementor-widget-container\">\n\t\t\t\t\t\t\t\t\t<ul><li style=\"font-weight: 400;\" aria-level=\"1\"><span style=\"font-weight: 400;\">Na\u00efma Polony, 24 ans, 1m74, venue de Cayenne, passionn\u00e9e par la culture et l\u2019art, elle s\u2019illustre par sa cr\u00e9ativit\u00e9 et son ouverture d\u2019esprit.<\/span><\/li><li style=\"font-weight: 400;\" aria-level=\"1\"><span style=\"font-weight: 400;\">Morganne Chabaud, 22 ans, 1m72, de Macouria, sportive accomplie, elle se distingue par sa discipline et son \u00e9nergie communicative.<\/span><\/li><li style=\"font-weight: 400;\" aria-level=\"1\"><span style=\"font-weight: 400;\">Alicia Mertosetiko, 21 ans, 1m77, originaire de Saint-Laurent-du-Maroni, engag\u00e9e dans le milieu associatif, elle milite pour la jeunesse et l\u2019\u00e9ducation.<\/span><\/li><li style=\"font-weight: 400;\" aria-level=\"1\"><span style=\"font-weight: 400;\">H\u00e9l\u00e8nne Tr\u00e9salus, 25 ans, 1m78, de Cayenne, passionn\u00e9e par la mode et le stylisme, elle souhaite promouvoir le savoir-faire local et l\u2019\u00e9l\u00e9gance guyanaise.<\/span><\/li><\/ul><p><span style=\"font-weight: 400;\">Chacune de ces jeunes femmes incarne une facette de la Guyane, m\u00ealant ambitions personnelles, engagement citoyen et fiert\u00e9 de repr\u00e9senter leur territoire.<\/span><\/p>\t\t\t\t\t\t\t\t<\/div>\n\t\t\t\t<\/div>\n\t\t\t\t<section class=\"elementor-section elementor-inner-section elementor-element elementor-element-20db3ad elementor-section-boxed elementor-section-height-default elementor-section-height-default\" data-id=\"20db3ad\" data-element_type=\"section\">\n\t\t\t\t\t\t<div class=\"elementor-container elementor-column-gap-default\">\n\t\t\t\t\t<div class=\"elementor-column elementor-col-25 elementor-inner-column elementor-element elementor-element-c15f3d4\" data-id=\"c15f3d4\" data-element_type=\"column\">\n\t\t\t<div class=\"elementor-widget-wrap elementor-element-populated\">\n\t\t\t\t\t\t<div class=\"elementor-element elementor-element-e8996c1 elementor-widget elementor-widget-image\" data-id=\"e8996c1\" data-element_type=\"widget\" data-widget_type=\"image.default\">\n\t\t\t\t<div class=\"elementor-widget-container\">\n\t\t\t\t\t\t\t\t\t\t\t\t<figure class=\"wp-caption\">\n\t\t\t\t\t\t\t\t\t\t<img loading=\"lazy\" decoding=\"async\" width=\"450\" height=\"800\" src=\"https:\/\/richeskarayib.com\/wp-content\/uploads\/2025\/05\/Candidate-6-Naima-Polony-25-ans-1m83-Matoury.webp\" class=\"attachment-large size-large wp-image-52939\" alt=\"Miss Guyane 2025\" srcset=\"https:\/\/richeskarayib.com\/wp-content\/uploads\/2025\/05\/Candidate-6-Naima-Polony-25-ans-1m83-Matoury.webp 450w, https:\/\/richeskarayib.com\/wp-content\/uploads\/2025\/05\/Candidate-6-Naima-Polony-25-ans-1m83-Matoury-169x300.webp 169w\" sizes=\"(max-width: 450px) 100vw, 450px\" \/>\t\t\t\t\t\t\t\t\t\t\t<figcaption class=\"widget-image-caption wp-caption-text\">Candidate 6 Na\u00efma Polony, 25 ans, 1m83, Matoury<\/figcaption>\n\t\t\t\t\t\t\t\t\t\t<\/figure>\n\t\t\t\t\t\t\t\t\t<\/div>\n\t\t\t\t<\/div>\n\t\t\t\t\t<\/div>\n\t\t<\/div>\n\t\t\t\t<div class=\"elementor-column elementor-col-25 elementor-inner-column elementor-element elementor-element-c2c89dd\" data-id=\"c2c89dd\" data-element_type=\"column\">\n\t\t\t<div class=\"elementor-widget-wrap elementor-element-populated\">\n\t\t\t\t\t\t<div class=\"elementor-element elementor-element-8147835 elementor-widget elementor-widget-image\" data-id=\"8147835\" data-element_type=\"widget\" data-widget_type=\"image.default\">\n\t\t\t\t<div class=\"elementor-widget-container\">\n\t\t\t\t\t\t\t\t\t\t\t\t<figure class=\"wp-caption\">\n\t\t\t\t\t\t\t\t\t\t<img loading=\"lazy\" decoding=\"async\" width=\"450\" height=\"800\" src=\"https:\/\/richeskarayib.com\/wp-content\/uploads\/2025\/05\/Candidate-7-Morgane-Chabaud-22-ans-1m83-Cayenne.webp\" class=\"attachment-large size-large wp-image-52943\" alt=\"Miss Guyane 2025\" srcset=\"https:\/\/richeskarayib.com\/wp-content\/uploads\/2025\/05\/Candidate-7-Morgane-Chabaud-22-ans-1m83-Cayenne.webp 450w, https:\/\/richeskarayib.com\/wp-content\/uploads\/2025\/05\/Candidate-7-Morgane-Chabaud-22-ans-1m83-Cayenne-169x300.webp 169w\" sizes=\"(max-width: 450px) 100vw, 450px\" \/>\t\t\t\t\t\t\t\t\t\t\t<figcaption class=\"widget-image-caption wp-caption-text\">Candidate 7 Morgane Chabaud, 22 ans, 1m83, Cayenne<\/figcaption>\n\t\t\t\t\t\t\t\t\t\t<\/figure>\n\t\t\t\t\t\t\t\t\t<\/div>\n\t\t\t\t<\/div>\n\t\t\t\t\t<\/div>\n\t\t<\/div>\n\t\t\t\t<div class=\"elementor-column elementor-col-25 elementor-inner-column elementor-element elementor-element-d305a92\" data-id=\"d305a92\" data-element_type=\"column\">\n\t\t\t<div class=\"elementor-widget-wrap elementor-element-populated\">\n\t\t\t\t\t\t<div class=\"elementor-element elementor-element-c8585f3 elementor-widget elementor-widget-image\" data-id=\"c8585f3\" data-element_type=\"widget\" data-widget_type=\"image.default\">\n\t\t\t\t<div class=\"elementor-widget-container\">\n\t\t\t\t\t\t\t\t\t\t\t\t<figure class=\"wp-caption\">\n\t\t\t\t\t\t\t\t\t\t<img loading=\"lazy\" decoding=\"async\" width=\"450\" height=\"800\" src=\"https:\/\/richeskarayib.com\/wp-content\/uploads\/2025\/05\/Candidate-8-Alicia-Mertosetiko-20-ans-1m72-Remire-Montjoly.webp\" class=\"attachment-large size-large wp-image-52947\" alt=\"Miss Guyane 2025\" srcset=\"https:\/\/richeskarayib.com\/wp-content\/uploads\/2025\/05\/Candidate-8-Alicia-Mertosetiko-20-ans-1m72-Remire-Montjoly.webp 450w, https:\/\/richeskarayib.com\/wp-content\/uploads\/2025\/05\/Candidate-8-Alicia-Mertosetiko-20-ans-1m72-Remire-Montjoly-169x300.webp 169w\" sizes=\"(max-width: 450px) 100vw, 450px\" \/>\t\t\t\t\t\t\t\t\t\t\t<figcaption class=\"widget-image-caption wp-caption-text\">Candidate 8 Alicia Mertosetiko, 20 ans, 1m72, R\u00e9mire-Montjoly<\/figcaption>\n\t\t\t\t\t\t\t\t\t\t<\/figure>\n\t\t\t\t\t\t\t\t\t<\/div>\n\t\t\t\t<\/div>\n\t\t\t\t\t<\/div>\n\t\t<\/div>\n\t\t\t\t<div class=\"elementor-column elementor-col-25 elementor-inner-column elementor-element elementor-element-1da0980\" data-id=\"1da0980\" data-element_type=\"column\">\n\t\t\t<div class=\"elementor-widget-wrap elementor-element-populated\">\n\t\t\t\t\t\t<div class=\"elementor-element elementor-element-0336f1a elementor-widget elementor-widget-image\" data-id=\"0336f1a\" data-element_type=\"widget\" data-widget_type=\"image.default\">\n\t\t\t\t<div class=\"elementor-widget-container\">\n\t\t\t\t\t\t\t\t\t\t\t\t<figure class=\"wp-caption\">\n\t\t\t\t\t\t\t\t\t\t<img loading=\"lazy\" decoding=\"async\" width=\"450\" height=\"800\" src=\"https:\/\/richeskarayib.com\/wp-content\/uploads\/2025\/05\/Candidate-9-Helenne-Tresalus-25-ans-1m70-Macouria.webp\" class=\"attachment-large size-large wp-image-52951\" alt=\"Miss Guyane 2025\" srcset=\"https:\/\/richeskarayib.com\/wp-content\/uploads\/2025\/05\/Candidate-9-Helenne-Tresalus-25-ans-1m70-Macouria.webp 450w, https:\/\/richeskarayib.com\/wp-content\/uploads\/2025\/05\/Candidate-9-Helenne-Tresalus-25-ans-1m70-Macouria-169x300.webp 169w\" sizes=\"(max-width: 450px) 100vw, 450px\" \/>\t\t\t\t\t\t\t\t\t\t\t<figcaption class=\"widget-image-caption wp-caption-text\">Candidate 9 H\u00e9lenne Tresalus, 25 ans, 1m70, Macouria<\/figcaption>\n\t\t\t\t\t\t\t\t\t\t<\/figure>\n\t\t\t\t\t\t\t\t\t<\/div>\n\t\t\t\t<\/div>\n\t\t\t\t\t<\/div>\n\t\t<\/div>\n\t\t\t\t\t<\/div>\n\t\t<\/section>\n\t\t\t\t\t<\/div>\n\t\t<\/div>\n\t\t\t\t\t<\/div>\n\t\t<\/section>\n\t\t\t\t<section class=\"elementor-section elementor-top-section elementor-element elementor-element-9b22c49 elementor-section-boxed elementor-section-height-default elementor-section-height-default\" data-id=\"9b22c49\" data-element_type=\"section\">\n\t\t\t\t\t\t<div class=\"elementor-container elementor-column-gap-default\">\n\t\t\t\t\t<div class=\"elementor-column elementor-col-100 elementor-top-column elementor-element elementor-element-7121c8b\" data-id=\"7121c8b\" data-element_type=\"column\">\n\t\t\t<div class=\"elementor-widget-wrap elementor-element-populated\">\n\t\t\t\t\t\t<div class=\"elementor-element elementor-element-64e7411 elementor-widget elementor-widget-heading\" data-id=\"64e7411\" data-element_type=\"widget\" data-widget_type=\"heading.default\">\n\t\t\t\t<div class=\"elementor-widget-container\">\n\t\t\t\t\t<h2 class=\"elementor-heading-title elementor-size-default\">Une \u00e9lection r\u00e9gionale attendue<\/h2>\t\t\t\t<\/div>\n\t\t\t\t<\/div>\n\t\t\t\t<div class=\"elementor-element elementor-element-5224caa elementor-widget elementor-widget-text-editor\" data-id=\"5224caa\" data-element_type=\"widget\" data-widget_type=\"text-editor.default\">\n\t\t\t\t<div class=\"elementor-widget-container\">\n\t\t\t\t\t\t\t\t\t<h3><strong>Date et lieu de l\u2019\u00e9v\u00e9nement<\/strong><\/h3><p><span style=\"font-weight: 400;\">Miss Guyane 2025, c\u2019est un compte \u00e0 rebours lanc\u00e9 jusqu\u2019au samedi 12 juillet, date de l\u2019\u00e9lection r\u00e9gionale qui se tiendra au PROGT de Matoury. Ce moment marquera l\u2019aboutissement de semaines d\u2019efforts et de pr\u00e9paration pour les candidates, mais aussi l\u2019occasion pour le public guyanais de soutenir sa favorite.<\/span><\/p>\t\t\t\t\t\t\t\t<\/div>\n\t\t\t\t<\/div>\n\t\t\t\t<div class=\"elementor-element elementor-element-340c215 elementor-widget elementor-widget-text-editor\" data-id=\"340c215\" data-element_type=\"widget\" data-widget_type=\"text-editor.default\">\n\t\t\t\t<div class=\"elementor-widget-container\">\n\t\t\t\t\t\t\t\t\t<h3><strong>Pr\u00e9sence exceptionnelle d\u2019Ang\u00e9lique Angarni-Filopon<\/strong><\/h3><p><span style=\"font-weight: 400;\">Cette ann\u00e9e, l\u2019\u00e9lection sera honor\u00e9e par la pr\u00e9sence d\u2019Ang\u00e9lique <a href=\"https:\/\/richeskarayib.com\/fr\/miss-france-2025-angelique-agarni-filopon\/\" target=\"_blank\" rel=\"noopener\">Angarni-Filopon<\/a>, Miss France 2025, qui viendra saluer le parcours des candidates et transmettre un message d\u2019encouragement et d\u2019unit\u00e9. Sa venue souligne l\u2019importance de ce concours dans le rayonnement de la Guyane au sein de l\u2019Hexagone.<\/span><\/p>\t\t\t\t\t\t\t\t<\/div>\n\t\t\t\t<\/div>\n\t\t\t\t\t<\/div>\n\t\t<\/div>\n\t\t\t\t\t<\/div>\n\t\t<\/section>\n\t\t\t\t<section class=\"elementor-section elementor-top-section elementor-element elementor-element-78a168f elementor-section-boxed elementor-section-height-default elementor-section-height-default\" data-id=\"78a168f\" data-element_type=\"section\">\n\t\t\t\t\t\t<div class=\"elementor-container elementor-column-gap-default\">\n\t\t\t\t\t<div class=\"elementor-column elementor-col-100 elementor-top-column elementor-element elementor-element-48793ec\" data-id=\"48793ec\" data-element_type=\"column\">\n\t\t\t<div class=\"elementor-widget-wrap elementor-element-populated\">\n\t\t\t\t\t\t<div class=\"elementor-element elementor-element-e7a1f52 elementor-widget elementor-widget-text-editor\" data-id=\"e7a1f52\" data-element_type=\"widget\" data-widget_type=\"text-editor.default\">\n\t\t\t\t<div class=\"elementor-widget-container\">\n\t\t\t\t\t\t\t\t\t<p><span style=\"font-weight: 400;\">Miss Guyane 2025, c\u2019est bien plus qu\u2019un simple concours de beaut\u00e9. C\u2019est une aventure humaine, un tremplin pour des jeunes femmes ambitieuses, et un miroir de la diversit\u00e9 et du dynamisme de la Guyane. \u00c0 travers leurs parcours, leurs engagements et leurs r\u00eaves, ces neuf candidates incarnent l\u2019espoir et l\u2019avenir du territoire. Rendez-vofaceus le 12 juillet pour d\u00e9couvrir celle qui succ\u00e9dera \u00e0 Jade Fansonna et portera haut les couleurs de la Guyane lors de Miss France 2026.<\/span><\/p>\t\t\t\t\t\t\t\t<\/div>\n\t\t\t\t<\/div>\n\t\t\t\t\t<\/div>\n\t\t<\/div>\n\t\t\t\t\t<\/div>\n\t\t<\/section>\n\t\t\t\t<\/div>\n\t\t","protected":false},"excerpt":{"rendered":"<p>Miss Guyane 2025, un \u00e9v\u00e9nement qui suscite d\u00e9j\u00e0 l\u2019enthousiasme et la curiosit\u00e9 en Guyane. Ce mardi 27 mai, au Mercure Royal Amazonie, le comit\u00e9 Miss Guyane a r\u00e9v\u00e9l\u00e9 les neuf jeunes femmes qui r\u00eavent de succ\u00e9der \u00e0 Jade Fansonna et de repr\u00e9senter la Guyane lors du prestigieux concours Miss France 2026. Cette nouvelle \u00e9dition s\u2019annonce [&hellip;]<\/p>\n","protected":false},"author":662,"featured_media":52915,"comment_status":"open","ping_status":"open","sticky":false,"template":"","format":"standard","meta":{"_acf_changed":false,"footnotes":""},"categories":[840,1501],"tags":[1544],"class_list":["post-52914","post","type-post","status-publish","format-standard","has-post-thumbnail","hentry","category-actus","category-mode","tag-guyane-2"],"acf":[],"_links":{"self":[{"href":"https:\/\/richeskarayib.com\/fr\/wp-json\/wp\/v2\/posts\/52914","targetHints":{"allow":["GET"]}}],"collection":[{"href":"https:\/\/richeskarayib.com\/fr\/wp-json\/wp\/v2\/posts"}],"about":[{"href":"https:\/\/richeskarayib.com\/fr\/wp-json\/wp\/v2\/types\/post"}],"author":[{"embeddable":true,"href":"https:\/\/richeskarayib.com\/fr\/wp-json\/wp\/v2\/users\/662"}],"replies":[{"embeddable":true,"href":"https:\/\/richeskarayib.com\/fr\/wp-json\/wp\/v2\/comments?post=52914"}],"version-history":[{"count":0,"href":"https:\/\/richeskarayib.com\/fr\/wp-json\/wp\/v2\/posts\/52914\/revisions"}],"wp:featuredmedia":[{"embeddable":true,"href":"https:\/\/richeskarayib.com\/fr\/wp-json\/wp\/v2\/media\/52915"}],"wp:attachment":[{"href":"https:\/\/richeskarayib.com\/fr\/wp-json\/wp\/v2\/media?parent=52914"}],"wp:term":[{"taxonomy":"category","embeddable":true,"href":"https:\/\/richeskarayib.com\/fr\/wp-json\/wp\/v2\/categories?post=52914"},{"taxonomy":"post_tag","embeddable":true,"href":"https:\/\/richeskarayib.com\/fr\/wp-json\/wp\/v2\/tags?post=52914"}],"curies":[{"name":"wp","href":"https:\/\/api.w.org\/{rel}","templated":true}]}}