{"id":53241,"date":"2025-06-01T13:37:00","date_gmt":"2025-06-01T17:37:00","guid":{"rendered":"https:\/\/richeskarayib.com\/?p=53241"},"modified":"2025-06-01T13:52:33","modified_gmt":"2025-06-01T17:52:33","slug":"aurelie-joachim-martinique-miss-monde-2025","status":"publish","type":"post","link":"https:\/\/richeskarayib.com\/fr\/aurelie-joachim-martinique-miss-monde-2025\/","title":{"rendered":"Martinique &#8211; Aur\u00e9lie Joachim : Un parcours exemplaire de la Martinique \u00e0 la sc\u00e8ne mondiale de Miss Monde 2025"},"content":{"rendered":"\t\t<div data-elementor-type=\"wp-post\" data-elementor-id=\"53241\" class=\"elementor elementor-53241\" data-elementor-post-type=\"post\">\n\t\t\t\t\t\t<section class=\"elementor-section elementor-top-section elementor-element elementor-element-aff47a5 elementor-section-boxed elementor-section-height-default elementor-section-height-default\" data-id=\"aff47a5\" data-element_type=\"section\">\n\t\t\t\t\t\t<div class=\"elementor-container elementor-column-gap-default\">\n\t\t\t\t\t<div class=\"elementor-column elementor-col-100 elementor-top-column elementor-element elementor-element-83927da\" data-id=\"83927da\" data-element_type=\"column\">\n\t\t\t<div class=\"elementor-widget-wrap elementor-element-populated\">\n\t\t\t\t\t\t<div class=\"elementor-element elementor-element-2888162 elementor-widget elementor-widget-text-editor\" data-id=\"2888162\" data-element_type=\"widget\" data-widget_type=\"text-editor.default\">\n\t\t\t\t<div class=\"elementor-widget-container\">\n\t\t\t\t\t\t\t\t\t<p><span style=\"font-weight: 400;\"><a href=\"https:\/\/www.instagram.com\/aureliejoa\/\" target=\"_blank\" rel=\"noopener nofollow\">Aur\u00e9lie Joachim<\/a> s\u2019est impos\u00e9e en 2025 comme une figure marquante de la <a href=\"https:\/\/richeskarayib.com\/fr\/cooperation-caraibe-lamentin-santiago-de-cuba-30-ans-culturels-et-solidaires\/\" target=\"_blank\" rel=\"noopener\">Martinique<\/a> sur la sc\u00e8ne internationale, en d\u00e9crochant la place de troisi\u00e8me dauphine \u00e0 Miss Monde. Son ascension, fruit d\u2019un engagement profond et d\u2019un parcours jalonn\u00e9 de succ\u00e8s, offre aujourd\u2019hui un exemple inspirant, aussi bien pour les sp\u00e9cialistes des concours de beaut\u00e9 que pour ceux qui d\u00e9couvrent la r\u00e9alit\u00e9 carib\u00e9enne. Aur\u00e9lie Joachim n\u2019est pas seulement un nom ; elle incarne l\u2019espoir, la d\u00e9termination et la capacit\u00e9 d\u2019une \u00eele \u00e0 rayonner bien au-del\u00e0 de ses fronti\u00e8res.<\/span><\/p>\t\t\t\t\t\t\t\t<\/div>\n\t\t\t\t<\/div>\n\t\t\t\t\t<\/div>\n\t\t<\/div>\n\t\t\t\t\t<\/div>\n\t\t<\/section>\n\t\t\t\t<section class=\"elementor-section elementor-top-section elementor-element elementor-element-a940619 elementor-section-boxed elementor-section-height-default elementor-section-height-default\" data-id=\"a940619\" data-element_type=\"section\">\n\t\t\t\t\t\t<div class=\"elementor-container elementor-column-gap-default\">\n\t\t\t\t\t<div class=\"elementor-column elementor-col-100 elementor-top-column elementor-element elementor-element-cec34eb\" data-id=\"cec34eb\" data-element_type=\"column\">\n\t\t\t<div class=\"elementor-widget-wrap elementor-element-populated\">\n\t\t\t\t\t\t<div class=\"elementor-element elementor-element-f7accd7 elementor-widget elementor-widget-heading\" data-id=\"f7accd7\" data-element_type=\"widget\" data-widget_type=\"heading.default\">\n\t\t\t\t<div class=\"elementor-widget-container\">\n\t\t\t\t\t<h2 class=\"elementor-heading-title elementor-size-default\">Une Ambassadrice de la Martinique \u00e0 l\u2019International<\/h2>\t\t\t\t<\/div>\n\t\t\t\t<\/div>\n\t\t\t\t<div class=\"elementor-element elementor-element-3f476bd elementor-widget elementor-widget-text-editor\" data-id=\"3f476bd\" data-element_type=\"widget\" data-widget_type=\"text-editor.default\">\n\t\t\t\t<div class=\"elementor-widget-container\">\n\t\t\t\t\t\t\t\t\t<h3><strong>Origines et engagement\u00a0<\/strong><\/h3>\n<p><span style=\"font-weight: 400;\">N\u00e9e \u00e0 Ducos, <a href=\"https:\/\/la1ere.franceinfo.fr\/martinique\/miss-monde-2025-la-martiniquaise-aurelie-joachim-est-troisieme-dauphine-1591677.html\" target=\"_blank\" rel=\"noopener nofollow\">Aur\u00e9lie Joachim<\/a> grandit dans une Martinique o\u00f9 la solidarit\u00e9 et l\u2019esprit communautaire sont des valeurs fondamentales. Tr\u00e8s t\u00f4t, elle s\u2019illustre par sa capacit\u00e9 \u00e0 f\u00e9d\u00e9rer et \u00e0 d\u00e9fendre les causes qui lui tiennent \u00e0 c\u0153ur. D\u00e8s 2016, elle remporte le titre de Miss Martinique, r\u00e9v\u00e9lant un charisme naturel et une aisance \u00e0 repr\u00e9senter son territoire. Contrairement \u00e0 l\u2019image parfois superficielle des concours de beaut\u00e9, Aur\u00e9lie Joachim se distingue par une implication sinc\u00e8re dans la vie associative et sociale de son \u00eele.<\/span><\/p>\t\t\t\t\t\t\t\t<\/div>\n\t\t\t\t<\/div>\n\t\t\t\t<div class=\"elementor-element elementor-element-43ca449 elementor-widget elementor-widget-text-editor\" data-id=\"43ca449\" data-element_type=\"widget\" data-widget_type=\"text-editor.default\">\n\t\t\t\t<div class=\"elementor-widget-container\">\n\t\t\t\t\t\t\t\t\t<h3><strong>S\u00e9lection strat\u00e9gique pour Miss Monde 2025<\/strong><\/h3>\n<p><span style=\"font-weight: 400;\">En 2025, le comit\u00e9 martiniquais opte pour une strat\u00e9gie audacieuse : s\u00e9lectionner une ancienne laur\u00e9ate, riche d\u2019exp\u00e9rience et d\u2019engagement. Ce choix s\u2019av\u00e8re payant. Aur\u00e9lie Joachim, forte de ses ann\u00e9es de maturit\u00e9 et de son investissement dans des causes sociales, porte haut les couleurs de la Martinique \u00e0 Miss Monde 2025. Cette s\u00e9lection illustre la volont\u00e9 de l\u2019\u00eele de miser sur la profondeur humaine autant que sur l\u2019apparence.<\/span><\/p>\t\t\t\t\t\t\t\t<\/div>\n\t\t\t\t<\/div>\n\t\t\t\t<section class=\"elementor-section elementor-inner-section elementor-element elementor-element-f4357d0 elementor-section-boxed elementor-section-height-default elementor-section-height-default\" data-id=\"f4357d0\" data-element_type=\"section\">\n\t\t\t\t\t\t<div class=\"elementor-container elementor-column-gap-default\">\n\t\t\t\t\t<div class=\"elementor-column elementor-col-100 elementor-inner-column elementor-element elementor-element-c256f3f\" data-id=\"c256f3f\" data-element_type=\"column\">\n\t\t\t<div class=\"elementor-widget-wrap elementor-element-populated\">\n\t\t\t\t\t\t<div class=\"elementor-element elementor-element-75d8231 elementor-widget elementor-widget-image\" data-id=\"75d8231\" data-element_type=\"widget\" data-widget_type=\"image.default\">\n\t\t\t\t<div class=\"elementor-widget-container\">\n\t\t\t\t\t\t\t\t\t\t\t\t\t\t\t<img fetchpriority=\"high\" decoding=\"async\" width=\"800\" height=\"998\" src=\"https:\/\/richeskarayib.com\/wp-content\/uploads\/2025\/06\/500542816_17901743928191628_3565013045899446974_n-821x1024.jpg\" class=\"attachment-large size-large wp-image-53250\" alt=\"Aur\u00e9lie Joachim\" srcset=\"https:\/\/richeskarayib.com\/wp-content\/uploads\/2025\/06\/500542816_17901743928191628_3565013045899446974_n-821x1024.jpg 821w, https:\/\/richeskarayib.com\/wp-content\/uploads\/2025\/06\/500542816_17901743928191628_3565013045899446974_n-241x300.jpg 241w, https:\/\/richeskarayib.com\/wp-content\/uploads\/2025\/06\/500542816_17901743928191628_3565013045899446974_n-768x957.jpg 768w, https:\/\/richeskarayib.com\/wp-content\/uploads\/2025\/06\/500542816_17901743928191628_3565013045899446974_n-1232x1536.jpg 1232w, https:\/\/richeskarayib.com\/wp-content\/uploads\/2025\/06\/500542816_17901743928191628_3565013045899446974_n-1320x1645.jpg 1320w, https:\/\/richeskarayib.com\/wp-content\/uploads\/2025\/06\/500542816_17901743928191628_3565013045899446974_n.jpg 1440w\" sizes=\"(max-width: 800px) 100vw, 800px\" \/>\t\t\t\t\t\t\t\t\t\t\t\t\t\t\t<\/div>\n\t\t\t\t<\/div>\n\t\t\t\t\t<\/div>\n\t\t<\/div>\n\t\t\t\t\t<\/div>\n\t\t<\/section>\n\t\t\t\t\t<\/div>\n\t\t<\/div>\n\t\t\t\t\t<\/div>\n\t\t<\/section>\n\t\t\t\t<section class=\"elementor-section elementor-top-section elementor-element elementor-element-3f2c55e elementor-section-boxed elementor-section-height-default elementor-section-height-default\" data-id=\"3f2c55e\" data-element_type=\"section\">\n\t\t\t\t\t\t<div class=\"elementor-container elementor-column-gap-default\">\n\t\t\t\t\t<div class=\"elementor-column elementor-col-100 elementor-top-column elementor-element elementor-element-c80a519\" data-id=\"c80a519\" data-element_type=\"column\">\n\t\t\t<div class=\"elementor-widget-wrap elementor-element-populated\">\n\t\t\t\t\t\t<div class=\"elementor-element elementor-element-fea1ae1 elementor-widget elementor-widget-heading\" data-id=\"fea1ae1\" data-element_type=\"widget\" data-widget_type=\"heading.default\">\n\t\t\t\t<div class=\"elementor-widget-container\">\n\t\t\t\t\t<h2 class=\"elementor-heading-title elementor-size-default\">Des Titres Prestigieux pour Aur\u00e9lie Joachim<\/h2>\t\t\t\t<\/div>\n\t\t\t\t<\/div>\n\t\t\t\t<div class=\"elementor-element elementor-element-b9efd94 elementor-widget elementor-widget-text-editor\" data-id=\"b9efd94\" data-element_type=\"widget\" data-widget_type=\"text-editor.default\">\n\t\t\t\t<div class=\"elementor-widget-container\">\n\t\t\t\t\t\t\t\t\t<h3><strong>Miss Monde Am\u00e9riques et Cara\u00efbes : une reconnaissance continentale<\/strong><\/h3>\n<p><span style=\"font-weight: 400;\">Aur\u00e9lie Joachim ne s\u2019est pas content\u00e9e d\u2019une simple participation. Elle a d\u00e9croch\u00e9 le titre de Miss Monde Am\u00e9riques et Cara\u00efbes, une distinction qui consacre la meilleure candidate du continent et de la r\u00e9gion. Ce titre, loin d\u2019\u00eatre symbolique, lui ouvre les portes des phases finales du concours et la place sous le regard attentif des m\u00e9dias internationaux.<\/span><\/p>\t\t\t\t\t\t\t\t<\/div>\n\t\t\t\t<\/div>\n\t\t\t\t<div class=\"elementor-element elementor-element-bf02246 elementor-widget elementor-widget-text-editor\" data-id=\"bf02246\" data-element_type=\"widget\" data-widget_type=\"text-editor.default\">\n\t\t\t\t<div class=\"elementor-widget-container\">\n\t\t\t\t\t\t\t\t\t<h2><strong>Top Model Challenge et autres distinctions marquantes<\/strong><\/h2>\n<p><span style=\"font-weight: 400;\">La Martiniquaise s\u2019est \u00e9galement illustr\u00e9e lors du Top Model Challenge, remportant la premi\u00e8re place pour la zone Am\u00e9riques et Cara\u00efbes. Elle s\u2019est hiss\u00e9e \u00e0 la deuxi\u00e8me place du challenge sportif, prouvant que la beaut\u00e9 peut rimer avec performance physique et esprit de comp\u00e9tition. Finaliste du challenge talent, Aur\u00e9lie Joachim a d\u00e9montr\u00e9 une polyvalence rare, salu\u00e9e par le jury et les observateurs.<\/span><\/p>\t\t\t\t\t\t\t\t<\/div>\n\t\t\t\t<\/div>\n\t\t\t\t<section class=\"elementor-section elementor-inner-section elementor-element elementor-element-1d87bc1 elementor-section-boxed elementor-section-height-default elementor-section-height-default\" data-id=\"1d87bc1\" data-element_type=\"section\">\n\t\t\t\t\t\t<div class=\"elementor-container elementor-column-gap-default\">\n\t\t\t\t\t<div class=\"elementor-column elementor-col-50 elementor-inner-column elementor-element elementor-element-48f6a87\" data-id=\"48f6a87\" data-element_type=\"column\">\n\t\t\t<div class=\"elementor-widget-wrap elementor-element-populated\">\n\t\t\t\t\t\t<div class=\"elementor-element elementor-element-789db1c elementor-widget elementor-widget-image\" data-id=\"789db1c\" data-element_type=\"widget\" data-widget_type=\"image.default\">\n\t\t\t\t<div class=\"elementor-widget-container\">\n\t\t\t\t\t\t\t\t\t\t\t\t\t\t\t<img decoding=\"async\" width=\"800\" height=\"1000\" src=\"https:\/\/richeskarayib.com\/wp-content\/uploads\/2025\/06\/503034886_18509698144037774_8508359644473369638_n-819x1024.jpg\" class=\"attachment-large size-large wp-image-53254\" alt=\"Aur\u00e9lie Joachim\" srcset=\"https:\/\/richeskarayib.com\/wp-content\/uploads\/2025\/06\/503034886_18509698144037774_8508359644473369638_n-819x1024.jpg 819w, https:\/\/richeskarayib.com\/wp-content\/uploads\/2025\/06\/503034886_18509698144037774_8508359644473369638_n-240x300.jpg 240w, https:\/\/richeskarayib.com\/wp-content\/uploads\/2025\/06\/503034886_18509698144037774_8508359644473369638_n-768x960.jpg 768w, https:\/\/richeskarayib.com\/wp-content\/uploads\/2025\/06\/503034886_18509698144037774_8508359644473369638_n-1229x1536.jpg 1229w, https:\/\/richeskarayib.com\/wp-content\/uploads\/2025\/06\/503034886_18509698144037774_8508359644473369638_n-1320x1650.jpg 1320w, https:\/\/richeskarayib.com\/wp-content\/uploads\/2025\/06\/503034886_18509698144037774_8508359644473369638_n.jpg 1440w\" sizes=\"(max-width: 800px) 100vw, 800px\" \/>\t\t\t\t\t\t\t\t\t\t\t\t\t\t\t<\/div>\n\t\t\t\t<\/div>\n\t\t\t\t\t<\/div>\n\t\t<\/div>\n\t\t\t\t<div class=\"elementor-column elementor-col-50 elementor-inner-column elementor-element elementor-element-2ef617a\" data-id=\"2ef617a\" data-element_type=\"column\">\n\t\t\t<div class=\"elementor-widget-wrap elementor-element-populated\">\n\t\t\t\t\t\t<div class=\"elementor-element elementor-element-be755e9 elementor-widget elementor-widget-image\" data-id=\"be755e9\" data-element_type=\"widget\" data-widget_type=\"image.default\">\n\t\t\t\t<div class=\"elementor-widget-container\">\n\t\t\t\t\t\t\t\t\t\t\t\t\t\t\t<img decoding=\"async\" width=\"800\" height=\"941\" src=\"https:\/\/richeskarayib.com\/wp-content\/uploads\/2025\/06\/503035490_18509950444037774_1135329322938080629_n-871x1024.jpg\" class=\"attachment-large size-large wp-image-53242\" alt=\"Aur\u00e9lie Joachim\" srcset=\"https:\/\/richeskarayib.com\/wp-content\/uploads\/2025\/06\/503035490_18509950444037774_1135329322938080629_n-871x1024.jpg 871w, https:\/\/richeskarayib.com\/wp-content\/uploads\/2025\/06\/503035490_18509950444037774_1135329322938080629_n-255x300.jpg 255w, https:\/\/richeskarayib.com\/wp-content\/uploads\/2025\/06\/503035490_18509950444037774_1135329322938080629_n-768x903.jpg 768w, https:\/\/richeskarayib.com\/wp-content\/uploads\/2025\/06\/503035490_18509950444037774_1135329322938080629_n.jpg 1206w\" sizes=\"(max-width: 800px) 100vw, 800px\" \/>\t\t\t\t\t\t\t\t\t\t\t\t\t\t\t<\/div>\n\t\t\t\t<\/div>\n\t\t\t\t\t<\/div>\n\t\t<\/div>\n\t\t\t\t\t<\/div>\n\t\t<\/section>\n\t\t\t\t\t<\/div>\n\t\t<\/div>\n\t\t\t\t\t<\/div>\n\t\t<\/section>\n\t\t\t\t<section class=\"elementor-section elementor-top-section elementor-element elementor-element-2380dd4 elementor-section-boxed elementor-section-height-default elementor-section-height-default\" data-id=\"2380dd4\" data-element_type=\"section\">\n\t\t\t\t\t\t<div class=\"elementor-container elementor-column-gap-default\">\n\t\t\t\t\t<div class=\"elementor-column elementor-col-100 elementor-top-column elementor-element elementor-element-bcc1da8\" data-id=\"bcc1da8\" data-element_type=\"column\">\n\t\t\t<div class=\"elementor-widget-wrap elementor-element-populated\">\n\t\t\t\t\t\t<div class=\"elementor-element elementor-element-a06b707 elementor-widget elementor-widget-heading\" data-id=\"a06b707\" data-element_type=\"widget\" data-widget_type=\"heading.default\">\n\t\t\t\t<div class=\"elementor-widget-container\">\n\t\t\t\t\t<h2 class=\"elementor-heading-title elementor-size-default\">L\u2019Engagement d\u2019Aur\u00e9lie Joachim pour la Sant\u00e9 Mentale<\/h2>\t\t\t\t<\/div>\n\t\t\t\t<\/div>\n\t\t\t\t<div class=\"elementor-element elementor-element-deeabdd elementor-widget elementor-widget-text-editor\" data-id=\"deeabdd\" data-element_type=\"widget\" data-widget_type=\"text-editor.default\">\n\t\t\t\t<div class=\"elementor-widget-container\">\n\t\t\t\t\t\t\t\t\t<h3><strong>Maison Lanmou : une initiative locale \u00e0 port\u00e9e universelle<\/strong><\/h3>\n<p><span style=\"font-weight: 400;\">Loin de se limiter \u00e0 la repr\u00e9sentation esth\u00e9tique, Aur\u00e9lie Joachim s\u2019est investie dans la cause de la sant\u00e9 mentale des jeunes. Fondatrice de l\u2019association Maison Lanmou, elle propose des groupes de parole et des espaces d\u2019\u00e9coute, r\u00e9pondant \u00e0 un besoin souvent n\u00e9glig\u00e9 dans les soci\u00e9t\u00e9s insulaires. Son message est clair : \u00ab Tu n\u2019es pas seul\u00b7e, ta sant\u00e9 mentale a de l\u2019importance, et tu m\u00e9rites d\u2019\u00eatre \u00e9cout\u00e9\u00b7e avec attention, respect et amour. \u00bb Maison Lanmou, n\u00e9e en Martinique, r\u00e9sonne aujourd\u2019hui bien au-del\u00e0 des fronti\u00e8res de l\u2019\u00eele.<\/span><\/p>\t\t\t\t\t\t\t\t<\/div>\n\t\t\t\t<\/div>\n\t\t\t\t<div class=\"elementor-element elementor-element-c6f4abe elementor-widget elementor-widget-text-editor\" data-id=\"c6f4abe\" data-element_type=\"widget\" data-widget_type=\"text-editor.default\">\n\t\t\t\t<div class=\"elementor-widget-container\">\n\t\t\t\t\t\t\t\t\t<h3><strong>Un plaidoyer remarqu\u00e9 devant le jury international<\/strong><\/h3>\n<p><span style=\"font-weight: 400;\">Lors de la finale de Miss Monde 2025, Aur\u00e9lie Joachim a su capter l\u2019attention du jury avec un discours authentique et puissant. Elle a affirm\u00e9 : \u00ab Je viens d\u2019une petite \u00eele o\u00f9 nous avons de grands r\u00eaves et de grands penseurs. Par le biais de mon association Maison Lanmou, j\u2019aimerais \u00eatre la voix de ceux que l\u2019on ne voit pas et que l\u2019on n\u2019entend pas. On peut venir d\u2019une petite \u00eele et changer le monde. \u00bb Ce plaidoyer, porteur d\u2019universalit\u00e9, a contribu\u00e9 \u00e0 sa place dans le Top 4 mondial.<\/span><\/p>\t\t\t\t\t\t\t\t<\/div>\n\t\t\t\t<\/div>\n\t\t\t\t\t<\/div>\n\t\t<\/div>\n\t\t\t\t\t<\/div>\n\t\t<\/section>\n\t\t\t\t<section class=\"elementor-section elementor-top-section elementor-element elementor-element-a97981f elementor-section-boxed elementor-section-height-default elementor-section-height-default\" data-id=\"a97981f\" data-element_type=\"section\">\n\t\t\t\t\t\t<div class=\"elementor-container elementor-column-gap-default\">\n\t\t\t\t\t<div class=\"elementor-column elementor-col-100 elementor-top-column elementor-element elementor-element-eb6762c\" data-id=\"eb6762c\" data-element_type=\"column\">\n\t\t\t<div class=\"elementor-widget-wrap elementor-element-populated\">\n\t\t\t\t\t\t<div class=\"elementor-element elementor-element-4763440 elementor-widget elementor-widget-heading\" data-id=\"4763440\" data-element_type=\"widget\" data-widget_type=\"heading.default\">\n\t\t\t\t<div class=\"elementor-widget-container\">\n\t\t\t\t\t<h2 class=\"elementor-heading-title elementor-size-default\">Une Premi\u00e8re Historique pour la Martinique<\/h2>\t\t\t\t<\/div>\n\t\t\t\t<\/div>\n\t\t\t\t<div class=\"elementor-element elementor-element-6d59f38 elementor-widget elementor-widget-text-editor\" data-id=\"6d59f38\" data-element_type=\"widget\" data-widget_type=\"text-editor.default\">\n\t\t\t\t<div class=\"elementor-widget-container\">\n\t\t\t\t\t\t\t\t\t<h3><strong>Un Top 4 in\u00e9dit dans l\u2019histoire du concours<\/strong><\/h3>\n<p><span style=\"font-weight: 400;\">Jamais auparavant une Martiniquaise n\u2019avait atteint une telle position \u00e0 Miss Monde. Aur\u00e9lie Joachim brise ce plafond de verre, ouvrant la voie \u00e0 une nouvelle g\u00e9n\u00e9ration de jeunes femmes d\u00e9sireuses de s\u2019affirmer sur la sc\u00e8ne internationale. Son parcours, jalonn\u00e9 de titres et de distinctions, met en lumi\u00e8re la richesse humaine et culturelle de la Martinique.<\/span><\/p>\t\t\t\t\t\t\t\t<\/div>\n\t\t\t\t<\/div>\n\t\t\t\t<div class=\"elementor-element elementor-element-d3903a3 elementor-widget elementor-widget-image\" data-id=\"d3903a3\" data-element_type=\"widget\" data-widget_type=\"image.default\">\n\t\t\t\t<div class=\"elementor-widget-container\">\n\t\t\t\t\t\t\t\t\t\t\t\t\t\t\t<img loading=\"lazy\" decoding=\"async\" width=\"800\" height=\"1000\" src=\"https:\/\/richeskarayib.com\/wp-content\/uploads\/2025\/06\/502752058_18403172167110625_7419656291789285380_n-819x1024.jpg\" class=\"attachment-large size-large wp-image-53266\" alt=\"Aur\u00e9lie Joachim\" srcset=\"https:\/\/richeskarayib.com\/wp-content\/uploads\/2025\/06\/502752058_18403172167110625_7419656291789285380_n-819x1024.jpg 819w, https:\/\/richeskarayib.com\/wp-content\/uploads\/2025\/06\/502752058_18403172167110625_7419656291789285380_n-240x300.jpg 240w, https:\/\/richeskarayib.com\/wp-content\/uploads\/2025\/06\/502752058_18403172167110625_7419656291789285380_n-768x960.jpg 768w, https:\/\/richeskarayib.com\/wp-content\/uploads\/2025\/06\/502752058_18403172167110625_7419656291789285380_n-1229x1536.jpg 1229w, https:\/\/richeskarayib.com\/wp-content\/uploads\/2025\/06\/502752058_18403172167110625_7419656291789285380_n-1320x1650.jpg 1320w, https:\/\/richeskarayib.com\/wp-content\/uploads\/2025\/06\/502752058_18403172167110625_7419656291789285380_n.jpg 1440w\" sizes=\"(max-width: 800px) 100vw, 800px\" \/>\t\t\t\t\t\t\t\t\t\t\t\t\t\t\t<\/div>\n\t\t\t\t<\/div>\n\t\t\t\t<div class=\"elementor-element elementor-element-f13aa73 elementor-widget elementor-widget-text-editor\" data-id=\"f13aa73\" data-element_type=\"widget\" data-widget_type=\"text-editor.default\">\n\t\t\t\t<div class=\"elementor-widget-container\">\n\t\t\t\t\t\t\t\t\t<h3><strong>Comparaison avec les parcours fran\u00e7ais pr\u00e9c\u00e9dents<\/strong><\/h3>\n<p><span style=\"font-weight: 400;\">Depuis Oph\u00e9ly M\u00e9zino, premi\u00e8re dauphine il y a six ans, aucune Fran\u00e7aise n\u2019avait int\u00e9gr\u00e9 le dernier carr\u00e9 du concours. Cette ann\u00e9e, alors que la candidate fran\u00e7aise Agathe Cauet s\u2019arr\u00eate au Top 40, Aur\u00e9lie Joachim fait figure d\u2019exception. Elle rappelle que la diversit\u00e9 des territoires fran\u00e7ais peut s\u2019exprimer avec force, m\u00eame face \u00e0 une concurrence mondiale.<\/span><\/p>\t\t\t\t\t\t\t\t<\/div>\n\t\t\t\t<\/div>\n\t\t\t\t<section class=\"elementor-section elementor-inner-section elementor-element elementor-element-99e0f45 elementor-section-boxed elementor-section-height-default elementor-section-height-default\" data-id=\"99e0f45\" data-element_type=\"section\">\n\t\t\t\t\t\t<div class=\"elementor-container elementor-column-gap-default\">\n\t\t\t\t\t<div class=\"elementor-column elementor-col-100 elementor-inner-column elementor-element elementor-element-c0ac3cd\" data-id=\"c0ac3cd\" data-element_type=\"column\">\n\t\t\t<div class=\"elementor-widget-wrap elementor-element-populated\">\n\t\t\t\t\t\t<div class=\"elementor-element elementor-element-c860c5b elementor-widget elementor-widget-image\" data-id=\"c860c5b\" data-element_type=\"widget\" data-widget_type=\"image.default\">\n\t\t\t\t<div class=\"elementor-widget-container\">\n\t\t\t\t\t\t\t\t\t\t\t\t\t\t\t<img loading=\"lazy\" decoding=\"async\" width=\"576\" height=\"1024\" src=\"https:\/\/richeskarayib.com\/wp-content\/uploads\/2025\/06\/500700875_18500864521035361_2314017627808459957_n-576x1024.jpg\" class=\"attachment-large size-large wp-image-53262\" alt=\"Aur\u00e9lie Joachim\" srcset=\"https:\/\/richeskarayib.com\/wp-content\/uploads\/2025\/06\/500700875_18500864521035361_2314017627808459957_n-576x1024.jpg 576w, https:\/\/richeskarayib.com\/wp-content\/uploads\/2025\/06\/500700875_18500864521035361_2314017627808459957_n-169x300.jpg 169w, https:\/\/richeskarayib.com\/wp-content\/uploads\/2025\/06\/500700875_18500864521035361_2314017627808459957_n-768x1365.jpg 768w, https:\/\/richeskarayib.com\/wp-content\/uploads\/2025\/06\/500700875_18500864521035361_2314017627808459957_n.jpg 828w\" sizes=\"(max-width: 576px) 100vw, 576px\" \/>\t\t\t\t\t\t\t\t\t\t\t\t\t\t\t<\/div>\n\t\t\t\t<\/div>\n\t\t\t\t\t<\/div>\n\t\t<\/div>\n\t\t\t\t\t<\/div>\n\t\t<\/section>\n\t\t\t\t\t<\/div>\n\t\t<\/div>\n\t\t\t\t\t<\/div>\n\t\t<\/section>\n\t\t\t\t<section class=\"elementor-section elementor-top-section elementor-element elementor-element-aeb8eb5 elementor-section-boxed elementor-section-height-default elementor-section-height-default\" data-id=\"aeb8eb5\" data-element_type=\"section\">\n\t\t\t\t\t\t<div class=\"elementor-container elementor-column-gap-default\">\n\t\t\t\t\t<div class=\"elementor-column elementor-col-100 elementor-top-column elementor-element elementor-element-20161cf\" data-id=\"20161cf\" data-element_type=\"column\">\n\t\t\t<div class=\"elementor-widget-wrap elementor-element-populated\">\n\t\t\t\t\t\t<div class=\"elementor-element elementor-element-9155983 elementor-widget elementor-widget-heading\" data-id=\"9155983\" data-element_type=\"widget\" data-widget_type=\"heading.default\">\n\t\t\t\t<div class=\"elementor-widget-container\">\n\t\t\t\t\t<h2 class=\"elementor-heading-title elementor-size-default\">Le Classement Final et l\u2019Impact pour la Martinique<\/h2>\t\t\t\t<\/div>\n\t\t\t\t<\/div>\n\t\t\t\t<div class=\"elementor-element elementor-element-555617c elementor-widget elementor-widget-text-editor\" data-id=\"555617c\" data-element_type=\"widget\" data-widget_type=\"text-editor.default\">\n\t\t\t\t<div class=\"elementor-widget-container\">\n\t\t\t\t\t\t\t\t\t<h3><strong>Les autres finalistes et la gagnante de Miss Monde 2025<\/strong><\/h3>\n<p><span style=\"font-weight: 400;\">Le palmar\u00e8s de Miss Monde 2025 consacre Opal Suchata Chuangsri, repr\u00e9sentante de la Tha\u00eflande, suivie de Maja Kladja (Pologne) et Hasset Dereje Amassu (\u00c9thiopie). Aur\u00e9lie Joachim, troisi\u00e8me dauphine, s\u2019impose comme la premi\u00e8re Martiniquaise \u00e0 ce niveau. Ce r\u00e9sultat n\u2019est pas le fruit du hasard, mais celui d\u2019une pr\u00e9paration minutieuse, d\u2019un engagement constant et d\u2019une vision port\u00e9e vers l\u2019avenir.<\/span><\/p>\t\t\t\t\t\t\t\t<\/div>\n\t\t\t\t<\/div>\n\t\t\t\t<div class=\"elementor-element elementor-element-80ea348 elementor-widget elementor-widget-text-editor\" data-id=\"80ea348\" data-element_type=\"widget\" data-widget_type=\"text-editor.default\">\n\t\t\t\t<div class=\"elementor-widget-container\">\n\t\t\t\t\t\t\t\t\t<h3><strong>Cons\u00e9quences pour la jeunesse et la soci\u00e9t\u00e9 martiniquaise<\/strong><\/h3>\n<p><span style=\"font-weight: 400;\">La r\u00e9ussite d\u2019<a href=\"https:\/\/www.sudouest.fr\/culture\/programmes-tv\/miss-france\/miss-monde-2025-une-thailandaise-couronnee-pour-la-premiere-fois-miss-martinique-termine-4e-24683700.php\" target=\"_blank\" rel=\"noopener nofollow\">Aur\u00e9lie Joachim<\/a> d\u00e9passe le cadre du concours. Elle offre \u00e0 la jeunesse martiniquaise un mod\u00e8le d\u2019ambition et de responsabilit\u00e9 sociale. Son engagement pour la sant\u00e9 mentale, sa capacit\u00e9 \u00e0 porter la voix des invisibles et son rayonnement international red\u00e9finissent les contours de la r\u00e9ussite pour une nouvelle g\u00e9n\u00e9ration. Elle prouve que l\u2019on peut conjuguer identit\u00e9 locale et ambitions globales, sans jamais renier ses racines.<\/span><\/p>\t\t\t\t\t\t\t\t<\/div>\n\t\t\t\t<\/div>\n\t\t\t\t<section class=\"elementor-section elementor-inner-section elementor-element elementor-element-81dd547 elementor-section-boxed elementor-section-height-default elementor-section-height-default\" data-id=\"81dd547\" data-element_type=\"section\">\n\t\t\t\t\t\t<div class=\"elementor-container elementor-column-gap-default\">\n\t\t\t\t\t<div class=\"elementor-column elementor-col-100 elementor-inner-column elementor-element elementor-element-a2594e8\" data-id=\"a2594e8\" data-element_type=\"column\">\n\t\t\t<div class=\"elementor-widget-wrap elementor-element-populated\">\n\t\t\t\t\t\t<div class=\"elementor-element elementor-element-6501c93 elementor-widget elementor-widget-image\" data-id=\"6501c93\" data-element_type=\"widget\" data-widget_type=\"image.default\">\n\t\t\t\t<div class=\"elementor-widget-container\">\n\t\t\t\t\t\t\t\t\t\t\t\t<figure class=\"wp-caption\">\n\t\t\t\t\t\t\t\t\t\t<img loading=\"lazy\" decoding=\"async\" width=\"800\" height=\"400\" src=\"https:\/\/richeskarayib.com\/wp-content\/uploads\/2025\/06\/20250531191525-82712.jpg\" class=\"attachment-large size-large wp-image-53270\" alt=\"Opal Suchata Chuangsri\" srcset=\"https:\/\/richeskarayib.com\/wp-content\/uploads\/2025\/06\/20250531191525-82712.jpg 1000w, https:\/\/richeskarayib.com\/wp-content\/uploads\/2025\/06\/20250531191525-82712-300x150.jpg 300w, https:\/\/richeskarayib.com\/wp-content\/uploads\/2025\/06\/20250531191525-82712-768x384.jpg 768w\" sizes=\"(max-width: 800px) 100vw, 800px\" \/>\t\t\t\t\t\t\t\t\t\t\t<figcaption class=\"widget-image-caption wp-caption-text\">Opal Suchata Chuangsri<\/figcaption>\n\t\t\t\t\t\t\t\t\t\t<\/figure>\n\t\t\t\t\t\t\t\t\t<\/div>\n\t\t\t\t<\/div>\n\t\t\t\t\t<\/div>\n\t\t<\/div>\n\t\t\t\t\t<\/div>\n\t\t<\/section>\n\t\t\t\t\t<\/div>\n\t\t<\/div>\n\t\t\t\t\t<\/div>\n\t\t<\/section>\n\t\t\t\t<section class=\"elementor-section elementor-top-section elementor-element elementor-element-e4479d5 elementor-section-boxed elementor-section-height-default elementor-section-height-default\" data-id=\"e4479d5\" data-element_type=\"section\">\n\t\t\t\t\t\t<div class=\"elementor-container elementor-column-gap-default\">\n\t\t\t\t\t<div class=\"elementor-column elementor-col-100 elementor-top-column elementor-element elementor-element-5c61d6e\" data-id=\"5c61d6e\" data-element_type=\"column\">\n\t\t\t<div class=\"elementor-widget-wrap elementor-element-populated\">\n\t\t\t\t\t\t<div class=\"elementor-element elementor-element-97e9287 elementor-widget elementor-widget-text-editor\" data-id=\"97e9287\" data-element_type=\"widget\" data-widget_type=\"text-editor.default\">\n\t\t\t\t<div class=\"elementor-widget-container\">\n\t\t\t\t\t\t\t\t\t<p><span style=\"font-weight: 400;\">Aur\u00e9lie Joachim s\u2019impose en 2025 comme une ambassadrice d\u2019exception pour la Martinique et pour toute la Cara\u00efbe. Son parcours, alliant titres prestigieux, engagement social et discours inspirant, redonne confiance \u00e0 une jeunesse souvent en qu\u00eate de rep\u00e8res. \u00c0 travers son exemple, Aur\u00e9lie Joachim d\u00e9montre que chaque territoire, aussi petit soit-il, peut faire entendre sa voix sur la sc\u00e8ne mondiale. Sa r\u00e9ussite \u00e0 Miss Monde 2025 restera un jalon dans l\u2019histoire martiniquaise, mais aussi un appel \u00e0 croire en ses r\u00eaves et \u00e0 agir pour un monde plus solidaire.<\/span><\/p>\t\t\t\t\t\t\t\t<\/div>\n\t\t\t\t<\/div>\n\t\t\t\t\t<\/div>\n\t\t<\/div>\n\t\t\t\t\t<\/div>\n\t\t<\/section>\n\t\t\t\t<\/div>\n\t\t","protected":false},"excerpt":{"rendered":"<p>Aur\u00e9lie Joachim s\u2019est impos\u00e9e en 2025 comme une figure marquante de la Martinique sur la sc\u00e8ne internationale, en d\u00e9crochant la place de troisi\u00e8me dauphine \u00e0 Miss Monde. Son ascension, fruit d\u2019un engagement profond et d\u2019un parcours jalonn\u00e9 de succ\u00e8s, offre aujourd\u2019hui un exemple inspirant, aussi bien pour les sp\u00e9cialistes des concours de beaut\u00e9 que pour [&hellip;]<\/p>\n","protected":false},"author":662,"featured_media":53246,"comment_status":"open","ping_status":"open","sticky":false,"template":"","format":"standard","meta":{"_acf_changed":false,"footnotes":""},"categories":[840,1501],"tags":[808],"class_list":["post-53241","post","type-post","status-publish","format-standard","has-post-thumbnail","hentry","category-actus","category-mode","tag-martinique-fr"],"acf":[],"_links":{"self":[{"href":"https:\/\/richeskarayib.com\/fr\/wp-json\/wp\/v2\/posts\/53241","targetHints":{"allow":["GET"]}}],"collection":[{"href":"https:\/\/richeskarayib.com\/fr\/wp-json\/wp\/v2\/posts"}],"about":[{"href":"https:\/\/richeskarayib.com\/fr\/wp-json\/wp\/v2\/types\/post"}],"author":[{"embeddable":true,"href":"https:\/\/richeskarayib.com\/fr\/wp-json\/wp\/v2\/users\/662"}],"replies":[{"embeddable":true,"href":"https:\/\/richeskarayib.com\/fr\/wp-json\/wp\/v2\/comments?post=53241"}],"version-history":[{"count":0,"href":"https:\/\/richeskarayib.com\/fr\/wp-json\/wp\/v2\/posts\/53241\/revisions"}],"wp:featuredmedia":[{"embeddable":true,"href":"https:\/\/richeskarayib.com\/fr\/wp-json\/wp\/v2\/media\/53246"}],"wp:attachment":[{"href":"https:\/\/richeskarayib.com\/fr\/wp-json\/wp\/v2\/media?parent=53241"}],"wp:term":[{"taxonomy":"category","embeddable":true,"href":"https:\/\/richeskarayib.com\/fr\/wp-json\/wp\/v2\/categories?post=53241"},{"taxonomy":"post_tag","embeddable":true,"href":"https:\/\/richeskarayib.com\/fr\/wp-json\/wp\/v2\/tags?post=53241"}],"curies":[{"name":"wp","href":"https:\/\/api.w.org\/{rel}","templated":true}]}}