{"id":53575,"date":"2025-06-04T14:55:37","date_gmt":"2025-06-04T18:55:37","guid":{"rendered":"https:\/\/richeskarayib.com\/?p=53575"},"modified":"2025-06-23T09:09:37","modified_gmt":"2025-06-23T13:09:37","slug":"chta-2025-vanessa-ledesma-tourisme-caribeen","status":"publish","type":"post","link":"https:\/\/richeskarayib.com\/fr\/chta-2025-vanessa-ledesma-tourisme-caribeen\/","title":{"rendered":"[CHTA 2025] Vanessa Ledesma &#8211; unir les voix du tourisme carib\u00e9en"},"content":{"rendered":"\t\t<div data-elementor-type=\"wp-post\" data-elementor-id=\"53575\" class=\"elementor elementor-53575\" data-elementor-post-type=\"post\">\n\t\t\t\t\t\t<section class=\"elementor-section elementor-top-section elementor-element elementor-element-a1df631 elementor-section-boxed elementor-section-height-default elementor-section-height-default\" data-id=\"a1df631\" data-element_type=\"section\">\n\t\t\t\t\t\t<div class=\"elementor-container elementor-column-gap-default\">\n\t\t\t\t\t<div class=\"elementor-column elementor-col-100 elementor-top-column elementor-element elementor-element-dd29b53\" data-id=\"dd29b53\" data-element_type=\"column\">\n\t\t\t<div class=\"elementor-widget-wrap elementor-element-populated\">\n\t\t\t\t\t\t<div class=\"elementor-element elementor-element-db07671 elementor-widget elementor-widget-text-editor\" data-id=\"db07671\" data-element_type=\"widget\" data-widget_type=\"text-editor.default\">\n\t\t\t\t<div class=\"elementor-widget-container\">\n\t\t\t\t\t\t\t\t\t<p style=\"text-align: left;\"><a href=\"https:\/\/richeskarayib.com\/\" target=\"_blank\" rel=\"noopener\"><b>Rich\u00e8s Karayib<\/b><\/a><span style=\"font-weight: 400;\"> est parti \u00e0 la rencontre de <\/span><a href=\"https:\/\/www.linkedin.com\/in\/vanessa-ledesma-65165569\/\" target=\"_blank\" rel=\"noopener nofollow\"><b>Vanessa Ledesma<\/b><\/a><span style=\"font-weight: 400;\">, directrice g\u00e9n\u00e9rale du <\/span><i><span style=\"font-weight: 400;\">CHTA (Caribbean Hotel and Tourism Association)<\/span><\/i><span style=\"font-weight: 400;\">, \u00e0 l\u2019occasion de la 43\u1d49 \u00e9dition du <\/span><a href=\"https:\/\/chtamarketplace.com\/\" target=\"_blank\" rel=\"noopener nofollow\"><b>Caribbean Travel Marketplace<\/b><\/a><span style=\"font-weight: 400;\">, organis\u00e9e \u00e0 Antigua-et-Barbuda du 18 au 22 mai 2025. Cet \u00e9v\u00e9nement phare du tourisme B2B dans la r\u00e9gion a rassembl\u00e9 fournisseurs, tour-op\u00e9rateurs, institutionnels et experts autour d\u2019un objectif commun : structurer l\u2019avenir du tourisme carib\u00e9en. Entretien exclusif sur les enjeux actuels, les perspectives d\u2019\u00e9volution et les leviers collectifs.<\/span><\/p>\t\t\t\t\t\t\t\t<\/div>\n\t\t\t\t<\/div>\n\t\t\t\t\t<\/div>\n\t\t<\/div>\n\t\t\t\t\t<\/div>\n\t\t<\/section>\n\t\t\t\t<section class=\"elementor-section elementor-top-section elementor-element elementor-element-13f1a0a elementor-section-boxed elementor-section-height-default elementor-section-height-default\" data-id=\"13f1a0a\" data-element_type=\"section\">\n\t\t\t\t\t\t<div class=\"elementor-container elementor-column-gap-default\">\n\t\t\t\t\t<div class=\"elementor-column elementor-col-100 elementor-top-column elementor-element elementor-element-d7d941f\" data-id=\"d7d941f\" data-element_type=\"column\">\n\t\t\t<div class=\"elementor-widget-wrap elementor-element-populated\">\n\t\t\t\t\t\t<div class=\"elementor-element elementor-element-ddd8e01 elementor-widget elementor-widget-heading\" data-id=\"ddd8e01\" data-element_type=\"widget\" data-widget_type=\"heading.default\">\n\t\t\t\t<div class=\"elementor-widget-container\">\n\t\t\t\t\t<h2 class=\"elementor-heading-title elementor-size-default\">Une plateforme essentielle pour le dialogue inter-carib\u00e9en<\/h2>\t\t\t\t<\/div>\n\t\t\t\t<\/div>\n\t\t\t\t<div class=\"elementor-element elementor-element-9f701da elementor-widget elementor-widget-text-editor\" data-id=\"9f701da\" data-element_type=\"widget\" data-widget_type=\"text-editor.default\">\n\t\t\t\t<div class=\"elementor-widget-container\">\n\t\t\t\t\t\t\t\t\t<p style=\"text-align: left;\"><span style=\"font-weight: 400;\">Vanessa Ledesma ouvre la conversation en rappelant la place centrale du <\/span><i><span style=\"font-weight: 400;\">CHTA (Caribbean Hotel and Tourism Association)<\/span><\/i><span style=\"font-weight: 400;\"> dans l\u2019\u00e9cosyst\u00e8me touristique r\u00e9gional. Avec plus de <\/span><b>9 300 rendez-vous d\u2019affaires<\/b><span style=\"font-weight: 400;\"> en deux jours entre <\/span><b>25 destinations carib\u00e9ennes<\/b><span style=\"font-weight: 400;\"> et des op\u00e9rateurs venus de <\/span><b>16 march\u00e9s \u00e9metteurs<\/b><span style=\"font-weight: 400;\">, l\u2019\u00e9v\u00e9nement t\u00e9moigne d\u2019une volont\u00e9 claire : <\/span><i><span style=\"font-weight: 400;\">renforcer les partenariats commerciaux et la collaboration entre les acteurs de terrain<\/span><\/i><span style=\"font-weight: 400;\">.<\/span><\/p>\t\t\t\t\t\t\t\t<\/div>\n\t\t\t\t<\/div>\n\t\t\t\t<div class=\"elementor-element elementor-element-bae4c7b elementor-widget elementor-widget-text-editor\" data-id=\"bae4c7b\" data-element_type=\"widget\" data-widget_type=\"text-editor.default\">\n\t\t\t\t<div class=\"elementor-widget-container\">\n\t\t\t\t\t\t\t\t\t<p style=\"text-align: left;\"><span style=\"font-weight: 400;\">\u00ab C\u2019est l\u2019\u00e9v\u00e9nement B2B incontournable pour le secteur h\u00f4telier et touristique carib\u00e9en \u00bb, explique-t-elle. \u00ab Il permet non seulement de nouer des relations, mais aussi de les structurer autour de strat\u00e9gies marketing, de d\u00e9veloppement produit et de visibilit\u00e9. \u00bb<\/span><\/p><p style=\"text-align: left;\"><span style=\"font-weight: 400;\">La qualit\u00e9 des \u00e9changes, salu\u00e9e par les participants, marque une rupture avec les ann\u00e9es pr\u00e9c\u00e9dentes. Le secteur d\u00e9montre une maturit\u00e9 accrue, dans un contexte o\u00f9 l\u2019agilit\u00e9 est devenue un imp\u00e9ratif.<\/span><\/p>\t\t\t\t\t\t\t\t<\/div>\n\t\t\t\t<\/div>\n\t\t\t\t<section class=\"elementor-section elementor-inner-section elementor-element elementor-element-f3f7726 elementor-section-boxed elementor-section-height-default elementor-section-height-default\" data-id=\"f3f7726\" data-element_type=\"section\">\n\t\t\t\t\t\t<div class=\"elementor-container elementor-column-gap-default\">\n\t\t\t\t\t<div class=\"elementor-column elementor-col-100 elementor-inner-column elementor-element elementor-element-592b3e3\" data-id=\"592b3e3\" data-element_type=\"column\">\n\t\t\t<div class=\"elementor-widget-wrap elementor-element-populated\">\n\t\t\t\t\t\t<div class=\"elementor-element elementor-element-7e3645c elementor-widget elementor-widget-image\" data-id=\"7e3645c\" data-element_type=\"widget\" data-widget_type=\"image.default\">\n\t\t\t\t<div class=\"elementor-widget-container\">\n\t\t\t\t\t\t\t\t\t\t\t\t\t\t\t<img fetchpriority=\"high\" decoding=\"async\" width=\"800\" height=\"800\" src=\"https:\/\/richeskarayib.com\/wp-content\/uploads\/2025\/06\/Design-sans-titre-1-1024x1024.png\" class=\"attachment-large size-large wp-image-53576\" alt=\"Craig Marshall\" srcset=\"https:\/\/richeskarayib.com\/wp-content\/uploads\/2025\/06\/Design-sans-titre-1-1024x1024.png 1024w, https:\/\/richeskarayib.com\/wp-content\/uploads\/2025\/06\/Design-sans-titre-1-300x300.png 300w, https:\/\/richeskarayib.com\/wp-content\/uploads\/2025\/06\/Design-sans-titre-1-150x150.png 150w, https:\/\/richeskarayib.com\/wp-content\/uploads\/2025\/06\/Design-sans-titre-1-768x768.png 768w, https:\/\/richeskarayib.com\/wp-content\/uploads\/2025\/06\/Design-sans-titre-1.png 1080w\" sizes=\"(max-width: 800px) 100vw, 800px\" \/>\t\t\t\t\t\t\t\t\t\t\t\t\t\t\t<\/div>\n\t\t\t\t<\/div>\n\t\t\t\t\t<\/div>\n\t\t<\/div>\n\t\t\t\t\t<\/div>\n\t\t<\/section>\n\t\t\t\t\t<\/div>\n\t\t<\/div>\n\t\t\t\t\t<\/div>\n\t\t<\/section>\n\t\t\t\t<section class=\"elementor-section elementor-top-section elementor-element elementor-element-6dc38f5 elementor-section-boxed elementor-section-height-default elementor-section-height-default\" data-id=\"6dc38f5\" data-element_type=\"section\">\n\t\t\t\t\t\t<div class=\"elementor-container elementor-column-gap-default\">\n\t\t\t\t\t<div class=\"elementor-column elementor-col-100 elementor-top-column elementor-element elementor-element-5dc36c9\" data-id=\"5dc36c9\" data-element_type=\"column\">\n\t\t\t<div class=\"elementor-widget-wrap elementor-element-populated\">\n\t\t\t\t\t\t<div class=\"elementor-element elementor-element-64c560a elementor-widget elementor-widget-heading\" data-id=\"64c560a\" data-element_type=\"widget\" data-widget_type=\"heading.default\">\n\t\t\t\t<div class=\"elementor-widget-container\">\n\t\t\t\t\t<h2 class=\"elementor-heading-title elementor-size-default\">D\u00e9fis g\u00e9opolitiques et diversification des march\u00e9s<\/h2>\t\t\t\t<\/div>\n\t\t\t\t<\/div>\n\t\t\t\t<div class=\"elementor-element elementor-element-f76a973 elementor-widget elementor-widget-text-editor\" data-id=\"f76a973\" data-element_type=\"widget\" data-widget_type=\"text-editor.default\">\n\t\t\t\t<div class=\"elementor-widget-container\">\n\t\t\t\t\t\t\t\t\t<p style=\"text-align: left;\"><span style=\"font-weight: 400;\">Interrog\u00e9e sur les d\u00e9fis actuels, <\/span><a href=\"https:\/\/www.travelpulse.ca\/news\/destinations\/canada-in-the-spotlight-caribbean-marketplace-kicks-off-in-antigua\" target=\"_blank\" rel=\"noopener nofollow\"><b>Vanessa Ledesma<\/b><\/a><span style=\"font-weight: 400;\"> \u00e9voque une <\/span><b>incertitude majeure li\u00e9e \u00e0 la situation g\u00e9opolitique aux \u00c9tats-Unis<\/b><span style=\"font-weight: 400;\">, premier march\u00e9 \u00e9metteur vers la Cara\u00efbe. Une l\u00e9g\u00e8re baisse de la demande y est constat\u00e9e, ce qui pousse les acteurs r\u00e9gionaux \u00e0 <\/span><b>r\u00e9orienter leur strat\u00e9gie vers le Canada, l\u2019Am\u00e9rique latine<\/b><span style=\"font-weight: 400;\">, mais aussi vers une <\/span><b>relance du tourisme intra-carib\u00e9en<\/b><span style=\"font-weight: 400;\">, encore fragile depuis la pand\u00e9mie.<\/span><\/p>\t\t\t\t\t\t\t\t<\/div>\n\t\t\t\t<\/div>\n\t\t\t\t<div class=\"elementor-element elementor-element-a0feefa elementor-widget elementor-widget-text-editor\" data-id=\"a0feefa\" data-element_type=\"widget\" data-widget_type=\"text-editor.default\">\n\t\t\t\t<div class=\"elementor-widget-container\">\n\t\t\t\t\t\t\t\t\t<p style=\"text-align: left;\"><span style=\"font-weight: 400;\">\u00ab Nous voyons un int\u00e9r\u00eat croissant de march\u00e9s comme le Br\u00e9sil, la Colombie ou encore le Qu\u00e9bec. Il faut capitaliser sur cette dynamique tout en facilitant les connexions a\u00e9riennes et maritimes dans la r\u00e9gion \u00bb, souligne Vanessa Ledesma.<\/span><\/p><p><span style=\"font-weight: 400;\">Cette vision s&#8217;inscrit dans une logique de <\/span><b>r\u00e9silience et d\u2019ouverture<\/b><span style=\"font-weight: 400;\">, qui pourrait rebattre les cartes de la fr\u00e9quentation touristique dans les ann\u00e9es \u00e0 venir.<\/span><\/p>\t\t\t\t\t\t\t\t<\/div>\n\t\t\t\t<\/div>\n\t\t\t\t<section class=\"elementor-section elementor-inner-section elementor-element elementor-element-a133eaf elementor-section-boxed elementor-section-height-default elementor-section-height-default\" data-id=\"a133eaf\" data-element_type=\"section\">\n\t\t\t\t\t\t<div class=\"elementor-container elementor-column-gap-default\">\n\t\t\t\t\t<div class=\"elementor-column elementor-col-100 elementor-inner-column elementor-element elementor-element-d8c1067\" data-id=\"d8c1067\" data-element_type=\"column\">\n\t\t\t<div class=\"elementor-widget-wrap elementor-element-populated\">\n\t\t\t\t\t\t<div class=\"elementor-element elementor-element-0930a2c elementor-widget elementor-widget-image\" data-id=\"0930a2c\" data-element_type=\"widget\" data-widget_type=\"image.default\">\n\t\t\t\t<div class=\"elementor-widget-container\">\n\t\t\t\t\t\t\t\t\t\t\t\t\t\t\t<img decoding=\"async\" width=\"800\" height=\"450\" src=\"https:\/\/richeskarayib.com\/wp-content\/uploads\/2025\/06\/WhatsApp-Image-2025-06-04-a-09.13.19_fcad2f51-1024x576.jpg\" class=\"attachment-large size-large wp-image-53584\" alt=\"Craig Marshall\" srcset=\"https:\/\/richeskarayib.com\/wp-content\/uploads\/2025\/06\/WhatsApp-Image-2025-06-04-a-09.13.19_fcad2f51-1024x576.jpg 1024w, https:\/\/richeskarayib.com\/wp-content\/uploads\/2025\/06\/WhatsApp-Image-2025-06-04-a-09.13.19_fcad2f51-300x169.jpg 300w, https:\/\/richeskarayib.com\/wp-content\/uploads\/2025\/06\/WhatsApp-Image-2025-06-04-a-09.13.19_fcad2f51-768x432.jpg 768w, https:\/\/richeskarayib.com\/wp-content\/uploads\/2025\/06\/WhatsApp-Image-2025-06-04-a-09.13.19_fcad2f51-1536x864.jpg 1536w, https:\/\/richeskarayib.com\/wp-content\/uploads\/2025\/06\/WhatsApp-Image-2025-06-04-a-09.13.19_fcad2f51-1320x743.jpg 1320w, https:\/\/richeskarayib.com\/wp-content\/uploads\/2025\/06\/WhatsApp-Image-2025-06-04-a-09.13.19_fcad2f51.jpg 1600w\" sizes=\"(max-width: 800px) 100vw, 800px\" \/>\t\t\t\t\t\t\t\t\t\t\t\t\t\t\t<\/div>\n\t\t\t\t<\/div>\n\t\t\t\t\t<\/div>\n\t\t<\/div>\n\t\t\t\t\t<\/div>\n\t\t<\/section>\n\t\t\t\t\t<\/div>\n\t\t<\/div>\n\t\t\t\t\t<\/div>\n\t\t<\/section>\n\t\t\t\t<section class=\"elementor-section elementor-top-section elementor-element elementor-element-4a4b1ab elementor-section-boxed elementor-section-height-default elementor-section-height-default\" data-id=\"4a4b1ab\" data-element_type=\"section\">\n\t\t\t\t\t\t<div class=\"elementor-container elementor-column-gap-default\">\n\t\t\t\t\t<div class=\"elementor-column elementor-col-100 elementor-top-column elementor-element elementor-element-31aac59\" data-id=\"31aac59\" data-element_type=\"column\">\n\t\t\t<div class=\"elementor-widget-wrap elementor-element-populated\">\n\t\t\t\t\t\t<div class=\"elementor-element elementor-element-22bf92b elementor-widget elementor-widget-heading\" data-id=\"22bf92b\" data-element_type=\"widget\" data-widget_type=\"heading.default\">\n\t\t\t\t<div class=\"elementor-widget-container\">\n\t\t\t\t\t<h2 class=\"elementor-heading-title elementor-size-default\">Vers un secteur plus fort, plus solidaire et mieux form\u00e9<\/h2>\t\t\t\t<\/div>\n\t\t\t\t<\/div>\n\t\t\t\t<div class=\"elementor-element elementor-element-28e3547 elementor-widget elementor-widget-text-editor\" data-id=\"28e3547\" data-element_type=\"widget\" data-widget_type=\"text-editor.default\">\n\t\t\t\t<div class=\"elementor-widget-container\">\n\t\t\t\t\t\t\t\t\t<p style=\"text-align: left;\"><span style=\"font-weight: 400;\">Au-del\u00e0 de cet \u00e9v\u00e9nement annuel, Vanessa Ledesma insiste sur le <\/span><b>r\u00f4le structurel de la CHTA<\/b><span style=\"font-weight: 400;\"> dans l\u2019accompagnement du secteur priv\u00e9. Advocacy, intelligence \u00e9conomique, formations, durabilit\u00e9, accessibilit\u00e9\u202f: autant de services propos\u00e9s aux membres.<\/span><\/p>\t\t\t\t\t\t\t\t<\/div>\n\t\t\t\t<\/div>\n\t\t\t\t<div class=\"elementor-element elementor-element-c564eb9 elementor-widget elementor-widget-text-editor\" data-id=\"c564eb9\" data-element_type=\"widget\" data-widget_type=\"text-editor.default\">\n\t\t\t\t<div class=\"elementor-widget-container\">\n\t\t\t\t\t\t\t\t\t<p><span style=\"font-weight: 400;\">\u00ab Plus notre r\u00e9seau est fort, plus notre voix collective est entendue face aux enjeux locaux, r\u00e9gionaux ou internationaux. \u00bb<\/span><\/p><p><span style=\"font-weight: 400;\">Elle invite d\u2019ailleurs tous les professionnels \u00e0 <\/span><b>rejoindre l\u2019association<\/b><span style=\"font-weight: 400;\"> pour b\u00e9n\u00e9ficier de ces ressources et participer activement \u00e0 la transformation du tourisme carib\u00e9en. La CHTA ne se limite pas \u00e0 la sph\u00e8re \u00e9v\u00e9nementielle, mais agit aussi au quotidien, notamment via des initiatives comme le <\/span><b>Direct Booking Summit<\/b><span style=\"font-weight: 400;\">, qui vise \u00e0 am\u00e9liorer l\u2019autonomie num\u00e9rique des acteurs h\u00f4teliers.<\/span><\/p>\t\t\t\t\t\t\t\t<\/div>\n\t\t\t\t<\/div>\n\t\t\t\t<div class=\"elementor-element elementor-element-6c3b4ef elementor-widget elementor-widget-image\" data-id=\"6c3b4ef\" data-element_type=\"widget\" data-widget_type=\"image.default\">\n\t\t\t\t<div class=\"elementor-widget-container\">\n\t\t\t\t\t\t\t\t\t\t\t\t\t\t\t<img decoding=\"async\" width=\"800\" height=\"371\" src=\"https:\/\/richeskarayib.com\/wp-content\/uploads\/2025\/06\/CHTA-Karen-Whitt-Vanessa-Ledesma-Sanovnik-Destang-1-1024x475.webp\" class=\"attachment-large size-large wp-image-53592\" alt=\"Patrice Simon\" srcset=\"https:\/\/richeskarayib.com\/wp-content\/uploads\/2025\/06\/CHTA-Karen-Whitt-Vanessa-Ledesma-Sanovnik-Destang-1-1024x475.webp 1024w, https:\/\/richeskarayib.com\/wp-content\/uploads\/2025\/06\/CHTA-Karen-Whitt-Vanessa-Ledesma-Sanovnik-Destang-1-300x139.webp 300w, https:\/\/richeskarayib.com\/wp-content\/uploads\/2025\/06\/CHTA-Karen-Whitt-Vanessa-Ledesma-Sanovnik-Destang-1-768x357.webp 768w, https:\/\/richeskarayib.com\/wp-content\/uploads\/2025\/06\/CHTA-Karen-Whitt-Vanessa-Ledesma-Sanovnik-Destang-1-1320x613.webp 1320w, https:\/\/richeskarayib.com\/wp-content\/uploads\/2025\/06\/CHTA-Karen-Whitt-Vanessa-Ledesma-Sanovnik-Destang-1.webp 1400w\" sizes=\"(max-width: 800px) 100vw, 800px\" \/>\t\t\t\t\t\t\t\t\t\t\t\t\t\t\t<\/div>\n\t\t\t\t<\/div>\n\t\t\t\t\t<\/div>\n\t\t<\/div>\n\t\t\t\t\t<\/div>\n\t\t<\/section>\n\t\t\t\t<section class=\"elementor-section elementor-top-section elementor-element elementor-element-ea4d4c4 elementor-section-boxed elementor-section-height-default elementor-section-height-default\" data-id=\"ea4d4c4\" data-element_type=\"section\">\n\t\t\t\t\t\t<div class=\"elementor-container elementor-column-gap-default\">\n\t\t\t\t\t<div class=\"elementor-column elementor-col-100 elementor-top-column elementor-element elementor-element-4d3e6a7\" data-id=\"4d3e6a7\" data-element_type=\"column\">\n\t\t\t<div class=\"elementor-widget-wrap elementor-element-populated\">\n\t\t\t\t\t\t<div class=\"elementor-element elementor-element-4fb713d elementor-widget elementor-widget-heading\" data-id=\"4fb713d\" data-element_type=\"widget\" data-widget_type=\"heading.default\">\n\t\t\t\t<div class=\"elementor-widget-container\">\n\t\t\t\t\t<h2 class=\"elementor-heading-title elementor-size-default\">La Cara\u00efbe en mouvement<\/h2>\t\t\t\t<\/div>\n\t\t\t\t<\/div>\n\t\t\t\t<div class=\"elementor-element elementor-element-177a0a2 elementor-widget elementor-widget-text-editor\" data-id=\"177a0a2\" data-element_type=\"widget\" data-widget_type=\"text-editor.default\">\n\t\t\t\t<div class=\"elementor-widget-container\">\n\t\t\t\t\t\t\t\t\t<p><span style=\"font-weight: 400;\">L\u2019entretien avec Vanessa Ledesma illustre parfaitement une Cara\u00efbe <\/span><b>en qu\u00eate de souverainet\u00e9 touristique, de diversification des march\u00e9s et de mont\u00e9e en comp\u00e9tence<\/b><span style=\"font-weight: 400;\">. \u00c0 travers une approche collective, proactive et structur\u00e9e, la CHTA contribue \u00e0 dessiner les contours d\u2019un tourisme carib\u00e9en plus durable, inclusif et performant.<\/span><\/p><p><span style=\"font-weight: 400;\">Rich\u00e8s Karayib poursuivra cette exploration des voix du secteur \u00e0 travers d\u2019autres entretiens exclusifs r\u00e9alis\u00e9s lors du Caribbean Travel Marketplace 2025.<\/span><\/p>\t\t\t\t\t\t\t\t<\/div>\n\t\t\t\t<\/div>\n\t\t\t\t<div class=\"elementor-element elementor-element-d9cdfaa elementor-widget elementor-widget-image\" data-id=\"d9cdfaa\" data-element_type=\"widget\" data-widget_type=\"image.default\">\n\t\t\t\t<div class=\"elementor-widget-container\">\n\t\t\t\t\t\t\t\t\t\t\t\t\t\t\t<img loading=\"lazy\" decoding=\"async\" width=\"800\" height=\"450\" src=\"https:\/\/richeskarayib.com\/wp-content\/uploads\/2025\/06\/WhatsApp-Image-2025-06-03-a-19.22.59_adf25ce0-1024x576.jpg\" class=\"attachment-large size-large wp-image-53588\" alt=\"Vanessa Ledesma\" srcset=\"https:\/\/richeskarayib.com\/wp-content\/uploads\/2025\/06\/WhatsApp-Image-2025-06-03-a-19.22.59_adf25ce0-1024x576.jpg 1024w, https:\/\/richeskarayib.com\/wp-content\/uploads\/2025\/06\/WhatsApp-Image-2025-06-03-a-19.22.59_adf25ce0-300x169.jpg 300w, https:\/\/richeskarayib.com\/wp-content\/uploads\/2025\/06\/WhatsApp-Image-2025-06-03-a-19.22.59_adf25ce0-768x432.jpg 768w, https:\/\/richeskarayib.com\/wp-content\/uploads\/2025\/06\/WhatsApp-Image-2025-06-03-a-19.22.59_adf25ce0.jpg 1280w\" sizes=\"(max-width: 800px) 100vw, 800px\" \/>\t\t\t\t\t\t\t\t\t\t\t\t\t\t\t<\/div>\n\t\t\t\t<\/div>\n\t\t\t\t<section class=\"elementor-section elementor-inner-section elementor-element elementor-element-a574371 elementor-section-boxed elementor-section-height-default elementor-section-height-default\" data-id=\"a574371\" data-element_type=\"section\">\n\t\t\t\t\t\t<div class=\"elementor-container elementor-column-gap-default\">\n\t\t\t\t\t<div class=\"elementor-column elementor-col-50 elementor-inner-column elementor-element elementor-element-8e0485c\" data-id=\"8e0485c\" data-element_type=\"column\">\n\t\t\t<div class=\"elementor-widget-wrap elementor-element-populated\">\n\t\t\t\t\t\t<div class=\"elementor-element elementor-element-2749d36 elementor-widget elementor-widget-html\" data-id=\"2749d36\" data-element_type=\"widget\" data-widget_type=\"html.default\">\n\t\t\t\t<div class=\"elementor-widget-container\">\n\t\t\t\t\t<blockquote class=\"instagram-media\" data-instgrm-permalink=\"https:\/\/www.instagram.com\/reel\/DKh-2QUSLhN\/?utm_source=ig_embed&amp;utm_campaign=loading\" data-instgrm-version=\"14\" style=\" background:#FFF; border:0; border-radius:3px; box-shadow:0 0 1px 0 rgba(0,0,0,0.5),0 1px 10px 0 rgba(0,0,0,0.15); margin: 1px; max-width:540px; min-width:326px; padding:0; width:99.375%; width:-webkit-calc(100% - 2px); width:calc(100% - 2px);\"><div style=\"padding:16px;\"> <a href=\"https:\/\/www.instagram.com\/reel\/DKh-2QUSLhN\/?utm_source=ig_embed&amp;utm_campaign=loading\" style=\" background:#FFFFFF; line-height:0; padding:0 0; text-align:center; text-decoration:none; width:100%;\" target=\"_blank\" rel=\"nofollow noopener\"> <div style=\" display: flex; flex-direction: row; align-items: center;\"> <div style=\"background-color: #F4F4F4; border-radius: 50%; flex-grow: 0; height: 40px; margin-right: 14px; width: 40px;\"><\/div> <div style=\"display: flex; flex-direction: column; flex-grow: 1; justify-content: center;\"> <div style=\" background-color: #F4F4F4; border-radius: 4px; flex-grow: 0; height: 14px; margin-bottom: 6px; width: 100px;\"><\/div> <div style=\" background-color: #F4F4F4; border-radius: 4px; flex-grow: 0; height: 14px; width: 60px;\"><\/div><\/div><\/div><div style=\"padding: 19% 0;\"><\/div> <div style=\"display:block; height:50px; margin:0 auto 12px; width:50px;\"><svg width=\"50px\" height=\"50px\" viewBox=\"0 0 60 60\" version=\"1.1\" xmlns=\"https:\/\/www.w3.org\/2000\/svg\" xmlns:xlink=\"https:\/\/www.w3.org\/1999\/xlink\"><g stroke=\"none\" stroke-width=\"1\" fill=\"none\" fill-rule=\"evenodd\"><g transform=\"translate(-511.000000, -20.000000)\" fill=\"#000000\"><g><path d=\"M556.869,30.41 C554.814,30.41 553.148,32.076 553.148,34.131 C553.148,36.186 554.814,37.852 556.869,37.852 C558.924,37.852 560.59,36.186 560.59,34.131 C560.59,32.076 558.924,30.41 556.869,30.41 M541,60.657 C535.114,60.657 530.342,55.887 530.342,50 C530.342,44.114 535.114,39.342 541,39.342 C546.887,39.342 551.658,44.114 551.658,50 C551.658,55.887 546.887,60.657 541,60.657 M541,33.886 C532.1,33.886 524.886,41.1 524.886,50 C524.886,58.899 532.1,66.113 541,66.113 C549.9,66.113 557.115,58.899 557.115,50 C557.115,41.1 549.9,33.886 541,33.886 M565.378,62.101 C565.244,65.022 564.756,66.606 564.346,67.663 C563.803,69.06 563.154,70.057 562.106,71.106 C561.058,72.155 560.06,72.803 558.662,73.347 C557.607,73.757 556.021,74.244 553.102,74.378 C549.944,74.521 548.997,74.552 541,74.552 C533.003,74.552 532.056,74.521 528.898,74.378 C525.979,74.244 524.393,73.757 523.338,73.347 C521.94,72.803 520.942,72.155 519.894,71.106 C518.846,70.057 518.197,69.06 517.654,67.663 C517.244,66.606 516.755,65.022 516.623,62.101 C516.479,58.943 516.448,57.996 516.448,50 C516.448,42.003 516.479,41.056 516.623,37.899 C516.755,34.978 517.244,33.391 517.654,32.338 C518.197,30.938 518.846,29.942 519.894,28.894 C520.942,27.846 521.94,27.196 523.338,26.654 C524.393,26.244 525.979,25.756 528.898,25.623 C532.057,25.479 533.004,25.448 541,25.448 C548.997,25.448 549.943,25.479 553.102,25.623 C556.021,25.756 557.607,26.244 558.662,26.654 C560.06,27.196 561.058,27.846 562.106,28.894 C563.154,29.942 563.803,30.938 564.346,32.338 C564.756,33.391 565.244,34.978 565.378,37.899 C565.522,41.056 565.552,42.003 565.552,50 C565.552,57.996 565.522,58.943 565.378,62.101 M570.82,37.631 C570.674,34.438 570.167,32.258 569.425,30.349 C568.659,28.377 567.633,26.702 565.965,25.035 C564.297,23.368 562.623,22.342 560.652,21.575 C558.743,20.834 556.562,20.326 553.369,20.18 C550.169,20.033 549.148,20 541,20 C532.853,20 531.831,20.033 528.631,20.18 C525.438,20.326 523.257,20.834 521.349,21.575 C519.376,22.342 517.703,23.368 516.035,25.035 C514.368,26.702 513.342,28.377 512.574,30.349 C511.834,32.258 511.326,34.438 511.181,37.631 C511.035,40.831 511,41.851 511,50 C511,58.147 511.035,59.17 511.181,62.369 C511.326,65.562 511.834,67.743 512.574,69.651 C513.342,71.625 514.368,73.296 516.035,74.965 C517.703,76.634 519.376,77.658 521.349,78.425 C523.257,79.167 525.438,79.673 528.631,79.82 C531.831,79.965 532.853,80.001 541,80.001 C549.148,80.001 550.169,79.965 553.369,79.82 C556.562,79.673 558.743,79.167 560.652,78.425 C562.623,77.658 564.297,76.634 565.965,74.965 C567.633,73.296 568.659,71.625 569.425,69.651 C570.167,67.743 570.674,65.562 570.82,62.369 C570.966,59.17 571,58.147 571,50 C571,41.851 570.966,40.831 570.82,37.631\"><\/path><\/g><\/g><\/g><\/svg><\/div><div style=\"padding-top: 8px;\"> <div style=\" color:#3897f0; font-family:Arial,sans-serif; font-size:14px; font-style:normal; font-weight:550; line-height:18px;\">Voir cette publication sur Instagram<\/div><\/div><div style=\"padding: 12.5% 0;\"><\/div> <div style=\"display: flex; flex-direction: row; margin-bottom: 14px; align-items: center;\"><div> <div style=\"background-color: #F4F4F4; border-radius: 50%; height: 12.5px; width: 12.5px; transform: translateX(0px) translateY(7px);\"><\/div> <div style=\"background-color: #F4F4F4; height: 12.5px; transform: rotate(-45deg) translateX(3px) translateY(1px); width: 12.5px; flex-grow: 0; margin-right: 14px; margin-left: 2px;\"><\/div> <div style=\"background-color: #F4F4F4; border-radius: 50%; height: 12.5px; width: 12.5px; transform: translateX(9px) translateY(-18px);\"><\/div><\/div><div style=\"margin-left: 8px;\"> <div style=\" background-color: #F4F4F4; border-radius: 50%; flex-grow: 0; height: 20px; width: 20px;\"><\/div> <div style=\" width: 0; height: 0; border-top: 2px solid transparent; border-left: 6px solid #f4f4f4; border-bottom: 2px solid transparent; transform: translateX(16px) translateY(-4px) rotate(30deg)\"><\/div><\/div><div style=\"margin-left: auto;\"> <div style=\" width: 0px; border-top: 8px solid #F4F4F4; border-right: 8px solid transparent; transform: translateY(16px);\"><\/div> <div style=\" background-color: #F4F4F4; flex-grow: 0; height: 12px; width: 16px; transform: translateY(-4px);\"><\/div> <div style=\" width: 0; height: 0; border-top: 8px solid #F4F4F4; border-left: 8px solid transparent; transform: translateY(-4px) translateX(8px);\"><\/div><\/div><\/div> <div style=\"display: flex; flex-direction: column; flex-grow: 1; justify-content: center; margin-bottom: 24px;\"> <div style=\" background-color: #F4F4F4; border-radius: 4px; flex-grow: 0; height: 14px; margin-bottom: 6px; width: 224px;\"><\/div> <div style=\" background-color: #F4F4F4; border-radius: 4px; flex-grow: 0; height: 14px; width: 144px;\"><\/div><\/div><\/a><p style=\" color:#c9c8cd; font-family:Arial,sans-serif; font-size:14px; line-height:17px; margin-bottom:0; margin-top:8px; overflow:hidden; padding:8px 0 7px; text-align:center; text-overflow:ellipsis; white-space:nowrap;\"><a href=\"https:\/\/www.instagram.com\/reel\/DKh-2QUSLhN\/?utm_source=ig_embed&amp;utm_campaign=loading\" style=\" color:#c9c8cd; font-family:Arial,sans-serif; font-size:14px; font-style:normal; font-weight:normal; line-height:17px; text-decoration:none;\" target=\"_blank\" rel=\"nofollow noopener\">Une publication partag\u00e9e par Rich\u00e8s Karayib (@richeskarayib)<\/a><\/p><\/div><\/blockquote>\r\n<script async src=\"\/\/www.instagram.com\/embed.js\"><\/script>\t\t\t\t<\/div>\n\t\t\t\t<\/div>\n\t\t\t\t\t<\/div>\n\t\t<\/div>\n\t\t\t\t<div class=\"elementor-column elementor-col-50 elementor-inner-column elementor-element elementor-element-26679de\" data-id=\"26679de\" data-element_type=\"column\">\n\t\t\t<div class=\"elementor-widget-wrap elementor-element-populated\">\n\t\t\t\t\t\t<div class=\"elementor-element elementor-element-32b3caf elementor-widget elementor-widget-image\" data-id=\"32b3caf\" data-element_type=\"widget\" data-widget_type=\"image.default\">\n\t\t\t\t<div class=\"elementor-widget-container\">\n\t\t\t\t\t\t\t\t\t\t\t\t\t\t\t<img loading=\"lazy\" decoding=\"async\" width=\"576\" height=\"1024\" src=\"https:\/\/richeskarayib.com\/wp-content\/uploads\/2025\/05\/Antoine-Nabajoth-Video-mobile-576x1024.png-5.webp\" class=\"attachment-large size-large wp-image-54633\" alt=\"\" srcset=\"https:\/\/richeskarayib.com\/wp-content\/uploads\/2025\/05\/Antoine-Nabajoth-Video-mobile-576x1024.png-5.webp 576w, https:\/\/richeskarayib.com\/wp-content\/uploads\/2025\/05\/Antoine-Nabajoth-Video-mobile-576x1024.png-5-169x300.webp 169w\" sizes=\"(max-width: 576px) 100vw, 576px\" \/>\t\t\t\t\t\t\t\t\t\t\t\t\t\t\t<\/div>\n\t\t\t\t<\/div>\n\t\t\t\t\t<\/div>\n\t\t<\/div>\n\t\t\t\t\t<\/div>\n\t\t<\/section>\n\t\t\t\t\t<\/div>\n\t\t<\/div>\n\t\t\t\t\t<\/div>\n\t\t<\/section>\n\t\t\t\t<\/div>\n\t\t","protected":false},"excerpt":{"rendered":"<p>Rich\u00e8s Karayib est parti \u00e0 la rencontre de Vanessa Ledesma, directrice g\u00e9n\u00e9rale du CHTA (Caribbean Hotel and Tourism Association), \u00e0 l\u2019occasion de la 43\u1d49 \u00e9dition du Caribbean Travel Marketplace, organis\u00e9e \u00e0 Antigua-et-Barbuda du 18 au 22 mai 2025. Cet \u00e9v\u00e9nement phare du tourisme B2B dans la r\u00e9gion a rassembl\u00e9 fournisseurs, tour-op\u00e9rateurs, institutionnels et experts autour [&hellip;]<\/p>\n","protected":false},"author":662,"featured_media":53659,"comment_status":"open","ping_status":"open","sticky":false,"template":"","format":"standard","meta":{"_acf_changed":false,"footnotes":""},"categories":[1798],"tags":[1690],"class_list":["post-53575","post","type-post","status-publish","format-standard","has-post-thumbnail","hentry","category-chta","tag-antigua-et-barbuda"],"acf":[],"_links":{"self":[{"href":"https:\/\/richeskarayib.com\/fr\/wp-json\/wp\/v2\/posts\/53575","targetHints":{"allow":["GET"]}}],"collection":[{"href":"https:\/\/richeskarayib.com\/fr\/wp-json\/wp\/v2\/posts"}],"about":[{"href":"https:\/\/richeskarayib.com\/fr\/wp-json\/wp\/v2\/types\/post"}],"author":[{"embeddable":true,"href":"https:\/\/richeskarayib.com\/fr\/wp-json\/wp\/v2\/users\/662"}],"replies":[{"embeddable":true,"href":"https:\/\/richeskarayib.com\/fr\/wp-json\/wp\/v2\/comments?post=53575"}],"version-history":[{"count":0,"href":"https:\/\/richeskarayib.com\/fr\/wp-json\/wp\/v2\/posts\/53575\/revisions"}],"wp:featuredmedia":[{"embeddable":true,"href":"https:\/\/richeskarayib.com\/fr\/wp-json\/wp\/v2\/media\/53659"}],"wp:attachment":[{"href":"https:\/\/richeskarayib.com\/fr\/wp-json\/wp\/v2\/media?parent=53575"}],"wp:term":[{"taxonomy":"category","embeddable":true,"href":"https:\/\/richeskarayib.com\/fr\/wp-json\/wp\/v2\/categories?post=53575"},{"taxonomy":"post_tag","embeddable":true,"href":"https:\/\/richeskarayib.com\/fr\/wp-json\/wp\/v2\/tags?post=53575"}],"curies":[{"name":"wp","href":"https:\/\/api.w.org\/{rel}","templated":true}]}}