{"id":53630,"date":"2025-06-05T09:25:47","date_gmt":"2025-06-05T13:25:47","guid":{"rendered":"https:\/\/richeskarayib.com\/?p=53630"},"modified":"2025-06-05T09:59:54","modified_gmt":"2025-06-05T13:59:54","slug":"marcus-boereau-taman-30-millions-rinconada","status":"publish","type":"post","link":"https:\/\/richeskarayib.com\/fr\/marcus-boereau-taman-30-millions-rinconada\/","title":{"rendered":"Ha\u00efti \/ R\u00e9publique Dominicaine &#8211; Marcus Boereau et TAMAN : 30 millions pour r\u00e9inventer La Rinconada"},"content":{"rendered":"\t\t<div data-elementor-type=\"wp-post\" data-elementor-id=\"53630\" class=\"elementor elementor-53630\" data-elementor-post-type=\"post\">\n\t\t\t\t\t\t<section class=\"elementor-section elementor-top-section elementor-element elementor-element-a1df631 elementor-section-boxed elementor-section-height-default elementor-section-height-default\" data-id=\"a1df631\" data-element_type=\"section\">\n\t\t\t\t\t\t<div class=\"elementor-container elementor-column-gap-default\">\n\t\t\t\t\t<div class=\"elementor-column elementor-col-100 elementor-top-column elementor-element elementor-element-dd29b53\" data-id=\"dd29b53\" data-element_type=\"column\">\n\t\t\t<div class=\"elementor-widget-wrap elementor-element-populated\">\n\t\t\t\t\t\t<div class=\"elementor-element elementor-element-db07671 elementor-widget elementor-widget-text-editor\" data-id=\"db07671\" data-element_type=\"widget\" data-widget_type=\"text-editor.default\">\n\t\t\t\t<div class=\"elementor-widget-container\">\n\t\t\t\t\t\t\t\t\t<p style=\"text-align: left;\"><span style=\"font-weight: 400;\">Le 2 juin 2025, \u00e0 <a href=\"https:\/\/richeskarayib.com\/fr\/carnaval-de-punta-cana-2025-inoubliable-post\/\" target=\"_blank\" rel=\"noopener\">Punta Cana<\/a>, un \u00e9v\u00e9nement discret mais strat\u00e9gique a marqu\u00e9 un tournant pour le d\u00e9veloppement immobilier de la <a href=\"https:\/\/richeskarayib.com\/fr\/agroalimentaria-2025-opportunite-caricom\/\" target=\"_blank\" rel=\"noopener\">R\u00e9publique Dominicaine<\/a> : le lancement officiel de TAMAN, un projet r\u00e9sidentiel de luxe port\u00e9 par l\u2019entrepreneur ha\u00eftien Marcus Boereau.<\/span><\/p>\t\t\t\t\t\t\t\t<\/div>\n\t\t\t\t<\/div>\n\t\t\t\t\t<\/div>\n\t\t<\/div>\n\t\t\t\t\t<\/div>\n\t\t<\/section>\n\t\t\t\t<section class=\"elementor-section elementor-top-section elementor-element elementor-element-13f1a0a elementor-section-boxed elementor-section-height-default elementor-section-height-default\" data-id=\"13f1a0a\" data-element_type=\"section\">\n\t\t\t\t\t\t<div class=\"elementor-container elementor-column-gap-default\">\n\t\t\t\t\t<div class=\"elementor-column elementor-col-100 elementor-top-column elementor-element elementor-element-d7d941f\" data-id=\"d7d941f\" data-element_type=\"column\">\n\t\t\t<div class=\"elementor-widget-wrap elementor-element-populated\">\n\t\t\t\t\t\t<div class=\"elementor-element elementor-element-ddd8e01 elementor-widget elementor-widget-heading\" data-id=\"ddd8e01\" data-element_type=\"widget\" data-widget_type=\"heading.default\">\n\t\t\t\t<div class=\"elementor-widget-container\">\n\t\t\t\t\t<h2 class=\"elementor-heading-title elementor-size-default\">Un entrepreneur ha\u00eftien qui b\u00e2tit des ponts dans la Cara\u00efbe<\/h2>\t\t\t\t<\/div>\n\t\t\t\t<\/div>\n\t\t\t\t<div class=\"elementor-element elementor-element-9f701da elementor-widget elementor-widget-text-editor\" data-id=\"9f701da\" data-element_type=\"widget\" data-widget_type=\"text-editor.default\">\n\t\t\t\t<div class=\"elementor-widget-container\">\n\t\t\t\t\t\t\t\t\t<p style=\"text-align: left;\"><span style=\"font-weight: 400;\">Originaire de Port-au-Prince,<a href=\"https:\/\/www.juno7.ht\/lentrepreneur-haitien-marcus-boereau-lance-la-constru\/\" target=\"_blank\" rel=\"noopener nofollow\"> Marcus Boereau<\/a> incarne une nouvelle g\u00e9n\u00e9ration de leaders carib\u00e9ens. Polyglotte et dipl\u00f4m\u00e9 en \u00e9conomie de l\u2019Universit\u00e9 de Shanghai, il est \u00e9galement titulaire de deux masters \u2013 l\u2019un en commerce international, l\u2019autre en gestion de projet. \u00c0 la t\u00eate d\u2019IMAR Ventures, soci\u00e9t\u00e9 sp\u00e9cialis\u00e9e dans l\u2019investissement transfrontalier, il a su s\u2019imposer comme une figure montante dans les \u00e9changes \u00e9conomiques entre Ha\u00efti, la R\u00e9publique Dominicaine et l\u2019Am\u00e9rique latine.<\/span><\/p>\t\t\t\t\t\t\t\t<\/div>\n\t\t\t\t<\/div>\n\t\t\t\t<div class=\"elementor-element elementor-element-962b18f elementor-widget elementor-widget-text-editor\" data-id=\"962b18f\" data-element_type=\"widget\" data-widget_type=\"text-editor.default\">\n\t\t\t\t<div class=\"elementor-widget-container\">\n\t\t\t\t\t\t\t\t\t<p style=\"text-align: left;\"><span style=\"font-weight: 400;\">Il est notamment devenu le premier Ha\u00eftien \u00e0 faire la une du magazine latino-am\u00e9ricain <\/span><i><span style=\"font-weight: 400;\">Factor de \u00c9xito<\/span><\/i><span style=\"font-weight: 400;\">, qui distingue les d\u00e9cideurs les plus influents du continent. Avec TAMAN, il ne se contente pas d\u2019ajouter une ligne \u00e0 son palmar\u00e8s : il pose une pierre fondatrice dans un projet de transformation \u00e0 long terme de l\u2019est dominicain.<\/span><\/p>\t\t\t\t\t\t\t\t<\/div>\n\t\t\t\t<\/div>\n\t\t\t\t\t<\/div>\n\t\t<\/div>\n\t\t\t\t\t<\/div>\n\t\t<\/section>\n\t\t\t\t<section class=\"elementor-section elementor-top-section elementor-element elementor-element-6dc38f5 elementor-section-boxed elementor-section-height-default elementor-section-height-default\" data-id=\"6dc38f5\" data-element_type=\"section\">\n\t\t\t\t\t\t<div class=\"elementor-container elementor-column-gap-default\">\n\t\t\t\t\t<div class=\"elementor-column elementor-col-100 elementor-top-column elementor-element elementor-element-5dc36c9\" data-id=\"5dc36c9\" data-element_type=\"column\">\n\t\t\t<div class=\"elementor-widget-wrap elementor-element-populated\">\n\t\t\t\t\t\t<section class=\"elementor-section elementor-inner-section elementor-element elementor-element-f3f7726 elementor-section-boxed elementor-section-height-default elementor-section-height-default\" data-id=\"f3f7726\" data-element_type=\"section\">\n\t\t\t\t\t\t<div class=\"elementor-container elementor-column-gap-default\">\n\t\t\t\t\t<div class=\"elementor-column elementor-col-100 elementor-inner-column elementor-element elementor-element-592b3e3\" data-id=\"592b3e3\" data-element_type=\"column\">\n\t\t\t<div class=\"elementor-widget-wrap elementor-element-populated\">\n\t\t\t\t\t\t<div class=\"elementor-element elementor-element-7e3645c elementor-widget elementor-widget-image\" data-id=\"7e3645c\" data-element_type=\"widget\" data-widget_type=\"image.default\">\n\t\t\t\t<div class=\"elementor-widget-container\">\n\t\t\t\t\t\t\t\t\t\t\t\t<figure class=\"wp-caption\">\n\t\t\t\t\t\t\t\t\t\t<img fetchpriority=\"high\" decoding=\"async\" width=\"800\" height=\"994\" src=\"https:\/\/richeskarayib.com\/wp-content\/uploads\/2025\/06\/470081018_18335819164144217_4295619426945612103_n-824x1024.jpg\" class=\"attachment-large size-large wp-image-53635\" alt=\"TAMAN\" srcset=\"https:\/\/richeskarayib.com\/wp-content\/uploads\/2025\/06\/470081018_18335819164144217_4295619426945612103_n-824x1024.jpg 824w, https:\/\/richeskarayib.com\/wp-content\/uploads\/2025\/06\/470081018_18335819164144217_4295619426945612103_n-241x300.jpg 241w, https:\/\/richeskarayib.com\/wp-content\/uploads\/2025\/06\/470081018_18335819164144217_4295619426945612103_n-768x954.jpg 768w, https:\/\/richeskarayib.com\/wp-content\/uploads\/2025\/06\/470081018_18335819164144217_4295619426945612103_n-1236x1536.jpg 1236w, https:\/\/richeskarayib.com\/wp-content\/uploads\/2025\/06\/470081018_18335819164144217_4295619426945612103_n-1320x1640.jpg 1320w, https:\/\/richeskarayib.com\/wp-content\/uploads\/2025\/06\/470081018_18335819164144217_4295619426945612103_n.jpg 1440w\" sizes=\"(max-width: 800px) 100vw, 800px\" \/>\t\t\t\t\t\t\t\t\t\t\t<figcaption class=\"widget-image-caption wp-caption-text\">Marcus Boereau<\/figcaption>\n\t\t\t\t\t\t\t\t\t\t<\/figure>\n\t\t\t\t\t\t\t\t\t<\/div>\n\t\t\t\t<\/div>\n\t\t\t\t\t<\/div>\n\t\t<\/div>\n\t\t\t\t\t<\/div>\n\t\t<\/section>\n\t\t\t\t<div class=\"elementor-element elementor-element-64c560a elementor-widget elementor-widget-heading\" data-id=\"64c560a\" data-element_type=\"widget\" data-widget_type=\"heading.default\">\n\t\t\t\t<div class=\"elementor-widget-container\">\n\t\t\t\t\t<h2 class=\"elementor-heading-title elementor-size-default\">TAMAN : une vision \u00e0 30 millions de dollars pour La Rinconada<\/h2>\t\t\t\t<\/div>\n\t\t\t\t<\/div>\n\t\t\t\t<div class=\"elementor-element elementor-element-f76a973 elementor-widget elementor-widget-text-editor\" data-id=\"f76a973\" data-element_type=\"widget\" data-widget_type=\"text-editor.default\">\n\t\t\t\t<div class=\"elementor-widget-container\">\n\t\t\t\t\t\t\t\t\t<p style=\"text-align: left;\"><span style=\"font-weight: 400;\">Install\u00e9 sur le Boulevard Tur\u00edstico del Este, TAMAN est le tout premier projet r\u00e9sidentiel de La Rinconada \u00e0 avoir entam\u00e9 sa construction apr\u00e8s avoir obtenu l\u2019ensemble des autorisations r\u00e9glementaires. Ce respect rigoureux du cadre administratif a \u00e9t\u00e9 salu\u00e9 par Marcus Boereau lui-m\u00eame :<\/span><\/p>\t\t\t\t\t\t\t\t<\/div>\n\t\t\t\t<\/div>\n\t\t\t\t<div class=\"elementor-element elementor-element-2a28e35 elementor-widget elementor-widget-text-editor\" data-id=\"2a28e35\" data-element_type=\"widget\" data-widget_type=\"text-editor.default\">\n\t\t\t\t<div class=\"elementor-widget-container\">\n\t\t\t\t\t\t\t\t\t<p><span style=\"font-weight: 400;\">\u00ab Bien que le processus d\u2019obtention des permis puisse para\u00eetre long, j\u2019ai \u00e9t\u00e9 impressionn\u00e9 par l\u2019attention port\u00e9e aux d\u00e9tails et le s\u00e9rieux des autorit\u00e9s. \u00bb<\/span><\/p><p style=\"text-align: left;\"><span style=\"font-weight: 400;\">D\u2019un budget estim\u00e9 \u00e0 30 millions de dollars, TAMAN est con\u00e7u comme une r\u00e9sidence de prestige inspir\u00e9e de l\u2019architecture balinaise. Le projet comprendra 144 appartements haut de gamme, pens\u00e9s pour conjuguer bien-\u00eatre, durabilit\u00e9 et design raffin\u00e9. L\u2019accent est mis sur l\u2019int\u00e9gration dans le paysage naturel, l\u2019harmonie des lignes architecturales et la qualit\u00e9 des mat\u00e9riaux.<\/span><\/p>\t\t\t\t\t\t\t\t<\/div>\n\t\t\t\t<\/div>\n\t\t\t\t<section class=\"elementor-section elementor-inner-section elementor-element elementor-element-a133eaf elementor-section-boxed elementor-section-height-default elementor-section-height-default\" data-id=\"a133eaf\" data-element_type=\"section\">\n\t\t\t\t\t\t<div class=\"elementor-container elementor-column-gap-default\">\n\t\t\t\t\t<div class=\"elementor-column elementor-col-100 elementor-inner-column elementor-element elementor-element-d8c1067\" data-id=\"d8c1067\" data-element_type=\"column\">\n\t\t\t<div class=\"elementor-widget-wrap elementor-element-populated\">\n\t\t\t\t\t\t<div class=\"elementor-element elementor-element-0930a2c elementor-widget elementor-widget-image\" data-id=\"0930a2c\" data-element_type=\"widget\" data-widget_type=\"image.default\">\n\t\t\t\t<div class=\"elementor-widget-container\">\n\t\t\t\t\t\t\t\t\t\t\t\t\t\t\t<img decoding=\"async\" width=\"768\" height=\"403\" src=\"https:\/\/richeskarayib.com\/wp-content\/uploads\/2025\/06\/Cover.J7-1200-x-630-px-2025-06-02T212738.164.webp\" class=\"attachment-large size-large wp-image-53639\" alt=\"TAMAN\" srcset=\"https:\/\/richeskarayib.com\/wp-content\/uploads\/2025\/06\/Cover.J7-1200-x-630-px-2025-06-02T212738.164.webp 768w, https:\/\/richeskarayib.com\/wp-content\/uploads\/2025\/06\/Cover.J7-1200-x-630-px-2025-06-02T212738.164-300x157.webp 300w\" sizes=\"(max-width: 768px) 100vw, 768px\" \/>\t\t\t\t\t\t\t\t\t\t\t\t\t\t\t<\/div>\n\t\t\t\t<\/div>\n\t\t\t\t\t<\/div>\n\t\t<\/div>\n\t\t\t\t\t<\/div>\n\t\t<\/section>\n\t\t\t\t\t<\/div>\n\t\t<\/div>\n\t\t\t\t\t<\/div>\n\t\t<\/section>\n\t\t\t\t<section class=\"elementor-section elementor-top-section elementor-element elementor-element-4a4b1ab elementor-section-boxed elementor-section-height-default elementor-section-height-default\" data-id=\"4a4b1ab\" data-element_type=\"section\">\n\t\t\t\t\t\t<div class=\"elementor-container elementor-column-gap-default\">\n\t\t\t\t\t<div class=\"elementor-column elementor-col-100 elementor-top-column elementor-element elementor-element-31aac59\" data-id=\"31aac59\" data-element_type=\"column\">\n\t\t\t<div class=\"elementor-widget-wrap elementor-element-populated\">\n\t\t\t\t\t\t<div class=\"elementor-element elementor-element-22bf92b elementor-widget elementor-widget-heading\" data-id=\"22bf92b\" data-element_type=\"widget\" data-widget_type=\"heading.default\">\n\t\t\t\t<div class=\"elementor-widget-container\">\n\t\t\t\t\t<h2 class=\"elementor-heading-title elementor-size-default\">Des partenaires solides pour une ex\u00e9cution irr\u00e9prochable\n<\/h2>\t\t\t\t<\/div>\n\t\t\t\t<\/div>\n\t\t\t\t<div class=\"elementor-element elementor-element-28e3547 elementor-widget elementor-widget-text-editor\" data-id=\"28e3547\" data-element_type=\"widget\" data-widget_type=\"text-editor.default\">\n\t\t\t\t<div class=\"elementor-widget-container\">\n\t\t\t\t\t\t\t\t\t<p><span style=\"font-weight: 400;\">Pour la r\u00e9alisation du chantier, Marcus Boereau a mis\u00e9 sur l\u2019expertise dominicaine. La construction a \u00e9t\u00e9 confi\u00e9e \u00e0 Verges &amp; Asociados (VAC), entreprise de r\u00e9f\u00e9rence forte de plus de vingt ans d\u2019exp\u00e9rience. La supervision technique est assur\u00e9e par le cabinet ASPECT, tandis qu\u2019un assureur national couvre int\u00e9gralement les risques li\u00e9s au chantier.<\/span><\/p><p><span style=\"font-weight: 400;\">Cette triple alliance technique, juridique et financi\u00e8re garantit une ex\u00e9cution \u00e0 la fois rigoureuse et s\u00e9curis\u00e9e. Elle refl\u00e8te la philosophie de Boereau : combiner excellence locale et exigence internationale.<\/span><\/p>\t\t\t\t\t\t\t\t<\/div>\n\t\t\t\t<\/div>\n\t\t\t\t<section class=\"elementor-section elementor-inner-section elementor-element elementor-element-43c67ec elementor-section-boxed elementor-section-height-default elementor-section-height-default\" data-id=\"43c67ec\" data-element_type=\"section\">\n\t\t\t\t\t\t<div class=\"elementor-container elementor-column-gap-default\">\n\t\t\t\t\t<div class=\"elementor-column elementor-col-100 elementor-inner-column elementor-element elementor-element-762c145\" data-id=\"762c145\" data-element_type=\"column\">\n\t\t\t<div class=\"elementor-widget-wrap elementor-element-populated\">\n\t\t\t\t\t\t<div class=\"elementor-element elementor-element-66556ea elementor-widget elementor-widget-image\" data-id=\"66556ea\" data-element_type=\"widget\" data-widget_type=\"image.default\">\n\t\t\t\t<div class=\"elementor-widget-container\">\n\t\t\t\t\t\t\t\t\t\t\t\t\t\t\t<img decoding=\"async\" width=\"800\" height=\"420\" src=\"https:\/\/richeskarayib.com\/wp-content\/uploads\/2025\/06\/Cover.J7-1200-x-630-px-2025-06-02T212702.131.webp\" class=\"attachment-large size-large wp-image-53643\" alt=\"TAMAN\" srcset=\"https:\/\/richeskarayib.com\/wp-content\/uploads\/2025\/06\/Cover.J7-1200-x-630-px-2025-06-02T212702.131.webp 1024w, https:\/\/richeskarayib.com\/wp-content\/uploads\/2025\/06\/Cover.J7-1200-x-630-px-2025-06-02T212702.131-300x158.webp 300w, https:\/\/richeskarayib.com\/wp-content\/uploads\/2025\/06\/Cover.J7-1200-x-630-px-2025-06-02T212702.131-768x404.webp 768w\" sizes=\"(max-width: 800px) 100vw, 800px\" \/>\t\t\t\t\t\t\t\t\t\t\t\t\t\t\t<\/div>\n\t\t\t\t<\/div>\n\t\t\t\t\t<\/div>\n\t\t<\/div>\n\t\t\t\t\t<\/div>\n\t\t<\/section>\n\t\t\t\t\t<\/div>\n\t\t<\/div>\n\t\t\t\t\t<\/div>\n\t\t<\/section>\n\t\t\t\t<section class=\"elementor-section elementor-top-section elementor-element elementor-element-fa64856 elementor-section-boxed elementor-section-height-default elementor-section-height-default\" data-id=\"fa64856\" data-element_type=\"section\">\n\t\t\t\t\t\t<div class=\"elementor-container elementor-column-gap-default\">\n\t\t\t\t\t<div class=\"elementor-column elementor-col-100 elementor-top-column elementor-element elementor-element-479f03b\" data-id=\"479f03b\" data-element_type=\"column\">\n\t\t\t<div class=\"elementor-widget-wrap elementor-element-populated\">\n\t\t\t\t\t\t<div class=\"elementor-element elementor-element-067c7d7 elementor-widget elementor-widget-heading\" data-id=\"067c7d7\" data-element_type=\"widget\" data-widget_type=\"heading.default\">\n\t\t\t\t<div class=\"elementor-widget-container\">\n\t\t\t\t\t<h2 class=\"elementor-heading-title elementor-size-default\">Des exp\u00e9riences immersives pour les futurs r\u00e9sidents<\/h2>\t\t\t\t<\/div>\n\t\t\t\t<\/div>\n\t\t\t\t<div class=\"elementor-element elementor-element-0710928 elementor-widget elementor-widget-text-editor\" data-id=\"0710928\" data-element_type=\"widget\" data-widget_type=\"text-editor.default\">\n\t\t\t\t<div class=\"elementor-widget-container\">\n\t\t\t\t\t\t\t\t\t<p><span style=\"font-weight: 400;\">TAMAN ne se limite pas \u00e0 la construction d\u2019un ensemble immobilier. D\u00e8s la phase de chantier, le projet s\u2019anime avec des \u00e9v\u00e9nements priv\u00e9s et immersifs destin\u00e9s aux investisseurs, partenaires et futurs r\u00e9sidents. Visites guid\u00e9es, pr\u00e9sentations th\u00e9matiques et \u00e9changes avec les \u00e9quipes permettent \u00e0 chacun de suivre l\u2019\u00e9volution du site et de s\u2019approprier progressivement l\u2019univers TAMAN.<\/span><\/p><p><span style=\"font-weight: 400;\">Cette attention port\u00e9e \u00e0 la relation humaine et \u00e0 la transparence est devenue une marque de fabrique du projet, renfor\u00e7ant la confiance dans un march\u00e9 souvent per\u00e7u comme opaque.<\/span><\/p>\t\t\t\t\t\t\t\t<\/div>\n\t\t\t\t<\/div>\n\t\t\t\t\t<\/div>\n\t\t<\/div>\n\t\t\t\t\t<\/div>\n\t\t<\/section>\n\t\t\t\t<section class=\"elementor-section elementor-top-section elementor-element elementor-element-f1fce95 elementor-section-boxed elementor-section-height-default elementor-section-height-default\" data-id=\"f1fce95\" data-element_type=\"section\">\n\t\t\t\t\t\t<div class=\"elementor-container elementor-column-gap-default\">\n\t\t\t\t\t<div class=\"elementor-column elementor-col-100 elementor-top-column elementor-element elementor-element-428f352\" data-id=\"428f352\" data-element_type=\"column\">\n\t\t\t<div class=\"elementor-widget-wrap elementor-element-populated\">\n\t\t\t\t\t\t<div class=\"elementor-element elementor-element-a4d5142 elementor-widget elementor-widget-heading\" data-id=\"a4d5142\" data-element_type=\"widget\" data-widget_type=\"heading.default\">\n\t\t\t\t<div class=\"elementor-widget-container\">\n\t\t\t\t\t<h2 class=\"elementor-heading-title elementor-size-default\">Un futur op\u00e9rateur h\u00f4telier international en ligne de mire\n<\/h2>\t\t\t\t<\/div>\n\t\t\t\t<\/div>\n\t\t\t\t<div class=\"elementor-element elementor-element-9e5facf elementor-widget elementor-widget-text-editor\" data-id=\"9e5facf\" data-element_type=\"widget\" data-widget_type=\"text-editor.default\">\n\t\t\t\t<div class=\"elementor-widget-container\">\n\t\t\t\t\t\t\t\t\t<p style=\"text-align: left;\"><span style=\"font-weight: 400;\">Pour valoriser les biens et garantir un rendement durable aux acqu\u00e9reurs, Marcus Boereau pr\u00e9voit de confier la gestion du complexe \u00e0 un groupe h\u00f4telier international de premier plan. Son nom n\u2019a pas encore \u00e9t\u00e9 d\u00e9voil\u00e9, mais cette annonce est attendue dans les prochaines semaines.<\/span><\/p><p style=\"text-align: left;\"><span style=\"font-weight: 400;\">Cette orientation t\u00e9moigne d\u2019une strat\u00e9gie hybride : TAMAN est \u00e0 la fois un lieu de r\u00e9sidence haut de gamme et un produit d\u2019investissement structur\u00e9, port\u00e9 par une dynamique de croissance durable dans une r\u00e9gion \u00e0 fort potentiel.<\/span><\/p>\t\t\t\t\t\t\t\t<\/div>\n\t\t\t\t<\/div>\n\t\t\t\t<div class=\"elementor-element elementor-element-07e18a0 elementor-widget elementor-widget-image\" data-id=\"07e18a0\" data-element_type=\"widget\" data-widget_type=\"image.default\">\n\t\t\t\t<div class=\"elementor-widget-container\">\n\t\t\t\t\t\t\t\t\t\t\t\t\t\t\t<img loading=\"lazy\" decoding=\"async\" width=\"800\" height=\"998\" src=\"https:\/\/richeskarayib.com\/wp-content\/uploads\/2025\/06\/504481251_18356029027144217_5042613140566539900_n-821x1024.jpg\" class=\"attachment-large size-large wp-image-53651\" alt=\"TAMAN\" srcset=\"https:\/\/richeskarayib.com\/wp-content\/uploads\/2025\/06\/504481251_18356029027144217_5042613140566539900_n-821x1024.jpg 821w, https:\/\/richeskarayib.com\/wp-content\/uploads\/2025\/06\/504481251_18356029027144217_5042613140566539900_n-241x300.jpg 241w, https:\/\/richeskarayib.com\/wp-content\/uploads\/2025\/06\/504481251_18356029027144217_5042613140566539900_n-768x957.jpg 768w, https:\/\/richeskarayib.com\/wp-content\/uploads\/2025\/06\/504481251_18356029027144217_5042613140566539900_n-1232x1536.jpg 1232w, https:\/\/richeskarayib.com\/wp-content\/uploads\/2025\/06\/504481251_18356029027144217_5042613140566539900_n-1320x1645.jpg 1320w, https:\/\/richeskarayib.com\/wp-content\/uploads\/2025\/06\/504481251_18356029027144217_5042613140566539900_n.jpg 1440w\" sizes=\"(max-width: 800px) 100vw, 800px\" \/>\t\t\t\t\t\t\t\t\t\t\t\t\t\t\t<\/div>\n\t\t\t\t<\/div>\n\t\t\t\t\t<\/div>\n\t\t<\/div>\n\t\t\t\t\t<\/div>\n\t\t<\/section>\n\t\t\t\t<section class=\"elementor-section elementor-top-section elementor-element elementor-element-7688974 elementor-section-boxed elementor-section-height-default elementor-section-height-default\" data-id=\"7688974\" data-element_type=\"section\">\n\t\t\t\t\t\t<div class=\"elementor-container elementor-column-gap-default\">\n\t\t\t\t\t<div class=\"elementor-column elementor-col-100 elementor-top-column elementor-element elementor-element-f964861\" data-id=\"f964861\" data-element_type=\"column\">\n\t\t\t<div class=\"elementor-widget-wrap elementor-element-populated\">\n\t\t\t\t\t\t<div class=\"elementor-element elementor-element-47381d9 elementor-widget elementor-widget-heading\" data-id=\"47381d9\" data-element_type=\"widget\" data-widget_type=\"heading.default\">\n\t\t\t\t<div class=\"elementor-widget-container\">\n\t\t\t\t\t<h2 class=\"elementor-heading-title elementor-size-default\">La Rinconada : un territoire en pleine mutation<\/h2>\t\t\t\t<\/div>\n\t\t\t\t<\/div>\n\t\t\t\t<div class=\"elementor-element elementor-element-1efcc14 elementor-widget elementor-widget-text-editor\" data-id=\"1efcc14\" data-element_type=\"widget\" data-widget_type=\"text-editor.default\">\n\t\t\t\t<div class=\"elementor-widget-container\">\n\t\t\t\t\t\t\t\t\t<p style=\"text-align: left;\"><span style=\"font-weight: 400;\">Encore m\u00e9connue du grand public il y a quelques ann\u00e9es, la zone de La Rinconada est aujourd\u2019hui au c\u0153ur des ambitions de Punta Cana. Proximit\u00e9 des plages, grands axes routiers, politique d\u2019incitations fiscales via la loi CONFOTUR : tout y concourt \u00e0 l\u2019\u00e9mergence d\u2019un nouveau p\u00f4le r\u00e9sidentiel.<\/span><\/p><p style=\"text-align: left;\"><span style=\"font-weight: 400;\">La loi CONFOTUR, en particulier, attire les capitaux gr\u00e2ce \u00e0 des exon\u00e9rations fiscales sur 15 ans, un atout non n\u00e9gligeable pour les investisseurs \u00e9trangers comme locaux. TAMAN est l\u2019un des premiers projets \u00e0 b\u00e9n\u00e9ficier pleinement de ce dispositif, combinant rentabilit\u00e9, s\u00e9curit\u00e9 juridique et positionnement strat\u00e9gique.<\/span><\/p>\t\t\t\t\t\t\t\t<\/div>\n\t\t\t\t<\/div>\n\t\t\t\t\t<\/div>\n\t\t<\/div>\n\t\t\t\t\t<\/div>\n\t\t<\/section>\n\t\t\t\t<section class=\"elementor-section elementor-top-section elementor-element elementor-element-ba1eb1e elementor-section-boxed elementor-section-height-default elementor-section-height-default\" data-id=\"ba1eb1e\" data-element_type=\"section\">\n\t\t\t\t\t\t<div class=\"elementor-container elementor-column-gap-default\">\n\t\t\t\t\t<div class=\"elementor-column elementor-col-100 elementor-top-column elementor-element elementor-element-db5b427\" data-id=\"db5b427\" data-element_type=\"column\">\n\t\t\t<div class=\"elementor-widget-wrap elementor-element-populated\">\n\t\t\t\t\t\t<div class=\"elementor-element elementor-element-e2ec9d0 elementor-widget elementor-widget-heading\" data-id=\"e2ec9d0\" data-element_type=\"widget\" data-widget_type=\"heading.default\">\n\t\t\t\t<div class=\"elementor-widget-container\">\n\t\t\t\t\t<h2 class=\"elementor-heading-title elementor-size-default\">Un projet \u00e0 l\u2019image de son fondateur<\/h2>\t\t\t\t<\/div>\n\t\t\t\t<\/div>\n\t\t\t\t<div class=\"elementor-element elementor-element-aca4c12 elementor-widget elementor-widget-text-editor\" data-id=\"aca4c12\" data-element_type=\"widget\" data-widget_type=\"text-editor.default\">\n\t\t\t\t<div class=\"elementor-widget-container\">\n\t\t\t\t\t\t\t\t\t<p style=\"text-align: left;\"><span style=\"font-weight: 400;\">\u00ab Ce n\u2019est pas simplement un projet de plus ; c\u2019est une d\u00e9monstration de notre foi dans le d\u00e9veloppement de Punta Cana et son incroyable potentiel. \u00bb<\/span><span style=\"font-weight: 400;\"><br \/><\/span><span style=\"font-weight: 400;\"> Ces mots de Marcus Boereau, prononc\u00e9s lors de la pose symbolique de la premi\u00e8re pierre le 2 juin 2025, r\u00e9sument l\u2019ambition qui anime TAMAN. Il ne s\u2019agit pas seulement de construire des logements, mais de b\u00e2tir un cadre de vie, une vision et un h\u00e9ritage.<\/span><\/p><p style=\"text-align: left;\"><span style=\"font-weight: 400;\">Par son exigence, son audace et sa capacit\u00e9 \u00e0 f\u00e9d\u00e9rer les talents des deux c\u00f4t\u00e9s de la fronti\u00e8re, Marcus Boereau fait de TAMAN un projet embl\u00e9matique de la nouvelle Cara\u00efbe : une Cara\u00efbe o\u00f9 l\u2019innovation ha\u00eftienne dialogue avec la rigueur dominicaine, au service d\u2019un d\u00e9veloppement plus int\u00e9gr\u00e9, plus ambitieux, et r\u00e9solument tourn\u00e9 vers l\u2019avenir<\/span><\/p>\t\t\t\t\t\t\t\t<\/div>\n\t\t\t\t<\/div>\n\t\t\t\t<section class=\"elementor-section elementor-inner-section elementor-element elementor-element-f78f6b7 elementor-section-boxed elementor-section-height-default elementor-section-height-default\" data-id=\"f78f6b7\" data-element_type=\"section\">\n\t\t\t\t\t\t<div class=\"elementor-container elementor-column-gap-default\">\n\t\t\t\t\t<div class=\"elementor-column elementor-col-100 elementor-inner-column elementor-element elementor-element-579ccee\" data-id=\"579ccee\" data-element_type=\"column\">\n\t\t\t<div class=\"elementor-widget-wrap elementor-element-populated\">\n\t\t\t\t\t\t<div class=\"elementor-element elementor-element-8f31013 elementor-widget elementor-widget-image\" data-id=\"8f31013\" data-element_type=\"widget\" data-widget_type=\"image.default\">\n\t\t\t\t<div class=\"elementor-widget-container\">\n\t\t\t\t\t\t\t\t\t\t\t\t\t\t\t<img loading=\"lazy\" decoding=\"async\" width=\"800\" height=\"998\" src=\"https:\/\/richeskarayib.com\/wp-content\/uploads\/2025\/06\/504113778_18356029036144217_4666831739335077809_n-821x1024.jpg\" class=\"attachment-large size-large wp-image-53647\" alt=\"TAMAN\" srcset=\"https:\/\/richeskarayib.com\/wp-content\/uploads\/2025\/06\/504113778_18356029036144217_4666831739335077809_n-821x1024.jpg 821w, https:\/\/richeskarayib.com\/wp-content\/uploads\/2025\/06\/504113778_18356029036144217_4666831739335077809_n-241x300.jpg 241w, https:\/\/richeskarayib.com\/wp-content\/uploads\/2025\/06\/504113778_18356029036144217_4666831739335077809_n-768x957.jpg 768w, https:\/\/richeskarayib.com\/wp-content\/uploads\/2025\/06\/504113778_18356029036144217_4666831739335077809_n-1232x1536.jpg 1232w, https:\/\/richeskarayib.com\/wp-content\/uploads\/2025\/06\/504113778_18356029036144217_4666831739335077809_n-1320x1645.jpg 1320w, https:\/\/richeskarayib.com\/wp-content\/uploads\/2025\/06\/504113778_18356029036144217_4666831739335077809_n.jpg 1440w\" sizes=\"(max-width: 800px) 100vw, 800px\" \/>\t\t\t\t\t\t\t\t\t\t\t\t\t\t\t<\/div>\n\t\t\t\t<\/div>\n\t\t\t\t\t<\/div>\n\t\t<\/div>\n\t\t\t\t\t<\/div>\n\t\t<\/section>\n\t\t\t\t\t<\/div>\n\t\t<\/div>\n\t\t\t\t\t<\/div>\n\t\t<\/section>\n\t\t\t\t<\/div>\n\t\t","protected":false},"excerpt":{"rendered":"<p>Le 2 juin 2025, \u00e0 Punta Cana, un \u00e9v\u00e9nement discret mais strat\u00e9gique a marqu\u00e9 un tournant pour le d\u00e9veloppement immobilier de la R\u00e9publique Dominicaine : le lancement officiel de TAMAN, un projet r\u00e9sidentiel de luxe port\u00e9 par l\u2019entrepreneur ha\u00eftien Marcus Boereau. Un entrepreneur ha\u00eftien qui b\u00e2tit des ponts dans la Cara\u00efbe Originaire de Port-au-Prince, Marcus [&hellip;]<\/p>\n","protected":false},"author":662,"featured_media":53631,"comment_status":"open","ping_status":"open","sticky":false,"template":"","format":"standard","meta":{"_acf_changed":false,"footnotes":""},"categories":[840],"tags":[814,1482],"class_list":["post-53630","post","type-post","status-publish","format-standard","has-post-thumbnail","hentry","category-actus","tag-haiti-fr","tag-republique-dominicaine"],"acf":[],"_links":{"self":[{"href":"https:\/\/richeskarayib.com\/fr\/wp-json\/wp\/v2\/posts\/53630","targetHints":{"allow":["GET"]}}],"collection":[{"href":"https:\/\/richeskarayib.com\/fr\/wp-json\/wp\/v2\/posts"}],"about":[{"href":"https:\/\/richeskarayib.com\/fr\/wp-json\/wp\/v2\/types\/post"}],"author":[{"embeddable":true,"href":"https:\/\/richeskarayib.com\/fr\/wp-json\/wp\/v2\/users\/662"}],"replies":[{"embeddable":true,"href":"https:\/\/richeskarayib.com\/fr\/wp-json\/wp\/v2\/comments?post=53630"}],"version-history":[{"count":0,"href":"https:\/\/richeskarayib.com\/fr\/wp-json\/wp\/v2\/posts\/53630\/revisions"}],"wp:featuredmedia":[{"embeddable":true,"href":"https:\/\/richeskarayib.com\/fr\/wp-json\/wp\/v2\/media\/53631"}],"wp:attachment":[{"href":"https:\/\/richeskarayib.com\/fr\/wp-json\/wp\/v2\/media?parent=53630"}],"wp:term":[{"taxonomy":"category","embeddable":true,"href":"https:\/\/richeskarayib.com\/fr\/wp-json\/wp\/v2\/categories?post=53630"},{"taxonomy":"post_tag","embeddable":true,"href":"https:\/\/richeskarayib.com\/fr\/wp-json\/wp\/v2\/tags?post=53630"}],"curies":[{"name":"wp","href":"https:\/\/api.w.org\/{rel}","templated":true}]}}