{"id":53713,"date":"2025-06-06T05:05:54","date_gmt":"2025-06-06T09:05:54","guid":{"rendered":"https:\/\/richeskarayib.com\/?p=53713"},"modified":"2025-06-06T05:05:54","modified_gmt":"2025-06-06T09:05:54","slug":"journee-mondiale-de-l-environnement","status":"publish","type":"post","link":"https:\/\/richeskarayib.com\/fr\/journee-mondiale-de-l-environnement\/","title":{"rendered":"Journ\u00e9e mondiale de l\u2019environnement : Battre la pollution plastique, un d\u00e9fi urgent pour la Cara\u00efbe"},"content":{"rendered":"\t\t<div data-elementor-type=\"wp-post\" data-elementor-id=\"53713\" class=\"elementor elementor-53713\" data-elementor-post-type=\"post\">\n\t\t\t\t\t\t<section class=\"elementor-section elementor-top-section elementor-element elementor-element-13f1a0a elementor-section-boxed elementor-section-height-default elementor-section-height-default\" data-id=\"13f1a0a\" data-element_type=\"section\">\n\t\t\t\t\t\t<div class=\"elementor-container elementor-column-gap-default\">\n\t\t\t\t\t<div class=\"elementor-column elementor-col-100 elementor-top-column elementor-element elementor-element-d7d941f\" data-id=\"d7d941f\" data-element_type=\"column\">\n\t\t\t<div class=\"elementor-widget-wrap elementor-element-populated\">\n\t\t\t\t\t\t<div class=\"elementor-element elementor-element-ddd8e01 elementor-widget elementor-widget-heading\" data-id=\"ddd8e01\" data-element_type=\"widget\" data-widget_type=\"heading.default\">\n\t\t\t\t<div class=\"elementor-widget-container\">\n\t\t\t\t\t<h2 class=\"elementor-heading-title elementor-size-default\">Un rendez-vous crucial c\u00e9l\u00e9br\u00e9 hier<\/h2>\t\t\t\t<\/div>\n\t\t\t\t<\/div>\n\t\t\t\t<div class=\"elementor-element elementor-element-9f701da elementor-widget elementor-widget-text-editor\" data-id=\"9f701da\" data-element_type=\"widget\" data-widget_type=\"text-editor.default\">\n\t\t\t\t<div class=\"elementor-widget-container\">\n\t\t\t\t\t\t\t\t\t<p style=\"text-align: left;\"><span style=\"font-weight: 400;\"><a href=\"https:\/\/www.rhinews.com\/actualites\/journee-mondiale-de-lenvironnement-la-caricom-alerte-sur-la-pollution-plastique-dans-la-mer-des-caraibes-haiti-en-premiere-ligne\/\" target=\"_blank\" rel=\"noopener nofollow\">La Journ\u00e9e mondiale de l\u2019environnement<\/a> dans la Cara\u00efbe a r\u00e9uni, hier, citoyens, d\u00e9cideurs et experts autour d\u2019un constat sans appel : cette r\u00e9gion, tr\u00e9sor de biodiversit\u00e9, figure aussi parmi les plus menac\u00e9es de la plan\u00e8te. L\u2019\u00e9dition 2025, centr\u00e9e sur le th\u00e8me \u00ab Battre la pollution plastique \u00bb, a mis en \u00e9vidence l\u2019imp\u00e9ratif d\u2019agir pour pr\u00e9server la <a href=\"https:\/\/richeskarayib.com\/fr\/definir-les-caraibes\/\" target=\"_blank\" rel=\"noopener\">mer des Cara\u00efbes<\/a> et ses \u00e9cosyst\u00e8mes fragiles. Ici, la mobilisation d\u00e9passe le symbole : elle r\u00e9pond \u00e0 une urgence vitale, tant les enjeux environnementaux, \u00e9conomiques et sanitaires s\u2019entrecroisent.<\/span><\/p>\t\t\t\t\t\t\t\t<\/div>\n\t\t\t\t<\/div>\n\t\t\t\t\t<\/div>\n\t\t<\/div>\n\t\t\t\t\t<\/div>\n\t\t<\/section>\n\t\t\t\t<section class=\"elementor-section elementor-top-section elementor-element elementor-element-6dc38f5 elementor-section-boxed elementor-section-height-default elementor-section-height-default\" data-id=\"6dc38f5\" data-element_type=\"section\">\n\t\t\t\t\t\t<div class=\"elementor-container elementor-column-gap-default\">\n\t\t\t\t\t<div class=\"elementor-column elementor-col-100 elementor-top-column elementor-element elementor-element-5dc36c9\" data-id=\"5dc36c9\" data-element_type=\"column\">\n\t\t\t<div class=\"elementor-widget-wrap elementor-element-populated\">\n\t\t\t\t\t\t<div class=\"elementor-element elementor-element-64c560a elementor-widget elementor-widget-heading\" data-id=\"64c560a\" data-element_type=\"widget\" data-widget_type=\"heading.default\">\n\t\t\t\t<div class=\"elementor-widget-container\">\n\t\t\t\t\t<h2 class=\"elementor-heading-title elementor-size-default\">La Cara\u00efbe, hotspot de biodiversit\u00e9\u2026 et de vuln\u00e9rabilit\u00e9<\/h2>\t\t\t\t<\/div>\n\t\t\t\t<\/div>\n\t\t\t\t<div class=\"elementor-element elementor-element-f76a973 elementor-widget elementor-widget-text-editor\" data-id=\"f76a973\" data-element_type=\"widget\" data-widget_type=\"text-editor.default\">\n\t\t\t\t<div class=\"elementor-widget-container\">\n\t\t\t\t\t\t\t\t\t<p style=\"text-align: left;\"><span style=\"font-weight: 400;\"><a href=\"https:\/\/2024.www.auf.org\/caraibe\/nouvelles\/actualites\/5-juin-journee-mondiale-de-lenvironnement\/\" target=\"_blank\" rel=\"noopener nofollow\">La Journ\u00e9e mondiale de l\u2019environnement<\/a> rappelle que l\u2019archipel abrite plus de 1 500 esp\u00e8ces v\u00e9g\u00e9tales end\u00e9miques, mais d\u00e9tient aussi un triste record : celui du nombre d\u2019esp\u00e8ces menac\u00e9es parmi les principaux foyers de biodiversit\u00e9 mondiaux. Chaque ann\u00e9e, environ 11 millions de tonnes de d\u00e9chets plastiques rejoignent les oc\u00e9ans, dont une part importante atteint la mer des Cara\u00efbes. Le changement climatique, l\u2019urbanisation littorale et la pollution aggravent la d\u00e9gradation des mangroves, des r\u00e9cifs coralliens et des plages, compromettant la p\u00eache, le tourisme et la s\u00e9curit\u00e9 alimentaire.<\/span><\/p>\t\t\t\t\t\t\t\t<\/div>\n\t\t\t\t<\/div>\n\t\t\t\t<section class=\"elementor-section elementor-inner-section elementor-element elementor-element-0cf1a75 elementor-section-boxed elementor-section-height-default elementor-section-height-default\" data-id=\"0cf1a75\" data-element_type=\"section\">\n\t\t\t\t\t\t<div class=\"elementor-container elementor-column-gap-default\">\n\t\t\t\t\t<div class=\"elementor-column elementor-col-33 elementor-inner-column elementor-element elementor-element-fc15f64\" data-id=\"fc15f64\" data-element_type=\"column\">\n\t\t\t<div class=\"elementor-widget-wrap elementor-element-populated\">\n\t\t\t\t\t\t<div class=\"elementor-element elementor-element-c034243 elementor-widget elementor-widget-image\" data-id=\"c034243\" data-element_type=\"widget\" data-widget_type=\"image.default\">\n\t\t\t\t<div class=\"elementor-widget-container\">\n\t\t\t\t\t\t\t\t\t\t\t\t\t\t\t<img fetchpriority=\"high\" decoding=\"async\" width=\"800\" height=\"534\" src=\"https:\/\/richeskarayib.com\/wp-content\/uploads\/2025\/06\/Dive-Fest-Saint-Lucia-2024-Discover-the-Stunning-Underwater-Paradise-1024x683.jpg\" class=\"attachment-large size-large wp-image-53718\" alt=\"Journ\u00e9e mondiale\" srcset=\"https:\/\/richeskarayib.com\/wp-content\/uploads\/2025\/06\/Dive-Fest-Saint-Lucia-2024-Discover-the-Stunning-Underwater-Paradise-1024x683.jpg 1024w, https:\/\/richeskarayib.com\/wp-content\/uploads\/2025\/06\/Dive-Fest-Saint-Lucia-2024-Discover-the-Stunning-Underwater-Paradise-300x200.jpg 300w, https:\/\/richeskarayib.com\/wp-content\/uploads\/2025\/06\/Dive-Fest-Saint-Lucia-2024-Discover-the-Stunning-Underwater-Paradise-768x512.jpg 768w, https:\/\/richeskarayib.com\/wp-content\/uploads\/2025\/06\/Dive-Fest-Saint-Lucia-2024-Discover-the-Stunning-Underwater-Paradise-1320x880.jpg 1320w, https:\/\/richeskarayib.com\/wp-content\/uploads\/2025\/06\/Dive-Fest-Saint-Lucia-2024-Discover-the-Stunning-Underwater-Paradise.jpg 1500w\" sizes=\"(max-width: 800px) 100vw, 800px\" \/>\t\t\t\t\t\t\t\t\t\t\t\t\t\t\t<\/div>\n\t\t\t\t<\/div>\n\t\t\t\t\t<\/div>\n\t\t<\/div>\n\t\t\t\t<div class=\"elementor-column elementor-col-33 elementor-inner-column elementor-element elementor-element-660fcda\" data-id=\"660fcda\" data-element_type=\"column\">\n\t\t\t<div class=\"elementor-widget-wrap elementor-element-populated\">\n\t\t\t\t\t\t<div class=\"elementor-element elementor-element-479c1de elementor-widget elementor-widget-image\" data-id=\"479c1de\" data-element_type=\"widget\" data-widget_type=\"image.default\">\n\t\t\t\t<div class=\"elementor-widget-container\">\n\t\t\t\t\t\t\t\t\t\t\t\t\t\t\t<img decoding=\"async\" width=\"800\" height=\"532\" src=\"https:\/\/richeskarayib.com\/wp-content\/uploads\/2025\/06\/cover-1024x681.jpg\" class=\"attachment-large size-large wp-image-53722\" alt=\"Journ\u00e9e mondiale\" srcset=\"https:\/\/richeskarayib.com\/wp-content\/uploads\/2025\/06\/cover-1024x681.jpg 1024w, https:\/\/richeskarayib.com\/wp-content\/uploads\/2025\/06\/cover-300x200.jpg 300w, https:\/\/richeskarayib.com\/wp-content\/uploads\/2025\/06\/cover-768x511.jpg 768w, https:\/\/richeskarayib.com\/wp-content\/uploads\/2025\/06\/cover-1320x878.jpg 1320w, https:\/\/richeskarayib.com\/wp-content\/uploads\/2025\/06\/cover.jpg 1500w\" sizes=\"(max-width: 800px) 100vw, 800px\" \/>\t\t\t\t\t\t\t\t\t\t\t\t\t\t\t<\/div>\n\t\t\t\t<\/div>\n\t\t\t\t\t<\/div>\n\t\t<\/div>\n\t\t\t\t<div class=\"elementor-column elementor-col-33 elementor-inner-column elementor-element elementor-element-62d4092\" data-id=\"62d4092\" data-element_type=\"column\">\n\t\t\t<div class=\"elementor-widget-wrap elementor-element-populated\">\n\t\t\t\t\t\t<div class=\"elementor-element elementor-element-ca1900f elementor-widget elementor-widget-image\" data-id=\"ca1900f\" data-element_type=\"widget\" data-widget_type=\"image.default\">\n\t\t\t\t<div class=\"elementor-widget-container\">\n\t\t\t\t\t\t\t\t\t\t\t\t\t\t\t<img decoding=\"async\" width=\"800\" height=\"532\" src=\"https:\/\/richeskarayib.com\/wp-content\/uploads\/2025\/06\/stock-photo-atlantic-spotted-dolphins-bahamas-caribbean-2500290779-Modifie-1024x681.jpg\" class=\"attachment-large size-large wp-image-53726\" alt=\"Journ\u00e9e mondiale\" srcset=\"https:\/\/richeskarayib.com\/wp-content\/uploads\/2025\/06\/stock-photo-atlantic-spotted-dolphins-bahamas-caribbean-2500290779-Modifie-1024x681.jpg 1024w, https:\/\/richeskarayib.com\/wp-content\/uploads\/2025\/06\/stock-photo-atlantic-spotted-dolphins-bahamas-caribbean-2500290779-Modifie-300x199.jpg 300w, https:\/\/richeskarayib.com\/wp-content\/uploads\/2025\/06\/stock-photo-atlantic-spotted-dolphins-bahamas-caribbean-2500290779-Modifie-768x510.jpg 768w, https:\/\/richeskarayib.com\/wp-content\/uploads\/2025\/06\/stock-photo-atlantic-spotted-dolphins-bahamas-caribbean-2500290779-Modifie-1320x877.jpg 1320w, https:\/\/richeskarayib.com\/wp-content\/uploads\/2025\/06\/stock-photo-atlantic-spotted-dolphins-bahamas-caribbean-2500290779-Modifie.jpg 1500w\" sizes=\"(max-width: 800px) 100vw, 800px\" \/>\t\t\t\t\t\t\t\t\t\t\t\t\t\t\t<\/div>\n\t\t\t\t<\/div>\n\t\t\t\t\t<\/div>\n\t\t<\/div>\n\t\t\t\t\t<\/div>\n\t\t<\/section>\n\t\t\t\t<section class=\"elementor-section elementor-inner-section elementor-element elementor-element-0edca5e elementor-section-boxed elementor-section-height-default elementor-section-height-default\" data-id=\"0edca5e\" data-element_type=\"section\">\n\t\t\t\t\t\t<div class=\"elementor-container elementor-column-gap-default\">\n\t\t\t\t\t<div class=\"elementor-column elementor-col-33 elementor-inner-column elementor-element elementor-element-4bab60e\" data-id=\"4bab60e\" data-element_type=\"column\">\n\t\t\t<div class=\"elementor-widget-wrap elementor-element-populated\">\n\t\t\t\t\t\t<div class=\"elementor-element elementor-element-ee4f235 elementor-widget elementor-widget-image\" data-id=\"ee4f235\" data-element_type=\"widget\" data-widget_type=\"image.default\">\n\t\t\t\t<div class=\"elementor-widget-container\">\n\t\t\t\t\t\t\t\t\t\t\t\t\t\t\t<img loading=\"lazy\" decoding=\"async\" width=\"800\" height=\"534\" src=\"https:\/\/richeskarayib.com\/wp-content\/uploads\/2025\/06\/120528281_3349404525115464_1488083801374797960_n-1024x683.jpg\" class=\"attachment-large size-large wp-image-53730\" alt=\"Journ\u00e9e mondiale\" srcset=\"https:\/\/richeskarayib.com\/wp-content\/uploads\/2025\/06\/120528281_3349404525115464_1488083801374797960_n-1024x683.jpg 1024w, https:\/\/richeskarayib.com\/wp-content\/uploads\/2025\/06\/120528281_3349404525115464_1488083801374797960_n-300x200.jpg 300w, https:\/\/richeskarayib.com\/wp-content\/uploads\/2025\/06\/120528281_3349404525115464_1488083801374797960_n-768x512.jpg 768w, https:\/\/richeskarayib.com\/wp-content\/uploads\/2025\/06\/120528281_3349404525115464_1488083801374797960_n.jpg 1080w\" sizes=\"(max-width: 800px) 100vw, 800px\" \/>\t\t\t\t\t\t\t\t\t\t\t\t\t\t\t<\/div>\n\t\t\t\t<\/div>\n\t\t\t\t\t<\/div>\n\t\t<\/div>\n\t\t\t\t<div class=\"elementor-column elementor-col-33 elementor-inner-column elementor-element elementor-element-1010556\" data-id=\"1010556\" data-element_type=\"column\">\n\t\t\t<div class=\"elementor-widget-wrap elementor-element-populated\">\n\t\t\t\t\t\t<div class=\"elementor-element elementor-element-974b06d elementor-widget elementor-widget-image\" data-id=\"974b06d\" data-element_type=\"widget\" data-widget_type=\"image.default\">\n\t\t\t\t<div class=\"elementor-widget-container\">\n\t\t\t\t\t\t\t\t\t\t\t\t\t\t\t<img loading=\"lazy\" decoding=\"async\" width=\"800\" height=\"531\" src=\"https:\/\/richeskarayib.com\/wp-content\/uploads\/2025\/06\/120577056_3349445818444668_6207975037654770695_n.jpg\" class=\"attachment-large size-large wp-image-53734\" alt=\"Journ\u00e9e mondiale\" srcset=\"https:\/\/richeskarayib.com\/wp-content\/uploads\/2025\/06\/120577056_3349445818444668_6207975037654770695_n.jpg 813w, https:\/\/richeskarayib.com\/wp-content\/uploads\/2025\/06\/120577056_3349445818444668_6207975037654770695_n-300x199.jpg 300w, https:\/\/richeskarayib.com\/wp-content\/uploads\/2025\/06\/120577056_3349445818444668_6207975037654770695_n-768x510.jpg 768w\" sizes=\"(max-width: 800px) 100vw, 800px\" \/>\t\t\t\t\t\t\t\t\t\t\t\t\t\t\t<\/div>\n\t\t\t\t<\/div>\n\t\t\t\t\t<\/div>\n\t\t<\/div>\n\t\t\t\t<div class=\"elementor-column elementor-col-33 elementor-inner-column elementor-element elementor-element-2a76775\" data-id=\"2a76775\" data-element_type=\"column\">\n\t\t\t<div class=\"elementor-widget-wrap elementor-element-populated\">\n\t\t\t\t\t\t<div class=\"elementor-element elementor-element-9e440e4 elementor-widget elementor-widget-image\" data-id=\"9e440e4\" data-element_type=\"widget\" data-widget_type=\"image.default\">\n\t\t\t\t<div class=\"elementor-widget-container\">\n\t\t\t\t\t\t\t\t\t\t\t\t\t\t\t<img loading=\"lazy\" decoding=\"async\" width=\"800\" height=\"538\" src=\"https:\/\/richeskarayib.com\/wp-content\/uploads\/2025\/06\/120530657_3349418371780746_2409060569159848213_n-1024x689.jpg\" class=\"attachment-large size-large wp-image-53738\" alt=\"Journ\u00e9e mondiale\" srcset=\"https:\/\/richeskarayib.com\/wp-content\/uploads\/2025\/06\/120530657_3349418371780746_2409060569159848213_n-1024x689.jpg 1024w, https:\/\/richeskarayib.com\/wp-content\/uploads\/2025\/06\/120530657_3349418371780746_2409060569159848213_n-300x202.jpg 300w, https:\/\/richeskarayib.com\/wp-content\/uploads\/2025\/06\/120530657_3349418371780746_2409060569159848213_n-768x517.jpg 768w, https:\/\/richeskarayib.com\/wp-content\/uploads\/2025\/06\/120530657_3349418371780746_2409060569159848213_n.jpg 1078w\" sizes=\"(max-width: 800px) 100vw, 800px\" \/>\t\t\t\t\t\t\t\t\t\t\t\t\t\t\t<\/div>\n\t\t\t\t<\/div>\n\t\t\t\t\t<\/div>\n\t\t<\/div>\n\t\t\t\t\t<\/div>\n\t\t<\/section>\n\t\t\t\t\t<\/div>\n\t\t<\/div>\n\t\t\t\t\t<\/div>\n\t\t<\/section>\n\t\t\t\t<section class=\"elementor-section elementor-top-section elementor-element elementor-element-4a4b1ab elementor-section-boxed elementor-section-height-default elementor-section-height-default\" data-id=\"4a4b1ab\" data-element_type=\"section\">\n\t\t\t\t\t\t<div class=\"elementor-container elementor-column-gap-default\">\n\t\t\t\t\t<div class=\"elementor-column elementor-col-100 elementor-top-column elementor-element elementor-element-31aac59\" data-id=\"31aac59\" data-element_type=\"column\">\n\t\t\t<div class=\"elementor-widget-wrap elementor-element-populated\">\n\t\t\t\t\t\t<div class=\"elementor-element elementor-element-22bf92b elementor-widget elementor-widget-heading\" data-id=\"22bf92b\" data-element_type=\"widget\" data-widget_type=\"heading.default\">\n\t\t\t\t<div class=\"elementor-widget-container\">\n\t\t\t\t\t<h2 class=\"elementor-heading-title elementor-size-default\">Pollution plastique : la mer des Cara\u00efbes en premi\u00e8re ligne<\/h2>\t\t\t\t<\/div>\n\t\t\t\t<\/div>\n\t\t\t\t<div class=\"elementor-element elementor-element-28e3547 elementor-widget elementor-widget-text-editor\" data-id=\"28e3547\" data-element_type=\"widget\" data-widget_type=\"text-editor.default\">\n\t\t\t\t<div class=\"elementor-widget-container\">\n\t\t\t\t\t\t\t\t\t<p><span style=\"font-weight: 400;\">L\u2019alerte lanc\u00e9e par la <a href=\"https:\/\/richeskarayib.com\/fr\/caricom-martinique-construire-caraibe-fort\/\" target=\"_blank\" rel=\"noopener\">CARICOM<\/a> lors de la La Journ\u00e9e mondiale de l\u2019environnement est sans ambigu\u00eft\u00e9 : la pollution plastique est d\u00e9sormais un fl\u00e9au quotidien. Tortues marines, poissons, oiseaux et coraux sont directement affect\u00e9s. Les cons\u00e9quences \u00e9conomiques sont lourdes : filets de p\u00eache endommag\u00e9s, perte de mat\u00e9riel, co\u00fbts de nettoyage \u00e9lev\u00e9s. En Ha\u00efti, cette pollution met en p\u00e9ril la s\u00e9curit\u00e9 alimentaire de millions de personnes. Quatorze pays carib\u00e9ens ont d\u00e9j\u00e0 interdit les sacs plastiques jetables ou le polystyr\u00e8ne, mais les efforts restent \u00e0 amplifier.<\/span><\/p>\t\t\t\t\t\t\t\t<\/div>\n\t\t\t\t<\/div>\n\t\t\t\t<section class=\"elementor-section elementor-inner-section elementor-element elementor-element-43c67ec elementor-section-boxed elementor-section-height-default elementor-section-height-default\" data-id=\"43c67ec\" data-element_type=\"section\">\n\t\t\t\t\t\t<div class=\"elementor-container elementor-column-gap-default\">\n\t\t\t\t\t<div class=\"elementor-column elementor-col-100 elementor-inner-column elementor-element elementor-element-762c145\" data-id=\"762c145\" data-element_type=\"column\">\n\t\t\t<div class=\"elementor-widget-wrap elementor-element-populated\">\n\t\t\t\t\t\t<div class=\"elementor-element elementor-element-66556ea elementor-widget elementor-widget-image\" data-id=\"66556ea\" data-element_type=\"widget\" data-widget_type=\"image.default\">\n\t\t\t\t<div class=\"elementor-widget-container\">\n\t\t\t\t\t\t\t\t\t\t\t\t\t\t\t<img loading=\"lazy\" decoding=\"async\" width=\"800\" height=\"531\" src=\"https:\/\/richeskarayib.com\/wp-content\/uploads\/2025\/06\/plastic-1024x680.jpg\" class=\"attachment-large size-large wp-image-53742\" alt=\"Journ\u00e9e mondiale\" srcset=\"https:\/\/richeskarayib.com\/wp-content\/uploads\/2025\/06\/plastic-1024x680.jpg 1024w, https:\/\/richeskarayib.com\/wp-content\/uploads\/2025\/06\/plastic-300x199.jpg 300w, https:\/\/richeskarayib.com\/wp-content\/uploads\/2025\/06\/plastic-768x510.jpg 768w, https:\/\/richeskarayib.com\/wp-content\/uploads\/2025\/06\/plastic.jpg 1200w\" sizes=\"(max-width: 800px) 100vw, 800px\" \/>\t\t\t\t\t\t\t\t\t\t\t\t\t\t\t<\/div>\n\t\t\t\t<\/div>\n\t\t\t\t\t<\/div>\n\t\t<\/div>\n\t\t\t\t\t<\/div>\n\t\t<\/section>\n\t\t\t\t\t<\/div>\n\t\t<\/div>\n\t\t\t\t\t<\/div>\n\t\t<\/section>\n\t\t\t\t<section class=\"elementor-section elementor-top-section elementor-element elementor-element-fa64856 elementor-section-boxed elementor-section-height-default elementor-section-height-default\" data-id=\"fa64856\" data-element_type=\"section\">\n\t\t\t\t\t\t<div class=\"elementor-container elementor-column-gap-default\">\n\t\t\t\t\t<div class=\"elementor-column elementor-col-100 elementor-top-column elementor-element elementor-element-479f03b\" data-id=\"479f03b\" data-element_type=\"column\">\n\t\t\t<div class=\"elementor-widget-wrap elementor-element-populated\">\n\t\t\t\t\t\t<div class=\"elementor-element elementor-element-067c7d7 elementor-widget elementor-widget-heading\" data-id=\"067c7d7\" data-element_type=\"widget\" data-widget_type=\"heading.default\">\n\t\t\t\t<div class=\"elementor-widget-container\">\n\t\t\t\t\t<h2 class=\"elementor-heading-title elementor-size-default\">Changement climatique : la pression s\u2019intensifie<\/h2>\t\t\t\t<\/div>\n\t\t\t\t<\/div>\n\t\t\t\t<div class=\"elementor-element elementor-element-0710928 elementor-widget elementor-widget-text-editor\" data-id=\"0710928\" data-element_type=\"widget\" data-widget_type=\"text-editor.default\">\n\t\t\t\t<div class=\"elementor-widget-container\">\n\t\t\t\t\t\t\t\t\t<p><span style=\"font-weight: 400;\">L\u2019extr\u00eame vuln\u00e9rabilit\u00e9 de la r\u00e9gion face au changement climatique a \u00e9t\u00e9 largement soulign\u00e9e. En Martinique, le niveau de la mer pourrait s\u2019\u00e9lever de 40 \u00e0 60 cm d\u2019ici la fin du si\u00e8cle. Les impacts attendus sur les littoraux, la biodiversit\u00e9 et les infrastructures sont majeurs. Le blanchissement des coraux, la disparition des mangroves et la multiplication des cyclones perturbent gravement l\u2019\u00e9quilibre entre terre et mer. R\u00e9duire la consommation \u00e9nerg\u00e9tique et contenir l\u2019\u00e9talement urbain sont devenus des priorit\u00e9s pour limiter l\u2019empreinte \u00e9cologique.<\/span><\/p>\t\t\t\t\t\t\t\t<\/div>\n\t\t\t\t<\/div>\n\t\t\t\t<section class=\"elementor-section elementor-inner-section elementor-element elementor-element-ba8af03 elementor-section-boxed elementor-section-height-default elementor-section-height-default\" data-id=\"ba8af03\" data-element_type=\"section\">\n\t\t\t\t\t\t<div class=\"elementor-container elementor-column-gap-default\">\n\t\t\t\t\t<div class=\"elementor-column elementor-col-100 elementor-inner-column elementor-element elementor-element-fab654e\" data-id=\"fab654e\" data-element_type=\"column\">\n\t\t\t<div class=\"elementor-widget-wrap elementor-element-populated\">\n\t\t\t\t\t\t<div class=\"elementor-element elementor-element-78944fa elementor-widget elementor-widget-image\" data-id=\"78944fa\" data-element_type=\"widget\" data-widget_type=\"image.default\">\n\t\t\t\t<div class=\"elementor-widget-container\">\n\t\t\t\t\t\t\t\t\t\t\t\t\t\t\t<img loading=\"lazy\" decoding=\"async\" width=\"800\" height=\"534\" src=\"https:\/\/richeskarayib.com\/wp-content\/uploads\/2025\/06\/d9c697f0-32d0-43e1-9920-176f3c2d1dd0-1024x683.png\" class=\"attachment-large size-large wp-image-53746\" alt=\"Journ\u00e9e mondiale\" srcset=\"https:\/\/richeskarayib.com\/wp-content\/uploads\/2025\/06\/d9c697f0-32d0-43e1-9920-176f3c2d1dd0-1024x683.png 1024w, https:\/\/richeskarayib.com\/wp-content\/uploads\/2025\/06\/d9c697f0-32d0-43e1-9920-176f3c2d1dd0-300x200.png 300w, https:\/\/richeskarayib.com\/wp-content\/uploads\/2025\/06\/d9c697f0-32d0-43e1-9920-176f3c2d1dd0-768x512.png 768w, https:\/\/richeskarayib.com\/wp-content\/uploads\/2025\/06\/d9c697f0-32d0-43e1-9920-176f3c2d1dd0-1320x880.png 1320w, https:\/\/richeskarayib.com\/wp-content\/uploads\/2025\/06\/d9c697f0-32d0-43e1-9920-176f3c2d1dd0.png 1536w\" sizes=\"(max-width: 800px) 100vw, 800px\" \/>\t\t\t\t\t\t\t\t\t\t\t\t\t\t\t<\/div>\n\t\t\t\t<\/div>\n\t\t\t\t\t<\/div>\n\t\t<\/div>\n\t\t\t\t\t<\/div>\n\t\t<\/section>\n\t\t\t\t\t<\/div>\n\t\t<\/div>\n\t\t\t\t\t<\/div>\n\t\t<\/section>\n\t\t\t\t<section class=\"elementor-section elementor-top-section elementor-element elementor-element-f1fce95 elementor-section-boxed elementor-section-height-default elementor-section-height-default\" data-id=\"f1fce95\" data-element_type=\"section\">\n\t\t\t\t\t\t<div class=\"elementor-container elementor-column-gap-default\">\n\t\t\t\t\t<div class=\"elementor-column elementor-col-100 elementor-top-column elementor-element elementor-element-428f352\" data-id=\"428f352\" data-element_type=\"column\">\n\t\t\t<div class=\"elementor-widget-wrap elementor-element-populated\">\n\t\t\t\t\t\t<div class=\"elementor-element elementor-element-a4d5142 elementor-widget elementor-widget-heading\" data-id=\"a4d5142\" data-element_type=\"widget\" data-widget_type=\"heading.default\">\n\t\t\t\t<div class=\"elementor-widget-container\">\n\t\t\t\t\t<h2 class=\"elementor-heading-title elementor-size-default\">Des solutions locales et concr\u00e8tes pour inverser la tendance<\/h2>\t\t\t\t<\/div>\n\t\t\t\t<\/div>\n\t\t\t\t<div class=\"elementor-element elementor-element-9e5facf elementor-widget elementor-widget-text-editor\" data-id=\"9e5facf\" data-element_type=\"widget\" data-widget_type=\"text-editor.default\">\n\t\t\t\t<div class=\"elementor-widget-container\">\n\t\t\t\t\t\t\t\t\t<h3><b>\u00c9conomiser l\u2019eau et l\u2019\u00e9nergie : des gestes simples pour un impact durable<\/b><\/h3><p><span style=\"font-weight: 400;\">La Journ\u00e9e mondiale de l\u2019environnement dans la Cara\u00efbe incite chacun \u00e0 adopter des pratiques responsables : douches br\u00e8ves, r\u00e9parations des fuites, \u00e9quipements \u00e9conomes. En Martinique, l\u2019objectif de 100 % d\u2019\u00e9nergies renouvelables d\u2019ici 2030 s\u2019appuie sur une volont\u00e9 collective de r\u00e9duire la consommation. Chaque geste compte pour all\u00e9ger la pression sur des ressources d\u00e9j\u00e0 fragilis\u00e9es.<\/span><\/p>\t\t\t\t\t\t\t\t<\/div>\n\t\t\t\t<\/div>\n\t\t\t\t<div class=\"elementor-element elementor-element-d615bdc elementor-widget elementor-widget-text-editor\" data-id=\"d615bdc\" data-element_type=\"widget\" data-widget_type=\"text-editor.default\">\n\t\t\t\t<div class=\"elementor-widget-container\">\n\t\t\t\t\t\t\t\t\t<h3><b>Restaurer les \u00e9cosyst\u00e8mes : planter, prot\u00e9ger, anticiper<\/b><\/h3><p><span style=\"font-weight: 400;\">Planter des arbres, c\u2019est stabiliser les sols, freiner l\u2019\u00e9rosion et favoriser la biodiversit\u00e9. Partout dans la r\u00e9gion, des initiatives citoyennes se d\u00e9veloppent : plantations de mangroves, restauration d\u2019espaces c\u00f4tiers, revalorisation des esp\u00e8ces indig\u00e8nes. Ces actions renforcent la r\u00e9silience face aux al\u00e9as climatiques.<\/span><\/p>\t\t\t\t\t\t\t\t<\/div>\n\t\t\t\t<\/div>\n\t\t\t\t<div class=\"elementor-element elementor-element-0d74c1f elementor-widget elementor-widget-image\" data-id=\"0d74c1f\" data-element_type=\"widget\" data-widget_type=\"image.default\">\n\t\t\t\t<div class=\"elementor-widget-container\">\n\t\t\t\t\t\t\t\t\t\t\t\t\t\t\t<img loading=\"lazy\" decoding=\"async\" width=\"800\" height=\"800\" src=\"https:\/\/richeskarayib.com\/wp-content\/uploads\/2025\/06\/63be966e-5221-4cf1-881f-ebd0f92da01b.png\" class=\"attachment-large size-large wp-image-53750\" alt=\"Journ\u00e9e mondiale\" srcset=\"https:\/\/richeskarayib.com\/wp-content\/uploads\/2025\/06\/63be966e-5221-4cf1-881f-ebd0f92da01b.png 1024w, https:\/\/richeskarayib.com\/wp-content\/uploads\/2025\/06\/63be966e-5221-4cf1-881f-ebd0f92da01b-300x300.png 300w, https:\/\/richeskarayib.com\/wp-content\/uploads\/2025\/06\/63be966e-5221-4cf1-881f-ebd0f92da01b-150x150.png 150w, https:\/\/richeskarayib.com\/wp-content\/uploads\/2025\/06\/63be966e-5221-4cf1-881f-ebd0f92da01b-768x768.png 768w\" sizes=\"(max-width: 800px) 100vw, 800px\" \/>\t\t\t\t\t\t\t\t\t\t\t\t\t\t\t<\/div>\n\t\t\t\t<\/div>\n\t\t\t\t<div class=\"elementor-element elementor-element-a552fa5 elementor-widget elementor-widget-text-editor\" data-id=\"a552fa5\" data-element_type=\"widget\" data-widget_type=\"text-editor.default\">\n\t\t\t\t<div class=\"elementor-widget-container\">\n\t\t\t\t\t\t\t\t\t<h3><b>R\u00e9duire les plastiques : un engagement collectif<\/b><\/h3><p><span style=\"font-weight: 400;\">La lutte contre les plastiques \u00e0 usage unique reste un axe central. Refuser les emballages superflus, adopter des sacs r\u00e9utilisables, trier les d\u00e9chets sont des r\u00e9flexes \u00e0 diffuser. Les campagnes de nettoyage des plages, port\u00e9es par des associations ou des \u00e9tablissements scolaires, t\u00e9moignent d\u2019une prise de conscience croissante. En Guadeloupe, le projet CARIAN pr\u00e9voit d\u00e8s septembre 2025 un r\u00e9seau de surveillance de la qualit\u00e9 de l\u2019air et de l\u2019environnement, afin de renforcer la pr\u00e9vention et orienter les politiques publiques.<\/span><\/p>\t\t\t\t\t\t\t\t<\/div>\n\t\t\t\t<\/div>\n\t\t\t\t<div class=\"elementor-element elementor-element-1be9c1f elementor-widget elementor-widget-image\" data-id=\"1be9c1f\" data-element_type=\"widget\" data-widget_type=\"image.default\">\n\t\t\t\t<div class=\"elementor-widget-container\">\n\t\t\t\t\t\t\t\t\t\t\t\t\t\t\t<img loading=\"lazy\" decoding=\"async\" width=\"800\" height=\"534\" src=\"https:\/\/richeskarayib.com\/wp-content\/uploads\/2025\/06\/94e4261f-68a4-4cdd-aa17-22f6eadba039-1024x683.png\" class=\"attachment-large size-large wp-image-53754\" alt=\"Journ\u00e9e mondiale\" srcset=\"https:\/\/richeskarayib.com\/wp-content\/uploads\/2025\/06\/94e4261f-68a4-4cdd-aa17-22f6eadba039-1024x683.png 1024w, https:\/\/richeskarayib.com\/wp-content\/uploads\/2025\/06\/94e4261f-68a4-4cdd-aa17-22f6eadba039-300x200.png 300w, https:\/\/richeskarayib.com\/wp-content\/uploads\/2025\/06\/94e4261f-68a4-4cdd-aa17-22f6eadba039-768x512.png 768w, https:\/\/richeskarayib.com\/wp-content\/uploads\/2025\/06\/94e4261f-68a4-4cdd-aa17-22f6eadba039-1320x880.png 1320w, https:\/\/richeskarayib.com\/wp-content\/uploads\/2025\/06\/94e4261f-68a4-4cdd-aa17-22f6eadba039.png 1536w\" sizes=\"(max-width: 800px) 100vw, 800px\" \/>\t\t\t\t\t\t\t\t\t\t\t\t\t\t\t<\/div>\n\t\t\t\t<\/div>\n\t\t\t\t<div class=\"elementor-element elementor-element-bc083c5 elementor-widget elementor-widget-text-editor\" data-id=\"bc083c5\" data-element_type=\"widget\" data-widget_type=\"text-editor.default\">\n\t\t\t\t<div class=\"elementor-widget-container\">\n\t\t\t\t\t\t\t\t\t<h3><b>S\u2019appuyer sur l\u2019expertise et l\u2019innovation<\/b><\/h3><p><span style=\"font-weight: 400;\">La transition \u00e9cologique ne peut reposer uniquement sur les comportements individuels. Elle exige des d\u00e9cisions structurantes, port\u00e9es par les \u00c9tats, les chercheurs, les collectivit\u00e9s et le secteur priv\u00e9. D\u00e9velopper les infrastructures vertes, encourager l\u2019\u00e9conomie circulaire, soutenir les start-ups environnementales : autant de leviers pour b\u00e2tir une croissance durable. Les politiques publiques doivent offrir un cadre favorable \u00e0 ces initiatives.<\/span><\/p>\t\t\t\t\t\t\t\t<\/div>\n\t\t\t\t<\/div>\n\t\t\t\t\t<\/div>\n\t\t<\/div>\n\t\t\t\t\t<\/div>\n\t\t<\/section>\n\t\t\t\t<section class=\"elementor-section elementor-top-section elementor-element elementor-element-7688974 elementor-section-boxed elementor-section-height-default elementor-section-height-default\" data-id=\"7688974\" data-element_type=\"section\">\n\t\t\t\t\t\t<div class=\"elementor-container elementor-column-gap-default\">\n\t\t\t\t\t<div class=\"elementor-column elementor-col-100 elementor-top-column elementor-element elementor-element-f964861\" data-id=\"f964861\" data-element_type=\"column\">\n\t\t\t<div class=\"elementor-widget-wrap elementor-element-populated\">\n\t\t\t\t\t\t<div class=\"elementor-element elementor-element-47381d9 elementor-widget elementor-widget-heading\" data-id=\"47381d9\" data-element_type=\"widget\" data-widget_type=\"heading.default\">\n\t\t\t\t<div class=\"elementor-widget-container\">\n\t\t\t\t\t<h2 class=\"elementor-heading-title elementor-size-default\">La mobilisation collective : condition d\u2019un avenir viable<\/h2>\t\t\t\t<\/div>\n\t\t\t\t<\/div>\n\t\t\t\t<div class=\"elementor-element elementor-element-1efcc14 elementor-widget elementor-widget-text-editor\" data-id=\"1efcc14\" data-element_type=\"widget\" data-widget_type=\"text-editor.default\">\n\t\t\t\t<div class=\"elementor-widget-container\">\n\t\t\t\t\t\t\t\t\t<p style=\"text-align: left;\"><span style=\"font-weight: 400;\">La Journ\u00e9e mondiale de l\u2019environnement dans la Cara\u00efbe a d\u00e9montr\u00e9 que la mobilisation de tous est essentielle. Gouvernements, entreprises, chercheurs, citoyens : chacun a un r\u00f4le \u00e0 jouer. Les avanc\u00e9es r\u00e9centes \u2013 interdictions de plastiques, projets de biodiversit\u00e9, dispositifs de surveillance \u2013 montrent que des solutions existent. Mais elles doivent \u00eatre renforc\u00e9es et coordonn\u00e9es, dans un contexte de pression d\u00e9mographique, de crises \u00e9conomiques et de ph\u00e9nom\u00e8nes climatiques extr\u00eames. La solidarit\u00e9 r\u00e9gionale appara\u00eet comme un levier indispensable pour b\u00e2tir une strat\u00e9gie d\u2019adaptation coh\u00e9rente.<\/span><\/p>\t\t\t\t\t\t\t\t<\/div>\n\t\t\t\t<\/div>\n\t\t\t\t\t<\/div>\n\t\t<\/div>\n\t\t\t\t\t<\/div>\n\t\t<\/section>\n\t\t\t\t<section class=\"elementor-section elementor-top-section elementor-element elementor-element-ba1eb1e elementor-section-boxed elementor-section-height-default elementor-section-height-default\" data-id=\"ba1eb1e\" data-element_type=\"section\">\n\t\t\t\t\t\t<div class=\"elementor-container elementor-column-gap-default\">\n\t\t\t\t\t<div class=\"elementor-column elementor-col-100 elementor-top-column elementor-element elementor-element-db5b427\" data-id=\"db5b427\" data-element_type=\"column\">\n\t\t\t<div class=\"elementor-widget-wrap elementor-element-populated\">\n\t\t\t\t\t\t<div class=\"elementor-element elementor-element-e2ec9d0 elementor-widget elementor-widget-heading\" data-id=\"e2ec9d0\" data-element_type=\"widget\" data-widget_type=\"heading.default\">\n\t\t\t\t<div class=\"elementor-widget-container\">\n\t\t\t\t\t<h2 class=\"elementor-heading-title elementor-size-default\">Un levier pour l\u2019avenir<\/h2>\t\t\t\t<\/div>\n\t\t\t\t<\/div>\n\t\t\t\t<div class=\"elementor-element elementor-element-aca4c12 elementor-widget elementor-widget-text-editor\" data-id=\"aca4c12\" data-element_type=\"widget\" data-widget_type=\"text-editor.default\">\n\t\t\t\t<div class=\"elementor-widget-container\">\n\t\t\t\t\t\t\t\t\t<p style=\"text-align: left;\"><span style=\"font-weight: 400;\">La Journ\u00e9e mondiale de l\u2019environnement dans la Cara\u00efbe, c\u00e9l\u00e9br\u00e9e hier, a rappel\u00e9 l\u2019urgence d\u2019agir et l\u2019importance de l\u2019engagement collectif. Pr\u00e9server la Cara\u00efbe, c\u2019est prot\u00e9ger un patrimoine naturel unique, garantir une s\u00e9curit\u00e9 alimentaire durable et offrir un avenir aux g\u00e9n\u00e9rations futures. Refuser les plastiques inutiles, \u00e9conomiser les ressources, replanter les zones fragiles, soutenir des politiques ambitieuses : autant d\u2019actions concr\u00e8tes \u00e0 la port\u00e9e de chacun. Faire de chaque jour une Journ\u00e9e mondiale de l\u2019environnement, c\u2019est choisir de construire une Cara\u00efbe forte, solidaire et durable.<\/span><\/p>\t\t\t\t\t\t\t\t<\/div>\n\t\t\t\t<\/div>\n\t\t\t\t<section class=\"elementor-section elementor-inner-section elementor-element elementor-element-1d582c2 elementor-section-boxed elementor-section-height-default elementor-section-height-default\" data-id=\"1d582c2\" data-element_type=\"section\">\n\t\t\t\t\t\t<div class=\"elementor-container elementor-column-gap-default\">\n\t\t\t\t\t<div class=\"elementor-column elementor-col-100 elementor-inner-column elementor-element elementor-element-08396ee\" data-id=\"08396ee\" data-element_type=\"column\">\n\t\t\t<div class=\"elementor-widget-wrap elementor-element-populated\">\n\t\t\t\t\t\t<div class=\"elementor-element elementor-element-632ee2f elementor-widget elementor-widget-image\" data-id=\"632ee2f\" data-element_type=\"widget\" data-widget_type=\"image.default\">\n\t\t\t\t<div class=\"elementor-widget-container\">\n\t\t\t\t\t\t\t\t\t\t\t\t\t\t\t<img loading=\"lazy\" decoding=\"async\" width=\"800\" height=\"800\" src=\"https:\/\/richeskarayib.com\/wp-content\/uploads\/2025\/06\/e718e9ca-afc6-421b-8e3c-b442590f9c8a.png\" class=\"attachment-large size-large wp-image-53758\" alt=\"Journ\u00e9e mondiale\" srcset=\"https:\/\/richeskarayib.com\/wp-content\/uploads\/2025\/06\/e718e9ca-afc6-421b-8e3c-b442590f9c8a.png 1024w, https:\/\/richeskarayib.com\/wp-content\/uploads\/2025\/06\/e718e9ca-afc6-421b-8e3c-b442590f9c8a-300x300.png 300w, https:\/\/richeskarayib.com\/wp-content\/uploads\/2025\/06\/e718e9ca-afc6-421b-8e3c-b442590f9c8a-150x150.png 150w, https:\/\/richeskarayib.com\/wp-content\/uploads\/2025\/06\/e718e9ca-afc6-421b-8e3c-b442590f9c8a-768x768.png 768w\" sizes=\"(max-width: 800px) 100vw, 800px\" \/>\t\t\t\t\t\t\t\t\t\t\t\t\t\t\t<\/div>\n\t\t\t\t<\/div>\n\t\t\t\t\t<\/div>\n\t\t<\/div>\n\t\t\t\t\t<\/div>\n\t\t<\/section>\n\t\t\t\t\t<\/div>\n\t\t<\/div>\n\t\t\t\t\t<\/div>\n\t\t<\/section>\n\t\t\t\t<\/div>\n\t\t","protected":false},"excerpt":{"rendered":"<p>Un rendez-vous crucial c\u00e9l\u00e9br\u00e9 hier La Journ\u00e9e mondiale de l\u2019environnement dans la Cara\u00efbe a r\u00e9uni, hier, citoyens, d\u00e9cideurs et experts autour d\u2019un constat sans appel : cette r\u00e9gion, tr\u00e9sor de biodiversit\u00e9, figure aussi parmi les plus menac\u00e9es de la plan\u00e8te. L\u2019\u00e9dition 2025, centr\u00e9e sur le th\u00e8me \u00ab Battre la pollution plastique \u00bb, a mis en [&hellip;]<\/p>\n","protected":false},"author":662,"featured_media":53714,"comment_status":"open","ping_status":"open","sticky":false,"template":"","format":"standard","meta":{"_acf_changed":false,"footnotes":""},"categories":[840],"tags":[1441,1598,1716,1545,814,808,1482,1599,1656],"class_list":["post-53713","post","type-post","status-publish","format-standard","has-post-thumbnail","hentry","category-actus","tag-anguilla-fr","tag-barbade-fr","tag-dominique-fr-2","tag-guadeloupe-2","tag-haiti-fr","tag-martinique-fr","tag-republique-dominicaine","tag-sainte-lucie-fr","tag-trinite-et-tobago-2"],"acf":[],"_links":{"self":[{"href":"https:\/\/richeskarayib.com\/fr\/wp-json\/wp\/v2\/posts\/53713","targetHints":{"allow":["GET"]}}],"collection":[{"href":"https:\/\/richeskarayib.com\/fr\/wp-json\/wp\/v2\/posts"}],"about":[{"href":"https:\/\/richeskarayib.com\/fr\/wp-json\/wp\/v2\/types\/post"}],"author":[{"embeddable":true,"href":"https:\/\/richeskarayib.com\/fr\/wp-json\/wp\/v2\/users\/662"}],"replies":[{"embeddable":true,"href":"https:\/\/richeskarayib.com\/fr\/wp-json\/wp\/v2\/comments?post=53713"}],"version-history":[{"count":0,"href":"https:\/\/richeskarayib.com\/fr\/wp-json\/wp\/v2\/posts\/53713\/revisions"}],"wp:featuredmedia":[{"embeddable":true,"href":"https:\/\/richeskarayib.com\/fr\/wp-json\/wp\/v2\/media\/53714"}],"wp:attachment":[{"href":"https:\/\/richeskarayib.com\/fr\/wp-json\/wp\/v2\/media?parent=53713"}],"wp:term":[{"taxonomy":"category","embeddable":true,"href":"https:\/\/richeskarayib.com\/fr\/wp-json\/wp\/v2\/categories?post=53713"},{"taxonomy":"post_tag","embeddable":true,"href":"https:\/\/richeskarayib.com\/fr\/wp-json\/wp\/v2\/tags?post=53713"}],"curies":[{"name":"wp","href":"https:\/\/api.w.org\/{rel}","templated":true}]}}