{"id":54293,"date":"2025-06-12T11:38:20","date_gmt":"2025-06-12T15:38:20","guid":{"rendered":"https:\/\/richeskarayib.com\/?p=54293"},"modified":"2025-06-12T11:38:20","modified_gmt":"2025-06-12T15:38:20","slug":"antigua-and-barbuda-destination-culinaire","status":"publish","type":"post","link":"https:\/\/richeskarayib.com\/fr\/antigua-and-barbuda-destination-culinaire\/","title":{"rendered":"Antigua and Barbuda nomin\u00e9e comme meilleure destination culinaire \u00e9mergente des Cara\u00efbes 2025"},"content":{"rendered":"\t\t<div data-elementor-type=\"wp-post\" data-elementor-id=\"54293\" class=\"elementor elementor-54293\" data-elementor-post-type=\"post\">\n\t\t\t\t\t\t<section class=\"elementor-section elementor-top-section elementor-element elementor-element-ec2ec8e elementor-section-boxed elementor-section-height-default elementor-section-height-default\" data-id=\"ec2ec8e\" data-element_type=\"section\">\n\t\t\t\t\t\t<div class=\"elementor-container elementor-column-gap-default\">\n\t\t\t\t\t<div class=\"elementor-column elementor-col-100 elementor-top-column elementor-element elementor-element-0c0fd66\" data-id=\"0c0fd66\" data-element_type=\"column\">\n\t\t\t<div class=\"elementor-widget-wrap elementor-element-populated\">\n\t\t\t\t\t\t<div class=\"elementor-element elementor-element-1f82c38 elementor-widget elementor-widget-text-editor\" data-id=\"1f82c38\" data-element_type=\"widget\" data-widget_type=\"text-editor.default\">\n\t\t\t\t<div class=\"elementor-widget-container\">\n\t\t\t\t\t\t\t\t\t<p><span style=\"font-weight: 400;\"><a href=\"https:\/\/www.newsamericasnow.com\/antigua-barbuda-best-emerging-culinary-city-2025\/\" target=\"_blank\" rel=\"noopener nofollow\">Antigua and Barbuda<\/a> vient d\u2019\u00eatre nomin\u00e9e comme meilleure destination culinaire \u00e9mergente des <a href=\"https:\/\/richeskarayib.com\/fr\/air-caraibes-liaison-paris-saint-martin\/\" target=\"_blank\" rel=\"noopener\">Cara\u00efbes<\/a> 2025 par les tr\u00e8s respect\u00e9s <a href=\"https:\/\/worldculinaryawards.com\/nominees\/2025\" target=\"_blank\" rel=\"noopener nofollow\">World Culinary Awards<\/a>. Ce n\u2019est pas un hasard. Depuis trois ans, la Antigua and Barbuda Tourism Authority (ABTA) travaille activement \u00e0 repositionner l\u2019image du pays, jusque-l\u00e0 associ\u00e9e \u00e0 ses plages, vers un r\u00e9cit profond\u00e9ment enracin\u00e9 dans la gastronomie, le terroir et l\u2019identit\u00e9 culturelle.<\/span><\/p>\t\t\t\t\t\t\t\t<\/div>\n\t\t\t\t<\/div>\n\t\t\t\t\t<\/div>\n\t\t<\/div>\n\t\t\t\t\t<\/div>\n\t\t<\/section>\n\t\t\t\t<section class=\"elementor-section elementor-top-section elementor-element elementor-element-d24c489 elementor-section-boxed elementor-section-height-default elementor-section-height-default\" data-id=\"d24c489\" data-element_type=\"section\">\n\t\t\t\t\t\t<div class=\"elementor-container elementor-column-gap-default\">\n\t\t\t\t\t<div class=\"elementor-column elementor-col-100 elementor-top-column elementor-element elementor-element-35e3e69\" data-id=\"35e3e69\" data-element_type=\"column\">\n\t\t\t<div class=\"elementor-widget-wrap elementor-element-populated\">\n\t\t\t\t\t\t<div class=\"elementor-element elementor-element-7823db2 elementor-widget elementor-widget-heading\" data-id=\"7823db2\" data-element_type=\"widget\" data-widget_type=\"heading.default\">\n\t\t\t\t<div class=\"elementor-widget-container\">\n\t\t\t\t\t<h2 class=\"elementor-heading-title elementor-size-default\">Une nomination par les World Culinary Awards, gage de cr\u00e9dibilit\u00e9<\/h2>\t\t\t\t<\/div>\n\t\t\t\t<\/div>\n\t\t\t\t<div class=\"elementor-element elementor-element-ae5e3a5 elementor-widget elementor-widget-text-editor\" data-id=\"ae5e3a5\" data-element_type=\"widget\" data-widget_type=\"text-editor.default\">\n\t\t\t\t<div class=\"elementor-widget-container\">\n\t\t\t\t\t\t\t\t\t<p><span style=\"font-weight: 400;\">Cette reconnaissance vient saluer les efforts d\u2019un \u00e9cosyst\u00e8me entier : des chefs talentueux aux producteurs locaux, en passant par les artisans de rue et les d\u00e9cideurs. Le ministre du Tourisme, Charles Fernandez, l\u2019a bien r\u00e9sum\u00e9 : \u00ab Cette nomination est le reflet de notre riche patrimoine culinaire, et une c\u00e9l\u00e9bration des talents qui font rayonner notre identit\u00e9 nationale. \u00bb<\/span><\/p>\t\t\t\t\t\t\t\t<\/div>\n\t\t\t\t<\/div>\n\t\t\t\t<section class=\"elementor-section elementor-inner-section elementor-element elementor-element-78d9d5f elementor-section-boxed elementor-section-height-default elementor-section-height-default\" data-id=\"78d9d5f\" data-element_type=\"section\">\n\t\t\t\t\t\t<div class=\"elementor-container elementor-column-gap-default\">\n\t\t\t\t\t<div class=\"elementor-column elementor-col-100 elementor-inner-column elementor-element elementor-element-f5e7fe6\" data-id=\"f5e7fe6\" data-element_type=\"column\">\n\t\t\t<div class=\"elementor-widget-wrap elementor-element-populated\">\n\t\t\t\t\t\t<div class=\"elementor-element elementor-element-073806b elementor-widget elementor-widget-image\" data-id=\"073806b\" data-element_type=\"widget\" data-widget_type=\"image.default\">\n\t\t\t\t<div class=\"elementor-widget-container\">\n\t\t\t\t\t\t\t\t\t\t\t\t<figure class=\"wp-caption\">\n\t\t\t\t\t\t\t\t\t\t<img fetchpriority=\"high\" decoding=\"async\" width=\"800\" height=\"450\" src=\"https:\/\/richeskarayib.com\/wp-content\/uploads\/2025\/06\/470181494_567380149383909_4109179601901391701_n-1024x576.jpg\" class=\"attachment-large size-large wp-image-54306\" alt=\"Antigua and Barbuda\" srcset=\"https:\/\/richeskarayib.com\/wp-content\/uploads\/2025\/06\/470181494_567380149383909_4109179601901391701_n-1024x576.jpg 1024w, https:\/\/richeskarayib.com\/wp-content\/uploads\/2025\/06\/470181494_567380149383909_4109179601901391701_n-300x169.jpg 300w, https:\/\/richeskarayib.com\/wp-content\/uploads\/2025\/06\/470181494_567380149383909_4109179601901391701_n-768x432.jpg 768w, https:\/\/richeskarayib.com\/wp-content\/uploads\/2025\/06\/470181494_567380149383909_4109179601901391701_n-1536x864.jpg 1536w, https:\/\/richeskarayib.com\/wp-content\/uploads\/2025\/06\/470181494_567380149383909_4109179601901391701_n-1320x743.jpg 1320w, https:\/\/richeskarayib.com\/wp-content\/uploads\/2025\/06\/470181494_567380149383909_4109179601901391701_n.jpg 1920w\" sizes=\"(max-width: 800px) 100vw, 800px\" \/>\t\t\t\t\t\t\t\t\t\t\t<figcaption class=\"widget-image-caption wp-caption-text\">World Culinary Awards<\/figcaption>\n\t\t\t\t\t\t\t\t\t\t<\/figure>\n\t\t\t\t\t\t\t\t\t<\/div>\n\t\t\t\t<\/div>\n\t\t\t\t\t<\/div>\n\t\t<\/div>\n\t\t\t\t\t<\/div>\n\t\t<\/section>\n\t\t\t\t\t<\/div>\n\t\t<\/div>\n\t\t\t\t\t<\/div>\n\t\t<\/section>\n\t\t\t\t<section class=\"elementor-section elementor-top-section elementor-element elementor-element-e8d332b elementor-section-boxed elementor-section-height-default elementor-section-height-default\" data-id=\"e8d332b\" data-element_type=\"section\">\n\t\t\t\t\t\t<div class=\"elementor-container elementor-column-gap-default\">\n\t\t\t\t\t<div class=\"elementor-column elementor-col-100 elementor-top-column elementor-element elementor-element-1c4c1b1\" data-id=\"1c4c1b1\" data-element_type=\"column\">\n\t\t\t<div class=\"elementor-widget-wrap elementor-element-populated\">\n\t\t\t\t\t\t<div class=\"elementor-element elementor-element-ff67a61 elementor-widget elementor-widget-heading\" data-id=\"ff67a61\" data-element_type=\"widget\" data-widget_type=\"heading.default\">\n\t\t\t\t<div class=\"elementor-widget-container\">\n\t\t\t\t\t<h2 class=\"elementor-heading-title elementor-size-default\">Le Mois de la Gastronomie : pilier de la transformation culinaire<\/h2>\t\t\t\t<\/div>\n\t\t\t\t<\/div>\n\t\t\t\t<section class=\"elementor-section elementor-inner-section elementor-element elementor-element-3bb4cca elementor-section-boxed elementor-section-height-default elementor-section-height-default\" data-id=\"3bb4cca\" data-element_type=\"section\">\n\t\t\t\t\t\t<div class=\"elementor-container elementor-column-gap-default\">\n\t\t\t\t\t<div class=\"elementor-column elementor-col-100 elementor-inner-column elementor-element elementor-element-1eba920\" data-id=\"1eba920\" data-element_type=\"column\">\n\t\t\t<div class=\"elementor-widget-wrap elementor-element-populated\">\n\t\t\t\t\t\t<div class=\"elementor-element elementor-element-716acf2 elementor-widget elementor-widget-text-editor\" data-id=\"716acf2\" data-element_type=\"widget\" data-widget_type=\"text-editor.default\">\n\t\t\t\t<div class=\"elementor-widget-container\">\n\t\t\t\t\t\t\t\t\t<h3><b>De la traditionnelle Restaurant Week \u00e0 un mois complet d\u2019\u00e9v\u00e9nements<\/b><\/h3>\n<p><span style=\"font-weight: 400;\">Le c\u0153ur de cette transformation, c\u2019est le Mois de la Gastronomie. Ce programme phare, lanc\u00e9 par la ABTA, a permis de faire \u00e9voluer l\u2019ancienne Restaurant Week en une s\u00e9rie d\u2019\u00e9v\u00e9nements immersifs sur tout un mois. Chaque \u00e9dition offre une plong\u00e9e dans la cuisine d\u2019Antigua and Barbuda, bien au-del\u00e0 de la carte d\u2019un restaurant.<\/span><\/p>\t\t\t\t\t\t\t\t<\/div>\n\t\t\t\t<\/div>\n\t\t\t\t<div class=\"elementor-element elementor-element-0a6d0ed elementor-widget elementor-widget-text-editor\" data-id=\"0a6d0ed\" data-element_type=\"widget\" data-widget_type=\"text-editor.default\">\n\t\t\t\t<div class=\"elementor-widget-container\">\n\t\t\t\t\t\t\t\t\t<h3><b>FAB Fest : une vitrine artistique et culinaire<\/b><\/h3>\n<p><span style=\"font-weight: 400;\">Le FAB Fest (Food, Art and Beverage Festival) est devenu une signature incontournable de ce mois. On y retrouve les meilleurs chefs des deux \u00eeles, des mixologues cr\u00e9atifs, des artistes locaux et des producteurs passionn\u00e9s. Le tout dans une ambiance o\u00f9 se m\u00ealent d\u00e9monstrations culinaires, concerts, d\u00e9gustations et expositions artisanales.<\/span><\/p>\t\t\t\t\t\t\t\t<\/div>\n\t\t\t\t<\/div>\n\t\t\t\t<div class=\"elementor-element elementor-element-5b2fe1e elementor-widget elementor-widget-text-editor\" data-id=\"5b2fe1e\" data-element_type=\"widget\" data-widget_type=\"text-editor.default\">\n\t\t\t\t<div class=\"elementor-widget-container\">\n\t\t\t\t\t\t\t\t\t<h3><b>Eat Like A Local : cartographier l\u2019authenticit\u00e9<\/b><\/h3>\n<p><span style=\"font-weight: 400;\">Autre initiative phare : <\/span><b>Eat Like A Local<\/b><span style=\"font-weight: 400;\">. Il s\u2019agit d\u2019une carte num\u00e9rique interactive regroupant les vendeurs certifi\u00e9s, les stands de rue et les petites adresses souvent inconnues des touristes. Ce projet encourage une exploration responsable et authentique du pays, en valorisant les plats maison, les recettes de grand-m\u00e8re, et les lieux fr\u00e9quent\u00e9s par les habitants.<\/span><\/p>\t\t\t\t\t\t\t\t<\/div>\n\t\t\t\t<\/div>\n\t\t\t\t\t<\/div>\n\t\t<\/div>\n\t\t\t\t\t<\/div>\n\t\t<\/section>\n\t\t\t\t\t<\/div>\n\t\t<\/div>\n\t\t\t\t\t<\/div>\n\t\t<\/section>\n\t\t\t\t<section class=\"elementor-section elementor-top-section elementor-element elementor-element-34e72cf elementor-section-boxed elementor-section-height-default elementor-section-height-default\" data-id=\"34e72cf\" data-element_type=\"section\">\n\t\t\t\t\t\t<div class=\"elementor-container elementor-column-gap-default\">\n\t\t\t\t\t<div class=\"elementor-column elementor-col-100 elementor-top-column elementor-element elementor-element-6d7868a\" data-id=\"6d7868a\" data-element_type=\"column\">\n\t\t\t<div class=\"elementor-widget-wrap elementor-element-populated\">\n\t\t\t\t\t\t<div class=\"elementor-element elementor-element-4428903 elementor-widget elementor-widget-heading\" data-id=\"4428903\" data-element_type=\"widget\" data-widget_type=\"heading.default\">\n\t\t\t\t<div class=\"elementor-widget-container\">\n\t\t\t\t\t<h2 class=\"elementor-heading-title elementor-size-default\">Forum Carib\u00e9en de l\u2019Alimentation : penser le futur culinaire r\u00e9gional\n<\/h2>\t\t\t\t<\/div>\n\t\t\t\t<\/div>\n\t\t\t\t<div class=\"elementor-element elementor-element-25340a1 elementor-widget elementor-widget-text-editor\" data-id=\"25340a1\" data-element_type=\"widget\" data-widget_type=\"text-editor.default\">\n\t\t\t\t<div class=\"elementor-widget-container\">\n\t\t\t\t\t\t\t\t\t<h3><b>R\u00e9flexion strat\u00e9gique sur la s\u00e9curit\u00e9 alimentaire et l\u2019innovation<\/b><\/h3>\n<p><span style=\"font-weight: 400;\">\u00a0Antigua and Barbuda ne se contente pas de cuisiner : le pays r\u00e9fl\u00e9chit \u00e0 l\u2019avenir. Le Caribbean Food Forum, organis\u00e9 dans le cadre du Mois de la Gastronomie, r\u00e9unit des chefs, des entrepreneurs, des chercheurs et des responsables politiques de toute la Cara\u00efbe. Ensemble, ils abordent les enjeux de s\u00e9curit\u00e9 alimentaire, d\u2019innovation culinaire, de transmission des savoir-faire et d\u2019agriculture durable.<\/span><\/p>\t\t\t\t\t\t\t\t<\/div>\n\t\t\t\t<\/div>\n\t\t\t\t<div class=\"elementor-element elementor-element-6bc84ed elementor-widget elementor-widget-image\" data-id=\"6bc84ed\" data-element_type=\"widget\" data-widget_type=\"image.default\">\n\t\t\t\t<div class=\"elementor-widget-container\">\n\t\t\t\t\t\t\t\t\t\t\t\t\t\t\t<img decoding=\"async\" width=\"800\" height=\"534\" src=\"https:\/\/richeskarayib.com\/wp-content\/uploads\/2025\/06\/503886953_887947613611678_2478808389853198209_n-1024x683.jpg\" class=\"attachment-large size-large wp-image-54302\" alt=\"Antigua and Barbuda\" srcset=\"https:\/\/richeskarayib.com\/wp-content\/uploads\/2025\/06\/503886953_887947613611678_2478808389853198209_n-1024x683.jpg 1024w, https:\/\/richeskarayib.com\/wp-content\/uploads\/2025\/06\/503886953_887947613611678_2478808389853198209_n-300x200.jpg 300w, https:\/\/richeskarayib.com\/wp-content\/uploads\/2025\/06\/503886953_887947613611678_2478808389853198209_n-768x512.jpg 768w, https:\/\/richeskarayib.com\/wp-content\/uploads\/2025\/06\/503886953_887947613611678_2478808389853198209_n-1536x1024.jpg 1536w, https:\/\/richeskarayib.com\/wp-content\/uploads\/2025\/06\/503886953_887947613611678_2478808389853198209_n-1320x880.jpg 1320w, https:\/\/richeskarayib.com\/wp-content\/uploads\/2025\/06\/503886953_887947613611678_2478808389853198209_n.jpg 1920w\" sizes=\"(max-width: 800px) 100vw, 800px\" \/>\t\t\t\t\t\t\t\t\t\t\t\t\t\t\t<\/div>\n\t\t\t\t<\/div>\n\t\t\t\t<div class=\"elementor-element elementor-element-3c9478b elementor-widget elementor-widget-text-editor\" data-id=\"3c9478b\" data-element_type=\"widget\" data-widget_type=\"text-editor.default\">\n\t\t\t\t<div class=\"elementor-widget-container\">\n\t\t\t\t\t\t\t\t\t<h3><b>Des chefs aux politiques : un dialogue transdisciplinaire<\/b><\/h3>\n<p><span style=\"font-weight: 400;\">Ce forum va bien au-del\u00e0 de la simple d\u00e9monstration. Il cr\u00e9e un espace de dialogue entre les m\u00e9tiers, o\u00f9 un chef peut \u00e9changer avec un d\u00e9put\u00e9 sur la l\u00e9gislation alimentaire, ou un agriculteur avec un chercheur sur l\u2019impact climatique. Ce brassage d\u2019id\u00e9es donne \u00e0 Antigua and Barbuda un r\u00f4le de laboratoire r\u00e9gional en mati\u00e8re culinaire.<\/span><\/p>\t\t\t\t\t\t\t\t<\/div>\n\t\t\t\t<\/div>\n\t\t\t\t<section class=\"elementor-section elementor-inner-section elementor-element elementor-element-ed870da elementor-section-boxed elementor-section-height-default elementor-section-height-default\" data-id=\"ed870da\" data-element_type=\"section\">\n\t\t\t\t\t\t<div class=\"elementor-container elementor-column-gap-default\">\n\t\t\t\t\t<div class=\"elementor-column elementor-col-100 elementor-inner-column elementor-element elementor-element-bfb79a6\" data-id=\"bfb79a6\" data-element_type=\"column\">\n\t\t\t<div class=\"elementor-widget-wrap elementor-element-populated\">\n\t\t\t\t\t\t<div class=\"elementor-element elementor-element-4a10a30 elementor-widget elementor-widget-image\" data-id=\"4a10a30\" data-element_type=\"widget\" data-widget_type=\"image.default\">\n\t\t\t\t<div class=\"elementor-widget-container\">\n\t\t\t\t\t\t\t\t\t\t\t\t\t\t\t<img decoding=\"async\" width=\"800\" height=\"534\" src=\"https:\/\/richeskarayib.com\/wp-content\/uploads\/2025\/06\/503856764_887948100278296_9214467440022821134_n-1024x683.jpg\" class=\"attachment-large size-large wp-image-54298\" alt=\"Antigua and Barbuda\" srcset=\"https:\/\/richeskarayib.com\/wp-content\/uploads\/2025\/06\/503856764_887948100278296_9214467440022821134_n-1024x683.jpg 1024w, https:\/\/richeskarayib.com\/wp-content\/uploads\/2025\/06\/503856764_887948100278296_9214467440022821134_n-300x200.jpg 300w, https:\/\/richeskarayib.com\/wp-content\/uploads\/2025\/06\/503856764_887948100278296_9214467440022821134_n-768x512.jpg 768w, https:\/\/richeskarayib.com\/wp-content\/uploads\/2025\/06\/503856764_887948100278296_9214467440022821134_n-1536x1024.jpg 1536w, https:\/\/richeskarayib.com\/wp-content\/uploads\/2025\/06\/503856764_887948100278296_9214467440022821134_n-1320x880.jpg 1320w, https:\/\/richeskarayib.com\/wp-content\/uploads\/2025\/06\/503856764_887948100278296_9214467440022821134_n.jpg 1920w\" sizes=\"(max-width: 800px) 100vw, 800px\" \/>\t\t\t\t\t\t\t\t\t\t\t\t\t\t\t<\/div>\n\t\t\t\t<\/div>\n\t\t\t\t\t<\/div>\n\t\t<\/div>\n\t\t\t\t\t<\/div>\n\t\t<\/section>\n\t\t\t\t\t<\/div>\n\t\t<\/div>\n\t\t\t\t\t<\/div>\n\t\t<\/section>\n\t\t\t\t<section class=\"elementor-section elementor-top-section elementor-element elementor-element-6ee5f12 elementor-section-boxed elementor-section-height-default elementor-section-height-default\" data-id=\"6ee5f12\" data-element_type=\"section\">\n\t\t\t\t\t\t<div class=\"elementor-container elementor-column-gap-default\">\n\t\t\t\t\t<div class=\"elementor-column elementor-col-100 elementor-top-column elementor-element elementor-element-a641372\" data-id=\"a641372\" data-element_type=\"column\">\n\t\t\t<div class=\"elementor-widget-wrap elementor-element-populated\">\n\t\t\t\t\t\t<div class=\"elementor-element elementor-element-f68a3e7 elementor-widget elementor-widget-heading\" data-id=\"f68a3e7\" data-element_type=\"widget\" data-widget_type=\"heading.default\">\n\t\t\t\t<div class=\"elementor-widget-container\">\n\t\t\t\t\t<h2 class=\"elementor-heading-title elementor-size-default\">Une ambition port\u00e9e par des figures engag\u00e9es<\/h2>\t\t\t\t<\/div>\n\t\t\t\t<\/div>\n\t\t\t\t<div class=\"elementor-element elementor-element-bb7745d elementor-widget elementor-widget-text-editor\" data-id=\"bb7745d\" data-element_type=\"widget\" data-widget_type=\"text-editor.default\">\n\t\t\t\t<div class=\"elementor-widget-container\">\n\t\t\t\t\t\t\t\t\t<h3><b>Colin C. James : 365 plages, 365 saveurs<\/b><\/h3>\n<p><span style=\"font-weight: 400;\">Le directeur g\u00e9n\u00e9ral de l\u2019ABTA, Colin C. James, r\u00e9sume parfaitement le nouveau slogan du pays : \u00ab Nous sommes pass\u00e9s de 365 plages \u00e0 365 saveurs. \u00bb Cette transformation ne cherche pas \u00e0 effacer l\u2019image baln\u00e9aire, mais \u00e0 lui ajouter une couche de profondeur culturelle et gustative.<\/span><\/p>\t\t\t\t\t\t\t\t<\/div>\n\t\t\t\t<\/div>\n\t\t\t\t<div class=\"elementor-element elementor-element-0845bf6 elementor-widget elementor-widget-text-editor\" data-id=\"0845bf6\" data-element_type=\"widget\" data-widget_type=\"text-editor.default\">\n\t\t\t\t<div class=\"elementor-widget-container\">\n\t\t\t\t\t\t\t\t\t<h3><b>Shermain Jeremy : identit\u00e9, fiert\u00e9 et communaut\u00e9<\/b><\/h3>\n<p><span style=\"font-weight: 400;\">\u00c0 la t\u00eate de la coordination du Mois de la Gastronomie, <\/span><b>Shermain Jeremy<\/b><span style=\"font-weight: 400;\"> est une figure essentielle. Elle insiste : \u00ab Ce que nous avons construit va au-del\u00e0 de la nourriture. C\u2019est une affaire d\u2019identit\u00e9, de fiert\u00e9 et de communaut\u00e9. \u00bb Pour elle, chaque vendeur de rue, chaque mixologue, chaque artiste contribue \u00e0 cette dynamique collective.<\/span><\/p>\t\t\t\t\t\t\t\t<\/div>\n\t\t\t\t<\/div>\n\t\t\t\t\t<\/div>\n\t\t<\/div>\n\t\t\t\t\t<\/div>\n\t\t<\/section>\n\t\t\t\t<section class=\"elementor-section elementor-top-section elementor-element elementor-element-11d45b5 elementor-section-boxed elementor-section-height-default elementor-section-height-default\" data-id=\"11d45b5\" data-element_type=\"section\">\n\t\t\t\t\t\t<div class=\"elementor-container elementor-column-gap-default\">\n\t\t\t\t\t<div class=\"elementor-column elementor-col-100 elementor-top-column elementor-element elementor-element-f30105f\" data-id=\"f30105f\" data-element_type=\"column\">\n\t\t\t<div class=\"elementor-widget-wrap elementor-element-populated\">\n\t\t\t\t\t\t<div class=\"elementor-element elementor-element-184ff95 elementor-widget elementor-widget-text-editor\" data-id=\"184ff95\" data-element_type=\"widget\" data-widget_type=\"text-editor.default\">\n\t\t\t\t<div class=\"elementor-widget-container\">\n\t\t\t\t\t\t\t\t\t<p><span style=\"font-weight: 400;\">Antigua and Barbuda s\u2019impose d\u00e9sormais comme une r\u00e9f\u00e9rence dans le paysage culinaire carib\u00e9en. La nomination d&#8217;Antigua and Barbuda comme meilleure destination culinaire \u00e9mergente des Cara\u00efbes 2025 par les World Culinary Awards est une \u00e9tape significative d\u2019un projet collectif, ambitieux et enracin\u00e9. Derri\u00e8re chaque plat servi sur ces \u00eeles, il y a une histoire, une m\u00e9moire, un savoir-faire. Et cette richesse m\u00e9rite d\u2019\u00eatre c\u00e9l\u00e9br\u00e9e, partag\u00e9e\u2026 et savour\u00e9e<\/span><\/p>\t\t\t\t\t\t\t\t<\/div>\n\t\t\t\t<\/div>\n\t\t\t\t\t<\/div>\n\t\t<\/div>\n\t\t\t\t\t<\/div>\n\t\t<\/section>\n\t\t\t\t<\/div>\n\t\t","protected":false},"excerpt":{"rendered":"<p>Antigua and Barbuda vient d\u2019\u00eatre nomin\u00e9e comme meilleure destination culinaire \u00e9mergente des Cara\u00efbes 2025 par les tr\u00e8s respect\u00e9s World Culinary Awards. Ce n\u2019est pas un hasard. Depuis trois ans, la Antigua and Barbuda Tourism Authority (ABTA) travaille activement \u00e0 repositionner l\u2019image du pays, jusque-l\u00e0 associ\u00e9e \u00e0 ses plages, vers un r\u00e9cit profond\u00e9ment enracin\u00e9 dans la [&hellip;]<\/p>\n","protected":false},"author":662,"featured_media":54294,"comment_status":"open","ping_status":"open","sticky":false,"template":"","format":"standard","meta":{"_acf_changed":false,"footnotes":""},"categories":[1485,1732],"tags":[1801],"class_list":["post-54293","post","type-post","status-publish","format-standard","has-post-thumbnail","hentry","category-art-culinaire","category-tourisme","tag-antigua-and-barbuda-fr"],"acf":[],"_links":{"self":[{"href":"https:\/\/richeskarayib.com\/fr\/wp-json\/wp\/v2\/posts\/54293","targetHints":{"allow":["GET"]}}],"collection":[{"href":"https:\/\/richeskarayib.com\/fr\/wp-json\/wp\/v2\/posts"}],"about":[{"href":"https:\/\/richeskarayib.com\/fr\/wp-json\/wp\/v2\/types\/post"}],"author":[{"embeddable":true,"href":"https:\/\/richeskarayib.com\/fr\/wp-json\/wp\/v2\/users\/662"}],"replies":[{"embeddable":true,"href":"https:\/\/richeskarayib.com\/fr\/wp-json\/wp\/v2\/comments?post=54293"}],"version-history":[{"count":0,"href":"https:\/\/richeskarayib.com\/fr\/wp-json\/wp\/v2\/posts\/54293\/revisions"}],"wp:featuredmedia":[{"embeddable":true,"href":"https:\/\/richeskarayib.com\/fr\/wp-json\/wp\/v2\/media\/54294"}],"wp:attachment":[{"href":"https:\/\/richeskarayib.com\/fr\/wp-json\/wp\/v2\/media?parent=54293"}],"wp:term":[{"taxonomy":"category","embeddable":true,"href":"https:\/\/richeskarayib.com\/fr\/wp-json\/wp\/v2\/categories?post=54293"},{"taxonomy":"post_tag","embeddable":true,"href":"https:\/\/richeskarayib.com\/fr\/wp-json\/wp\/v2\/tags?post=54293"}],"curies":[{"name":"wp","href":"https:\/\/api.w.org\/{rel}","templated":true}]}}