{"id":54372,"date":"2025-06-13T09:22:47","date_gmt":"2025-06-13T13:22:47","guid":{"rendered":"https:\/\/richeskarayib.com\/?p=54372"},"modified":"2025-06-16T03:57:29","modified_gmt":"2025-06-16T07:57:29","slug":"chiffres-cles-caraibe-resilience-climatique","status":"publish","type":"post","link":"https:\/\/richeskarayib.com\/fr\/chiffres-cles-caraibe-resilience-climatique\/","title":{"rendered":"Chiffres-cl\u00e9s de la Cara\u00efbe \u2013 R\u00e9silience climatique, \u00c9cologie et Durabilit\u00e9 avec Rich\u00e8s Karayib"},"content":{"rendered":"\t\t<div data-elementor-type=\"wp-post\" data-elementor-id=\"54372\" class=\"elementor elementor-54372\" data-elementor-post-type=\"post\">\n\t\t\t\t\t\t<section class=\"elementor-section elementor-top-section elementor-element elementor-element-d24c489 elementor-section-boxed elementor-section-height-default elementor-section-height-default\" data-id=\"d24c489\" data-element_type=\"section\">\n\t\t\t\t\t\t<div class=\"elementor-container elementor-column-gap-default\">\n\t\t\t\t\t<div class=\"elementor-column elementor-col-100 elementor-top-column elementor-element elementor-element-35e3e69\" data-id=\"35e3e69\" data-element_type=\"column\">\n\t\t\t<div class=\"elementor-widget-wrap elementor-element-populated\">\n\t\t\t\t\t\t<div class=\"elementor-element elementor-element-7823db2 elementor-widget elementor-widget-heading\" data-id=\"7823db2\" data-element_type=\"widget\" data-widget_type=\"heading.default\">\n\t\t\t\t<div class=\"elementor-widget-container\">\n\t\t\t\t\t<h2 class=\"elementor-heading-title elementor-size-default\">R\u00e9silience climatique : entre urgence et action<\/h2>\t\t\t\t<\/div>\n\t\t\t\t<\/div>\n\t\t\t\t<div class=\"elementor-element elementor-element-ae5e3a5 elementor-widget elementor-widget-text-editor\" data-id=\"ae5e3a5\" data-element_type=\"widget\" data-widget_type=\"text-editor.default\">\n\t\t\t\t<div class=\"elementor-widget-container\">\n\t\t\t\t\t\t\t\t\t<p><span style=\"font-weight: 400;\"><a href=\"https:\/\/richeskarayib.com\/fr\/journee-mondiale-de-l-environnement\/\" target=\"_blank\" rel=\"noopener\">La Cara\u00efbe<\/a> vit au rythme des ouragans, des s\u00e9cheresses, de l\u2019\u00e9rosion c\u00f4ti\u00e8re et d\u2019une biodiversit\u00e9 en p\u00e9ril. Face \u00e0 ces menaces, les \u00eeles multiplient les actions pour construire une <\/span><a href=\"https:\/\/www.nationalgeographic.com\/science\/article\/dominica-on-track-to-be-worlds-first-climate-resilient-nation\" target=\"_blank\" rel=\"noopener nofollow\"><b>r\u00e9silience climatique locale<\/b><\/a><span style=\"font-weight: 400;\">. Et si les d\u00e9fis sont immenses, les solutions \u00e9mergent souvent de mani\u00e8re concr\u00e8te, chiffr\u00e9e et ancr\u00e9e dans les territoires.<\/span><\/p><p><span style=\"font-weight: 400;\">Chez <\/span><b>Rich\u00e8s Karayib<\/b><span style=\"font-weight: 400;\">, nous avons s\u00e9lectionn\u00e9 cinq donn\u00e9es r\u00e9centes, v\u00e9rifi\u00e9es et significatives qui dessinent un \u00e9tat des lieux sans d\u00e9tours de l\u2019\u00e9cologie et de la durabilit\u00e9 dans la r\u00e9gion. Ces chiffres illustrent la r\u00e9alit\u00e9 de la r\u00e9silience climatique Cara\u00efbe \u00e0 l\u2019\u00e9chelle territoriale.<\/span><\/p>\t\t\t\t\t\t\t\t<\/div>\n\t\t\t\t<\/div>\n\t\t\t\t\t<\/div>\n\t\t<\/div>\n\t\t\t\t\t<\/div>\n\t\t<\/section>\n\t\t\t\t<section class=\"elementor-section elementor-top-section elementor-element elementor-element-e8d332b elementor-section-boxed elementor-section-height-default elementor-section-height-default\" data-id=\"e8d332b\" data-element_type=\"section\">\n\t\t\t\t\t\t<div class=\"elementor-container elementor-column-gap-default\">\n\t\t\t\t\t<div class=\"elementor-column elementor-col-100 elementor-top-column elementor-element elementor-element-1c4c1b1\" data-id=\"1c4c1b1\" data-element_type=\"column\">\n\t\t\t<div class=\"elementor-widget-wrap elementor-element-populated\">\n\t\t\t\t\t\t<div class=\"elementor-element elementor-element-ff67a61 elementor-widget elementor-widget-heading\" data-id=\"ff67a61\" data-element_type=\"widget\" data-widget_type=\"heading.default\">\n\t\t\t\t<div class=\"elementor-widget-container\">\n\t\t\t\t\t<h2 class=\"elementor-heading-title elementor-size-default\">1\u02b3\u1d49 \u2013 La Dominique, pionni\u00e8re de la r\u00e9silience climatique<\/h2>\t\t\t\t<\/div>\n\t\t\t\t<\/div>\n\t\t\t\t<section class=\"elementor-section elementor-inner-section elementor-element elementor-element-3bb4cca elementor-section-boxed elementor-section-height-default elementor-section-height-default\" data-id=\"3bb4cca\" data-element_type=\"section\">\n\t\t\t\t\t\t<div class=\"elementor-container elementor-column-gap-default\">\n\t\t\t\t\t<div class=\"elementor-column elementor-col-100 elementor-inner-column elementor-element elementor-element-1eba920\" data-id=\"1eba920\" data-element_type=\"column\">\n\t\t\t<div class=\"elementor-widget-wrap elementor-element-populated\">\n\t\t\t\t\t\t<div class=\"elementor-element elementor-element-716acf2 elementor-widget elementor-widget-text-editor\" data-id=\"716acf2\" data-element_type=\"widget\" data-widget_type=\"text-editor.default\">\n\t\t\t\t<div class=\"elementor-widget-container\">\n\t\t\t\t\t\t\t\t\t<p><a href=\"https:\/\/richeskarayib.com\/fr\/abiyah-yisrael-voix-spirituelle-reggae-roots\/\" target=\"_blank\" rel=\"noopener\"><span style=\"font-weight: 400;\">La <\/span><b>Dominique<\/b><\/a><span style=\"font-weight: 400;\"> ne s\u2019est pas content\u00e9e de reconstruire apr\u00e8s le passage d\u00e9vastateur de l\u2019ouragan Maria en 2017. Elle a pris un tournant radical en s\u2019engageant officiellement \u00e0 devenir la premi\u00e8re <\/span><b>\u201cnation <a href=\"https:\/\/www.treehugger.com\/the-best-rain-forest-destinations-that-you-havent-visited-yet-4864021\" target=\"_blank\" rel=\"noopener nofollow\">r\u00e9siliente au climat<\/a>\u201d<\/b><span style=\"font-weight: 400;\"> au monde.<\/span><\/p><p><span style=\"font-weight: 400;\">Ce programme de reconstruction verte, pilot\u00e9 par la Climate Resilience Execution Agency for Dominica, inclut des infrastructures renforc\u00e9es, un urbanisme repens\u00e9 et des \u00e9nergies renouvelables int\u00e9gr\u00e9es. Une d\u00e9marche pionni\u00e8re \u00e0 l\u2019\u00e9chelle mondiale, qui fait de la Dominique une vitrine de <\/span><b>la r\u00e9silience climatique Cara\u00efbe<\/b><span style=\"font-weight: 400;\">.<\/span><\/p>\t\t\t\t\t\t\t\t<\/div>\n\t\t\t\t<\/div>\n\t\t\t\t\t<\/div>\n\t\t<\/div>\n\t\t\t\t\t<\/div>\n\t\t<\/section>\n\t\t\t\t<section class=\"elementor-section elementor-inner-section elementor-element elementor-element-3bbdf18 elementor-section-boxed elementor-section-height-default elementor-section-height-default\" data-id=\"3bbdf18\" data-element_type=\"section\">\n\t\t\t\t\t\t<div class=\"elementor-container elementor-column-gap-default\">\n\t\t\t\t\t<div class=\"elementor-column elementor-col-100 elementor-inner-column elementor-element elementor-element-18ec811\" data-id=\"18ec811\" data-element_type=\"column\">\n\t\t\t<div class=\"elementor-widget-wrap elementor-element-populated\">\n\t\t\t\t\t\t<div class=\"elementor-element elementor-element-ce9fff3 elementor-widget elementor-widget-image\" data-id=\"ce9fff3\" data-element_type=\"widget\" data-widget_type=\"image.default\">\n\t\t\t\t<div class=\"elementor-widget-container\">\n\t\t\t\t\t\t\t\t\t\t\t\t\t\t\t<img fetchpriority=\"high\" decoding=\"async\" width=\"800\" height=\"600\" src=\"https:\/\/richeskarayib.com\/wp-content\/uploads\/2025\/06\/07-dominica-climate-resilience_4x3-1024x768.avif\" class=\"attachment-large size-large wp-image-54385\" alt=\"R\u00e9silience climatique\" srcset=\"https:\/\/richeskarayib.com\/wp-content\/uploads\/2025\/06\/07-dominica-climate-resilience_4x3-1024x768.avif 1024w, https:\/\/richeskarayib.com\/wp-content\/uploads\/2025\/06\/07-dominica-climate-resilience_4x3-300x225.avif 300w, https:\/\/richeskarayib.com\/wp-content\/uploads\/2025\/06\/07-dominica-climate-resilience_4x3-768x576.avif 768w, https:\/\/richeskarayib.com\/wp-content\/uploads\/2025\/06\/07-dominica-climate-resilience_4x3-1536x1153.avif 1536w, https:\/\/richeskarayib.com\/wp-content\/uploads\/2025\/06\/07-dominica-climate-resilience_4x3-2048x1537.avif 2048w, https:\/\/richeskarayib.com\/wp-content\/uploads\/2025\/06\/07-dominica-climate-resilience_4x3-1320x990.avif 1320w\" sizes=\"(max-width: 800px) 100vw, 800px\" \/>\t\t\t\t\t\t\t\t\t\t\t\t\t\t\t<\/div>\n\t\t\t\t<\/div>\n\t\t\t\t\t<\/div>\n\t\t<\/div>\n\t\t\t\t\t<\/div>\n\t\t<\/section>\n\t\t\t\t\t<\/div>\n\t\t<\/div>\n\t\t\t\t\t<\/div>\n\t\t<\/section>\n\t\t\t\t<section class=\"elementor-section elementor-top-section elementor-element elementor-element-34e72cf elementor-section-boxed elementor-section-height-default elementor-section-height-default\" data-id=\"34e72cf\" data-element_type=\"section\">\n\t\t\t\t\t\t<div class=\"elementor-container elementor-column-gap-default\">\n\t\t\t\t\t<div class=\"elementor-column elementor-col-100 elementor-top-column elementor-element elementor-element-6d7868a\" data-id=\"6d7868a\" data-element_type=\"column\">\n\t\t\t<div class=\"elementor-widget-wrap elementor-element-populated\">\n\t\t\t\t\t\t<div class=\"elementor-element elementor-element-4428903 elementor-widget elementor-widget-heading\" data-id=\"4428903\" data-element_type=\"widget\" data-widget_type=\"heading.default\">\n\t\t\t\t<div class=\"elementor-widget-container\">\n\t\t\t\t\t<h2 class=\"elementor-heading-title elementor-size-default\">93\u202f% \u2013 Une couverture foresti\u00e8re exceptionnelle au Suriname<\/h2>\t\t\t\t<\/div>\n\t\t\t\t<\/div>\n\t\t\t\t<div class=\"elementor-element elementor-element-25340a1 elementor-widget elementor-widget-text-editor\" data-id=\"25340a1\" data-element_type=\"widget\" data-widget_type=\"text-editor.default\">\n\t\t\t\t<div class=\"elementor-widget-container\">\n\t\t\t\t\t\t\t\t\t<p><span style=\"font-weight: 400;\">Avec <\/span><b>93\u202f% de son territoire recouvert de for\u00eats<\/b><span style=\"font-weight: 400;\">, le <\/span><b>Suriname<\/b><span style=\"font-weight: 400;\"> est l\u2019un des pays les plus bois\u00e9s de la plan\u00e8te. Ce chiffre impressionnant, confirm\u00e9 par le Programme des Nations unies pour l\u2019environnement (PNUE), place ce petit \u00c9tat d\u2019Am\u00e9rique du Sud \u2013 culturellement et historiquement carib\u00e9en \u2013 au c\u0153ur des enjeux climatiques mondiaux.<\/span><\/p><p><span style=\"font-weight: 400;\">Sa for\u00eat dense agit comme un <\/span><b>puits de carbone<\/b><span style=\"font-weight: 400;\"> majeur, essentiel pour la r\u00e9gulation du climat r\u00e9gional. La pr\u00e9servation de cette ressource est donc un enjeu vital, autant pour le Suriname que pour toute la zone cara\u00efbe. Elle constitue aussi un pilier central de la <\/span><b>r\u00e9silience climatique Cara\u00efbe<\/b><span style=\"font-weight: 400;\"> dans son ensemble.<\/span><\/p>\t\t\t\t\t\t\t\t<\/div>\n\t\t\t\t<\/div>\n\t\t\t\t<section class=\"elementor-section elementor-inner-section elementor-element elementor-element-58d0e9d elementor-section-boxed elementor-section-height-default elementor-section-height-default\" data-id=\"58d0e9d\" data-element_type=\"section\">\n\t\t\t\t\t\t<div class=\"elementor-container elementor-column-gap-default\">\n\t\t\t\t\t<div class=\"elementor-column elementor-col-100 elementor-inner-column elementor-element elementor-element-5fcacec\" data-id=\"5fcacec\" data-element_type=\"column\">\n\t\t\t<div class=\"elementor-widget-wrap elementor-element-populated\">\n\t\t\t\t\t\t<div class=\"elementor-element elementor-element-22a11f2 elementor-widget elementor-widget-image\" data-id=\"22a11f2\" data-element_type=\"widget\" data-widget_type=\"image.default\">\n\t\t\t\t<div class=\"elementor-widget-container\">\n\t\t\t\t\t\t\t\t\t\t\t\t\t\t\t<img decoding=\"async\" width=\"800\" height=\"534\" src=\"https:\/\/richeskarayib.com\/wp-content\/uploads\/2025\/06\/GettyImages-83149898-4cedc890401a45b797473a910a0df677-1024x683.jpg\" class=\"attachment-large size-large wp-image-54381\" alt=\"R\u00e9silience climatique\" srcset=\"https:\/\/richeskarayib.com\/wp-content\/uploads\/2025\/06\/GettyImages-83149898-4cedc890401a45b797473a910a0df677-1024x683.jpg 1024w, https:\/\/richeskarayib.com\/wp-content\/uploads\/2025\/06\/GettyImages-83149898-4cedc890401a45b797473a910a0df677-300x200.jpg 300w, https:\/\/richeskarayib.com\/wp-content\/uploads\/2025\/06\/GettyImages-83149898-4cedc890401a45b797473a910a0df677-768x512.jpg 768w, https:\/\/richeskarayib.com\/wp-content\/uploads\/2025\/06\/GettyImages-83149898-4cedc890401a45b797473a910a0df677-1536x1024.jpg 1536w, https:\/\/richeskarayib.com\/wp-content\/uploads\/2025\/06\/GettyImages-83149898-4cedc890401a45b797473a910a0df677-2048x1365.jpg 2048w, https:\/\/richeskarayib.com\/wp-content\/uploads\/2025\/06\/GettyImages-83149898-4cedc890401a45b797473a910a0df677-1320x880.jpg 1320w\" sizes=\"(max-width: 800px) 100vw, 800px\" \/>\t\t\t\t\t\t\t\t\t\t\t\t\t\t\t<\/div>\n\t\t\t\t<\/div>\n\t\t\t\t\t<\/div>\n\t\t<\/div>\n\t\t\t\t\t<\/div>\n\t\t<\/section>\n\t\t\t\t\t<\/div>\n\t\t<\/div>\n\t\t\t\t\t<\/div>\n\t\t<\/section>\n\t\t\t\t<section class=\"elementor-section elementor-top-section elementor-element elementor-element-6ee5f12 elementor-section-boxed elementor-section-height-default elementor-section-height-default\" data-id=\"6ee5f12\" data-element_type=\"section\">\n\t\t\t\t\t\t<div class=\"elementor-container elementor-column-gap-default\">\n\t\t\t\t\t<div class=\"elementor-column elementor-col-100 elementor-top-column elementor-element elementor-element-a641372\" data-id=\"a641372\" data-element_type=\"column\">\n\t\t\t<div class=\"elementor-widget-wrap elementor-element-populated\">\n\t\t\t\t\t\t<div class=\"elementor-element elementor-element-f68a3e7 elementor-widget elementor-widget-heading\" data-id=\"f68a3e7\" data-element_type=\"widget\" data-widget_type=\"heading.default\">\n\t\t\t\t<div class=\"elementor-widget-container\">\n\t\t\t\t\t<h2 class=\"elementor-heading-title elementor-size-default\">0,58\u202fkg\/jour \u2013 La r\u00e9alit\u00e9 des d\u00e9chets en Ha\u00efti<\/h2>\t\t\t\t<\/div>\n\t\t\t\t<\/div>\n\t\t\t\t<div class=\"elementor-element elementor-element-bb7745d elementor-widget elementor-widget-text-editor\" data-id=\"bb7745d\" data-element_type=\"widget\" data-widget_type=\"text-editor.default\">\n\t\t\t\t<div class=\"elementor-widget-container\">\n\t\t\t\t\t\t\t\t\t<p><span style=\"font-weight: 400;\">Chaque Ha\u00eftien produit en moyenne <\/span><b>0,58 kg de d\u00e9chets par jour<\/b><span style=\"font-weight: 400;\">, soit plus de <\/span><b>212 kg par an<\/b><span style=\"font-weight: 400;\">. Cela pourrait sembler peu, mais le probl\u00e8me vient du taux de collecte, qui plafonne \u00e0 <\/span><b>12 % seulement<\/b><span style=\"font-weight: 400;\">, selon la Banque mondiale.<\/span><\/p><p><span style=\"font-weight: 400;\">R\u00e9sultat : une large part de ces d\u00e9chets, souvent plastiques, finit dans les rues, les rivi\u00e8res ou les c\u00f4tes. Cette situation fragilise les \u00e9cosyst\u00e8mes, aggrave les risques sanitaires et souligne l\u2019urgence d\u2019une <\/span><b>gestion durable des d\u00e9chets urbains<\/b><span style=\"font-weight: 400;\">, en particulier dans les zones \u00e0 forte densit\u00e9. <\/span><b>Ces enjeux sont intimement li\u00e9s aux d\u00e9fis de la r\u00e9silience climatique Cara\u00efbe, notamment en contexte urbain.<\/b><\/p>\t\t\t\t\t\t\t\t<\/div>\n\t\t\t\t<\/div>\n\t\t\t\t<section class=\"elementor-section elementor-inner-section elementor-element elementor-element-b0b1a37 elementor-section-boxed elementor-section-height-default elementor-section-height-default\" data-id=\"b0b1a37\" data-element_type=\"section\">\n\t\t\t\t\t\t<div class=\"elementor-container elementor-column-gap-default\">\n\t\t\t\t\t<div class=\"elementor-column elementor-col-100 elementor-inner-column elementor-element elementor-element-701563f\" data-id=\"701563f\" data-element_type=\"column\">\n\t\t\t<div class=\"elementor-widget-wrap elementor-element-populated\">\n\t\t\t\t\t\t<div class=\"elementor-element elementor-element-3c3fed4 elementor-widget elementor-widget-image\" data-id=\"3c3fed4\" data-element_type=\"widget\" data-widget_type=\"image.default\">\n\t\t\t\t<div class=\"elementor-widget-container\">\n\t\t\t\t\t\t\t\t\t\t\t\t\t\t\t<img decoding=\"async\" width=\"800\" height=\"534\" src=\"https:\/\/richeskarayib.com\/wp-content\/uploads\/2025\/06\/c84567b6-e200-4502-846d-1e057fd706dd-1024x683.png\" class=\"attachment-large size-large wp-image-54389\" alt=\"R\u00e9silience climatique\" srcset=\"https:\/\/richeskarayib.com\/wp-content\/uploads\/2025\/06\/c84567b6-e200-4502-846d-1e057fd706dd-1024x683.png 1024w, https:\/\/richeskarayib.com\/wp-content\/uploads\/2025\/06\/c84567b6-e200-4502-846d-1e057fd706dd-300x200.png 300w, https:\/\/richeskarayib.com\/wp-content\/uploads\/2025\/06\/c84567b6-e200-4502-846d-1e057fd706dd-768x512.png 768w, https:\/\/richeskarayib.com\/wp-content\/uploads\/2025\/06\/c84567b6-e200-4502-846d-1e057fd706dd-1320x880.png 1320w, https:\/\/richeskarayib.com\/wp-content\/uploads\/2025\/06\/c84567b6-e200-4502-846d-1e057fd706dd.png 1536w\" sizes=\"(max-width: 800px) 100vw, 800px\" \/>\t\t\t\t\t\t\t\t\t\t\t\t\t\t\t<\/div>\n\t\t\t\t<\/div>\n\t\t\t\t\t<\/div>\n\t\t<\/div>\n\t\t\t\t\t<\/div>\n\t\t<\/section>\n\t\t\t\t\t<\/div>\n\t\t<\/div>\n\t\t\t\t\t<\/div>\n\t\t<\/section>\n\t\t\t\t<section class=\"elementor-section elementor-top-section elementor-element elementor-element-3756bbb elementor-section-boxed elementor-section-height-default elementor-section-height-default\" data-id=\"3756bbb\" data-element_type=\"section\">\n\t\t\t\t\t\t<div class=\"elementor-container elementor-column-gap-default\">\n\t\t\t\t\t<div class=\"elementor-column elementor-col-100 elementor-top-column elementor-element elementor-element-df79712\" data-id=\"df79712\" data-element_type=\"column\">\n\t\t\t<div class=\"elementor-widget-wrap elementor-element-populated\">\n\t\t\t\t\t\t<div class=\"elementor-element elementor-element-782f801 elementor-widget elementor-widget-heading\" data-id=\"782f801\" data-element_type=\"widget\" data-widget_type=\"heading.default\">\n\t\t\t\t<div class=\"elementor-widget-container\">\n\t\t\t\t\t<h2 class=\"elementor-heading-title elementor-size-default\">10\u202f000+ coraux replant\u00e9s autour des Bahamas<\/h2>\t\t\t\t<\/div>\n\t\t\t\t<\/div>\n\t\t\t\t<div class=\"elementor-element elementor-element-8492aa2 elementor-widget elementor-widget-text-editor\" data-id=\"8492aa2\" data-element_type=\"widget\" data-widget_type=\"text-editor.default\">\n\t\t\t\t<div class=\"elementor-widget-container\">\n\t\t\t\t\t\t\t\t\t<p><span style=\"font-weight: 400;\">Face \u00e0 la d\u00e9gradation rapide des r\u00e9cifs coralliens, le <\/span><b>Bahamas National Trust<\/b><span style=\"font-weight: 400;\"> a lanc\u00e9 le programme <\/span><b>Reef Rescue<\/b><span style=\"font-weight: 400;\">, qui a permis de <\/span><b>r\u00e9implanter plus de 10\u202f000 coraux<\/b><span style=\"font-weight: 400;\"> depuis 2019 dans les eaux de l\u2019archipel.<\/span><\/p><p><span style=\"font-weight: 400;\">Les r\u00e9cifs jouent un r\u00f4le crucial dans la protection c\u00f4ti\u00e8re, la biodiversit\u00e9 marine et l\u2019\u00e9conomie touristique. Ce programme est l\u2019un des plus dynamiques de la Cara\u00efbe, mobilisant scientifiques, plongeurs b\u00e9n\u00e9voles et communaut\u00e9s locales pour restaurer ces barri\u00e8res naturelles fragilis\u00e9es par le r\u00e9chauffement et l\u2019acidification des oc\u00e9ans. <\/span><b>Il s\u2019agit l\u00e0 d\u2019un levier concret de r\u00e9silience climatique Cara\u00efbe \u00e0 l\u2019\u00e9chelle \u00e9cologique.<\/b><\/p>\t\t\t\t\t\t\t\t<\/div>\n\t\t\t\t<\/div>\n\t\t\t\t<section class=\"elementor-section elementor-inner-section elementor-element elementor-element-b8bb87e elementor-section-boxed elementor-section-height-default elementor-section-height-default\" data-id=\"b8bb87e\" data-element_type=\"section\">\n\t\t\t\t\t\t<div class=\"elementor-container elementor-column-gap-default\">\n\t\t\t\t\t<div class=\"elementor-column elementor-col-100 elementor-inner-column elementor-element elementor-element-77fede3\" data-id=\"77fede3\" data-element_type=\"column\">\n\t\t\t<div class=\"elementor-widget-wrap elementor-element-populated\">\n\t\t\t\t\t\t<div class=\"elementor-element elementor-element-169525b elementor-widget elementor-widget-image\" data-id=\"169525b\" data-element_type=\"widget\" data-widget_type=\"image.default\">\n\t\t\t\t<div class=\"elementor-widget-container\">\n\t\t\t\t\t\t\t\t\t\t\t\t\t\t\t<img loading=\"lazy\" decoding=\"async\" width=\"626\" height=\"626\" src=\"https:\/\/richeskarayib.com\/wp-content\/uploads\/2025\/06\/coral-reef-restoration-project-with-divers-planting-corals_1314467-142680.avif\" class=\"attachment-large size-large wp-image-54393\" alt=\"R\u00e9silience climatique\" srcset=\"https:\/\/richeskarayib.com\/wp-content\/uploads\/2025\/06\/coral-reef-restoration-project-with-divers-planting-corals_1314467-142680.avif 626w, https:\/\/richeskarayib.com\/wp-content\/uploads\/2025\/06\/coral-reef-restoration-project-with-divers-planting-corals_1314467-142680-300x300.avif 300w, https:\/\/richeskarayib.com\/wp-content\/uploads\/2025\/06\/coral-reef-restoration-project-with-divers-planting-corals_1314467-142680-150x150.avif 150w\" sizes=\"(max-width: 626px) 100vw, 626px\" \/>\t\t\t\t\t\t\t\t\t\t\t\t\t\t\t<\/div>\n\t\t\t\t<\/div>\n\t\t\t\t\t<\/div>\n\t\t<\/div>\n\t\t\t\t\t<\/div>\n\t\t<\/section>\n\t\t\t\t\t<\/div>\n\t\t<\/div>\n\t\t\t\t\t<\/div>\n\t\t<\/section>\n\t\t\t\t<section class=\"elementor-section elementor-top-section elementor-element elementor-element-5b928cf elementor-section-boxed elementor-section-height-default elementor-section-height-default\" data-id=\"5b928cf\" data-element_type=\"section\">\n\t\t\t\t\t\t<div class=\"elementor-container elementor-column-gap-default\">\n\t\t\t\t\t<div class=\"elementor-column elementor-col-100 elementor-top-column elementor-element elementor-element-587c274\" data-id=\"587c274\" data-element_type=\"column\">\n\t\t\t<div class=\"elementor-widget-wrap elementor-element-populated\">\n\t\t\t\t\t\t<div class=\"elementor-element elementor-element-2047da4 elementor-widget elementor-widget-heading\" data-id=\"2047da4\" data-element_type=\"widget\" data-widget_type=\"heading.default\">\n\t\t\t\t<div class=\"elementor-widget-container\">\n\t\t\t\t\t<h2 class=\"elementor-heading-title elementor-size-default\">\u201338\u202f% \u2013 Pertes alarmantes de poissons dans la r\u00e9gion\n<\/h2>\t\t\t\t<\/div>\n\t\t\t\t<\/div>\n\t\t\t\t<div class=\"elementor-element elementor-element-994871c elementor-widget elementor-widget-text-editor\" data-id=\"994871c\" data-element_type=\"widget\" data-widget_type=\"text-editor.default\">\n\t\t\t\t<div class=\"elementor-widget-container\">\n\t\t\t\t\t\t\t\t\t<p><span style=\"font-weight: 400;\">Entre 1984 et 2017, la <\/span><b>zone Atlantique centre-ouest<\/b><span style=\"font-weight: 400;\">, qui englobe les Petites Antilles, a enregistr\u00e9 une <\/span><b>baisse de 38\u202f% des captures de poissons<\/b><span style=\"font-weight: 400;\">, selon la FAO et la WECAFC.<\/span><\/p><p><span style=\"font-weight: 400;\">Cette chute dramatique est le fruit combin\u00e9 de la <\/span><b>surp\u00eache<\/b><span style=\"font-weight: 400;\">, de la <\/span><b>pollution marine<\/b><span style=\"font-weight: 400;\"> et du <\/span><b>r\u00e9chauffement des eaux<\/b><span style=\"font-weight: 400;\">. Elle menace directement la <\/span><b>s\u00e9curit\u00e9 alimentaire<\/b><span style=\"font-weight: 400;\">, les traditions de p\u00eache artisanale et les \u00e9conomies locales d\u00e9pendantes des ressources halieutiques. <\/span><b>La r\u00e9silience climatique Cara\u00efbe passe donc aussi par une gestion durable des ressources marines.<\/b><\/p>\t\t\t\t\t\t\t\t<\/div>\n\t\t\t\t<\/div>\n\t\t\t\t<div class=\"elementor-element elementor-element-1ca767e elementor-widget elementor-widget-image\" data-id=\"1ca767e\" data-element_type=\"widget\" data-widget_type=\"image.default\">\n\t\t\t\t<div class=\"elementor-widget-container\">\n\t\t\t\t\t\t\t\t\t\t\t\t\t\t\t<img loading=\"lazy\" decoding=\"async\" width=\"800\" height=\"450\" src=\"https:\/\/richeskarayib.com\/wp-content\/uploads\/2025\/06\/effects-climate-change-overfishing-fish-supply-world-1024x576.webp\" class=\"attachment-large size-large wp-image-54401\" alt=\"R\u00e9silience climatique\" srcset=\"https:\/\/richeskarayib.com\/wp-content\/uploads\/2025\/06\/effects-climate-change-overfishing-fish-supply-world-1024x576.webp 1024w, https:\/\/richeskarayib.com\/wp-content\/uploads\/2025\/06\/effects-climate-change-overfishing-fish-supply-world-300x169.webp 300w, https:\/\/richeskarayib.com\/wp-content\/uploads\/2025\/06\/effects-climate-change-overfishing-fish-supply-world-768x432.webp 768w, https:\/\/richeskarayib.com\/wp-content\/uploads\/2025\/06\/effects-climate-change-overfishing-fish-supply-world-1536x864.webp 1536w, https:\/\/richeskarayib.com\/wp-content\/uploads\/2025\/06\/effects-climate-change-overfishing-fish-supply-world-1320x743.webp 1320w, https:\/\/richeskarayib.com\/wp-content\/uploads\/2025\/06\/effects-climate-change-overfishing-fish-supply-world.webp 1920w\" sizes=\"(max-width: 800px) 100vw, 800px\" \/>\t\t\t\t\t\t\t\t\t\t\t\t\t\t\t<\/div>\n\t\t\t\t<\/div>\n\t\t\t\t\t<\/div>\n\t\t<\/div>\n\t\t\t\t\t<\/div>\n\t\t<\/section>\n\t\t\t\t<section class=\"elementor-section elementor-top-section elementor-element elementor-element-81f3b33 elementor-section-boxed elementor-section-height-default elementor-section-height-default\" data-id=\"81f3b33\" data-element_type=\"section\">\n\t\t\t\t\t\t<div class=\"elementor-container elementor-column-gap-default\">\n\t\t\t\t\t<div class=\"elementor-column elementor-col-100 elementor-top-column elementor-element elementor-element-f2b076f\" data-id=\"f2b076f\" data-element_type=\"column\">\n\t\t\t<div class=\"elementor-widget-wrap elementor-element-populated\">\n\t\t\t\t\t\t<div class=\"elementor-element elementor-element-68ae5c3 elementor-widget elementor-widget-heading\" data-id=\"68ae5c3\" data-element_type=\"widget\" data-widget_type=\"heading.default\">\n\t\t\t\t<div class=\"elementor-widget-container\">\n\t\t\t\t\t<h2 class=\"elementor-heading-title elementor-size-default\">Une Cara\u00efbe entre richesses naturelles et fragilit\u00e9s expos\u00e9es\n<\/h2>\t\t\t\t<\/div>\n\t\t\t\t<\/div>\n\t\t\t\t<div class=\"elementor-element elementor-element-0fd71b2 elementor-widget elementor-widget-text-editor\" data-id=\"0fd71b2\" data-element_type=\"widget\" data-widget_type=\"text-editor.default\">\n\t\t\t\t<div class=\"elementor-widget-container\">\n\t\t\t\t\t\t\t\t\t<p><span style=\"font-weight: 400;\">Ce panorama chiffr\u00e9 montre une <\/span><b>Cara\u00efbe \u00e0 la fois vuln\u00e9rable et combative<\/b><span style=\"font-weight: 400;\">. Les d\u00e9fis environnementaux sont nombreux : r\u00e9chauffement climatique, surexploitation des ressources, pollution c\u00f4ti\u00e8re. Mais les r\u00e9ponses sont l\u00e0 : elles prennent racine dans la for\u00eat guyanaise, les politiques audacieuses de la Dominique, les coraux restaur\u00e9s des Bahamas, ou encore les gestes quotidiens pour r\u00e9duire les d\u00e9chets en Ha\u00efti.<\/span><\/p><p><span style=\"font-weight: 400;\">La durabilit\u00e9 dans la Cara\u00efbe ne peut pas \u00eatre r\u00e9duite \u00e0 des slogans : elle se mesure, s\u2019analyse, se discute. Ces chiffres, parfois inqui\u00e9tants, sont aussi des <\/span><b>rep\u00e8res d\u2019action<\/b><span style=\"font-weight: 400;\">. Ils montrent que la <\/span><b>r\u00e9silience climatique Cara\u00efbe<\/b><span style=\"font-weight: 400;\"> se construit \u00e0 partir de r\u00e9alit\u00e9s locales, de savoir-faire communautaires et de politiques visionnaires.<\/span><\/p>\t\t\t\t\t\t\t\t<\/div>\n\t\t\t\t<\/div>\n\t\t\t\t\t<\/div>\n\t\t<\/div>\n\t\t\t\t\t<\/div>\n\t\t<\/section>\n\t\t\t\t<\/div>\n\t\t","protected":false},"excerpt":{"rendered":"<p>R\u00e9silience climatique : entre urgence et action La Cara\u00efbe vit au rythme des ouragans, des s\u00e9cheresses, de l\u2019\u00e9rosion c\u00f4ti\u00e8re et d\u2019une biodiversit\u00e9 en p\u00e9ril. Face \u00e0 ces menaces, les \u00eeles multiplient les actions pour construire une r\u00e9silience climatique locale. Et si les d\u00e9fis sont immenses, les solutions \u00e9mergent souvent de mani\u00e8re concr\u00e8te, chiffr\u00e9e et ancr\u00e9e [&hellip;]<\/p>\n","protected":false},"author":662,"featured_media":54464,"comment_status":"open","ping_status":"open","sticky":false,"template":"","format":"standard","meta":{"_acf_changed":false,"footnotes":""},"categories":[840,1732],"tags":[1441,1598,1804,1716,1545,808,1482,1599,1656],"class_list":["post-54372","post","type-post","status-publish","format-standard","has-post-thumbnail","hentry","category-actus","category-tourisme","tag-anguilla-fr","tag-barbade-fr","tag-bresil","tag-dominique-fr-2","tag-guadeloupe-2","tag-martinique-fr","tag-republique-dominicaine","tag-sainte-lucie-fr","tag-trinite-et-tobago-2"],"acf":[],"_links":{"self":[{"href":"https:\/\/richeskarayib.com\/fr\/wp-json\/wp\/v2\/posts\/54372","targetHints":{"allow":["GET"]}}],"collection":[{"href":"https:\/\/richeskarayib.com\/fr\/wp-json\/wp\/v2\/posts"}],"about":[{"href":"https:\/\/richeskarayib.com\/fr\/wp-json\/wp\/v2\/types\/post"}],"author":[{"embeddable":true,"href":"https:\/\/richeskarayib.com\/fr\/wp-json\/wp\/v2\/users\/662"}],"replies":[{"embeddable":true,"href":"https:\/\/richeskarayib.com\/fr\/wp-json\/wp\/v2\/comments?post=54372"}],"version-history":[{"count":0,"href":"https:\/\/richeskarayib.com\/fr\/wp-json\/wp\/v2\/posts\/54372\/revisions"}],"wp:featuredmedia":[{"embeddable":true,"href":"https:\/\/richeskarayib.com\/fr\/wp-json\/wp\/v2\/media\/54464"}],"wp:attachment":[{"href":"https:\/\/richeskarayib.com\/fr\/wp-json\/wp\/v2\/media?parent=54372"}],"wp:term":[{"taxonomy":"category","embeddable":true,"href":"https:\/\/richeskarayib.com\/fr\/wp-json\/wp\/v2\/categories?post=54372"},{"taxonomy":"post_tag","embeddable":true,"href":"https:\/\/richeskarayib.com\/fr\/wp-json\/wp\/v2\/tags?post=54372"}],"curies":[{"name":"wp","href":"https:\/\/api.w.org\/{rel}","templated":true}]}}