{"id":54503,"date":"2025-06-16T09:58:55","date_gmt":"2025-06-16T13:58:55","guid":{"rendered":"https:\/\/richeskarayib.com\/?p=54503"},"modified":"2025-06-16T09:58:55","modified_gmt":"2025-06-16T13:58:55","slug":"couronne-fierte-mister-guadeloupe-2025","status":"publish","type":"post","link":"https:\/\/richeskarayib.com\/fr\/couronne-fierte-mister-guadeloupe-2025\/","title":{"rendered":"Guadeloupe &#8211; Couronne, fiert\u00e9 et cr\u00e9olit\u00e9 : Mister Guadeloupe 2025 \u00e9crit une nouvelle page"},"content":{"rendered":"\t\t<div data-elementor-type=\"wp-post\" data-elementor-id=\"54503\" class=\"elementor elementor-54503\" data-elementor-post-type=\"post\">\n\t\t\t\t\t\t<section class=\"elementor-section elementor-top-section elementor-element elementor-element-d24c489 elementor-section-boxed elementor-section-height-default elementor-section-height-default\" data-id=\"d24c489\" data-element_type=\"section\">\n\t\t\t\t\t\t<div class=\"elementor-container elementor-column-gap-default\">\n\t\t\t\t\t<div class=\"elementor-column elementor-col-100 elementor-top-column elementor-element elementor-element-35e3e69\" data-id=\"35e3e69\" data-element_type=\"column\">\n\t\t\t<div class=\"elementor-widget-wrap elementor-element-populated\">\n\t\t\t\t\t\t<div class=\"elementor-element elementor-element-ae5e3a5 elementor-widget elementor-widget-text-editor\" data-id=\"ae5e3a5\" data-element_type=\"widget\" data-widget_type=\"text-editor.default\">\n\t\t\t\t<div class=\"elementor-widget-container\">\n\t\t\t\t\t\t\t\t\t<p><a href=\"https:\/\/hebdoantillesguyane.com\/casting-mister-guadeloupe-2025\/?utm_source=chatgpt.com\" target=\"_blank\" rel=\"noopener nofollow\"><b>Mister Guadeloupe 2025<\/b><\/a><span style=\"font-weight: 400;\"> marque le d\u00e9but d\u2019une nouvelle aventure pour douze jeunes hommes pr\u00eats \u00e0 incarner l\u2019\u00e9l\u00e9gance, la culture cr\u00e9ole et l\u2019engagement citoyen de l\u2019archipel. Sous les projecteurs de Saint-Fran\u00e7ois, la 14e \u00e9dition du concours a d\u00e9voil\u00e9 ses candidats lors d\u2019une soir\u00e9e haute en symbole, promettant une comp\u00e9tition plac\u00e9e sous le signe de l\u2019identit\u00e9 cr\u00e9ole et de la valorisation du patrimoine local.<\/span><\/p>\t\t\t\t\t\t\t\t<\/div>\n\t\t\t\t<\/div>\n\t\t\t\t\t<\/div>\n\t\t<\/div>\n\t\t\t\t\t<\/div>\n\t\t<\/section>\n\t\t\t\t<section class=\"elementor-section elementor-top-section elementor-element elementor-element-e8d332b elementor-section-boxed elementor-section-height-default elementor-section-height-default\" data-id=\"e8d332b\" data-element_type=\"section\">\n\t\t\t\t\t\t<div class=\"elementor-container elementor-column-gap-default\">\n\t\t\t\t\t<div class=\"elementor-column elementor-col-100 elementor-top-column elementor-element elementor-element-1c4c1b1\" data-id=\"1c4c1b1\" data-element_type=\"column\">\n\t\t\t<div class=\"elementor-widget-wrap elementor-element-populated\">\n\t\t\t\t\t\t<div class=\"elementor-element elementor-element-ff67a61 elementor-widget elementor-widget-heading\" data-id=\"ff67a61\" data-element_type=\"widget\" data-widget_type=\"heading.default\">\n\t\t\t\t<div class=\"elementor-widget-container\">\n\t\t\t\t\t<h2 class=\"elementor-heading-title elementor-size-default\">Pr\u00e9sentation de la 14e \u00e9dition du concours<\/h2>\t\t\t\t<\/div>\n\t\t\t\t<\/div>\n\t\t\t\t<section class=\"elementor-section elementor-inner-section elementor-element elementor-element-3bb4cca elementor-section-boxed elementor-section-height-default elementor-section-height-default\" data-id=\"3bb4cca\" data-element_type=\"section\">\n\t\t\t\t\t\t<div class=\"elementor-container elementor-column-gap-default\">\n\t\t\t\t\t<div class=\"elementor-column elementor-col-100 elementor-inner-column elementor-element elementor-element-1eba920\" data-id=\"1eba920\" data-element_type=\"column\">\n\t\t\t<div class=\"elementor-widget-wrap elementor-element-populated\">\n\t\t\t\t\t\t<div class=\"elementor-element elementor-element-716acf2 elementor-widget elementor-widget-text-editor\" data-id=\"716acf2\" data-element_type=\"widget\" data-widget_type=\"text-editor.default\">\n\t\t\t\t<div class=\"elementor-widget-container\">\n\t\t\t\t\t\t\t\t\t<h3><b>Un lancement sous le signe de la tradition et de la modernit\u00e9<\/b><\/h3>\n<p><span style=\"font-weight: 400;\">Le concours <\/span><a href=\"https:\/\/www.villesaintfrancois.fr\/evenement\/mister-guadeloupe-2025-presentation-officielle-des-12-candidats?utm_source=chatgpt.com\" target=\"_blank\" rel=\"noopener nofollow\"><b>Mister Guadeloupe 2025<\/b><\/a><span style=\"font-weight: 400;\"> a \u00e9t\u00e9 officiellement lanc\u00e9 le vendredi 13 juin sur la place de l\u2019H\u00f4tel de Ville de Saint-Fran\u00e7ois. Le public, nombreux et enthousiaste, a assist\u00e9 \u00e0 un spectacle m\u00ealant tradition et modernit\u00e9 : les candidats sont arriv\u00e9s masqu\u00e9s, sur des motos rugissantes, avant de se d\u00e9voiler un \u00e0 un. Cette mise en sc\u00e8ne, \u00e0 la fois audacieuse et symbolique, a donn\u00e9 le ton d\u2019une \u00e9dition qui souhaite marier authenticit\u00e9 et innovation.<\/span><\/p>\t\t\t\t\t\t\t\t<\/div>\n\t\t\t\t<\/div>\n\t\t\t\t\t<\/div>\n\t\t<\/div>\n\t\t\t\t\t<\/div>\n\t\t<\/section>\n\t\t\t\t<section class=\"elementor-section elementor-inner-section elementor-element elementor-element-d71ea98 elementor-section-boxed elementor-section-height-default elementor-section-height-default\" data-id=\"d71ea98\" data-element_type=\"section\">\n\t\t\t\t\t\t<div class=\"elementor-container elementor-column-gap-default\">\n\t\t\t\t\t<div class=\"elementor-column elementor-col-100 elementor-inner-column elementor-element elementor-element-e65f781\" data-id=\"e65f781\" data-element_type=\"column\">\n\t\t\t<div class=\"elementor-widget-wrap elementor-element-populated\">\n\t\t\t\t\t\t<div class=\"elementor-element elementor-element-4316b4e elementor-widget elementor-widget-image\" data-id=\"4316b4e\" data-element_type=\"widget\" data-widget_type=\"image.default\">\n\t\t\t\t<div class=\"elementor-widget-container\">\n\t\t\t\t\t\t\t\t\t\t\t\t\t\t\t<img fetchpriority=\"high\" decoding=\"async\" width=\"800\" height=\"534\" src=\"https:\/\/richeskarayib.com\/wp-content\/uploads\/2025\/06\/502911046_1241618010676550_567940558614738511_n-1024x683.jpg\" class=\"attachment-large size-large wp-image-54508\" alt=\"Mister Guadeloupe 2025\" srcset=\"https:\/\/richeskarayib.com\/wp-content\/uploads\/2025\/06\/502911046_1241618010676550_567940558614738511_n-1024x683.jpg 1024w, https:\/\/richeskarayib.com\/wp-content\/uploads\/2025\/06\/502911046_1241618010676550_567940558614738511_n-300x200.jpg 300w, https:\/\/richeskarayib.com\/wp-content\/uploads\/2025\/06\/502911046_1241618010676550_567940558614738511_n-768x512.jpg 768w, https:\/\/richeskarayib.com\/wp-content\/uploads\/2025\/06\/502911046_1241618010676550_567940558614738511_n-1536x1024.jpg 1536w, https:\/\/richeskarayib.com\/wp-content\/uploads\/2025\/06\/502911046_1241618010676550_567940558614738511_n-1320x880.jpg 1320w, https:\/\/richeskarayib.com\/wp-content\/uploads\/2025\/06\/502911046_1241618010676550_567940558614738511_n.jpg 1920w\" sizes=\"(max-width: 800px) 100vw, 800px\" \/>\t\t\t\t\t\t\t\t\t\t\t\t\t\t\t<\/div>\n\t\t\t\t<\/div>\n\t\t\t\t<div class=\"elementor-element elementor-element-ce9fff3 elementor-widget elementor-widget-image\" data-id=\"ce9fff3\" data-element_type=\"widget\" data-widget_type=\"image.default\">\n\t\t\t\t<div class=\"elementor-widget-container\">\n\t\t\t\t\t\t\t\t\t\t\t\t\t\t\t<img decoding=\"async\" width=\"800\" height=\"416\" src=\"https:\/\/richeskarayib.com\/wp-content\/uploads\/2025\/06\/image-4.jpg\" class=\"attachment-large size-large wp-image-54524\" alt=\"Mister Guadeloupe 2025\" srcset=\"https:\/\/richeskarayib.com\/wp-content\/uploads\/2025\/06\/image-4.jpg 1000w, https:\/\/richeskarayib.com\/wp-content\/uploads\/2025\/06\/image-4-300x156.jpg 300w, https:\/\/richeskarayib.com\/wp-content\/uploads\/2025\/06\/image-4-768x399.jpg 768w\" sizes=\"(max-width: 800px) 100vw, 800px\" \/>\t\t\t\t\t\t\t\t\t\t\t\t\t\t\t<\/div>\n\t\t\t\t<\/div>\n\t\t\t\t\t<\/div>\n\t\t<\/div>\n\t\t\t\t\t<\/div>\n\t\t<\/section>\n\t\t\t\t\t<\/div>\n\t\t<\/div>\n\t\t\t\t\t<\/div>\n\t\t<\/section>\n\t\t\t\t<section class=\"elementor-section elementor-top-section elementor-element elementor-element-34e72cf elementor-section-boxed elementor-section-height-default elementor-section-height-default\" data-id=\"34e72cf\" data-element_type=\"section\">\n\t\t\t\t\t\t<div class=\"elementor-container elementor-column-gap-default\">\n\t\t\t\t\t<div class=\"elementor-column elementor-col-100 elementor-top-column elementor-element elementor-element-6d7868a\" data-id=\"6d7868a\" data-element_type=\"column\">\n\t\t\t<div class=\"elementor-widget-wrap elementor-element-populated\">\n\t\t\t\t\t\t<div class=\"elementor-element elementor-element-4428903 elementor-widget elementor-widget-heading\" data-id=\"4428903\" data-element_type=\"widget\" data-widget_type=\"heading.default\">\n\t\t\t\t<div class=\"elementor-widget-container\">\n\t\t\t\t\t<h2 class=\"elementor-heading-title elementor-size-default\">Les 12 candidats : Ambassadeurs de l\u2019\u00e9l\u00e9gance cr\u00e9ole<\/h2>\t\t\t\t<\/div>\n\t\t\t\t<\/div>\n\t\t\t\t<div class=\"elementor-element elementor-element-25340a1 elementor-widget elementor-widget-text-editor\" data-id=\"25340a1\" data-element_type=\"widget\" data-widget_type=\"text-editor.default\">\n\t\t\t\t<div class=\"elementor-widget-container\">\n\t\t\t\t\t\t\t\t\t<h4><b>Portraits et ambitions des participants<\/b><\/h4>\n<p><span style=\"font-weight: 400;\">Kinsley, Fran\u00e7ois, Maxone, Arnaud, Kenny, Yannis, Djaroy, Laurent, Guy-Hendricks, Isma\u00ebl, Dylan et Ra\u00ef : douze visages, douze parcours, mais un objectif commun. Chacun de ces jeunes hommes, \u00e2g\u00e9s de 18 \u00e0 32 ans et mesurant au moins 1,75 m\u00e8tre, a \u00e9t\u00e9 s\u00e9lectionn\u00e9 pour sa prestance, son charisme et sa volont\u00e9 de repr\u00e9senter fi\u00e8rement la Guadeloupe. Leur diversit\u00e9 refl\u00e8te la richesse humaine de l\u2019archipel et offre au public une palette de talents et de personnalit\u00e9s uniques.<\/span><\/p>\n<p><span style=\"font-weight: 400;\">Derri\u00e8re chaque candidat, il y a une histoire, une passion, un engagement. Certains souhaitent promouvoir la culture locale, d\u2019autres s\u2019investissent dans des causes sociales ou sportives. Tous partagent la m\u00eame envie de devenir ambassadeur de leur \u00eele, avec l\u2019espoir de porter haut les couleurs de la Guadeloupe lors du concours <\/span><b>Mister Guadeloupe 2025<\/b><span style=\"font-weight: 400;\">.<\/span><\/p>\t\t\t\t\t\t\t\t<\/div>\n\t\t\t\t<\/div>\n\t\t\t\t<section class=\"elementor-section elementor-inner-section elementor-element elementor-element-58d0e9d elementor-section-boxed elementor-section-height-default elementor-section-height-default\" data-id=\"58d0e9d\" data-element_type=\"section\">\n\t\t\t\t\t\t<div class=\"elementor-container elementor-column-gap-default\">\n\t\t\t\t\t<div class=\"elementor-column elementor-col-100 elementor-inner-column elementor-element elementor-element-5fcacec\" data-id=\"5fcacec\" data-element_type=\"column\">\n\t\t\t<div class=\"elementor-widget-wrap elementor-element-populated\">\n\t\t\t\t\t\t<div class=\"elementor-element elementor-element-22a11f2 elementor-widget elementor-widget-image\" data-id=\"22a11f2\" data-element_type=\"widget\" data-widget_type=\"image.default\">\n\t\t\t\t<div class=\"elementor-widget-container\">\n\t\t\t\t\t\t\t\t\t\t\t\t\t\t\t<img decoding=\"async\" width=\"800\" height=\"534\" src=\"https:\/\/richeskarayib.com\/wp-content\/uploads\/2025\/06\/image-1.jpg\" class=\"attachment-large size-large wp-image-54512\" alt=\"Mister Guadeloupe 2025\" srcset=\"https:\/\/richeskarayib.com\/wp-content\/uploads\/2025\/06\/image-1.jpg 1000w, https:\/\/richeskarayib.com\/wp-content\/uploads\/2025\/06\/image-1-300x200.jpg 300w, https:\/\/richeskarayib.com\/wp-content\/uploads\/2025\/06\/image-1-768x512.jpg 768w\" sizes=\"(max-width: 800px) 100vw, 800px\" \/>\t\t\t\t\t\t\t\t\t\t\t\t\t\t\t<\/div>\n\t\t\t\t<\/div>\n\t\t\t\t\t<\/div>\n\t\t<\/div>\n\t\t\t\t\t<\/div>\n\t\t<\/section>\n\t\t\t\t\t<\/div>\n\t\t<\/div>\n\t\t\t\t\t<\/div>\n\t\t<\/section>\n\t\t\t\t<section class=\"elementor-section elementor-top-section elementor-element elementor-element-6ee5f12 elementor-section-boxed elementor-section-height-default elementor-section-height-default\" data-id=\"6ee5f12\" data-element_type=\"section\">\n\t\t\t\t\t\t<div class=\"elementor-container elementor-column-gap-default\">\n\t\t\t\t\t<div class=\"elementor-column elementor-col-100 elementor-top-column elementor-element elementor-element-a641372\" data-id=\"a641372\" data-element_type=\"column\">\n\t\t\t<div class=\"elementor-widget-wrap elementor-element-populated\">\n\t\t\t\t\t\t<div class=\"elementor-element elementor-element-f68a3e7 elementor-widget elementor-widget-heading\" data-id=\"f68a3e7\" data-element_type=\"widget\" data-widget_type=\"heading.default\">\n\t\t\t\t<div class=\"elementor-widget-container\">\n\t\t\t\t\t<h2 class=\"elementor-heading-title elementor-size-default\">L\u2019identit\u00e9 cr\u00e9ole \u00e0 l\u2019honneur<\/h2>\t\t\t\t<\/div>\n\t\t\t\t<\/div>\n\t\t\t\t<div class=\"elementor-element elementor-element-bb7745d elementor-widget elementor-widget-text-editor\" data-id=\"bb7745d\" data-element_type=\"widget\" data-widget_type=\"text-editor.default\">\n\t\t\t\t<div class=\"elementor-widget-container\">\n\t\t\t\t\t\t\t\t\t<h3><b>Un th\u00e8me porteur de sens pour la jeunesse guadeloup\u00e9enne<\/b><\/h3>\n<p><span style=\"font-weight: 400;\">Le th\u00e8me de cette \u00e9dition, \u00ab Identit\u00e9 cr\u00e9ole : richesses culturelles et patrimoine de Guadeloupe \u00bb, invite \u00e0 d\u00e9passer la simple apparence. <\/span><b>Mister Guadeloupe 2025<\/b><span style=\"font-weight: 400;\"> se veut une plateforme de valorisation culturelle et d\u2019engagement social. Il s\u2019agit de mettre en lumi\u00e8re la diversit\u00e9, la cr\u00e9ativit\u00e9 et la fiert\u00e9 d\u2019appartenir \u00e0 cette terre unique, tout en transmettant des valeurs fortes \u00e0 la jeunesse guadeloup\u00e9enne.<\/span><\/p>\t\t\t\t\t\t\t\t<\/div>\n\t\t\t\t<\/div>\n\t\t\t\t<section class=\"elementor-section elementor-inner-section elementor-element elementor-element-b0b1a37 elementor-section-boxed elementor-section-height-default elementor-section-height-default\" data-id=\"b0b1a37\" data-element_type=\"section\">\n\t\t\t\t\t\t<div class=\"elementor-container elementor-column-gap-default\">\n\t\t\t\t\t<div class=\"elementor-column elementor-col-100 elementor-inner-column elementor-element elementor-element-701563f\" data-id=\"701563f\" data-element_type=\"column\">\n\t\t\t<div class=\"elementor-widget-wrap elementor-element-populated\">\n\t\t\t\t\t\t<div class=\"elementor-element elementor-element-3c3fed4 elementor-widget elementor-widget-image\" data-id=\"3c3fed4\" data-element_type=\"widget\" data-widget_type=\"image.default\">\n\t\t\t\t<div class=\"elementor-widget-container\">\n\t\t\t\t\t\t\t\t\t\t\t\t\t\t\t<img loading=\"lazy\" decoding=\"async\" width=\"800\" height=\"443\" src=\"https:\/\/richeskarayib.com\/wp-content\/uploads\/2025\/06\/image-3.jpg\" class=\"attachment-large size-large wp-image-54516\" alt=\"Mister Guadeloupe 2025\" srcset=\"https:\/\/richeskarayib.com\/wp-content\/uploads\/2025\/06\/image-3.jpg 1000w, https:\/\/richeskarayib.com\/wp-content\/uploads\/2025\/06\/image-3-300x166.jpg 300w, https:\/\/richeskarayib.com\/wp-content\/uploads\/2025\/06\/image-3-768x425.jpg 768w\" sizes=\"(max-width: 800px) 100vw, 800px\" \/>\t\t\t\t\t\t\t\t\t\t\t\t\t\t\t<\/div>\n\t\t\t\t<\/div>\n\t\t\t\t\t<\/div>\n\t\t<\/div>\n\t\t\t\t\t<\/div>\n\t\t<\/section>\n\t\t\t\t<div class=\"elementor-element elementor-element-ef8a3e1 elementor-widget elementor-widget-text-editor\" data-id=\"ef8a3e1\" data-element_type=\"widget\" data-widget_type=\"text-editor.default\">\n\t\t\t\t<div class=\"elementor-widget-container\">\n\t\t\t\t\t\t\t\t\t<h3><b>Valorisation du patrimoine culturel<\/b><\/h3>\n<p><span style=\"font-weight: 400;\">La soir\u00e9e d\u2019ouverture a \u00e9t\u00e9 marqu\u00e9e par des prestations du groupe traditionnel Chal\u00e8 et de la chanteuse Melshane, qui ont apport\u00e9 une touche d\u2019authenticit\u00e9 et d\u2019\u00e9motion \u00e0 l\u2019\u00e9v\u00e9nement. Ce choix artistique souligne la volont\u00e9 des organisateurs de faire du concours <\/span><b>Mister Guadeloupe 2025<\/b><span style=\"font-weight: 400;\"> un v\u00e9ritable vecteur de transmission culturelle, o\u00f9 chaque candidat devient, \u00e0 sa mani\u00e8re, un passeur de m\u00e9moire et d\u2019identit\u00e9.<\/span><\/p>\t\t\t\t\t\t\t\t<\/div>\n\t\t\t\t<\/div>\n\t\t\t\t<section class=\"elementor-section elementor-inner-section elementor-element elementor-element-2be252a elementor-section-boxed elementor-section-height-default elementor-section-height-default\" data-id=\"2be252a\" data-element_type=\"section\">\n\t\t\t\t\t\t<div class=\"elementor-container elementor-column-gap-default\">\n\t\t\t\t\t<div class=\"elementor-column elementor-col-100 elementor-inner-column elementor-element elementor-element-c81e4e8\" data-id=\"c81e4e8\" data-element_type=\"column\">\n\t\t\t<div class=\"elementor-widget-wrap elementor-element-populated\">\n\t\t\t\t\t\t<div class=\"elementor-element elementor-element-52f4896 elementor-widget elementor-widget-image\" data-id=\"52f4896\" data-element_type=\"widget\" data-widget_type=\"image.default\">\n\t\t\t\t<div class=\"elementor-widget-container\">\n\t\t\t\t\t\t\t\t\t\t\t\t\t\t\t<img loading=\"lazy\" decoding=\"async\" width=\"800\" height=\"728\" src=\"https:\/\/richeskarayib.com\/wp-content\/uploads\/2025\/06\/image-5.jpg\" class=\"attachment-large size-large wp-image-54520\" alt=\"Mister Guadeloupe 2025\" srcset=\"https:\/\/richeskarayib.com\/wp-content\/uploads\/2025\/06\/image-5.jpg 1000w, https:\/\/richeskarayib.com\/wp-content\/uploads\/2025\/06\/image-5-300x273.jpg 300w, https:\/\/richeskarayib.com\/wp-content\/uploads\/2025\/06\/image-5-768x699.jpg 768w\" sizes=\"(max-width: 800px) 100vw, 800px\" \/>\t\t\t\t\t\t\t\t\t\t\t\t\t\t\t<\/div>\n\t\t\t\t<\/div>\n\t\t\t\t\t<\/div>\n\t\t<\/div>\n\t\t\t\t\t<\/div>\n\t\t<\/section>\n\t\t\t\t\t<\/div>\n\t\t<\/div>\n\t\t\t\t\t<\/div>\n\t\t<\/section>\n\t\t\t\t<section class=\"elementor-section elementor-top-section elementor-element elementor-element-3756bbb elementor-section-boxed elementor-section-height-default elementor-section-height-default\" data-id=\"3756bbb\" data-element_type=\"section\">\n\t\t\t\t\t\t<div class=\"elementor-container elementor-column-gap-default\">\n\t\t\t\t\t<div class=\"elementor-column elementor-col-100 elementor-top-column elementor-element elementor-element-df79712\" data-id=\"df79712\" data-element_type=\"column\">\n\t\t\t<div class=\"elementor-widget-wrap elementor-element-populated\">\n\t\t\t\t\t\t<div class=\"elementor-element elementor-element-782f801 elementor-widget elementor-widget-heading\" data-id=\"782f801\" data-element_type=\"widget\" data-widget_type=\"heading.default\">\n\t\t\t\t<div class=\"elementor-widget-container\">\n\t\t\t\t\t<h2 class=\"elementor-heading-title elementor-size-default\">Un tremplin vers Mister France<\/h2>\t\t\t\t<\/div>\n\t\t\t\t<\/div>\n\t\t\t\t<div class=\"elementor-element elementor-element-8492aa2 elementor-widget elementor-widget-text-editor\" data-id=\"8492aa2\" data-element_type=\"widget\" data-widget_type=\"text-editor.default\">\n\t\t\t\t<div class=\"elementor-widget-container\">\n\t\t\t\t\t\t\t\t\t<h4><b>L\u2019ambition nationale du comit\u00e9 Mister Guadeloupe<\/b><\/h4>\n<p><span style=\"font-weight: 400;\">Le concours <\/span><b>Mister Guadeloupe 2025<\/b><span style=\"font-weight: 400;\"> ne s\u2019arr\u00eate pas \u00e0 l\u2019\u00e9chelle locale. Sous la houlette de Mickael Viomesnil, pr\u00e9sident et chor\u00e9graphe du comit\u00e9, et de Jo\u00ebl-Xavier Sylvestre, vice-pr\u00e9sident charg\u00e9 des relations publiques, l\u2019organisation affiche une ambition claire : d\u00e9crocher la couronne nationale \u00e0 Paris. Apr\u00e8s deux titres de 2e dauphin \u00e0 Mister France, la Guadeloupe r\u00eave d\u00e9sormais de la victoire supr\u00eame.<\/span><\/p>\n<p><span style=\"font-weight: 400;\">Le laur\u00e9at de cette \u00e9dition repr\u00e9sentera l\u2019archipel lors du concours Mister France 2026, pr\u00e9vu le 26 janvier \u00e0 Paris. Il succ\u00e9dera \u00e0 Jo\u00e9lick Schol, <\/span><b>Mister Guadeloupe 2024<\/b><span style=\"font-weight: 400;\">, et portera fi\u00e8rement les valeurs de l\u2019\u00eele sur la sc\u00e8ne nationale. <\/span><b>Mister Guadeloupe 2025<\/b><span style=\"font-weight: 400;\"> pourrait bien \u00eatre l\u2019\u00e9dition du tournant.<\/span><\/p>\t\t\t\t\t\t\t\t<\/div>\n\t\t\t\t<\/div>\n\t\t\t\t\t<\/div>\n\t\t<\/div>\n\t\t\t\t\t<\/div>\n\t\t<\/section>\n\t\t\t\t<section class=\"elementor-section elementor-top-section elementor-element elementor-element-5b928cf elementor-section-boxed elementor-section-height-default elementor-section-height-default\" data-id=\"5b928cf\" data-element_type=\"section\">\n\t\t\t\t\t\t<div class=\"elementor-container elementor-column-gap-default\">\n\t\t\t\t\t<div class=\"elementor-column elementor-col-100 elementor-top-column elementor-element elementor-element-587c274\" data-id=\"587c274\" data-element_type=\"column\">\n\t\t\t<div class=\"elementor-widget-wrap elementor-element-populated\">\n\t\t\t\t\t\t<div class=\"elementor-element elementor-element-2047da4 elementor-widget elementor-widget-heading\" data-id=\"2047da4\" data-element_type=\"widget\" data-widget_type=\"heading.default\">\n\t\t\t\t<div class=\"elementor-widget-container\">\n\t\t\t\t\t<h2 class=\"elementor-heading-title elementor-size-default\">Le concours, une aventure humaine et citoyenne\n<\/h2>\t\t\t\t<\/div>\n\t\t\t\t<\/div>\n\t\t\t\t<div class=\"elementor-element elementor-element-994871c elementor-widget elementor-widget-text-editor\" data-id=\"994871c\" data-element_type=\"widget\" data-widget_type=\"text-editor.default\">\n\t\t\t\t<div class=\"elementor-widget-container\">\n\t\t\t\t\t\t\t\t\t<h3><b>Engagement, transmission et fiert\u00e9 locale<\/b><\/h3>\n<p><b>Mister Guadeloupe 2025<\/b><span style=\"font-weight: 400;\">, c\u2019est bien plus qu\u2019un concours de beaut\u00e9. C\u2019est une aventure humaine, ponctu\u00e9e de rencontres, de d\u00e9fis et de partages. Les candidats b\u00e9n\u00e9ficient d\u2019une pr\u00e9paration intensive, m\u00ealant ateliers de d\u00e9veloppement personnel, d\u00e9couvertes culturelles, sportives et touristiques. Ils sont accompagn\u00e9s tout au long de leur parcours pour devenir de v\u00e9ritables ambassadeurs, capables de d\u00e9fendre les valeurs de charme, d\u2019\u00e9l\u00e9gance et de savoir-\u00eatre propres \u00e0 la Guadeloupe.<\/span><\/p>\t\t\t\t\t\t\t\t<\/div>\n\t\t\t\t<\/div>\n\t\t\t\t<div class=\"elementor-element elementor-element-6d78b50 elementor-widget elementor-widget-text-editor\" data-id=\"6d78b50\" data-element_type=\"widget\" data-widget_type=\"text-editor.default\">\n\t\t\t\t<div class=\"elementor-widget-container\">\n\t\t\t\t\t\t\t\t\t<p><span style=\"font-weight: 400;\">Comme l\u2019a soulign\u00e9 Jean Su\u00e9dois, premier adjoint au maire de Saint-Fran\u00e7ois, \u00ab ce concours est avant tout un vecteur de fiert\u00e9, d\u2019identit\u00e9 et de transmission \u00bb. Il permet \u00e0 la jeunesse guadeloup\u00e9enne de s\u2019affirmer, de s\u2019engager et de porter un message positif, tant sur le plan local que national. \u00c0 travers <\/span><b>Mister Guadeloupe 2025<\/b><span style=\"font-weight: 400;\">, c\u2019est tout un archipel qui affirme ses couleurs.<\/span><\/p>\t\t\t\t\t\t\t\t<\/div>\n\t\t\t\t<\/div>\n\t\t\t\t<section class=\"elementor-section elementor-inner-section elementor-element elementor-element-c50ecfa elementor-section-boxed elementor-section-height-default elementor-section-height-default\" data-id=\"c50ecfa\" data-element_type=\"section\">\n\t\t\t\t\t\t<div class=\"elementor-container elementor-column-gap-default\">\n\t\t\t\t\t<div class=\"elementor-column elementor-col-100 elementor-inner-column elementor-element elementor-element-ce37bb3\" data-id=\"ce37bb3\" data-element_type=\"column\">\n\t\t\t<div class=\"elementor-widget-wrap elementor-element-populated\">\n\t\t\t\t\t\t<div class=\"elementor-element elementor-element-653790d elementor-widget elementor-widget-image\" data-id=\"653790d\" data-element_type=\"widget\" data-widget_type=\"image.default\">\n\t\t\t\t<div class=\"elementor-widget-container\">\n\t\t\t\t\t\t\t\t\t\t\t\t\t\t\t<img loading=\"lazy\" decoding=\"async\" width=\"800\" height=\"532\" src=\"https:\/\/richeskarayib.com\/wp-content\/uploads\/2025\/06\/image-2.jpg\" class=\"attachment-large size-large wp-image-54528\" alt=\"Mister Guadeloupe 2025\" srcset=\"https:\/\/richeskarayib.com\/wp-content\/uploads\/2025\/06\/image-2.jpg 1000w, https:\/\/richeskarayib.com\/wp-content\/uploads\/2025\/06\/image-2-300x200.jpg 300w, https:\/\/richeskarayib.com\/wp-content\/uploads\/2025\/06\/image-2-768x511.jpg 768w\" sizes=\"(max-width: 800px) 100vw, 800px\" \/>\t\t\t\t\t\t\t\t\t\t\t\t\t\t\t<\/div>\n\t\t\t\t<\/div>\n\t\t\t\t\t<\/div>\n\t\t<\/div>\n\t\t\t\t\t<\/div>\n\t\t<\/section>\n\t\t\t\t\t<\/div>\n\t\t<\/div>\n\t\t\t\t\t<\/div>\n\t\t<\/section>\n\t\t\t\t<section class=\"elementor-section elementor-top-section elementor-element elementor-element-81f3b33 elementor-section-boxed elementor-section-height-default elementor-section-height-default\" data-id=\"81f3b33\" data-element_type=\"section\">\n\t\t\t\t\t\t<div class=\"elementor-container elementor-column-gap-default\">\n\t\t\t\t\t<div class=\"elementor-column elementor-col-100 elementor-top-column elementor-element elementor-element-f2b076f\" data-id=\"f2b076f\" data-element_type=\"column\">\n\t\t\t<div class=\"elementor-widget-wrap elementor-element-populated\">\n\t\t\t\t\t\t<div class=\"elementor-element elementor-element-0fd71b2 elementor-widget elementor-widget-text-editor\" data-id=\"0fd71b2\" data-element_type=\"widget\" data-widget_type=\"text-editor.default\">\n\t\t\t\t<div class=\"elementor-widget-container\">\n\t\t\t\t\t\t\t\t\t<p><b>Mister <a href=\"https:\/\/richeskarayib.com\/fr\/dix-visages-de-miss-guadeloupe-2025-devoiles\/\" target=\"_blank\" rel=\"noopener\">Guadeloupe<\/a> 2025<\/b><span style=\"font-weight: 400;\"> s\u2019impose comme un \u00e9v\u00e9nement phare, o\u00f9 l\u2019\u00e9l\u00e9gance masculine rime avec engagement citoyen et valorisation du patrimoine cr\u00e9ole. Les douze candidats, v\u00e9ritables ambassadeurs de leur \u00eele, incarnent la diversit\u00e9, la cr\u00e9ativit\u00e9 et la fiert\u00e9 de la Guadeloupe. Au-del\u00e0 de la comp\u00e9tition, c\u2019est une aventure humaine, culturelle et sociale qui s\u2019\u00e9crit, avec en ligne de mire la sc\u00e8ne nationale de Mister France 2026. Rendez-vous le 16 ao\u00fbt 2025 pour d\u00e9couvrir qui portera la couronne et d\u00e9fendra les couleurs de l\u2019archipel \u00e0 Paris.<\/span><\/p>\t\t\t\t\t\t\t\t<\/div>\n\t\t\t\t<\/div>\n\t\t\t\t\t<\/div>\n\t\t<\/div>\n\t\t\t\t\t<\/div>\n\t\t<\/section>\n\t\t\t\t<\/div>\n\t\t","protected":false},"excerpt":{"rendered":"<p>Mister Guadeloupe 2025 marque le d\u00e9but d\u2019une nouvelle aventure pour douze jeunes hommes pr\u00eats \u00e0 incarner l\u2019\u00e9l\u00e9gance, la culture cr\u00e9ole et l\u2019engagement citoyen de l\u2019archipel. Sous les projecteurs de Saint-Fran\u00e7ois, la 14e \u00e9dition du concours a d\u00e9voil\u00e9 ses candidats lors d\u2019une soir\u00e9e haute en symbole, promettant une comp\u00e9tition plac\u00e9e sous le signe de l\u2019identit\u00e9 cr\u00e9ole [&hellip;]<\/p>\n","protected":false},"author":662,"featured_media":54504,"comment_status":"open","ping_status":"open","sticky":false,"template":"","format":"standard","meta":{"_acf_changed":false,"footnotes":""},"categories":[840,1501],"tags":[1545],"class_list":["post-54503","post","type-post","status-publish","format-standard","has-post-thumbnail","hentry","category-actus","category-mode","tag-guadeloupe-2"],"acf":[],"_links":{"self":[{"href":"https:\/\/richeskarayib.com\/fr\/wp-json\/wp\/v2\/posts\/54503","targetHints":{"allow":["GET"]}}],"collection":[{"href":"https:\/\/richeskarayib.com\/fr\/wp-json\/wp\/v2\/posts"}],"about":[{"href":"https:\/\/richeskarayib.com\/fr\/wp-json\/wp\/v2\/types\/post"}],"author":[{"embeddable":true,"href":"https:\/\/richeskarayib.com\/fr\/wp-json\/wp\/v2\/users\/662"}],"replies":[{"embeddable":true,"href":"https:\/\/richeskarayib.com\/fr\/wp-json\/wp\/v2\/comments?post=54503"}],"version-history":[{"count":0,"href":"https:\/\/richeskarayib.com\/fr\/wp-json\/wp\/v2\/posts\/54503\/revisions"}],"wp:featuredmedia":[{"embeddable":true,"href":"https:\/\/richeskarayib.com\/fr\/wp-json\/wp\/v2\/media\/54504"}],"wp:attachment":[{"href":"https:\/\/richeskarayib.com\/fr\/wp-json\/wp\/v2\/media?parent=54503"}],"wp:term":[{"taxonomy":"category","embeddable":true,"href":"https:\/\/richeskarayib.com\/fr\/wp-json\/wp\/v2\/categories?post=54503"},{"taxonomy":"post_tag","embeddable":true,"href":"https:\/\/richeskarayib.com\/fr\/wp-json\/wp\/v2\/tags?post=54503"}],"curies":[{"name":"wp","href":"https:\/\/api.w.org\/{rel}","templated":true}]}}