{"id":54705,"date":"2025-06-18T13:37:18","date_gmt":"2025-06-18T17:37:18","guid":{"rendered":"https:\/\/richeskarayib.com\/?p=54705"},"modified":"2025-06-18T13:37:18","modified_gmt":"2025-06-18T17:37:18","slug":"festival-de-la-gastronomie-de-saint-martin","status":"publish","type":"post","link":"https:\/\/richeskarayib.com\/fr\/festival-de-la-gastronomie-de-saint-martin\/","title":{"rendered":"Festival de la Gastronomie de Saint-Martin 2025 : Quand l&#8217;\u00eele c\u00e9l\u00e8bre ses saveurs avec passion."},"content":{"rendered":"\t\t<div data-elementor-type=\"wp-post\" data-elementor-id=\"54705\" class=\"elementor elementor-54705\" data-elementor-post-type=\"post\">\n\t\t\t\t\t\t<section class=\"elementor-section elementor-top-section elementor-element elementor-element-d24c489 elementor-section-boxed elementor-section-height-default elementor-section-height-default\" data-id=\"d24c489\" data-element_type=\"section\">\n\t\t\t\t\t\t<div class=\"elementor-container elementor-column-gap-default\">\n\t\t\t\t\t<div class=\"elementor-column elementor-col-100 elementor-top-column elementor-element elementor-element-35e3e69\" data-id=\"35e3e69\" data-element_type=\"column\">\n\t\t\t<div class=\"elementor-widget-wrap elementor-element-populated\">\n\t\t\t\t\t\t<div class=\"elementor-element elementor-element-ae5e3a5 elementor-widget elementor-widget-text-editor\" data-id=\"ae5e3a5\" data-element_type=\"widget\" data-widget_type=\"text-editor.default\">\n\t\t\t\t<div class=\"elementor-widget-container\">\n\t\t\t\t\t\t\t\t\t<p><span style=\"font-weight: 400;\">Et si une \u00eele pouvait se raconter \u00e0 travers ses ar\u00f4mes, ses recettes et ses chefs ? Le <a href=\"https:\/\/www.festival-st-martin.com\/\" target=\"_blank\" rel=\"noopener nofollow\">Festival de la Gastronomie de Saint-Martin 2025<\/a> en est la preuve. Du 11 au 22 novembre, la partie fran\u00e7aise de l\u2019\u00eele se transforme en un immense laboratoire du go\u00fbt, o\u00f9 la tradition c\u00f4toie l\u2019audace, et o\u00f9 le fruit de la passion devient la muse de toutes les cr\u00e9ations. Ce rendez-vous annuel ne se contente pas de flatter les papilles : il mobilise une communaut\u00e9 d\u2019artisans, de formateurs, de cr\u00e9ateurs et de curieux, tous unis autour d\u2019un art culinaire profond\u00e9ment ancr\u00e9 dans l\u2019identit\u00e9 de Saint-Martin.<\/span><\/p>\t\t\t\t\t\t\t\t<\/div>\n\t\t\t\t<\/div>\n\t\t\t\t\t<\/div>\n\t\t<\/div>\n\t\t\t\t\t<\/div>\n\t\t<\/section>\n\t\t\t\t<section class=\"elementor-section elementor-top-section elementor-element elementor-element-e8d332b elementor-section-boxed elementor-section-height-default elementor-section-height-default\" data-id=\"e8d332b\" data-element_type=\"section\">\n\t\t\t\t\t\t<div class=\"elementor-container elementor-column-gap-default\">\n\t\t\t\t\t<div class=\"elementor-column elementor-col-100 elementor-top-column elementor-element elementor-element-1c4c1b1\" data-id=\"1c4c1b1\" data-element_type=\"column\">\n\t\t\t<div class=\"elementor-widget-wrap elementor-element-populated\">\n\t\t\t\t\t\t<div class=\"elementor-element elementor-element-ff67a61 elementor-widget elementor-widget-heading\" data-id=\"ff67a61\" data-element_type=\"widget\" data-widget_type=\"heading.default\">\n\t\t\t\t<div class=\"elementor-widget-container\">\n\t\t\t\t\t<h2 class=\"elementor-heading-title elementor-size-default\">Un \u00e9v\u00e9nement culinaire structurant et inspirant<\/h2>\t\t\t\t<\/div>\n\t\t\t\t<\/div>\n\t\t\t\t<section class=\"elementor-section elementor-inner-section elementor-element elementor-element-3bb4cca elementor-section-boxed elementor-section-height-default elementor-section-height-default\" data-id=\"3bb4cca\" data-element_type=\"section\">\n\t\t\t\t\t\t<div class=\"elementor-container elementor-column-gap-default\">\n\t\t\t\t\t<div class=\"elementor-column elementor-col-100 elementor-inner-column elementor-element elementor-element-1eba920\" data-id=\"1eba920\" data-element_type=\"column\">\n\t\t\t<div class=\"elementor-widget-wrap elementor-element-populated\">\n\t\t\t\t\t\t<div class=\"elementor-element elementor-element-716acf2 elementor-widget elementor-widget-text-editor\" data-id=\"716acf2\" data-element_type=\"widget\" data-widget_type=\"text-editor.default\">\n\t\t\t\t<div class=\"elementor-widget-container\">\n\t\t\t\t\t\t\t\t\t<p><span style=\"font-weight: 400;\">Bien plus qu\u2019un simple festival gastronomique, le <a href=\"https:\/\/www.instagram.com\/stmartinfoodfestival\/\" target=\"_blank\" rel=\"noopener nofollow\">Festival de la Gastronomie de Saint-Martin 2025<\/a> s\u2019affirme comme l&#8217;un des piliers du d\u00e9veloppement culturel et \u00e9conomique de l\u2019\u00eele. \u00c0 travers une programmation riche et f\u00e9d\u00e9ratrice, il fait rayonner les talents locaux, accueille des chefs venus d\u2019Afrique, d\u2019Europe, des \u00c9tats-Unis et de toute la <a href=\"https:\/\/richeskarayib.com\/fr\/antigua-and-barbuda-destination-culinaire\/\" target=\"_blank\" rel=\"noopener\">Cara\u00efbe<\/a>, tout en formant la nouvelle g\u00e9n\u00e9ration de cuisiniers et de restaurateurs. Cette cinqui\u00e8me \u00e9dition promet une immersion sensorielle \u00e0 part enti\u00e8re, sous le signe du fruit de la passion.<\/span><\/p>\t\t\t\t\t\t\t\t<\/div>\n\t\t\t\t<\/div>\n\t\t\t\t\t<\/div>\n\t\t<\/div>\n\t\t\t\t\t<\/div>\n\t\t<\/section>\n\t\t\t\t<section class=\"elementor-section elementor-inner-section elementor-element elementor-element-96db0b6 elementor-section-boxed elementor-section-height-default elementor-section-height-default\" data-id=\"96db0b6\" data-element_type=\"section\">\n\t\t\t\t\t\t<div class=\"elementor-container elementor-column-gap-default\">\n\t\t\t\t\t<div class=\"elementor-column elementor-col-50 elementor-inner-column elementor-element elementor-element-51463d7\" data-id=\"51463d7\" data-element_type=\"column\">\n\t\t\t<div class=\"elementor-widget-wrap elementor-element-populated\">\n\t\t\t\t\t\t<div class=\"elementor-element elementor-element-4aae4f8 elementor-widget elementor-widget-image\" data-id=\"4aae4f8\" data-element_type=\"widget\" data-widget_type=\"image.default\">\n\t\t\t\t<div class=\"elementor-widget-container\">\n\t\t\t\t\t\t\t\t\t\t\t\t<figure class=\"wp-caption\">\n\t\t\t\t\t\t\t\t\t\t<img fetchpriority=\"high\" decoding=\"async\" width=\"800\" height=\"534\" src=\"https:\/\/richeskarayib.com\/wp-content\/uploads\/2025\/06\/Wine-Cheese-pairing-1024x683.webp\" class=\"attachment-large size-large wp-image-54751\" alt=\"Festival de la Gastronomie de Saint-Martin\" srcset=\"https:\/\/richeskarayib.com\/wp-content\/uploads\/2025\/06\/Wine-Cheese-pairing-1024x683.webp 1024w, https:\/\/richeskarayib.com\/wp-content\/uploads\/2025\/06\/Wine-Cheese-pairing-300x200.webp 300w, https:\/\/richeskarayib.com\/wp-content\/uploads\/2025\/06\/Wine-Cheese-pairing-768x512.webp 768w, https:\/\/richeskarayib.com\/wp-content\/uploads\/2025\/06\/Wine-Cheese-pairing-1536x1024.webp 1536w, https:\/\/richeskarayib.com\/wp-content\/uploads\/2025\/06\/Wine-Cheese-pairing-1320x880.webp 1320w, https:\/\/richeskarayib.com\/wp-content\/uploads\/2025\/06\/Wine-Cheese-pairing.webp 1920w\" sizes=\"(max-width: 800px) 100vw, 800px\" \/>\t\t\t\t\t\t\t\t\t\t\t<figcaption class=\"widget-image-caption wp-caption-text\">\u00a9Festival de la Gastronomie de Saint-Martin<\/figcaption>\n\t\t\t\t\t\t\t\t\t\t<\/figure>\n\t\t\t\t\t\t\t\t\t<\/div>\n\t\t\t\t<\/div>\n\t\t\t\t\t<\/div>\n\t\t<\/div>\n\t\t\t\t<div class=\"elementor-column elementor-col-50 elementor-inner-column elementor-element elementor-element-90b10e8\" data-id=\"90b10e8\" data-element_type=\"column\">\n\t\t\t<div class=\"elementor-widget-wrap elementor-element-populated\">\n\t\t\t\t\t\t<div class=\"elementor-element elementor-element-23b9ffa elementor-widget elementor-widget-image\" data-id=\"23b9ffa\" data-element_type=\"widget\" data-widget_type=\"image.default\">\n\t\t\t\t<div class=\"elementor-widget-container\">\n\t\t\t\t\t\t\t\t\t\t\t\t<figure class=\"wp-caption\">\n\t\t\t\t\t\t\t\t\t\t<img decoding=\"async\" width=\"800\" height=\"534\" src=\"https:\/\/richeskarayib.com\/wp-content\/uploads\/2025\/06\/Competition-des-food-trucks-1024x683.webp\" class=\"attachment-large size-large wp-image-54755\" alt=\"Festival de la Gastronomie de Saint-Martin\" srcset=\"https:\/\/richeskarayib.com\/wp-content\/uploads\/2025\/06\/Competition-des-food-trucks-1024x683.webp 1024w, https:\/\/richeskarayib.com\/wp-content\/uploads\/2025\/06\/Competition-des-food-trucks-300x200.webp 300w, https:\/\/richeskarayib.com\/wp-content\/uploads\/2025\/06\/Competition-des-food-trucks-768x512.webp 768w, https:\/\/richeskarayib.com\/wp-content\/uploads\/2025\/06\/Competition-des-food-trucks-1536x1024.webp 1536w, https:\/\/richeskarayib.com\/wp-content\/uploads\/2025\/06\/Competition-des-food-trucks-1320x880.webp 1320w, https:\/\/richeskarayib.com\/wp-content\/uploads\/2025\/06\/Competition-des-food-trucks.webp 1920w\" sizes=\"(max-width: 800px) 100vw, 800px\" \/>\t\t\t\t\t\t\t\t\t\t\t<figcaption class=\"widget-image-caption wp-caption-text\">\u00a9Festival de la Gastronomie de Saint-Martin<\/figcaption>\n\t\t\t\t\t\t\t\t\t\t<\/figure>\n\t\t\t\t\t\t\t\t\t<\/div>\n\t\t\t\t<\/div>\n\t\t\t\t\t<\/div>\n\t\t<\/div>\n\t\t\t\t\t<\/div>\n\t\t<\/section>\n\t\t\t\t\t<\/div>\n\t\t<\/div>\n\t\t\t\t\t<\/div>\n\t\t<\/section>\n\t\t\t\t<section class=\"elementor-section elementor-top-section elementor-element elementor-element-34e72cf elementor-section-boxed elementor-section-height-default elementor-section-height-default\" data-id=\"34e72cf\" data-element_type=\"section\">\n\t\t\t\t\t\t<div class=\"elementor-container elementor-column-gap-default\">\n\t\t\t\t\t<div class=\"elementor-column elementor-col-100 elementor-top-column elementor-element elementor-element-6d7868a\" data-id=\"6d7868a\" data-element_type=\"column\">\n\t\t\t<div class=\"elementor-widget-wrap elementor-element-populated\">\n\t\t\t\t\t\t<div class=\"elementor-element elementor-element-4428903 elementor-widget elementor-widget-heading\" data-id=\"4428903\" data-element_type=\"widget\" data-widget_type=\"heading.default\">\n\t\t\t\t<div class=\"elementor-widget-container\">\n\t\t\t\t\t<h2 class=\"elementor-heading-title elementor-size-default\">Un programme dense et accessible \u00e0 tous<\/h2>\t\t\t\t<\/div>\n\t\t\t\t<\/div>\n\t\t\t\t<div class=\"elementor-element elementor-element-25340a1 elementor-widget elementor-widget-text-editor\" data-id=\"25340a1\" data-element_type=\"widget\" data-widget_type=\"text-editor.default\">\n\t\t\t\t<div class=\"elementor-widget-container\">\n\t\t\t\t\t\t\t\t\t<p><span style=\"font-weight: 400;\"><a href=\"https:\/\/www.guadeloupe.franceantilles.fr\/actualite\/economie\/saint-martin-annonce-sa-5e-edition-du-festival-de-la-gastronomie-1039743.php\" target=\"_blank\" rel=\"noopener nofollow\">Le Festival de la Gastronomie de Saint-Martin 2025<\/a> commence d\u00e8s le 9 novembre avec \u00ab Taste of Sunrise \u00bb, un petit-d\u00e9jeuner face \u00e0 la mer, port\u00e9 par les rythmes carib\u00e9ens et accompagn\u00e9 d\u2019un jus de fruit de la passion. Le lancement officiel se tiendra le 10 novembre sur le boulevard de Grand Case, v\u00e9ritable vitrine vivante de la richesse culinaire locale, ponctu\u00e9e de concerts et d\u2019animations.<\/span><\/p>\t\t\t\t\t\t\t\t<\/div>\n\t\t\t\t<\/div>\n\t\t\t\t<div class=\"elementor-element elementor-element-1568d5b elementor-widget elementor-widget-text-editor\" data-id=\"1568d5b\" data-element_type=\"widget\" data-widget_type=\"text-editor.default\">\n\t\t\t\t<div class=\"elementor-widget-container\">\n\t\t\t\t\t\t\t\t\t<p><span style=\"font-weight: 400;\">Parmi les moments forts du festival :<\/span><\/p><ul><li style=\"list-style-type: none;\"><ul><li style=\"font-weight: 400;\" aria-level=\"1\"><span style=\"font-weight: 400;\">Les menus d\u00e9couverte dans les restaurants du 11 au 22 novembre.<\/span><\/li><li style=\"font-weight: 400;\" aria-level=\"1\"><span style=\"font-weight: 400;\">Le Wine &amp; Cheese Pairing du 12 novembre, anim\u00e9 par des sommeliers passionn\u00e9s.<\/span><\/li><li style=\"font-weight: 400;\" aria-level=\"1\"><span style=\"font-weight: 400;\">Les d\u00eeners \u00e0 4 mains, les 12 et 13 novembre, r\u00e9unissant chefs locaux et invit\u00e9s pour des cr\u00e9ations in\u00e9dites.<\/span><\/li><li style=\"font-weight: 400;\" aria-level=\"1\"><span style=\"font-weight: 400;\">Les comp\u00e9titions : chefs priv\u00e9s, food trucks, barbecue, desserts, lyc\u00e9ens, mixologues et restaurateurs, toutes anim\u00e9es par des professionnels de renom.<\/span><\/li><\/ul><\/li><\/ul>\t\t\t\t\t\t\t\t<\/div>\n\t\t\t\t<\/div>\n\t\t\t\t<section class=\"elementor-section elementor-inner-section elementor-element elementor-element-37b22e4 elementor-section-boxed elementor-section-height-default elementor-section-height-default\" data-id=\"37b22e4\" data-element_type=\"section\">\n\t\t\t\t\t\t<div class=\"elementor-container elementor-column-gap-default\">\n\t\t\t\t\t<div class=\"elementor-column elementor-col-33 elementor-inner-column elementor-element elementor-element-235cf0d\" data-id=\"235cf0d\" data-element_type=\"column\">\n\t\t\t<div class=\"elementor-widget-wrap elementor-element-populated\">\n\t\t\t\t\t\t<div class=\"elementor-element elementor-element-70f8e8f elementor-widget elementor-widget-image\" data-id=\"70f8e8f\" data-element_type=\"widget\" data-widget_type=\"image.default\">\n\t\t\t\t<div class=\"elementor-widget-container\">\n\t\t\t\t\t\t\t\t\t\t\t\t<figure class=\"wp-caption\">\n\t\t\t\t\t\t\t\t\t\t<img decoding=\"async\" width=\"800\" height=\"534\" src=\"https:\/\/richeskarayib.com\/wp-content\/uploads\/2025\/06\/Lancement-du-festival-1024x683.webp\" class=\"attachment-large size-large wp-image-54735\" alt=\"Festival de la Gastronomie de Saint-Martin\" srcset=\"https:\/\/richeskarayib.com\/wp-content\/uploads\/2025\/06\/Lancement-du-festival-1024x683.webp 1024w, https:\/\/richeskarayib.com\/wp-content\/uploads\/2025\/06\/Lancement-du-festival-300x200.webp 300w, https:\/\/richeskarayib.com\/wp-content\/uploads\/2025\/06\/Lancement-du-festival-768x512.webp 768w, https:\/\/richeskarayib.com\/wp-content\/uploads\/2025\/06\/Lancement-du-festival-1536x1024.webp 1536w, https:\/\/richeskarayib.com\/wp-content\/uploads\/2025\/06\/Lancement-du-festival-1320x880.webp 1320w, https:\/\/richeskarayib.com\/wp-content\/uploads\/2025\/06\/Lancement-du-festival.webp 1920w\" sizes=\"(max-width: 800px) 100vw, 800px\" \/>\t\t\t\t\t\t\t\t\t\t\t<figcaption class=\"widget-image-caption wp-caption-text\">\u00a9Festival de la Gastronomie de Saint-Martin<\/figcaption>\n\t\t\t\t\t\t\t\t\t\t<\/figure>\n\t\t\t\t\t\t\t\t\t<\/div>\n\t\t\t\t<\/div>\n\t\t\t\t\t<\/div>\n\t\t<\/div>\n\t\t\t\t<div class=\"elementor-column elementor-col-33 elementor-inner-column elementor-element elementor-element-01e3bfb\" data-id=\"01e3bfb\" data-element_type=\"column\">\n\t\t\t<div class=\"elementor-widget-wrap elementor-element-populated\">\n\t\t\t\t\t\t<div class=\"elementor-element elementor-element-ba3accf elementor-widget elementor-widget-image\" data-id=\"ba3accf\" data-element_type=\"widget\" data-widget_type=\"image.default\">\n\t\t\t\t<div class=\"elementor-widget-container\">\n\t\t\t\t\t\t\t\t\t\t\t\t<figure class=\"wp-caption\">\n\t\t\t\t\t\t\t\t\t\t<img loading=\"lazy\" decoding=\"async\" width=\"800\" height=\"534\" src=\"https:\/\/richeskarayib.com\/wp-content\/uploads\/2025\/06\/Food-Cocktails-pairing-1024x683.webp\" class=\"attachment-large size-large wp-image-54739\" alt=\"Festival de la Gastronomie de Saint-Martin\" srcset=\"https:\/\/richeskarayib.com\/wp-content\/uploads\/2025\/06\/Food-Cocktails-pairing-1024x683.webp 1024w, https:\/\/richeskarayib.com\/wp-content\/uploads\/2025\/06\/Food-Cocktails-pairing-300x200.webp 300w, https:\/\/richeskarayib.com\/wp-content\/uploads\/2025\/06\/Food-Cocktails-pairing-768x512.webp 768w, https:\/\/richeskarayib.com\/wp-content\/uploads\/2025\/06\/Food-Cocktails-pairing-1536x1024.webp 1536w, https:\/\/richeskarayib.com\/wp-content\/uploads\/2025\/06\/Food-Cocktails-pairing-1320x880.webp 1320w, https:\/\/richeskarayib.com\/wp-content\/uploads\/2025\/06\/Food-Cocktails-pairing.webp 1920w\" sizes=\"(max-width: 800px) 100vw, 800px\" \/>\t\t\t\t\t\t\t\t\t\t\t<figcaption class=\"widget-image-caption wp-caption-text\">\u00a9Festival de la Gastronomie de Saint-Martin<\/figcaption>\n\t\t\t\t\t\t\t\t\t\t<\/figure>\n\t\t\t\t\t\t\t\t\t<\/div>\n\t\t\t\t<\/div>\n\t\t\t\t\t<\/div>\n\t\t<\/div>\n\t\t\t\t<div class=\"elementor-column elementor-col-33 elementor-inner-column elementor-element elementor-element-0cf5906\" data-id=\"0cf5906\" data-element_type=\"column\">\n\t\t\t<div class=\"elementor-widget-wrap elementor-element-populated\">\n\t\t\t\t\t\t<div class=\"elementor-element elementor-element-43ef068 elementor-widget elementor-widget-image\" data-id=\"43ef068\" data-element_type=\"widget\" data-widget_type=\"image.default\">\n\t\t\t\t<div class=\"elementor-widget-container\">\n\t\t\t\t\t\t\t\t\t\t\t\t<figure class=\"wp-caption\">\n\t\t\t\t\t\t\t\t\t\t<img loading=\"lazy\" decoding=\"async\" width=\"800\" height=\"534\" src=\"https:\/\/richeskarayib.com\/wp-content\/uploads\/2025\/06\/Competition-des-restaurants-1024x683.webp\" class=\"attachment-large size-large wp-image-54743\" alt=\"Festival de la Gastronomie de Saint-Martin\" srcset=\"https:\/\/richeskarayib.com\/wp-content\/uploads\/2025\/06\/Competition-des-restaurants-1024x683.webp 1024w, https:\/\/richeskarayib.com\/wp-content\/uploads\/2025\/06\/Competition-des-restaurants-300x200.webp 300w, https:\/\/richeskarayib.com\/wp-content\/uploads\/2025\/06\/Competition-des-restaurants-768x512.webp 768w, https:\/\/richeskarayib.com\/wp-content\/uploads\/2025\/06\/Competition-des-restaurants-1536x1024.webp 1536w, https:\/\/richeskarayib.com\/wp-content\/uploads\/2025\/06\/Competition-des-restaurants-1320x880.webp 1320w, https:\/\/richeskarayib.com\/wp-content\/uploads\/2025\/06\/Competition-des-restaurants.webp 1920w\" sizes=\"(max-width: 800px) 100vw, 800px\" \/>\t\t\t\t\t\t\t\t\t\t\t<figcaption class=\"widget-image-caption wp-caption-text\">\u00a9Festival de la Gastronomie de Saint-Martin<\/figcaption>\n\t\t\t\t\t\t\t\t\t\t<\/figure>\n\t\t\t\t\t\t\t\t\t<\/div>\n\t\t\t\t<\/div>\n\t\t\t\t\t<\/div>\n\t\t<\/div>\n\t\t\t\t\t<\/div>\n\t\t<\/section>\n\t\t\t\t\t<\/div>\n\t\t<\/div>\n\t\t\t\t\t<\/div>\n\t\t<\/section>\n\t\t\t\t<section class=\"elementor-section elementor-top-section elementor-element elementor-element-3756bbb elementor-section-boxed elementor-section-height-default elementor-section-height-default\" data-id=\"3756bbb\" data-element_type=\"section\">\n\t\t\t\t\t\t<div class=\"elementor-container elementor-column-gap-default\">\n\t\t\t\t\t<div class=\"elementor-column elementor-col-100 elementor-top-column elementor-element elementor-element-df79712\" data-id=\"df79712\" data-element_type=\"column\">\n\t\t\t<div class=\"elementor-widget-wrap elementor-element-populated\">\n\t\t\t\t\t\t<div class=\"elementor-element elementor-element-782f801 elementor-widget elementor-widget-heading\" data-id=\"782f801\" data-element_type=\"widget\" data-widget_type=\"heading.default\">\n\t\t\t\t<div class=\"elementor-widget-container\">\n\t\t\t\t\t<h2 class=\"elementor-heading-title elementor-size-default\">Comp\u00e9titions gastronomiques : des d\u00e9fis pour les talents<\/h2>\t\t\t\t<\/div>\n\t\t\t\t<\/div>\n\t\t\t\t<div class=\"elementor-element elementor-element-8492aa2 elementor-widget elementor-widget-text-editor\" data-id=\"8492aa2\" data-element_type=\"widget\" data-widget_type=\"text-editor.default\">\n\t\t\t\t<div class=\"elementor-widget-container\">\n\t\t\t\t\t\t\t\t\t<p><span style=\"font-weight: 400;\">Le Festival de la Gastronomie de Saint-Martin 2025 accorde une place centrale \u00e0 la cr\u00e9ativit\u00e9 culinaire sous toutes ses formes. Jason Santos, c\u00e9l\u00e8bre chef am\u00e9ricain, pr\u00e9sidera la comp\u00e9tition des food trucks le 15 novembre, tandis que Kevin Bludso, ic\u00f4ne internationale du barbecue, sera le jury star de la comp\u00e9tition BBQ du 16 novembre. Ces \u00e9v\u00e9nements ne sont pas de simples concours : ce sont de v\u00e9ritables tremplins pour les talents de l\u2019\u00eele, o\u00f9 chaque plat devient un manifeste de technique, d\u2019identit\u00e9 et d\u2019\u00e9motion.<\/span><\/p><p><span style=\"font-weight: 400;\">La comp\u00e9tition des restaurateurs, quant \u00e0 elle, se d\u00e9roulera en plein air \u00e0 la Marina Fort Louis, les 18 et 19 novembre pour les demi-finales, avec une grande finale publique le 21. Un spectacle culinaire ouvert \u00e0 tous, pens\u00e9 pour valoriser le m\u00e9tier dans toute sa technicit\u00e9.<\/span><\/p>\t\t\t\t\t\t\t\t<\/div>\n\t\t\t\t<\/div>\n\t\t\t\t<section class=\"elementor-section elementor-inner-section elementor-element elementor-element-26263c6 elementor-section-boxed elementor-section-height-default elementor-section-height-default\" data-id=\"26263c6\" data-element_type=\"section\">\n\t\t\t\t\t\t<div class=\"elementor-container elementor-column-gap-default\">\n\t\t\t\t\t<div class=\"elementor-column elementor-col-100 elementor-inner-column elementor-element elementor-element-c197142\" data-id=\"c197142\" data-element_type=\"column\">\n\t\t\t<div class=\"elementor-widget-wrap elementor-element-populated\">\n\t\t\t\t\t\t<div class=\"elementor-element elementor-element-162a59f elementor-widget elementor-widget-image\" data-id=\"162a59f\" data-element_type=\"widget\" data-widget_type=\"image.default\">\n\t\t\t\t<div class=\"elementor-widget-container\">\n\t\t\t\t\t\t\t\t\t\t\t\t\t\t\t<img loading=\"lazy\" decoding=\"async\" width=\"800\" height=\"534\" src=\"https:\/\/richeskarayib.com\/wp-content\/uploads\/2025\/06\/Competition-de-BBQ-1024x683.webp\" class=\"attachment-large size-large wp-image-54727\" alt=\"Festival de la Gastronomie de Saint-Martin\" srcset=\"https:\/\/richeskarayib.com\/wp-content\/uploads\/2025\/06\/Competition-de-BBQ-1024x683.webp 1024w, https:\/\/richeskarayib.com\/wp-content\/uploads\/2025\/06\/Competition-de-BBQ-300x200.webp 300w, https:\/\/richeskarayib.com\/wp-content\/uploads\/2025\/06\/Competition-de-BBQ-768x512.webp 768w, https:\/\/richeskarayib.com\/wp-content\/uploads\/2025\/06\/Competition-de-BBQ-1536x1024.webp 1536w, https:\/\/richeskarayib.com\/wp-content\/uploads\/2025\/06\/Competition-de-BBQ-1320x880.webp 1320w, https:\/\/richeskarayib.com\/wp-content\/uploads\/2025\/06\/Competition-de-BBQ.webp 1920w\" sizes=\"(max-width: 800px) 100vw, 800px\" \/>\t\t\t\t\t\t\t\t\t\t\t\t\t\t\t<\/div>\n\t\t\t\t<\/div>\n\t\t\t\t\t<\/div>\n\t\t<\/div>\n\t\t\t\t\t<\/div>\n\t\t<\/section>\n\t\t\t\t\t<\/div>\n\t\t<\/div>\n\t\t\t\t\t<\/div>\n\t\t<\/section>\n\t\t\t\t<section class=\"elementor-section elementor-top-section elementor-element elementor-element-5b928cf elementor-section-boxed elementor-section-height-default elementor-section-height-default\" data-id=\"5b928cf\" data-element_type=\"section\">\n\t\t\t\t\t\t<div class=\"elementor-container elementor-column-gap-default\">\n\t\t\t\t\t<div class=\"elementor-column elementor-col-100 elementor-top-column elementor-element elementor-element-587c274\" data-id=\"587c274\" data-element_type=\"column\">\n\t\t\t<div class=\"elementor-widget-wrap elementor-element-populated\">\n\t\t\t\t\t\t<div class=\"elementor-element elementor-element-2047da4 elementor-widget elementor-widget-heading\" data-id=\"2047da4\" data-element_type=\"widget\" data-widget_type=\"heading.default\">\n\t\t\t\t<div class=\"elementor-widget-container\">\n\t\t\t\t\t<h2 class=\"elementor-heading-title elementor-size-default\">Le fruit de la passion : au c\u0153ur de l\u2019inspiration<\/h2>\t\t\t\t<\/div>\n\t\t\t\t<\/div>\n\t\t\t\t<div class=\"elementor-element elementor-element-994871c elementor-widget elementor-widget-text-editor\" data-id=\"994871c\" data-element_type=\"widget\" data-widget_type=\"text-editor.default\">\n\t\t\t\t<div class=\"elementor-widget-container\">\n\t\t\t\t\t\t\t\t\t<p><span style=\"font-weight: 400;\">Ingr\u00e9dient phare de cette \u00e9dition, le fruit de la passion insuffle son intensit\u00e9 \u00e0 l\u2019ensemble du Festival de la Gastronomie de Saint-Martin 2025. Ce petit bijou tropical, cultiv\u00e9 localement, est l\u2019objet de toutes les attentions : utilis\u00e9 en jus, en coulis, en mousse ou en marinade, il permet aux chefs d\u2019exprimer leur savoir-faire dans des compositions audacieuses.<\/span><\/p><p><span style=\"font-weight: 400;\">Riche en vitamine C, en fibres et en antioxydants, il allie plaisir gustatif et bienfaits nutritionnels. Des cocktails aux plats sal\u00e9s, en passant par les desserts les plus raffin\u00e9s, il sera d\u00e9clin\u00e9 dans toutes les textures et toutes les temp\u00e9ratures.<\/span><\/p>\t\t\t\t\t\t\t\t<\/div>\n\t\t\t\t<\/div>\n\t\t\t\t<section class=\"elementor-section elementor-inner-section elementor-element elementor-element-d40aae9 elementor-section-boxed elementor-section-height-default elementor-section-height-default\" data-id=\"d40aae9\" data-element_type=\"section\">\n\t\t\t\t\t\t<div class=\"elementor-container elementor-column-gap-default\">\n\t\t\t\t\t<div class=\"elementor-column elementor-col-100 elementor-inner-column elementor-element elementor-element-6c77c54\" data-id=\"6c77c54\" data-element_type=\"column\">\n\t\t\t<div class=\"elementor-widget-wrap elementor-element-populated\">\n\t\t\t\t\t\t<div class=\"elementor-element elementor-element-db2800c elementor-widget elementor-widget-image\" data-id=\"db2800c\" data-element_type=\"widget\" data-widget_type=\"image.default\">\n\t\t\t\t<div class=\"elementor-widget-container\">\n\t\t\t\t\t\t\t\t\t\t\t\t\t\t\t<img loading=\"lazy\" decoding=\"async\" width=\"800\" height=\"651\" src=\"https:\/\/richeskarayib.com\/wp-content\/uploads\/2025\/06\/Dollarphotoclub_37968738-1024x833.jpg\" class=\"attachment-large size-large wp-image-54723\" alt=\"Festival de la Gastronomie de Saint-Martin\" srcset=\"https:\/\/richeskarayib.com\/wp-content\/uploads\/2025\/06\/Dollarphotoclub_37968738-1024x833.jpg 1024w, https:\/\/richeskarayib.com\/wp-content\/uploads\/2025\/06\/Dollarphotoclub_37968738-300x244.jpg 300w, https:\/\/richeskarayib.com\/wp-content\/uploads\/2025\/06\/Dollarphotoclub_37968738-768x624.jpg 768w, https:\/\/richeskarayib.com\/wp-content\/uploads\/2025\/06\/Dollarphotoclub_37968738-1536x1249.jpg 1536w, https:\/\/richeskarayib.com\/wp-content\/uploads\/2025\/06\/Dollarphotoclub_37968738-1320x1073.jpg 1320w, https:\/\/richeskarayib.com\/wp-content\/uploads\/2025\/06\/Dollarphotoclub_37968738.jpg 1920w\" sizes=\"(max-width: 800px) 100vw, 800px\" \/>\t\t\t\t\t\t\t\t\t\t\t\t\t\t\t<\/div>\n\t\t\t\t<\/div>\n\t\t\t\t\t<\/div>\n\t\t<\/div>\n\t\t\t\t\t<\/div>\n\t\t<\/section>\n\t\t\t\t\t<\/div>\n\t\t<\/div>\n\t\t\t\t\t<\/div>\n\t\t<\/section>\n\t\t\t\t<section class=\"elementor-section elementor-top-section elementor-element elementor-element-8c285e6 elementor-section-boxed elementor-section-height-default elementor-section-height-default\" data-id=\"8c285e6\" data-element_type=\"section\">\n\t\t\t\t\t\t<div class=\"elementor-container elementor-column-gap-default\">\n\t\t\t\t\t<div class=\"elementor-column elementor-col-100 elementor-top-column elementor-element elementor-element-a3c2f9d\" data-id=\"a3c2f9d\" data-element_type=\"column\">\n\t\t\t<div class=\"elementor-widget-wrap elementor-element-populated\">\n\t\t\t\t\t\t<div class=\"elementor-element elementor-element-93cd857 elementor-widget elementor-widget-heading\" data-id=\"93cd857\" data-element_type=\"widget\" data-widget_type=\"heading.default\">\n\t\t\t\t<div class=\"elementor-widget-container\">\n\t\t\t\t\t<h2 class=\"elementor-heading-title elementor-size-default\">Formation, transmission et jeunesse au centre du projet<\/h2>\t\t\t\t<\/div>\n\t\t\t\t<\/div>\n\t\t\t\t<div class=\"elementor-element elementor-element-7205648 elementor-widget elementor-widget-text-editor\" data-id=\"7205648\" data-element_type=\"widget\" data-widget_type=\"text-editor.default\">\n\t\t\t\t<div class=\"elementor-widget-container\">\n\t\t\t\t\t\t\t\t\t<p><span style=\"font-weight: 400;\">L\u2019essence m\u00eame du Festival de la Gastronomie de Saint-Martin 2025, c\u2019est la transmission. Chaque ann\u00e9e, chefs invit\u00e9s et institutions locales unissent leurs efforts pour encourager les vocations. Des interventions dans les \u00e9coles auront lieu le 13 novembre, suivies de la comp\u00e9tition des lyc\u00e9ens le 17. Cette dynamique p\u00e9dagogique est renforc\u00e9e par la soir\u00e9e caritative du 20 novembre, dont les b\u00e9n\u00e9fices seront revers\u00e9s au Lyc\u00e9e Professionnel Daniella Jeffry pour soutenir la modernisation des \u00e9quipements et des projets \u00e9ducatifs.<\/span><\/p><p><span style=\"font-weight: 400;\">Les ateliers de cuisine, programm\u00e9s du 15 au 17 novembre, accueilleront aussi bien les enfants que les adultes, avec des formats vari\u00e9s : sessions techniques, ateliers familiaux, et Sip \u2019n Cook, o\u00f9 la mixologie rencontre la gastronomie.<\/span><\/p>\t\t\t\t\t\t\t\t<\/div>\n\t\t\t\t<\/div>\n\t\t\t\t<section class=\"elementor-section elementor-inner-section elementor-element elementor-element-40f8bc3 elementor-section-boxed elementor-section-height-default elementor-section-height-default\" data-id=\"40f8bc3\" data-element_type=\"section\">\n\t\t\t\t\t\t<div class=\"elementor-container elementor-column-gap-default\">\n\t\t\t\t\t<div class=\"elementor-column elementor-col-100 elementor-inner-column elementor-element elementor-element-1283dc5\" data-id=\"1283dc5\" data-element_type=\"column\">\n\t\t\t<div class=\"elementor-widget-wrap elementor-element-populated\">\n\t\t\t\t\t\t<div class=\"elementor-element elementor-element-e6a5e32 elementor-widget elementor-widget-image\" data-id=\"e6a5e32\" data-element_type=\"widget\" data-widget_type=\"image.default\">\n\t\t\t\t<div class=\"elementor-widget-container\">\n\t\t\t\t\t\t\t\t\t\t\t\t<figure class=\"wp-caption\">\n\t\t\t\t\t\t\t\t\t\t<img loading=\"lazy\" decoding=\"async\" width=\"800\" height=\"534\" src=\"https:\/\/richeskarayib.com\/wp-content\/uploads\/2025\/06\/Competition-des-lyceens-1024x683.webp\" class=\"attachment-large size-large wp-image-54731\" alt=\"Festival de la Gastronomie de Saint-Martin\" srcset=\"https:\/\/richeskarayib.com\/wp-content\/uploads\/2025\/06\/Competition-des-lyceens-1024x683.webp 1024w, https:\/\/richeskarayib.com\/wp-content\/uploads\/2025\/06\/Competition-des-lyceens-300x200.webp 300w, https:\/\/richeskarayib.com\/wp-content\/uploads\/2025\/06\/Competition-des-lyceens-768x512.webp 768w, https:\/\/richeskarayib.com\/wp-content\/uploads\/2025\/06\/Competition-des-lyceens-1536x1024.webp 1536w, https:\/\/richeskarayib.com\/wp-content\/uploads\/2025\/06\/Competition-des-lyceens-1320x880.webp 1320w, https:\/\/richeskarayib.com\/wp-content\/uploads\/2025\/06\/Competition-des-lyceens.webp 1920w\" sizes=\"(max-width: 800px) 100vw, 800px\" \/>\t\t\t\t\t\t\t\t\t\t\t<figcaption class=\"widget-image-caption wp-caption-text\">\u00a9Festival de la Gastronomie de Saint-Martin<\/figcaption>\n\t\t\t\t\t\t\t\t\t\t<\/figure>\n\t\t\t\t\t\t\t\t\t<\/div>\n\t\t\t\t<\/div>\n\t\t\t\t\t<\/div>\n\t\t<\/div>\n\t\t\t\t\t<\/div>\n\t\t<\/section>\n\t\t\t\t\t<\/div>\n\t\t<\/div>\n\t\t\t\t\t<\/div>\n\t\t<\/section>\n\t\t\t\t<section class=\"elementor-section elementor-top-section elementor-element elementor-element-69c261c elementor-section-boxed elementor-section-height-default elementor-section-height-default\" data-id=\"69c261c\" data-element_type=\"section\">\n\t\t\t\t\t\t<div class=\"elementor-container elementor-column-gap-default\">\n\t\t\t\t\t<div class=\"elementor-column elementor-col-100 elementor-top-column elementor-element elementor-element-b116ff4\" data-id=\"b116ff4\" data-element_type=\"column\">\n\t\t\t<div class=\"elementor-widget-wrap elementor-element-populated\">\n\t\t\t\t\t\t<div class=\"elementor-element elementor-element-c906a22 elementor-widget elementor-widget-heading\" data-id=\"c906a22\" data-element_type=\"widget\" data-widget_type=\"heading.default\">\n\t\t\t\t<div class=\"elementor-widget-container\">\n\t\t\t\t\t<h2 class=\"elementor-heading-title elementor-size-default\">Un village culinaire et des artistes pour faire vibrer Marigot<\/h2>\t\t\t\t<\/div>\n\t\t\t\t<\/div>\n\t\t\t\t<div class=\"elementor-element elementor-element-993f63c elementor-widget elementor-widget-text-editor\" data-id=\"993f63c\" data-element_type=\"widget\" data-widget_type=\"text-editor.default\">\n\t\t\t\t<div class=\"elementor-widget-container\">\n\t\t\t\t\t\t\t\t\t<p><span style=\"font-weight: 400;\">Les 14 et 15 novembre, le front de mer de Marigot accueillera le Village de la Gastronomie, concentr\u00e9 d\u2019excellence culinaire \u00e0 ciel ouvert. Restaurants, food trucks et stands \u00e9ph\u00e9m\u00e8res proposeront des bouch\u00e9es savoureuses issues des meilleures tables de Saint-Martin. Des artistes internationaux se produiront sur sc\u00e8ne pour \u00e9lectriser l\u2019ambiance et faire de ces deux soir\u00e9es un v\u00e9ritable festival sensoriel.<\/span><\/p>\t\t\t\t\t\t\t\t<\/div>\n\t\t\t\t<\/div>\n\t\t\t\t<section class=\"elementor-section elementor-inner-section elementor-element elementor-element-94aff81 elementor-section-boxed elementor-section-height-default elementor-section-height-default\" data-id=\"94aff81\" data-element_type=\"section\">\n\t\t\t\t\t\t<div class=\"elementor-container elementor-column-gap-default\">\n\t\t\t\t\t<div class=\"elementor-column elementor-col-100 elementor-inner-column elementor-element elementor-element-999e6f9\" data-id=\"999e6f9\" data-element_type=\"column\">\n\t\t\t<div class=\"elementor-widget-wrap elementor-element-populated\">\n\t\t\t\t\t\t<div class=\"elementor-element elementor-element-a730775 elementor-widget elementor-widget-image\" data-id=\"a730775\" data-element_type=\"widget\" data-widget_type=\"image.default\">\n\t\t\t\t<div class=\"elementor-widget-container\">\n\t\t\t\t\t\t\t\t\t\t\t\t<figure class=\"wp-caption\">\n\t\t\t\t\t\t\t\t\t\t<img loading=\"lazy\" decoding=\"async\" width=\"800\" height=\"534\" src=\"https:\/\/richeskarayib.com\/wp-content\/uploads\/2025\/06\/Village-de-la-Gastronomie-1024x683.webp\" class=\"attachment-large size-large wp-image-54715\" alt=\"Festival de la Gastronomie de Saint-Martin\" srcset=\"https:\/\/richeskarayib.com\/wp-content\/uploads\/2025\/06\/Village-de-la-Gastronomie-1024x683.webp 1024w, https:\/\/richeskarayib.com\/wp-content\/uploads\/2025\/06\/Village-de-la-Gastronomie-300x200.webp 300w, https:\/\/richeskarayib.com\/wp-content\/uploads\/2025\/06\/Village-de-la-Gastronomie-768x512.webp 768w, https:\/\/richeskarayib.com\/wp-content\/uploads\/2025\/06\/Village-de-la-Gastronomie-1536x1024.webp 1536w, https:\/\/richeskarayib.com\/wp-content\/uploads\/2025\/06\/Village-de-la-Gastronomie-1320x880.webp 1320w, https:\/\/richeskarayib.com\/wp-content\/uploads\/2025\/06\/Village-de-la-Gastronomie.webp 1920w\" sizes=\"(max-width: 800px) 100vw, 800px\" \/>\t\t\t\t\t\t\t\t\t\t\t<figcaption class=\"widget-image-caption wp-caption-text\">\u00a9Festival de la Gastronomie de Saint-Martin<\/figcaption>\n\t\t\t\t\t\t\t\t\t\t<\/figure>\n\t\t\t\t\t\t\t\t\t<\/div>\n\t\t\t\t<\/div>\n\t\t\t\t\t<\/div>\n\t\t<\/div>\n\t\t\t\t\t<\/div>\n\t\t<\/section>\n\t\t\t\t\t<\/div>\n\t\t<\/div>\n\t\t\t\t\t<\/div>\n\t\t<\/section>\n\t\t\t\t<section class=\"elementor-section elementor-top-section elementor-element elementor-element-9f63a36 elementor-section-boxed elementor-section-height-default elementor-section-height-default\" data-id=\"9f63a36\" data-element_type=\"section\">\n\t\t\t\t\t\t<div class=\"elementor-container elementor-column-gap-default\">\n\t\t\t\t\t<div class=\"elementor-column elementor-col-100 elementor-top-column elementor-element elementor-element-9236c34\" data-id=\"9236c34\" data-element_type=\"column\">\n\t\t\t<div class=\"elementor-widget-wrap elementor-element-populated\">\n\t\t\t\t\t\t<div class=\"elementor-element elementor-element-943b253 elementor-widget elementor-widget-heading\" data-id=\"943b253\" data-element_type=\"widget\" data-widget_type=\"heading.default\">\n\t\t\t\t<div class=\"elementor-widget-container\">\n\t\t\t\t\t<h2 class=\"elementor-heading-title elementor-size-default\">L\u2019art de la mixologie et les douceurs sucr\u00e9es \u00e0 l\u2019honneur<\/h2>\t\t\t\t<\/div>\n\t\t\t\t<\/div>\n\t\t\t\t<div class=\"elementor-element elementor-element-643d96c elementor-widget elementor-widget-text-editor\" data-id=\"643d96c\" data-element_type=\"widget\" data-widget_type=\"text-editor.default\">\n\t\t\t\t<div class=\"elementor-widget-container\">\n\t\t\t\t\t\t\t\t\t<p><span style=\"font-weight: 400;\">Le 21 novembre, la comp\u00e9tition de mixologie du Festival de la Gastronomie de Saint-Martin 2025 mettra en sc\u00e8ne les meilleurs barmen et barmaids de l\u2019\u00eele, autour de cr\u00e9ations innovantes \u00e0 base de produits locaux. Cocktails fum\u00e9s, infus\u00e9s, glac\u00e9s ou flamb\u00e9s \u2013 tout sera permis, du moment que l\u2019audace est au rendez-vous.<\/span><\/p><p><span style=\"font-weight: 400;\">En parall\u00e8le, les p\u00e2tissiers de l\u2019\u00eele rivaliseront pour d\u00e9crocher le titre du dessert le plus exquis de Saint-Martin. Une comp\u00e9tition d\u00e9di\u00e9e \u00e0 la finesse, \u00e0 la technique, et \u00e0 la mise en valeur du fruit de la passion dans des formats in\u00e9dits.<\/span><\/p>\t\t\t\t\t\t\t\t<\/div>\n\t\t\t\t<\/div>\n\t\t\t\t<section class=\"elementor-section elementor-inner-section elementor-element elementor-element-4bd1992 elementor-section-boxed elementor-section-height-default elementor-section-height-default\" data-id=\"4bd1992\" data-element_type=\"section\">\n\t\t\t\t\t\t<div class=\"elementor-container elementor-column-gap-default\">\n\t\t\t\t\t<div class=\"elementor-column elementor-col-100 elementor-inner-column elementor-element elementor-element-46348a5\" data-id=\"46348a5\" data-element_type=\"column\">\n\t\t\t<div class=\"elementor-widget-wrap elementor-element-populated\">\n\t\t\t\t\t\t<div class=\"elementor-element elementor-element-9fbc552 elementor-widget elementor-widget-image\" data-id=\"9fbc552\" data-element_type=\"widget\" data-widget_type=\"image.default\">\n\t\t\t\t<div class=\"elementor-widget-container\">\n\t\t\t\t\t\t\t\t\t\t\t\t<figure class=\"wp-caption\">\n\t\t\t\t\t\t\t\t\t\t<img loading=\"lazy\" decoding=\"async\" width=\"800\" height=\"534\" src=\"https:\/\/richeskarayib.com\/wp-content\/uploads\/2025\/06\/Competition-de-mixologie-1024x683.webp\" class=\"attachment-large size-large wp-image-54711\" alt=\"Festival de la Gastronomie de Saint-Martin\" srcset=\"https:\/\/richeskarayib.com\/wp-content\/uploads\/2025\/06\/Competition-de-mixologie-1024x683.webp 1024w, https:\/\/richeskarayib.com\/wp-content\/uploads\/2025\/06\/Competition-de-mixologie-300x200.webp 300w, https:\/\/richeskarayib.com\/wp-content\/uploads\/2025\/06\/Competition-de-mixologie-768x512.webp 768w, https:\/\/richeskarayib.com\/wp-content\/uploads\/2025\/06\/Competition-de-mixologie-1536x1024.webp 1536w, https:\/\/richeskarayib.com\/wp-content\/uploads\/2025\/06\/Competition-de-mixologie-1320x880.webp 1320w, https:\/\/richeskarayib.com\/wp-content\/uploads\/2025\/06\/Competition-de-mixologie.webp 1920w\" sizes=\"(max-width: 800px) 100vw, 800px\" \/>\t\t\t\t\t\t\t\t\t\t\t<figcaption class=\"widget-image-caption wp-caption-text\">\u00a9Festival de la Gastronomie de Saint-Martin<\/figcaption>\n\t\t\t\t\t\t\t\t\t\t<\/figure>\n\t\t\t\t\t\t\t\t\t<\/div>\n\t\t\t\t<\/div>\n\t\t\t\t\t<\/div>\n\t\t<\/div>\n\t\t\t\t\t<\/div>\n\t\t<\/section>\n\t\t\t\t\t<\/div>\n\t\t<\/div>\n\t\t\t\t\t<\/div>\n\t\t<\/section>\n\t\t\t\t<section class=\"elementor-section elementor-top-section elementor-element elementor-element-6962cde elementor-section-boxed elementor-section-height-default elementor-section-height-default\" data-id=\"6962cde\" data-element_type=\"section\">\n\t\t\t\t\t\t<div class=\"elementor-container elementor-column-gap-default\">\n\t\t\t\t\t<div class=\"elementor-column elementor-col-100 elementor-top-column elementor-element elementor-element-d56b840\" data-id=\"d56b840\" data-element_type=\"column\">\n\t\t\t<div class=\"elementor-widget-wrap elementor-element-populated\">\n\t\t\t\t\t\t<div class=\"elementor-element elementor-element-4b7c71e elementor-widget elementor-widget-heading\" data-id=\"4b7c71e\" data-element_type=\"widget\" data-widget_type=\"heading.default\">\n\t\t\t\t<div class=\"elementor-widget-container\">\n\t\t\t\t\t<h2 class=\"elementor-heading-title elementor-size-default\">Cl\u00f4ture : une symphonie de saveurs venues du monde entier<\/h2>\t\t\t\t<\/div>\n\t\t\t\t<\/div>\n\t\t\t\t<div class=\"elementor-element elementor-element-d917c28 elementor-widget elementor-widget-text-editor\" data-id=\"d917c28\" data-element_type=\"widget\" data-widget_type=\"text-editor.default\">\n\t\t\t\t<div class=\"elementor-widget-container\">\n\t\t\t\t\t\t\t\t\t<p><span style=\"font-weight: 400;\">La soir\u00e9e de cl\u00f4ture du Festival de la Gastronomie de Saint-Martin 2025, le 22 novembre, r\u00e9unira tous les chefs participants pour un ultime d\u00eener aux accents internationaux. Des mets venus d\u2019Afrique, de la Cara\u00efbe, d\u2019Europe et des \u00c9tats-Unis seront servis dans une atmosph\u00e8re festive port\u00e9e par des artistes martiniquais. Une c\u00e9l\u00e9bration finale \u00e0 la hauteur d\u2019un \u00e9v\u00e9nement qui aura, une fois encore, d\u00e9pass\u00e9 toutes les attentes.<\/span><\/p>\t\t\t\t\t\t\t\t<\/div>\n\t\t\t\t<\/div>\n\t\t\t\t\t<\/div>\n\t\t<\/div>\n\t\t\t\t\t<\/div>\n\t\t<\/section>\n\t\t\t\t<section class=\"elementor-section elementor-top-section elementor-element elementor-element-81f3b33 elementor-section-boxed elementor-section-height-default elementor-section-height-default\" data-id=\"81f3b33\" data-element_type=\"section\">\n\t\t\t\t\t\t<div class=\"elementor-container elementor-column-gap-default\">\n\t\t\t\t\t<div class=\"elementor-column elementor-col-100 elementor-top-column elementor-element elementor-element-f2b076f\" data-id=\"f2b076f\" data-element_type=\"column\">\n\t\t\t<div class=\"elementor-widget-wrap elementor-element-populated\">\n\t\t\t\t\t\t<div class=\"elementor-element elementor-element-0fd71b2 elementor-widget elementor-widget-text-editor\" data-id=\"0fd71b2\" data-element_type=\"widget\" data-widget_type=\"text-editor.default\">\n\t\t\t\t<div class=\"elementor-widget-container\">\n\t\t\t\t\t\t\t\t\t<p><span style=\"font-weight: 400;\">Participer au Festival de la Gastronomie de Saint-Martin 2025, c\u2019est soutenir une vision : celle d\u2019un territoire qui mise sur ses savoir-faire, ses talents et sa jeunesse pour rayonner au-del\u00e0 des fronti\u00e8res. En dix jours, ce sont des dizaines d\u2019\u00e9v\u00e9nements, d\u2019exp\u00e9riences et de rencontres qui tissent une trame commune : celle d\u2019une \u00eele gourmande, cr\u00e9ative et ouverte sur le monde.<\/span><\/p>\t\t\t\t\t\t\t\t<\/div>\n\t\t\t\t<\/div>\n\t\t\t\t\t<\/div>\n\t\t<\/div>\n\t\t\t\t\t<\/div>\n\t\t<\/section>\n\t\t\t\t<\/div>\n\t\t","protected":false},"excerpt":{"rendered":"<p>Et si une \u00eele pouvait se raconter \u00e0 travers ses ar\u00f4mes, ses recettes et ses chefs ? Le Festival de la Gastronomie de Saint-Martin 2025 en est la preuve. Du 11 au 22 novembre, la partie fran\u00e7aise de l\u2019\u00eele se transforme en un immense laboratoire du go\u00fbt, o\u00f9 la tradition c\u00f4toie l\u2019audace, et o\u00f9 le [&hellip;]<\/p>\n","protected":false},"author":662,"featured_media":54706,"comment_status":"open","ping_status":"open","sticky":false,"template":"","format":"standard","meta":{"_acf_changed":false,"footnotes":""},"categories":[840,1485],"tags":[1616],"class_list":["post-54705","post","type-post","status-publish","format-standard","has-post-thumbnail","hentry","category-actus","category-art-culinaire","tag-saint-martin-fr"],"acf":[],"_links":{"self":[{"href":"https:\/\/richeskarayib.com\/fr\/wp-json\/wp\/v2\/posts\/54705","targetHints":{"allow":["GET"]}}],"collection":[{"href":"https:\/\/richeskarayib.com\/fr\/wp-json\/wp\/v2\/posts"}],"about":[{"href":"https:\/\/richeskarayib.com\/fr\/wp-json\/wp\/v2\/types\/post"}],"author":[{"embeddable":true,"href":"https:\/\/richeskarayib.com\/fr\/wp-json\/wp\/v2\/users\/662"}],"replies":[{"embeddable":true,"href":"https:\/\/richeskarayib.com\/fr\/wp-json\/wp\/v2\/comments?post=54705"}],"version-history":[{"count":0,"href":"https:\/\/richeskarayib.com\/fr\/wp-json\/wp\/v2\/posts\/54705\/revisions"}],"wp:featuredmedia":[{"embeddable":true,"href":"https:\/\/richeskarayib.com\/fr\/wp-json\/wp\/v2\/media\/54706"}],"wp:attachment":[{"href":"https:\/\/richeskarayib.com\/fr\/wp-json\/wp\/v2\/media?parent=54705"}],"wp:term":[{"taxonomy":"category","embeddable":true,"href":"https:\/\/richeskarayib.com\/fr\/wp-json\/wp\/v2\/categories?post=54705"},{"taxonomy":"post_tag","embeddable":true,"href":"https:\/\/richeskarayib.com\/fr\/wp-json\/wp\/v2\/tags?post=54705"}],"curies":[{"name":"wp","href":"https:\/\/api.w.org\/{rel}","templated":true}]}}