{"id":54987,"date":"2025-06-20T09:45:33","date_gmt":"2025-06-20T13:45:33","guid":{"rendered":"https:\/\/richeskarayib.com\/?p=54987"},"modified":"2025-06-20T09:45:33","modified_gmt":"2025-06-20T13:45:33","slug":"fee-karaib-soins-capillaires-traditions","status":"publish","type":"post","link":"https:\/\/richeskarayib.com\/fr\/fee-karaib-soins-capillaires-traditions\/","title":{"rendered":"Guadeloupe &#8211; F\u00e9e Kara\u00efb : soins capillaires enracin\u00e9s dans les traditions antillaises"},"content":{"rendered":"\t\t<div data-elementor-type=\"wp-post\" data-elementor-id=\"54987\" class=\"elementor elementor-54987\" data-elementor-post-type=\"post\">\n\t\t\t\t\t\t<section class=\"elementor-section elementor-top-section elementor-element elementor-element-e8d332b elementor-section-boxed elementor-section-height-default elementor-section-height-default\" data-id=\"e8d332b\" data-element_type=\"section\">\n\t\t\t\t\t\t<div class=\"elementor-container elementor-column-gap-default\">\n\t\t\t\t\t<div class=\"elementor-column elementor-col-100 elementor-top-column elementor-element elementor-element-1c4c1b1\" data-id=\"1c4c1b1\" data-element_type=\"column\">\n\t\t\t<div class=\"elementor-widget-wrap elementor-element-populated\">\n\t\t\t\t\t\t<div class=\"elementor-element elementor-element-ff67a61 elementor-widget elementor-widget-heading\" data-id=\"ff67a61\" data-element_type=\"widget\" data-widget_type=\"heading.default\">\n\t\t\t\t<div class=\"elementor-widget-container\">\n\t\t\t\t\t<h2 class=\"elementor-heading-title elementor-size-default\">Trois s\u0153urs, une conviction : faire du cheveu un lien culturel\n<\/h2>\t\t\t\t<\/div>\n\t\t\t\t<\/div>\n\t\t\t\t<section class=\"elementor-section elementor-inner-section elementor-element elementor-element-3bb4cca elementor-section-boxed elementor-section-height-default elementor-section-height-default\" data-id=\"3bb4cca\" data-element_type=\"section\">\n\t\t\t\t\t\t<div class=\"elementor-container elementor-column-gap-default\">\n\t\t\t\t\t<div class=\"elementor-column elementor-col-100 elementor-inner-column elementor-element elementor-element-1eba920\" data-id=\"1eba920\" data-element_type=\"column\">\n\t\t\t<div class=\"elementor-widget-wrap elementor-element-populated\">\n\t\t\t\t\t\t<div class=\"elementor-element elementor-element-716acf2 elementor-widget elementor-widget-text-editor\" data-id=\"716acf2\" data-element_type=\"widget\" data-widget_type=\"text-editor.default\">\n\t\t\t\t<div class=\"elementor-widget-container\">\n\t\t\t\t\t\t\t\t\t<p><span style=\"font-weight: 400;\"><a href=\"https:\/\/www.instagram.com\/feekaraib\/\" target=\"_blank\" rel=\"noopener nofollow\">F\u00e9e Kara\u00efb<\/a> est n\u00e9e de l\u2019engagement de trois s\u0153urs unies par un m\u00eame d\u00e9sir : remettre \u00e0 l\u2019honneur les rem\u00e8des capillaires issus des savoirs <a href=\"https:\/\/richeskarayib.com\/fr\/escapade-a-saba-perle-volcanique-des-antilles\/\" target=\"_blank\" rel=\"noopener\">antillais<\/a>. Loin des standards industriels, elles ont fait le choix d\u2019une approche artisanale, locale et respectueuse de toutes les textures. F\u00e9e Kara\u00efb n\u2019est pas seulement une marque. <\/span><\/p>\t\t\t\t\t\t\t\t<\/div>\n\t\t\t\t<\/div>\n\t\t\t\t<div class=\"elementor-element elementor-element-eadd757 elementor-widget elementor-widget-text-editor\" data-id=\"eadd757\" data-element_type=\"widget\" data-widget_type=\"text-editor.default\">\n\t\t\t\t<div class=\"elementor-widget-container\">\n\t\t\t\t\t\t\t\t\t<p><span style=\"font-weight: 400;\">Elle porte une histoire, celle d\u2019un h\u00e9ritage transmis par les anciens, adapt\u00e9 aux besoins contemporains. Leur projet r\u00e9pond \u00e0 une double exigence : concilier modernit\u00e9 et traditions, avec un r\u00e9el souci de transparence sur la provenance et la qualit\u00e9 des ingr\u00e9dients. Elles affirment que redonner du sens \u00e0 la beaut\u00e9 passe par la red\u00e9couverte de gestes simples, transmis au fil des g\u00e9n\u00e9rations, qui reconnectent \u00e0 soi-m\u00eame autant qu\u2019au territoire.<\/span><\/p>\t\t\t\t\t\t\t\t<\/div>\n\t\t\t\t<\/div>\n\t\t\t\t\t<\/div>\n\t\t<\/div>\n\t\t\t\t\t<\/div>\n\t\t<\/section>\n\t\t\t\t\t<\/div>\n\t\t<\/div>\n\t\t\t\t\t<\/div>\n\t\t<\/section>\n\t\t\t\t<section class=\"elementor-section elementor-top-section elementor-element elementor-element-34e72cf elementor-section-boxed elementor-section-height-default elementor-section-height-default\" data-id=\"34e72cf\" data-element_type=\"section\">\n\t\t\t\t\t\t<div class=\"elementor-container elementor-column-gap-default\">\n\t\t\t\t\t<div class=\"elementor-column elementor-col-100 elementor-top-column elementor-element elementor-element-6d7868a\" data-id=\"6d7868a\" data-element_type=\"column\">\n\t\t\t<div class=\"elementor-widget-wrap elementor-element-populated\">\n\t\t\t\t\t\t<div class=\"elementor-element elementor-element-4428903 elementor-widget elementor-widget-heading\" data-id=\"4428903\" data-element_type=\"widget\" data-widget_type=\"heading.default\">\n\t\t\t\t<div class=\"elementor-widget-container\">\n\t\t\t\t\t<h2 class=\"elementor-heading-title elementor-size-default\">F\u00e9e Kara\u00efb : valoriser les ressources de la Cara\u00efbe<\/h2>\t\t\t\t<\/div>\n\t\t\t\t<\/div>\n\t\t\t\t<div class=\"elementor-element elementor-element-25340a1 elementor-widget elementor-widget-text-editor\" data-id=\"25340a1\" data-element_type=\"widget\" data-widget_type=\"text-editor.default\">\n\t\t\t\t<div class=\"elementor-widget-container\">\n\t\t\t\t\t\t\t\t\t<p><span style=\"font-weight: 400;\">Ancr\u00e9e dans le territoire, <a href=\"https:\/\/feekaraib.com\/en\" target=\"_blank\" rel=\"noopener nofollow\">F\u00e9e Kara\u00efb<\/a> mise sur des ingr\u00e9dients embl\u00e9matiques de l\u2019agriculture antillaise : caf\u00e9, mangue, karit\u00e9, cire d\u2019abeille, huile d\u2019olive. Ces mati\u00e8res premi\u00e8res sont s\u00e9lectionn\u00e9es pour leurs propri\u00e9t\u00e9s naturelles, mais aussi pour leur provenance, dans une logique de circuits courts et de soutien aux producteurs locaux.\u00a0<\/span><\/p><p><span style=\"font-weight: 400;\">Chaque soin capillaire incarne cette alliance entre efficacit\u00e9, \u00e9thique et m\u00e9moire collective. En favorisant l\u2019\u00e9conomie circulaire et l\u2019agriculture durable, F\u00e9e Kara\u00efb renforce une cha\u00eene de valeur r\u00e9ellement engag\u00e9e, qui b\u00e9n\u00e9ficie directement aux agricultrices et artisans des \u00eeles. Les packagings limit\u00e9s et les quantit\u00e9s produites restent fid\u00e8les \u00e0 cette volont\u00e9 d\u2019authenticit\u00e9.<\/span><\/p>\t\t\t\t\t\t\t\t<\/div>\n\t\t\t\t<\/div>\n\t\t\t\t<section class=\"elementor-section elementor-inner-section elementor-element elementor-element-f0ac4e4 elementor-section-boxed elementor-section-height-default elementor-section-height-default\" data-id=\"f0ac4e4\" data-element_type=\"section\">\n\t\t\t\t\t\t<div class=\"elementor-container elementor-column-gap-default\">\n\t\t\t\t\t<div class=\"elementor-column elementor-col-50 elementor-inner-column elementor-element elementor-element-e286633\" data-id=\"e286633\" data-element_type=\"column\">\n\t\t\t<div class=\"elementor-widget-wrap elementor-element-populated\">\n\t\t\t\t\t\t<div class=\"elementor-element elementor-element-7116bc8 elementor-widget elementor-widget-image\" data-id=\"7116bc8\" data-element_type=\"widget\" data-widget_type=\"image.default\">\n\t\t\t\t<div class=\"elementor-widget-container\">\n\t\t\t\t\t\t\t\t\t\t\t\t<figure class=\"wp-caption\">\n\t\t\t\t\t\t\t\t\t\t<img fetchpriority=\"high\" decoding=\"async\" width=\"683\" height=\"1024\" src=\"https:\/\/richeskarayib.com\/wp-content\/uploads\/2025\/06\/397f2da5-828e-49f0-8057-73045cfe82ac-683x1024.webp\" class=\"attachment-large size-large wp-image-55028\" alt=\"F\u00e9e Kara\u00efb\" srcset=\"https:\/\/richeskarayib.com\/wp-content\/uploads\/2025\/06\/397f2da5-828e-49f0-8057-73045cfe82ac-683x1024.webp 683w, https:\/\/richeskarayib.com\/wp-content\/uploads\/2025\/06\/397f2da5-828e-49f0-8057-73045cfe82ac-200x300.webp 200w, https:\/\/richeskarayib.com\/wp-content\/uploads\/2025\/06\/397f2da5-828e-49f0-8057-73045cfe82ac-768x1152.webp 768w, https:\/\/richeskarayib.com\/wp-content\/uploads\/2025\/06\/397f2da5-828e-49f0-8057-73045cfe82ac-1024x1536.webp 1024w, https:\/\/richeskarayib.com\/wp-content\/uploads\/2025\/06\/397f2da5-828e-49f0-8057-73045cfe82ac.webp 1280w\" sizes=\"(max-width: 683px) 100vw, 683px\" \/>\t\t\t\t\t\t\t\t\t\t\t<figcaption class=\"widget-image-caption wp-caption-text\">\u00a9F\u00e9e Kara\u00efb<\/figcaption>\n\t\t\t\t\t\t\t\t\t\t<\/figure>\n\t\t\t\t\t\t\t\t\t<\/div>\n\t\t\t\t<\/div>\n\t\t\t\t\t<\/div>\n\t\t<\/div>\n\t\t\t\t<div class=\"elementor-column elementor-col-50 elementor-inner-column elementor-element elementor-element-305b8a3\" data-id=\"305b8a3\" data-element_type=\"column\">\n\t\t\t<div class=\"elementor-widget-wrap elementor-element-populated\">\n\t\t\t\t\t\t<div class=\"elementor-element elementor-element-67c88c4 elementor-widget elementor-widget-image\" data-id=\"67c88c4\" data-element_type=\"widget\" data-widget_type=\"image.default\">\n\t\t\t\t<div class=\"elementor-widget-container\">\n\t\t\t\t\t\t\t\t\t\t\t\t<figure class=\"wp-caption\">\n\t\t\t\t\t\t\t\t\t\t<img decoding=\"async\" width=\"683\" height=\"1024\" src=\"https:\/\/richeskarayib.com\/wp-content\/uploads\/2025\/06\/Chantilly-de-Cafe.jpg\" class=\"attachment-large size-large wp-image-55032\" alt=\"F\u00e9e Kara\u00efb\" srcset=\"https:\/\/richeskarayib.com\/wp-content\/uploads\/2025\/06\/Chantilly-de-Cafe.jpg 683w, https:\/\/richeskarayib.com\/wp-content\/uploads\/2025\/06\/Chantilly-de-Cafe-200x300.jpg 200w\" sizes=\"(max-width: 683px) 100vw, 683px\" \/>\t\t\t\t\t\t\t\t\t\t\t<figcaption class=\"widget-image-caption wp-caption-text\">\u00a9F\u00e9e Kara\u00efb<\/figcaption>\n\t\t\t\t\t\t\t\t\t\t<\/figure>\n\t\t\t\t\t\t\t\t\t<\/div>\n\t\t\t\t<\/div>\n\t\t\t\t\t<\/div>\n\t\t<\/div>\n\t\t\t\t\t<\/div>\n\t\t<\/section>\n\t\t\t\t\t<\/div>\n\t\t<\/div>\n\t\t\t\t\t<\/div>\n\t\t<\/section>\n\t\t\t\t<section class=\"elementor-section elementor-top-section elementor-element elementor-element-3756bbb elementor-section-boxed elementor-section-height-default elementor-section-height-default\" data-id=\"3756bbb\" data-element_type=\"section\">\n\t\t\t\t\t\t<div class=\"elementor-container elementor-column-gap-default\">\n\t\t\t\t\t<div class=\"elementor-column elementor-col-100 elementor-top-column elementor-element elementor-element-df79712\" data-id=\"df79712\" data-element_type=\"column\">\n\t\t\t<div class=\"elementor-widget-wrap elementor-element-populated\">\n\t\t\t\t\t\t<div class=\"elementor-element elementor-element-782f801 elementor-widget elementor-widget-heading\" data-id=\"782f801\" data-element_type=\"widget\" data-widget_type=\"heading.default\">\n\t\t\t\t<div class=\"elementor-widget-container\">\n\t\t\t\t\t<h2 class=\"elementor-heading-title elementor-size-default\">Des produits con\u00e7us pour nourrir, stimuler et prot\u00e9ger<\/h2>\t\t\t\t<\/div>\n\t\t\t\t<\/div>\n\t\t\t\t<div class=\"elementor-element elementor-element-8492aa2 elementor-widget elementor-widget-text-editor\" data-id=\"8492aa2\" data-element_type=\"widget\" data-widget_type=\"text-editor.default\">\n\t\t\t\t<div class=\"elementor-widget-container\">\n\t\t\t\t\t\t\t\t\t<h3><b>Beurre de Mangue au Caf\u00e9 : nutrition et croissance<\/b><\/h3><p><span style=\"font-weight: 400;\">Riche en vitamines A, C et E, le Beurre de Mangue au Caf\u00e9 hydrate intens\u00e9ment, tout en favorisant la pousse gr\u00e2ce \u00e0 l\u2019huile infus\u00e9e de caf\u00e9. Il s\u2019utilise en soin quotidien, en bain d\u2019huile ou en d\u00e9m\u00ealant naturel. Sa texture douce permet de sublimer toutes les chevelures, des plus lisses aux plus textur\u00e9es. En compl\u00e9ment, il sert aussi \u00e0 prot\u00e9ger les pointes fourchues, souvent n\u00e9glig\u00e9es, offrant une solution naturelle et multifonctionnelle aux routines complexes.<\/span><\/p>\t\t\t\t\t\t\t\t<\/div>\n\t\t\t\t<\/div>\n\t\t\t\t<section class=\"elementor-section elementor-inner-section elementor-element elementor-element-5302c8a elementor-section-boxed elementor-section-height-default elementor-section-height-default\" data-id=\"5302c8a\" data-element_type=\"section\">\n\t\t\t\t\t\t<div class=\"elementor-container elementor-column-gap-default\">\n\t\t\t\t\t<div class=\"elementor-column elementor-col-100 elementor-inner-column elementor-element elementor-element-727152a\" data-id=\"727152a\" data-element_type=\"column\">\n\t\t\t<div class=\"elementor-widget-wrap elementor-element-populated\">\n\t\t\t\t\t\t<div class=\"elementor-element elementor-element-0cd85e7 elementor-widget elementor-widget-image\" data-id=\"0cd85e7\" data-element_type=\"widget\" data-widget_type=\"image.default\">\n\t\t\t\t<div class=\"elementor-widget-container\">\n\t\t\t\t\t\t\t\t\t\t\t\t<figure class=\"wp-caption\">\n\t\t\t\t\t\t\t\t\t\t<img decoding=\"async\" width=\"800\" height=\"800\" src=\"https:\/\/richeskarayib.com\/wp-content\/uploads\/2025\/06\/Beurre-de-Mangue-au-Cafe-1024x1024.png\" class=\"attachment-large size-large wp-image-54992\" alt=\"F\u00e9e Kara\u00efb\" srcset=\"https:\/\/richeskarayib.com\/wp-content\/uploads\/2025\/06\/Beurre-de-Mangue-au-Cafe-1024x1024.png 1024w, https:\/\/richeskarayib.com\/wp-content\/uploads\/2025\/06\/Beurre-de-Mangue-au-Cafe-300x300.png 300w, https:\/\/richeskarayib.com\/wp-content\/uploads\/2025\/06\/Beurre-de-Mangue-au-Cafe-150x150.png 150w, https:\/\/richeskarayib.com\/wp-content\/uploads\/2025\/06\/Beurre-de-Mangue-au-Cafe.png 1080w\" sizes=\"(max-width: 800px) 100vw, 800px\" \/>\t\t\t\t\t\t\t\t\t\t\t<figcaption class=\"widget-image-caption wp-caption-text\">\u00a9F\u00e9e Kara\u00efb<\/figcaption>\n\t\t\t\t\t\t\t\t\t\t<\/figure>\n\t\t\t\t\t\t\t\t\t<\/div>\n\t\t\t\t<\/div>\n\t\t\t\t\t<\/div>\n\t\t<\/div>\n\t\t\t\t\t<\/div>\n\t\t<\/section>\n\t\t\t\t<div class=\"elementor-element elementor-element-8cd00be elementor-widget elementor-widget-text-editor\" data-id=\"8cd00be\" data-element_type=\"widget\" data-widget_type=\"text-editor.default\">\n\t\t\t\t<div class=\"elementor-widget-container\">\n\t\t\t\t\t\t\t\t\t<h3><b>Chantilly de Caf\u00e9 : force et brillance<\/b><\/h3><p><span style=\"font-weight: 400;\">La Chantilly de Caf\u00e9 associe beurre de karit\u00e9 et huile de caf\u00e9 pour fortifier la fibre capillaire. Elle stimule la croissance tout en apportant brillance et souplesse. Id\u00e9ale en leave\u2011in ou en soin avant shampoing, elle r\u00e9v\u00e8le la structure naturelle des boucles et pr\u00e9serve l\u2019hydratation des cheveux. Gr\u00e2ce \u00e0 sa formulation riche, elle peut aussi servir de masque avant coloration, contribuant \u00e0 fixer et prot\u00e9ger la pigmentation.<\/span><\/p>\t\t\t\t\t\t\t\t<\/div>\n\t\t\t\t<\/div>\n\t\t\t\t<section class=\"elementor-section elementor-inner-section elementor-element elementor-element-3820411 elementor-section-boxed elementor-section-height-default elementor-section-height-default\" data-id=\"3820411\" data-element_type=\"section\">\n\t\t\t\t\t\t<div class=\"elementor-container elementor-column-gap-default\">\n\t\t\t\t\t<div class=\"elementor-column elementor-col-100 elementor-inner-column elementor-element elementor-element-cb67dbd\" data-id=\"cb67dbd\" data-element_type=\"column\">\n\t\t\t<div class=\"elementor-widget-wrap elementor-element-populated\">\n\t\t\t\t\t\t<div class=\"elementor-element elementor-element-42f6716 elementor-widget elementor-widget-image\" data-id=\"42f6716\" data-element_type=\"widget\" data-widget_type=\"image.default\">\n\t\t\t\t<div class=\"elementor-widget-container\">\n\t\t\t\t\t\t\t\t\t\t\t\t<figure class=\"wp-caption\">\n\t\t\t\t\t\t\t\t\t\t<img loading=\"lazy\" decoding=\"async\" width=\"800\" height=\"800\" src=\"https:\/\/richeskarayib.com\/wp-content\/uploads\/2025\/06\/Chantilly-de-Cafe.png\" class=\"attachment-large size-large wp-image-54996\" alt=\"F\u00e9e Kara\u00efb\" srcset=\"https:\/\/richeskarayib.com\/wp-content\/uploads\/2025\/06\/Chantilly-de-Cafe.png 1080w, https:\/\/richeskarayib.com\/wp-content\/uploads\/2025\/06\/Chantilly-de-Cafe-300x300.png 300w\" sizes=\"(max-width: 800px) 100vw, 800px\" \/>\t\t\t\t\t\t\t\t\t\t\t<figcaption class=\"widget-image-caption wp-caption-text\">\u00a9F\u00e9e Kara\u00efb<\/figcaption>\n\t\t\t\t\t\t\t\t\t\t<\/figure>\n\t\t\t\t\t\t\t\t\t<\/div>\n\t\t\t\t<\/div>\n\t\t\t\t\t<\/div>\n\t\t<\/div>\n\t\t\t\t\t<\/div>\n\t\t<\/section>\n\t\t\t\t<div class=\"elementor-element elementor-element-afc2a93 elementor-widget elementor-widget-text-editor\" data-id=\"afc2a93\" data-element_type=\"widget\" data-widget_type=\"text-editor.default\">\n\t\t\t\t<div class=\"elementor-widget-container\">\n\t\t\t\t\t\t\t\t\t<h3><b>\u00c9lixir de Caf\u00e9 et Huile de Caf\u00e9 : un rituel de pousse multi\u2011usage<\/b><\/h3><p><span style=\"font-weight: 400;\">L\u2019\u00c9lixir de Caf\u00e9 et l\u2019Huile de Caf\u00e9 sont des concentr\u00e9s d\u2019actifs naturels qui luttent contre la chute des cheveux et favorisent une croissance saine. Le marc de caf\u00e9 stimule la circulation sanguine, l\u2019huile d\u2019olive renforce la fibre, et la vitamine\u202fE prot\u00e8ge le cuir chevelu. Ces soins peuvent s\u2019utiliser en s\u00e9rum, en bain d\u2019huile, sur les longueurs, la barbe ou m\u00eame la peau. Ils sont particuli\u00e8rement appr\u00e9ci\u00e9s par les personnes cherchant \u00e0 limiter l\u2019usage de produits chimiques agressifs, tout en conservant efficacit\u00e9 et polyvalence.<\/span><\/p>\t\t\t\t\t\t\t\t<\/div>\n\t\t\t\t<\/div>\n\t\t\t\t<section class=\"elementor-section elementor-inner-section elementor-element elementor-element-0230d42 elementor-section-boxed elementor-section-height-default elementor-section-height-default\" data-id=\"0230d42\" data-element_type=\"section\">\n\t\t\t\t\t\t<div class=\"elementor-container elementor-column-gap-default\">\n\t\t\t\t\t<div class=\"elementor-column elementor-col-100 elementor-inner-column elementor-element elementor-element-ced37b4\" data-id=\"ced37b4\" data-element_type=\"column\">\n\t\t\t<div class=\"elementor-widget-wrap elementor-element-populated\">\n\t\t\t\t\t\t<div class=\"elementor-element elementor-element-52bd713 elementor-widget elementor-widget-image\" data-id=\"52bd713\" data-element_type=\"widget\" data-widget_type=\"image.default\">\n\t\t\t\t<div class=\"elementor-widget-container\">\n\t\t\t\t\t\t\t\t\t\t\t\t<figure class=\"wp-caption\">\n\t\t\t\t\t\t\t\t\t\t<img loading=\"lazy\" decoding=\"async\" width=\"682\" height=\"1024\" src=\"https:\/\/richeskarayib.com\/wp-content\/uploads\/2025\/06\/Elixir-de-Cafe-2-682x1024.jpg\" class=\"attachment-large size-large wp-image-55000\" alt=\"F\u00e9e Kara\u00efb\" srcset=\"https:\/\/richeskarayib.com\/wp-content\/uploads\/2025\/06\/Elixir-de-Cafe-2-682x1024.jpg 682w, https:\/\/richeskarayib.com\/wp-content\/uploads\/2025\/06\/Elixir-de-Cafe-2-200x300.jpg 200w, https:\/\/richeskarayib.com\/wp-content\/uploads\/2025\/06\/Elixir-de-Cafe-2-768x1152.jpg 768w, https:\/\/richeskarayib.com\/wp-content\/uploads\/2025\/06\/Elixir-de-Cafe-2.jpg 853w\" sizes=\"(max-width: 682px) 100vw, 682px\" \/>\t\t\t\t\t\t\t\t\t\t\t<figcaption class=\"widget-image-caption wp-caption-text\">\u00a9F\u00e9e Kara\u00efb<\/figcaption>\n\t\t\t\t\t\t\t\t\t\t<\/figure>\n\t\t\t\t\t\t\t\t\t<\/div>\n\t\t\t\t<\/div>\n\t\t\t\t\t<\/div>\n\t\t<\/div>\n\t\t\t\t\t<\/div>\n\t\t<\/section>\n\t\t\t\t<div class=\"elementor-element elementor-element-424c385 elementor-widget elementor-widget-text-editor\" data-id=\"424c385\" data-element_type=\"widget\" data-widget_type=\"text-editor.default\">\n\t\t\t\t<div class=\"elementor-widget-container\">\n\t\t\t\t\t\t\t\t\t<h3><b>Brosse Massante Stimulante : un outil pour activer la microcirculation<\/b><\/h3><p><span style=\"font-weight: 400;\">La Brosse Massante Stimulante est pens\u00e9e pour tous types de cheveux. Ses picots en silicone souples activent la microcirculation du cuir chevelu, favorisent l\u2019absorption des soins et renforcent les racines. Elle contribue aussi \u00e0 \u00e9liminer les impuret\u00e9s et \u00e0 r\u00e9\u00e9quilibrer le cuir chevelu. Utilis\u00e9e r\u00e9guli\u00e8rement, elle am\u00e9liore visiblement la texture des cheveux, la densit\u00e9 et accompagne la sant\u00e9 du cuir chevelu, notamment apr\u00e8s un stress capillaire ou une p\u00e9riode de traitement m\u00e9dical.<\/span><\/p>\t\t\t\t\t\t\t\t<\/div>\n\t\t\t\t<\/div>\n\t\t\t\t<section class=\"elementor-section elementor-inner-section elementor-element elementor-element-87f1bf9 elementor-section-boxed elementor-section-height-default elementor-section-height-default\" data-id=\"87f1bf9\" data-element_type=\"section\">\n\t\t\t\t\t\t<div class=\"elementor-container elementor-column-gap-default\">\n\t\t\t\t\t<div class=\"elementor-column elementor-col-50 elementor-inner-column elementor-element elementor-element-ac3d74b\" data-id=\"ac3d74b\" data-element_type=\"column\">\n\t\t\t<div class=\"elementor-widget-wrap elementor-element-populated\">\n\t\t\t\t\t\t<div class=\"elementor-element elementor-element-3896255 elementor-widget elementor-widget-image\" data-id=\"3896255\" data-element_type=\"widget\" data-widget_type=\"image.default\">\n\t\t\t\t<div class=\"elementor-widget-container\">\n\t\t\t\t\t\t\t\t\t\t\t\t<figure class=\"wp-caption\">\n\t\t\t\t\t\t\t\t\t\t<img loading=\"lazy\" decoding=\"async\" width=\"800\" height=\"800\" src=\"https:\/\/richeskarayib.com\/wp-content\/uploads\/2025\/06\/Brosse-Massante-Stimulante-1024x1024.png\" class=\"attachment-large size-large wp-image-55004\" alt=\"F\u00e9e Kara\u00efb\" srcset=\"https:\/\/richeskarayib.com\/wp-content\/uploads\/2025\/06\/Brosse-Massante-Stimulante-1024x1024.png 1024w, https:\/\/richeskarayib.com\/wp-content\/uploads\/2025\/06\/Brosse-Massante-Stimulante-300x300.png 300w, https:\/\/richeskarayib.com\/wp-content\/uploads\/2025\/06\/Brosse-Massante-Stimulante-150x150.png 150w, https:\/\/richeskarayib.com\/wp-content\/uploads\/2025\/06\/Brosse-Massante-Stimulante-768x768.png 768w, https:\/\/richeskarayib.com\/wp-content\/uploads\/2025\/06\/Brosse-Massante-Stimulante.png 1080w\" sizes=\"(max-width: 800px) 100vw, 800px\" \/>\t\t\t\t\t\t\t\t\t\t\t<figcaption class=\"widget-image-caption wp-caption-text\">\u00a9F\u00e9e Kara\u00efb<\/figcaption>\n\t\t\t\t\t\t\t\t\t\t<\/figure>\n\t\t\t\t\t\t\t\t\t<\/div>\n\t\t\t\t<\/div>\n\t\t\t\t\t<\/div>\n\t\t<\/div>\n\t\t\t\t<div class=\"elementor-column elementor-col-50 elementor-inner-column elementor-element elementor-element-a405311\" data-id=\"a405311\" data-element_type=\"column\">\n\t\t\t<div class=\"elementor-widget-wrap elementor-element-populated\">\n\t\t\t\t\t\t<div class=\"elementor-element elementor-element-f0e9e19 elementor-widget elementor-widget-image\" data-id=\"f0e9e19\" data-element_type=\"widget\" data-widget_type=\"image.default\">\n\t\t\t\t<div class=\"elementor-widget-container\">\n\t\t\t\t\t\t\t\t\t\t\t\t<figure class=\"wp-caption\">\n\t\t\t\t\t\t\t\t\t\t<img loading=\"lazy\" decoding=\"async\" width=\"800\" height=\"800\" src=\"https:\/\/richeskarayib.com\/wp-content\/uploads\/2025\/06\/Brosse-Massante-Stimulante-2-1024x1024.png\" class=\"attachment-large size-large wp-image-55008\" alt=\"F\u00e9e Kara\u00efb\" srcset=\"https:\/\/richeskarayib.com\/wp-content\/uploads\/2025\/06\/Brosse-Massante-Stimulante-2-1024x1024.png 1024w, https:\/\/richeskarayib.com\/wp-content\/uploads\/2025\/06\/Brosse-Massante-Stimulante-2-300x300.png 300w, https:\/\/richeskarayib.com\/wp-content\/uploads\/2025\/06\/Brosse-Massante-Stimulante-2-150x150.png 150w, https:\/\/richeskarayib.com\/wp-content\/uploads\/2025\/06\/Brosse-Massante-Stimulante-2-768x768.png 768w, https:\/\/richeskarayib.com\/wp-content\/uploads\/2025\/06\/Brosse-Massante-Stimulante-2.png 1080w\" sizes=\"(max-width: 800px) 100vw, 800px\" \/>\t\t\t\t\t\t\t\t\t\t\t<figcaption class=\"widget-image-caption wp-caption-text\">\u00a9F\u00e9e Kara\u00efb<\/figcaption>\n\t\t\t\t\t\t\t\t\t\t<\/figure>\n\t\t\t\t\t\t\t\t\t<\/div>\n\t\t\t\t<\/div>\n\t\t\t\t\t<\/div>\n\t\t<\/div>\n\t\t\t\t\t<\/div>\n\t\t<\/section>\n\t\t\t\t<div class=\"elementor-element elementor-element-7247c24 elementor-widget elementor-widget-text-editor\" data-id=\"7247c24\" data-element_type=\"widget\" data-widget_type=\"text-editor.default\">\n\t\t\t\t<div class=\"elementor-widget-container\">\n\t\t\t\t\t\t\t\t\t<h3><b>Coffret Pousse : renforcer et nourrir en profondeur<\/b><\/h3><p><span style=\"font-weight: 400;\">Combinant l\u2019Huile de Caf\u00e9 et la Brosse Massante, ce coffret propose une approche compl\u00e8te pour stimuler la pousse et fortifier les cheveux. Il s\u2019inscrit dans une routine simple et efficace : application de l\u2019huile, massage circulaire, temps de pose et soin adapt\u00e9. C\u2019est l\u2019un des produits\u2011phares de F\u00e9e Kara\u00efb, particuli\u00e8rement recommand\u00e9 pour les personnes en transition capillaire ou confront\u00e9es \u00e0 la perte de densit\u00e9.<\/span><\/p>\t\t\t\t\t\t\t\t<\/div>\n\t\t\t\t<\/div>\n\t\t\t\t<section class=\"elementor-section elementor-inner-section elementor-element elementor-element-e7a274a elementor-section-boxed elementor-section-height-default elementor-section-height-default\" data-id=\"e7a274a\" data-element_type=\"section\">\n\t\t\t\t\t\t<div class=\"elementor-container elementor-column-gap-default\">\n\t\t\t\t\t<div class=\"elementor-column elementor-col-50 elementor-inner-column elementor-element elementor-element-67f6c6a\" data-id=\"67f6c6a\" data-element_type=\"column\">\n\t\t\t<div class=\"elementor-widget-wrap elementor-element-populated\">\n\t\t\t\t\t\t<div class=\"elementor-element elementor-element-b4fac26 elementor-widget elementor-widget-image\" data-id=\"b4fac26\" data-element_type=\"widget\" data-widget_type=\"image.default\">\n\t\t\t\t<div class=\"elementor-widget-container\">\n\t\t\t\t\t\t\t\t\t\t\t\t<figure class=\"wp-caption\">\n\t\t\t\t\t\t\t\t\t\t<img loading=\"lazy\" decoding=\"async\" width=\"800\" height=\"800\" src=\"https:\/\/richeskarayib.com\/wp-content\/uploads\/2025\/06\/Coffret-Pousse-Fee-Karaib-1-1024x1024.png\" class=\"attachment-large size-large wp-image-55012\" alt=\"F\u00e9e Kara\u00efb\" srcset=\"https:\/\/richeskarayib.com\/wp-content\/uploads\/2025\/06\/Coffret-Pousse-Fee-Karaib-1-1024x1024.png 1024w, https:\/\/richeskarayib.com\/wp-content\/uploads\/2025\/06\/Coffret-Pousse-Fee-Karaib-1-300x300.png 300w, https:\/\/richeskarayib.com\/wp-content\/uploads\/2025\/06\/Coffret-Pousse-Fee-Karaib-1-150x150.png 150w, https:\/\/richeskarayib.com\/wp-content\/uploads\/2025\/06\/Coffret-Pousse-Fee-Karaib-1-768x768.png 768w, https:\/\/richeskarayib.com\/wp-content\/uploads\/2025\/06\/Coffret-Pousse-Fee-Karaib-1.png 1080w\" sizes=\"(max-width: 800px) 100vw, 800px\" \/>\t\t\t\t\t\t\t\t\t\t\t<figcaption class=\"widget-image-caption wp-caption-text\">\u00a9F\u00e9e Kara\u00efb<\/figcaption>\n\t\t\t\t\t\t\t\t\t\t<\/figure>\n\t\t\t\t\t\t\t\t\t<\/div>\n\t\t\t\t<\/div>\n\t\t\t\t\t<\/div>\n\t\t<\/div>\n\t\t\t\t<div class=\"elementor-column elementor-col-50 elementor-inner-column elementor-element elementor-element-4d759f3\" data-id=\"4d759f3\" data-element_type=\"column\">\n\t\t\t<div class=\"elementor-widget-wrap elementor-element-populated\">\n\t\t\t\t\t\t<div class=\"elementor-element elementor-element-e3c3b03 elementor-widget elementor-widget-image\" data-id=\"e3c3b03\" data-element_type=\"widget\" data-widget_type=\"image.default\">\n\t\t\t\t<div class=\"elementor-widget-container\">\n\t\t\t\t\t\t\t\t\t\t\t\t<figure class=\"wp-caption\">\n\t\t\t\t\t\t\t\t\t\t<img loading=\"lazy\" decoding=\"async\" width=\"800\" height=\"800\" src=\"https:\/\/richeskarayib.com\/wp-content\/uploads\/2025\/06\/Coffret-Pousse-Fee-Karaib-2-1024x1024.png\" class=\"attachment-large size-large wp-image-55016\" alt=\"F\u00e9e Kara\u00efb\" srcset=\"https:\/\/richeskarayib.com\/wp-content\/uploads\/2025\/06\/Coffret-Pousse-Fee-Karaib-2-1024x1024.png 1024w, https:\/\/richeskarayib.com\/wp-content\/uploads\/2025\/06\/Coffret-Pousse-Fee-Karaib-2-300x300.png 300w, https:\/\/richeskarayib.com\/wp-content\/uploads\/2025\/06\/Coffret-Pousse-Fee-Karaib-2-150x150.png 150w, https:\/\/richeskarayib.com\/wp-content\/uploads\/2025\/06\/Coffret-Pousse-Fee-Karaib-2-768x768.png 768w, https:\/\/richeskarayib.com\/wp-content\/uploads\/2025\/06\/Coffret-Pousse-Fee-Karaib-2.png 1080w\" sizes=\"(max-width: 800px) 100vw, 800px\" \/>\t\t\t\t\t\t\t\t\t\t\t<figcaption class=\"widget-image-caption wp-caption-text\">\u00a9F\u00e9e Kara\u00efb<\/figcaption>\n\t\t\t\t\t\t\t\t\t\t<\/figure>\n\t\t\t\t\t\t\t\t\t<\/div>\n\t\t\t\t<\/div>\n\t\t\t\t\t<\/div>\n\t\t<\/div>\n\t\t\t\t\t<\/div>\n\t\t<\/section>\n\t\t\t\t<div class=\"elementor-element elementor-element-af91a82 elementor-widget elementor-widget-text-editor\" data-id=\"af91a82\" data-element_type=\"widget\" data-widget_type=\"text-editor.default\">\n\t\t\t\t<div class=\"elementor-widget-container\">\n\t\t\t\t\t\t\t\t\t<h3><b>Coffret D\u00e9tox et Relax : purifier le cuir chevelu<\/b><\/h3><p><span style=\"font-weight: 400;\">Le Coffret D\u00e9tox et Relax associe un shampooing solide au caf\u00e9, une Brosse Massante et un guide pratique. Le shampooing purifie le cuir chevelu sans l\u2019agresser, tandis que la brosse stimule les follicules pileux. Le guide \u00ab\u202fL\u2019\u00c9veil Caf\u00e9in\u00e9 des Cheveux\u202f\u00bb accompagne les utilisateurs dans l\u2019identification de leurs besoins capillaires. Ce rituel complet redonne \u00e9clat, volume et sant\u00e9 \u00e0 la chevelure tout en offrant un moment de d\u00e9tente. Il est particuli\u00e8rement adapt\u00e9 aux cuirs chevelus sensibles ou expos\u00e9s aux polluants urbains, combinant soin physique et \u00e9ducation \u00e0 une routine respectueuse.<\/span><\/p>\t\t\t\t\t\t\t\t<\/div>\n\t\t\t\t<\/div>\n\t\t\t\t<section class=\"elementor-section elementor-inner-section elementor-element elementor-element-bfec3ea elementor-section-boxed elementor-section-height-default elementor-section-height-default\" data-id=\"bfec3ea\" data-element_type=\"section\">\n\t\t\t\t\t\t<div class=\"elementor-container elementor-column-gap-default\">\n\t\t\t\t\t<div class=\"elementor-column elementor-col-100 elementor-inner-column elementor-element elementor-element-4bb9086\" data-id=\"4bb9086\" data-element_type=\"column\">\n\t\t\t<div class=\"elementor-widget-wrap elementor-element-populated\">\n\t\t\t\t\t\t<div class=\"elementor-element elementor-element-c85daeb elementor-widget elementor-widget-image\" data-id=\"c85daeb\" data-element_type=\"widget\" data-widget_type=\"image.default\">\n\t\t\t\t<div class=\"elementor-widget-container\">\n\t\t\t\t\t\t\t\t\t\t\t\t<figure class=\"wp-caption\">\n\t\t\t\t\t\t\t\t\t\t<img loading=\"lazy\" decoding=\"async\" width=\"768\" height=\"1024\" src=\"https:\/\/richeskarayib.com\/wp-content\/uploads\/2025\/06\/Coffret-Soin-Detox-et-Relax-768x1024.jpg\" class=\"attachment-large size-large wp-image-55020\" alt=\"F\u00e9e Kara\u00efb\" srcset=\"https:\/\/richeskarayib.com\/wp-content\/uploads\/2025\/06\/Coffret-Soin-Detox-et-Relax-768x1024.jpg 768w, https:\/\/richeskarayib.com\/wp-content\/uploads\/2025\/06\/Coffret-Soin-Detox-et-Relax-225x300.jpg 225w, https:\/\/richeskarayib.com\/wp-content\/uploads\/2025\/06\/Coffret-Soin-Detox-et-Relax-1152x1536.jpg 1152w, https:\/\/richeskarayib.com\/wp-content\/uploads\/2025\/06\/Coffret-Soin-Detox-et-Relax-1320x1760.jpg 1320w, https:\/\/richeskarayib.com\/wp-content\/uploads\/2025\/06\/Coffret-Soin-Detox-et-Relax.jpg 1440w\" sizes=\"(max-width: 768px) 100vw, 768px\" \/>\t\t\t\t\t\t\t\t\t\t\t<figcaption class=\"widget-image-caption wp-caption-text\">\u00a9F\u00e9e Kara\u00efb<\/figcaption>\n\t\t\t\t\t\t\t\t\t\t<\/figure>\n\t\t\t\t\t\t\t\t\t<\/div>\n\t\t\t\t<\/div>\n\t\t\t\t\t<\/div>\n\t\t<\/div>\n\t\t\t\t\t<\/div>\n\t\t<\/section>\n\t\t\t\t\t<\/div>\n\t\t<\/div>\n\t\t\t\t\t<\/div>\n\t\t<\/section>\n\t\t\t\t<section class=\"elementor-section elementor-top-section elementor-element elementor-element-5b928cf elementor-section-boxed elementor-section-height-default elementor-section-height-default\" data-id=\"5b928cf\" data-element_type=\"section\">\n\t\t\t\t\t\t<div class=\"elementor-container elementor-column-gap-default\">\n\t\t\t\t\t<div class=\"elementor-column elementor-col-100 elementor-top-column elementor-element elementor-element-587c274\" data-id=\"587c274\" data-element_type=\"column\">\n\t\t\t<div class=\"elementor-widget-wrap elementor-element-populated\">\n\t\t\t\t\t\t<div class=\"elementor-element elementor-element-2047da4 elementor-widget elementor-widget-heading\" data-id=\"2047da4\" data-element_type=\"widget\" data-widget_type=\"heading.default\">\n\t\t\t\t<div class=\"elementor-widget-container\">\n\t\t\t\t\t<h2 class=\"elementor-heading-title elementor-size-default\">Le caf\u00e9 antillais, ingr\u00e9dient central et identitaire<\/h2>\t\t\t\t<\/div>\n\t\t\t\t<\/div>\n\t\t\t\t<div class=\"elementor-element elementor-element-994871c elementor-widget elementor-widget-text-editor\" data-id=\"994871c\" data-element_type=\"widget\" data-widget_type=\"text-editor.default\">\n\t\t\t\t<div class=\"elementor-widget-container\">\n\t\t\t\t\t\t\t\t\t<p><span style=\"font-weight: 400;\"><a href=\"https:\/\/www.facebook.com\/profile.php?id=100083279405300\" target=\"_blank\" rel=\"noopener nofollow\">F\u00e9e Kara\u00efb<\/a> met \u00e0 l\u2019honneur le caf\u00e9 non seulement pour ses vertus cosm\u00e9tiques, mais aussi pour sa symbolique. Utilis\u00e9 sous forme de marc ou d\u2019huile infus\u00e9e, il stimule la circulation, renforce la fibre, bloque la DHT (hormone responsable de la chute des cheveux) et offre une barri\u00e8re antioxydante naturelle. Ce choix d\u2019ingr\u00e9dient refl\u00e8te l\u2019ancrage territorial et la volont\u00e9 de valoriser les ressources locales avec respect. Associ\u00e9 au respect du sol, \u00e0 des pratiques agricoles durables et \u00e0 des circuits courts, le caf\u00e9 devient un vecteur de sens autant que d\u2019efficacit\u00e9 cosm\u00e9tique.<\/span><\/p>\t\t\t\t\t\t\t\t<\/div>\n\t\t\t\t<\/div>\n\t\t\t\t\t<\/div>\n\t\t<\/div>\n\t\t\t\t\t<\/div>\n\t\t<\/section>\n\t\t\t\t<section class=\"elementor-section elementor-top-section elementor-element elementor-element-7ca7ca1 elementor-section-boxed elementor-section-height-default elementor-section-height-default\" data-id=\"7ca7ca1\" data-element_type=\"section\">\n\t\t\t\t\t\t<div class=\"elementor-container elementor-column-gap-default\">\n\t\t\t\t\t<div class=\"elementor-column elementor-col-100 elementor-top-column elementor-element elementor-element-cbdd002\" data-id=\"cbdd002\" data-element_type=\"column\">\n\t\t\t<div class=\"elementor-widget-wrap elementor-element-populated\">\n\t\t\t\t\t\t<div class=\"elementor-element elementor-element-da17f8d elementor-widget elementor-widget-heading\" data-id=\"da17f8d\" data-element_type=\"widget\" data-widget_type=\"heading.default\">\n\t\t\t\t<div class=\"elementor-widget-container\">\n\t\t\t\t\t<h2 class=\"elementor-heading-title elementor-size-default\">V\u00e9g\u00e9 Kr\u00e9yol : un espace de rencontre et d\u2019ancrage<\/h2>\t\t\t\t<\/div>\n\t\t\t\t<\/div>\n\t\t\t\t<div class=\"elementor-element elementor-element-209c746 elementor-widget elementor-widget-text-editor\" data-id=\"209c746\" data-element_type=\"widget\" data-widget_type=\"text-editor.default\">\n\t\t\t\t<div class=\"elementor-widget-container\">\n\t\t\t\t\t\t\t\t\t<h3><b>Une pr\u00e9sence marqu\u00e9e de F\u00e9e Kara\u00efb<\/b><\/h3>\n<p><span style=\"font-weight: 400;\">F\u00e9e Kara\u00efb participe activement \u00e0 l\u2019\u00e9v\u00e9nement <a href=\"https:\/\/www.vegekreyol.com\/events\/salon-vegekreyol-2025?utm_source=chatgpt.com\" target=\"_blank\" rel=\"noopener nofollow\">V\u00e9g\u00e9 Kr\u00e9yol<\/a>, rendez-vous qui r\u00e9unit les acteurs du v\u00e9g\u00e9tal, du bien-\u00eatre et des savoir-faire antillais. Ce salon met en avant des initiatives qui reposent sur la durabilit\u00e9, le lien au territoire et l\u2019innovation artisanale. Pour la marque, c\u2019est l\u2019occasion de faire partager sa vision, de tester ses produits en direct, tout en cr\u00e9ant un v\u00e9ritable moment de transmission.<\/span><\/p>\n<p><span style=\"font-weight: 400;\">F\u00e9e Kara\u00efb agit sur plusieurs fronts : autonomisation \u00e9conomique des femmes, valorisation des agriculteurs, promotion des pratiques \u00e9coresponsables, \u00e9ducation \u00e0 la sant\u00e9 capillaire. Chaque achat soutient un r\u00e9seau local, renforce une cha\u00eene de production courte et encourage une autre mani\u00e8re de consommer les cosm\u00e9tiques. Les retours clients soulignent souvent l&#8217;impact positif sur leur confiance personnelle, la red\u00e9couverte de leur texture de cheveux naturelle et la qualit\u00e9 des interactions humaines avec les fondatrices.<\/span><\/p>\t\t\t\t\t\t\t\t<\/div>\n\t\t\t\t<\/div>\n\t\t\t\t<div class=\"elementor-element elementor-element-c8a3091 elementor-widget elementor-widget-text-editor\" data-id=\"c8a3091\" data-element_type=\"widget\" data-widget_type=\"text-editor.default\">\n\t\t\t\t<div class=\"elementor-widget-container\">\n\t\t\t\t\t\t\t\t\t<h3><b><a href=\"https:\/\/www.instagram.com\/vegekreyol\/\" target=\"_blank\" rel=\"noopener nofollow\">V\u00e9g\u00e9 Kr\u00e9yol<\/a> : d\u00e9tail de l\u2019\u00e9v\u00e8nement<\/b><\/h3><p><span style=\"font-weight: 400;\">\ud83d\udcc5 Dimanche 6 juillet 2025<\/span><span style=\"font-weight: 400;\"><br \/><\/span><span style=\"font-weight: 400;\"> \ud83d\udd58 De 9h30 \u00e0 17h00<\/span><span style=\"font-weight: 400;\"><br \/><\/span><span style=\"font-weight: 400;\"> \ud83d\udccd Jardin d\u2019Eau \u2013 Goyave<\/span><span style=\"font-weight: 400;\"><br \/><\/span><span style=\"font-weight: 400;\"> \ud83c\udf9f\ufe0f Entr\u00e9e : 12\u202f\u20ac (Gratuit -12 ans)<\/span><span style=\"font-weight: 400;\"><br \/><\/span><span style=\"font-weight: 400;\"> \ud83c\udfaf Objectif : promouvoir l\u2019alimentation v\u00e9g\u00e9tale, le bien-\u00eatre carib\u00e9en, les savoir-faire locaux et l\u2019\u00e9cologie dans une ambiance conviviale et familiale.<\/span><\/p>\t\t\t\t\t\t\t\t<\/div>\n\t\t\t\t<\/div>\n\t\t\t\t<section class=\"elementor-section elementor-inner-section elementor-element elementor-element-c1a9695 elementor-section-boxed elementor-section-height-default elementor-section-height-default\" data-id=\"c1a9695\" data-element_type=\"section\">\n\t\t\t\t\t\t<div class=\"elementor-container elementor-column-gap-default\">\n\t\t\t\t\t<div class=\"elementor-column elementor-col-100 elementor-inner-column elementor-element elementor-element-c614ee1\" data-id=\"c614ee1\" data-element_type=\"column\">\n\t\t\t<div class=\"elementor-widget-wrap elementor-element-populated\">\n\t\t\t\t\t\t<div class=\"elementor-element elementor-element-a337c7c elementor-widget elementor-widget-image\" data-id=\"a337c7c\" data-element_type=\"widget\" data-widget_type=\"image.default\">\n\t\t\t\t<div class=\"elementor-widget-container\">\n\t\t\t\t\t\t\t\t\t\t\t\t\t\t\t<img loading=\"lazy\" decoding=\"async\" width=\"800\" height=\"452\" src=\"https:\/\/richeskarayib.com\/wp-content\/uploads\/2025\/06\/SALON-VEGE-KREYOL-2024-1024x578.webp\" class=\"attachment-large size-large wp-image-55024\" alt=\"F\u00e9e Kara\u00efb\" srcset=\"https:\/\/richeskarayib.com\/wp-content\/uploads\/2025\/06\/SALON-VEGE-KREYOL-2024-1024x578.webp 1024w, https:\/\/richeskarayib.com\/wp-content\/uploads\/2025\/06\/SALON-VEGE-KREYOL-2024-300x169.webp 300w, https:\/\/richeskarayib.com\/wp-content\/uploads\/2025\/06\/SALON-VEGE-KREYOL-2024-768x433.webp 768w, https:\/\/richeskarayib.com\/wp-content\/uploads\/2025\/06\/SALON-VEGE-KREYOL-2024-1320x744.webp 1320w, https:\/\/richeskarayib.com\/wp-content\/uploads\/2025\/06\/SALON-VEGE-KREYOL-2024.webp 1500w\" sizes=\"(max-width: 800px) 100vw, 800px\" \/>\t\t\t\t\t\t\t\t\t\t\t\t\t\t\t<\/div>\n\t\t\t\t<\/div>\n\t\t\t\t\t<\/div>\n\t\t<\/div>\n\t\t\t\t\t<\/div>\n\t\t<\/section>\n\t\t\t\t\t<\/div>\n\t\t<\/div>\n\t\t\t\t\t<\/div>\n\t\t<\/section>\n\t\t\t\t<section class=\"elementor-section elementor-top-section elementor-element elementor-element-8c285e6 elementor-section-boxed elementor-section-height-default elementor-section-height-default\" data-id=\"8c285e6\" data-element_type=\"section\">\n\t\t\t\t\t\t<div class=\"elementor-container elementor-column-gap-default\">\n\t\t\t\t\t<div class=\"elementor-column elementor-col-100 elementor-top-column elementor-element elementor-element-a3c2f9d\" data-id=\"a3c2f9d\" data-element_type=\"column\">\n\t\t\t<div class=\"elementor-widget-wrap elementor-element-populated\">\n\t\t\t\t\t\t<div class=\"elementor-element elementor-element-7205648 elementor-widget elementor-widget-text-editor\" data-id=\"7205648\" data-element_type=\"widget\" data-widget_type=\"text-editor.default\">\n\t\t\t\t<div class=\"elementor-widget-container\">\n\t\t\t\t\t\t\t\t\t<p><span style=\"font-weight: 400;\">F\u00e9e Kara\u00efb incarne une d\u00e9marche compl\u00e8te, \u00e0 la fois enracin\u00e9e, artisanale et innovante. Ses soins capillaires vont au-del\u00e0 du produit cosm\u00e9tique : ils racontent une m\u00e9moire, soutiennent un territoire et accompagnent chacun dans la r\u00e9appropriation de son identit\u00e9 capillaire. Pr\u00e9sente sur le terrain, notamment \u00e0 V\u00e9g\u00e9 Kr\u00e9yol, la marque trace une voie singuli\u00e8re au c\u0153ur des Antilles. F\u00e9e Kara\u00efb n\u2019est pas qu\u2019un nom : c\u2019est une promesse tenue.<\/span><\/p>\t\t\t\t\t\t\t\t<\/div>\n\t\t\t\t<\/div>\n\t\t\t\t<section class=\"elementor-section elementor-inner-section elementor-element elementor-element-adafc7f elementor-section-boxed elementor-section-height-default elementor-section-height-default\" data-id=\"adafc7f\" data-element_type=\"section\">\n\t\t\t\t\t\t<div class=\"elementor-container elementor-column-gap-default\">\n\t\t\t\t\t<div class=\"elementor-column elementor-col-33 elementor-inner-column elementor-element elementor-element-acaa0c0\" data-id=\"acaa0c0\" data-element_type=\"column\">\n\t\t\t<div class=\"elementor-widget-wrap elementor-element-populated\">\n\t\t\t\t\t\t<div class=\"elementor-element elementor-element-3ff3294 elementor-widget elementor-widget-image\" data-id=\"3ff3294\" data-element_type=\"widget\" data-widget_type=\"image.default\">\n\t\t\t\t<div class=\"elementor-widget-container\">\n\t\t\t\t\t\t\t\t\t\t\t\t\t\t\t<img loading=\"lazy\" decoding=\"async\" width=\"800\" height=\"534\" src=\"https:\/\/richeskarayib.com\/wp-content\/uploads\/2025\/06\/8d2f4414-6aae-4c57-8873-4c1e65275cd8-1024x683.jpg\" class=\"attachment-large size-large wp-image-55040\" alt=\"F\u00e9e Kara\u00efb\" srcset=\"https:\/\/richeskarayib.com\/wp-content\/uploads\/2025\/06\/8d2f4414-6aae-4c57-8873-4c1e65275cd8-1024x683.jpg 1024w, https:\/\/richeskarayib.com\/wp-content\/uploads\/2025\/06\/8d2f4414-6aae-4c57-8873-4c1e65275cd8-300x200.jpg 300w, https:\/\/richeskarayib.com\/wp-content\/uploads\/2025\/06\/8d2f4414-6aae-4c57-8873-4c1e65275cd8-768x512.jpg 768w, https:\/\/richeskarayib.com\/wp-content\/uploads\/2025\/06\/8d2f4414-6aae-4c57-8873-4c1e65275cd8-1536x1024.jpg 1536w, https:\/\/richeskarayib.com\/wp-content\/uploads\/2025\/06\/8d2f4414-6aae-4c57-8873-4c1e65275cd8-1320x880.jpg 1320w, https:\/\/richeskarayib.com\/wp-content\/uploads\/2025\/06\/8d2f4414-6aae-4c57-8873-4c1e65275cd8.jpg 1920w\" sizes=\"(max-width: 800px) 100vw, 800px\" \/>\t\t\t\t\t\t\t\t\t\t\t\t\t\t\t<\/div>\n\t\t\t\t<\/div>\n\t\t\t\t\t<\/div>\n\t\t<\/div>\n\t\t\t\t<div class=\"elementor-column elementor-col-33 elementor-inner-column elementor-element elementor-element-784294c\" data-id=\"784294c\" data-element_type=\"column\">\n\t\t\t<div class=\"elementor-widget-wrap elementor-element-populated\">\n\t\t\t\t\t\t<div class=\"elementor-element elementor-element-aaf7024 elementor-widget elementor-widget-image\" data-id=\"aaf7024\" data-element_type=\"widget\" data-widget_type=\"image.default\">\n\t\t\t\t<div class=\"elementor-widget-container\">\n\t\t\t\t\t\t\t\t\t\t\t\t\t\t\t<img loading=\"lazy\" decoding=\"async\" width=\"800\" height=\"533\" src=\"https:\/\/richeskarayib.com\/wp-content\/uploads\/2025\/06\/C38260BE-7E1F-4253-85F4-855FA81833BA_L0_001-2024-03-08_14_32_53-1024x682.jpg\" class=\"attachment-large size-large wp-image-55044\" alt=\"F\u00e9e Kara\u00efb\" srcset=\"https:\/\/richeskarayib.com\/wp-content\/uploads\/2025\/06\/C38260BE-7E1F-4253-85F4-855FA81833BA_L0_001-2024-03-08_14_32_53-1024x682.jpg 1024w, https:\/\/richeskarayib.com\/wp-content\/uploads\/2025\/06\/C38260BE-7E1F-4253-85F4-855FA81833BA_L0_001-2024-03-08_14_32_53-300x200.jpg 300w, https:\/\/richeskarayib.com\/wp-content\/uploads\/2025\/06\/C38260BE-7E1F-4253-85F4-855FA81833BA_L0_001-2024-03-08_14_32_53-768x512.jpg 768w, https:\/\/richeskarayib.com\/wp-content\/uploads\/2025\/06\/C38260BE-7E1F-4253-85F4-855FA81833BA_L0_001-2024-03-08_14_32_53.jpg 1280w\" sizes=\"(max-width: 800px) 100vw, 800px\" \/>\t\t\t\t\t\t\t\t\t\t\t\t\t\t\t<\/div>\n\t\t\t\t<\/div>\n\t\t\t\t\t<\/div>\n\t\t<\/div>\n\t\t\t\t<div class=\"elementor-column elementor-col-33 elementor-inner-column elementor-element elementor-element-5c77d25\" data-id=\"5c77d25\" data-element_type=\"column\">\n\t\t\t<div class=\"elementor-widget-wrap elementor-element-populated\">\n\t\t\t\t\t\t<div class=\"elementor-element elementor-element-e67e11a elementor-widget elementor-widget-image\" data-id=\"e67e11a\" data-element_type=\"widget\" data-widget_type=\"image.default\">\n\t\t\t\t<div class=\"elementor-widget-container\">\n\t\t\t\t\t\t\t\t\t\t\t\t\t\t\t<img loading=\"lazy\" decoding=\"async\" width=\"480\" height=\"320\" src=\"https:\/\/richeskarayib.com\/wp-content\/uploads\/2025\/06\/219b980a-8339-4d95-a710-bc34099d7e10_1_480x480.webp\" class=\"attachment-large size-large wp-image-55048\" alt=\"F\u00e9e Kara\u00efb\" srcset=\"https:\/\/richeskarayib.com\/wp-content\/uploads\/2025\/06\/219b980a-8339-4d95-a710-bc34099d7e10_1_480x480.webp 480w, https:\/\/richeskarayib.com\/wp-content\/uploads\/2025\/06\/219b980a-8339-4d95-a710-bc34099d7e10_1_480x480-300x200.webp 300w\" sizes=\"(max-width: 480px) 100vw, 480px\" \/>\t\t\t\t\t\t\t\t\t\t\t\t\t\t\t<\/div>\n\t\t\t\t<\/div>\n\t\t\t\t\t<\/div>\n\t\t<\/div>\n\t\t\t\t\t<\/div>\n\t\t<\/section>\n\t\t\t\t\t<\/div>\n\t\t<\/div>\n\t\t\t\t\t<\/div>\n\t\t<\/section>\n\t\t\t\t<\/div>\n\t\t","protected":false},"excerpt":{"rendered":"<p>Trois s\u0153urs, une conviction : faire du cheveu un lien culturel F\u00e9e Kara\u00efb est n\u00e9e de l\u2019engagement de trois s\u0153urs unies par un m\u00eame d\u00e9sir : remettre \u00e0 l\u2019honneur les rem\u00e8des capillaires issus des savoirs antillais. Loin des standards industriels, elles ont fait le choix d\u2019une approche artisanale, locale et respectueuse de toutes les textures. [&hellip;]<\/p>\n","protected":false},"author":662,"featured_media":54988,"comment_status":"open","ping_status":"open","sticky":false,"template":"","format":"standard","meta":{"_acf_changed":false,"footnotes":""},"categories":[840],"tags":[1633],"class_list":["post-54987","post","type-post","status-publish","format-standard","has-post-thumbnail","hentry","category-actus","tag-guadelpupe"],"acf":[],"_links":{"self":[{"href":"https:\/\/richeskarayib.com\/fr\/wp-json\/wp\/v2\/posts\/54987","targetHints":{"allow":["GET"]}}],"collection":[{"href":"https:\/\/richeskarayib.com\/fr\/wp-json\/wp\/v2\/posts"}],"about":[{"href":"https:\/\/richeskarayib.com\/fr\/wp-json\/wp\/v2\/types\/post"}],"author":[{"embeddable":true,"href":"https:\/\/richeskarayib.com\/fr\/wp-json\/wp\/v2\/users\/662"}],"replies":[{"embeddable":true,"href":"https:\/\/richeskarayib.com\/fr\/wp-json\/wp\/v2\/comments?post=54987"}],"version-history":[{"count":0,"href":"https:\/\/richeskarayib.com\/fr\/wp-json\/wp\/v2\/posts\/54987\/revisions"}],"wp:featuredmedia":[{"embeddable":true,"href":"https:\/\/richeskarayib.com\/fr\/wp-json\/wp\/v2\/media\/54988"}],"wp:attachment":[{"href":"https:\/\/richeskarayib.com\/fr\/wp-json\/wp\/v2\/media?parent=54987"}],"wp:term":[{"taxonomy":"category","embeddable":true,"href":"https:\/\/richeskarayib.com\/fr\/wp-json\/wp\/v2\/categories?post=54987"},{"taxonomy":"post_tag","embeddable":true,"href":"https:\/\/richeskarayib.com\/fr\/wp-json\/wp\/v2\/tags?post=54987"}],"curies":[{"name":"wp","href":"https:\/\/api.w.org\/{rel}","templated":true}]}}