{"id":55394,"date":"2025-06-25T10:14:50","date_gmt":"2025-06-25T14:14:50","guid":{"rendered":"https:\/\/richeskarayib.com\/?p=55394"},"modified":"2025-06-25T10:14:50","modified_gmt":"2025-06-25T14:14:50","slug":"black-river-film-festival-2025-cinema","status":"publish","type":"post","link":"https:\/\/richeskarayib.com\/fr\/black-river-film-festival-2025-cinema\/","title":{"rendered":"Jama\u00efque &#8211; Black River Film Festival 2025 : une vitrine carib\u00e9enne pour le cin\u00e9ma mondial."},"content":{"rendered":"\t\t<div data-elementor-type=\"wp-post\" data-elementor-id=\"55394\" class=\"elementor elementor-55394\" data-elementor-post-type=\"post\">\n\t\t\t\t\t\t<section class=\"elementor-section elementor-top-section elementor-element elementor-element-34e72cf elementor-section-boxed elementor-section-height-default elementor-section-height-default\" data-id=\"34e72cf\" data-element_type=\"section\">\n\t\t\t\t\t\t<div class=\"elementor-container elementor-column-gap-default\">\n\t\t\t\t\t<div class=\"elementor-column elementor-col-100 elementor-top-column elementor-element elementor-element-6d7868a\" data-id=\"6d7868a\" data-element_type=\"column\">\n\t\t\t<div class=\"elementor-widget-wrap elementor-element-populated\">\n\t\t\t\t\t\t<div class=\"elementor-element elementor-element-25340a1 elementor-widget elementor-widget-text-editor\" data-id=\"25340a1\" data-element_type=\"widget\" data-widget_type=\"text-editor.default\">\n\t\t\t\t<div class=\"elementor-widget-container\">\n\t\t\t\t\t\t\t\t\t<p><a href=\"https:\/\/blackriverfilmfestival.com\/\" target=\"_blank\" rel=\"noopener nofollow\">Le Black River Film Festival<\/a> est rapidement devenu un rendez-vous majeur pour les passionn\u00e9s de cin\u00e9ma en <a href=\"https:\/\/richeskarayib.com\/fr\/usain-bolt-nouveau-visage-du-tourisme-jamaicain\/\" target=\"_blank\" rel=\"noopener\">Jama\u00efque<\/a> et au-del\u00e0. N\u00e9 de la volont\u00e9 de dynamiser la sc\u00e8ne cin\u00e9matographique locale, ce festival a vu le jour sur la c\u00f4te Sud, \u00e0 Black River, un site charg\u00e9 d\u2019histoire et de culture. Sa mission ? Favoriser l\u2019\u00e9mergence de nouveaux talents, promouvoir la diversit\u00e9 des r\u00e9cits carib\u00e9ens et connecter les cr\u00e9ateurs locaux avec les march\u00e9s mondiaux.<\/p>\t\t\t\t\t\t\t\t<\/div>\n\t\t\t\t<\/div>\n\t\t\t\t<div class=\"elementor-element elementor-element-f97b89d elementor-widget elementor-widget-text-editor\" data-id=\"f97b89d\" data-element_type=\"widget\" data-widget_type=\"text-editor.default\">\n\t\t\t\t<div class=\"elementor-widget-container\">\n\t\t\t\t\t\t\t\t\t<p>D\u00e8s sa premi\u00e8re \u00e9dition, le <a href=\"https:\/\/filmfreeway.com\/BlackRiverFilmFestival\" target=\"_blank\" rel=\"noopener nofollow\">Jamaica\u2019s Black River Film Festival<\/a> s\u2019est impos\u00e9 comme un catalyseur de changement positif, encourageant l\u2019innovation et la croissance dans l\u2019industrie du film. Il joue un r\u00f4le essentiel dans la pr\u00e9servation du patrimoine culturel jama\u00efcain tout en ouvrant des passerelles vers l\u2019international.<\/p>\t\t\t\t\t\t\t\t<\/div>\n\t\t\t\t<\/div>\n\t\t\t\t\t<\/div>\n\t\t<\/div>\n\t\t\t\t\t<\/div>\n\t\t<\/section>\n\t\t\t\t<section class=\"elementor-section elementor-top-section elementor-element elementor-element-3756bbb elementor-section-boxed elementor-section-height-default elementor-section-height-default\" data-id=\"3756bbb\" data-element_type=\"section\">\n\t\t\t\t\t\t<div class=\"elementor-container elementor-column-gap-default\">\n\t\t\t\t\t<div class=\"elementor-column elementor-col-100 elementor-top-column elementor-element elementor-element-df79712\" data-id=\"df79712\" data-element_type=\"column\">\n\t\t\t<div class=\"elementor-widget-wrap elementor-element-populated\">\n\t\t\t\t\t\t<div class=\"elementor-element elementor-element-782f801 elementor-widget elementor-widget-heading\" data-id=\"782f801\" data-element_type=\"widget\" data-widget_type=\"heading.default\">\n\t\t\t\t<div class=\"elementor-widget-container\">\n\t\t\t\t\t<h2 class=\"elementor-heading-title elementor-size-default\">L\u2019\u00e9dition 2025 : un tournant pour le cin\u00e9ma Jama\u00efcain<\/h2>\t\t\t\t<\/div>\n\t\t\t\t<\/div>\n\t\t\t\t<section class=\"elementor-section elementor-inner-section elementor-element elementor-element-d49b67d elementor-section-boxed elementor-section-height-default elementor-section-height-default\" data-id=\"d49b67d\" data-element_type=\"section\">\n\t\t\t\t\t\t<div class=\"elementor-container elementor-column-gap-default\">\n\t\t\t\t\t<div class=\"elementor-column elementor-col-100 elementor-inner-column elementor-element elementor-element-3452fb1\" data-id=\"3452fb1\" data-element_type=\"column\">\n\t\t\t<div class=\"elementor-widget-wrap elementor-element-populated\">\n\t\t\t\t\t\t<div class=\"elementor-element elementor-element-8492aa2 elementor-widget elementor-widget-text-editor\" data-id=\"8492aa2\" data-element_type=\"widget\" data-widget_type=\"text-editor.default\">\n\t\t\t\t<div class=\"elementor-widget-container\">\n\t\t\t\t\t\t\t\t\t<p>Pour 2025, le Jamaica\u2019s Black River Film Festival place la barre encore plus haut avec un th\u00e8me fort : \u00ab Coproductions et Distribution \u00bb. Cette orientation refl\u00e8te une n\u00e9cessit\u00e9 croissante de collaboration dans le secteur cin\u00e9matographique mondial. L\u2019objectif est clair : connecter la Cara\u00efbe aux march\u00e9s internationaux, offrir des opportunit\u00e9s de financement, de distribution et de coproduction, et positionner la Jama\u00efque comme un acteur cl\u00e9 du cin\u00e9ma mondial.<\/p>\t\t\t\t\t\t\t\t<\/div>\n\t\t\t\t<\/div>\n\t\t\t\t<div class=\"elementor-element elementor-element-111664e elementor-widget elementor-widget-image\" data-id=\"111664e\" data-element_type=\"widget\" data-widget_type=\"image.default\">\n\t\t\t\t<div class=\"elementor-widget-container\">\n\t\t\t\t\t\t\t\t\t\t\t\t<figure class=\"wp-caption\">\n\t\t\t\t\t\t\t\t\t\t<img fetchpriority=\"high\" decoding=\"async\" width=\"768\" height=\"768\" src=\"https:\/\/richeskarayib.com\/wp-content\/uploads\/2025\/06\/Black-River-Film-Festival-768x768.jpg.webp\" class=\"attachment-large size-large wp-image-55403\" alt=\"Black River Film Festival\" srcset=\"https:\/\/richeskarayib.com\/wp-content\/uploads\/2025\/06\/Black-River-Film-Festival-768x768.jpg.webp 768w, https:\/\/richeskarayib.com\/wp-content\/uploads\/2025\/06\/Black-River-Film-Festival-768x768.jpg-300x300.webp 300w, https:\/\/richeskarayib.com\/wp-content\/uploads\/2025\/06\/Black-River-Film-Festival-768x768.jpg-150x150.webp 150w\" sizes=\"(max-width: 768px) 100vw, 768px\" \/>\t\t\t\t\t\t\t\t\t\t\t<figcaption class=\"widget-image-caption wp-caption-text\">\u00a9Black River Film Festival <\/figcaption>\n\t\t\t\t\t\t\t\t\t\t<\/figure>\n\t\t\t\t\t\t\t\t\t<\/div>\n\t\t\t\t<\/div>\n\t\t\t\t<div class=\"elementor-element elementor-element-51dcc09 elementor-widget elementor-widget-text-editor\" data-id=\"51dcc09\" data-element_type=\"widget\" data-widget_type=\"text-editor.default\">\n\t\t\t\t<div class=\"elementor-widget-container\">\n\t\t\t\t\t\t\t\t\t<p>L\u2019\u00e9dition 2025 du <a href=\"https:\/\/sflcn.com\/jamaica-black-river-film-festival-a-new-era-begins\/?utm_source=chatgpt.com\" target=\"_blank\" rel=\"noopener nofollow\">Black River Film Festival<\/a> b\u00e9n\u00e9ficie du soutien de partenaires institutionnels majeurs : le Jamaica Tourist Board, le CHASE Fund, JAMPRO et la Jamaica Film Commission. Ces appuis t\u00e9moignent de la confiance accord\u00e9e \u00e0 l\u2019\u00e9v\u00e9nement et de sa capacit\u00e9 \u00e0 g\u00e9n\u00e9rer des retomb\u00e9es \u00e9conomiques et culturelles pour la r\u00e9gion de Black River et l\u2019ensemble de la Jama\u00efque.<\/p>\t\t\t\t\t\t\t\t<\/div>\n\t\t\t\t<\/div>\n\t\t\t\t\t<\/div>\n\t\t<\/div>\n\t\t\t\t\t<\/div>\n\t\t<\/section>\n\t\t\t\t<section class=\"elementor-section elementor-inner-section elementor-element elementor-element-aac643d elementor-section-boxed elementor-section-height-default elementor-section-height-default\" data-id=\"aac643d\" data-element_type=\"section\">\n\t\t\t\t\t\t<div class=\"elementor-container elementor-column-gap-default\">\n\t\t\t\t\t<div class=\"elementor-column elementor-col-100 elementor-inner-column elementor-element elementor-element-1ef08f8\" data-id=\"1ef08f8\" data-element_type=\"column\">\n\t\t\t<div class=\"elementor-widget-wrap elementor-element-populated\">\n\t\t\t\t\t\t<div class=\"elementor-element elementor-element-86dfe56 elementor-widget elementor-widget-image\" data-id=\"86dfe56\" data-element_type=\"widget\" data-widget_type=\"image.default\">\n\t\t\t\t<div class=\"elementor-widget-container\">\n\t\t\t\t\t\t\t\t\t\t\t\t<figure class=\"wp-caption\">\n\t\t\t\t\t\t\t\t\t\t<img decoding=\"async\" width=\"800\" height=\"1000\" src=\"https:\/\/richeskarayib.com\/wp-content\/uploads\/2025\/06\/513086287_122236973750221989_5569558094010702609_n-819x1024.jpg\" class=\"attachment-large size-large wp-image-55399\" alt=\"Black River Film Festival\" srcset=\"https:\/\/richeskarayib.com\/wp-content\/uploads\/2025\/06\/513086287_122236973750221989_5569558094010702609_n-819x1024.jpg 819w, https:\/\/richeskarayib.com\/wp-content\/uploads\/2025\/06\/513086287_122236973750221989_5569558094010702609_n-240x300.jpg 240w, https:\/\/richeskarayib.com\/wp-content\/uploads\/2025\/06\/513086287_122236973750221989_5569558094010702609_n-768x960.jpg 768w, https:\/\/richeskarayib.com\/wp-content\/uploads\/2025\/06\/513086287_122236973750221989_5569558094010702609_n.jpg 864w\" sizes=\"(max-width: 800px) 100vw, 800px\" \/>\t\t\t\t\t\t\t\t\t\t\t<figcaption class=\"widget-image-caption wp-caption-text\">\u00a9Black River Film Festival <\/figcaption>\n\t\t\t\t\t\t\t\t\t\t<\/figure>\n\t\t\t\t\t\t\t\t\t<\/div>\n\t\t\t\t<\/div>\n\t\t\t\t\t<\/div>\n\t\t<\/div>\n\t\t\t\t\t<\/div>\n\t\t<\/section>\n\t\t\t\t\t<\/div>\n\t\t<\/div>\n\t\t\t\t\t<\/div>\n\t\t<\/section>\n\t\t\t\t<section class=\"elementor-section elementor-top-section elementor-element elementor-element-5b928cf elementor-section-boxed elementor-section-height-default elementor-section-height-default\" data-id=\"5b928cf\" data-element_type=\"section\">\n\t\t\t\t\t\t<div class=\"elementor-container elementor-column-gap-default\">\n\t\t\t\t\t<div class=\"elementor-column elementor-col-100 elementor-top-column elementor-element elementor-element-587c274\" data-id=\"587c274\" data-element_type=\"column\">\n\t\t\t<div class=\"elementor-widget-wrap elementor-element-populated\">\n\t\t\t\t\t\t<div class=\"elementor-element elementor-element-2047da4 elementor-widget elementor-widget-heading\" data-id=\"2047da4\" data-element_type=\"widget\" data-widget_type=\"heading.default\">\n\t\t\t\t<div class=\"elementor-widget-container\">\n\t\t\t\t\t<h2 class=\"elementor-heading-title elementor-size-default\">Un programme riche et engag\u00e9<\/h2>\t\t\t\t<\/div>\n\t\t\t\t<\/div>\n\t\t\t\t<section class=\"elementor-section elementor-inner-section elementor-element elementor-element-1c6c714 elementor-section-boxed elementor-section-height-default elementor-section-height-default\" data-id=\"1c6c714\" data-element_type=\"section\">\n\t\t\t\t\t\t<div class=\"elementor-container elementor-column-gap-default\">\n\t\t\t\t\t<div class=\"elementor-column elementor-col-100 elementor-inner-column elementor-element elementor-element-395ba6a\" data-id=\"395ba6a\" data-element_type=\"column\">\n\t\t\t<div class=\"elementor-widget-wrap elementor-element-populated\">\n\t\t\t\t\t\t<div class=\"elementor-element elementor-element-994871c elementor-widget elementor-widget-text-editor\" data-id=\"994871c\" data-element_type=\"widget\" data-widget_type=\"text-editor.default\">\n\t\t\t\t<div class=\"elementor-widget-container\">\n\t\t\t\t\t\t\t\t\t<p>Cette ann\u00e9e, le Jamaica\u2019s Black River Film Festival se d\u00e9roulera les vendredi 27 et samedi 28 juin 2025 \u00e0 Cloggy\u2019s on the Beach, \u00e0 Black River, St. Elizabeth. Deux jours intenses, ponctu\u00e9s de projections de films, de masterclass, de conf\u00e9rences, de sessions de r\u00e9seautage, sans oublier la gastronomie locale, les boissons et la musique live.<\/p>\t\t\t\t\t\t\t\t<\/div>\n\t\t\t\t<\/div>\n\t\t\t\t<div class=\"elementor-element elementor-element-82e4607 elementor-widget elementor-widget-text-editor\" data-id=\"82e4607\" data-element_type=\"widget\" data-widget_type=\"text-editor.default\">\n\t\t\t\t<div class=\"elementor-widget-container\">\n\t\t\t\t\t\t\t\t\t<h3>\ud83d\udcc5 Vendredi 27 juin 2025<\/h3><ul><li aria-level=\"1\">\u2b50 Ouverture officielle du festival<\/li><li aria-level=\"1\">\u2b50 Projections de films s\u00e9lectionn\u00e9s<\/li><li aria-level=\"1\">\u2b50 Masterclass anim\u00e9es par des experts internationaux, dont Samad Davis (Netflix) et C\u00e9dric Pierre-Louis (Canal+ International)<\/li><li aria-level=\"1\">\u2b50 Ateliers interactifs sur la coproduction et la distribution<\/li><li aria-level=\"1\">\u2b50 Soir\u00e9e musicale avec Mutabaruka en DJ r\u00e9sident<\/li><\/ul>\t\t\t\t\t\t\t\t<\/div>\n\t\t\t\t<\/div>\n\t\t\t\t<div class=\"elementor-element elementor-element-4c264e1 elementor-widget elementor-widget-text-editor\" data-id=\"4c264e1\" data-element_type=\"widget\" data-widget_type=\"text-editor.default\">\n\t\t\t\t<div class=\"elementor-widget-container\">\n\t\t\t\t\t\t\t\t\t<h3>\ud83d\udcc5 Samedi 28 juin 2025<\/h3><ul><li aria-level=\"1\">\u2b50Suite des projections et ateliers<\/li><li aria-level=\"1\">\u2b50Rencontres professionnelles et r\u00e9seautage<\/li><li aria-level=\"1\">\u2b50Table ronde avec des figures majeures : Jackie Jackson (Film Commissioner), Angela White, Dolapo Erinkitola, Wendy Parkies (Afrique du Sud), Jetsetter Jackie (blogueuse britannique), Evy Royal (humoriste jama\u00efcain)<\/li><li aria-level=\"1\">\u2b50Performances live de Duane Stephenson et Bugle<\/li><li aria-level=\"1\">\u2b50Remise des prix<\/li><\/ul>\t\t\t\t\t\t\t\t<\/div>\n\t\t\t\t<\/div>\n\t\t\t\t\t<\/div>\n\t\t<\/div>\n\t\t\t\t\t<\/div>\n\t\t<\/section>\n\t\t\t\t<section class=\"elementor-section elementor-inner-section elementor-element elementor-element-fed98cc elementor-section-boxed elementor-section-height-default elementor-section-height-default\" data-id=\"fed98cc\" data-element_type=\"section\">\n\t\t\t\t\t\t<div class=\"elementor-container elementor-column-gap-default\">\n\t\t\t\t\t<div class=\"elementor-column elementor-col-25 elementor-inner-column elementor-element elementor-element-8572252\" data-id=\"8572252\" data-element_type=\"column\">\n\t\t\t<div class=\"elementor-widget-wrap elementor-element-populated\">\n\t\t\t\t\t\t<div class=\"elementor-element elementor-element-f4ec9ec elementor-widget elementor-widget-image\" data-id=\"f4ec9ec\" data-element_type=\"widget\" data-widget_type=\"image.default\">\n\t\t\t\t<div class=\"elementor-widget-container\">\n\t\t\t\t\t\t\t\t\t\t\t\t<figure class=\"wp-caption\">\n\t\t\t\t\t\t\t\t\t\t<img decoding=\"async\" width=\"800\" height=\"1000\" src=\"https:\/\/richeskarayib.com\/wp-content\/uploads\/2025\/06\/511516107_122236973798221989_4464326531030692995_n-819x1024.jpg\" class=\"attachment-large size-large wp-image-55407\" alt=\"Black River Film Festival\" srcset=\"https:\/\/richeskarayib.com\/wp-content\/uploads\/2025\/06\/511516107_122236973798221989_4464326531030692995_n-819x1024.jpg 819w, https:\/\/richeskarayib.com\/wp-content\/uploads\/2025\/06\/511516107_122236973798221989_4464326531030692995_n-240x300.jpg 240w, https:\/\/richeskarayib.com\/wp-content\/uploads\/2025\/06\/511516107_122236973798221989_4464326531030692995_n-768x960.jpg 768w, https:\/\/richeskarayib.com\/wp-content\/uploads\/2025\/06\/511516107_122236973798221989_4464326531030692995_n.jpg 864w\" sizes=\"(max-width: 800px) 100vw, 800px\" \/>\t\t\t\t\t\t\t\t\t\t\t<figcaption class=\"widget-image-caption wp-caption-text\">Black River Film Festival <\/figcaption>\n\t\t\t\t\t\t\t\t\t\t<\/figure>\n\t\t\t\t\t\t\t\t\t<\/div>\n\t\t\t\t<\/div>\n\t\t\t\t\t<\/div>\n\t\t<\/div>\n\t\t\t\t<div class=\"elementor-column elementor-col-25 elementor-inner-column elementor-element elementor-element-b6d3b31\" data-id=\"b6d3b31\" data-element_type=\"column\">\n\t\t\t<div class=\"elementor-widget-wrap elementor-element-populated\">\n\t\t\t\t\t\t<div class=\"elementor-element elementor-element-e559cc6 elementor-widget elementor-widget-image\" data-id=\"e559cc6\" data-element_type=\"widget\" data-widget_type=\"image.default\">\n\t\t\t\t<div class=\"elementor-widget-container\">\n\t\t\t\t\t\t\t\t\t\t\t\t\t\t\t<img loading=\"lazy\" decoding=\"async\" width=\"800\" height=\"1000\" src=\"https:\/\/richeskarayib.com\/wp-content\/uploads\/2025\/06\/512683700_122236973840221989_5257819823465317748_n-819x1024.jpg\" class=\"attachment-large size-large wp-image-55411\" alt=\"Black River Film Festival\" srcset=\"https:\/\/richeskarayib.com\/wp-content\/uploads\/2025\/06\/512683700_122236973840221989_5257819823465317748_n-819x1024.jpg 819w, https:\/\/richeskarayib.com\/wp-content\/uploads\/2025\/06\/512683700_122236973840221989_5257819823465317748_n-240x300.jpg 240w, https:\/\/richeskarayib.com\/wp-content\/uploads\/2025\/06\/512683700_122236973840221989_5257819823465317748_n-768x960.jpg 768w, https:\/\/richeskarayib.com\/wp-content\/uploads\/2025\/06\/512683700_122236973840221989_5257819823465317748_n.jpg 864w\" sizes=\"(max-width: 800px) 100vw, 800px\" \/>\t\t\t\t\t\t\t\t\t\t\t\t\t\t\t<\/div>\n\t\t\t\t<\/div>\n\t\t\t\t\t<\/div>\n\t\t<\/div>\n\t\t\t\t<div class=\"elementor-column elementor-col-25 elementor-inner-column elementor-element elementor-element-90a3ae9\" data-id=\"90a3ae9\" data-element_type=\"column\">\n\t\t\t<div class=\"elementor-widget-wrap elementor-element-populated\">\n\t\t\t\t\t\t<div class=\"elementor-element elementor-element-d133e10 elementor-widget elementor-widget-image\" data-id=\"d133e10\" data-element_type=\"widget\" data-widget_type=\"image.default\">\n\t\t\t\t<div class=\"elementor-widget-container\">\n\t\t\t\t\t\t\t\t\t\t\t\t\t\t\t<img loading=\"lazy\" decoding=\"async\" width=\"800\" height=\"1000\" src=\"https:\/\/richeskarayib.com\/wp-content\/uploads\/2025\/06\/512124430_122236973888221989_4712063773659545187_n-819x1024.jpg\" class=\"attachment-large size-large wp-image-55415\" alt=\"Black River Film Festival\" srcset=\"https:\/\/richeskarayib.com\/wp-content\/uploads\/2025\/06\/512124430_122236973888221989_4712063773659545187_n-819x1024.jpg 819w, https:\/\/richeskarayib.com\/wp-content\/uploads\/2025\/06\/512124430_122236973888221989_4712063773659545187_n-240x300.jpg 240w, https:\/\/richeskarayib.com\/wp-content\/uploads\/2025\/06\/512124430_122236973888221989_4712063773659545187_n-768x960.jpg 768w, https:\/\/richeskarayib.com\/wp-content\/uploads\/2025\/06\/512124430_122236973888221989_4712063773659545187_n.jpg 864w\" sizes=\"(max-width: 800px) 100vw, 800px\" \/>\t\t\t\t\t\t\t\t\t\t\t\t\t\t\t<\/div>\n\t\t\t\t<\/div>\n\t\t\t\t\t<\/div>\n\t\t<\/div>\n\t\t\t\t<div class=\"elementor-column elementor-col-25 elementor-inner-column elementor-element elementor-element-e5509b0\" data-id=\"e5509b0\" data-element_type=\"column\">\n\t\t\t<div class=\"elementor-widget-wrap elementor-element-populated\">\n\t\t\t\t\t\t<div class=\"elementor-element elementor-element-25c4ef1 elementor-widget elementor-widget-image\" data-id=\"25c4ef1\" data-element_type=\"widget\" data-widget_type=\"image.default\">\n\t\t\t\t<div class=\"elementor-widget-container\">\n\t\t\t\t\t\t\t\t\t\t\t\t\t\t\t<img loading=\"lazy\" decoding=\"async\" width=\"800\" height=\"1000\" src=\"https:\/\/richeskarayib.com\/wp-content\/uploads\/2025\/06\/510968282_122236973942221989_1773499356593463864_n-819x1024.jpg\" class=\"attachment-large size-large wp-image-55419\" alt=\"Black River Film Festival\" srcset=\"https:\/\/richeskarayib.com\/wp-content\/uploads\/2025\/06\/510968282_122236973942221989_1773499356593463864_n-819x1024.jpg 819w, https:\/\/richeskarayib.com\/wp-content\/uploads\/2025\/06\/510968282_122236973942221989_1773499356593463864_n-240x300.jpg 240w, https:\/\/richeskarayib.com\/wp-content\/uploads\/2025\/06\/510968282_122236973942221989_1773499356593463864_n-768x960.jpg 768w, https:\/\/richeskarayib.com\/wp-content\/uploads\/2025\/06\/510968282_122236973942221989_1773499356593463864_n.jpg 864w\" sizes=\"(max-width: 800px) 100vw, 800px\" \/>\t\t\t\t\t\t\t\t\t\t\t\t\t\t\t<\/div>\n\t\t\t\t<\/div>\n\t\t\t\t\t<\/div>\n\t\t<\/div>\n\t\t\t\t\t<\/div>\n\t\t<\/section>\n\t\t\t\t<section class=\"elementor-section elementor-inner-section elementor-element elementor-element-c51c1e9 elementor-section-boxed elementor-section-height-default elementor-section-height-default\" data-id=\"c51c1e9\" data-element_type=\"section\">\n\t\t\t\t\t\t<div class=\"elementor-container elementor-column-gap-default\">\n\t\t\t\t\t\t<\/div>\n\t\t<\/section>\n\t\t\t\t\t<\/div>\n\t\t<\/div>\n\t\t\t\t\t<\/div>\n\t\t<\/section>\n\t\t\t\t<section class=\"elementor-section elementor-top-section elementor-element elementor-element-7ca7ca1 elementor-section-boxed elementor-section-height-default elementor-section-height-default\" data-id=\"7ca7ca1\" data-element_type=\"section\">\n\t\t\t\t\t\t<div class=\"elementor-container elementor-column-gap-default\">\n\t\t\t\t\t<div class=\"elementor-column elementor-col-100 elementor-top-column elementor-element elementor-element-cbdd002\" data-id=\"cbdd002\" data-element_type=\"column\">\n\t\t\t<div class=\"elementor-widget-wrap elementor-element-populated\">\n\t\t\t\t\t\t<div class=\"elementor-element elementor-element-da17f8d elementor-widget elementor-widget-heading\" data-id=\"da17f8d\" data-element_type=\"widget\" data-widget_type=\"heading.default\">\n\t\t\t\t<div class=\"elementor-widget-container\">\n\t\t\t\t\t<h2 class=\"elementor-heading-title elementor-size-default\">Concours, r\u00e9compenses et opportunit\u00e9s pour les cr\u00e9ateur<\/h2>\t\t\t\t<\/div>\n\t\t\t\t<\/div>\n\t\t\t\t<section class=\"elementor-section elementor-inner-section elementor-element elementor-element-bc94849 elementor-section-boxed elementor-section-height-default elementor-section-height-default\" data-id=\"bc94849\" data-element_type=\"section\">\n\t\t\t\t\t\t<div class=\"elementor-container elementor-column-gap-default\">\n\t\t\t\t\t\t<\/div>\n\t\t<\/section>\n\t\t\t\t<section class=\"elementor-section elementor-inner-section elementor-element elementor-element-9e973f4 elementor-section-boxed elementor-section-height-default elementor-section-height-default\" data-id=\"9e973f4\" data-element_type=\"section\">\n\t\t\t\t\t\t<div class=\"elementor-container elementor-column-gap-default\">\n\t\t\t\t\t<div class=\"elementor-column elementor-col-100 elementor-inner-column elementor-element elementor-element-826b295\" data-id=\"826b295\" data-element_type=\"column\">\n\t\t\t<div class=\"elementor-widget-wrap elementor-element-populated\">\n\t\t\t\t\t\t<div class=\"elementor-element elementor-element-209c746 elementor-widget elementor-widget-text-editor\" data-id=\"209c746\" data-element_type=\"widget\" data-widget_type=\"text-editor.default\">\n\t\t\t\t<div class=\"elementor-widget-container\">\n\t\t\t\t\t\t\t\t\t<p>Le Jamaica\u2019s Black River Film Festival 2025 a re\u00e7u 49 soumissions de films, dont 15 ont \u00e9t\u00e9 s\u00e9lectionn\u00e9s pour concourir dans diff\u00e9rentes cat\u00e9gories. Les \u0153uvres sont \u00e9valu\u00e9es sur la cr\u00e9ativit\u00e9, la narration et l\u2019impact culturel. Les prix d\u00e9cern\u00e9s incluent :<\/p>\t\t\t\t\t\t\t\t<\/div>\n\t\t\t\t<\/div>\n\t\t\t\t<div class=\"elementor-element elementor-element-e40bddc elementor-widget elementor-widget-text-editor\" data-id=\"e40bddc\" data-element_type=\"widget\" data-widget_type=\"text-editor.default\">\n\t\t\t\t<div class=\"elementor-widget-container\">\n\t\t\t\t\t\t\t\t\t<ul><li aria-level=\"1\">\ud83c\udfc6 Meilleur film d\u2019animation<\/li><li aria-level=\"1\">\ud83c\udfc6 Meilleure photographie<\/li><li aria-level=\"1\">\ud83c\udfc6 Meilleurs effets visuels<\/li><li aria-level=\"1\">\ud83c\udfc6 Meilleurs effets sonores<\/li><li aria-level=\"1\">\ud83c\udfc6 Meilleur producteur<\/li><li aria-level=\"1\">\ud83c\udfc6 Meilleur r\u00e9alisateur<\/li><li aria-level=\"1\">\ud83c\udfc6 Meilleur court m\u00e9trage narratif<\/li><li aria-level=\"1\">\ud83c\udfc6Meilleur court documentaire<\/li><\/ul>\t\t\t\t\t\t\t\t<\/div>\n\t\t\t\t<\/div>\n\t\t\t\t<div class=\"elementor-element elementor-element-9f9ab28 elementor-widget elementor-widget-text-editor\" data-id=\"9f9ab28\" data-element_type=\"widget\" data-widget_type=\"text-editor.default\">\n\t\t\t\t<div class=\"elementor-widget-container\">\n\t\t\t\t\t\t\t\t\t<p>Les laur\u00e9ats peuvent recevoir des prix en esp\u00e8ces, des troph\u00e9es ou des opportunit\u00e9s de distribution, renfor\u00e7ant ainsi la visibilit\u00e9 des talents jama\u00efcains et carib\u00e9ens sur la sc\u00e8ne internationale.<\/p>\t\t\t\t\t\t\t\t<\/div>\n\t\t\t\t<\/div>\n\t\t\t\t\t<\/div>\n\t\t<\/div>\n\t\t\t\t\t<\/div>\n\t\t<\/section>\n\t\t\t\t<section class=\"elementor-section elementor-inner-section elementor-element elementor-element-61571e6 elementor-section-boxed elementor-section-height-default elementor-section-height-default\" data-id=\"61571e6\" data-element_type=\"section\">\n\t\t\t\t\t\t<div class=\"elementor-container elementor-column-gap-default\">\n\t\t\t\t\t\t<\/div>\n\t\t<\/section>\n\t\t\t\t<section class=\"elementor-section elementor-inner-section elementor-element elementor-element-b6262e0 elementor-section-boxed elementor-section-height-default elementor-section-height-default\" data-id=\"b6262e0\" data-element_type=\"section\">\n\t\t\t\t\t\t<div class=\"elementor-container elementor-column-gap-default\">\n\t\t\t\t\t\t<\/div>\n\t\t<\/section>\n\t\t\t\t<section class=\"elementor-section elementor-inner-section elementor-element elementor-element-cca29fd elementor-section-boxed elementor-section-height-default elementor-section-height-default\" data-id=\"cca29fd\" data-element_type=\"section\">\n\t\t\t\t\t\t<div class=\"elementor-container elementor-column-gap-default\">\n\t\t\t\t\t\t<\/div>\n\t\t<\/section>\n\t\t\t\t\t<\/div>\n\t\t<\/div>\n\t\t\t\t\t<\/div>\n\t\t<\/section>\n\t\t\t\t<section class=\"elementor-section elementor-top-section elementor-element elementor-element-2bb9bde elementor-section-boxed elementor-section-height-default elementor-section-height-default\" data-id=\"2bb9bde\" data-element_type=\"section\">\n\t\t\t\t\t\t<div class=\"elementor-container elementor-column-gap-default\">\n\t\t\t\t\t<div class=\"elementor-column elementor-col-100 elementor-top-column elementor-element elementor-element-d47e98a\" data-id=\"d47e98a\" data-element_type=\"column\">\n\t\t\t<div class=\"elementor-widget-wrap elementor-element-populated\">\n\t\t\t\t\t\t<div class=\"elementor-element elementor-element-9806cc8 elementor-widget elementor-widget-heading\" data-id=\"9806cc8\" data-element_type=\"widget\" data-widget_type=\"heading.default\">\n\t\t\t\t<div class=\"elementor-widget-container\">\n\t\t\t\t\t<h2 class=\"elementor-heading-title elementor-size-default\">Une dynamique inclusive au service du territoire<\/h2>\t\t\t\t<\/div>\n\t\t\t\t<\/div>\n\t\t\t\t<div class=\"elementor-element elementor-element-7cdf356 elementor-widget elementor-widget-text-editor\" data-id=\"7cdf356\" data-element_type=\"widget\" data-widget_type=\"text-editor.default\">\n\t\t\t\t<div class=\"elementor-widget-container\">\n\t\t\t\t\t\t\t\t\t<p>Le Jamaica\u2019s Black River Film Festival ne se contente pas de c\u00e9l\u00e9brer le cin\u00e9ma : il agit comme un v\u00e9ritable moteur de d\u00e9veloppement local. En implantant un \u00e9v\u00e9nement international \u00e0 Black River, une ville souvent \u00e9loign\u00e9e des grands circuits touristiques et m\u00e9diatiques, le festival participe \u00e0 une revalorisation du territoire par la culture.<\/p>\t\t\t\t\t\t\t\t<\/div>\n\t\t\t\t<\/div>\n\t\t\t\t<div class=\"elementor-element elementor-element-0474814 elementor-widget elementor-widget-text-editor\" data-id=\"0474814\" data-element_type=\"widget\" data-widget_type=\"text-editor.default\">\n\t\t\t\t<div class=\"elementor-widget-container\">\n\t\t\t\t\t\t\t\t\t<p>Black River Film Festival\u00a0 offre un acc\u00e8s direct \u00e0 la formation et \u00e0 l\u2019expertise pour les jeunes cr\u00e9ateurs issus de milieux parfois isol\u00e9s, gr\u00e2ce \u00e0 des ateliers, conf\u00e9rences et masterclass de haut niveau. Ce transfert de comp\u00e9tences est un vecteur d\u2019\u00e9mancipation pour toute une g\u00e9n\u00e9ration de professionnels de l\u2019image.<\/p>\t\t\t\t\t\t\t\t<\/div>\n\t\t\t\t<\/div>\n\t\t\t\t<div class=\"elementor-element elementor-element-3c779c4 elementor-widget elementor-widget-text-editor\" data-id=\"3c779c4\" data-element_type=\"widget\" data-widget_type=\"text-editor.default\">\n\t\t\t\t<div class=\"elementor-widget-container\">\n\t\t\t\t\t\t\t\t\t<p>Sur le plan \u00e9conomique, le festival stimule l\u2019activit\u00e9 locale en attirant des visiteurs et partenaires du monde entier. H\u00e9bergements, restaurants, transports, artisanat : tout l\u2019\u00e9cosyst\u00e8me local b\u00e9n\u00e9ficie de cet afflux d\u2019opportunit\u00e9s. Le soutien du CHASE Fund, qui consacre 15\u202f% de ses ressources aux arts, permet aussi d\u2019inscrire cet impact dans la dur\u00e9e.<\/p>\t\t\t\t\t\t\t\t<\/div>\n\t\t\t\t<\/div>\n\t\t\t\t<section class=\"elementor-section elementor-inner-section elementor-element elementor-element-688adc6 elementor-section-boxed elementor-section-height-default elementor-section-height-default\" data-id=\"688adc6\" data-element_type=\"section\">\n\t\t\t\t\t\t<div class=\"elementor-container elementor-column-gap-default\">\n\t\t\t\t\t<div class=\"elementor-column elementor-col-100 elementor-inner-column elementor-element elementor-element-f9dd389\" data-id=\"f9dd389\" data-element_type=\"column\">\n\t\t\t<div class=\"elementor-widget-wrap elementor-element-populated\">\n\t\t\t\t\t\t<div class=\"elementor-element elementor-element-d9b9d0d elementor-widget elementor-widget-image\" data-id=\"d9b9d0d\" data-element_type=\"widget\" data-widget_type=\"image.default\">\n\t\t\t\t<div class=\"elementor-widget-container\">\n\t\t\t\t\t\t\t\t\t\t\t\t\t\t\t<img loading=\"lazy\" decoding=\"async\" width=\"800\" height=\"478\" src=\"https:\/\/richeskarayib.com\/wp-content\/uploads\/2025\/06\/Half20Jamaica_Rose20Villas20Half202-1024x612.webp\" class=\"attachment-large size-large wp-image-55423\" alt=\"Black River Film Festival\" srcset=\"https:\/\/richeskarayib.com\/wp-content\/uploads\/2025\/06\/Half20Jamaica_Rose20Villas20Half202-1024x612.webp 1024w, https:\/\/richeskarayib.com\/wp-content\/uploads\/2025\/06\/Half20Jamaica_Rose20Villas20Half202-300x179.webp 300w, https:\/\/richeskarayib.com\/wp-content\/uploads\/2025\/06\/Half20Jamaica_Rose20Villas20Half202-768x459.webp 768w, https:\/\/richeskarayib.com\/wp-content\/uploads\/2025\/06\/Half20Jamaica_Rose20Villas20Half202-1536x918.webp 1536w, https:\/\/richeskarayib.com\/wp-content\/uploads\/2025\/06\/Half20Jamaica_Rose20Villas20Half202-1320x789.webp 1320w, https:\/\/richeskarayib.com\/wp-content\/uploads\/2025\/06\/Half20Jamaica_Rose20Villas20Half202.webp 1920w\" sizes=\"(max-width: 800px) 100vw, 800px\" \/>\t\t\t\t\t\t\t\t\t\t\t\t\t\t\t<\/div>\n\t\t\t\t<\/div>\n\t\t\t\t\t<\/div>\n\t\t<\/div>\n\t\t\t\t\t<\/div>\n\t\t<\/section>\n\t\t\t\t\t<\/div>\n\t\t<\/div>\n\t\t\t\t\t<\/div>\n\t\t<\/section>\n\t\t\t\t<section class=\"elementor-section elementor-top-section elementor-element elementor-element-2fc67c8 elementor-section-boxed elementor-section-height-default elementor-section-height-default\" data-id=\"2fc67c8\" data-element_type=\"section\">\n\t\t\t\t\t\t<div class=\"elementor-container elementor-column-gap-default\">\n\t\t\t\t\t<div class=\"elementor-column elementor-col-100 elementor-top-column elementor-element elementor-element-f4b6dcd\" data-id=\"f4b6dcd\" data-element_type=\"column\">\n\t\t\t<div class=\"elementor-widget-wrap elementor-element-populated\">\n\t\t\t\t\t\t<div class=\"elementor-element elementor-element-2ef6e8b elementor-widget elementor-widget-text-editor\" data-id=\"2ef6e8b\" data-element_type=\"widget\" data-widget_type=\"text-editor.default\">\n\t\t\t\t<div class=\"elementor-widget-container\">\n\t\t\t\t\t\t\t\t\t<p>Le Jamaica\u2019s Black River Film Festival 2025 s\u2019impose comme un \u00e9v\u00e9nement incontournable pour tous ceux qui s\u2019int\u00e9ressent au cin\u00e9ma, \u00e0 la culture carib\u00e9enne et \u00e0 l\u2019innovation artistique. En r\u00e9unissant des talents locaux et internationaux, en favorisant les coproductions et la distribution, et en offrant un programme ambitieux et humain, il contribue \u00e0 positionner la Jama\u00efque comme un acteur de poids sur la sc\u00e8ne cin\u00e9matographique mondiale.<\/p><p>Professionnels du secteur ou simples curieux, le rendez-vous est donn\u00e9 \u00e0 Black River pour c\u00e9l\u00e9brer, partager et faire rayonner la richesse des r\u00e9cits carib\u00e9ens.<\/p>\t\t\t\t\t\t\t\t<\/div>\n\t\t\t\t<\/div>\n\t\t\t\t\t<\/div>\n\t\t<\/div>\n\t\t\t\t\t<\/div>\n\t\t<\/section>\n\t\t\t\t<\/div>\n\t\t","protected":false},"excerpt":{"rendered":"<p>Le Black River Film Festival est rapidement devenu un rendez-vous majeur pour les passionn\u00e9s de cin\u00e9ma en Jama\u00efque et au-del\u00e0. N\u00e9 de la volont\u00e9 de dynamiser la sc\u00e8ne cin\u00e9matographique locale, ce festival a vu le jour sur la c\u00f4te Sud, \u00e0 Black River, un site charg\u00e9 d\u2019histoire et de culture. Sa mission ? Favoriser l\u2019\u00e9mergence [&hellip;]<\/p>\n","protected":false},"author":662,"featured_media":55395,"comment_status":"open","ping_status":"open","sticky":false,"template":"","format":"standard","meta":{"_acf_changed":false,"footnotes":""},"categories":[840,1504,1498],"tags":[1693],"class_list":["post-55394","post","type-post","status-publish","format-standard","has-post-thumbnail","hentry","category-actus","category-film-et-video","category-gestion-devenements","tag-jamaique-2"],"acf":[],"_links":{"self":[{"href":"https:\/\/richeskarayib.com\/fr\/wp-json\/wp\/v2\/posts\/55394","targetHints":{"allow":["GET"]}}],"collection":[{"href":"https:\/\/richeskarayib.com\/fr\/wp-json\/wp\/v2\/posts"}],"about":[{"href":"https:\/\/richeskarayib.com\/fr\/wp-json\/wp\/v2\/types\/post"}],"author":[{"embeddable":true,"href":"https:\/\/richeskarayib.com\/fr\/wp-json\/wp\/v2\/users\/662"}],"replies":[{"embeddable":true,"href":"https:\/\/richeskarayib.com\/fr\/wp-json\/wp\/v2\/comments?post=55394"}],"version-history":[{"count":0,"href":"https:\/\/richeskarayib.com\/fr\/wp-json\/wp\/v2\/posts\/55394\/revisions"}],"wp:featuredmedia":[{"embeddable":true,"href":"https:\/\/richeskarayib.com\/fr\/wp-json\/wp\/v2\/media\/55395"}],"wp:attachment":[{"href":"https:\/\/richeskarayib.com\/fr\/wp-json\/wp\/v2\/media?parent=55394"}],"wp:term":[{"taxonomy":"category","embeddable":true,"href":"https:\/\/richeskarayib.com\/fr\/wp-json\/wp\/v2\/categories?post=55394"},{"taxonomy":"post_tag","embeddable":true,"href":"https:\/\/richeskarayib.com\/fr\/wp-json\/wp\/v2\/tags?post=55394"}],"curies":[{"name":"wp","href":"https:\/\/api.w.org\/{rel}","templated":true}]}}