{"id":55493,"date":"2025-06-26T09:24:45","date_gmt":"2025-06-26T13:24:45","guid":{"rendered":"https:\/\/richeskarayib.com\/?p=55493"},"modified":"2025-06-26T09:24:45","modified_gmt":"2025-06-26T13:24:45","slug":"paris-noir-centre-pompidou-fondation-clement","status":"publish","type":"post","link":"https:\/\/richeskarayib.com\/fr\/paris-noir-centre-pompidou-fondation-clement\/","title":{"rendered":"\u201cParis Noir\u201d au Centre Pompidou : la Fondation Cl\u00e9ment et GBH, artisans d\u2019un rayonnement artistique ultramarin."},"content":{"rendered":"\t\t<div data-elementor-type=\"wp-post\" data-elementor-id=\"55493\" class=\"elementor elementor-55493\" data-elementor-post-type=\"post\">\n\t\t\t\t\t\t<section class=\"elementor-section elementor-top-section elementor-element elementor-element-34e72cf elementor-section-boxed elementor-section-height-default elementor-section-height-default\" data-id=\"34e72cf\" data-element_type=\"section\">\n\t\t\t\t\t\t<div class=\"elementor-container elementor-column-gap-default\">\n\t\t\t\t\t<div class=\"elementor-column elementor-col-100 elementor-top-column elementor-element elementor-element-6d7868a\" data-id=\"6d7868a\" data-element_type=\"column\">\n\t\t\t<div class=\"elementor-widget-wrap elementor-element-populated\">\n\t\t\t\t\t\t<div class=\"elementor-element elementor-element-25340a1 elementor-widget elementor-widget-text-editor\" data-id=\"25340a1\" data-element_type=\"widget\" data-widget_type=\"text-editor.default\">\n\t\t\t\t<div class=\"elementor-widget-container\">\n\t\t\t\t\t\t\t\t\t<p>Alors que le <a href=\"https:\/\/www.centrepompidou.fr\/fr\/\" target=\"_blank\" rel=\"noopener nofollow\">Centre Pompidou<\/a> s\u2019appr\u00eate \u00e0 fermer pour r\u00e9novation, l\u2019exposition \u201cParis Noir\u201d s\u2019impose comme un temps fort de la sc\u00e8ne culturelle fran\u00e7aise. \u00c0 ses c\u00f4t\u00e9s, la <a href=\"https:\/\/richeskarayib.com\/fr\/martinique-alain-josephine-reveler-la-profondeur-par-couleur\/\" target=\"_blank\" rel=\"noopener\">Fondation Cl\u00e9ment<\/a>, bras culturel du groupe GBH (Groupe Bernard Hayot), joue un r\u00f4le d\u00e9cisif dans la valorisation de la cr\u00e9ation carib\u00e9enne.<\/p>\t\t\t\t\t\t\t\t<\/div>\n\t\t\t\t<\/div>\n\t\t\t\t\t<\/div>\n\t\t<\/div>\n\t\t\t\t\t<\/div>\n\t\t<\/section>\n\t\t\t\t<section class=\"elementor-section elementor-top-section elementor-element elementor-element-3756bbb elementor-section-boxed elementor-section-height-default elementor-section-height-default\" data-id=\"3756bbb\" data-element_type=\"section\">\n\t\t\t\t\t\t<div class=\"elementor-container elementor-column-gap-default\">\n\t\t\t\t\t<div class=\"elementor-column elementor-col-100 elementor-top-column elementor-element elementor-element-df79712\" data-id=\"df79712\" data-element_type=\"column\">\n\t\t\t<div class=\"elementor-widget-wrap elementor-element-populated\">\n\t\t\t\t\t\t<div class=\"elementor-element elementor-element-782f801 elementor-widget elementor-widget-heading\" data-id=\"782f801\" data-element_type=\"widget\" data-widget_type=\"heading.default\">\n\t\t\t\t<div class=\"elementor-widget-container\">\n\t\t\t\t\t<h2 class=\"elementor-heading-title elementor-size-default\">Un hommage in\u00e9dit aux artistes noirs de France et d\u2019Outre-mer<\/h2>\t\t\t\t<\/div>\n\t\t\t\t<\/div>\n\t\t\t\t<section class=\"elementor-section elementor-inner-section elementor-element elementor-element-d49b67d elementor-section-boxed elementor-section-height-default elementor-section-height-default\" data-id=\"d49b67d\" data-element_type=\"section\">\n\t\t\t\t\t\t<div class=\"elementor-container elementor-column-gap-default\">\n\t\t\t\t\t<div class=\"elementor-column elementor-col-100 elementor-inner-column elementor-element elementor-element-3452fb1\" data-id=\"3452fb1\" data-element_type=\"column\">\n\t\t\t<div class=\"elementor-widget-wrap elementor-element-populated\">\n\t\t\t\t\t\t<div class=\"elementor-element elementor-element-8492aa2 elementor-widget elementor-widget-text-editor\" data-id=\"8492aa2\" data-element_type=\"widget\" data-widget_type=\"text-editor.default\">\n\t\t\t\t<div class=\"elementor-widget-container\">\n\t\t\t\t\t\t\t\t\t<p>Pr\u00e9sent\u00e9e depuis mars au Centre Pompidou, l\u2019exposition <a href=\"https:\/\/richeskarayib.com\/fr\/paris-noir-immersion-artiste-centre-pompidou\/\" target=\"_blank\" rel=\"noopener\">\u201cParis Noir\u201d<\/a> retrace l\u2019influence des artistes noirs en France entre 1950 et 2000. \u00c0 travers un parcours riche et document\u00e9, elle offre une visibilit\u00e9 rare \u00e0 des trajectoires artistiques trop longtemps marginalis\u00e9es. Et le public r\u00e9pond pr\u00e9sent : plus de 200 000 visiteurs ont d\u00e9j\u00e0 franchi les portes du mus\u00e9e.<\/p><p>Parmi les 150 artistes expos\u00e9s, 26 sont originaires des Outre-mer, dont 17 de la Martinique. Cette forte repr\u00e9sentation souligne la richesse des expressions plastiques carib\u00e9ennes dans le paysage artistique fran\u00e7ais. \u00c0 l\u2019approche de la fermeture du b\u00e2timent historique du Centre Pompidou pour travaux (jusqu\u2019en 2030), \u201cParis Noir\u201d appara\u00eet comme l\u2019un des derniers grands rendez-vous culturels du site avant sa transformation.<\/p>\t\t\t\t\t\t\t\t<\/div>\n\t\t\t\t<\/div>\n\t\t\t\t<div class=\"elementor-element elementor-element-03ca11a elementor-widget elementor-widget-image\" data-id=\"03ca11a\" data-element_type=\"widget\" data-widget_type=\"image.default\">\n\t\t\t\t<div class=\"elementor-widget-container\">\n\t\t\t\t\t\t\t\t\t\t\t\t\t\t\t<img fetchpriority=\"high\" decoding=\"async\" width=\"512\" height=\"640\" src=\"https:\/\/richeskarayib.com\/wp-content\/uploads\/2025\/06\/492519947_1074188884755493_2625232740133237844_n.jpg\" class=\"attachment-large size-large wp-image-55514\" alt=\"Paris Noir\" srcset=\"https:\/\/richeskarayib.com\/wp-content\/uploads\/2025\/06\/492519947_1074188884755493_2625232740133237844_n.jpg 512w, https:\/\/richeskarayib.com\/wp-content\/uploads\/2025\/06\/492519947_1074188884755493_2625232740133237844_n-240x300.jpg 240w\" sizes=\"(max-width: 512px) 100vw, 512px\" \/>\t\t\t\t\t\t\t\t\t\t\t\t\t\t\t<\/div>\n\t\t\t\t<\/div>\n\t\t\t\t\t<\/div>\n\t\t<\/div>\n\t\t\t\t\t<\/div>\n\t\t<\/section>\n\t\t\t\t\t<\/div>\n\t\t<\/div>\n\t\t\t\t\t<\/div>\n\t\t<\/section>\n\t\t\t\t<section class=\"elementor-section elementor-top-section elementor-element elementor-element-5b928cf elementor-section-boxed elementor-section-height-default elementor-section-height-default\" data-id=\"5b928cf\" data-element_type=\"section\">\n\t\t\t\t\t\t<div class=\"elementor-container elementor-column-gap-default\">\n\t\t\t\t\t<div class=\"elementor-column elementor-col-100 elementor-top-column elementor-element elementor-element-587c274\" data-id=\"587c274\" data-element_type=\"column\">\n\t\t\t<div class=\"elementor-widget-wrap elementor-element-populated\">\n\t\t\t\t\t\t<div class=\"elementor-element elementor-element-2047da4 elementor-widget elementor-widget-heading\" data-id=\"2047da4\" data-element_type=\"widget\" data-widget_type=\"heading.default\">\n\t\t\t\t<div class=\"elementor-widget-container\">\n\t\t\t\t\t<h2 class=\"elementor-heading-title elementor-size-default\">La Fondation Cl\u00e9ment, m\u00e9c\u00e8ne et passeur de m\u00e9moire<\/h2>\t\t\t\t<\/div>\n\t\t\t\t<\/div>\n\t\t\t\t<section class=\"elementor-section elementor-inner-section elementor-element elementor-element-1c6c714 elementor-section-boxed elementor-section-height-default elementor-section-height-default\" data-id=\"1c6c714\" data-element_type=\"section\">\n\t\t\t\t\t\t<div class=\"elementor-container elementor-column-gap-default\">\n\t\t\t\t\t<div class=\"elementor-column elementor-col-100 elementor-inner-column elementor-element elementor-element-395ba6a\" data-id=\"395ba6a\" data-element_type=\"column\">\n\t\t\t<div class=\"elementor-widget-wrap elementor-element-populated\">\n\t\t\t\t\t\t<div class=\"elementor-element elementor-element-994871c elementor-widget elementor-widget-text-editor\" data-id=\"994871c\" data-element_type=\"widget\" data-widget_type=\"text-editor.default\">\n\t\t\t\t<div class=\"elementor-widget-container\">\n\t\t\t\t\t\t\t\t\t<p>Au c\u0153ur de ce projet, la <a href=\"https:\/\/www.fondation-clement.org\/\" target=\"_blank\" rel=\"noopener nofollow\">Fondation Cl\u00e9ment<\/a>, fondation d\u2019entreprise du groupe GBH, affirme une nouvelle fois son engagement pour la culture ultramarine. Elle participe \u00e0 l\u2019exposition en tant que m\u00e9c\u00e8ne et pr\u00eateuse d\u2019\u0153uvres d\u2019art. Cinq pi\u00e8ces majeures issues de ses collections sont ainsi pr\u00e9sent\u00e9es, sign\u00e9es par des figures embl\u00e9matiques telles que Victor Anicet, Ernest Breleur, Henri Gu\u00e9don, Khokho (Joseph Ren\u00e9-Corail) et Herv\u00e9 T\u00e9l\u00e9maque.<\/p>\t\t\t\t\t\t\t\t<\/div>\n\t\t\t\t<\/div>\n\t\t\t\t<div class=\"elementor-element elementor-element-a715d9f elementor-widget elementor-widget-text-editor\" data-id=\"a715d9f\" data-element_type=\"widget\" data-widget_type=\"text-editor.default\">\n\t\t\t\t<div class=\"elementor-widget-container\">\n\t\t\t\t\t\t\t\t\t<p>Pour Bernard Hayot, pr\u00e9sident de la Fondation Cl\u00e9ment, ce soutien est une suite logique de l\u2019engagement historique du groupe: \u00ab Soutenir l\u2019exposition Paris Noir, c\u2019est prolonger notre engagement concret en faveur du rayonnement des territoires ultramarins en mettant en lumi\u00e8re une histoire artistique cara\u00efb\u00e9enne longtemps laiss\u00e9e dans l\u2019ombre. \u00bb<\/p>\t\t\t\t\t\t\t\t<\/div>\n\t\t\t\t<\/div>\n\t\t\t\t<div class=\"elementor-element elementor-element-2a052e8 elementor-widget elementor-widget-image\" data-id=\"2a052e8\" data-element_type=\"widget\" data-widget_type=\"image.default\">\n\t\t\t\t<div class=\"elementor-widget-container\">\n\t\t\t\t\t\t\t\t\t\t\t\t<figure class=\"wp-caption\">\n\t\t\t\t\t\t\t\t\t\t<img decoding=\"async\" width=\"800\" height=\"431\" src=\"https:\/\/richeskarayib.com\/wp-content\/uploads\/2025\/06\/Centre-Pompidou.png\" class=\"attachment-large size-large wp-image-55498\" alt=\"Paris Noir\" srcset=\"https:\/\/richeskarayib.com\/wp-content\/uploads\/2025\/06\/Centre-Pompidou.png 1011w, https:\/\/richeskarayib.com\/wp-content\/uploads\/2025\/06\/Centre-Pompidou-300x162.png 300w, https:\/\/richeskarayib.com\/wp-content\/uploads\/2025\/06\/Centre-Pompidou-768x414.png 768w\" sizes=\"(max-width: 800px) 100vw, 800px\" \/>\t\t\t\t\t\t\t\t\t\t\t<figcaption class=\"widget-image-caption wp-caption-text\">\u00a9Centre Pompidou<\/figcaption>\n\t\t\t\t\t\t\t\t\t\t<\/figure>\n\t\t\t\t\t\t\t\t\t<\/div>\n\t\t\t\t<\/div>\n\t\t\t\t\t<\/div>\n\t\t<\/div>\n\t\t\t\t\t<\/div>\n\t\t<\/section>\n\t\t\t\t<section class=\"elementor-section elementor-inner-section elementor-element elementor-element-c51c1e9 elementor-section-boxed elementor-section-height-default elementor-section-height-default\" data-id=\"c51c1e9\" data-element_type=\"section\">\n\t\t\t\t\t\t<div class=\"elementor-container elementor-column-gap-default\">\n\t\t\t\t\t\t<\/div>\n\t\t<\/section>\n\t\t\t\t\t<\/div>\n\t\t<\/div>\n\t\t\t\t\t<\/div>\n\t\t<\/section>\n\t\t\t\t<section class=\"elementor-section elementor-top-section elementor-element elementor-element-7ca7ca1 elementor-section-boxed elementor-section-height-default elementor-section-height-default\" data-id=\"7ca7ca1\" data-element_type=\"section\">\n\t\t\t\t\t\t<div class=\"elementor-container elementor-column-gap-default\">\n\t\t\t\t\t<div class=\"elementor-column elementor-col-100 elementor-top-column elementor-element elementor-element-cbdd002\" data-id=\"cbdd002\" data-element_type=\"column\">\n\t\t\t<div class=\"elementor-widget-wrap elementor-element-populated\">\n\t\t\t\t\t\t<div class=\"elementor-element elementor-element-da17f8d elementor-widget elementor-widget-heading\" data-id=\"da17f8d\" data-element_type=\"widget\" data-widget_type=\"heading.default\">\n\t\t\t\t<div class=\"elementor-widget-container\">\n\t\t\t\t\t<h2 class=\"elementor-heading-title elementor-size-default\">Pr\u00e8s de vingt ans d\u2019action culturelle en Martinique et au-del\u00e0\n<\/h2>\t\t\t\t<\/div>\n\t\t\t\t<\/div>\n\t\t\t\t<section class=\"elementor-section elementor-inner-section elementor-element elementor-element-bc94849 elementor-section-boxed elementor-section-height-default elementor-section-height-default\" data-id=\"bc94849\" data-element_type=\"section\">\n\t\t\t\t\t\t<div class=\"elementor-container elementor-column-gap-default\">\n\t\t\t\t\t\t<\/div>\n\t\t<\/section>\n\t\t\t\t<section class=\"elementor-section elementor-inner-section elementor-element elementor-element-9e973f4 elementor-section-boxed elementor-section-height-default elementor-section-height-default\" data-id=\"9e973f4\" data-element_type=\"section\">\n\t\t\t\t\t\t<div class=\"elementor-container elementor-column-gap-default\">\n\t\t\t\t\t<div class=\"elementor-column elementor-col-100 elementor-inner-column elementor-element elementor-element-826b295\" data-id=\"826b295\" data-element_type=\"column\">\n\t\t\t<div class=\"elementor-widget-wrap elementor-element-populated\">\n\t\t\t\t\t\t<div class=\"elementor-element elementor-element-209c746 elementor-widget elementor-widget-text-editor\" data-id=\"209c746\" data-element_type=\"widget\" data-widget_type=\"text-editor.default\">\n\t\t\t\t<div class=\"elementor-widget-container\">\n\t\t\t\t\t\t\t\t\t<p>Fond\u00e9e il y a pr\u00e8s de deux d\u00e9cennies, la Fondation Cl\u00e9ment est aujourd\u2019hui l\u2019un des principaux acteurs culturels de la Cara\u00efbe francophone. Situ\u00e9e \u00e0 l\u2019Habitation Cl\u00e9ment, en Martinique, elle a accueilli plus de 140 expositions et soutenu plus de 200 artistes carib\u00e9ens. Chaque ann\u00e9e, pr\u00e8s de 200 000 visiteurs fr\u00e9quentent ce site devenu le premier site touristique de l\u2019\u00eele, et l\u2019un des plus actifs de la r\u00e9gion.<\/p><p>Au fil des ann\u00e9es, la Fondation a su construire des partenariats solides avec de grandes institutions culturelles fran\u00e7aises et internationales, comme le Centre Pompidou, la RMN Grand Palais ou la Fondation Dapper. Ces collaborations ont permis aux \u0153uvres et aux artistes des territoires ultramarins d\u2019acc\u00e9der \u00e0 des sc\u00e8nes prestigieuses.<\/p>\t\t\t\t\t\t\t\t<\/div>\n\t\t\t\t<\/div>\n\t\t\t\t\t<\/div>\n\t\t<\/div>\n\t\t\t\t\t<\/div>\n\t\t<\/section>\n\t\t\t\t<section class=\"elementor-section elementor-inner-section elementor-element elementor-element-cb82bfc elementor-section-boxed elementor-section-height-default elementor-section-height-default\" data-id=\"cb82bfc\" data-element_type=\"section\">\n\t\t\t\t\t\t<div class=\"elementor-container elementor-column-gap-default\">\n\t\t\t\t\t<div class=\"elementor-column elementor-col-50 elementor-inner-column elementor-element elementor-element-73bd254\" data-id=\"73bd254\" data-element_type=\"column\">\n\t\t\t<div class=\"elementor-widget-wrap elementor-element-populated\">\n\t\t\t\t\t\t<div class=\"elementor-element elementor-element-de61ac5 elementor-widget elementor-widget-image\" data-id=\"de61ac5\" data-element_type=\"widget\" data-widget_type=\"image.default\">\n\t\t\t\t<div class=\"elementor-widget-container\">\n\t\t\t\t\t\t\t\t\t\t\t\t<figure class=\"wp-caption\">\n\t\t\t\t\t\t\t\t\t\t<img decoding=\"async\" width=\"800\" height=\"598\" src=\"https:\/\/richeskarayib.com\/wp-content\/uploads\/2025\/06\/Fondation-Clement-2.png\" class=\"attachment-large size-large wp-image-55502\" alt=\"Paris Noir\" srcset=\"https:\/\/richeskarayib.com\/wp-content\/uploads\/2025\/06\/Fondation-Clement-2.png 817w, https:\/\/richeskarayib.com\/wp-content\/uploads\/2025\/06\/Fondation-Clement-2-300x224.png 300w, https:\/\/richeskarayib.com\/wp-content\/uploads\/2025\/06\/Fondation-Clement-2-768x574.png 768w\" sizes=\"(max-width: 800px) 100vw, 800px\" \/>\t\t\t\t\t\t\t\t\t\t\t<figcaption class=\"widget-image-caption wp-caption-text\">\u00a9Fondation Cl\u00e9ment<\/figcaption>\n\t\t\t\t\t\t\t\t\t\t<\/figure>\n\t\t\t\t\t\t\t\t\t<\/div>\n\t\t\t\t<\/div>\n\t\t\t\t\t<\/div>\n\t\t<\/div>\n\t\t\t\t<div class=\"elementor-column elementor-col-50 elementor-inner-column elementor-element elementor-element-fa38382\" data-id=\"fa38382\" data-element_type=\"column\">\n\t\t\t<div class=\"elementor-widget-wrap elementor-element-populated\">\n\t\t\t\t\t\t<div class=\"elementor-element elementor-element-a10530c elementor-widget elementor-widget-image\" data-id=\"a10530c\" data-element_type=\"widget\" data-widget_type=\"image.default\">\n\t\t\t\t<div class=\"elementor-widget-container\">\n\t\t\t\t\t\t\t\t\t\t\t\t<figure class=\"wp-caption\">\n\t\t\t\t\t\t\t\t\t\t<img loading=\"lazy\" decoding=\"async\" width=\"800\" height=\"602\" src=\"https:\/\/richeskarayib.com\/wp-content\/uploads\/2025\/06\/Fondation-Clement-3.png\" class=\"attachment-large size-large wp-image-55506\" alt=\"Paris Noir\" srcset=\"https:\/\/richeskarayib.com\/wp-content\/uploads\/2025\/06\/Fondation-Clement-3.png 817w, https:\/\/richeskarayib.com\/wp-content\/uploads\/2025\/06\/Fondation-Clement-3-300x226.png 300w, https:\/\/richeskarayib.com\/wp-content\/uploads\/2025\/06\/Fondation-Clement-3-768x578.png 768w\" sizes=\"(max-width: 800px) 100vw, 800px\" \/>\t\t\t\t\t\t\t\t\t\t\t<figcaption class=\"widget-image-caption wp-caption-text\">\u00a9Fondation Cl\u00e9ment<\/figcaption>\n\t\t\t\t\t\t\t\t\t\t<\/figure>\n\t\t\t\t\t\t\t\t\t<\/div>\n\t\t\t\t<\/div>\n\t\t\t\t\t<\/div>\n\t\t<\/div>\n\t\t\t\t\t<\/div>\n\t\t<\/section>\n\t\t\t\t<section class=\"elementor-section elementor-inner-section elementor-element elementor-element-a59ce98 elementor-section-boxed elementor-section-height-default elementor-section-height-default\" data-id=\"a59ce98\" data-element_type=\"section\">\n\t\t\t\t\t\t<div class=\"elementor-container elementor-column-gap-default\">\n\t\t\t\t\t<div class=\"elementor-column elementor-col-100 elementor-inner-column elementor-element elementor-element-a1df2d3\" data-id=\"a1df2d3\" data-element_type=\"column\">\n\t\t\t<div class=\"elementor-widget-wrap elementor-element-populated\">\n\t\t\t\t\t\t<div class=\"elementor-element elementor-element-a56130e elementor-widget elementor-widget-image\" data-id=\"a56130e\" data-element_type=\"widget\" data-widget_type=\"image.default\">\n\t\t\t\t<div class=\"elementor-widget-container\">\n\t\t\t\t\t\t\t\t\t\t\t\t<figure class=\"wp-caption\">\n\t\t\t\t\t\t\t\t\t\t<img loading=\"lazy\" decoding=\"async\" width=\"800\" height=\"488\" src=\"https:\/\/richeskarayib.com\/wp-content\/uploads\/2025\/06\/Fondation-Clement.jpg\" class=\"attachment-large size-large wp-image-55510\" alt=\"Paris Noir\" srcset=\"https:\/\/richeskarayib.com\/wp-content\/uploads\/2025\/06\/Fondation-Clement.jpg 1024w, https:\/\/richeskarayib.com\/wp-content\/uploads\/2025\/06\/Fondation-Clement-300x183.jpg 300w, https:\/\/richeskarayib.com\/wp-content\/uploads\/2025\/06\/Fondation-Clement-768x468.jpg 768w\" sizes=\"(max-width: 800px) 100vw, 800px\" \/>\t\t\t\t\t\t\t\t\t\t\t<figcaption class=\"widget-image-caption wp-caption-text\">\u00a9Fondation Cl\u00e9ment<\/figcaption>\n\t\t\t\t\t\t\t\t\t\t<\/figure>\n\t\t\t\t\t\t\t\t\t<\/div>\n\t\t\t\t<\/div>\n\t\t\t\t\t<\/div>\n\t\t<\/div>\n\t\t\t\t\t<\/div>\n\t\t<\/section>\n\t\t\t\t<section class=\"elementor-section elementor-inner-section elementor-element elementor-element-61571e6 elementor-section-boxed elementor-section-height-default elementor-section-height-default\" data-id=\"61571e6\" data-element_type=\"section\">\n\t\t\t\t\t\t<div class=\"elementor-container elementor-column-gap-default\">\n\t\t\t\t\t\t<\/div>\n\t\t<\/section>\n\t\t\t\t<section class=\"elementor-section elementor-inner-section elementor-element elementor-element-b6262e0 elementor-section-boxed elementor-section-height-default elementor-section-height-default\" data-id=\"b6262e0\" data-element_type=\"section\">\n\t\t\t\t\t\t<div class=\"elementor-container elementor-column-gap-default\">\n\t\t\t\t\t\t<\/div>\n\t\t<\/section>\n\t\t\t\t<section class=\"elementor-section elementor-inner-section elementor-element elementor-element-cca29fd elementor-section-boxed elementor-section-height-default elementor-section-height-default\" data-id=\"cca29fd\" data-element_type=\"section\">\n\t\t\t\t\t\t<div class=\"elementor-container elementor-column-gap-default\">\n\t\t\t\t\t\t<\/div>\n\t\t<\/section>\n\t\t\t\t\t<\/div>\n\t\t<\/div>\n\t\t\t\t\t<\/div>\n\t\t<\/section>\n\t\t\t\t<section class=\"elementor-section elementor-top-section elementor-element elementor-element-2bb9bde elementor-section-boxed elementor-section-height-default elementor-section-height-default\" data-id=\"2bb9bde\" data-element_type=\"section\">\n\t\t\t\t\t\t<div class=\"elementor-container elementor-column-gap-default\">\n\t\t\t\t\t<div class=\"elementor-column elementor-col-100 elementor-top-column elementor-element elementor-element-d47e98a\" data-id=\"d47e98a\" data-element_type=\"column\">\n\t\t\t<div class=\"elementor-widget-wrap elementor-element-populated\">\n\t\t\t\t\t\t<div class=\"elementor-element elementor-element-9806cc8 elementor-widget elementor-widget-heading\" data-id=\"9806cc8\" data-element_type=\"widget\" data-widget_type=\"heading.default\">\n\t\t\t\t<div class=\"elementor-widget-container\">\n\t\t\t\t\t<h2 class=\"elementor-heading-title elementor-size-default\">Entre cr\u00e9ation contemporaine et patrimoine\n<\/h2>\t\t\t\t<\/div>\n\t\t\t\t<\/div>\n\t\t\t\t<div class=\"elementor-element elementor-element-7cdf356 elementor-widget elementor-widget-text-editor\" data-id=\"7cdf356\" data-element_type=\"widget\" data-widget_type=\"text-editor.default\">\n\t\t\t\t<div class=\"elementor-widget-container\">\n\t\t\t\t\t\t\t\t\t<p>L\u2019action de la <a href=\"https:\/\/www.instagram.com\/fondationclement\/\" target=\"_blank\" rel=\"noopener nofollow\">Fondation Cl\u00e9ment<\/a> ne s\u2019arr\u00eate pas aux expositions. Elle intervient \u00e9galement dans la pr\u00e9servation du patrimoine historique et culturel carib\u00e9en. Elle est notamment \u00e0 l\u2019origine de la restauration du M\u00e9morial de la catastrophe de 1902 et de la gestion du Mus\u00e9e Frank A. Perret \u00e0 Saint-Pierre depuis 2019.<\/p><p>En parall\u00e8le, elle soutient la conservation d\u2019archives priv\u00e9es, la publication d\u2019ouvrages sur l\u2019art et l\u2019histoire, ainsi que la mise en valeur d\u2019habitations historiques, t\u00e9moins de l\u2019architecture traditionnelle martiniquaise.<\/p>\t\t\t\t\t\t\t\t<\/div>\n\t\t\t\t<\/div>\n\t\t\t\t<section class=\"elementor-section elementor-inner-section elementor-element elementor-element-6ed7827 elementor-section-boxed elementor-section-height-default elementor-section-height-default\" data-id=\"6ed7827\" data-element_type=\"section\">\n\t\t\t\t\t\t<div class=\"elementor-container elementor-column-gap-default\">\n\t\t\t\t\t<div class=\"elementor-column elementor-col-100 elementor-inner-column elementor-element elementor-element-25fce06\" data-id=\"25fce06\" data-element_type=\"column\">\n\t\t\t<div class=\"elementor-widget-wrap elementor-element-populated\">\n\t\t\t\t\t\t<div class=\"elementor-element elementor-element-eda50bc elementor-widget elementor-widget-image\" data-id=\"eda50bc\" data-element_type=\"widget\" data-widget_type=\"image.default\">\n\t\t\t\t<div class=\"elementor-widget-container\">\n\t\t\t\t\t\t\t\t\t\t\t\t<figure class=\"wp-caption\">\n\t\t\t\t\t\t\t\t\t\t<img loading=\"lazy\" decoding=\"async\" width=\"800\" height=\"533\" src=\"https:\/\/richeskarayib.com\/wp-content\/uploads\/2025\/06\/Musee-Franck-A.-Perret.jpg\" class=\"attachment-large size-large wp-image-55518\" alt=\"Paris Noir\" srcset=\"https:\/\/richeskarayib.com\/wp-content\/uploads\/2025\/06\/Musee-Franck-A.-Perret.jpg 990w, https:\/\/richeskarayib.com\/wp-content\/uploads\/2025\/06\/Musee-Franck-A.-Perret-300x200.jpg 300w, https:\/\/richeskarayib.com\/wp-content\/uploads\/2025\/06\/Musee-Franck-A.-Perret-768x511.jpg 768w\" sizes=\"(max-width: 800px) 100vw, 800px\" \/>\t\t\t\t\t\t\t\t\t\t\t<figcaption class=\"widget-image-caption wp-caption-text\">Mus\u00e9e Franck A. Perret<\/figcaption>\n\t\t\t\t\t\t\t\t\t\t<\/figure>\n\t\t\t\t\t\t\t\t\t<\/div>\n\t\t\t\t<\/div>\n\t\t\t\t\t<\/div>\n\t\t<\/div>\n\t\t\t\t\t<\/div>\n\t\t<\/section>\n\t\t\t\t\t<\/div>\n\t\t<\/div>\n\t\t\t\t\t<\/div>\n\t\t<\/section>\n\t\t\t\t<section class=\"elementor-section elementor-top-section elementor-element elementor-element-0db9090 elementor-section-boxed elementor-section-height-default elementor-section-height-default\" data-id=\"0db9090\" data-element_type=\"section\">\n\t\t\t\t\t\t<div class=\"elementor-container elementor-column-gap-default\">\n\t\t\t\t\t<div class=\"elementor-column elementor-col-100 elementor-top-column elementor-element elementor-element-2296183\" data-id=\"2296183\" data-element_type=\"column\">\n\t\t\t<div class=\"elementor-widget-wrap elementor-element-populated\">\n\t\t\t\t\t\t<div class=\"elementor-element elementor-element-9576154 elementor-widget elementor-widget-heading\" data-id=\"9576154\" data-element_type=\"widget\" data-widget_type=\"heading.default\">\n\t\t\t\t<div class=\"elementor-widget-container\">\n\t\t\t\t\t<h2 class=\"elementor-heading-title elementor-size-default\">Une conviction partag\u00e9e : la culture comme levier d\u2019avenir<\/h2>\t\t\t\t<\/div>\n\t\t\t\t<\/div>\n\t\t\t\t<div class=\"elementor-element elementor-element-500981c elementor-widget elementor-widget-text-editor\" data-id=\"500981c\" data-element_type=\"widget\" data-widget_type=\"text-editor.default\">\n\t\t\t\t<div class=\"elementor-widget-container\">\n\t\t\t\t\t\t\t\t\t<p>\u00c0 travers son soutien \u00e0 \u201cParis Noir\u201d, GBH, via la Fondation Cl\u00e9ment, confirme que la culture constitue un levier strat\u00e9gique pour la transmission, la m\u00e9moire et le d\u00e9veloppement des territoires. Ce positionnement s\u2019inscrit dans une vision \u00e0 long terme, o\u00f9 l\u2019art et le patrimoine sont per\u00e7us comme des \u00e9l\u00e9ments fondamentaux de l\u2019identit\u00e9 ultramarine.<\/p><p>La participation \u00e0 cet \u00e9v\u00e9nement du Centre Pompidou, qui amorce une m\u00e9tamorphose jusqu\u2019\u00e0 sa r\u00e9ouverture en 2030, symbolise cette ambition : faire dialoguer la Cara\u00efbe avec l\u2019Europe et l\u2019Afrique, dans un cadre mus\u00e9al de r\u00e9f\u00e9rence.<\/p>\t\t\t\t\t\t\t\t<\/div>\n\t\t\t\t<\/div>\n\t\t\t\t\t<\/div>\n\t\t<\/div>\n\t\t\t\t\t<\/div>\n\t\t<\/section>\n\t\t\t\t<section class=\"elementor-section elementor-top-section elementor-element elementor-element-3ae0ce5 elementor-section-boxed elementor-section-height-default elementor-section-height-default\" data-id=\"3ae0ce5\" data-element_type=\"section\">\n\t\t\t\t\t\t<div class=\"elementor-container elementor-column-gap-default\">\n\t\t\t\t\t<div class=\"elementor-column elementor-col-100 elementor-top-column elementor-element elementor-element-5e22a48\" data-id=\"5e22a48\" data-element_type=\"column\">\n\t\t\t<div class=\"elementor-widget-wrap elementor-element-populated\">\n\t\t\t\t\t\t<div class=\"elementor-element elementor-element-38328da elementor-widget elementor-widget-heading\" data-id=\"38328da\" data-element_type=\"widget\" data-widget_type=\"heading.default\">\n\t\t\t\t<div class=\"elementor-widget-container\">\n\t\t\t\t\t<h2 class=\"elementor-heading-title elementor-size-default\">Extrait de l'exposition \"Paris Noir\" \u00a9 Paris je t'aime<\/h2>\t\t\t\t<\/div>\n\t\t\t\t<\/div>\n\t\t\t\t<section class=\"elementor-section elementor-inner-section elementor-element elementor-element-93c8a47 elementor-section-boxed elementor-section-height-default elementor-section-height-default\" data-id=\"93c8a47\" data-element_type=\"section\">\n\t\t\t\t\t\t<div class=\"elementor-container elementor-column-gap-default\">\n\t\t\t\t\t<div class=\"elementor-column elementor-col-33 elementor-inner-column elementor-element elementor-element-519f9cb\" data-id=\"519f9cb\" data-element_type=\"column\">\n\t\t\t<div class=\"elementor-widget-wrap elementor-element-populated\">\n\t\t\t\t\t\t<div class=\"elementor-element elementor-element-293a2e7 elementor-widget elementor-widget-image\" data-id=\"293a2e7\" data-element_type=\"widget\" data-widget_type=\"image.default\">\n\t\t\t\t<div class=\"elementor-widget-container\">\n\t\t\t\t\t\t\t\t\t\t\t\t\t\t\t<img loading=\"lazy\" decoding=\"async\" width=\"800\" height=\"600\" src=\"https:\/\/richeskarayib.com\/wp-content\/uploads\/2025\/06\/Paris-je-taime-2-1024x768.jpg\" class=\"attachment-large size-large wp-image-55522\" alt=\"Paris Noir\" srcset=\"https:\/\/richeskarayib.com\/wp-content\/uploads\/2025\/06\/Paris-je-taime-2-1024x768.jpg 1024w, https:\/\/richeskarayib.com\/wp-content\/uploads\/2025\/06\/Paris-je-taime-2-300x225.jpg 300w, https:\/\/richeskarayib.com\/wp-content\/uploads\/2025\/06\/Paris-je-taime-2-768x576.jpg 768w, https:\/\/richeskarayib.com\/wp-content\/uploads\/2025\/06\/Paris-je-taime-2-1536x1152.jpg 1536w, https:\/\/richeskarayib.com\/wp-content\/uploads\/2025\/06\/Paris-je-taime-2-1320x990.jpg 1320w, https:\/\/richeskarayib.com\/wp-content\/uploads\/2025\/06\/Paris-je-taime-2.jpg 1920w\" sizes=\"(max-width: 800px) 100vw, 800px\" \/>\t\t\t\t\t\t\t\t\t\t\t\t\t\t\t<\/div>\n\t\t\t\t<\/div>\n\t\t\t\t\t<\/div>\n\t\t<\/div>\n\t\t\t\t<div class=\"elementor-column elementor-col-33 elementor-inner-column elementor-element elementor-element-4f3ce29\" data-id=\"4f3ce29\" data-element_type=\"column\">\n\t\t\t<div class=\"elementor-widget-wrap elementor-element-populated\">\n\t\t\t\t\t\t<div class=\"elementor-element elementor-element-e08900b elementor-widget elementor-widget-image\" data-id=\"e08900b\" data-element_type=\"widget\" data-widget_type=\"image.default\">\n\t\t\t\t<div class=\"elementor-widget-container\">\n\t\t\t\t\t\t\t\t\t\t\t\t\t\t\t<img loading=\"lazy\" decoding=\"async\" width=\"800\" height=\"600\" src=\"https:\/\/richeskarayib.com\/wp-content\/uploads\/2025\/06\/Paris-je-taime-3-1024x768.jpg\" class=\"attachment-large size-large wp-image-55526\" alt=\"Paris Noir\" srcset=\"https:\/\/richeskarayib.com\/wp-content\/uploads\/2025\/06\/Paris-je-taime-3-1024x768.jpg 1024w, https:\/\/richeskarayib.com\/wp-content\/uploads\/2025\/06\/Paris-je-taime-3-300x225.jpg 300w, https:\/\/richeskarayib.com\/wp-content\/uploads\/2025\/06\/Paris-je-taime-3-768x576.jpg 768w, https:\/\/richeskarayib.com\/wp-content\/uploads\/2025\/06\/Paris-je-taime-3-1536x1152.jpg 1536w, https:\/\/richeskarayib.com\/wp-content\/uploads\/2025\/06\/Paris-je-taime-3-1320x990.jpg 1320w, https:\/\/richeskarayib.com\/wp-content\/uploads\/2025\/06\/Paris-je-taime-3.jpg 1920w\" sizes=\"(max-width: 800px) 100vw, 800px\" \/>\t\t\t\t\t\t\t\t\t\t\t\t\t\t\t<\/div>\n\t\t\t\t<\/div>\n\t\t\t\t\t<\/div>\n\t\t<\/div>\n\t\t\t\t<div class=\"elementor-column elementor-col-33 elementor-inner-column elementor-element elementor-element-16e1ba1\" data-id=\"16e1ba1\" data-element_type=\"column\">\n\t\t\t<div class=\"elementor-widget-wrap elementor-element-populated\">\n\t\t\t\t\t\t<div class=\"elementor-element elementor-element-7764875 elementor-widget elementor-widget-image\" data-id=\"7764875\" data-element_type=\"widget\" data-widget_type=\"image.default\">\n\t\t\t\t<div class=\"elementor-widget-container\">\n\t\t\t\t\t\t\t\t\t\t\t\t\t\t\t<img loading=\"lazy\" decoding=\"async\" width=\"800\" height=\"600\" src=\"https:\/\/richeskarayib.com\/wp-content\/uploads\/2025\/06\/Paris-je-taime-4-1024x768.jpg\" class=\"attachment-large size-large wp-image-55530\" alt=\"Paris Noir\" srcset=\"https:\/\/richeskarayib.com\/wp-content\/uploads\/2025\/06\/Paris-je-taime-4-1024x768.jpg 1024w, https:\/\/richeskarayib.com\/wp-content\/uploads\/2025\/06\/Paris-je-taime-4-300x225.jpg 300w, https:\/\/richeskarayib.com\/wp-content\/uploads\/2025\/06\/Paris-je-taime-4-768x576.jpg 768w, https:\/\/richeskarayib.com\/wp-content\/uploads\/2025\/06\/Paris-je-taime-4-1536x1152.jpg 1536w, https:\/\/richeskarayib.com\/wp-content\/uploads\/2025\/06\/Paris-je-taime-4-1320x990.jpg 1320w, https:\/\/richeskarayib.com\/wp-content\/uploads\/2025\/06\/Paris-je-taime-4.jpg 1920w\" sizes=\"(max-width: 800px) 100vw, 800px\" \/>\t\t\t\t\t\t\t\t\t\t\t\t\t\t\t<\/div>\n\t\t\t\t<\/div>\n\t\t\t\t\t<\/div>\n\t\t<\/div>\n\t\t\t\t\t<\/div>\n\t\t<\/section>\n\t\t\t\t<section class=\"elementor-section elementor-inner-section elementor-element elementor-element-172c59d elementor-section-boxed elementor-section-height-default elementor-section-height-default\" data-id=\"172c59d\" data-element_type=\"section\">\n\t\t\t\t\t\t<div class=\"elementor-container elementor-column-gap-default\">\n\t\t\t\t\t<div class=\"elementor-column elementor-col-100 elementor-inner-column elementor-element elementor-element-a1772a9\" data-id=\"a1772a9\" data-element_type=\"column\">\n\t\t\t<div class=\"elementor-widget-wrap elementor-element-populated\">\n\t\t\t\t\t\t<div class=\"elementor-element elementor-element-2a01a3b elementor-widget elementor-widget-image\" data-id=\"2a01a3b\" data-element_type=\"widget\" data-widget_type=\"image.default\">\n\t\t\t\t<div class=\"elementor-widget-container\">\n\t\t\t\t\t\t\t\t\t\t\t\t\t\t\t<img loading=\"lazy\" decoding=\"async\" width=\"800\" height=\"600\" src=\"https:\/\/richeskarayib.com\/wp-content\/uploads\/2025\/06\/Paris-je-taime-6-1024x768.jpg\" class=\"attachment-large size-large wp-image-55534\" alt=\"Paris Noir\" srcset=\"https:\/\/richeskarayib.com\/wp-content\/uploads\/2025\/06\/Paris-je-taime-6-1024x768.jpg 1024w, https:\/\/richeskarayib.com\/wp-content\/uploads\/2025\/06\/Paris-je-taime-6-300x225.jpg 300w, https:\/\/richeskarayib.com\/wp-content\/uploads\/2025\/06\/Paris-je-taime-6-768x576.jpg 768w, https:\/\/richeskarayib.com\/wp-content\/uploads\/2025\/06\/Paris-je-taime-6-1536x1152.jpg 1536w, https:\/\/richeskarayib.com\/wp-content\/uploads\/2025\/06\/Paris-je-taime-6-1320x990.jpg 1320w, https:\/\/richeskarayib.com\/wp-content\/uploads\/2025\/06\/Paris-je-taime-6.jpg 1920w\" sizes=\"(max-width: 800px) 100vw, 800px\" \/>\t\t\t\t\t\t\t\t\t\t\t\t\t\t\t<\/div>\n\t\t\t\t<\/div>\n\t\t\t\t\t<\/div>\n\t\t<\/div>\n\t\t\t\t\t<\/div>\n\t\t<\/section>\n\t\t\t\t<section class=\"elementor-section elementor-inner-section elementor-element elementor-element-5d73e82 elementor-section-boxed elementor-section-height-default elementor-section-height-default\" data-id=\"5d73e82\" data-element_type=\"section\">\n\t\t\t\t\t\t<div class=\"elementor-container elementor-column-gap-default\">\n\t\t\t\t\t<div class=\"elementor-column elementor-col-33 elementor-inner-column elementor-element elementor-element-c5a5b26\" data-id=\"c5a5b26\" data-element_type=\"column\">\n\t\t\t<div class=\"elementor-widget-wrap elementor-element-populated\">\n\t\t\t\t\t\t<div class=\"elementor-element elementor-element-7b9cf83 elementor-widget elementor-widget-image\" data-id=\"7b9cf83\" data-element_type=\"widget\" data-widget_type=\"image.default\">\n\t\t\t\t<div class=\"elementor-widget-container\">\n\t\t\t\t\t\t\t\t\t\t\t\t\t\t\t<img loading=\"lazy\" decoding=\"async\" width=\"800\" height=\"600\" src=\"https:\/\/richeskarayib.com\/wp-content\/uploads\/2025\/06\/Paris-je-taime-7-1024x768.jpg\" class=\"attachment-large size-large wp-image-55538\" alt=\"Paris Noir\" srcset=\"https:\/\/richeskarayib.com\/wp-content\/uploads\/2025\/06\/Paris-je-taime-7-1024x768.jpg 1024w, https:\/\/richeskarayib.com\/wp-content\/uploads\/2025\/06\/Paris-je-taime-7-300x225.jpg 300w, https:\/\/richeskarayib.com\/wp-content\/uploads\/2025\/06\/Paris-je-taime-7-768x576.jpg 768w, https:\/\/richeskarayib.com\/wp-content\/uploads\/2025\/06\/Paris-je-taime-7-1536x1152.jpg 1536w, https:\/\/richeskarayib.com\/wp-content\/uploads\/2025\/06\/Paris-je-taime-7-1320x990.jpg 1320w, https:\/\/richeskarayib.com\/wp-content\/uploads\/2025\/06\/Paris-je-taime-7.jpg 1920w\" sizes=\"(max-width: 800px) 100vw, 800px\" \/>\t\t\t\t\t\t\t\t\t\t\t\t\t\t\t<\/div>\n\t\t\t\t<\/div>\n\t\t\t\t\t<\/div>\n\t\t<\/div>\n\t\t\t\t<div class=\"elementor-column elementor-col-33 elementor-inner-column elementor-element elementor-element-88d016b\" data-id=\"88d016b\" data-element_type=\"column\">\n\t\t\t<div class=\"elementor-widget-wrap elementor-element-populated\">\n\t\t\t\t\t\t<div class=\"elementor-element elementor-element-e023e25 elementor-widget elementor-widget-image\" data-id=\"e023e25\" data-element_type=\"widget\" data-widget_type=\"image.default\">\n\t\t\t\t<div class=\"elementor-widget-container\">\n\t\t\t\t\t\t\t\t\t\t\t\t\t\t\t<img loading=\"lazy\" decoding=\"async\" width=\"800\" height=\"600\" src=\"https:\/\/richeskarayib.com\/wp-content\/uploads\/2025\/06\/Paris-je-taime-1024x768.jpg\" class=\"attachment-large size-large wp-image-55542\" alt=\"Paris Noir\" srcset=\"https:\/\/richeskarayib.com\/wp-content\/uploads\/2025\/06\/Paris-je-taime-1024x768.jpg 1024w, https:\/\/richeskarayib.com\/wp-content\/uploads\/2025\/06\/Paris-je-taime-300x225.jpg 300w, https:\/\/richeskarayib.com\/wp-content\/uploads\/2025\/06\/Paris-je-taime-768x576.jpg 768w, https:\/\/richeskarayib.com\/wp-content\/uploads\/2025\/06\/Paris-je-taime-1536x1152.jpg 1536w, https:\/\/richeskarayib.com\/wp-content\/uploads\/2025\/06\/Paris-je-taime-1320x990.jpg 1320w, https:\/\/richeskarayib.com\/wp-content\/uploads\/2025\/06\/Paris-je-taime.jpg 1920w\" sizes=\"(max-width: 800px) 100vw, 800px\" \/>\t\t\t\t\t\t\t\t\t\t\t\t\t\t\t<\/div>\n\t\t\t\t<\/div>\n\t\t\t\t\t<\/div>\n\t\t<\/div>\n\t\t\t\t<div class=\"elementor-column elementor-col-33 elementor-inner-column elementor-element elementor-element-35cfa3f\" data-id=\"35cfa3f\" data-element_type=\"column\">\n\t\t\t<div class=\"elementor-widget-wrap elementor-element-populated\">\n\t\t\t\t\t\t<div class=\"elementor-element elementor-element-3fe8172 elementor-widget elementor-widget-image\" data-id=\"3fe8172\" data-element_type=\"widget\" data-widget_type=\"image.default\">\n\t\t\t\t<div class=\"elementor-widget-container\">\n\t\t\t\t\t\t\t\t\t\t\t\t\t\t\t<img loading=\"lazy\" decoding=\"async\" width=\"800\" height=\"600\" src=\"https:\/\/richeskarayib.com\/wp-content\/uploads\/2025\/06\/Paris-je-taime-5-1024x768.jpg\" class=\"attachment-large size-large wp-image-55546\" alt=\"Paris Noir\" srcset=\"https:\/\/richeskarayib.com\/wp-content\/uploads\/2025\/06\/Paris-je-taime-5-1024x768.jpg 1024w, https:\/\/richeskarayib.com\/wp-content\/uploads\/2025\/06\/Paris-je-taime-5-300x225.jpg 300w, https:\/\/richeskarayib.com\/wp-content\/uploads\/2025\/06\/Paris-je-taime-5-768x576.jpg 768w, https:\/\/richeskarayib.com\/wp-content\/uploads\/2025\/06\/Paris-je-taime-5-1536x1152.jpg 1536w, https:\/\/richeskarayib.com\/wp-content\/uploads\/2025\/06\/Paris-je-taime-5-1320x990.jpg 1320w, https:\/\/richeskarayib.com\/wp-content\/uploads\/2025\/06\/Paris-je-taime-5.jpg 1920w\" sizes=\"(max-width: 800px) 100vw, 800px\" \/>\t\t\t\t\t\t\t\t\t\t\t\t\t\t\t<\/div>\n\t\t\t\t<\/div>\n\t\t\t\t\t<\/div>\n\t\t<\/div>\n\t\t\t\t\t<\/div>\n\t\t<\/section>\n\t\t\t\t\t<\/div>\n\t\t<\/div>\n\t\t\t\t\t<\/div>\n\t\t<\/section>\n\t\t\t\t<section class=\"elementor-section elementor-top-section elementor-element elementor-element-2fc67c8 elementor-section-boxed elementor-section-height-default elementor-section-height-default\" data-id=\"2fc67c8\" data-element_type=\"section\">\n\t\t\t\t\t\t<div class=\"elementor-container elementor-column-gap-default\">\n\t\t\t\t\t<div class=\"elementor-column elementor-col-100 elementor-top-column elementor-element elementor-element-f4b6dcd\" data-id=\"f4b6dcd\" data-element_type=\"column\">\n\t\t\t<div class=\"elementor-widget-wrap elementor-element-populated\">\n\t\t\t\t\t\t<div class=\"elementor-element elementor-element-2ef6e8b elementor-widget elementor-widget-text-editor\" data-id=\"2ef6e8b\" data-element_type=\"widget\" data-widget_type=\"text-editor.default\">\n\t\t\t\t<div class=\"elementor-widget-container\">\n\t\t\t\t\t\t\t\t\t<p>\u201cParis Noir\u201d est plus qu\u2019une exposition : c\u2019est un geste artistique et politique fort, o\u00f9 la voix des artistes carib\u00e9ens trouve un \u00e9cho international. Gr\u00e2ce \u00e0 l\u2019engagement structurant de la Fondation Cl\u00e9ment et au soutien du groupe GBH, cette visibilit\u00e9 est aujourd\u2019hui rendue possible. Une reconnaissance bienvenue, pour une histoire artistique encore trop souvent rest\u00e9e dans l\u2019ombre.<\/p>\t\t\t\t\t\t\t\t<\/div>\n\t\t\t\t<\/div>\n\t\t\t\t\t<\/div>\n\t\t<\/div>\n\t\t\t\t\t<\/div>\n\t\t<\/section>\n\t\t\t\t<\/div>\n\t\t","protected":false},"excerpt":{"rendered":"<p>Alors que le Centre Pompidou s\u2019appr\u00eate \u00e0 fermer pour r\u00e9novation, l\u2019exposition \u201cParis Noir\u201d s\u2019impose comme un temps fort de la sc\u00e8ne culturelle fran\u00e7aise. \u00c0 ses c\u00f4t\u00e9s, la Fondation Cl\u00e9ment, bras culturel du groupe GBH (Groupe Bernard Hayot), joue un r\u00f4le d\u00e9cisif dans la valorisation de la cr\u00e9ation carib\u00e9enne. Un hommage in\u00e9dit aux artistes noirs de [&hellip;]<\/p>\n","protected":false},"author":662,"featured_media":55494,"comment_status":"open","ping_status":"open","sticky":false,"template":"","format":"standard","meta":{"_acf_changed":false,"footnotes":""},"categories":[840,1490],"tags":[1441,1598,1716,1545,1693,808,1482,1599,1656],"class_list":["post-55493","post","type-post","status-publish","format-standard","has-post-thumbnail","hentry","category-actus","category-institutions-culturelles","tag-anguilla-fr","tag-barbade-fr","tag-dominique-fr-2","tag-guadeloupe-2","tag-jamaique-2","tag-martinique-fr","tag-republique-dominicaine","tag-sainte-lucie-fr","tag-trinite-et-tobago-2"],"acf":[],"_links":{"self":[{"href":"https:\/\/richeskarayib.com\/fr\/wp-json\/wp\/v2\/posts\/55493","targetHints":{"allow":["GET"]}}],"collection":[{"href":"https:\/\/richeskarayib.com\/fr\/wp-json\/wp\/v2\/posts"}],"about":[{"href":"https:\/\/richeskarayib.com\/fr\/wp-json\/wp\/v2\/types\/post"}],"author":[{"embeddable":true,"href":"https:\/\/richeskarayib.com\/fr\/wp-json\/wp\/v2\/users\/662"}],"replies":[{"embeddable":true,"href":"https:\/\/richeskarayib.com\/fr\/wp-json\/wp\/v2\/comments?post=55493"}],"version-history":[{"count":0,"href":"https:\/\/richeskarayib.com\/fr\/wp-json\/wp\/v2\/posts\/55493\/revisions"}],"wp:featuredmedia":[{"embeddable":true,"href":"https:\/\/richeskarayib.com\/fr\/wp-json\/wp\/v2\/media\/55494"}],"wp:attachment":[{"href":"https:\/\/richeskarayib.com\/fr\/wp-json\/wp\/v2\/media?parent=55493"}],"wp:term":[{"taxonomy":"category","embeddable":true,"href":"https:\/\/richeskarayib.com\/fr\/wp-json\/wp\/v2\/categories?post=55493"},{"taxonomy":"post_tag","embeddable":true,"href":"https:\/\/richeskarayib.com\/fr\/wp-json\/wp\/v2\/tags?post=55493"}],"curies":[{"name":"wp","href":"https:\/\/api.w.org\/{rel}","templated":true}]}}