{"id":55552,"date":"2025-06-27T09:04:55","date_gmt":"2025-06-27T13:04:55","guid":{"rendered":"https:\/\/richeskarayib.com\/?p=55552"},"modified":"2025-06-27T09:04:55","modified_gmt":"2025-06-27T13:04:55","slug":"les-anses-darlet-un-bijou-creole-emotions","status":"publish","type":"post","link":"https:\/\/richeskarayib.com\/fr\/les-anses-darlet-un-bijou-creole-emotions\/","title":{"rendered":"Martinique &#8211; Les Anses d\u2019Arlet : un bijou Cr\u00e9ole \u00e0 la crois\u00e9e des \u00e9motions."},"content":{"rendered":"\t\t<div data-elementor-type=\"wp-post\" data-elementor-id=\"55552\" class=\"elementor elementor-55552\" data-elementor-post-type=\"post\">\n\t\t\t\t\t\t<section class=\"elementor-section elementor-top-section elementor-element elementor-element-34e72cf elementor-section-boxed elementor-section-height-default elementor-section-height-default\" data-id=\"34e72cf\" data-element_type=\"section\">\n\t\t\t\t\t\t<div class=\"elementor-container elementor-column-gap-default\">\n\t\t\t\t\t<div class=\"elementor-column elementor-col-100 elementor-top-column elementor-element elementor-element-6d7868a\" data-id=\"6d7868a\" data-element_type=\"column\">\n\t\t\t<div class=\"elementor-widget-wrap elementor-element-populated\">\n\t\t\t\t\t\t<div class=\"elementor-element elementor-element-25340a1 elementor-widget elementor-widget-text-editor\" data-id=\"25340a1\" data-element_type=\"widget\" data-widget_type=\"text-editor.default\">\n\t\t\t\t<div class=\"elementor-widget-container\">\n\t\t\t\t\t\t\t\t\t<p>Les Anses d\u2019Arlet, c\u2019est bien plus qu\u2019un simple <a href=\"https:\/\/richeskarayib.com\/fr\/sacem-professionnaliser-la-filiere-musicale\/\" target=\"_blank\" rel=\"noopener\">village martiniquais<\/a> : c\u2019est un \u00e9crin d\u2019authenticit\u00e9 o\u00f9 la nature, l\u2019histoire et l\u2019humain se rencontrent pour offrir une exp\u00e9rience inoubliable. D\u00e8s l\u2019instant o\u00f9 l\u2019on pose le pied sur cette terre baign\u00e9e de lumi\u00e8re, un sentiment d\u2019appartenance et de paix s\u2019empare du visiteur. Situ\u00e9es sur la c\u00f4te sud-ouest de la Martinique, Les Anses d\u2019Arlet s\u2019\u00e9tirent entre collines verdoyantes et eaux cristallines, offrant un panorama \u00e0 couper le souffle.\u00a0<\/p><p>Ici, chaque lever de soleil semble r\u00e9veiller une nouvelle promesse, chaque coucher de soleil invite \u00e0 la contemplation. Ce territoire, \u00e0 la fois pr\u00e9serv\u00e9 et vibrant, s\u00e9duit par son harmonie entre traditions et douceur de vivre, et c\u2019est cette alchimie rare qui touche le c\u0153ur de tous ceux qui le d\u00e9couvrent.<\/p>\t\t\t\t\t\t\t\t<\/div>\n\t\t\t\t<\/div>\n\t\t\t\t\t<\/div>\n\t\t<\/div>\n\t\t\t\t\t<\/div>\n\t\t<\/section>\n\t\t\t\t<section class=\"elementor-section elementor-top-section elementor-element elementor-element-3756bbb elementor-section-boxed elementor-section-height-default elementor-section-height-default\" data-id=\"3756bbb\" data-element_type=\"section\">\n\t\t\t\t\t\t<div class=\"elementor-container elementor-column-gap-default\">\n\t\t\t\t\t<div class=\"elementor-column elementor-col-100 elementor-top-column elementor-element elementor-element-df79712\" data-id=\"df79712\" data-element_type=\"column\">\n\t\t\t<div class=\"elementor-widget-wrap elementor-element-populated\">\n\t\t\t\t\t\t<div class=\"elementor-element elementor-element-782f801 elementor-widget elementor-widget-heading\" data-id=\"782f801\" data-element_type=\"widget\" data-widget_type=\"heading.default\">\n\t\t\t\t<div class=\"elementor-widget-container\">\n\t\t\t\t\t<h2 class=\"elementor-heading-title elementor-size-default\">Aux racines du Nom et de l\u2019histoire : un h\u00e9ritage vivant.<\/h2>\t\t\t\t<\/div>\n\t\t\t\t<\/div>\n\t\t\t\t<section class=\"elementor-section elementor-inner-section elementor-element elementor-element-cb6876d elementor-section-boxed elementor-section-height-default elementor-section-height-default\" data-id=\"cb6876d\" data-element_type=\"section\">\n\t\t\t\t\t\t<div class=\"elementor-container elementor-column-gap-default\">\n\t\t\t\t\t<div class=\"elementor-column elementor-col-50 elementor-inner-column elementor-element elementor-element-a0d5d47\" data-id=\"a0d5d47\" data-element_type=\"column\">\n\t\t\t<div class=\"elementor-widget-wrap elementor-element-populated\">\n\t\t\t\t\t\t<div class=\"elementor-element elementor-element-8fdeaaf elementor-widget elementor-widget-image\" data-id=\"8fdeaaf\" data-element_type=\"widget\" data-widget_type=\"image.default\">\n\t\t\t\t<div class=\"elementor-widget-container\">\n\t\t\t\t\t\t\t\t\t\t\t\t<figure class=\"wp-caption\">\n\t\t\t\t\t\t\t\t\t\t<img fetchpriority=\"high\" decoding=\"async\" width=\"640\" height=\"480\" src=\"https:\/\/richeskarayib.com\/wp-content\/uploads\/2025\/06\/filetdepeche-bateau-ansedufour-ansesdarlet-martinique-640x480-1.jpg\" class=\"attachment-large size-large wp-image-55585\" alt=\"Anses d&#039;Arlet\" srcset=\"https:\/\/richeskarayib.com\/wp-content\/uploads\/2025\/06\/filetdepeche-bateau-ansedufour-ansesdarlet-martinique-640x480-1.jpg 640w, https:\/\/richeskarayib.com\/wp-content\/uploads\/2025\/06\/filetdepeche-bateau-ansedufour-ansesdarlet-martinique-640x480-1-300x225.jpg 300w\" sizes=\"(max-width: 640px) 100vw, 640px\" \/>\t\t\t\t\t\t\t\t\t\t\t<figcaption class=\"widget-image-caption wp-caption-text\">\u00a9Martinique Tour<\/figcaption>\n\t\t\t\t\t\t\t\t\t\t<\/figure>\n\t\t\t\t\t\t\t\t\t<\/div>\n\t\t\t\t<\/div>\n\t\t\t\t\t<\/div>\n\t\t<\/div>\n\t\t\t\t<div class=\"elementor-column elementor-col-50 elementor-inner-column elementor-element elementor-element-a1735d9\" data-id=\"a1735d9\" data-element_type=\"column\">\n\t\t\t<div class=\"elementor-widget-wrap elementor-element-populated\">\n\t\t\t\t\t\t<div class=\"elementor-element elementor-element-8492aa2 elementor-widget elementor-widget-text-editor\" data-id=\"8492aa2\" data-element_type=\"widget\" data-widget_type=\"text-editor.default\">\n\t\t\t\t<div class=\"elementor-widget-container\">\n\t\t\t\t\t\t\t\t\t<h3><b>L\u00e9gendes de la Cara\u00efbe et m\u00e9moire collective<\/b><\/h3><p>Le nom <a href=\"https:\/\/www.martinique-tour.com\/decouvrir-la-martinique\/paysages-de-martinique\/les-anses-darlet\/\" target=\"_blank\" rel=\"noopener nofollow\">Les Anses d\u2019Arlet<\/a> plonge ses racines dans une histoire aussi profonde que les eaux qui bordent ses rivages. Il \u00e9voque Arlet, un chef am\u00e9rindien, figure embl\u00e9matique qui aurait marqu\u00e9 la r\u00e9gion de son empreinte. Cette terre, autrefois foul\u00e9e par les premiers habitants cara\u00efbes, a travers\u00e9 les si\u00e8cles en conservant la m\u00e9moire de ses anc\u00eatres.\u00a0<\/p><p>Les fouilles arch\u00e9ologiques de l\u2019Anse Bellay ont r\u00e9v\u00e9l\u00e9 des vestiges poignants : cimeti\u00e8res am\u00e9rindiens datant du Ve si\u00e8cle et s\u00e9pultures d\u2019esclaves du XVIIIe si\u00e8cle, t\u00e9moignant d\u2019une histoire parfois douloureuse mais toujours porteuse d\u2019un message de r\u00e9silience et de dignit\u00e9. Ici, la m\u00e9moire n\u2019est jamais loin, elle habite le vent, les arbres, les chants, et rappelle que Les Anses d\u2019Arlet sont un lieu de r\u00e9conciliation entre pass\u00e9 et pr\u00e9sent.<\/p>\t\t\t\t\t\t\t\t<\/div>\n\t\t\t\t<\/div>\n\t\t\t\t\t<\/div>\n\t\t<\/div>\n\t\t\t\t\t<\/div>\n\t\t<\/section>\n\t\t\t\t<section class=\"elementor-section elementor-inner-section elementor-element elementor-element-9e841fa elementor-section-boxed elementor-section-height-default elementor-section-height-default\" data-id=\"9e841fa\" data-element_type=\"section\">\n\t\t\t\t\t\t<div class=\"elementor-container elementor-column-gap-default\">\n\t\t\t\t\t<div class=\"elementor-column elementor-col-50 elementor-inner-column elementor-element elementor-element-c211d06\" data-id=\"c211d06\" data-element_type=\"column\">\n\t\t\t<div class=\"elementor-widget-wrap elementor-element-populated\">\n\t\t\t\t\t\t<div class=\"elementor-element elementor-element-5b25933 elementor-widget elementor-widget-text-editor\" data-id=\"5b25933\" data-element_type=\"widget\" data-widget_type=\"text-editor.default\">\n\t\t\t\t<div class=\"elementor-widget-container\">\n\t\t\t\t\t\t\t\t\t<h3><b>Un village qui a su pr\u00e9server son \u00e2me<\/b><\/h3><p>Au fil des si\u00e8cles, Les Anses d\u2019Arlet ont vu d\u00e9filer les vagues de l\u2019histoire : des missionnaires aux p\u00eacheurs, des cultivateurs aux artisans.<\/p><p>Chaque pierre, chaque ruelle, chaque maison cr\u00e9ole raconte une histoire, celle d\u2019un peuple qui a su pr\u00e9server son identit\u00e9 tout en s\u2019ouvrant au monde.<\/p><p>L\u2019\u00e9glise Saint-Henri, joyau du patrimoine local, tr\u00f4ne fi\u00e8rement face \u00e0 la mer, symbole d\u2019une foi et d\u2019une pers\u00e9v\u00e9rance qui traversent le temps.<\/p>\t\t\t\t\t\t\t\t<\/div>\n\t\t\t\t<\/div>\n\t\t\t\t\t<\/div>\n\t\t<\/div>\n\t\t\t\t<div class=\"elementor-column elementor-col-50 elementor-inner-column elementor-element elementor-element-d610cb1\" data-id=\"d610cb1\" data-element_type=\"column\">\n\t\t\t<div class=\"elementor-widget-wrap elementor-element-populated\">\n\t\t\t\t\t\t<div class=\"elementor-element elementor-element-44110de elementor-widget elementor-widget-image\" data-id=\"44110de\" data-element_type=\"widget\" data-widget_type=\"image.default\">\n\t\t\t\t<div class=\"elementor-widget-container\">\n\t\t\t\t\t\t\t\t\t\t\t\t<figure class=\"wp-caption\">\n\t\t\t\t\t\t\t\t\t\t<img decoding=\"async\" width=\"800\" height=\"566\" src=\"https:\/\/richeskarayib.com\/wp-content\/uploads\/2025\/06\/Ville-de-Les-Anses-dArlet-1024x724.jpg\" class=\"attachment-large size-large wp-image-55557\" alt=\"Anses d&#039;Arlet\" srcset=\"https:\/\/richeskarayib.com\/wp-content\/uploads\/2025\/06\/Ville-de-Les-Anses-dArlet-1024x724.jpg 1024w, https:\/\/richeskarayib.com\/wp-content\/uploads\/2025\/06\/Ville-de-Les-Anses-dArlet-300x212.jpg 300w, https:\/\/richeskarayib.com\/wp-content\/uploads\/2025\/06\/Ville-de-Les-Anses-dArlet-768x543.jpg 768w, https:\/\/richeskarayib.com\/wp-content\/uploads\/2025\/06\/Ville-de-Les-Anses-dArlet-1536x1086.jpg 1536w, https:\/\/richeskarayib.com\/wp-content\/uploads\/2025\/06\/Ville-de-Les-Anses-dArlet-1320x933.jpg 1320w, https:\/\/richeskarayib.com\/wp-content\/uploads\/2025\/06\/Ville-de-Les-Anses-dArlet.jpg 1920w\" sizes=\"(max-width: 800px) 100vw, 800px\" \/>\t\t\t\t\t\t\t\t\t\t\t<figcaption class=\"widget-image-caption wp-caption-text\">\u00a9Ville de Les Anses d'Arlet<\/figcaption>\n\t\t\t\t\t\t\t\t\t\t<\/figure>\n\t\t\t\t\t\t\t\t\t<\/div>\n\t\t\t\t<\/div>\n\t\t\t\t\t<\/div>\n\t\t<\/div>\n\t\t\t\t\t<\/div>\n\t\t<\/section>\n\t\t\t\t<section class=\"elementor-section elementor-inner-section elementor-element elementor-element-24bde85 elementor-section-boxed elementor-section-height-default elementor-section-height-default\" data-id=\"24bde85\" data-element_type=\"section\">\n\t\t\t\t\t\t<div class=\"elementor-container elementor-column-gap-default\">\n\t\t\t\t\t<div class=\"elementor-column elementor-col-50 elementor-inner-column elementor-element elementor-element-d9d88c5\" data-id=\"d9d88c5\" data-element_type=\"column\">\n\t\t\t<div class=\"elementor-widget-wrap elementor-element-populated\">\n\t\t\t\t\t\t<div class=\"elementor-element elementor-element-068ea44 elementor-widget elementor-widget-image\" data-id=\"068ea44\" data-element_type=\"widget\" data-widget_type=\"image.default\">\n\t\t\t\t<div class=\"elementor-widget-container\">\n\t\t\t\t\t\t\t\t\t\t\t\t<figure class=\"wp-caption\">\n\t\t\t\t\t\t\t\t\t\t<img decoding=\"async\" width=\"800\" height=\"600\" src=\"https:\/\/richeskarayib.com\/wp-content\/uploads\/2025\/06\/16335_1458585259-1024x768.jpg\" class=\"attachment-large size-large wp-image-55573\" alt=\"Anses d&#039;Arlet\" srcset=\"https:\/\/richeskarayib.com\/wp-content\/uploads\/2025\/06\/16335_1458585259-1024x768.jpg 1024w, https:\/\/richeskarayib.com\/wp-content\/uploads\/2025\/06\/16335_1458585259-300x225.jpg 300w, https:\/\/richeskarayib.com\/wp-content\/uploads\/2025\/06\/16335_1458585259-768x576.jpg 768w, https:\/\/richeskarayib.com\/wp-content\/uploads\/2025\/06\/16335_1458585259-1536x1152.jpg 1536w, https:\/\/richeskarayib.com\/wp-content\/uploads\/2025\/06\/16335_1458585259-1320x990.jpg 1320w, https:\/\/richeskarayib.com\/wp-content\/uploads\/2025\/06\/16335_1458585259.jpg 1600w\" sizes=\"(max-width: 800px) 100vw, 800px\" \/>\t\t\t\t\t\t\t\t\t\t\t<figcaption class=\"widget-image-caption wp-caption-text\">\u00a9odyssea.eu<\/figcaption>\n\t\t\t\t\t\t\t\t\t\t<\/figure>\n\t\t\t\t\t\t\t\t\t<\/div>\n\t\t\t\t<\/div>\n\t\t\t\t\t<\/div>\n\t\t<\/div>\n\t\t\t\t<div class=\"elementor-column elementor-col-50 elementor-inner-column elementor-element elementor-element-2cff823\" data-id=\"2cff823\" data-element_type=\"column\">\n\t\t\t<div class=\"elementor-widget-wrap elementor-element-populated\">\n\t\t\t\t\t\t<div class=\"elementor-element elementor-element-0ce6d86 elementor-widget elementor-widget-image\" data-id=\"0ce6d86\" data-element_type=\"widget\" data-widget_type=\"image.default\">\n\t\t\t\t<div class=\"elementor-widget-container\">\n\t\t\t\t\t\t\t\t\t\t\t\t<figure class=\"wp-caption\">\n\t\t\t\t\t\t\t\t\t\t<img loading=\"lazy\" decoding=\"async\" width=\"800\" height=\"600\" src=\"https:\/\/richeskarayib.com\/wp-content\/uploads\/2025\/06\/16335_1617021875.jpg\" class=\"attachment-large size-large wp-image-55577\" alt=\"Anses d&#039;Arlet\" srcset=\"https:\/\/richeskarayib.com\/wp-content\/uploads\/2025\/06\/16335_1617021875.jpg 900w, https:\/\/richeskarayib.com\/wp-content\/uploads\/2025\/06\/16335_1617021875-300x225.jpg 300w, https:\/\/richeskarayib.com\/wp-content\/uploads\/2025\/06\/16335_1617021875-768x576.jpg 768w\" sizes=\"(max-width: 800px) 100vw, 800px\" \/>\t\t\t\t\t\t\t\t\t\t\t<figcaption class=\"widget-image-caption wp-caption-text\">\u00a9odyssea.eu<\/figcaption>\n\t\t\t\t\t\t\t\t\t\t<\/figure>\n\t\t\t\t\t\t\t\t\t<\/div>\n\t\t\t\t<\/div>\n\t\t\t\t\t<\/div>\n\t\t<\/div>\n\t\t\t\t\t<\/div>\n\t\t<\/section>\n\t\t\t\t\t<\/div>\n\t\t<\/div>\n\t\t\t\t\t<\/div>\n\t\t<\/section>\n\t\t\t\t<section class=\"elementor-section elementor-top-section elementor-element elementor-element-5b928cf elementor-section-boxed elementor-section-height-default elementor-section-height-default\" data-id=\"5b928cf\" data-element_type=\"section\">\n\t\t\t\t\t\t<div class=\"elementor-container elementor-column-gap-default\">\n\t\t\t\t\t<div class=\"elementor-column elementor-col-100 elementor-top-column elementor-element elementor-element-587c274\" data-id=\"587c274\" data-element_type=\"column\">\n\t\t\t<div class=\"elementor-widget-wrap elementor-element-populated\">\n\t\t\t\t\t\t<div class=\"elementor-element elementor-element-2047da4 elementor-widget elementor-widget-heading\" data-id=\"2047da4\" data-element_type=\"widget\" data-widget_type=\"heading.default\">\n\t\t\t\t<div class=\"elementor-widget-container\">\n\t\t\t\t\t<h2 class=\"elementor-heading-title elementor-size-default\">Le village et ses habitants : l\u2019\u00e2me Cr\u00e9ole en partage<\/h2>\t\t\t\t<\/div>\n\t\t\t\t<\/div>\n\t\t\t\t<section class=\"elementor-section elementor-inner-section elementor-element elementor-element-89e604f elementor-section-boxed elementor-section-height-default elementor-section-height-default\" data-id=\"89e604f\" data-element_type=\"section\">\n\t\t\t\t\t\t<div class=\"elementor-container elementor-column-gap-default\">\n\t\t\t\t\t<div class=\"elementor-column elementor-col-50 elementor-inner-column elementor-element elementor-element-846b0cd\" data-id=\"846b0cd\" data-element_type=\"column\">\n\t\t\t<div class=\"elementor-widget-wrap elementor-element-populated\">\n\t\t\t\t\t\t<div class=\"elementor-element elementor-element-994871c elementor-widget elementor-widget-text-editor\" data-id=\"994871c\" data-element_type=\"widget\" data-widget_type=\"text-editor.default\">\n\t\t\t\t<div class=\"elementor-widget-container\">\n\t\t\t\t\t\t\t\t\t<h3><b>Un Bourg color\u00e9, miroir de la Martinique authentique<\/b><\/h3><p>Le c\u0153ur des <a href=\"https:\/\/www.routard.com\/fr\/photo\/p\/27087-les-anses-d-arlet\" target=\"_blank\" rel=\"noopener nofollow\">Anses d\u2019Arlet<\/a> bat dans son bourg, un entrelacs de ruelles escarp\u00e9es bord\u00e9es de maisons cr\u00e9oles aux couleurs chatoyantes.<\/p><p>Ici, le regard se perd entre les toits rouges, les volets bleus et les jardins fleuris.<\/p><p>L\u2019\u00e9glise Saint-Henri, class\u00e9e monument historique, se dresse majestueusement face au c\u00e9l\u00e8bre ponton, offrant une perspective unique o\u00f9 le sacr\u00e9 rencontre l\u2019infini de la mer.<\/p><p>Chaque d\u00e9tail, du march\u00e9 aux \u00e9tals parfum\u00e9s aux p\u00eacheurs qui rentrent au port, respire l\u2019authenticit\u00e9 et la simplicit\u00e9.<\/p>\t\t\t\t\t\t\t\t<\/div>\n\t\t\t\t<\/div>\n\t\t\t\t<div class=\"elementor-element elementor-element-a715d9f elementor-widget elementor-widget-text-editor\" data-id=\"a715d9f\" data-element_type=\"widget\" data-widget_type=\"text-editor.default\">\n\t\t\t\t<div class=\"elementor-widget-container\">\n\t\t\t\t\t\t\t\t\t<h3><b>Les Arl\u00e9siens : gardien\u00b7ne\u00b7s de la tradition et de l\u2019accueil<\/b><\/h3><p>Les habitants des Anses d\u2019Arlet, les Arl\u00e9siens, sont le v\u00e9ritable tr\u00e9sor de ce village.<\/p><p>Leur hospitalit\u00e9, leur sourire et leur attachement \u00e0 la terre cr\u00e9ent une atmosph\u00e8re de convivialit\u00e9 rare.<\/p><p>Ici, on se salue, on partage, on transmet. Les traditions se perp\u00e9tuent lors des f\u00eates locales, dans la musique, la danse et la cuisine.<\/p><p>Le visiteur n\u2019est jamais un simple spectateur : il devient, le temps d\u2019un s\u00e9jour, membre d\u2019une grande famille cr\u00e9ole, invit\u00e9 \u00e0 go\u00fbter \u00e0 la douceur de vivre martiniquaise.<\/p>\t\t\t\t\t\t\t\t<\/div>\n\t\t\t\t<\/div>\n\t\t\t\t\t<\/div>\n\t\t<\/div>\n\t\t\t\t<div class=\"elementor-column elementor-col-50 elementor-inner-column elementor-element elementor-element-75e5de4\" data-id=\"75e5de4\" data-element_type=\"column\">\n\t\t\t<div class=\"elementor-widget-wrap elementor-element-populated\">\n\t\t\t\t\t\t<div class=\"elementor-element elementor-element-ca2c479 elementor-widget elementor-widget-image\" data-id=\"ca2c479\" data-element_type=\"widget\" data-widget_type=\"image.default\">\n\t\t\t\t<div class=\"elementor-widget-container\">\n\t\t\t\t\t\t\t\t\t\t\t\t<figure class=\"wp-caption\">\n\t\t\t\t\t\t\t\t\t\t<img loading=\"lazy\" decoding=\"async\" width=\"640\" height=\"1024\" src=\"https:\/\/richeskarayib.com\/wp-content\/uploads\/2025\/06\/eglise-ansedarlet-martinique-640x1024-1.jpg\" class=\"attachment-large size-large wp-image-55581\" alt=\"Anses d&#039;Arlet\" srcset=\"https:\/\/richeskarayib.com\/wp-content\/uploads\/2025\/06\/eglise-ansedarlet-martinique-640x1024-1.jpg 640w, https:\/\/richeskarayib.com\/wp-content\/uploads\/2025\/06\/eglise-ansedarlet-martinique-640x1024-1-188x300.jpg 188w\" sizes=\"(max-width: 640px) 100vw, 640px\" \/>\t\t\t\t\t\t\t\t\t\t\t<figcaption class=\"widget-image-caption wp-caption-text\">\u00a9Martinique Tour<\/figcaption>\n\t\t\t\t\t\t\t\t\t\t<\/figure>\n\t\t\t\t\t\t\t\t\t<\/div>\n\t\t\t\t<\/div>\n\t\t\t\t\t<\/div>\n\t\t<\/div>\n\t\t\t\t\t<\/div>\n\t\t<\/section>\n\t\t\t\t<section class=\"elementor-section elementor-inner-section elementor-element elementor-element-82ff286 elementor-section-boxed elementor-section-height-default elementor-section-height-default\" data-id=\"82ff286\" data-element_type=\"section\">\n\t\t\t\t\t\t<div class=\"elementor-container elementor-column-gap-default\">\n\t\t\t\t\t<div class=\"elementor-column elementor-col-50 elementor-inner-column elementor-element elementor-element-a98f1f7\" data-id=\"a98f1f7\" data-element_type=\"column\">\n\t\t\t<div class=\"elementor-widget-wrap elementor-element-populated\">\n\t\t\t\t\t\t<div class=\"elementor-element elementor-element-534823c elementor-widget elementor-widget-image\" data-id=\"534823c\" data-element_type=\"widget\" data-widget_type=\"image.default\">\n\t\t\t\t<div class=\"elementor-widget-container\">\n\t\t\t\t\t\t\t\t\t\t\t\t<figure class=\"wp-caption\">\n\t\t\t\t\t\t\t\t\t\t<img loading=\"lazy\" decoding=\"async\" width=\"768\" height=\"1024\" src=\"https:\/\/richeskarayib.com\/wp-content\/uploads\/2025\/06\/photo.1497772.w1000-768x1024.jpg\" class=\"attachment-large size-large wp-image-55601\" alt=\"Anses d&#039;Arlet\" srcset=\"https:\/\/richeskarayib.com\/wp-content\/uploads\/2025\/06\/photo.1497772.w1000-768x1024.jpg 768w, https:\/\/richeskarayib.com\/wp-content\/uploads\/2025\/06\/photo.1497772.w1000-225x300.jpg 225w, https:\/\/richeskarayib.com\/wp-content\/uploads\/2025\/06\/photo.1497772.w1000.jpg 1000w\" sizes=\"(max-width: 768px) 100vw, 768px\" \/>\t\t\t\t\t\t\t\t\t\t\t<figcaption class=\"widget-image-caption wp-caption-text\">\u00a9routard.com<\/figcaption>\n\t\t\t\t\t\t\t\t\t\t<\/figure>\n\t\t\t\t\t\t\t\t\t<\/div>\n\t\t\t\t<\/div>\n\t\t\t\t<div class=\"elementor-element elementor-element-9aae7e7 elementor-widget elementor-widget-image\" data-id=\"9aae7e7\" data-element_type=\"widget\" data-widget_type=\"image.default\">\n\t\t\t\t<div class=\"elementor-widget-container\">\n\t\t\t\t\t\t\t\t\t\t\t\t<figure class=\"wp-caption\">\n\t\t\t\t\t\t\t\t\t\t<img loading=\"lazy\" decoding=\"async\" width=\"640\" height=\"480\" src=\"https:\/\/richeskarayib.com\/wp-content\/uploads\/2025\/06\/maisoncreole-grandeanse-martinique-640x480-2.jpg\" class=\"attachment-large size-large wp-image-55593\" alt=\"Anses d&#039;Arlet\" srcset=\"https:\/\/richeskarayib.com\/wp-content\/uploads\/2025\/06\/maisoncreole-grandeanse-martinique-640x480-2.jpg 640w, https:\/\/richeskarayib.com\/wp-content\/uploads\/2025\/06\/maisoncreole-grandeanse-martinique-640x480-2-300x225.jpg 300w\" sizes=\"(max-width: 640px) 100vw, 640px\" \/>\t\t\t\t\t\t\t\t\t\t\t<figcaption class=\"widget-image-caption wp-caption-text\">\u00a9Martinique Tour<\/figcaption>\n\t\t\t\t\t\t\t\t\t\t<\/figure>\n\t\t\t\t\t\t\t\t\t<\/div>\n\t\t\t\t<\/div>\n\t\t\t\t\t<\/div>\n\t\t<\/div>\n\t\t\t\t<div class=\"elementor-column elementor-col-50 elementor-inner-column elementor-element elementor-element-f93276e\" data-id=\"f93276e\" data-element_type=\"column\">\n\t\t\t<div class=\"elementor-widget-wrap elementor-element-populated\">\n\t\t\t\t\t\t<div class=\"elementor-element elementor-element-3d61b62 elementor-widget elementor-widget-image\" data-id=\"3d61b62\" data-element_type=\"widget\" data-widget_type=\"image.default\">\n\t\t\t\t<div class=\"elementor-widget-container\">\n\t\t\t\t\t\t\t\t\t\t\t\t<figure class=\"wp-caption\">\n\t\t\t\t\t\t\t\t\t\t<img loading=\"lazy\" decoding=\"async\" width=\"800\" height=\"534\" src=\"https:\/\/richeskarayib.com\/wp-content\/uploads\/2025\/06\/photo.1394565.w1000.jpg\" class=\"attachment-large size-large wp-image-55597\" alt=\"Anses d&#039;Arlet\" srcset=\"https:\/\/richeskarayib.com\/wp-content\/uploads\/2025\/06\/photo.1394565.w1000.jpg 1000w, https:\/\/richeskarayib.com\/wp-content\/uploads\/2025\/06\/photo.1394565.w1000-300x200.jpg 300w, https:\/\/richeskarayib.com\/wp-content\/uploads\/2025\/06\/photo.1394565.w1000-768x512.jpg 768w\" sizes=\"(max-width: 800px) 100vw, 800px\" \/>\t\t\t\t\t\t\t\t\t\t\t<figcaption class=\"widget-image-caption wp-caption-text\">\u00a9routard.com<\/figcaption>\n\t\t\t\t\t\t\t\t\t\t<\/figure>\n\t\t\t\t\t\t\t\t\t<\/div>\n\t\t\t\t<\/div>\n\t\t\t\t<div class=\"elementor-element elementor-element-a89a1b0 elementor-widget elementor-widget-image\" data-id=\"a89a1b0\" data-element_type=\"widget\" data-widget_type=\"image.default\">\n\t\t\t\t<div class=\"elementor-widget-container\">\n\t\t\t\t\t\t\t\t\t\t\t\t<figure class=\"wp-caption\">\n\t\t\t\t\t\t\t\t\t\t<img loading=\"lazy\" decoding=\"async\" width=\"800\" height=\"534\" src=\"https:\/\/richeskarayib.com\/wp-content\/uploads\/2025\/06\/pt116903.1325498.w1000.jpg\" class=\"attachment-large size-large wp-image-55605\" alt=\"Anses d&#039;Arlet\" srcset=\"https:\/\/richeskarayib.com\/wp-content\/uploads\/2025\/06\/pt116903.1325498.w1000.jpg 1000w, https:\/\/richeskarayib.com\/wp-content\/uploads\/2025\/06\/pt116903.1325498.w1000-300x200.jpg 300w, https:\/\/richeskarayib.com\/wp-content\/uploads\/2025\/06\/pt116903.1325498.w1000-768x512.jpg 768w\" sizes=\"(max-width: 800px) 100vw, 800px\" \/>\t\t\t\t\t\t\t\t\t\t\t<figcaption class=\"widget-image-caption wp-caption-text\">\u00a9routard.com<\/figcaption>\n\t\t\t\t\t\t\t\t\t\t<\/figure>\n\t\t\t\t\t\t\t\t\t<\/div>\n\t\t\t\t<\/div>\n\t\t\t\t<div class=\"elementor-element elementor-element-fec36ce elementor-widget elementor-widget-image\" data-id=\"fec36ce\" data-element_type=\"widget\" data-widget_type=\"image.default\">\n\t\t\t\t<div class=\"elementor-widget-container\">\n\t\t\t\t\t\t\t\t\t\t\t\t<figure class=\"wp-caption\">\n\t\t\t\t\t\t\t\t\t\t<img loading=\"lazy\" decoding=\"async\" width=\"800\" height=\"532\" src=\"https:\/\/richeskarayib.com\/wp-content\/uploads\/2025\/06\/16335_1617021822.jpg\" class=\"attachment-large size-large wp-image-55609\" alt=\"Anses d&#039;Arlet\" srcset=\"https:\/\/richeskarayib.com\/wp-content\/uploads\/2025\/06\/16335_1617021822.jpg 900w, https:\/\/richeskarayib.com\/wp-content\/uploads\/2025\/06\/16335_1617021822-300x200.jpg 300w, https:\/\/richeskarayib.com\/wp-content\/uploads\/2025\/06\/16335_1617021822-768x511.jpg 768w\" sizes=\"(max-width: 800px) 100vw, 800px\" \/>\t\t\t\t\t\t\t\t\t\t\t<figcaption class=\"widget-image-caption wp-caption-text\">\u00a9odyssea.eu<\/figcaption>\n\t\t\t\t\t\t\t\t\t\t<\/figure>\n\t\t\t\t\t\t\t\t\t<\/div>\n\t\t\t\t<\/div>\n\t\t\t\t\t<\/div>\n\t\t<\/div>\n\t\t\t\t\t<\/div>\n\t\t<\/section>\n\t\t\t\t<section class=\"elementor-section elementor-inner-section elementor-element elementor-element-c51c1e9 elementor-section-boxed elementor-section-height-default elementor-section-height-default\" data-id=\"c51c1e9\" data-element_type=\"section\">\n\t\t\t\t\t\t<div class=\"elementor-container elementor-column-gap-default\">\n\t\t\t\t\t\t<\/div>\n\t\t<\/section>\n\t\t\t\t\t<\/div>\n\t\t<\/div>\n\t\t\t\t\t<\/div>\n\t\t<\/section>\n\t\t\t\t<section class=\"elementor-section elementor-top-section elementor-element elementor-element-7ca7ca1 elementor-section-boxed elementor-section-height-default elementor-section-height-default\" data-id=\"7ca7ca1\" data-element_type=\"section\">\n\t\t\t\t\t\t<div class=\"elementor-container elementor-column-gap-default\">\n\t\t\t\t\t<div class=\"elementor-column elementor-col-100 elementor-top-column elementor-element elementor-element-cbdd002\" data-id=\"cbdd002\" data-element_type=\"column\">\n\t\t\t<div class=\"elementor-widget-wrap elementor-element-populated\">\n\t\t\t\t\t\t<div class=\"elementor-element elementor-element-da17f8d elementor-widget elementor-widget-heading\" data-id=\"da17f8d\" data-element_type=\"widget\" data-widget_type=\"heading.default\">\n\t\t\t\t<div class=\"elementor-widget-container\">\n\t\t\t\t\t<h2 class=\"elementor-heading-title elementor-size-default\">Les Anses d\u2019Arlet, un paradis naturel \u00e0 explorer<\/h2>\t\t\t\t<\/div>\n\t\t\t\t<\/div>\n\t\t\t\t<section class=\"elementor-section elementor-inner-section elementor-element elementor-element-bc94849 elementor-section-boxed elementor-section-height-default elementor-section-height-default\" data-id=\"bc94849\" data-element_type=\"section\">\n\t\t\t\t\t\t<div class=\"elementor-container elementor-column-gap-default\">\n\t\t\t\t\t\t<\/div>\n\t\t<\/section>\n\t\t\t\t<section class=\"elementor-section elementor-inner-section elementor-element elementor-element-9e973f4 elementor-section-boxed elementor-section-height-default elementor-section-height-default\" data-id=\"9e973f4\" data-element_type=\"section\">\n\t\t\t\t\t\t<div class=\"elementor-container elementor-column-gap-default\">\n\t\t\t\t\t<div class=\"elementor-column elementor-col-100 elementor-inner-column elementor-element elementor-element-826b295\" data-id=\"826b295\" data-element_type=\"column\">\n\t\t\t<div class=\"elementor-widget-wrap elementor-element-populated\">\n\t\t\t\t\t\t<div class=\"elementor-element elementor-element-5f67d82 elementor-widget elementor-widget-text-editor\" data-id=\"5f67d82\" data-element_type=\"widget\" data-widget_type=\"text-editor.default\">\n\t\t\t\t<div class=\"elementor-widget-container\">\n\t\t\t\t\t\t\t\t\t<h3><b>Un \u00e9cosyst\u00e8me marin d\u2019exception<\/b><\/h3><p>Les Anses d\u2019Arlet sont un sanctuaire pour la biodiversit\u00e9. Les fonds marins, parmi les plus beaux de l\u2019\u00eele, regorgent de poissons multicolores, d\u2019\u00e9ponges, de coraux et de coquillages. Deux sentiers sous-marins, LaKaY au bourg et le Cap Salomon \u00e0 Grande Anse, permettent de d\u00e9couvrir, gr\u00e2ce \u00e0 des bou\u00e9es p\u00e9dagogiques, la richesse de cet \u00e9cosyst\u00e8me unique.\u00a0<\/p><p>Plonger ici, c\u2019est p\u00e9n\u00e9trer dans un v\u00e9ritable aquarium naturel, o\u00f9 chaque immersion est une rencontre avec la vie sauvage. Les tortues vertes et imbriqu\u00e9es, les raies et parfois m\u00eame les dauphins, partagent ce territoire avec une gr\u00e2ce d\u00e9sarmante.<\/p>\t\t\t\t\t\t\t\t<\/div>\n\t\t\t\t<\/div>\n\t\t\t\t\t<\/div>\n\t\t<\/div>\n\t\t\t\t\t<\/div>\n\t\t<\/section>\n\t\t\t\t<section class=\"elementor-section elementor-inner-section elementor-element elementor-element-dbb21bc elementor-section-boxed elementor-section-height-default elementor-section-height-default\" data-id=\"dbb21bc\" data-element_type=\"section\">\n\t\t\t\t\t\t<div class=\"elementor-container elementor-column-gap-default\">\n\t\t\t\t\t<div class=\"elementor-column elementor-col-100 elementor-inner-column elementor-element elementor-element-14514d1\" data-id=\"14514d1\" data-element_type=\"column\">\n\t\t\t<div class=\"elementor-widget-wrap elementor-element-populated\">\n\t\t\t\t\t\t<div class=\"elementor-element elementor-element-209c746 elementor-widget elementor-widget-text-editor\" data-id=\"209c746\" data-element_type=\"widget\" data-widget_type=\"text-editor.default\">\n\t\t\t\t<div class=\"elementor-widget-container\">\n\t\t\t\t\t\t\t\t\t<h3><b>Des plages de r\u00eave, entre or et volcan<\/b><\/h3><p>Les Anses d\u2019Arlet, ce sont trois joyaux : Grande Anse, le bourg et Petite Anse. Chacune offre une exp\u00e9rience unique. Grande Anse, avec sa longue plage de sable dor\u00e9, invite \u00e0 la d\u00e9tente sous les cocotiers, \u00e0 la baignade dans une eau limpide et \u00e0 la d\u00e9gustation d\u2019un poisson grill\u00e9 les pieds dans le sable.\u00a0<\/p><p>Petite Anse, plus sauvage, s\u00e9duit par son authenticit\u00e9 et son ambiance de village de p\u00eacheurs. Et puis il y a Anse Noire, merveille rare de la Martinique, o\u00f9 le sable volcanique contraste avec le bleu profond de la mer. C\u2019est ici que l\u2019on peut, avec un peu de chance, nager avec les tortues marines dans une eau calme et transparente, un privil\u00e8ge qui laisse des souvenirs imp\u00e9rissables.<\/p>\t\t\t\t\t\t\t\t<\/div>\n\t\t\t\t<\/div>\n\t\t\t\t\t<\/div>\n\t\t<\/div>\n\t\t\t\t\t<\/div>\n\t\t<\/section>\n\t\t\t\t<section class=\"elementor-section elementor-inner-section elementor-element elementor-element-2f201ed elementor-section-boxed elementor-section-height-default elementor-section-height-default\" data-id=\"2f201ed\" data-element_type=\"section\">\n\t\t\t\t\t\t<div class=\"elementor-container elementor-column-gap-default\">\n\t\t\t\t\t<div class=\"elementor-column elementor-col-33 elementor-inner-column elementor-element elementor-element-d63729d\" data-id=\"d63729d\" data-element_type=\"column\">\n\t\t\t<div class=\"elementor-widget-wrap elementor-element-populated\">\n\t\t\t\t\t\t<div class=\"elementor-element elementor-element-11aec29 elementor-widget elementor-widget-image\" data-id=\"11aec29\" data-element_type=\"widget\" data-widget_type=\"image.default\">\n\t\t\t\t<div class=\"elementor-widget-container\">\n\t\t\t\t\t\t\t\t\t\t\t\t<figure class=\"wp-caption\">\n\t\t\t\t\t\t\t\t\t\t<img loading=\"lazy\" decoding=\"async\" width=\"640\" height=\"360\" src=\"https:\/\/richeskarayib.com\/wp-content\/uploads\/2025\/06\/plage-ansedufour-ansesdarlet-martinqique-640x360-2.jpg\" class=\"attachment-large size-large wp-image-55613\" alt=\"Anses d&#039;Arlet\" srcset=\"https:\/\/richeskarayib.com\/wp-content\/uploads\/2025\/06\/plage-ansedufour-ansesdarlet-martinqique-640x360-2.jpg 640w, https:\/\/richeskarayib.com\/wp-content\/uploads\/2025\/06\/plage-ansedufour-ansesdarlet-martinqique-640x360-2-300x169.jpg 300w\" sizes=\"(max-width: 640px) 100vw, 640px\" \/>\t\t\t\t\t\t\t\t\t\t\t<figcaption class=\"widget-image-caption wp-caption-text\">\u00a9Martinique Tour<\/figcaption>\n\t\t\t\t\t\t\t\t\t\t<\/figure>\n\t\t\t\t\t\t\t\t\t<\/div>\n\t\t\t\t<\/div>\n\t\t\t\t\t<\/div>\n\t\t<\/div>\n\t\t\t\t<div class=\"elementor-column elementor-col-33 elementor-inner-column elementor-element elementor-element-8c891cf\" data-id=\"8c891cf\" data-element_type=\"column\">\n\t\t\t<div class=\"elementor-widget-wrap elementor-element-populated\">\n\t\t\t\t\t\t<div class=\"elementor-element elementor-element-c010e34 elementor-widget elementor-widget-image\" data-id=\"c010e34\" data-element_type=\"widget\" data-widget_type=\"image.default\">\n\t\t\t\t<div class=\"elementor-widget-container\">\n\t\t\t\t\t\t\t\t\t\t\t\t<figure class=\"wp-caption\">\n\t\t\t\t\t\t\t\t\t\t<img loading=\"lazy\" decoding=\"async\" width=\"640\" height=\"360\" src=\"https:\/\/richeskarayib.com\/wp-content\/uploads\/2025\/06\/plage-saline-cocotier-sainte-anne-martinique-640x360-1.webp\" class=\"attachment-large size-large wp-image-55621\" alt=\"Anses d&#039;Arlet\" srcset=\"https:\/\/richeskarayib.com\/wp-content\/uploads\/2025\/06\/plage-saline-cocotier-sainte-anne-martinique-640x360-1.webp 640w, https:\/\/richeskarayib.com\/wp-content\/uploads\/2025\/06\/plage-saline-cocotier-sainte-anne-martinique-640x360-1-300x169.webp 300w\" sizes=\"(max-width: 640px) 100vw, 640px\" \/>\t\t\t\t\t\t\t\t\t\t\t<figcaption class=\"widget-image-caption wp-caption-text\">\u00a9Martinique Tour<\/figcaption>\n\t\t\t\t\t\t\t\t\t\t<\/figure>\n\t\t\t\t\t\t\t\t\t<\/div>\n\t\t\t\t<\/div>\n\t\t\t\t\t<\/div>\n\t\t<\/div>\n\t\t\t\t<div class=\"elementor-column elementor-col-33 elementor-inner-column elementor-element elementor-element-404fc02\" data-id=\"404fc02\" data-element_type=\"column\">\n\t\t\t<div class=\"elementor-widget-wrap elementor-element-populated\">\n\t\t\t\t\t\t<div class=\"elementor-element elementor-element-388b659 elementor-widget elementor-widget-image\" data-id=\"388b659\" data-element_type=\"widget\" data-widget_type=\"image.default\">\n\t\t\t\t<div class=\"elementor-widget-container\">\n\t\t\t\t\t\t\t\t\t\t\t\t<figure class=\"wp-caption\">\n\t\t\t\t\t\t\t\t\t\t<img loading=\"lazy\" decoding=\"async\" width=\"640\" height=\"320\" src=\"https:\/\/richeskarayib.com\/wp-content\/uploads\/2025\/06\/plage-grandeanse-ansedalet-martinique-640x320-crop-1672848778-1.jpg\" class=\"attachment-large size-large wp-image-55617\" alt=\"Anses d&#039;Arlet\" srcset=\"https:\/\/richeskarayib.com\/wp-content\/uploads\/2025\/06\/plage-grandeanse-ansedalet-martinique-640x320-crop-1672848778-1.jpg 640w, https:\/\/richeskarayib.com\/wp-content\/uploads\/2025\/06\/plage-grandeanse-ansedalet-martinique-640x320-crop-1672848778-1-300x150.jpg 300w\" sizes=\"(max-width: 640px) 100vw, 640px\" \/>\t\t\t\t\t\t\t\t\t\t\t<figcaption class=\"widget-image-caption wp-caption-text\">\u00a9Martinique Tour<\/figcaption>\n\t\t\t\t\t\t\t\t\t\t<\/figure>\n\t\t\t\t\t\t\t\t\t<\/div>\n\t\t\t\t<\/div>\n\t\t\t\t\t<\/div>\n\t\t<\/div>\n\t\t\t\t\t<\/div>\n\t\t<\/section>\n\t\t\t\t<section class=\"elementor-section elementor-inner-section elementor-element elementor-element-e35bee2 elementor-section-boxed elementor-section-height-default elementor-section-height-default\" data-id=\"e35bee2\" data-element_type=\"section\">\n\t\t\t\t\t\t<div class=\"elementor-container elementor-column-gap-default\">\n\t\t\t\t\t<div class=\"elementor-column elementor-col-33 elementor-inner-column elementor-element elementor-element-9803073\" data-id=\"9803073\" data-element_type=\"column\">\n\t\t\t<div class=\"elementor-widget-wrap elementor-element-populated\">\n\t\t\t\t\t\t<div class=\"elementor-element elementor-element-a4dff94 elementor-widget elementor-widget-image\" data-id=\"a4dff94\" data-element_type=\"widget\" data-widget_type=\"image.default\">\n\t\t\t\t<div class=\"elementor-widget-container\">\n\t\t\t\t\t\t\t\t\t\t\t\t<figure class=\"wp-caption\">\n\t\t\t\t\t\t\t\t\t\t<img loading=\"lazy\" decoding=\"async\" width=\"800\" height=\"534\" src=\"https:\/\/richeskarayib.com\/wp-content\/uploads\/2025\/06\/photo.1518960.w1000.jpg\" class=\"attachment-large size-large wp-image-55625\" alt=\"Anses d&#039;Arlet\" srcset=\"https:\/\/richeskarayib.com\/wp-content\/uploads\/2025\/06\/photo.1518960.w1000.jpg 1000w, https:\/\/richeskarayib.com\/wp-content\/uploads\/2025\/06\/photo.1518960.w1000-300x200.jpg 300w, https:\/\/richeskarayib.com\/wp-content\/uploads\/2025\/06\/photo.1518960.w1000-768x512.jpg 768w\" sizes=\"(max-width: 800px) 100vw, 800px\" \/>\t\t\t\t\t\t\t\t\t\t\t<figcaption class=\"widget-image-caption wp-caption-text\">\u00a9routard.com<\/figcaption>\n\t\t\t\t\t\t\t\t\t\t<\/figure>\n\t\t\t\t\t\t\t\t\t<\/div>\n\t\t\t\t<\/div>\n\t\t\t\t\t<\/div>\n\t\t<\/div>\n\t\t\t\t<div class=\"elementor-column elementor-col-33 elementor-inner-column elementor-element elementor-element-a6995ef\" data-id=\"a6995ef\" data-element_type=\"column\">\n\t\t\t<div class=\"elementor-widget-wrap elementor-element-populated\">\n\t\t\t\t\t\t<div class=\"elementor-element elementor-element-a4ee083 elementor-widget elementor-widget-image\" data-id=\"a4ee083\" data-element_type=\"widget\" data-widget_type=\"image.default\">\n\t\t\t\t<div class=\"elementor-widget-container\">\n\t\t\t\t\t\t\t\t\t\t\t\t<figure class=\"wp-caption\">\n\t\t\t\t\t\t\t\t\t\t<img loading=\"lazy\" decoding=\"async\" width=\"800\" height=\"534\" src=\"https:\/\/richeskarayib.com\/wp-content\/uploads\/2025\/06\/photo.1518962.w1000.jpg\" class=\"attachment-large size-large wp-image-55629\" alt=\"Anses d&#039;Arlet\" srcset=\"https:\/\/richeskarayib.com\/wp-content\/uploads\/2025\/06\/photo.1518962.w1000.jpg 1000w, https:\/\/richeskarayib.com\/wp-content\/uploads\/2025\/06\/photo.1518962.w1000-300x200.jpg 300w, https:\/\/richeskarayib.com\/wp-content\/uploads\/2025\/06\/photo.1518962.w1000-768x512.jpg 768w\" sizes=\"(max-width: 800px) 100vw, 800px\" \/>\t\t\t\t\t\t\t\t\t\t\t<figcaption class=\"widget-image-caption wp-caption-text\">\u00a9routard.com<\/figcaption>\n\t\t\t\t\t\t\t\t\t\t<\/figure>\n\t\t\t\t\t\t\t\t\t<\/div>\n\t\t\t\t<\/div>\n\t\t\t\t\t<\/div>\n\t\t<\/div>\n\t\t\t\t<div class=\"elementor-column elementor-col-33 elementor-inner-column elementor-element elementor-element-588d810\" data-id=\"588d810\" data-element_type=\"column\">\n\t\t\t<div class=\"elementor-widget-wrap elementor-element-populated\">\n\t\t\t\t\t\t<div class=\"elementor-element elementor-element-c6547a1 elementor-widget elementor-widget-image\" data-id=\"c6547a1\" data-element_type=\"widget\" data-widget_type=\"image.default\">\n\t\t\t\t<div class=\"elementor-widget-container\">\n\t\t\t\t\t\t\t\t\t\t\t\t<figure class=\"wp-caption\">\n\t\t\t\t\t\t\t\t\t\t<img loading=\"lazy\" decoding=\"async\" width=\"800\" height=\"600\" src=\"https:\/\/richeskarayib.com\/wp-content\/uploads\/2025\/06\/photo.1572599.w1000.jpg\" class=\"attachment-large size-large wp-image-55633\" alt=\"\" srcset=\"https:\/\/richeskarayib.com\/wp-content\/uploads\/2025\/06\/photo.1572599.w1000.jpg 1000w, https:\/\/richeskarayib.com\/wp-content\/uploads\/2025\/06\/photo.1572599.w1000-300x225.jpg 300w, https:\/\/richeskarayib.com\/wp-content\/uploads\/2025\/06\/photo.1572599.w1000-768x576.jpg 768w\" sizes=\"(max-width: 800px) 100vw, 800px\" \/>\t\t\t\t\t\t\t\t\t\t\t<figcaption class=\"widget-image-caption wp-caption-text\">\u00a9routard.com<\/figcaption>\n\t\t\t\t\t\t\t\t\t\t<\/figure>\n\t\t\t\t\t\t\t\t\t<\/div>\n\t\t\t\t<\/div>\n\t\t\t\t\t<\/div>\n\t\t<\/div>\n\t\t\t\t\t<\/div>\n\t\t<\/section>\n\t\t\t\t<section class=\"elementor-section elementor-inner-section elementor-element elementor-element-61571e6 elementor-section-boxed elementor-section-height-default elementor-section-height-default\" data-id=\"61571e6\" data-element_type=\"section\">\n\t\t\t\t\t\t<div class=\"elementor-container elementor-column-gap-default\">\n\t\t\t\t\t\t<\/div>\n\t\t<\/section>\n\t\t\t\t<section class=\"elementor-section elementor-inner-section elementor-element elementor-element-b6262e0 elementor-section-boxed elementor-section-height-default elementor-section-height-default\" data-id=\"b6262e0\" data-element_type=\"section\">\n\t\t\t\t\t\t<div class=\"elementor-container elementor-column-gap-default\">\n\t\t\t\t\t\t<\/div>\n\t\t<\/section>\n\t\t\t\t<section class=\"elementor-section elementor-inner-section elementor-element elementor-element-cca29fd elementor-section-boxed elementor-section-height-default elementor-section-height-default\" data-id=\"cca29fd\" data-element_type=\"section\">\n\t\t\t\t\t\t<div class=\"elementor-container elementor-column-gap-default\">\n\t\t\t\t\t\t<\/div>\n\t\t<\/section>\n\t\t\t\t\t<\/div>\n\t\t<\/div>\n\t\t\t\t\t<\/div>\n\t\t<\/section>\n\t\t\t\t<section class=\"elementor-section elementor-top-section elementor-element elementor-element-2bb9bde elementor-section-boxed elementor-section-height-default elementor-section-height-default\" data-id=\"2bb9bde\" data-element_type=\"section\">\n\t\t\t\t\t\t<div class=\"elementor-container elementor-column-gap-default\">\n\t\t\t\t\t<div class=\"elementor-column elementor-col-100 elementor-top-column elementor-element elementor-element-d47e98a\" data-id=\"d47e98a\" data-element_type=\"column\">\n\t\t\t<div class=\"elementor-widget-wrap elementor-element-populated\">\n\t\t\t\t\t\t<div class=\"elementor-element elementor-element-9806cc8 elementor-widget elementor-widget-heading\" data-id=\"9806cc8\" data-element_type=\"widget\" data-widget_type=\"heading.default\">\n\t\t\t\t<div class=\"elementor-widget-container\">\n\t\t\t\t\t<h2 class=\"elementor-heading-title elementor-size-default\">Cinq exp\u00e9riences \u00e0 vivre absolument aux Anses d\u2019Arlet <\/h2>\t\t\t\t<\/div>\n\t\t\t\t<\/div>\n\t\t\t\t<div class=\"elementor-element elementor-element-7cdf356 elementor-widget elementor-widget-text-editor\" data-id=\"7cdf356\" data-element_type=\"widget\" data-widget_type=\"text-editor.default\">\n\t\t\t\t<div class=\"elementor-widget-container\">\n\t\t\t\t\t\t\t\t\t<h3><b>Nager avec les tortues dans leur \u00e9crin naturel<\/b><\/h3><p>\u00c0 Grande Anse ou Anse Dufour, vivre la rencontre avec les tortues marines est une exp\u00e9rience qui bouleverse. Observer ces cr\u00e9atures majestueuses \u00e9voluer librement, c\u2019est toucher du doigt la magie du vivant et ressentir l\u2019humilit\u00e9 face \u00e0 la nature.<\/p>\t\t\t\t\t\t\t\t<\/div>\n\t\t\t\t<\/div>\n\t\t\t\t<div class=\"elementor-element elementor-element-7fe4589 elementor-widget elementor-widget-text-editor\" data-id=\"7fe4589\" data-element_type=\"widget\" data-widget_type=\"text-editor.default\">\n\t\t\t\t<div class=\"elementor-widget-container\">\n\t\t\t\t\t\t\t\t\t<h3><b>Fl\u00e2ner sur le Ponton du Bourg au cr\u00e9puscule<\/b><\/h3><p>Le ponton du bourg, align\u00e9 face \u00e0 l\u2019\u00e9glise Saint-Henri, est le th\u00e9\u00e2tre de moments suspendus. Au coucher du soleil, la lumi\u00e8re dor\u00e9e enveloppe le paysage d\u2019une aura f\u00e9erique, et l\u2019on se surprend \u00e0 r\u00eaver, port\u00e9 par la beaut\u00e9 du lieu.<\/p>\t\t\t\t\t\t\t\t<\/div>\n\t\t\t\t<\/div>\n\t\t\t\t<div class=\"elementor-element elementor-element-8475772 elementor-widget elementor-widget-text-editor\" data-id=\"8475772\" data-element_type=\"widget\" data-widget_type=\"text-editor.default\">\n\t\t\t\t<div class=\"elementor-widget-container\">\n\t\t\t\t\t\t\t\t\t<h3><b>Explorer la Grotte aux Chauves-Souris en Bateau<\/b><\/h3><p>Accessible lors d\u2019excursions en mer, la Grotte aux Chauves-Souris d\u00e9voile un univers myst\u00e9rieux, peupl\u00e9 de milliers de petites cr\u00e9atures. Ce site naturel fascine autant qu\u2019il \u00e9merveille, offrant une parenth\u00e8se hors du temps.<\/p>\t\t\t\t\t\t\t\t<\/div>\n\t\t\t\t<\/div>\n\t\t\t\t<div class=\"elementor-element elementor-element-82f379b elementor-widget elementor-widget-text-editor\" data-id=\"82f379b\" data-element_type=\"widget\" data-widget_type=\"text-editor.default\">\n\t\t\t\t<div class=\"elementor-widget-container\">\n\t\t\t\t\t\t\t\t\t<h3><b>D\u00e9guster un plat cr\u00e9ole les pieds dans l\u2019eau<\/b><\/h3><p>Les restaurants de plage proposent une cuisine g\u00e9n\u00e9reuse, \u00e0 savourer dans une ambiance d\u00e9contract\u00e9e. Go\u00fbter \u00e0 un poisson fra\u00eechement p\u00each\u00e9, accompagn\u00e9 de l\u00e9gumes pays, c\u2019est s\u2019impr\u00e9gner de l\u2019art de vivre martiniquais.<\/p>\t\t\t\t\t\t\t\t<\/div>\n\t\t\t\t<\/div>\n\t\t\t\t<div class=\"elementor-element elementor-element-bd60f5a elementor-widget elementor-widget-text-editor\" data-id=\"bd60f5a\" data-element_type=\"widget\" data-widget_type=\"text-editor.default\">\n\t\t\t\t<div class=\"elementor-widget-container\">\n\t\t\t\t\t\t\t\t\t<h3><b>Admirer le coucher de soleil sur Grande Anse<\/b><\/h3><p>Quand le soleil embrase le ciel de ses couleurs flamboyantes, Grande Anse devient le th\u00e9\u00e2tre d\u2019un spectacle naturel inoubliable. S\u2019asseoir sur le sable, \u00e9couter le ressac, et laisser les \u00e9motions affluer, c\u2019est vivre pleinement l\u2019instant pr\u00e9sent.<\/p>\t\t\t\t\t\t\t\t<\/div>\n\t\t\t\t<\/div>\n\t\t\t\t\t<\/div>\n\t\t<\/div>\n\t\t\t\t\t<\/div>\n\t\t<\/section>\n\t\t\t\t<section class=\"elementor-section elementor-top-section elementor-element elementor-element-0db9090 elementor-section-boxed elementor-section-height-default elementor-section-height-default\" data-id=\"0db9090\" data-element_type=\"section\">\n\t\t\t\t\t\t<div class=\"elementor-container elementor-column-gap-default\">\n\t\t\t\t\t<div class=\"elementor-column elementor-col-100 elementor-top-column elementor-element elementor-element-2296183\" data-id=\"2296183\" data-element_type=\"column\">\n\t\t\t<div class=\"elementor-widget-wrap elementor-element-populated\">\n\t\t\t\t\t\t<div class=\"elementor-element elementor-element-9576154 elementor-widget elementor-widget-heading\" data-id=\"9576154\" data-element_type=\"widget\" data-widget_type=\"heading.default\">\n\t\t\t\t<div class=\"elementor-widget-container\">\n\t\t\t\t\t<h2 class=\"elementor-heading-title elementor-size-default\">Les Anses d\u2019Arlet, un voyage au c\u0153ur de l\u2019essentiel<\/h2>\t\t\t\t<\/div>\n\t\t\t\t<\/div>\n\t\t\t\t<div class=\"elementor-element elementor-element-500981c elementor-widget elementor-widget-text-editor\" data-id=\"500981c\" data-element_type=\"widget\" data-widget_type=\"text-editor.default\">\n\t\t\t\t<div class=\"elementor-widget-container\">\n\t\t\t\t\t\t\t\t\t<p><a href=\"https:\/\/ville-ansesdarlet.fr\/\" target=\"_blank\" rel=\"noopener nofollow\">Les Anses d\u2019Arlet<\/a> ne laissent personne indiff\u00e9rent. Ce territoire, \u00e0 la fois fragile et puissant, est une ode \u00e0 la beaut\u00e9, \u00e0 la m\u00e9moire et \u00e0 la convivialit\u00e9. Ici, chaque rencontre, chaque paysage, chaque saveur devient une \u00e9motion \u00e0 part enti\u00e8re. Que l\u2019on vienne en qu\u00eate de d\u00e9paysement, d\u2019aventure ou de ressourcement, Les Anses d\u2019Arlet offrent bien plus qu\u2019un s\u00e9jour : une exp\u00e9rience humaine, profonde, qui marque l\u2019\u00e2me et le c\u0153ur. Venez, laissez-vous toucher, et repartez avec la certitude d\u2019avoir trouv\u00e9 un petit bout de paradis.<\/p>\t\t\t\t\t\t\t\t<\/div>\n\t\t\t\t<\/div>\n\t\t\t\t<section class=\"elementor-section elementor-inner-section elementor-element elementor-element-0064a7c elementor-section-boxed elementor-section-height-default elementor-section-height-default\" data-id=\"0064a7c\" data-element_type=\"section\">\n\t\t\t\t\t\t<div class=\"elementor-container elementor-column-gap-default\">\n\t\t\t\t\t<div class=\"elementor-column elementor-col-100 elementor-inner-column elementor-element elementor-element-db407f2\" data-id=\"db407f2\" data-element_type=\"column\">\n\t\t\t<div class=\"elementor-widget-wrap elementor-element-populated\">\n\t\t\t\t\t\t<div class=\"elementor-element elementor-element-83bdc13 elementor-widget elementor-widget-video\" data-id=\"83bdc13\" data-element_type=\"widget\" data-settings=\"{&quot;youtube_url&quot;:&quot;https:\\\/\\\/www.youtube.com\\\/watch?v=n1feDcxD4h0&quot;,&quot;video_type&quot;:&quot;youtube&quot;,&quot;controls&quot;:&quot;yes&quot;}\" data-widget_type=\"video.default\">\n\t\t\t\t<div class=\"elementor-widget-container\">\n\t\t\t\t\t\t\t<div class=\"elementor-wrapper elementor-open-inline\">\n\t\t\t<div class=\"elementor-video\"><\/div>\t\t<\/div>\n\t\t\t\t\t\t<\/div>\n\t\t\t\t<\/div>\n\t\t\t\t\t<\/div>\n\t\t<\/div>\n\t\t\t\t\t<\/div>\n\t\t<\/section>\n\t\t\t\t\t<\/div>\n\t\t<\/div>\n\t\t\t\t\t<\/div>\n\t\t<\/section>\n\t\t\t\t<\/div>\n\t\t","protected":false},"excerpt":{"rendered":"<p>Les Anses d\u2019Arlet, c\u2019est bien plus qu\u2019un simple village martiniquais : c\u2019est un \u00e9crin d\u2019authenticit\u00e9 o\u00f9 la nature, l\u2019histoire et l\u2019humain se rencontrent pour offrir une exp\u00e9rience inoubliable. D\u00e8s l\u2019instant o\u00f9 l\u2019on pose le pied sur cette terre baign\u00e9e de lumi\u00e8re, un sentiment d\u2019appartenance et de paix s\u2019empare du visiteur. Situ\u00e9es sur la c\u00f4te sud-ouest [&hellip;]<\/p>\n","protected":false},"author":662,"featured_media":55553,"comment_status":"open","ping_status":"open","sticky":false,"template":"","format":"standard","meta":{"_acf_changed":false,"footnotes":""},"categories":[1732],"tags":[808],"class_list":["post-55552","post","type-post","status-publish","format-standard","has-post-thumbnail","hentry","category-tourisme","tag-martinique-fr"],"acf":[],"_links":{"self":[{"href":"https:\/\/richeskarayib.com\/fr\/wp-json\/wp\/v2\/posts\/55552","targetHints":{"allow":["GET"]}}],"collection":[{"href":"https:\/\/richeskarayib.com\/fr\/wp-json\/wp\/v2\/posts"}],"about":[{"href":"https:\/\/richeskarayib.com\/fr\/wp-json\/wp\/v2\/types\/post"}],"author":[{"embeddable":true,"href":"https:\/\/richeskarayib.com\/fr\/wp-json\/wp\/v2\/users\/662"}],"replies":[{"embeddable":true,"href":"https:\/\/richeskarayib.com\/fr\/wp-json\/wp\/v2\/comments?post=55552"}],"version-history":[{"count":0,"href":"https:\/\/richeskarayib.com\/fr\/wp-json\/wp\/v2\/posts\/55552\/revisions"}],"wp:featuredmedia":[{"embeddable":true,"href":"https:\/\/richeskarayib.com\/fr\/wp-json\/wp\/v2\/media\/55553"}],"wp:attachment":[{"href":"https:\/\/richeskarayib.com\/fr\/wp-json\/wp\/v2\/media?parent=55552"}],"wp:term":[{"taxonomy":"category","embeddable":true,"href":"https:\/\/richeskarayib.com\/fr\/wp-json\/wp\/v2\/categories?post=55552"},{"taxonomy":"post_tag","embeddable":true,"href":"https:\/\/richeskarayib.com\/fr\/wp-json\/wp\/v2\/tags?post=55552"}],"curies":[{"name":"wp","href":"https:\/\/api.w.org\/{rel}","templated":true}]}}