{"id":56467,"date":"2025-07-08T04:25:36","date_gmt":"2025-07-08T08:25:36","guid":{"rendered":"https:\/\/richeskarayib.com\/?p=56467"},"modified":"2025-07-10T04:53:58","modified_gmt":"2025-07-10T08:53:58","slug":"49e-sommet-de-la-caricom-a-montego-bay","status":"publish","type":"post","link":"https:\/\/richeskarayib.com\/fr\/49e-sommet-de-la-caricom-a-montego-bay\/","title":{"rendered":"Le 49e Sommet de la CARICOM \u00e0 Montego Bay: un carrefour strat\u00e9gique pour la Cara\u00efbe"},"content":{"rendered":"\t\t<div data-elementor-type=\"wp-post\" data-elementor-id=\"56467\" class=\"elementor elementor-56467\" data-elementor-post-type=\"post\">\n\t\t\t\t\t\t<section class=\"elementor-section elementor-top-section elementor-element elementor-element-3756bbb elementor-section-boxed elementor-section-height-default elementor-section-height-default\" data-id=\"3756bbb\" data-element_type=\"section\">\n\t\t\t\t\t\t<div class=\"elementor-container elementor-column-gap-default\">\n\t\t\t\t\t<div class=\"elementor-column elementor-col-100 elementor-top-column elementor-element elementor-element-df79712\" data-id=\"df79712\" data-element_type=\"column\">\n\t\t\t<div class=\"elementor-widget-wrap elementor-element-populated\">\n\t\t\t\t\t\t<section class=\"elementor-section elementor-inner-section elementor-element elementor-element-756e7fb elementor-section-boxed elementor-section-height-default elementor-section-height-default\" data-id=\"756e7fb\" data-element_type=\"section\">\n\t\t\t\t\t\t<div class=\"elementor-container elementor-column-gap-default\">\n\t\t\t\t\t<div class=\"elementor-column elementor-col-100 elementor-inner-column elementor-element elementor-element-dd1326d\" data-id=\"dd1326d\" data-element_type=\"column\">\n\t\t\t<div class=\"elementor-widget-wrap elementor-element-populated\">\n\t\t\t\t\t\t<div class=\"elementor-element elementor-element-81e63b5 elementor-widget elementor-widget-text-editor\" data-id=\"81e63b5\" data-element_type=\"widget\" data-widget_type=\"text-editor.default\">\n\t\t\t\t<div class=\"elementor-widget-container\">\n\t\t\t\t\t\t\t\t\t<p>Du 6 juillet au 08 juillet 2025, <a href=\"https:\/\/richeskarayib.com\/fr\/mobay-jerk-and-food-festival-capitale-saveurs\/\" target=\"_blank\" rel=\"noopener\">Montego Bay<\/a> vibre au rythme du <a href=\"https:\/\/caricom.org\/49th-caricom-heads-of-government-meeting-to-be-held-in-montego-bay-jamaica\/\" target=\"_blank\" rel=\"noopener nofollow\">49e Sommet de la CARICOM<\/a>, o\u00f9 les chefs d\u2019\u00c9tat et de gouvernement des pays membres se retrouvent pour discuter des d\u00e9fis majeurs qui traversent la r\u00e9gion. Cette \u00e9dition, pr\u00e9sid\u00e9e par Andrew Holness, Premier ministre de la Jama\u00efque, se d\u00e9roule dans une atmosph\u00e8re \u00e0 la fois solennelle et empreinte d\u2019urgence, chaque d\u00e9l\u00e9gation \u00e9tant venue avec des attentes fortes sur la s\u00e9curit\u00e9 alimentaire, la r\u00e9silience \u00e9conomique, la crise ha\u00eftienne et, surtout, la refonte de la logistique r\u00e9gionale.\u00a0<\/p><p>Les couloirs du Montego Bay Convention Centre bruissent de conversations strat\u00e9giques, tandis que les sessions pl\u00e9ni\u00e8res alternent avec des ateliers th\u00e9matiques, donnant \u00e0 chaque territoire la possibilit\u00e9 de faire entendre sa voix.<\/p>\t\t\t\t\t\t\t\t<\/div>\n\t\t\t\t<\/div>\n\t\t\t\t\t<\/div>\n\t\t<\/div>\n\t\t\t\t\t<\/div>\n\t\t<\/section>\n\t\t\t\t\t<\/div>\n\t\t<\/div>\n\t\t\t\t\t<\/div>\n\t\t<\/section>\n\t\t\t\t<section class=\"elementor-section elementor-top-section elementor-element elementor-element-5b928cf elementor-section-boxed elementor-section-height-default elementor-section-height-default\" data-id=\"5b928cf\" data-element_type=\"section\">\n\t\t\t\t\t\t<div class=\"elementor-container elementor-column-gap-default\">\n\t\t\t\t\t<div class=\"elementor-column elementor-col-100 elementor-top-column elementor-element elementor-element-587c274\" data-id=\"587c274\" data-element_type=\"column\">\n\t\t\t<div class=\"elementor-widget-wrap elementor-element-populated\">\n\t\t\t\t\t\t<div class=\"elementor-element elementor-element-2047da4 elementor-widget elementor-widget-heading\" data-id=\"2047da4\" data-element_type=\"widget\" data-widget_type=\"heading.default\">\n\t\t\t\t<div class=\"elementor-widget-container\">\n\t\t\t\t\t<h2 class=\"elementor-heading-title elementor-size-default\">Un contexte r\u00e9gional exigeant\n<\/h2>\t\t\t\t<\/div>\n\t\t\t\t<\/div>\n\t\t\t\t<section class=\"elementor-section elementor-inner-section elementor-element elementor-element-2b2df22 elementor-section-boxed elementor-section-height-default elementor-section-height-default\" data-id=\"2b2df22\" data-element_type=\"section\">\n\t\t\t\t\t\t<div class=\"elementor-container elementor-column-gap-default\">\n\t\t\t\t\t<div class=\"elementor-column elementor-col-100 elementor-inner-column elementor-element elementor-element-7a63a34\" data-id=\"7a63a34\" data-element_type=\"column\">\n\t\t\t<div class=\"elementor-widget-wrap elementor-element-populated\">\n\t\t\t\t\t\t<div class=\"elementor-element elementor-element-994871c elementor-widget elementor-widget-text-editor\" data-id=\"994871c\" data-element_type=\"widget\" data-widget_type=\"text-editor.default\">\n\t\t\t\t<div class=\"elementor-widget-container\">\n\t\t\t\t\t\t\t\t\t<p>D\u00e8s l\u2019ouverture du <a href=\"https:\/\/www.jamaicaobserver.com\/2025\/07\/07\/mottley-urges-caricom-embrace-regional-ferry-travel-cargo-planes-tackle-logistics-woes\/\" target=\"_blank\" rel=\"noopener nofollow\">49e Sommet de la CARICOM<\/a>, le ton a \u00e9t\u00e9 donn\u00e9 : la Cara\u00efbe traverse une p\u00e9riode charni\u00e8re. Les interventions successives des repr\u00e9sentants de la Barbade, de la Trinit\u00e9-et-Tobago, de Sainte-Lucie ou encore de la Dominique ont mis en lumi\u00e8re la r\u00e9alit\u00e9 des perturbations logistiques, la d\u00e9pendance \u00e0 un transport a\u00e9rien co\u00fbteux et la fragilit\u00e9 des cha\u00eenes d\u2019approvisionnement. Les d\u00e9bats sont anim\u00e9s, chaque chef de d\u00e9l\u00e9gation insistant sur la n\u00e9cessit\u00e9 de solutions concr\u00e8tes et imm\u00e9diates. Les \u00e9changes en coulisses t\u00e9moignent d\u2019une volont\u00e9 partag\u00e9e de faire de ce sommet un moment d\u00e9cisif pour la r\u00e9gion.<\/p>\t\t\t\t\t\t\t\t<\/div>\n\t\t\t\t<\/div>\n\t\t\t\t\t<\/div>\n\t\t<\/div>\n\t\t\t\t\t<\/div>\n\t\t<\/section>\n\t\t\t\t<section class=\"elementor-section elementor-inner-section elementor-element elementor-element-f10de09 elementor-section-boxed elementor-section-height-default elementor-section-height-default\" data-id=\"f10de09\" data-element_type=\"section\">\n\t\t\t\t\t\t<div class=\"elementor-container elementor-column-gap-default\">\n\t\t\t\t\t<div class=\"elementor-column elementor-col-100 elementor-inner-column elementor-element elementor-element-49303be\" data-id=\"49303be\" data-element_type=\"column\">\n\t\t\t<div class=\"elementor-widget-wrap elementor-element-populated\">\n\t\t\t\t\t\t<div class=\"elementor-element elementor-element-08993d5 elementor-widget elementor-widget-image\" data-id=\"08993d5\" data-element_type=\"widget\" data-widget_type=\"image.default\">\n\t\t\t\t<div class=\"elementor-widget-container\">\n\t\t\t\t\t\t\t\t\t\t\t\t<figure class=\"wp-caption\">\n\t\t\t\t\t\t\t\t\t\t<img fetchpriority=\"high\" decoding=\"async\" width=\"800\" height=\"283\" src=\"https:\/\/richeskarayib.com\/wp-content\/uploads\/2025\/07\/Slogna-49-eme-edition-1024x362.jpg\" class=\"attachment-large size-large wp-image-56472\" alt=\"49e Sommet de la Caricom\" srcset=\"https:\/\/richeskarayib.com\/wp-content\/uploads\/2025\/07\/Slogna-49-eme-edition-1024x362.jpg 1024w, https:\/\/richeskarayib.com\/wp-content\/uploads\/2025\/07\/Slogna-49-eme-edition-300x106.jpg 300w, https:\/\/richeskarayib.com\/wp-content\/uploads\/2025\/07\/Slogna-49-eme-edition-768x272.jpg 768w, https:\/\/richeskarayib.com\/wp-content\/uploads\/2025\/07\/Slogna-49-eme-edition-1536x543.jpg 1536w, https:\/\/richeskarayib.com\/wp-content\/uploads\/2025\/07\/Slogna-49-eme-edition-1320x467.jpg 1320w, https:\/\/richeskarayib.com\/wp-content\/uploads\/2025\/07\/Slogna-49-eme-edition.jpg 1920w\" sizes=\"(max-width: 800px) 100vw, 800px\" \/>\t\t\t\t\t\t\t\t\t\t\t<figcaption class=\"widget-image-caption wp-caption-text\">\u00a9CARICOM<\/figcaption>\n\t\t\t\t\t\t\t\t\t\t<\/figure>\n\t\t\t\t\t\t\t\t\t<\/div>\n\t\t\t\t<\/div>\n\t\t\t\t\t<\/div>\n\t\t<\/div>\n\t\t\t\t\t<\/div>\n\t\t<\/section>\n\t\t\t\t<section class=\"elementor-section elementor-inner-section elementor-element elementor-element-c51c1e9 elementor-section-boxed elementor-section-height-default elementor-section-height-default\" data-id=\"c51c1e9\" data-element_type=\"section\">\n\t\t\t\t\t\t<div class=\"elementor-container elementor-column-gap-default\">\n\t\t\t\t\t\t<\/div>\n\t\t<\/section>\n\t\t\t\t\t<\/div>\n\t\t<\/div>\n\t\t\t\t\t<\/div>\n\t\t<\/section>\n\t\t\t\t<section class=\"elementor-section elementor-top-section elementor-element elementor-element-63274e9 elementor-section-boxed elementor-section-height-default elementor-section-height-default\" data-id=\"63274e9\" data-element_type=\"section\">\n\t\t\t\t\t\t<div class=\"elementor-container elementor-column-gap-default\">\n\t\t\t\t\t<div class=\"elementor-column elementor-col-100 elementor-top-column elementor-element elementor-element-50500d6\" data-id=\"50500d6\" data-element_type=\"column\">\n\t\t\t<div class=\"elementor-widget-wrap elementor-element-populated\">\n\t\t\t\t\t\t<div class=\"elementor-element elementor-element-02d81f4 elementor-widget elementor-widget-heading\" data-id=\"02d81f4\" data-element_type=\"widget\" data-widget_type=\"heading.default\">\n\t\t\t\t<div class=\"elementor-widget-container\">\n\t\t\t\t\t<h2 class=\"elementor-heading-title elementor-size-default\">Les priorit\u00e9s de la pr\u00e9sidence jama\u00efcaine<\/h2>\t\t\t\t<\/div>\n\t\t\t\t<\/div>\n\t\t\t\t<section class=\"elementor-section elementor-inner-section elementor-element elementor-element-f7b7508 elementor-section-boxed elementor-section-height-default elementor-section-height-default\" data-id=\"f7b7508\" data-element_type=\"section\">\n\t\t\t\t\t\t<div class=\"elementor-container elementor-column-gap-default\">\n\t\t\t\t\t<div class=\"elementor-column elementor-col-100 elementor-inner-column elementor-element elementor-element-606693d\" data-id=\"606693d\" data-element_type=\"column\">\n\t\t\t<div class=\"elementor-widget-wrap elementor-element-populated\">\n\t\t\t\t\t\t<div class=\"elementor-element elementor-element-a485770 elementor-widget elementor-widget-text-editor\" data-id=\"a485770\" data-element_type=\"widget\" data-widget_type=\"text-editor.default\">\n\t\t\t\t<div class=\"elementor-widget-container\">\n\t\t\t\t\t\t\t\t\t<p>Andrew Holness, dans son discours inaugural, a rappel\u00e9 l\u2019importance d\u2019une coop\u00e9ration renforc\u00e9e et d\u2019une diversification des \u00e9changes, tout en soulignant la n\u00e9cessit\u00e9 d\u2019apporter des r\u00e9ponses rapides aux enjeux s\u00e9curitaires et climatiques. Son appel \u00e0 une mobilisation collective n\u2019est pas rest\u00e9 sans effet : les tables rondes du <a href=\"https:\/\/jamaica-gleaner.com\/article\/lead-stories\/20250707\/mia-mottley-pushes-regional-sea-air-cargo-revolution-caricom-summit#:~:text=Mia%20Mottley%20pushes%20for%20regional%20sea%2C%20air%20cargo\" target=\"_blank\" rel=\"noopener nofollow\">49e Sommet de la CARICOM<\/a> se sont succ\u00e9d\u00e9, abordant la question de la paix r\u00e9gionale, la mutualisation des ressources et la place de la jeunesse dans la construction d\u2019une prosp\u00e9rit\u00e9 partag\u00e9e.<\/p>\t\t\t\t\t\t\t\t<\/div>\n\t\t\t\t<\/div>\n\t\t\t\t\t<\/div>\n\t\t<\/div>\n\t\t\t\t\t<\/div>\n\t\t<\/section>\n\t\t\t\t<section class=\"elementor-section elementor-inner-section elementor-element elementor-element-5d6c5cd elementor-section-boxed elementor-section-height-default elementor-section-height-default\" data-id=\"5d6c5cd\" data-element_type=\"section\">\n\t\t\t\t\t\t<div class=\"elementor-container elementor-column-gap-default\">\n\t\t\t\t\t<div class=\"elementor-column elementor-col-50 elementor-inner-column elementor-element elementor-element-96f3556\" data-id=\"96f3556\" data-element_type=\"column\">\n\t\t\t<div class=\"elementor-widget-wrap elementor-element-populated\">\n\t\t\t\t\t\t<div class=\"elementor-element elementor-element-5223f83 elementor-widget elementor-widget-image\" data-id=\"5223f83\" data-element_type=\"widget\" data-widget_type=\"image.default\">\n\t\t\t\t<div class=\"elementor-widget-container\">\n\t\t\t\t\t\t\t\t\t\t\t\t<figure class=\"wp-caption\">\n\t\t\t\t\t\t\t\t\t\t<img decoding=\"async\" width=\"800\" height=\"533\" src=\"https:\/\/richeskarayib.com\/wp-content\/uploads\/2025\/07\/Dr-le-Tres-Hon.-Andrew-Holness-president-de-la-CARICOM.-\u00a9CARICOM.jpg\" class=\"attachment-large size-large wp-image-56476\" alt=\"49e Sommet de la Caricom\" srcset=\"https:\/\/richeskarayib.com\/wp-content\/uploads\/2025\/07\/Dr-le-Tres-Hon.-Andrew-Holness-president-de-la-CARICOM.-\u00a9CARICOM.jpg 810w, https:\/\/richeskarayib.com\/wp-content\/uploads\/2025\/07\/Dr-le-Tres-Hon.-Andrew-Holness-president-de-la-CARICOM.-\u00a9CARICOM-300x200.jpg 300w, https:\/\/richeskarayib.com\/wp-content\/uploads\/2025\/07\/Dr-le-Tres-Hon.-Andrew-Holness-president-de-la-CARICOM.-\u00a9CARICOM-768x512.jpg 768w\" sizes=\"(max-width: 800px) 100vw, 800px\" \/>\t\t\t\t\t\t\t\t\t\t\t<figcaption class=\"widget-image-caption wp-caption-text\">\u00a9Andrew Holness, pr\u00e9sident de la CARICOM. \u00a9CARICOM<\/figcaption>\n\t\t\t\t\t\t\t\t\t\t<\/figure>\n\t\t\t\t\t\t\t\t\t<\/div>\n\t\t\t\t<\/div>\n\t\t\t\t\t<\/div>\n\t\t<\/div>\n\t\t\t\t<div class=\"elementor-column elementor-col-50 elementor-inner-column elementor-element elementor-element-db15465\" data-id=\"db15465\" data-element_type=\"column\">\n\t\t\t<div class=\"elementor-widget-wrap elementor-element-populated\">\n\t\t\t\t\t\t<div class=\"elementor-element elementor-element-ddc0a3e elementor-widget elementor-widget-image\" data-id=\"ddc0a3e\" data-element_type=\"widget\" data-widget_type=\"image.default\">\n\t\t\t\t<div class=\"elementor-widget-container\">\n\t\t\t\t\t\t\t\t\t\t\t\t<figure class=\"wp-caption\">\n\t\t\t\t\t\t\t\t\t\t<img decoding=\"async\" width=\"800\" height=\"534\" src=\"https:\/\/richeskarayib.com\/wp-content\/uploads\/2025\/07\/54638541764_f68a648783_o-1024x683.jpg\" class=\"attachment-large size-large wp-image-56480\" alt=\"49e Sommet de la Caricom\" srcset=\"https:\/\/richeskarayib.com\/wp-content\/uploads\/2025\/07\/54638541764_f68a648783_o-1024x683.jpg 1024w, https:\/\/richeskarayib.com\/wp-content\/uploads\/2025\/07\/54638541764_f68a648783_o-300x200.jpg 300w, https:\/\/richeskarayib.com\/wp-content\/uploads\/2025\/07\/54638541764_f68a648783_o-768x512.jpg 768w, https:\/\/richeskarayib.com\/wp-content\/uploads\/2025\/07\/54638541764_f68a648783_o-1536x1024.jpg 1536w, https:\/\/richeskarayib.com\/wp-content\/uploads\/2025\/07\/54638541764_f68a648783_o-1320x880.jpg 1320w, https:\/\/richeskarayib.com\/wp-content\/uploads\/2025\/07\/54638541764_f68a648783_o.jpg 1920w\" sizes=\"(max-width: 800px) 100vw, 800px\" \/>\t\t\t\t\t\t\t\t\t\t\t<figcaption class=\"widget-image-caption wp-caption-text\">\u00a9Andrew Holness, pr\u00e9sident de la CARICOM. \u00a9CARICOM<\/figcaption>\n\t\t\t\t\t\t\t\t\t\t<\/figure>\n\t\t\t\t\t\t\t\t\t<\/div>\n\t\t\t\t<\/div>\n\t\t\t\t\t<\/div>\n\t\t<\/div>\n\t\t\t\t\t<\/div>\n\t\t<\/section>\n\t\t\t\t<section class=\"elementor-section elementor-inner-section elementor-element elementor-element-9db0422 elementor-section-boxed elementor-section-height-default elementor-section-height-default\" data-id=\"9db0422\" data-element_type=\"section\">\n\t\t\t\t\t\t<div class=\"elementor-container elementor-column-gap-default\">\n\t\t\t\t\t\t<\/div>\n\t\t<\/section>\n\t\t\t\t\t<\/div>\n\t\t<\/div>\n\t\t\t\t\t<\/div>\n\t\t<\/section>\n\t\t\t\t<section class=\"elementor-section elementor-top-section elementor-element elementor-element-7ca7ca1 elementor-section-boxed elementor-section-height-default elementor-section-height-default\" data-id=\"7ca7ca1\" data-element_type=\"section\">\n\t\t\t\t\t\t<div class=\"elementor-container elementor-column-gap-default\">\n\t\t\t\t\t<div class=\"elementor-column elementor-col-100 elementor-top-column elementor-element elementor-element-cbdd002\" data-id=\"cbdd002\" data-element_type=\"column\">\n\t\t\t<div class=\"elementor-widget-wrap elementor-element-populated\">\n\t\t\t\t\t\t<div class=\"elementor-element elementor-element-da17f8d elementor-widget elementor-widget-heading\" data-id=\"da17f8d\" data-element_type=\"widget\" data-widget_type=\"heading.default\">\n\t\t\t\t<div class=\"elementor-widget-container\">\n\t\t\t\t\t<h2 class=\"elementor-heading-title elementor-size-default\">Mia Mottley : un plaidoyer pour une transformation logistique<\/h2>\t\t\t\t<\/div>\n\t\t\t\t<\/div>\n\t\t\t\t<section class=\"elementor-section elementor-inner-section elementor-element elementor-element-bc94849 elementor-section-boxed elementor-section-height-default elementor-section-height-default\" data-id=\"bc94849\" data-element_type=\"section\">\n\t\t\t\t\t\t<div class=\"elementor-container elementor-column-gap-default\">\n\t\t\t\t\t\t<\/div>\n\t\t<\/section>\n\t\t\t\t<section class=\"elementor-section elementor-inner-section elementor-element elementor-element-9e973f4 elementor-section-boxed elementor-section-height-default elementor-section-height-default\" data-id=\"9e973f4\" data-element_type=\"section\">\n\t\t\t\t\t\t<div class=\"elementor-container elementor-column-gap-default\">\n\t\t\t\t\t<div class=\"elementor-column elementor-col-100 elementor-inner-column elementor-element elementor-element-826b295\" data-id=\"826b295\" data-element_type=\"column\">\n\t\t\t<div class=\"elementor-widget-wrap elementor-element-populated\">\n\t\t\t\t\t\t<div class=\"elementor-element elementor-element-209c746 elementor-widget elementor-widget-text-editor\" data-id=\"209c746\" data-element_type=\"widget\" data-widget_type=\"text-editor.default\">\n\t\t\t\t<div class=\"elementor-widget-container\">\n\t\t\t\t\t\t\t\t\t<p>La prise de parole de Mia Mottley, Premi\u00e8re ministre de la Barbade, a marqu\u00e9 l\u2019un des temps forts du <a href=\"https:\/\/en.mercopress.com\/2025\/07\/07\/caricom-summit-underway-in-montego-bay\" target=\"_blank\" rel=\"noopener nofollow\">49e Sommet de la CARICOM<\/a>. Avec une \u00e9loquence salu\u00e9e par l\u2019ensemble des participants, elle a dress\u00e9 un tableau lucide des failles logistiques qui freinent le d\u00e9veloppement carib\u00e9en. Sa voix, ferme et pos\u00e9e, a r\u00e9sonn\u00e9 dans l\u2019auditorium lorsqu\u2019elle a \u00e9voqu\u00e9 la n\u00e9cessit\u00e9 d\u2019une \u00ab r\u00e9volution du fret r\u00e9gional \u00bb, insistant sur l\u2019urgence de d\u00e9mocratiser les transports et de redonner \u00e0 la mer son r\u00f4le historique de trait d\u2019union entre les \u00eeles.<\/p>\t\t\t\t\t\t\t\t<\/div>\n\t\t\t\t<\/div>\n\t\t\t\t<div class=\"elementor-element elementor-element-98859de elementor-widget elementor-widget-image\" data-id=\"98859de\" data-element_type=\"widget\" data-widget_type=\"image.default\">\n\t\t\t\t<div class=\"elementor-widget-container\">\n\t\t\t\t\t\t\t\t\t\t\t\t<figure class=\"wp-caption\">\n\t\t\t\t\t\t\t\t\t\t<img loading=\"lazy\" decoding=\"async\" width=\"800\" height=\"534\" src=\"https:\/\/richeskarayib.com\/wp-content\/uploads\/2025\/07\/54637464797_9f15efc84d_o-1024x683.jpg\" class=\"attachment-large size-large wp-image-56484\" alt=\"49e Sommet de la Caricom\" srcset=\"https:\/\/richeskarayib.com\/wp-content\/uploads\/2025\/07\/54637464797_9f15efc84d_o-1024x683.jpg 1024w, https:\/\/richeskarayib.com\/wp-content\/uploads\/2025\/07\/54637464797_9f15efc84d_o-300x200.jpg 300w, https:\/\/richeskarayib.com\/wp-content\/uploads\/2025\/07\/54637464797_9f15efc84d_o-768x512.jpg 768w, https:\/\/richeskarayib.com\/wp-content\/uploads\/2025\/07\/54637464797_9f15efc84d_o-1536x1024.jpg 1536w, https:\/\/richeskarayib.com\/wp-content\/uploads\/2025\/07\/54637464797_9f15efc84d_o-1320x880.jpg 1320w, https:\/\/richeskarayib.com\/wp-content\/uploads\/2025\/07\/54637464797_9f15efc84d_o.jpg 1920w\" sizes=\"(max-width: 800px) 100vw, 800px\" \/>\t\t\t\t\t\t\t\t\t\t\t<figcaption class=\"widget-image-caption wp-caption-text\">Mia Mottley. \u00a9CARICOM<\/figcaption>\n\t\t\t\t\t\t\t\t\t\t<\/figure>\n\t\t\t\t\t\t\t\t\t<\/div>\n\t\t\t\t<\/div>\n\t\t\t\t<div class=\"elementor-element elementor-element-2669891 elementor-widget elementor-widget-text-editor\" data-id=\"2669891\" data-element_type=\"widget\" data-widget_type=\"text-editor.default\">\n\t\t\t\t<div class=\"elementor-widget-container\">\n\t\t\t\t\t\t\t\t\t<h3><b>Des propositions concr\u00e8tes pour le fret r\u00e9gional<\/b><\/h3><p><a href=\"https:\/\/richeskarayib.com\/fr\/barbade-mia-mottley-aura-une-femme-exception\/\" target=\"_blank\" rel=\"noopener\">Mia Mottley<\/a> n\u2019est pas rest\u00e9e dans l\u2019incantation. Elle a annonc\u00e9 que deux \u00c9tats membres de la <a href=\"https:\/\/richeskarayib.com\/fr\/caricom-martinique-construire-caraibe-fort\/\" target=\"_blank\" rel=\"noopener\">CARICOM<\/a> sont en n\u00e9gociation avanc\u00e9e pour acqu\u00e9rir des avions cargo, une initiative qui, selon elle, permettra de fluidifier les \u00e9changes et de garantir l\u2019approvisionnement en biens essentiels. Elle a \u00e9galement \u00e9voqu\u00e9 la pr\u00e9sentation attendue d\u2019un projet de ferry r\u00e9gional port\u00e9 par le secteur priv\u00e9, qui pourrait r\u00e9volutionner la connectivit\u00e9 entre les \u00eeles. Ces annonces, formul\u00e9es au c\u0153ur du 49e Sommet de la CARICOM, ont \u00e9t\u00e9 accueillies par des applaudissements nourris, signe que la question logistique est au c\u0153ur des pr\u00e9occupations collectives.<\/p>\t\t\t\t\t\t\t\t<\/div>\n\t\t\t\t<\/div>\n\t\t\t\t<div class=\"elementor-element elementor-element-567d4d7 elementor-widget elementor-widget-image\" data-id=\"567d4d7\" data-element_type=\"widget\" data-widget_type=\"image.default\">\n\t\t\t\t<div class=\"elementor-widget-container\">\n\t\t\t\t\t\t\t\t\t\t\t\t<figure class=\"wp-caption\">\n\t\t\t\t\t\t\t\t\t\t<img loading=\"lazy\" decoding=\"async\" width=\"800\" height=\"534\" src=\"https:\/\/richeskarayib.com\/wp-content\/uploads\/2025\/07\/54637464802_c0e537421e_o-1024x683.jpg\" class=\"attachment-large size-large wp-image-56496\" alt=\"49e Sommet de la Caricom\" srcset=\"https:\/\/richeskarayib.com\/wp-content\/uploads\/2025\/07\/54637464802_c0e537421e_o-1024x683.jpg 1024w, https:\/\/richeskarayib.com\/wp-content\/uploads\/2025\/07\/54637464802_c0e537421e_o-300x200.jpg 300w, https:\/\/richeskarayib.com\/wp-content\/uploads\/2025\/07\/54637464802_c0e537421e_o-768x512.jpg 768w, https:\/\/richeskarayib.com\/wp-content\/uploads\/2025\/07\/54637464802_c0e537421e_o-1536x1024.jpg 1536w, https:\/\/richeskarayib.com\/wp-content\/uploads\/2025\/07\/54637464802_c0e537421e_o-1320x880.jpg 1320w, https:\/\/richeskarayib.com\/wp-content\/uploads\/2025\/07\/54637464802_c0e537421e_o.jpg 1920w\" sizes=\"(max-width: 800px) 100vw, 800px\" \/>\t\t\t\t\t\t\t\t\t\t\t<figcaption class=\"widget-image-caption wp-caption-text\">Mia Mottley. \u00a9CARICOM<\/figcaption>\n\t\t\t\t\t\t\t\t\t\t<\/figure>\n\t\t\t\t\t\t\t\t\t<\/div>\n\t\t\t\t<\/div>\n\t\t\t\t<div class=\"elementor-element elementor-element-688aa2e elementor-widget elementor-widget-text-editor\" data-id=\"688aa2e\" data-element_type=\"widget\" data-widget_type=\"text-editor.default\">\n\t\t\t\t<div class=\"elementor-widget-container\">\n\t\t\t\t\t\t\t\t\t<h3><b>La volont\u00e9 politique au c\u0153ur du changement<\/b><\/h3><p>Mia Mottley a profit\u00e9 de sa tribune pour rappeler que la r\u00e9ussite de ces projets d\u00e9pend avant tout de la volont\u00e9 politique des dirigeants. Elle a \u00e9voqu\u00e9 avec \u00e9motion les souvenirs du Federal Maple et du Federal Palm, symboles d\u2019une \u00e9poque o\u00f9 la mer unissait les peuples carib\u00e9ens. Son plaidoyer, relay\u00e9 dans plusieurs sessions du 49e Sommet de la CARICOM, a trouv\u00e9 un \u00e9cho particulier aupr\u00e8s des d\u00e9l\u00e9gations, qui ont reconnu la n\u00e9cessit\u00e9 de d\u00e9passer les inerties institutionnelles pour b\u00e2tir une logistique r\u00e9gionale moderne et r\u00e9siliente.<\/p>\t\t\t\t\t\t\t\t<\/div>\n\t\t\t\t<\/div>\n\t\t\t\t\t<\/div>\n\t\t<\/div>\n\t\t\t\t\t<\/div>\n\t\t<\/section>\n\t\t\t\t<section class=\"elementor-section elementor-inner-section elementor-element elementor-element-61571e6 elementor-section-boxed elementor-section-height-default elementor-section-height-default\" data-id=\"61571e6\" data-element_type=\"section\">\n\t\t\t\t\t\t<div class=\"elementor-container elementor-column-gap-default\">\n\t\t\t\t\t\t<\/div>\n\t\t<\/section>\n\t\t\t\t<section class=\"elementor-section elementor-inner-section elementor-element elementor-element-b6262e0 elementor-section-boxed elementor-section-height-default elementor-section-height-default\" data-id=\"b6262e0\" data-element_type=\"section\">\n\t\t\t\t\t\t<div class=\"elementor-container elementor-column-gap-default\">\n\t\t\t\t\t\t<\/div>\n\t\t<\/section>\n\t\t\t\t<section class=\"elementor-section elementor-inner-section elementor-element elementor-element-4726376 elementor-section-boxed elementor-section-height-default elementor-section-height-default\" data-id=\"4726376\" data-element_type=\"section\">\n\t\t\t\t\t\t<div class=\"elementor-container elementor-column-gap-default\">\n\t\t\t\t\t<div class=\"elementor-column elementor-col-50 elementor-inner-column elementor-element elementor-element-9a816d1\" data-id=\"9a816d1\" data-element_type=\"column\">\n\t\t\t<div class=\"elementor-widget-wrap elementor-element-populated\">\n\t\t\t\t\t\t<div class=\"elementor-element elementor-element-ad000d8 elementor-widget elementor-widget-image\" data-id=\"ad000d8\" data-element_type=\"widget\" data-widget_type=\"image.default\">\n\t\t\t\t<div class=\"elementor-widget-container\">\n\t\t\t\t\t\t\t\t\t\t\t\t<figure class=\"wp-caption\">\n\t\t\t\t\t\t\t\t\t\t<img loading=\"lazy\" decoding=\"async\" width=\"800\" height=\"534\" src=\"https:\/\/richeskarayib.com\/wp-content\/uploads\/2025\/07\/54638567678_38545145c8_o-1024x683.jpg\" class=\"attachment-large size-large wp-image-56488\" alt=\"49e Sommet de la Caricom\" srcset=\"https:\/\/richeskarayib.com\/wp-content\/uploads\/2025\/07\/54638567678_38545145c8_o-1024x683.jpg 1024w, https:\/\/richeskarayib.com\/wp-content\/uploads\/2025\/07\/54638567678_38545145c8_o-300x200.jpg 300w, https:\/\/richeskarayib.com\/wp-content\/uploads\/2025\/07\/54638567678_38545145c8_o-768x512.jpg 768w, https:\/\/richeskarayib.com\/wp-content\/uploads\/2025\/07\/54638567678_38545145c8_o-1536x1024.jpg 1536w, https:\/\/richeskarayib.com\/wp-content\/uploads\/2025\/07\/54638567678_38545145c8_o-1320x880.jpg 1320w, https:\/\/richeskarayib.com\/wp-content\/uploads\/2025\/07\/54638567678_38545145c8_o.jpg 1920w\" sizes=\"(max-width: 800px) 100vw, 800px\" \/>\t\t\t\t\t\t\t\t\t\t\t<figcaption class=\"widget-image-caption wp-caption-text\">Mia Mottley. \u00a9CARICOM<\/figcaption>\n\t\t\t\t\t\t\t\t\t\t<\/figure>\n\t\t\t\t\t\t\t\t\t<\/div>\n\t\t\t\t<\/div>\n\t\t\t\t\t<\/div>\n\t\t<\/div>\n\t\t\t\t<div class=\"elementor-column elementor-col-50 elementor-inner-column elementor-element elementor-element-d19e5da\" data-id=\"d19e5da\" data-element_type=\"column\">\n\t\t\t<div class=\"elementor-widget-wrap elementor-element-populated\">\n\t\t\t\t\t\t<div class=\"elementor-element elementor-element-7623e73 elementor-widget elementor-widget-image\" data-id=\"7623e73\" data-element_type=\"widget\" data-widget_type=\"image.default\">\n\t\t\t\t<div class=\"elementor-widget-container\">\n\t\t\t\t\t\t\t\t\t\t\t\t<figure class=\"wp-caption\">\n\t\t\t\t\t\t\t\t\t\t<img loading=\"lazy\" decoding=\"async\" width=\"800\" height=\"566\" src=\"https:\/\/richeskarayib.com\/wp-content\/uploads\/2025\/07\/54637465492_0f854c0765_o-1024x725.jpg\" class=\"attachment-large size-large wp-image-56492\" alt=\"49e Sommet de la Caricom\" srcset=\"https:\/\/richeskarayib.com\/wp-content\/uploads\/2025\/07\/54637465492_0f854c0765_o-1024x725.jpg 1024w, https:\/\/richeskarayib.com\/wp-content\/uploads\/2025\/07\/54637465492_0f854c0765_o-300x213.jpg 300w, https:\/\/richeskarayib.com\/wp-content\/uploads\/2025\/07\/54637465492_0f854c0765_o-768x544.jpg 768w, https:\/\/richeskarayib.com\/wp-content\/uploads\/2025\/07\/54637465492_0f854c0765_o-1536x1088.jpg 1536w, https:\/\/richeskarayib.com\/wp-content\/uploads\/2025\/07\/54637465492_0f854c0765_o-1320x935.jpg 1320w, https:\/\/richeskarayib.com\/wp-content\/uploads\/2025\/07\/54637465492_0f854c0765_o.jpg 1920w\" sizes=\"(max-width: 800px) 100vw, 800px\" \/>\t\t\t\t\t\t\t\t\t\t\t<figcaption class=\"widget-image-caption wp-caption-text\">Mia Mottley. \u00a9CARICOM<\/figcaption>\n\t\t\t\t\t\t\t\t\t\t<\/figure>\n\t\t\t\t\t\t\t\t\t<\/div>\n\t\t\t\t<\/div>\n\t\t\t\t\t<\/div>\n\t\t<\/div>\n\t\t\t\t\t<\/div>\n\t\t<\/section>\n\t\t\t\t<section class=\"elementor-section elementor-inner-section elementor-element elementor-element-cca29fd elementor-section-boxed elementor-section-height-default elementor-section-height-default\" data-id=\"cca29fd\" data-element_type=\"section\">\n\t\t\t\t\t\t<div class=\"elementor-container elementor-column-gap-default\">\n\t\t\t\t\t\t<\/div>\n\t\t<\/section>\n\t\t\t\t\t<\/div>\n\t\t<\/div>\n\t\t\t\t\t<\/div>\n\t\t<\/section>\n\t\t\t\t<section class=\"elementor-section elementor-top-section elementor-element elementor-element-0db9090 elementor-section-boxed elementor-section-height-default elementor-section-height-default\" data-id=\"0db9090\" data-element_type=\"section\">\n\t\t\t\t\t\t<div class=\"elementor-container elementor-column-gap-default\">\n\t\t\t\t\t<div class=\"elementor-column elementor-col-100 elementor-top-column elementor-element elementor-element-2296183\" data-id=\"2296183\" data-element_type=\"column\">\n\t\t\t<div class=\"elementor-widget-wrap elementor-element-populated\">\n\t\t\t\t\t\t<div class=\"elementor-element elementor-element-9576154 elementor-widget elementor-widget-heading\" data-id=\"9576154\" data-element_type=\"widget\" data-widget_type=\"heading.default\">\n\t\t\t\t<div class=\"elementor-widget-container\">\n\t\t\t\t\t<h2 class=\"elementor-heading-title elementor-size-default\">Les apports concrets du 49e Sommet de la CARICOM pour les territoires membres<\/h2>\t\t\t\t<\/div>\n\t\t\t\t<\/div>\n\t\t\t\t<div class=\"elementor-element elementor-element-500981c elementor-widget elementor-widget-text-editor\" data-id=\"500981c\" data-element_type=\"widget\" data-widget_type=\"text-editor.default\">\n\t\t\t\t<div class=\"elementor-widget-container\">\n\t\t\t\t\t\t\t\t\t<h3><b>S\u00e9curit\u00e9 alimentaire et fluidit\u00e9 des \u00e9changes<\/b><\/h3><p>L\u2019un des axes majeurs des discussions du 49e Sommet de la CARICOM porte sur la s\u00e9curit\u00e9 alimentaire. Les participants ont soulign\u00e9 que la mise en place de nouvelles liaisons maritimes et a\u00e9riennes, comme celles \u00e9voqu\u00e9es par Mia Mottley, permettra d\u2019assurer un approvisionnement r\u00e9gulier en produits agricoles et en biens de premi\u00e8re n\u00e9cessit\u00e9. Les \u00e9changes de bonnes pratiques entre les ministres de l\u2019Agriculture et de l\u2019\u00c9conomie t\u00e9moignent d\u2019une volont\u00e9 commune d\u2019optimiser les circuits logistiques et de renforcer la souverainet\u00e9 alimentaire de chaque territoire.<\/p>\t\t\t\t\t\t\t\t<\/div>\n\t\t\t\t<\/div>\n\t\t\t\t<div class=\"elementor-element elementor-element-d72b807 elementor-widget elementor-widget-text-editor\" data-id=\"d72b807\" data-element_type=\"widget\" data-widget_type=\"text-editor.default\">\n\t\t\t\t<div class=\"elementor-widget-container\">\n\t\t\t\t\t\t\t\t\t<h3><b>Renforcement de l\u2019int\u00e9gration et de la r\u00e9silience \u00e9conomique<\/b><\/h3><p>Les d\u00e9bats sur l\u2019int\u00e9gration \u00e9conomique ont mis en avant l\u2019importance de mutualiser les ressources et de diversifier les partenaires commerciaux. Les annonces d\u2019investissements publics et priv\u00e9s dans le fret r\u00e9gional, formul\u00e9es \u00e0 l\u2019occasion du 49e Sommet de la CARICOM, ouvrent la voie \u00e0 une coop\u00e9ration renforc\u00e9e, qui permettra aux territoires membres de mieux r\u00e9sister aux chocs ext\u00e9rieurs, qu\u2019ils soient \u00e9conomiques, sanitaires ou climatiques. Les participants s\u2019accordent sur le fait que cette \u00e9dition constitue un jalon crucial vers une prosp\u00e9rit\u00e9 partag\u00e9e.<\/p>\t\t\t\t\t\t\t\t<\/div>\n\t\t\t\t<\/div>\n\t\t\t\t<div class=\"elementor-element elementor-element-1704210 elementor-widget elementor-widget-text-editor\" data-id=\"1704210\" data-element_type=\"widget\" data-widget_type=\"text-editor.default\">\n\t\t\t\t<div class=\"elementor-widget-container\">\n\t\t\t\t\t\t\t\t\t<h3><b>Perspectives pour la jeunesse et l\u2019innovation<\/b><\/h3><p>Au fil des ateliers, la jeunesse carib\u00e9enne et l\u2019innovation technologique ont occup\u00e9 une place centrale. Les initiatives pr\u00e9sent\u00e9es, qu\u2019il s\u2019agisse de programmes de formation, de mobilit\u00e9 \u00e9tudiante ou de soutien \u00e0 l\u2019entrepreneuriat, illustrent la volont\u00e9 des dirigeants de pr\u00e9parer la rel\u00e8ve et de donner aux jeunes les moyens de s\u2019inscrire dans la dynamique r\u00e9gionale. Ces perspectives, discut\u00e9es en profondeur au 49e Sommet de la CARICOM, laissent entrevoir de nouvelles opportunit\u00e9s concr\u00e8tes pour la jeunesse.<\/p>\t\t\t\t\t\t\t\t<\/div>\n\t\t\t\t<\/div>\n\t\t\t\t<section class=\"elementor-section elementor-inner-section elementor-element elementor-element-2151e88 elementor-section-boxed elementor-section-height-default elementor-section-height-default\" data-id=\"2151e88\" data-element_type=\"section\">\n\t\t\t\t\t\t<div class=\"elementor-container elementor-column-gap-default\">\n\t\t\t\t\t<div class=\"elementor-column elementor-col-100 elementor-inner-column elementor-element elementor-element-49db0fc\" data-id=\"49db0fc\" data-element_type=\"column\">\n\t\t\t<div class=\"elementor-widget-wrap elementor-element-populated\">\n\t\t\t\t\t\t<div class=\"elementor-element elementor-element-458a0b7 elementor-widget elementor-widget-image\" data-id=\"458a0b7\" data-element_type=\"widget\" data-widget_type=\"image.default\">\n\t\t\t\t<div class=\"elementor-widget-container\">\n\t\t\t\t\t\t\t\t\t\t\t\t<figure class=\"wp-caption\">\n\t\t\t\t\t\t\t\t\t\t<img loading=\"lazy\" decoding=\"async\" width=\"800\" height=\"564\" src=\"https:\/\/richeskarayib.com\/wp-content\/uploads\/2025\/07\/Heads-of-Government-and-Heads-of-Delegations.-\u00a9CARICOM-1024x722.jpg\" class=\"attachment-large size-large wp-image-56500\" alt=\"49e Sommet de la Caricom\" srcset=\"https:\/\/richeskarayib.com\/wp-content\/uploads\/2025\/07\/Heads-of-Government-and-Heads-of-Delegations.-\u00a9CARICOM-1024x722.jpg 1024w, https:\/\/richeskarayib.com\/wp-content\/uploads\/2025\/07\/Heads-of-Government-and-Heads-of-Delegations.-\u00a9CARICOM-300x212.jpg 300w, https:\/\/richeskarayib.com\/wp-content\/uploads\/2025\/07\/Heads-of-Government-and-Heads-of-Delegations.-\u00a9CARICOM-768x542.jpg 768w, https:\/\/richeskarayib.com\/wp-content\/uploads\/2025\/07\/Heads-of-Government-and-Heads-of-Delegations.-\u00a9CARICOM-1536x1083.jpg 1536w, https:\/\/richeskarayib.com\/wp-content\/uploads\/2025\/07\/Heads-of-Government-and-Heads-of-Delegations.-\u00a9CARICOM-1320x931.jpg 1320w, https:\/\/richeskarayib.com\/wp-content\/uploads\/2025\/07\/Heads-of-Government-and-Heads-of-Delegations.-\u00a9CARICOM.jpg 1920w\" sizes=\"(max-width: 800px) 100vw, 800px\" \/>\t\t\t\t\t\t\t\t\t\t\t<figcaption class=\"widget-image-caption wp-caption-text\">Mia Mottley. \u00a9CARICOM<\/figcaption>\n\t\t\t\t\t\t\t\t\t\t<\/figure>\n\t\t\t\t\t\t\t\t\t<\/div>\n\t\t\t\t<\/div>\n\t\t\t\t\t<\/div>\n\t\t<\/div>\n\t\t\t\t\t<\/div>\n\t\t<\/section>\n\t\t\t\t\t<\/div>\n\t\t<\/div>\n\t\t\t\t\t<\/div>\n\t\t<\/section>\n\t\t\t\t<section class=\"elementor-section elementor-top-section elementor-element elementor-element-7b2ef92 elementor-section-boxed elementor-section-height-default elementor-section-height-default\" data-id=\"7b2ef92\" data-element_type=\"section\">\n\t\t\t\t\t\t<div class=\"elementor-container elementor-column-gap-default\">\n\t\t\t\t\t<div class=\"elementor-column elementor-col-100 elementor-top-column elementor-element elementor-element-e8712b4\" data-id=\"e8712b4\" data-element_type=\"column\">\n\t\t\t<div class=\"elementor-widget-wrap elementor-element-populated\">\n\t\t\t\t\t\t<div class=\"elementor-element elementor-element-37e0414 elementor-widget elementor-widget-heading\" data-id=\"37e0414\" data-element_type=\"widget\" data-widget_type=\"heading.default\">\n\t\t\t\t<div class=\"elementor-widget-container\">\n\t\t\t\t\t<h2 class=\"elementor-heading-title elementor-size-default\">Le 49e Sommet de la CARICOM, catalyseur d\u2019une nouvelle \u00e8re r\u00e9gionale<\/h2>\t\t\t\t<\/div>\n\t\t\t\t<\/div>\n\t\t\t\t<div class=\"elementor-element elementor-element-fa5cc24 elementor-widget elementor-widget-text-editor\" data-id=\"fa5cc24\" data-element_type=\"widget\" data-widget_type=\"text-editor.default\">\n\t\t\t\t<div class=\"elementor-widget-container\">\n\t\t\t\t\t\t\t\t\t<p>\u00c0 Montego Bay, le 49e Sommet de la CARICOM se poursuit dans une atmosph\u00e8re studieuse et d\u00e9termin\u00e9e. Port\u00e9e par des personnalit\u00e9s comme Mia Mottley et Andrew Holness, la r\u00e9gion est en train de franchir une \u00e9tape d\u00e9cisive vers la modernisation de ses infrastructures et l\u2019approfondissement de son int\u00e9gration. Les discussions, riches et parfois passionn\u00e9es, t\u00e9moignent d\u2019une volont\u00e9 collective de transformer les d\u00e9fis en opportunit\u00e9s et de b\u00e2tir un avenir durable pour l\u2019ensemble des populations carib\u00e9ennes.<\/p>\t\t\t\t\t\t\t\t<\/div>\n\t\t\t\t<\/div>\n\t\t\t\t\t<\/div>\n\t\t<\/div>\n\t\t\t\t\t<\/div>\n\t\t<\/section>\n\t\t\t\t<section class=\"elementor-section elementor-top-section elementor-element elementor-element-7e651c4 elementor-section-boxed elementor-section-height-default elementor-section-height-default\" data-id=\"7e651c4\" data-element_type=\"section\">\n\t\t\t\t\t\t<div class=\"elementor-container elementor-column-gap-default\">\n\t\t\t\t\t<div class=\"elementor-column elementor-col-100 elementor-top-column elementor-element elementor-element-fc8f8ff\" data-id=\"fc8f8ff\" data-element_type=\"column\">\n\t\t\t<div class=\"elementor-widget-wrap elementor-element-populated\">\n\t\t\t\t\t\t<div class=\"elementor-element elementor-element-5eedaaa elementor-widget elementor-widget-heading\" data-id=\"5eedaaa\" data-element_type=\"widget\" data-widget_type=\"heading.default\">\n\t\t\t\t<div class=\"elementor-widget-container\">\n\t\t\t\t\t<h2 class=\"elementor-heading-title elementor-size-default\">\ud83d\udcf8 Galerie photo : revivez en images les temps forts de la c\u00e9r\u00e9monie d'ouverture \u00a9CARICOM<\/h2>\t\t\t\t<\/div>\n\t\t\t\t<\/div>\n\t\t\t\t<section class=\"elementor-section elementor-inner-section elementor-element elementor-element-71ec83a elementor-section-boxed elementor-section-height-default elementor-section-height-default\" data-id=\"71ec83a\" data-element_type=\"section\">\n\t\t\t\t\t\t<div class=\"elementor-container elementor-column-gap-default\">\n\t\t\t\t\t<div class=\"elementor-column elementor-col-25 elementor-inner-column elementor-element elementor-element-bb82717\" data-id=\"bb82717\" data-element_type=\"column\">\n\t\t\t<div class=\"elementor-widget-wrap elementor-element-populated\">\n\t\t\t\t\t\t<div class=\"elementor-element elementor-element-f4b6fac elementor-widget elementor-widget-image\" data-id=\"f4b6fac\" data-element_type=\"widget\" data-widget_type=\"image.default\">\n\t\t\t\t<div class=\"elementor-widget-container\">\n\t\t\t\t\t\t\t\t\t\t\t\t\t\t\t<img loading=\"lazy\" decoding=\"async\" width=\"800\" height=\"534\" src=\"https:\/\/richeskarayib.com\/wp-content\/uploads\/2025\/07\/54638567578_8b1fcf5575_o-1024x683.jpg\" class=\"attachment-large size-large wp-image-56516\" alt=\"49e Sommet de la Caricom\" srcset=\"https:\/\/richeskarayib.com\/wp-content\/uploads\/2025\/07\/54638567578_8b1fcf5575_o-1024x683.jpg 1024w, https:\/\/richeskarayib.com\/wp-content\/uploads\/2025\/07\/54638567578_8b1fcf5575_o-300x200.jpg 300w, https:\/\/richeskarayib.com\/wp-content\/uploads\/2025\/07\/54638567578_8b1fcf5575_o-768x512.jpg 768w, https:\/\/richeskarayib.com\/wp-content\/uploads\/2025\/07\/54638567578_8b1fcf5575_o-1536x1024.jpg 1536w, https:\/\/richeskarayib.com\/wp-content\/uploads\/2025\/07\/54638567578_8b1fcf5575_o-1320x880.jpg 1320w, https:\/\/richeskarayib.com\/wp-content\/uploads\/2025\/07\/54638567578_8b1fcf5575_o.jpg 1920w\" sizes=\"(max-width: 800px) 100vw, 800px\" \/>\t\t\t\t\t\t\t\t\t\t\t\t\t\t\t<\/div>\n\t\t\t\t<\/div>\n\t\t\t\t\t<\/div>\n\t\t<\/div>\n\t\t\t\t<div class=\"elementor-column elementor-col-25 elementor-inner-column elementor-element elementor-element-d844bfd\" data-id=\"d844bfd\" data-element_type=\"column\">\n\t\t\t<div class=\"elementor-widget-wrap elementor-element-populated\">\n\t\t\t\t\t\t<div class=\"elementor-element elementor-element-9c3c7f0 elementor-widget elementor-widget-image\" data-id=\"9c3c7f0\" data-element_type=\"widget\" data-widget_type=\"image.default\">\n\t\t\t\t<div class=\"elementor-widget-container\">\n\t\t\t\t\t\t\t\t\t\t\t\t\t\t\t<img loading=\"lazy\" decoding=\"async\" width=\"800\" height=\"534\" src=\"https:\/\/richeskarayib.com\/wp-content\/uploads\/2025\/07\/54638541729_c46691ca2e_o-1024x683.jpg\" class=\"attachment-large size-large wp-image-56508\" alt=\"49e Sommet de la Caricom\" srcset=\"https:\/\/richeskarayib.com\/wp-content\/uploads\/2025\/07\/54638541729_c46691ca2e_o-1024x683.jpg 1024w, https:\/\/richeskarayib.com\/wp-content\/uploads\/2025\/07\/54638541729_c46691ca2e_o-300x200.jpg 300w, https:\/\/richeskarayib.com\/wp-content\/uploads\/2025\/07\/54638541729_c46691ca2e_o-768x512.jpg 768w, https:\/\/richeskarayib.com\/wp-content\/uploads\/2025\/07\/54638541729_c46691ca2e_o-1536x1024.jpg 1536w, https:\/\/richeskarayib.com\/wp-content\/uploads\/2025\/07\/54638541729_c46691ca2e_o-1320x880.jpg 1320w, https:\/\/richeskarayib.com\/wp-content\/uploads\/2025\/07\/54638541729_c46691ca2e_o.jpg 1920w\" sizes=\"(max-width: 800px) 100vw, 800px\" \/>\t\t\t\t\t\t\t\t\t\t\t\t\t\t\t<\/div>\n\t\t\t\t<\/div>\n\t\t\t\t\t<\/div>\n\t\t<\/div>\n\t\t\t\t<div class=\"elementor-column elementor-col-25 elementor-inner-column elementor-element elementor-element-cad9933\" data-id=\"cad9933\" data-element_type=\"column\">\n\t\t\t<div class=\"elementor-widget-wrap elementor-element-populated\">\n\t\t\t\t\t\t<div class=\"elementor-element elementor-element-732b53e elementor-widget elementor-widget-image\" data-id=\"732b53e\" data-element_type=\"widget\" data-widget_type=\"image.default\">\n\t\t\t\t<div class=\"elementor-widget-container\">\n\t\t\t\t\t\t\t\t\t\t\t\t\t\t\t<img loading=\"lazy\" decoding=\"async\" width=\"800\" height=\"534\" src=\"https:\/\/richeskarayib.com\/wp-content\/uploads\/2025\/07\/54638567218_2c78262582_o-1024x683.jpg\" class=\"attachment-large size-large wp-image-56512\" alt=\"49e Sommet de la Caricom\" srcset=\"https:\/\/richeskarayib.com\/wp-content\/uploads\/2025\/07\/54638567218_2c78262582_o-1024x683.jpg 1024w, https:\/\/richeskarayib.com\/wp-content\/uploads\/2025\/07\/54638567218_2c78262582_o-300x200.jpg 300w, https:\/\/richeskarayib.com\/wp-content\/uploads\/2025\/07\/54638567218_2c78262582_o-768x512.jpg 768w, https:\/\/richeskarayib.com\/wp-content\/uploads\/2025\/07\/54638567218_2c78262582_o-1536x1024.jpg 1536w, https:\/\/richeskarayib.com\/wp-content\/uploads\/2025\/07\/54638567218_2c78262582_o-1320x880.jpg 1320w, https:\/\/richeskarayib.com\/wp-content\/uploads\/2025\/07\/54638567218_2c78262582_o.jpg 1920w\" sizes=\"(max-width: 800px) 100vw, 800px\" \/>\t\t\t\t\t\t\t\t\t\t\t\t\t\t\t<\/div>\n\t\t\t\t<\/div>\n\t\t\t\t\t<\/div>\n\t\t<\/div>\n\t\t\t\t<div class=\"elementor-column elementor-col-25 elementor-inner-column elementor-element elementor-element-380989d\" data-id=\"380989d\" data-element_type=\"column\">\n\t\t\t<div class=\"elementor-widget-wrap elementor-element-populated\">\n\t\t\t\t\t\t<div class=\"elementor-element elementor-element-cdddd39 elementor-widget elementor-widget-image\" data-id=\"cdddd39\" data-element_type=\"widget\" data-widget_type=\"image.default\">\n\t\t\t\t<div class=\"elementor-widget-container\">\n\t\t\t\t\t\t\t\t\t\t\t\t\t\t\t<img loading=\"lazy\" decoding=\"async\" width=\"800\" height=\"534\" src=\"https:\/\/richeskarayib.com\/wp-content\/uploads\/2025\/07\/54637464807_462ecb1876_o-1024x683.jpg\" class=\"attachment-large size-large wp-image-56504\" alt=\"49e Sommet de la Caricom\" srcset=\"https:\/\/richeskarayib.com\/wp-content\/uploads\/2025\/07\/54637464807_462ecb1876_o-1024x683.jpg 1024w, https:\/\/richeskarayib.com\/wp-content\/uploads\/2025\/07\/54637464807_462ecb1876_o-300x200.jpg 300w, https:\/\/richeskarayib.com\/wp-content\/uploads\/2025\/07\/54637464807_462ecb1876_o-768x512.jpg 768w, https:\/\/richeskarayib.com\/wp-content\/uploads\/2025\/07\/54637464807_462ecb1876_o-1536x1024.jpg 1536w, https:\/\/richeskarayib.com\/wp-content\/uploads\/2025\/07\/54637464807_462ecb1876_o-1320x880.jpg 1320w, https:\/\/richeskarayib.com\/wp-content\/uploads\/2025\/07\/54637464807_462ecb1876_o.jpg 1920w\" sizes=\"(max-width: 800px) 100vw, 800px\" \/>\t\t\t\t\t\t\t\t\t\t\t\t\t\t\t<\/div>\n\t\t\t\t<\/div>\n\t\t\t\t\t<\/div>\n\t\t<\/div>\n\t\t\t\t\t<\/div>\n\t\t<\/section>\n\t\t\t\t<section class=\"elementor-section elementor-inner-section elementor-element elementor-element-5a6b60c elementor-section-boxed elementor-section-height-default elementor-section-height-default\" data-id=\"5a6b60c\" data-element_type=\"section\">\n\t\t\t\t\t\t<div class=\"elementor-container elementor-column-gap-default\">\n\t\t\t\t\t<div class=\"elementor-column elementor-col-25 elementor-inner-column elementor-element elementor-element-5501446\" data-id=\"5501446\" data-element_type=\"column\">\n\t\t\t<div class=\"elementor-widget-wrap elementor-element-populated\">\n\t\t\t\t\t\t<div class=\"elementor-element elementor-element-9a7de82 elementor-widget elementor-widget-image\" data-id=\"9a7de82\" data-element_type=\"widget\" data-widget_type=\"image.default\">\n\t\t\t\t<div class=\"elementor-widget-container\">\n\t\t\t\t\t\t\t\t\t\t\t\t\t\t\t<img loading=\"lazy\" decoding=\"async\" width=\"800\" height=\"534\" src=\"https:\/\/richeskarayib.com\/wp-content\/uploads\/2025\/07\/54638324306_a41eefea7b_o-1024x683.jpg\" class=\"attachment-large size-large wp-image-56520\" alt=\"49e Sommet de la Caricom\" srcset=\"https:\/\/richeskarayib.com\/wp-content\/uploads\/2025\/07\/54638324306_a41eefea7b_o-1024x683.jpg 1024w, https:\/\/richeskarayib.com\/wp-content\/uploads\/2025\/07\/54638324306_a41eefea7b_o-300x200.jpg 300w, https:\/\/richeskarayib.com\/wp-content\/uploads\/2025\/07\/54638324306_a41eefea7b_o-768x512.jpg 768w, https:\/\/richeskarayib.com\/wp-content\/uploads\/2025\/07\/54638324306_a41eefea7b_o-1536x1024.jpg 1536w, https:\/\/richeskarayib.com\/wp-content\/uploads\/2025\/07\/54638324306_a41eefea7b_o-1320x880.jpg 1320w, https:\/\/richeskarayib.com\/wp-content\/uploads\/2025\/07\/54638324306_a41eefea7b_o.jpg 1920w\" sizes=\"(max-width: 800px) 100vw, 800px\" \/>\t\t\t\t\t\t\t\t\t\t\t\t\t\t\t<\/div>\n\t\t\t\t<\/div>\n\t\t\t\t\t<\/div>\n\t\t<\/div>\n\t\t\t\t<div class=\"elementor-column elementor-col-25 elementor-inner-column elementor-element elementor-element-031d4ea\" data-id=\"031d4ea\" data-element_type=\"column\">\n\t\t\t<div class=\"elementor-widget-wrap elementor-element-populated\">\n\t\t\t\t\t\t<div class=\"elementor-element elementor-element-57ff730 elementor-widget elementor-widget-image\" data-id=\"57ff730\" data-element_type=\"widget\" data-widget_type=\"image.default\">\n\t\t\t\t<div class=\"elementor-widget-container\">\n\t\t\t\t\t\t\t\t\t\t\t\t\t\t\t<img loading=\"lazy\" decoding=\"async\" width=\"800\" height=\"534\" src=\"https:\/\/richeskarayib.com\/wp-content\/uploads\/2025\/07\/54638567743_809a0f0cdb_o-1024x683.jpg\" class=\"attachment-large size-large wp-image-56524\" alt=\"49e Sommet de la Caricom\" srcset=\"https:\/\/richeskarayib.com\/wp-content\/uploads\/2025\/07\/54638567743_809a0f0cdb_o-1024x683.jpg 1024w, https:\/\/richeskarayib.com\/wp-content\/uploads\/2025\/07\/54638567743_809a0f0cdb_o-300x200.jpg 300w, https:\/\/richeskarayib.com\/wp-content\/uploads\/2025\/07\/54638567743_809a0f0cdb_o-768x512.jpg 768w, https:\/\/richeskarayib.com\/wp-content\/uploads\/2025\/07\/54638567743_809a0f0cdb_o-1536x1024.jpg 1536w, https:\/\/richeskarayib.com\/wp-content\/uploads\/2025\/07\/54638567743_809a0f0cdb_o-1320x880.jpg 1320w, https:\/\/richeskarayib.com\/wp-content\/uploads\/2025\/07\/54638567743_809a0f0cdb_o.jpg 1920w\" sizes=\"(max-width: 800px) 100vw, 800px\" \/>\t\t\t\t\t\t\t\t\t\t\t\t\t\t\t<\/div>\n\t\t\t\t<\/div>\n\t\t\t\t\t<\/div>\n\t\t<\/div>\n\t\t\t\t<div class=\"elementor-column elementor-col-25 elementor-inner-column elementor-element elementor-element-4559f83\" data-id=\"4559f83\" data-element_type=\"column\">\n\t\t\t<div class=\"elementor-widget-wrap elementor-element-populated\">\n\t\t\t\t\t\t<div class=\"elementor-element elementor-element-6dd97d8 elementor-widget elementor-widget-image\" data-id=\"6dd97d8\" data-element_type=\"widget\" data-widget_type=\"image.default\">\n\t\t\t\t<div class=\"elementor-widget-container\">\n\t\t\t\t\t\t\t\t\t\t\t\t\t\t\t<img loading=\"lazy\" decoding=\"async\" width=\"800\" height=\"534\" src=\"https:\/\/richeskarayib.com\/wp-content\/uploads\/2025\/07\/54638323706_ec452b8873_o-1024x683.jpg\" class=\"attachment-large size-large wp-image-56528\" alt=\"49e Sommet de la Caricom\" srcset=\"https:\/\/richeskarayib.com\/wp-content\/uploads\/2025\/07\/54638323706_ec452b8873_o-1024x683.jpg 1024w, https:\/\/richeskarayib.com\/wp-content\/uploads\/2025\/07\/54638323706_ec452b8873_o-300x200.jpg 300w, https:\/\/richeskarayib.com\/wp-content\/uploads\/2025\/07\/54638323706_ec452b8873_o-768x512.jpg 768w, https:\/\/richeskarayib.com\/wp-content\/uploads\/2025\/07\/54638323706_ec452b8873_o-1536x1024.jpg 1536w, https:\/\/richeskarayib.com\/wp-content\/uploads\/2025\/07\/54638323706_ec452b8873_o-1320x880.jpg 1320w, https:\/\/richeskarayib.com\/wp-content\/uploads\/2025\/07\/54638323706_ec452b8873_o.jpg 1920w\" sizes=\"(max-width: 800px) 100vw, 800px\" \/>\t\t\t\t\t\t\t\t\t\t\t\t\t\t\t<\/div>\n\t\t\t\t<\/div>\n\t\t\t\t\t<\/div>\n\t\t<\/div>\n\t\t\t\t<div class=\"elementor-column elementor-col-25 elementor-inner-column elementor-element elementor-element-2d1df78\" data-id=\"2d1df78\" data-element_type=\"column\">\n\t\t\t<div class=\"elementor-widget-wrap elementor-element-populated\">\n\t\t\t\t\t\t<div class=\"elementor-element elementor-element-02f9189 elementor-widget elementor-widget-image\" data-id=\"02f9189\" data-element_type=\"widget\" data-widget_type=\"image.default\">\n\t\t\t\t<div class=\"elementor-widget-container\">\n\t\t\t\t\t\t\t\t\t\t\t\t\t\t\t<img loading=\"lazy\" decoding=\"async\" width=\"800\" height=\"534\" src=\"https:\/\/richeskarayib.com\/wp-content\/uploads\/2025\/07\/54638635410_38c8915bfd_o-1024x683.jpg\" class=\"attachment-large size-large wp-image-56532\" alt=\"49e Sommet de la Caricom\" srcset=\"https:\/\/richeskarayib.com\/wp-content\/uploads\/2025\/07\/54638635410_38c8915bfd_o-1024x683.jpg 1024w, https:\/\/richeskarayib.com\/wp-content\/uploads\/2025\/07\/54638635410_38c8915bfd_o-300x200.jpg 300w, https:\/\/richeskarayib.com\/wp-content\/uploads\/2025\/07\/54638635410_38c8915bfd_o-768x512.jpg 768w, https:\/\/richeskarayib.com\/wp-content\/uploads\/2025\/07\/54638635410_38c8915bfd_o-1536x1024.jpg 1536w, https:\/\/richeskarayib.com\/wp-content\/uploads\/2025\/07\/54638635410_38c8915bfd_o-1320x880.jpg 1320w, https:\/\/richeskarayib.com\/wp-content\/uploads\/2025\/07\/54638635410_38c8915bfd_o.jpg 1920w\" sizes=\"(max-width: 800px) 100vw, 800px\" \/>\t\t\t\t\t\t\t\t\t\t\t\t\t\t\t<\/div>\n\t\t\t\t<\/div>\n\t\t\t\t\t<\/div>\n\t\t<\/div>\n\t\t\t\t\t<\/div>\n\t\t<\/section>\n\t\t\t\t<section class=\"elementor-section elementor-inner-section elementor-element elementor-element-1d247b7 elementor-section-boxed elementor-section-height-default elementor-section-height-default\" data-id=\"1d247b7\" data-element_type=\"section\">\n\t\t\t\t\t\t<div class=\"elementor-container elementor-column-gap-default\">\n\t\t\t\t\t<div class=\"elementor-column elementor-col-33 elementor-inner-column elementor-element elementor-element-58401ba\" data-id=\"58401ba\" data-element_type=\"column\">\n\t\t\t<div class=\"elementor-widget-wrap elementor-element-populated\">\n\t\t\t\t\t\t<div class=\"elementor-element elementor-element-6e17d4c elementor-widget elementor-widget-image\" data-id=\"6e17d4c\" data-element_type=\"widget\" data-widget_type=\"image.default\">\n\t\t\t\t<div class=\"elementor-widget-container\">\n\t\t\t\t\t\t\t\t\t\t\t\t\t\t\t<img loading=\"lazy\" decoding=\"async\" width=\"800\" height=\"534\" src=\"https:\/\/richeskarayib.com\/wp-content\/uploads\/2025\/07\/54638541679_1b57b00f17_o-1024x683.jpg\" class=\"attachment-large size-large wp-image-56536\" alt=\"49e Sommet de la Caricom\" srcset=\"https:\/\/richeskarayib.com\/wp-content\/uploads\/2025\/07\/54638541679_1b57b00f17_o-1024x683.jpg 1024w, https:\/\/richeskarayib.com\/wp-content\/uploads\/2025\/07\/54638541679_1b57b00f17_o-300x200.jpg 300w, https:\/\/richeskarayib.com\/wp-content\/uploads\/2025\/07\/54638541679_1b57b00f17_o-768x512.jpg 768w, https:\/\/richeskarayib.com\/wp-content\/uploads\/2025\/07\/54638541679_1b57b00f17_o-1536x1024.jpg 1536w, https:\/\/richeskarayib.com\/wp-content\/uploads\/2025\/07\/54638541679_1b57b00f17_o-1320x880.jpg 1320w, https:\/\/richeskarayib.com\/wp-content\/uploads\/2025\/07\/54638541679_1b57b00f17_o.jpg 1920w\" sizes=\"(max-width: 800px) 100vw, 800px\" \/>\t\t\t\t\t\t\t\t\t\t\t\t\t\t\t<\/div>\n\t\t\t\t<\/div>\n\t\t\t\t\t<\/div>\n\t\t<\/div>\n\t\t\t\t<div class=\"elementor-column elementor-col-33 elementor-inner-column elementor-element elementor-element-3c8a0c1\" data-id=\"3c8a0c1\" data-element_type=\"column\">\n\t\t\t<div class=\"elementor-widget-wrap elementor-element-populated\">\n\t\t\t\t\t\t<div class=\"elementor-element elementor-element-ab1cb45 elementor-widget elementor-widget-image\" data-id=\"ab1cb45\" data-element_type=\"widget\" data-widget_type=\"image.default\">\n\t\t\t\t<div class=\"elementor-widget-container\">\n\t\t\t\t\t\t\t\t\t\t\t\t\t\t\t<img loading=\"lazy\" decoding=\"async\" width=\"800\" height=\"534\" src=\"https:\/\/richeskarayib.com\/wp-content\/uploads\/2025\/07\/54638634655_1e5b8e4b27_o-1024x683.jpg\" class=\"attachment-large size-large wp-image-56548\" alt=\"49e Sommet de la Caricom\" srcset=\"https:\/\/richeskarayib.com\/wp-content\/uploads\/2025\/07\/54638634655_1e5b8e4b27_o-1024x683.jpg 1024w, https:\/\/richeskarayib.com\/wp-content\/uploads\/2025\/07\/54638634655_1e5b8e4b27_o-300x200.jpg 300w, https:\/\/richeskarayib.com\/wp-content\/uploads\/2025\/07\/54638634655_1e5b8e4b27_o-768x512.jpg 768w, https:\/\/richeskarayib.com\/wp-content\/uploads\/2025\/07\/54638634655_1e5b8e4b27_o-1536x1024.jpg 1536w, https:\/\/richeskarayib.com\/wp-content\/uploads\/2025\/07\/54638634655_1e5b8e4b27_o-1320x880.jpg 1320w, https:\/\/richeskarayib.com\/wp-content\/uploads\/2025\/07\/54638634655_1e5b8e4b27_o.jpg 1920w\" sizes=\"(max-width: 800px) 100vw, 800px\" \/>\t\t\t\t\t\t\t\t\t\t\t\t\t\t\t<\/div>\n\t\t\t\t<\/div>\n\t\t\t\t\t<\/div>\n\t\t<\/div>\n\t\t\t\t<div class=\"elementor-column elementor-col-33 elementor-inner-column elementor-element elementor-element-91da965\" data-id=\"91da965\" data-element_type=\"column\">\n\t\t\t<div class=\"elementor-widget-wrap elementor-element-populated\">\n\t\t\t\t\t\t<div class=\"elementor-element elementor-element-e88e97f elementor-widget elementor-widget-image\" data-id=\"e88e97f\" data-element_type=\"widget\" data-widget_type=\"image.default\">\n\t\t\t\t<div class=\"elementor-widget-container\">\n\t\t\t\t\t\t\t\t\t\t\t\t\t\t\t<img loading=\"lazy\" decoding=\"async\" width=\"800\" height=\"627\" src=\"https:\/\/richeskarayib.com\/wp-content\/uploads\/2025\/07\/54637465272_9b5757c524_o-1024x803.jpg\" class=\"attachment-large size-large wp-image-56540\" alt=\"49e Sommet de la Caricom\" srcset=\"https:\/\/richeskarayib.com\/wp-content\/uploads\/2025\/07\/54637465272_9b5757c524_o-1024x803.jpg 1024w, https:\/\/richeskarayib.com\/wp-content\/uploads\/2025\/07\/54637465272_9b5757c524_o-300x235.jpg 300w, https:\/\/richeskarayib.com\/wp-content\/uploads\/2025\/07\/54637465272_9b5757c524_o-768x602.jpg 768w, https:\/\/richeskarayib.com\/wp-content\/uploads\/2025\/07\/54637465272_9b5757c524_o-1536x1204.jpg 1536w, https:\/\/richeskarayib.com\/wp-content\/uploads\/2025\/07\/54637465272_9b5757c524_o-1320x1035.jpg 1320w, https:\/\/richeskarayib.com\/wp-content\/uploads\/2025\/07\/54637465272_9b5757c524_o.jpg 1920w\" sizes=\"(max-width: 800px) 100vw, 800px\" \/>\t\t\t\t\t\t\t\t\t\t\t\t\t\t\t<\/div>\n\t\t\t\t<\/div>\n\t\t\t\t\t<\/div>\n\t\t<\/div>\n\t\t\t\t\t<\/div>\n\t\t<\/section>\n\t\t\t\t\t<\/div>\n\t\t<\/div>\n\t\t\t\t\t<\/div>\n\t\t<\/section>\n\t\t\t\t<\/div>\n\t\t","protected":false},"excerpt":{"rendered":"<p>Du 6 juillet au 08 juillet 2025, Montego Bay vibre au rythme du 49e Sommet de la CARICOM, o\u00f9 les chefs d\u2019\u00c9tat et de gouvernement des pays membres se retrouvent pour discuter des d\u00e9fis majeurs qui traversent la r\u00e9gion. Cette \u00e9dition, pr\u00e9sid\u00e9e par Andrew Holness, Premier ministre de la Jama\u00efque, se d\u00e9roule dans une atmosph\u00e8re [&hellip;]<\/p>\n","protected":false},"author":662,"featured_media":56468,"comment_status":"open","ping_status":"open","sticky":false,"template":"","format":"standard","meta":{"_acf_changed":false,"footnotes":""},"categories":[840,1785],"tags":[1441,1801,1574,1569,1768,1716,1643,1653,814,1693,808,1697,1680,1744,1675,1635],"class_list":["post-56467","post","type-post","status-publish","format-standard","has-post-thumbnail","hentry","category-actus","category-cooperation","tag-anguilla-fr","tag-antigua-and-barbuda-fr","tag-bahamas-fr","tag-belize-fr","tag-british-virgin-islands-2","tag-dominique-fr-2","tag-grenade","tag-guyana-2","tag-haiti-fr","tag-jamaique-2","tag-martinique-fr","tag-montserrat","tag-saint-kitts-et-nevis","tag-saint-vincent-et-les-grenadines","tag-sainte-lucie-2","tag-suriname-2"],"acf":[],"_links":{"self":[{"href":"https:\/\/richeskarayib.com\/fr\/wp-json\/wp\/v2\/posts\/56467","targetHints":{"allow":["GET"]}}],"collection":[{"href":"https:\/\/richeskarayib.com\/fr\/wp-json\/wp\/v2\/posts"}],"about":[{"href":"https:\/\/richeskarayib.com\/fr\/wp-json\/wp\/v2\/types\/post"}],"author":[{"embeddable":true,"href":"https:\/\/richeskarayib.com\/fr\/wp-json\/wp\/v2\/users\/662"}],"replies":[{"embeddable":true,"href":"https:\/\/richeskarayib.com\/fr\/wp-json\/wp\/v2\/comments?post=56467"}],"version-history":[{"count":0,"href":"https:\/\/richeskarayib.com\/fr\/wp-json\/wp\/v2\/posts\/56467\/revisions"}],"wp:featuredmedia":[{"embeddable":true,"href":"https:\/\/richeskarayib.com\/fr\/wp-json\/wp\/v2\/media\/56468"}],"wp:attachment":[{"href":"https:\/\/richeskarayib.com\/fr\/wp-json\/wp\/v2\/media?parent=56467"}],"wp:term":[{"taxonomy":"category","embeddable":true,"href":"https:\/\/richeskarayib.com\/fr\/wp-json\/wp\/v2\/categories?post=56467"},{"taxonomy":"post_tag","embeddable":true,"href":"https:\/\/richeskarayib.com\/fr\/wp-json\/wp\/v2\/tags?post=56467"}],"curies":[{"name":"wp","href":"https:\/\/api.w.org\/{rel}","templated":true}]}}