{"id":56738,"date":"2025-07-10T06:34:22","date_gmt":"2025-07-10T10:34:22","guid":{"rendered":"https:\/\/richeskarayib.com\/?p=56738"},"modified":"2025-07-10T06:42:56","modified_gmt":"2025-07-10T10:42:56","slug":"jamaique-afreximbank-alliance-afrique-caraibe","status":"publish","type":"post","link":"https:\/\/richeskarayib.com\/fr\/jamaique-afreximbank-alliance-afrique-caraibe\/","title":{"rendered":"Jama\u00efque\u2013Afreximbank : une alliance strat\u00e9gique pour transformer les relations Afrique\u2013Cara\u00efbe"},"content":{"rendered":"\t\t<div data-elementor-type=\"wp-post\" data-elementor-id=\"56738\" class=\"elementor elementor-56738\" data-elementor-post-type=\"post\">\n\t\t\t\t\t\t<section class=\"elementor-section elementor-top-section elementor-element elementor-element-3756bbb elementor-section-boxed elementor-section-height-default elementor-section-height-default\" data-id=\"3756bbb\" data-element_type=\"section\">\n\t\t\t\t\t\t<div class=\"elementor-container elementor-column-gap-default\">\n\t\t\t\t\t<div class=\"elementor-column elementor-col-100 elementor-top-column elementor-element elementor-element-df79712\" data-id=\"df79712\" data-element_type=\"column\">\n\t\t\t<div class=\"elementor-widget-wrap elementor-element-populated\">\n\t\t\t\t\t\t<section class=\"elementor-section elementor-inner-section elementor-element elementor-element-756e7fb elementor-section-boxed elementor-section-height-default elementor-section-height-default\" data-id=\"756e7fb\" data-element_type=\"section\">\n\t\t\t\t\t\t<div class=\"elementor-container elementor-column-gap-default\">\n\t\t\t\t\t<div class=\"elementor-column elementor-col-100 elementor-inner-column elementor-element elementor-element-dd1326d\" data-id=\"dd1326d\" data-element_type=\"column\">\n\t\t\t<div class=\"elementor-widget-wrap elementor-element-populated\">\n\t\t\t\t\t\t<div class=\"elementor-element elementor-element-81e63b5 elementor-widget elementor-widget-text-editor\" data-id=\"81e63b5\" data-element_type=\"widget\" data-widget_type=\"text-editor.default\">\n\t\t\t\t<div class=\"elementor-widget-container\">\n\t\t\t\t\t\t\t\t\t<p>La <a href=\"https:\/\/richeskarayib.com\/fr\/mobay-jerk-and-food-festival-capitale-saveurs\/\" target=\"_blank\" rel=\"noopener\">Jama\u00efque<\/a> a officiellement int\u00e9gr\u00e9 <a href=\"https:\/\/villagevoicenews.com\/2025\/07\/09\/jamaica-becomes-13th-caricom-nation-to-join-afreximbanks-us3-billion-regional-initiative\/\" target=\"_blank\" rel=\"noopener nofollow\">Afreximbank<\/a>, un \u00e9v\u00e9nement qualifi\u00e9 d\u2019historique \u00e0 Montego Bay lors de la 49e r\u00e9union des chefs de gouvernement de la <a href=\"https:\/\/richeskarayib.com\/fr\/49e-sommet-de-la-caricom-a-montego-bay\/\" target=\"_blank\" rel=\"noopener\">CARICOM<\/a>. Ce rapprochement entre la premi\u00e8re puissance anglophone des Cara\u00efbes et la plus grande banque panafricaine d\u2019exportation ouvre la voie \u00e0 une nouvelle architecture \u00e9conomique r\u00e9gionale. C\u2019est aussi le signal d\u2019une ambition commune\u202f: b\u00e2tir des relations Sud-Sud concr\u00e8tes, structurantes et durables.<\/p>\t\t\t\t\t\t\t\t<\/div>\n\t\t\t\t<\/div>\n\t\t\t\t\t<\/div>\n\t\t<\/div>\n\t\t\t\t\t<\/div>\n\t\t<\/section>\n\t\t\t\t\t<\/div>\n\t\t<\/div>\n\t\t\t\t\t<\/div>\n\t\t<\/section>\n\t\t\t\t<section class=\"elementor-section elementor-top-section elementor-element elementor-element-63274e9 elementor-section-boxed elementor-section-height-default elementor-section-height-default\" data-id=\"63274e9\" data-element_type=\"section\">\n\t\t\t\t\t\t<div class=\"elementor-container elementor-column-gap-default\">\n\t\t\t\t\t<div class=\"elementor-column elementor-col-100 elementor-top-column elementor-element elementor-element-50500d6\" data-id=\"50500d6\" data-element_type=\"column\">\n\t\t\t<div class=\"elementor-widget-wrap elementor-element-populated\">\n\t\t\t\t\t\t<div class=\"elementor-element elementor-element-02d81f4 elementor-widget elementor-widget-heading\" data-id=\"02d81f4\" data-element_type=\"widget\" data-widget_type=\"heading.default\">\n\t\t\t\t<div class=\"elementor-widget-container\">\n\t\t\t\t\t<h2 class=\"elementor-heading-title elementor-size-default\">Afreximbank : moteur financier de l\u2019int\u00e9gration africaine et carib\u00e9enne<\/h2>\t\t\t\t<\/div>\n\t\t\t\t<\/div>\n\t\t\t\t<section class=\"elementor-section elementor-inner-section elementor-element elementor-element-f7b7508 elementor-section-boxed elementor-section-height-default elementor-section-height-default\" data-id=\"f7b7508\" data-element_type=\"section\">\n\t\t\t\t\t\t<div class=\"elementor-container elementor-column-gap-default\">\n\t\t\t\t\t<div class=\"elementor-column elementor-col-100 elementor-inner-column elementor-element elementor-element-606693d\" data-id=\"606693d\" data-element_type=\"column\">\n\t\t\t<div class=\"elementor-widget-wrap elementor-element-populated\">\n\t\t\t\t\t\t<div class=\"elementor-element elementor-element-a485770 elementor-widget elementor-widget-text-editor\" data-id=\"a485770\" data-element_type=\"widget\" data-widget_type=\"text-editor.default\">\n\t\t\t\t<div class=\"elementor-widget-container\">\n\t\t\t\t\t\t\t\t\t<h3><b>Une institution au service du commerce interafricain\u2026 et d\u00e9sormais carib\u00e9en<\/b><\/h3>\n<p>Fond\u00e9e en 1993, l\u2019<a href=\"https:\/\/www.afreximbank.com\/fr\/\" target=\"_blank\" rel=\"noopener nofollow\">Afreximbank<\/a> (African Export-Import Bank) est une institution financi\u00e8re multilat\u00e9rale panafricaine bas\u00e9e au Caire, en \u00c9gypte. Son objectif premier est de promouvoir, d\u00e9velopper et financer les \u00e9changes commerciaux entre les pays africains, mais \u00e9galement entre l\u2019Afrique et d&#8217;autres r\u00e9gions du Sud. Elle fournit des lignes de cr\u00e9dit, des garanties, du financement structur\u00e9 et de l\u2019assistance technique.<\/p>\n<p>Dot\u00e9e d\u2019un actif de plus de 40 milliards de dollars US en 2024, l\u2019institution a \u00e9largi depuis 2022 ses activit\u00e9s \u00e0 la Cara\u00efbe \u00e0 travers le programme Global Africa. Ce programme vise \u00e0 reconnecter les \u00e9conomies africaines et carib\u00e9ennes, historiquement li\u00e9es mais institutionnellement fragment\u00e9es.<\/p>\t\t\t\t\t\t\t\t<\/div>\n\t\t\t\t<\/div>\n\t\t\t\t\t<\/div>\n\t\t<\/div>\n\t\t\t\t\t<\/div>\n\t\t<\/section>\n\t\t\t\t<section class=\"elementor-section elementor-inner-section elementor-element elementor-element-9db0422 elementor-section-boxed elementor-section-height-default elementor-section-height-default\" data-id=\"9db0422\" data-element_type=\"section\">\n\t\t\t\t\t\t<div class=\"elementor-container elementor-column-gap-default\">\n\t\t\t\t\t\t<\/div>\n\t\t<\/section>\n\t\t\t\t\t<\/div>\n\t\t<\/div>\n\t\t\t\t\t<\/div>\n\t\t<\/section>\n\t\t\t\t<section class=\"elementor-section elementor-top-section elementor-element elementor-element-7ca7ca1 elementor-section-boxed elementor-section-height-default elementor-section-height-default\" data-id=\"7ca7ca1\" data-element_type=\"section\">\n\t\t\t\t\t\t<div class=\"elementor-container elementor-column-gap-default\">\n\t\t\t\t\t<div class=\"elementor-column elementor-col-100 elementor-top-column elementor-element elementor-element-cbdd002\" data-id=\"cbdd002\" data-element_type=\"column\">\n\t\t\t<div class=\"elementor-widget-wrap elementor-element-populated\">\n\t\t\t\t\t\t<div class=\"elementor-element elementor-element-da17f8d elementor-widget elementor-widget-heading\" data-id=\"da17f8d\" data-element_type=\"widget\" data-widget_type=\"heading.default\">\n\t\t\t\t<div class=\"elementor-widget-container\">\n\t\t\t\t\t<h2 class=\"elementor-heading-title elementor-size-default\">Une adh\u00e9sion politique et \u00e9conomique d\u2019envergure<\/h2>\t\t\t\t<\/div>\n\t\t\t\t<\/div>\n\t\t\t\t<section class=\"elementor-section elementor-inner-section elementor-element elementor-element-bc94849 elementor-section-boxed elementor-section-height-default elementor-section-height-default\" data-id=\"bc94849\" data-element_type=\"section\">\n\t\t\t\t\t\t<div class=\"elementor-container elementor-column-gap-default\">\n\t\t\t\t\t\t<\/div>\n\t\t<\/section>\n\t\t\t\t<div class=\"elementor-element elementor-element-209c746 elementor-widget elementor-widget-text-editor\" data-id=\"209c746\" data-element_type=\"widget\" data-widget_type=\"text-editor.default\">\n\t\t\t\t<div class=\"elementor-widget-container\">\n\t\t\t\t\t\t\t\t\t<h3><b>Un signal fort depuis Montego Bay<\/b><\/h3>\n<p>La signature du protocole d\u2019entente a r\u00e9uni des figures majeures : le Premier ministre jama\u00efcain Andrew Holness, la ministre des Affaires \u00e9trang\u00e8res Kamina Johnson Smith, et le pr\u00e9sident d\u2019Afreximbank, le professeur Benedict Oramah. Elle s\u2019est tenue le 8 juillet 2025 \u00e0 l\u2019h\u00f4tel Half Moon, en marge du sommet de la CARICOM.<\/p>\n<p>La Jama\u00efque devient ainsi le 13e \u00c9tat membre de la CARICOM \u00e0 formaliser cette adh\u00e9sion, confirmant une volont\u00e9 r\u00e9gionale de mutualiser les ressources financi\u00e8res et les capacit\u00e9s de n\u00e9gociation internationales.<\/p>\t\t\t\t\t\t\t\t<\/div>\n\t\t\t\t<\/div>\n\t\t\t\t<section class=\"elementor-section elementor-inner-section elementor-element elementor-element-743d9e1 elementor-section-boxed elementor-section-height-default elementor-section-height-default\" data-id=\"743d9e1\" data-element_type=\"section\">\n\t\t\t\t\t\t<div class=\"elementor-container elementor-column-gap-default\">\n\t\t\t\t\t<div class=\"elementor-column elementor-col-100 elementor-inner-column elementor-element elementor-element-02c73cd\" data-id=\"02c73cd\" data-element_type=\"column\">\n\t\t\t<div class=\"elementor-widget-wrap elementor-element-populated\">\n\t\t\t\t\t\t<div class=\"elementor-element elementor-element-7428b8d elementor-widget elementor-widget-image\" data-id=\"7428b8d\" data-element_type=\"widget\" data-widget_type=\"image.default\">\n\t\t\t\t<div class=\"elementor-widget-container\">\n\t\t\t\t\t\t\t\t\t\t\t\t<figure class=\"wp-caption\">\n\t\t\t\t\t\t\t\t\t\t<img fetchpriority=\"high\" decoding=\"async\" width=\"800\" height=\"565\" src=\"https:\/\/richeskarayib.com\/wp-content\/uploads\/2025\/07\/Afreximbank-1024x723.jpg\" class=\"attachment-large size-large wp-image-56743\" alt=\"Afreximbank\" srcset=\"https:\/\/richeskarayib.com\/wp-content\/uploads\/2025\/07\/Afreximbank-1024x723.jpg 1024w, https:\/\/richeskarayib.com\/wp-content\/uploads\/2025\/07\/Afreximbank-300x212.jpg 300w, https:\/\/richeskarayib.com\/wp-content\/uploads\/2025\/07\/Afreximbank-768x542.jpg 768w, https:\/\/richeskarayib.com\/wp-content\/uploads\/2025\/07\/Afreximbank-1536x1085.jpg 1536w, https:\/\/richeskarayib.com\/wp-content\/uploads\/2025\/07\/Afreximbank-1320x932.jpg 1320w, https:\/\/richeskarayib.com\/wp-content\/uploads\/2025\/07\/Afreximbank.jpg 1920w\" sizes=\"(max-width: 800px) 100vw, 800px\" \/>\t\t\t\t\t\t\t\t\t\t\t<figcaption class=\"widget-image-caption wp-caption-text\">\u00a9Afreximbank<\/figcaption>\n\t\t\t\t\t\t\t\t\t\t<\/figure>\n\t\t\t\t\t\t\t\t\t<\/div>\n\t\t\t\t<\/div>\n\t\t\t\t\t<\/div>\n\t\t<\/div>\n\t\t\t\t\t<\/div>\n\t\t<\/section>\n\t\t\t\t<section class=\"elementor-section elementor-inner-section elementor-element elementor-element-61571e6 elementor-section-boxed elementor-section-height-default elementor-section-height-default\" data-id=\"61571e6\" data-element_type=\"section\">\n\t\t\t\t\t\t<div class=\"elementor-container elementor-column-gap-default\">\n\t\t\t\t\t\t<\/div>\n\t\t<\/section>\n\t\t\t\t<section class=\"elementor-section elementor-inner-section elementor-element elementor-element-b6262e0 elementor-section-boxed elementor-section-height-default elementor-section-height-default\" data-id=\"b6262e0\" data-element_type=\"section\">\n\t\t\t\t\t\t<div class=\"elementor-container elementor-column-gap-default\">\n\t\t\t\t\t\t<\/div>\n\t\t<\/section>\n\t\t\t\t<section class=\"elementor-section elementor-inner-section elementor-element elementor-element-cca29fd elementor-section-boxed elementor-section-height-default elementor-section-height-default\" data-id=\"cca29fd\" data-element_type=\"section\">\n\t\t\t\t\t\t<div class=\"elementor-container elementor-column-gap-default\">\n\t\t\t\t\t\t<\/div>\n\t\t<\/section>\n\t\t\t\t\t<\/div>\n\t\t<\/div>\n\t\t\t\t\t<\/div>\n\t\t<\/section>\n\t\t\t\t<section class=\"elementor-section elementor-top-section elementor-element elementor-element-0db9090 elementor-section-boxed elementor-section-height-default elementor-section-height-default\" data-id=\"0db9090\" data-element_type=\"section\">\n\t\t\t\t\t\t<div class=\"elementor-container elementor-column-gap-default\">\n\t\t\t\t\t<div class=\"elementor-column elementor-col-100 elementor-top-column elementor-element elementor-element-2296183\" data-id=\"2296183\" data-element_type=\"column\">\n\t\t\t<div class=\"elementor-widget-wrap elementor-element-populated\">\n\t\t\t\t\t\t<div class=\"elementor-element elementor-element-9576154 elementor-widget elementor-widget-heading\" data-id=\"9576154\" data-element_type=\"widget\" data-widget_type=\"heading.default\">\n\t\t\t\t<div class=\"elementor-widget-container\">\n\t\t\t\t\t<h2 class=\"elementor-heading-title elementor-size-default\">Une impulsion de 1,5 milliard de dollars pour la Jama\u00efque<\/h2>\t\t\t\t<\/div>\n\t\t\t\t<\/div>\n\t\t\t\t<div class=\"elementor-element elementor-element-500981c elementor-widget elementor-widget-text-editor\" data-id=\"500981c\" data-element_type=\"widget\" data-widget_type=\"text-editor.default\">\n\t\t\t\t<div class=\"elementor-widget-container\">\n\t\t\t\t\t\t\t\t\t<h3><b>Un soutien massif dans le cadre d\u2019un plan r\u00e9gional de 3 milliards<\/b><\/h3><p>Gr\u00e2ce \u00e0 cette int\u00e9gration, la Jama\u00efque b\u00e9n\u00e9ficie d\u00e9sormais de 1,5 milliard de dollars US en financement d\u00e9di\u00e9, dans le cadre d\u2019un programme global de 3 milliards destin\u00e9 \u00e0 l\u2019ensemble des pays de la CARICOM. Ce financement vise \u00e0 soutenir :<\/p><ul><li aria-level=\"1\">\u2705 les projets d\u2019infrastructure (ports, \u00e9nergie, t\u00e9l\u00e9communications),<\/li><li aria-level=\"1\">\u2705 le d\u00e9veloppement des PME et du secteur productif,<\/li><li aria-level=\"1\">\u2705 la diversification industrielle,<\/li><li aria-level=\"1\">\u2705 les projets verts et num\u00e9riques.<\/li><\/ul><p>Le Premier ministre Holness a salu\u00e9 cette enveloppe comme une opportunit\u00e9 de transformation structurelle, notamment dans les domaines de l\u2019agriculture, du tourisme, de la logistique et de l\u2019innovation.<\/p>\t\t\t\t\t\t\t\t<\/div>\n\t\t\t\t<\/div>\n\t\t\t\t\t<\/div>\n\t\t<\/div>\n\t\t\t\t\t<\/div>\n\t\t<\/section>\n\t\t\t\t<section class=\"elementor-section elementor-top-section elementor-element elementor-element-7b2ef92 elementor-section-boxed elementor-section-height-default elementor-section-height-default\" data-id=\"7b2ef92\" data-element_type=\"section\">\n\t\t\t\t\t\t<div class=\"elementor-container elementor-column-gap-default\">\n\t\t\t\t\t<div class=\"elementor-column elementor-col-100 elementor-top-column elementor-element elementor-element-e8712b4\" data-id=\"e8712b4\" data-element_type=\"column\">\n\t\t\t<div class=\"elementor-widget-wrap elementor-element-populated\">\n\t\t\t\t\t\t<div class=\"elementor-element elementor-element-37e0414 elementor-widget elementor-widget-heading\" data-id=\"37e0414\" data-element_type=\"widget\" data-widget_type=\"heading.default\">\n\t\t\t\t<div class=\"elementor-widget-container\">\n\t\t\t\t\t<h2 class=\"elementor-heading-title elementor-size-default\">Connectivit\u00e9 et infrastructures : de nouveaux horizons pour le commerce<\/h2>\t\t\t\t<\/div>\n\t\t\t\t<\/div>\n\t\t\t\t<div class=\"elementor-element elementor-element-fa5cc24 elementor-widget elementor-widget-text-editor\" data-id=\"fa5cc24\" data-element_type=\"widget\" data-widget_type=\"text-editor.default\">\n\t\t\t\t<div class=\"elementor-widget-container\">\n\t\t\t\t\t\t\t\t\t<h3><b>Une plateforme commune avec l\u2019Afrique<\/b><\/h3>\n<p>L\u2019adh\u00e9sion jama\u00efcaine donne acc\u00e8s \u00e0 un ensemble d\u2019instruments structurants, dont le Centre africain du commerce en cours d\u2019installation \u00e0 la Barbade. Ce centre servira de hub logistique et diplomatique entre l\u2019Afrique et la Cara\u00efbe, en facilitant les \u00e9changes commerciaux, l\u2019organisation d\u2019\u00e9v\u00e9nements \u00e9conomiques, et la circulation des talents.<\/p>\t\t\t\t\t\t\t\t<\/div>\n\t\t\t\t<\/div>\n\t\t\t\t<div class=\"elementor-element elementor-element-b958baa elementor-widget elementor-widget-text-editor\" data-id=\"b958baa\" data-element_type=\"widget\" data-widget_type=\"text-editor.default\">\n\t\t\t\t<div class=\"elementor-widget-container\">\n\t\t\t\t\t\t\t\t\t<h3><b>Un syst\u00e8me panafricain de paiements unifi\u00e9s<\/b><\/h3>\n<p>La Jama\u00efque pourra \u00e9galement rejoindre le PAPSS (Pan-African Payment and Settlement System), mis en place par Afreximbank pour r\u00e9aliser des transactions en monnaies locales entre partenaires africains et carib\u00e9ens. Ce syst\u00e8me permet de contourner les devises interm\u00e9diaires, de r\u00e9duire les co\u00fbts bancaires et de fluidifier les relations commerciales intra-Sud.<\/p>\t\t\t\t\t\t\t\t<\/div>\n\t\t\t\t<\/div>\n\t\t\t\t\t<\/div>\n\t\t<\/div>\n\t\t\t\t\t<\/div>\n\t\t<\/section>\n\t\t\t\t<section class=\"elementor-section elementor-top-section elementor-element elementor-element-e011a0f elementor-section-boxed elementor-section-height-default elementor-section-height-default\" data-id=\"e011a0f\" data-element_type=\"section\">\n\t\t\t\t\t\t<div class=\"elementor-container elementor-column-gap-default\">\n\t\t\t\t\t<div class=\"elementor-column elementor-col-100 elementor-top-column elementor-element elementor-element-91c6ea5\" data-id=\"91c6ea5\" data-element_type=\"column\">\n\t\t\t<div class=\"elementor-widget-wrap elementor-element-populated\">\n\t\t\t\t\t\t<div class=\"elementor-element elementor-element-3193622 elementor-widget elementor-widget-heading\" data-id=\"3193622\" data-element_type=\"widget\" data-widget_type=\"heading.default\">\n\t\t\t\t<div class=\"elementor-widget-container\">\n\t\t\t\t\t<h2 class=\"elementor-heading-title elementor-size-default\">Une strat\u00e9gie d\u2019innovation pens\u00e9e pour la jeunesse<\/h2>\t\t\t\t<\/div>\n\t\t\t\t<\/div>\n\t\t\t\t<div class=\"elementor-element elementor-element-d6b77ee elementor-widget elementor-widget-text-editor\" data-id=\"d6b77ee\" data-element_type=\"widget\" data-widget_type=\"text-editor.default\">\n\t\t\t\t<div class=\"elementor-widget-container\">\n\t\t\t\t\t\t\t\t\t<h3><b>L\u2019intelligence artificielle comme levier commun<\/b><\/h3>\n<p>\u00c0 l\u2019initiative du Forum Afrique\u2013Cara\u00efbes (ACTIF) et de l\u2019Universit\u00e9 des Indes occidentales (UWI), des p\u00f4les communs de formation \u00e0 l\u2019intelligence artificielle sont en cours de d\u00e9veloppement. Port\u00e9 notamment par l\u2019ancien Premier ministre P.J. Patterson, ce programme vise \u00e0 former une nouvelle g\u00e9n\u00e9ration de chercheurs, d\u00e9veloppeurs et entrepreneurs.<\/p>\n<p>L\u2019objectif : positionner les pays du Sud comme producteurs de technologies, et non seulement comme consommateurs.<\/p>\t\t\t\t\t\t\t\t<\/div>\n\t\t\t\t<\/div>\n\t\t\t\t<div class=\"elementor-element elementor-element-2cac2a6 elementor-widget elementor-widget-text-editor\" data-id=\"2cac2a6\" data-element_type=\"widget\" data-widget_type=\"text-editor.default\">\n\t\t\t\t<div class=\"elementor-widget-container\">\n\t\t\t\t\t\t\t\t\t<h3><b>Des programmes cibl\u00e9s pour les jeunes entrepreneurs<\/b><\/h3>\n<p>L\u2019accord entre la Jama\u00efque et Afreximbank pr\u00e9voit aussi la mise en place de centres technologiques accompagnant les jeunes porteurs de projets. Des financements allant jusqu\u2019\u00e0 250 000 dollars US seront accessibles aux start-ups locales, dans le cadre de concours, de bourses d\u2019innovation ou de programmes d\u2019acc\u00e9l\u00e9ration g\u00e9r\u00e9s en partenariat avec les universit\u00e9s et incubateurs carib\u00e9ens.<\/p>\t\t\t\t\t\t\t\t<\/div>\n\t\t\t\t<\/div>\n\t\t\t\t\t<\/div>\n\t\t<\/div>\n\t\t\t\t\t<\/div>\n\t\t<\/section>\n\t\t\t\t<section class=\"elementor-section elementor-top-section elementor-element elementor-element-5baf18a elementor-section-boxed elementor-section-height-default elementor-section-height-default\" data-id=\"5baf18a\" data-element_type=\"section\">\n\t\t\t\t\t\t<div class=\"elementor-container elementor-column-gap-default\">\n\t\t\t\t\t<div class=\"elementor-column elementor-col-100 elementor-top-column elementor-element elementor-element-85dba19\" data-id=\"85dba19\" data-element_type=\"column\">\n\t\t\t<div class=\"elementor-widget-wrap elementor-element-populated\">\n\t\t\t\t\t\t<div class=\"elementor-element elementor-element-fc6274c elementor-widget elementor-widget-heading\" data-id=\"fc6274c\" data-element_type=\"widget\" data-widget_type=\"heading.default\">\n\t\t\t\t<div class=\"elementor-widget-container\">\n\t\t\t\t\t<h2 class=\"elementor-heading-title elementor-size-default\">Une coop\u00e9ration Sud-Sud aux retomb\u00e9es multiples<\/h2>\t\t\t\t<\/div>\n\t\t\t\t<\/div>\n\t\t\t\t<div class=\"elementor-element elementor-element-a4e1167 elementor-widget elementor-widget-text-editor\" data-id=\"a4e1167\" data-element_type=\"widget\" data-widget_type=\"text-editor.default\">\n\t\t\t\t<div class=\"elementor-widget-container\">\n\t\t\t\t\t\t\t\t\t<h3><b>Vers un commerce Afrique-Cara\u00efbe de 1,8 milliard de dollars<\/b><\/h3>\n<p>Selon les estimations de l\u2019International Trade Centre (ITC), les \u00e9changes entre l\u2019Afrique et la Cara\u00efbe pourraient atteindre 1,8 milliard de dollars US d\u2019ici 2028. En rejoignant Afreximbank, la Jama\u00efque se positionne comme acteur central de cette dynamique, capable d\u2019exporter ses produits phares (rhum, caf\u00e9, produits agrotransform\u00e9s, services culturels) vers des march\u00e9s en forte demande.<\/p>\t\t\t\t\t\t\t\t<\/div>\n\t\t\t\t<\/div>\n\t\t\t\t<div class=\"elementor-element elementor-element-0892bf8 elementor-widget elementor-widget-text-editor\" data-id=\"0892bf8\" data-element_type=\"widget\" data-widget_type=\"text-editor.default\">\n\t\t\t\t<div class=\"elementor-widget-container\">\n\t\t\t\t\t\t\t\t\t<h3><b>Une passerelle g\u00e9opolitique entre continents<\/b><\/h3>\n<p>Au-del\u00e0 du commerce, l\u2019int\u00e9gration \u00e0 Afreximbank conf\u00e8re \u00e0 la Jama\u00efque un r\u00f4le g\u00e9ostrat\u00e9gique. Elle devient une porte d\u2019entr\u00e9e vers les Am\u00e9riques pour les investisseurs africains, et un centre de transit pour les flux financiers, commerciaux et num\u00e9riques.<\/p>\t\t\t\t\t\t\t\t<\/div>\n\t\t\t\t<\/div>\n\t\t\t\t<section class=\"elementor-section elementor-inner-section elementor-element elementor-element-43ab8bf elementor-section-boxed elementor-section-height-default elementor-section-height-default\" data-id=\"43ab8bf\" data-element_type=\"section\">\n\t\t\t\t\t\t<div class=\"elementor-container elementor-column-gap-default\">\n\t\t\t\t\t<div class=\"elementor-column elementor-col-100 elementor-inner-column elementor-element elementor-element-57825f1\" data-id=\"57825f1\" data-element_type=\"column\">\n\t\t\t<div class=\"elementor-widget-wrap elementor-element-populated\">\n\t\t\t\t\t\t<div class=\"elementor-element elementor-element-d0d18a0 elementor-widget elementor-widget-image\" data-id=\"d0d18a0\" data-element_type=\"widget\" data-widget_type=\"image.default\">\n\t\t\t\t<div class=\"elementor-widget-container\">\n\t\t\t\t\t\t\t\t\t\t\t\t<figure class=\"wp-caption\">\n\t\t\t\t\t\t\t\t\t\t<img decoding=\"async\" width=\"800\" height=\"534\" src=\"https:\/\/richeskarayib.com\/wp-content\/uploads\/2025\/07\/Afreximbank2-1024x683.jpg\" class=\"attachment-large size-large wp-image-56747\" alt=\"\" srcset=\"https:\/\/richeskarayib.com\/wp-content\/uploads\/2025\/07\/Afreximbank2-1024x683.jpg 1024w, https:\/\/richeskarayib.com\/wp-content\/uploads\/2025\/07\/Afreximbank2-300x200.jpg 300w, https:\/\/richeskarayib.com\/wp-content\/uploads\/2025\/07\/Afreximbank2-768x512.jpg 768w, https:\/\/richeskarayib.com\/wp-content\/uploads\/2025\/07\/Afreximbank2-1536x1025.jpg 1536w, https:\/\/richeskarayib.com\/wp-content\/uploads\/2025\/07\/Afreximbank2-1320x881.jpg 1320w, https:\/\/richeskarayib.com\/wp-content\/uploads\/2025\/07\/Afreximbank2.jpg 1920w\" sizes=\"(max-width: 800px) 100vw, 800px\" \/>\t\t\t\t\t\t\t\t\t\t\t<figcaption class=\"widget-image-caption wp-caption-text\">\u00a9Afreximbank<\/figcaption>\n\t\t\t\t\t\t\t\t\t\t<\/figure>\n\t\t\t\t\t\t\t\t\t<\/div>\n\t\t\t\t<\/div>\n\t\t\t\t\t<\/div>\n\t\t<\/div>\n\t\t\t\t\t<\/div>\n\t\t<\/section>\n\t\t\t\t\t<\/div>\n\t\t<\/div>\n\t\t\t\t\t<\/div>\n\t\t<\/section>\n\t\t\t\t<section class=\"elementor-section elementor-top-section elementor-element elementor-element-770d1fb elementor-section-boxed elementor-section-height-default elementor-section-height-default\" data-id=\"770d1fb\" data-element_type=\"section\">\n\t\t\t\t\t\t<div class=\"elementor-container elementor-column-gap-default\">\n\t\t\t\t\t<div class=\"elementor-column elementor-col-100 elementor-top-column elementor-element elementor-element-0c36756\" data-id=\"0c36756\" data-element_type=\"column\">\n\t\t\t<div class=\"elementor-widget-wrap elementor-element-populated\">\n\t\t\t\t\t\t<div class=\"elementor-element elementor-element-ccaffd7 elementor-widget elementor-widget-heading\" data-id=\"ccaffd7\" data-element_type=\"widget\" data-widget_type=\"heading.default\">\n\t\t\t\t<div class=\"elementor-widget-container\">\n\t\t\t\t\t<h2 class=\"elementor-heading-title elementor-size-default\">Une d\u00e9cision fondatrice pour l\u2019avenir r\u00e9gional<\/h2>\t\t\t\t<\/div>\n\t\t\t\t<\/div>\n\t\t\t\t<div class=\"elementor-element elementor-element-04c6a22 elementor-widget elementor-widget-text-editor\" data-id=\"04c6a22\" data-element_type=\"widget\" data-widget_type=\"text-editor.default\">\n\t\t\t\t<div class=\"elementor-widget-container\">\n\t\t\t\t\t\t\t\t\t<p>En rejoignant Afreximbank, la Jama\u00efque ne signe pas simplement un accord technique. Elle affirme sa volont\u00e9 de jouer un r\u00f4le moteur dans la refondation des relations Afrique\u2013Cara\u00efbe sur des bases \u00e9galitaires, souveraines et durables. Cette adh\u00e9sion ouvre la voie \u00e0 des projets concrets, \u00e0 une meilleure r\u00e9silience \u00e9conomique et \u00e0 une plus grande autonomie financi\u00e8re.<\/p>\n<p>C\u2019est une \u00e9tape strat\u00e9gique dans la construction d\u2019un espace de coop\u00e9ration Sud-Sud fort, o\u00f9 les solutions viennent des peuples concern\u00e9s et o\u00f9 la Jama\u00efque entend d\u00e9sormais compter.<\/p>\t\t\t\t\t\t\t\t<\/div>\n\t\t\t\t<\/div>\n\t\t\t\t\t<\/div>\n\t\t<\/div>\n\t\t\t\t\t<\/div>\n\t\t<\/section>\n\t\t\t\t<\/div>\n\t\t","protected":false},"excerpt":{"rendered":"<p>La Jama\u00efque a officiellement int\u00e9gr\u00e9 Afreximbank, un \u00e9v\u00e9nement qualifi\u00e9 d\u2019historique \u00e0 Montego Bay lors de la 49e r\u00e9union des chefs de gouvernement de la CARICOM. Ce rapprochement entre la premi\u00e8re puissance anglophone des Cara\u00efbes et la plus grande banque panafricaine d\u2019exportation ouvre la voie \u00e0 une nouvelle architecture \u00e9conomique r\u00e9gionale. C\u2019est aussi le signal d\u2019une [&hellip;]<\/p>\n","protected":false},"author":662,"featured_media":56739,"comment_status":"open","ping_status":"open","sticky":false,"template":"","format":"standard","meta":{"_acf_changed":false,"footnotes":""},"categories":[1785,840],"tags":[1441,1598,1716,1545,1693,808,1482,1599,1656],"class_list":["post-56738","post","type-post","status-publish","format-standard","has-post-thumbnail","hentry","category-cooperation","category-actus","tag-anguilla-fr","tag-barbade-fr","tag-dominique-fr-2","tag-guadeloupe-2","tag-jamaique-2","tag-martinique-fr","tag-republique-dominicaine","tag-sainte-lucie-fr","tag-trinite-et-tobago-2"],"acf":[],"_links":{"self":[{"href":"https:\/\/richeskarayib.com\/fr\/wp-json\/wp\/v2\/posts\/56738","targetHints":{"allow":["GET"]}}],"collection":[{"href":"https:\/\/richeskarayib.com\/fr\/wp-json\/wp\/v2\/posts"}],"about":[{"href":"https:\/\/richeskarayib.com\/fr\/wp-json\/wp\/v2\/types\/post"}],"author":[{"embeddable":true,"href":"https:\/\/richeskarayib.com\/fr\/wp-json\/wp\/v2\/users\/662"}],"replies":[{"embeddable":true,"href":"https:\/\/richeskarayib.com\/fr\/wp-json\/wp\/v2\/comments?post=56738"}],"version-history":[{"count":0,"href":"https:\/\/richeskarayib.com\/fr\/wp-json\/wp\/v2\/posts\/56738\/revisions"}],"wp:featuredmedia":[{"embeddable":true,"href":"https:\/\/richeskarayib.com\/fr\/wp-json\/wp\/v2\/media\/56739"}],"wp:attachment":[{"href":"https:\/\/richeskarayib.com\/fr\/wp-json\/wp\/v2\/media?parent=56738"}],"wp:term":[{"taxonomy":"category","embeddable":true,"href":"https:\/\/richeskarayib.com\/fr\/wp-json\/wp\/v2\/categories?post=56738"},{"taxonomy":"post_tag","embeddable":true,"href":"https:\/\/richeskarayib.com\/fr\/wp-json\/wp\/v2\/tags?post=56738"}],"curies":[{"name":"wp","href":"https:\/\/api.w.org\/{rel}","templated":true}]}}